{"id":109463,"date":"2024-01-29T13:57:47","date_gmt":"2024-01-29T18:57:47","guid":{"rendered":"https:\/\/interamerica.org\/?p=109463"},"modified":"2024-02-02T12:58:27","modified_gmt":"2024-02-02T17:58:27","slug":"la-premiere-femme-missionnaire-adventiste","status":"publish","type":"post","link":"https:\/\/interamerica.org\/fr\/2024\/01\/la-premiere-femme-missionnaire-adventiste\/","title":{"rendered":"La premi\u00e8re femme missionnaire adventiste"},"content":{"rendered":"<p><span style=\"font-weight: 400;\">Dix ans avant que l\u2019\u00c9glise envoie son premier missionnaire officiel, elle gagnait d\u00e9j\u00e0 des \u00e2mes sur la c\u00f4te ouest de l\u2019Afrique.<\/span><\/p>\n<p><span style=\"font-weight: 400;\">Le 29 janvier 2024 | Silver Spring, Maryland, \u00c9tats-Unis | Bill Knott<\/span><\/p>\n<p><span style=\"font-weight: 400;\">Elle est parmi les missionnaires les moins connus qui ont port\u00e9 les v\u00e9rit\u00e9s de l\u2019adventisme au-del\u00e0 des fronti\u00e8res nationales, et ce, durant la d\u00e9cennie pr\u00e9c\u00e9dant celle o\u00f9 J. N. Andrews a officiellement \u00e9t\u00e9 envoy\u00e9 par la Conf\u00e9rence g\u00e9n\u00e9rale en 1874 pour lancer la mission de l\u2019\u00c9glise en Europe.<\/span><\/p>\n<p><span style=\"font-weight: 400;\">En 1858, Augustin et Daniel Bourdeau tentaient d\u2019\u00e9vang\u00e9liser la population francophone du Qu\u00e9bec, au Canada. Le pr\u00e9dicateur adventistse Michael Czechowski a mis les voiles sur l\u2019Europe en 1864, quoique sous la banni\u00e8re des adventistes mill\u00e9rites du dimanche. En 1870, Jakob Erzberger a \u00e9t\u00e9 consacr\u00e9 et envoy\u00e9 en Suisse, d\u2019o\u00f9 il \u00e9tait originaire, par la Conf\u00e9rence g\u00e9n\u00e9rale pour y effectuer du travail missionnaire.<\/span><\/p>\n<p><span style=\"font-weight: 400;\">Mais contrairement aux autres, Hannah More (1809-1868) est devenue une missionnaire internationale pour l\u2019\u00c9glise adventiste du septi\u00e8me jour nouvellement organis\u00e9e alors qu\u2019elle servait d\u00e9j\u00e0 comme missionnaire ind\u00e9pendante en Afrique de l\u2019Ouest. Introduite \u00e0 l\u2019adventisme du septi\u00e8me jour en discutant avec le jeune \u00e9vang\u00e9liste Stephen Haskell juste avant de retourner en Afrique en 1862, sa foi a \u00e9t\u00e9 nourrie par les num\u00e9ros de l\u2019<\/span><i><span style=\"font-weight: 400;\">Advent Review and Sabbath Herald<\/span><\/i><span style=\"font-weight: 400;\"> (aujourd\u2019hui l\u2019<\/span><i><span style=\"font-weight: 400;\">Adventist Review<\/span><\/i><span style=\"font-weight: 400;\">) que M.\u00a0Haskell lui envoyait tous les mois par bateau sur la c\u00f4te ouest africaine.<\/span><\/p>\n<p><div id=\"attachment_109363\" style=\"width: 812px\" class=\"wp-caption aligncenter\"><img fetchpriority=\"high\" decoding=\"async\" aria-describedby=\"caption-attachment-109363\" class=\" wp-image-109362\" src=\"https:\/\/interamerica.org\/wp-content\/uploads\/2024\/01\/hannah-armissionary-1024x576.jpeg\" alt=\"\" width=\"802\" height=\"451\" srcset=\"https:\/\/interamerica.org\/wp-content\/uploads\/2024\/01\/hannah-armissionary-1024x576.jpeg 1024w, https:\/\/interamerica.org\/wp-content\/uploads\/2024\/01\/hannah-armissionary-300x169.jpeg 300w, https:\/\/interamerica.org\/wp-content\/uploads\/2024\/01\/hannah-armissionary-768x432.jpeg 768w, https:\/\/interamerica.org\/wp-content\/uploads\/2024\/01\/hannah-armissionary-1536x864.jpeg 1536w, https:\/\/interamerica.org\/wp-content\/uploads\/2024\/01\/hannah-armissionary.jpeg 1920w\" sizes=\"(max-width: 802px) 100vw, 802px\" \/><p id=\"caption-attachment-109363\" class=\"wp-caption-text\"><span style=\"font-weight: 400;\">Hannah More (1809-1868) [Une image d\u2019<\/span><i><span style=\"font-weight: 400;\">Adventist Review<\/span><\/i><span style=\"font-weight: 400;\">]<\/span><\/p><\/div><span style=\"font-weight: 400;\">\u00c9lev\u00e9e au sein d\u2019une famille congr\u00e9gationaliste fervente \u00e0 Union, au Connecticut, Hannah avait demand\u00e9, pendant une dizaine d\u2019ann\u00e9es, au Comit\u00e9 am\u00e9ricain mandataire des missions \u00e9trang\u00e8res (ABCFM pour <\/span><i><span style=\"font-weight: 400;\">American Board of Commissioners of Foreign Missions<\/span><\/i><span style=\"font-weight: 400;\">) de l\u2019envoyer comme missionnaire vers les Autochtones am\u00e9ricains de l\u2019Oklahoma d\u2019aujourd\u2019hui que le gouvernement f\u00e9d\u00e9ral avait forc\u00e9s \u00e0 s\u2019exiler de leurs terres ancestrales du Sud am\u00e9ricain. Sept ans de missionnariat aupr\u00e8s des tribus Cherokee et Choctaw, desquels elle a appris les langues, l\u2019ont ult\u00e9rieurement men\u00e9e \u00e0 une autre p\u00e9riode de sept ans avec les survivants rapatri\u00e9s d\u2019Amistad, soit la tribu mendi, o\u00f9 se trouve maintenant la Sierra Leone. Avec eux, elle a de nouveau appris les langues r\u00e9gionales.<\/span><\/p>\n<p><span style=\"font-weight: 400;\">Durant un s\u00e9jour de cinq ans (1857-1862) aux \u00c9tats-Unis pour recouvrer la sant\u00e9 et continuer d\u2019enseigner, Hannah a rencontr\u00e9 Stephen Haskell pour la premi\u00e8re fois dans une r\u00e9union \u00e9vang\u00e9lique qu\u2019il avait organis\u00e9e dans sa r\u00e9gion natale au Connecticut. Fascin\u00e9e par la fa\u00e7on dont les v\u00e9rit\u00e9s bibliques enseign\u00e9es au sein de l\u2019adventisme du septi\u00e8me jour et ce qu\u2019elle avait d\u00e9couvert dans sa propre \u00e9tude de la Bible \u00e9taient en harmonie, elle est \u00ab\u00a0entr\u00e9e dans l\u2019adventisme par la lecture\u00a0\u00bb gr\u00e2ce aux pages de ce p\u00e9riodique.\u00a0<\/span><\/p>\n<p><span style=\"font-weight: 400;\">Deux lettres d\u2019Hannah More \u00e0 l\u2019<\/span><i><span style=\"font-weight: 400;\">Advent Review and Sabbath Herald<\/span><\/i><span style=\"font-weight: 400;\">, toutes les deux \u00e9crites \u00e0 partir du Liberia en 1864, sont reproduites ici.\u00a0<\/span><\/p>\n<p><b><i>Advent Review and Sabbath Herald<\/i><\/b><\/p>\n<p><b>29 mars 1864<\/b><\/p>\n<p><span style=\"font-weight: 400;\">Nous prenons la libert\u00e9 de publier l\u2019extrait suivant d\u2019une lettre \u00e9crite par une missionnaire en Afrique envoy\u00e9e \u00e0 une s\u0153ur au Massachusetts, sachant qu\u2019elle int\u00e9ressera les lecteurs du <\/span><i><span style=\"font-weight: 400;\">Review<\/span><\/i><span style=\"font-weight: 400;\">, qui d\u00e9couvriront que, m\u00eame si aucun missionnaire n\u2019est encore all\u00e9 en Afrique pour parler du sabbat, le sabbat est parvenu \u00e0 des missionnaires qui y sont d\u00e9j\u00e0. Dans une lettre dat\u00e9e du 2 janvier 1864, elle \u00e9crit, \u00e0 partir de Cape Palmas, en Afrique de l\u2019Ouest\u00a0:<\/span><\/p>\n<p><span style=\"font-weight: 400;\">Dieu merci, je vois maintenant clairement que le septi\u00e8me jour est le sabbat du Seigneur, mon Dieu, et je l\u2019observe selon le commandement. M.\u00a0Dickson l\u2019observe \u00e9galement, quoiqu\u2019il ne s\u2019agisse pas ici d\u2019une pratique commune.<\/span><\/p>\n<p><span style=\"font-weight: 400;\">Je ne connais personne d\u2019autre sur la C\u00f4te qui observe le septi\u00e8me jour. Mais cela ne contredit pas son authenticit\u00e9. Je m\u2019\u00e9tonne seulement qu\u2019autant de gens rejettent les commandements de Dieu par pure tradition.<\/span><\/p>\n<p><span style=\"font-weight: 400;\">Vous pouvez maintenant consid\u00e9rer avoir des adventistes du septi\u00e8me jour d\u00e9vou\u00e9s ici, attendant avec vous le bienheureux retour de celui que nous aimons et adorons et que nous voulons louer et adorer pour l\u2019\u00e9ternit\u00e9. Comme ce sera merveilleux de le voir tel qu\u2019il est, de l\u2019adorer ad\u00e9quatement et de d\u00e9poser nos couronnes \u00e0 ses pieds! Comme c\u2019est sublime de voir que le moment est proche, m\u00eame \u00e0 nos portes. Je vais donc continuer de travailler et de prier, et puissent les b\u00e9n\u00e9dictions particuli\u00e8res de Dieu accompagner et multiplier mes faibles efforts dans ce champ. Je sais que vous soutenez mes efforts \u00e0 glorifier Dieu et \u00e0 pr\u00e9parer un peuple pour son royaume \u00e0 venir.<\/span><\/p>\n<p><span style=\"font-weight: 400;\">Comme j\u2019aimerais vous raconter toutes les fa\u00e7ons dont le Seigneur m\u2019a conduite, et combien j\u2019\u00e9tais mari\u00e9e aux traditions dans lesquelles j\u2019ai \u00e9t\u00e9 \u00e9duqu\u00e9e, comme celle de l\u2019observance du sabbat du premier jour. Comme j\u2019ai trouv\u00e9 difficile d\u2019aller \u00e0 l\u2019encontre de ce que de bonnes personnes m\u2019avaient enseign\u00e9, m\u00e9moire desquelles j\u2019ai encore tant de respect. Mais tout est d\u00e9cid\u00e9, et cela fait d\u00e9j\u00e0 plusieurs semaines que je garde avec vous le septi\u00e8me jour.<\/span><\/p>\n<p><span style=\"font-weight: 400;\">Quelle faible excuse que de dire que les jours commencent \u00e0 diff\u00e9rents moments dans diff\u00e9rentes parties du monde. Notre P\u00e8re c\u00e9leste le savait tr\u00e8s bien lorsqu\u2019il a fix\u00e9 le sabbat comme jour de repos. Bien que nous ayons, ici, quatre heures d\u2019avance sur vous, cela ne pose aucune difficult\u00e9. Les juifs n\u2019ont jamais trouv\u00e9 le sabbat du septi\u00e8me jour compliqu\u00e9 \u00e0 observer, alors pourquoi cela devrait-il \u00eatre diff\u00e9rent pour nous? Les difficult\u00e9s se sont \u00e9vapor\u00e9es, comme elles le font toujours en pr\u00e9sence d\u2019une lumi\u00e8re v\u00e9ritable.\u00a0<\/span><\/p>\n<p><span style=\"font-weight: 400;\">Actuellement, ici, nous avons une belle temp\u00e9rature d\u2019\u00e9t\u00e9. Les oiseaux chantent, les grenouilles gazouillent, les insectes bourdonnent, les fleurs \u00e9closent et toute la nature sourit. Seul l\u2019homme est en pi\u00e8tre \u00e9tat. Quel dommage que l\u2019homme vilain n\u2019en profite pas alors que toute la nature chante!1<\/span><\/p>\n<p><b><i>Advent Review and Sabbath Herald<\/i><\/b><\/p>\n<p><b>Le 11 octobre 1864<\/b><\/p>\n<p><span style=\"font-weight: 400;\">Une lettre venue d\u2019Afrique.<\/span><\/p>\n<p><span style=\"font-weight: 400;\">S\u0153ur H. More nous \u00e9crit de Cape Palmas, en Afrique\u00a0:<\/span><\/p>\n<p><span style=\"font-weight: 400;\">Je me sens plut\u00f4t seule, n\u2019ayant personne avec qui observer le sabbat. J\u2019esp\u00e8re que votre communaut\u00e9 pourra faire quelque chose pour la mission relative \u00e0 l\u2019observance du sabbat dans cette partie de l\u2019Afrique. Lorsque je pense aux folies et aux traditions qui ont \u00e9t\u00e9 \u00e9rig\u00e9es contre la v\u00e9rit\u00e9 \u00e9ternelle de Dieu, je ne me demande pas pourquoi il n\u2019y a pas de d\u00e9versements du Saint-Esprit plus importants. Comme je souhaite que le temps s\u2019acc\u00e9l\u00e8re et que tous les membres du peuple de Dieu puissent se voir face \u00e0 face. J\u2019aime la v\u00e9rit\u00e9, et par elle, j\u2019esp\u00e8re \u00eatre r\u00e9ellement libre. D\u2019ici l\u00e0, je dois travailler dans le champ qui m\u2019a \u00e9t\u00e9 confi\u00e9 par la sage providence; et puis-je travailler de mani\u00e8re \u00e0 ce que les b\u00e9n\u00e9dictions de Dieu assistent et couronnent chacun de mes efforts de mani\u00e8re abondante. Je ne demande aucune faveur, si ce n\u2019est celle d\u2019avoir la sagesse de gagner des \u00e2mes. Je sais que la force de Dieu est parfaite malgr\u00e9 mes faiblesses et qu\u2019en lui, je peux mettre toute ma confiance; sur lui, d\u00e9verser tous mes fardeaux. Je ne sais pas ce qui m\u2019attend, mais en m\u2019appuyant sur son bras puissant, je suis en s\u00e9curit\u00e9.<\/span><\/p>\n<p><span style=\"font-weight: 400;\">Oh, combien sublime est l\u2019\u00e9v\u00e9nement de son glorieux retour que nous attendons! Nous saluons avec joie les h\u00e9rauts de cet \u00e9v\u00e9nement sur lequel les yeux des \u00e9lus de Dieu sont dirig\u00e9s, croyant que \u00ab\u00a0les sages comprendront\u00a0\u00bb. Et comme Dieu \u00ab\u00a0<\/span><span style=\"font-weight: 400;\">ne fait rien sans avoir r\u00e9v\u00e9l\u00e9 son secret \u00e0 ses serviteurs les proph\u00e8tes\u00a0\u00bb (Amos 3.7), j\u2019aime penser que ceux qui observent et qui attendent en sauront davantage que ceux qui sont imprudents ou indiff\u00e9rents quant \u00e0 un sujet aussi capital. C\u2019est ainsi que je peux voir pourquoi les m\u00e9chants n\u2019ont aucune r\u00e9elle sagesse. Comme il est important de maintenir nos lampes en \u00e9tat de briller afin que, quand viendra le Seigneur, nous puissions \u00eatre pr\u00eats. Puissent nos conversations porter sur le ciel, d\u2019o\u00f9 nous attendons l\u2019apparition glorieuse du Fils de l\u2019homme, qui transformera nos corps vils pour en faire des corps glorieux semblables au sien.<\/span><span style=\"font-weight: 400;\">2<\/span><\/p>\n<p><span style=\"font-weight: 400;\">1 <\/span><i><span style=\"font-weight: 400;\">Adventist Review and Sabbath Herald<\/span><\/i><span style=\"font-weight: 400;\"> 23, n<\/span><span style=\"font-weight: 400;\">o<\/span><span style=\"font-weight: 400;\"> 18 (29 mars 1864): 142.<\/span><\/p>\n<p><span style=\"font-weight: 400;\">2 <\/span><i><span style=\"font-weight: 400;\">Adventist Review and Sabbath Herald<\/span><\/i><span style=\"font-weight: 400;\"> 24, n<\/span><span style=\"font-weight: 400;\">o<\/span><span style=\"font-weight: 400;\"> 20 (11 octobre 1864): 155.<\/span><\/p>\n<p>Traduction : Marie-Mich\u00e8le Robitaille<\/p>\n","protected":false},"excerpt":{"rendered":"<p>Dix ans avant que l\u2019\u00c9glise envoie son premier missionnaire officiel, elle gagnait d\u00e9j\u00e0 des \u00e2mes sur la c\u00f4te ouest de l\u2019Afrique. Le 29 janvier 2024 | Silver Spring, Maryland, \u00c9tats-Unis&#8230;<\/p>\n","protected":false},"author":3,"featured_media":109363,"comment_status":"closed","ping_status":"closed","sticky":false,"template":"","format":"standard","meta":{"_acf_changed":false,"footnotes":""},"categories":[18,19],"tags":[],"class_list":["post-109463","post","type-post","status-publish","format-standard","has-post-thumbnail","hentry","category-nouvelles-de-leglise-mondiale","category-rss-francais"],"acf":[],"yoast_head":"<!-- This site is optimized with the Yoast SEO plugin v27.3 - https:\/\/yoast.com\/product\/yoast-seo-wordpress\/ -->\n<title>La premi\u00e8re femme missionnaire adventiste - \u00c9glise Adventiste Du Septieme Jour - Inter Am\u00e9rique Division<\/title>\n<meta name=\"robots\" content=\"index, follow, max-snippet:-1, max-image-preview:large, max-video-preview:-1\" \/>\n<link rel=\"canonical\" href=\"https:\/\/interamerica.org\/fr\/2024\/01\/la-premiere-femme-missionnaire-adventiste\/\" \/>\n<meta property=\"og:locale\" content=\"fr_FR\" \/>\n<meta property=\"og:type\" content=\"article\" \/>\n<meta property=\"og:title\" content=\"La premi\u00e8re femme missionnaire adventiste - \u00c9glise Adventiste Du Septieme Jour - Inter Am\u00e9rique Division\" \/>\n<meta property=\"og:description\" content=\"Dix ans avant que l\u2019\u00c9glise envoie son premier missionnaire officiel, elle gagnait d\u00e9j\u00e0 des \u00e2mes sur la c\u00f4te ouest de l\u2019Afrique. Le 29 janvier 2024 | Silver Spring, Maryland, \u00c9tats-Unis...\" \/>\n<meta property=\"og:url\" content=\"https:\/\/interamerica.org\/fr\/2024\/01\/la-premiere-femme-missionnaire-adventiste\/\" \/>\n<meta property=\"og:site_name\" content=\"\u00c9glise Adventiste Du Septieme Jour - Inter Am\u00e9rique Division\" \/>\n<meta property=\"article:published_time\" content=\"2024-01-29T18:57:47+00:00\" \/>\n<meta property=\"article:modified_time\" content=\"2024-02-02T17:58:27+00:00\" \/>\n<meta property=\"og:image\" content=\"https:\/\/interamerica.org\/wp-content\/uploads\/2024\/01\/hannah-armissionary.jpeg\" \/>\n\t<meta property=\"og:image:width\" content=\"1920\" \/>\n\t<meta property=\"og:image:height\" content=\"1080\" \/>\n\t<meta property=\"og:image:type\" content=\"image\/jpeg\" \/>\n<meta name=\"author\" content=\"libna\" \/>\n<meta name=\"twitter:card\" content=\"summary_large_image\" \/>\n<meta name=\"twitter:label1\" content=\"\u00c9crit par\" \/>\n\t<meta name=\"twitter:data1\" content=\"libna\" \/>\n\t<meta name=\"twitter:label2\" content=\"Dur\u00e9e de lecture estim\u00e9e\" \/>\n\t<meta name=\"twitter:data2\" content=\"7 minutes\" \/>\n<script type=\"application\/ld+json\" class=\"yoast-schema-graph\">{\"@context\":\"https:\\\/\\\/schema.org\",\"@graph\":[{\"@type\":\"Article\",\"@id\":\"https:\\\/\\\/interamerica.org\\\/fr\\\/2024\\\/01\\\/la-premiere-femme-missionnaire-adventiste\\\/#article\",\"isPartOf\":{\"@id\":\"https:\\\/\\\/interamerica.org\\\/fr\\\/2024\\\/01\\\/la-premiere-femme-missionnaire-adventiste\\\/\"},\"author\":{\"name\":\"libna\",\"@id\":\"https:\\\/\\\/interamerica.org\\\/fr\\\/#\\\/schema\\\/person\\\/29998f2bc2d8bd0d38662909289b54f1\"},\"headline\":\"La premi\u00e8re femme missionnaire adventiste\",\"datePublished\":\"2024-01-29T18:57:47+00:00\",\"dateModified\":\"2024-02-02T17:58:27+00:00\",\"mainEntityOfPage\":{\"@id\":\"https:\\\/\\\/interamerica.org\\\/fr\\\/2024\\\/01\\\/la-premiere-femme-missionnaire-adventiste\\\/\"},\"wordCount\":1498,\"image\":{\"@id\":\"https:\\\/\\\/interamerica.org\\\/fr\\\/2024\\\/01\\\/la-premiere-femme-missionnaire-adventiste\\\/#primaryimage\"},\"thumbnailUrl\":\"https:\\\/\\\/interamerica.org\\\/wp-content\\\/uploads\\\/2024\\\/01\\\/hannah-armissionary.jpeg\",\"articleSection\":[\"Nouvelles de l'\u00c9glise mondiale\",\"RSS Fran\u00e7ais\"],\"inLanguage\":\"fr-FR\"},{\"@type\":\"WebPage\",\"@id\":\"https:\\\/\\\/interamerica.org\\\/fr\\\/2024\\\/01\\\/la-premiere-femme-missionnaire-adventiste\\\/\",\"url\":\"https:\\\/\\\/interamerica.org\\\/fr\\\/2024\\\/01\\\/la-premiere-femme-missionnaire-adventiste\\\/\",\"name\":\"La premi\u00e8re femme missionnaire adventiste - \u00c9glise Adventiste Du Septieme Jour - Inter Am\u00e9rique Division\",\"isPartOf\":{\"@id\":\"https:\\\/\\\/interamerica.org\\\/fr\\\/#website\"},\"primaryImageOfPage\":{\"@id\":\"https:\\\/\\\/interamerica.org\\\/fr\\\/2024\\\/01\\\/la-premiere-femme-missionnaire-adventiste\\\/#primaryimage\"},\"image\":{\"@id\":\"https:\\\/\\\/interamerica.org\\\/fr\\\/2024\\\/01\\\/la-premiere-femme-missionnaire-adventiste\\\/#primaryimage\"},\"thumbnailUrl\":\"https:\\\/\\\/interamerica.org\\\/wp-content\\\/uploads\\\/2024\\\/01\\\/hannah-armissionary.jpeg\",\"datePublished\":\"2024-01-29T18:57:47+00:00\",\"dateModified\":\"2024-02-02T17:58:27+00:00\",\"author\":{\"@id\":\"https:\\\/\\\/interamerica.org\\\/fr\\\/#\\\/schema\\\/person\\\/29998f2bc2d8bd0d38662909289b54f1\"},\"breadcrumb\":{\"@id\":\"https:\\\/\\\/interamerica.org\\\/fr\\\/2024\\\/01\\\/la-premiere-femme-missionnaire-adventiste\\\/#breadcrumb\"},\"inLanguage\":\"fr-FR\",\"potentialAction\":[{\"@type\":\"ReadAction\",\"target\":[\"https:\\\/\\\/interamerica.org\\\/fr\\\/2024\\\/01\\\/la-premiere-femme-missionnaire-adventiste\\\/\"]}]},{\"@type\":\"ImageObject\",\"inLanguage\":\"fr-FR\",\"@id\":\"https:\\\/\\\/interamerica.org\\\/fr\\\/2024\\\/01\\\/la-premiere-femme-missionnaire-adventiste\\\/#primaryimage\",\"url\":\"https:\\\/\\\/interamerica.org\\\/wp-content\\\/uploads\\\/2024\\\/01\\\/hannah-armissionary.jpeg\",\"contentUrl\":\"https:\\\/\\\/interamerica.org\\\/wp-content\\\/uploads\\\/2024\\\/01\\\/hannah-armissionary.jpeg\",\"width\":1920,\"height\":1080,\"caption\":\"[Image: Adventist Review]\"},{\"@type\":\"BreadcrumbList\",\"@id\":\"https:\\\/\\\/interamerica.org\\\/fr\\\/2024\\\/01\\\/la-premiere-femme-missionnaire-adventiste\\\/#breadcrumb\",\"itemListElement\":[{\"@type\":\"ListItem\",\"position\":1,\"name\":\"Home\",\"item\":\"https:\\\/\\\/interamerica.org\\\/fr\\\/\"},{\"@type\":\"ListItem\",\"position\":2,\"name\":\"La premi\u00e8re femme missionnaire adventiste\"}]},{\"@type\":\"WebSite\",\"@id\":\"https:\\\/\\\/interamerica.org\\\/fr\\\/#website\",\"url\":\"https:\\\/\\\/interamerica.org\\\/fr\\\/\",\"name\":\"\u00c9glise Adventiste Du Septieme Jour - Inter Am\u00e9rique Division\",\"description\":\"\",\"potentialAction\":[{\"@type\":\"SearchAction\",\"target\":{\"@type\":\"EntryPoint\",\"urlTemplate\":\"https:\\\/\\\/interamerica.org\\\/fr\\\/?s={search_term_string}\"},\"query-input\":{\"@type\":\"PropertyValueSpecification\",\"valueRequired\":true,\"valueName\":\"search_term_string\"}}],\"inLanguage\":\"fr-FR\"},{\"@type\":\"Person\",\"@id\":\"https:\\\/\\\/interamerica.org\\\/fr\\\/#\\\/schema\\\/person\\\/29998f2bc2d8bd0d38662909289b54f1\",\"name\":\"libna\",\"image\":{\"@type\":\"ImageObject\",\"inLanguage\":\"fr-FR\",\"@id\":\"https:\\\/\\\/secure.gravatar.com\\\/avatar\\\/7c5bd30ae4b47a9ba3c856590957fd1d96dc588bf3ac05719d247e126840331f?s=96&d=mm&r=g\",\"url\":\"https:\\\/\\\/secure.gravatar.com\\\/avatar\\\/7c5bd30ae4b47a9ba3c856590957fd1d96dc588bf3ac05719d247e126840331f?s=96&d=mm&r=g\",\"contentUrl\":\"https:\\\/\\\/secure.gravatar.com\\\/avatar\\\/7c5bd30ae4b47a9ba3c856590957fd1d96dc588bf3ac05719d247e126840331f?s=96&d=mm&r=g\",\"caption\":\"libna\"}}]}<\/script>\n<!-- \/ Yoast SEO plugin. -->","yoast_head_json":{"title":"La premi\u00e8re femme missionnaire adventiste - \u00c9glise Adventiste Du Septieme Jour - Inter Am\u00e9rique Division","robots":{"index":"index","follow":"follow","max-snippet":"max-snippet:-1","max-image-preview":"max-image-preview:large","max-video-preview":"max-video-preview:-1"},"canonical":"https:\/\/interamerica.org\/fr\/2024\/01\/la-premiere-femme-missionnaire-adventiste\/","og_locale":"fr_FR","og_type":"article","og_title":"La premi\u00e8re femme missionnaire adventiste - \u00c9glise Adventiste Du Septieme Jour - Inter Am\u00e9rique Division","og_description":"Dix ans avant que l\u2019\u00c9glise envoie son premier missionnaire officiel, elle gagnait d\u00e9j\u00e0 des \u00e2mes sur la c\u00f4te ouest de l\u2019Afrique. Le 29 janvier 2024 | Silver Spring, Maryland, \u00c9tats-Unis...","og_url":"https:\/\/interamerica.org\/fr\/2024\/01\/la-premiere-femme-missionnaire-adventiste\/","og_site_name":"\u00c9glise Adventiste Du Septieme Jour - Inter Am\u00e9rique Division","article_published_time":"2024-01-29T18:57:47+00:00","article_modified_time":"2024-02-02T17:58:27+00:00","og_image":[{"width":1920,"height":1080,"url":"https:\/\/interamerica.org\/wp-content\/uploads\/2024\/01\/hannah-armissionary.jpeg","type":"image\/jpeg"}],"author":"libna","twitter_card":"summary_large_image","twitter_misc":{"\u00c9crit par":"libna","Dur\u00e9e de lecture estim\u00e9e":"7 minutes"},"schema":{"@context":"https:\/\/schema.org","@graph":[{"@type":"Article","@id":"https:\/\/interamerica.org\/fr\/2024\/01\/la-premiere-femme-missionnaire-adventiste\/#article","isPartOf":{"@id":"https:\/\/interamerica.org\/fr\/2024\/01\/la-premiere-femme-missionnaire-adventiste\/"},"author":{"name":"libna","@id":"https:\/\/interamerica.org\/fr\/#\/schema\/person\/29998f2bc2d8bd0d38662909289b54f1"},"headline":"La premi\u00e8re femme missionnaire adventiste","datePublished":"2024-01-29T18:57:47+00:00","dateModified":"2024-02-02T17:58:27+00:00","mainEntityOfPage":{"@id":"https:\/\/interamerica.org\/fr\/2024\/01\/la-premiere-femme-missionnaire-adventiste\/"},"wordCount":1498,"image":{"@id":"https:\/\/interamerica.org\/fr\/2024\/01\/la-premiere-femme-missionnaire-adventiste\/#primaryimage"},"thumbnailUrl":"https:\/\/interamerica.org\/wp-content\/uploads\/2024\/01\/hannah-armissionary.jpeg","articleSection":["Nouvelles de l'\u00c9glise mondiale","RSS Fran\u00e7ais"],"inLanguage":"fr-FR"},{"@type":"WebPage","@id":"https:\/\/interamerica.org\/fr\/2024\/01\/la-premiere-femme-missionnaire-adventiste\/","url":"https:\/\/interamerica.org\/fr\/2024\/01\/la-premiere-femme-missionnaire-adventiste\/","name":"La premi\u00e8re femme missionnaire adventiste - \u00c9glise Adventiste Du Septieme Jour - Inter Am\u00e9rique Division","isPartOf":{"@id":"https:\/\/interamerica.org\/fr\/#website"},"primaryImageOfPage":{"@id":"https:\/\/interamerica.org\/fr\/2024\/01\/la-premiere-femme-missionnaire-adventiste\/#primaryimage"},"image":{"@id":"https:\/\/interamerica.org\/fr\/2024\/01\/la-premiere-femme-missionnaire-adventiste\/#primaryimage"},"thumbnailUrl":"https:\/\/interamerica.org\/wp-content\/uploads\/2024\/01\/hannah-armissionary.jpeg","datePublished":"2024-01-29T18:57:47+00:00","dateModified":"2024-02-02T17:58:27+00:00","author":{"@id":"https:\/\/interamerica.org\/fr\/#\/schema\/person\/29998f2bc2d8bd0d38662909289b54f1"},"breadcrumb":{"@id":"https:\/\/interamerica.org\/fr\/2024\/01\/la-premiere-femme-missionnaire-adventiste\/#breadcrumb"},"inLanguage":"fr-FR","potentialAction":[{"@type":"ReadAction","target":["https:\/\/interamerica.org\/fr\/2024\/01\/la-premiere-femme-missionnaire-adventiste\/"]}]},{"@type":"ImageObject","inLanguage":"fr-FR","@id":"https:\/\/interamerica.org\/fr\/2024\/01\/la-premiere-femme-missionnaire-adventiste\/#primaryimage","url":"https:\/\/interamerica.org\/wp-content\/uploads\/2024\/01\/hannah-armissionary.jpeg","contentUrl":"https:\/\/interamerica.org\/wp-content\/uploads\/2024\/01\/hannah-armissionary.jpeg","width":1920,"height":1080,"caption":"[Image: Adventist Review]"},{"@type":"BreadcrumbList","@id":"https:\/\/interamerica.org\/fr\/2024\/01\/la-premiere-femme-missionnaire-adventiste\/#breadcrumb","itemListElement":[{"@type":"ListItem","position":1,"name":"Home","item":"https:\/\/interamerica.org\/fr\/"},{"@type":"ListItem","position":2,"name":"La premi\u00e8re femme missionnaire adventiste"}]},{"@type":"WebSite","@id":"https:\/\/interamerica.org\/fr\/#website","url":"https:\/\/interamerica.org\/fr\/","name":"\u00c9glise Adventiste Du Septieme Jour - Inter Am\u00e9rique Division","description":"","potentialAction":[{"@type":"SearchAction","target":{"@type":"EntryPoint","urlTemplate":"https:\/\/interamerica.org\/fr\/?s={search_term_string}"},"query-input":{"@type":"PropertyValueSpecification","valueRequired":true,"valueName":"search_term_string"}}],"inLanguage":"fr-FR"},{"@type":"Person","@id":"https:\/\/interamerica.org\/fr\/#\/schema\/person\/29998f2bc2d8bd0d38662909289b54f1","name":"libna","image":{"@type":"ImageObject","inLanguage":"fr-FR","@id":"https:\/\/secure.gravatar.com\/avatar\/7c5bd30ae4b47a9ba3c856590957fd1d96dc588bf3ac05719d247e126840331f?s=96&d=mm&r=g","url":"https:\/\/secure.gravatar.com\/avatar\/7c5bd30ae4b47a9ba3c856590957fd1d96dc588bf3ac05719d247e126840331f?s=96&d=mm&r=g","contentUrl":"https:\/\/secure.gravatar.com\/avatar\/7c5bd30ae4b47a9ba3c856590957fd1d96dc588bf3ac05719d247e126840331f?s=96&d=mm&r=g","caption":"libna"}}]}},"_links":{"self":[{"href":"https:\/\/interamerica.org\/fr\/wp-json\/wp\/v2\/posts\/109463","targetHints":{"allow":["GET"]}}],"collection":[{"href":"https:\/\/interamerica.org\/fr\/wp-json\/wp\/v2\/posts"}],"about":[{"href":"https:\/\/interamerica.org\/fr\/wp-json\/wp\/v2\/types\/post"}],"author":[{"embeddable":true,"href":"https:\/\/interamerica.org\/fr\/wp-json\/wp\/v2\/users\/3"}],"replies":[{"embeddable":true,"href":"https:\/\/interamerica.org\/fr\/wp-json\/wp\/v2\/comments?post=109463"}],"version-history":[{"count":0,"href":"https:\/\/interamerica.org\/fr\/wp-json\/wp\/v2\/posts\/109463\/revisions"}],"wp:featuredmedia":[{"embeddable":true,"href":"https:\/\/interamerica.org\/fr\/wp-json\/wp\/v2\/media\/109363"}],"wp:attachment":[{"href":"https:\/\/interamerica.org\/fr\/wp-json\/wp\/v2\/media?parent=109463"}],"wp:term":[{"taxonomy":"category","embeddable":true,"href":"https:\/\/interamerica.org\/fr\/wp-json\/wp\/v2\/categories?post=109463"},{"taxonomy":"post_tag","embeddable":true,"href":"https:\/\/interamerica.org\/fr\/wp-json\/wp\/v2\/tags?post=109463"}],"curies":[{"name":"wp","href":"https:\/\/api.w.org\/{rel}","templated":true}]}}