{"id":109526,"date":"2024-01-30T22:41:12","date_gmt":"2024-01-31T03:41:12","guid":{"rendered":"https:\/\/interamerica.org\/?p=109526"},"modified":"2024-02-02T12:57:37","modified_gmt":"2024-02-02T17:57:37","slug":"en-roumanie-casa-adra-offre-de-lhebergement-aux-victimes-de-violence-conjugale","status":"publish","type":"post","link":"https:\/\/interamerica.org\/fr\/2024\/01\/en-roumanie-casa-adra-offre-de-lhebergement-aux-victimes-de-violence-conjugale\/","title":{"rendered":"En Roumanie, Casa ADRA offre de l\u2019h\u00e9bergement aux victimes de violence conjugale"},"content":{"rendered":"<h4><b>L\u2019histoire d\u2019une femme lib\u00e9r\u00e9e de la violence illustre bien le r\u00f4le de l\u2019agence.<\/b><\/h4>\n<p><span style=\"font-weight: 400;\">Le 30 janvier 2024 | Roumanie | ADRA Roumanie et <\/span><i><span style=\"font-weight: 400;\">Adventist Review<\/span><\/i><\/p>\n<p><span style=\"font-weight: 400;\">Que pourriez-vous demander de plus d\u2019une relation que d\u2019\u00eatre en paix avec votre partenaire afin de former une famille, un foyer, un espace s\u00e9curitaire o\u00f9 il fait bon vivre et grandir, un nid de soutien et d\u2019amour?<\/span><\/p>\n<p><span style=\"font-weight: 400;\">Eli* a d\u00e9j\u00e0 r\u00eav\u00e9 d\u2019une telle situation. Elle r\u00eavait d\u2019une maison remplie de rires et de bonheur. Elle en r\u00eavait depuis la s\u00e9paration de ses parents lorsqu\u2019elle n\u2019avait que six ans. Mais c\u2019est plut\u00f4t sur un chemin truff\u00e9 de larmes et de violence, de n\u00e9gligence et d\u2019impuissance qu\u2019elle s\u2019est retrouv\u00e9e.<\/span><\/p>\n<p><div id=\"attachment_109383\" style=\"width: 830px\" class=\"wp-caption aligncenter\"><img fetchpriority=\"high\" decoding=\"async\" aria-describedby=\"caption-attachment-109383\" class=\" wp-image-109382\" src=\"https:\/\/interamerica.org\/wp-content\/uploads\/2024\/01\/casa-adra-logo.jpeg\" alt=\"\" width=\"820\" height=\"546\" srcset=\"https:\/\/interamerica.org\/wp-content\/uploads\/2024\/01\/casa-adra-logo.jpeg 960w, https:\/\/interamerica.org\/wp-content\/uploads\/2024\/01\/casa-adra-logo-300x200.jpeg 300w, https:\/\/interamerica.org\/wp-content\/uploads\/2024\/01\/casa-adra-logo-768x511.jpeg 768w\" sizes=\"(max-width: 820px) 100vw, 820px\" \/><p id=\"caption-attachment-109383\" class=\"wp-caption-text\"><span style=\"font-weight: 400;\">Casa ADRA offre de l\u2019h\u00e9bergement, des s\u00e9ances de psychoth\u00e9rapie individuelles et familiales, de l\u2019accompagnement social, de la nourriture et des soins m\u00e9dicaux d\u2019urgence aux femmes qui ont rapport\u00e9 avoir \u00e9t\u00e9 victimes de violence conjugale. [Une photo d\u2019ADRA Roumanie]<\/span><\/p><\/div><span style=\"font-weight: 400;\">L\u2019histoire d\u2019Eli d\u00e9bute chez son arri\u00e8re-grand-m\u00e8re, qui a d\u00fb s\u2019occuper d\u2019elle et de sa s\u0153ur, parce que son p\u00e8re les avait quitt\u00e9es. Lorsque les voisins ont remarqu\u00e9 les difficult\u00e9s de la vieille dame \u00e0 prendre soin des filles, ils ont alert\u00e9 les services de la protection de l\u2019enfance, qui sont venus les chercher pour les amener dans un centre jeunesse gouvernemental. Pour Eli, c\u2019\u00e9tait g\u00e9nial, car elle a rapidement commenc\u00e9 \u00e0 recevoir le soutien des \u00e9ducateurs gr\u00e2ce \u00e0 son assiduit\u00e9. Elle avait un mentor pour la guider durant sa jeunesse, l\u2019enseignant de langue roumaine du centre, qui l\u2019a aid\u00e9e \u00e0 d\u00e9couvrir son amour pour les connaissances et l\u2019apprentissage.\u00a0<\/span><\/p>\n<p><span style=\"font-weight: 400;\">Cependant, les filles passaient les cong\u00e9s avec leur p\u00e8re, qu\u2019Eli d\u00e9crit comme un homme \u00e9go\u00efste et compl\u00e8tement indiff\u00e9rent \u00e0 son \u00e9ducation. Elle dit qu\u2019elle n\u2019a re\u00e7u de lui que des coups et de dures paroles. Du temps qu\u2019elle a pass\u00e9 dans ce centre jeunesse gouvernemental, de l\u2019\u00e2ge de six ans \u00e0 21 ans, elle garde d\u2019excellents souvenirs, mais aller chez son p\u00e8re \u00e9tait, chaque fois, une exp\u00e9rience traumatisante. Elle se souvient d\u2019un \u00e9pisode, lorsqu\u2019elle \u00e9tait encore petite, o\u00f9 son p\u00e8re \u00e9tait rentr\u00e9 du travail et avait trouv\u00e9 des assiettes sales dans la cuisine. Il avait plac\u00e9 ses filles c\u00f4te \u00e0 c\u00f4te et avait essuy\u00e9 la vaisselle sale sur leurs joues.<\/span><\/p>\n<p><span style=\"font-weight: 400;\">Lorsqu\u2019elle a quitt\u00e9 le centre jeunesse, les choses ne se sont pas am\u00e9lior\u00e9es. \u00c0 22 ans, elle a \u00e9pous\u00e9 un homme de huit ans son a\u00een\u00e9. La relation a dur\u00e9 huit ans, mais s\u2019est termin\u00e9e, car il \u00e9tait un homme possessif et jaloux. La relation suivante a dur\u00e9 onze ans et men\u00e9 \u00e0 la naissance d\u2019une petite fille, bien que ce partenaire ne voulait pas d\u2019enfants. Pour elle, la nouvelle qu\u2019elle \u00e9tait enceinte \u00e9tait la seule lueur d\u2019espoir dans une mer de d\u00e9ceptions.\u00a0<\/span><\/p>\n<p><span style=\"font-weight: 400;\">Pour devenir m\u00e8re, Eli a donc assum\u00e9 toutes les responsabilit\u00e9s, \u00e9tant donn\u00e9 la non-participation totale du p\u00e8re. Et en plus des moments de violence physique et mentale, il y avait la pression constante manifest\u00e9e par la s\u0153ur de son partenaire, qui \u00e9tait toujours pr\u00e9sente dans la relation et sans qui il ne prenait aucune d\u00e9cision.<\/span><\/p>\n<p><div id=\"attachment_109380\" style=\"width: 495px\" class=\"wp-caption aligncenter\"><img decoding=\"async\" aria-describedby=\"caption-attachment-109380\" class=\" wp-image-109379\" src=\"https:\/\/interamerica.org\/wp-content\/uploads\/2024\/01\/casa-adra-8-martie-4-768x1024-1.jpeg\" alt=\"\" width=\"485\" height=\"647\" srcset=\"https:\/\/interamerica.org\/wp-content\/uploads\/2024\/01\/casa-adra-8-martie-4-768x1024-1.jpeg 768w, https:\/\/interamerica.org\/wp-content\/uploads\/2024\/01\/casa-adra-8-martie-4-768x1024-1-225x300.jpeg 225w\" sizes=\"(max-width: 485px) 100vw, 485px\" \/><p id=\"caption-attachment-109380\" class=\"wp-caption-text\"><span style=\"font-weight: 400;\">Casa ADRA offre de l\u2019h\u00e9bergement, des s\u00e9ances de psychoth\u00e9rapie individuelles et familiales, de l\u2019accompagnement social, de la nourriture et des soins m\u00e9dicaux d\u2019urgence aux femmes qui ont rapport\u00e9 avoir \u00e9t\u00e9 victimes de violence conjugale. [Une photo d\u2019ADRA Roumanie]<\/span><\/p><\/div><span style=\"font-weight: 400;\">Elle se d\u00e9crit comme un battante, quelqu\u2019un qui s\u2019investit dans les gens et qui aime beaucoup aider. Elle a vu une \u00e9mission de t\u00e9l\u00e9vision qui lui a fait comprendre qu\u2019elle \u00e9tait victime de violence, ce qui l\u2019a plus tard men\u00e9e \u00e0 Casa ADRA (Maison ADRA), un lieu financ\u00e9 par l\u2019Agence de d\u00e9veloppement et de secours adventiste en Roumanie, o\u00f9 les victimes de violence et de mauvais traitements conjugaux peuvent trouver refuge.<\/span><\/p>\n<p><span style=\"font-weight: 400;\">Durant son s\u00e9jour \u00e0 Casa ADRA, Eli dit avoir d\u00e9couvert la paix et la s\u00e9curit\u00e9 ainsi que la force de poursuivre sa route. Elle s\u2019est r\u00e9inscrite \u00e0 l\u2019\u00e9cole pour terminer son \u00e9ducation secondaire, r\u00eavant d\u2019aller ensuite \u00e0 l\u2019universit\u00e9. Durant tout le processus, elle \u00e9tait soutenue par les sp\u00e9cialistes de Casa ADRA, auxquels elle se sent encore tr\u00e8s li\u00e9e sur le plan \u00e9motionnel.<\/span><\/p>\n<p><span style=\"font-weight: 400;\">\u00ab\u00a0Casa ADRA a \u00e9t\u00e9 tout pour moi, a-t-elle dit. Elle m\u2019a donn\u00e9 le nouveau d\u00e9part dont j\u2019avais besoin pour moi et ma petite fille. C\u2019est l\u00e0 que j\u2019ai pris conscience de ce qui m\u2019\u00e9tait arriv\u00e9, que j\u2019ai appris \u00e0 me concentrer sur moi-m\u00eame et sur ma fille ainsi qu\u2019\u00e0 g\u00e9rer mon argent. J\u2019y ai d\u00e9velopp\u00e9 de belles amiti\u00e9s durables. Les mots me manquent pour exprimer toute ma gratitude envers l\u2019\u00e9quipe de professionnels de Casa ADRA. Aujourd\u2019hui, je vais bien gr\u00e2ce \u00e0 ce que j\u2019y ai appris\u00a0: l\u2019empathie, l\u2019amour des gens et la patience au-del\u00e0 de mes attentes.\u00a0\u00bb<\/span><\/p>\n<p><span style=\"font-weight: 400;\">Mariana Rios, psychologue d\u2019ADRA Roumanie, dit adorer son travail \u00e0 Casa. \u00ab\u00a0Je suis heureuse de rencontrer des personnes comme Eli au centre, d\u2019avoir pu \u00eatre son guide pendant quelques mois et que mon travail lui ait \u00e9t\u00e9 utile\u2026 Elle est un exemple de motivation, de volont\u00e9 et de pers\u00e9v\u00e9rance.\u00a0\u00bb<\/span><\/p>\n<p><b>S\u2019attaquer \u00e0 la violence conjugale<\/b><\/p>\n<p><span style=\"font-weight: 400;\">Depuis 2009, ADRA Roumanie exploite le \u00ab\u00a0Centre d\u2019acceuil d\u2019urgence des victimes de violence conjugale\u00a0\u00bb, connu sous le nom de Casa ADRA. Dans ce centre, ADRA Roumanie offre de l\u2019h\u00e9bergement, des s\u00e9ances de psychoth\u00e9rapie personnelles et familiales, de l\u2019accompagnement social, de la nourriture et des soins m\u00e9dicaux d\u2019urgence aux femmes (et \u00e0 leurs enfants) qui ont rapport\u00e9 avoir \u00e9t\u00e9 victimes de violence conjugale aux autorit\u00e9s concern\u00e9es. Casa ADRA a un permis \u00e9mis par le minist\u00e8re du Travail, de la Famille, de la Protection sociale et des A\u00een\u00e9s du gouvernement roumain.<\/span><\/p>\n<p><span style=\"font-weight: 400;\">*Nom fictif pour conserver l\u2019anonymat.<\/span><\/p>\n<p><span style=\"font-weight: 400;\">La <\/span><a href=\"https:\/\/adra.ro\/stiri\/casa-adra-a-fost-totul-pentru-mine-caminul-unde-victimele-violentei-in-familie-au-mereu-siguranta-zilei-de-maine.html\"><span style=\"font-weight: 400;\">version originale<\/span><\/a><span style=\"font-weight: 400;\"> de cette histoire a \u00e9t\u00e9 publi\u00e9e sur le <\/span><a href=\"https:\/\/adra.ro\/stiri\"><span style=\"font-weight: 400;\">site des actualit\u00e9s<\/span><\/a><span style=\"font-weight: 400;\"> d\u2019ADRA Roumanie.<\/span><\/p>\n<p><span style=\"font-weight: 400;\">Traduction\u00a0: Marie-Mich\u00e8le Robitaille<\/span><\/p>\n","protected":false},"excerpt":{"rendered":"<p>L\u2019histoire d\u2019une femme lib\u00e9r\u00e9e de la violence illustre bien le r\u00f4le de l\u2019agence. Le 30 janvier 2024 | Roumanie | ADRA Roumanie et Adventist Review Que pourriez-vous demander de plus&#8230;<\/p>\n","protected":false},"author":3,"featured_media":109383,"comment_status":"closed","ping_status":"closed","sticky":false,"template":"","format":"standard","meta":{"_acf_changed":false,"footnotes":""},"categories":[18,19],"tags":[],"class_list":["post-109526","post","type-post","status-publish","format-standard","has-post-thumbnail","hentry","category-nouvelles-de-leglise-mondiale","category-rss-francais"],"acf":[],"yoast_head":"<!-- This site is optimized with the Yoast SEO plugin v27.3 - https:\/\/yoast.com\/product\/yoast-seo-wordpress\/ -->\n<title>En Roumanie, Casa ADRA offre de l\u2019h\u00e9bergement aux victimes de violence conjugale - \u00c9glise Adventiste Du Septieme Jour - Inter Am\u00e9rique Division<\/title>\n<meta name=\"robots\" content=\"index, follow, max-snippet:-1, max-image-preview:large, max-video-preview:-1\" \/>\n<link rel=\"canonical\" href=\"https:\/\/interamerica.org\/fr\/2024\/01\/en-roumanie-casa-adra-offre-de-lhebergement-aux-victimes-de-violence-conjugale\/\" \/>\n<meta property=\"og:locale\" content=\"fr_FR\" \/>\n<meta property=\"og:type\" content=\"article\" \/>\n<meta property=\"og:title\" content=\"En Roumanie, Casa ADRA offre de l\u2019h\u00e9bergement aux victimes de violence conjugale - \u00c9glise Adventiste Du Septieme Jour - Inter Am\u00e9rique Division\" \/>\n<meta property=\"og:description\" content=\"L\u2019histoire d\u2019une femme lib\u00e9r\u00e9e de la violence illustre bien le r\u00f4le de l\u2019agence. Le 30 janvier 2024 | Roumanie | ADRA Roumanie et Adventist Review Que pourriez-vous demander de plus...\" \/>\n<meta property=\"og:url\" content=\"https:\/\/interamerica.org\/fr\/2024\/01\/en-roumanie-casa-adra-offre-de-lhebergement-aux-victimes-de-violence-conjugale\/\" \/>\n<meta property=\"og:site_name\" content=\"\u00c9glise Adventiste Du Septieme Jour - Inter Am\u00e9rique Division\" \/>\n<meta property=\"article:published_time\" content=\"2024-01-31T03:41:12+00:00\" \/>\n<meta property=\"article:modified_time\" content=\"2024-02-02T17:57:37+00:00\" \/>\n<meta property=\"og:image\" content=\"https:\/\/interamerica.org\/wp-content\/uploads\/2024\/01\/casa-adra-logo.jpeg\" \/>\n\t<meta property=\"og:image:width\" content=\"960\" \/>\n\t<meta property=\"og:image:height\" content=\"639\" \/>\n\t<meta property=\"og:image:type\" content=\"image\/jpeg\" \/>\n<meta name=\"author\" content=\"libna\" \/>\n<meta name=\"twitter:card\" content=\"summary_large_image\" \/>\n<meta name=\"twitter:label1\" content=\"\u00c9crit par\" \/>\n\t<meta name=\"twitter:data1\" content=\"libna\" \/>\n\t<meta name=\"twitter:label2\" content=\"Dur\u00e9e de lecture estim\u00e9e\" \/>\n\t<meta name=\"twitter:data2\" content=\"5 minutes\" \/>\n<script type=\"application\/ld+json\" class=\"yoast-schema-graph\">{\"@context\":\"https:\\\/\\\/schema.org\",\"@graph\":[{\"@type\":\"Article\",\"@id\":\"https:\\\/\\\/interamerica.org\\\/fr\\\/2024\\\/01\\\/en-roumanie-casa-adra-offre-de-lhebergement-aux-victimes-de-violence-conjugale\\\/#article\",\"isPartOf\":{\"@id\":\"https:\\\/\\\/interamerica.org\\\/fr\\\/2024\\\/01\\\/en-roumanie-casa-adra-offre-de-lhebergement-aux-victimes-de-violence-conjugale\\\/\"},\"author\":{\"name\":\"libna\",\"@id\":\"https:\\\/\\\/interamerica.org\\\/fr\\\/#\\\/schema\\\/person\\\/29998f2bc2d8bd0d38662909289b54f1\"},\"headline\":\"En Roumanie, Casa ADRA offre de l\u2019h\u00e9bergement aux victimes de violence conjugale\",\"datePublished\":\"2024-01-31T03:41:12+00:00\",\"dateModified\":\"2024-02-02T17:57:37+00:00\",\"mainEntityOfPage\":{\"@id\":\"https:\\\/\\\/interamerica.org\\\/fr\\\/2024\\\/01\\\/en-roumanie-casa-adra-offre-de-lhebergement-aux-victimes-de-violence-conjugale\\\/\"},\"wordCount\":1108,\"image\":{\"@id\":\"https:\\\/\\\/interamerica.org\\\/fr\\\/2024\\\/01\\\/en-roumanie-casa-adra-offre-de-lhebergement-aux-victimes-de-violence-conjugale\\\/#primaryimage\"},\"thumbnailUrl\":\"https:\\\/\\\/interamerica.org\\\/wp-content\\\/uploads\\\/2024\\\/01\\\/casa-adra-logo.jpeg\",\"articleSection\":[\"Nouvelles de l'\u00c9glise mondiale\",\"RSS Fran\u00e7ais\"],\"inLanguage\":\"fr-FR\"},{\"@type\":\"WebPage\",\"@id\":\"https:\\\/\\\/interamerica.org\\\/fr\\\/2024\\\/01\\\/en-roumanie-casa-adra-offre-de-lhebergement-aux-victimes-de-violence-conjugale\\\/\",\"url\":\"https:\\\/\\\/interamerica.org\\\/fr\\\/2024\\\/01\\\/en-roumanie-casa-adra-offre-de-lhebergement-aux-victimes-de-violence-conjugale\\\/\",\"name\":\"En Roumanie, Casa ADRA offre de l\u2019h\u00e9bergement aux victimes de violence conjugale - \u00c9glise Adventiste Du Septieme Jour - Inter Am\u00e9rique Division\",\"isPartOf\":{\"@id\":\"https:\\\/\\\/interamerica.org\\\/fr\\\/#website\"},\"primaryImageOfPage\":{\"@id\":\"https:\\\/\\\/interamerica.org\\\/fr\\\/2024\\\/01\\\/en-roumanie-casa-adra-offre-de-lhebergement-aux-victimes-de-violence-conjugale\\\/#primaryimage\"},\"image\":{\"@id\":\"https:\\\/\\\/interamerica.org\\\/fr\\\/2024\\\/01\\\/en-roumanie-casa-adra-offre-de-lhebergement-aux-victimes-de-violence-conjugale\\\/#primaryimage\"},\"thumbnailUrl\":\"https:\\\/\\\/interamerica.org\\\/wp-content\\\/uploads\\\/2024\\\/01\\\/casa-adra-logo.jpeg\",\"datePublished\":\"2024-01-31T03:41:12+00:00\",\"dateModified\":\"2024-02-02T17:57:37+00:00\",\"author\":{\"@id\":\"https:\\\/\\\/interamerica.org\\\/fr\\\/#\\\/schema\\\/person\\\/29998f2bc2d8bd0d38662909289b54f1\"},\"breadcrumb\":{\"@id\":\"https:\\\/\\\/interamerica.org\\\/fr\\\/2024\\\/01\\\/en-roumanie-casa-adra-offre-de-lhebergement-aux-victimes-de-violence-conjugale\\\/#breadcrumb\"},\"inLanguage\":\"fr-FR\",\"potentialAction\":[{\"@type\":\"ReadAction\",\"target\":[\"https:\\\/\\\/interamerica.org\\\/fr\\\/2024\\\/01\\\/en-roumanie-casa-adra-offre-de-lhebergement-aux-victimes-de-violence-conjugale\\\/\"]}]},{\"@type\":\"ImageObject\",\"inLanguage\":\"fr-FR\",\"@id\":\"https:\\\/\\\/interamerica.org\\\/fr\\\/2024\\\/01\\\/en-roumanie-casa-adra-offre-de-lhebergement-aux-victimes-de-violence-conjugale\\\/#primaryimage\",\"url\":\"https:\\\/\\\/interamerica.org\\\/wp-content\\\/uploads\\\/2024\\\/01\\\/casa-adra-logo.jpeg\",\"contentUrl\":\"https:\\\/\\\/interamerica.org\\\/wp-content\\\/uploads\\\/2024\\\/01\\\/casa-adra-logo.jpeg\",\"width\":960,\"height\":639,\"caption\":\"Casa ADRA offers accommodation, individual and family psychological counseling, social counseling, food and emergency medical assistance to women who have reported domestic violence. [Photo: ADRA Romania]\"},{\"@type\":\"BreadcrumbList\",\"@id\":\"https:\\\/\\\/interamerica.org\\\/fr\\\/2024\\\/01\\\/en-roumanie-casa-adra-offre-de-lhebergement-aux-victimes-de-violence-conjugale\\\/#breadcrumb\",\"itemListElement\":[{\"@type\":\"ListItem\",\"position\":1,\"name\":\"Home\",\"item\":\"https:\\\/\\\/interamerica.org\\\/fr\\\/\"},{\"@type\":\"ListItem\",\"position\":2,\"name\":\"En Roumanie, Casa ADRA offre de l\u2019h\u00e9bergement aux victimes de violence conjugale\"}]},{\"@type\":\"WebSite\",\"@id\":\"https:\\\/\\\/interamerica.org\\\/fr\\\/#website\",\"url\":\"https:\\\/\\\/interamerica.org\\\/fr\\\/\",\"name\":\"\u00c9glise Adventiste Du Septieme Jour - Inter Am\u00e9rique Division\",\"description\":\"\",\"potentialAction\":[{\"@type\":\"SearchAction\",\"target\":{\"@type\":\"EntryPoint\",\"urlTemplate\":\"https:\\\/\\\/interamerica.org\\\/fr\\\/?s={search_term_string}\"},\"query-input\":{\"@type\":\"PropertyValueSpecification\",\"valueRequired\":true,\"valueName\":\"search_term_string\"}}],\"inLanguage\":\"fr-FR\"},{\"@type\":\"Person\",\"@id\":\"https:\\\/\\\/interamerica.org\\\/fr\\\/#\\\/schema\\\/person\\\/29998f2bc2d8bd0d38662909289b54f1\",\"name\":\"libna\",\"image\":{\"@type\":\"ImageObject\",\"inLanguage\":\"fr-FR\",\"@id\":\"https:\\\/\\\/secure.gravatar.com\\\/avatar\\\/7c5bd30ae4b47a9ba3c856590957fd1d96dc588bf3ac05719d247e126840331f?s=96&d=mm&r=g\",\"url\":\"https:\\\/\\\/secure.gravatar.com\\\/avatar\\\/7c5bd30ae4b47a9ba3c856590957fd1d96dc588bf3ac05719d247e126840331f?s=96&d=mm&r=g\",\"contentUrl\":\"https:\\\/\\\/secure.gravatar.com\\\/avatar\\\/7c5bd30ae4b47a9ba3c856590957fd1d96dc588bf3ac05719d247e126840331f?s=96&d=mm&r=g\",\"caption\":\"libna\"}}]}<\/script>\n<!-- \/ Yoast SEO plugin. -->","yoast_head_json":{"title":"En Roumanie, Casa ADRA offre de l\u2019h\u00e9bergement aux victimes de violence conjugale - \u00c9glise Adventiste Du Septieme Jour - Inter Am\u00e9rique Division","robots":{"index":"index","follow":"follow","max-snippet":"max-snippet:-1","max-image-preview":"max-image-preview:large","max-video-preview":"max-video-preview:-1"},"canonical":"https:\/\/interamerica.org\/fr\/2024\/01\/en-roumanie-casa-adra-offre-de-lhebergement-aux-victimes-de-violence-conjugale\/","og_locale":"fr_FR","og_type":"article","og_title":"En Roumanie, Casa ADRA offre de l\u2019h\u00e9bergement aux victimes de violence conjugale - \u00c9glise Adventiste Du Septieme Jour - Inter Am\u00e9rique Division","og_description":"L\u2019histoire d\u2019une femme lib\u00e9r\u00e9e de la violence illustre bien le r\u00f4le de l\u2019agence. Le 30 janvier 2024 | Roumanie | ADRA Roumanie et Adventist Review Que pourriez-vous demander de plus...","og_url":"https:\/\/interamerica.org\/fr\/2024\/01\/en-roumanie-casa-adra-offre-de-lhebergement-aux-victimes-de-violence-conjugale\/","og_site_name":"\u00c9glise Adventiste Du Septieme Jour - Inter Am\u00e9rique Division","article_published_time":"2024-01-31T03:41:12+00:00","article_modified_time":"2024-02-02T17:57:37+00:00","og_image":[{"width":960,"height":639,"url":"https:\/\/interamerica.org\/wp-content\/uploads\/2024\/01\/casa-adra-logo.jpeg","type":"image\/jpeg"}],"author":"libna","twitter_card":"summary_large_image","twitter_misc":{"\u00c9crit par":"libna","Dur\u00e9e de lecture estim\u00e9e":"5 minutes"},"schema":{"@context":"https:\/\/schema.org","@graph":[{"@type":"Article","@id":"https:\/\/interamerica.org\/fr\/2024\/01\/en-roumanie-casa-adra-offre-de-lhebergement-aux-victimes-de-violence-conjugale\/#article","isPartOf":{"@id":"https:\/\/interamerica.org\/fr\/2024\/01\/en-roumanie-casa-adra-offre-de-lhebergement-aux-victimes-de-violence-conjugale\/"},"author":{"name":"libna","@id":"https:\/\/interamerica.org\/fr\/#\/schema\/person\/29998f2bc2d8bd0d38662909289b54f1"},"headline":"En Roumanie, Casa ADRA offre de l\u2019h\u00e9bergement aux victimes de violence conjugale","datePublished":"2024-01-31T03:41:12+00:00","dateModified":"2024-02-02T17:57:37+00:00","mainEntityOfPage":{"@id":"https:\/\/interamerica.org\/fr\/2024\/01\/en-roumanie-casa-adra-offre-de-lhebergement-aux-victimes-de-violence-conjugale\/"},"wordCount":1108,"image":{"@id":"https:\/\/interamerica.org\/fr\/2024\/01\/en-roumanie-casa-adra-offre-de-lhebergement-aux-victimes-de-violence-conjugale\/#primaryimage"},"thumbnailUrl":"https:\/\/interamerica.org\/wp-content\/uploads\/2024\/01\/casa-adra-logo.jpeg","articleSection":["Nouvelles de l'\u00c9glise mondiale","RSS Fran\u00e7ais"],"inLanguage":"fr-FR"},{"@type":"WebPage","@id":"https:\/\/interamerica.org\/fr\/2024\/01\/en-roumanie-casa-adra-offre-de-lhebergement-aux-victimes-de-violence-conjugale\/","url":"https:\/\/interamerica.org\/fr\/2024\/01\/en-roumanie-casa-adra-offre-de-lhebergement-aux-victimes-de-violence-conjugale\/","name":"En Roumanie, Casa ADRA offre de l\u2019h\u00e9bergement aux victimes de violence conjugale - \u00c9glise Adventiste Du Septieme Jour - Inter Am\u00e9rique Division","isPartOf":{"@id":"https:\/\/interamerica.org\/fr\/#website"},"primaryImageOfPage":{"@id":"https:\/\/interamerica.org\/fr\/2024\/01\/en-roumanie-casa-adra-offre-de-lhebergement-aux-victimes-de-violence-conjugale\/#primaryimage"},"image":{"@id":"https:\/\/interamerica.org\/fr\/2024\/01\/en-roumanie-casa-adra-offre-de-lhebergement-aux-victimes-de-violence-conjugale\/#primaryimage"},"thumbnailUrl":"https:\/\/interamerica.org\/wp-content\/uploads\/2024\/01\/casa-adra-logo.jpeg","datePublished":"2024-01-31T03:41:12+00:00","dateModified":"2024-02-02T17:57:37+00:00","author":{"@id":"https:\/\/interamerica.org\/fr\/#\/schema\/person\/29998f2bc2d8bd0d38662909289b54f1"},"breadcrumb":{"@id":"https:\/\/interamerica.org\/fr\/2024\/01\/en-roumanie-casa-adra-offre-de-lhebergement-aux-victimes-de-violence-conjugale\/#breadcrumb"},"inLanguage":"fr-FR","potentialAction":[{"@type":"ReadAction","target":["https:\/\/interamerica.org\/fr\/2024\/01\/en-roumanie-casa-adra-offre-de-lhebergement-aux-victimes-de-violence-conjugale\/"]}]},{"@type":"ImageObject","inLanguage":"fr-FR","@id":"https:\/\/interamerica.org\/fr\/2024\/01\/en-roumanie-casa-adra-offre-de-lhebergement-aux-victimes-de-violence-conjugale\/#primaryimage","url":"https:\/\/interamerica.org\/wp-content\/uploads\/2024\/01\/casa-adra-logo.jpeg","contentUrl":"https:\/\/interamerica.org\/wp-content\/uploads\/2024\/01\/casa-adra-logo.jpeg","width":960,"height":639,"caption":"Casa ADRA offers accommodation, individual and family psychological counseling, social counseling, food and emergency medical assistance to women who have reported domestic violence. [Photo: ADRA Romania]"},{"@type":"BreadcrumbList","@id":"https:\/\/interamerica.org\/fr\/2024\/01\/en-roumanie-casa-adra-offre-de-lhebergement-aux-victimes-de-violence-conjugale\/#breadcrumb","itemListElement":[{"@type":"ListItem","position":1,"name":"Home","item":"https:\/\/interamerica.org\/fr\/"},{"@type":"ListItem","position":2,"name":"En Roumanie, Casa ADRA offre de l\u2019h\u00e9bergement aux victimes de violence conjugale"}]},{"@type":"WebSite","@id":"https:\/\/interamerica.org\/fr\/#website","url":"https:\/\/interamerica.org\/fr\/","name":"\u00c9glise Adventiste Du Septieme Jour - Inter Am\u00e9rique Division","description":"","potentialAction":[{"@type":"SearchAction","target":{"@type":"EntryPoint","urlTemplate":"https:\/\/interamerica.org\/fr\/?s={search_term_string}"},"query-input":{"@type":"PropertyValueSpecification","valueRequired":true,"valueName":"search_term_string"}}],"inLanguage":"fr-FR"},{"@type":"Person","@id":"https:\/\/interamerica.org\/fr\/#\/schema\/person\/29998f2bc2d8bd0d38662909289b54f1","name":"libna","image":{"@type":"ImageObject","inLanguage":"fr-FR","@id":"https:\/\/secure.gravatar.com\/avatar\/7c5bd30ae4b47a9ba3c856590957fd1d96dc588bf3ac05719d247e126840331f?s=96&d=mm&r=g","url":"https:\/\/secure.gravatar.com\/avatar\/7c5bd30ae4b47a9ba3c856590957fd1d96dc588bf3ac05719d247e126840331f?s=96&d=mm&r=g","contentUrl":"https:\/\/secure.gravatar.com\/avatar\/7c5bd30ae4b47a9ba3c856590957fd1d96dc588bf3ac05719d247e126840331f?s=96&d=mm&r=g","caption":"libna"}}]}},"_links":{"self":[{"href":"https:\/\/interamerica.org\/fr\/wp-json\/wp\/v2\/posts\/109526","targetHints":{"allow":["GET"]}}],"collection":[{"href":"https:\/\/interamerica.org\/fr\/wp-json\/wp\/v2\/posts"}],"about":[{"href":"https:\/\/interamerica.org\/fr\/wp-json\/wp\/v2\/types\/post"}],"author":[{"embeddable":true,"href":"https:\/\/interamerica.org\/fr\/wp-json\/wp\/v2\/users\/3"}],"replies":[{"embeddable":true,"href":"https:\/\/interamerica.org\/fr\/wp-json\/wp\/v2\/comments?post=109526"}],"version-history":[{"count":0,"href":"https:\/\/interamerica.org\/fr\/wp-json\/wp\/v2\/posts\/109526\/revisions"}],"wp:featuredmedia":[{"embeddable":true,"href":"https:\/\/interamerica.org\/fr\/wp-json\/wp\/v2\/media\/109383"}],"wp:attachment":[{"href":"https:\/\/interamerica.org\/fr\/wp-json\/wp\/v2\/media?parent=109526"}],"wp:term":[{"taxonomy":"category","embeddable":true,"href":"https:\/\/interamerica.org\/fr\/wp-json\/wp\/v2\/categories?post=109526"},{"taxonomy":"post_tag","embeddable":true,"href":"https:\/\/interamerica.org\/fr\/wp-json\/wp\/v2\/tags?post=109526"}],"curies":[{"name":"wp","href":"https:\/\/api.w.org\/{rel}","templated":true}]}}