{"id":109725,"date":"2024-02-07T20:54:32","date_gmt":"2024-02-08T01:54:32","guid":{"rendered":"https:\/\/interamerica.org\/?p=109725"},"modified":"2024-02-08T10:50:22","modified_gmt":"2024-02-08T15:50:22","slug":"des-etudiants-construisent-une-eglise-adventiste-pour-une-congregation-en-pleine-croissance-en-republique-dominicaine","status":"publish","type":"post","link":"https:\/\/interamerica.org\/fr\/2024\/02\/des-etudiants-construisent-une-eglise-adventiste-pour-une-congregation-en-pleine-croissance-en-republique-dominicaine\/","title":{"rendered":"Des \u00e9tudiants construisent une \u00e9glise adventiste pour une congr\u00e9gation en pleine croissance en R\u00e9publique Dominicaine"},"content":{"rendered":"<p><div id=\"attachment_109713\" style=\"width: 925px\" class=\"wp-caption aligncenter\"><img fetchpriority=\"high\" decoding=\"async\" aria-describedby=\"caption-attachment-109713\" class=\" wp-image-109712\" src=\"https:\/\/interamerica.org\/wp-content\/uploads\/2024\/02\/mvi-andrews-academy-2-1024x678.jpeg\" alt=\"\" width=\"915\" height=\"606\" srcset=\"https:\/\/interamerica.org\/wp-content\/uploads\/2024\/02\/mvi-andrews-academy-2-1024x678.jpeg 1024w, https:\/\/interamerica.org\/wp-content\/uploads\/2024\/02\/mvi-andrews-academy-2-300x199.jpeg 300w, https:\/\/interamerica.org\/wp-content\/uploads\/2024\/02\/mvi-andrews-academy-2-768x509.jpeg 768w, https:\/\/interamerica.org\/wp-content\/uploads\/2024\/02\/mvi-andrews-academy-2-1536x1017.jpeg 1536w, https:\/\/interamerica.org\/wp-content\/uploads\/2024\/02\/mvi-andrews-academy-2.jpeg 1933w\" sizes=\"(max-width: 915px) 100vw, 915px\" \/><p id=\"caption-attachment-109713\" class=\"wp-caption-text\">Quarante et un \u00e9tudiants de l\u2019\u00c9cole Secondaire d\u2019Andrews (Andrews Academy) ont pass\u00e9 dix jours de leur p\u00e9riode de vacances \u00e0 servir dans le cadre d\u2019un projet \u00e0 Saint-Domingue, en R\u00e9publique Dominicaine, du 31 d\u00e9cembre 2023 au 10 janvier 2024, avec Maranatha Volunteers International, un minist\u00e8re de soutien de l\u2019\u00c9glise adventiste du septi\u00e8me jour. [Photo : Lake Union Herald]<\/p><\/div>7 F\u00e9vrier 2024 | Berrien Springs, Michigan, \u00c9tats-Unis | Sidney Needles pour Lake Union Herald<\/p>\n<p>D\u00e9but janvier, un groupe de 41 \u00e9tudiants de l\u2019Andrews Academy \u00e0 Berrien Springs, dans le Michigan, a pass\u00e9 dix jours de la p\u00e9riode de vacances \u00e0 servir dans le cadre d\u2019un projet avec Maranatha Volunteers International, un minist\u00e8re de soutien de l\u2019\u00c9glise adventiste du septi\u00e8me jour.<\/p>\n<p>Le groupe a \u00e9rig\u00e9 des murs en parpaing pour la construction du nouveau lieu de culte de la congr\u00e9gation adventiste Agape dans la r\u00e9gion sud-est de Saint-Domingue, en R\u00e9publique Dominicaine, du 31 d\u00e9cembre 2023 au 10 janvier 2024. Apr\u00e8s des ann\u00e9es pass\u00e9es \u00e0 adorer dans tout espace disponible qu\u2019elle pouvait trouver, la congr\u00e9gation de 45 membres est reconnaissante et enthousiaste d\u2019avoir enfin son propre lieu de culte officiel. \u00ab L\u2019\u00e9glise a dit que nous \u00e9tions une r\u00e9ponse \u00e0 leur pri\u00e8re, \u00bb a dit Gina Pellegrini, coordinatrice de projet pour l\u2019\u00e9quipe. \u00ab Ils \u00e9taient vraiment reconnaissants du fait que les choses se soient bien d\u00e9roul\u00e9es pour qu\u2019ils puissent avoir [un lieu de culte]. \u00bb<\/p>\n<p><div id=\"attachment_109710\" style=\"width: 908px\" class=\"wp-caption aligncenter\"><img decoding=\"async\" aria-describedby=\"caption-attachment-109710\" class=\" wp-image-109709\" src=\"https:\/\/interamerica.org\/wp-content\/uploads\/2024\/02\/mvi-andrews-academy3-1024x768.jpeg\" alt=\"\" width=\"898\" height=\"674\" srcset=\"https:\/\/interamerica.org\/wp-content\/uploads\/2024\/02\/mvi-andrews-academy3-1024x768.jpeg 1024w, https:\/\/interamerica.org\/wp-content\/uploads\/2024\/02\/mvi-andrews-academy3-300x225.jpeg 300w, https:\/\/interamerica.org\/wp-content\/uploads\/2024\/02\/mvi-andrews-academy3-768x576.jpeg 768w, https:\/\/interamerica.org\/wp-content\/uploads\/2024\/02\/mvi-andrews-academy3-1536x1152.jpeg 1536w, https:\/\/interamerica.org\/wp-content\/uploads\/2024\/02\/mvi-andrews-academy3.jpeg 1707w\" sizes=\"(max-width: 898px) 100vw, 898px\" \/><p id=\"caption-attachment-109710\" class=\"wp-caption-text\">Une \u00e9tudiante portant une brique, marque une pause avant de travailler \u00e0 l\u2019\u00e9rection d\u2019un mur pour le nouveau lieu de culte. [Photo : Lake Union Herald]<\/p><\/div>En plus des travaux de construction, les \u00e9tudiants b\u00e9n\u00e9voles ont pris part \u00e0 des activit\u00e9s missionnaires dans la communaut\u00e9. Ils ont organis\u00e9 un programme d\u2019\u00c9cole Biblique de Vacances (EBV) de cinq jours pour les enfants de la r\u00e9gion ; environ 50 enfants ont particip\u00e9 chaque soir \u00e0 ce programme. Tandis que le groupe d\u2019\u00e9tudiants enseignait J\u00e9sus aux enfants \u00e0 travers des chants, des travaux manuels et des histoires bibliques, d\u2019autres \u00e9tudiants annon\u00e7aient l\u2019\u00e9vangile \u00e0 des adultes au cours d\u2019une s\u00e9rie de sermons d\u2019\u00e9vang\u00e9lisation sur une p\u00e9riode de cinq soirs pour la congr\u00e9gation adventiste locale ainsi que la communaut\u00e9 environnante.<\/p>\n<p>Tous les deux ans, les \u00e9tudiants de l\u2019\u00c9cole Secondaire Andrews (Andrews Academy) se rendent quelque part dans le monde pour servir une communaut\u00e9 dans le besoin. L\u2019\u00e9cole a collabor\u00e9 avec Maranatha lors de pr\u00e9c\u00e9dents voyages, jusqu\u2019\u00e0 ce que le nombre d\u2019\u00e9tudiants inscrits commence \u00e0 diminuer et que la pand\u00e9mie de COVID-19 limite les options de voyage, a expliqu\u00e9 Gina Pellegrini. Apr\u00e8s avoir organis\u00e9 des voyages de mani\u00e8re ind\u00e9pendante pendant plusieurs ann\u00e9es, Andrews Academy a suscit\u00e9 suffisamment d\u2019int\u00e9r\u00eat parmi les \u00e9tudiants pour faire \u00e9quipe avec Maranatha cette ann\u00e9e une fois de plus. Gina Pellegrini appr\u00e9cie les projets de construction de Maranatha car ils donnent aux adolescents l\u2019opportunit\u00e9 de voir les r\u00e9sultats tangibles de leur dur labeur. \u00ab Il y a une certaine satisfaction \u00e0 construire quelque chose \u00e0 partir de z\u00e9ro, \u00bb a-t-elle d\u00e9clar\u00e9.<\/p>\n<p><div id=\"attachment_109707\" style=\"width: 887px\" class=\"wp-caption aligncenter\"><img decoding=\"async\" aria-describedby=\"caption-attachment-109707\" class=\" wp-image-109706\" src=\"https:\/\/interamerica.org\/wp-content\/uploads\/2024\/02\/mvi-andrews-academy4-1024x678.jpeg\" alt=\"\" width=\"877\" height=\"581\" srcset=\"https:\/\/interamerica.org\/wp-content\/uploads\/2024\/02\/mvi-andrews-academy4-1024x678.jpeg 1024w, https:\/\/interamerica.org\/wp-content\/uploads\/2024\/02\/mvi-andrews-academy4-300x199.jpeg 300w, https:\/\/interamerica.org\/wp-content\/uploads\/2024\/02\/mvi-andrews-academy4-768x509.jpeg 768w, https:\/\/interamerica.org\/wp-content\/uploads\/2024\/02\/mvi-andrews-academy4-1536x1017.jpeg 1536w, https:\/\/interamerica.org\/wp-content\/uploads\/2024\/02\/mvi-andrews-academy4.jpeg 1933w\" sizes=\"(max-width: 877px) 100vw, 877px\" \/><p id=\"caption-attachment-109707\" class=\"wp-caption-text\">Les \u00e9tudiants adventistes participent \u00e0 un programme d\u2019\u00c9cole Biblique de Vacances avec la communaut\u00e9 lors d\u2019une s\u00e9ance en soir\u00e9e. [Photo : Lake Union Herald]<\/p><\/div>Les \u00e9tudiants participant \u00e0 ce voyage partagent l\u2019avis de Gina Pellegrini, ils appr\u00e9cient le fait d\u2019avoir accompli un dur travail manuel malgr\u00e9 des temp\u00e9ratures accablantes. Lorsqu\u2019on leur a propos\u00e9 de laisser le chantier et de prendre un jour de cong\u00e9 pour se pr\u00e9parer pour le programme d\u2019EBV de ce soir-l\u00e0, un groupe d\u2019\u00e9tudiants a refus\u00e9. Ils avaient d\u00e9j\u00e0 pr\u00e9par\u00e9 leur partie du programme et ont plut\u00f4t choisi une journ\u00e9e de travail physiquement exigeant pour poser des parpaings. \u00ab Ils ne voulaient pas prendre un jour de cong\u00e9. Ils voulaient rester sur le chantier. Je n\u2019ai jamais v\u00e9cu cela auparavant, \u00bb a fait remarquer Gina Pellegrini.<\/p>\n<p>Pour Marco Sciarabba, un \u00e9tudiant de derni\u00e8re ann\u00e9e, le moment le plus marquant du voyage a \u00e9t\u00e9 lorsqu\u2019il a entendu le r\u00e9cit relatant la fa\u00e7on dont l\u2019\u00e9glise a d\u00e9but\u00e9 \u00e0 partir d\u2019un petit groupe de personnes qui se r\u00e9unissait \u00e0 l\u2019\u00e9tage d\u2019une maison. \u00ab Le voyage m\u2019a permis de voir la puissance de la pri\u00e8re \u00e0 travers un exemple concret, \u00bb a-t-il d\u00e9clar\u00e9. \u00ab Cela m\u2019a donn\u00e9 une nouvelle perspective sur l\u2019importance r\u00e9elle de la pri\u00e8re et a \u00e9galement d\u00e9montr\u00e9 que Dieu est vraiment bon et qu\u2019il pourvoira toujours, tout ce que nous avons \u00e0 faire c\u2019est d\u2019avoir la foi. \u00bb<\/p>\n<p><div id=\"attachment_109704\" style=\"width: 904px\" class=\"wp-caption aligncenter\"><img loading=\"lazy\" decoding=\"async\" aria-describedby=\"caption-attachment-109704\" class=\" wp-image-109703\" src=\"https:\/\/interamerica.org\/wp-content\/uploads\/2024\/02\/mvi-andrews-academy-group-1024x512.jpeg\" alt=\"\" width=\"894\" height=\"447\" srcset=\"https:\/\/interamerica.org\/wp-content\/uploads\/2024\/02\/mvi-andrews-academy-group-1024x512.jpeg 1024w, https:\/\/interamerica.org\/wp-content\/uploads\/2024\/02\/mvi-andrews-academy-group-300x150.jpeg 300w, https:\/\/interamerica.org\/wp-content\/uploads\/2024\/02\/mvi-andrews-academy-group-768x384.jpeg 768w, https:\/\/interamerica.org\/wp-content\/uploads\/2024\/02\/mvi-andrews-academy-group-1536x768.jpeg 1536w, https:\/\/interamerica.org\/wp-content\/uploads\/2024\/02\/mvi-andrews-academy-group.jpeg 1933w\" sizes=\"(max-width: 894px) 100vw, 894px\" \/><p id=\"caption-attachment-109704\" class=\"wp-caption-text\">Photo de groupe des \u00e9tudiants d\u2019Andrews Academy lors du voyage missionnaire du 31 d\u00e9cembre 2023 au 10 janvier 2024 \u00e0 Saint-Domingue, en R\u00e9publique Dominicaine. [Photo : Lake Union Herald]<\/p><\/div>Maranatha organise des voyages missionnaires pour des groupes de b\u00e9n\u00e9voles priv\u00e9s, comme Andrews Academy, et des \u00e9quipes d\u00e9sireuses de se joindre \u00e0 eux. Ces groupes construisent partout dans le monde des \u00e9glises, des \u00e9coles, des puits d\u2019eau potable et d\u2019autres structures dont on a urgemment besoin. Depuis 1969, Maranatha a construit plus de 14000 structures et plus de 2200 puits d\u2019eau potable dans pr\u00e8s de 90 pays.<\/p>\n<p>L\u2019original de cet article a \u00e9t\u00e9 publi\u00e9 sur le <a href=\"https:\/\/www.lakeunionherald.org\/archive\/articles\/students-serve-in-the-dominican-republic\">site d&rsquo;informations<\/a> du Lake Union Herald.<\/p>\n<p>Traduction: Patrick Luciathe<\/p>\n","protected":false},"excerpt":{"rendered":"<p>7 F\u00e9vrier 2024 | Berrien Springs, Michigan, \u00c9tats-Unis | Sidney Needles pour Lake Union Herald D\u00e9but janvier, un groupe de 41 \u00e9tudiants de l\u2019Andrews Academy \u00e0 Berrien Springs, dans le&#8230;<\/p>\n","protected":false},"author":3,"featured_media":109713,"comment_status":"closed","ping_status":"closed","sticky":false,"template":"","format":"standard","meta":{"_acf_changed":false,"footnotes":""},"categories":[18,19],"tags":[],"class_list":["post-109725","post","type-post","status-publish","format-standard","has-post-thumbnail","hentry","category-nouvelles-de-leglise-mondiale","category-rss-francais"],"acf":[],"yoast_head":"<!-- This site is optimized with the Yoast SEO plugin v27.3 - https:\/\/yoast.com\/product\/yoast-seo-wordpress\/ -->\n<title>Des \u00e9tudiants construisent une \u00e9glise adventiste pour une congr\u00e9gation en pleine croissance en R\u00e9publique Dominicaine - \u00c9glise Adventiste Du Septieme Jour - Inter Am\u00e9rique Division<\/title>\n<meta name=\"robots\" content=\"index, follow, max-snippet:-1, max-image-preview:large, max-video-preview:-1\" \/>\n<link rel=\"canonical\" href=\"https:\/\/interamerica.org\/fr\/2024\/02\/des-etudiants-construisent-une-eglise-adventiste-pour-une-congregation-en-pleine-croissance-en-republique-dominicaine\/\" \/>\n<meta property=\"og:locale\" content=\"fr_FR\" \/>\n<meta property=\"og:type\" content=\"article\" \/>\n<meta property=\"og:title\" content=\"Des \u00e9tudiants construisent une \u00e9glise adventiste pour une congr\u00e9gation en pleine croissance en R\u00e9publique Dominicaine - \u00c9glise Adventiste Du Septieme Jour - Inter Am\u00e9rique Division\" \/>\n<meta property=\"og:description\" content=\"7 F\u00e9vrier 2024 | Berrien Springs, Michigan, \u00c9tats-Unis | Sidney Needles pour Lake Union Herald D\u00e9but janvier, un groupe de 41 \u00e9tudiants de l\u2019Andrews Academy \u00e0 Berrien Springs, dans le...\" \/>\n<meta property=\"og:url\" content=\"https:\/\/interamerica.org\/fr\/2024\/02\/des-etudiants-construisent-une-eglise-adventiste-pour-une-congregation-en-pleine-croissance-en-republique-dominicaine\/\" \/>\n<meta property=\"og:site_name\" content=\"\u00c9glise Adventiste Du Septieme Jour - Inter Am\u00e9rique Division\" \/>\n<meta property=\"article:published_time\" content=\"2024-02-08T01:54:32+00:00\" \/>\n<meta property=\"article:modified_time\" content=\"2024-02-08T15:50:22+00:00\" \/>\n<meta property=\"og:image\" content=\"https:\/\/interamerica.org\/wp-content\/uploads\/2024\/02\/mvi-andrews-academy-2.jpeg\" \/>\n\t<meta property=\"og:image:width\" content=\"1933\" \/>\n\t<meta property=\"og:image:height\" content=\"1280\" \/>\n\t<meta property=\"og:image:type\" content=\"image\/jpeg\" \/>\n<meta name=\"author\" content=\"libna\" \/>\n<meta name=\"twitter:card\" content=\"summary_large_image\" \/>\n<meta name=\"twitter:label1\" content=\"\u00c9crit par\" \/>\n\t<meta name=\"twitter:data1\" content=\"libna\" \/>\n\t<meta name=\"twitter:label2\" content=\"Dur\u00e9e de lecture estim\u00e9e\" \/>\n\t<meta name=\"twitter:data2\" content=\"5 minutes\" \/>\n<script type=\"application\/ld+json\" class=\"yoast-schema-graph\">{\"@context\":\"https:\\\/\\\/schema.org\",\"@graph\":[{\"@type\":\"Article\",\"@id\":\"https:\\\/\\\/interamerica.org\\\/fr\\\/2024\\\/02\\\/des-etudiants-construisent-une-eglise-adventiste-pour-une-congregation-en-pleine-croissance-en-republique-dominicaine\\\/#article\",\"isPartOf\":{\"@id\":\"https:\\\/\\\/interamerica.org\\\/fr\\\/2024\\\/02\\\/des-etudiants-construisent-une-eglise-adventiste-pour-une-congregation-en-pleine-croissance-en-republique-dominicaine\\\/\"},\"author\":{\"name\":\"libna\",\"@id\":\"https:\\\/\\\/interamerica.org\\\/fr\\\/#\\\/schema\\\/person\\\/29998f2bc2d8bd0d38662909289b54f1\"},\"headline\":\"Des \u00e9tudiants construisent une \u00e9glise adventiste pour une congr\u00e9gation en pleine croissance en R\u00e9publique Dominicaine\",\"datePublished\":\"2024-02-08T01:54:32+00:00\",\"dateModified\":\"2024-02-08T15:50:22+00:00\",\"mainEntityOfPage\":{\"@id\":\"https:\\\/\\\/interamerica.org\\\/fr\\\/2024\\\/02\\\/des-etudiants-construisent-une-eglise-adventiste-pour-une-congregation-en-pleine-croissance-en-republique-dominicaine\\\/\"},\"wordCount\":941,\"image\":{\"@id\":\"https:\\\/\\\/interamerica.org\\\/fr\\\/2024\\\/02\\\/des-etudiants-construisent-une-eglise-adventiste-pour-une-congregation-en-pleine-croissance-en-republique-dominicaine\\\/#primaryimage\"},\"thumbnailUrl\":\"https:\\\/\\\/interamerica.org\\\/wp-content\\\/uploads\\\/2024\\\/02\\\/mvi-andrews-academy-2.jpeg\",\"articleSection\":[\"Nouvelles de l'\u00c9glise mondiale\",\"RSS Fran\u00e7ais\"],\"inLanguage\":\"fr-FR\"},{\"@type\":\"WebPage\",\"@id\":\"https:\\\/\\\/interamerica.org\\\/fr\\\/2024\\\/02\\\/des-etudiants-construisent-une-eglise-adventiste-pour-une-congregation-en-pleine-croissance-en-republique-dominicaine\\\/\",\"url\":\"https:\\\/\\\/interamerica.org\\\/fr\\\/2024\\\/02\\\/des-etudiants-construisent-une-eglise-adventiste-pour-une-congregation-en-pleine-croissance-en-republique-dominicaine\\\/\",\"name\":\"Des \u00e9tudiants construisent une \u00e9glise adventiste pour une congr\u00e9gation en pleine croissance en R\u00e9publique Dominicaine - \u00c9glise Adventiste Du Septieme Jour - Inter Am\u00e9rique Division\",\"isPartOf\":{\"@id\":\"https:\\\/\\\/interamerica.org\\\/fr\\\/#website\"},\"primaryImageOfPage\":{\"@id\":\"https:\\\/\\\/interamerica.org\\\/fr\\\/2024\\\/02\\\/des-etudiants-construisent-une-eglise-adventiste-pour-une-congregation-en-pleine-croissance-en-republique-dominicaine\\\/#primaryimage\"},\"image\":{\"@id\":\"https:\\\/\\\/interamerica.org\\\/fr\\\/2024\\\/02\\\/des-etudiants-construisent-une-eglise-adventiste-pour-une-congregation-en-pleine-croissance-en-republique-dominicaine\\\/#primaryimage\"},\"thumbnailUrl\":\"https:\\\/\\\/interamerica.org\\\/wp-content\\\/uploads\\\/2024\\\/02\\\/mvi-andrews-academy-2.jpeg\",\"datePublished\":\"2024-02-08T01:54:32+00:00\",\"dateModified\":\"2024-02-08T15:50:22+00:00\",\"author\":{\"@id\":\"https:\\\/\\\/interamerica.org\\\/fr\\\/#\\\/schema\\\/person\\\/29998f2bc2d8bd0d38662909289b54f1\"},\"breadcrumb\":{\"@id\":\"https:\\\/\\\/interamerica.org\\\/fr\\\/2024\\\/02\\\/des-etudiants-construisent-une-eglise-adventiste-pour-une-congregation-en-pleine-croissance-en-republique-dominicaine\\\/#breadcrumb\"},\"inLanguage\":\"fr-FR\",\"potentialAction\":[{\"@type\":\"ReadAction\",\"target\":[\"https:\\\/\\\/interamerica.org\\\/fr\\\/2024\\\/02\\\/des-etudiants-construisent-une-eglise-adventiste-pour-une-congregation-en-pleine-croissance-en-republique-dominicaine\\\/\"]}]},{\"@type\":\"ImageObject\",\"inLanguage\":\"fr-FR\",\"@id\":\"https:\\\/\\\/interamerica.org\\\/fr\\\/2024\\\/02\\\/des-etudiants-construisent-une-eglise-adventiste-pour-une-congregation-en-pleine-croissance-en-republique-dominicaine\\\/#primaryimage\",\"url\":\"https:\\\/\\\/interamerica.org\\\/wp-content\\\/uploads\\\/2024\\\/02\\\/mvi-andrews-academy-2.jpeg\",\"contentUrl\":\"https:\\\/\\\/interamerica.org\\\/wp-content\\\/uploads\\\/2024\\\/02\\\/mvi-andrews-academy-2.jpeg\",\"width\":1933,\"height\":1280,\"caption\":\"[Photo: Lake Union Herald]\"},{\"@type\":\"BreadcrumbList\",\"@id\":\"https:\\\/\\\/interamerica.org\\\/fr\\\/2024\\\/02\\\/des-etudiants-construisent-une-eglise-adventiste-pour-une-congregation-en-pleine-croissance-en-republique-dominicaine\\\/#breadcrumb\",\"itemListElement\":[{\"@type\":\"ListItem\",\"position\":1,\"name\":\"Home\",\"item\":\"https:\\\/\\\/interamerica.org\\\/fr\\\/\"},{\"@type\":\"ListItem\",\"position\":2,\"name\":\"Des \u00e9tudiants construisent une \u00e9glise adventiste pour une congr\u00e9gation en pleine croissance en R\u00e9publique Dominicaine\"}]},{\"@type\":\"WebSite\",\"@id\":\"https:\\\/\\\/interamerica.org\\\/fr\\\/#website\",\"url\":\"https:\\\/\\\/interamerica.org\\\/fr\\\/\",\"name\":\"\u00c9glise Adventiste Du Septieme Jour - Inter Am\u00e9rique Division\",\"description\":\"\",\"potentialAction\":[{\"@type\":\"SearchAction\",\"target\":{\"@type\":\"EntryPoint\",\"urlTemplate\":\"https:\\\/\\\/interamerica.org\\\/fr\\\/?s={search_term_string}\"},\"query-input\":{\"@type\":\"PropertyValueSpecification\",\"valueRequired\":true,\"valueName\":\"search_term_string\"}}],\"inLanguage\":\"fr-FR\"},{\"@type\":\"Person\",\"@id\":\"https:\\\/\\\/interamerica.org\\\/fr\\\/#\\\/schema\\\/person\\\/29998f2bc2d8bd0d38662909289b54f1\",\"name\":\"libna\",\"image\":{\"@type\":\"ImageObject\",\"inLanguage\":\"fr-FR\",\"@id\":\"https:\\\/\\\/secure.gravatar.com\\\/avatar\\\/7c5bd30ae4b47a9ba3c856590957fd1d96dc588bf3ac05719d247e126840331f?s=96&d=mm&r=g\",\"url\":\"https:\\\/\\\/secure.gravatar.com\\\/avatar\\\/7c5bd30ae4b47a9ba3c856590957fd1d96dc588bf3ac05719d247e126840331f?s=96&d=mm&r=g\",\"contentUrl\":\"https:\\\/\\\/secure.gravatar.com\\\/avatar\\\/7c5bd30ae4b47a9ba3c856590957fd1d96dc588bf3ac05719d247e126840331f?s=96&d=mm&r=g\",\"caption\":\"libna\"}}]}<\/script>\n<!-- \/ Yoast SEO plugin. -->","yoast_head_json":{"title":"Des \u00e9tudiants construisent une \u00e9glise adventiste pour une congr\u00e9gation en pleine croissance en R\u00e9publique Dominicaine - \u00c9glise Adventiste Du Septieme Jour - Inter Am\u00e9rique Division","robots":{"index":"index","follow":"follow","max-snippet":"max-snippet:-1","max-image-preview":"max-image-preview:large","max-video-preview":"max-video-preview:-1"},"canonical":"https:\/\/interamerica.org\/fr\/2024\/02\/des-etudiants-construisent-une-eglise-adventiste-pour-une-congregation-en-pleine-croissance-en-republique-dominicaine\/","og_locale":"fr_FR","og_type":"article","og_title":"Des \u00e9tudiants construisent une \u00e9glise adventiste pour une congr\u00e9gation en pleine croissance en R\u00e9publique Dominicaine - \u00c9glise Adventiste Du Septieme Jour - Inter Am\u00e9rique Division","og_description":"7 F\u00e9vrier 2024 | Berrien Springs, Michigan, \u00c9tats-Unis | Sidney Needles pour Lake Union Herald D\u00e9but janvier, un groupe de 41 \u00e9tudiants de l\u2019Andrews Academy \u00e0 Berrien Springs, dans le...","og_url":"https:\/\/interamerica.org\/fr\/2024\/02\/des-etudiants-construisent-une-eglise-adventiste-pour-une-congregation-en-pleine-croissance-en-republique-dominicaine\/","og_site_name":"\u00c9glise Adventiste Du Septieme Jour - Inter Am\u00e9rique Division","article_published_time":"2024-02-08T01:54:32+00:00","article_modified_time":"2024-02-08T15:50:22+00:00","og_image":[{"width":1933,"height":1280,"url":"https:\/\/interamerica.org\/wp-content\/uploads\/2024\/02\/mvi-andrews-academy-2.jpeg","type":"image\/jpeg"}],"author":"libna","twitter_card":"summary_large_image","twitter_misc":{"\u00c9crit par":"libna","Dur\u00e9e de lecture estim\u00e9e":"5 minutes"},"schema":{"@context":"https:\/\/schema.org","@graph":[{"@type":"Article","@id":"https:\/\/interamerica.org\/fr\/2024\/02\/des-etudiants-construisent-une-eglise-adventiste-pour-une-congregation-en-pleine-croissance-en-republique-dominicaine\/#article","isPartOf":{"@id":"https:\/\/interamerica.org\/fr\/2024\/02\/des-etudiants-construisent-une-eglise-adventiste-pour-une-congregation-en-pleine-croissance-en-republique-dominicaine\/"},"author":{"name":"libna","@id":"https:\/\/interamerica.org\/fr\/#\/schema\/person\/29998f2bc2d8bd0d38662909289b54f1"},"headline":"Des \u00e9tudiants construisent une \u00e9glise adventiste pour une congr\u00e9gation en pleine croissance en R\u00e9publique Dominicaine","datePublished":"2024-02-08T01:54:32+00:00","dateModified":"2024-02-08T15:50:22+00:00","mainEntityOfPage":{"@id":"https:\/\/interamerica.org\/fr\/2024\/02\/des-etudiants-construisent-une-eglise-adventiste-pour-une-congregation-en-pleine-croissance-en-republique-dominicaine\/"},"wordCount":941,"image":{"@id":"https:\/\/interamerica.org\/fr\/2024\/02\/des-etudiants-construisent-une-eglise-adventiste-pour-une-congregation-en-pleine-croissance-en-republique-dominicaine\/#primaryimage"},"thumbnailUrl":"https:\/\/interamerica.org\/wp-content\/uploads\/2024\/02\/mvi-andrews-academy-2.jpeg","articleSection":["Nouvelles de l'\u00c9glise mondiale","RSS Fran\u00e7ais"],"inLanguage":"fr-FR"},{"@type":"WebPage","@id":"https:\/\/interamerica.org\/fr\/2024\/02\/des-etudiants-construisent-une-eglise-adventiste-pour-une-congregation-en-pleine-croissance-en-republique-dominicaine\/","url":"https:\/\/interamerica.org\/fr\/2024\/02\/des-etudiants-construisent-une-eglise-adventiste-pour-une-congregation-en-pleine-croissance-en-republique-dominicaine\/","name":"Des \u00e9tudiants construisent une \u00e9glise adventiste pour une congr\u00e9gation en pleine croissance en R\u00e9publique Dominicaine - \u00c9glise Adventiste Du Septieme Jour - Inter Am\u00e9rique Division","isPartOf":{"@id":"https:\/\/interamerica.org\/fr\/#website"},"primaryImageOfPage":{"@id":"https:\/\/interamerica.org\/fr\/2024\/02\/des-etudiants-construisent-une-eglise-adventiste-pour-une-congregation-en-pleine-croissance-en-republique-dominicaine\/#primaryimage"},"image":{"@id":"https:\/\/interamerica.org\/fr\/2024\/02\/des-etudiants-construisent-une-eglise-adventiste-pour-une-congregation-en-pleine-croissance-en-republique-dominicaine\/#primaryimage"},"thumbnailUrl":"https:\/\/interamerica.org\/wp-content\/uploads\/2024\/02\/mvi-andrews-academy-2.jpeg","datePublished":"2024-02-08T01:54:32+00:00","dateModified":"2024-02-08T15:50:22+00:00","author":{"@id":"https:\/\/interamerica.org\/fr\/#\/schema\/person\/29998f2bc2d8bd0d38662909289b54f1"},"breadcrumb":{"@id":"https:\/\/interamerica.org\/fr\/2024\/02\/des-etudiants-construisent-une-eglise-adventiste-pour-une-congregation-en-pleine-croissance-en-republique-dominicaine\/#breadcrumb"},"inLanguage":"fr-FR","potentialAction":[{"@type":"ReadAction","target":["https:\/\/interamerica.org\/fr\/2024\/02\/des-etudiants-construisent-une-eglise-adventiste-pour-une-congregation-en-pleine-croissance-en-republique-dominicaine\/"]}]},{"@type":"ImageObject","inLanguage":"fr-FR","@id":"https:\/\/interamerica.org\/fr\/2024\/02\/des-etudiants-construisent-une-eglise-adventiste-pour-une-congregation-en-pleine-croissance-en-republique-dominicaine\/#primaryimage","url":"https:\/\/interamerica.org\/wp-content\/uploads\/2024\/02\/mvi-andrews-academy-2.jpeg","contentUrl":"https:\/\/interamerica.org\/wp-content\/uploads\/2024\/02\/mvi-andrews-academy-2.jpeg","width":1933,"height":1280,"caption":"[Photo: Lake Union Herald]"},{"@type":"BreadcrumbList","@id":"https:\/\/interamerica.org\/fr\/2024\/02\/des-etudiants-construisent-une-eglise-adventiste-pour-une-congregation-en-pleine-croissance-en-republique-dominicaine\/#breadcrumb","itemListElement":[{"@type":"ListItem","position":1,"name":"Home","item":"https:\/\/interamerica.org\/fr\/"},{"@type":"ListItem","position":2,"name":"Des \u00e9tudiants construisent une \u00e9glise adventiste pour une congr\u00e9gation en pleine croissance en R\u00e9publique Dominicaine"}]},{"@type":"WebSite","@id":"https:\/\/interamerica.org\/fr\/#website","url":"https:\/\/interamerica.org\/fr\/","name":"\u00c9glise Adventiste Du Septieme Jour - Inter Am\u00e9rique Division","description":"","potentialAction":[{"@type":"SearchAction","target":{"@type":"EntryPoint","urlTemplate":"https:\/\/interamerica.org\/fr\/?s={search_term_string}"},"query-input":{"@type":"PropertyValueSpecification","valueRequired":true,"valueName":"search_term_string"}}],"inLanguage":"fr-FR"},{"@type":"Person","@id":"https:\/\/interamerica.org\/fr\/#\/schema\/person\/29998f2bc2d8bd0d38662909289b54f1","name":"libna","image":{"@type":"ImageObject","inLanguage":"fr-FR","@id":"https:\/\/secure.gravatar.com\/avatar\/7c5bd30ae4b47a9ba3c856590957fd1d96dc588bf3ac05719d247e126840331f?s=96&d=mm&r=g","url":"https:\/\/secure.gravatar.com\/avatar\/7c5bd30ae4b47a9ba3c856590957fd1d96dc588bf3ac05719d247e126840331f?s=96&d=mm&r=g","contentUrl":"https:\/\/secure.gravatar.com\/avatar\/7c5bd30ae4b47a9ba3c856590957fd1d96dc588bf3ac05719d247e126840331f?s=96&d=mm&r=g","caption":"libna"}}]}},"_links":{"self":[{"href":"https:\/\/interamerica.org\/fr\/wp-json\/wp\/v2\/posts\/109725","targetHints":{"allow":["GET"]}}],"collection":[{"href":"https:\/\/interamerica.org\/fr\/wp-json\/wp\/v2\/posts"}],"about":[{"href":"https:\/\/interamerica.org\/fr\/wp-json\/wp\/v2\/types\/post"}],"author":[{"embeddable":true,"href":"https:\/\/interamerica.org\/fr\/wp-json\/wp\/v2\/users\/3"}],"replies":[{"embeddable":true,"href":"https:\/\/interamerica.org\/fr\/wp-json\/wp\/v2\/comments?post=109725"}],"version-history":[{"count":0,"href":"https:\/\/interamerica.org\/fr\/wp-json\/wp\/v2\/posts\/109725\/revisions"}],"wp:featuredmedia":[{"embeddable":true,"href":"https:\/\/interamerica.org\/fr\/wp-json\/wp\/v2\/media\/109713"}],"wp:attachment":[{"href":"https:\/\/interamerica.org\/fr\/wp-json\/wp\/v2\/media?parent=109725"}],"wp:term":[{"taxonomy":"category","embeddable":true,"href":"https:\/\/interamerica.org\/fr\/wp-json\/wp\/v2\/categories?post=109725"},{"taxonomy":"post_tag","embeddable":true,"href":"https:\/\/interamerica.org\/fr\/wp-json\/wp\/v2\/tags?post=109725"}],"curies":[{"name":"wp","href":"https:\/\/api.w.org\/{rel}","templated":true}]}}