{"id":110160,"date":"2024-02-13T13:38:55","date_gmt":"2024-02-13T18:38:55","guid":{"rendered":"https:\/\/interamerica.org\/?p=110160"},"modified":"2024-02-16T09:59:32","modified_gmt":"2024-02-16T14:59:32","slug":"des-coreennes-adventistes-organisent-une-campagne-devangelisation-au-bangladesh","status":"publish","type":"post","link":"https:\/\/interamerica.org\/fr\/2024\/02\/des-coreennes-adventistes-organisent-une-campagne-devangelisation-au-bangladesh\/","title":{"rendered":"Des cor\u00e9ennes adventistes organisent une campagne d\u2019\u00e9vang\u00e9lisation au Bangladesh"},"content":{"rendered":"<div id=\"attachment_109940\" style=\"width: 911px\" class=\"wp-caption aligncenter\"><img fetchpriority=\"high\" decoding=\"async\" aria-describedby=\"caption-attachment-109940\" class=\" wp-image-109939\" src=\"https:\/\/interamerica.org\/wp-content\/uploads\/2024\/02\/kakaotalk-20240115-162316628-2-1024x473-1.jpeg\" alt=\"\" width=\"901\" height=\"416\" srcset=\"https:\/\/interamerica.org\/wp-content\/uploads\/2024\/02\/kakaotalk-20240115-162316628-2-1024x473-1.jpeg 1024w, https:\/\/interamerica.org\/wp-content\/uploads\/2024\/02\/kakaotalk-20240115-162316628-2-1024x473-1-300x139.jpeg 300w, https:\/\/interamerica.org\/wp-content\/uploads\/2024\/02\/kakaotalk-20240115-162316628-2-1024x473-1-768x355.jpeg 768w\" sizes=\"(max-width: 901px) 100vw, 901px\" \/><p id=\"caption-attachment-109940\" class=\"wp-caption-text\"><span style=\"font-weight: 400;\">Des \u00e9quipes des minist\u00e8res des femmes de l\u2019Union des f\u00e9d\u00e9rations cor\u00e9ennes avant leur d\u00e9part de la Cor\u00e9e pour le Bangladesh. [Une photo de l\u2019Union des f\u00e9d\u00e9rations cor\u00e9ennes]<\/span><\/p><\/div>\n<h4><b>Des dizaines de personnes se sont faites baptiser apr\u00e8s que des \u00e9quipes ont servi et pr\u00each\u00e9 \u00e0 diff\u00e9rents endroits.<\/b><\/h4>\n<p><span style=\"font-weight: 400;\">Le 13 f\u00e9vrier 2024 | Goyang, Cor\u00e9e du Sud | Division du nord de l\u2019Asie et du Pacifique<\/span><\/p>\n<p><span style=\"font-weight: 400;\">En d\u00e9cembre 2023, des \u00e9quipes des minist\u00e8res des femmes de l\u2019Union des f\u00e9d\u00e9rations cor\u00e9ennes (KUC pour <\/span><i><span style=\"font-weight: 400;\">Korean Union Conference<\/span><\/i><span style=\"font-weight: 400;\">) de l\u2019\u00c9glise adventiste du septi\u00e8me jour ont visit\u00e9 le Bangladesh pour y tenir une campagne d\u2019\u00e9vang\u00e9lisation.<\/span><\/p>\n<p><span style=\"font-weight: 400;\">Par le pass\u00e9, les femmes cor\u00e9ennes s\u2019\u00e9taient port\u00e9es volontaires pour de telles campagnes en Inde, au N\u00e9pal et au Pakistan, mais ce voyage missionnaire \u00e9tait particuli\u00e8rement significatif, puisqu\u2019il s\u2019agissait de la premi\u00e8re campagne \u00e9vang\u00e9lique simultan\u00e9e depuis que l\u2019Union des missions du Bangladesh s\u2019est jointe au territoire de la Division du nord de l\u2019Asie et du Pacifique.<\/span><\/p>\n<p><div id=\"attachment_109952\" style=\"width: 886px\" class=\"wp-caption aligncenter\"><img decoding=\"async\" aria-describedby=\"caption-attachment-109952\" class=\" wp-image-109951\" src=\"https:\/\/interamerica.org\/wp-content\/uploads\/2024\/02\/korea-21702712621700-2-1024x768-1.jpeg\" alt=\"\" width=\"876\" height=\"657\" srcset=\"https:\/\/interamerica.org\/wp-content\/uploads\/2024\/02\/korea-21702712621700-2-1024x768-1.jpeg 1024w, https:\/\/interamerica.org\/wp-content\/uploads\/2024\/02\/korea-21702712621700-2-1024x768-1-300x225.jpeg 300w, https:\/\/interamerica.org\/wp-content\/uploads\/2024\/02\/korea-21702712621700-2-1024x768-1-768x576.jpeg 768w\" sizes=\"(max-width: 876px) 100vw, 876px\" \/><p id=\"caption-attachment-109952\" class=\"wp-caption-text\"><span style=\"font-weight: 400;\">Des membres d\u2019\u00e9glise du Bangladesh accueillent chez eux les \u00e9quipes des minist\u00e8res des femmes de l\u2019Union des f\u00e9d\u00e9rations cor\u00e9ennes. [Une photo de l\u2019Union des f\u00e9d\u00e9rations cor\u00e9ennes]<\/span><\/p><\/div><span style=\"font-weight: 400;\">Kim WonSang, pr\u00e9sident de l\u2019Union du Bangladesh, et Kim SookYung, directeur des minist\u00e8res aupr\u00e8s des enfants, ont demand\u00e9 aux minist\u00e8res des femmes de la KUC de visiter le Bangladesh et d\u2019y organiser des rencontres \u00e9vang\u00e9liques \u00e0 l\u2019ext\u00e9rieur de Dacca, capitale bangladaise. Les minist\u00e8res des femmes de la KUC et l\u2019Association des femmes adventistes cor\u00e9ennes ont donc commenc\u00e9 \u00e0 se pr\u00e9parer pour cette mission au Bangladesh, recueillant de l\u2019information sur le pays et des fonds en organisant des ventes de charit\u00e9. Elles se sont pr\u00e9par\u00e9es de mani\u00e8re approfondie pendant plus d\u2019une ann\u00e9e, en Cor\u00e9e et au Bangladesh, avec l\u2019aide du pr\u00e9sident de l\u2019Union, des membres du personnel et des pasteurs du Bangladesh, qui ont pr\u00e9par\u00e9 l\u2019h\u00e9bergement et les fournitures n\u00e9cessaires \u00e0 la campagne pour les \u00e9quipes, y compris des cadeaux et des collations pour les participants gr\u00e2ce aux fonds envoy\u00e9s \u00e0 l\u2019avance.<\/span><\/p>\n<p><span style=\"font-weight: 400;\">M\u00eame si le Bangladesh est un champ missionnaire \u00e9loign\u00e9 de la Cor\u00e9e, n\u00e9cessitant deux transferts de vols pour s\u2019y rendre, 35 femmes se sont port\u00e9es volontaires. Pour certaines d\u2019entre elles, le voyage jusqu\u2019au lieu de mission a dur\u00e9 38 heures, \u00e9tant donn\u00e9 les perturbations m\u00e9t\u00e9orologiques. Il y a m\u00eame eu un atterrissage d\u2019urgence \u00e0 Kolkata, en Inde, ainsi qu\u2019un d\u00e9tour par Bangkok avant l\u2019arriv\u00e9e au Bangladesh.<\/span><\/p>\n<p><div id=\"attachment_109955\" style=\"width: 889px\" class=\"wp-caption aligncenter\"><img decoding=\"async\" aria-describedby=\"caption-attachment-109955\" class=\" wp-image-109954\" src=\"https:\/\/interamerica.org\/wp-content\/uploads\/2024\/02\/korea-320231213-083133-1100x825-1-1024x768.jpeg\" alt=\"\" width=\"879\" height=\"659\" srcset=\"https:\/\/interamerica.org\/wp-content\/uploads\/2024\/02\/korea-320231213-083133-1100x825-1-1024x768.jpeg 1024w, https:\/\/interamerica.org\/wp-content\/uploads\/2024\/02\/korea-320231213-083133-1100x825-1-300x225.jpeg 300w, https:\/\/interamerica.org\/wp-content\/uploads\/2024\/02\/korea-320231213-083133-1100x825-1-768x576.jpeg 768w, https:\/\/interamerica.org\/wp-content\/uploads\/2024\/02\/korea-320231213-083133-1100x825-1.jpeg 1100w\" sizes=\"(max-width: 879px) 100vw, 879px\" \/><p id=\"caption-attachment-109955\" class=\"wp-caption-text\"><span style=\"font-weight: 400;\">De nombreux enfants bangladais ont assist\u00e9 aux r\u00e9unions \u00e9vang\u00e9liques. [Une photo de l\u2019Union des f\u00e9d\u00e9rations cor\u00e9ennes]<\/span><\/p><\/div><span style=\"font-weight: 400;\">Certaines femmes ont choisi d\u2019\u00e9pargner sur le co\u00fbt des vols afin de financer des projets d\u2019approvisionnement en eau au Bangladesh. Elles ont donc accept\u00e9 de passer des nuits dans les a\u00e9roports durant leur passage par la Chine. Cependant, en arrivant sur les lieux de leur mission, elles ont \u00e9t\u00e9 accueillies par les membres des \u00e9glises locales, m\u00eame s\u2019il se faisait tard, avec des fleurs, des danses traditionnelles et de la musique, dissipant toute la fatigue du long voyage.<\/span><\/p>\n<p><span style=\"font-weight: 400;\">Les femmes ont r\u00e9ussi \u00e0 former cinq \u00e9quipes d\u2019\u00e9vang\u00e9lisation, qui ont respectivement \u00e9t\u00e9 envoy\u00e9es \u00e0 l\u2019\u00e9glise de Gobindopur, \u00e0 l\u2019\u00e9glise Deborah, \u00e0 l\u2019\u00e9glise Aconpara, \u00e0 l\u2019\u00e9glise de Kuzura et \u00e0 l\u2019\u00e9glise Baribide, sur le territoire de la Mission du nord du Bangladesh. Chaque matin, elles dirigeaient des \u00e9coles bibliques, offraient ensuite des visites \u00e0 domicile, puis des examens m\u00e9dicaux en apr\u00e8s-midi. Et le soir, elles pr\u00eachaient.<\/span><\/p>\n<p><span style=\"font-weight: 400;\">En plus, les femmes ont offert aux participants locaux l\u2019occasion de faire l\u2019exp\u00e9rience de divers aspects de la culture cor\u00e9enne par des activit\u00e9s de bricolage.<\/span><\/p>\n<p><div id=\"attachment_109958\" style=\"width: 833px\" class=\"wp-caption aligncenter\"><img loading=\"lazy\" decoding=\"async\" aria-describedby=\"caption-attachment-109958\" class=\" wp-image-109957\" src=\"https:\/\/interamerica.org\/wp-content\/uploads\/2024\/02\/kakaotalk-20240131-124817177-09-1024x577.jpeg\" alt=\"\" width=\"823\" height=\"464\" srcset=\"https:\/\/interamerica.org\/wp-content\/uploads\/2024\/02\/kakaotalk-20240131-124817177-09-1024x577.jpeg 1024w, https:\/\/interamerica.org\/wp-content\/uploads\/2024\/02\/kakaotalk-20240131-124817177-09-300x169.jpeg 300w, https:\/\/interamerica.org\/wp-content\/uploads\/2024\/02\/kakaotalk-20240131-124817177-09-768x433.jpeg 768w, https:\/\/interamerica.org\/wp-content\/uploads\/2024\/02\/kakaotalk-20240131-124817177-09.jpeg 1200w\" sizes=\"(max-width: 823px) 100vw, 823px\" \/><p id=\"caption-attachment-109958\" class=\"wp-caption-text\"><span style=\"font-weight: 400;\">L\u2019une des dizaines de personnes qui se sont faites baptiser \u00e0 la suite de l\u2019initiative \u00e9vang\u00e9lique des femmes cor\u00e9ennes au Bangladesh. [Une photo de l\u2019Union des f\u00e9d\u00e9rations cor\u00e9ennes]<\/span><\/p><\/div><span style=\"font-weight: 400;\">Lors de cette s\u00e9rie d\u2019\u00e9vang\u00e9lisation, 40 personnes de cinq \u00e9glises ont \u00e9t\u00e9 baptis\u00e9es et sont n\u00e9es de nouveau pour devenir les enfants de Dieu. Dans certaines r\u00e9gions, les bapt\u00eames ont eu lieu dans des rivi\u00e8res alors que dans d\u2019autres, on a utilis\u00e9 le baptist\u00e8re de l\u2019\u00e9glise. Les bapt\u00eames ont mis beaucoup de joie, non seulement dans le c\u0153ur de Dieu, mais aussi chez tous ceux qui ont \u00e9t\u00e9 t\u00e9moins de l\u2019\u00e9v\u00e9nement, ont rapport\u00e9 les dirigeants. Aux personnes nouvellement baptis\u00e9es, on a donn\u00e9 une Bible en cadeau.<\/span><\/p>\n<p><span style=\"font-weight: 400;\">Pour effectuer du travail missionnaire, un budget consid\u00e9rable est requis. Heureusement, Dieu est subvenu \u00e0 tous les besoins de la campagne. Le d\u00e9partement des minist\u00e8res des femmes de la Division du nord de l\u2019Asie et du Pacifique et bien d\u2019autres contributeurs ont fourni les fonds pour payer les d\u00e9penses lors du voyage missionnaire, y compris les cadeaux pour les projets de soutien, comme les installations d\u2019approvisionnement en eau, les toilettes, la construction de cuisines, les r\u00e9novations d\u2019\u00e9glise, etc. Les cinq \u00e9quipes ont recueilli et fourni des fonds pour huit puits d\u2019eau, deux salles de bain et deux cuisines, accordant la priorit\u00e9 \u00e0 l\u2019agrandissement de salles de classe, \u00e0 l\u2019am\u00e9lioration des toits d\u2019\u00e9glise et au remplacement des tapis.<\/span><\/p>\n<p><span style=\"font-weight: 400;\">\u00ab\u00a0Nous esp\u00e9rons sinc\u00e8rement que les \u00e9glises pourront offrir l\u2019eau vive de J\u00e9sus aux personnes de leur communaut\u00e9, ont dit les \u00e9quipes des minist\u00e8res des femmes de la KUC dans un communiqu\u00e9. Nous remercions Dieu pour la mobilisation des femmes de la KUC et le fait qu\u2019elles sont all\u00e9es et qu\u2019elles ont partag\u00e9 l\u2019amour de J\u00e9sus au Bangladesh.\u00a0\u00bb<\/span><\/p>\n<p><span style=\"font-weight: 400;\">La <\/span><a href=\"https:\/\/www.nsdadventist.org\/kuc-womens-ministries-teams-visited-bangladesh-to-hold-evangelistic-meetings\/\"><span style=\"font-weight: 400;\">version originale<\/span><\/a><span style=\"font-weight: 400;\"> de cet article a \u00e9t\u00e9 publi\u00e9e sur le <\/span><a href=\"https:\/\/www.nsdadventist.org\/\"><span style=\"font-weight: 400;\">site des actualit\u00e9s<\/span><\/a><span style=\"font-weight: 400;\"> de la Division du nord de l\u2019Asie et du Pacifique.<\/span><\/p>\n<p><span style=\"font-weight: 400;\">Traduction\u00a0: Marie-Mich\u00e8le Robitaille<\/span><\/p>\n","protected":false},"excerpt":{"rendered":"<p>Des dizaines de personnes se sont faites baptiser apr\u00e8s que des \u00e9quipes ont servi et pr\u00each\u00e9 \u00e0 diff\u00e9rents endroits. Le 13 f\u00e9vrier 2024 | Goyang, Cor\u00e9e du Sud | Division&#8230;<\/p>\n","protected":false},"author":3,"featured_media":109943,"comment_status":"closed","ping_status":"closed","sticky":false,"template":"","format":"standard","meta":{"_acf_changed":false,"footnotes":""},"categories":[18,19],"tags":[],"class_list":["post-110160","post","type-post","status-publish","format-standard","has-post-thumbnail","hentry","category-nouvelles-de-leglise-mondiale","category-rss-francais"],"acf":[],"yoast_head":"<!-- This site is optimized with the Yoast SEO plugin v27.3 - https:\/\/yoast.com\/product\/yoast-seo-wordpress\/ -->\n<title>Des cor\u00e9ennes adventistes organisent une campagne d\u2019\u00e9vang\u00e9lisation au Bangladesh - \u00c9glise Adventiste Du Septieme Jour - Inter Am\u00e9rique Division<\/title>\n<meta name=\"robots\" content=\"index, follow, max-snippet:-1, max-image-preview:large, max-video-preview:-1\" \/>\n<link rel=\"canonical\" href=\"https:\/\/interamerica.org\/fr\/2024\/02\/des-coreennes-adventistes-organisent-une-campagne-devangelisation-au-bangladesh\/\" \/>\n<meta property=\"og:locale\" content=\"fr_FR\" \/>\n<meta property=\"og:type\" content=\"article\" \/>\n<meta property=\"og:title\" content=\"Des cor\u00e9ennes adventistes organisent une campagne d\u2019\u00e9vang\u00e9lisation au Bangladesh - \u00c9glise Adventiste Du Septieme Jour - Inter Am\u00e9rique Division\" \/>\n<meta property=\"og:description\" content=\"Des dizaines de personnes se sont faites baptiser apr\u00e8s que des \u00e9quipes ont servi et pr\u00each\u00e9 \u00e0 diff\u00e9rents endroits. Le 13 f\u00e9vrier 2024 | Goyang, Cor\u00e9e du Sud | Division...\" \/>\n<meta property=\"og:url\" content=\"https:\/\/interamerica.org\/fr\/2024\/02\/des-coreennes-adventistes-organisent-une-campagne-devangelisation-au-bangladesh\/\" \/>\n<meta property=\"og:site_name\" content=\"\u00c9glise Adventiste Du Septieme Jour - Inter Am\u00e9rique Division\" \/>\n<meta property=\"article:published_time\" content=\"2024-02-13T18:38:55+00:00\" \/>\n<meta property=\"article:modified_time\" content=\"2024-02-16T14:59:32+00:00\" \/>\n<meta property=\"og:image\" content=\"https:\/\/interamerica.org\/wp-content\/uploads\/2024\/02\/kakaotalk-20240115-162316628-2-1024x473-1-2-1280.jpg\" \/>\n\t<meta property=\"og:image:width\" content=\"1000\" \/>\n\t<meta property=\"og:image:height\" content=\"625\" \/>\n\t<meta property=\"og:image:type\" content=\"image\/jpeg\" \/>\n<meta name=\"author\" content=\"libna\" \/>\n<meta name=\"twitter:card\" content=\"summary_large_image\" \/>\n<meta name=\"twitter:label1\" content=\"\u00c9crit par\" \/>\n\t<meta name=\"twitter:data1\" content=\"libna\" \/>\n\t<meta name=\"twitter:label2\" content=\"Dur\u00e9e de lecture estim\u00e9e\" \/>\n\t<meta name=\"twitter:data2\" content=\"5 minutes\" \/>\n<script type=\"application\/ld+json\" class=\"yoast-schema-graph\">{\"@context\":\"https:\\\/\\\/schema.org\",\"@graph\":[{\"@type\":\"Article\",\"@id\":\"https:\\\/\\\/interamerica.org\\\/fr\\\/2024\\\/02\\\/des-coreennes-adventistes-organisent-une-campagne-devangelisation-au-bangladesh\\\/#article\",\"isPartOf\":{\"@id\":\"https:\\\/\\\/interamerica.org\\\/fr\\\/2024\\\/02\\\/des-coreennes-adventistes-organisent-une-campagne-devangelisation-au-bangladesh\\\/\"},\"author\":{\"name\":\"libna\",\"@id\":\"https:\\\/\\\/interamerica.org\\\/fr\\\/#\\\/schema\\\/person\\\/29998f2bc2d8bd0d38662909289b54f1\"},\"headline\":\"Des cor\u00e9ennes adventistes organisent une campagne d\u2019\u00e9vang\u00e9lisation au Bangladesh\",\"datePublished\":\"2024-02-13T18:38:55+00:00\",\"dateModified\":\"2024-02-16T14:59:32+00:00\",\"mainEntityOfPage\":{\"@id\":\"https:\\\/\\\/interamerica.org\\\/fr\\\/2024\\\/02\\\/des-coreennes-adventistes-organisent-une-campagne-devangelisation-au-bangladesh\\\/\"},\"wordCount\":1080,\"image\":{\"@id\":\"https:\\\/\\\/interamerica.org\\\/fr\\\/2024\\\/02\\\/des-coreennes-adventistes-organisent-une-campagne-devangelisation-au-bangladesh\\\/#primaryimage\"},\"thumbnailUrl\":\"https:\\\/\\\/interamerica.org\\\/wp-content\\\/uploads\\\/2024\\\/02\\\/kakaotalk-20240115-162316628-2-1024x473-1-2-1280.jpg\",\"articleSection\":[\"Nouvelles de l'\u00c9glise mondiale\",\"RSS Fran\u00e7ais\"],\"inLanguage\":\"fr-FR\"},{\"@type\":\"WebPage\",\"@id\":\"https:\\\/\\\/interamerica.org\\\/fr\\\/2024\\\/02\\\/des-coreennes-adventistes-organisent-une-campagne-devangelisation-au-bangladesh\\\/\",\"url\":\"https:\\\/\\\/interamerica.org\\\/fr\\\/2024\\\/02\\\/des-coreennes-adventistes-organisent-une-campagne-devangelisation-au-bangladesh\\\/\",\"name\":\"Des cor\u00e9ennes adventistes organisent une campagne d\u2019\u00e9vang\u00e9lisation au Bangladesh - \u00c9glise Adventiste Du Septieme Jour - Inter Am\u00e9rique Division\",\"isPartOf\":{\"@id\":\"https:\\\/\\\/interamerica.org\\\/fr\\\/#website\"},\"primaryImageOfPage\":{\"@id\":\"https:\\\/\\\/interamerica.org\\\/fr\\\/2024\\\/02\\\/des-coreennes-adventistes-organisent-une-campagne-devangelisation-au-bangladesh\\\/#primaryimage\"},\"image\":{\"@id\":\"https:\\\/\\\/interamerica.org\\\/fr\\\/2024\\\/02\\\/des-coreennes-adventistes-organisent-une-campagne-devangelisation-au-bangladesh\\\/#primaryimage\"},\"thumbnailUrl\":\"https:\\\/\\\/interamerica.org\\\/wp-content\\\/uploads\\\/2024\\\/02\\\/kakaotalk-20240115-162316628-2-1024x473-1-2-1280.jpg\",\"datePublished\":\"2024-02-13T18:38:55+00:00\",\"dateModified\":\"2024-02-16T14:59:32+00:00\",\"author\":{\"@id\":\"https:\\\/\\\/interamerica.org\\\/fr\\\/#\\\/schema\\\/person\\\/29998f2bc2d8bd0d38662909289b54f1\"},\"breadcrumb\":{\"@id\":\"https:\\\/\\\/interamerica.org\\\/fr\\\/2024\\\/02\\\/des-coreennes-adventistes-organisent-une-campagne-devangelisation-au-bangladesh\\\/#breadcrumb\"},\"inLanguage\":\"fr-FR\",\"potentialAction\":[{\"@type\":\"ReadAction\",\"target\":[\"https:\\\/\\\/interamerica.org\\\/fr\\\/2024\\\/02\\\/des-coreennes-adventistes-organisent-une-campagne-devangelisation-au-bangladesh\\\/\"]}]},{\"@type\":\"ImageObject\",\"inLanguage\":\"fr-FR\",\"@id\":\"https:\\\/\\\/interamerica.org\\\/fr\\\/2024\\\/02\\\/des-coreennes-adventistes-organisent-une-campagne-devangelisation-au-bangladesh\\\/#primaryimage\",\"url\":\"https:\\\/\\\/interamerica.org\\\/wp-content\\\/uploads\\\/2024\\\/02\\\/kakaotalk-20240115-162316628-2-1024x473-1-2-1280.jpg\",\"contentUrl\":\"https:\\\/\\\/interamerica.org\\\/wp-content\\\/uploads\\\/2024\\\/02\\\/kakaotalk-20240115-162316628-2-1024x473-1-2-1280.jpg\",\"width\":1000,\"height\":625},{\"@type\":\"BreadcrumbList\",\"@id\":\"https:\\\/\\\/interamerica.org\\\/fr\\\/2024\\\/02\\\/des-coreennes-adventistes-organisent-une-campagne-devangelisation-au-bangladesh\\\/#breadcrumb\",\"itemListElement\":[{\"@type\":\"ListItem\",\"position\":1,\"name\":\"Home\",\"item\":\"https:\\\/\\\/interamerica.org\\\/fr\\\/\"},{\"@type\":\"ListItem\",\"position\":2,\"name\":\"Des cor\u00e9ennes adventistes organisent une campagne d\u2019\u00e9vang\u00e9lisation au Bangladesh\"}]},{\"@type\":\"WebSite\",\"@id\":\"https:\\\/\\\/interamerica.org\\\/fr\\\/#website\",\"url\":\"https:\\\/\\\/interamerica.org\\\/fr\\\/\",\"name\":\"\u00c9glise Adventiste Du Septieme Jour - Inter Am\u00e9rique Division\",\"description\":\"\",\"potentialAction\":[{\"@type\":\"SearchAction\",\"target\":{\"@type\":\"EntryPoint\",\"urlTemplate\":\"https:\\\/\\\/interamerica.org\\\/fr\\\/?s={search_term_string}\"},\"query-input\":{\"@type\":\"PropertyValueSpecification\",\"valueRequired\":true,\"valueName\":\"search_term_string\"}}],\"inLanguage\":\"fr-FR\"},{\"@type\":\"Person\",\"@id\":\"https:\\\/\\\/interamerica.org\\\/fr\\\/#\\\/schema\\\/person\\\/29998f2bc2d8bd0d38662909289b54f1\",\"name\":\"libna\",\"image\":{\"@type\":\"ImageObject\",\"inLanguage\":\"fr-FR\",\"@id\":\"https:\\\/\\\/secure.gravatar.com\\\/avatar\\\/7c5bd30ae4b47a9ba3c856590957fd1d96dc588bf3ac05719d247e126840331f?s=96&d=mm&r=g\",\"url\":\"https:\\\/\\\/secure.gravatar.com\\\/avatar\\\/7c5bd30ae4b47a9ba3c856590957fd1d96dc588bf3ac05719d247e126840331f?s=96&d=mm&r=g\",\"contentUrl\":\"https:\\\/\\\/secure.gravatar.com\\\/avatar\\\/7c5bd30ae4b47a9ba3c856590957fd1d96dc588bf3ac05719d247e126840331f?s=96&d=mm&r=g\",\"caption\":\"libna\"}}]}<\/script>\n<!-- \/ Yoast SEO plugin. -->","yoast_head_json":{"title":"Des cor\u00e9ennes adventistes organisent une campagne d\u2019\u00e9vang\u00e9lisation au Bangladesh - \u00c9glise Adventiste Du Septieme Jour - Inter Am\u00e9rique Division","robots":{"index":"index","follow":"follow","max-snippet":"max-snippet:-1","max-image-preview":"max-image-preview:large","max-video-preview":"max-video-preview:-1"},"canonical":"https:\/\/interamerica.org\/fr\/2024\/02\/des-coreennes-adventistes-organisent-une-campagne-devangelisation-au-bangladesh\/","og_locale":"fr_FR","og_type":"article","og_title":"Des cor\u00e9ennes adventistes organisent une campagne d\u2019\u00e9vang\u00e9lisation au Bangladesh - \u00c9glise Adventiste Du Septieme Jour - Inter Am\u00e9rique Division","og_description":"Des dizaines de personnes se sont faites baptiser apr\u00e8s que des \u00e9quipes ont servi et pr\u00each\u00e9 \u00e0 diff\u00e9rents endroits. Le 13 f\u00e9vrier 2024 | Goyang, Cor\u00e9e du Sud | Division...","og_url":"https:\/\/interamerica.org\/fr\/2024\/02\/des-coreennes-adventistes-organisent-une-campagne-devangelisation-au-bangladesh\/","og_site_name":"\u00c9glise Adventiste Du Septieme Jour - Inter Am\u00e9rique Division","article_published_time":"2024-02-13T18:38:55+00:00","article_modified_time":"2024-02-16T14:59:32+00:00","og_image":[{"width":1000,"height":625,"url":"https:\/\/interamerica.org\/wp-content\/uploads\/2024\/02\/kakaotalk-20240115-162316628-2-1024x473-1-2-1280.jpg","type":"image\/jpeg"}],"author":"libna","twitter_card":"summary_large_image","twitter_misc":{"\u00c9crit par":"libna","Dur\u00e9e de lecture estim\u00e9e":"5 minutes"},"schema":{"@context":"https:\/\/schema.org","@graph":[{"@type":"Article","@id":"https:\/\/interamerica.org\/fr\/2024\/02\/des-coreennes-adventistes-organisent-une-campagne-devangelisation-au-bangladesh\/#article","isPartOf":{"@id":"https:\/\/interamerica.org\/fr\/2024\/02\/des-coreennes-adventistes-organisent-une-campagne-devangelisation-au-bangladesh\/"},"author":{"name":"libna","@id":"https:\/\/interamerica.org\/fr\/#\/schema\/person\/29998f2bc2d8bd0d38662909289b54f1"},"headline":"Des cor\u00e9ennes adventistes organisent une campagne d\u2019\u00e9vang\u00e9lisation au Bangladesh","datePublished":"2024-02-13T18:38:55+00:00","dateModified":"2024-02-16T14:59:32+00:00","mainEntityOfPage":{"@id":"https:\/\/interamerica.org\/fr\/2024\/02\/des-coreennes-adventistes-organisent-une-campagne-devangelisation-au-bangladesh\/"},"wordCount":1080,"image":{"@id":"https:\/\/interamerica.org\/fr\/2024\/02\/des-coreennes-adventistes-organisent-une-campagne-devangelisation-au-bangladesh\/#primaryimage"},"thumbnailUrl":"https:\/\/interamerica.org\/wp-content\/uploads\/2024\/02\/kakaotalk-20240115-162316628-2-1024x473-1-2-1280.jpg","articleSection":["Nouvelles de l'\u00c9glise mondiale","RSS Fran\u00e7ais"],"inLanguage":"fr-FR"},{"@type":"WebPage","@id":"https:\/\/interamerica.org\/fr\/2024\/02\/des-coreennes-adventistes-organisent-une-campagne-devangelisation-au-bangladesh\/","url":"https:\/\/interamerica.org\/fr\/2024\/02\/des-coreennes-adventistes-organisent-une-campagne-devangelisation-au-bangladesh\/","name":"Des cor\u00e9ennes adventistes organisent une campagne d\u2019\u00e9vang\u00e9lisation au Bangladesh - \u00c9glise Adventiste Du Septieme Jour - Inter Am\u00e9rique Division","isPartOf":{"@id":"https:\/\/interamerica.org\/fr\/#website"},"primaryImageOfPage":{"@id":"https:\/\/interamerica.org\/fr\/2024\/02\/des-coreennes-adventistes-organisent-une-campagne-devangelisation-au-bangladesh\/#primaryimage"},"image":{"@id":"https:\/\/interamerica.org\/fr\/2024\/02\/des-coreennes-adventistes-organisent-une-campagne-devangelisation-au-bangladesh\/#primaryimage"},"thumbnailUrl":"https:\/\/interamerica.org\/wp-content\/uploads\/2024\/02\/kakaotalk-20240115-162316628-2-1024x473-1-2-1280.jpg","datePublished":"2024-02-13T18:38:55+00:00","dateModified":"2024-02-16T14:59:32+00:00","author":{"@id":"https:\/\/interamerica.org\/fr\/#\/schema\/person\/29998f2bc2d8bd0d38662909289b54f1"},"breadcrumb":{"@id":"https:\/\/interamerica.org\/fr\/2024\/02\/des-coreennes-adventistes-organisent-une-campagne-devangelisation-au-bangladesh\/#breadcrumb"},"inLanguage":"fr-FR","potentialAction":[{"@type":"ReadAction","target":["https:\/\/interamerica.org\/fr\/2024\/02\/des-coreennes-adventistes-organisent-une-campagne-devangelisation-au-bangladesh\/"]}]},{"@type":"ImageObject","inLanguage":"fr-FR","@id":"https:\/\/interamerica.org\/fr\/2024\/02\/des-coreennes-adventistes-organisent-une-campagne-devangelisation-au-bangladesh\/#primaryimage","url":"https:\/\/interamerica.org\/wp-content\/uploads\/2024\/02\/kakaotalk-20240115-162316628-2-1024x473-1-2-1280.jpg","contentUrl":"https:\/\/interamerica.org\/wp-content\/uploads\/2024\/02\/kakaotalk-20240115-162316628-2-1024x473-1-2-1280.jpg","width":1000,"height":625},{"@type":"BreadcrumbList","@id":"https:\/\/interamerica.org\/fr\/2024\/02\/des-coreennes-adventistes-organisent-une-campagne-devangelisation-au-bangladesh\/#breadcrumb","itemListElement":[{"@type":"ListItem","position":1,"name":"Home","item":"https:\/\/interamerica.org\/fr\/"},{"@type":"ListItem","position":2,"name":"Des cor\u00e9ennes adventistes organisent une campagne d\u2019\u00e9vang\u00e9lisation au Bangladesh"}]},{"@type":"WebSite","@id":"https:\/\/interamerica.org\/fr\/#website","url":"https:\/\/interamerica.org\/fr\/","name":"\u00c9glise Adventiste Du Septieme Jour - Inter Am\u00e9rique Division","description":"","potentialAction":[{"@type":"SearchAction","target":{"@type":"EntryPoint","urlTemplate":"https:\/\/interamerica.org\/fr\/?s={search_term_string}"},"query-input":{"@type":"PropertyValueSpecification","valueRequired":true,"valueName":"search_term_string"}}],"inLanguage":"fr-FR"},{"@type":"Person","@id":"https:\/\/interamerica.org\/fr\/#\/schema\/person\/29998f2bc2d8bd0d38662909289b54f1","name":"libna","image":{"@type":"ImageObject","inLanguage":"fr-FR","@id":"https:\/\/secure.gravatar.com\/avatar\/7c5bd30ae4b47a9ba3c856590957fd1d96dc588bf3ac05719d247e126840331f?s=96&d=mm&r=g","url":"https:\/\/secure.gravatar.com\/avatar\/7c5bd30ae4b47a9ba3c856590957fd1d96dc588bf3ac05719d247e126840331f?s=96&d=mm&r=g","contentUrl":"https:\/\/secure.gravatar.com\/avatar\/7c5bd30ae4b47a9ba3c856590957fd1d96dc588bf3ac05719d247e126840331f?s=96&d=mm&r=g","caption":"libna"}}]}},"_links":{"self":[{"href":"https:\/\/interamerica.org\/fr\/wp-json\/wp\/v2\/posts\/110160","targetHints":{"allow":["GET"]}}],"collection":[{"href":"https:\/\/interamerica.org\/fr\/wp-json\/wp\/v2\/posts"}],"about":[{"href":"https:\/\/interamerica.org\/fr\/wp-json\/wp\/v2\/types\/post"}],"author":[{"embeddable":true,"href":"https:\/\/interamerica.org\/fr\/wp-json\/wp\/v2\/users\/3"}],"replies":[{"embeddable":true,"href":"https:\/\/interamerica.org\/fr\/wp-json\/wp\/v2\/comments?post=110160"}],"version-history":[{"count":0,"href":"https:\/\/interamerica.org\/fr\/wp-json\/wp\/v2\/posts\/110160\/revisions"}],"wp:featuredmedia":[{"embeddable":true,"href":"https:\/\/interamerica.org\/fr\/wp-json\/wp\/v2\/media\/109943"}],"wp:attachment":[{"href":"https:\/\/interamerica.org\/fr\/wp-json\/wp\/v2\/media?parent=110160"}],"wp:term":[{"taxonomy":"category","embeddable":true,"href":"https:\/\/interamerica.org\/fr\/wp-json\/wp\/v2\/categories?post=110160"},{"taxonomy":"post_tag","embeddable":true,"href":"https:\/\/interamerica.org\/fr\/wp-json\/wp\/v2\/tags?post=110160"}],"curies":[{"name":"wp","href":"https:\/\/api.w.org\/{rel}","templated":true}]}}