{"id":110174,"date":"2024-02-15T14:49:56","date_gmt":"2024-02-15T19:49:56","guid":{"rendered":"https:\/\/interamerica.org\/?p=110174"},"modified":"2024-02-16T14:59:25","modified_gmt":"2024-02-16T19:59:25","slug":"leglise-adventiste-a-cuba-accelere-la-formation-des-dirigeants-pour-contrebalancer-limpact-de-lexode","status":"publish","type":"post","link":"https:\/\/interamerica.org\/fr\/2024\/02\/leglise-adventiste-a-cuba-accelere-la-formation-des-dirigeants-pour-contrebalancer-limpact-de-lexode\/","title":{"rendered":"L\u2019\u00c9glise adventiste \u00e0 Cuba acc\u00e9l\u00e8re la formation des dirigeants pour contrebalancer l\u2019impact de l\u2019exode"},"content":{"rendered":"<p><em>Les dirigeants \u00e9quipent des centaines de jeunes pour remplacer ceux qui sont partis.<\/em><\/p>\n<p>15 F\u00e9vrier 2024 | La Havane, Cuba | Ireydis Pita et Libna Stevens, Actualit\u00e9s de la Division Inter Am\u00e9ricaine<\/p>\n<p>L\u2019\u00c9glise adventiste du septi\u00e8me jour \u00e0 Cuba redouble d\u2019efforts pour \u00e9quiper les jeunes de fa\u00e7on \u00e0 r\u00e9pondre \u00e0 l\u2019\u00e9migration d\u2019un grand nombre de pasteurs et de dirigeants locaux ces derni\u00e8res ann\u00e9es.<\/p>\n<p>Avant la pand\u00e9mie de COVID-19, l\u2019\u00e9migration de pasteurs et de dirigeants d\u2019\u00e9glise \u00e9tait un ph\u00e9nom\u00e8ne r\u00e9gulier, mais depuis, ce nombre a atteint un niveau sans pr\u00e9c\u00e9dent, ont indiqu\u00e9 les dirigeants d\u2019\u00e9glise locaux.<\/p>\n<p>\u00ab Entre 2021 et 2023, la crise multidimensionnelle sur l\u2019\u00eele a historiquement acc\u00e9l\u00e9r\u00e9 le nombre de migrations et cela a affect\u00e9 l\u2019\u00c9glise Adventiste ici, \u00bb a d\u00e9clar\u00e9 pasteur Aldo P\u00e9rez, pr\u00e9sident de l\u2019Union Cubaine. \u00ab Nous avons soudainement perdu des pasteurs et des dirigeants locaux de grande valeur. \u00bb Rien qu\u2019en 2023, 29 familles pastorales ont quitt\u00e9 l\u2019\u00eele. Depuis 2021, ce sont au total 44 familles pastorales qui ont quitt\u00e9 leur poste. Cela repr\u00e9sente un tiers des pasteurs qui dirigent aux niveaux de l\u2019union, de la f\u00e9d\u00e9ration, de la mission et de l\u2019\u00e9glise locale, a-t-il d\u00e9clar\u00e9.<\/p>\n<p><div id=\"attachment_110035\" style=\"width: 841px\" class=\"wp-caption aligncenter\"><img fetchpriority=\"high\" decoding=\"async\" aria-describedby=\"caption-attachment-110035\" class=\" wp-image-110034\" src=\"https:\/\/interamerica.org\/wp-content\/uploads\/2024\/02\/cuba-penas-blancas-mayabeque-feb2023.jpg\" alt=\"\" width=\"831\" height=\"554\" srcset=\"https:\/\/interamerica.org\/wp-content\/uploads\/2024\/02\/cuba-penas-blancas-mayabeque-feb2023.jpg 1000w, https:\/\/interamerica.org\/wp-content\/uploads\/2024\/02\/cuba-penas-blancas-mayabeque-feb2023-300x200.jpg 300w, https:\/\/interamerica.org\/wp-content\/uploads\/2024\/02\/cuba-penas-blancas-mayabeque-feb2023-768x512.jpg 768w\" sizes=\"(max-width: 831px) 100vw, 831px\" \/><p id=\"caption-attachment-110035\" class=\"wp-caption-text\">Le pasteur Ray Frometa, directeur des minist\u00e8res de la jeunesse de l\u2019Union Cubaine, dirige un s\u00e9minaire lors d\u2019une formation au leadership \u00e0 laquelle ont particip\u00e9 plus de 400 personnes \u00e0 Pe\u00f1as Blancas, \u00e0 Mayabeque, Cuba, en f\u00e9vrier 2023. La formation au leadership des jeunes fait partie d\u2019une strat\u00e9gie plus large au cours du quinquennat visant \u00e0 \u00e9quiper les jeunes dans l\u2019\u00e9glise locale et dans le leadership r\u00e9gional pour contrebalancer l\u2019\u00e9migration historique de pasteurs et de dirigeants d\u2019\u00e9glise locaux au cours des trois derni\u00e8res ann\u00e9es. [Photo : Union de Cuba]<\/p><\/div>Pasteur Perez a d\u00e9clar\u00e9 que ce n\u2019\u00e9tait pas nouveau. En 1980, l\u2019\u00e9glise a perdu plus de 100 ouvriers. Il qualifie la situation actuelle de \u00ab crise post-Covid, la situation \u00e9conomique \u00e9tant devenue ici plus difficile et critique, \u00bb a-t-il d\u00e9clar\u00e9. \u00ab Beaucoup de nos fr\u00e8res et s\u0153urs, ainsi que de nombreux ouvriers, recherchent de meilleures fa\u00e7ons de soutenir les membres de leur famille et leurs enfants, et cela nous frappe en tant qu\u2019\u00e9glise, mais nous louons Dieu parce qu\u2019au milieu de cette situation, face \u00e0 cette crise, de nombreux nouveaux croyants se joignent \u00e0 l\u2019\u00e9glise car ils recherchent un refuge et une esp\u00e9rance en Dieu. \u00bb<\/p>\n<p><strong>Un programme de formation d\u2019urgence<\/strong><\/p>\n<p>La situation pressante a contraint les dirigeants \u00e0 mettre en place ce qu\u2019ils appellent un programme d\u2019urgence visant \u00e0 former de nouveaux dirigeants. \u00ab Nous avons de jeunes dirigeants dans l\u2019\u00e9glise et nous devons bien les \u00e9quiper afin que l\u2019\u00e9glise puisse avancer dans son \u0153uvre missionnaire, \u00bb a d\u00e9clar\u00e9 pasteur P\u00e9rez.<\/p>\n<p>Pour faire face au d\u00e9fi cr\u00e9\u00e9 par la perte d\u2019autant de pasteurs et de dirigeants locaux, les administrateurs ont \u00e9labor\u00e9 une strat\u00e9gie visant \u00e0 former 7000 jeunes, dont 3500 nouveaux chefs guides et 3500 dirigeants de la Jeunesse Adventiste (JA) \u00e0 travers l\u2019\u00eele.<\/p>\n<p><div id=\"attachment_110029\" style=\"width: 874px\" class=\"wp-caption aligncenter\"><img decoding=\"async\" aria-describedby=\"caption-attachment-110029\" class=\" wp-image-110028\" src=\"https:\/\/interamerica.org\/wp-content\/uploads\/2024\/02\/cuba-iglesia-lastunas-eastern-pcmevent.jpg\" alt=\"\" width=\"864\" height=\"576\" srcset=\"https:\/\/interamerica.org\/wp-content\/uploads\/2024\/02\/cuba-iglesia-lastunas-eastern-pcmevent.jpg 1000w, https:\/\/interamerica.org\/wp-content\/uploads\/2024\/02\/cuba-iglesia-lastunas-eastern-pcmevent-300x200.jpg 300w, https:\/\/interamerica.org\/wp-content\/uploads\/2024\/02\/cuba-iglesia-lastunas-eastern-pcmevent-768x512.jpg 768w\" sizes=\"(max-width: 864px) 100vw, 864px\" \/><p id=\"caption-attachment-110029\" class=\"wp-caption-text\">Un groupe d\u2019\u00e9tudiants d\u2019universit\u00e9, de jeunes professionnels et d\u2019\u00e9l\u00e8ves du secondaire se sont r\u00e9unis pour un programme de formation propos\u00e9 par les Minist\u00e8res des Campus Publics \u00e0 l\u2019\u00e9glise adventiste de Las Tunas Central, \u00e0 Las Tunas, dans la partie centre-est de Cuba, les 12 et 13 janvier 2024. [Photo : Union de Cuba]<\/p><\/div>\u00ab L\u2019objectif est d\u2019acc\u00e9l\u00e9rer les processus et de produire plus rapidement et en plus grand nombre que ceux qui s\u2019en vont par la migration, des dirigeants form\u00e9s et motiv\u00e9s pour le service, \u00bb a d\u00e9clar\u00e9 Ray Frometa, directeur des minist\u00e8res de la jeunesse de l\u2019Union de Cuba.<\/p>\n<p><strong>Strat\u00e9gie de recrutement et de formation<\/strong><\/p>\n<p>Le recrutement et la formation rapides de nouveaux leaders constituent la nouvelle strat\u00e9gie, mais la vision de l\u2019\u00c9glise \u00e0 Cuba a toujours \u00e9t\u00e9 de se concentrer sur le fait d\u2019\u00e9quiper des dirigeants de mani\u00e8re continue, a-t-il d\u00e9clar\u00e9. Les initiatives pr\u00e9vues pour le quinquennat en cours comprennent la formation de quelque 300 jeunes qui a eu lieu en 2023, pour qu\u2019ils deviennent instructeurs dans chaque f\u00e9d\u00e9ration, la nomination d\u2019un leader des chefs-guides et des J.A. dans chaque district, la mise en place d\u2019un institut des minist\u00e8res de la jeunesse en ligne et la formation des dirigeants d\u2019\u00e9glise locaux dans chaque \u00e9glise pour qu\u2019ils deviennent des mentors pour les jeunes.<\/p>\n<p><div id=\"attachment_110026\" style=\"width: 858px\" class=\"wp-caption aligncenter\"><img decoding=\"async\" aria-describedby=\"caption-attachment-110026\" class=\" wp-image-110025\" src=\"https:\/\/interamerica.org\/wp-content\/uploads\/2024\/02\/cuba-youthleaders-lastunas.jpg\" alt=\"\" width=\"848\" height=\"565\" srcset=\"https:\/\/interamerica.org\/wp-content\/uploads\/2024\/02\/cuba-youthleaders-lastunas.jpg 1000w, https:\/\/interamerica.org\/wp-content\/uploads\/2024\/02\/cuba-youthleaders-lastunas-300x200.jpg 300w, https:\/\/interamerica.org\/wp-content\/uploads\/2024\/02\/cuba-youthleaders-lastunas-768x512.jpg 768w\" sizes=\"(max-width: 848px) 100vw, 848px\" \/><p id=\"caption-attachment-110026\" class=\"wp-caption-text\">Les dirigeants des Minist\u00e8res des Campus Publics et les dirigeants r\u00e9gionaux des minist\u00e8res de la jeunesse r\u00e9unis pour une photo de groupe dans l\u2019\u00e9glise adventiste de Las Tunas Central, le 13 janvier 2024. [Photo : Union de Cuba]<\/p><\/div>Lors d\u2019une r\u00e9cente formation de plus de 500 leaders de jeunesse, d\u2019\u00e9tudiants des minist\u00e8res des campus publics et de jeunes professionnels le mois dernier, le pasteur Ray Frometa, directeur des minist\u00e8res de la jeunesse de l\u2019Union de Cuba, les a encourag\u00e9s \u00e0 s\u2019efforcer de faire une diff\u00e9rence pour le Seigneur et \u00e0 ne jamais penser ou dire que les meilleurs dirigeants ont quitt\u00e9 le pays. \u00ab Ceux d\u2019entre nous qui sont rest\u00e9s sont ceux que Dieu utilisera pour achever l\u2019\u0153uvre, \u00bb a-t-il d\u00e9clar\u00e9. \u00ab Dieu vous appelle et vous forme parce que cette \u0153uvre n\u2019est pas une question de talent humain mais a \u00e0 voir avec la volont\u00e9 et le dessein de Dieu. \u00bb<\/p>\n<p>L\u2019\u00c9glise adventiste \u00e0 Cuba compte plus de 12000 jeunes. Environ la moiti\u00e9 d\u2019entre eux est constitu\u00e9e de jeunes de 6 \u00e0 15 ans et l\u2019autre moiti\u00e9 de jeunes de 16 \u00e0 30 ans.<\/p>\n<p><strong>Consolider les dirigeants de la jeunesse <\/strong><\/p>\n<p>Dans le cadre de la strat\u00e9gie visant \u00e0 restaurer le leadership, un pasteur a \u00e9t\u00e9 affect\u00e9 dans chacune des 20 f\u00e9d\u00e9rations J.A. travers le pays. De cette fa\u00e7on, il peut superviser et diriger directement le processus de recrutement et de formation des nouveaux dirigeants J.A. et Chefs-Guides, a dit pasteur Frometa. \u00ab Ils auront pour mission de mettre l\u2019accent sur l\u2019organisation des clubs et des leaders de jeunesse ainsi que sur le programme de mentorat qui d\u00e9boucherait sur leur int\u00e9gration dans la direction locale de l\u2019\u00e9glise. \u00bb Il s\u2019agit de recruter le noyau actif de l\u2019\u00e9glise pour travailler en faveur des jeunes et les consid\u00e9rer comme une priorit\u00e9 afin que l\u2019\u00e9glise puisse \u00e9galement \u00eatre rajeunie, a-t-il d\u00e9clar\u00e9.<\/p>\n<p><div id=\"attachment_110023\" style=\"width: 862px\" class=\"wp-caption aligncenter\"><img loading=\"lazy\" decoding=\"async\" aria-describedby=\"caption-attachment-110023\" class=\" wp-image-110022\" src=\"https:\/\/interamerica.org\/wp-content\/uploads\/2024\/02\/cuba-lastunas-group-jan2024dsc06794.jpg\" alt=\"\" width=\"852\" height=\"568\" srcset=\"https:\/\/interamerica.org\/wp-content\/uploads\/2024\/02\/cuba-lastunas-group-jan2024dsc06794.jpg 1000w, https:\/\/interamerica.org\/wp-content\/uploads\/2024\/02\/cuba-lastunas-group-jan2024dsc06794-300x200.jpg 300w, https:\/\/interamerica.org\/wp-content\/uploads\/2024\/02\/cuba-lastunas-group-jan2024dsc06794-768x512.jpg 768w\" sizes=\"(max-width: 852px) 100vw, 852px\" \/><p id=\"caption-attachment-110023\" class=\"wp-caption-text\">Des centaines de membres d\u2019\u00e9glise et de jeunes debout ensemble pendant le culte du sabbat \u00e0 l\u2019\u00e9glise adventiste de Las Tunas Central, \u00e0 Cuba, le 13 janvier 2024. [Photo : Union de Cuba]<\/p><\/div>Le programme de leadership des jeunes s\u2019est toujours d\u00e9roul\u00e9 \u00e0 un rythme mod\u00e9r\u00e9 dans l\u2019\u00e9glise, a expliqu\u00e9 pasteur Frometa, mais en tant que directeurs adjoints d\u00e9sign\u00e9s des minist\u00e8res de la jeunesse, ils peuvent jouer un r\u00f4le plus actif et aider chaque pasteur local \u00e0 d\u00e9velopper un programme intensif de leadership dans chaque district.<\/p>\n<p>La formation pour les minist\u00e8res de la jeunesse qui a eu lieu \u00e0 Holguin le mois dernier a appris aux 30 nouveaux dirigeants \u00e0 mieux comprendre leur r\u00f4le. Ils ont \u00e9galement examin\u00e9 les strat\u00e9gies, les initiatives et les activit\u00e9s et ont d\u00e9cid\u00e9 d\u2019avancer ensemble pour servir l\u2019\u00c9glise en tant que futurs leaders des minist\u00e8res de la jeunesse, a ajout\u00e9 pasteur Frometa.<\/p>\n<p>\u00ab Faisant partie d\u2019une \u00e9quipe de direction coordonn\u00e9e au niveau national, chacun d\u2019entre eux peut continuer \u00e0 travailler avec les strat\u00e9gies mises en place et \u00eatre pr\u00eat \u00e0 faire face en cas d\u2019\u00e9ventuel poste vacant provoqu\u00e9 par une migration dans l\u2019une des f\u00e9d\u00e9rations ou missions du pays, \u00bb a-t-il expliqu\u00e9.<\/p>\n<p><div id=\"attachment_110032\" style=\"width: 884px\" class=\"wp-caption aligncenter\"><img loading=\"lazy\" decoding=\"async\" aria-describedby=\"caption-attachment-110032\" class=\"wp-image-110031\" src=\"https:\/\/interamerica.org\/wp-content\/uploads\/2024\/02\/cuba-youthleaderinvested-mayabeque.jpg\" alt=\"\" width=\"874\" height=\"518\" srcset=\"https:\/\/interamerica.org\/wp-content\/uploads\/2024\/02\/cuba-youthleaderinvested-mayabeque.jpg 1000w, https:\/\/interamerica.org\/wp-content\/uploads\/2024\/02\/cuba-youthleaderinvested-mayabeque-300x178.jpg 300w, https:\/\/interamerica.org\/wp-content\/uploads\/2024\/02\/cuba-youthleaderinvested-mayabeque-768x455.jpg 768w\" sizes=\"(max-width: 874px) 100vw, 874px\" \/><p id=\"caption-attachment-110032\" class=\"wp-caption-text\">Pasteur Ray Frometa, directeur des minist\u00e8res de la jeunesse de l\u2019Union Cubaine, investit un leader de Jeunesse Adventiste nouvellement form\u00e9 lors d\u2019un atelier de leadership \u00e0 Pe\u00f1as Blancas, \u00e0 Mayabeque, Cuba, en f\u00e9vrier 2023. [Photo : Union Cubaine]<\/p><\/div><strong>Former des dirigeants d\u00e9vou\u00e9s et passionn\u00e9s<\/strong><\/p>\n<p>Former les jeunes \u00e0 diff\u00e9rents niveaux et dans divers minist\u00e8res de l\u2019\u00c9glise demeure une priorit\u00e9 et fait partie de la strat\u00e9gie en cours, a soulign\u00e9 pasteur P\u00e9rez. Les 12 et 13 janvier 2024, pr\u00e8s de 400 \u00e9tudiants d\u2019universit\u00e9, des professionnels et des \u00e9l\u00e8ves du secondaire se sont rassembl\u00e9s \u00e0 Las Tunas pour un programme des Minist\u00e8res des Campus Publics (PCM), au cours duquel il leur a \u00e9t\u00e9 rappel\u00e9 de s\u2019accrocher \u00e0 Dieu et d\u2019exercer un minist\u00e8re aupr\u00e8s des autres m\u00eame au milieu des difficult\u00e9s qu\u2019ils rencontrent chaque jour. Le pasteur Hiram Ruiz, directeur PCM de la Division Inter Am\u00e9ricaine, est intervenu lors du programme PCM et a encourag\u00e9 les jeunes \u00e0 laisser Dieu diriger leur vie et \u00e0 voir les changements positifs qu\u2019ils peuvent apporter dans le monde qui les entoure.<\/p>\n<p>Tout ce qui concerne la consolidation et la formation des jeunes est important, a d\u00e9clar\u00e9 pasteur P\u00e9rez. L\u2019objectif consistant \u00e0 former des dirigeants doit maintenant passer \u00e0 une phase plus agressive, a-t-il ajout\u00e9. \u00ab Nous devons continuer \u00e0 consolider l\u2019\u00c9glise dans ce domaine et essayer d\u2019inverser les effets de cette crise qui a mis en lumi\u00e8re la fragilit\u00e9 de l\u2019\u00c9glise, \u00bb a soulign\u00e9 Aldo P\u00e9rez.<\/p>\n<p><div id=\"attachment_110017\" style=\"width: 892px\" class=\"wp-caption aligncenter\"><img loading=\"lazy\" decoding=\"async\" aria-describedby=\"caption-attachment-110017\" class=\" wp-image-110016\" src=\"https:\/\/interamerica.org\/wp-content\/uploads\/2024\/02\/rayfrometa-jan2024.jpg\" alt=\"\" width=\"882\" height=\"588\" srcset=\"https:\/\/interamerica.org\/wp-content\/uploads\/2024\/02\/rayfrometa-jan2024.jpg 1000w, https:\/\/interamerica.org\/wp-content\/uploads\/2024\/02\/rayfrometa-jan2024-300x200.jpg 300w, https:\/\/interamerica.org\/wp-content\/uploads\/2024\/02\/rayfrometa-jan2024-768x512.jpg 768w\" sizes=\"(max-width: 882px) 100vw, 882px\" \/><p id=\"caption-attachment-110017\" class=\"wp-caption-text\">Pasteur Ray Frometa (\u00e0 droite), directeur des minist\u00e8res de la jeunesse de l\u2019Union Cubaine, pr\u00e9sente un segment aux c\u00f4t\u00e9s du pasteur Hiram Ruiz, directeur des minist\u00e8res des campus publics de la Division Inter Am\u00e9ricaine, lors d\u2019une formation en leadership les 12 et 13 janvier 2024, \u00e0 Las Tunas, \u00e0 Cuba. [Photo : Union Cubaine]<\/p><\/div>Il n\u2019y a pas de p\u00e9nurie de miracles \u00e0 Cuba, a d\u00e9clar\u00e9 pasteur P\u00e9rez. \u00ab Dieu continuera \u00e0 faire davantage de miracles ici \u00e0 Cuba, notamment pour que nos jeunes leaders form\u00e9s puissent continuer \u00e0 gagner d\u2019autres jeunes pour le Royaume \u00e9ternel. \u00bb<\/p>\n<p>Il y a plus de 40000 adventistes du septi\u00e8me jour qui se r\u00e9unissent pour adorer dans 546 \u00e9glises et groupes \u00e0 Cuba. L\u2019\u00e9glise supervise quatre f\u00e9d\u00e9rations et deux missions \u00e0 travers l\u2019\u00eele.<\/p>\n<p>Traduction: Patrick Luciathe<\/p>\n","protected":false},"excerpt":{"rendered":"<p>Les dirigeants \u00e9quipent des centaines de jeunes pour remplacer ceux qui sont partis. 15 F\u00e9vrier 2024 | La Havane, Cuba | Ireydis Pita et Libna Stevens, Actualit\u00e9s de la Division&#8230;<\/p>\n","protected":false},"author":3,"featured_media":110023,"comment_status":"closed","ping_status":"closed","sticky":false,"template":"","format":"standard","meta":{"_acf_changed":false,"footnotes":""},"categories":[20,19],"tags":[],"class_list":["post-110174","post","type-post","status-publish","format-standard","has-post-thumbnail","hentry","category-nouvelles-du-siege-de-la-division","category-rss-francais"],"acf":[],"yoast_head":"<!-- This site is optimized with the Yoast SEO plugin v27.3 - https:\/\/yoast.com\/product\/yoast-seo-wordpress\/ -->\n<title>L\u2019\u00c9glise adventiste \u00e0 Cuba acc\u00e9l\u00e8re la formation des dirigeants pour contrebalancer l\u2019impact de l\u2019exode - \u00c9glise Adventiste Du Septieme Jour - Inter Am\u00e9rique Division<\/title>\n<meta name=\"robots\" content=\"index, follow, max-snippet:-1, max-image-preview:large, max-video-preview:-1\" \/>\n<link rel=\"canonical\" href=\"https:\/\/interamerica.org\/fr\/2024\/02\/leglise-adventiste-a-cuba-accelere-la-formation-des-dirigeants-pour-contrebalancer-limpact-de-lexode\/\" \/>\n<meta property=\"og:locale\" content=\"fr_FR\" \/>\n<meta property=\"og:type\" content=\"article\" \/>\n<meta property=\"og:title\" content=\"L\u2019\u00c9glise adventiste \u00e0 Cuba acc\u00e9l\u00e8re la formation des dirigeants pour contrebalancer l\u2019impact de l\u2019exode - \u00c9glise Adventiste Du Septieme Jour - Inter Am\u00e9rique Division\" \/>\n<meta property=\"og:description\" content=\"Les dirigeants \u00e9quipent des centaines de jeunes pour remplacer ceux qui sont partis. 15 F\u00e9vrier 2024 | La Havane, Cuba | Ireydis Pita et Libna Stevens, Actualit\u00e9s de la Division...\" \/>\n<meta property=\"og:url\" content=\"https:\/\/interamerica.org\/fr\/2024\/02\/leglise-adventiste-a-cuba-accelere-la-formation-des-dirigeants-pour-contrebalancer-limpact-de-lexode\/\" \/>\n<meta property=\"og:site_name\" content=\"\u00c9glise Adventiste Du Septieme Jour - Inter Am\u00e9rique Division\" \/>\n<meta property=\"article:published_time\" content=\"2024-02-15T19:49:56+00:00\" \/>\n<meta property=\"article:modified_time\" content=\"2024-02-16T19:59:25+00:00\" \/>\n<meta property=\"og:image\" content=\"https:\/\/interamerica.org\/wp-content\/uploads\/2024\/02\/cuba-lastunas-group-jan2024dsc06794.jpg\" \/>\n\t<meta property=\"og:image:width\" content=\"1000\" \/>\n\t<meta property=\"og:image:height\" content=\"667\" \/>\n\t<meta property=\"og:image:type\" content=\"image\/jpeg\" \/>\n<meta name=\"author\" content=\"libna\" \/>\n<meta name=\"twitter:card\" content=\"summary_large_image\" \/>\n<meta name=\"twitter:label1\" content=\"\u00c9crit par\" \/>\n\t<meta name=\"twitter:data1\" content=\"libna\" \/>\n\t<meta name=\"twitter:label2\" content=\"Dur\u00e9e de lecture estim\u00e9e\" \/>\n\t<meta name=\"twitter:data2\" content=\"9 minutes\" \/>\n<script type=\"application\/ld+json\" class=\"yoast-schema-graph\">{\"@context\":\"https:\\\/\\\/schema.org\",\"@graph\":[{\"@type\":\"Article\",\"@id\":\"https:\\\/\\\/interamerica.org\\\/fr\\\/2024\\\/02\\\/leglise-adventiste-a-cuba-accelere-la-formation-des-dirigeants-pour-contrebalancer-limpact-de-lexode\\\/#article\",\"isPartOf\":{\"@id\":\"https:\\\/\\\/interamerica.org\\\/fr\\\/2024\\\/02\\\/leglise-adventiste-a-cuba-accelere-la-formation-des-dirigeants-pour-contrebalancer-limpact-de-lexode\\\/\"},\"author\":{\"name\":\"libna\",\"@id\":\"https:\\\/\\\/interamerica.org\\\/fr\\\/#\\\/schema\\\/person\\\/29998f2bc2d8bd0d38662909289b54f1\"},\"headline\":\"L\u2019\u00c9glise adventiste \u00e0 Cuba acc\u00e9l\u00e8re la formation des dirigeants pour contrebalancer l\u2019impact de l\u2019exode\",\"datePublished\":\"2024-02-15T19:49:56+00:00\",\"dateModified\":\"2024-02-16T19:59:25+00:00\",\"mainEntityOfPage\":{\"@id\":\"https:\\\/\\\/interamerica.org\\\/fr\\\/2024\\\/02\\\/leglise-adventiste-a-cuba-accelere-la-formation-des-dirigeants-pour-contrebalancer-limpact-de-lexode\\\/\"},\"wordCount\":1740,\"image\":{\"@id\":\"https:\\\/\\\/interamerica.org\\\/fr\\\/2024\\\/02\\\/leglise-adventiste-a-cuba-accelere-la-formation-des-dirigeants-pour-contrebalancer-limpact-de-lexode\\\/#primaryimage\"},\"thumbnailUrl\":\"https:\\\/\\\/interamerica.org\\\/wp-content\\\/uploads\\\/2024\\\/02\\\/cuba-lastunas-group-jan2024dsc06794.jpg\",\"articleSection\":[\"Nouvelles du si\u00e8ge de la division\",\"RSS Fran\u00e7ais\"],\"inLanguage\":\"fr-FR\"},{\"@type\":\"WebPage\",\"@id\":\"https:\\\/\\\/interamerica.org\\\/fr\\\/2024\\\/02\\\/leglise-adventiste-a-cuba-accelere-la-formation-des-dirigeants-pour-contrebalancer-limpact-de-lexode\\\/\",\"url\":\"https:\\\/\\\/interamerica.org\\\/fr\\\/2024\\\/02\\\/leglise-adventiste-a-cuba-accelere-la-formation-des-dirigeants-pour-contrebalancer-limpact-de-lexode\\\/\",\"name\":\"L\u2019\u00c9glise adventiste \u00e0 Cuba acc\u00e9l\u00e8re la formation des dirigeants pour contrebalancer l\u2019impact de l\u2019exode - \u00c9glise Adventiste Du Septieme Jour - Inter Am\u00e9rique Division\",\"isPartOf\":{\"@id\":\"https:\\\/\\\/interamerica.org\\\/fr\\\/#website\"},\"primaryImageOfPage\":{\"@id\":\"https:\\\/\\\/interamerica.org\\\/fr\\\/2024\\\/02\\\/leglise-adventiste-a-cuba-accelere-la-formation-des-dirigeants-pour-contrebalancer-limpact-de-lexode\\\/#primaryimage\"},\"image\":{\"@id\":\"https:\\\/\\\/interamerica.org\\\/fr\\\/2024\\\/02\\\/leglise-adventiste-a-cuba-accelere-la-formation-des-dirigeants-pour-contrebalancer-limpact-de-lexode\\\/#primaryimage\"},\"thumbnailUrl\":\"https:\\\/\\\/interamerica.org\\\/wp-content\\\/uploads\\\/2024\\\/02\\\/cuba-lastunas-group-jan2024dsc06794.jpg\",\"datePublished\":\"2024-02-15T19:49:56+00:00\",\"dateModified\":\"2024-02-16T19:59:25+00:00\",\"author\":{\"@id\":\"https:\\\/\\\/interamerica.org\\\/fr\\\/#\\\/schema\\\/person\\\/29998f2bc2d8bd0d38662909289b54f1\"},\"breadcrumb\":{\"@id\":\"https:\\\/\\\/interamerica.org\\\/fr\\\/2024\\\/02\\\/leglise-adventiste-a-cuba-accelere-la-formation-des-dirigeants-pour-contrebalancer-limpact-de-lexode\\\/#breadcrumb\"},\"inLanguage\":\"fr-FR\",\"potentialAction\":[{\"@type\":\"ReadAction\",\"target\":[\"https:\\\/\\\/interamerica.org\\\/fr\\\/2024\\\/02\\\/leglise-adventiste-a-cuba-accelere-la-formation-des-dirigeants-pour-contrebalancer-limpact-de-lexode\\\/\"]}]},{\"@type\":\"ImageObject\",\"inLanguage\":\"fr-FR\",\"@id\":\"https:\\\/\\\/interamerica.org\\\/fr\\\/2024\\\/02\\\/leglise-adventiste-a-cuba-accelere-la-formation-des-dirigeants-pour-contrebalancer-limpact-de-lexode\\\/#primaryimage\",\"url\":\"https:\\\/\\\/interamerica.org\\\/wp-content\\\/uploads\\\/2024\\\/02\\\/cuba-lastunas-group-jan2024dsc06794.jpg\",\"contentUrl\":\"https:\\\/\\\/interamerica.org\\\/wp-content\\\/uploads\\\/2024\\\/02\\\/cuba-lastunas-group-jan2024dsc06794.jpg\",\"width\":1000,\"height\":667,\"caption\":\"[Photo: Cuba Union]\"},{\"@type\":\"BreadcrumbList\",\"@id\":\"https:\\\/\\\/interamerica.org\\\/fr\\\/2024\\\/02\\\/leglise-adventiste-a-cuba-accelere-la-formation-des-dirigeants-pour-contrebalancer-limpact-de-lexode\\\/#breadcrumb\",\"itemListElement\":[{\"@type\":\"ListItem\",\"position\":1,\"name\":\"Home\",\"item\":\"https:\\\/\\\/interamerica.org\\\/fr\\\/\"},{\"@type\":\"ListItem\",\"position\":2,\"name\":\"L\u2019\u00c9glise adventiste \u00e0 Cuba acc\u00e9l\u00e8re la formation des dirigeants pour contrebalancer l\u2019impact de l\u2019exode\"}]},{\"@type\":\"WebSite\",\"@id\":\"https:\\\/\\\/interamerica.org\\\/fr\\\/#website\",\"url\":\"https:\\\/\\\/interamerica.org\\\/fr\\\/\",\"name\":\"\u00c9glise Adventiste Du Septieme Jour - Inter Am\u00e9rique Division\",\"description\":\"\",\"potentialAction\":[{\"@type\":\"SearchAction\",\"target\":{\"@type\":\"EntryPoint\",\"urlTemplate\":\"https:\\\/\\\/interamerica.org\\\/fr\\\/?s={search_term_string}\"},\"query-input\":{\"@type\":\"PropertyValueSpecification\",\"valueRequired\":true,\"valueName\":\"search_term_string\"}}],\"inLanguage\":\"fr-FR\"},{\"@type\":\"Person\",\"@id\":\"https:\\\/\\\/interamerica.org\\\/fr\\\/#\\\/schema\\\/person\\\/29998f2bc2d8bd0d38662909289b54f1\",\"name\":\"libna\",\"image\":{\"@type\":\"ImageObject\",\"inLanguage\":\"fr-FR\",\"@id\":\"https:\\\/\\\/secure.gravatar.com\\\/avatar\\\/7c5bd30ae4b47a9ba3c856590957fd1d96dc588bf3ac05719d247e126840331f?s=96&d=mm&r=g\",\"url\":\"https:\\\/\\\/secure.gravatar.com\\\/avatar\\\/7c5bd30ae4b47a9ba3c856590957fd1d96dc588bf3ac05719d247e126840331f?s=96&d=mm&r=g\",\"contentUrl\":\"https:\\\/\\\/secure.gravatar.com\\\/avatar\\\/7c5bd30ae4b47a9ba3c856590957fd1d96dc588bf3ac05719d247e126840331f?s=96&d=mm&r=g\",\"caption\":\"libna\"}}]}<\/script>\n<!-- \/ Yoast SEO plugin. -->","yoast_head_json":{"title":"L\u2019\u00c9glise adventiste \u00e0 Cuba acc\u00e9l\u00e8re la formation des dirigeants pour contrebalancer l\u2019impact de l\u2019exode - \u00c9glise Adventiste Du Septieme Jour - Inter Am\u00e9rique Division","robots":{"index":"index","follow":"follow","max-snippet":"max-snippet:-1","max-image-preview":"max-image-preview:large","max-video-preview":"max-video-preview:-1"},"canonical":"https:\/\/interamerica.org\/fr\/2024\/02\/leglise-adventiste-a-cuba-accelere-la-formation-des-dirigeants-pour-contrebalancer-limpact-de-lexode\/","og_locale":"fr_FR","og_type":"article","og_title":"L\u2019\u00c9glise adventiste \u00e0 Cuba acc\u00e9l\u00e8re la formation des dirigeants pour contrebalancer l\u2019impact de l\u2019exode - \u00c9glise Adventiste Du Septieme Jour - Inter Am\u00e9rique Division","og_description":"Les dirigeants \u00e9quipent des centaines de jeunes pour remplacer ceux qui sont partis. 15 F\u00e9vrier 2024 | La Havane, Cuba | Ireydis Pita et Libna Stevens, Actualit\u00e9s de la Division...","og_url":"https:\/\/interamerica.org\/fr\/2024\/02\/leglise-adventiste-a-cuba-accelere-la-formation-des-dirigeants-pour-contrebalancer-limpact-de-lexode\/","og_site_name":"\u00c9glise Adventiste Du Septieme Jour - Inter Am\u00e9rique Division","article_published_time":"2024-02-15T19:49:56+00:00","article_modified_time":"2024-02-16T19:59:25+00:00","og_image":[{"width":1000,"height":667,"url":"https:\/\/interamerica.org\/wp-content\/uploads\/2024\/02\/cuba-lastunas-group-jan2024dsc06794.jpg","type":"image\/jpeg"}],"author":"libna","twitter_card":"summary_large_image","twitter_misc":{"\u00c9crit par":"libna","Dur\u00e9e de lecture estim\u00e9e":"9 minutes"},"schema":{"@context":"https:\/\/schema.org","@graph":[{"@type":"Article","@id":"https:\/\/interamerica.org\/fr\/2024\/02\/leglise-adventiste-a-cuba-accelere-la-formation-des-dirigeants-pour-contrebalancer-limpact-de-lexode\/#article","isPartOf":{"@id":"https:\/\/interamerica.org\/fr\/2024\/02\/leglise-adventiste-a-cuba-accelere-la-formation-des-dirigeants-pour-contrebalancer-limpact-de-lexode\/"},"author":{"name":"libna","@id":"https:\/\/interamerica.org\/fr\/#\/schema\/person\/29998f2bc2d8bd0d38662909289b54f1"},"headline":"L\u2019\u00c9glise adventiste \u00e0 Cuba acc\u00e9l\u00e8re la formation des dirigeants pour contrebalancer l\u2019impact de l\u2019exode","datePublished":"2024-02-15T19:49:56+00:00","dateModified":"2024-02-16T19:59:25+00:00","mainEntityOfPage":{"@id":"https:\/\/interamerica.org\/fr\/2024\/02\/leglise-adventiste-a-cuba-accelere-la-formation-des-dirigeants-pour-contrebalancer-limpact-de-lexode\/"},"wordCount":1740,"image":{"@id":"https:\/\/interamerica.org\/fr\/2024\/02\/leglise-adventiste-a-cuba-accelere-la-formation-des-dirigeants-pour-contrebalancer-limpact-de-lexode\/#primaryimage"},"thumbnailUrl":"https:\/\/interamerica.org\/wp-content\/uploads\/2024\/02\/cuba-lastunas-group-jan2024dsc06794.jpg","articleSection":["Nouvelles du si\u00e8ge de la division","RSS Fran\u00e7ais"],"inLanguage":"fr-FR"},{"@type":"WebPage","@id":"https:\/\/interamerica.org\/fr\/2024\/02\/leglise-adventiste-a-cuba-accelere-la-formation-des-dirigeants-pour-contrebalancer-limpact-de-lexode\/","url":"https:\/\/interamerica.org\/fr\/2024\/02\/leglise-adventiste-a-cuba-accelere-la-formation-des-dirigeants-pour-contrebalancer-limpact-de-lexode\/","name":"L\u2019\u00c9glise adventiste \u00e0 Cuba acc\u00e9l\u00e8re la formation des dirigeants pour contrebalancer l\u2019impact de l\u2019exode - \u00c9glise Adventiste Du Septieme Jour - Inter Am\u00e9rique Division","isPartOf":{"@id":"https:\/\/interamerica.org\/fr\/#website"},"primaryImageOfPage":{"@id":"https:\/\/interamerica.org\/fr\/2024\/02\/leglise-adventiste-a-cuba-accelere-la-formation-des-dirigeants-pour-contrebalancer-limpact-de-lexode\/#primaryimage"},"image":{"@id":"https:\/\/interamerica.org\/fr\/2024\/02\/leglise-adventiste-a-cuba-accelere-la-formation-des-dirigeants-pour-contrebalancer-limpact-de-lexode\/#primaryimage"},"thumbnailUrl":"https:\/\/interamerica.org\/wp-content\/uploads\/2024\/02\/cuba-lastunas-group-jan2024dsc06794.jpg","datePublished":"2024-02-15T19:49:56+00:00","dateModified":"2024-02-16T19:59:25+00:00","author":{"@id":"https:\/\/interamerica.org\/fr\/#\/schema\/person\/29998f2bc2d8bd0d38662909289b54f1"},"breadcrumb":{"@id":"https:\/\/interamerica.org\/fr\/2024\/02\/leglise-adventiste-a-cuba-accelere-la-formation-des-dirigeants-pour-contrebalancer-limpact-de-lexode\/#breadcrumb"},"inLanguage":"fr-FR","potentialAction":[{"@type":"ReadAction","target":["https:\/\/interamerica.org\/fr\/2024\/02\/leglise-adventiste-a-cuba-accelere-la-formation-des-dirigeants-pour-contrebalancer-limpact-de-lexode\/"]}]},{"@type":"ImageObject","inLanguage":"fr-FR","@id":"https:\/\/interamerica.org\/fr\/2024\/02\/leglise-adventiste-a-cuba-accelere-la-formation-des-dirigeants-pour-contrebalancer-limpact-de-lexode\/#primaryimage","url":"https:\/\/interamerica.org\/wp-content\/uploads\/2024\/02\/cuba-lastunas-group-jan2024dsc06794.jpg","contentUrl":"https:\/\/interamerica.org\/wp-content\/uploads\/2024\/02\/cuba-lastunas-group-jan2024dsc06794.jpg","width":1000,"height":667,"caption":"[Photo: Cuba Union]"},{"@type":"BreadcrumbList","@id":"https:\/\/interamerica.org\/fr\/2024\/02\/leglise-adventiste-a-cuba-accelere-la-formation-des-dirigeants-pour-contrebalancer-limpact-de-lexode\/#breadcrumb","itemListElement":[{"@type":"ListItem","position":1,"name":"Home","item":"https:\/\/interamerica.org\/fr\/"},{"@type":"ListItem","position":2,"name":"L\u2019\u00c9glise adventiste \u00e0 Cuba acc\u00e9l\u00e8re la formation des dirigeants pour contrebalancer l\u2019impact de l\u2019exode"}]},{"@type":"WebSite","@id":"https:\/\/interamerica.org\/fr\/#website","url":"https:\/\/interamerica.org\/fr\/","name":"\u00c9glise Adventiste Du Septieme Jour - Inter Am\u00e9rique Division","description":"","potentialAction":[{"@type":"SearchAction","target":{"@type":"EntryPoint","urlTemplate":"https:\/\/interamerica.org\/fr\/?s={search_term_string}"},"query-input":{"@type":"PropertyValueSpecification","valueRequired":true,"valueName":"search_term_string"}}],"inLanguage":"fr-FR"},{"@type":"Person","@id":"https:\/\/interamerica.org\/fr\/#\/schema\/person\/29998f2bc2d8bd0d38662909289b54f1","name":"libna","image":{"@type":"ImageObject","inLanguage":"fr-FR","@id":"https:\/\/secure.gravatar.com\/avatar\/7c5bd30ae4b47a9ba3c856590957fd1d96dc588bf3ac05719d247e126840331f?s=96&d=mm&r=g","url":"https:\/\/secure.gravatar.com\/avatar\/7c5bd30ae4b47a9ba3c856590957fd1d96dc588bf3ac05719d247e126840331f?s=96&d=mm&r=g","contentUrl":"https:\/\/secure.gravatar.com\/avatar\/7c5bd30ae4b47a9ba3c856590957fd1d96dc588bf3ac05719d247e126840331f?s=96&d=mm&r=g","caption":"libna"}}]}},"_links":{"self":[{"href":"https:\/\/interamerica.org\/fr\/wp-json\/wp\/v2\/posts\/110174","targetHints":{"allow":["GET"]}}],"collection":[{"href":"https:\/\/interamerica.org\/fr\/wp-json\/wp\/v2\/posts"}],"about":[{"href":"https:\/\/interamerica.org\/fr\/wp-json\/wp\/v2\/types\/post"}],"author":[{"embeddable":true,"href":"https:\/\/interamerica.org\/fr\/wp-json\/wp\/v2\/users\/3"}],"replies":[{"embeddable":true,"href":"https:\/\/interamerica.org\/fr\/wp-json\/wp\/v2\/comments?post=110174"}],"version-history":[{"count":0,"href":"https:\/\/interamerica.org\/fr\/wp-json\/wp\/v2\/posts\/110174\/revisions"}],"wp:featuredmedia":[{"embeddable":true,"href":"https:\/\/interamerica.org\/fr\/wp-json\/wp\/v2\/media\/110023"}],"wp:attachment":[{"href":"https:\/\/interamerica.org\/fr\/wp-json\/wp\/v2\/media?parent=110174"}],"wp:term":[{"taxonomy":"category","embeddable":true,"href":"https:\/\/interamerica.org\/fr\/wp-json\/wp\/v2\/categories?post=110174"},{"taxonomy":"post_tag","embeddable":true,"href":"https:\/\/interamerica.org\/fr\/wp-json\/wp\/v2\/tags?post=110174"}],"curies":[{"name":"wp","href":"https:\/\/api.w.org\/{rel}","templated":true}]}}