{"id":110175,"date":"2024-02-15T20:10:37","date_gmt":"2024-02-16T01:10:37","guid":{"rendered":"https:\/\/interamerica.org\/?p=110175"},"modified":"2024-02-16T14:58:47","modified_gmt":"2024-02-16T19:58:47","slug":"une-ecole-adventiste-en-jamaique-devient-la-premiere-institution-educative-a-passer-a-lenergie-solaire","status":"publish","type":"post","link":"https:\/\/interamerica.org\/fr\/2024\/02\/une-ecole-adventiste-en-jamaique-devient-la-premiere-institution-educative-a-passer-a-lenergie-solaire\/","title":{"rendered":"Une \u00e9cole adventiste en Jama\u00efque devient la premi\u00e8re institution \u00e9ducative \u00e0 passer \u00e0 l\u2019\u00e9nergie solaire"},"content":{"rendered":"<p><div id=\"attachment_110061\" style=\"width: 867px\" class=\"wp-caption aligncenter\"><img fetchpriority=\"high\" decoding=\"async\" aria-describedby=\"caption-attachment-110061\" class=\" wp-image-110060\" src=\"https:\/\/interamerica.org\/wp-content\/uploads\/2024\/02\/jamu-solarpanel-drone-1024x576.jpg\" alt=\"\" width=\"857\" height=\"482\" srcset=\"https:\/\/interamerica.org\/wp-content\/uploads\/2024\/02\/jamu-solarpanel-drone-1024x576.jpg 1024w, https:\/\/interamerica.org\/wp-content\/uploads\/2024\/02\/jamu-solarpanel-drone-300x169.jpg 300w, https:\/\/interamerica.org\/wp-content\/uploads\/2024\/02\/jamu-solarpanel-drone-768x432.jpg 768w, https:\/\/interamerica.org\/wp-content\/uploads\/2024\/02\/jamu-solarpanel-drone.jpg 1100w\" sizes=\"(max-width: 857px) 100vw, 857px\" \/><p id=\"caption-attachment-110061\" class=\"wp-caption-text\">Vue a\u00e9rienne des panneaux photovolta\u00efques install\u00e9s sur le toit du Groupement d\u2019\u00c9coles de Willowdene \u00e0 Spanish Town, St. Catherine, en Jama\u00efque, qui devient la premi\u00e8re \u00e9cole adventiste \u00e0 utiliser principalement l\u2019\u00e9nergie solaire dans tout le pays. [Photo : F\u00e9d\u00e9ration du Centre de la Jama\u00efque]<\/p><\/div>15 F\u00e9vrier 2024 | Sainte-Catherine, Jama\u00efque, | Kimarley Walker Medley, Dyhann Buddoo-Fletcher et \u00c9quipe de Presse de la DIA<\/p>\n<p>Le Groupement d\u2019\u00c9coles de Willowdene (WGS) est la premi\u00e8re \u00e9cole adventiste du septi\u00e8me jour de la Jama\u00efque \u00e0 fonctionner principalement \u00e0 l\u2019\u00e9nergie solaire. Le don du syst\u00e8me d\u2019\u00e9nergie solaire d\u2019une valeur de 11,5 millions de dollars jama\u00efcains [73000 $ US] a \u00e9t\u00e9 officiellement remis \u00e0 l\u2019\u00e9cole par l\u2019Association des Anciens \u00c9l\u00e8ves du WGS le 2 f\u00e9vrier 2024.<\/p>\n<p>\u00ab Nous sommes ravis de fournir une solution \u00e9nerg\u00e9tique durable qui contribuera \u00e0 la croissance de Willowdene et profitera aux \u00e9tudiants actuels et futurs, \u00bb a d\u00e9clar\u00e9 Donmayne Gyles, pr\u00e9sident de l\u2019Association des Anciens \u00c9l\u00e8ves du WGS. \u00ab Le partenariat entre l\u2019Association des Anciens \u00c9l\u00e8ves du WGS et la F\u00e9d\u00e9ration du Centre de la Jama\u00efque est un exemple de l\u2019esprit de collaboration, de vision et d\u2019innovation. \u00bb<\/p>\n<p>Donmayne Gyles a \u00e9galement remerci\u00e9 Cecil Foster, directeur g\u00e9n\u00e9ral du Groupe d\u2019Entreprises FosRich, et son \u00e9quipe pour le partenariat avec eux dans cette initiative. \u00ab Sans FosRich, ce projet ne conna\u00eetrait pas le succ\u00e8s qu\u2019il a connu. \u00bb<\/p>\n<p><div id=\"attachment_110068\" style=\"width: 846px\" class=\"wp-caption aligncenter\"><img decoding=\"async\" aria-describedby=\"caption-attachment-110068\" class=\" wp-image-110067\" src=\"https:\/\/interamerica.org\/wp-content\/uploads\/2024\/02\/jamu-gyles-willowdene-school-solar-donation.jpg\" alt=\"\" width=\"836\" height=\"558\" srcset=\"https:\/\/interamerica.org\/wp-content\/uploads\/2024\/02\/jamu-gyles-willowdene-school-solar-donation.jpg 1000w, https:\/\/interamerica.org\/wp-content\/uploads\/2024\/02\/jamu-gyles-willowdene-school-solar-donation-300x200.jpg 300w, https:\/\/interamerica.org\/wp-content\/uploads\/2024\/02\/jamu-gyles-willowdene-school-solar-donation-768x512.jpg 768w\" sizes=\"(max-width: 836px) 100vw, 836px\" \/><p id=\"caption-attachment-110068\" class=\"wp-caption-text\">Donmayne Gyles, pr\u00e9sident de l\u2019Association des Anciens \u00c9l\u00e8ves du Groupement d\u2019\u00c9coles de Willowdene (WGS), intervient lors de la c\u00e9r\u00e9monie de remise du syst\u00e8me d\u2019\u00e9nergie solaire \u00e0 l\u2019\u00e9cole le 2 f\u00e9vrier 2024. [Photo : Garry Witter]<\/p><\/div>Le pr\u00e9sident de l\u2019Association des Anciens \u00c9l\u00e8ves du WGS a expliqu\u00e9 que la mise en \u0153uvre d\u2019un syst\u00e8me d\u2019\u00e9nergie solaire apportera de nombreux avantages \u00e0 la communaut\u00e9. En adoptant la durabilit\u00e9 en exploitant des sources d\u2019\u00e9nergie propres et renouvelables, cela r\u00e9duira l\u2019empreinte carbone de l\u2019\u00e9cole et promouvra la prise de conscience environnementale parmi les \u00e9tudiants et le personnel, a-t-il d\u00e9clar\u00e9.<\/p>\n<p>\u00ab Le syst\u00e8me d\u2019\u00e9nergie solaire garantira une alimentation \u00e9lectrique fiable, permettant une exp\u00e9rience d\u2019enseignement et d\u2019apprentissage am\u00e9lior\u00e9e, \u00bb a ajout\u00e9 Donmayne Gyles.<\/p>\n<p>L\u2019installation solaire photovolta\u00efque dispose d\u2019un syst\u00e8me reli\u00e9 au r\u00e9seau comprenant une capacit\u00e9 de production totale de 64,36 kilowatts de courant continu et une capacit\u00e9 totale de l\u2019onduleur de 55 kilowatts, ce qui devrait apporter de multiples avantages \u00e0 l\u2019\u00e9cole, a expliqu\u00e9 Jodie Ann Graham, directrice des ventes \u00e0 FosRich.<\/p>\n<p><div id=\"attachment_110077\" style=\"width: 838px\" class=\"wp-caption aligncenter\"><img decoding=\"async\" aria-describedby=\"caption-attachment-110077\" class=\" wp-image-110076\" src=\"https:\/\/interamerica.org\/wp-content\/uploads\/2024\/02\/jamu-willowdene-sales-manager.jpg\" alt=\"\" width=\"828\" height=\"552\" srcset=\"https:\/\/interamerica.org\/wp-content\/uploads\/2024\/02\/jamu-willowdene-sales-manager.jpg 1000w, https:\/\/interamerica.org\/wp-content\/uploads\/2024\/02\/jamu-willowdene-sales-manager-300x200.jpg 300w, https:\/\/interamerica.org\/wp-content\/uploads\/2024\/02\/jamu-willowdene-sales-manager-768x512.jpg 768w\" sizes=\"(max-width: 828px) 100vw, 828px\" \/><p id=\"caption-attachment-110077\" class=\"wp-caption-text\">Jodie Ann Graham, directrice des ventes \u00e0 FosRich donne des explications sur le syst\u00e8me d\u2019\u00e9nergie solaire livr\u00e9 \u00e0 l\u2019\u00e9cole. [Photo : Garry Witter]<\/p><\/div>De plus, \u00ab la consommation moyenne du Groupement d\u2019\u00c9coles de Willowdene \u00e9tait d\u2019environ 6073 kWh ; avec le syst\u00e8me d\u2019\u00e9nergie solaire photovolta\u00efque install\u00e9, les unit\u00e9s couvriront 75 \u00e0 85 % de la charge totale, \u00bb a-t-elle d\u00e9clar\u00e9.<\/p>\n<p>Jodie Ann Graham a expliqu\u00e9 que le syst\u00e8me a un retour sur investissement (ROI) de trois ans et une garantie sur les panneaux de 12 ans ; celle de l\u2019onduleur est d\u2019une dur\u00e9e de cinq ans et les autres \u00e9quipements ont une garantie d\u2019une dur\u00e9e de deux \u00e0 trois ans.<\/p>\n<p>Le directeur Peter Williams a d\u00e9clar\u00e9 que les \u00e9conomies faites sur les co\u00fbts profiteront consid\u00e9rablement aux quelque 700 \u00e9tudiants et au personnel du WGS.<\/p>\n<p><div id=\"attachment_110074\" style=\"width: 834px\" class=\"wp-caption aligncenter\"><img loading=\"lazy\" decoding=\"async\" aria-describedby=\"caption-attachment-110074\" class=\" wp-image-110073\" src=\"https:\/\/interamerica.org\/wp-content\/uploads\/2024\/02\/jamu-solar-school-students.jpg\" alt=\"\" width=\"824\" height=\"549\" srcset=\"https:\/\/interamerica.org\/wp-content\/uploads\/2024\/02\/jamu-solar-school-students.jpg 1000w, https:\/\/interamerica.org\/wp-content\/uploads\/2024\/02\/jamu-solar-school-students-300x200.jpg 300w, https:\/\/interamerica.org\/wp-content\/uploads\/2024\/02\/jamu-solar-school-students-768x512.jpg 768w\" sizes=\"(max-width: 824px) 100vw, 824px\" \/><p id=\"caption-attachment-110074\" class=\"wp-caption-text\">Les \u00e9l\u00e8ves du Groupement d\u2019\u00c9coles de Willowdene sourient lors de la c\u00e9r\u00e9monie du 2 f\u00e9vrier 2024. [Photo : Garry Witter]<\/p><\/div>\u00ab \u00c0 elle seule, notre facture d\u2019\u00e9lectricit\u00e9 au cours des derniers mois a grimp\u00e9 \u00e0 plus de 800000 dollars jama\u00efcains par mois [soit 5098 $ US]. Par cons\u00e9quent, les \u00e9conomies g\u00e9n\u00e9r\u00e9es par la transition vers l\u2019\u00e9nergie solaire lib\u00e9reront des ressources qui pourront \u00eatre allou\u00e9es \u00e0 d\u2019autres domaines, am\u00e9liorant ainsi l\u2019exp\u00e9rience \u00e9ducative globale des \u00e9tudiants, \u00bb a expliqu\u00e9 Jodie Ann Williams.<\/p>\n<p>Jodie Ann Graham a \u00e9galement d\u00e9clar\u00e9 que le syst\u00e8me d\u2019\u00e9nergie solaire est li\u00e9 au r\u00e9seau et est synchronis\u00e9 avec le r\u00e9seau JPS (Service Public de la Jama\u00efque). Ce type de syst\u00e8me permet un basculement automatique de l\u2019alimentation vers JPS, qui agit comme une alimentation de secours lorsque l\u2019approvisionnement en \u00e9nergie solaire est faible (jour couvert) par rapport \u00e0 la demande \u00e9nerg\u00e9tique de l\u2019\u00e9cole, a-t-elle expliqu\u00e9. De plus, pendant les p\u00e9riodes de vacances, lorsque l\u2019\u00e9cole est ferm\u00e9e, la production exc\u00e9dentaire du syst\u00e8me d\u2019\u00e9nergie solaire peut \u00eatre vendue \u00e0 JPS dans le cadre d\u2019un syst\u00e8me de facturation nette dans le cadre d\u2019un contrat standard entre le Groupement d\u2019\u00c9coles de Willowdene et JPS.<\/p>\n<p><div id=\"attachment_110081\" style=\"width: 858px\" class=\"wp-caption aligncenter\"><img loading=\"lazy\" decoding=\"async\" aria-describedby=\"caption-attachment-110081\" class=\" wp-image-110080\" src=\"https:\/\/interamerica.org\/wp-content\/uploads\/2024\/02\/jamu-willowdene-principal-solar-school.jpg\" alt=\"\" width=\"848\" height=\"565\" srcset=\"https:\/\/interamerica.org\/wp-content\/uploads\/2024\/02\/jamu-willowdene-principal-solar-school.jpg 1000w, https:\/\/interamerica.org\/wp-content\/uploads\/2024\/02\/jamu-willowdene-principal-solar-school-300x200.jpg 300w, https:\/\/interamerica.org\/wp-content\/uploads\/2024\/02\/jamu-willowdene-principal-solar-school-768x512.jpg 768w\" sizes=\"(max-width: 848px) 100vw, 848px\" \/><p id=\"caption-attachment-110081\" class=\"wp-caption-text\">Le directeur du Groupement d\u2019\u00c9coles de Willowdene, Peter Williams, remercie l\u2019Association des Anciens \u00c9l\u00e8ves du WGS pour le don du syst\u00e8me d\u2019\u00e9nergie solaire lors de la c\u00e9r\u00e9monie du 2 f\u00e9vrier 2024. [Photo : Garry Witter]<\/p><\/div>Exprimant \u00e0 son tour ses remerciements pour le don du syst\u00e8me d\u2019\u00e9nergie solaire, le pr\u00e9sident du conseil d\u2019administration de l\u2019\u00e9cole, pasteur Nevail Barrett, a d\u00e9clar\u00e9 : \u00ab Ce geste illustre non seulement l\u2019engagement durable des anciens \u00e9l\u00e8ves de WGS envers l\u2019\u00e9cole, mais nous permet \u00e9galement d\u2019adopter des pratiques respectueuses de l\u2019environnement qui sont en phase avec notre mission \u00e9ducative. \u00bb<\/p>\n<p>\u00ab En dirigeant cette initiative, \u00bb a d\u00e9clar\u00e9 pasteur Everett Brown, pr\u00e9sident de l\u2019Union Jama\u00efcaine, dans son allocution, \u00ab l\u2019Association des Anciens \u00c9l\u00e8ves de Willowdene a non seulement d\u00e9montr\u00e9 son altruisme, mais a \u00e9galement donn\u00e9 un exemple inspirant que d\u2019autres pourraient suivre. Ce don t\u00e9moigne du pouvoir de l\u2019action collective en mati\u00e8re d\u2019investissement dans l\u2019\u00e9ducation, et je promets mon engagement et mon soutien continus avec ceux de l\u2019Union de F\u00e9d\u00e9rations de la Jama\u00efque. \u00bb<\/p>\n<p><div id=\"attachment_110084\" style=\"width: 856px\" class=\"wp-caption aligncenter\"><img loading=\"lazy\" decoding=\"async\" aria-describedby=\"caption-attachment-110084\" class=\" wp-image-110083\" src=\"https:\/\/interamerica.org\/wp-content\/uploads\/2024\/02\/jamu-solar-school-poster-leaders.jpg\" alt=\"\" width=\"846\" height=\"454\" srcset=\"https:\/\/interamerica.org\/wp-content\/uploads\/2024\/02\/jamu-solar-school-poster-leaders.jpg 1000w, https:\/\/interamerica.org\/wp-content\/uploads\/2024\/02\/jamu-solar-school-poster-leaders-300x161.jpg 300w, https:\/\/interamerica.org\/wp-content\/uploads\/2024\/02\/jamu-solar-school-poster-leaders-768x412.jpg 768w\" sizes=\"(max-width: 846px) 100vw, 846px\" \/><p id=\"caption-attachment-110084\" class=\"wp-caption-text\">Les responsables debout ensemble avec l\u2019affiche sp\u00e9ciale lors de la c\u00e9r\u00e9monie de remise du don du syst\u00e8me d\u2019\u00e9nergie solaire au Groupement d\u2019\u00c9coles de Willowdene, le 2 f\u00e9vrier 2024. [Photo : Garry Witter]<\/p><\/div>Cette initiative intervient dans le cadre de ce que l\u2019\u00c9glise adventiste du septi\u00e8me jour envisage de faire pour \u00eatre dans une d\u00e9marche plus durable, ont d\u00e9clar\u00e9 les dirigeants de l\u2019\u00c9glise.<\/p>\n<p>\u00ab Nous sommes dans la phase de discussion pour garantir que toutes nos \u00e9coles s\u2019orientent vers des \u00e9conomies d\u2019\u00e9nergie, ce qui est pour nous une pr\u00e9occupation depuis un certain temps, \u00bb a dit pasteur Michael Henry, directeur de l\u2019\u00e9ducation de l\u2019Union de la Jama\u00efque. \u00ab Nous f\u00e9licitons le Groupement d\u2019\u00c9coles de Willowdene pour avoir ouvert la voie et tr\u00e8s bient\u00f4t, toutes les autres institutions adopteront cette technologie qui permet de r\u00e9duire les co\u00fbts. \u00bb<\/p>\n<p><div id=\"attachment_110071\" style=\"width: 875px\" class=\"wp-caption aligncenter\"><img loading=\"lazy\" decoding=\"async\" aria-describedby=\"caption-attachment-110071\" class=\" wp-image-110070\" src=\"https:\/\/interamerica.org\/wp-content\/uploads\/2024\/02\/jamu-solar-school-student-president.jpg\" alt=\"\" width=\"865\" height=\"577\" srcset=\"https:\/\/interamerica.org\/wp-content\/uploads\/2024\/02\/jamu-solar-school-student-president.jpg 1000w, https:\/\/interamerica.org\/wp-content\/uploads\/2024\/02\/jamu-solar-school-student-president-300x200.jpg 300w, https:\/\/interamerica.org\/wp-content\/uploads\/2024\/02\/jamu-solar-school-student-president-768x512.jpg 768w\" sizes=\"(max-width: 865px) 100vw, 865px\" \/><p id=\"caption-attachment-110071\" class=\"wp-caption-text\">Jaden Lewis, pr\u00e9sident de l\u2019Association de l\u2019Union des \u00c9tudiants du Groupement d\u2019\u00c9coles de Willowdene, remercie l\u2019Association des Anciens \u00c9l\u00e8ves du WGS pour le don tangible lors de la c\u00e9r\u00e9monie o\u00f9 il a \u00e9t\u00e9 remis, le 2 f\u00e9vrier 2024. [Photo : Garry Witter]<\/p><\/div>Inspir\u00e9e par ce pr\u00e9sent, Jaden Lewis, \u00e9l\u00e8ve de premi\u00e8re et pr\u00e9sidente de l\u2019Association de l\u2019Union des \u00c9tudiants de l\u2019\u00c9cole Secondaire de Willowdene, a exprim\u00e9 ses plus sinc\u00e8res remerciements au nom du corps \u00e9tudiant.<\/p>\n<p>\u00ab Face aux d\u00e9fis mondiaux, il est rassurant de voir nos anciens \u00e9l\u00e8ves prendre des mesures proactives pour avoir un impact positif sur notre \u00e9cole et sur l\u2019environnement. L\u2019installation de panneaux photovolta\u00efques nous fournit une source d\u2019\u00e9nergie durable et constitue un exemple puissant pour nous tous, \u00bb a dit Jaden Lewis.<\/p>\n<p><div id=\"attachment_110090\" style=\"width: 873px\" class=\"wp-caption aligncenter\"><img loading=\"lazy\" decoding=\"async\" aria-describedby=\"caption-attachment-110090\" class=\" wp-image-110089\" src=\"https:\/\/interamerica.org\/wp-content\/uploads\/2024\/02\/jamu-solar-school-poster-group.jpg\" alt=\"\" width=\"863\" height=\"575\" srcset=\"https:\/\/interamerica.org\/wp-content\/uploads\/2024\/02\/jamu-solar-school-poster-group.jpg 1000w, https:\/\/interamerica.org\/wp-content\/uploads\/2024\/02\/jamu-solar-school-poster-group-300x200.jpg 300w, https:\/\/interamerica.org\/wp-content\/uploads\/2024\/02\/jamu-solar-school-poster-group-768x512.jpg 768w\" sizes=\"(max-width: 863px) 100vw, 863px\" \/><p id=\"caption-attachment-110090\" class=\"wp-caption-text\">L\u2019Association des Anciens \u00c9l\u00e8ves du Groupement d\u2019\u00c9coles de Willowdene pose avec la pancarte repr\u00e9sentant le syst\u00e8me d\u2019\u00e9nergie solaire install\u00e9 et donn\u00e9 \u00e0 leur ancienne \u00e9cole, apr\u00e8s la c\u00e9r\u00e9monie de remise sur le site de l\u2019\u00e9tablissement, le 2 f\u00e9vrier 2024. [Photo : Garry Witter]<\/p><\/div>L\u2019\u00c9glise adventiste du septi\u00e8me jour en Jama\u00efque poss\u00e8de et g\u00e8re 27 \u00e9coles primaires et secondaires qui accueillent plus de 4500 \u00e9l\u00e8ves chaque ann\u00e9e. Parmi les \u00e9coles de l\u2019Union de la Jama\u00efque se trouve le Groupement d\u2019\u00c9coles de Willowdene, qui se trouve dans la juridiction de la F\u00e9d\u00e9ration Adventiste du septi\u00e8me jour du Centre de la Jama\u00efque. Ils sont accr\u00e9dit\u00e9s par le Minist\u00e8re de l\u2019\u00c9ducation de la Jama\u00efque et par l\u2019organisme d\u2019accr\u00e9ditation de l\u2019\u00c9glise adventiste du septi\u00e8me jour. L\u2019institution est constitu\u00e9e d\u2019un groupe d\u2019\u00e9coles comprenant trois divisions : la maternelle, l\u2019\u00e9cole primaire et l\u2019\u00e9cole secondaire.<\/p>\n<p>Traduction: Patrick Luciathe<\/p>\n","protected":false},"excerpt":{"rendered":"<p>15 F\u00e9vrier 2024 | Sainte-Catherine, Jama\u00efque, | Kimarley Walker Medley, Dyhann Buddoo-Fletcher et \u00c9quipe de Presse de la DIA Le Groupement d\u2019\u00c9coles de Willowdene (WGS) est la premi\u00e8re \u00e9cole adventiste&#8230;<\/p>\n","protected":false},"author":3,"featured_media":110061,"comment_status":"closed","ping_status":"closed","sticky":false,"template":"","format":"standard","meta":{"_acf_changed":false,"footnotes":""},"categories":[21,19],"tags":[],"class_list":["post-110175","post","type-post","status-publish","format-standard","has-post-thumbnail","hentry","category-nouvelles-du-territoire","category-rss-francais"],"acf":[],"yoast_head":"<!-- This site is optimized with the Yoast SEO plugin v27.3 - https:\/\/yoast.com\/product\/yoast-seo-wordpress\/ -->\n<title>Une \u00e9cole adventiste en Jama\u00efque devient la premi\u00e8re institution \u00e9ducative \u00e0 passer \u00e0 l\u2019\u00e9nergie solaire - \u00c9glise Adventiste Du Septieme Jour - Inter Am\u00e9rique Division<\/title>\n<meta name=\"robots\" content=\"index, follow, max-snippet:-1, max-image-preview:large, max-video-preview:-1\" \/>\n<link rel=\"canonical\" href=\"https:\/\/interamerica.org\/fr\/2024\/02\/une-ecole-adventiste-en-jamaique-devient-la-premiere-institution-educative-a-passer-a-lenergie-solaire\/\" \/>\n<meta property=\"og:locale\" content=\"fr_FR\" \/>\n<meta property=\"og:type\" content=\"article\" \/>\n<meta property=\"og:title\" content=\"Une \u00e9cole adventiste en Jama\u00efque devient la premi\u00e8re institution \u00e9ducative \u00e0 passer \u00e0 l\u2019\u00e9nergie solaire - \u00c9glise Adventiste Du Septieme Jour - Inter Am\u00e9rique Division\" \/>\n<meta property=\"og:description\" content=\"15 F\u00e9vrier 2024 | Sainte-Catherine, Jama\u00efque, | Kimarley Walker Medley, Dyhann Buddoo-Fletcher et \u00c9quipe de Presse de la DIA Le Groupement d\u2019\u00c9coles de Willowdene (WGS) est la premi\u00e8re \u00e9cole adventiste...\" \/>\n<meta property=\"og:url\" content=\"https:\/\/interamerica.org\/fr\/2024\/02\/une-ecole-adventiste-en-jamaique-devient-la-premiere-institution-educative-a-passer-a-lenergie-solaire\/\" \/>\n<meta property=\"og:site_name\" content=\"\u00c9glise Adventiste Du Septieme Jour - Inter Am\u00e9rique Division\" \/>\n<meta property=\"article:published_time\" content=\"2024-02-16T01:10:37+00:00\" \/>\n<meta property=\"article:modified_time\" content=\"2024-02-16T19:58:47+00:00\" \/>\n<meta property=\"og:image\" content=\"https:\/\/interamerica.org\/wp-content\/uploads\/2024\/02\/jamu-solarpanel-drone.jpg\" \/>\n\t<meta property=\"og:image:width\" content=\"1100\" \/>\n\t<meta property=\"og:image:height\" content=\"619\" \/>\n\t<meta property=\"og:image:type\" content=\"image\/jpeg\" \/>\n<meta name=\"author\" content=\"libna\" \/>\n<meta name=\"twitter:card\" content=\"summary_large_image\" \/>\n<meta name=\"twitter:label1\" content=\"\u00c9crit par\" \/>\n\t<meta name=\"twitter:data1\" content=\"libna\" \/>\n\t<meta name=\"twitter:label2\" content=\"Dur\u00e9e de lecture estim\u00e9e\" \/>\n\t<meta name=\"twitter:data2\" content=\"8 minutes\" \/>\n<script type=\"application\/ld+json\" class=\"yoast-schema-graph\">{\"@context\":\"https:\\\/\\\/schema.org\",\"@graph\":[{\"@type\":\"Article\",\"@id\":\"https:\\\/\\\/interamerica.org\\\/fr\\\/2024\\\/02\\\/une-ecole-adventiste-en-jamaique-devient-la-premiere-institution-educative-a-passer-a-lenergie-solaire\\\/#article\",\"isPartOf\":{\"@id\":\"https:\\\/\\\/interamerica.org\\\/fr\\\/2024\\\/02\\\/une-ecole-adventiste-en-jamaique-devient-la-premiere-institution-educative-a-passer-a-lenergie-solaire\\\/\"},\"author\":{\"name\":\"libna\",\"@id\":\"https:\\\/\\\/interamerica.org\\\/fr\\\/#\\\/schema\\\/person\\\/29998f2bc2d8bd0d38662909289b54f1\"},\"headline\":\"Une \u00e9cole adventiste en Jama\u00efque devient la premi\u00e8re institution \u00e9ducative \u00e0 passer \u00e0 l\u2019\u00e9nergie solaire\",\"datePublished\":\"2024-02-16T01:10:37+00:00\",\"dateModified\":\"2024-02-16T19:58:47+00:00\",\"mainEntityOfPage\":{\"@id\":\"https:\\\/\\\/interamerica.org\\\/fr\\\/2024\\\/02\\\/une-ecole-adventiste-en-jamaique-devient-la-premiere-institution-educative-a-passer-a-lenergie-solaire\\\/\"},\"wordCount\":1529,\"image\":{\"@id\":\"https:\\\/\\\/interamerica.org\\\/fr\\\/2024\\\/02\\\/une-ecole-adventiste-en-jamaique-devient-la-premiere-institution-educative-a-passer-a-lenergie-solaire\\\/#primaryimage\"},\"thumbnailUrl\":\"https:\\\/\\\/interamerica.org\\\/wp-content\\\/uploads\\\/2024\\\/02\\\/jamu-solarpanel-drone.jpg\",\"articleSection\":[\"Nouvelles du territoire\",\"RSS Fran\u00e7ais\"],\"inLanguage\":\"fr-FR\"},{\"@type\":\"WebPage\",\"@id\":\"https:\\\/\\\/interamerica.org\\\/fr\\\/2024\\\/02\\\/une-ecole-adventiste-en-jamaique-devient-la-premiere-institution-educative-a-passer-a-lenergie-solaire\\\/\",\"url\":\"https:\\\/\\\/interamerica.org\\\/fr\\\/2024\\\/02\\\/une-ecole-adventiste-en-jamaique-devient-la-premiere-institution-educative-a-passer-a-lenergie-solaire\\\/\",\"name\":\"Une \u00e9cole adventiste en Jama\u00efque devient la premi\u00e8re institution \u00e9ducative \u00e0 passer \u00e0 l\u2019\u00e9nergie solaire - \u00c9glise Adventiste Du Septieme Jour - Inter Am\u00e9rique Division\",\"isPartOf\":{\"@id\":\"https:\\\/\\\/interamerica.org\\\/fr\\\/#website\"},\"primaryImageOfPage\":{\"@id\":\"https:\\\/\\\/interamerica.org\\\/fr\\\/2024\\\/02\\\/une-ecole-adventiste-en-jamaique-devient-la-premiere-institution-educative-a-passer-a-lenergie-solaire\\\/#primaryimage\"},\"image\":{\"@id\":\"https:\\\/\\\/interamerica.org\\\/fr\\\/2024\\\/02\\\/une-ecole-adventiste-en-jamaique-devient-la-premiere-institution-educative-a-passer-a-lenergie-solaire\\\/#primaryimage\"},\"thumbnailUrl\":\"https:\\\/\\\/interamerica.org\\\/wp-content\\\/uploads\\\/2024\\\/02\\\/jamu-solarpanel-drone.jpg\",\"datePublished\":\"2024-02-16T01:10:37+00:00\",\"dateModified\":\"2024-02-16T19:58:47+00:00\",\"author\":{\"@id\":\"https:\\\/\\\/interamerica.org\\\/fr\\\/#\\\/schema\\\/person\\\/29998f2bc2d8bd0d38662909289b54f1\"},\"breadcrumb\":{\"@id\":\"https:\\\/\\\/interamerica.org\\\/fr\\\/2024\\\/02\\\/une-ecole-adventiste-en-jamaique-devient-la-premiere-institution-educative-a-passer-a-lenergie-solaire\\\/#breadcrumb\"},\"inLanguage\":\"fr-FR\",\"potentialAction\":[{\"@type\":\"ReadAction\",\"target\":[\"https:\\\/\\\/interamerica.org\\\/fr\\\/2024\\\/02\\\/une-ecole-adventiste-en-jamaique-devient-la-premiere-institution-educative-a-passer-a-lenergie-solaire\\\/\"]}]},{\"@type\":\"ImageObject\",\"inLanguage\":\"fr-FR\",\"@id\":\"https:\\\/\\\/interamerica.org\\\/fr\\\/2024\\\/02\\\/une-ecole-adventiste-en-jamaique-devient-la-premiere-institution-educative-a-passer-a-lenergie-solaire\\\/#primaryimage\",\"url\":\"https:\\\/\\\/interamerica.org\\\/wp-content\\\/uploads\\\/2024\\\/02\\\/jamu-solarpanel-drone.jpg\",\"contentUrl\":\"https:\\\/\\\/interamerica.org\\\/wp-content\\\/uploads\\\/2024\\\/02\\\/jamu-solarpanel-drone.jpg\",\"width\":1100,\"height\":619,\"caption\":\"[Photo: Central Jamaica Conference]\"},{\"@type\":\"BreadcrumbList\",\"@id\":\"https:\\\/\\\/interamerica.org\\\/fr\\\/2024\\\/02\\\/une-ecole-adventiste-en-jamaique-devient-la-premiere-institution-educative-a-passer-a-lenergie-solaire\\\/#breadcrumb\",\"itemListElement\":[{\"@type\":\"ListItem\",\"position\":1,\"name\":\"Home\",\"item\":\"https:\\\/\\\/interamerica.org\\\/fr\\\/\"},{\"@type\":\"ListItem\",\"position\":2,\"name\":\"Une \u00e9cole adventiste en Jama\u00efque devient la premi\u00e8re institution \u00e9ducative \u00e0 passer \u00e0 l\u2019\u00e9nergie solaire\"}]},{\"@type\":\"WebSite\",\"@id\":\"https:\\\/\\\/interamerica.org\\\/fr\\\/#website\",\"url\":\"https:\\\/\\\/interamerica.org\\\/fr\\\/\",\"name\":\"\u00c9glise Adventiste Du Septieme Jour - Inter Am\u00e9rique Division\",\"description\":\"\",\"potentialAction\":[{\"@type\":\"SearchAction\",\"target\":{\"@type\":\"EntryPoint\",\"urlTemplate\":\"https:\\\/\\\/interamerica.org\\\/fr\\\/?s={search_term_string}\"},\"query-input\":{\"@type\":\"PropertyValueSpecification\",\"valueRequired\":true,\"valueName\":\"search_term_string\"}}],\"inLanguage\":\"fr-FR\"},{\"@type\":\"Person\",\"@id\":\"https:\\\/\\\/interamerica.org\\\/fr\\\/#\\\/schema\\\/person\\\/29998f2bc2d8bd0d38662909289b54f1\",\"name\":\"libna\",\"image\":{\"@type\":\"ImageObject\",\"inLanguage\":\"fr-FR\",\"@id\":\"https:\\\/\\\/secure.gravatar.com\\\/avatar\\\/7c5bd30ae4b47a9ba3c856590957fd1d96dc588bf3ac05719d247e126840331f?s=96&d=mm&r=g\",\"url\":\"https:\\\/\\\/secure.gravatar.com\\\/avatar\\\/7c5bd30ae4b47a9ba3c856590957fd1d96dc588bf3ac05719d247e126840331f?s=96&d=mm&r=g\",\"contentUrl\":\"https:\\\/\\\/secure.gravatar.com\\\/avatar\\\/7c5bd30ae4b47a9ba3c856590957fd1d96dc588bf3ac05719d247e126840331f?s=96&d=mm&r=g\",\"caption\":\"libna\"}}]}<\/script>\n<!-- \/ Yoast SEO plugin. -->","yoast_head_json":{"title":"Une \u00e9cole adventiste en Jama\u00efque devient la premi\u00e8re institution \u00e9ducative \u00e0 passer \u00e0 l\u2019\u00e9nergie solaire - \u00c9glise Adventiste Du Septieme Jour - Inter Am\u00e9rique Division","robots":{"index":"index","follow":"follow","max-snippet":"max-snippet:-1","max-image-preview":"max-image-preview:large","max-video-preview":"max-video-preview:-1"},"canonical":"https:\/\/interamerica.org\/fr\/2024\/02\/une-ecole-adventiste-en-jamaique-devient-la-premiere-institution-educative-a-passer-a-lenergie-solaire\/","og_locale":"fr_FR","og_type":"article","og_title":"Une \u00e9cole adventiste en Jama\u00efque devient la premi\u00e8re institution \u00e9ducative \u00e0 passer \u00e0 l\u2019\u00e9nergie solaire - \u00c9glise Adventiste Du Septieme Jour - Inter Am\u00e9rique Division","og_description":"15 F\u00e9vrier 2024 | Sainte-Catherine, Jama\u00efque, | Kimarley Walker Medley, Dyhann Buddoo-Fletcher et \u00c9quipe de Presse de la DIA Le Groupement d\u2019\u00c9coles de Willowdene (WGS) est la premi\u00e8re \u00e9cole adventiste...","og_url":"https:\/\/interamerica.org\/fr\/2024\/02\/une-ecole-adventiste-en-jamaique-devient-la-premiere-institution-educative-a-passer-a-lenergie-solaire\/","og_site_name":"\u00c9glise Adventiste Du Septieme Jour - Inter Am\u00e9rique Division","article_published_time":"2024-02-16T01:10:37+00:00","article_modified_time":"2024-02-16T19:58:47+00:00","og_image":[{"width":1100,"height":619,"url":"https:\/\/interamerica.org\/wp-content\/uploads\/2024\/02\/jamu-solarpanel-drone.jpg","type":"image\/jpeg"}],"author":"libna","twitter_card":"summary_large_image","twitter_misc":{"\u00c9crit par":"libna","Dur\u00e9e de lecture estim\u00e9e":"8 minutes"},"schema":{"@context":"https:\/\/schema.org","@graph":[{"@type":"Article","@id":"https:\/\/interamerica.org\/fr\/2024\/02\/une-ecole-adventiste-en-jamaique-devient-la-premiere-institution-educative-a-passer-a-lenergie-solaire\/#article","isPartOf":{"@id":"https:\/\/interamerica.org\/fr\/2024\/02\/une-ecole-adventiste-en-jamaique-devient-la-premiere-institution-educative-a-passer-a-lenergie-solaire\/"},"author":{"name":"libna","@id":"https:\/\/interamerica.org\/fr\/#\/schema\/person\/29998f2bc2d8bd0d38662909289b54f1"},"headline":"Une \u00e9cole adventiste en Jama\u00efque devient la premi\u00e8re institution \u00e9ducative \u00e0 passer \u00e0 l\u2019\u00e9nergie solaire","datePublished":"2024-02-16T01:10:37+00:00","dateModified":"2024-02-16T19:58:47+00:00","mainEntityOfPage":{"@id":"https:\/\/interamerica.org\/fr\/2024\/02\/une-ecole-adventiste-en-jamaique-devient-la-premiere-institution-educative-a-passer-a-lenergie-solaire\/"},"wordCount":1529,"image":{"@id":"https:\/\/interamerica.org\/fr\/2024\/02\/une-ecole-adventiste-en-jamaique-devient-la-premiere-institution-educative-a-passer-a-lenergie-solaire\/#primaryimage"},"thumbnailUrl":"https:\/\/interamerica.org\/wp-content\/uploads\/2024\/02\/jamu-solarpanel-drone.jpg","articleSection":["Nouvelles du territoire","RSS Fran\u00e7ais"],"inLanguage":"fr-FR"},{"@type":"WebPage","@id":"https:\/\/interamerica.org\/fr\/2024\/02\/une-ecole-adventiste-en-jamaique-devient-la-premiere-institution-educative-a-passer-a-lenergie-solaire\/","url":"https:\/\/interamerica.org\/fr\/2024\/02\/une-ecole-adventiste-en-jamaique-devient-la-premiere-institution-educative-a-passer-a-lenergie-solaire\/","name":"Une \u00e9cole adventiste en Jama\u00efque devient la premi\u00e8re institution \u00e9ducative \u00e0 passer \u00e0 l\u2019\u00e9nergie solaire - \u00c9glise Adventiste Du Septieme Jour - Inter Am\u00e9rique Division","isPartOf":{"@id":"https:\/\/interamerica.org\/fr\/#website"},"primaryImageOfPage":{"@id":"https:\/\/interamerica.org\/fr\/2024\/02\/une-ecole-adventiste-en-jamaique-devient-la-premiere-institution-educative-a-passer-a-lenergie-solaire\/#primaryimage"},"image":{"@id":"https:\/\/interamerica.org\/fr\/2024\/02\/une-ecole-adventiste-en-jamaique-devient-la-premiere-institution-educative-a-passer-a-lenergie-solaire\/#primaryimage"},"thumbnailUrl":"https:\/\/interamerica.org\/wp-content\/uploads\/2024\/02\/jamu-solarpanel-drone.jpg","datePublished":"2024-02-16T01:10:37+00:00","dateModified":"2024-02-16T19:58:47+00:00","author":{"@id":"https:\/\/interamerica.org\/fr\/#\/schema\/person\/29998f2bc2d8bd0d38662909289b54f1"},"breadcrumb":{"@id":"https:\/\/interamerica.org\/fr\/2024\/02\/une-ecole-adventiste-en-jamaique-devient-la-premiere-institution-educative-a-passer-a-lenergie-solaire\/#breadcrumb"},"inLanguage":"fr-FR","potentialAction":[{"@type":"ReadAction","target":["https:\/\/interamerica.org\/fr\/2024\/02\/une-ecole-adventiste-en-jamaique-devient-la-premiere-institution-educative-a-passer-a-lenergie-solaire\/"]}]},{"@type":"ImageObject","inLanguage":"fr-FR","@id":"https:\/\/interamerica.org\/fr\/2024\/02\/une-ecole-adventiste-en-jamaique-devient-la-premiere-institution-educative-a-passer-a-lenergie-solaire\/#primaryimage","url":"https:\/\/interamerica.org\/wp-content\/uploads\/2024\/02\/jamu-solarpanel-drone.jpg","contentUrl":"https:\/\/interamerica.org\/wp-content\/uploads\/2024\/02\/jamu-solarpanel-drone.jpg","width":1100,"height":619,"caption":"[Photo: Central Jamaica Conference]"},{"@type":"BreadcrumbList","@id":"https:\/\/interamerica.org\/fr\/2024\/02\/une-ecole-adventiste-en-jamaique-devient-la-premiere-institution-educative-a-passer-a-lenergie-solaire\/#breadcrumb","itemListElement":[{"@type":"ListItem","position":1,"name":"Home","item":"https:\/\/interamerica.org\/fr\/"},{"@type":"ListItem","position":2,"name":"Une \u00e9cole adventiste en Jama\u00efque devient la premi\u00e8re institution \u00e9ducative \u00e0 passer \u00e0 l\u2019\u00e9nergie solaire"}]},{"@type":"WebSite","@id":"https:\/\/interamerica.org\/fr\/#website","url":"https:\/\/interamerica.org\/fr\/","name":"\u00c9glise Adventiste Du Septieme Jour - Inter Am\u00e9rique Division","description":"","potentialAction":[{"@type":"SearchAction","target":{"@type":"EntryPoint","urlTemplate":"https:\/\/interamerica.org\/fr\/?s={search_term_string}"},"query-input":{"@type":"PropertyValueSpecification","valueRequired":true,"valueName":"search_term_string"}}],"inLanguage":"fr-FR"},{"@type":"Person","@id":"https:\/\/interamerica.org\/fr\/#\/schema\/person\/29998f2bc2d8bd0d38662909289b54f1","name":"libna","image":{"@type":"ImageObject","inLanguage":"fr-FR","@id":"https:\/\/secure.gravatar.com\/avatar\/7c5bd30ae4b47a9ba3c856590957fd1d96dc588bf3ac05719d247e126840331f?s=96&d=mm&r=g","url":"https:\/\/secure.gravatar.com\/avatar\/7c5bd30ae4b47a9ba3c856590957fd1d96dc588bf3ac05719d247e126840331f?s=96&d=mm&r=g","contentUrl":"https:\/\/secure.gravatar.com\/avatar\/7c5bd30ae4b47a9ba3c856590957fd1d96dc588bf3ac05719d247e126840331f?s=96&d=mm&r=g","caption":"libna"}}]}},"_links":{"self":[{"href":"https:\/\/interamerica.org\/fr\/wp-json\/wp\/v2\/posts\/110175","targetHints":{"allow":["GET"]}}],"collection":[{"href":"https:\/\/interamerica.org\/fr\/wp-json\/wp\/v2\/posts"}],"about":[{"href":"https:\/\/interamerica.org\/fr\/wp-json\/wp\/v2\/types\/post"}],"author":[{"embeddable":true,"href":"https:\/\/interamerica.org\/fr\/wp-json\/wp\/v2\/users\/3"}],"replies":[{"embeddable":true,"href":"https:\/\/interamerica.org\/fr\/wp-json\/wp\/v2\/comments?post=110175"}],"version-history":[{"count":0,"href":"https:\/\/interamerica.org\/fr\/wp-json\/wp\/v2\/posts\/110175\/revisions"}],"wp:featuredmedia":[{"embeddable":true,"href":"https:\/\/interamerica.org\/fr\/wp-json\/wp\/v2\/media\/110061"}],"wp:attachment":[{"href":"https:\/\/interamerica.org\/fr\/wp-json\/wp\/v2\/media?parent=110175"}],"wp:term":[{"taxonomy":"category","embeddable":true,"href":"https:\/\/interamerica.org\/fr\/wp-json\/wp\/v2\/categories?post=110175"},{"taxonomy":"post_tag","embeddable":true,"href":"https:\/\/interamerica.org\/fr\/wp-json\/wp\/v2\/tags?post=110175"}],"curies":[{"name":"wp","href":"https:\/\/api.w.org\/{rel}","templated":true}]}}