{"id":110323,"date":"2024-02-22T17:57:10","date_gmt":"2024-02-22T22:57:10","guid":{"rendered":"https:\/\/interamerica.org\/?p=110323"},"modified":"2024-02-23T08:37:24","modified_gmt":"2024-02-23T13:37:24","slug":"dans-le-lieu-tres-saint","status":"publish","type":"post","link":"https:\/\/interamerica.org\/fr\/2024\/02\/dans-le-lieu-tres-saint\/","title":{"rendered":"Dans le lieu tr\u00e8s saint"},"content":{"rendered":"<p>22 f\u00e9vrier 2024 | Silver Spring, Maryland, \u00c9tats-Unis | Ted N.C. Wilson, pr\u00e9sident de la Conf\u00e9rence g\u00e9n\u00e9rale des adventistes du septi\u00e8me jour<\/p>\n<p>Bonjour, chers amis. Alors que nous poursuivons notre voyage \u00e0 travers La Trag\u00e9die des si\u00e8cles, nous avons r\u00e9alis\u00e9 que la cl\u00e9 pour comprendre le myst\u00e8re de la grande d\u00e9ception de 1844 se trouve dans la compr\u00e9hension de ce que la Bible enseigne sur le sanctuaire.<\/p>\n<p>Cela a \u00e9t\u00e9 une r\u00e9v\u00e9lation si puissante pour les premiers croyants adventistes car, comme l&rsquo;explique Ellen White, \u00ab L\u2019\u00e9tude de ce sujet r\u00e9v\u00e9la tout un syst\u00e8me harmonieux de v\u00e9rit\u00e9s. On y vit la main de Dieu, lequel avait dirig\u00e9 le grand mouvement adventiste, \u00e9clairant la position et la mission de son peuple, et lui signalant ses devoirs pr\u00e9sents. \u00bb<\/p>\n<p>Alors que les premiers adventistes continuaient d&rsquo;\u00e9tudier, la beaut\u00e9 et l&rsquo;harmonie des v\u00e9rit\u00e9s de l&rsquo;\u00c9criture commen\u00e7aient \u00e0 briller de plus en plus intens\u00e9ment dans leurs c\u0153urs et leurs esprits. Ils pouvaient voir le lien entre la proph\u00e9tie de Daniel 8 au verset 14, \u00ab Deux mille trois cents soirs et matins; puis le sanctuaire sera purifi\u00e9 \u00bb, et la d\u00e9claration du premier ange de l&rsquo;Apocalypse 14, \u00ab Craignez Dieu, et donnez-lui gloire, car l&rsquo;heure de son jugement est venue. \u00bb<\/p>\n<p>Ils pouvaient voir que ces passages faisaient r\u00e9f\u00e9rence au minist\u00e8re de Christ dans le lieu tr\u00e8s saint et au jugement investigatif plut\u00f4t qu&rsquo;\u00e0 sa venue sur terre pour racheter son peuple et d\u00e9truire les m\u00e9chants.<\/p>\n<p>Ils ont compris que \u00ab J\u00e9sus \u00e9tait venu, non sur la terre, comme ils s\u2019y \u00e9taient attendus, mais dans le lieu tr\u00e8s saint du sanctuaire c\u00e9leste, comme le rite l\u2019avait annonc\u00e9. \u00bb<\/p>\n<p>Cet \u00e9v\u00e9nement a \u00e9t\u00e9 d\u00e9crit par le proph\u00e8te Daniel qui a \u00e9crit : \u00ab Je regardai pendant mes visions nocturnes, et voici, sur les nu\u00e9es des cieux arriva quelqu&rsquo;un de semblable \u00e0 un fils de l&rsquo;homme; il s&rsquo;avan\u00e7a vers l&rsquo;ancien des jours, et on le fit approcher de lui. \u00bb<\/p>\n<p>Ils ont r\u00e9alis\u00e9 que le proph\u00e8te Malachie d\u00e9crivait le m\u00eame \u00e9v\u00e9nement lorsqu&rsquo;il a \u00e9crit : \u00ab Et soudain entrera dans son temple le Seigneur que vous cherchez; et le messager de l&rsquo;alliance que vous d\u00e9sirez, voici, il vient, dit l&rsquo;\u00c9ternel des arm\u00e9es. \u00bb<\/p>\n<p>\u00ab\u00a0La venue du Seigneur dans son temple\u00a0\u00bb a certainement \u00e9t\u00e9 soudaine et inattendue pour son peuple, car ils ne s&rsquo;attendaient pas \u00e0 ce qu&rsquo;il vienne l\u00e0-bas; ils l&rsquo;attendaient pour qu&rsquo;il vienne sur la terre!\u00a0\u00bb<\/p>\n<p>De plus, ils n&rsquo;\u00e9taient pas encore pr\u00eats \u00e0 rencontrer leur Seigneur. On nous dit qu&rsquo;\u00ab une \u0153uvre pr\u00e9paratoire restait \u00e0 faire. \u00bb<\/p>\n<p>Malachie 3 aux versets 2 et 3 nous aide \u00e0 comprendre plus clairement ce travail de pr\u00e9paration. Il dit :<\/p>\n<p>\u00ab Qui pourra soutenir le jour de sa venue? Qui restera debout quand il para\u00eetra? Car il sera comme le feu du fondeur, comme la potasse des foulons. Il s&rsquo;assi\u00e9ra, fondra et purifiera l&rsquo;argent; Il purifiera les fils de L\u00e9vi, Il les \u00e9purera comme on \u00e9pure l&rsquo;or et l&rsquo;argent, et ils pr\u00e9senteront \u00e0 l&rsquo;\u00c9ternel des offrandes avec justice. \u00bb<\/p>\n<p>En commentant sur ce passage m\u00eame de Malachie, la messag\u00e8re du Seigneur a \u00e9crit : \u00ab Ceux qui vivront sur la terre quand cessera dans le sanctuaire c\u00e9leste l\u2019intercession du Seigneur devront subsister sans M\u00e9diateur en la pr\u00e9sence de Dieu. Leurs robes devront \u00eatre immacul\u00e9es, et leur caract\u00e8re purifi\u00e9 de toute souillure par le sang de l\u2019aspersion. Par la gr\u00e2ce de Dieu et par des efforts pers\u00e9v\u00e9rants, ils devront \u00eatre vainqueurs dans leur guerre contre le mal. Pendant que le jugement s\u2019instruit dans le ciel et que les fautes des croyants repentants s\u2019effacent des registres c\u00e9lestes, il faut que, sur la terre, le peuple de Dieu renonce d\u00e9finitivement au p\u00e9ch\u00e9. Ce fait est plus clairement pr\u00e9sent\u00e9 par les messages du quatorzi\u00e8me chapitre de l\u2019Apocalypse. Cette \u0153uvre accomplie, les disciples de J\u00e9sus seront pr\u00eats pour son retour&#8230; Alors, l\u2019Eglise que le Seigneur viendra chercher \u00e0 son retour sera \u201cglorieuse, sans tache, ni ride, ni rien de semblable, mais sainte et irr\u00e9pr\u00e9hensible.\u201d \u00bb<\/p>\n<p>Au d\u00e9but cela peut sembler accablant. Mais ne perdons pas de vue le fait que c&rsquo;est l&rsquo;\u0153uvre sp\u00e9ciale de purification de Dieu ! C&rsquo;est Lui qui nous fournit \u00ab\u00a0la robe sans tache\u00a0\u00bb. C&rsquo;est Son sang qui nous purifie. C&rsquo;est Sa gr\u00e2ce qui nous donne le pouvoir d&rsquo;\u00eatre \u00ab\u00a0vainqueurs dans la bataille contre le mal\u00a0\u00bb. Dieu est le seul qui peut nous aider \u00e0 \u00eatre \u00ab\u00a0vainqueurs dans la bataille contre le mal\u00a0\u00bb &#8211; sans Lui, nous sommes d\u00e9sesp\u00e9r\u00e9ment perdus dans le p\u00e9ch\u00e9.<\/p>\n<p>\u00c0 l&rsquo;\u00e9poque du temple terrestre, le jour des expiations \u00e9tait le jour le plus important de l&rsquo;ann\u00e9e. Les gens examinaient leur c\u0153ur, confessaient leurs p\u00e9ch\u00e9s et s&rsquo;assuraient d&rsquo;\u00eatre en accord avec Dieu. \u00c9tant donn\u00e9 que nous vivons maintenant dans ce qui est connu comme le jour \u00ab\u00a0antitype de la f\u00eate des expiations\u00a0\u00bb, ce passage nous rappelle que Dieu d\u00e9sire ardemment purifier nos c\u0153urs et nous pr\u00e9parer en tant qu&rsquo;individus et en tant qu&rsquo;\u00e9glise pour Son retour imminent.<\/p>\n<p>Alors que certains peuvent croire que ce passage de Malachie 3 fait r\u00e9f\u00e9rence \u00e0 la seconde venue du Christ, Ellen White pr\u00e9cise que bien que Malachie parle de la seconde venue dans certains passages, ce n&rsquo;est pas le cas ici. Elle \u00e9crit : \u00ab Cette venue et celle du Seigneur dans son temple sont deux \u00e9v\u00e9nements distincts et s\u00e9par\u00e9s. \u00bb<\/p>\n<p>Elle explique plus loin : \u00ab En revanche, la venue du Seigneur en qualit\u00e9 de souverain sacrificateur dans le lieu tr\u00e8s saint pour purifier le sanctuaire, mentionn\u00e9e dans Daniel 8 verset 14, la venue du Fils de l\u2019homme aupr\u00e8s de l\u2019ancien des jours dans Daniel 7 verset 13, et la venue du Seigneur dans son temple, dont parle Malachie, sont autant de descriptions du m\u00eame \u00e9v\u00e9nement. \u00bb<\/p>\n<p>Il est clair que la Bible parle d&rsquo;une seule voix lorsqu&rsquo;elle proclame le jour antitype de la f\u00eate des expiations &#8211; le temps dans lequel nous vivons maintenant.<\/p>\n<p>Dans Matthieu au chapitre 22, J\u00e9sus raconte la parabole d&rsquo;un festin de noces. Dans la parabole, un jugement investigatif a lieu lorsque le roi entre pour examiner les invit\u00e9s afin de s&rsquo;assurer que tous portent l&rsquo;habit de noces qu&rsquo;il a si g\u00e9n\u00e9reusement fourni. Cette robe immacul\u00e9e du caract\u00e8re, repr\u00e9sent\u00e9e par l&rsquo;habit de noces, a \u00e9t\u00e9 lav\u00e9e et blanchie dans le sang de l&rsquo;Agneau, comme d\u00e9crit dans Apocalypse 7 au verset 14.<\/p>\n<p>Dans la parabole, le roi s&rsquo;approche d&rsquo;un des invit\u00e9s qui ne porte pas l&rsquo;habit et demande gentiment : \u00ab Mon ami, comment es-tu entr\u00e9 ici sans avoir un habit de noces? Cet homme eut la bouche ferm\u00e9e.<\/p>\n<p>\u00ab\u00a0Alors le roi dit aux serviteurs: Liez-lui les pieds et les mains, et jetez-le dans les t\u00e9n\u00e8bres du dehors, o\u00f9 il y aura des pleurs et des grincements de dents. \u00bb<\/p>\n<p>Mon cher ami, portes-tu la robe de justice du Christ ? Lui permets-tu de te laver dans le sang de l&rsquo;Agneau ? Lui permettons-nous, toi et moi, de faire Son \u0153uvre sp\u00e9ciale de purification, d&rsquo;\u00e9radication du p\u00e9ch\u00e9, afin que nous soyons pr\u00eats pour son retour ?<\/p>\n<p>Je t&rsquo;invite \u00e0 te tourner vers Lui d\u00e8s maintenant alors que nous prions ensemble.<\/p>\n<p>P\u00e8re c\u00e9leste, merci d&rsquo;avoir envoy\u00e9 J\u00e9sus pour vivre une vie parfaite. Pour mourir pour nous, ressusciter, puis monter au ciel pour \u00eatre notre grand pr\u00eatre et intercesseur, et bient\u00f4t Il enlevera ses v\u00eatements sacerdotaux, rev\u00eatira ses v\u00eatements royaux et viendra nous chercher pour \u00eatre avec lui. La Seconde Venue est pour bient\u00f4t! Merci pour la robe de justice qui nous est offerte gratuitement par la gr\u00e2ce de J\u00e9sus. Merci pour la justice sanctifiante de Christ qui nous aide \u00e0 devenir de plus en plus semblables \u00e0 J\u00e9sus, \u00e0 \u00eatre purifi\u00e9s par sa puissance agissant dans nos vies. Maintenant, Seigneur, utilise-nous. Prends-nous. Permets-nous d&rsquo;\u00eatre tes t\u00e9moignages de ce que Dieu peut faire dans nos vies lorsque tu nous changes pour devenir de plus en plus semblables \u00e0 J\u00e9sus. Merci pour la justice de Christ. Nous demandons tout cela au nom de J\u00e9sus-Christ, notre Seigneur et Sauveur. Amen.<\/p>\n<p><iframe title=\"Le Trag\u00e9die des si\u00e8cles Chapitre 24 : Dans le lieu tr\u00e8s saint\" width=\"500\" height=\"281\" src=\"https:\/\/www.youtube.com\/embed\/vdKU3sRxGc0?feature=oembed\" frameborder=\"0\" allow=\"accelerometer; autoplay; clipboard-write; encrypted-media; gyroscope; picture-in-picture; web-share\" referrerpolicy=\"strict-origin-when-cross-origin\" allowfullscreen><\/iframe><\/p>\n","protected":false},"excerpt":{"rendered":"<p>22 f\u00e9vrier 2024 | Silver Spring, Maryland, \u00c9tats-Unis | Ted N.C. Wilson, pr\u00e9sident de la Conf\u00e9rence g\u00e9n\u00e9rale des adventistes du septi\u00e8me jour Bonjour, chers amis. Alors que nous poursuivons notre&#8230;<\/p>\n","protected":false},"author":3,"featured_media":110326,"comment_status":"closed","ping_status":"closed","sticky":false,"template":"","format":"standard","meta":{"_acf_changed":false,"footnotes":""},"categories":[18,19],"tags":[],"class_list":["post-110323","post","type-post","status-publish","format-standard","has-post-thumbnail","hentry","category-nouvelles-de-leglise-mondiale","category-rss-francais"],"acf":[],"yoast_head":"<!-- This site is optimized with the Yoast SEO plugin v27.3 - https:\/\/yoast.com\/product\/yoast-seo-wordpress\/ -->\n<title>Dans le lieu tr\u00e8s saint - \u00c9glise Adventiste Du Septieme Jour - Inter Am\u00e9rique Division<\/title>\n<meta name=\"robots\" content=\"index, follow, max-snippet:-1, max-image-preview:large, max-video-preview:-1\" \/>\n<link rel=\"canonical\" href=\"https:\/\/interamerica.org\/fr\/2024\/02\/dans-le-lieu-tres-saint\/\" \/>\n<meta property=\"og:locale\" content=\"fr_FR\" \/>\n<meta property=\"og:type\" content=\"article\" \/>\n<meta property=\"og:title\" content=\"Dans le lieu tr\u00e8s saint - \u00c9glise Adventiste Du Septieme Jour - Inter Am\u00e9rique Division\" \/>\n<meta property=\"og:description\" content=\"22 f\u00e9vrier 2024 | Silver Spring, Maryland, \u00c9tats-Unis | Ted N.C. Wilson, pr\u00e9sident de la Conf\u00e9rence g\u00e9n\u00e9rale des adventistes du septi\u00e8me jour Bonjour, chers amis. Alors que nous poursuivons notre...\" \/>\n<meta property=\"og:url\" content=\"https:\/\/interamerica.org\/fr\/2024\/02\/dans-le-lieu-tres-saint\/\" \/>\n<meta property=\"og:site_name\" content=\"\u00c9glise Adventiste Du Septieme Jour - Inter Am\u00e9rique Division\" \/>\n<meta property=\"article:published_time\" content=\"2024-02-22T22:57:10+00:00\" \/>\n<meta property=\"article:modified_time\" content=\"2024-02-23T13:37:24+00:00\" \/>\n<meta property=\"og:image\" content=\"https:\/\/interamerica.org\/wp-content\/uploads\/2024\/02\/in-the-holy-of-holiest-fr.jpg\" \/>\n\t<meta property=\"og:image:width\" content=\"1920\" \/>\n\t<meta property=\"og:image:height\" content=\"1080\" \/>\n\t<meta property=\"og:image:type\" content=\"image\/jpeg\" \/>\n<meta name=\"author\" content=\"libna\" \/>\n<meta name=\"twitter:card\" content=\"summary_large_image\" \/>\n<meta name=\"twitter:label1\" content=\"\u00c9crit par\" \/>\n\t<meta name=\"twitter:data1\" content=\"libna\" \/>\n\t<meta name=\"twitter:label2\" content=\"Dur\u00e9e de lecture estim\u00e9e\" \/>\n\t<meta name=\"twitter:data2\" content=\"6 minutes\" \/>\n<script type=\"application\/ld+json\" class=\"yoast-schema-graph\">{\"@context\":\"https:\\\/\\\/schema.org\",\"@graph\":[{\"@type\":\"Article\",\"@id\":\"https:\\\/\\\/interamerica.org\\\/fr\\\/2024\\\/02\\\/dans-le-lieu-tres-saint\\\/#article\",\"isPartOf\":{\"@id\":\"https:\\\/\\\/interamerica.org\\\/fr\\\/2024\\\/02\\\/dans-le-lieu-tres-saint\\\/\"},\"author\":{\"name\":\"libna\",\"@id\":\"https:\\\/\\\/interamerica.org\\\/fr\\\/#\\\/schema\\\/person\\\/29998f2bc2d8bd0d38662909289b54f1\"},\"headline\":\"Dans le lieu tr\u00e8s saint\",\"datePublished\":\"2024-02-22T22:57:10+00:00\",\"dateModified\":\"2024-02-23T13:37:24+00:00\",\"mainEntityOfPage\":{\"@id\":\"https:\\\/\\\/interamerica.org\\\/fr\\\/2024\\\/02\\\/dans-le-lieu-tres-saint\\\/\"},\"wordCount\":1465,\"image\":{\"@id\":\"https:\\\/\\\/interamerica.org\\\/fr\\\/2024\\\/02\\\/dans-le-lieu-tres-saint\\\/#primaryimage\"},\"thumbnailUrl\":\"https:\\\/\\\/interamerica.org\\\/wp-content\\\/uploads\\\/2024\\\/02\\\/in-the-holy-of-holiest-fr.jpg\",\"articleSection\":[\"Nouvelles de l'\u00c9glise mondiale\",\"RSS Fran\u00e7ais\"],\"inLanguage\":\"fr-FR\"},{\"@type\":\"WebPage\",\"@id\":\"https:\\\/\\\/interamerica.org\\\/fr\\\/2024\\\/02\\\/dans-le-lieu-tres-saint\\\/\",\"url\":\"https:\\\/\\\/interamerica.org\\\/fr\\\/2024\\\/02\\\/dans-le-lieu-tres-saint\\\/\",\"name\":\"Dans le lieu tr\u00e8s saint - \u00c9glise Adventiste Du Septieme Jour - Inter Am\u00e9rique Division\",\"isPartOf\":{\"@id\":\"https:\\\/\\\/interamerica.org\\\/fr\\\/#website\"},\"primaryImageOfPage\":{\"@id\":\"https:\\\/\\\/interamerica.org\\\/fr\\\/2024\\\/02\\\/dans-le-lieu-tres-saint\\\/#primaryimage\"},\"image\":{\"@id\":\"https:\\\/\\\/interamerica.org\\\/fr\\\/2024\\\/02\\\/dans-le-lieu-tres-saint\\\/#primaryimage\"},\"thumbnailUrl\":\"https:\\\/\\\/interamerica.org\\\/wp-content\\\/uploads\\\/2024\\\/02\\\/in-the-holy-of-holiest-fr.jpg\",\"datePublished\":\"2024-02-22T22:57:10+00:00\",\"dateModified\":\"2024-02-23T13:37:24+00:00\",\"author\":{\"@id\":\"https:\\\/\\\/interamerica.org\\\/fr\\\/#\\\/schema\\\/person\\\/29998f2bc2d8bd0d38662909289b54f1\"},\"breadcrumb\":{\"@id\":\"https:\\\/\\\/interamerica.org\\\/fr\\\/2024\\\/02\\\/dans-le-lieu-tres-saint\\\/#breadcrumb\"},\"inLanguage\":\"fr-FR\",\"potentialAction\":[{\"@type\":\"ReadAction\",\"target\":[\"https:\\\/\\\/interamerica.org\\\/fr\\\/2024\\\/02\\\/dans-le-lieu-tres-saint\\\/\"]}]},{\"@type\":\"ImageObject\",\"inLanguage\":\"fr-FR\",\"@id\":\"https:\\\/\\\/interamerica.org\\\/fr\\\/2024\\\/02\\\/dans-le-lieu-tres-saint\\\/#primaryimage\",\"url\":\"https:\\\/\\\/interamerica.org\\\/wp-content\\\/uploads\\\/2024\\\/02\\\/in-the-holy-of-holiest-fr.jpg\",\"contentUrl\":\"https:\\\/\\\/interamerica.org\\\/wp-content\\\/uploads\\\/2024\\\/02\\\/in-the-holy-of-holiest-fr.jpg\",\"width\":1920,\"height\":1080},{\"@type\":\"BreadcrumbList\",\"@id\":\"https:\\\/\\\/interamerica.org\\\/fr\\\/2024\\\/02\\\/dans-le-lieu-tres-saint\\\/#breadcrumb\",\"itemListElement\":[{\"@type\":\"ListItem\",\"position\":1,\"name\":\"Home\",\"item\":\"https:\\\/\\\/interamerica.org\\\/fr\\\/\"},{\"@type\":\"ListItem\",\"position\":2,\"name\":\"Dans le lieu tr\u00e8s saint\"}]},{\"@type\":\"WebSite\",\"@id\":\"https:\\\/\\\/interamerica.org\\\/fr\\\/#website\",\"url\":\"https:\\\/\\\/interamerica.org\\\/fr\\\/\",\"name\":\"\u00c9glise Adventiste Du Septieme Jour - Inter Am\u00e9rique Division\",\"description\":\"\",\"potentialAction\":[{\"@type\":\"SearchAction\",\"target\":{\"@type\":\"EntryPoint\",\"urlTemplate\":\"https:\\\/\\\/interamerica.org\\\/fr\\\/?s={search_term_string}\"},\"query-input\":{\"@type\":\"PropertyValueSpecification\",\"valueRequired\":true,\"valueName\":\"search_term_string\"}}],\"inLanguage\":\"fr-FR\"},{\"@type\":\"Person\",\"@id\":\"https:\\\/\\\/interamerica.org\\\/fr\\\/#\\\/schema\\\/person\\\/29998f2bc2d8bd0d38662909289b54f1\",\"name\":\"libna\",\"image\":{\"@type\":\"ImageObject\",\"inLanguage\":\"fr-FR\",\"@id\":\"https:\\\/\\\/secure.gravatar.com\\\/avatar\\\/7c5bd30ae4b47a9ba3c856590957fd1d96dc588bf3ac05719d247e126840331f?s=96&d=mm&r=g\",\"url\":\"https:\\\/\\\/secure.gravatar.com\\\/avatar\\\/7c5bd30ae4b47a9ba3c856590957fd1d96dc588bf3ac05719d247e126840331f?s=96&d=mm&r=g\",\"contentUrl\":\"https:\\\/\\\/secure.gravatar.com\\\/avatar\\\/7c5bd30ae4b47a9ba3c856590957fd1d96dc588bf3ac05719d247e126840331f?s=96&d=mm&r=g\",\"caption\":\"libna\"}}]}<\/script>\n<!-- \/ Yoast SEO plugin. -->","yoast_head_json":{"title":"Dans le lieu tr\u00e8s saint - \u00c9glise Adventiste Du Septieme Jour - Inter Am\u00e9rique Division","robots":{"index":"index","follow":"follow","max-snippet":"max-snippet:-1","max-image-preview":"max-image-preview:large","max-video-preview":"max-video-preview:-1"},"canonical":"https:\/\/interamerica.org\/fr\/2024\/02\/dans-le-lieu-tres-saint\/","og_locale":"fr_FR","og_type":"article","og_title":"Dans le lieu tr\u00e8s saint - \u00c9glise Adventiste Du Septieme Jour - Inter Am\u00e9rique Division","og_description":"22 f\u00e9vrier 2024 | Silver Spring, Maryland, \u00c9tats-Unis | Ted N.C. Wilson, pr\u00e9sident de la Conf\u00e9rence g\u00e9n\u00e9rale des adventistes du septi\u00e8me jour Bonjour, chers amis. Alors que nous poursuivons notre...","og_url":"https:\/\/interamerica.org\/fr\/2024\/02\/dans-le-lieu-tres-saint\/","og_site_name":"\u00c9glise Adventiste Du Septieme Jour - Inter Am\u00e9rique Division","article_published_time":"2024-02-22T22:57:10+00:00","article_modified_time":"2024-02-23T13:37:24+00:00","og_image":[{"width":1920,"height":1080,"url":"https:\/\/interamerica.org\/wp-content\/uploads\/2024\/02\/in-the-holy-of-holiest-fr.jpg","type":"image\/jpeg"}],"author":"libna","twitter_card":"summary_large_image","twitter_misc":{"\u00c9crit par":"libna","Dur\u00e9e de lecture estim\u00e9e":"6 minutes"},"schema":{"@context":"https:\/\/schema.org","@graph":[{"@type":"Article","@id":"https:\/\/interamerica.org\/fr\/2024\/02\/dans-le-lieu-tres-saint\/#article","isPartOf":{"@id":"https:\/\/interamerica.org\/fr\/2024\/02\/dans-le-lieu-tres-saint\/"},"author":{"name":"libna","@id":"https:\/\/interamerica.org\/fr\/#\/schema\/person\/29998f2bc2d8bd0d38662909289b54f1"},"headline":"Dans le lieu tr\u00e8s saint","datePublished":"2024-02-22T22:57:10+00:00","dateModified":"2024-02-23T13:37:24+00:00","mainEntityOfPage":{"@id":"https:\/\/interamerica.org\/fr\/2024\/02\/dans-le-lieu-tres-saint\/"},"wordCount":1465,"image":{"@id":"https:\/\/interamerica.org\/fr\/2024\/02\/dans-le-lieu-tres-saint\/#primaryimage"},"thumbnailUrl":"https:\/\/interamerica.org\/wp-content\/uploads\/2024\/02\/in-the-holy-of-holiest-fr.jpg","articleSection":["Nouvelles de l'\u00c9glise mondiale","RSS Fran\u00e7ais"],"inLanguage":"fr-FR"},{"@type":"WebPage","@id":"https:\/\/interamerica.org\/fr\/2024\/02\/dans-le-lieu-tres-saint\/","url":"https:\/\/interamerica.org\/fr\/2024\/02\/dans-le-lieu-tres-saint\/","name":"Dans le lieu tr\u00e8s saint - \u00c9glise Adventiste Du Septieme Jour - Inter Am\u00e9rique Division","isPartOf":{"@id":"https:\/\/interamerica.org\/fr\/#website"},"primaryImageOfPage":{"@id":"https:\/\/interamerica.org\/fr\/2024\/02\/dans-le-lieu-tres-saint\/#primaryimage"},"image":{"@id":"https:\/\/interamerica.org\/fr\/2024\/02\/dans-le-lieu-tres-saint\/#primaryimage"},"thumbnailUrl":"https:\/\/interamerica.org\/wp-content\/uploads\/2024\/02\/in-the-holy-of-holiest-fr.jpg","datePublished":"2024-02-22T22:57:10+00:00","dateModified":"2024-02-23T13:37:24+00:00","author":{"@id":"https:\/\/interamerica.org\/fr\/#\/schema\/person\/29998f2bc2d8bd0d38662909289b54f1"},"breadcrumb":{"@id":"https:\/\/interamerica.org\/fr\/2024\/02\/dans-le-lieu-tres-saint\/#breadcrumb"},"inLanguage":"fr-FR","potentialAction":[{"@type":"ReadAction","target":["https:\/\/interamerica.org\/fr\/2024\/02\/dans-le-lieu-tres-saint\/"]}]},{"@type":"ImageObject","inLanguage":"fr-FR","@id":"https:\/\/interamerica.org\/fr\/2024\/02\/dans-le-lieu-tres-saint\/#primaryimage","url":"https:\/\/interamerica.org\/wp-content\/uploads\/2024\/02\/in-the-holy-of-holiest-fr.jpg","contentUrl":"https:\/\/interamerica.org\/wp-content\/uploads\/2024\/02\/in-the-holy-of-holiest-fr.jpg","width":1920,"height":1080},{"@type":"BreadcrumbList","@id":"https:\/\/interamerica.org\/fr\/2024\/02\/dans-le-lieu-tres-saint\/#breadcrumb","itemListElement":[{"@type":"ListItem","position":1,"name":"Home","item":"https:\/\/interamerica.org\/fr\/"},{"@type":"ListItem","position":2,"name":"Dans le lieu tr\u00e8s saint"}]},{"@type":"WebSite","@id":"https:\/\/interamerica.org\/fr\/#website","url":"https:\/\/interamerica.org\/fr\/","name":"\u00c9glise Adventiste Du Septieme Jour - Inter Am\u00e9rique Division","description":"","potentialAction":[{"@type":"SearchAction","target":{"@type":"EntryPoint","urlTemplate":"https:\/\/interamerica.org\/fr\/?s={search_term_string}"},"query-input":{"@type":"PropertyValueSpecification","valueRequired":true,"valueName":"search_term_string"}}],"inLanguage":"fr-FR"},{"@type":"Person","@id":"https:\/\/interamerica.org\/fr\/#\/schema\/person\/29998f2bc2d8bd0d38662909289b54f1","name":"libna","image":{"@type":"ImageObject","inLanguage":"fr-FR","@id":"https:\/\/secure.gravatar.com\/avatar\/7c5bd30ae4b47a9ba3c856590957fd1d96dc588bf3ac05719d247e126840331f?s=96&d=mm&r=g","url":"https:\/\/secure.gravatar.com\/avatar\/7c5bd30ae4b47a9ba3c856590957fd1d96dc588bf3ac05719d247e126840331f?s=96&d=mm&r=g","contentUrl":"https:\/\/secure.gravatar.com\/avatar\/7c5bd30ae4b47a9ba3c856590957fd1d96dc588bf3ac05719d247e126840331f?s=96&d=mm&r=g","caption":"libna"}}]}},"_links":{"self":[{"href":"https:\/\/interamerica.org\/fr\/wp-json\/wp\/v2\/posts\/110323","targetHints":{"allow":["GET"]}}],"collection":[{"href":"https:\/\/interamerica.org\/fr\/wp-json\/wp\/v2\/posts"}],"about":[{"href":"https:\/\/interamerica.org\/fr\/wp-json\/wp\/v2\/types\/post"}],"author":[{"embeddable":true,"href":"https:\/\/interamerica.org\/fr\/wp-json\/wp\/v2\/users\/3"}],"replies":[{"embeddable":true,"href":"https:\/\/interamerica.org\/fr\/wp-json\/wp\/v2\/comments?post=110323"}],"version-history":[{"count":0,"href":"https:\/\/interamerica.org\/fr\/wp-json\/wp\/v2\/posts\/110323\/revisions"}],"wp:featuredmedia":[{"embeddable":true,"href":"https:\/\/interamerica.org\/fr\/wp-json\/wp\/v2\/media\/110326"}],"wp:attachment":[{"href":"https:\/\/interamerica.org\/fr\/wp-json\/wp\/v2\/media?parent=110323"}],"wp:term":[{"taxonomy":"category","embeddable":true,"href":"https:\/\/interamerica.org\/fr\/wp-json\/wp\/v2\/categories?post=110323"},{"taxonomy":"post_tag","embeddable":true,"href":"https:\/\/interamerica.org\/fr\/wp-json\/wp\/v2\/tags?post=110323"}],"curies":[{"name":"wp","href":"https:\/\/api.w.org\/{rel}","templated":true}]}}