{"id":110377,"date":"2024-02-23T11:19:29","date_gmt":"2024-02-23T16:19:29","guid":{"rendered":"https:\/\/interamerica.org\/?p=110377"},"modified":"2024-02-23T14:08:52","modified_gmt":"2024-02-23T19:08:52","slug":"linter-amerique-va-lancer-une-nouvelle-interface-pour-la-bibliotheque-virtuelle-adventiste","status":"publish","type":"post","link":"https:\/\/interamerica.org\/fr\/2024\/02\/linter-amerique-va-lancer-une-nouvelle-interface-pour-la-bibliotheque-virtuelle-adventiste\/","title":{"rendered":"L\u2019Inter Am\u00e9rique va lancer une nouvelle interface pour la Biblioth\u00e8que Virtuelle Adventiste"},"content":{"rendered":"<p>23 F\u00e9vrier 2024 | Miami, Floride, \u00c9tats-Unis | Libna Stevens, Actualit\u00e9s de la Division Inter Am\u00e9ricaine<\/p>\n<p>Le Bureau de l\u2019\u00c9ducation de la Division Inter Am\u00e9ricaine (DIA) lancera la derni\u00e8re version de l\u2019interface de la Biblioth\u00e8que Virtuelle Adventiste (AVL) lors d\u2019un programme diffus\u00e9 en direct le 4 mars 2024. Le programme en ligne expliquera aux utilisateurs comment naviguer sur le nouveau site web et acc\u00e9der \u00e0 ses milliers de ressources, et mettra \u00e9galement en lumi\u00e8re les projets d\u2019expansion pour les mois \u00e0 venir.<\/p>\n<p>Cr\u00e9\u00e9 en 2007, l\u2019AVL est une porte cybern\u00e9tique cr\u00e9\u00e9e pour faciliter l\u2019acc\u00e8s \u00e0 diverses bases de donn\u00e9es et divers liens dans plusieurs langues et diverses disciplines \u00e9ducatives qui compl\u00e8tent le processus d\u2019enseignement-apprentissage et d\u2019investigation dans toutes les institutions \u00e9ducatives adventistes qui font partie de la DIA.<\/p>\n<p>\u00ab Nous sommes tr\u00e8s heureux de ce que la biblioth\u00e8que virtuelle ait \u00e9t\u00e9 institu\u00e9e il y a des ann\u00e9es par la division et qu\u2019elle constitue maintenant un outil plus puissant pour les \u00e9tudiants de nos \u00e9coles et universit\u00e9s dans le territoire, \u00bb a d\u00e9clar\u00e9 Dr Faye Patterson, directrice de l\u2019\u00e9ducation de la DIA. La vaste biblioth\u00e8que virtuelle est \u00e9galement une importante condition d\u2019accr\u00e9ditation pour les \u00e9tablissements d\u2019enseignement primaire et secondaire ainsi que pour les institutions d\u2019enseignement sup\u00e9rieur, non seulement pour le Syst\u00e8me \u00c9ducatif Adventiste en Inter Am\u00e9rique, mais aussi pour les entit\u00e9s gouvernementales de chaque pays, a-t-elle expliqu\u00e9.<\/p>\n<p>Le lancement se fera depuis le campus de l\u2019Universit\u00e9 Adventiste d\u2019Am\u00e9rique Centrale \u00e0 Alajuela, au Costa Rica, avec un groupe d\u2019\u00e9tudiants, d\u2019\u00e9ducateurs et de dirigeants de la DIA.<\/p>\n<p>\u00ab C\u2019est un vrai plus d\u2019avoir cette biblioth\u00e8que virtuelle proche de nos \u00e9coles, cela aide \u00e0 motiver les \u00e9tudiants \u00e0 lire davantage et \u00e0 aller plus loin dans leurs investigations et leurs recherches, \u00bb a d\u00e9clare Dr Yanet Cima, directrice adjointe de l\u2019\u00e9ducation de la DIA, qui travaille sur la biblioth\u00e8que virtuelle depuis pr\u00e8s de trois ans. Depuis l\u2019ann\u00e9e derni\u00e8re, Dr Yanet Cima promeut l\u2019acc\u00e8s, la fonctionnalit\u00e9 et les ressources de donn\u00e9es, pour ses institutions primaires, secondaires et universitaires.<\/p>\n<p>Le nouveau site web b\u00e9n\u00e9ficie d\u2019un nouveau look, avec un nouveau domaine, un nouveau logo, de nouvelles fonctionnalit\u00e9s et de nombreuses informations en anglais, en espagnol et en fran\u00e7ais.<\/p>\n<p>Pour regarder en direct le programme sp\u00e9cial de lancement de la Biblioth\u00e8que Virtuelle Adventiste de l\u2019Inter Am\u00e9rique, le 4 mars 2024, \u00e0 16h00, heure du Costa Rica, soit 17h00, heure de Miami, visitez la page <a href=\"https:\/\/www.youtube.com\/watch?v=agiFDPo4dwI\">webcast.interamerica.org<\/a><\/p>\n<p>Traduction: Patrick Luciathe<\/p>\n","protected":false},"excerpt":{"rendered":"<p>23 F\u00e9vrier 2024 | Miami, Floride, \u00c9tats-Unis | Libna Stevens, Actualit\u00e9s de la Division Inter Am\u00e9ricaine Le Bureau de l\u2019\u00c9ducation de la Division Inter Am\u00e9ricaine (DIA) lancera la derni\u00e8re version&#8230;<\/p>\n","protected":false},"author":3,"featured_media":110359,"comment_status":"closed","ping_status":"closed","sticky":false,"template":"","format":"standard","meta":{"_acf_changed":false,"footnotes":""},"categories":[20,19],"tags":[],"class_list":["post-110377","post","type-post","status-publish","format-standard","has-post-thumbnail","hentry","category-nouvelles-du-siege-de-la-division","category-rss-francais"],"acf":[],"yoast_head":"<!-- This site is optimized with the Yoast SEO plugin v27.3 - https:\/\/yoast.com\/product\/yoast-seo-wordpress\/ -->\n<title>L\u2019Inter Am\u00e9rique va lancer une nouvelle interface pour la Biblioth\u00e8que Virtuelle Adventiste - \u00c9glise Adventiste Du Septieme Jour - Inter Am\u00e9rique Division<\/title>\n<meta name=\"robots\" content=\"index, follow, max-snippet:-1, max-image-preview:large, max-video-preview:-1\" \/>\n<link rel=\"canonical\" href=\"https:\/\/interamerica.org\/fr\/2024\/02\/linter-amerique-va-lancer-une-nouvelle-interface-pour-la-bibliotheque-virtuelle-adventiste\/\" \/>\n<meta property=\"og:locale\" content=\"fr_FR\" \/>\n<meta property=\"og:type\" content=\"article\" \/>\n<meta property=\"og:title\" content=\"L\u2019Inter Am\u00e9rique va lancer une nouvelle interface pour la Biblioth\u00e8que Virtuelle Adventiste - \u00c9glise Adventiste Du Septieme Jour - Inter Am\u00e9rique Division\" \/>\n<meta property=\"og:description\" content=\"23 F\u00e9vrier 2024 | Miami, Floride, \u00c9tats-Unis | Libna Stevens, Actualit\u00e9s de la Division Inter Am\u00e9ricaine Le Bureau de l\u2019\u00c9ducation de la Division Inter Am\u00e9ricaine (DIA) lancera la derni\u00e8re version...\" \/>\n<meta property=\"og:url\" content=\"https:\/\/interamerica.org\/fr\/2024\/02\/linter-amerique-va-lancer-une-nouvelle-interface-pour-la-bibliotheque-virtuelle-adventiste\/\" \/>\n<meta property=\"og:site_name\" content=\"\u00c9glise Adventiste Du Septieme Jour - Inter Am\u00e9rique Division\" \/>\n<meta property=\"article:published_time\" content=\"2024-02-23T16:19:29+00:00\" \/>\n<meta property=\"article:modified_time\" content=\"2024-02-23T19:08:52+00:00\" \/>\n<meta property=\"og:image\" content=\"https:\/\/interamerica.org\/wp-content\/uploads\/2024\/02\/john-schnobrich-flpc9-vocj4-unsplash.jpg\" \/>\n\t<meta property=\"og:image:width\" content=\"1000\" \/>\n\t<meta property=\"og:image:height\" content=\"667\" \/>\n\t<meta property=\"og:image:type\" content=\"image\/jpeg\" \/>\n<meta name=\"author\" content=\"libna\" \/>\n<meta name=\"twitter:card\" content=\"summary_large_image\" \/>\n<meta name=\"twitter:label1\" content=\"\u00c9crit par\" \/>\n\t<meta name=\"twitter:data1\" content=\"libna\" \/>\n\t<meta name=\"twitter:label2\" content=\"Dur\u00e9e de lecture estim\u00e9e\" \/>\n\t<meta name=\"twitter:data2\" content=\"2 minutes\" \/>\n<script type=\"application\/ld+json\" class=\"yoast-schema-graph\">{\"@context\":\"https:\\\/\\\/schema.org\",\"@graph\":[{\"@type\":\"Article\",\"@id\":\"https:\\\/\\\/interamerica.org\\\/fr\\\/2024\\\/02\\\/linter-amerique-va-lancer-une-nouvelle-interface-pour-la-bibliotheque-virtuelle-adventiste\\\/#article\",\"isPartOf\":{\"@id\":\"https:\\\/\\\/interamerica.org\\\/fr\\\/2024\\\/02\\\/linter-amerique-va-lancer-une-nouvelle-interface-pour-la-bibliotheque-virtuelle-adventiste\\\/\"},\"author\":{\"name\":\"libna\",\"@id\":\"https:\\\/\\\/interamerica.org\\\/fr\\\/#\\\/schema\\\/person\\\/29998f2bc2d8bd0d38662909289b54f1\"},\"headline\":\"L\u2019Inter Am\u00e9rique va lancer une nouvelle interface pour la Biblioth\u00e8que Virtuelle Adventiste\",\"datePublished\":\"2024-02-23T16:19:29+00:00\",\"dateModified\":\"2024-02-23T19:08:52+00:00\",\"mainEntityOfPage\":{\"@id\":\"https:\\\/\\\/interamerica.org\\\/fr\\\/2024\\\/02\\\/linter-amerique-va-lancer-une-nouvelle-interface-pour-la-bibliotheque-virtuelle-adventiste\\\/\"},\"wordCount\":462,\"image\":{\"@id\":\"https:\\\/\\\/interamerica.org\\\/fr\\\/2024\\\/02\\\/linter-amerique-va-lancer-une-nouvelle-interface-pour-la-bibliotheque-virtuelle-adventiste\\\/#primaryimage\"},\"thumbnailUrl\":\"https:\\\/\\\/interamerica.org\\\/wp-content\\\/uploads\\\/2024\\\/02\\\/john-schnobrich-flpc9-vocj4-unsplash.jpg\",\"articleSection\":[\"Nouvelles du si\u00e8ge de la division\",\"RSS Fran\u00e7ais\"],\"inLanguage\":\"fr-FR\"},{\"@type\":\"WebPage\",\"@id\":\"https:\\\/\\\/interamerica.org\\\/fr\\\/2024\\\/02\\\/linter-amerique-va-lancer-une-nouvelle-interface-pour-la-bibliotheque-virtuelle-adventiste\\\/\",\"url\":\"https:\\\/\\\/interamerica.org\\\/fr\\\/2024\\\/02\\\/linter-amerique-va-lancer-une-nouvelle-interface-pour-la-bibliotheque-virtuelle-adventiste\\\/\",\"name\":\"L\u2019Inter Am\u00e9rique va lancer une nouvelle interface pour la Biblioth\u00e8que Virtuelle Adventiste - \u00c9glise Adventiste Du Septieme Jour - Inter Am\u00e9rique Division\",\"isPartOf\":{\"@id\":\"https:\\\/\\\/interamerica.org\\\/fr\\\/#website\"},\"primaryImageOfPage\":{\"@id\":\"https:\\\/\\\/interamerica.org\\\/fr\\\/2024\\\/02\\\/linter-amerique-va-lancer-une-nouvelle-interface-pour-la-bibliotheque-virtuelle-adventiste\\\/#primaryimage\"},\"image\":{\"@id\":\"https:\\\/\\\/interamerica.org\\\/fr\\\/2024\\\/02\\\/linter-amerique-va-lancer-une-nouvelle-interface-pour-la-bibliotheque-virtuelle-adventiste\\\/#primaryimage\"},\"thumbnailUrl\":\"https:\\\/\\\/interamerica.org\\\/wp-content\\\/uploads\\\/2024\\\/02\\\/john-schnobrich-flpc9-vocj4-unsplash.jpg\",\"datePublished\":\"2024-02-23T16:19:29+00:00\",\"dateModified\":\"2024-02-23T19:08:52+00:00\",\"author\":{\"@id\":\"https:\\\/\\\/interamerica.org\\\/fr\\\/#\\\/schema\\\/person\\\/29998f2bc2d8bd0d38662909289b54f1\"},\"breadcrumb\":{\"@id\":\"https:\\\/\\\/interamerica.org\\\/fr\\\/2024\\\/02\\\/linter-amerique-va-lancer-une-nouvelle-interface-pour-la-bibliotheque-virtuelle-adventiste\\\/#breadcrumb\"},\"inLanguage\":\"fr-FR\",\"potentialAction\":[{\"@type\":\"ReadAction\",\"target\":[\"https:\\\/\\\/interamerica.org\\\/fr\\\/2024\\\/02\\\/linter-amerique-va-lancer-une-nouvelle-interface-pour-la-bibliotheque-virtuelle-adventiste\\\/\"]}]},{\"@type\":\"ImageObject\",\"inLanguage\":\"fr-FR\",\"@id\":\"https:\\\/\\\/interamerica.org\\\/fr\\\/2024\\\/02\\\/linter-amerique-va-lancer-une-nouvelle-interface-pour-la-bibliotheque-virtuelle-adventiste\\\/#primaryimage\",\"url\":\"https:\\\/\\\/interamerica.org\\\/wp-content\\\/uploads\\\/2024\\\/02\\\/john-schnobrich-flpc9-vocj4-unsplash.jpg\",\"contentUrl\":\"https:\\\/\\\/interamerica.org\\\/wp-content\\\/uploads\\\/2024\\\/02\\\/john-schnobrich-flpc9-vocj4-unsplash.jpg\",\"width\":1000,\"height\":667},{\"@type\":\"BreadcrumbList\",\"@id\":\"https:\\\/\\\/interamerica.org\\\/fr\\\/2024\\\/02\\\/linter-amerique-va-lancer-une-nouvelle-interface-pour-la-bibliotheque-virtuelle-adventiste\\\/#breadcrumb\",\"itemListElement\":[{\"@type\":\"ListItem\",\"position\":1,\"name\":\"Home\",\"item\":\"https:\\\/\\\/interamerica.org\\\/fr\\\/\"},{\"@type\":\"ListItem\",\"position\":2,\"name\":\"L\u2019Inter Am\u00e9rique va lancer une nouvelle interface pour la Biblioth\u00e8que Virtuelle Adventiste\"}]},{\"@type\":\"WebSite\",\"@id\":\"https:\\\/\\\/interamerica.org\\\/fr\\\/#website\",\"url\":\"https:\\\/\\\/interamerica.org\\\/fr\\\/\",\"name\":\"\u00c9glise Adventiste Du Septieme Jour - Inter Am\u00e9rique Division\",\"description\":\"\",\"potentialAction\":[{\"@type\":\"SearchAction\",\"target\":{\"@type\":\"EntryPoint\",\"urlTemplate\":\"https:\\\/\\\/interamerica.org\\\/fr\\\/?s={search_term_string}\"},\"query-input\":{\"@type\":\"PropertyValueSpecification\",\"valueRequired\":true,\"valueName\":\"search_term_string\"}}],\"inLanguage\":\"fr-FR\"},{\"@type\":\"Person\",\"@id\":\"https:\\\/\\\/interamerica.org\\\/fr\\\/#\\\/schema\\\/person\\\/29998f2bc2d8bd0d38662909289b54f1\",\"name\":\"libna\",\"image\":{\"@type\":\"ImageObject\",\"inLanguage\":\"fr-FR\",\"@id\":\"https:\\\/\\\/secure.gravatar.com\\\/avatar\\\/7c5bd30ae4b47a9ba3c856590957fd1d96dc588bf3ac05719d247e126840331f?s=96&d=mm&r=g\",\"url\":\"https:\\\/\\\/secure.gravatar.com\\\/avatar\\\/7c5bd30ae4b47a9ba3c856590957fd1d96dc588bf3ac05719d247e126840331f?s=96&d=mm&r=g\",\"contentUrl\":\"https:\\\/\\\/secure.gravatar.com\\\/avatar\\\/7c5bd30ae4b47a9ba3c856590957fd1d96dc588bf3ac05719d247e126840331f?s=96&d=mm&r=g\",\"caption\":\"libna\"}}]}<\/script>\n<!-- \/ Yoast SEO plugin. -->","yoast_head_json":{"title":"L\u2019Inter Am\u00e9rique va lancer une nouvelle interface pour la Biblioth\u00e8que Virtuelle Adventiste - \u00c9glise Adventiste Du Septieme Jour - Inter Am\u00e9rique Division","robots":{"index":"index","follow":"follow","max-snippet":"max-snippet:-1","max-image-preview":"max-image-preview:large","max-video-preview":"max-video-preview:-1"},"canonical":"https:\/\/interamerica.org\/fr\/2024\/02\/linter-amerique-va-lancer-une-nouvelle-interface-pour-la-bibliotheque-virtuelle-adventiste\/","og_locale":"fr_FR","og_type":"article","og_title":"L\u2019Inter Am\u00e9rique va lancer une nouvelle interface pour la Biblioth\u00e8que Virtuelle Adventiste - \u00c9glise Adventiste Du Septieme Jour - Inter Am\u00e9rique Division","og_description":"23 F\u00e9vrier 2024 | Miami, Floride, \u00c9tats-Unis | Libna Stevens, Actualit\u00e9s de la Division Inter Am\u00e9ricaine Le Bureau de l\u2019\u00c9ducation de la Division Inter Am\u00e9ricaine (DIA) lancera la derni\u00e8re version...","og_url":"https:\/\/interamerica.org\/fr\/2024\/02\/linter-amerique-va-lancer-une-nouvelle-interface-pour-la-bibliotheque-virtuelle-adventiste\/","og_site_name":"\u00c9glise Adventiste Du Septieme Jour - Inter Am\u00e9rique Division","article_published_time":"2024-02-23T16:19:29+00:00","article_modified_time":"2024-02-23T19:08:52+00:00","og_image":[{"width":1000,"height":667,"url":"https:\/\/interamerica.org\/wp-content\/uploads\/2024\/02\/john-schnobrich-flpc9-vocj4-unsplash.jpg","type":"image\/jpeg"}],"author":"libna","twitter_card":"summary_large_image","twitter_misc":{"\u00c9crit par":"libna","Dur\u00e9e de lecture estim\u00e9e":"2 minutes"},"schema":{"@context":"https:\/\/schema.org","@graph":[{"@type":"Article","@id":"https:\/\/interamerica.org\/fr\/2024\/02\/linter-amerique-va-lancer-une-nouvelle-interface-pour-la-bibliotheque-virtuelle-adventiste\/#article","isPartOf":{"@id":"https:\/\/interamerica.org\/fr\/2024\/02\/linter-amerique-va-lancer-une-nouvelle-interface-pour-la-bibliotheque-virtuelle-adventiste\/"},"author":{"name":"libna","@id":"https:\/\/interamerica.org\/fr\/#\/schema\/person\/29998f2bc2d8bd0d38662909289b54f1"},"headline":"L\u2019Inter Am\u00e9rique va lancer une nouvelle interface pour la Biblioth\u00e8que Virtuelle Adventiste","datePublished":"2024-02-23T16:19:29+00:00","dateModified":"2024-02-23T19:08:52+00:00","mainEntityOfPage":{"@id":"https:\/\/interamerica.org\/fr\/2024\/02\/linter-amerique-va-lancer-une-nouvelle-interface-pour-la-bibliotheque-virtuelle-adventiste\/"},"wordCount":462,"image":{"@id":"https:\/\/interamerica.org\/fr\/2024\/02\/linter-amerique-va-lancer-une-nouvelle-interface-pour-la-bibliotheque-virtuelle-adventiste\/#primaryimage"},"thumbnailUrl":"https:\/\/interamerica.org\/wp-content\/uploads\/2024\/02\/john-schnobrich-flpc9-vocj4-unsplash.jpg","articleSection":["Nouvelles du si\u00e8ge de la division","RSS Fran\u00e7ais"],"inLanguage":"fr-FR"},{"@type":"WebPage","@id":"https:\/\/interamerica.org\/fr\/2024\/02\/linter-amerique-va-lancer-une-nouvelle-interface-pour-la-bibliotheque-virtuelle-adventiste\/","url":"https:\/\/interamerica.org\/fr\/2024\/02\/linter-amerique-va-lancer-une-nouvelle-interface-pour-la-bibliotheque-virtuelle-adventiste\/","name":"L\u2019Inter Am\u00e9rique va lancer une nouvelle interface pour la Biblioth\u00e8que Virtuelle Adventiste - \u00c9glise Adventiste Du Septieme Jour - Inter Am\u00e9rique Division","isPartOf":{"@id":"https:\/\/interamerica.org\/fr\/#website"},"primaryImageOfPage":{"@id":"https:\/\/interamerica.org\/fr\/2024\/02\/linter-amerique-va-lancer-une-nouvelle-interface-pour-la-bibliotheque-virtuelle-adventiste\/#primaryimage"},"image":{"@id":"https:\/\/interamerica.org\/fr\/2024\/02\/linter-amerique-va-lancer-une-nouvelle-interface-pour-la-bibliotheque-virtuelle-adventiste\/#primaryimage"},"thumbnailUrl":"https:\/\/interamerica.org\/wp-content\/uploads\/2024\/02\/john-schnobrich-flpc9-vocj4-unsplash.jpg","datePublished":"2024-02-23T16:19:29+00:00","dateModified":"2024-02-23T19:08:52+00:00","author":{"@id":"https:\/\/interamerica.org\/fr\/#\/schema\/person\/29998f2bc2d8bd0d38662909289b54f1"},"breadcrumb":{"@id":"https:\/\/interamerica.org\/fr\/2024\/02\/linter-amerique-va-lancer-une-nouvelle-interface-pour-la-bibliotheque-virtuelle-adventiste\/#breadcrumb"},"inLanguage":"fr-FR","potentialAction":[{"@type":"ReadAction","target":["https:\/\/interamerica.org\/fr\/2024\/02\/linter-amerique-va-lancer-une-nouvelle-interface-pour-la-bibliotheque-virtuelle-adventiste\/"]}]},{"@type":"ImageObject","inLanguage":"fr-FR","@id":"https:\/\/interamerica.org\/fr\/2024\/02\/linter-amerique-va-lancer-une-nouvelle-interface-pour-la-bibliotheque-virtuelle-adventiste\/#primaryimage","url":"https:\/\/interamerica.org\/wp-content\/uploads\/2024\/02\/john-schnobrich-flpc9-vocj4-unsplash.jpg","contentUrl":"https:\/\/interamerica.org\/wp-content\/uploads\/2024\/02\/john-schnobrich-flpc9-vocj4-unsplash.jpg","width":1000,"height":667},{"@type":"BreadcrumbList","@id":"https:\/\/interamerica.org\/fr\/2024\/02\/linter-amerique-va-lancer-une-nouvelle-interface-pour-la-bibliotheque-virtuelle-adventiste\/#breadcrumb","itemListElement":[{"@type":"ListItem","position":1,"name":"Home","item":"https:\/\/interamerica.org\/fr\/"},{"@type":"ListItem","position":2,"name":"L\u2019Inter Am\u00e9rique va lancer une nouvelle interface pour la Biblioth\u00e8que Virtuelle Adventiste"}]},{"@type":"WebSite","@id":"https:\/\/interamerica.org\/fr\/#website","url":"https:\/\/interamerica.org\/fr\/","name":"\u00c9glise Adventiste Du Septieme Jour - Inter Am\u00e9rique Division","description":"","potentialAction":[{"@type":"SearchAction","target":{"@type":"EntryPoint","urlTemplate":"https:\/\/interamerica.org\/fr\/?s={search_term_string}"},"query-input":{"@type":"PropertyValueSpecification","valueRequired":true,"valueName":"search_term_string"}}],"inLanguage":"fr-FR"},{"@type":"Person","@id":"https:\/\/interamerica.org\/fr\/#\/schema\/person\/29998f2bc2d8bd0d38662909289b54f1","name":"libna","image":{"@type":"ImageObject","inLanguage":"fr-FR","@id":"https:\/\/secure.gravatar.com\/avatar\/7c5bd30ae4b47a9ba3c856590957fd1d96dc588bf3ac05719d247e126840331f?s=96&d=mm&r=g","url":"https:\/\/secure.gravatar.com\/avatar\/7c5bd30ae4b47a9ba3c856590957fd1d96dc588bf3ac05719d247e126840331f?s=96&d=mm&r=g","contentUrl":"https:\/\/secure.gravatar.com\/avatar\/7c5bd30ae4b47a9ba3c856590957fd1d96dc588bf3ac05719d247e126840331f?s=96&d=mm&r=g","caption":"libna"}}]}},"_links":{"self":[{"href":"https:\/\/interamerica.org\/fr\/wp-json\/wp\/v2\/posts\/110377","targetHints":{"allow":["GET"]}}],"collection":[{"href":"https:\/\/interamerica.org\/fr\/wp-json\/wp\/v2\/posts"}],"about":[{"href":"https:\/\/interamerica.org\/fr\/wp-json\/wp\/v2\/types\/post"}],"author":[{"embeddable":true,"href":"https:\/\/interamerica.org\/fr\/wp-json\/wp\/v2\/users\/3"}],"replies":[{"embeddable":true,"href":"https:\/\/interamerica.org\/fr\/wp-json\/wp\/v2\/comments?post=110377"}],"version-history":[{"count":0,"href":"https:\/\/interamerica.org\/fr\/wp-json\/wp\/v2\/posts\/110377\/revisions"}],"wp:featuredmedia":[{"embeddable":true,"href":"https:\/\/interamerica.org\/fr\/wp-json\/wp\/v2\/media\/110359"}],"wp:attachment":[{"href":"https:\/\/interamerica.org\/fr\/wp-json\/wp\/v2\/media?parent=110377"}],"wp:term":[{"taxonomy":"category","embeddable":true,"href":"https:\/\/interamerica.org\/fr\/wp-json\/wp\/v2\/categories?post=110377"},{"taxonomy":"post_tag","embeddable":true,"href":"https:\/\/interamerica.org\/fr\/wp-json\/wp\/v2\/tags?post=110377"}],"curies":[{"name":"wp","href":"https:\/\/api.w.org\/{rel}","templated":true}]}}