{"id":110453,"date":"2024-02-25T19:09:36","date_gmt":"2024-02-26T00:09:36","guid":{"rendered":"https:\/\/interamerica.org\/?p=110453"},"modified":"2024-02-27T21:23:39","modified_gmt":"2024-02-28T02:23:39","slug":"aux-etats-unis-des-jeunes-font-equipe-avec-leurs-pasteurs-pour-participer-a-des-voyages-de-predication","status":"publish","type":"post","link":"https:\/\/interamerica.org\/fr\/2024\/02\/aux-etats-unis-des-jeunes-font-equipe-avec-leurs-pasteurs-pour-participer-a-des-voyages-de-predication\/","title":{"rendered":"Aux \u00c9tats-Unis, des jeunes font \u00e9quipe avec leurs pasteurs pour participer \u00e0 des voyages de pr\u00e9dication"},"content":{"rendered":"<p>Le partenariat avec le minist\u00e8re ShareHim offre une exp\u00e9rience pratique et une inspiration.<\/p>\n<p>25 F\u00e9vrier 2024 | Berrien Springs, Michigan, \u00c9tats-Unis | John Simon, pour Lake Union Herald et Adventist Review<\/p>\n<p>Un groupe de jeunes et de jeunes adultes des \u00e9glises de l\u2019Union de F\u00e9d\u00e9rations du Lac aux \u00c9tats-Unis se sont r\u00e9cemment associ\u00e9s \u00e0 leurs pasteurs locaux pour pr\u00eacher l\u2019\u00e9vangile en Am\u00e9rique Centrale et en Am\u00e9rique du Sud, ainsi que dans la Cara\u00efbe.<\/p>\n<p>Les treize participants \u2013 quatre pasteurs et neuf de leurs jeunes membres d\u2019\u00e9glise adultes respectifs \u2013 se sont associ\u00e9s \u00e0 la fin de l\u2019ann\u00e9e 2023 au minist\u00e8re ShareHim pour travailler activement aux efforts d\u2019\u00e9vang\u00e9lisation.<\/p>\n<p>T\u00e9moignages de premi\u00e8re main<\/p>\n<p><div id=\"attachment_110431\" style=\"width: 958px\" class=\"wp-caption aligncenter\"><img fetchpriority=\"high\" decoding=\"async\" aria-describedby=\"caption-attachment-110431\" class=\" wp-image-110430\" src=\"https:\/\/interamerica.org\/wp-content\/uploads\/2024\/02\/untitled-1-15-1024x512.png\" alt=\"\" width=\"948\" height=\"474\" srcset=\"https:\/\/interamerica.org\/wp-content\/uploads\/2024\/02\/untitled-1-15-1024x512.png 1024w, https:\/\/interamerica.org\/wp-content\/uploads\/2024\/02\/untitled-1-15-300x150.png 300w, https:\/\/interamerica.org\/wp-content\/uploads\/2024\/02\/untitled-1-15-768x384.png 768w, https:\/\/interamerica.org\/wp-content\/uploads\/2024\/02\/untitled-1-15.png 1500w\" sizes=\"(max-width: 948px) 100vw, 948px\" \/><p id=\"caption-attachment-110431\" class=\"wp-caption-text\">(De gauche \u00e0 droite) Nathan Zapata, Leo Lara et David DeRose font une pause lors de la campagne de pr\u00e9dication pour profiter d\u2019une excursion culturelle organis\u00e9e par les coordinateurs de ShareHim. [Photo : ShareHim]<\/p><\/div>Abdiel Lozano et Diana Mora, accompagn\u00e9s de Freddy de los Santos, pasteur principal de Milwaukee North Hispanic et de trois autres \u00e9glises dans le Wisconsin, se sont rendus \u00e0 Santa Clara, au P\u00e9rou, pour participer \u00e0 une campagne d\u2019\u00e9vang\u00e9lisation.<\/p>\n<p>Diana Mora, qui travaille actuellement comme para-professionnelle dans une \u00e9cole, a avou\u00e9 qu\u2019elle \u00e9tait quelque peu nerveuse, m\u00eame si elle avait d\u00e9j\u00e0 pr\u00each\u00e9 auparavant. Pourtant, a-t-elle dit, elle s\u2019est sentie \u00e9paul\u00e9e en voyant \u00e0 quel point les membres de l\u2019\u00e9glise de Santa Clara la soutenaient et l\u2019encourageaient. Elle s\u2019est \u00e9galement souvenue d\u2019une journ\u00e9e de \u00ab providence \u00bb divine.<\/p>\n<p>\u00ab Le 1er novembre est c\u00e9l\u00e9br\u00e9 comme le Jour des Morts, et par la providence divine, c\u2019est le jour o\u00f9 j\u2019ai pr\u00each\u00e9 sur l\u2019\u00e9tat des morts, \u00bb se souvient Diana. \u00ab J\u2019ai r\u00e9alis\u00e9 que beaucoup de gens entendaient ce message pour la premi\u00e8re fois et \u00e9taient convaincus par ce que dit l\u2019\u00c9criture. \u00c0 la fin des r\u00e9unions, une adolescente a d\u00e9cid\u00e9 de se faire baptiser. C\u2019\u00e9tait le premier bapt\u00eame c\u00e9l\u00e9br\u00e9 dans cette \u00e9glise relativement nouvelle, c\u2019\u00e9tait donc une c\u00e9l\u00e9bration tr\u00e8s sp\u00e9ciale. \u00bb<\/p>\n<p>Les fr\u00e8res Daniel et Marcus Toppenberg, originaires de la r\u00e9gion de D\u00e9troit, se sont rendus \u00e0 C\u00facuta, en Colombie, avec Dan McGrath, pasteur de l\u2019\u00c9glise M\u00e9tropolitaine \u00e0 Plymouth, dans le Michigan. C\u2019\u00e9tait une premi\u00e8re exp\u00e9rience pour Daniel, un \u00e9tudiant de quatri\u00e8me ann\u00e9e \u00e0 la Southern Adventist University, et pour Marcus, un \u00e9tudiant de premi\u00e8re ann\u00e9e \u00e0 Union College. Ils ont chacun pr\u00each\u00e9 une s\u00e9rie de 10 messages dans diff\u00e9rentes \u00e9glises de la ville et, selon pasteur McGrath, les jeunes hommes ont brill\u00e9 dans leurs pr\u00e9sentations.<\/p>\n<p><div id=\"attachment_110434\" style=\"width: 886px\" class=\"wp-caption aligncenter\"><img decoding=\"async\" aria-describedby=\"caption-attachment-110434\" class=\" wp-image-110433\" src=\"https:\/\/interamerica.org\/wp-content\/uploads\/2024\/02\/sharehim-12981-1024x512.jpeg\" alt=\"\" width=\"876\" height=\"438\" srcset=\"https:\/\/interamerica.org\/wp-content\/uploads\/2024\/02\/sharehim-12981-1024x512.jpeg 1024w, https:\/\/interamerica.org\/wp-content\/uploads\/2024\/02\/sharehim-12981-300x150.jpeg 300w, https:\/\/interamerica.org\/wp-content\/uploads\/2024\/02\/sharehim-12981-768x384.jpeg 768w, https:\/\/interamerica.org\/wp-content\/uploads\/2024\/02\/sharehim-12981.jpeg 1460w\" sizes=\"(max-width: 876px) 100vw, 876px\" \/><p id=\"caption-attachment-110434\" class=\"wp-caption-text\">Un groupe de jeunes et de jeunes adultes provenant d\u2019\u00e9glises de l\u2019Union de F\u00e9d\u00e9rations du Lac de l\u2019\u00c9glise adventiste, aux \u00c9tats-Unis ont fait \u00e9quipe avec leurs pasteurs locaux pour pr\u00eacher En Am\u00e9rique Centrale et en Am\u00e9rique du Sud, ainsi que dans la Cara\u00efbe. [Photo : ShareHim]<\/p><\/div>Pasteur McGrath a d\u00e9clar\u00e9 que les leaders de groupe ont commenc\u00e9 \u00e0 appeler Marcus \u00ab pasteur \u00bb parce qu\u2019il faisait un excellent travail. De m\u00eame, Daniel avait un style d\u2019enseignement unique qui trouvait un \u00e9cho aupr\u00e8s des invit\u00e9s d\u2019une mani\u00e8re simple mais profonde qui leur permettait d\u2019aller plus loin dans leur compr\u00e9hension du message adventiste.<\/p>\n<p>Darrel le Roux, pasteur principal des \u00e9glises de Grand Rapids Central et de Lowell dans le Michigan, a lui aussi \u00e9t\u00e9 t\u00e9moin de l\u2019impact qu\u2019avaient ses jeunes qui pr\u00eachaient le message transformateur de J\u00e9sus-Christ. Il s\u2019est associ\u00e9 \u00e0 Jake McFarland et Trevor Mathison pour se rendre au Salvador et a d\u00e9clar\u00e9 que la rencontre avait d\u00e9pass\u00e9 leurs attentes et s\u2019\u00e9tait m\u00eame poursuivie sur le front int\u00e9rieur.<\/p>\n<p>Trevor Mathison est reconnaissant au vu de la chaleur et de l\u2019accueil qu\u2019ont montr\u00e9 les membres de l\u2019\u00e9glise salvadorienne. \u00ab Je n\u2019avais jamais personnellement \u00e9t\u00e9 t\u00e9moin de la puissance avec laquelle Dieu agit dans la vie des autres \u00e0 travers vous lorsque vous travaillez pour Lui, \u00bb a-t-il ajout\u00e9. \u00ab Cela a conduit un jeune homme aux larmes et finalement \u00e0 un bapt\u00eame. \u00bb<\/p>\n<p>En fait, cela a conduit \u00e0 plusieurs bapt\u00eames, puisque Trevor a \u00e9galement scell\u00e9 sa d\u00e9cision pour Christ plus t\u00f4t cette ann\u00e9e.<\/p>\n<p>Pasteur Le Roux dit qu\u2019ils envisagent de collaborer et de pr\u00e9parer des pr\u00e9sentations que les trois feront dans l\u2019\u00e9glise locale. \u00ab C\u2019\u00e9tait l\u2019un des r\u00e9sultats auquel j\u2019aspirais, \u00bb a-t-il fait remarquer, \u00ab et je crois que l\u2019exp\u00e9rience ShareHim a motiv\u00e9 Jake et Trevor \u00e0 vouloir reproduire l\u2019exp\u00e9rience dans notre propre \u00e9glise. \u00bb<\/p>\n<p>Pendant ce temps, David DeRose, pasteur principal de l\u2019\u00e9glise adventiste du septi\u00e8me jour First, \u00e0 Fort Wayne dans l\u2019Indiana, s\u2019est rendu en R\u00e9publique Dominicaine avec Nathan Zapata et Leonardo Lara au d\u00e9but du mois d\u2019octobre. Ils ont pu voir la puissance de la Parole de Dieu alors qu\u2019ils pr\u00eachaient chacun au cours de la campagne d\u2019\u00e9vang\u00e9lisation.<\/p>\n<p>\u00ab L\u2019exp\u00e9rience nous a permis \u00e0 tous les trois, non seulement de nouer des liens plus \u00e9troits, \u00bb a d\u00e9clar\u00e9 David DeRose, \u00ab mais elle nous a aid\u00e9s \u00e0 appr\u00e9cier plus concr\u00e8tement notre lien avec l\u2019\u00c9glise adventiste mondiale. \u00bb Il a poursuivi en disant : \u00ab Nous avons exerc\u00e9 notre minist\u00e8re aux c\u00f4t\u00e9s de nos fr\u00e8res et s\u0153urs de la R\u00e9publique Dominicaine, \u00bb mais aussi d\u2019autres missionnaires am\u00e9ricains de ShareHim qui venaient du Kentucky, du Nevada, de la Californie et du Massachusetts.<\/p>\n<p><strong>A propos ShareHim\u00a0<\/strong><\/p>\n<p>ShareHim, un minist\u00e8re d\u2019\u00e9vang\u00e9lisation bas\u00e9 \u00e0 la F\u00e9d\u00e9ration Adventiste de la Caroline aux \u00c9tats-Unis, cherche \u00e0 \u00e9tablir des liens de mentorat solides et sains entre les pasteurs et les jeunes adultes. Ces liens, forg\u00e9s au cours d\u2019un voyage m\u00e9morable de consolidation d\u2019\u00e9quipe sur un site d\u2019\u00e9vang\u00e9lisation international ou national, motivent alors les jeunes adultes \u00e0 s\u2019engager dans une d\u00e9marche active et \u00e0 long terme de gain d\u2019\u00e2mes dans leurs sph\u00e8res locales ou peut-\u00eatre m\u00eame au-del\u00e0.<\/p>\n<p>Tout en exprimant son appr\u00e9ciation pour la participation de l\u2019Union de F\u00e9d\u00e9rations du Lac, le directeur de ShareHim, Jeremiah Weeks, a articul\u00e9 de mani\u00e8re concise l\u2019essence de ce minist\u00e8re : \u00ab Par la gr\u00e2ce de Dieu, nous constatons des r\u00e9sultats encourageants, avec des jeunes adultes qui grandissent spirituellement tout en \u00e9tablissant des relations de mentorat plus \u00e9troites avec leurs pasteurs. D\u2019apr\u00e8s les pasteurs, de nombreux jeunes sont maintenant davantage impliqu\u00e9s dans le leadership et le minist\u00e8re dans leurs propres \u00e9glises. De plus, un certain nombre de jeunes adultes impliqu\u00e9s dans la Division Nord-Am\u00e9ricaine ont d\u00e9cid\u00e9 de s\u2019engager dans le minist\u00e8re \u00e0 temps plein, ce qui est une excellente nouvelle !<\/p>\n<p>L\u2019initiative de pr\u00e9dication est rendue possible gr\u00e2ce au soutien des donateurs de ShareHim, de la Division Nord-Am\u00e9ricaine, des La\u00efcs Adventistes des Services et Industries (ASI) et des unions et f\u00e9d\u00e9rations d\u2019Am\u00e9rique du Nord.<\/p>\n<p>Le minist\u00e8re a d\u00e9j\u00e0 \u00e9tabli un itin\u00e9raire de voyage pour 2024 et inclus des informations pour ceux qui souhaitent connaitre son mode de fonctionnement, acc\u00e9der \u00e0 des ressources utiles et lire des t\u00e9moignages inspirants. \u00ab Les pasteurs en particulier sont invit\u00e9s \u00e0 contacter ShareHim pour discuter de la perspective de constituer une \u00e9quipe de jeunes adultes et de participer \u00e0 l\u2019un des prochains voyages, \u00bb a indiqu\u00e9 le minist\u00e8re.<\/p>\n<p>La <a href=\"https:\/\/www.lakeunionherald.org\/archive\/articles\/students-and-young-professionals-preach-the-gospel-lives-are-changed\">version originale<\/a> de cet article a \u00e9t\u00e9 publi\u00e9e par le <a href=\"https:\/\/www.lakeunionherald.org\/\">Lake Union Herald<\/a>.<\/p>\n<p>&nbsp;<\/p>\n<p>Traduction: Patrick Luciathe<\/p>\n","protected":false},"excerpt":{"rendered":"<p>Le partenariat avec le minist\u00e8re ShareHim offre une exp\u00e9rience pratique et une inspiration. 25 F\u00e9vrier 2024 | Berrien Springs, Michigan, \u00c9tats-Unis | John Simon, pour Lake Union Herald et Adventist&#8230;<\/p>\n","protected":false},"author":3,"featured_media":110431,"comment_status":"closed","ping_status":"closed","sticky":false,"template":"","format":"standard","meta":{"_acf_changed":false,"footnotes":""},"categories":[18,19],"tags":[],"class_list":["post-110453","post","type-post","status-publish","format-standard","has-post-thumbnail","hentry","category-nouvelles-de-leglise-mondiale","category-rss-francais"],"acf":[],"yoast_head":"<!-- This site is optimized with the Yoast SEO plugin v27.3 - https:\/\/yoast.com\/product\/yoast-seo-wordpress\/ -->\n<title>Aux \u00c9tats-Unis, des jeunes font \u00e9quipe avec leurs pasteurs pour participer \u00e0 des voyages de pr\u00e9dication - \u00c9glise Adventiste Du Septieme Jour - Inter Am\u00e9rique Division<\/title>\n<meta name=\"robots\" content=\"index, follow, max-snippet:-1, max-image-preview:large, max-video-preview:-1\" \/>\n<link rel=\"canonical\" href=\"https:\/\/interamerica.org\/fr\/2024\/02\/aux-etats-unis-des-jeunes-font-equipe-avec-leurs-pasteurs-pour-participer-a-des-voyages-de-predication\/\" \/>\n<meta property=\"og:locale\" content=\"fr_FR\" \/>\n<meta property=\"og:type\" content=\"article\" \/>\n<meta property=\"og:title\" content=\"Aux \u00c9tats-Unis, des jeunes font \u00e9quipe avec leurs pasteurs pour participer \u00e0 des voyages de pr\u00e9dication - \u00c9glise Adventiste Du Septieme Jour - Inter Am\u00e9rique Division\" \/>\n<meta property=\"og:description\" content=\"Le partenariat avec le minist\u00e8re ShareHim offre une exp\u00e9rience pratique et une inspiration. 25 F\u00e9vrier 2024 | Berrien Springs, Michigan, \u00c9tats-Unis | John Simon, pour Lake Union Herald et Adventist...\" \/>\n<meta property=\"og:url\" content=\"https:\/\/interamerica.org\/fr\/2024\/02\/aux-etats-unis-des-jeunes-font-equipe-avec-leurs-pasteurs-pour-participer-a-des-voyages-de-predication\/\" \/>\n<meta property=\"og:site_name\" content=\"\u00c9glise Adventiste Du Septieme Jour - Inter Am\u00e9rique Division\" \/>\n<meta property=\"article:published_time\" content=\"2024-02-26T00:09:36+00:00\" \/>\n<meta property=\"article:modified_time\" content=\"2024-02-28T02:23:39+00:00\" \/>\n<meta property=\"og:image\" content=\"https:\/\/interamerica.org\/wp-content\/uploads\/2024\/02\/untitled-1-15.png\" \/>\n\t<meta property=\"og:image:width\" content=\"1500\" \/>\n\t<meta property=\"og:image:height\" content=\"750\" \/>\n\t<meta property=\"og:image:type\" content=\"image\/png\" \/>\n<meta name=\"author\" content=\"libna\" \/>\n<meta name=\"twitter:card\" content=\"summary_large_image\" \/>\n<meta name=\"twitter:label1\" content=\"\u00c9crit par\" \/>\n\t<meta name=\"twitter:data1\" content=\"libna\" \/>\n\t<meta name=\"twitter:label2\" content=\"Dur\u00e9e de lecture estim\u00e9e\" \/>\n\t<meta name=\"twitter:data2\" content=\"6 minutes\" \/>\n<script type=\"application\/ld+json\" class=\"yoast-schema-graph\">{\"@context\":\"https:\\\/\\\/schema.org\",\"@graph\":[{\"@type\":\"Article\",\"@id\":\"https:\\\/\\\/interamerica.org\\\/fr\\\/2024\\\/02\\\/aux-etats-unis-des-jeunes-font-equipe-avec-leurs-pasteurs-pour-participer-a-des-voyages-de-predication\\\/#article\",\"isPartOf\":{\"@id\":\"https:\\\/\\\/interamerica.org\\\/fr\\\/2024\\\/02\\\/aux-etats-unis-des-jeunes-font-equipe-avec-leurs-pasteurs-pour-participer-a-des-voyages-de-predication\\\/\"},\"author\":{\"name\":\"libna\",\"@id\":\"https:\\\/\\\/interamerica.org\\\/fr\\\/#\\\/schema\\\/person\\\/29998f2bc2d8bd0d38662909289b54f1\"},\"headline\":\"Aux \u00c9tats-Unis, des jeunes font \u00e9quipe avec leurs pasteurs pour participer \u00e0 des voyages de pr\u00e9dication\",\"datePublished\":\"2024-02-26T00:09:36+00:00\",\"dateModified\":\"2024-02-28T02:23:39+00:00\",\"mainEntityOfPage\":{\"@id\":\"https:\\\/\\\/interamerica.org\\\/fr\\\/2024\\\/02\\\/aux-etats-unis-des-jeunes-font-equipe-avec-leurs-pasteurs-pour-participer-a-des-voyages-de-predication\\\/\"},\"wordCount\":1331,\"image\":{\"@id\":\"https:\\\/\\\/interamerica.org\\\/fr\\\/2024\\\/02\\\/aux-etats-unis-des-jeunes-font-equipe-avec-leurs-pasteurs-pour-participer-a-des-voyages-de-predication\\\/#primaryimage\"},\"thumbnailUrl\":\"https:\\\/\\\/interamerica.org\\\/wp-content\\\/uploads\\\/2024\\\/02\\\/untitled-1-15.png\",\"articleSection\":[\"Nouvelles de l'\u00c9glise mondiale\",\"RSS Fran\u00e7ais\"],\"inLanguage\":\"fr-FR\"},{\"@type\":\"WebPage\",\"@id\":\"https:\\\/\\\/interamerica.org\\\/fr\\\/2024\\\/02\\\/aux-etats-unis-des-jeunes-font-equipe-avec-leurs-pasteurs-pour-participer-a-des-voyages-de-predication\\\/\",\"url\":\"https:\\\/\\\/interamerica.org\\\/fr\\\/2024\\\/02\\\/aux-etats-unis-des-jeunes-font-equipe-avec-leurs-pasteurs-pour-participer-a-des-voyages-de-predication\\\/\",\"name\":\"Aux \u00c9tats-Unis, des jeunes font \u00e9quipe avec leurs pasteurs pour participer \u00e0 des voyages de pr\u00e9dication - \u00c9glise Adventiste Du Septieme Jour - Inter Am\u00e9rique Division\",\"isPartOf\":{\"@id\":\"https:\\\/\\\/interamerica.org\\\/fr\\\/#website\"},\"primaryImageOfPage\":{\"@id\":\"https:\\\/\\\/interamerica.org\\\/fr\\\/2024\\\/02\\\/aux-etats-unis-des-jeunes-font-equipe-avec-leurs-pasteurs-pour-participer-a-des-voyages-de-predication\\\/#primaryimage\"},\"image\":{\"@id\":\"https:\\\/\\\/interamerica.org\\\/fr\\\/2024\\\/02\\\/aux-etats-unis-des-jeunes-font-equipe-avec-leurs-pasteurs-pour-participer-a-des-voyages-de-predication\\\/#primaryimage\"},\"thumbnailUrl\":\"https:\\\/\\\/interamerica.org\\\/wp-content\\\/uploads\\\/2024\\\/02\\\/untitled-1-15.png\",\"datePublished\":\"2024-02-26T00:09:36+00:00\",\"dateModified\":\"2024-02-28T02:23:39+00:00\",\"author\":{\"@id\":\"https:\\\/\\\/interamerica.org\\\/fr\\\/#\\\/schema\\\/person\\\/29998f2bc2d8bd0d38662909289b54f1\"},\"breadcrumb\":{\"@id\":\"https:\\\/\\\/interamerica.org\\\/fr\\\/2024\\\/02\\\/aux-etats-unis-des-jeunes-font-equipe-avec-leurs-pasteurs-pour-participer-a-des-voyages-de-predication\\\/#breadcrumb\"},\"inLanguage\":\"fr-FR\",\"potentialAction\":[{\"@type\":\"ReadAction\",\"target\":[\"https:\\\/\\\/interamerica.org\\\/fr\\\/2024\\\/02\\\/aux-etats-unis-des-jeunes-font-equipe-avec-leurs-pasteurs-pour-participer-a-des-voyages-de-predication\\\/\"]}]},{\"@type\":\"ImageObject\",\"inLanguage\":\"fr-FR\",\"@id\":\"https:\\\/\\\/interamerica.org\\\/fr\\\/2024\\\/02\\\/aux-etats-unis-des-jeunes-font-equipe-avec-leurs-pasteurs-pour-participer-a-des-voyages-de-predication\\\/#primaryimage\",\"url\":\"https:\\\/\\\/interamerica.org\\\/wp-content\\\/uploads\\\/2024\\\/02\\\/untitled-1-15.png\",\"contentUrl\":\"https:\\\/\\\/interamerica.org\\\/wp-content\\\/uploads\\\/2024\\\/02\\\/untitled-1-15.png\",\"width\":1500,\"height\":750,\"caption\":\"(Left to right) Nathan Zapata, Leo Lara, and David DeRose take a break from preaching to enjoy a cultural excursion arranged by the ShareHim coordinators. [Photo: ShareHim]\"},{\"@type\":\"BreadcrumbList\",\"@id\":\"https:\\\/\\\/interamerica.org\\\/fr\\\/2024\\\/02\\\/aux-etats-unis-des-jeunes-font-equipe-avec-leurs-pasteurs-pour-participer-a-des-voyages-de-predication\\\/#breadcrumb\",\"itemListElement\":[{\"@type\":\"ListItem\",\"position\":1,\"name\":\"Home\",\"item\":\"https:\\\/\\\/interamerica.org\\\/fr\\\/\"},{\"@type\":\"ListItem\",\"position\":2,\"name\":\"Aux \u00c9tats-Unis, des jeunes font \u00e9quipe avec leurs pasteurs pour participer \u00e0 des voyages de pr\u00e9dication\"}]},{\"@type\":\"WebSite\",\"@id\":\"https:\\\/\\\/interamerica.org\\\/fr\\\/#website\",\"url\":\"https:\\\/\\\/interamerica.org\\\/fr\\\/\",\"name\":\"\u00c9glise Adventiste Du Septieme Jour - Inter Am\u00e9rique Division\",\"description\":\"\",\"potentialAction\":[{\"@type\":\"SearchAction\",\"target\":{\"@type\":\"EntryPoint\",\"urlTemplate\":\"https:\\\/\\\/interamerica.org\\\/fr\\\/?s={search_term_string}\"},\"query-input\":{\"@type\":\"PropertyValueSpecification\",\"valueRequired\":true,\"valueName\":\"search_term_string\"}}],\"inLanguage\":\"fr-FR\"},{\"@type\":\"Person\",\"@id\":\"https:\\\/\\\/interamerica.org\\\/fr\\\/#\\\/schema\\\/person\\\/29998f2bc2d8bd0d38662909289b54f1\",\"name\":\"libna\",\"image\":{\"@type\":\"ImageObject\",\"inLanguage\":\"fr-FR\",\"@id\":\"https:\\\/\\\/secure.gravatar.com\\\/avatar\\\/7c5bd30ae4b47a9ba3c856590957fd1d96dc588bf3ac05719d247e126840331f?s=96&d=mm&r=g\",\"url\":\"https:\\\/\\\/secure.gravatar.com\\\/avatar\\\/7c5bd30ae4b47a9ba3c856590957fd1d96dc588bf3ac05719d247e126840331f?s=96&d=mm&r=g\",\"contentUrl\":\"https:\\\/\\\/secure.gravatar.com\\\/avatar\\\/7c5bd30ae4b47a9ba3c856590957fd1d96dc588bf3ac05719d247e126840331f?s=96&d=mm&r=g\",\"caption\":\"libna\"}}]}<\/script>\n<!-- \/ Yoast SEO plugin. -->","yoast_head_json":{"title":"Aux \u00c9tats-Unis, des jeunes font \u00e9quipe avec leurs pasteurs pour participer \u00e0 des voyages de pr\u00e9dication - \u00c9glise Adventiste Du Septieme Jour - Inter Am\u00e9rique Division","robots":{"index":"index","follow":"follow","max-snippet":"max-snippet:-1","max-image-preview":"max-image-preview:large","max-video-preview":"max-video-preview:-1"},"canonical":"https:\/\/interamerica.org\/fr\/2024\/02\/aux-etats-unis-des-jeunes-font-equipe-avec-leurs-pasteurs-pour-participer-a-des-voyages-de-predication\/","og_locale":"fr_FR","og_type":"article","og_title":"Aux \u00c9tats-Unis, des jeunes font \u00e9quipe avec leurs pasteurs pour participer \u00e0 des voyages de pr\u00e9dication - \u00c9glise Adventiste Du Septieme Jour - Inter Am\u00e9rique Division","og_description":"Le partenariat avec le minist\u00e8re ShareHim offre une exp\u00e9rience pratique et une inspiration. 25 F\u00e9vrier 2024 | Berrien Springs, Michigan, \u00c9tats-Unis | John Simon, pour Lake Union Herald et Adventist...","og_url":"https:\/\/interamerica.org\/fr\/2024\/02\/aux-etats-unis-des-jeunes-font-equipe-avec-leurs-pasteurs-pour-participer-a-des-voyages-de-predication\/","og_site_name":"\u00c9glise Adventiste Du Septieme Jour - Inter Am\u00e9rique Division","article_published_time":"2024-02-26T00:09:36+00:00","article_modified_time":"2024-02-28T02:23:39+00:00","og_image":[{"width":1500,"height":750,"url":"https:\/\/interamerica.org\/wp-content\/uploads\/2024\/02\/untitled-1-15.png","type":"image\/png"}],"author":"libna","twitter_card":"summary_large_image","twitter_misc":{"\u00c9crit par":"libna","Dur\u00e9e de lecture estim\u00e9e":"6 minutes"},"schema":{"@context":"https:\/\/schema.org","@graph":[{"@type":"Article","@id":"https:\/\/interamerica.org\/fr\/2024\/02\/aux-etats-unis-des-jeunes-font-equipe-avec-leurs-pasteurs-pour-participer-a-des-voyages-de-predication\/#article","isPartOf":{"@id":"https:\/\/interamerica.org\/fr\/2024\/02\/aux-etats-unis-des-jeunes-font-equipe-avec-leurs-pasteurs-pour-participer-a-des-voyages-de-predication\/"},"author":{"name":"libna","@id":"https:\/\/interamerica.org\/fr\/#\/schema\/person\/29998f2bc2d8bd0d38662909289b54f1"},"headline":"Aux \u00c9tats-Unis, des jeunes font \u00e9quipe avec leurs pasteurs pour participer \u00e0 des voyages de pr\u00e9dication","datePublished":"2024-02-26T00:09:36+00:00","dateModified":"2024-02-28T02:23:39+00:00","mainEntityOfPage":{"@id":"https:\/\/interamerica.org\/fr\/2024\/02\/aux-etats-unis-des-jeunes-font-equipe-avec-leurs-pasteurs-pour-participer-a-des-voyages-de-predication\/"},"wordCount":1331,"image":{"@id":"https:\/\/interamerica.org\/fr\/2024\/02\/aux-etats-unis-des-jeunes-font-equipe-avec-leurs-pasteurs-pour-participer-a-des-voyages-de-predication\/#primaryimage"},"thumbnailUrl":"https:\/\/interamerica.org\/wp-content\/uploads\/2024\/02\/untitled-1-15.png","articleSection":["Nouvelles de l'\u00c9glise mondiale","RSS Fran\u00e7ais"],"inLanguage":"fr-FR"},{"@type":"WebPage","@id":"https:\/\/interamerica.org\/fr\/2024\/02\/aux-etats-unis-des-jeunes-font-equipe-avec-leurs-pasteurs-pour-participer-a-des-voyages-de-predication\/","url":"https:\/\/interamerica.org\/fr\/2024\/02\/aux-etats-unis-des-jeunes-font-equipe-avec-leurs-pasteurs-pour-participer-a-des-voyages-de-predication\/","name":"Aux \u00c9tats-Unis, des jeunes font \u00e9quipe avec leurs pasteurs pour participer \u00e0 des voyages de pr\u00e9dication - \u00c9glise Adventiste Du Septieme Jour - Inter Am\u00e9rique Division","isPartOf":{"@id":"https:\/\/interamerica.org\/fr\/#website"},"primaryImageOfPage":{"@id":"https:\/\/interamerica.org\/fr\/2024\/02\/aux-etats-unis-des-jeunes-font-equipe-avec-leurs-pasteurs-pour-participer-a-des-voyages-de-predication\/#primaryimage"},"image":{"@id":"https:\/\/interamerica.org\/fr\/2024\/02\/aux-etats-unis-des-jeunes-font-equipe-avec-leurs-pasteurs-pour-participer-a-des-voyages-de-predication\/#primaryimage"},"thumbnailUrl":"https:\/\/interamerica.org\/wp-content\/uploads\/2024\/02\/untitled-1-15.png","datePublished":"2024-02-26T00:09:36+00:00","dateModified":"2024-02-28T02:23:39+00:00","author":{"@id":"https:\/\/interamerica.org\/fr\/#\/schema\/person\/29998f2bc2d8bd0d38662909289b54f1"},"breadcrumb":{"@id":"https:\/\/interamerica.org\/fr\/2024\/02\/aux-etats-unis-des-jeunes-font-equipe-avec-leurs-pasteurs-pour-participer-a-des-voyages-de-predication\/#breadcrumb"},"inLanguage":"fr-FR","potentialAction":[{"@type":"ReadAction","target":["https:\/\/interamerica.org\/fr\/2024\/02\/aux-etats-unis-des-jeunes-font-equipe-avec-leurs-pasteurs-pour-participer-a-des-voyages-de-predication\/"]}]},{"@type":"ImageObject","inLanguage":"fr-FR","@id":"https:\/\/interamerica.org\/fr\/2024\/02\/aux-etats-unis-des-jeunes-font-equipe-avec-leurs-pasteurs-pour-participer-a-des-voyages-de-predication\/#primaryimage","url":"https:\/\/interamerica.org\/wp-content\/uploads\/2024\/02\/untitled-1-15.png","contentUrl":"https:\/\/interamerica.org\/wp-content\/uploads\/2024\/02\/untitled-1-15.png","width":1500,"height":750,"caption":"(Left to right) Nathan Zapata, Leo Lara, and David DeRose take a break from preaching to enjoy a cultural excursion arranged by the ShareHim coordinators. [Photo: ShareHim]"},{"@type":"BreadcrumbList","@id":"https:\/\/interamerica.org\/fr\/2024\/02\/aux-etats-unis-des-jeunes-font-equipe-avec-leurs-pasteurs-pour-participer-a-des-voyages-de-predication\/#breadcrumb","itemListElement":[{"@type":"ListItem","position":1,"name":"Home","item":"https:\/\/interamerica.org\/fr\/"},{"@type":"ListItem","position":2,"name":"Aux \u00c9tats-Unis, des jeunes font \u00e9quipe avec leurs pasteurs pour participer \u00e0 des voyages de pr\u00e9dication"}]},{"@type":"WebSite","@id":"https:\/\/interamerica.org\/fr\/#website","url":"https:\/\/interamerica.org\/fr\/","name":"\u00c9glise Adventiste Du Septieme Jour - Inter Am\u00e9rique Division","description":"","potentialAction":[{"@type":"SearchAction","target":{"@type":"EntryPoint","urlTemplate":"https:\/\/interamerica.org\/fr\/?s={search_term_string}"},"query-input":{"@type":"PropertyValueSpecification","valueRequired":true,"valueName":"search_term_string"}}],"inLanguage":"fr-FR"},{"@type":"Person","@id":"https:\/\/interamerica.org\/fr\/#\/schema\/person\/29998f2bc2d8bd0d38662909289b54f1","name":"libna","image":{"@type":"ImageObject","inLanguage":"fr-FR","@id":"https:\/\/secure.gravatar.com\/avatar\/7c5bd30ae4b47a9ba3c856590957fd1d96dc588bf3ac05719d247e126840331f?s=96&d=mm&r=g","url":"https:\/\/secure.gravatar.com\/avatar\/7c5bd30ae4b47a9ba3c856590957fd1d96dc588bf3ac05719d247e126840331f?s=96&d=mm&r=g","contentUrl":"https:\/\/secure.gravatar.com\/avatar\/7c5bd30ae4b47a9ba3c856590957fd1d96dc588bf3ac05719d247e126840331f?s=96&d=mm&r=g","caption":"libna"}}]}},"_links":{"self":[{"href":"https:\/\/interamerica.org\/fr\/wp-json\/wp\/v2\/posts\/110453","targetHints":{"allow":["GET"]}}],"collection":[{"href":"https:\/\/interamerica.org\/fr\/wp-json\/wp\/v2\/posts"}],"about":[{"href":"https:\/\/interamerica.org\/fr\/wp-json\/wp\/v2\/types\/post"}],"author":[{"embeddable":true,"href":"https:\/\/interamerica.org\/fr\/wp-json\/wp\/v2\/users\/3"}],"replies":[{"embeddable":true,"href":"https:\/\/interamerica.org\/fr\/wp-json\/wp\/v2\/comments?post=110453"}],"version-history":[{"count":0,"href":"https:\/\/interamerica.org\/fr\/wp-json\/wp\/v2\/posts\/110453\/revisions"}],"wp:featuredmedia":[{"embeddable":true,"href":"https:\/\/interamerica.org\/fr\/wp-json\/wp\/v2\/media\/110431"}],"wp:attachment":[{"href":"https:\/\/interamerica.org\/fr\/wp-json\/wp\/v2\/media?parent=110453"}],"wp:term":[{"taxonomy":"category","embeddable":true,"href":"https:\/\/interamerica.org\/fr\/wp-json\/wp\/v2\/categories?post=110453"},{"taxonomy":"post_tag","embeddable":true,"href":"https:\/\/interamerica.org\/fr\/wp-json\/wp\/v2\/tags?post=110453"}],"curies":[{"name":"wp","href":"https:\/\/api.w.org\/{rel}","templated":true}]}}