{"id":110513,"date":"2024-02-27T12:41:09","date_gmt":"2024-02-27T17:41:09","guid":{"rendered":"https:\/\/interamerica.org\/?p=110513"},"modified":"2024-02-28T09:21:34","modified_gmt":"2024-02-28T14:21:34","slug":"le-plus-grand-lit-au-monde-aide-adra-a-recueillir-des-fonds-pour-les-enfants-vulnerables","status":"publish","type":"post","link":"https:\/\/interamerica.org\/fr\/2024\/02\/le-plus-grand-lit-au-monde-aide-adra-a-recueillir-des-fonds-pour-les-enfants-vulnerables\/","title":{"rendered":"Le plus grand lit au monde aide ADRA \u00e0 recueillir des fonds pour les enfants vuln\u00e9rables"},"content":{"rendered":"<div id=\"attachment_110460\" style=\"width: 885px\" class=\"wp-caption aligncenter\"><img fetchpriority=\"high\" decoding=\"async\" aria-describedby=\"caption-attachment-110460\" class=\" wp-image-110459\" src=\"https:\/\/interamerica.org\/wp-content\/uploads\/2024\/02\/noticia-record-mundial-cama-mas-grande-960x540-1.jpeg\" alt=\"\" width=\"875\" height=\"492\" srcset=\"https:\/\/interamerica.org\/wp-content\/uploads\/2024\/02\/noticia-record-mundial-cama-mas-grande-960x540-1.jpeg 960w, https:\/\/interamerica.org\/wp-content\/uploads\/2024\/02\/noticia-record-mundial-cama-mas-grande-960x540-1-300x169.jpeg 300w, https:\/\/interamerica.org\/wp-content\/uploads\/2024\/02\/noticia-record-mundial-cama-mas-grande-960x540-1-768x432.jpeg 768w\" sizes=\"(max-width: 875px) 100vw, 875px\" \/><p id=\"caption-attachment-110460\" class=\"wp-caption-text\">The record-breaking largest bed in the world, made by ADRA Chile and a large number of volunteers, is 32 meters (about 107 feet) long and includes an 18-meter (59-foot) pillow. [Photo: ADRA Chile]<\/p><\/div>\n<h4><b>Au Chili, le lit de 14 tonnes sert \u00e0 promouvoir une campagne pour offrir des lits \u00e0 des jeunes dans le besoin.<\/b><\/h4>\n<h4><span style=\"font-weight: 400;\">Le 27 f\u00e9vrier 2024 | Chill\u00e1n, Chili | ADRA Chili et <\/span><i><span style=\"font-weight: 400;\">Adventist Review<\/span><\/i><\/h4>\n<p><span style=\"font-weight: 400;\">Le 10 f\u00e9vrier dernier, l\u2019Agence de d\u00e9veloppement et de secours adventiste (ADRA) au Chili a construit le plus grand lit au monde dans la ville de Chill\u00e1n, au Chili. Le lit mesurait 32,7\u00a0m sur 19,5\u00a0m, battant ainsi le record Guinness mondial pr\u00e9c\u00e9dent enregistr\u00e9 aux Pays-Bas en 2011.<\/span><\/p>\n<p><span style=\"font-weight: 400;\">La construction du lit, qui pesait pr\u00e8s de 14 tonnes, a \u00e9t\u00e9 possible gr\u00e2ce au travail de collaboration entre des employ\u00e9s d\u2019ADRA, bras humanitaire de l\u2019\u00c9glise adventiste du septi\u00e8me jour, d\u2019autres b\u00e9n\u00e9voles, y compris 6\u00a0000\u00a0\u00c9claireurs assistant au Campor\u00e9e des \u00c9claireurs de l\u2019Union chilienne, ainsi que d\u2019autres entreprises priv\u00e9es. Tous ces gens se sont rassembl\u00e9s sur le campus de l\u2019Universit\u00e9 adventiste du Chili pour soutenir l\u2019initiative, qui cherchait \u00e0 sensibiliser la population \u00e0 la d\u00e9tresse des enfants et des adolescents qui n\u2019ont pas les moyens de se procurer un lit ad\u00e9quat.<\/span><\/p>\n<p><span style=\"font-weight: 400;\">Les organisateurs ont expliqu\u00e9 que la plupart des mat\u00e9riaux utilis\u00e9s pour la construction du lit et de ses parties, achet\u00e9s ou fabriqu\u00e9s gr\u00e2ce \u00e0 la contribution de nombreux donateurs, seront adapt\u00e9s et r\u00e9utilis\u00e9s. \u00ab\u00a0Les planches de bois seront r\u00e9utilis\u00e9es pour r\u00e9parer des maisons et les matelas ont \u00e9t\u00e9 emprunt\u00e9s du terrain de camping des \u00c9claireurs se trouvant \u00e0 proximit\u00e9 du campus. Les couvre-lits ont \u00e9t\u00e9 fabriqu\u00e9s sp\u00e9cialement pour le projet et seront distribu\u00e9s aux enfants et aux adolescents dans le besoin avec le lit complet qu\u2019ADRA compte leur offrir, qui viendra \u00e9galement avec des draps, un matelas en mousse et un oreiller.\u00a0\u00bb<\/span><\/p>\n<p><div id=\"attachment_110463\" style=\"width: 790px\" class=\"wp-caption aligncenter\"><img decoding=\"async\" aria-describedby=\"caption-attachment-110463\" class=\" wp-image-110462\" src=\"https:\/\/interamerica.org\/wp-content\/uploads\/2024\/02\/cama-record-mundial-1-scaled-1-1-960x540-1-768x432-1.jpeg\" alt=\"\" width=\"780\" height=\"439\" srcset=\"https:\/\/interamerica.org\/wp-content\/uploads\/2024\/02\/cama-record-mundial-1-scaled-1-1-960x540-1-768x432-1.jpeg 768w, https:\/\/interamerica.org\/wp-content\/uploads\/2024\/02\/cama-record-mundial-1-scaled-1-1-960x540-1-768x432-1-300x169.jpeg 300w\" sizes=\"(max-width: 780px) 100vw, 780px\" \/><p id=\"caption-attachment-110463\" class=\"wp-caption-text\"><span style=\"font-weight: 400;\">Des b\u00e9n\u00e9voles construisent le plus grand lit au monde avec des mat\u00e9riaux qui seront r\u00e9utilis\u00e9s pour am\u00e9liorer la vie de jeunes personnes vuln\u00e9rables. [Une photo d\u2019ADRA Chili]<\/span><\/p><\/div><span style=\"font-weight: 400;\">Le lit, ayant battu le record pr\u00e9c\u00e9dent, comprend \u00e9galement une t\u00eate de lit de six m\u00e8tres de hauteur, une base de 2,5\u00a0m\u00e8tres de hauteur et un coussin d\u2019une largeur de 18\u00a0m\u00e8tres (\u00e9quivalent \u00e0 environ quatre v\u00e9hicules familiaux). De plus, le lit pesait 13\u00a0800\u00a0kilogrammes.<\/span><\/p>\n<p><span style=\"font-weight: 400;\">Pour construire le lit, les organisateurs ont utilis\u00e9 148 structures d\u2019\u00e9chafaudage, 380\u00a0planches de m\u00e9tal, 4\u00a0825\u00a0vis et 1\u00a0622\u00a0vis autoper\u00e7antes. Le projet a n\u00e9cessit\u00e9 680\u00a0heures de travail d\u2019experts, 56\u00a0b\u00e9n\u00e9voles pour la construction, 171\u00a0litres de peinture, 184\u00a0couettes, 250\u00a0m\u00e8tres de draps et 180\u00a0matelas.<\/span><\/p>\n<p><div id=\"attachment_110466\" style=\"width: 789px\" class=\"wp-caption aligncenter\"><img decoding=\"async\" aria-describedby=\"caption-attachment-110466\" class=\" wp-image-110465\" src=\"https:\/\/interamerica.org\/wp-content\/uploads\/2024\/02\/record-mundial-cama-mas-grande-del-mundo-2048x1114-1-768x418-1.jpeg\" alt=\"\" width=\"779\" height=\"424\" srcset=\"https:\/\/interamerica.org\/wp-content\/uploads\/2024\/02\/record-mundial-cama-mas-grande-del-mundo-2048x1114-1-768x418-1.jpeg 768w, https:\/\/interamerica.org\/wp-content\/uploads\/2024\/02\/record-mundial-cama-mas-grande-del-mundo-2048x1114-1-768x418-1-300x163.jpeg 300w\" sizes=\"(max-width: 779px) 100vw, 779px\" \/><p id=\"caption-attachment-110466\" class=\"wp-caption-text\"><span style=\"font-weight: 400;\">Les couvertures, fabriqu\u00e9es sp\u00e9cialement pour l\u2019initiative, seront distribu\u00e9es aux enfants et aux adolescents de certaines populations vuln\u00e9rables. [Une photo d\u2019ADRA Chili]<\/span><\/p><\/div><b>\u00c0 propos de la campagne \u00ab\u00a0Un enfant, un lit\u00a0\u00bb<\/b><\/p>\n<p><span style=\"font-weight: 400;\">L\u2019\u00e9tablissement d\u2019un nouveau record mondial avait pour objectif de sensibiliser les gens et de recueillir des fonds pour la campagne d\u2019ADRA Un Ni\u00f1o, Una Cama (\u00ab\u00a0Un enfant, un lit\u00a0\u00bb). L\u2019initiative cherche \u00e0 acheter de nouveaux lits pour des enfants et des adolescents dans le besoin, y compris ceux qui ont \u00e9t\u00e9 affect\u00e9s par des catastrophes naturelles et ceux qui sont forc\u00e9s d\u2019endurer la violence, la pauvret\u00e9, les mauvais traitements ou la n\u00e9gligence.<\/span><\/p>\n<p><span style=\"font-weight: 400;\">ADRA est pr\u00e9sente et poursuit son \u0153uvre au Chili depuis 37 ans, portant main forte lorsque surviennent justement des catastrophes naturelles et portant secours aux populations vuln\u00e9rables. Chaque jour, ADRA Chili est au service de 3\u00a0600\u00a0enfants et adolescents dans le cadre d\u2019initiatives de familles d\u2019accueil, chose qu\u2019elle fait depuis plus de trois d\u00e9cennies. L\u2019agence travaille \u00e9galement, entre autres choses, \u00e0 la promotion du d\u00e9veloppement \u00e9conomique, \u00e0 l\u2019acquisition d\u2019eau potable, \u00e0 l\u2019aide alimentaire et aux interventions d\u2019urgence.<\/span><\/p>\n<div id=\"attachment_110472\" style=\"width: 796px\" class=\"wp-caption aligncenter\"><img loading=\"lazy\" decoding=\"async\" aria-describedby=\"caption-attachment-110472\" class=\" wp-image-110471\" src=\"https:\/\/interamerica.org\/wp-content\/uploads\/2024\/02\/campana-un-nino-una-cama-adra-chile-768x432-1.jpeg\" alt=\"\" width=\"786\" height=\"442\" srcset=\"https:\/\/interamerica.org\/wp-content\/uploads\/2024\/02\/campana-un-nino-una-cama-adra-chile-768x432-1.jpeg 768w, https:\/\/interamerica.org\/wp-content\/uploads\/2024\/02\/campana-un-nino-una-cama-adra-chile-768x432-1-300x169.jpeg 300w\" sizes=\"(max-width: 786px) 100vw, 786px\" \/><p id=\"caption-attachment-110472\" class=\"wp-caption-text\"><span style=\"font-weight: 400;\">L\u2019affiche de la campagne \u00ab\u00a0Un enfant, un lit\u00a0\u00bb lanc\u00e9e et financ\u00e9e par ADRA Chili. <\/span><\/p><\/div>\n<p><span style=\"font-weight: 400;\">\u00ab\u00a0Des r\u00e9sultats incroyables peuvent \u00eatre atteints lorsque nous travaillons en collaboration, a dit Diego Trincado, directeur d\u2019ADRA Chili. Le d\u00e9fi \u00e9tait immense pour \u00e9tablir ce nouveau record. Mais aussi merveilleux ce record soit-il, nous sommes particuli\u00e8rement touch\u00e9s par le fait que nous travaillons au profit des enfants et des adolescents de notre pays.\u00a0\u00bb<\/span><\/p>\n<p><span style=\"font-weight: 400;\">La <\/span><a href=\"https:\/\/noticias.adventistas.org\/es\/agencia-humanitaria-adventista-supera-record-mundial-de-la-cama-mas-grande-del-mundo-para-reunir-fondos-a-favor-de-ninos-vulnerables\/\"><span style=\"font-weight: 400;\">version originale<\/span><\/a><span style=\"font-weight: 400;\"> de cet article a \u00e9t\u00e9 publi\u00e9e sur la page en espagnol du <\/span><a href=\"https:\/\/noticias.adventistas.org\/es\/\"><span style=\"font-weight: 400;\">site des actualit\u00e9s<\/span><\/a><span style=\"font-weight: 400;\"> de la Division sud-am\u00e9ricaine.<\/span><\/p>\n<p><span style=\"font-weight: 400;\">Traduction\u00a0: Marie-Mich\u00e8le Robitaille<\/span><\/p>\n","protected":false},"excerpt":{"rendered":"<p>Au Chili, le lit de 14 tonnes sert \u00e0 promouvoir une campagne pour offrir des lits \u00e0 des jeunes dans le besoin. Le 27 f\u00e9vrier 2024 | Chill\u00e1n, Chili |&#8230;<\/p>\n","protected":false},"author":3,"featured_media":110460,"comment_status":"closed","ping_status":"closed","sticky":false,"template":"","format":"standard","meta":{"_acf_changed":false,"footnotes":""},"categories":[18,19],"tags":[],"class_list":["post-110513","post","type-post","status-publish","format-standard","has-post-thumbnail","hentry","category-nouvelles-de-leglise-mondiale","category-rss-francais"],"acf":[],"yoast_head":"<!-- This site is optimized with the Yoast SEO plugin v27.3 - https:\/\/yoast.com\/product\/yoast-seo-wordpress\/ -->\n<title>Le plus grand lit au monde aide ADRA \u00e0 recueillir des fonds pour les enfants vuln\u00e9rables - \u00c9glise Adventiste Du Septieme Jour - Inter Am\u00e9rique Division<\/title>\n<meta name=\"robots\" content=\"index, follow, max-snippet:-1, max-image-preview:large, max-video-preview:-1\" \/>\n<link rel=\"canonical\" href=\"https:\/\/interamerica.org\/fr\/2024\/02\/le-plus-grand-lit-au-monde-aide-adra-a-recueillir-des-fonds-pour-les-enfants-vulnerables\/\" \/>\n<meta property=\"og:locale\" content=\"fr_FR\" \/>\n<meta property=\"og:type\" content=\"article\" \/>\n<meta property=\"og:title\" content=\"Le plus grand lit au monde aide ADRA \u00e0 recueillir des fonds pour les enfants vuln\u00e9rables - \u00c9glise Adventiste Du Septieme Jour - Inter Am\u00e9rique Division\" \/>\n<meta property=\"og:description\" content=\"Au Chili, le lit de 14 tonnes sert \u00e0 promouvoir une campagne pour offrir des lits \u00e0 des jeunes dans le besoin. Le 27 f\u00e9vrier 2024 | Chill\u00e1n, Chili |...\" \/>\n<meta property=\"og:url\" content=\"https:\/\/interamerica.org\/fr\/2024\/02\/le-plus-grand-lit-au-monde-aide-adra-a-recueillir-des-fonds-pour-les-enfants-vulnerables\/\" \/>\n<meta property=\"og:site_name\" content=\"\u00c9glise Adventiste Du Septieme Jour - Inter Am\u00e9rique Division\" \/>\n<meta property=\"article:published_time\" content=\"2024-02-27T17:41:09+00:00\" \/>\n<meta property=\"article:modified_time\" content=\"2024-02-28T14:21:34+00:00\" \/>\n<meta property=\"og:image\" content=\"https:\/\/interamerica.org\/wp-content\/uploads\/2024\/02\/noticia-record-mundial-cama-mas-grande-960x540-1.jpeg\" \/>\n\t<meta property=\"og:image:width\" content=\"960\" \/>\n\t<meta property=\"og:image:height\" content=\"540\" \/>\n\t<meta property=\"og:image:type\" content=\"image\/jpeg\" \/>\n<meta name=\"author\" content=\"libna\" \/>\n<meta name=\"twitter:card\" content=\"summary_large_image\" \/>\n<meta name=\"twitter:label1\" content=\"\u00c9crit par\" \/>\n\t<meta name=\"twitter:data1\" content=\"libna\" \/>\n\t<meta name=\"twitter:label2\" content=\"Dur\u00e9e de lecture estim\u00e9e\" \/>\n\t<meta name=\"twitter:data2\" content=\"5 minutes\" \/>\n<script type=\"application\/ld+json\" class=\"yoast-schema-graph\">{\"@context\":\"https:\\\/\\\/schema.org\",\"@graph\":[{\"@type\":\"Article\",\"@id\":\"https:\\\/\\\/interamerica.org\\\/fr\\\/2024\\\/02\\\/le-plus-grand-lit-au-monde-aide-adra-a-recueillir-des-fonds-pour-les-enfants-vulnerables\\\/#article\",\"isPartOf\":{\"@id\":\"https:\\\/\\\/interamerica.org\\\/fr\\\/2024\\\/02\\\/le-plus-grand-lit-au-monde-aide-adra-a-recueillir-des-fonds-pour-les-enfants-vulnerables\\\/\"},\"author\":{\"name\":\"libna\",\"@id\":\"https:\\\/\\\/interamerica.org\\\/fr\\\/#\\\/schema\\\/person\\\/29998f2bc2d8bd0d38662909289b54f1\"},\"headline\":\"Le plus grand lit au monde aide ADRA \u00e0 recueillir des fonds pour les enfants vuln\u00e9rables\",\"datePublished\":\"2024-02-27T17:41:09+00:00\",\"dateModified\":\"2024-02-28T14:21:34+00:00\",\"mainEntityOfPage\":{\"@id\":\"https:\\\/\\\/interamerica.org\\\/fr\\\/2024\\\/02\\\/le-plus-grand-lit-au-monde-aide-adra-a-recueillir-des-fonds-pour-les-enfants-vulnerables\\\/\"},\"wordCount\":812,\"image\":{\"@id\":\"https:\\\/\\\/interamerica.org\\\/fr\\\/2024\\\/02\\\/le-plus-grand-lit-au-monde-aide-adra-a-recueillir-des-fonds-pour-les-enfants-vulnerables\\\/#primaryimage\"},\"thumbnailUrl\":\"https:\\\/\\\/interamerica.org\\\/wp-content\\\/uploads\\\/2024\\\/02\\\/noticia-record-mundial-cama-mas-grande-960x540-1.jpeg\",\"articleSection\":[\"Nouvelles de l'\u00c9glise mondiale\",\"RSS Fran\u00e7ais\"],\"inLanguage\":\"fr-FR\"},{\"@type\":\"WebPage\",\"@id\":\"https:\\\/\\\/interamerica.org\\\/fr\\\/2024\\\/02\\\/le-plus-grand-lit-au-monde-aide-adra-a-recueillir-des-fonds-pour-les-enfants-vulnerables\\\/\",\"url\":\"https:\\\/\\\/interamerica.org\\\/fr\\\/2024\\\/02\\\/le-plus-grand-lit-au-monde-aide-adra-a-recueillir-des-fonds-pour-les-enfants-vulnerables\\\/\",\"name\":\"Le plus grand lit au monde aide ADRA \u00e0 recueillir des fonds pour les enfants vuln\u00e9rables - \u00c9glise Adventiste Du Septieme Jour - Inter Am\u00e9rique Division\",\"isPartOf\":{\"@id\":\"https:\\\/\\\/interamerica.org\\\/fr\\\/#website\"},\"primaryImageOfPage\":{\"@id\":\"https:\\\/\\\/interamerica.org\\\/fr\\\/2024\\\/02\\\/le-plus-grand-lit-au-monde-aide-adra-a-recueillir-des-fonds-pour-les-enfants-vulnerables\\\/#primaryimage\"},\"image\":{\"@id\":\"https:\\\/\\\/interamerica.org\\\/fr\\\/2024\\\/02\\\/le-plus-grand-lit-au-monde-aide-adra-a-recueillir-des-fonds-pour-les-enfants-vulnerables\\\/#primaryimage\"},\"thumbnailUrl\":\"https:\\\/\\\/interamerica.org\\\/wp-content\\\/uploads\\\/2024\\\/02\\\/noticia-record-mundial-cama-mas-grande-960x540-1.jpeg\",\"datePublished\":\"2024-02-27T17:41:09+00:00\",\"dateModified\":\"2024-02-28T14:21:34+00:00\",\"author\":{\"@id\":\"https:\\\/\\\/interamerica.org\\\/fr\\\/#\\\/schema\\\/person\\\/29998f2bc2d8bd0d38662909289b54f1\"},\"breadcrumb\":{\"@id\":\"https:\\\/\\\/interamerica.org\\\/fr\\\/2024\\\/02\\\/le-plus-grand-lit-au-monde-aide-adra-a-recueillir-des-fonds-pour-les-enfants-vulnerables\\\/#breadcrumb\"},\"inLanguage\":\"fr-FR\",\"potentialAction\":[{\"@type\":\"ReadAction\",\"target\":[\"https:\\\/\\\/interamerica.org\\\/fr\\\/2024\\\/02\\\/le-plus-grand-lit-au-monde-aide-adra-a-recueillir-des-fonds-pour-les-enfants-vulnerables\\\/\"]}]},{\"@type\":\"ImageObject\",\"inLanguage\":\"fr-FR\",\"@id\":\"https:\\\/\\\/interamerica.org\\\/fr\\\/2024\\\/02\\\/le-plus-grand-lit-au-monde-aide-adra-a-recueillir-des-fonds-pour-les-enfants-vulnerables\\\/#primaryimage\",\"url\":\"https:\\\/\\\/interamerica.org\\\/wp-content\\\/uploads\\\/2024\\\/02\\\/noticia-record-mundial-cama-mas-grande-960x540-1.jpeg\",\"contentUrl\":\"https:\\\/\\\/interamerica.org\\\/wp-content\\\/uploads\\\/2024\\\/02\\\/noticia-record-mundial-cama-mas-grande-960x540-1.jpeg\",\"width\":960,\"height\":540,\"caption\":\"The record-breaking largest bed in the world, made by ADRA Chile and a large number of volunteers, is 32 meters (about 107 feet) long and includes an 18-meter (59-foot) pillow. [Photo: ADRA Chile]\"},{\"@type\":\"BreadcrumbList\",\"@id\":\"https:\\\/\\\/interamerica.org\\\/fr\\\/2024\\\/02\\\/le-plus-grand-lit-au-monde-aide-adra-a-recueillir-des-fonds-pour-les-enfants-vulnerables\\\/#breadcrumb\",\"itemListElement\":[{\"@type\":\"ListItem\",\"position\":1,\"name\":\"Home\",\"item\":\"https:\\\/\\\/interamerica.org\\\/fr\\\/\"},{\"@type\":\"ListItem\",\"position\":2,\"name\":\"Le plus grand lit au monde aide ADRA \u00e0 recueillir des fonds pour les enfants vuln\u00e9rables\"}]},{\"@type\":\"WebSite\",\"@id\":\"https:\\\/\\\/interamerica.org\\\/fr\\\/#website\",\"url\":\"https:\\\/\\\/interamerica.org\\\/fr\\\/\",\"name\":\"\u00c9glise Adventiste Du Septieme Jour - Inter Am\u00e9rique Division\",\"description\":\"\",\"potentialAction\":[{\"@type\":\"SearchAction\",\"target\":{\"@type\":\"EntryPoint\",\"urlTemplate\":\"https:\\\/\\\/interamerica.org\\\/fr\\\/?s={search_term_string}\"},\"query-input\":{\"@type\":\"PropertyValueSpecification\",\"valueRequired\":true,\"valueName\":\"search_term_string\"}}],\"inLanguage\":\"fr-FR\"},{\"@type\":\"Person\",\"@id\":\"https:\\\/\\\/interamerica.org\\\/fr\\\/#\\\/schema\\\/person\\\/29998f2bc2d8bd0d38662909289b54f1\",\"name\":\"libna\",\"image\":{\"@type\":\"ImageObject\",\"inLanguage\":\"fr-FR\",\"@id\":\"https:\\\/\\\/secure.gravatar.com\\\/avatar\\\/7c5bd30ae4b47a9ba3c856590957fd1d96dc588bf3ac05719d247e126840331f?s=96&d=mm&r=g\",\"url\":\"https:\\\/\\\/secure.gravatar.com\\\/avatar\\\/7c5bd30ae4b47a9ba3c856590957fd1d96dc588bf3ac05719d247e126840331f?s=96&d=mm&r=g\",\"contentUrl\":\"https:\\\/\\\/secure.gravatar.com\\\/avatar\\\/7c5bd30ae4b47a9ba3c856590957fd1d96dc588bf3ac05719d247e126840331f?s=96&d=mm&r=g\",\"caption\":\"libna\"}}]}<\/script>\n<!-- \/ Yoast SEO plugin. -->","yoast_head_json":{"title":"Le plus grand lit au monde aide ADRA \u00e0 recueillir des fonds pour les enfants vuln\u00e9rables - \u00c9glise Adventiste Du Septieme Jour - Inter Am\u00e9rique Division","robots":{"index":"index","follow":"follow","max-snippet":"max-snippet:-1","max-image-preview":"max-image-preview:large","max-video-preview":"max-video-preview:-1"},"canonical":"https:\/\/interamerica.org\/fr\/2024\/02\/le-plus-grand-lit-au-monde-aide-adra-a-recueillir-des-fonds-pour-les-enfants-vulnerables\/","og_locale":"fr_FR","og_type":"article","og_title":"Le plus grand lit au monde aide ADRA \u00e0 recueillir des fonds pour les enfants vuln\u00e9rables - \u00c9glise Adventiste Du Septieme Jour - Inter Am\u00e9rique Division","og_description":"Au Chili, le lit de 14 tonnes sert \u00e0 promouvoir une campagne pour offrir des lits \u00e0 des jeunes dans le besoin. Le 27 f\u00e9vrier 2024 | Chill\u00e1n, Chili |...","og_url":"https:\/\/interamerica.org\/fr\/2024\/02\/le-plus-grand-lit-au-monde-aide-adra-a-recueillir-des-fonds-pour-les-enfants-vulnerables\/","og_site_name":"\u00c9glise Adventiste Du Septieme Jour - Inter Am\u00e9rique Division","article_published_time":"2024-02-27T17:41:09+00:00","article_modified_time":"2024-02-28T14:21:34+00:00","og_image":[{"width":960,"height":540,"url":"https:\/\/interamerica.org\/wp-content\/uploads\/2024\/02\/noticia-record-mundial-cama-mas-grande-960x540-1.jpeg","type":"image\/jpeg"}],"author":"libna","twitter_card":"summary_large_image","twitter_misc":{"\u00c9crit par":"libna","Dur\u00e9e de lecture estim\u00e9e":"5 minutes"},"schema":{"@context":"https:\/\/schema.org","@graph":[{"@type":"Article","@id":"https:\/\/interamerica.org\/fr\/2024\/02\/le-plus-grand-lit-au-monde-aide-adra-a-recueillir-des-fonds-pour-les-enfants-vulnerables\/#article","isPartOf":{"@id":"https:\/\/interamerica.org\/fr\/2024\/02\/le-plus-grand-lit-au-monde-aide-adra-a-recueillir-des-fonds-pour-les-enfants-vulnerables\/"},"author":{"name":"libna","@id":"https:\/\/interamerica.org\/fr\/#\/schema\/person\/29998f2bc2d8bd0d38662909289b54f1"},"headline":"Le plus grand lit au monde aide ADRA \u00e0 recueillir des fonds pour les enfants vuln\u00e9rables","datePublished":"2024-02-27T17:41:09+00:00","dateModified":"2024-02-28T14:21:34+00:00","mainEntityOfPage":{"@id":"https:\/\/interamerica.org\/fr\/2024\/02\/le-plus-grand-lit-au-monde-aide-adra-a-recueillir-des-fonds-pour-les-enfants-vulnerables\/"},"wordCount":812,"image":{"@id":"https:\/\/interamerica.org\/fr\/2024\/02\/le-plus-grand-lit-au-monde-aide-adra-a-recueillir-des-fonds-pour-les-enfants-vulnerables\/#primaryimage"},"thumbnailUrl":"https:\/\/interamerica.org\/wp-content\/uploads\/2024\/02\/noticia-record-mundial-cama-mas-grande-960x540-1.jpeg","articleSection":["Nouvelles de l'\u00c9glise mondiale","RSS Fran\u00e7ais"],"inLanguage":"fr-FR"},{"@type":"WebPage","@id":"https:\/\/interamerica.org\/fr\/2024\/02\/le-plus-grand-lit-au-monde-aide-adra-a-recueillir-des-fonds-pour-les-enfants-vulnerables\/","url":"https:\/\/interamerica.org\/fr\/2024\/02\/le-plus-grand-lit-au-monde-aide-adra-a-recueillir-des-fonds-pour-les-enfants-vulnerables\/","name":"Le plus grand lit au monde aide ADRA \u00e0 recueillir des fonds pour les enfants vuln\u00e9rables - \u00c9glise Adventiste Du Septieme Jour - Inter Am\u00e9rique Division","isPartOf":{"@id":"https:\/\/interamerica.org\/fr\/#website"},"primaryImageOfPage":{"@id":"https:\/\/interamerica.org\/fr\/2024\/02\/le-plus-grand-lit-au-monde-aide-adra-a-recueillir-des-fonds-pour-les-enfants-vulnerables\/#primaryimage"},"image":{"@id":"https:\/\/interamerica.org\/fr\/2024\/02\/le-plus-grand-lit-au-monde-aide-adra-a-recueillir-des-fonds-pour-les-enfants-vulnerables\/#primaryimage"},"thumbnailUrl":"https:\/\/interamerica.org\/wp-content\/uploads\/2024\/02\/noticia-record-mundial-cama-mas-grande-960x540-1.jpeg","datePublished":"2024-02-27T17:41:09+00:00","dateModified":"2024-02-28T14:21:34+00:00","author":{"@id":"https:\/\/interamerica.org\/fr\/#\/schema\/person\/29998f2bc2d8bd0d38662909289b54f1"},"breadcrumb":{"@id":"https:\/\/interamerica.org\/fr\/2024\/02\/le-plus-grand-lit-au-monde-aide-adra-a-recueillir-des-fonds-pour-les-enfants-vulnerables\/#breadcrumb"},"inLanguage":"fr-FR","potentialAction":[{"@type":"ReadAction","target":["https:\/\/interamerica.org\/fr\/2024\/02\/le-plus-grand-lit-au-monde-aide-adra-a-recueillir-des-fonds-pour-les-enfants-vulnerables\/"]}]},{"@type":"ImageObject","inLanguage":"fr-FR","@id":"https:\/\/interamerica.org\/fr\/2024\/02\/le-plus-grand-lit-au-monde-aide-adra-a-recueillir-des-fonds-pour-les-enfants-vulnerables\/#primaryimage","url":"https:\/\/interamerica.org\/wp-content\/uploads\/2024\/02\/noticia-record-mundial-cama-mas-grande-960x540-1.jpeg","contentUrl":"https:\/\/interamerica.org\/wp-content\/uploads\/2024\/02\/noticia-record-mundial-cama-mas-grande-960x540-1.jpeg","width":960,"height":540,"caption":"The record-breaking largest bed in the world, made by ADRA Chile and a large number of volunteers, is 32 meters (about 107 feet) long and includes an 18-meter (59-foot) pillow. [Photo: ADRA Chile]"},{"@type":"BreadcrumbList","@id":"https:\/\/interamerica.org\/fr\/2024\/02\/le-plus-grand-lit-au-monde-aide-adra-a-recueillir-des-fonds-pour-les-enfants-vulnerables\/#breadcrumb","itemListElement":[{"@type":"ListItem","position":1,"name":"Home","item":"https:\/\/interamerica.org\/fr\/"},{"@type":"ListItem","position":2,"name":"Le plus grand lit au monde aide ADRA \u00e0 recueillir des fonds pour les enfants vuln\u00e9rables"}]},{"@type":"WebSite","@id":"https:\/\/interamerica.org\/fr\/#website","url":"https:\/\/interamerica.org\/fr\/","name":"\u00c9glise Adventiste Du Septieme Jour - Inter Am\u00e9rique Division","description":"","potentialAction":[{"@type":"SearchAction","target":{"@type":"EntryPoint","urlTemplate":"https:\/\/interamerica.org\/fr\/?s={search_term_string}"},"query-input":{"@type":"PropertyValueSpecification","valueRequired":true,"valueName":"search_term_string"}}],"inLanguage":"fr-FR"},{"@type":"Person","@id":"https:\/\/interamerica.org\/fr\/#\/schema\/person\/29998f2bc2d8bd0d38662909289b54f1","name":"libna","image":{"@type":"ImageObject","inLanguage":"fr-FR","@id":"https:\/\/secure.gravatar.com\/avatar\/7c5bd30ae4b47a9ba3c856590957fd1d96dc588bf3ac05719d247e126840331f?s=96&d=mm&r=g","url":"https:\/\/secure.gravatar.com\/avatar\/7c5bd30ae4b47a9ba3c856590957fd1d96dc588bf3ac05719d247e126840331f?s=96&d=mm&r=g","contentUrl":"https:\/\/secure.gravatar.com\/avatar\/7c5bd30ae4b47a9ba3c856590957fd1d96dc588bf3ac05719d247e126840331f?s=96&d=mm&r=g","caption":"libna"}}]}},"_links":{"self":[{"href":"https:\/\/interamerica.org\/fr\/wp-json\/wp\/v2\/posts\/110513","targetHints":{"allow":["GET"]}}],"collection":[{"href":"https:\/\/interamerica.org\/fr\/wp-json\/wp\/v2\/posts"}],"about":[{"href":"https:\/\/interamerica.org\/fr\/wp-json\/wp\/v2\/types\/post"}],"author":[{"embeddable":true,"href":"https:\/\/interamerica.org\/fr\/wp-json\/wp\/v2\/users\/3"}],"replies":[{"embeddable":true,"href":"https:\/\/interamerica.org\/fr\/wp-json\/wp\/v2\/comments?post=110513"}],"version-history":[{"count":0,"href":"https:\/\/interamerica.org\/fr\/wp-json\/wp\/v2\/posts\/110513\/revisions"}],"wp:featuredmedia":[{"embeddable":true,"href":"https:\/\/interamerica.org\/fr\/wp-json\/wp\/v2\/media\/110460"}],"wp:attachment":[{"href":"https:\/\/interamerica.org\/fr\/wp-json\/wp\/v2\/media?parent=110513"}],"wp:term":[{"taxonomy":"category","embeddable":true,"href":"https:\/\/interamerica.org\/fr\/wp-json\/wp\/v2\/categories?post=110513"},{"taxonomy":"post_tag","embeddable":true,"href":"https:\/\/interamerica.org\/fr\/wp-json\/wp\/v2\/tags?post=110513"}],"curies":[{"name":"wp","href":"https:\/\/api.w.org\/{rel}","templated":true}]}}