{"id":110593,"date":"2024-02-29T19:16:23","date_gmt":"2024-03-01T00:16:23","guid":{"rendered":"https:\/\/interamerica.org\/?p=110593"},"modified":"2024-02-29T20:46:54","modified_gmt":"2024-03-01T01:46:54","slug":"la-loi-de-dieu-est-immuable","status":"publish","type":"post","link":"https:\/\/interamerica.org\/fr\/2024\/02\/la-loi-de-dieu-est-immuable\/","title":{"rendered":"La loi de Dieu est immuable"},"content":{"rendered":"<p>29 f\u00e9vrier 2024 | Silver Spring, Maryland, \u00c9tats-Unis | Ted N.C. Wilson, pr\u00e9sident de la Conf\u00e9rence g\u00e9n\u00e9rale des adventistes du septi\u00e8me jour<\/p>\n<p>Je vous salue, chers amis. Dans cette s\u00e9rie vid\u00e9os, nous avons parcouru ce livre incroyable qu&rsquo;est La trag\u00e9die des si\u00e8cles en examinant les points essentiels de chaque chapitre. Aujourd&rsquo;hui, nous allons consid\u00e9rer certains des points essentiels du Chapitre 25, intitul\u00e9 \u00ab\u00a0La Loi de Dieu est immuable\u00a0\u00bb. Si vous n&rsquo;avez pas encore ce merveilleux livre, vous pouvez le t\u00e9l\u00e9charger gratuitement sur greatcontroversyproject.org<\/p>\n<p>Dans le chapitre pr\u00e9c\u00e9dent, nous avons compar\u00e9 le sanctuaire de l&rsquo;Ancien Testament et ses rituels, et examin\u00e9 attentivement ce qui s&rsquo;est pass\u00e9 le Jour des expiations. Vous vous souvenez peut-\u00eatre que le sanctuaire comprenait deux pi\u00e8ces &#8211; le Lieu Saint, et le Lieu Tr\u00e8s Saint. Ce n&rsquo;\u00e9tait que lors du Jour des expiations que le Grand Pr\u00eatre entrait dans le Lieu Tr\u00e8s Saint pour accomplir le rite symbolique de purification du sanctuaire.<\/p>\n<p>Alors qu&rsquo;il y avait plusieurs objets dans le Lieu saint, \u00e0 savoir le chandelier \u00e0 sept branches, la table des pains de proposition et l&rsquo;autel des parfums, derri\u00e8re le second voile s\u00e9parant les deux pi\u00e8ces, il n&rsquo;y avait qu&rsquo;un seul meuble, l&rsquo;arche de l&rsquo;alliance en or.<\/p>\n<p>En Apocalypse 11:19, nous lisons la description \u00e9tonnante de Jean de l&rsquo;int\u00e9rieur du lieu tr\u00e8s saint du sanctuaire c\u00e9leste. Il a \u00e9crit : \u00ab\u00a0Et le temple de Dieu dans le ciel fut ouvert, et l&rsquo;arche de son alliance apparut dans son temple. Et il y eut des \u00e9clairs, des voix, des tonnerres, un tremblement de terre, et une forte gr\u00eale.\u00a0\u00bb<\/p>\n<p>Puisque H\u00e9breux 8:5 nous dit que le sanctuaire terrestre servait d'\u00a0\u00bbimage et [d&rsquo;]ombre des choses c\u00e9lestes\u00a0\u00bb, nous comprenons que cette deuxi\u00e8me pi\u00e8ce n&rsquo;\u00e9tait ouverte que lors du grand Jour des Expiations pour la purification du sanctuaire c\u00e9leste.<\/p>\n<p>Selon Ellen White, \u00ab La d\u00e9claration concernant l\u2019ouverture du temple de Dieu et la mise en \u00e9vidence de l\u2019arche de son alliance se rapporte donc \u00e0 l\u2019ouverture du lieu tr\u00e8s saint du sanctuaire c\u00e9leste en 1844, lorsque J\u00e9sus-Christ y entra pour achever son oeuvre expiatoire. \u00bb<\/p>\n<p>L&rsquo;arche de l&rsquo;alliance sur terre contenait la loi de Dieu inscrite sur les deux tables de pierre &#8211; les 10 commandements. Nous lisons dans La Trag\u00e9die des si\u00e8cles que c&rsquo;\u00e9tait la pr\u00e9sence de ces deux tablettes contenant la loi de Dieu qui rendait l&rsquo;arche si pr\u00e9cieuse et sacr\u00e9e. Et une fois de plus, nous voyons un parall\u00e8le avec le sanctuaire c\u00e9leste o\u00f9 la loi de Dieu &#8211; l&rsquo;originale &#8211; est ench\u00e2ss\u00e9e.<\/p>\n<p>Apr\u00e8s la Grande D\u00e9ception de 1844, les fid\u00e8les croyants adventistes continuaient d&rsquo;\u00e9tudier leur Bible et ont commenc\u00e9 \u00e0 voir de plus en plus pr\u00e9cis\u00e9ment l&rsquo;importance du sanctuaire dans le ciel et l&rsquo;importance de la loi de Dieu. Ils ont discern\u00e9 plus clairement les paroles du Christ lorsqu&rsquo;Il a dit : \u00ab\u00a0Car, je vous le dis en v\u00e9rit\u00e9, tant que le ciel et la terre ne passeront point, il ne dispara\u00eetra pas de la loi un seul iota ou un seul trait de lettre, jusqu&rsquo;\u00e0 ce que tout soit arriv\u00e9.\u00a0\u00bb<\/p>\n<p>Cela est d\u00fb au fait que la loi de Dieu est une r\u00e9v\u00e9lation de Sa volont\u00e9 et une transcription de Son caract\u00e8re, et elle perdurera toujours. Dans le Psaume 111:7,8, nous lisons : \u00ab\u00a0Toutes ses ordonnances sont v\u00e9ritables, affermies pour l&rsquo;\u00e9ternit\u00e9.\u00a0\u00bb<\/p>\n<p>C&rsquo;est pendant cette p\u00e9riode d&rsquo;\u00e9tude de la Bible que l&rsquo;attention des premiers adventistes a \u00e9t\u00e9 particuli\u00e8rement attir\u00e9e par le quatri\u00e8me commandement qui dit :<\/p>\n<p>Souviens-toi du jour du repos, pour le sanctifier. Tu travailleras six jours, et tu feras tout ton ouvrage. Mais le septi\u00e8me jour est le jour du repos de l&rsquo;\u00c9ternel, ton Dieu: tu ne feras aucun ouvrage, ni toi, ni ton fils, ni ta fille, ni ton serviteur, ni ta servante, ni ton b\u00e9tail, ni l&rsquo;\u00e9tranger qui est dans tes portes. Car en six jours l&rsquo;\u00c9ternel a fait les cieux, la terre et la mer, et tout ce qui y est contenu, et il s&rsquo;est repos\u00e9 le septi\u00e8me jour: c&rsquo;est pourquoi l&rsquo;\u00c9ternel a b\u00e9ni le jour du repos et l&rsquo;a sanctifi\u00e9.<\/p>\n<p>Les c\u0153urs des premiers adventistes \u00e9taient touch\u00e9s ; ils n&rsquo;avaient jamais vu ce commandement de mani\u00e8re aussi claire. Ils ont commenc\u00e9 \u00e0 examiner les raisons d&rsquo;observer le premier jour de la semaine au lieu du jour sanctifi\u00e9 par le Seigneur. Ils n&rsquo;ont trouv\u00e9 aucune preuve biblique que le quatri\u00e8me commandement avait \u00e9t\u00e9 aboli ou que le Sabbat avait \u00e9t\u00e9 chang\u00e9, et ont donc compris que la b\u00e9n\u00e9diction que Dieu avait d\u00e9vers\u00e9e sur le septi\u00e8me jour n&rsquo;avait jamais \u00e9t\u00e9 r\u00e9voqu\u00e9e.<\/p>\n<p>Ellen White d\u00e9clare : \u00ab\u00a0Et, comme ils s\u2019\u00e9taient honn\u00eatement efforc\u00e9s de conna\u00eetre et d\u2019accomplir la volont\u00e9 de Dieu, s\u2019avouant, avec chagrin, coupables devant la loi de Dieu, mais d\u00e9cid\u00e9s \u00e0 rester fid\u00e8les \u00e0 leur Cr\u00e9ateur, ils se mirent \u00e0 sanctifier son jour de repos.\u00a0\u00bb<\/p>\n<p>La d\u00e9cision que ce groupe allait prendre \u00e9tait insolite, car la grande majorit\u00e9 des Chr\u00e9tiens adoraient le dimanche, le premier jour de la semaine. N\u00e9anmoins, en acceptant la Parole de Dieu comme v\u00e9rit\u00e9 et en suivant ses enseignements, ils ont \u00e9t\u00e9 amen\u00e9s \u00e0 comprendre plus pleinement la beaut\u00e9 de cette Parole et les messages importants qu&rsquo;elle contenait pour ceux vivant \u00e0 la fin des temps.<\/p>\n<p>Cher ami, j&rsquo;aimerais te demander aujourd&rsquo;hui : crois-tu en la Parole de Dieu? Crois-tu que la loi de Dieu est sainte et vraie, et, comme nous l&rsquo;avons lu plus t\u00f4t, \u00ab\u00a0Toutes ses ordonnances sont v\u00e9ritables, affermies pour l&rsquo;\u00e9ternit\u00e9.\u00a0\u00bb? Souhaites-tu en apprendre davantage sur la p\u00e9rennit\u00e9 de la loi de Dieu ? Si tu souhaites approfondir cet enseignement biblique crucial, je t&rsquo;invite \u00e0 visiter l&rsquo;U. R. L. indiqu\u00e9e en bas de la page. Analyser les v\u00e9rit\u00e9s bibliques sur ce sujet essentiel ne pourra que te surprendre et t&rsquo;enrichir.<\/p>\n<p>Prions ensemble pour conclure notre message d&rsquo;aujourd&rsquo;hui.<\/p>\n<p>P\u00e8re c\u00e9leste, nous te remercions pour les indications incroyables dans les \u00c9critures concernant le service du sanctuaire et sur ce que tu as pr\u00e9vu pour nous, et cette magnifique arche de l&rsquo;alliance contenant les tables de pierre des dix commandements, y compris le pr\u00e9cieux quatri\u00e8me commandement. Merci de nous avoir donn\u00e9 le Sabbat et de nous aider \u00e0 nous souvenir que c&rsquo;est ton jour de repos pour l&rsquo;\u00e9ternit\u00e9, et qu&rsquo;aujourd&rsquo;hui, le septi\u00e8me jour, le Sabbat, est aussi important que lorsque tu l&rsquo;as cr\u00e9\u00e9 \u00e0 la fin des six jours de la cr\u00e9ation.<\/p>\n<p>Merci d&rsquo;\u00e9couter notre pri\u00e8re et de nous b\u00e9nir alors que nous t&rsquo;adorons et observons ton saint jour de Sabbat. Ton Sabbat du septi\u00e8me jour. Au nom de J\u00e9sus, nous te prions. Amen.<\/p>\n<p><iframe title=\"La Trag\u00e9die des si\u00e8cles, Chapitre 25 : La Loi de Dieu est immuable | Pasteur Ted Wilson\" width=\"500\" height=\"281\" src=\"https:\/\/www.youtube.com\/embed\/SDJqgSGbHKg?feature=oembed\" frameborder=\"0\" allow=\"accelerometer; autoplay; clipboard-write; encrypted-media; gyroscope; picture-in-picture; web-share\" referrerpolicy=\"strict-origin-when-cross-origin\" allowfullscreen><\/iframe><\/p>\n","protected":false},"excerpt":{"rendered":"<p>29 f\u00e9vrier 2024 | Silver Spring, Maryland, \u00c9tats-Unis | Ted N.C. Wilson, pr\u00e9sident de la Conf\u00e9rence g\u00e9n\u00e9rale des adventistes du septi\u00e8me jour Je vous salue, chers amis. Dans cette s\u00e9rie&#8230;<\/p>\n","protected":false},"author":3,"featured_media":110571,"comment_status":"closed","ping_status":"closed","sticky":false,"template":"","format":"standard","meta":{"_acf_changed":false,"footnotes":""},"categories":[18,19],"tags":[],"class_list":["post-110593","post","type-post","status-publish","format-standard","has-post-thumbnail","hentry","category-nouvelles-de-leglise-mondiale","category-rss-francais"],"acf":[],"yoast_head":"<!-- This site is optimized with the Yoast SEO plugin v27.3 - https:\/\/yoast.com\/product\/yoast-seo-wordpress\/ -->\n<title>La loi de Dieu est immuable - \u00c9glise Adventiste Du Septieme Jour - Inter Am\u00e9rique Division<\/title>\n<meta name=\"robots\" content=\"index, follow, max-snippet:-1, max-image-preview:large, max-video-preview:-1\" \/>\n<link rel=\"canonical\" href=\"https:\/\/interamerica.org\/fr\/2024\/02\/la-loi-de-dieu-est-immuable\/\" \/>\n<meta property=\"og:locale\" content=\"fr_FR\" \/>\n<meta property=\"og:type\" content=\"article\" \/>\n<meta property=\"og:title\" content=\"La loi de Dieu est immuable - \u00c9glise Adventiste Du Septieme Jour - Inter Am\u00e9rique Division\" \/>\n<meta property=\"og:description\" content=\"29 f\u00e9vrier 2024 | Silver Spring, Maryland, \u00c9tats-Unis | Ted N.C. Wilson, pr\u00e9sident de la Conf\u00e9rence g\u00e9n\u00e9rale des adventistes du septi\u00e8me jour Je vous salue, chers amis. Dans cette s\u00e9rie...\" \/>\n<meta property=\"og:url\" content=\"https:\/\/interamerica.org\/fr\/2024\/02\/la-loi-de-dieu-est-immuable\/\" \/>\n<meta property=\"og:site_name\" content=\"\u00c9glise Adventiste Du Septieme Jour - Inter Am\u00e9rique Division\" \/>\n<meta property=\"article:published_time\" content=\"2024-03-01T00:16:23+00:00\" \/>\n<meta property=\"article:modified_time\" content=\"2024-03-01T01:46:54+00:00\" \/>\n<meta property=\"og:image\" content=\"https:\/\/interamerica.org\/wp-content\/uploads\/2024\/02\/gods-law-immutable-fr.jpg\" \/>\n\t<meta property=\"og:image:width\" content=\"1920\" \/>\n\t<meta property=\"og:image:height\" content=\"1080\" \/>\n\t<meta property=\"og:image:type\" content=\"image\/jpeg\" \/>\n<meta name=\"author\" content=\"libna\" \/>\n<meta name=\"twitter:card\" content=\"summary_large_image\" \/>\n<meta name=\"twitter:label1\" content=\"\u00c9crit par\" \/>\n\t<meta name=\"twitter:data1\" content=\"libna\" \/>\n\t<meta name=\"twitter:label2\" content=\"Dur\u00e9e de lecture estim\u00e9e\" \/>\n\t<meta name=\"twitter:data2\" content=\"5 minutes\" \/>\n<script type=\"application\/ld+json\" class=\"yoast-schema-graph\">{\"@context\":\"https:\\\/\\\/schema.org\",\"@graph\":[{\"@type\":\"Article\",\"@id\":\"https:\\\/\\\/interamerica.org\\\/fr\\\/2024\\\/02\\\/la-loi-de-dieu-est-immuable\\\/#article\",\"isPartOf\":{\"@id\":\"https:\\\/\\\/interamerica.org\\\/fr\\\/2024\\\/02\\\/la-loi-de-dieu-est-immuable\\\/\"},\"author\":{\"name\":\"libna\",\"@id\":\"https:\\\/\\\/interamerica.org\\\/fr\\\/#\\\/schema\\\/person\\\/29998f2bc2d8bd0d38662909289b54f1\"},\"headline\":\"La loi de Dieu est immuable\",\"datePublished\":\"2024-03-01T00:16:23+00:00\",\"dateModified\":\"2024-03-01T01:46:54+00:00\",\"mainEntityOfPage\":{\"@id\":\"https:\\\/\\\/interamerica.org\\\/fr\\\/2024\\\/02\\\/la-loi-de-dieu-est-immuable\\\/\"},\"wordCount\":1226,\"image\":{\"@id\":\"https:\\\/\\\/interamerica.org\\\/fr\\\/2024\\\/02\\\/la-loi-de-dieu-est-immuable\\\/#primaryimage\"},\"thumbnailUrl\":\"https:\\\/\\\/interamerica.org\\\/wp-content\\\/uploads\\\/2024\\\/02\\\/gods-law-immutable-fr.jpg\",\"articleSection\":[\"Nouvelles de l'\u00c9glise mondiale\",\"RSS Fran\u00e7ais\"],\"inLanguage\":\"fr-FR\"},{\"@type\":\"WebPage\",\"@id\":\"https:\\\/\\\/interamerica.org\\\/fr\\\/2024\\\/02\\\/la-loi-de-dieu-est-immuable\\\/\",\"url\":\"https:\\\/\\\/interamerica.org\\\/fr\\\/2024\\\/02\\\/la-loi-de-dieu-est-immuable\\\/\",\"name\":\"La loi de Dieu est immuable - \u00c9glise Adventiste Du Septieme Jour - Inter Am\u00e9rique Division\",\"isPartOf\":{\"@id\":\"https:\\\/\\\/interamerica.org\\\/fr\\\/#website\"},\"primaryImageOfPage\":{\"@id\":\"https:\\\/\\\/interamerica.org\\\/fr\\\/2024\\\/02\\\/la-loi-de-dieu-est-immuable\\\/#primaryimage\"},\"image\":{\"@id\":\"https:\\\/\\\/interamerica.org\\\/fr\\\/2024\\\/02\\\/la-loi-de-dieu-est-immuable\\\/#primaryimage\"},\"thumbnailUrl\":\"https:\\\/\\\/interamerica.org\\\/wp-content\\\/uploads\\\/2024\\\/02\\\/gods-law-immutable-fr.jpg\",\"datePublished\":\"2024-03-01T00:16:23+00:00\",\"dateModified\":\"2024-03-01T01:46:54+00:00\",\"author\":{\"@id\":\"https:\\\/\\\/interamerica.org\\\/fr\\\/#\\\/schema\\\/person\\\/29998f2bc2d8bd0d38662909289b54f1\"},\"breadcrumb\":{\"@id\":\"https:\\\/\\\/interamerica.org\\\/fr\\\/2024\\\/02\\\/la-loi-de-dieu-est-immuable\\\/#breadcrumb\"},\"inLanguage\":\"fr-FR\",\"potentialAction\":[{\"@type\":\"ReadAction\",\"target\":[\"https:\\\/\\\/interamerica.org\\\/fr\\\/2024\\\/02\\\/la-loi-de-dieu-est-immuable\\\/\"]}]},{\"@type\":\"ImageObject\",\"inLanguage\":\"fr-FR\",\"@id\":\"https:\\\/\\\/interamerica.org\\\/fr\\\/2024\\\/02\\\/la-loi-de-dieu-est-immuable\\\/#primaryimage\",\"url\":\"https:\\\/\\\/interamerica.org\\\/wp-content\\\/uploads\\\/2024\\\/02\\\/gods-law-immutable-fr.jpg\",\"contentUrl\":\"https:\\\/\\\/interamerica.org\\\/wp-content\\\/uploads\\\/2024\\\/02\\\/gods-law-immutable-fr.jpg\",\"width\":1920,\"height\":1080},{\"@type\":\"BreadcrumbList\",\"@id\":\"https:\\\/\\\/interamerica.org\\\/fr\\\/2024\\\/02\\\/la-loi-de-dieu-est-immuable\\\/#breadcrumb\",\"itemListElement\":[{\"@type\":\"ListItem\",\"position\":1,\"name\":\"Home\",\"item\":\"https:\\\/\\\/interamerica.org\\\/fr\\\/\"},{\"@type\":\"ListItem\",\"position\":2,\"name\":\"La loi de Dieu est immuable\"}]},{\"@type\":\"WebSite\",\"@id\":\"https:\\\/\\\/interamerica.org\\\/fr\\\/#website\",\"url\":\"https:\\\/\\\/interamerica.org\\\/fr\\\/\",\"name\":\"\u00c9glise Adventiste Du Septieme Jour - Inter Am\u00e9rique Division\",\"description\":\"\",\"potentialAction\":[{\"@type\":\"SearchAction\",\"target\":{\"@type\":\"EntryPoint\",\"urlTemplate\":\"https:\\\/\\\/interamerica.org\\\/fr\\\/?s={search_term_string}\"},\"query-input\":{\"@type\":\"PropertyValueSpecification\",\"valueRequired\":true,\"valueName\":\"search_term_string\"}}],\"inLanguage\":\"fr-FR\"},{\"@type\":\"Person\",\"@id\":\"https:\\\/\\\/interamerica.org\\\/fr\\\/#\\\/schema\\\/person\\\/29998f2bc2d8bd0d38662909289b54f1\",\"name\":\"libna\",\"image\":{\"@type\":\"ImageObject\",\"inLanguage\":\"fr-FR\",\"@id\":\"https:\\\/\\\/secure.gravatar.com\\\/avatar\\\/7c5bd30ae4b47a9ba3c856590957fd1d96dc588bf3ac05719d247e126840331f?s=96&d=mm&r=g\",\"url\":\"https:\\\/\\\/secure.gravatar.com\\\/avatar\\\/7c5bd30ae4b47a9ba3c856590957fd1d96dc588bf3ac05719d247e126840331f?s=96&d=mm&r=g\",\"contentUrl\":\"https:\\\/\\\/secure.gravatar.com\\\/avatar\\\/7c5bd30ae4b47a9ba3c856590957fd1d96dc588bf3ac05719d247e126840331f?s=96&d=mm&r=g\",\"caption\":\"libna\"}}]}<\/script>\n<!-- \/ Yoast SEO plugin. -->","yoast_head_json":{"title":"La loi de Dieu est immuable - \u00c9glise Adventiste Du Septieme Jour - Inter Am\u00e9rique Division","robots":{"index":"index","follow":"follow","max-snippet":"max-snippet:-1","max-image-preview":"max-image-preview:large","max-video-preview":"max-video-preview:-1"},"canonical":"https:\/\/interamerica.org\/fr\/2024\/02\/la-loi-de-dieu-est-immuable\/","og_locale":"fr_FR","og_type":"article","og_title":"La loi de Dieu est immuable - \u00c9glise Adventiste Du Septieme Jour - Inter Am\u00e9rique Division","og_description":"29 f\u00e9vrier 2024 | Silver Spring, Maryland, \u00c9tats-Unis | Ted N.C. Wilson, pr\u00e9sident de la Conf\u00e9rence g\u00e9n\u00e9rale des adventistes du septi\u00e8me jour Je vous salue, chers amis. Dans cette s\u00e9rie...","og_url":"https:\/\/interamerica.org\/fr\/2024\/02\/la-loi-de-dieu-est-immuable\/","og_site_name":"\u00c9glise Adventiste Du Septieme Jour - Inter Am\u00e9rique Division","article_published_time":"2024-03-01T00:16:23+00:00","article_modified_time":"2024-03-01T01:46:54+00:00","og_image":[{"width":1920,"height":1080,"url":"https:\/\/interamerica.org\/wp-content\/uploads\/2024\/02\/gods-law-immutable-fr.jpg","type":"image\/jpeg"}],"author":"libna","twitter_card":"summary_large_image","twitter_misc":{"\u00c9crit par":"libna","Dur\u00e9e de lecture estim\u00e9e":"5 minutes"},"schema":{"@context":"https:\/\/schema.org","@graph":[{"@type":"Article","@id":"https:\/\/interamerica.org\/fr\/2024\/02\/la-loi-de-dieu-est-immuable\/#article","isPartOf":{"@id":"https:\/\/interamerica.org\/fr\/2024\/02\/la-loi-de-dieu-est-immuable\/"},"author":{"name":"libna","@id":"https:\/\/interamerica.org\/fr\/#\/schema\/person\/29998f2bc2d8bd0d38662909289b54f1"},"headline":"La loi de Dieu est immuable","datePublished":"2024-03-01T00:16:23+00:00","dateModified":"2024-03-01T01:46:54+00:00","mainEntityOfPage":{"@id":"https:\/\/interamerica.org\/fr\/2024\/02\/la-loi-de-dieu-est-immuable\/"},"wordCount":1226,"image":{"@id":"https:\/\/interamerica.org\/fr\/2024\/02\/la-loi-de-dieu-est-immuable\/#primaryimage"},"thumbnailUrl":"https:\/\/interamerica.org\/wp-content\/uploads\/2024\/02\/gods-law-immutable-fr.jpg","articleSection":["Nouvelles de l'\u00c9glise mondiale","RSS Fran\u00e7ais"],"inLanguage":"fr-FR"},{"@type":"WebPage","@id":"https:\/\/interamerica.org\/fr\/2024\/02\/la-loi-de-dieu-est-immuable\/","url":"https:\/\/interamerica.org\/fr\/2024\/02\/la-loi-de-dieu-est-immuable\/","name":"La loi de Dieu est immuable - \u00c9glise Adventiste Du Septieme Jour - Inter Am\u00e9rique Division","isPartOf":{"@id":"https:\/\/interamerica.org\/fr\/#website"},"primaryImageOfPage":{"@id":"https:\/\/interamerica.org\/fr\/2024\/02\/la-loi-de-dieu-est-immuable\/#primaryimage"},"image":{"@id":"https:\/\/interamerica.org\/fr\/2024\/02\/la-loi-de-dieu-est-immuable\/#primaryimage"},"thumbnailUrl":"https:\/\/interamerica.org\/wp-content\/uploads\/2024\/02\/gods-law-immutable-fr.jpg","datePublished":"2024-03-01T00:16:23+00:00","dateModified":"2024-03-01T01:46:54+00:00","author":{"@id":"https:\/\/interamerica.org\/fr\/#\/schema\/person\/29998f2bc2d8bd0d38662909289b54f1"},"breadcrumb":{"@id":"https:\/\/interamerica.org\/fr\/2024\/02\/la-loi-de-dieu-est-immuable\/#breadcrumb"},"inLanguage":"fr-FR","potentialAction":[{"@type":"ReadAction","target":["https:\/\/interamerica.org\/fr\/2024\/02\/la-loi-de-dieu-est-immuable\/"]}]},{"@type":"ImageObject","inLanguage":"fr-FR","@id":"https:\/\/interamerica.org\/fr\/2024\/02\/la-loi-de-dieu-est-immuable\/#primaryimage","url":"https:\/\/interamerica.org\/wp-content\/uploads\/2024\/02\/gods-law-immutable-fr.jpg","contentUrl":"https:\/\/interamerica.org\/wp-content\/uploads\/2024\/02\/gods-law-immutable-fr.jpg","width":1920,"height":1080},{"@type":"BreadcrumbList","@id":"https:\/\/interamerica.org\/fr\/2024\/02\/la-loi-de-dieu-est-immuable\/#breadcrumb","itemListElement":[{"@type":"ListItem","position":1,"name":"Home","item":"https:\/\/interamerica.org\/fr\/"},{"@type":"ListItem","position":2,"name":"La loi de Dieu est immuable"}]},{"@type":"WebSite","@id":"https:\/\/interamerica.org\/fr\/#website","url":"https:\/\/interamerica.org\/fr\/","name":"\u00c9glise Adventiste Du Septieme Jour - Inter Am\u00e9rique Division","description":"","potentialAction":[{"@type":"SearchAction","target":{"@type":"EntryPoint","urlTemplate":"https:\/\/interamerica.org\/fr\/?s={search_term_string}"},"query-input":{"@type":"PropertyValueSpecification","valueRequired":true,"valueName":"search_term_string"}}],"inLanguage":"fr-FR"},{"@type":"Person","@id":"https:\/\/interamerica.org\/fr\/#\/schema\/person\/29998f2bc2d8bd0d38662909289b54f1","name":"libna","image":{"@type":"ImageObject","inLanguage":"fr-FR","@id":"https:\/\/secure.gravatar.com\/avatar\/7c5bd30ae4b47a9ba3c856590957fd1d96dc588bf3ac05719d247e126840331f?s=96&d=mm&r=g","url":"https:\/\/secure.gravatar.com\/avatar\/7c5bd30ae4b47a9ba3c856590957fd1d96dc588bf3ac05719d247e126840331f?s=96&d=mm&r=g","contentUrl":"https:\/\/secure.gravatar.com\/avatar\/7c5bd30ae4b47a9ba3c856590957fd1d96dc588bf3ac05719d247e126840331f?s=96&d=mm&r=g","caption":"libna"}}]}},"_links":{"self":[{"href":"https:\/\/interamerica.org\/fr\/wp-json\/wp\/v2\/posts\/110593","targetHints":{"allow":["GET"]}}],"collection":[{"href":"https:\/\/interamerica.org\/fr\/wp-json\/wp\/v2\/posts"}],"about":[{"href":"https:\/\/interamerica.org\/fr\/wp-json\/wp\/v2\/types\/post"}],"author":[{"embeddable":true,"href":"https:\/\/interamerica.org\/fr\/wp-json\/wp\/v2\/users\/3"}],"replies":[{"embeddable":true,"href":"https:\/\/interamerica.org\/fr\/wp-json\/wp\/v2\/comments?post=110593"}],"version-history":[{"count":0,"href":"https:\/\/interamerica.org\/fr\/wp-json\/wp\/v2\/posts\/110593\/revisions"}],"wp:featuredmedia":[{"embeddable":true,"href":"https:\/\/interamerica.org\/fr\/wp-json\/wp\/v2\/media\/110571"}],"wp:attachment":[{"href":"https:\/\/interamerica.org\/fr\/wp-json\/wp\/v2\/media?parent=110593"}],"wp:term":[{"taxonomy":"category","embeddable":true,"href":"https:\/\/interamerica.org\/fr\/wp-json\/wp\/v2\/categories?post=110593"},{"taxonomy":"post_tag","embeddable":true,"href":"https:\/\/interamerica.org\/fr\/wp-json\/wp\/v2\/tags?post=110593"}],"curies":[{"name":"wp","href":"https:\/\/api.w.org\/{rel}","templated":true}]}}