{"id":111059,"date":"2024-03-13T15:51:30","date_gmt":"2024-03-13T19:51:30","guid":{"rendered":"https:\/\/interamerica.org\/?p=111059"},"modified":"2024-03-14T09:44:23","modified_gmt":"2024-03-14T13:44:23","slug":"la-division-inter-americaine-lance-a-nouveau-sa-bibliotheque-virtuelle-adventiste","status":"publish","type":"post","link":"https:\/\/interamerica.org\/fr\/2024\/03\/la-division-inter-americaine-lance-a-nouveau-sa-bibliotheque-virtuelle-adventiste\/","title":{"rendered":"La Division Inter Am\u00e9ricaine lance \u00e0 nouveau sa biblioth\u00e8que virtuelle adventiste"},"content":{"rendered":"<h4><em>Lors d\u2019un programme en direct en ligne, les dirigeants ont mis en lumi\u00e8re une nouvelle pr\u00e9sentation, de nouvelles ressources et de nouveaux outils.<\/em><\/h4>\n<p>13 Mars 2024 | Alajuela, Costa Rica | Libna Stevens, Actualit\u00e9s de la Division Inter Am\u00e9ricaine<\/p>\n<p>La Division Inter Am\u00e9ricaine (DIA) a lanc\u00e9 la nouvelle pr\u00e9sentation de sa Biblioth\u00e8que Virtuelle Adventiste pour les centaines d\u2019\u00e9coles et d\u2019universit\u00e9s de son syst\u00e8me \u00e9ducatif lors d\u2019une c\u00e9r\u00e9monie en ligne en direct qui a eu lieu depuis Alajuela, au Costa Rica, le 4 mars 2024. Des dizaines d\u2019\u00e9tudiants, d\u2019enseignants, d\u2019\u00e9ducateurs, de dirigeants d\u2019\u00e9glise et d\u2019administrateurs se sont r\u00e9unis \u00e0 l\u2019Universit\u00e9 Adventiste d\u2019Am\u00e9rique Centrale pour d\u00e9couvrir la nouvelle interface, la nouvelle pr\u00e9sentation et les ressources disponibles.<\/p>\n<p>La Biblioth\u00e8que Virtuelle Adventiste de la DIA, qui est un outil de service dirig\u00e9 par le d\u00e9partement de l\u2019\u00e9ducation, a \u00e9t\u00e9 \u00e9tablie pour la premi\u00e8re fois en 2007 avec pour objectif de venir en soutien aux ressources des biblioth\u00e8ques, d\u2019encourager une culture de recherche et de lecture pour les \u00e9tudiants de tous \u00e2ges inscrits dans les 13 universit\u00e9s, les deux s\u00e9minaires et les centaines d\u2019\u00e9coles primaires dans les 24 unions, ou principales r\u00e9gions eccl\u00e9siales, du territoire.<\/p>\n<p><div id=\"attachment_111029\" style=\"width: 660px\" class=\"wp-caption aligncenter\"><img fetchpriority=\"high\" decoding=\"async\" aria-describedby=\"caption-attachment-111029\" class=\"wp-image-111029 size-full\" src=\"https:\/\/interamerica.org\/wp-content\/uploads\/2024\/03\/biva-page-french.jpg\" alt=\"\" width=\"650\" height=\"1023\" srcset=\"https:\/\/interamerica.org\/wp-content\/uploads\/2024\/03\/biva-page-french.jpg 650w, https:\/\/interamerica.org\/wp-content\/uploads\/2024\/03\/biva-page-french-191x300.jpg 191w\" sizes=\"(max-width: 650px) 100vw, 650px\" \/><p id=\"caption-attachment-111029\" class=\"wp-caption-text\">La nouvelle pr\u00e9sentation, le nouveau design et le nouveau portail de la Biblioth\u00e8que Virtuelle Adventiste ont \u00e9t\u00e9 lanc\u00e9s le 4 mars 2024, avec des ressources suppl\u00e9mentaires en anglais, en espagnol et en fran\u00e7ais. [Photo : capture d\u2019\u00e9cran BiVA]<\/p><\/div><strong>Nouveau site internet, nouveau design, nouveau logo<\/strong><\/p>\n<p>Avec son nouveau site web, son nouveau design, son nouveau logo et ses nouveaux outils de navigation, la Biblioth\u00e8que Virtuelle Adventiste (BiVA) donne acc\u00e8s \u00e0 des centaines de milliers de livres, de manuels scolaires, d\u2019encyclop\u00e9dies, d\u2019articles et de magazines dans tous les domaines d\u2019\u00e9tude, ont indiqu\u00e9 les \u00e9ducateurs.<\/p>\n<p>\u00ab Ce lancement inaugural repr\u00e9sente plus qu\u2019un simple programme, car il incarne les aspirations de toute une communaut\u00e9 d\u00e9sireuse d\u2019embrasser le pouvoir de l\u2019\u00e9ducation et de la connaissance, \u00bb a d\u00e9clar\u00e9 pasteur Elie Henry, pr\u00e9sident de la DIA, alors qu\u2019il s\u2019adressait au groupe \u00e0 la biblioth\u00e8que sur le campus. \u00ab Les biblioth\u00e8ques sont des phares et des puits de connaissance qui offrent des opportunit\u00e9s illimit\u00e9es pour que les personnes puissent explorer, d\u00e9couvrir et grandir, \u00bb a-t-il ajout\u00e9. \u00ab Que ce grand espace soit accessible \u00e0 tout moment, qu\u2019il soit utile et qu\u2019il enrichisse de nombreuses vies et de nombreuses communaut\u00e9s. \u00bb<\/p>\n<p><div id=\"attachment_111032\" style=\"width: 914px\" class=\"wp-caption aligncenter\"><img decoding=\"async\" aria-describedby=\"caption-attachment-111032\" class=\" wp-image-111031\" src=\"https:\/\/interamerica.org\/wp-content\/uploads\/2024\/03\/oscarcamacho-unadeca-biva-launch.jpg\" alt=\"\" width=\"904\" height=\"589\" srcset=\"https:\/\/interamerica.org\/wp-content\/uploads\/2024\/03\/oscarcamacho-unadeca-biva-launch.jpg 1000w, https:\/\/interamerica.org\/wp-content\/uploads\/2024\/03\/oscarcamacho-unadeca-biva-launch-300x196.jpg 300w, https:\/\/interamerica.org\/wp-content\/uploads\/2024\/03\/oscarcamacho-unadeca-biva-launch-768x501.jpg 768w\" sizes=\"(max-width: 904px) 100vw, 904px\" \/><p id=\"caption-attachment-111032\" class=\"wp-caption-text\">Dr Oscar Camacho, pr\u00e9sident de l\u2019Universit\u00e9 Adventiste d\u2019Am\u00e9rique Centrale \u00e0 Alajuela, au Costa Rica, accueille les \u00e9tudiants, les enseignants et les dirigeants d\u2019\u00e9glise lors du lancement en ligne de la nouvelle Biblioth\u00e8que Virtuelle Adventiste de la Division Inter Am\u00e9ricaine, le 4 mars 2024. [Photo : Libna Stevens\/DIA]<\/p><\/div>Cette occasion marque le point culminant du d\u00e9vouement de nombreuses personnes qui ont contribu\u00e9 au d\u00e9veloppement de la biblioth\u00e8que virtuelle, a d\u00e9clar\u00e9 pasteur Henry. Il a remerci\u00e9 Evelyn Velazquez, ancienne directrice de la Biblioth\u00e8que Virtuelle Adventiste, le Dr Mois\u00e9s Vel\u00e1zquez, ancien directeur de l\u2019\u00e9ducation de la DIA, pour leur vision et leurs efforts dans la cr\u00e9ation de la biblioth\u00e8que virtuelle, ainsi que les pasteurs Israel Leito et Filiberto Verduzco, respectivement ancien pr\u00e9sident et ancien tr\u00e9sorier de la DIA, pour leur leadership et leur soutien.<\/p>\n<p>Pasteur Henry a promis de continuer \u00e0 soutenir, avec ses coll\u00e8gues administrateurs, la biblioth\u00e8que virtuelle et son impact important sur les \u00e9tudiants, les personnes et les familles dans toute la DIA. \u00ab Vous \u00eates t\u00e9moins, je l\u2019esp\u00e8re, de l\u2019influence positive qu\u2019aura la BiVA ; que l\u2019esprit de d\u00e9couverte et d\u2019illumination impr\u00e8gne chaque aspect de cette nouvelle exp\u00e9rience pour inspirer les esprits et transformer les vies. \u00bb<\/p>\n<p><div id=\"attachment_111038\" style=\"width: 908px\" class=\"wp-caption aligncenter\"><img decoding=\"async\" aria-describedby=\"caption-attachment-111038\" class=\" wp-image-111037\" src=\"https:\/\/interamerica.org\/wp-content\/uploads\/2024\/03\/elie-henry-biva-launch-unadeca.jpg\" alt=\"\" width=\"898\" height=\"593\" srcset=\"https:\/\/interamerica.org\/wp-content\/uploads\/2024\/03\/elie-henry-biva-launch-unadeca.jpg 1000w, https:\/\/interamerica.org\/wp-content\/uploads\/2024\/03\/elie-henry-biva-launch-unadeca-300x198.jpg 300w, https:\/\/interamerica.org\/wp-content\/uploads\/2024\/03\/elie-henry-biva-launch-unadeca-768x508.jpg 768w\" sizes=\"(max-width: 898px) 100vw, 898px\" \/><p id=\"caption-attachment-111038\" class=\"wp-caption-text\">Pasteur Elie Henry, pr\u00e9sident de la Division Inter Am\u00e9ricaine, s\u2019est engag\u00e9 \u00e0 continuer \u00e0 soutenir la biblioth\u00e8que virtuelle et l\u2019impact important qu\u2019elle a sur les \u00e9tudiants, les personnes et les familles \u00e0 travers le territoire. [Photo : Libna Stevens\/DIA]<\/p><\/div><strong>Un outil pr\u00e9cieux pour l\u2019\u00e9ducation adventiste<\/strong><\/p>\n<p>Dr Faye Patterson, directrice de l\u2019\u00e9ducation de la DIA, a exprim\u00e9 son appr\u00e9ciation envers les dirigeants et les administrateurs de la DIA pour avoir dot\u00e9 l\u2019\u00e9glise d\u2019un outil aussi pr\u00e9cieux pour le syst\u00e8me \u00e9ducatif adventiste dans le territoire.<\/p>\n<p>\u00ab Dans un monde qui \u00e9volue \u00e0 un rythme acc\u00e9l\u00e9r\u00e9, la capacit\u00e9 d\u2019apprendre continuellement est devenue une capacit\u00e9 essentielle, faisant des biblioth\u00e8ques virtuelles des piliers fondamentaux du processus \u00e9ducatif, \u00bb a d\u00e9clar\u00e9 Dr Patterson. \u00ab Non seulement cet outil simplifie l\u2019acc\u00e8s \u00e0 un large \u00e9ventail d\u2019informations, mais il enrichit \u00e9galement l\u2019exp\u00e9rience \u00e9ducative de ses utilisateurs et favorise le d\u00e9veloppement universitaire et professionnel. Ainsi, les biblioth\u00e8ques virtuelles apparaissent comme des outils essentiels pour ceux qui souhaitent agrandir leurs connaissances et explorer de nouveaux domaines d\u2019apprentissage pour perfectionner leurs capacit\u00e9s. \u00bb<\/p>\n<p><div id=\"attachment_111041\" style=\"width: 903px\" class=\"wp-caption aligncenter\"><img loading=\"lazy\" decoding=\"async\" aria-describedby=\"caption-attachment-111041\" class=\" wp-image-111040\" src=\"https:\/\/interamerica.org\/wp-content\/uploads\/2024\/03\/biva-unadeca-group-2024.jpg\" alt=\"\" width=\"893\" height=\"500\" srcset=\"https:\/\/interamerica.org\/wp-content\/uploads\/2024\/03\/biva-unadeca-group-2024.jpg 1000w, https:\/\/interamerica.org\/wp-content\/uploads\/2024\/03\/biva-unadeca-group-2024-300x168.jpg 300w, https:\/\/interamerica.org\/wp-content\/uploads\/2024\/03\/biva-unadeca-group-2024-768x430.jpg 768w\" sizes=\"(max-width: 893px) 100vw, 893px\" \/><p id=\"caption-attachment-111041\" class=\"wp-caption-text\">Plus de 200 \u00e9tudiants de tous \u00e2ges, des \u00e9ducateurs et des dirigeants, se sont rencontr\u00e9s dans une salle de r\u00e9union \u00e0 la biblioth\u00e8que du campus de l\u2019Universit\u00e9 Adventiste d\u2019Am\u00e9rique Centrale \u00e0 Alajuela, au Costa Rica. [Photo : Libna Stevens\/DIA]<\/p><\/div>Gr\u00e2ce \u00e0 l\u2019outil virtuel, les enfants et les jeunes des r\u00e9gions \u00e9loign\u00e9es ont acc\u00e8s \u00e0 des informations pertinentes, ce qui est crucial dans la soci\u00e9t\u00e9 d\u2019aujourd\u2019hui, a-t-elle d\u00e9clar\u00e9. \u00ab De plus, de nombreuses \u00e9coles qui ne disposent pas de biblioth\u00e8ques physiques peuvent effectuer des recherches, r\u00e9pondant ainsi \u00e0 un besoin imp\u00e9ratif dans ce monde contemporain, \u00bb a d\u00e9clar\u00e9 Faye Patterson.<\/p>\n<p>La vaste biblioth\u00e8que virtuelle constitue \u00e9galement une exigence importante pour l\u2019accr\u00e9ditation des \u00e9tablissements d\u2019enseignement primaire et secondaire ainsi que pour l\u2019enseignement sup\u00e9rieur, non seulement pour le syst\u00e8me \u00e9ducatif adventiste en Inter Am\u00e9rique mais aussi pour les structures gouvernementales dans chaque pays, a d\u00e9clar\u00e9 Dr Patterson.<\/p>\n<p><div id=\"attachment_111020\" style=\"width: 894px\" class=\"wp-caption aligncenter\"><img loading=\"lazy\" decoding=\"async\" aria-describedby=\"caption-attachment-111020\" class=\" wp-image-111019\" src=\"https:\/\/interamerica.org\/wp-content\/uploads\/2024\/03\/faye-patterson-biva-launch2024.jpg\" alt=\"\" width=\"884\" height=\"540\" srcset=\"https:\/\/interamerica.org\/wp-content\/uploads\/2024\/03\/faye-patterson-biva-launch2024.jpg 1000w, https:\/\/interamerica.org\/wp-content\/uploads\/2024\/03\/faye-patterson-biva-launch2024-300x183.jpg 300w, https:\/\/interamerica.org\/wp-content\/uploads\/2024\/03\/faye-patterson-biva-launch2024-768x469.jpg 768w\" sizes=\"(max-width: 884px) 100vw, 884px\" \/><p id=\"caption-attachment-111020\" class=\"wp-caption-text\">Dr Faye Patterson, directrice de l\u2019\u00e9ducation de la Division Inter Am\u00e9ricaine dit que la Biblioth\u00e8que Virtuelle Adventiste est un pilier fondamental du processus \u00e9ducatif. [Photo : Libna Stevens\/DIA]<\/p><\/div><strong>Progr\u00e8s de la biblioth\u00e8que virtuelle depuis 2007<\/strong><\/p>\n<p>La biblioth\u00e8que virtuelle propose des ressources depuis 2007, et il a fallu du travail pour am\u00e9liorer ses fonctionnalit\u00e9s et d\u00e9velopper ses ressources en anglais, en espagnol et en fran\u00e7ais, a d\u00e9clar\u00e9 Dr Yanet Cima, directrice adjointe de l\u2019\u00e9ducation de la DIA. Dr Cima, qui avait pour t\u00e2che de diriger la Biblioth\u00e8que Virtuelle Adventiste en 2021, a indiqu\u00e9 qu\u2019elle a travaill\u00e9 sans rel\u00e2che avec une \u00e9quipe d\u2019experts, de professionnels et de b\u00e9n\u00e9voles pour r\u00e9aliser la nouvelle pr\u00e9sentation, trouver des modules faciles \u00e0 utiliser, \u00e9largir les ressources en mati\u00e8re d\u2019encyclop\u00e9dies, de manuels, et assurer tout ce qui concerne la gestion et la pr\u00e9sentation de nouveaux abonnements \u00e0 la biblioth\u00e8que virtuelle, entre autres.<\/p>\n<p>Les ressources de la BiVA, qui sont disponibles pour les \u00e9tudiants du primaire, du secondaire, des universit\u00e9s et des s\u00e9minaires, ainsi que pour les professeurs, les \u00e9ducateurs et les dirigeants, peuvent \u00eatre accessibles avec un identifiant et un code d\u2019acc\u00e8s fournis \u00e0 chaque union et \u00e0 chaque \u00e9tablissement d\u2019enseignement du syst\u00e8me \u00e9ducatif de la DIA. La biblioth\u00e8que virtuelle contient \u00e9galement des r\u00e9f\u00e9rentiels th\u00e9ologiques disponibles depuis plusieurs universit\u00e9s et s\u00e9minaires de la DIA.<\/p>\n<p><div id=\"attachment_111014\" style=\"width: 941px\" class=\"wp-caption aligncenter\"><img loading=\"lazy\" decoding=\"async\" aria-describedby=\"caption-attachment-111014\" class=\" wp-image-111013\" src=\"https:\/\/interamerica.org\/wp-content\/uploads\/2024\/03\/yanet-cima-biva-launch-2024.jpg\" alt=\"\" width=\"931\" height=\"602\" srcset=\"https:\/\/interamerica.org\/wp-content\/uploads\/2024\/03\/yanet-cima-biva-launch-2024.jpg 1000w, https:\/\/interamerica.org\/wp-content\/uploads\/2024\/03\/yanet-cima-biva-launch-2024-300x194.jpg 300w, https:\/\/interamerica.org\/wp-content\/uploads\/2024\/03\/yanet-cima-biva-launch-2024-768x497.jpg 768w\" sizes=\"(max-width: 931px) 100vw, 931px\" \/><p id=\"caption-attachment-111014\" class=\"wp-caption-text\">Dr Yanet Cima, directrice adjointe de l\u2019\u00e9ducation de la Division Inter Am\u00e9ricaine et directrice de la Biblioth\u00e8que Virtuelle Adventiste pr\u00e9sente un rapport sur les ressources \u00e9largies disponibles sur le nouveau portail. [Photo : Libna Stevens\/DIA]<\/p><\/div>La BiVA de l\u2019Inter Am\u00e9rique fonctionne gr\u00e2ce au soutien financier des 24 unions, des universit\u00e9s adventistes et de la DIA, a d\u00e9clar\u00e9 Dr Cima.<\/p>\n<p>\u00ab C\u2019est un vrai plus d\u2019avoir cette biblioth\u00e8que virtuelle proche de nos \u00e9coles, ce qui contribue \u00e0 motiver les \u00e9tudiants \u00e0 lire davantage et \u00e0 creuser encore plus dans leurs recherches, \u00bb a d\u00e9clar\u00e9 Yanet Cima. Depuis l\u2019ann\u00e9e derni\u00e8re, elle forme des enseignants et des professeurs \u00e0 son utilisation et fait la promotion des fonctionnalit\u00e9s et des ressources de donn\u00e9es de la biblioth\u00e8que aupr\u00e8s des institutions primaires, secondaires et universitaires.<\/p>\n<p>Plus de 3,3 millions de pages de la BiVA ont \u00e9t\u00e9 consult\u00e9es l\u2019ann\u00e9e derni\u00e8re, a indiqu\u00e9 Dr Cima. On s\u2019attend \u00e0 ce que davantage de ressources soient consult\u00e9es cette ann\u00e9e, a-t-elle ajout\u00e9. La biblioth\u00e8que virtuelle propose des ressources en espagnol, en anglais et des articles en fran\u00e7ais ainsi que des options de traduction en fran\u00e7ais.<\/p>\n<p><div id=\"attachment_111035\" style=\"width: 908px\" class=\"wp-caption aligncenter\"><img loading=\"lazy\" decoding=\"async\" aria-describedby=\"caption-attachment-111035\" class=\" wp-image-111034\" src=\"https:\/\/interamerica.org\/wp-content\/uploads\/2024\/03\/biva-audience1-launch.jpg\" alt=\"\" width=\"898\" height=\"599\" srcset=\"https:\/\/interamerica.org\/wp-content\/uploads\/2024\/03\/biva-audience1-launch.jpg 1000w, https:\/\/interamerica.org\/wp-content\/uploads\/2024\/03\/biva-audience1-launch-300x200.jpg 300w, https:\/\/interamerica.org\/wp-content\/uploads\/2024\/03\/biva-audience1-launch-768x512.jpg 768w\" sizes=\"(max-width: 898px) 100vw, 898px\" \/><p id=\"caption-attachment-111035\" class=\"wp-caption-text\">Le 4 mars 2024, des dizaines de personnes se sont rassembl\u00e9es pour d\u00e9couvrir comment naviguer \u00e0 travers le portail de la nouvelle biblioth\u00e8que virtuelle et utiliser ses fonctionnalit\u00e9s. [Photo : Libna Stevens\/DIA]<\/p><\/div><b>Plans \u00e0 venir pour la BiVA<\/b><\/p>\n<p>La Biblioth\u00e8que Virtuelle Adventiste de la Division Inter Am\u00e9ricaine est unique parmi les autres biblioth\u00e8ques virtuelles de l\u2019\u00c9glise adventiste mondiale, a d\u00e9clar\u00e9 Yanet Cima.<\/p>\n<p>Dr Cima, accompagn\u00e9e de Heidi Baez, biblioth\u00e9caire de l\u2019Universit\u00e9 de Linda Vista et maintenant \u00e9galement biblioth\u00e9caire de la BiVA, a d\u00e9voil\u00e9 le portail de la nouvelle biblioth\u00e8que virtuelle, a effectu\u00e9 une visite de ses pages et anim\u00e9 une s\u00e9ance de questions-r\u00e9ponses pendant le programme en direct.<\/p>\n<p>\u00ab Vous avez vu ses d\u00e9buts, l\u00e0 o\u00f9 nous en sommes maintenant et nous souhaitons partager avec vous nos projets actuels pour d\u00e9velopper la BiVA, \u00bb a d\u00e9clar\u00e9 Dr Cima. Des plans sont en cours pour lancer l\u2019application BiVA qui offrira plus d\u2019accessibilit\u00e9, un programme de lecture \u00e0 suivre par les \u00e9l\u00e8ves de la maternelle \u00e0 la terminale avec des livres num\u00e9riques sp\u00e9cifiques, et le d\u00e9veloppement de l\u2019utilisation de la BiVA dans toutes les institutions \u00e9ducatives de la DIA.<\/p>\n<p>Le programme en ligne en direct comprenait \u00e9galement un reportage vid\u00e9o sur les coulisses du travail fait pour la nouvelle pr\u00e9sentation et le nouveau design, sur les d\u00e9buts de la biblioth\u00e8que virtuelle ; il comprenait aussi des t\u00e9moignages d\u2019\u00e9tudiants et d\u2019enseignants qui utilisent la biblioth\u00e8que virtuelle. La BiVA propose \u00e9galement une s\u00e9rie de vid\u00e9os expliquant comment naviguer et utiliser au mieux les ressources num\u00e9riques.<\/p>\n<p><div id=\"attachment_111017\" style=\"width: 917px\" class=\"wp-caption aligncenter\"><img loading=\"lazy\" decoding=\"async\" aria-describedby=\"caption-attachment-111017\" class=\" wp-image-111016\" src=\"https:\/\/interamerica.org\/wp-content\/uploads\/2024\/03\/heidi-baez-biva-launch2024.jpg\" alt=\"\" width=\"907\" height=\"592\" srcset=\"https:\/\/interamerica.org\/wp-content\/uploads\/2024\/03\/heidi-baez-biva-launch2024.jpg 1000w, https:\/\/interamerica.org\/wp-content\/uploads\/2024\/03\/heidi-baez-biva-launch2024-300x196.jpg 300w, https:\/\/interamerica.org\/wp-content\/uploads\/2024\/03\/heidi-baez-biva-launch2024-768x502.jpg 768w\" sizes=\"(max-width: 907px) 100vw, 907px\" \/><p id=\"caption-attachment-111017\" class=\"wp-caption-text\">Heidi Ba\u00e9z (\u00e0 gauche), biblioth\u00e9caire de l\u2019Universit\u00e9 de Linda Vista au Mexique et biblioth\u00e9caire de la Biblioth\u00e8que Virtuelle Adventiste, dirige une s\u00e9ance de questions-r\u00e9ponses avec Dr Yanet Cima, directrice de la biblioth\u00e8que virtuelle lors du lancement en ligne, le 4 mars 2024. [Photo : Libna Stevens\/DIA]<\/p><\/div>Dr Xenia Gamboa de Burgos, directrice du Centre d\u2019\u00c9ducation Adventiste de Hatillo, au Costa Rica \u2013 la plus grande \u00e9cole bilingue de la maternelle \u00e0 la terminale de la DIA \u2013 a d\u00e9clar\u00e9 qu\u2019elle ne voulait pas rater le nouveau lancement de la biblioth\u00e8que virtuelle.<\/p>\n<p>\u00ab Je crois que le changement de pr\u00e9sentation de la biblioth\u00e8que [virtuelle] \u00e9tait tr\u00e8s n\u00e9cessaire car elle n\u00e9cessitait une image plus moderne et dynamique et je sais que la diff\u00e9rence dans son utilisation d\u00e9pendra de la navigation des enseignants et du fait qu\u2019ils appr\u00e9cient les avantages de la plateforme afin qu\u2019ils puissent partager avec leurs \u00e9tudiants, \u00bb a d\u00e9clar\u00e9 Dr Burgos. Pour l\u2019\u00e9cole, cela signifie que les 87 enseignants et membres du personnel devront impliquer leurs plus de 1000 \u00e9l\u00e8ves dans la Biblioth\u00e8que Virtuelle Adventiste, un plan qu\u2019elle commencera \u00e0 mettre en \u0153uvre dans les prochains jours.<\/p>\n<p>\u00ab Il existe d\u2019autres outils similaires qui sont \u00e0 la disposition de nos \u00e9tudiants, mais notre Biblioth\u00e8que Virtuelle Adventiste prot\u00e8ge nos \u00e9tudiants du risque de tomber sur des informations qui pourraient les affecter, comme par exemple des sites web inappropri\u00e9s, \u00bb a d\u00e9clar\u00e9 Dr Burgos.<\/p>\n<p><div id=\"attachment_111011\" style=\"width: 892px\" class=\"wp-caption aligncenter\"><img loading=\"lazy\" decoding=\"async\" aria-describedby=\"caption-attachment-111011\" class=\" wp-image-111010\" src=\"https:\/\/interamerica.org\/wp-content\/uploads\/2024\/03\/biva-team-technicalstaff-unadeca-2024.jpg\" alt=\"\" width=\"882\" height=\"610\" srcset=\"https:\/\/interamerica.org\/wp-content\/uploads\/2024\/03\/biva-team-technicalstaff-unadeca-2024.jpg 1000w, https:\/\/interamerica.org\/wp-content\/uploads\/2024\/03\/biva-team-technicalstaff-unadeca-2024-300x207.jpg 300w, https:\/\/interamerica.org\/wp-content\/uploads\/2024\/03\/biva-team-technicalstaff-unadeca-2024-768x531.jpg 768w\" sizes=\"(max-width: 882px) 100vw, 882px\" \/><p id=\"caption-attachment-111011\" class=\"wp-caption-text\">L\u2019\u00e9quipe de professionnels et d\u2019experts de l\u2019Universit\u00e9 Adventiste d\u2019Am\u00e9rique Centrale qui a contribu\u00e9 au changement de pr\u00e9sentation de la nouvelle Biblioth\u00e8que Virtuelle Adventiste rient ensemble \u00e0 la fin du programme de lancement en ligne le 4 mars 2024. [Photo : Libna Stevens\/DIA]<\/p><\/div><strong>Un outil pour continuer \u00e0 accomplir la mission<\/strong><\/p>\n<p>La BiVA a \u00e9t\u00e9 cr\u00e9\u00e9e pour faciliter l\u2019acc\u00e8s \u00e0 diverses bases de donn\u00e9es et \u00e0 des liens dans plusieurs langues et dans diverses disciplines \u00e9ducatives qui compl\u00e8tent le processus d\u2019enseignement-apprentissage et d\u2019investigation dans toutes les institutions \u00e9ducatives adventistes qui font partie de la DIA, a r\u00e9affirm\u00e9 Dr Cima.<\/p>\n<p>\u00ab Notre BiVA est plus vivante, plus belle et pr\u00eate \u00e0 continuer \u00e0 accomplir la mission avec excellence, et nous exprimons au cours de ce programme notre engagement au service de Dieu et nous le remercions ainsi que tous ceux qui ont rendu possible la nouvelle pr\u00e9sentation, \u00bb a d\u00e9clar\u00e9 Dr Cima.<\/p>\n<p>Pour voir le programme en ligne du nouveau lancement de la Biblioth\u00e8que Virtuelle de la Division Inter Am\u00e9ricaine, cliquez <a href=\"https:\/\/www.youtube.com\/watch?v=agiFDPo4dwI\">ICI<\/a><\/p>\n<p>Pour visiter la Biblioth\u00e8que Virtuelle Adventiste de la Division Inter Am\u00e9ricaine, rendez-vous sur le site <a href=\"https:\/\/biva.interamerica.org\/en\/home\/\">biva.interamerica.org<\/a><\/p>\n<p>Pour voir une galerie de photos du programme en ligne, cliquez <a href=\"https:\/\/www.flickr.com\/photos\/interamerica\/albums\/72177720315286984\">ICI<\/a><\/p>\n<p>Pour visiter la Biblioth\u00e8que Virtuelle Adventiste de la Division Inter Am\u00e9ricaine, rendez-vous sur le site <a href=\"https:\/\/biva.interamerica.org\/en\/home\/\">biva.interamerica.org<\/a><\/p>\n<p>Traduction: Patrick Luciathe<\/p>\n","protected":false},"excerpt":{"rendered":"<p>Lors d\u2019un programme en direct en ligne, les dirigeants ont mis en lumi\u00e8re une nouvelle pr\u00e9sentation, de nouvelles ressources et de nouveaux outils. 13 Mars 2024 | Alajuela, Costa Rica&#8230;<\/p>\n","protected":false},"author":3,"featured_media":111001,"comment_status":"closed","ping_status":"closed","sticky":false,"template":"","format":"standard","meta":{"_acf_changed":false,"footnotes":""},"categories":[20,19],"tags":[],"class_list":["post-111059","post","type-post","status-publish","format-standard","has-post-thumbnail","hentry","category-nouvelles-du-siege-de-la-division","category-rss-francais"],"acf":[],"yoast_head":"<!-- This site is optimized with the Yoast SEO plugin v27.3 - https:\/\/yoast.com\/product\/yoast-seo-wordpress\/ -->\n<title>La Division Inter Am\u00e9ricaine lance \u00e0 nouveau sa biblioth\u00e8que virtuelle adventiste - \u00c9glise Adventiste Du Septieme Jour - Inter Am\u00e9rique Division<\/title>\n<meta name=\"robots\" content=\"index, follow, max-snippet:-1, max-image-preview:large, max-video-preview:-1\" \/>\n<link rel=\"canonical\" href=\"https:\/\/interamerica.org\/fr\/2024\/03\/la-division-inter-americaine-lance-a-nouveau-sa-bibliotheque-virtuelle-adventiste\/\" \/>\n<meta property=\"og:locale\" content=\"fr_FR\" \/>\n<meta property=\"og:type\" content=\"article\" \/>\n<meta property=\"og:title\" content=\"La Division Inter Am\u00e9ricaine lance \u00e0 nouveau sa biblioth\u00e8que virtuelle adventiste - \u00c9glise Adventiste Du Septieme Jour - Inter Am\u00e9rique Division\" \/>\n<meta property=\"og:description\" content=\"Lors d\u2019un programme en direct en ligne, les dirigeants ont mis en lumi\u00e8re une nouvelle pr\u00e9sentation, de nouvelles ressources et de nouveaux outils. 13 Mars 2024 | Alajuela, Costa Rica...\" \/>\n<meta property=\"og:url\" content=\"https:\/\/interamerica.org\/fr\/2024\/03\/la-division-inter-americaine-lance-a-nouveau-sa-bibliotheque-virtuelle-adventiste\/\" \/>\n<meta property=\"og:site_name\" content=\"\u00c9glise Adventiste Du Septieme Jour - Inter Am\u00e9rique Division\" \/>\n<meta property=\"article:published_time\" content=\"2024-03-13T19:51:30+00:00\" \/>\n<meta property=\"article:modified_time\" content=\"2024-03-14T13:44:23+00:00\" \/>\n<meta property=\"og:image\" content=\"https:\/\/interamerica.org\/wp-content\/uploads\/2024\/03\/biva-website-french.png\" \/>\n\t<meta property=\"og:image:width\" content=\"950\" \/>\n\t<meta property=\"og:image:height\" content=\"662\" \/>\n\t<meta property=\"og:image:type\" content=\"image\/png\" \/>\n<meta name=\"author\" content=\"libna\" \/>\n<meta name=\"twitter:card\" content=\"summary_large_image\" \/>\n<meta name=\"twitter:label1\" content=\"\u00c9crit par\" \/>\n\t<meta name=\"twitter:data1\" content=\"libna\" \/>\n\t<meta name=\"twitter:label2\" content=\"Dur\u00e9e de lecture estim\u00e9e\" \/>\n\t<meta name=\"twitter:data2\" content=\"11 minutes\" \/>\n<script type=\"application\/ld+json\" class=\"yoast-schema-graph\">{\"@context\":\"https:\\\/\\\/schema.org\",\"@graph\":[{\"@type\":\"Article\",\"@id\":\"https:\\\/\\\/interamerica.org\\\/fr\\\/2024\\\/03\\\/la-division-inter-americaine-lance-a-nouveau-sa-bibliotheque-virtuelle-adventiste\\\/#article\",\"isPartOf\":{\"@id\":\"https:\\\/\\\/interamerica.org\\\/fr\\\/2024\\\/03\\\/la-division-inter-americaine-lance-a-nouveau-sa-bibliotheque-virtuelle-adventiste\\\/\"},\"author\":{\"name\":\"libna\",\"@id\":\"https:\\\/\\\/interamerica.org\\\/fr\\\/#\\\/schema\\\/person\\\/29998f2bc2d8bd0d38662909289b54f1\"},\"headline\":\"La Division Inter Am\u00e9ricaine lance \u00e0 nouveau sa biblioth\u00e8que virtuelle adventiste\",\"datePublished\":\"2024-03-13T19:51:30+00:00\",\"dateModified\":\"2024-03-14T13:44:23+00:00\",\"mainEntityOfPage\":{\"@id\":\"https:\\\/\\\/interamerica.org\\\/fr\\\/2024\\\/03\\\/la-division-inter-americaine-lance-a-nouveau-sa-bibliotheque-virtuelle-adventiste\\\/\"},\"wordCount\":2298,\"image\":{\"@id\":\"https:\\\/\\\/interamerica.org\\\/fr\\\/2024\\\/03\\\/la-division-inter-americaine-lance-a-nouveau-sa-bibliotheque-virtuelle-adventiste\\\/#primaryimage\"},\"thumbnailUrl\":\"https:\\\/\\\/interamerica.org\\\/wp-content\\\/uploads\\\/2024\\\/03\\\/biva-website-french.png\",\"articleSection\":[\"Nouvelles du si\u00e8ge de la division\",\"RSS Fran\u00e7ais\"],\"inLanguage\":\"fr-FR\"},{\"@type\":\"WebPage\",\"@id\":\"https:\\\/\\\/interamerica.org\\\/fr\\\/2024\\\/03\\\/la-division-inter-americaine-lance-a-nouveau-sa-bibliotheque-virtuelle-adventiste\\\/\",\"url\":\"https:\\\/\\\/interamerica.org\\\/fr\\\/2024\\\/03\\\/la-division-inter-americaine-lance-a-nouveau-sa-bibliotheque-virtuelle-adventiste\\\/\",\"name\":\"La Division Inter Am\u00e9ricaine lance \u00e0 nouveau sa biblioth\u00e8que virtuelle adventiste - \u00c9glise Adventiste Du Septieme Jour - Inter Am\u00e9rique Division\",\"isPartOf\":{\"@id\":\"https:\\\/\\\/interamerica.org\\\/fr\\\/#website\"},\"primaryImageOfPage\":{\"@id\":\"https:\\\/\\\/interamerica.org\\\/fr\\\/2024\\\/03\\\/la-division-inter-americaine-lance-a-nouveau-sa-bibliotheque-virtuelle-adventiste\\\/#primaryimage\"},\"image\":{\"@id\":\"https:\\\/\\\/interamerica.org\\\/fr\\\/2024\\\/03\\\/la-division-inter-americaine-lance-a-nouveau-sa-bibliotheque-virtuelle-adventiste\\\/#primaryimage\"},\"thumbnailUrl\":\"https:\\\/\\\/interamerica.org\\\/wp-content\\\/uploads\\\/2024\\\/03\\\/biva-website-french.png\",\"datePublished\":\"2024-03-13T19:51:30+00:00\",\"dateModified\":\"2024-03-14T13:44:23+00:00\",\"author\":{\"@id\":\"https:\\\/\\\/interamerica.org\\\/fr\\\/#\\\/schema\\\/person\\\/29998f2bc2d8bd0d38662909289b54f1\"},\"breadcrumb\":{\"@id\":\"https:\\\/\\\/interamerica.org\\\/fr\\\/2024\\\/03\\\/la-division-inter-americaine-lance-a-nouveau-sa-bibliotheque-virtuelle-adventiste\\\/#breadcrumb\"},\"inLanguage\":\"fr-FR\",\"potentialAction\":[{\"@type\":\"ReadAction\",\"target\":[\"https:\\\/\\\/interamerica.org\\\/fr\\\/2024\\\/03\\\/la-division-inter-americaine-lance-a-nouveau-sa-bibliotheque-virtuelle-adventiste\\\/\"]}]},{\"@type\":\"ImageObject\",\"inLanguage\":\"fr-FR\",\"@id\":\"https:\\\/\\\/interamerica.org\\\/fr\\\/2024\\\/03\\\/la-division-inter-americaine-lance-a-nouveau-sa-bibliotheque-virtuelle-adventiste\\\/#primaryimage\",\"url\":\"https:\\\/\\\/interamerica.org\\\/wp-content\\\/uploads\\\/2024\\\/03\\\/biva-website-french.png\",\"contentUrl\":\"https:\\\/\\\/interamerica.org\\\/wp-content\\\/uploads\\\/2024\\\/03\\\/biva-website-french.png\",\"width\":950,\"height\":662},{\"@type\":\"BreadcrumbList\",\"@id\":\"https:\\\/\\\/interamerica.org\\\/fr\\\/2024\\\/03\\\/la-division-inter-americaine-lance-a-nouveau-sa-bibliotheque-virtuelle-adventiste\\\/#breadcrumb\",\"itemListElement\":[{\"@type\":\"ListItem\",\"position\":1,\"name\":\"Home\",\"item\":\"https:\\\/\\\/interamerica.org\\\/fr\\\/\"},{\"@type\":\"ListItem\",\"position\":2,\"name\":\"La Division Inter Am\u00e9ricaine lance \u00e0 nouveau sa biblioth\u00e8que virtuelle adventiste\"}]},{\"@type\":\"WebSite\",\"@id\":\"https:\\\/\\\/interamerica.org\\\/fr\\\/#website\",\"url\":\"https:\\\/\\\/interamerica.org\\\/fr\\\/\",\"name\":\"\u00c9glise Adventiste Du Septieme Jour - Inter Am\u00e9rique Division\",\"description\":\"\",\"potentialAction\":[{\"@type\":\"SearchAction\",\"target\":{\"@type\":\"EntryPoint\",\"urlTemplate\":\"https:\\\/\\\/interamerica.org\\\/fr\\\/?s={search_term_string}\"},\"query-input\":{\"@type\":\"PropertyValueSpecification\",\"valueRequired\":true,\"valueName\":\"search_term_string\"}}],\"inLanguage\":\"fr-FR\"},{\"@type\":\"Person\",\"@id\":\"https:\\\/\\\/interamerica.org\\\/fr\\\/#\\\/schema\\\/person\\\/29998f2bc2d8bd0d38662909289b54f1\",\"name\":\"libna\",\"image\":{\"@type\":\"ImageObject\",\"inLanguage\":\"fr-FR\",\"@id\":\"https:\\\/\\\/secure.gravatar.com\\\/avatar\\\/7c5bd30ae4b47a9ba3c856590957fd1d96dc588bf3ac05719d247e126840331f?s=96&d=mm&r=g\",\"url\":\"https:\\\/\\\/secure.gravatar.com\\\/avatar\\\/7c5bd30ae4b47a9ba3c856590957fd1d96dc588bf3ac05719d247e126840331f?s=96&d=mm&r=g\",\"contentUrl\":\"https:\\\/\\\/secure.gravatar.com\\\/avatar\\\/7c5bd30ae4b47a9ba3c856590957fd1d96dc588bf3ac05719d247e126840331f?s=96&d=mm&r=g\",\"caption\":\"libna\"}}]}<\/script>\n<!-- \/ Yoast SEO plugin. -->","yoast_head_json":{"title":"La Division Inter Am\u00e9ricaine lance \u00e0 nouveau sa biblioth\u00e8que virtuelle adventiste - \u00c9glise Adventiste Du Septieme Jour - Inter Am\u00e9rique Division","robots":{"index":"index","follow":"follow","max-snippet":"max-snippet:-1","max-image-preview":"max-image-preview:large","max-video-preview":"max-video-preview:-1"},"canonical":"https:\/\/interamerica.org\/fr\/2024\/03\/la-division-inter-americaine-lance-a-nouveau-sa-bibliotheque-virtuelle-adventiste\/","og_locale":"fr_FR","og_type":"article","og_title":"La Division Inter Am\u00e9ricaine lance \u00e0 nouveau sa biblioth\u00e8que virtuelle adventiste - \u00c9glise Adventiste Du Septieme Jour - Inter Am\u00e9rique Division","og_description":"Lors d\u2019un programme en direct en ligne, les dirigeants ont mis en lumi\u00e8re une nouvelle pr\u00e9sentation, de nouvelles ressources et de nouveaux outils. 13 Mars 2024 | Alajuela, Costa Rica...","og_url":"https:\/\/interamerica.org\/fr\/2024\/03\/la-division-inter-americaine-lance-a-nouveau-sa-bibliotheque-virtuelle-adventiste\/","og_site_name":"\u00c9glise Adventiste Du Septieme Jour - Inter Am\u00e9rique Division","article_published_time":"2024-03-13T19:51:30+00:00","article_modified_time":"2024-03-14T13:44:23+00:00","og_image":[{"width":950,"height":662,"url":"https:\/\/interamerica.org\/wp-content\/uploads\/2024\/03\/biva-website-french.png","type":"image\/png"}],"author":"libna","twitter_card":"summary_large_image","twitter_misc":{"\u00c9crit par":"libna","Dur\u00e9e de lecture estim\u00e9e":"11 minutes"},"schema":{"@context":"https:\/\/schema.org","@graph":[{"@type":"Article","@id":"https:\/\/interamerica.org\/fr\/2024\/03\/la-division-inter-americaine-lance-a-nouveau-sa-bibliotheque-virtuelle-adventiste\/#article","isPartOf":{"@id":"https:\/\/interamerica.org\/fr\/2024\/03\/la-division-inter-americaine-lance-a-nouveau-sa-bibliotheque-virtuelle-adventiste\/"},"author":{"name":"libna","@id":"https:\/\/interamerica.org\/fr\/#\/schema\/person\/29998f2bc2d8bd0d38662909289b54f1"},"headline":"La Division Inter Am\u00e9ricaine lance \u00e0 nouveau sa biblioth\u00e8que virtuelle adventiste","datePublished":"2024-03-13T19:51:30+00:00","dateModified":"2024-03-14T13:44:23+00:00","mainEntityOfPage":{"@id":"https:\/\/interamerica.org\/fr\/2024\/03\/la-division-inter-americaine-lance-a-nouveau-sa-bibliotheque-virtuelle-adventiste\/"},"wordCount":2298,"image":{"@id":"https:\/\/interamerica.org\/fr\/2024\/03\/la-division-inter-americaine-lance-a-nouveau-sa-bibliotheque-virtuelle-adventiste\/#primaryimage"},"thumbnailUrl":"https:\/\/interamerica.org\/wp-content\/uploads\/2024\/03\/biva-website-french.png","articleSection":["Nouvelles du si\u00e8ge de la division","RSS Fran\u00e7ais"],"inLanguage":"fr-FR"},{"@type":"WebPage","@id":"https:\/\/interamerica.org\/fr\/2024\/03\/la-division-inter-americaine-lance-a-nouveau-sa-bibliotheque-virtuelle-adventiste\/","url":"https:\/\/interamerica.org\/fr\/2024\/03\/la-division-inter-americaine-lance-a-nouveau-sa-bibliotheque-virtuelle-adventiste\/","name":"La Division Inter Am\u00e9ricaine lance \u00e0 nouveau sa biblioth\u00e8que virtuelle adventiste - \u00c9glise Adventiste Du Septieme Jour - Inter Am\u00e9rique Division","isPartOf":{"@id":"https:\/\/interamerica.org\/fr\/#website"},"primaryImageOfPage":{"@id":"https:\/\/interamerica.org\/fr\/2024\/03\/la-division-inter-americaine-lance-a-nouveau-sa-bibliotheque-virtuelle-adventiste\/#primaryimage"},"image":{"@id":"https:\/\/interamerica.org\/fr\/2024\/03\/la-division-inter-americaine-lance-a-nouveau-sa-bibliotheque-virtuelle-adventiste\/#primaryimage"},"thumbnailUrl":"https:\/\/interamerica.org\/wp-content\/uploads\/2024\/03\/biva-website-french.png","datePublished":"2024-03-13T19:51:30+00:00","dateModified":"2024-03-14T13:44:23+00:00","author":{"@id":"https:\/\/interamerica.org\/fr\/#\/schema\/person\/29998f2bc2d8bd0d38662909289b54f1"},"breadcrumb":{"@id":"https:\/\/interamerica.org\/fr\/2024\/03\/la-division-inter-americaine-lance-a-nouveau-sa-bibliotheque-virtuelle-adventiste\/#breadcrumb"},"inLanguage":"fr-FR","potentialAction":[{"@type":"ReadAction","target":["https:\/\/interamerica.org\/fr\/2024\/03\/la-division-inter-americaine-lance-a-nouveau-sa-bibliotheque-virtuelle-adventiste\/"]}]},{"@type":"ImageObject","inLanguage":"fr-FR","@id":"https:\/\/interamerica.org\/fr\/2024\/03\/la-division-inter-americaine-lance-a-nouveau-sa-bibliotheque-virtuelle-adventiste\/#primaryimage","url":"https:\/\/interamerica.org\/wp-content\/uploads\/2024\/03\/biva-website-french.png","contentUrl":"https:\/\/interamerica.org\/wp-content\/uploads\/2024\/03\/biva-website-french.png","width":950,"height":662},{"@type":"BreadcrumbList","@id":"https:\/\/interamerica.org\/fr\/2024\/03\/la-division-inter-americaine-lance-a-nouveau-sa-bibliotheque-virtuelle-adventiste\/#breadcrumb","itemListElement":[{"@type":"ListItem","position":1,"name":"Home","item":"https:\/\/interamerica.org\/fr\/"},{"@type":"ListItem","position":2,"name":"La Division Inter Am\u00e9ricaine lance \u00e0 nouveau sa biblioth\u00e8que virtuelle adventiste"}]},{"@type":"WebSite","@id":"https:\/\/interamerica.org\/fr\/#website","url":"https:\/\/interamerica.org\/fr\/","name":"\u00c9glise Adventiste Du Septieme Jour - Inter Am\u00e9rique Division","description":"","potentialAction":[{"@type":"SearchAction","target":{"@type":"EntryPoint","urlTemplate":"https:\/\/interamerica.org\/fr\/?s={search_term_string}"},"query-input":{"@type":"PropertyValueSpecification","valueRequired":true,"valueName":"search_term_string"}}],"inLanguage":"fr-FR"},{"@type":"Person","@id":"https:\/\/interamerica.org\/fr\/#\/schema\/person\/29998f2bc2d8bd0d38662909289b54f1","name":"libna","image":{"@type":"ImageObject","inLanguage":"fr-FR","@id":"https:\/\/secure.gravatar.com\/avatar\/7c5bd30ae4b47a9ba3c856590957fd1d96dc588bf3ac05719d247e126840331f?s=96&d=mm&r=g","url":"https:\/\/secure.gravatar.com\/avatar\/7c5bd30ae4b47a9ba3c856590957fd1d96dc588bf3ac05719d247e126840331f?s=96&d=mm&r=g","contentUrl":"https:\/\/secure.gravatar.com\/avatar\/7c5bd30ae4b47a9ba3c856590957fd1d96dc588bf3ac05719d247e126840331f?s=96&d=mm&r=g","caption":"libna"}}]}},"_links":{"self":[{"href":"https:\/\/interamerica.org\/fr\/wp-json\/wp\/v2\/posts\/111059","targetHints":{"allow":["GET"]}}],"collection":[{"href":"https:\/\/interamerica.org\/fr\/wp-json\/wp\/v2\/posts"}],"about":[{"href":"https:\/\/interamerica.org\/fr\/wp-json\/wp\/v2\/types\/post"}],"author":[{"embeddable":true,"href":"https:\/\/interamerica.org\/fr\/wp-json\/wp\/v2\/users\/3"}],"replies":[{"embeddable":true,"href":"https:\/\/interamerica.org\/fr\/wp-json\/wp\/v2\/comments?post=111059"}],"version-history":[{"count":0,"href":"https:\/\/interamerica.org\/fr\/wp-json\/wp\/v2\/posts\/111059\/revisions"}],"wp:featuredmedia":[{"embeddable":true,"href":"https:\/\/interamerica.org\/fr\/wp-json\/wp\/v2\/media\/111001"}],"wp:attachment":[{"href":"https:\/\/interamerica.org\/fr\/wp-json\/wp\/v2\/media?parent=111059"}],"wp:term":[{"taxonomy":"category","embeddable":true,"href":"https:\/\/interamerica.org\/fr\/wp-json\/wp\/v2\/categories?post=111059"},{"taxonomy":"post_tag","embeddable":true,"href":"https:\/\/interamerica.org\/fr\/wp-json\/wp\/v2\/tags?post=111059"}],"curies":[{"name":"wp","href":"https:\/\/api.w.org\/{rel}","templated":true}]}}