{"id":111558,"date":"2024-03-22T15:56:51","date_gmt":"2024-03-22T19:56:51","guid":{"rendered":"https:\/\/interamerica.org\/?p=111558"},"modified":"2024-03-22T21:02:09","modified_gmt":"2024-03-23T01:02:09","slug":"les-jeunes-sont-presents-dans-les-villes-dans-toute-linter-amerique-a-loccasion-de-la-journee-mondiale-de-la-jeunesse","status":"publish","type":"post","link":"https:\/\/interamerica.org\/fr\/2024\/03\/les-jeunes-sont-presents-dans-les-villes-dans-toute-linter-amerique-a-loccasion-de-la-journee-mondiale-de-la-jeunesse\/","title":{"rendered":"Les jeunes sont \u00ab Pr\u00e9sents Dans les Villes \u00bb dans toute l\u2019Inter Am\u00e9rique \u00e0 l\u2019occasion de la Journ\u00e9e Mondiale de la Jeunesse"},"content":{"rendered":"<p><div id=\"attachment_111464\" style=\"width: 926px\" class=\"wp-caption aligncenter\"><img fetchpriority=\"high\" decoding=\"async\" aria-describedby=\"caption-attachment-111464\" class=\" wp-image-111463\" src=\"https:\/\/interamerica.org\/wp-content\/uploads\/2024\/03\/cemu-guanajuato-gyd-r.jpg\" alt=\"\" width=\"916\" height=\"611\" srcset=\"https:\/\/interamerica.org\/wp-content\/uploads\/2024\/03\/cemu-guanajuato-gyd-r.jpg 1000w, https:\/\/interamerica.org\/wp-content\/uploads\/2024\/03\/cemu-guanajuato-gyd-r-300x200.jpg 300w, https:\/\/interamerica.org\/wp-content\/uploads\/2024\/03\/cemu-guanajuato-gyd-r-768x512.jpg 768w\" sizes=\"(max-width: 916px) 100vw, 916px\" \/><p id=\"caption-attachment-111464\" class=\"wp-caption-text\">Des jeunes brandissent des pancartes contenant des messages positifs sur l\u2019amour de J\u00e9sus alors qu\u2019ils se tiennent pr\u00e8s d\u2019un feu de circulation \u00e0 Guanajuato, dans le centre du Mexique, dans le cadre de leurs activit\u00e9s les amenant \u00e0 \u00eatre Pr\u00e9sents Dans Les Villes lors de la Journ\u00e9e Mondiale de la Jeunesse, le 16 mars 2024. [Photo : Gaby Chagolla]<\/p><\/div><em>Les jeunes servent dans leurs villes et leurs communaut\u00e9s \u00e0 travers des actes de bienveillance.<\/em><\/p>\n<p>22 Mars 2024 | Miami, Floride, \u00c9tats-Unis | Libna Stevens, Actualit\u00e9s de la Division Inter Am\u00e9ricaine<\/p>\n<p>Des milliers de jeunes adventistes du septi\u00e8me jour \u00e0 travers le territoire de la Division Inter Am\u00e9ricaine (DIA) se sont rendus dans les villes et les communaut\u00e9s pour servir et r\u00e9pandre l\u2019amour et l\u2019espoir lors de la Journ\u00e9e Mondiale de la Jeunesse (GYD) de cette ann\u00e9e, le 16 mars 2024.<\/p>\n<p>L\u2019initiative annuelle men\u00e9e par le d\u00e9partement des minist\u00e8res de la jeunesse de la Conf\u00e9rence G\u00e9n\u00e9rale motive les jeunes \u00e0 sortir de leur zone de confort pour \u00ab \u00catre le Sermon. \u00bb<\/p>\n<p>Cette ann\u00e9e, les jeunes ont \u00e9t\u00e9 invit\u00e9s \u00e0 \u00eatre \u00ab Pr\u00e9sents Dans les Villes \u00bb dans le cadre d\u2019un renouvellement de leur engagement \u00e0 servir et \u00e0 transformer leur ville en suivant l\u2019exemple de J\u00e9sus, a dit pasteur Al Powell, directeur des minist\u00e8res de la jeunesse de la DIA.<\/p>\n<p><div id=\"attachment_111473\" style=\"width: 893px\" class=\"wp-caption aligncenter\"><img decoding=\"async\" aria-describedby=\"caption-attachment-111473\" class=\" wp-image-111472\" src=\"https:\/\/interamerica.org\/wp-content\/uploads\/2024\/03\/socu-gydbook-1024x684.jpg\" alt=\"\" width=\"883\" height=\"590\" srcset=\"https:\/\/interamerica.org\/wp-content\/uploads\/2024\/03\/socu-gydbook-1024x684.jpg 1024w, https:\/\/interamerica.org\/wp-content\/uploads\/2024\/03\/socu-gydbook-300x200.jpg 300w, https:\/\/interamerica.org\/wp-content\/uploads\/2024\/03\/socu-gydbook-768x513.jpg 768w, https:\/\/interamerica.org\/wp-content\/uploads\/2024\/03\/socu-gydbook-1536x1027.jpg 1536w, https:\/\/interamerica.org\/wp-content\/uploads\/2024\/03\/socu-gydbook.jpg 1616w\" sizes=\"(max-width: 883px) 100vw, 883px\" \/><p id=\"caption-attachment-111473\" class=\"wp-caption-text\">Des jeunes montrent des exemplaires du Livre La Trag\u00e9die des Si\u00e8cles avant de les distribuer \u00e0 des centaines de personnes lors du la Journ\u00e9e Mondiale de la Jeunesse \u00e0 Soacha, \u00e0 Bogot\u00e1, en Colombie. [Photo : Union du Sud de la Colombie]<\/p><\/div>La Journ\u00e9e Mondiale de la Jeunesse de cette ann\u00e9e dans la DIA comprenait la distribution du livre <em>La Trag\u00e9die des Si\u00e8cles<\/em> de la co-fondatrice adventiste Ellen G. White ; c\u2019est la deuxi\u00e8me ann\u00e9e cons\u00e9cutive que les minist\u00e8res des publications se joignent \u00e0 la Journ\u00e9e Mondiale de la Jeunesse. Pr\u00e8s de 3 millions de copies papier et de cartes de t\u00e9l\u00e9chargement num\u00e9rique de <em>La Trag\u00e9die des Si\u00e8cles<\/em> ont \u00e9t\u00e9 distribu\u00e9es lors de la Journ\u00e9e Mondiale de la Jeunesse l\u2019ann\u00e9e derni\u00e8re, et les dirigeants s\u2019attendaient \u00e0 ce que des millions d\u2019autres copies soient distribu\u00e9es cette ann\u00e9e, a d\u00e9clar\u00e9 Isaias Espinoza, directeur du minist\u00e8re des publications de la DIA.<\/p>\n<p>\u00ab J\u2019ai vu de nombreuses personnes entrer en contact avec d\u2019autres, prier pour elles et r\u00e9pandre la bonne nouvelle du salut \u00e0 travers les livres, \u00bb a d\u00e9clar\u00e9 pasteur Al Powell, directeur des minist\u00e8res de la jeunesse de la DIA.<\/p>\n<p>Pasteur Al Powell a \u00e9t\u00e9 rejoint par les dirigeants de la DIA et les dirigeants de jeunesse locaux \u00e0 Soacha, une municipalit\u00e9 de l\u2019agglom\u00e9ration de Bogota, en Colombie, o\u00f9 des milliers de copies papier et de cartes de t\u00e9l\u00e9chargement num\u00e9riques de <em>La trag\u00e9die des Si\u00e8cles <\/em> ont \u00e9t\u00e9 distribu\u00e9s.<\/p>\n<p><div id=\"attachment_111470\" style=\"width: 879px\" class=\"wp-caption aligncenter\"><img decoding=\"async\" aria-describedby=\"caption-attachment-111470\" class=\" wp-image-111469\" src=\"https:\/\/interamerica.org\/wp-content\/uploads\/2024\/03\/alpowell-gyd-socu-1024x684.jpg\" alt=\"\" width=\"869\" height=\"580\" srcset=\"https:\/\/interamerica.org\/wp-content\/uploads\/2024\/03\/alpowell-gyd-socu-1024x684.jpg 1024w, https:\/\/interamerica.org\/wp-content\/uploads\/2024\/03\/alpowell-gyd-socu-300x200.jpg 300w, https:\/\/interamerica.org\/wp-content\/uploads\/2024\/03\/alpowell-gyd-socu-768x513.jpg 768w, https:\/\/interamerica.org\/wp-content\/uploads\/2024\/03\/alpowell-gyd-socu-1536x1027.jpg 1536w, https:\/\/interamerica.org\/wp-content\/uploads\/2024\/03\/alpowell-gyd-socu.jpg 1616w\" sizes=\"(max-width: 869px) 100vw, 869px\" \/><p id=\"caption-attachment-111470\" class=\"wp-caption-text\">Pasteur Al Powell, directeur des minist\u00e8res de la jeunesse de la DIA, s\u2019adresse \u00e0 des centaines de personnes \u00e0 Soacha, une municipalit\u00e9 de l\u2019agglom\u00e9ration de Bogot\u00e1, en Colombie, le 16 mars 2024. [Photo : Union du Sud de la Colombie]<\/p><\/div>Des centaines de membres d\u2019\u00e9glise ont laiss\u00e9 leurs \u00e9glises dans toute l\u2019Union du Sud de la Colombie pour distribuer plus de 31000 exemplaires du livre pour soutenir la campagne nationale \u00ab Colombia Lee \u00bb (La Colombie lit) qui promeut la lecture \u00e0 travers le pays.<\/p>\n<p>Pasteur Elie Henry, pr\u00e9sident de la DIA, qui \u00e9tait pr\u00e9sent \u00e0 Bogota, a encourag\u00e9 les jeunes \u00e0 continuer \u00e0 faire une diff\u00e9rence dans leur ville et a invit\u00e9 les t\u00e9l\u00e9spectateurs \u00e0 lire le livre missionnaire sp\u00e9cial de l\u2019\u00c9glise adventiste du septi\u00e8me jour lors d\u2019une br\u00e8ve interview \u00e0 la t\u00e9l\u00e9vision nationale.<\/p>\n<p>En plus de distribuer des livres, les jeunes ont \u00e9galement d\u00e9fil\u00e9 dans les rues, pri\u00e9 pour les gens et distribu\u00e9 de la nourriture.<\/p>\n<p><div id=\"attachment_111488\" style=\"width: 879px\" class=\"wp-caption aligncenter\"><img loading=\"lazy\" decoding=\"async\" aria-describedby=\"caption-attachment-111488\" class=\" wp-image-111487\" src=\"https:\/\/interamerica.org\/wp-content\/uploads\/2024\/03\/nomu-san-jose-del-cabo-baja-california-sur-1024x576.jpeg\" alt=\"\" width=\"869\" height=\"489\" srcset=\"https:\/\/interamerica.org\/wp-content\/uploads\/2024\/03\/nomu-san-jose-del-cabo-baja-california-sur-1024x576.jpeg 1024w, https:\/\/interamerica.org\/wp-content\/uploads\/2024\/03\/nomu-san-jose-del-cabo-baja-california-sur-300x169.jpeg 300w, https:\/\/interamerica.org\/wp-content\/uploads\/2024\/03\/nomu-san-jose-del-cabo-baja-california-sur-768x432.jpeg 768w, https:\/\/interamerica.org\/wp-content\/uploads\/2024\/03\/nomu-san-jose-del-cabo-baja-california-sur-1536x864.jpeg 1536w, https:\/\/interamerica.org\/wp-content\/uploads\/2024\/03\/nomu-san-jose-del-cabo-baja-california-sur.jpeg 2048w\" sizes=\"(max-width: 869px) 100vw, 869px\" \/><p id=\"caption-attachment-111488\" class=\"wp-caption-text\">Des jeunes de Basse-Californie, dans le Nord du Mexique, nettoient les d\u00e9chets et les d\u00e9bris lors des activit\u00e9s de nettoyage de la Journ\u00e9e Mondiale de la Jeunesse le 16 mars 2024. [Photo : Union du Nord du Mexique]<\/p><\/div><strong>A travers le Mexique<\/strong><\/p>\n<p>Dans le Nord du Mexique, des milliers de copies num\u00e9riques de <em>La Trag\u00e9die des Si\u00e8cles<\/em> ont \u00e9t\u00e9 distribu\u00e9es par des enfants, des jeunes et des adultes dans les principales grandes villes, les villages et les communaut\u00e9s. Les jeunes ont donn\u00e9 du sang, distribu\u00e9 de la nourriture, particip\u00e9 \u00e0 des examens de sant\u00e9, nettoy\u00e9 des parcs et des rues, pri\u00e9 avec les passants, partag\u00e9 des autocollants contenant des messages d\u2019espoir, d\u00e9fil\u00e9 dans les rues et organis\u00e9 des programmes sp\u00e9ciaux en langue des signes pour la communaut\u00e9 des sourds. De plus, les jeunes ont particip\u00e9 \u00e0 la distribution de v\u00eatements, ont pr\u00e9sent\u00e9 aux enfants un programme du minist\u00e8re par les marionnettes, ont visit\u00e9 des centres communautaires, des maisons de retraite et bien plus encore.<\/p>\n<p>Plus de 500 jeunes se sont r\u00e9unis sur la Macroplaza de Monterrey, la quatri\u00e8me plus grande place au monde, pour promouvoir un mode de vie sain \u00e0 travers le programme de l\u2019\u00c9glise \u00ab Je Veux Vivre en Bonne Sant\u00e9. \u00bb L\u2019activit\u00e9 comprenait des stations de pri\u00e8re, la distribution de m\u00e9dicaments gratuits, d\u2019aliments sains, la pr\u00e9sentation d\u2019une sc\u00e8ne silencieuse, un concert musical et bien plus encore.<\/p>\n<p><div id=\"attachment_111491\" style=\"width: 879px\" class=\"wp-caption aligncenter\"><img loading=\"lazy\" decoding=\"async\" aria-describedby=\"caption-attachment-111491\" class=\" wp-image-111490\" src=\"https:\/\/interamerica.org\/wp-content\/uploads\/2024\/03\/nomu-prayer-fb-iglesia-vallarta-monterrey.jpg\" alt=\"\" width=\"869\" height=\"579\" srcset=\"https:\/\/interamerica.org\/wp-content\/uploads\/2024\/03\/nomu-prayer-fb-iglesia-vallarta-monterrey.jpg 1000w, https:\/\/interamerica.org\/wp-content\/uploads\/2024\/03\/nomu-prayer-fb-iglesia-vallarta-monterrey-300x200.jpg 300w, https:\/\/interamerica.org\/wp-content\/uploads\/2024\/03\/nomu-prayer-fb-iglesia-vallarta-monterrey-768x512.jpg 768w\" sizes=\"(max-width: 869px) 100vw, 869px\" \/><p id=\"caption-attachment-111491\" class=\"wp-caption-text\">Des jeunes prient pour deux hommes dans un parc \u00e0 Monterrey, dans le Nord du Mexique, dans le cadre des activit\u00e9s d\u2019impact dans la ville organis\u00e9e pendant la Journ\u00e9e Mondiale de la Jeunesse. [Photo : Union du Nord du Mexique]<\/p><\/div>\u00ab Il est tr\u00e8s important que chacun de nous comprenne qu\u2019aujourd\u2019hui est consacr\u00e9 au service et que chacune des strat\u00e9gies missionnaires de l\u2019\u00c9glise n\u2019est pas une fin en soi mais un moyen de tomber amoureux de la mission de J\u00e9sus, \u00bb a d\u00e9clar\u00e9 Luis Orozco, directeur des minist\u00e8res de la jeunesse de l\u2019Union du Nord du Mexique, alors qu\u2019il s\u2019adressait aux jeunes.<\/p>\n<p>Alan El\u00ed P\u00e9rez, un directeur de jeunesse \u00e0 Monterrey, a d\u00e9clar\u00e9 qu\u2019il aimait beaucoup participer \u00e0 la Journ\u00e9e Mondiale de la Jeunesse chaque ann\u00e9e. \u00ab Si nous pouvions le faire plus souvent, et pas seulement une fois par an, nous aurions peut-\u00eatre pu voir J\u00e9sus revenir plus t\u00f4t, \u00bb a-t-il d\u00e9clar\u00e9. \u00ab Nous devons sortir de notre zone de confort et pr\u00eacher l\u2019\u00e9vangile autant de fois que nous le pouvons. \u00bb<\/p>\n<p>Dans le Chiapas, des centaines de jeunes ont d\u00e9fil\u00e9 dans les rues et avenues principales de leurs municipalit\u00e9s pour proclamer des messages d\u2019espoir alors qu\u2019ils distribuaient des publications aux passants. Ils ont distribu\u00e9 de l\u2019eau et des livres missionnaires, ont propos\u00e9 des examens de sant\u00e9, offert des pri\u00e8res, donn\u00e9 des concerts de musique et mis en place des \u00ab magasins de l\u2019espoir \u00bb o\u00f9 les gens peuvent recevoir gratuitement de la nourriture et des articles de toilette de base. Les jeunes ont \u00e9galement visit\u00e9 des refuges et distribu\u00e9 de la nourriture.<\/p>\n<p><div id=\"attachment_111494\" style=\"width: 905px\" class=\"wp-caption aligncenter\"><img loading=\"lazy\" decoding=\"async\" aria-describedby=\"caption-attachment-111494\" class=\" wp-image-111493\" src=\"https:\/\/interamerica.org\/wp-content\/uploads\/2024\/03\/chiapas-gyd-3-1024x768.jpg\" alt=\"\" width=\"895\" height=\"671\" srcset=\"https:\/\/interamerica.org\/wp-content\/uploads\/2024\/03\/chiapas-gyd-3-1024x768.jpg 1024w, https:\/\/interamerica.org\/wp-content\/uploads\/2024\/03\/chiapas-gyd-3-300x225.jpg 300w, https:\/\/interamerica.org\/wp-content\/uploads\/2024\/03\/chiapas-gyd-3-768x576.jpg 768w, https:\/\/interamerica.org\/wp-content\/uploads\/2024\/03\/chiapas-gyd-3.jpg 1280w\" sizes=\"(max-width: 895px) 100vw, 895px\" \/><p id=\"caption-attachment-111494\" class=\"wp-caption-text\">Dans l\u2019\u00e9tat du Chiapas, une jeune distribue de l\u2019eau et tient des livrets et des cartes pour les offrir aux conducteurs, le 16 mars 2024. [Photo : Union Mexicaine du Chiapas]<\/p><\/div>Josu\u00e9 Daniel L\u00f3pez, un leader du Club de Chefs Guides Les Anges \u00e0 Tapachula, dans le Chiapas, a amen\u00e9 un groupe de jeunes \u00e0 d\u00e9filer dans les rues avec un sifflet \u00e0 la main et une voix forte, disant aux jeunes et aux passants que Dieu est avec eux et qu\u2019il peut faire des miracles dans leur vie.<\/p>\n<p>Pendant qu\u2019ils d\u00e9filaient, Josu\u00e9 L\u00f3pez a partag\u00e9 son t\u00e9moignage sur la fa\u00e7on dont sa foi en J\u00e9sus lui avait donn\u00e9 la force de surmonter n\u2019importe quel obstacle dans sa vie. \u00ab Chaque jeune doit faire de son mieux, en ayant confiance dans le fait que Dieu pourvoira \u00e0 ce dont il a besoin et que sans Lui, nous ne pouvons arriver \u00e0 rien, \u00bb a-t-il d\u00e9clar\u00e9.<\/p>\n<p><div id=\"attachment_111503\" style=\"width: 593px\" class=\"wp-caption aligncenter\"><img loading=\"lazy\" decoding=\"async\" aria-describedby=\"caption-attachment-111503\" class=\" wp-image-111502\" src=\"https:\/\/interamerica.org\/wp-content\/uploads\/2024\/03\/mexicocity-dog-shelter-770x1024.jpg\" alt=\"\" width=\"583\" height=\"775\" srcset=\"https:\/\/interamerica.org\/wp-content\/uploads\/2024\/03\/mexicocity-dog-shelter-770x1024.jpg 770w, https:\/\/interamerica.org\/wp-content\/uploads\/2024\/03\/mexicocity-dog-shelter-225x300.jpg 225w, https:\/\/interamerica.org\/wp-content\/uploads\/2024\/03\/mexicocity-dog-shelter-768x1022.jpg 768w, https:\/\/interamerica.org\/wp-content\/uploads\/2024\/03\/mexicocity-dog-shelter-1154x1536.jpg 1154w, https:\/\/interamerica.org\/wp-content\/uploads\/2024\/03\/mexicocity-dog-shelter.jpg 1440w\" sizes=\"(max-width: 583px) 100vw, 583px\" \/><p id=\"caption-attachment-111503\" class=\"wp-caption-text\">Un chien du refuge voisin est caress\u00e9 par deux jeunes \u00e0 Mexico, au Mexique, le 16 mars 2024. Un groupe du club d\u2019\u00e9claireurs Eben-Ezer a visit\u00e9 un refuge pour chiens o\u00f9 ils ont baign\u00e9, nourris des dizaines de chiens, et ont march\u00e9 et jou\u00e9 avec eux. [Photo : Union du Centre du Mexique]<\/p><\/div>Dans le Centre du Mexique, les jeunes ont distribu\u00e9 des centaines de livres missionnaires et de magazines et ont organis\u00e9 une expo sant\u00e9 comprenant des conf\u00e9rences sur le diab\u00e8te, l\u2019ob\u00e9sit\u00e9, la nutrition et les habitudes saines. Les jeunes de l\u2019\u00e9glise adventiste de Tacubaya ont partag\u00e9 des messages positifs avec des affiches et des banderoles, ils ont distribu\u00e9 des livres, offert des massages gratuits et pri\u00e9 avec tous ceux qui voulaient qu\u2019on prie pour eux. D\u2019autre part, des dizaines de jeunes du club des \u00e9claireurs Eben-Ezer de Mexico ont visit\u00e9 un refuge pour chiens o\u00f9 ils ont baign\u00e9, nourri, promen\u00e9 des dizaines de chiens et jou\u00e9 avec eux.<\/p>\n<p>\u00c0 Cancun, dans le Quintana Roo, des jeunes ont form\u00e9 un \u00ab Tunnel du Bonheur \u00bb encadr\u00e9 de ballons pr\u00e8s d\u2019un centre commercial populaire pour que les spectateurs puissent recevoir une fleur, un livre et une pri\u00e8re pour leur famille s\u2019ils le souhaitaient.<\/p>\n<p><div id=\"attachment_111506\" style=\"width: 865px\" class=\"wp-caption aligncenter\"><img loading=\"lazy\" decoding=\"async\" aria-describedby=\"caption-attachment-111506\" class=\" wp-image-111505\" src=\"https:\/\/interamerica.org\/wp-content\/uploads\/2024\/03\/semu-cancun-tunnel-gyd.jpg\" alt=\"\" width=\"855\" height=\"644\" srcset=\"https:\/\/interamerica.org\/wp-content\/uploads\/2024\/03\/semu-cancun-tunnel-gyd.jpg 900w, https:\/\/interamerica.org\/wp-content\/uploads\/2024\/03\/semu-cancun-tunnel-gyd-300x226.jpg 300w, https:\/\/interamerica.org\/wp-content\/uploads\/2024\/03\/semu-cancun-tunnel-gyd-768x579.jpg 768w\" sizes=\"(max-width: 855px) 100vw, 855px\" \/><p id=\"caption-attachment-111506\" class=\"wp-caption-text\">Une femme traverse le \u00ab Tunnel du Bonheur \u00bb form\u00e9 par des jeunes \u00e0 Cancun, au Mexique, pr\u00e8s d\u2019un centre commercial tr\u00e8s fr\u00e9quent\u00e9 lors de la Journ\u00e9e Mondiale de la Jeunesse. Des jeunes donnent des fleurs et des publications aux spectateurs le 16 mars 2024. [Photo : Union du Sud-Est du Mexique]<\/p><\/div><strong>Dans al Cara\u00efbe<\/strong><\/p>\n<p>Les communaut\u00e9s de l\u2019Union Carib\u00e9enne ont \u00e9t\u00e9 transform\u00e9es en centres de minist\u00e8re pendant la Journ\u00e9e Mondiale de la Jeunesse. Plus de 2000 jeunes du sud des \u00eeles Sous-le-Vent ont pri\u00e9 pour des centaines de personnes et distribu\u00e9 1500 bols de soupe. \u00c0 Virgin Gorda, une \u00eele de la F\u00e9d\u00e9ration du Nord de la Cara\u00efbe, des jeunes ont distribu\u00e9 200 petits-d\u00e9jeuners, 150 bols de soupe, et ont effectu\u00e9 des examens de sant\u00e9 et coordonn\u00e9 des efforts au cours desquels des professionnels de la sant\u00e9 ont donn\u00e9 des consultations en mati\u00e8re de sant\u00e9 mentale et de nutrition \u00e0 des dizaines de personnes. Les jeunes ont \u00e9galement honor\u00e9 la police et les pompiers pour leur d\u00e9vouement au service et ont pri\u00e9 pour les gens.<\/p>\n<p>Les sans-abri et les villageois des \u00eeles de Saint-Thomas et de Tortola ont \u00e9galement re\u00e7u un petit-d\u00e9jeuner. Les jeunes ont \u00e9galement distribu\u00e9 des paniers de nourriture et des livres missionnaires dans les rues.<\/p>\n<p><div id=\"attachment_111538\" style=\"width: 841px\" class=\"wp-caption aligncenter\"><img loading=\"lazy\" decoding=\"async\" aria-describedby=\"caption-attachment-111538\" class=\" wp-image-111537\" src=\"https:\/\/interamerica.org\/wp-content\/uploads\/2024\/03\/caru-ncc-gyd-2024.jpg\" alt=\"\" width=\"831\" height=\"572\" srcset=\"https:\/\/interamerica.org\/wp-content\/uploads\/2024\/03\/caru-ncc-gyd-2024.jpg 1000w, https:\/\/interamerica.org\/wp-content\/uploads\/2024\/03\/caru-ncc-gyd-2024-300x206.jpg 300w, https:\/\/interamerica.org\/wp-content\/uploads\/2024\/03\/caru-ncc-gyd-2024-768x528.jpg 768w\" sizes=\"(max-width: 831px) 100vw, 831px\" \/><p id=\"caption-attachment-111538\" class=\"wp-caption-text\"><span class=\"Y2IQFc\" lang=\"fr\">Un homme attend qu&rsquo;on lui serve un petit-d\u00e9jeuner chaud \u00e0 Sainte-Croix lors de la Journ\u00e9e mondiale de la jeunesse, le 16 mars 2024. <\/span>[Photo: F\u00e9d\u00e9ration du Nord de la Cara\u00efbe]<\/p><\/div>Au Guyana et \u00e0 la Grenade, des centaines de jeunes ont distribu\u00e9 des exemplaires du livre missionnaire, rendu visite aux malades dans les h\u00f4pitaux, ont visit\u00e9 les maisons de retraite, les orphelinats, nettoy\u00e9 les rues, propos\u00e9 des examens de sant\u00e9 et bien plus encore.<\/p>\n<p>\u00ab Nous avons emmen\u00e9 des jeunes sur le terrain pour mettre la compassion en action et avoir un impact sur les communaut\u00e9s dans le besoin et ils l\u2019ont fait, \u00bb a d\u00e9clar\u00e9 pasteur Marvin Smith, directeur des minist\u00e8res de la jeunesse de l\u2019Union Carib\u00e9enne.<\/p>\n<p><div id=\"attachment_111541\" style=\"width: 900px\" class=\"wp-caption aligncenter\"><img loading=\"lazy\" decoding=\"async\" aria-describedby=\"caption-attachment-111541\" class=\" wp-image-111540\" src=\"https:\/\/interamerica.org\/wp-content\/uploads\/2024\/03\/atcu-gyd-hotmeals.jpg\" alt=\"\" width=\"890\" height=\"609\" srcset=\"https:\/\/interamerica.org\/wp-content\/uploads\/2024\/03\/atcu-gyd-hotmeals.jpg 1000w, https:\/\/interamerica.org\/wp-content\/uploads\/2024\/03\/atcu-gyd-hotmeals-300x205.jpg 300w, https:\/\/interamerica.org\/wp-content\/uploads\/2024\/03\/atcu-gyd-hotmeals-768x525.jpg 768w\" sizes=\"(max-width: 890px) 100vw, 890px\" \/><p id=\"caption-attachment-111541\" class=\"wp-caption-text\">Des jeunes distribuent des repas chauds aux enfants \u00e0 Nassau, dans les Bahamas, lors des activit\u00e9s d\u2019impact de la Journ\u00e9e Mondiale de la Jeunesse. [Photo : John Garcia]<\/p><\/div>Dans les \u00eeles Ca\u00efmans, dans le nord et le sud des Bahamas et dans les \u00celes Turk et Ca\u00efcos, des milliers de jeunes ont d\u00e9fil\u00e9 dans les rues, distribu\u00e9 des livres, de la nourriture et pri\u00e9 pour les conducteurs et les gens dans les rues de la ville et dans les communaut\u00e9s. Ils ont \u00e9galement distribu\u00e9 de l\u2019eau, proclam\u00e9 des messages d\u2019espoir, aid\u00e9 \u00e0 coordonner les examens de sant\u00e9 et ont propos\u00e9 des activit\u00e9s de travail manuel pour les enfants et des rassemblements de jeunes sur le th\u00e8me de la sant\u00e9 pour cl\u00f4turer la journ\u00e9e.<\/p>\n<p>\u00ab C\u2019\u00e9tait un plaisir de voir nos jeunes partager des p\u00e9pites de joie avec leurs communaut\u00e9s, \u00bb a d\u00e9clar\u00e9 Terry Tannis, directeur des minist\u00e8res de la jeunesse de l\u2019Union de la Cara\u00efbe Atlantique.<\/p>\n<div id=\"attachment_111513\" style=\"width: 887px\" class=\"wp-caption aligncenter\"><img loading=\"lazy\" decoding=\"async\" aria-describedby=\"caption-attachment-111513\" class=\" wp-image-111512\" src=\"https:\/\/interamerica.org\/wp-content\/uploads\/2024\/03\/haiti-gyd2024-2-1024x683.jpg\" alt=\"\" width=\"877\" height=\"585\" srcset=\"https:\/\/interamerica.org\/wp-content\/uploads\/2024\/03\/haiti-gyd2024-2-1024x683.jpg 1024w, https:\/\/interamerica.org\/wp-content\/uploads\/2024\/03\/haiti-gyd2024-2-300x200.jpg 300w, https:\/\/interamerica.org\/wp-content\/uploads\/2024\/03\/haiti-gyd2024-2-768x512.jpg 768w, https:\/\/interamerica.org\/wp-content\/uploads\/2024\/03\/haiti-gyd2024-2-1536x1024.jpg 1536w, https:\/\/interamerica.org\/wp-content\/uploads\/2024\/03\/haiti-gyd2024-2.jpg 1620w\" sizes=\"(max-width: 877px) 100vw, 877px\" \/><p id=\"caption-attachment-111513\" class=\"wp-caption-text\">De gauche \u00e0 droite : Les dirigeants de jeunesse de l\u2019\u00e9glise adventiste de Christ le Roi \u00e0 Port-au-Prince en Ha\u00efti posent avec leurs chemises et leurs foulards pour une photo lors de la Journ\u00e9e Mondiale de la Jeunesse, le 16 mars 2024. De gauche \u00e0 droite : Dardy Duvernym, Darline Lucie Thermilien, Micha\u00eblle Thermilien Antoine, et Duckens Antoine.<\/p><\/div>\n<p>Pendant ce temps, en Ha\u00efti, alors que plusieurs \u00e9glises adventistes de la capitale Port-au-Prince sont rest\u00e9es ferm\u00e9es en raison de l\u2019escalade de la violence dans les rues, les jeunes de l\u2019\u00e9glise adventiste de Christ le Roi \u00e0 Nazon, \u00e0 Port-au-Prince, ont distribu\u00e9 de l\u2019eau potable \u00e0 600 familles de la communaut\u00e9.<\/p>\n<p>\u00ab La situation chaotique qui affecte notre pays provoque une p\u00e9nurie de produits de premi\u00e8re n\u00e9cessit\u00e9 comme l\u2019eau, donc en tant que dirigeants, l\u2019Esprit de Dieu nous a guid\u00e9s et nous avons agi malgr\u00e9 nos moyens limit\u00e9s pour aider les familles des quartiers autour de l\u2019\u00e9glise, \u00bb a d\u00e9clar\u00e9 Darline Thermilien, leader de la jeunesse \u00e0 l\u2019\u00e9glise adventiste Christ le Roi. La distribution d\u2019eau potable v\u00e9hicule pour eux un double message, a-t-elle dit. \u00ab Nous voulions \u00eatre pr\u00e9sents dans notre ville en faisant comme J\u00e9sus et en partageant l\u2019eau de la vie et le message de l\u2019\u00e9vangile qui ne tarira jamais. \u00bb<\/p>\n<p><div id=\"attachment_111510\" style=\"width: 879px\" class=\"wp-caption aligncenter\"><img loading=\"lazy\" decoding=\"async\" aria-describedby=\"caption-attachment-111510\" class=\" wp-image-111509\" src=\"https:\/\/interamerica.org\/wp-content\/uploads\/2024\/03\/haiti-gyd2024-1-1024x683.jpg\" alt=\"\" width=\"869\" height=\"579\" srcset=\"https:\/\/interamerica.org\/wp-content\/uploads\/2024\/03\/haiti-gyd2024-1-1024x683.jpg 1024w, https:\/\/interamerica.org\/wp-content\/uploads\/2024\/03\/haiti-gyd2024-1-300x200.jpg 300w, https:\/\/interamerica.org\/wp-content\/uploads\/2024\/03\/haiti-gyd2024-1-768x512.jpg 768w, https:\/\/interamerica.org\/wp-content\/uploads\/2024\/03\/haiti-gyd2024-1-1536x1024.jpg 1536w, https:\/\/interamerica.org\/wp-content\/uploads\/2024\/03\/haiti-gyd2024-1.jpg 1620w\" sizes=\"(max-width: 869px) 100vw, 869px\" \/><p id=\"caption-attachment-111510\" class=\"wp-caption-text\">Un jeune porte une bonbonne d\u2019eau qu\u2019il a rempli \u00e0 l\u2019\u00e9glise adventiste de Christ le Roi \u00e0 Port-au-Prince, en Ha\u00efti. L\u2019\u00e9glise a distribu\u00e9 de l\u2019eau potable, dont les gens ont tant besoin, \u00e0 600 voisins de l\u2019\u00e9glise lors de la Journ\u00e9e Mondiale de la Jeunesse le 16 mars 2024. [Photo : Union d\u2019Ha\u00efti]<\/p><\/div>Des jeunes de toute la Jama\u00efque ont d\u00e9fil\u00e9 dans les rues de Kingston et d\u2019autres grandes villes et communaut\u00e9s de l\u2019\u00eele, ont distribu\u00e9 des publications et des livres missionnaires, et ont aussi distribu\u00e9 de la nourriture et visit\u00e9 des maisons de retraite.<\/p>\n<p><strong>Ailleurs dans la DIA<\/strong><\/p>\n<p>Dans les principales villes et communaut\u00e9s du Panama, des milliers de jeunes ont distribu\u00e9 plus de 61000 exemplaires de <em>La Trag\u00e9die des Si\u00e8cles<\/em>, distribu\u00e9 de la nourriture et des v\u00eatements, pri\u00e9 dans les rues et dans les maisons, proclam\u00e9 des messages d\u2019espoir pr\u00e8s des feux tricolores et donn\u00e9 du sang.<\/p>\n<p><div id=\"attachment_111525\" style=\"width: 877px\" class=\"wp-caption aligncenter\"><img loading=\"lazy\" decoding=\"async\" aria-describedby=\"caption-attachment-111525\" class=\" wp-image-111524\" src=\"https:\/\/interamerica.org\/wp-content\/uploads\/2024\/03\/jamu-ejc-gyd-march.jpg\" alt=\"\" width=\"867\" height=\"520\" srcset=\"https:\/\/interamerica.org\/wp-content\/uploads\/2024\/03\/jamu-ejc-gyd-march.jpg 773w, https:\/\/interamerica.org\/wp-content\/uploads\/2024\/03\/jamu-ejc-gyd-march-300x180.jpg 300w, https:\/\/interamerica.org\/wp-content\/uploads\/2024\/03\/jamu-ejc-gyd-march-768x461.jpg 768w\" sizes=\"(max-width: 867px) 100vw, 867px\" \/><p id=\"caption-attachment-111525\" class=\"wp-caption-text\">Des jeunes jouent de leur tambour et de leurs instruments alors qu\u2019ils conduisent les participants au d\u00e9fil\u00e9 dans les rues de Kingston, en Jama\u00efque, lors de la Journ\u00e9e Mondiale de la Jeunesse le 16 mars 2024. [Photo : F\u00e9d\u00e9ration de l\u2019Est de la Jama\u00efque]<\/p><\/div>\u00ab Je suis tellement content de voir les jeunes travailler activement avec passion et esprit de service envers les autres, \u00bb a d\u00e9clar\u00e9 Misael Gonz\u00e1lez, directeur des minist\u00e8res de la jeunesse de l\u2019Union du Panama. \u00ab La Journ\u00e9e Mondiale de la Jeunesse montre au monde tout ce que nous pouvons faire pour les autres, en montrant notre essence pure en tant que jeunes adventistes, sans avoir peur de porter l\u2019\u00e9vangile dans les villes pour atteindre les autres, \u00bb a-t-il d\u00e9clar\u00e9.<\/p>\n<p>Au Guatemala, des milliers de personnes ont \u00e9galement distribu\u00e9 le livre La Trag\u00e9die des Si\u00e8cles, distribu\u00e9 des repas chauds et des sacs de nourriture, ont donn\u00e9 du sang, visit\u00e9 des maisons de retraite et apport\u00e9 leur aide pour les visites m\u00e9dicales. Les jeunes ont pri\u00e9, organis\u00e9 des coupes de cheveux gratuites et ont d\u00e9fil\u00e9 dans les rues avec des messages d\u2019espoir.<\/p>\n<p><div id=\"attachment_111518\" style=\"width: 881px\" class=\"wp-caption aligncenter\"><img loading=\"lazy\" decoding=\"async\" aria-describedby=\"caption-attachment-111518\" class=\" wp-image-111517\" src=\"https:\/\/interamerica.org\/wp-content\/uploads\/2024\/03\/panu-gyd-books.jpg\" alt=\"\" width=\"871\" height=\"559\" srcset=\"https:\/\/interamerica.org\/wp-content\/uploads\/2024\/03\/panu-gyd-books.jpg 878w, https:\/\/interamerica.org\/wp-content\/uploads\/2024\/03\/panu-gyd-books-300x192.jpg 300w, https:\/\/interamerica.org\/wp-content\/uploads\/2024\/03\/panu-gyd-books-768x492.jpg 768w\" sizes=\"(max-width: 871px) 100vw, 871px\" \/><p id=\"caption-attachment-111518\" class=\"wp-caption-text\">Un groupe tient des livres La Trag\u00e9die des Si\u00e8cles quelques minutes avant de les distribuer dans les rues de la ville de Panama, le 16 mars 2024. [Photo : Union du Panama]<\/p><\/div>Des jeunes ont r\u00e9pondu pr\u00e9sents \u00e0 Caracas, au Venezuela, et dans son agglom\u00e9ration, dans les parcs, les \u00e9glises et les champs pour t\u00e9moigner \u00e0 travers la musique, des messages spirituels et des messages destin\u00e9s aux jeunes. Ils ont distribu\u00e9 des livres missionnaires, des paniers de nourriture, des repas chauds, des ballons et des v\u00eatements, et ont donn\u00e9 des accolades et prononc\u00e9 des pri\u00e8res. Les jeunes ont \u00e9galement visit\u00e9 des h\u00f4pitaux, des maisons de retraite, des cliniques, des commissariats de police et des casernes de pompiers pour partager de courts messages pr\u00e9sentant l\u2019\u00e9vangile et distribuer de la nourriture.<\/p>\n<p>\u00ab Cela a \u00e9t\u00e9 une exp\u00e9rience tr\u00e8s agr\u00e9able, avec des activit\u00e9s spirituelles et r\u00e9cr\u00e9atives, nous avons visit\u00e9 les rues et les maisons pour partager l\u2019esp\u00e9rance, \u00bb a d\u00e9clar\u00e9 Angel Zambrano, pasteur de district \u00e0 Las Mercedes del Llano.<\/p>\n<p><div id=\"attachment_111521\" style=\"width: 860px\" class=\"wp-caption aligncenter\"><img loading=\"lazy\" decoding=\"async\" aria-describedby=\"caption-attachment-111521\" class=\" wp-image-111520\" src=\"https:\/\/interamerica.org\/wp-content\/uploads\/2024\/03\/guate-gyd-food-bags-1024x684.jpg\" alt=\"\" width=\"850\" height=\"568\" srcset=\"https:\/\/interamerica.org\/wp-content\/uploads\/2024\/03\/guate-gyd-food-bags-1024x684.jpg 1024w, https:\/\/interamerica.org\/wp-content\/uploads\/2024\/03\/guate-gyd-food-bags-300x200.jpg 300w, https:\/\/interamerica.org\/wp-content\/uploads\/2024\/03\/guate-gyd-food-bags-768x513.jpg 768w, https:\/\/interamerica.org\/wp-content\/uploads\/2024\/03\/guate-gyd-food-bags.jpg 1069w\" sizes=\"(max-width: 850px) 100vw, 850px\" \/><p id=\"caption-attachment-111521\" class=\"wp-caption-text\">Des centaines de sacs ont \u00e9t\u00e9 pr\u00e9par\u00e9s pour \u00eatre distribu\u00e9s dans la ville de Guatemala, au Guatemala, dans le cadre de l\u2019une des nombreuses activit\u00e9s d\u2019impact communautaire organis\u00e9es pour la Journ\u00e9e Mondiale de la Jeunesse le 16 mars 2024. [Photo : Union du Guatemala]<\/p><\/div>\u00ab Depuis des ann\u00e9es, nos jeunes dans la DIA se sont engag\u00e9s \u00e0 sortir des bancs pour avoir un impact sur la communaut\u00e9 avec d\u00e9termination et passion et nous sommes tr\u00e8s enthousiastes de voir autant de joie parmi les dirigeants de jeunesse et les jeunes cette ann\u00e9e encore, \u00bb a dit Al Powell.<\/p>\n<p>La Journ\u00e9e Mondiale de la Jeunesse a marqu\u00e9 le d\u00e9but de la semaine de pri\u00e8re des jeunes \u00e0 travers le territoire de la DIA. Au cours de la semaine qui suit la Journ\u00e9e Mondiale de la Jeunesse, les jeunes sont actifs dans la pr\u00e9dication depuis la chaire et dans la direction des minist\u00e8res des petits groupes. Le th\u00e8me de la semaine, \u00ab R\u00e9demption Urbaine : les Jeunes Transforment leur Ville, \u00bb souligne la n\u00e9cessit\u00e9 d\u2019offrir de l\u2019espoir \u00e0 travers l\u2019exemple de J\u00e9sus au milieu de la d\u00e9pression, de la maladie, du d\u00e9sespoir, de la peur et de l\u2019incertitude qui pr\u00e9valent dans le monde aujourd\u2019hui.<\/p>\n<p><div id=\"attachment_111534\" style=\"width: 659px\" class=\"wp-caption aligncenter\"><img loading=\"lazy\" decoding=\"async\" aria-describedby=\"caption-attachment-111534\" class=\" wp-image-111533\" src=\"https:\/\/interamerica.org\/wp-content\/uploads\/2024\/03\/evau-gyd-prayer2024.jpg\" alt=\"\" width=\"649\" height=\"649\" srcset=\"https:\/\/interamerica.org\/wp-content\/uploads\/2024\/03\/evau-gyd-prayer2024.jpg 900w, https:\/\/interamerica.org\/wp-content\/uploads\/2024\/03\/evau-gyd-prayer2024-300x300.jpg 300w, https:\/\/interamerica.org\/wp-content\/uploads\/2024\/03\/evau-gyd-prayer2024-150x150.jpg 150w, https:\/\/interamerica.org\/wp-content\/uploads\/2024\/03\/evau-gyd-prayer2024-768x768.jpg 768w\" sizes=\"(max-width: 649px) 100vw, 649px\" \/><p id=\"caption-attachment-111534\" class=\"wp-caption-text\">Des jeunes prient pour les gens dans les rues de Caracas, au Venezuela, \u00e0 l\u2019occasion de la Journ\u00e9e Mondiale de la Jeunesse. [Photo : Union de l\u2019Est du Venezuela]<\/p><\/div>Lanc\u00e9 en 2013, l\u2019objectif de la Journ\u00e9e Mondiale de la Jeunesse est de retrouver la r\u00e9alit\u00e9 de la jeunesse adventiste en tant que mouvement mondial mobilis\u00e9 pour le service, contribuant \u00e0 la proclamation de l\u2019\u00e9vangile \u00e9ternel et ouvrant la voie \u00e0 la seconde venue de J\u00e9sus-Christ.<\/p>\n<p><em>Uriel Castellanos, Bequer Jim\u00e9nez, Helena Corona, Royston Philbert, Henry Moncur, Jean Carmy Felixon, Gabi Chagolla, Johana Garcia, Jean Carmy Felixon, Steven\u2019s Rosado, Laura Acosta, Victor Mart\u00ednez, Gustavo Men\u00e9ndez, et Nigel Coke ont apport\u00e9 leur contribution \u00e0 ce rapport.<\/em><\/p>\n<p>Pour en savoir plus sur la Journ\u00e9e Mondiale de La Jeunesse de cette ann\u00e9e et acc\u00e9der aux ressources de la Semaine de Pri\u00e8re des Jeunes en anglais, en espagnol et en fran\u00e7ais, cliquez <a href=\"https:\/\/interamerica.org\/department\/youth-ministries\/\">ICI<\/a><\/p>\n<p>Traduction: Patrick Luciathe<\/p>\n","protected":false},"excerpt":{"rendered":"<p>Les jeunes servent dans leurs villes et leurs communaut\u00e9s \u00e0 travers des actes de bienveillance. 22 Mars 2024 | Miami, Floride, \u00c9tats-Unis | Libna Stevens, Actualit\u00e9s de la Division Inter&#8230;<\/p>\n","protected":false},"author":3,"featured_media":111464,"comment_status":"closed","ping_status":"closed","sticky":false,"template":"","format":"standard","meta":{"_acf_changed":false,"footnotes":""},"categories":[20,19],"tags":[],"class_list":["post-111558","post","type-post","status-publish","format-standard","has-post-thumbnail","hentry","category-nouvelles-du-siege-de-la-division","category-rss-francais"],"acf":[],"yoast_head":"<!-- This site is optimized with the Yoast SEO plugin v27.3 - https:\/\/yoast.com\/product\/yoast-seo-wordpress\/ -->\n<title>Les jeunes sont \u00ab Pr\u00e9sents Dans les Villes \u00bb dans toute l\u2019Inter Am\u00e9rique \u00e0 l\u2019occasion de la Journ\u00e9e Mondiale de la Jeunesse - \u00c9glise Adventiste Du Septieme Jour - Inter Am\u00e9rique Division<\/title>\n<meta name=\"robots\" content=\"index, follow, max-snippet:-1, max-image-preview:large, max-video-preview:-1\" \/>\n<link rel=\"canonical\" href=\"https:\/\/interamerica.org\/fr\/2024\/03\/les-jeunes-sont-presents-dans-les-villes-dans-toute-linter-amerique-a-loccasion-de-la-journee-mondiale-de-la-jeunesse\/\" \/>\n<meta property=\"og:locale\" content=\"fr_FR\" \/>\n<meta property=\"og:type\" content=\"article\" \/>\n<meta property=\"og:title\" content=\"Les jeunes sont \u00ab Pr\u00e9sents Dans les Villes \u00bb dans toute l\u2019Inter Am\u00e9rique \u00e0 l\u2019occasion de la Journ\u00e9e Mondiale de la Jeunesse - \u00c9glise Adventiste Du Septieme Jour - Inter Am\u00e9rique Division\" \/>\n<meta property=\"og:description\" content=\"Les jeunes servent dans leurs villes et leurs communaut\u00e9s \u00e0 travers des actes de bienveillance. 22 Mars 2024 | Miami, Floride, \u00c9tats-Unis | Libna Stevens, Actualit\u00e9s de la Division Inter...\" \/>\n<meta property=\"og:url\" content=\"https:\/\/interamerica.org\/fr\/2024\/03\/les-jeunes-sont-presents-dans-les-villes-dans-toute-linter-amerique-a-loccasion-de-la-journee-mondiale-de-la-jeunesse\/\" \/>\n<meta property=\"og:site_name\" content=\"\u00c9glise Adventiste Du Septieme Jour - Inter Am\u00e9rique Division\" \/>\n<meta property=\"article:published_time\" content=\"2024-03-22T19:56:51+00:00\" \/>\n<meta property=\"article:modified_time\" content=\"2024-03-23T01:02:09+00:00\" \/>\n<meta property=\"og:image\" content=\"https:\/\/interamerica.org\/wp-content\/uploads\/2024\/03\/cemu-guanajuato-gyd-r.jpg\" \/>\n\t<meta property=\"og:image:width\" content=\"1000\" \/>\n\t<meta property=\"og:image:height\" content=\"667\" \/>\n\t<meta property=\"og:image:type\" content=\"image\/jpeg\" \/>\n<meta name=\"author\" content=\"libna\" \/>\n<meta name=\"twitter:card\" content=\"summary_large_image\" \/>\n<meta name=\"twitter:label1\" content=\"\u00c9crit par\" \/>\n\t<meta name=\"twitter:data1\" content=\"libna\" \/>\n\t<meta name=\"twitter:label2\" content=\"Dur\u00e9e de lecture estim\u00e9e\" \/>\n\t<meta name=\"twitter:data2\" content=\"17 minutes\" \/>\n<script type=\"application\/ld+json\" class=\"yoast-schema-graph\">{\"@context\":\"https:\\\/\\\/schema.org\",\"@graph\":[{\"@type\":\"Article\",\"@id\":\"https:\\\/\\\/interamerica.org\\\/fr\\\/2024\\\/03\\\/les-jeunes-sont-presents-dans-les-villes-dans-toute-linter-amerique-a-loccasion-de-la-journee-mondiale-de-la-jeunesse\\\/#article\",\"isPartOf\":{\"@id\":\"https:\\\/\\\/interamerica.org\\\/fr\\\/2024\\\/03\\\/les-jeunes-sont-presents-dans-les-villes-dans-toute-linter-amerique-a-loccasion-de-la-journee-mondiale-de-la-jeunesse\\\/\"},\"author\":{\"name\":\"libna\",\"@id\":\"https:\\\/\\\/interamerica.org\\\/fr\\\/#\\\/schema\\\/person\\\/29998f2bc2d8bd0d38662909289b54f1\"},\"headline\":\"Les jeunes sont \u00ab Pr\u00e9sents Dans les Villes \u00bb dans toute l\u2019Inter Am\u00e9rique \u00e0 l\u2019occasion de la Journ\u00e9e Mondiale de la Jeunesse\",\"datePublished\":\"2024-03-22T19:56:51+00:00\",\"dateModified\":\"2024-03-23T01:02:09+00:00\",\"mainEntityOfPage\":{\"@id\":\"https:\\\/\\\/interamerica.org\\\/fr\\\/2024\\\/03\\\/les-jeunes-sont-presents-dans-les-villes-dans-toute-linter-amerique-a-loccasion-de-la-journee-mondiale-de-la-jeunesse\\\/\"},\"wordCount\":3351,\"image\":{\"@id\":\"https:\\\/\\\/interamerica.org\\\/fr\\\/2024\\\/03\\\/les-jeunes-sont-presents-dans-les-villes-dans-toute-linter-amerique-a-loccasion-de-la-journee-mondiale-de-la-jeunesse\\\/#primaryimage\"},\"thumbnailUrl\":\"https:\\\/\\\/interamerica.org\\\/wp-content\\\/uploads\\\/2024\\\/03\\\/cemu-guanajuato-gyd-r.jpg\",\"articleSection\":[\"Nouvelles du si\u00e8ge de la division\",\"RSS Fran\u00e7ais\"],\"inLanguage\":\"fr-FR\"},{\"@type\":\"WebPage\",\"@id\":\"https:\\\/\\\/interamerica.org\\\/fr\\\/2024\\\/03\\\/les-jeunes-sont-presents-dans-les-villes-dans-toute-linter-amerique-a-loccasion-de-la-journee-mondiale-de-la-jeunesse\\\/\",\"url\":\"https:\\\/\\\/interamerica.org\\\/fr\\\/2024\\\/03\\\/les-jeunes-sont-presents-dans-les-villes-dans-toute-linter-amerique-a-loccasion-de-la-journee-mondiale-de-la-jeunesse\\\/\",\"name\":\"Les jeunes sont \u00ab Pr\u00e9sents Dans les Villes \u00bb dans toute l\u2019Inter Am\u00e9rique \u00e0 l\u2019occasion de la Journ\u00e9e Mondiale de la Jeunesse - \u00c9glise Adventiste Du Septieme Jour - Inter Am\u00e9rique Division\",\"isPartOf\":{\"@id\":\"https:\\\/\\\/interamerica.org\\\/fr\\\/#website\"},\"primaryImageOfPage\":{\"@id\":\"https:\\\/\\\/interamerica.org\\\/fr\\\/2024\\\/03\\\/les-jeunes-sont-presents-dans-les-villes-dans-toute-linter-amerique-a-loccasion-de-la-journee-mondiale-de-la-jeunesse\\\/#primaryimage\"},\"image\":{\"@id\":\"https:\\\/\\\/interamerica.org\\\/fr\\\/2024\\\/03\\\/les-jeunes-sont-presents-dans-les-villes-dans-toute-linter-amerique-a-loccasion-de-la-journee-mondiale-de-la-jeunesse\\\/#primaryimage\"},\"thumbnailUrl\":\"https:\\\/\\\/interamerica.org\\\/wp-content\\\/uploads\\\/2024\\\/03\\\/cemu-guanajuato-gyd-r.jpg\",\"datePublished\":\"2024-03-22T19:56:51+00:00\",\"dateModified\":\"2024-03-23T01:02:09+00:00\",\"author\":{\"@id\":\"https:\\\/\\\/interamerica.org\\\/fr\\\/#\\\/schema\\\/person\\\/29998f2bc2d8bd0d38662909289b54f1\"},\"breadcrumb\":{\"@id\":\"https:\\\/\\\/interamerica.org\\\/fr\\\/2024\\\/03\\\/les-jeunes-sont-presents-dans-les-villes-dans-toute-linter-amerique-a-loccasion-de-la-journee-mondiale-de-la-jeunesse\\\/#breadcrumb\"},\"inLanguage\":\"fr-FR\",\"potentialAction\":[{\"@type\":\"ReadAction\",\"target\":[\"https:\\\/\\\/interamerica.org\\\/fr\\\/2024\\\/03\\\/les-jeunes-sont-presents-dans-les-villes-dans-toute-linter-amerique-a-loccasion-de-la-journee-mondiale-de-la-jeunesse\\\/\"]}]},{\"@type\":\"ImageObject\",\"inLanguage\":\"fr-FR\",\"@id\":\"https:\\\/\\\/interamerica.org\\\/fr\\\/2024\\\/03\\\/les-jeunes-sont-presents-dans-les-villes-dans-toute-linter-amerique-a-loccasion-de-la-journee-mondiale-de-la-jeunesse\\\/#primaryimage\",\"url\":\"https:\\\/\\\/interamerica.org\\\/wp-content\\\/uploads\\\/2024\\\/03\\\/cemu-guanajuato-gyd-r.jpg\",\"contentUrl\":\"https:\\\/\\\/interamerica.org\\\/wp-content\\\/uploads\\\/2024\\\/03\\\/cemu-guanajuato-gyd-r.jpg\",\"width\":1000,\"height\":667,\"caption\":\"[Photo: Gaby Chagolla]\"},{\"@type\":\"BreadcrumbList\",\"@id\":\"https:\\\/\\\/interamerica.org\\\/fr\\\/2024\\\/03\\\/les-jeunes-sont-presents-dans-les-villes-dans-toute-linter-amerique-a-loccasion-de-la-journee-mondiale-de-la-jeunesse\\\/#breadcrumb\",\"itemListElement\":[{\"@type\":\"ListItem\",\"position\":1,\"name\":\"Home\",\"item\":\"https:\\\/\\\/interamerica.org\\\/fr\\\/\"},{\"@type\":\"ListItem\",\"position\":2,\"name\":\"Les jeunes sont \u00ab Pr\u00e9sents Dans les Villes \u00bb dans toute l\u2019Inter Am\u00e9rique \u00e0 l\u2019occasion de la Journ\u00e9e Mondiale de la Jeunesse\"}]},{\"@type\":\"WebSite\",\"@id\":\"https:\\\/\\\/interamerica.org\\\/fr\\\/#website\",\"url\":\"https:\\\/\\\/interamerica.org\\\/fr\\\/\",\"name\":\"\u00c9glise Adventiste Du Septieme Jour - Inter Am\u00e9rique Division\",\"description\":\"\",\"potentialAction\":[{\"@type\":\"SearchAction\",\"target\":{\"@type\":\"EntryPoint\",\"urlTemplate\":\"https:\\\/\\\/interamerica.org\\\/fr\\\/?s={search_term_string}\"},\"query-input\":{\"@type\":\"PropertyValueSpecification\",\"valueRequired\":true,\"valueName\":\"search_term_string\"}}],\"inLanguage\":\"fr-FR\"},{\"@type\":\"Person\",\"@id\":\"https:\\\/\\\/interamerica.org\\\/fr\\\/#\\\/schema\\\/person\\\/29998f2bc2d8bd0d38662909289b54f1\",\"name\":\"libna\",\"image\":{\"@type\":\"ImageObject\",\"inLanguage\":\"fr-FR\",\"@id\":\"https:\\\/\\\/secure.gravatar.com\\\/avatar\\\/7c5bd30ae4b47a9ba3c856590957fd1d96dc588bf3ac05719d247e126840331f?s=96&d=mm&r=g\",\"url\":\"https:\\\/\\\/secure.gravatar.com\\\/avatar\\\/7c5bd30ae4b47a9ba3c856590957fd1d96dc588bf3ac05719d247e126840331f?s=96&d=mm&r=g\",\"contentUrl\":\"https:\\\/\\\/secure.gravatar.com\\\/avatar\\\/7c5bd30ae4b47a9ba3c856590957fd1d96dc588bf3ac05719d247e126840331f?s=96&d=mm&r=g\",\"caption\":\"libna\"}}]}<\/script>\n<!-- \/ Yoast SEO plugin. -->","yoast_head_json":{"title":"Les jeunes sont \u00ab Pr\u00e9sents Dans les Villes \u00bb dans toute l\u2019Inter Am\u00e9rique \u00e0 l\u2019occasion de la Journ\u00e9e Mondiale de la Jeunesse - \u00c9glise Adventiste Du Septieme Jour - Inter Am\u00e9rique Division","robots":{"index":"index","follow":"follow","max-snippet":"max-snippet:-1","max-image-preview":"max-image-preview:large","max-video-preview":"max-video-preview:-1"},"canonical":"https:\/\/interamerica.org\/fr\/2024\/03\/les-jeunes-sont-presents-dans-les-villes-dans-toute-linter-amerique-a-loccasion-de-la-journee-mondiale-de-la-jeunesse\/","og_locale":"fr_FR","og_type":"article","og_title":"Les jeunes sont \u00ab Pr\u00e9sents Dans les Villes \u00bb dans toute l\u2019Inter Am\u00e9rique \u00e0 l\u2019occasion de la Journ\u00e9e Mondiale de la Jeunesse - \u00c9glise Adventiste Du Septieme Jour - Inter Am\u00e9rique Division","og_description":"Les jeunes servent dans leurs villes et leurs communaut\u00e9s \u00e0 travers des actes de bienveillance. 22 Mars 2024 | Miami, Floride, \u00c9tats-Unis | Libna Stevens, Actualit\u00e9s de la Division Inter...","og_url":"https:\/\/interamerica.org\/fr\/2024\/03\/les-jeunes-sont-presents-dans-les-villes-dans-toute-linter-amerique-a-loccasion-de-la-journee-mondiale-de-la-jeunesse\/","og_site_name":"\u00c9glise Adventiste Du Septieme Jour - Inter Am\u00e9rique Division","article_published_time":"2024-03-22T19:56:51+00:00","article_modified_time":"2024-03-23T01:02:09+00:00","og_image":[{"width":1000,"height":667,"url":"https:\/\/interamerica.org\/wp-content\/uploads\/2024\/03\/cemu-guanajuato-gyd-r.jpg","type":"image\/jpeg"}],"author":"libna","twitter_card":"summary_large_image","twitter_misc":{"\u00c9crit par":"libna","Dur\u00e9e de lecture estim\u00e9e":"17 minutes"},"schema":{"@context":"https:\/\/schema.org","@graph":[{"@type":"Article","@id":"https:\/\/interamerica.org\/fr\/2024\/03\/les-jeunes-sont-presents-dans-les-villes-dans-toute-linter-amerique-a-loccasion-de-la-journee-mondiale-de-la-jeunesse\/#article","isPartOf":{"@id":"https:\/\/interamerica.org\/fr\/2024\/03\/les-jeunes-sont-presents-dans-les-villes-dans-toute-linter-amerique-a-loccasion-de-la-journee-mondiale-de-la-jeunesse\/"},"author":{"name":"libna","@id":"https:\/\/interamerica.org\/fr\/#\/schema\/person\/29998f2bc2d8bd0d38662909289b54f1"},"headline":"Les jeunes sont \u00ab Pr\u00e9sents Dans les Villes \u00bb dans toute l\u2019Inter Am\u00e9rique \u00e0 l\u2019occasion de la Journ\u00e9e Mondiale de la Jeunesse","datePublished":"2024-03-22T19:56:51+00:00","dateModified":"2024-03-23T01:02:09+00:00","mainEntityOfPage":{"@id":"https:\/\/interamerica.org\/fr\/2024\/03\/les-jeunes-sont-presents-dans-les-villes-dans-toute-linter-amerique-a-loccasion-de-la-journee-mondiale-de-la-jeunesse\/"},"wordCount":3351,"image":{"@id":"https:\/\/interamerica.org\/fr\/2024\/03\/les-jeunes-sont-presents-dans-les-villes-dans-toute-linter-amerique-a-loccasion-de-la-journee-mondiale-de-la-jeunesse\/#primaryimage"},"thumbnailUrl":"https:\/\/interamerica.org\/wp-content\/uploads\/2024\/03\/cemu-guanajuato-gyd-r.jpg","articleSection":["Nouvelles du si\u00e8ge de la division","RSS Fran\u00e7ais"],"inLanguage":"fr-FR"},{"@type":"WebPage","@id":"https:\/\/interamerica.org\/fr\/2024\/03\/les-jeunes-sont-presents-dans-les-villes-dans-toute-linter-amerique-a-loccasion-de-la-journee-mondiale-de-la-jeunesse\/","url":"https:\/\/interamerica.org\/fr\/2024\/03\/les-jeunes-sont-presents-dans-les-villes-dans-toute-linter-amerique-a-loccasion-de-la-journee-mondiale-de-la-jeunesse\/","name":"Les jeunes sont \u00ab Pr\u00e9sents Dans les Villes \u00bb dans toute l\u2019Inter Am\u00e9rique \u00e0 l\u2019occasion de la Journ\u00e9e Mondiale de la Jeunesse - \u00c9glise Adventiste Du Septieme Jour - Inter Am\u00e9rique Division","isPartOf":{"@id":"https:\/\/interamerica.org\/fr\/#website"},"primaryImageOfPage":{"@id":"https:\/\/interamerica.org\/fr\/2024\/03\/les-jeunes-sont-presents-dans-les-villes-dans-toute-linter-amerique-a-loccasion-de-la-journee-mondiale-de-la-jeunesse\/#primaryimage"},"image":{"@id":"https:\/\/interamerica.org\/fr\/2024\/03\/les-jeunes-sont-presents-dans-les-villes-dans-toute-linter-amerique-a-loccasion-de-la-journee-mondiale-de-la-jeunesse\/#primaryimage"},"thumbnailUrl":"https:\/\/interamerica.org\/wp-content\/uploads\/2024\/03\/cemu-guanajuato-gyd-r.jpg","datePublished":"2024-03-22T19:56:51+00:00","dateModified":"2024-03-23T01:02:09+00:00","author":{"@id":"https:\/\/interamerica.org\/fr\/#\/schema\/person\/29998f2bc2d8bd0d38662909289b54f1"},"breadcrumb":{"@id":"https:\/\/interamerica.org\/fr\/2024\/03\/les-jeunes-sont-presents-dans-les-villes-dans-toute-linter-amerique-a-loccasion-de-la-journee-mondiale-de-la-jeunesse\/#breadcrumb"},"inLanguage":"fr-FR","potentialAction":[{"@type":"ReadAction","target":["https:\/\/interamerica.org\/fr\/2024\/03\/les-jeunes-sont-presents-dans-les-villes-dans-toute-linter-amerique-a-loccasion-de-la-journee-mondiale-de-la-jeunesse\/"]}]},{"@type":"ImageObject","inLanguage":"fr-FR","@id":"https:\/\/interamerica.org\/fr\/2024\/03\/les-jeunes-sont-presents-dans-les-villes-dans-toute-linter-amerique-a-loccasion-de-la-journee-mondiale-de-la-jeunesse\/#primaryimage","url":"https:\/\/interamerica.org\/wp-content\/uploads\/2024\/03\/cemu-guanajuato-gyd-r.jpg","contentUrl":"https:\/\/interamerica.org\/wp-content\/uploads\/2024\/03\/cemu-guanajuato-gyd-r.jpg","width":1000,"height":667,"caption":"[Photo: Gaby Chagolla]"},{"@type":"BreadcrumbList","@id":"https:\/\/interamerica.org\/fr\/2024\/03\/les-jeunes-sont-presents-dans-les-villes-dans-toute-linter-amerique-a-loccasion-de-la-journee-mondiale-de-la-jeunesse\/#breadcrumb","itemListElement":[{"@type":"ListItem","position":1,"name":"Home","item":"https:\/\/interamerica.org\/fr\/"},{"@type":"ListItem","position":2,"name":"Les jeunes sont \u00ab Pr\u00e9sents Dans les Villes \u00bb dans toute l\u2019Inter Am\u00e9rique \u00e0 l\u2019occasion de la Journ\u00e9e Mondiale de la Jeunesse"}]},{"@type":"WebSite","@id":"https:\/\/interamerica.org\/fr\/#website","url":"https:\/\/interamerica.org\/fr\/","name":"\u00c9glise Adventiste Du Septieme Jour - Inter Am\u00e9rique Division","description":"","potentialAction":[{"@type":"SearchAction","target":{"@type":"EntryPoint","urlTemplate":"https:\/\/interamerica.org\/fr\/?s={search_term_string}"},"query-input":{"@type":"PropertyValueSpecification","valueRequired":true,"valueName":"search_term_string"}}],"inLanguage":"fr-FR"},{"@type":"Person","@id":"https:\/\/interamerica.org\/fr\/#\/schema\/person\/29998f2bc2d8bd0d38662909289b54f1","name":"libna","image":{"@type":"ImageObject","inLanguage":"fr-FR","@id":"https:\/\/secure.gravatar.com\/avatar\/7c5bd30ae4b47a9ba3c856590957fd1d96dc588bf3ac05719d247e126840331f?s=96&d=mm&r=g","url":"https:\/\/secure.gravatar.com\/avatar\/7c5bd30ae4b47a9ba3c856590957fd1d96dc588bf3ac05719d247e126840331f?s=96&d=mm&r=g","contentUrl":"https:\/\/secure.gravatar.com\/avatar\/7c5bd30ae4b47a9ba3c856590957fd1d96dc588bf3ac05719d247e126840331f?s=96&d=mm&r=g","caption":"libna"}}]}},"_links":{"self":[{"href":"https:\/\/interamerica.org\/fr\/wp-json\/wp\/v2\/posts\/111558","targetHints":{"allow":["GET"]}}],"collection":[{"href":"https:\/\/interamerica.org\/fr\/wp-json\/wp\/v2\/posts"}],"about":[{"href":"https:\/\/interamerica.org\/fr\/wp-json\/wp\/v2\/types\/post"}],"author":[{"embeddable":true,"href":"https:\/\/interamerica.org\/fr\/wp-json\/wp\/v2\/users\/3"}],"replies":[{"embeddable":true,"href":"https:\/\/interamerica.org\/fr\/wp-json\/wp\/v2\/comments?post=111558"}],"version-history":[{"count":0,"href":"https:\/\/interamerica.org\/fr\/wp-json\/wp\/v2\/posts\/111558\/revisions"}],"wp:featuredmedia":[{"embeddable":true,"href":"https:\/\/interamerica.org\/fr\/wp-json\/wp\/v2\/media\/111464"}],"wp:attachment":[{"href":"https:\/\/interamerica.org\/fr\/wp-json\/wp\/v2\/media?parent=111558"}],"wp:term":[{"taxonomy":"category","embeddable":true,"href":"https:\/\/interamerica.org\/fr\/wp-json\/wp\/v2\/categories?post=111558"},{"taxonomy":"post_tag","embeddable":true,"href":"https:\/\/interamerica.org\/fr\/wp-json\/wp\/v2\/tags?post=111558"}],"curies":[{"name":"wp","href":"https:\/\/api.w.org\/{rel}","templated":true}]}}