{"id":112335,"date":"2024-04-09T08:30:03","date_gmt":"2024-04-09T12:30:03","guid":{"rendered":"https:\/\/interamerica.org\/?p=112335"},"modified":"2024-04-10T07:08:44","modified_gmt":"2024-04-10T11:08:44","slug":"dans-un-temple-ou-sous-un-chapiteau-la-mission-est-la-meme-pour-leglise-a-sainte-croix","status":"publish","type":"post","link":"https:\/\/interamerica.org\/fr\/2024\/04\/dans-un-temple-ou-sous-un-chapiteau-la-mission-est-la-meme-pour-leglise-a-sainte-croix\/","title":{"rendered":"Dans un temple ou sous un chapiteau, la mission est la m\u00eame pour l\u2019\u00e9glise \u00e0 Sainte-Croix"},"content":{"rendered":"<p><div id=\"attachment_112277\" style=\"width: 846px\" class=\"wp-caption aligncenter\"><img fetchpriority=\"high\" decoding=\"async\" aria-describedby=\"caption-attachment-112277\" class=\" wp-image-112276\" src=\"https:\/\/interamerica.org\/wp-content\/uploads\/2024\/04\/petersrest-stcroix-1-1024x546.jpeg\" alt=\"\" width=\"836\" height=\"446\" srcset=\"https:\/\/interamerica.org\/wp-content\/uploads\/2024\/04\/petersrest-stcroix-1-1024x546.jpeg 1024w, https:\/\/interamerica.org\/wp-content\/uploads\/2024\/04\/petersrest-stcroix-1-300x160.jpeg 300w, https:\/\/interamerica.org\/wp-content\/uploads\/2024\/04\/petersrest-stcroix-1-768x410.jpeg 768w, https:\/\/interamerica.org\/wp-content\/uploads\/2024\/04\/petersrest-stcroix-1-1536x820.jpeg 1536w, https:\/\/interamerica.org\/wp-content\/uploads\/2024\/04\/petersrest-stcroix-1.jpeg 2024w\" sizes=\"(max-width: 836px) 100vw, 836px\" \/><p id=\"caption-attachment-112277\" class=\"wp-caption-text\">Le chapiteau o\u00f9 les membres de l\u2019\u00e9glise adventiste du septi\u00e8me jour de Peter\u2019s Rest se r\u00e9unissent chaque semaine depuis que leur lieu de culte a \u00e9t\u00e9 endommag\u00e9 par un incendie en 2020 \u00e0 Sainte-Croix, dans les \u00eeles Vierges am\u00e9ricaines. [Photo : Union de F\u00e9d\u00e9rations de la Cara\u00efbe]<\/p><\/div><em>En 2020, les membres de l\u2019\u00e9glise Peter\u2019s Rest ont perdu leur lieu de culte suite \u00e0 un incendie. Ils continuent d\u2019aller vers les autres.<\/em><\/p>\n<p>9 Avril 2024 | Christiansted, Sainte-Croix, \u00celes Vierges am\u00e9ricaines | Marcos Paseggi, Adventist Review<\/p>\n<p>Le 5 mai 2020 a \u00e9t\u00e9 un jour d\u00e9courageant pour les membres et les dirigeants de l\u2019\u00e9glise adventiste du septi\u00e8me jour de Peter\u2019s Rest \u00e0 Sainte-Croix, dans les \u00eeles Vierges am\u00e9ricaines.<\/p>\n<p>Ce jour fatidique, en plein confinement et avec toutes les autres complications provoqu\u00e9es par la pand\u00e9mie de COVID-19, les membres adventistes et leurs voisins ont regard\u00e9, impuissants, le b\u00e2timent ultramoderne de leur \u00e9glise \u00eatre consum\u00e9 par le feu. Le lieu de culte, situ\u00e9 sur un site strat\u00e9gique du quartier de Peter\u2019s Rest, \u00e9tait consid\u00e9r\u00e9 comme un point de rep\u00e8re par de nombreux habitants de l\u2019\u00eele.<\/p>\n<p><div id=\"attachment_112280\" style=\"width: 840px\" class=\"wp-caption aligncenter\"><img decoding=\"async\" aria-describedby=\"caption-attachment-112280\" class=\" wp-image-112279\" src=\"https:\/\/interamerica.org\/wp-content\/uploads\/2024\/04\/petersrest-stcroix-tent-1024x576.jpeg\" alt=\"\" width=\"830\" height=\"467\" srcset=\"https:\/\/interamerica.org\/wp-content\/uploads\/2024\/04\/petersrest-stcroix-tent-1024x576.jpeg 1024w, https:\/\/interamerica.org\/wp-content\/uploads\/2024\/04\/petersrest-stcroix-tent-300x169.jpeg 300w, https:\/\/interamerica.org\/wp-content\/uploads\/2024\/04\/petersrest-stcroix-tent-768x432.jpeg 768w, https:\/\/interamerica.org\/wp-content\/uploads\/2024\/04\/petersrest-stcroix-tent.jpeg 1536w\" sizes=\"(max-width: 830px) 100vw, 830px\" \/><p id=\"caption-attachment-112280\" class=\"wp-caption-text\">Des centaines de participants, y compris des dirigeants d\u2019\u00e9glise, des membres et des invit\u00e9s, ont assist\u00e9 au service d\u2019ouverture de la campagne Impact 24 sous le chapiteau de l\u2019\u00e9glise adventiste de Peter\u2019s Rest \u00e0 Sainte-Croix le 30 mars. [Photo : Union de F\u00e9d\u00e9rations de la Cara\u00efbe]<\/p><\/div>Ce 5 mai, plusieurs unit\u00e9s de pompiers des \u00eeles Vierges sont intervenues et ont travaill\u00e9 sans rel\u00e2che pour contenir l\u2019incendie, qui s\u2019est propag\u00e9 rapidement \u00e0 travers la structure. Des images film\u00e9es \u00e0 l\u2019int\u00e9rieur du b\u00e2timent brul\u00e9 ont r\u00e9v\u00e9l\u00e9 que l\u2019incendie avait d\u00e9truit l\u2019int\u00e9gralit\u00e9 du niveau sup\u00e9rieur de l\u2019\u00e9glise, y compris les bancs, le mobilier de la plate-forme et l\u2019\u00e9quipement de communication r\u00e9cemment achet\u00e9 pour proposer un minist\u00e8re virtuel. Des parties du toit massif se sont effondr\u00e9es, emportant avec elles les panneaux solaires que l\u2019\u00e9glise avait r\u00e9cemment install\u00e9s.<\/p>\n<p>\u00ab Cela m\u2019a bris\u00e9 quand j\u2019ai vu l\u2019\u00e9glise, \u00bb avait alors d\u00e9clar\u00e9 le pasteur de l\u2019\u00e9glise locale \u00e0 l\u2019\u00e9poque, Earl Daniel, tout en se r\u00e9jouissant du fait que personne n\u2019avait perdu la vie dans l\u2019incendie.<\/p>\n<p><div id=\"attachment_112283\" style=\"width: 828px\" class=\"wp-caption aligncenter\"><img decoding=\"async\" aria-describedby=\"caption-attachment-112283\" class=\" wp-image-112282\" src=\"https:\/\/interamerica.org\/wp-content\/uploads\/2024\/04\/in-st-croix-members-watch-as-adventist-church-goes-up-in-flames.webp\" alt=\"\" width=\"818\" height=\"409\" srcset=\"https:\/\/interamerica.org\/wp-content\/uploads\/2024\/04\/in-st-croix-members-watch-as-adventist-church-goes-up-in-flames.webp 1000w, https:\/\/interamerica.org\/wp-content\/uploads\/2024\/04\/in-st-croix-members-watch-as-adventist-church-goes-up-in-flames-300x150.webp 300w, https:\/\/interamerica.org\/wp-content\/uploads\/2024\/04\/in-st-croix-members-watch-as-adventist-church-goes-up-in-flames-768x384.webp 768w\" sizes=\"(max-width: 818px) 100vw, 818px\" \/><p id=\"caption-attachment-112283\" class=\"wp-caption-text\">En 2020, le b\u00e2timent de l\u2019\u00e9glise adventiste de Peter\u2019s Rest \u00e0 Sainte-Croix a \u00e9t\u00e9 gravement endommag\u00e9 par un incendie. L\u2019\u00e9glise est reconstruite \u00ab plus solide et en mieux, \u00bb ont d\u00e9clar\u00e9 les dirigeants r\u00e9gionaux. [Photo : Union de F\u00e9d\u00e9rations de la Cara\u00efbe]<\/p><\/div>Le b\u00e2timent, construit en 1985, abritait le sanctuaire principal, une salle multim\u00e9dia, une salle pour les m\u00e8res, une salle de rencontres fraternelles utilis\u00e9e pour les classes de l\u2019\u00c9cole du Sabbat des enfants, une cuisine et un bureau. En cette occasion difficile, pasteur Daniel avait invit\u00e9 de nombreux membres \u00e0 continuer d\u2019avoir foi dans le Dieu de l\u2019esp\u00e9rance.<\/p>\n<p>\u00ab Demandez-lui de prendre soin de nous tous, et nous verrons l\u2019\u00e9glise de Peter\u2019s Rest restaur\u00e9e pour devenir un \u00e9difice encore plus magnifique. Gardez cela \u00e0 l\u2019esprit et faisons tout ce que nous pouvons pour \u00eatre \u00e0 la hauteur et travaillons ensemble pour terminer le travail, \u00bb avait-t-il d\u00e9clar\u00e9 en 2020.<\/p>\n<p><div id=\"attachment_112286\" style=\"width: 832px\" class=\"wp-caption aligncenter\"><img loading=\"lazy\" decoding=\"async\" aria-describedby=\"caption-attachment-112286\" class=\" wp-image-112285\" src=\"https:\/\/interamerica.org\/wp-content\/uploads\/2024\/04\/ncc-petersrestdsc-0148.jpeg\" alt=\"\" width=\"822\" height=\"548\" srcset=\"https:\/\/interamerica.org\/wp-content\/uploads\/2024\/04\/ncc-petersrestdsc-0148.jpeg 1000w, https:\/\/interamerica.org\/wp-content\/uploads\/2024\/04\/ncc-petersrestdsc-0148-300x200.jpeg 300w, https:\/\/interamerica.org\/wp-content\/uploads\/2024\/04\/ncc-petersrestdsc-0148-768x512.jpeg 768w\" sizes=\"(max-width: 822px) 100vw, 822px\" \/><p id=\"caption-attachment-112286\" class=\"wp-caption-text\">Silton N. Browne, pr\u00e9sident \u00e0 la retraite de la F\u00e9d\u00e9ration du Nord de la Cara\u00efbe, souhaite la bienvenue aux membres et aux invit\u00e9s \u00e0 la r\u00e9union d\u2019\u00e9vang\u00e9lisation \u00e0 l\u2019\u00e9glise adventiste de Peter\u2019s Rest le 1er avril. [Photo : Marcos Paseggi, Adventist Review]<\/p><\/div><strong>Se R\u00e9adapter et avancer<\/strong><\/p>\n<p>Pr\u00e8s de quatre ans apr\u00e8s la catastrophe, la congr\u00e9gation de Peter\u2019s Rest continue de travailler pour r\u00e9aliser le r\u00eave d\u2019avoir \u00ab un \u00e9difice encore plus magnifique. \u00bb Bien que les sections enfantines puissent se r\u00e9unir dans la salle de rencontres fraternelles \u00e0 l\u2019\u00e9tage inf\u00e9rieur, le reste du b\u00e2timent de trois \u00e9tages est encore en construction et n\u2019est ni accessible ni utilisable. Entre temps, depuis l\u2019incendie, les membres d\u2019\u00e9glise se r\u00e9unissent sous un chapiteau \u00e0 c\u00f4t\u00e9 de l\u2019immense b\u00e2timent de l\u2019\u00e9glise.<\/p>\n<p>\u00ab Nous travaillons \u00e0 la construction d\u2019un meilleur lieu de culte que le pr\u00e9c\u00e9dent, \u00bb a d\u00e9clar\u00e9 Desmond James, pr\u00e9sident de la F\u00e9d\u00e9ration du Nord de la Cara\u00efbe. \u00ab D\u2019apr\u00e8s nos plans, nous devrions inaugurer la nouvelle structure, si Dieu le veut, dans le courant de l\u2019ann\u00e9e 2025. \u00bb<\/p>\n<p><div id=\"attachment_112289\" style=\"width: 808px\" class=\"wp-caption aligncenter\"><img loading=\"lazy\" decoding=\"async\" aria-describedby=\"caption-attachment-112289\" class=\" wp-image-112288\" src=\"https:\/\/interamerica.org\/wp-content\/uploads\/2024\/04\/peterrest-3dsc-0150.jpeg\" alt=\"\" width=\"798\" height=\"532\" srcset=\"https:\/\/interamerica.org\/wp-content\/uploads\/2024\/04\/peterrest-3dsc-0150.jpeg 1000w, https:\/\/interamerica.org\/wp-content\/uploads\/2024\/04\/peterrest-3dsc-0150-300x200.jpeg 300w, https:\/\/interamerica.org\/wp-content\/uploads\/2024\/04\/peterrest-3dsc-0150-768x512.jpeg 768w\" sizes=\"(max-width: 798px) 100vw, 798px\" \/><p id=\"caption-attachment-112289\" class=\"wp-caption-text\">Une femme r\u00e9agit \u00e0 un moment de louange et de pri\u00e8re \u00e0 l\u2019\u00e9glise adventiste Peter\u2019s Rest \u00e0 Sainte-Croix, le 1er avril. [Photo : Marcos Paseggi, Adventist Review]<\/p><\/div><strong>Un lieu pour Impact 24<\/strong><\/p>\n<p>Lorsqu&rsquo;un groupe de la Tr\u00e9sorerie de la Conf\u00e9rence G\u00e9n\u00e9rale a uni ses forces \u00e0 celles de la Division Inter Am\u00e9ricaine, de l\u2019Union de F\u00e9d\u00e9rations de la Cara\u00efbe, de la F\u00e9d\u00e9ration du Nord de la Cara\u00efbe et \u00e0 celles d\u2019autres partenaires pour tenir une campagne d\u2019\u00e9vang\u00e9lisation sur l\u2019\u00eele en 2024, Peter&rsquo;s Rest a \u00e9t\u00e9 s\u00e9lectionn\u00e9 comme l\u2019un des quatre sites o\u00f9 se d\u00e9roulerait l\u2019initiative \u00e0 Sainte-Croix. Les rencontres Impact 24, qui se d\u00e9roulent du 30 mars au 13 avril autour du th\u00e8me \u00ab Votre Parcours vers la Joie, \u00bb ont inspir\u00e9 les \u00e9glises locales pour la mission et comprennent des s\u00e9ances de pri\u00e8re, une clinique de sant\u00e9 gratuite parrain\u00e9e par le P\u00f4le Sant\u00e9 de l\u2019Universit\u00e9 de Loma Linda et un projet d\u2019action missionnaire dans la communaut\u00e9.<\/p>\n<p>Bien qu\u2019ils aient une \u00e9glise \u00ab sans murs, \u00bb les membres et les dirigeants de l\u2019\u00e9glise de Peter\u2019s Rest ont soigneusement planifi\u00e9 chaque activit\u00e9. Et le 1er avril n\u2019a pas fait exception : un groupe bien form\u00e9 de personnel d\u2019accueil, de diacres et d\u2019assistants a accueilli les membres et les invit\u00e9s pour un autre soir de rencontre dirig\u00e9 par Ramone Griffith, directeur des minist\u00e8res pour la jeunesse et les jeunes adultes de la F\u00e9d\u00e9ration de l\u2019Allegheny Est aux \u00c9tats-Unis, le conf\u00e9rencier invit\u00e9 pour la campagne.<\/p>\n<p><div id=\"attachment_112292\" style=\"width: 817px\" class=\"wp-caption aligncenter\"><img loading=\"lazy\" decoding=\"async\" aria-describedby=\"caption-attachment-112292\" class=\" wp-image-112291\" src=\"https:\/\/interamerica.org\/wp-content\/uploads\/2024\/04\/peters-rest-tent-dsc-0168.jpeg\" alt=\"\" width=\"807\" height=\"538\" srcset=\"https:\/\/interamerica.org\/wp-content\/uploads\/2024\/04\/peters-rest-tent-dsc-0168.jpeg 1000w, https:\/\/interamerica.org\/wp-content\/uploads\/2024\/04\/peters-rest-tent-dsc-0168-300x200.jpeg 300w, https:\/\/interamerica.org\/wp-content\/uploads\/2024\/04\/peters-rest-tent-dsc-0168-768x512.jpeg 768w\" sizes=\"(max-width: 807px) 100vw, 807px\" \/><p id=\"caption-attachment-112292\" class=\"wp-caption-text\">L\u2019\u00e9quipe de louange dirige les chants de la congr\u00e9gation sous le chapiteau de Peter\u2019s Rest, \u00e0 Sainte-Croix, le 1er avril. [Photo : Marcos Paseggi, Adventist Review]<\/p><\/div><strong>Pri\u00e8re et connexion au milieu du chaos<\/strong><\/p>\n<p>Le 1er avril, sous un plus petit chapiteau pr\u00e8s du chapiteau principal, un petit groupe de membres d\u2019\u00e9glise a pass\u00e9 du temps en pri\u00e8re pendant toute la r\u00e9union d\u2019\u00e9vang\u00e9lisation. Ces \u00ab combattants de la pri\u00e8re \u00bb sont l\u00e0 tous les soirs, demandant \u00e0 Dieu de b\u00e9nir les efforts malgr\u00e9 leurs d\u00e9fis logistiques.<\/p>\n<p>Sous le chapiteau principal, la rencontre du 1er avril a mis l\u2019accent sur les liens et les relations au niveau de la famille. Ramone Griffith a soulign\u00e9 comment les rencontres tenues dans le cadre de \u00ab Votre Parcours vers la Sant\u00e9 \u00bb mettront l\u2019emphase cons\u00e9cutivement sur la pri\u00e8re pour la gu\u00e9rison divine des relations, la pri\u00e8re pour la gu\u00e9rison physique, la pri\u00e8re pour la prosp\u00e9rit\u00e9 financi\u00e8re et la pri\u00e8re pour les b\u00e9n\u00e9dictions spirituelles. \u00ab Peu importe ce que vous vivez en ce moment, laissez-moi vous rappeler que Dieu est fid\u00e8le, \u00bb a-t-il d\u00e9clar\u00e9.<\/p>\n<p><div id=\"attachment_112295\" style=\"width: 815px\" class=\"wp-caption aligncenter\"><img loading=\"lazy\" decoding=\"async\" aria-describedby=\"caption-attachment-112295\" class=\" wp-image-112294\" src=\"https:\/\/interamerica.org\/wp-content\/uploads\/2024\/04\/griffin-petersrestdsc-0179.jpeg\" alt=\"\" width=\"805\" height=\"537\" srcset=\"https:\/\/interamerica.org\/wp-content\/uploads\/2024\/04\/griffin-petersrestdsc-0179.jpeg 1000w, https:\/\/interamerica.org\/wp-content\/uploads\/2024\/04\/griffin-petersrestdsc-0179-300x200.jpeg 300w, https:\/\/interamerica.org\/wp-content\/uploads\/2024\/04\/griffin-petersrestdsc-0179-768x512.jpeg 768w\" sizes=\"(max-width: 805px) 100vw, 805px\" \/><p id=\"caption-attachment-112295\" class=\"wp-caption-text\">Ramone Griffith, directeur du minist\u00e8re des jeunes et des jeunes adultes de la F\u00e9d\u00e9ration de l\u2019Allegheny Est aux \u00c9tats-Unis, est le conf\u00e9rencier invit\u00e9 pour la campagne d\u2019\u00e9vang\u00e9lisation \u00e0 l\u2019\u00e9glise adventiste de Peter\u2019s Rest \u00e0 Sainte-Croix. [Photo : Marcos Paseggi, Adventist Review]<\/p><\/div>Ramone Griffith a reconnu que parfois, nos vies sont confront\u00e9es \u00e0 des difficult\u00e9s continuelles. \u00ab Mais m\u00eame au milieu du chaos, nous pouvons dire : \u2018Je choisis la joie, je choisis la paix, je choisis Dieu,\u2019 \u00bb a-t-il d\u00e9clar\u00e9.<\/p>\n<p>Il a \u00e9galement invit\u00e9 les auditeurs \u00e0 ne pas donner trop de pouvoir aux autres sur eux. \u00ab Certaines personnes sont comme des nuages : d\u00e8s qu\u2019elles s\u2019en vont, on a droit \u00e0 une belle journ\u00e9e, \u00bb a dit Ramone Griffith en plaisantant. \u00ab Alors vivez simplement votre vie et faites le choix de garder le contr\u00f4le et de louer le Seigneur\u2026 Parce qu\u2019il est plus productif de louer Dieu que de se plaindre et de murmurer\u2026 Alors, relevez la t\u00eate, redressez le dos et marchez droit, parce que Dieu n\u2019en a pas encore fini avec vous. \u00bb<\/p>\n<p><em>Royston Philbert a apport\u00e9 sa contribution \u00e0 cet article.<\/em><\/p>\n<p>Traduction: Patrick Luciathe<\/p>\n","protected":false},"excerpt":{"rendered":"<p>En 2020, les membres de l\u2019\u00e9glise Peter\u2019s Rest ont perdu leur lieu de culte suite \u00e0 un incendie. Ils continuent d\u2019aller vers les autres. 9 Avril 2024 | Christiansted, Sainte-Croix,&#8230;<\/p>\n","protected":false},"author":3,"featured_media":112277,"comment_status":"closed","ping_status":"closed","sticky":false,"template":"","format":"standard","meta":{"_acf_changed":false,"footnotes":""},"categories":[18,19],"tags":[],"class_list":["post-112335","post","type-post","status-publish","format-standard","has-post-thumbnail","hentry","category-nouvelles-de-leglise-mondiale","category-rss-francais"],"acf":[],"yoast_head":"<!-- This site is optimized with the Yoast SEO plugin v27.3 - https:\/\/yoast.com\/product\/yoast-seo-wordpress\/ -->\n<title>Dans un temple ou sous un chapiteau, la mission est la m\u00eame pour l\u2019\u00e9glise \u00e0 Sainte-Croix - \u00c9glise Adventiste Du Septieme Jour - Inter Am\u00e9rique Division<\/title>\n<meta name=\"robots\" content=\"index, follow, max-snippet:-1, max-image-preview:large, max-video-preview:-1\" \/>\n<link rel=\"canonical\" href=\"https:\/\/interamerica.org\/fr\/2024\/04\/dans-un-temple-ou-sous-un-chapiteau-la-mission-est-la-meme-pour-leglise-a-sainte-croix\/\" \/>\n<meta property=\"og:locale\" content=\"fr_FR\" \/>\n<meta property=\"og:type\" content=\"article\" \/>\n<meta property=\"og:title\" content=\"Dans un temple ou sous un chapiteau, la mission est la m\u00eame pour l\u2019\u00e9glise \u00e0 Sainte-Croix - \u00c9glise Adventiste Du Septieme Jour - Inter Am\u00e9rique Division\" \/>\n<meta property=\"og:description\" content=\"En 2020, les membres de l\u2019\u00e9glise Peter\u2019s Rest ont perdu leur lieu de culte suite \u00e0 un incendie. Ils continuent d\u2019aller vers les autres. 9 Avril 2024 | Christiansted, Sainte-Croix,...\" \/>\n<meta property=\"og:url\" content=\"https:\/\/interamerica.org\/fr\/2024\/04\/dans-un-temple-ou-sous-un-chapiteau-la-mission-est-la-meme-pour-leglise-a-sainte-croix\/\" \/>\n<meta property=\"og:site_name\" content=\"\u00c9glise Adventiste Du Septieme Jour - Inter Am\u00e9rique Division\" \/>\n<meta property=\"article:published_time\" content=\"2024-04-09T12:30:03+00:00\" \/>\n<meta property=\"article:modified_time\" content=\"2024-04-10T11:08:44+00:00\" \/>\n<meta property=\"og:image\" content=\"https:\/\/interamerica.org\/wp-content\/uploads\/2024\/04\/petersrest-stcroix-1.jpeg\" \/>\n\t<meta property=\"og:image:width\" content=\"2024\" \/>\n\t<meta property=\"og:image:height\" content=\"1080\" \/>\n\t<meta property=\"og:image:type\" content=\"image\/jpeg\" \/>\n<meta name=\"author\" content=\"libna\" \/>\n<meta name=\"twitter:card\" content=\"summary_large_image\" \/>\n<meta name=\"twitter:label1\" content=\"\u00c9crit par\" \/>\n\t<meta name=\"twitter:data1\" content=\"libna\" \/>\n\t<meta name=\"twitter:label2\" content=\"Dur\u00e9e de lecture estim\u00e9e\" \/>\n\t<meta name=\"twitter:data2\" content=\"8 minutes\" \/>\n<script type=\"application\/ld+json\" class=\"yoast-schema-graph\">{\"@context\":\"https:\\\/\\\/schema.org\",\"@graph\":[{\"@type\":\"Article\",\"@id\":\"https:\\\/\\\/interamerica.org\\\/fr\\\/2024\\\/04\\\/dans-un-temple-ou-sous-un-chapiteau-la-mission-est-la-meme-pour-leglise-a-sainte-croix\\\/#article\",\"isPartOf\":{\"@id\":\"https:\\\/\\\/interamerica.org\\\/fr\\\/2024\\\/04\\\/dans-un-temple-ou-sous-un-chapiteau-la-mission-est-la-meme-pour-leglise-a-sainte-croix\\\/\"},\"author\":{\"name\":\"libna\",\"@id\":\"https:\\\/\\\/interamerica.org\\\/fr\\\/#\\\/schema\\\/person\\\/29998f2bc2d8bd0d38662909289b54f1\"},\"headline\":\"Dans un temple ou sous un chapiteau, la mission est la m\u00eame pour l\u2019\u00e9glise \u00e0 Sainte-Croix\",\"datePublished\":\"2024-04-09T12:30:03+00:00\",\"dateModified\":\"2024-04-10T11:08:44+00:00\",\"mainEntityOfPage\":{\"@id\":\"https:\\\/\\\/interamerica.org\\\/fr\\\/2024\\\/04\\\/dans-un-temple-ou-sous-un-chapiteau-la-mission-est-la-meme-pour-leglise-a-sainte-croix\\\/\"},\"wordCount\":1485,\"image\":{\"@id\":\"https:\\\/\\\/interamerica.org\\\/fr\\\/2024\\\/04\\\/dans-un-temple-ou-sous-un-chapiteau-la-mission-est-la-meme-pour-leglise-a-sainte-croix\\\/#primaryimage\"},\"thumbnailUrl\":\"https:\\\/\\\/interamerica.org\\\/wp-content\\\/uploads\\\/2024\\\/04\\\/petersrest-stcroix-1.jpeg\",\"articleSection\":[\"Nouvelles de l'\u00c9glise mondiale\",\"RSS Fran\u00e7ais\"],\"inLanguage\":\"fr-FR\"},{\"@type\":\"WebPage\",\"@id\":\"https:\\\/\\\/interamerica.org\\\/fr\\\/2024\\\/04\\\/dans-un-temple-ou-sous-un-chapiteau-la-mission-est-la-meme-pour-leglise-a-sainte-croix\\\/\",\"url\":\"https:\\\/\\\/interamerica.org\\\/fr\\\/2024\\\/04\\\/dans-un-temple-ou-sous-un-chapiteau-la-mission-est-la-meme-pour-leglise-a-sainte-croix\\\/\",\"name\":\"Dans un temple ou sous un chapiteau, la mission est la m\u00eame pour l\u2019\u00e9glise \u00e0 Sainte-Croix - \u00c9glise Adventiste Du Septieme Jour - Inter Am\u00e9rique Division\",\"isPartOf\":{\"@id\":\"https:\\\/\\\/interamerica.org\\\/fr\\\/#website\"},\"primaryImageOfPage\":{\"@id\":\"https:\\\/\\\/interamerica.org\\\/fr\\\/2024\\\/04\\\/dans-un-temple-ou-sous-un-chapiteau-la-mission-est-la-meme-pour-leglise-a-sainte-croix\\\/#primaryimage\"},\"image\":{\"@id\":\"https:\\\/\\\/interamerica.org\\\/fr\\\/2024\\\/04\\\/dans-un-temple-ou-sous-un-chapiteau-la-mission-est-la-meme-pour-leglise-a-sainte-croix\\\/#primaryimage\"},\"thumbnailUrl\":\"https:\\\/\\\/interamerica.org\\\/wp-content\\\/uploads\\\/2024\\\/04\\\/petersrest-stcroix-1.jpeg\",\"datePublished\":\"2024-04-09T12:30:03+00:00\",\"dateModified\":\"2024-04-10T11:08:44+00:00\",\"author\":{\"@id\":\"https:\\\/\\\/interamerica.org\\\/fr\\\/#\\\/schema\\\/person\\\/29998f2bc2d8bd0d38662909289b54f1\"},\"breadcrumb\":{\"@id\":\"https:\\\/\\\/interamerica.org\\\/fr\\\/2024\\\/04\\\/dans-un-temple-ou-sous-un-chapiteau-la-mission-est-la-meme-pour-leglise-a-sainte-croix\\\/#breadcrumb\"},\"inLanguage\":\"fr-FR\",\"potentialAction\":[{\"@type\":\"ReadAction\",\"target\":[\"https:\\\/\\\/interamerica.org\\\/fr\\\/2024\\\/04\\\/dans-un-temple-ou-sous-un-chapiteau-la-mission-est-la-meme-pour-leglise-a-sainte-croix\\\/\"]}]},{\"@type\":\"ImageObject\",\"inLanguage\":\"fr-FR\",\"@id\":\"https:\\\/\\\/interamerica.org\\\/fr\\\/2024\\\/04\\\/dans-un-temple-ou-sous-un-chapiteau-la-mission-est-la-meme-pour-leglise-a-sainte-croix\\\/#primaryimage\",\"url\":\"https:\\\/\\\/interamerica.org\\\/wp-content\\\/uploads\\\/2024\\\/04\\\/petersrest-stcroix-1.jpeg\",\"contentUrl\":\"https:\\\/\\\/interamerica.org\\\/wp-content\\\/uploads\\\/2024\\\/04\\\/petersrest-stcroix-1.jpeg\",\"width\":2024,\"height\":1080,\"caption\":\"Tent where members of Peter\u2019s Rest Seventh-day Adventist Church has been meeting every week since their church building was damaged by a fire in 2020 in St. Croix, U.S. Virgin Islands. [Photo: Caribbean Union Conference]\"},{\"@type\":\"BreadcrumbList\",\"@id\":\"https:\\\/\\\/interamerica.org\\\/fr\\\/2024\\\/04\\\/dans-un-temple-ou-sous-un-chapiteau-la-mission-est-la-meme-pour-leglise-a-sainte-croix\\\/#breadcrumb\",\"itemListElement\":[{\"@type\":\"ListItem\",\"position\":1,\"name\":\"Home\",\"item\":\"https:\\\/\\\/interamerica.org\\\/fr\\\/\"},{\"@type\":\"ListItem\",\"position\":2,\"name\":\"Dans un temple ou sous un chapiteau, la mission est la m\u00eame pour l\u2019\u00e9glise \u00e0 Sainte-Croix\"}]},{\"@type\":\"WebSite\",\"@id\":\"https:\\\/\\\/interamerica.org\\\/fr\\\/#website\",\"url\":\"https:\\\/\\\/interamerica.org\\\/fr\\\/\",\"name\":\"\u00c9glise Adventiste Du Septieme Jour - Inter Am\u00e9rique Division\",\"description\":\"\",\"potentialAction\":[{\"@type\":\"SearchAction\",\"target\":{\"@type\":\"EntryPoint\",\"urlTemplate\":\"https:\\\/\\\/interamerica.org\\\/fr\\\/?s={search_term_string}\"},\"query-input\":{\"@type\":\"PropertyValueSpecification\",\"valueRequired\":true,\"valueName\":\"search_term_string\"}}],\"inLanguage\":\"fr-FR\"},{\"@type\":\"Person\",\"@id\":\"https:\\\/\\\/interamerica.org\\\/fr\\\/#\\\/schema\\\/person\\\/29998f2bc2d8bd0d38662909289b54f1\",\"name\":\"libna\",\"image\":{\"@type\":\"ImageObject\",\"inLanguage\":\"fr-FR\",\"@id\":\"https:\\\/\\\/secure.gravatar.com\\\/avatar\\\/7c5bd30ae4b47a9ba3c856590957fd1d96dc588bf3ac05719d247e126840331f?s=96&d=mm&r=g\",\"url\":\"https:\\\/\\\/secure.gravatar.com\\\/avatar\\\/7c5bd30ae4b47a9ba3c856590957fd1d96dc588bf3ac05719d247e126840331f?s=96&d=mm&r=g\",\"contentUrl\":\"https:\\\/\\\/secure.gravatar.com\\\/avatar\\\/7c5bd30ae4b47a9ba3c856590957fd1d96dc588bf3ac05719d247e126840331f?s=96&d=mm&r=g\",\"caption\":\"libna\"}}]}<\/script>\n<!-- \/ Yoast SEO plugin. -->","yoast_head_json":{"title":"Dans un temple ou sous un chapiteau, la mission est la m\u00eame pour l\u2019\u00e9glise \u00e0 Sainte-Croix - \u00c9glise Adventiste Du Septieme Jour - Inter Am\u00e9rique Division","robots":{"index":"index","follow":"follow","max-snippet":"max-snippet:-1","max-image-preview":"max-image-preview:large","max-video-preview":"max-video-preview:-1"},"canonical":"https:\/\/interamerica.org\/fr\/2024\/04\/dans-un-temple-ou-sous-un-chapiteau-la-mission-est-la-meme-pour-leglise-a-sainte-croix\/","og_locale":"fr_FR","og_type":"article","og_title":"Dans un temple ou sous un chapiteau, la mission est la m\u00eame pour l\u2019\u00e9glise \u00e0 Sainte-Croix - \u00c9glise Adventiste Du Septieme Jour - Inter Am\u00e9rique Division","og_description":"En 2020, les membres de l\u2019\u00e9glise Peter\u2019s Rest ont perdu leur lieu de culte suite \u00e0 un incendie. Ils continuent d\u2019aller vers les autres. 9 Avril 2024 | Christiansted, Sainte-Croix,...","og_url":"https:\/\/interamerica.org\/fr\/2024\/04\/dans-un-temple-ou-sous-un-chapiteau-la-mission-est-la-meme-pour-leglise-a-sainte-croix\/","og_site_name":"\u00c9glise Adventiste Du Septieme Jour - Inter Am\u00e9rique Division","article_published_time":"2024-04-09T12:30:03+00:00","article_modified_time":"2024-04-10T11:08:44+00:00","og_image":[{"width":2024,"height":1080,"url":"https:\/\/interamerica.org\/wp-content\/uploads\/2024\/04\/petersrest-stcroix-1.jpeg","type":"image\/jpeg"}],"author":"libna","twitter_card":"summary_large_image","twitter_misc":{"\u00c9crit par":"libna","Dur\u00e9e de lecture estim\u00e9e":"8 minutes"},"schema":{"@context":"https:\/\/schema.org","@graph":[{"@type":"Article","@id":"https:\/\/interamerica.org\/fr\/2024\/04\/dans-un-temple-ou-sous-un-chapiteau-la-mission-est-la-meme-pour-leglise-a-sainte-croix\/#article","isPartOf":{"@id":"https:\/\/interamerica.org\/fr\/2024\/04\/dans-un-temple-ou-sous-un-chapiteau-la-mission-est-la-meme-pour-leglise-a-sainte-croix\/"},"author":{"name":"libna","@id":"https:\/\/interamerica.org\/fr\/#\/schema\/person\/29998f2bc2d8bd0d38662909289b54f1"},"headline":"Dans un temple ou sous un chapiteau, la mission est la m\u00eame pour l\u2019\u00e9glise \u00e0 Sainte-Croix","datePublished":"2024-04-09T12:30:03+00:00","dateModified":"2024-04-10T11:08:44+00:00","mainEntityOfPage":{"@id":"https:\/\/interamerica.org\/fr\/2024\/04\/dans-un-temple-ou-sous-un-chapiteau-la-mission-est-la-meme-pour-leglise-a-sainte-croix\/"},"wordCount":1485,"image":{"@id":"https:\/\/interamerica.org\/fr\/2024\/04\/dans-un-temple-ou-sous-un-chapiteau-la-mission-est-la-meme-pour-leglise-a-sainte-croix\/#primaryimage"},"thumbnailUrl":"https:\/\/interamerica.org\/wp-content\/uploads\/2024\/04\/petersrest-stcroix-1.jpeg","articleSection":["Nouvelles de l'\u00c9glise mondiale","RSS Fran\u00e7ais"],"inLanguage":"fr-FR"},{"@type":"WebPage","@id":"https:\/\/interamerica.org\/fr\/2024\/04\/dans-un-temple-ou-sous-un-chapiteau-la-mission-est-la-meme-pour-leglise-a-sainte-croix\/","url":"https:\/\/interamerica.org\/fr\/2024\/04\/dans-un-temple-ou-sous-un-chapiteau-la-mission-est-la-meme-pour-leglise-a-sainte-croix\/","name":"Dans un temple ou sous un chapiteau, la mission est la m\u00eame pour l\u2019\u00e9glise \u00e0 Sainte-Croix - \u00c9glise Adventiste Du Septieme Jour - Inter Am\u00e9rique Division","isPartOf":{"@id":"https:\/\/interamerica.org\/fr\/#website"},"primaryImageOfPage":{"@id":"https:\/\/interamerica.org\/fr\/2024\/04\/dans-un-temple-ou-sous-un-chapiteau-la-mission-est-la-meme-pour-leglise-a-sainte-croix\/#primaryimage"},"image":{"@id":"https:\/\/interamerica.org\/fr\/2024\/04\/dans-un-temple-ou-sous-un-chapiteau-la-mission-est-la-meme-pour-leglise-a-sainte-croix\/#primaryimage"},"thumbnailUrl":"https:\/\/interamerica.org\/wp-content\/uploads\/2024\/04\/petersrest-stcroix-1.jpeg","datePublished":"2024-04-09T12:30:03+00:00","dateModified":"2024-04-10T11:08:44+00:00","author":{"@id":"https:\/\/interamerica.org\/fr\/#\/schema\/person\/29998f2bc2d8bd0d38662909289b54f1"},"breadcrumb":{"@id":"https:\/\/interamerica.org\/fr\/2024\/04\/dans-un-temple-ou-sous-un-chapiteau-la-mission-est-la-meme-pour-leglise-a-sainte-croix\/#breadcrumb"},"inLanguage":"fr-FR","potentialAction":[{"@type":"ReadAction","target":["https:\/\/interamerica.org\/fr\/2024\/04\/dans-un-temple-ou-sous-un-chapiteau-la-mission-est-la-meme-pour-leglise-a-sainte-croix\/"]}]},{"@type":"ImageObject","inLanguage":"fr-FR","@id":"https:\/\/interamerica.org\/fr\/2024\/04\/dans-un-temple-ou-sous-un-chapiteau-la-mission-est-la-meme-pour-leglise-a-sainte-croix\/#primaryimage","url":"https:\/\/interamerica.org\/wp-content\/uploads\/2024\/04\/petersrest-stcroix-1.jpeg","contentUrl":"https:\/\/interamerica.org\/wp-content\/uploads\/2024\/04\/petersrest-stcroix-1.jpeg","width":2024,"height":1080,"caption":"Tent where members of Peter\u2019s Rest Seventh-day Adventist Church has been meeting every week since their church building was damaged by a fire in 2020 in St. Croix, U.S. Virgin Islands. [Photo: Caribbean Union Conference]"},{"@type":"BreadcrumbList","@id":"https:\/\/interamerica.org\/fr\/2024\/04\/dans-un-temple-ou-sous-un-chapiteau-la-mission-est-la-meme-pour-leglise-a-sainte-croix\/#breadcrumb","itemListElement":[{"@type":"ListItem","position":1,"name":"Home","item":"https:\/\/interamerica.org\/fr\/"},{"@type":"ListItem","position":2,"name":"Dans un temple ou sous un chapiteau, la mission est la m\u00eame pour l\u2019\u00e9glise \u00e0 Sainte-Croix"}]},{"@type":"WebSite","@id":"https:\/\/interamerica.org\/fr\/#website","url":"https:\/\/interamerica.org\/fr\/","name":"\u00c9glise Adventiste Du Septieme Jour - Inter Am\u00e9rique Division","description":"","potentialAction":[{"@type":"SearchAction","target":{"@type":"EntryPoint","urlTemplate":"https:\/\/interamerica.org\/fr\/?s={search_term_string}"},"query-input":{"@type":"PropertyValueSpecification","valueRequired":true,"valueName":"search_term_string"}}],"inLanguage":"fr-FR"},{"@type":"Person","@id":"https:\/\/interamerica.org\/fr\/#\/schema\/person\/29998f2bc2d8bd0d38662909289b54f1","name":"libna","image":{"@type":"ImageObject","inLanguage":"fr-FR","@id":"https:\/\/secure.gravatar.com\/avatar\/7c5bd30ae4b47a9ba3c856590957fd1d96dc588bf3ac05719d247e126840331f?s=96&d=mm&r=g","url":"https:\/\/secure.gravatar.com\/avatar\/7c5bd30ae4b47a9ba3c856590957fd1d96dc588bf3ac05719d247e126840331f?s=96&d=mm&r=g","contentUrl":"https:\/\/secure.gravatar.com\/avatar\/7c5bd30ae4b47a9ba3c856590957fd1d96dc588bf3ac05719d247e126840331f?s=96&d=mm&r=g","caption":"libna"}}]}},"_links":{"self":[{"href":"https:\/\/interamerica.org\/fr\/wp-json\/wp\/v2\/posts\/112335","targetHints":{"allow":["GET"]}}],"collection":[{"href":"https:\/\/interamerica.org\/fr\/wp-json\/wp\/v2\/posts"}],"about":[{"href":"https:\/\/interamerica.org\/fr\/wp-json\/wp\/v2\/types\/post"}],"author":[{"embeddable":true,"href":"https:\/\/interamerica.org\/fr\/wp-json\/wp\/v2\/users\/3"}],"replies":[{"embeddable":true,"href":"https:\/\/interamerica.org\/fr\/wp-json\/wp\/v2\/comments?post=112335"}],"version-history":[{"count":0,"href":"https:\/\/interamerica.org\/fr\/wp-json\/wp\/v2\/posts\/112335\/revisions"}],"wp:featuredmedia":[{"embeddable":true,"href":"https:\/\/interamerica.org\/fr\/wp-json\/wp\/v2\/media\/112277"}],"wp:attachment":[{"href":"https:\/\/interamerica.org\/fr\/wp-json\/wp\/v2\/media?parent=112335"}],"wp:term":[{"taxonomy":"category","embeddable":true,"href":"https:\/\/interamerica.org\/fr\/wp-json\/wp\/v2\/categories?post=112335"},{"taxonomy":"post_tag","embeddable":true,"href":"https:\/\/interamerica.org\/fr\/wp-json\/wp\/v2\/tags?post=112335"}],"curies":[{"name":"wp","href":"https:\/\/api.w.org\/{rel}","templated":true}]}}