{"id":112418,"date":"2024-04-10T06:20:40","date_gmt":"2024-04-10T10:20:40","guid":{"rendered":"https:\/\/interamerica.org\/?p=112418"},"modified":"2024-04-10T22:12:45","modified_gmt":"2024-04-11T02:12:45","slug":"le-premier-ministre-de-la-jamaique-felicite-lhopital-adventiste-pour-son-excellence-et-son-engagement-dans-les-soins-de-sante","status":"publish","type":"post","link":"https:\/\/interamerica.org\/fr\/2024\/04\/le-premier-ministre-de-la-jamaique-felicite-lhopital-adventiste-pour-son-excellence-et-son-engagement-dans-les-soins-de-sante\/","title":{"rendered":"Le premier ministre de la Jama\u00efque f\u00e9licite l\u2019h\u00f4pital adventiste pour son excellence et son engagement dans les soins de sant\u00e9"},"content":{"rendered":"<p><em>L\u2019\u00e9tablissement de sant\u00e9 qui compte actuellement 60 lits, a \u00e9t\u00e9 cr\u00e9\u00e9 en 1944.<\/em><\/p>\n<p>9 Avril 2024 | Kingston, Jama\u00efque | Dyhann Buddoo-Fletcher et \u00c9quipe de presse de la DIA<\/p>\n<p>Le Premier Ministre de la Jama\u00efque, le Tr\u00e8s Honorable Andrew Holness, a f\u00e9licit\u00e9 l\u2019H\u00f4pital Andrews Memorial (AMH), un h\u00f4pital g\u00e9r\u00e9 par les adventistes, pour son excellence et son engagement dans les soins de sant\u00e9 lors d\u2019un r\u00e9cent service d\u2019actions de gr\u00e2ce qui a eu lieu \u00e0 l\u2019occasion du 80\u00e8me anniversaire de l\u2019institution, le 6 avril 2024, \u00e0 Kingston, en Jama\u00efque.<\/p>\n<p>S\u2019adressant aux dirigeants du gouvernement jama\u00efcain, aux membres du noyau diplomatique, aux membres du conseil d\u2019administration de l\u2019AMH, aux dirigeants de l\u2019\u00e9glise et des institutions, aux ouvriers, aux retrait\u00e9s, aux consultants m\u00e9dicaux, aux dirigeants des secteurs priv\u00e9 et public, aux amis et aux sympathisants, le Premier Ministre Andrew Holness, en faisant r\u00e9f\u00e9rence au th\u00e8me : \u00ab 80 ans \u2013 Honorer le Pass\u00e9, Embrasser l\u2019Avenir : Gu\u00e9rison, Compassion, Innovation, \u00bb a d\u00e9clar\u00e9 que l\u2019H\u00f4pital Andrews Memorial incarne l\u2019excellence dans le secteur des soins de sant\u00e9.<\/p>\n<p><div id=\"attachment_112347\" style=\"width: 862px\" class=\"wp-caption aligncenter\"><img fetchpriority=\"high\" decoding=\"async\" aria-describedby=\"caption-attachment-112347\" class=\" wp-image-112346\" src=\"https:\/\/interamerica.org\/wp-content\/uploads\/2024\/04\/andrew-picture-2.jpg\" alt=\"\" width=\"852\" height=\"568\" srcset=\"https:\/\/interamerica.org\/wp-content\/uploads\/2024\/04\/andrew-picture-2.jpg 1000w, https:\/\/interamerica.org\/wp-content\/uploads\/2024\/04\/andrew-picture-2-300x200.jpg 300w, https:\/\/interamerica.org\/wp-content\/uploads\/2024\/04\/andrew-picture-2-768x512.jpg 768w\" sizes=\"(max-width: 852px) 100vw, 852px\" \/><p id=\"caption-attachment-112347\" class=\"wp-caption-text\">Le Premier Ministre de la Jama\u00efque, le Tr\u00e8s Honorable Andrew Holness, prononce son discours de f\u00e9licitations lors du service d\u2019actions de gr\u00e2ce organis\u00e9 \u00e0 l\u2019occasion du 80\u00e8me anniversaire de l\u2019H\u00f4pital Andrews Memorial le 6 avril 2024 \u00e0 l\u2019\u00e9glise adventiste du septi\u00e8me jour Andrews Memorial, \u00e0 Kingston, en Jama\u00efque. [Photo : Yorkalis Walters]<\/p><\/div>\u00ab Ce qui distingue v\u00e9ritablement l\u2019H\u00f4pital Andrews Memorial est son engagement ind\u00e9fectible envers la sant\u00e9 int\u00e9grale, un principe profond\u00e9ment enracin\u00e9 dans les croyances et les valeurs de l\u2019\u00c9glise adventiste du septi\u00e8me jour, \u00bb a dit Andrew Holness.<\/p>\n<p>L\u2019approche holistique de la sant\u00e9 se refl\u00e8te dans la gamme diversifi\u00e9e de services propos\u00e9s par l\u2019h\u00f4pital, notamment la clinique de soins ambulatoires, la clinique dentaire, le service d\u2019imagerie, les services de laboratoire, la pharmacie, a-t-il ajout\u00e9. \u00ab L\u2019\u00c9glise adventiste du septi\u00e8me jour en Jama\u00efque a \u00e9t\u00e9 un alli\u00e9 fid\u00e8le dans la lutte contre les maladies non transmissibles, en \u00e9tablissant un partenariat avec le Minist\u00e8re de la Sant\u00e9 et du Bien-\u00eatre et en soutenant des initiatives telles que La Jama\u00efque Bouge. \u00bb<\/p>\n<p><div id=\"attachment_112326\" style=\"width: 844px\" class=\"wp-caption aligncenter\"><img decoding=\"async\" aria-describedby=\"caption-attachment-112326\" class=\" wp-image-112325\" src=\"https:\/\/interamerica.org\/wp-content\/uploads\/2024\/04\/donmayne-gyles-amh.jpg\" alt=\"\" width=\"834\" height=\"556\" srcset=\"https:\/\/interamerica.org\/wp-content\/uploads\/2024\/04\/donmayne-gyles-amh.jpg 1000w, https:\/\/interamerica.org\/wp-content\/uploads\/2024\/04\/donmayne-gyles-amh-300x200.jpg 300w, https:\/\/interamerica.org\/wp-content\/uploads\/2024\/04\/donmayne-gyles-amh-768x512.jpg 768w\" sizes=\"(max-width: 834px) 100vw, 834px\" \/><p id=\"caption-attachment-112326\" class=\"wp-caption-text\">Le pr\u00e9sident-directeur g\u00e9n\u00e9ral de l\u2019H\u00f4pital Andrews Memorial, Donmayne Gyles, pr\u00e9sente son rapport lors du service d\u2019actions de gr\u00e2ce organis\u00e9 \u00e0 l\u2019occasion du 80\u00e8me anniversaire de l\u2019h\u00f4pital, le 6 avril 2024. [Photo : Yorkalis Walters]<\/p><\/div><strong>Le parcours depuis 1943<\/strong><\/p>\n<p>Le parcours historique depuis 1943, lorsque les dirigeants de la Conf\u00e9rence G\u00e9n\u00e9rale des adventistes du septi\u00e8me jour et de la Division Inter Am\u00e9ricaine ont r\u00e9alis\u00e9 le besoin d\u2019un \u00e9tablissement de sant\u00e9 dans la r\u00e9gion, a \u00e9t\u00e9 pr\u00e9sent\u00e9 dans un reportage vid\u00e9o qui a relat\u00e9 la naissance de l\u2019H\u00f4pital Andrews Memorial en 1944, au 27 Hope Road, Kingston, Jama\u00efque ; l\u2019\u00e9tablissement est nomm\u00e9 en l\u2019honneur du missionnaire m\u00e9dical John N. Andrews.<\/p>\n<p>\u00ab Alors que nous r\u00e9fl\u00e9chissons sur le parcours qui nous a amen\u00e9 \u00e0 ce moment important, nous devons rendre gr\u00e2ce \u00e0 Dieu pour sa bont\u00e9, qui ne cesse de nous poursuivre, \u00bb a dit M. Donmayne Gyles, pr\u00e9sident de l\u2019h\u00f4pital, dans son discours au cours duquel il a rendu hommage aux anciens dirigeants, aux principaux membres de l\u2019organisation, et aux entreprises partenaires.<\/p>\n<p><div id=\"attachment_112319\" style=\"width: 841px\" class=\"wp-caption aligncenter\"><img decoding=\"async\" aria-describedby=\"caption-attachment-112319\" class=\" wp-image-112318\" src=\"https:\/\/interamerica.org\/wp-content\/uploads\/2024\/04\/choir-1.jpg\" alt=\"\" width=\"831\" height=\"554\" srcset=\"https:\/\/interamerica.org\/wp-content\/uploads\/2024\/04\/choir-1.jpg 1000w, https:\/\/interamerica.org\/wp-content\/uploads\/2024\/04\/choir-1-300x200.jpg 300w, https:\/\/interamerica.org\/wp-content\/uploads\/2024\/04\/choir-1-768x512.jpg 768w\" sizes=\"(max-width: 831px) 100vw, 831px\" \/><p id=\"caption-attachment-112319\" class=\"wp-caption-text\">Les membres de la chorale de l\u2019H\u00f4pital Andrews Memorial chantent pendant le service d\u2019actions de gr\u00e2ce le 6 avril 2024. [Photo : Yorkalis Walters]<\/p><\/div>Donmayne Gyles a remerci\u00e9 le Minist\u00e8re de la Sant\u00e9 et du Bien-\u00eatre, le Conseil M\u00e9dical de la Jama\u00efque, le Conseil des Soins Infirmiers de la Jama\u00efque, l\u2019Ambassade des \u00c9tats-Unis, le Haut-Commissariat Indien, les Adventistes La\u00efcs des Services et Industries (ASI), la Fondation GSI Jama\u00efque et tous les autres fournisseurs de biens et de services. \u00ab C\u2019est gr\u00e2ce \u00e0 votre travail important, \u00e0 votre engagement et \u00e0 notre vision commune que nous avons pu accomplir notre mission qui est d\u2019\u00eatre une extension du minist\u00e8re de gu\u00e9rison du Christ aupr\u00e8s de tous ceux qui sont dans le besoin. \u00bb<\/p>\n<p>Donmayne Gyles a remerci\u00e9 l\u2019\u00c9glise adventiste du septi\u00e8me jour d\u2019Andrews Memorial et la famille Tai \u00ab d\u2019avoir pos\u00e9 la plate-forme gr\u00e2ce \u00e0 laquelle nous \u00e9tablirons une unit\u00e9 de dialyse au sein de notre h\u00f4pital. \u00bb<\/p>\n<p><strong>Collaboration avec AHI et AdventHealth<\/strong><\/p>\n<p>Une collaboration avec Adventist Health International (AHI) et le P\u00f4le Sant\u00e9 de l\u2019Universit\u00e9 de Loma Linda (LLUH), qui, gr\u00e2ce \u00e0 une subvention obtenue, a contribu\u00e9 \u00e0 la modernisation du laboratoire m\u00e9dical, ce qui aidera la recherche clinique et plus tard l\u2019accr\u00e9ditation du laboratoire.<\/p>\n<p><div id=\"attachment_112329\" style=\"width: 858px\" class=\"wp-caption aligncenter\"><img loading=\"lazy\" decoding=\"async\" aria-describedby=\"caption-attachment-112329\" class=\" wp-image-112328\" src=\"https:\/\/interamerica.org\/wp-content\/uploads\/2024\/04\/monty-jacobs-amh-1024x640.jpg\" alt=\"\" width=\"848\" height=\"530\" srcset=\"https:\/\/interamerica.org\/wp-content\/uploads\/2024\/04\/monty-jacobs-amh-1024x640.jpg 1024w, https:\/\/interamerica.org\/wp-content\/uploads\/2024\/04\/monty-jacobs-amh-300x188.jpg 300w, https:\/\/interamerica.org\/wp-content\/uploads\/2024\/04\/monty-jacobs-amh-768x480.jpg 768w, https:\/\/interamerica.org\/wp-content\/uploads\/2024\/04\/monty-jacobs-amh.jpg 1280w\" sizes=\"(max-width: 848px) 100vw, 848px\" \/><p id=\"caption-attachment-112329\" class=\"wp-caption-text\">Lors du service d\u2019actions de gr\u00e2ce, Monty Jacobs, directeur des Missions Mondiales \u00e0 AdventHealth, parle des valeurs communes et de la mission de l\u2019H\u00f4pital Andrews Memorial et d\u2019AdventHealth qui est de proposer \u00e0 la communaut\u00e9 des soins holistiques \u00e0 la personne, \u00e0 l\u2019esprit et au corps. [Photo : Yorkalis Walters]<\/p><\/div>Donmayne Gyles a ajout\u00e9 qu\u2019il existe un partenariat de longue date avec AdventHealth (anciennement Florida Hospital), qui gr\u00e2ce \u00e0 son influence, a offert une unit\u00e9 d\u2019imagerie par r\u00e9sonance magn\u00e9tique (IRM) et a r\u00e9cemment annonc\u00e9 une contribution sous la forme d\u2019un laboratoire de cath\u00e9t\u00e9risme, qui doit \u00eatre prochainement exp\u00e9di\u00e9e.<\/p>\n<p>Les deux syst\u00e8mes seront op\u00e9rationnels cette ann\u00e9e et contribueront \u00e0 renforcer le service, a dit Donmayne Gyles.<\/p>\n<p>Monty Jacobs, directeur des Missions Mondiales d\u2019AdventHealth, dans ses salutations de la part de Terry Shaw, pr\u00e9sident d\u2019AdventHealth ; de Dr Audrey Gregory, vice-pr\u00e9sidente d\u2019AdventHealth et sponsor ex\u00e9cutive de l\u2019H\u00f4pital Andrews Memorial ; du pr\u00e9sident de l\u2019AHI, le Dr Richard Hart et de Dr D.P Harris, qui est \u00e9galement le repr\u00e9sentant de l\u2019AHI au conseil d\u2019administration de l\u2019AMH, a expliqu\u00e9 que les deux h\u00f4pitaux sont unis dans leur mission.<\/p>\n<p><div id=\"attachment_99809\" style=\"width: 857px\" class=\"wp-caption aligncenter\"><img loading=\"lazy\" decoding=\"async\" aria-describedby=\"caption-attachment-99809\" class=\" wp-image-99808\" src=\"https:\/\/interamerica.org\/wp-content\/uploads\/2023\/06\/amh-front-1024x694.jpg\" alt=\"\" width=\"847\" height=\"574\" srcset=\"https:\/\/interamerica.org\/wp-content\/uploads\/2023\/06\/amh-front-1024x694.jpg 1024w, https:\/\/interamerica.org\/wp-content\/uploads\/2023\/06\/amh-front-300x203.jpg 300w, https:\/\/interamerica.org\/wp-content\/uploads\/2023\/06\/amh-front-768x520.jpg 768w, https:\/\/interamerica.org\/wp-content\/uploads\/2023\/06\/amh-front.jpg 1100w\" sizes=\"(max-width: 847px) 100vw, 847px\" \/><p id=\"caption-attachment-99809\" class=\"wp-caption-text\">L\u2019H\u00f4pital Andrews Memorial \u00e0 Kingston, en Jama\u00efque, a \u00e9t\u00e9 cr\u00e9\u00e9 en 1944. [Photo d\u2019archives : Nigel Coke]<\/p><\/div>\u00ab L\u2019H\u00f4pital Andrews Memorial et AdventHealth aspirent tous deux non seulement \u00e0 proposer des soins de sant\u00e9 physique \u00e0 ceux qui franchissent leurs portes, nos deux organisations aspirent \u00e0 apporter des soins holistiques \u00e0 la personne, \u00e0 l\u2019esprit et au corps, \u00e0 nos communaut\u00e9s dans le cadre d\u2019une mission commune visant \u00e0 \u00eatre l\u2019extension du minist\u00e8re de gu\u00e9rison de J\u00e9sus-Christ, \u00bb a d\u00e9clar\u00e9 Monty Jacobs.<\/p>\n<p><strong>C\u00e9l\u00e9brer le service et le minist\u00e8re aupr\u00e8s des personnes<\/strong><\/p>\n<p>Le pr\u00e9sident du conseil d\u2019administration de l\u2019AMH et pr\u00e9sident de l\u2019Union de la Jama\u00efque, le pasteur Everett Brown, a d\u00e9clar\u00e9 : \u00ab Aujourd\u2019hui, nous sommes venus c\u00e9l\u00e9brer votre service et votre minist\u00e8re aupr\u00e8s des gens, nous sommes venus c\u00e9l\u00e9brer avec vous la contribution apport\u00e9e par ceux qui ont jet\u00e9 les bases et continuent de porter le flambeau du service chr\u00e9tien ici \u00e0 l\u2019H\u00f4pital Andrews Memorial au cours des huit derni\u00e8res d\u00e9cennies, \u00bb a-t-il d\u00e9clar\u00e9.<\/p>\n<p><div id=\"attachment_112365\" style=\"width: 854px\" class=\"wp-caption aligncenter\"><img loading=\"lazy\" decoding=\"async\" aria-describedby=\"caption-attachment-112365\" class=\" wp-image-112364\" src=\"https:\/\/interamerica.org\/wp-content\/uploads\/2024\/04\/everettt-brown-amh-anniversary-1.jpg\" alt=\"\" width=\"844\" height=\"563\" srcset=\"https:\/\/interamerica.org\/wp-content\/uploads\/2024\/04\/everettt-brown-amh-anniversary-1.jpg 1000w, https:\/\/interamerica.org\/wp-content\/uploads\/2024\/04\/everettt-brown-amh-anniversary-1-300x200.jpg 300w, https:\/\/interamerica.org\/wp-content\/uploads\/2024\/04\/everettt-brown-amh-anniversary-1-768x512.jpg 768w\" sizes=\"(max-width: 844px) 100vw, 844px\" \/><p id=\"caption-attachment-112365\" class=\"wp-caption-text\">Le pasteur Everett Brown, pr\u00e9sident du conseil d\u2019administration de l\u2019H\u00f4pital Andrews Memorial et pr\u00e9sident de l\u2019Union de la Jama\u00efque, pr\u00e9sente son sermon lors du service d\u2019actions de gr\u00e2ce organis\u00e9 dans le cadre du 80\u00e8me anniversaire de l\u2019H\u00f4pital Andrews Memorial, \u00e0 l\u2019\u00e9glise adventiste du septi\u00e8me jour d\u2019Andrews Memorial, \u00e0 Kingston, en Jama\u00efque. [Photo : Yorkalis Walters]<\/p><\/div>\u00ab L\u2019amour, l\u2019attention, la compassion et l\u2019excellent service et le minist\u00e8re que les membres de l\u2019\u00e9quipe de l\u2019AMH offrent aux personnes qui souffrent, aux personnes qui sont d\u00e9prim\u00e9es, qui sont dans la confusion, traumatis\u00e9es et d\u00e9sesp\u00e9r\u00e9es, sont une extension du minist\u00e8re de gu\u00e9rison de J\u00e9sus, \u00bb a ajout\u00e9 pasteur Brown.<\/p>\n<p>Donmayne Gyles a indiqu\u00e9 que le changement de culture transformationnel \u00e0 l\u2019AMH dans le domaine des soins de sant\u00e9 pour qu\u2019il devienne une Organisation de Soins de Sant\u00e9 \u00e0 Haute Fiabilit\u00e9 (HRHO) serait lanc\u00e9 le 8 avril 2024.<\/p>\n<p>\u00ab HRHO entreprendra progressivement un changement strat\u00e9gique pour des services de soins optimaux \u00e0 l\u2019h\u00f4pital et des r\u00e9alisations avec z\u00e9ro dommage, avec un plan visant \u00e0 d\u00e9velopper dans l\u2019avenir le site et les installations de l\u2019h\u00f4pital et d\u2019offrir des services suppl\u00e9mentaires \u00e0 la Jama\u00efque, \u00bb a d\u00e9clar\u00e9 Donmayne Gyles.<\/p>\n<p><div id=\"attachment_112368\" style=\"width: 867px\" class=\"wp-caption aligncenter\"><img loading=\"lazy\" decoding=\"async\" aria-describedby=\"caption-attachment-112368\" class=\" wp-image-112367\" src=\"https:\/\/interamerica.org\/wp-content\/uploads\/2024\/04\/amh-prayer-80thanniversary-1.jpg\" alt=\"\" width=\"857\" height=\"571\" srcset=\"https:\/\/interamerica.org\/wp-content\/uploads\/2024\/04\/amh-prayer-80thanniversary-1.jpg 1000w, https:\/\/interamerica.org\/wp-content\/uploads\/2024\/04\/amh-prayer-80thanniversary-1-300x200.jpg 300w, https:\/\/interamerica.org\/wp-content\/uploads\/2024\/04\/amh-prayer-80thanniversary-1-768x512.jpg 768w\" sizes=\"(max-width: 857px) 100vw, 857px\" \/><p id=\"caption-attachment-112368\" class=\"wp-caption-text\">Le Dr Gary Buddoo-Fletcher, aum\u00f4nier en chef des Forces de Police de la Jama\u00efque, prie pour le personnel et les membres de l\u2019organisation d\u2019Andrews Memorial lors du service d\u2019actions de gr\u00e2ce organis\u00e9 \u00e0 l\u2019occasion du 80\u00e8me anniversaire le 6 avril 2024. [Photo : Yorkalis Walters]<\/p><\/div>Il a ensuite lanc\u00e9 l\u2019invitation : \u00ab Venez avec nous dans ce voyage alors que nous entamons une nouvelle phase de notre d\u00e9veloppement, alors que nous entrons dans une nouvelle \u00e8re de soins de sant\u00e9 dans la communaut\u00e9 que nous servons. \u00bb<\/p>\n<p>Pour en savoir plus sur l\u2019H\u00f4pital Andrews Memorial, sur ses services, ses plans et ses initiatives, visitez le site <a href=\"https:\/\/amhosp.org\/\">amhosp.org<\/a><\/p>\n<p>Traduction: Patrick Luciathe<\/p>\n","protected":false},"excerpt":{"rendered":"<p>L\u2019\u00e9tablissement de sant\u00e9 qui compte actuellement 60 lits, a \u00e9t\u00e9 cr\u00e9\u00e9 en 1944. 9 Avril 2024 | Kingston, Jama\u00efque | Dyhann Buddoo-Fletcher et \u00c9quipe de presse de la DIA Le&#8230;<\/p>\n","protected":false},"author":3,"featured_media":112316,"comment_status":"closed","ping_status":"closed","sticky":false,"template":"","format":"standard","meta":{"_acf_changed":false,"footnotes":""},"categories":[21,19],"tags":[],"class_list":["post-112418","post","type-post","status-publish","format-standard","has-post-thumbnail","hentry","category-nouvelles-du-territoire","category-rss-francais"],"acf":[],"yoast_head":"<!-- This site is optimized with the Yoast SEO plugin v27.3 - https:\/\/yoast.com\/product\/yoast-seo-wordpress\/ -->\n<title>Le premier ministre de la Jama\u00efque f\u00e9licite l\u2019h\u00f4pital adventiste pour son excellence et son engagement dans les soins de sant\u00e9 - \u00c9glise Adventiste Du Septieme Jour - Inter Am\u00e9rique Division<\/title>\n<meta name=\"robots\" content=\"index, follow, max-snippet:-1, max-image-preview:large, max-video-preview:-1\" \/>\n<link rel=\"canonical\" href=\"https:\/\/interamerica.org\/fr\/2024\/04\/le-premier-ministre-de-la-jamaique-felicite-lhopital-adventiste-pour-son-excellence-et-son-engagement-dans-les-soins-de-sante\/\" \/>\n<meta property=\"og:locale\" content=\"fr_FR\" \/>\n<meta property=\"og:type\" content=\"article\" \/>\n<meta property=\"og:title\" content=\"Le premier ministre de la Jama\u00efque f\u00e9licite l\u2019h\u00f4pital adventiste pour son excellence et son engagement dans les soins de sant\u00e9 - \u00c9glise Adventiste Du Septieme Jour - Inter Am\u00e9rique Division\" \/>\n<meta property=\"og:description\" content=\"L\u2019\u00e9tablissement de sant\u00e9 qui compte actuellement 60 lits, a \u00e9t\u00e9 cr\u00e9\u00e9 en 1944. 9 Avril 2024 | Kingston, Jama\u00efque | Dyhann Buddoo-Fletcher et \u00c9quipe de presse de la DIA Le...\" \/>\n<meta property=\"og:url\" content=\"https:\/\/interamerica.org\/fr\/2024\/04\/le-premier-ministre-de-la-jamaique-felicite-lhopital-adventiste-pour-son-excellence-et-son-engagement-dans-les-soins-de-sante\/\" \/>\n<meta property=\"og:site_name\" content=\"\u00c9glise Adventiste Du Septieme Jour - Inter Am\u00e9rique Division\" \/>\n<meta property=\"article:published_time\" content=\"2024-04-10T10:20:40+00:00\" \/>\n<meta property=\"article:modified_time\" content=\"2024-04-11T02:12:45+00:00\" \/>\n<meta property=\"og:image\" content=\"https:\/\/interamerica.org\/wp-content\/uploads\/2024\/04\/prime-minister-of-jamaica-amh.jpg\" \/>\n\t<meta property=\"og:image:width\" content=\"1000\" \/>\n\t<meta property=\"og:image:height\" content=\"667\" \/>\n\t<meta property=\"og:image:type\" content=\"image\/jpeg\" \/>\n<meta name=\"author\" content=\"libna\" \/>\n<meta name=\"twitter:card\" content=\"summary_large_image\" \/>\n<meta name=\"twitter:label1\" content=\"\u00c9crit par\" \/>\n\t<meta name=\"twitter:data1\" content=\"libna\" \/>\n\t<meta name=\"twitter:label2\" content=\"Dur\u00e9e de lecture estim\u00e9e\" \/>\n\t<meta name=\"twitter:data2\" content=\"8 minutes\" \/>\n<script type=\"application\/ld+json\" class=\"yoast-schema-graph\">{\"@context\":\"https:\\\/\\\/schema.org\",\"@graph\":[{\"@type\":\"Article\",\"@id\":\"https:\\\/\\\/interamerica.org\\\/fr\\\/2024\\\/04\\\/le-premier-ministre-de-la-jamaique-felicite-lhopital-adventiste-pour-son-excellence-et-son-engagement-dans-les-soins-de-sante\\\/#article\",\"isPartOf\":{\"@id\":\"https:\\\/\\\/interamerica.org\\\/fr\\\/2024\\\/04\\\/le-premier-ministre-de-la-jamaique-felicite-lhopital-adventiste-pour-son-excellence-et-son-engagement-dans-les-soins-de-sante\\\/\"},\"author\":{\"name\":\"libna\",\"@id\":\"https:\\\/\\\/interamerica.org\\\/fr\\\/#\\\/schema\\\/person\\\/29998f2bc2d8bd0d38662909289b54f1\"},\"headline\":\"Le premier ministre de la Jama\u00efque f\u00e9licite l\u2019h\u00f4pital adventiste pour son excellence et son engagement dans les soins de sant\u00e9\",\"datePublished\":\"2024-04-10T10:20:40+00:00\",\"dateModified\":\"2024-04-11T02:12:45+00:00\",\"mainEntityOfPage\":{\"@id\":\"https:\\\/\\\/interamerica.org\\\/fr\\\/2024\\\/04\\\/le-premier-ministre-de-la-jamaique-felicite-lhopital-adventiste-pour-son-excellence-et-son-engagement-dans-les-soins-de-sante\\\/\"},\"wordCount\":1605,\"image\":{\"@id\":\"https:\\\/\\\/interamerica.org\\\/fr\\\/2024\\\/04\\\/le-premier-ministre-de-la-jamaique-felicite-lhopital-adventiste-pour-son-excellence-et-son-engagement-dans-les-soins-de-sante\\\/#primaryimage\"},\"thumbnailUrl\":\"https:\\\/\\\/interamerica.org\\\/wp-content\\\/uploads\\\/2024\\\/04\\\/prime-minister-of-jamaica-amh.jpg\",\"articleSection\":[\"Nouvelles du territoire\",\"RSS Fran\u00e7ais\"],\"inLanguage\":\"fr-FR\"},{\"@type\":\"WebPage\",\"@id\":\"https:\\\/\\\/interamerica.org\\\/fr\\\/2024\\\/04\\\/le-premier-ministre-de-la-jamaique-felicite-lhopital-adventiste-pour-son-excellence-et-son-engagement-dans-les-soins-de-sante\\\/\",\"url\":\"https:\\\/\\\/interamerica.org\\\/fr\\\/2024\\\/04\\\/le-premier-ministre-de-la-jamaique-felicite-lhopital-adventiste-pour-son-excellence-et-son-engagement-dans-les-soins-de-sante\\\/\",\"name\":\"Le premier ministre de la Jama\u00efque f\u00e9licite l\u2019h\u00f4pital adventiste pour son excellence et son engagement dans les soins de sant\u00e9 - \u00c9glise Adventiste Du Septieme Jour - Inter Am\u00e9rique Division\",\"isPartOf\":{\"@id\":\"https:\\\/\\\/interamerica.org\\\/fr\\\/#website\"},\"primaryImageOfPage\":{\"@id\":\"https:\\\/\\\/interamerica.org\\\/fr\\\/2024\\\/04\\\/le-premier-ministre-de-la-jamaique-felicite-lhopital-adventiste-pour-son-excellence-et-son-engagement-dans-les-soins-de-sante\\\/#primaryimage\"},\"image\":{\"@id\":\"https:\\\/\\\/interamerica.org\\\/fr\\\/2024\\\/04\\\/le-premier-ministre-de-la-jamaique-felicite-lhopital-adventiste-pour-son-excellence-et-son-engagement-dans-les-soins-de-sante\\\/#primaryimage\"},\"thumbnailUrl\":\"https:\\\/\\\/interamerica.org\\\/wp-content\\\/uploads\\\/2024\\\/04\\\/prime-minister-of-jamaica-amh.jpg\",\"datePublished\":\"2024-04-10T10:20:40+00:00\",\"dateModified\":\"2024-04-11T02:12:45+00:00\",\"author\":{\"@id\":\"https:\\\/\\\/interamerica.org\\\/fr\\\/#\\\/schema\\\/person\\\/29998f2bc2d8bd0d38662909289b54f1\"},\"breadcrumb\":{\"@id\":\"https:\\\/\\\/interamerica.org\\\/fr\\\/2024\\\/04\\\/le-premier-ministre-de-la-jamaique-felicite-lhopital-adventiste-pour-son-excellence-et-son-engagement-dans-les-soins-de-sante\\\/#breadcrumb\"},\"inLanguage\":\"fr-FR\",\"potentialAction\":[{\"@type\":\"ReadAction\",\"target\":[\"https:\\\/\\\/interamerica.org\\\/fr\\\/2024\\\/04\\\/le-premier-ministre-de-la-jamaique-felicite-lhopital-adventiste-pour-son-excellence-et-son-engagement-dans-les-soins-de-sante\\\/\"]}]},{\"@type\":\"ImageObject\",\"inLanguage\":\"fr-FR\",\"@id\":\"https:\\\/\\\/interamerica.org\\\/fr\\\/2024\\\/04\\\/le-premier-ministre-de-la-jamaique-felicite-lhopital-adventiste-pour-son-excellence-et-son-engagement-dans-les-soins-de-sante\\\/#primaryimage\",\"url\":\"https:\\\/\\\/interamerica.org\\\/wp-content\\\/uploads\\\/2024\\\/04\\\/prime-minister-of-jamaica-amh.jpg\",\"contentUrl\":\"https:\\\/\\\/interamerica.org\\\/wp-content\\\/uploads\\\/2024\\\/04\\\/prime-minister-of-jamaica-amh.jpg\",\"width\":1000,\"height\":667,\"caption\":\"Prime Minister, the Most Honorable Andrew Holness, giving his congratulatory speech at the Andrews Memorial Hospital's 80th anniversary thanksgiving service held on April 6, 2024, at the Andrews Memorial Seventh-day Adventist Church. [Photo:\"},{\"@type\":\"BreadcrumbList\",\"@id\":\"https:\\\/\\\/interamerica.org\\\/fr\\\/2024\\\/04\\\/le-premier-ministre-de-la-jamaique-felicite-lhopital-adventiste-pour-son-excellence-et-son-engagement-dans-les-soins-de-sante\\\/#breadcrumb\",\"itemListElement\":[{\"@type\":\"ListItem\",\"position\":1,\"name\":\"Home\",\"item\":\"https:\\\/\\\/interamerica.org\\\/fr\\\/\"},{\"@type\":\"ListItem\",\"position\":2,\"name\":\"Le premier ministre de la Jama\u00efque f\u00e9licite l\u2019h\u00f4pital adventiste pour son excellence et son engagement dans les soins de sant\u00e9\"}]},{\"@type\":\"WebSite\",\"@id\":\"https:\\\/\\\/interamerica.org\\\/fr\\\/#website\",\"url\":\"https:\\\/\\\/interamerica.org\\\/fr\\\/\",\"name\":\"\u00c9glise Adventiste Du Septieme Jour - Inter Am\u00e9rique Division\",\"description\":\"\",\"potentialAction\":[{\"@type\":\"SearchAction\",\"target\":{\"@type\":\"EntryPoint\",\"urlTemplate\":\"https:\\\/\\\/interamerica.org\\\/fr\\\/?s={search_term_string}\"},\"query-input\":{\"@type\":\"PropertyValueSpecification\",\"valueRequired\":true,\"valueName\":\"search_term_string\"}}],\"inLanguage\":\"fr-FR\"},{\"@type\":\"Person\",\"@id\":\"https:\\\/\\\/interamerica.org\\\/fr\\\/#\\\/schema\\\/person\\\/29998f2bc2d8bd0d38662909289b54f1\",\"name\":\"libna\",\"image\":{\"@type\":\"ImageObject\",\"inLanguage\":\"fr-FR\",\"@id\":\"https:\\\/\\\/secure.gravatar.com\\\/avatar\\\/7c5bd30ae4b47a9ba3c856590957fd1d96dc588bf3ac05719d247e126840331f?s=96&d=mm&r=g\",\"url\":\"https:\\\/\\\/secure.gravatar.com\\\/avatar\\\/7c5bd30ae4b47a9ba3c856590957fd1d96dc588bf3ac05719d247e126840331f?s=96&d=mm&r=g\",\"contentUrl\":\"https:\\\/\\\/secure.gravatar.com\\\/avatar\\\/7c5bd30ae4b47a9ba3c856590957fd1d96dc588bf3ac05719d247e126840331f?s=96&d=mm&r=g\",\"caption\":\"libna\"}}]}<\/script>\n<!-- \/ Yoast SEO plugin. -->","yoast_head_json":{"title":"Le premier ministre de la Jama\u00efque f\u00e9licite l\u2019h\u00f4pital adventiste pour son excellence et son engagement dans les soins de sant\u00e9 - \u00c9glise Adventiste Du Septieme Jour - Inter Am\u00e9rique Division","robots":{"index":"index","follow":"follow","max-snippet":"max-snippet:-1","max-image-preview":"max-image-preview:large","max-video-preview":"max-video-preview:-1"},"canonical":"https:\/\/interamerica.org\/fr\/2024\/04\/le-premier-ministre-de-la-jamaique-felicite-lhopital-adventiste-pour-son-excellence-et-son-engagement-dans-les-soins-de-sante\/","og_locale":"fr_FR","og_type":"article","og_title":"Le premier ministre de la Jama\u00efque f\u00e9licite l\u2019h\u00f4pital adventiste pour son excellence et son engagement dans les soins de sant\u00e9 - \u00c9glise Adventiste Du Septieme Jour - Inter Am\u00e9rique Division","og_description":"L\u2019\u00e9tablissement de sant\u00e9 qui compte actuellement 60 lits, a \u00e9t\u00e9 cr\u00e9\u00e9 en 1944. 9 Avril 2024 | Kingston, Jama\u00efque | Dyhann Buddoo-Fletcher et \u00c9quipe de presse de la DIA Le...","og_url":"https:\/\/interamerica.org\/fr\/2024\/04\/le-premier-ministre-de-la-jamaique-felicite-lhopital-adventiste-pour-son-excellence-et-son-engagement-dans-les-soins-de-sante\/","og_site_name":"\u00c9glise Adventiste Du Septieme Jour - Inter Am\u00e9rique Division","article_published_time":"2024-04-10T10:20:40+00:00","article_modified_time":"2024-04-11T02:12:45+00:00","og_image":[{"width":1000,"height":667,"url":"https:\/\/interamerica.org\/wp-content\/uploads\/2024\/04\/prime-minister-of-jamaica-amh.jpg","type":"image\/jpeg"}],"author":"libna","twitter_card":"summary_large_image","twitter_misc":{"\u00c9crit par":"libna","Dur\u00e9e de lecture estim\u00e9e":"8 minutes"},"schema":{"@context":"https:\/\/schema.org","@graph":[{"@type":"Article","@id":"https:\/\/interamerica.org\/fr\/2024\/04\/le-premier-ministre-de-la-jamaique-felicite-lhopital-adventiste-pour-son-excellence-et-son-engagement-dans-les-soins-de-sante\/#article","isPartOf":{"@id":"https:\/\/interamerica.org\/fr\/2024\/04\/le-premier-ministre-de-la-jamaique-felicite-lhopital-adventiste-pour-son-excellence-et-son-engagement-dans-les-soins-de-sante\/"},"author":{"name":"libna","@id":"https:\/\/interamerica.org\/fr\/#\/schema\/person\/29998f2bc2d8bd0d38662909289b54f1"},"headline":"Le premier ministre de la Jama\u00efque f\u00e9licite l\u2019h\u00f4pital adventiste pour son excellence et son engagement dans les soins de sant\u00e9","datePublished":"2024-04-10T10:20:40+00:00","dateModified":"2024-04-11T02:12:45+00:00","mainEntityOfPage":{"@id":"https:\/\/interamerica.org\/fr\/2024\/04\/le-premier-ministre-de-la-jamaique-felicite-lhopital-adventiste-pour-son-excellence-et-son-engagement-dans-les-soins-de-sante\/"},"wordCount":1605,"image":{"@id":"https:\/\/interamerica.org\/fr\/2024\/04\/le-premier-ministre-de-la-jamaique-felicite-lhopital-adventiste-pour-son-excellence-et-son-engagement-dans-les-soins-de-sante\/#primaryimage"},"thumbnailUrl":"https:\/\/interamerica.org\/wp-content\/uploads\/2024\/04\/prime-minister-of-jamaica-amh.jpg","articleSection":["Nouvelles du territoire","RSS Fran\u00e7ais"],"inLanguage":"fr-FR"},{"@type":"WebPage","@id":"https:\/\/interamerica.org\/fr\/2024\/04\/le-premier-ministre-de-la-jamaique-felicite-lhopital-adventiste-pour-son-excellence-et-son-engagement-dans-les-soins-de-sante\/","url":"https:\/\/interamerica.org\/fr\/2024\/04\/le-premier-ministre-de-la-jamaique-felicite-lhopital-adventiste-pour-son-excellence-et-son-engagement-dans-les-soins-de-sante\/","name":"Le premier ministre de la Jama\u00efque f\u00e9licite l\u2019h\u00f4pital adventiste pour son excellence et son engagement dans les soins de sant\u00e9 - \u00c9glise Adventiste Du Septieme Jour - Inter Am\u00e9rique Division","isPartOf":{"@id":"https:\/\/interamerica.org\/fr\/#website"},"primaryImageOfPage":{"@id":"https:\/\/interamerica.org\/fr\/2024\/04\/le-premier-ministre-de-la-jamaique-felicite-lhopital-adventiste-pour-son-excellence-et-son-engagement-dans-les-soins-de-sante\/#primaryimage"},"image":{"@id":"https:\/\/interamerica.org\/fr\/2024\/04\/le-premier-ministre-de-la-jamaique-felicite-lhopital-adventiste-pour-son-excellence-et-son-engagement-dans-les-soins-de-sante\/#primaryimage"},"thumbnailUrl":"https:\/\/interamerica.org\/wp-content\/uploads\/2024\/04\/prime-minister-of-jamaica-amh.jpg","datePublished":"2024-04-10T10:20:40+00:00","dateModified":"2024-04-11T02:12:45+00:00","author":{"@id":"https:\/\/interamerica.org\/fr\/#\/schema\/person\/29998f2bc2d8bd0d38662909289b54f1"},"breadcrumb":{"@id":"https:\/\/interamerica.org\/fr\/2024\/04\/le-premier-ministre-de-la-jamaique-felicite-lhopital-adventiste-pour-son-excellence-et-son-engagement-dans-les-soins-de-sante\/#breadcrumb"},"inLanguage":"fr-FR","potentialAction":[{"@type":"ReadAction","target":["https:\/\/interamerica.org\/fr\/2024\/04\/le-premier-ministre-de-la-jamaique-felicite-lhopital-adventiste-pour-son-excellence-et-son-engagement-dans-les-soins-de-sante\/"]}]},{"@type":"ImageObject","inLanguage":"fr-FR","@id":"https:\/\/interamerica.org\/fr\/2024\/04\/le-premier-ministre-de-la-jamaique-felicite-lhopital-adventiste-pour-son-excellence-et-son-engagement-dans-les-soins-de-sante\/#primaryimage","url":"https:\/\/interamerica.org\/wp-content\/uploads\/2024\/04\/prime-minister-of-jamaica-amh.jpg","contentUrl":"https:\/\/interamerica.org\/wp-content\/uploads\/2024\/04\/prime-minister-of-jamaica-amh.jpg","width":1000,"height":667,"caption":"Prime Minister, the Most Honorable Andrew Holness, giving his congratulatory speech at the Andrews Memorial Hospital's 80th anniversary thanksgiving service held on April 6, 2024, at the Andrews Memorial Seventh-day Adventist Church. [Photo:"},{"@type":"BreadcrumbList","@id":"https:\/\/interamerica.org\/fr\/2024\/04\/le-premier-ministre-de-la-jamaique-felicite-lhopital-adventiste-pour-son-excellence-et-son-engagement-dans-les-soins-de-sante\/#breadcrumb","itemListElement":[{"@type":"ListItem","position":1,"name":"Home","item":"https:\/\/interamerica.org\/fr\/"},{"@type":"ListItem","position":2,"name":"Le premier ministre de la Jama\u00efque f\u00e9licite l\u2019h\u00f4pital adventiste pour son excellence et son engagement dans les soins de sant\u00e9"}]},{"@type":"WebSite","@id":"https:\/\/interamerica.org\/fr\/#website","url":"https:\/\/interamerica.org\/fr\/","name":"\u00c9glise Adventiste Du Septieme Jour - Inter Am\u00e9rique Division","description":"","potentialAction":[{"@type":"SearchAction","target":{"@type":"EntryPoint","urlTemplate":"https:\/\/interamerica.org\/fr\/?s={search_term_string}"},"query-input":{"@type":"PropertyValueSpecification","valueRequired":true,"valueName":"search_term_string"}}],"inLanguage":"fr-FR"},{"@type":"Person","@id":"https:\/\/interamerica.org\/fr\/#\/schema\/person\/29998f2bc2d8bd0d38662909289b54f1","name":"libna","image":{"@type":"ImageObject","inLanguage":"fr-FR","@id":"https:\/\/secure.gravatar.com\/avatar\/7c5bd30ae4b47a9ba3c856590957fd1d96dc588bf3ac05719d247e126840331f?s=96&d=mm&r=g","url":"https:\/\/secure.gravatar.com\/avatar\/7c5bd30ae4b47a9ba3c856590957fd1d96dc588bf3ac05719d247e126840331f?s=96&d=mm&r=g","contentUrl":"https:\/\/secure.gravatar.com\/avatar\/7c5bd30ae4b47a9ba3c856590957fd1d96dc588bf3ac05719d247e126840331f?s=96&d=mm&r=g","caption":"libna"}}]}},"_links":{"self":[{"href":"https:\/\/interamerica.org\/fr\/wp-json\/wp\/v2\/posts\/112418","targetHints":{"allow":["GET"]}}],"collection":[{"href":"https:\/\/interamerica.org\/fr\/wp-json\/wp\/v2\/posts"}],"about":[{"href":"https:\/\/interamerica.org\/fr\/wp-json\/wp\/v2\/types\/post"}],"author":[{"embeddable":true,"href":"https:\/\/interamerica.org\/fr\/wp-json\/wp\/v2\/users\/3"}],"replies":[{"embeddable":true,"href":"https:\/\/interamerica.org\/fr\/wp-json\/wp\/v2\/comments?post=112418"}],"version-history":[{"count":0,"href":"https:\/\/interamerica.org\/fr\/wp-json\/wp\/v2\/posts\/112418\/revisions"}],"wp:featuredmedia":[{"embeddable":true,"href":"https:\/\/interamerica.org\/fr\/wp-json\/wp\/v2\/media\/112316"}],"wp:attachment":[{"href":"https:\/\/interamerica.org\/fr\/wp-json\/wp\/v2\/media?parent=112418"}],"wp:term":[{"taxonomy":"category","embeddable":true,"href":"https:\/\/interamerica.org\/fr\/wp-json\/wp\/v2\/categories?post=112418"},{"taxonomy":"post_tag","embeddable":true,"href":"https:\/\/interamerica.org\/fr\/wp-json\/wp\/v2\/tags?post=112418"}],"curies":[{"name":"wp","href":"https:\/\/api.w.org\/{rel}","templated":true}]}}