{"id":112453,"date":"2024-04-12T09:55:20","date_gmt":"2024-04-12T13:55:20","guid":{"rendered":"https:\/\/interamerica.org\/?p=112453"},"modified":"2024-04-15T10:20:37","modified_gmt":"2024-04-15T14:20:37","slug":"comment-en-entendront-ils","status":"publish","type":"post","link":"https:\/\/interamerica.org\/fr\/2024\/04\/comment-en-entendront-ils\/","title":{"rendered":"Comment en entendront-ils parler?"},"content":{"rendered":"<p><em>Ci-dessous, un message adress\u00e9 \u00e0 l\u2019\u00c9glise adventiste du septi\u00e8me jour par le pr\u00e9sident de la Division Inter Am\u00e9ricaine, Elie Henry \u2013 \u00c9quipe de Presse de la DIA<\/em><\/p>\n<p>12 avril 2024 | Miami, Florida, \u00c9tats-Unis, | Elie Henry, pr\u00e9sident de l\u2019\u00c9glise Adventiste du Septi\u00e8me jour en Inter Am\u00e9rique<\/p>\n<p>Bonjour, bon sabbat. Je suis heureux de vous saluer une fois de plus.<\/p>\n<p>Au cours des derniers mois, nous avons parl\u00e9 de \u00ab Toute la famille en mission \u00bb, le plan d&rsquo;\u00e9vang\u00e9lisation de la Division Inter Am\u00e9ricaine pour cette ann\u00e9e 2024. Un projet qui, plus qu&rsquo;une devise, est un appel \u00e0 tous les membres de l&rsquo;\u00c9glise \u00e0 vivre l\u2019\u00c9vangile d\u2019une mani\u00e8re pratique et transformatrice, en apportant la bonne nouvelle du salut dans tous les coins de nos communaut\u00e9s.<\/p>\n<p>Aujourd&rsquo;hui, nous commen\u00e7ons des centaines de campagnes d&rsquo;\u00e9vang\u00e9lisation sur tout le territoire, auxquelles participent des membres de tous \u00e2ges et samedi prochain, nous diffuserons depuis le Honduras, un \u00e9v\u00e9nement sp\u00e9cial de c\u00e9l\u00e9bration et de louange \u00e0 Dieu.<\/p>\n<p>L&rsquo;\u00e9vang\u00e9lisation n&rsquo;est pas une t\u00e2che exclusive de quelques-uns. C&rsquo;est une responsabilit\u00e9 et un privil\u00e8ge pour chacun dans l&rsquo;\u00c9glise, quels que soient son \u00e2ge, son exp\u00e9rience ou sa position ; Nous pouvons tous contribuer avec nos dons et nos talents et, ensemble, nous pouvons atteindre beaucoup de personnes qui ne connaissent pas J\u00e9sus.<\/p>\n<p>L&rsquo;ap\u00f4tre Paul dans <strong>Romains 10 :14<\/strong> demande : \u00ab Comment donc invoqueront-ils celui en qui ils n&rsquo;ont pas cru ? Et comment croiront-ils en celui dont ils n&rsquo;ont pas entendu parler ? Et comment en entendront-ils parler, s&rsquo;il n&rsquo;y a personne qui pr\u00eache ? \u00bb Nous avons la r\u00e9ponse : en participant ensemble \u00e0 cette initiative. C&rsquo;est pourquoi nous devons rester attentifs \u00e0 la direction du Saint-Esprit et prier pour qu&rsquo;il pr\u00e9pare le c\u0153ur de ceux que nous atteindrons.<br \/>\nQue le Seigneur nous b\u00e9nisse et nous utilise puissamment dans \u00ab Toute la famille en mission \u00bb.<br \/>\nMaranatha!<\/p>\n","protected":false},"excerpt":{"rendered":"<p>Ci-dessous, un message adress\u00e9 \u00e0 l\u2019\u00c9glise adventiste du septi\u00e8me jour par le pr\u00e9sident de la Division Inter Am\u00e9ricaine, Elie Henry \u2013 \u00c9quipe de Presse de la DIA 12 avril 2024&#8230;<\/p>\n","protected":false},"author":3,"featured_media":112523,"comment_status":"closed","ping_status":"closed","sticky":false,"template":"","format":"standard","meta":{"_acf_changed":false,"footnotes":""},"categories":[20,19],"tags":[],"class_list":["post-112453","post","type-post","status-publish","format-standard","has-post-thumbnail","hentry","category-nouvelles-du-siege-de-la-division","category-rss-francais"],"acf":[],"yoast_head":"<!-- This site is optimized with the Yoast SEO plugin v27.3 - https:\/\/yoast.com\/product\/yoast-seo-wordpress\/ -->\n<title>Comment en entendront-ils parler? - \u00c9glise Adventiste Du Septieme Jour - Inter Am\u00e9rique Division<\/title>\n<meta name=\"robots\" content=\"index, follow, max-snippet:-1, max-image-preview:large, max-video-preview:-1\" \/>\n<link rel=\"canonical\" href=\"https:\/\/interamerica.org\/fr\/2024\/04\/comment-en-entendront-ils\/\" \/>\n<meta property=\"og:locale\" content=\"fr_FR\" \/>\n<meta property=\"og:type\" content=\"article\" \/>\n<meta property=\"og:title\" content=\"Comment en entendront-ils parler? - \u00c9glise Adventiste Du Septieme Jour - Inter Am\u00e9rique Division\" \/>\n<meta property=\"og:description\" content=\"Ci-dessous, un message adress\u00e9 \u00e0 l\u2019\u00c9glise adventiste du septi\u00e8me jour par le pr\u00e9sident de la Division Inter Am\u00e9ricaine, Elie Henry \u2013 \u00c9quipe de Presse de la DIA 12 avril 2024...\" \/>\n<meta property=\"og:url\" content=\"https:\/\/interamerica.org\/fr\/2024\/04\/comment-en-entendront-ils\/\" \/>\n<meta property=\"og:site_name\" content=\"\u00c9glise Adventiste Du Septieme Jour - Inter Am\u00e9rique Division\" \/>\n<meta property=\"article:published_time\" content=\"2024-04-12T13:55:20+00:00\" \/>\n<meta property=\"article:modified_time\" content=\"2024-04-15T14:20:37+00:00\" \/>\n<meta property=\"og:image\" content=\"https:\/\/interamerica.org\/wp-content\/uploads\/2024\/04\/eh11abr.jpg\" \/>\n\t<meta property=\"og:image:width\" content=\"1280\" \/>\n\t<meta property=\"og:image:height\" content=\"800\" \/>\n\t<meta property=\"og:image:type\" content=\"image\/jpeg\" \/>\n<meta name=\"author\" content=\"libna\" \/>\n<meta name=\"twitter:card\" content=\"summary_large_image\" \/>\n<meta name=\"twitter:label1\" content=\"\u00c9crit par\" \/>\n\t<meta name=\"twitter:data1\" content=\"libna\" \/>\n\t<meta name=\"twitter:label2\" content=\"Dur\u00e9e de lecture estim\u00e9e\" \/>\n\t<meta name=\"twitter:data2\" content=\"2 minutes\" \/>\n<script type=\"application\/ld+json\" class=\"yoast-schema-graph\">{\"@context\":\"https:\\\/\\\/schema.org\",\"@graph\":[{\"@type\":\"Article\",\"@id\":\"https:\\\/\\\/interamerica.org\\\/fr\\\/2024\\\/04\\\/comment-en-entendront-ils\\\/#article\",\"isPartOf\":{\"@id\":\"https:\\\/\\\/interamerica.org\\\/fr\\\/2024\\\/04\\\/comment-en-entendront-ils\\\/\"},\"author\":{\"name\":\"libna\",\"@id\":\"https:\\\/\\\/interamerica.org\\\/fr\\\/#\\\/schema\\\/person\\\/29998f2bc2d8bd0d38662909289b54f1\"},\"headline\":\"Comment en entendront-ils parler?\",\"datePublished\":\"2024-04-12T13:55:20+00:00\",\"dateModified\":\"2024-04-15T14:20:37+00:00\",\"mainEntityOfPage\":{\"@id\":\"https:\\\/\\\/interamerica.org\\\/fr\\\/2024\\\/04\\\/comment-en-entendront-ils\\\/\"},\"wordCount\":337,\"image\":{\"@id\":\"https:\\\/\\\/interamerica.org\\\/fr\\\/2024\\\/04\\\/comment-en-entendront-ils\\\/#primaryimage\"},\"thumbnailUrl\":\"https:\\\/\\\/interamerica.org\\\/wp-content\\\/uploads\\\/2024\\\/04\\\/eh11abr.jpg\",\"articleSection\":[\"Nouvelles du si\u00e8ge de la division\",\"RSS Fran\u00e7ais\"],\"inLanguage\":\"fr-FR\"},{\"@type\":\"WebPage\",\"@id\":\"https:\\\/\\\/interamerica.org\\\/fr\\\/2024\\\/04\\\/comment-en-entendront-ils\\\/\",\"url\":\"https:\\\/\\\/interamerica.org\\\/fr\\\/2024\\\/04\\\/comment-en-entendront-ils\\\/\",\"name\":\"Comment en entendront-ils parler? - \u00c9glise Adventiste Du Septieme Jour - Inter Am\u00e9rique Division\",\"isPartOf\":{\"@id\":\"https:\\\/\\\/interamerica.org\\\/fr\\\/#website\"},\"primaryImageOfPage\":{\"@id\":\"https:\\\/\\\/interamerica.org\\\/fr\\\/2024\\\/04\\\/comment-en-entendront-ils\\\/#primaryimage\"},\"image\":{\"@id\":\"https:\\\/\\\/interamerica.org\\\/fr\\\/2024\\\/04\\\/comment-en-entendront-ils\\\/#primaryimage\"},\"thumbnailUrl\":\"https:\\\/\\\/interamerica.org\\\/wp-content\\\/uploads\\\/2024\\\/04\\\/eh11abr.jpg\",\"datePublished\":\"2024-04-12T13:55:20+00:00\",\"dateModified\":\"2024-04-15T14:20:37+00:00\",\"author\":{\"@id\":\"https:\\\/\\\/interamerica.org\\\/fr\\\/#\\\/schema\\\/person\\\/29998f2bc2d8bd0d38662909289b54f1\"},\"breadcrumb\":{\"@id\":\"https:\\\/\\\/interamerica.org\\\/fr\\\/2024\\\/04\\\/comment-en-entendront-ils\\\/#breadcrumb\"},\"inLanguage\":\"fr-FR\",\"potentialAction\":[{\"@type\":\"ReadAction\",\"target\":[\"https:\\\/\\\/interamerica.org\\\/fr\\\/2024\\\/04\\\/comment-en-entendront-ils\\\/\"]}]},{\"@type\":\"ImageObject\",\"inLanguage\":\"fr-FR\",\"@id\":\"https:\\\/\\\/interamerica.org\\\/fr\\\/2024\\\/04\\\/comment-en-entendront-ils\\\/#primaryimage\",\"url\":\"https:\\\/\\\/interamerica.org\\\/wp-content\\\/uploads\\\/2024\\\/04\\\/eh11abr.jpg\",\"contentUrl\":\"https:\\\/\\\/interamerica.org\\\/wp-content\\\/uploads\\\/2024\\\/04\\\/eh11abr.jpg\",\"width\":1280,\"height\":800},{\"@type\":\"BreadcrumbList\",\"@id\":\"https:\\\/\\\/interamerica.org\\\/fr\\\/2024\\\/04\\\/comment-en-entendront-ils\\\/#breadcrumb\",\"itemListElement\":[{\"@type\":\"ListItem\",\"position\":1,\"name\":\"Home\",\"item\":\"https:\\\/\\\/interamerica.org\\\/fr\\\/\"},{\"@type\":\"ListItem\",\"position\":2,\"name\":\"Comment en entendront-ils parler?\"}]},{\"@type\":\"WebSite\",\"@id\":\"https:\\\/\\\/interamerica.org\\\/fr\\\/#website\",\"url\":\"https:\\\/\\\/interamerica.org\\\/fr\\\/\",\"name\":\"\u00c9glise Adventiste Du Septieme Jour - Inter Am\u00e9rique Division\",\"description\":\"\",\"potentialAction\":[{\"@type\":\"SearchAction\",\"target\":{\"@type\":\"EntryPoint\",\"urlTemplate\":\"https:\\\/\\\/interamerica.org\\\/fr\\\/?s={search_term_string}\"},\"query-input\":{\"@type\":\"PropertyValueSpecification\",\"valueRequired\":true,\"valueName\":\"search_term_string\"}}],\"inLanguage\":\"fr-FR\"},{\"@type\":\"Person\",\"@id\":\"https:\\\/\\\/interamerica.org\\\/fr\\\/#\\\/schema\\\/person\\\/29998f2bc2d8bd0d38662909289b54f1\",\"name\":\"libna\",\"image\":{\"@type\":\"ImageObject\",\"inLanguage\":\"fr-FR\",\"@id\":\"https:\\\/\\\/secure.gravatar.com\\\/avatar\\\/7c5bd30ae4b47a9ba3c856590957fd1d96dc588bf3ac05719d247e126840331f?s=96&d=mm&r=g\",\"url\":\"https:\\\/\\\/secure.gravatar.com\\\/avatar\\\/7c5bd30ae4b47a9ba3c856590957fd1d96dc588bf3ac05719d247e126840331f?s=96&d=mm&r=g\",\"contentUrl\":\"https:\\\/\\\/secure.gravatar.com\\\/avatar\\\/7c5bd30ae4b47a9ba3c856590957fd1d96dc588bf3ac05719d247e126840331f?s=96&d=mm&r=g\",\"caption\":\"libna\"}}]}<\/script>\n<!-- \/ Yoast SEO plugin. -->","yoast_head_json":{"title":"Comment en entendront-ils parler? - \u00c9glise Adventiste Du Septieme Jour - Inter Am\u00e9rique Division","robots":{"index":"index","follow":"follow","max-snippet":"max-snippet:-1","max-image-preview":"max-image-preview:large","max-video-preview":"max-video-preview:-1"},"canonical":"https:\/\/interamerica.org\/fr\/2024\/04\/comment-en-entendront-ils\/","og_locale":"fr_FR","og_type":"article","og_title":"Comment en entendront-ils parler? - \u00c9glise Adventiste Du Septieme Jour - Inter Am\u00e9rique Division","og_description":"Ci-dessous, un message adress\u00e9 \u00e0 l\u2019\u00c9glise adventiste du septi\u00e8me jour par le pr\u00e9sident de la Division Inter Am\u00e9ricaine, Elie Henry \u2013 \u00c9quipe de Presse de la DIA 12 avril 2024...","og_url":"https:\/\/interamerica.org\/fr\/2024\/04\/comment-en-entendront-ils\/","og_site_name":"\u00c9glise Adventiste Du Septieme Jour - Inter Am\u00e9rique Division","article_published_time":"2024-04-12T13:55:20+00:00","article_modified_time":"2024-04-15T14:20:37+00:00","og_image":[{"width":1280,"height":800,"url":"https:\/\/interamerica.org\/wp-content\/uploads\/2024\/04\/eh11abr.jpg","type":"image\/jpeg"}],"author":"libna","twitter_card":"summary_large_image","twitter_misc":{"\u00c9crit par":"libna","Dur\u00e9e de lecture estim\u00e9e":"2 minutes"},"schema":{"@context":"https:\/\/schema.org","@graph":[{"@type":"Article","@id":"https:\/\/interamerica.org\/fr\/2024\/04\/comment-en-entendront-ils\/#article","isPartOf":{"@id":"https:\/\/interamerica.org\/fr\/2024\/04\/comment-en-entendront-ils\/"},"author":{"name":"libna","@id":"https:\/\/interamerica.org\/fr\/#\/schema\/person\/29998f2bc2d8bd0d38662909289b54f1"},"headline":"Comment en entendront-ils parler?","datePublished":"2024-04-12T13:55:20+00:00","dateModified":"2024-04-15T14:20:37+00:00","mainEntityOfPage":{"@id":"https:\/\/interamerica.org\/fr\/2024\/04\/comment-en-entendront-ils\/"},"wordCount":337,"image":{"@id":"https:\/\/interamerica.org\/fr\/2024\/04\/comment-en-entendront-ils\/#primaryimage"},"thumbnailUrl":"https:\/\/interamerica.org\/wp-content\/uploads\/2024\/04\/eh11abr.jpg","articleSection":["Nouvelles du si\u00e8ge de la division","RSS Fran\u00e7ais"],"inLanguage":"fr-FR"},{"@type":"WebPage","@id":"https:\/\/interamerica.org\/fr\/2024\/04\/comment-en-entendront-ils\/","url":"https:\/\/interamerica.org\/fr\/2024\/04\/comment-en-entendront-ils\/","name":"Comment en entendront-ils parler? - \u00c9glise Adventiste Du Septieme Jour - Inter Am\u00e9rique Division","isPartOf":{"@id":"https:\/\/interamerica.org\/fr\/#website"},"primaryImageOfPage":{"@id":"https:\/\/interamerica.org\/fr\/2024\/04\/comment-en-entendront-ils\/#primaryimage"},"image":{"@id":"https:\/\/interamerica.org\/fr\/2024\/04\/comment-en-entendront-ils\/#primaryimage"},"thumbnailUrl":"https:\/\/interamerica.org\/wp-content\/uploads\/2024\/04\/eh11abr.jpg","datePublished":"2024-04-12T13:55:20+00:00","dateModified":"2024-04-15T14:20:37+00:00","author":{"@id":"https:\/\/interamerica.org\/fr\/#\/schema\/person\/29998f2bc2d8bd0d38662909289b54f1"},"breadcrumb":{"@id":"https:\/\/interamerica.org\/fr\/2024\/04\/comment-en-entendront-ils\/#breadcrumb"},"inLanguage":"fr-FR","potentialAction":[{"@type":"ReadAction","target":["https:\/\/interamerica.org\/fr\/2024\/04\/comment-en-entendront-ils\/"]}]},{"@type":"ImageObject","inLanguage":"fr-FR","@id":"https:\/\/interamerica.org\/fr\/2024\/04\/comment-en-entendront-ils\/#primaryimage","url":"https:\/\/interamerica.org\/wp-content\/uploads\/2024\/04\/eh11abr.jpg","contentUrl":"https:\/\/interamerica.org\/wp-content\/uploads\/2024\/04\/eh11abr.jpg","width":1280,"height":800},{"@type":"BreadcrumbList","@id":"https:\/\/interamerica.org\/fr\/2024\/04\/comment-en-entendront-ils\/#breadcrumb","itemListElement":[{"@type":"ListItem","position":1,"name":"Home","item":"https:\/\/interamerica.org\/fr\/"},{"@type":"ListItem","position":2,"name":"Comment en entendront-ils parler?"}]},{"@type":"WebSite","@id":"https:\/\/interamerica.org\/fr\/#website","url":"https:\/\/interamerica.org\/fr\/","name":"\u00c9glise Adventiste Du Septieme Jour - Inter Am\u00e9rique Division","description":"","potentialAction":[{"@type":"SearchAction","target":{"@type":"EntryPoint","urlTemplate":"https:\/\/interamerica.org\/fr\/?s={search_term_string}"},"query-input":{"@type":"PropertyValueSpecification","valueRequired":true,"valueName":"search_term_string"}}],"inLanguage":"fr-FR"},{"@type":"Person","@id":"https:\/\/interamerica.org\/fr\/#\/schema\/person\/29998f2bc2d8bd0d38662909289b54f1","name":"libna","image":{"@type":"ImageObject","inLanguage":"fr-FR","@id":"https:\/\/secure.gravatar.com\/avatar\/7c5bd30ae4b47a9ba3c856590957fd1d96dc588bf3ac05719d247e126840331f?s=96&d=mm&r=g","url":"https:\/\/secure.gravatar.com\/avatar\/7c5bd30ae4b47a9ba3c856590957fd1d96dc588bf3ac05719d247e126840331f?s=96&d=mm&r=g","contentUrl":"https:\/\/secure.gravatar.com\/avatar\/7c5bd30ae4b47a9ba3c856590957fd1d96dc588bf3ac05719d247e126840331f?s=96&d=mm&r=g","caption":"libna"}}]}},"_links":{"self":[{"href":"https:\/\/interamerica.org\/fr\/wp-json\/wp\/v2\/posts\/112453","targetHints":{"allow":["GET"]}}],"collection":[{"href":"https:\/\/interamerica.org\/fr\/wp-json\/wp\/v2\/posts"}],"about":[{"href":"https:\/\/interamerica.org\/fr\/wp-json\/wp\/v2\/types\/post"}],"author":[{"embeddable":true,"href":"https:\/\/interamerica.org\/fr\/wp-json\/wp\/v2\/users\/3"}],"replies":[{"embeddable":true,"href":"https:\/\/interamerica.org\/fr\/wp-json\/wp\/v2\/comments?post=112453"}],"version-history":[{"count":0,"href":"https:\/\/interamerica.org\/fr\/wp-json\/wp\/v2\/posts\/112453\/revisions"}],"wp:featuredmedia":[{"embeddable":true,"href":"https:\/\/interamerica.org\/fr\/wp-json\/wp\/v2\/media\/112523"}],"wp:attachment":[{"href":"https:\/\/interamerica.org\/fr\/wp-json\/wp\/v2\/media?parent=112453"}],"wp:term":[{"taxonomy":"category","embeddable":true,"href":"https:\/\/interamerica.org\/fr\/wp-json\/wp\/v2\/categories?post=112453"},{"taxonomy":"post_tag","embeddable":true,"href":"https:\/\/interamerica.org\/fr\/wp-json\/wp\/v2\/tags?post=112453"}],"curies":[{"name":"wp","href":"https:\/\/api.w.org\/{rel}","templated":true}]}}