{"id":112844,"date":"2024-04-16T15:42:47","date_gmt":"2024-04-16T19:42:47","guid":{"rendered":"https:\/\/interamerica.org\/?p=112844"},"modified":"2024-05-01T14:50:30","modified_gmt":"2024-05-01T18:50:30","slug":"une-difficulte-financiere-devient-une-opportunite-de-mission-a-sainte-croix","status":"publish","type":"post","link":"https:\/\/interamerica.org\/fr\/2024\/04\/une-difficulte-financiere-devient-une-opportunite-de-mission-a-sainte-croix\/","title":{"rendered":"Une difficult\u00e9 financi\u00e8re devient une opportunit\u00e9 de mission \u00e0 Sainte-Croix"},"content":{"rendered":"<p><div id=\"attachment_112738\" style=\"width: 836px\" class=\"wp-caption aligncenter\"><img fetchpriority=\"high\" decoding=\"async\" aria-describedby=\"caption-attachment-112738\" class=\" wp-image-112737\" src=\"https:\/\/interamerica.org\/wp-content\/uploads\/2024\/04\/abrahamschrock-petersrest-stcroix.jpg\" alt=\"\" width=\"826\" height=\"551\" srcset=\"https:\/\/interamerica.org\/wp-content\/uploads\/2024\/04\/abrahamschrock-petersrest-stcroix.jpg 1000w, https:\/\/interamerica.org\/wp-content\/uploads\/2024\/04\/abrahamschrock-petersrest-stcroix-300x200.jpg 300w, https:\/\/interamerica.org\/wp-content\/uploads\/2024\/04\/abrahamschrock-petersrest-stcroix-768x512.jpg 768w\" sizes=\"(max-width: 826px) 100vw, 826px\" \/><p id=\"caption-attachment-112738\" class=\"wp-caption-text\">Abraham Schrock, un adventiste du septi\u00e8me jour propri\u00e9taire d\u2019une entreprise de construction dans l\u2019Ohio, aux \u00c9tats-Unis, sourit lors du dernier jour o\u00f9 il apportait son aide \u00e0 la construction de la charpente de l\u2019\u00e9glise adventiste du septi\u00e8me jour de Peter&rsquo;s Rest \u00e0 Sainte-Croix, le 11 avril 2024. Abraham Schrock s\u2019est r\u00e9cemment rendu sur l\u2019\u00eele gratuitement d\u00e8s qu\u2019il a d\u00e9couvert que l\u2019\u00e9glise adventiste \u00e9tait toujours en cours de reconstruction apr\u00e8s qu\u2019un incendie ait endommag\u00e9 la structure en 2020. [Photo : Libna Stevens\/DIA]<\/p><\/div><em>Lorsqu\u2019Abraham Schrock a entendu parler de l\u2019incendie qui a touch\u00e9 l\u2019\u00e9glise adventiste du septi\u00e8me jour de Peter\u2019s Rest, il s\u2019est rendu sur place pour aider \u00e0 sa reconstruction.<\/em><\/p>\n<p>16 Avril 2024 | Christiansted, Sainte-Croix, \u00celes Vierges am\u00e9ricaines | Libna Stevens, Actualit\u00e9s de la Division Inter Am\u00e9ricaine<\/p>\n<p>Le licenciement de huit ouvriers de son entreprise de construction dans l\u2019Ohio, aux \u00c9tats-Unis, a durement touch\u00e9 Abraham Schrock. \u00ab Cela m\u2019a fait tomber sur ma face et m\u2019a amen\u00e9 \u00e0 l\u2019humilit\u00e9, \u00bb a d\u00e9clar\u00e9 Abraham Schrock. \u00ab J\u2019ai d\u00fb donc aller vers le Seigneur et parvenir \u00e0 la conclusion que je devais r\u00e9duire mon train de vie, mes d\u00e9sirs personnels et avoir un but dans la vie. \u00bb<\/p>\n<p>L\u2019objectif est devenu tout aussi clair que lorsqu\u2019il est devenu adventiste du septi\u00e8me jour il y a six ans apr\u00e8s avoir quitt\u00e9 la communaut\u00e9 Amish dans laquelle il a grandi. \u00ab Je voulais faire quelque chose pour aider les autres. \u00bb Il a contact\u00e9 un vieil ami qui a des relations \u00e0 Sainte-Croix \u2013 un endroit que lui et sa famille aimaient visiter pendant les vacances \u2013 pour voir si quelqu\u2019un ou si une \u00e9glise avait besoin d\u2019aide.<\/p>\n<p><div id=\"attachment_112762\" style=\"width: 823px\" class=\"wp-caption aligncenter\"><img decoding=\"async\" aria-describedby=\"caption-attachment-112762\" class=\" wp-image-112761\" src=\"https:\/\/interamerica.org\/wp-content\/uploads\/2024\/04\/petersrest-construction-frontapr11.jpg\" alt=\"\" width=\"813\" height=\"542\" srcset=\"https:\/\/interamerica.org\/wp-content\/uploads\/2024\/04\/petersrest-construction-frontapr11.jpg 1000w, https:\/\/interamerica.org\/wp-content\/uploads\/2024\/04\/petersrest-construction-frontapr11-300x200.jpg 300w, https:\/\/interamerica.org\/wp-content\/uploads\/2024\/04\/petersrest-construction-frontapr11-768x512.jpg 768w\" sizes=\"(max-width: 813px) 100vw, 813px\" \/><p id=\"caption-attachment-112762\" class=\"wp-caption-text\">Les employ\u00e9s de l\u2019entreprise de construction d\u2019Abraham Schrock, Joseph Baps (\u00e0 gauche) et Henry Weaver (\u00e0 droite), font \u00e9quipe avec des ouvriers du b\u00e2timent locaux pour pr\u00e9parer une charpente en bois qui doit \u00eatre install\u00e9e \u00e0 l\u2019avant de l\u2019\u00e9glise adventiste du septi\u00e8me jour de Peter\u2019s Rest, le 11 avril 2024, quelques heures avant leur retour aux \u00c9tats-Unis. [Photo : Libna Stevens\/DIA]<\/p><\/div><strong>Se joindre aux efforts de reconstruction<\/strong><\/p>\n<p>Lorsqu\u2019Abraham Schrock a appris que l\u2019\u00e9glise adventiste du septi\u00e8me jour de Peter\u2019s Rest, sur l\u2019\u00eele, avait \u00e9t\u00e9 touch\u00e9e par un incendie il y a plusieurs ann\u00e9es et qu\u2019elle avait encore besoin d\u2019\u00eatre restaur\u00e9e, il a su qu\u2019il pouvait faire bon usage de ses comp\u00e9tences en mati\u00e8re de construction. Il a contact\u00e9 le premier ancien de l\u2019\u00e9glise, Herman Ravariere, en janvier.<\/p>\n<p>Herman Ravariere supervise la reconstruction du lieu de culte en tant qu\u2019entrepreneur g\u00e9n\u00e9ral et a accueilli Abraham Schrock et ses amis dans les travaux de reconstruction en cours avec plusieurs de ses ouvriers bu b\u00e2timent.<\/p>\n<p><div id=\"attachment_112744\" style=\"width: 832px\" class=\"wp-caption aligncenter\"><img decoding=\"async\" aria-describedby=\"caption-attachment-112744\" class=\" wp-image-112743\" src=\"https:\/\/interamerica.org\/wp-content\/uploads\/2024\/04\/st-croix-herman-ravariere-peters-rest.jpg\" alt=\"\" width=\"822\" height=\"545\" srcset=\"https:\/\/interamerica.org\/wp-content\/uploads\/2024\/04\/st-croix-herman-ravariere-peters-rest.jpg 1000w, https:\/\/interamerica.org\/wp-content\/uploads\/2024\/04\/st-croix-herman-ravariere-peters-rest-300x199.jpg 300w, https:\/\/interamerica.org\/wp-content\/uploads\/2024\/04\/st-croix-herman-ravariere-peters-rest-768x509.jpg 768w\" sizes=\"(max-width: 822px) 100vw, 822px\" \/><p id=\"caption-attachment-112744\" class=\"wp-caption-text\">Le premier ancien de l\u2019\u00e9glise adventiste de Peter\u2019s Rest, Herman Ravariere, qui supervise la reconstruction de l\u2019\u00e9glise, montre toutes les charpentes et les murs qui ont \u00e9t\u00e9 \u00e9rig\u00e9s avec l\u2019aide d\u2019Abraham Schrock et de son \u00e9quipe qui ont r\u00e9cemment travaill\u00e9 avec les ouvriers d\u2019Herman Ravariere sur le site de l\u2019\u00e9glise r\u00e9cemment. [Photo : Libna Stevens\/DIA]<\/p><\/div>Des plans ont \u00e9t\u00e9 faits pour aider \u00e0 installer le nouveau plafond lorsque Abraham Schrock arriverait avec trois autres personnes. Abraham Schrock a rassembl\u00e9 ses outils et sa famille a fait le voyage pour apporter son aide \u00e0 l\u2019\u00e9glise adventiste de Peter\u2019s Rest.<\/p>\n<p>\u00ab Le jour o\u00f9 nous sommes arriv\u00e9s, pour une raison quelconque, l\u2019ing\u00e9nierie de la climatisation avait chang\u00e9 et nous ne pouvions pas travailler sur le plafond, \u00bb a dit Abraham Schrock. Ils ont regard\u00e9 autour d\u2019eux et ont remarqu\u00e9 qu\u2019il y avait beaucoup \u00e0 faire. \u00ab Nous avons pos\u00e9 la charpente pour le plafond, la charpente sous le balcon, le porche avait besoin d\u2019une charpente, il y avait le rev\u00eatement de sol l\u00e0-haut, et nous avons \u00e9rig\u00e9 des murs et aussi construit des escaliers, \u00bb a-t-il indiqu\u00e9.<\/p>\n<p><div id=\"attachment_112759\" style=\"width: 818px\" class=\"wp-caption aligncenter\"><img loading=\"lazy\" decoding=\"async\" aria-describedby=\"caption-attachment-112759\" class=\" wp-image-112758\" src=\"https:\/\/interamerica.org\/wp-content\/uploads\/2024\/04\/petersrest-church-stcroix.jpg\" alt=\"\" width=\"808\" height=\"539\" srcset=\"https:\/\/interamerica.org\/wp-content\/uploads\/2024\/04\/petersrest-church-stcroix.jpg 1000w, https:\/\/interamerica.org\/wp-content\/uploads\/2024\/04\/petersrest-church-stcroix-300x200.jpg 300w, https:\/\/interamerica.org\/wp-content\/uploads\/2024\/04\/petersrest-church-stcroix-768x512.jpg 768w\" sizes=\"(max-width: 808px) 100vw, 808px\" \/><p id=\"caption-attachment-112759\" class=\"wp-caption-text\">Fa\u00e7ade de l\u2019\u00e9glise adventiste du septi\u00e8me jour de Peter\u2019s Rest, celle qui est encore en cours de restauration depuis l\u2019incendie qui a touch\u00e9 l\u2019int\u00e9rieur de l\u2019\u00e9glise en 2020. [Photo : Libna Stevens\/DIA]<\/p><\/div>La congr\u00e9gation se r\u00e9unit sous un grand chapiteau depuis l\u2019incendie de 2020.<\/p>\n<p><strong>Prendre part aux efforts d\u2019\u00e9vang\u00e9lisation<\/strong><\/p>\n<p>Il se trouve qu\u2019Abraham Schrock, sa famille et ses amis sont arriv\u00e9s quelques jours avant la tenue du programme <a href=\"https:\/\/interamerica.org\/2024\/04\/in-a-temple-or-a-tent-the-mission-is-the-same-for-church-in-st-croix\/\"><em>Impact 24 Votre Parcours Vers la Joie <\/em> qui a \u00e9t\u00e9 organis\u00e9 sur toute l\u2019ile par l\u2019\u00c9glise adventiste du septi\u00e8me jour \u00e0 Sainte-Croix<\/a> et qui a d\u00e9but\u00e9 le 30 mars 2024 avec des efforts combin\u00e9s entre le d\u00e9partement de la Tr\u00e9sorerie de la Conf\u00e9rence G\u00e9n\u00e9rale, la Division Inter Am\u00e9ricaine, l\u2019Union Carib\u00e9enne et la F\u00e9d\u00e9ration du Nord de la Cara\u00efbe.<\/p>\n<p><div id=\"attachment_112756\" style=\"width: 822px\" class=\"wp-caption aligncenter\"><img loading=\"lazy\" decoding=\"async\" aria-describedby=\"caption-attachment-112756\" class=\" wp-image-112755\" src=\"https:\/\/interamerica.org\/wp-content\/uploads\/2024\/04\/petersrest-tent-stcroix.jpg\" alt=\"\" width=\"812\" height=\"541\" srcset=\"https:\/\/interamerica.org\/wp-content\/uploads\/2024\/04\/petersrest-tent-stcroix.jpg 1000w, https:\/\/interamerica.org\/wp-content\/uploads\/2024\/04\/petersrest-tent-stcroix-300x200.jpg 300w, https:\/\/interamerica.org\/wp-content\/uploads\/2024\/04\/petersrest-tent-stcroix-768x512.jpg 768w\" sizes=\"(max-width: 812px) 100vw, 812px\" \/><p id=\"caption-attachment-112756\" class=\"wp-caption-text\">La petite structure en bois construite par Abraham Schrock et son \u00e9quipe derri\u00e8re la plateforme du chapiteau o\u00f9 les membres d\u2019\u00e9glise se r\u00e9unissent depuis l\u2019incendie de 2020. [Photo : Libna Stevens\/DIA]<\/p><\/div>Abraham Schrock et l\u2019\u00e9quipe ont \u00e9galement construit une petite structure derri\u00e8re le grand chapiteau o\u00f9 les membres adorent chaque semaine et o\u00f9 se tenait la campagne d\u2019\u00e9vang\u00e9lisation de deux semaines.<\/p>\n<p>Le pasteur de l\u2019\u00e9glise adventiste Peter\u2019s Rest, Earl Esdaile, a d\u00e9clar\u00e9 que la petite structure \u00e9tait utilis\u00e9e chaque soir par l\u2019\u00e9vang\u00e9liste invit\u00e9 et ceux qui intervenaient sur la plateforme et qu\u2019elle serait \u00e9galement utilis\u00e9e comme un espace dans lequel le pasteur pourra recevoir les membres d\u2019\u00e9glise pendant la semaine.<\/p>\n<p>Pasteur Esdaile est reconnaissant pour l\u2019engagement d\u2019Abraham Schrock et de ses amis.<\/p>\n<p><div id=\"attachment_112753\" style=\"width: 822px\" class=\"wp-caption aligncenter\"><img loading=\"lazy\" decoding=\"async\" aria-describedby=\"caption-attachment-112753\" class=\" wp-image-112752\" src=\"https:\/\/interamerica.org\/wp-content\/uploads\/2024\/04\/earl-esdaile-peters-rest-church.jpg\" alt=\"\" width=\"812\" height=\"503\" srcset=\"https:\/\/interamerica.org\/wp-content\/uploads\/2024\/04\/earl-esdaile-peters-rest-church.jpg 1000w, https:\/\/interamerica.org\/wp-content\/uploads\/2024\/04\/earl-esdaile-peters-rest-church-300x186.jpg 300w, https:\/\/interamerica.org\/wp-content\/uploads\/2024\/04\/earl-esdaile-peters-rest-church-768x476.jpg 768w\" sizes=\"(max-width: 812px) 100vw, 812px\" \/><p id=\"caption-attachment-112753\" class=\"wp-caption-text\">Earl Esdaile, pasteur de l\u2019\u00e9glise adventiste de Peter\u2019s Rest \u00e0 Sainte-Croix, sourit en parlant des plans visant \u00e0 augmenter l\u2019effectif de membres de l\u2019\u00e9glise et des plans d\u2019actions d\u2019impact communautaire dans les mois et l\u2019ann\u00e9e \u00e0 venir. [Photo : Libna Stevens\/DIA]<\/p><\/div>Abraham Schrock et sa famille ont vraiment appr\u00e9ci\u00e9 la campagne d\u2019\u00e9vang\u00e9lisation et ont assist\u00e9 au bapt\u00eame de quatre personnes le 6 avril 2024. \u00ab C\u2019est une b\u00e9n\u00e9diction de voir le c\u0153ur des gens convaincus d\u2019abandonner le p\u00e9ch\u00e9, de s\u2019abandonner et de se soumettre au Seigneur, \u00bb a d\u00e9clar\u00e9 Abraham Schrock. \u00ab C\u2019est merveilleux de voir la fa\u00e7on dont le Seigneur agit. \u00bb<\/p>\n<p><strong>Les efforts de reconstruction se poursuivent<\/strong><\/p>\n<p>Il y a encore beaucoup de travail \u00e0 faire pour terminer l\u2019\u00e9glise, a dit Abraham Schrock. Son plan est de revenir pour apporter son aide l\u00e0 o\u00f9 c\u2019est n\u00e9cessaire. Chaque fois que son nouvel ami, fr\u00e8re Ravariere, le rappellera pour continuer de travailler sur l\u2019\u00e9glise, Abraham Schrock sera pr\u00eat, a-t-il d\u00e9clar\u00e9. \u00ab Ce sont les meilleures vacances que j\u2019ai jamais pass\u00e9es ici, en travaillant chaque jour pour la mission de cette \u00e9glise, \u00bb a d\u00e9clar\u00e9 Abraham Schrock. \u00ab Il nous a h\u00e9berg\u00e9s dans une maison et nous avons pu participer \u00e0 cette reconstruction. \u00bb Abraham Schrock a dit qu\u2019il voulait s\u2019engager dans la construction missionnaire selon la direction du Seigneur. \u00ab Il s\u2019agit avant tout de soutenir l\u2019\u0153uvre de la mission, \u00bb a-t-il d\u00e9clar\u00e9.<\/p>\n<p><div id=\"attachment_112741\" style=\"width: 829px\" class=\"wp-caption aligncenter\"><img loading=\"lazy\" decoding=\"async\" aria-describedby=\"caption-attachment-112741\" class=\" wp-image-112740\" src=\"https:\/\/interamerica.org\/wp-content\/uploads\/2024\/04\/stcroix-abraham-schrock-family-1024x603.jpg\" alt=\"\" width=\"819\" height=\"482\" srcset=\"https:\/\/interamerica.org\/wp-content\/uploads\/2024\/04\/stcroix-abraham-schrock-family-1024x603.jpg 1024w, https:\/\/interamerica.org\/wp-content\/uploads\/2024\/04\/stcroix-abraham-schrock-family-300x177.jpg 300w, https:\/\/interamerica.org\/wp-content\/uploads\/2024\/04\/stcroix-abraham-schrock-family-768x452.jpg 768w, https:\/\/interamerica.org\/wp-content\/uploads\/2024\/04\/stcroix-abraham-schrock-family.jpg 1054w\" sizes=\"(max-width: 819px) 100vw, 819px\" \/><p id=\"caption-attachment-112741\" class=\"wp-caption-text\">Abraham Schrock, sa femme et leurs jeunes enfants lors d\u2019une visite r\u00e9cente \u00e0 la plage \u00e0 Sainte-Croix. [Photo : avec l\u2019aimable autorisation d\u2019Abraham Schrock]<\/p><\/div>L\u2019\u00e9glise poursuit ses efforts de reconstruction chaque semaine et pendant les mois \u00e0 venir, ont indiqu\u00e9 les dirigeants. \u00ab Nous esp\u00e9rons terminer les principales parties du sanctuaire en d\u00e9cembre et \u00e9ventuellement inaugurer l\u2019\u00e9glise l\u2019\u00e9t\u00e9 suivant, \u00bb a d\u00e9clar\u00e9 pasteur Esdaile.<\/p>\n<p>Gr\u00e2ce aux fonds d\u2019assurance re\u00e7us, aux fonds de la f\u00e9d\u00e9ration et au d\u00e9vouement des membres d\u2019\u00e9glise, l\u2019\u00e9glise sera bient\u00f4t restaur\u00e9e, a dit pasteur Esdaile. \u00ab Nos membres ont fait beaucoup de sacrifices, et ont contribu\u00e9 par leurs offrandes \u00e0 aider \u00e0 l\u2019ach\u00e8vement de l\u2019\u00e9glise, \u00bb a-t-il d\u00e9clar\u00e9.<\/p>\n<p><div id=\"attachment_112750\" style=\"width: 812px\" class=\"wp-caption aligncenter\"><img loading=\"lazy\" decoding=\"async\" aria-describedby=\"caption-attachment-112750\" class=\" wp-image-112749\" src=\"https:\/\/interamerica.org\/wp-content\/uploads\/2024\/04\/petersrest-tent-apr13.jpg\" alt=\"\" width=\"802\" height=\"535\" srcset=\"https:\/\/interamerica.org\/wp-content\/uploads\/2024\/04\/petersrest-tent-apr13.jpg 1000w, https:\/\/interamerica.org\/wp-content\/uploads\/2024\/04\/petersrest-tent-apr13-300x200.jpg 300w, https:\/\/interamerica.org\/wp-content\/uploads\/2024\/04\/petersrest-tent-apr13-768x512.jpg 768w\" sizes=\"(max-width: 802px) 100vw, 802px\" \/><p id=\"caption-attachment-112750\" class=\"wp-caption-text\">Les membres et les visiteurs se r\u00e9unissent le 13 avril 2024 sur le site temporaire de l\u2019\u00e9glise adventiste du septi\u00e8me jour de Peter\u2019s Rest, \u00e0 Sainte-Croix, dans les \u00eeles Vierges am\u00e9ricaines lors du dernier jour de la campagne d\u2019\u00e9vang\u00e9lisation \u00ab Impact 24 Votre Parcours Vers la Joie \u00bb qui se tient dans le pays. [Photo : Libna Stevens\/DIA]<\/p><\/div>Voir l\u2019\u00e9glise restaur\u00e9e et remplie avec un espace dans le sanctuaire principal pouvant accueillir 500 \u00e0 600 personnes, une mezzanine et une grande salle multim\u00e9dia \u00e0 l\u2019arri\u00e8re, ainsi que d\u2019une salle de conf\u00e9rence et une biblioth\u00e8que sera une b\u00e9n\u00e9diction pour la communaut\u00e9, a d\u00e9clar\u00e9 pasteur Esdaile. Le seul espace qui n\u2019a pas \u00e9t\u00e9 touch\u00e9 par l\u2019incendie est utilis\u00e9 pour les salles de classe de l\u2019\u00c9cole du Sabbat et pour les toilettes au rez-de-chauss\u00e9e.<\/p>\n<p><strong>D\u2019autres opportunit\u00e9s de se d\u00e9velopper<\/strong><\/p>\n<p>N\u00e9 et \u00e9lev\u00e9 \u00e0 Sainte-Croix, pasteur Esdaile a d\u00e9clar\u00e9 que l\u2019\u00c9glise a encore une grande marge de croissance. L\u2019effectif actuel s\u2019\u00e9l\u00e8ve \u00e0 pr\u00e8s de 200 membres et les r\u00e9centes campagnes d\u2019\u00e9vang\u00e9lisation ont boost\u00e9 l\u2019engagement des membres actifs et des ouvriers bibliques locaux et \u00e9trangers \u00e0 continuer de proclamer l\u2019\u00e9vangile pour atteindre encore plus leur communaut\u00e9.<\/p>\n<p><div id=\"attachment_112747\" style=\"width: 847px\" class=\"wp-caption aligncenter\"><img loading=\"lazy\" decoding=\"async\" aria-describedby=\"caption-attachment-112747\" class=\" wp-image-112746\" src=\"https:\/\/interamerica.org\/wp-content\/uploads\/2024\/04\/st-croix-petersrest-church-side.jpg\" alt=\"\" width=\"837\" height=\"558\" srcset=\"https:\/\/interamerica.org\/wp-content\/uploads\/2024\/04\/st-croix-petersrest-church-side.jpg 1000w, https:\/\/interamerica.org\/wp-content\/uploads\/2024\/04\/st-croix-petersrest-church-side-300x200.jpg 300w, https:\/\/interamerica.org\/wp-content\/uploads\/2024\/04\/st-croix-petersrest-church-side-768x511.jpg 768w\" sizes=\"(max-width: 837px) 100vw, 837px\" \/><p id=\"caption-attachment-112747\" class=\"wp-caption-text\">Vue lat\u00e9rale de l\u2019\u00e9glise adventiste de Peter\u2019s Rest pendant sa restauration. Le rez-de-chauss\u00e9e n\u2019a pas \u00e9t\u00e9 touch\u00e9 par l\u2019incendie et est utilis\u00e9 pour les salles de l\u2019\u00e9cole du sabbat des enfants ainsi que pour les toilettes. [Photo : Libna Stevens\/DIA]<\/p><\/div>Le pasteur Esdaile cherche \u00e0 garder les services de Maxo Dorlis, l\u2019un des dix ouvriers bibliques travaillant avec le district, et qui a oeuvr\u00e9 pour toucher la communaut\u00e9 ha\u00eftienne et a frapp\u00e9 \u00e0 plus de 200 portes, donnant des \u00e9tudes bibliques depuis le mois de f\u00e9vrier. Parmi les 14 personnes baptis\u00e9es au cours de la campagne d\u2019\u00e9vang\u00e9lisation, il y a Jerisner Saint Louis, qui est devenu le premier membre de la communaut\u00e9 ha\u00eftienne \u00e0 \u00eatre baptis\u00e9 sur l\u2019\u00eele. Jerisner Saint Louis et des dizaines d\u2019autres ont \u00e9tudi\u00e9 la Bible et auront besoin d\u2019un espace pour adorer dans leur propre langue, a dit pasteur Esdaile. \u00ab Nous voulons continuer \u00e0 exercer un minist\u00e8re aupr\u00e8s d\u2019eux et du reste de leurs familles et de leurs amis, \u00bb a-t-il d\u00e9clar\u00e9.<\/p>\n<p>Il s\u2019agit d\u2019\u00eatre plus visible et disponible, a d\u00e9clar\u00e9 pasteur Esdaile. \u00ab Notre objectif est que l\u2019\u00e9glise soit ouverte tous les jours, pas seulement le sabbat matin ou le mercredi, mais que les portes soient ouvertes pour exercer un minist\u00e8re aupr\u00e8s de la communaut\u00e9 en tant que centre d\u2019influence proposant des formations dans le domaine de la sant\u00e9, des sessions de relation d\u2019aide et d\u2019autres activit\u00e9s pour les enfants et les jeunes. \u00bb a dit pasteur Esdaile.<\/p>\n<p>Pasteur Esdaile, qui est \u00e9galement responsable de l\u2019\u00e9glise adventiste de Christiansted dans son district, a d\u00e9clar\u00e9 que le comit\u00e9 de l\u2019\u00e9glise de Peter\u2019s Rest avait comme objectif de construire une autre structure qui fonctionnerait comme un centre communautaire une fois l\u2019\u00e9glise achev\u00e9e.<\/p>\n<p>Traduction:Patrick Luciathe<\/p>\n","protected":false},"excerpt":{"rendered":"<p>Lorsqu\u2019Abraham Schrock a entendu parler de l\u2019incendie qui a touch\u00e9 l\u2019\u00e9glise adventiste du septi\u00e8me jour de Peter\u2019s Rest, il s\u2019est rendu sur place pour aider \u00e0 sa reconstruction. 16 Avril&#8230;<\/p>\n","protected":false},"author":3,"featured_media":112738,"comment_status":"closed","ping_status":"closed","sticky":false,"template":"","format":"standard","meta":{"_acf_changed":false,"footnotes":""},"categories":[20,19],"tags":[],"class_list":["post-112844","post","type-post","status-publish","format-standard","has-post-thumbnail","hentry","category-nouvelles-du-siege-de-la-division","category-rss-francais"],"acf":[],"yoast_head":"<!-- This site is optimized with the Yoast SEO plugin v27.3 - https:\/\/yoast.com\/product\/yoast-seo-wordpress\/ -->\n<title>Une difficult\u00e9 financi\u00e8re devient une opportunit\u00e9 de mission \u00e0 Sainte-Croix - \u00c9glise Adventiste Du Septieme Jour - Inter Am\u00e9rique Division<\/title>\n<meta name=\"robots\" content=\"index, follow, max-snippet:-1, max-image-preview:large, max-video-preview:-1\" \/>\n<link rel=\"canonical\" href=\"https:\/\/interamerica.org\/fr\/2024\/04\/une-difficulte-financiere-devient-une-opportunite-de-mission-a-sainte-croix\/\" \/>\n<meta property=\"og:locale\" content=\"fr_FR\" \/>\n<meta property=\"og:type\" content=\"article\" \/>\n<meta property=\"og:title\" content=\"Une difficult\u00e9 financi\u00e8re devient une opportunit\u00e9 de mission \u00e0 Sainte-Croix - \u00c9glise Adventiste Du Septieme Jour - Inter Am\u00e9rique Division\" \/>\n<meta property=\"og:description\" content=\"Lorsqu\u2019Abraham Schrock a entendu parler de l\u2019incendie qui a touch\u00e9 l\u2019\u00e9glise adventiste du septi\u00e8me jour de Peter\u2019s Rest, il s\u2019est rendu sur place pour aider \u00e0 sa reconstruction. 16 Avril...\" \/>\n<meta property=\"og:url\" content=\"https:\/\/interamerica.org\/fr\/2024\/04\/une-difficulte-financiere-devient-une-opportunite-de-mission-a-sainte-croix\/\" \/>\n<meta property=\"og:site_name\" content=\"\u00c9glise Adventiste Du Septieme Jour - Inter Am\u00e9rique Division\" \/>\n<meta property=\"article:published_time\" content=\"2024-04-16T19:42:47+00:00\" \/>\n<meta property=\"article:modified_time\" content=\"2024-05-01T18:50:30+00:00\" \/>\n<meta property=\"og:image\" content=\"https:\/\/interamerica.org\/wp-content\/uploads\/2024\/04\/abrahamschrock-petersrest-stcroix.jpg\" \/>\n\t<meta property=\"og:image:width\" content=\"1000\" \/>\n\t<meta property=\"og:image:height\" content=\"667\" \/>\n\t<meta property=\"og:image:type\" content=\"image\/jpeg\" \/>\n<meta name=\"author\" content=\"libna\" \/>\n<meta name=\"twitter:card\" content=\"summary_large_image\" \/>\n<meta name=\"twitter:label1\" content=\"\u00c9crit par\" \/>\n\t<meta name=\"twitter:data1\" content=\"libna\" \/>\n\t<meta name=\"twitter:label2\" content=\"Dur\u00e9e de lecture estim\u00e9e\" \/>\n\t<meta name=\"twitter:data2\" content=\"10 minutes\" \/>\n<script type=\"application\/ld+json\" class=\"yoast-schema-graph\">{\"@context\":\"https:\\\/\\\/schema.org\",\"@graph\":[{\"@type\":\"Article\",\"@id\":\"https:\\\/\\\/interamerica.org\\\/fr\\\/2024\\\/04\\\/une-difficulte-financiere-devient-une-opportunite-de-mission-a-sainte-croix\\\/#article\",\"isPartOf\":{\"@id\":\"https:\\\/\\\/interamerica.org\\\/fr\\\/2024\\\/04\\\/une-difficulte-financiere-devient-une-opportunite-de-mission-a-sainte-croix\\\/\"},\"author\":{\"name\":\"libna\",\"@id\":\"https:\\\/\\\/interamerica.org\\\/fr\\\/#\\\/schema\\\/person\\\/29998f2bc2d8bd0d38662909289b54f1\"},\"headline\":\"Une difficult\u00e9 financi\u00e8re devient une opportunit\u00e9 de mission \u00e0 Sainte-Croix\",\"datePublished\":\"2024-04-16T19:42:47+00:00\",\"dateModified\":\"2024-05-01T18:50:30+00:00\",\"mainEntityOfPage\":{\"@id\":\"https:\\\/\\\/interamerica.org\\\/fr\\\/2024\\\/04\\\/une-difficulte-financiere-devient-une-opportunite-de-mission-a-sainte-croix\\\/\"},\"wordCount\":1948,\"image\":{\"@id\":\"https:\\\/\\\/interamerica.org\\\/fr\\\/2024\\\/04\\\/une-difficulte-financiere-devient-une-opportunite-de-mission-a-sainte-croix\\\/#primaryimage\"},\"thumbnailUrl\":\"https:\\\/\\\/interamerica.org\\\/wp-content\\\/uploads\\\/2024\\\/04\\\/abrahamschrock-petersrest-stcroix.jpg\",\"articleSection\":[\"Nouvelles du si\u00e8ge de la division\",\"RSS Fran\u00e7ais\"],\"inLanguage\":\"fr-FR\"},{\"@type\":\"WebPage\",\"@id\":\"https:\\\/\\\/interamerica.org\\\/fr\\\/2024\\\/04\\\/une-difficulte-financiere-devient-une-opportunite-de-mission-a-sainte-croix\\\/\",\"url\":\"https:\\\/\\\/interamerica.org\\\/fr\\\/2024\\\/04\\\/une-difficulte-financiere-devient-une-opportunite-de-mission-a-sainte-croix\\\/\",\"name\":\"Une difficult\u00e9 financi\u00e8re devient une opportunit\u00e9 de mission \u00e0 Sainte-Croix - \u00c9glise Adventiste Du Septieme Jour - Inter Am\u00e9rique Division\",\"isPartOf\":{\"@id\":\"https:\\\/\\\/interamerica.org\\\/fr\\\/#website\"},\"primaryImageOfPage\":{\"@id\":\"https:\\\/\\\/interamerica.org\\\/fr\\\/2024\\\/04\\\/une-difficulte-financiere-devient-une-opportunite-de-mission-a-sainte-croix\\\/#primaryimage\"},\"image\":{\"@id\":\"https:\\\/\\\/interamerica.org\\\/fr\\\/2024\\\/04\\\/une-difficulte-financiere-devient-une-opportunite-de-mission-a-sainte-croix\\\/#primaryimage\"},\"thumbnailUrl\":\"https:\\\/\\\/interamerica.org\\\/wp-content\\\/uploads\\\/2024\\\/04\\\/abrahamschrock-petersrest-stcroix.jpg\",\"datePublished\":\"2024-04-16T19:42:47+00:00\",\"dateModified\":\"2024-05-01T18:50:30+00:00\",\"author\":{\"@id\":\"https:\\\/\\\/interamerica.org\\\/fr\\\/#\\\/schema\\\/person\\\/29998f2bc2d8bd0d38662909289b54f1\"},\"breadcrumb\":{\"@id\":\"https:\\\/\\\/interamerica.org\\\/fr\\\/2024\\\/04\\\/une-difficulte-financiere-devient-une-opportunite-de-mission-a-sainte-croix\\\/#breadcrumb\"},\"inLanguage\":\"fr-FR\",\"potentialAction\":[{\"@type\":\"ReadAction\",\"target\":[\"https:\\\/\\\/interamerica.org\\\/fr\\\/2024\\\/04\\\/une-difficulte-financiere-devient-une-opportunite-de-mission-a-sainte-croix\\\/\"]}]},{\"@type\":\"ImageObject\",\"inLanguage\":\"fr-FR\",\"@id\":\"https:\\\/\\\/interamerica.org\\\/fr\\\/2024\\\/04\\\/une-difficulte-financiere-devient-une-opportunite-de-mission-a-sainte-croix\\\/#primaryimage\",\"url\":\"https:\\\/\\\/interamerica.org\\\/wp-content\\\/uploads\\\/2024\\\/04\\\/abrahamschrock-petersrest-stcroix.jpg\",\"contentUrl\":\"https:\\\/\\\/interamerica.org\\\/wp-content\\\/uploads\\\/2024\\\/04\\\/abrahamschrock-petersrest-stcroix.jpg\",\"width\":1000,\"height\":667,\"caption\":\"[Photo: Libna Stevens\\\/IAD]\"},{\"@type\":\"BreadcrumbList\",\"@id\":\"https:\\\/\\\/interamerica.org\\\/fr\\\/2024\\\/04\\\/une-difficulte-financiere-devient-une-opportunite-de-mission-a-sainte-croix\\\/#breadcrumb\",\"itemListElement\":[{\"@type\":\"ListItem\",\"position\":1,\"name\":\"Home\",\"item\":\"https:\\\/\\\/interamerica.org\\\/fr\\\/\"},{\"@type\":\"ListItem\",\"position\":2,\"name\":\"Une difficult\u00e9 financi\u00e8re devient une opportunit\u00e9 de mission \u00e0 Sainte-Croix\"}]},{\"@type\":\"WebSite\",\"@id\":\"https:\\\/\\\/interamerica.org\\\/fr\\\/#website\",\"url\":\"https:\\\/\\\/interamerica.org\\\/fr\\\/\",\"name\":\"\u00c9glise Adventiste Du Septieme Jour - Inter Am\u00e9rique Division\",\"description\":\"\",\"potentialAction\":[{\"@type\":\"SearchAction\",\"target\":{\"@type\":\"EntryPoint\",\"urlTemplate\":\"https:\\\/\\\/interamerica.org\\\/fr\\\/?s={search_term_string}\"},\"query-input\":{\"@type\":\"PropertyValueSpecification\",\"valueRequired\":true,\"valueName\":\"search_term_string\"}}],\"inLanguage\":\"fr-FR\"},{\"@type\":\"Person\",\"@id\":\"https:\\\/\\\/interamerica.org\\\/fr\\\/#\\\/schema\\\/person\\\/29998f2bc2d8bd0d38662909289b54f1\",\"name\":\"libna\",\"image\":{\"@type\":\"ImageObject\",\"inLanguage\":\"fr-FR\",\"@id\":\"https:\\\/\\\/secure.gravatar.com\\\/avatar\\\/7c5bd30ae4b47a9ba3c856590957fd1d96dc588bf3ac05719d247e126840331f?s=96&d=mm&r=g\",\"url\":\"https:\\\/\\\/secure.gravatar.com\\\/avatar\\\/7c5bd30ae4b47a9ba3c856590957fd1d96dc588bf3ac05719d247e126840331f?s=96&d=mm&r=g\",\"contentUrl\":\"https:\\\/\\\/secure.gravatar.com\\\/avatar\\\/7c5bd30ae4b47a9ba3c856590957fd1d96dc588bf3ac05719d247e126840331f?s=96&d=mm&r=g\",\"caption\":\"libna\"}}]}<\/script>\n<!-- \/ Yoast SEO plugin. -->","yoast_head_json":{"title":"Une difficult\u00e9 financi\u00e8re devient une opportunit\u00e9 de mission \u00e0 Sainte-Croix - \u00c9glise Adventiste Du Septieme Jour - Inter Am\u00e9rique Division","robots":{"index":"index","follow":"follow","max-snippet":"max-snippet:-1","max-image-preview":"max-image-preview:large","max-video-preview":"max-video-preview:-1"},"canonical":"https:\/\/interamerica.org\/fr\/2024\/04\/une-difficulte-financiere-devient-une-opportunite-de-mission-a-sainte-croix\/","og_locale":"fr_FR","og_type":"article","og_title":"Une difficult\u00e9 financi\u00e8re devient une opportunit\u00e9 de mission \u00e0 Sainte-Croix - \u00c9glise Adventiste Du Septieme Jour - Inter Am\u00e9rique Division","og_description":"Lorsqu\u2019Abraham Schrock a entendu parler de l\u2019incendie qui a touch\u00e9 l\u2019\u00e9glise adventiste du septi\u00e8me jour de Peter\u2019s Rest, il s\u2019est rendu sur place pour aider \u00e0 sa reconstruction. 16 Avril...","og_url":"https:\/\/interamerica.org\/fr\/2024\/04\/une-difficulte-financiere-devient-une-opportunite-de-mission-a-sainte-croix\/","og_site_name":"\u00c9glise Adventiste Du Septieme Jour - Inter Am\u00e9rique Division","article_published_time":"2024-04-16T19:42:47+00:00","article_modified_time":"2024-05-01T18:50:30+00:00","og_image":[{"width":1000,"height":667,"url":"https:\/\/interamerica.org\/wp-content\/uploads\/2024\/04\/abrahamschrock-petersrest-stcroix.jpg","type":"image\/jpeg"}],"author":"libna","twitter_card":"summary_large_image","twitter_misc":{"\u00c9crit par":"libna","Dur\u00e9e de lecture estim\u00e9e":"10 minutes"},"schema":{"@context":"https:\/\/schema.org","@graph":[{"@type":"Article","@id":"https:\/\/interamerica.org\/fr\/2024\/04\/une-difficulte-financiere-devient-une-opportunite-de-mission-a-sainte-croix\/#article","isPartOf":{"@id":"https:\/\/interamerica.org\/fr\/2024\/04\/une-difficulte-financiere-devient-une-opportunite-de-mission-a-sainte-croix\/"},"author":{"name":"libna","@id":"https:\/\/interamerica.org\/fr\/#\/schema\/person\/29998f2bc2d8bd0d38662909289b54f1"},"headline":"Une difficult\u00e9 financi\u00e8re devient une opportunit\u00e9 de mission \u00e0 Sainte-Croix","datePublished":"2024-04-16T19:42:47+00:00","dateModified":"2024-05-01T18:50:30+00:00","mainEntityOfPage":{"@id":"https:\/\/interamerica.org\/fr\/2024\/04\/une-difficulte-financiere-devient-une-opportunite-de-mission-a-sainte-croix\/"},"wordCount":1948,"image":{"@id":"https:\/\/interamerica.org\/fr\/2024\/04\/une-difficulte-financiere-devient-une-opportunite-de-mission-a-sainte-croix\/#primaryimage"},"thumbnailUrl":"https:\/\/interamerica.org\/wp-content\/uploads\/2024\/04\/abrahamschrock-petersrest-stcroix.jpg","articleSection":["Nouvelles du si\u00e8ge de la division","RSS Fran\u00e7ais"],"inLanguage":"fr-FR"},{"@type":"WebPage","@id":"https:\/\/interamerica.org\/fr\/2024\/04\/une-difficulte-financiere-devient-une-opportunite-de-mission-a-sainte-croix\/","url":"https:\/\/interamerica.org\/fr\/2024\/04\/une-difficulte-financiere-devient-une-opportunite-de-mission-a-sainte-croix\/","name":"Une difficult\u00e9 financi\u00e8re devient une opportunit\u00e9 de mission \u00e0 Sainte-Croix - \u00c9glise Adventiste Du Septieme Jour - Inter Am\u00e9rique Division","isPartOf":{"@id":"https:\/\/interamerica.org\/fr\/#website"},"primaryImageOfPage":{"@id":"https:\/\/interamerica.org\/fr\/2024\/04\/une-difficulte-financiere-devient-une-opportunite-de-mission-a-sainte-croix\/#primaryimage"},"image":{"@id":"https:\/\/interamerica.org\/fr\/2024\/04\/une-difficulte-financiere-devient-une-opportunite-de-mission-a-sainte-croix\/#primaryimage"},"thumbnailUrl":"https:\/\/interamerica.org\/wp-content\/uploads\/2024\/04\/abrahamschrock-petersrest-stcroix.jpg","datePublished":"2024-04-16T19:42:47+00:00","dateModified":"2024-05-01T18:50:30+00:00","author":{"@id":"https:\/\/interamerica.org\/fr\/#\/schema\/person\/29998f2bc2d8bd0d38662909289b54f1"},"breadcrumb":{"@id":"https:\/\/interamerica.org\/fr\/2024\/04\/une-difficulte-financiere-devient-une-opportunite-de-mission-a-sainte-croix\/#breadcrumb"},"inLanguage":"fr-FR","potentialAction":[{"@type":"ReadAction","target":["https:\/\/interamerica.org\/fr\/2024\/04\/une-difficulte-financiere-devient-une-opportunite-de-mission-a-sainte-croix\/"]}]},{"@type":"ImageObject","inLanguage":"fr-FR","@id":"https:\/\/interamerica.org\/fr\/2024\/04\/une-difficulte-financiere-devient-une-opportunite-de-mission-a-sainte-croix\/#primaryimage","url":"https:\/\/interamerica.org\/wp-content\/uploads\/2024\/04\/abrahamschrock-petersrest-stcroix.jpg","contentUrl":"https:\/\/interamerica.org\/wp-content\/uploads\/2024\/04\/abrahamschrock-petersrest-stcroix.jpg","width":1000,"height":667,"caption":"[Photo: Libna Stevens\/IAD]"},{"@type":"BreadcrumbList","@id":"https:\/\/interamerica.org\/fr\/2024\/04\/une-difficulte-financiere-devient-une-opportunite-de-mission-a-sainte-croix\/#breadcrumb","itemListElement":[{"@type":"ListItem","position":1,"name":"Home","item":"https:\/\/interamerica.org\/fr\/"},{"@type":"ListItem","position":2,"name":"Une difficult\u00e9 financi\u00e8re devient une opportunit\u00e9 de mission \u00e0 Sainte-Croix"}]},{"@type":"WebSite","@id":"https:\/\/interamerica.org\/fr\/#website","url":"https:\/\/interamerica.org\/fr\/","name":"\u00c9glise Adventiste Du Septieme Jour - Inter Am\u00e9rique Division","description":"","potentialAction":[{"@type":"SearchAction","target":{"@type":"EntryPoint","urlTemplate":"https:\/\/interamerica.org\/fr\/?s={search_term_string}"},"query-input":{"@type":"PropertyValueSpecification","valueRequired":true,"valueName":"search_term_string"}}],"inLanguage":"fr-FR"},{"@type":"Person","@id":"https:\/\/interamerica.org\/fr\/#\/schema\/person\/29998f2bc2d8bd0d38662909289b54f1","name":"libna","image":{"@type":"ImageObject","inLanguage":"fr-FR","@id":"https:\/\/secure.gravatar.com\/avatar\/7c5bd30ae4b47a9ba3c856590957fd1d96dc588bf3ac05719d247e126840331f?s=96&d=mm&r=g","url":"https:\/\/secure.gravatar.com\/avatar\/7c5bd30ae4b47a9ba3c856590957fd1d96dc588bf3ac05719d247e126840331f?s=96&d=mm&r=g","contentUrl":"https:\/\/secure.gravatar.com\/avatar\/7c5bd30ae4b47a9ba3c856590957fd1d96dc588bf3ac05719d247e126840331f?s=96&d=mm&r=g","caption":"libna"}}]}},"_links":{"self":[{"href":"https:\/\/interamerica.org\/fr\/wp-json\/wp\/v2\/posts\/112844","targetHints":{"allow":["GET"]}}],"collection":[{"href":"https:\/\/interamerica.org\/fr\/wp-json\/wp\/v2\/posts"}],"about":[{"href":"https:\/\/interamerica.org\/fr\/wp-json\/wp\/v2\/types\/post"}],"author":[{"embeddable":true,"href":"https:\/\/interamerica.org\/fr\/wp-json\/wp\/v2\/users\/3"}],"replies":[{"embeddable":true,"href":"https:\/\/interamerica.org\/fr\/wp-json\/wp\/v2\/comments?post=112844"}],"version-history":[{"count":0,"href":"https:\/\/interamerica.org\/fr\/wp-json\/wp\/v2\/posts\/112844\/revisions"}],"wp:featuredmedia":[{"embeddable":true,"href":"https:\/\/interamerica.org\/fr\/wp-json\/wp\/v2\/media\/112738"}],"wp:attachment":[{"href":"https:\/\/interamerica.org\/fr\/wp-json\/wp\/v2\/media?parent=112844"}],"wp:term":[{"taxonomy":"category","embeddable":true,"href":"https:\/\/interamerica.org\/fr\/wp-json\/wp\/v2\/categories?post=112844"},{"taxonomy":"post_tag","embeddable":true,"href":"https:\/\/interamerica.org\/fr\/wp-json\/wp\/v2\/tags?post=112844"}],"curies":[{"name":"wp","href":"https:\/\/api.w.org\/{rel}","templated":true}]}}