{"id":113043,"date":"2024-04-22T08:38:16","date_gmt":"2024-04-22T12:38:16","guid":{"rendered":"https:\/\/interamerica.org\/?p=113043"},"modified":"2024-04-24T09:22:26","modified_gmt":"2024-04-24T13:22:26","slug":"leglise-en-roumanie-lance-le-documentaire-qui-sont-les-adventistes","status":"publish","type":"post","link":"https:\/\/interamerica.org\/fr\/2024\/04\/leglise-en-roumanie-lance-le-documentaire-qui-sont-les-adventistes\/","title":{"rendered":"L\u2019\u00c9glise en Roumanie lance le documentaire \u00ab Qui sont les adventistes? \u00bb"},"content":{"rendered":"<p><i><span style=\"font-weight: 400;\">Le film explore la contribution de l\u2019adventisme dans le pays et d\u00e9boulonne certains mythes \u00e0 propos de l\u2019\u00c9glise.<\/span><\/i><\/p>\n<p><span style=\"font-weight: 400;\">Le 21 avril 2024 | Roumanie | Drago\u0219 Mu\u0219at, l\u2019Union des f\u00e9d\u00e9rations de Roumanie, la Division intereurop\u00e9enne et <\/span><i><span style=\"font-weight: 400;\">Adventist Review<\/span><\/i><\/p>\n<p><span style=\"font-weight: 400;\">L\u2019\u00c9glise adventiste du septi\u00e8me jour en Roumanie a lanc\u00e9, le 1<\/span><span style=\"font-weight: 400;\">er<\/span><span style=\"font-weight: 400;\"> mars dernier, le film <\/span><i><span style=\"font-weight: 400;\">Cine Sunt Adventi\u0219tii?<\/span><\/i><span style=\"font-weight: 400;\"> (\u00ab\u00a0Qui sont les adventistes?\u00a0\u00bb), un documentaire sur l\u2019adventisme en Roumanie. Le film de 93\u00a0minutes place l\u2019\u00c9glise adventiste dans l\u2019histoire du christianisme et explore les principales contributions des adventistes en Roumanie, y compris dans les r\u00e9seaux de la sant\u00e9 et de l\u2019\u00e9ducation ainsi qu\u2019en mati\u00e8re d\u2019assistance sociale.<\/span><\/p>\n<p><span style=\"font-weight: 400;\">Mondialement, les adventistes repr\u00e9sentent moins de 1\u00a0% de la population chr\u00e9tienne et font partie de la famille des protestants (36\u00a0%), les chr\u00e9tiens orthodoxes et les catholiques repr\u00e9sentant respectivement 12\u00a0% et 50\u00a0% de la population chr\u00e9tienne mondiale. Dans le monde entier, l\u2019\u00c9glise adventiste compte environ 22 millions de membres, et la confession se distingue notamment par l\u2019importance qu\u2019elle accorde \u00e0 la sant\u00e9, \u00e0 l\u2019\u00e9ducation et \u00e0 la communication.<\/span><\/p>\n<p><span style=\"font-weight: 400;\">Selon les producteurs du documentaire, \u00ab\u00a0Depuis leur arriv\u00e9e en Roumanie, les adventistes ont suscit\u00e9 la controverse. Les Roumains qui ont entendu parler d\u2019eux les consid\u00e8rent soit comme dangereux, soit comme \u00e9tant meilleurs que les autres chr\u00e9tiens. Nous voulions r\u00e9pondre \u00e0 la question \u201cQuelle est la v\u00e9rit\u00e9?\u201d.\u00a0\u00bb<\/span><\/p>\n<p><span style=\"font-weight: 400;\">Le film cherche donc \u00e0 r\u00e9pondre \u00e0 quelques questions\u00a0: les adventistes sont-ils vraiment des chr\u00e9tiens? Pourquoi ont-ils beaucoup de choses en commun avec les musulmans et les juifs? Comment interpr\u00e8tent-ils les proph\u00e9ties des derniers jours?<\/span><\/p>\n<p><span style=\"font-weight: 400;\">\u00ab\u00a0Qui sont les adventistes?\u00a0\u00bb contient des entrevues avec des Roumains dans la rue, mais \u00e9galement avec des personnalit\u00e9s telles que Ciprian Olinici, secr\u00e9taire d\u2019\u00c9tat pour les affaires religieuses; Ioan-Aurel Pop, pr\u00e9sident de l\u2019Acad\u00e9mie roumaine; Emil Constantinescu, ancien pr\u00e9sident de Roumanie; des repr\u00e9sentants de divers \u00e9tablissements religieux, dont Ionu\u021b Corduneanu de l\u2019\u00c9glise orthodoxe, Virgil Achihai de l\u2019Alliance \u00e9vang\u00e9lique et Murat Iusuf, mufti des musulmans en Roumanie; ainsi que l\u2019historien Adrian Cioroianu, l\u2019influenceur George Buhnici et le sociologue Dumitru Bor\u021bun.<\/span><\/p>\n<p><span style=\"font-weight: 400;\">Les images du documentaire proviennent de plus de 30 lieux de culte adventistes s\u00e9lectionn\u00e9s dans toutes les r\u00e9gions du pays. Le narrateur, Ioan Paicu, est l\u2019\u00e9diteur de Radio Vocea Speran\u021bei et ancien d\u2019une \u00e9glise locale. La trame sonore comprend des adaptations de 26\u00a0hymnes du livre de chants des paroissiens.<\/span><\/p>\n<p><span style=\"font-weight: 400;\">Parmi les plus de mille croyants qui apparaissent dans le film, deux familles de quatre \u00e0 six g\u00e9n\u00e9rations d\u2019adventistes sortent du lot. Ils refl\u00e8tent l\u2019\u00e9volution sociale de la confession en sol roumain.<\/span><\/p>\n<p><span style=\"font-weight: 400;\">Les domaines essentiels dans lesquels la spiritualit\u00e9 adventiste se manifeste, composant des parties importantes de la vid\u00e9o, sont ses contributions en sant\u00e9, en philanthropie, en \u00e9vang\u00e9lisation et en \u00e9ducation adventiste.<\/span><\/p>\n<p><span style=\"font-weight: 400;\">\u00ab\u00a0Qui sont les adventistes?\u00a0\u00bb expose \u00e9galement deux des doctrines les plus fondamentales d\u2019un point de vue confessionnel\u00a0: pourquoi les adventistes c\u00e9l\u00e8brent-ils le samedi comme septi\u00e8me jour? Et que croient les adventistes sur le proche retour de J\u00e9sus-Christ sur la terre? La compr\u00e9hension adventiste de l\u2019avenir est illustr\u00e9e dans la derni\u00e8re partie du film par le r\u00f4le qu\u2019ont jou\u00e9 les protestants dans la R\u00e9volution roumaine (<\/span><i><span style=\"font-weight: 400;\">Timi\u015foara<\/span><\/i><span style=\"font-weight: 400;\">) de d\u00e9cembre 1989 ainsi que par la fa\u00e7on dont la religion influence ind\u00e9niablement la politique et les crises sociales.<\/span><\/p>\n<p><span style=\"font-weight: 400;\">\u00ab\u00a0Le documentaire fournit une r\u00e9ponse \u00e0 ceux qui se demande si les adventistes sont vraiment des chr\u00e9tiens et explique pourquoi, de tous les chr\u00e9tiens, les adventistes sont ceux qui ont le plus de choses en commun avec les musulmans et les juifs. Il souligne \u00e9galement le r\u00f4le que les adventistes croient devoir jouer dans l\u2019avenir, dans les derniers \u00e9v\u00e9nements avant le retour de J\u00e9sus sur la terre\u00a0\u00bb, ont \u00e9crit les producteurs \u00e0 propos du film sur sa cha\u00eene YouTube.<\/span><\/p>\n<p><iframe title=\"CINE SUNT ADVENTI\u0218TII | film documentar\" width=\"500\" height=\"281\" src=\"https:\/\/www.youtube.com\/embed\/cEFF7NLLZBo?start=129&#038;feature=oembed\" frameborder=\"0\" allow=\"accelerometer; autoplay; clipboard-write; encrypted-media; gyroscope; picture-in-picture; web-share\" referrerpolicy=\"strict-origin-when-cross-origin\" allowfullscreen><\/iframe><\/p>\n<p><span style=\"font-weight: 400;\">\u00ab Qui sont les adventistes? \u00bb est une production de l\u2019Union des f\u00e9d\u00e9rations de Roumanie de l\u2019\u00c9glise adventiste du septi\u00e8me jour.<\/span><\/p>\n<p><span style=\"font-weight: 400;\">La <\/span><a href=\"https:\/\/adventist.ro\/3744\/lansare-film-documentar-despre-adventistii-romani\/\"><span style=\"font-weight: 400;\">version originale<\/span><\/a><span style=\"font-weight: 400;\"> de cet article a \u00e9t\u00e9 publi\u00e9e sur le <\/span><a href=\"https:\/\/adventist.ro\/stiri\/\"><span style=\"font-weight: 400;\">site des actualit\u00e9s<\/span><\/a><span style=\"font-weight: 400;\"> de l\u2019Union des f\u00e9d\u00e9rations de Roumanie.<\/span><\/p>\n<p><span style=\"font-weight: 400;\">Traduction\u00a0: Marie-Mich\u00e8le Robitaille<\/span><\/p>\n","protected":false},"excerpt":{"rendered":"<p>Le film explore la contribution de l\u2019adventisme dans le pays et d\u00e9boulonne certains mythes \u00e0 propos de l\u2019\u00c9glise. Le 21 avril 2024 | Roumanie | Drago\u0219 Mu\u0219at, l\u2019Union des f\u00e9d\u00e9rations&#8230;<\/p>\n","protected":false},"author":3,"featured_media":112979,"comment_status":"closed","ping_status":"closed","sticky":false,"template":"","format":"standard","meta":{"_acf_changed":false,"footnotes":""},"categories":[18,19],"tags":[],"class_list":["post-113043","post","type-post","status-publish","format-standard","has-post-thumbnail","hentry","category-nouvelles-de-leglise-mondiale","category-rss-francais"],"acf":[],"yoast_head":"<!-- This site is optimized with the Yoast SEO plugin v27.3 - https:\/\/yoast.com\/product\/yoast-seo-wordpress\/ -->\n<title>L\u2019\u00c9glise en Roumanie lance le documentaire \u00ab Qui sont les adventistes? \u00bb - \u00c9glise Adventiste Du Septieme Jour - Inter Am\u00e9rique Division<\/title>\n<meta name=\"robots\" content=\"index, follow, max-snippet:-1, max-image-preview:large, max-video-preview:-1\" \/>\n<link rel=\"canonical\" href=\"https:\/\/interamerica.org\/fr\/2024\/04\/leglise-en-roumanie-lance-le-documentaire-qui-sont-les-adventistes\/\" \/>\n<meta property=\"og:locale\" content=\"fr_FR\" \/>\n<meta property=\"og:type\" content=\"article\" \/>\n<meta property=\"og:title\" content=\"L\u2019\u00c9glise en Roumanie lance le documentaire \u00ab Qui sont les adventistes? \u00bb - \u00c9glise Adventiste Du Septieme Jour - Inter Am\u00e9rique Division\" \/>\n<meta property=\"og:description\" content=\"Le film explore la contribution de l\u2019adventisme dans le pays et d\u00e9boulonne certains mythes \u00e0 propos de l\u2019\u00c9glise. Le 21 avril 2024 | Roumanie | Drago\u0219 Mu\u0219at, l\u2019Union des f\u00e9d\u00e9rations...\" \/>\n<meta property=\"og:url\" content=\"https:\/\/interamerica.org\/fr\/2024\/04\/leglise-en-roumanie-lance-le-documentaire-qui-sont-les-adventistes\/\" \/>\n<meta property=\"og:site_name\" content=\"\u00c9glise Adventiste Du Septieme Jour - Inter Am\u00e9rique Division\" \/>\n<meta property=\"article:published_time\" content=\"2024-04-22T12:38:16+00:00\" \/>\n<meta property=\"article:modified_time\" content=\"2024-04-24T13:22:26+00:00\" \/>\n<meta property=\"og:image\" content=\"https:\/\/interamerica.org\/wp-content\/uploads\/2024\/04\/romania-documentaryuntitled-1-11.png\" \/>\n\t<meta property=\"og:image:width\" content=\"1500\" \/>\n\t<meta property=\"og:image:height\" content=\"750\" \/>\n\t<meta property=\"og:image:type\" content=\"image\/png\" \/>\n<meta name=\"author\" content=\"libna\" \/>\n<meta name=\"twitter:card\" content=\"summary_large_image\" \/>\n<meta name=\"twitter:label1\" content=\"\u00c9crit par\" \/>\n\t<meta name=\"twitter:data1\" content=\"libna\" \/>\n\t<meta name=\"twitter:label2\" content=\"Dur\u00e9e de lecture estim\u00e9e\" \/>\n\t<meta name=\"twitter:data2\" content=\"4 minutes\" \/>\n<script type=\"application\/ld+json\" class=\"yoast-schema-graph\">{\"@context\":\"https:\\\/\\\/schema.org\",\"@graph\":[{\"@type\":\"Article\",\"@id\":\"https:\\\/\\\/interamerica.org\\\/fr\\\/2024\\\/04\\\/leglise-en-roumanie-lance-le-documentaire-qui-sont-les-adventistes\\\/#article\",\"isPartOf\":{\"@id\":\"https:\\\/\\\/interamerica.org\\\/fr\\\/2024\\\/04\\\/leglise-en-roumanie-lance-le-documentaire-qui-sont-les-adventistes\\\/\"},\"author\":{\"name\":\"libna\",\"@id\":\"https:\\\/\\\/interamerica.org\\\/fr\\\/#\\\/schema\\\/person\\\/29998f2bc2d8bd0d38662909289b54f1\"},\"headline\":\"L\u2019\u00c9glise en Roumanie lance le documentaire \u00ab Qui sont les adventistes? \u00bb\",\"datePublished\":\"2024-04-22T12:38:16+00:00\",\"dateModified\":\"2024-04-24T13:22:26+00:00\",\"mainEntityOfPage\":{\"@id\":\"https:\\\/\\\/interamerica.org\\\/fr\\\/2024\\\/04\\\/leglise-en-roumanie-lance-le-documentaire-qui-sont-les-adventistes\\\/\"},\"wordCount\":745,\"image\":{\"@id\":\"https:\\\/\\\/interamerica.org\\\/fr\\\/2024\\\/04\\\/leglise-en-roumanie-lance-le-documentaire-qui-sont-les-adventistes\\\/#primaryimage\"},\"thumbnailUrl\":\"https:\\\/\\\/interamerica.org\\\/wp-content\\\/uploads\\\/2024\\\/04\\\/romania-documentaryuntitled-1-11.png\",\"articleSection\":[\"Nouvelles de l'\u00c9glise mondiale\",\"RSS Fran\u00e7ais\"],\"inLanguage\":\"fr-FR\"},{\"@type\":\"WebPage\",\"@id\":\"https:\\\/\\\/interamerica.org\\\/fr\\\/2024\\\/04\\\/leglise-en-roumanie-lance-le-documentaire-qui-sont-les-adventistes\\\/\",\"url\":\"https:\\\/\\\/interamerica.org\\\/fr\\\/2024\\\/04\\\/leglise-en-roumanie-lance-le-documentaire-qui-sont-les-adventistes\\\/\",\"name\":\"L\u2019\u00c9glise en Roumanie lance le documentaire \u00ab Qui sont les adventistes? \u00bb - \u00c9glise Adventiste Du Septieme Jour - Inter Am\u00e9rique Division\",\"isPartOf\":{\"@id\":\"https:\\\/\\\/interamerica.org\\\/fr\\\/#website\"},\"primaryImageOfPage\":{\"@id\":\"https:\\\/\\\/interamerica.org\\\/fr\\\/2024\\\/04\\\/leglise-en-roumanie-lance-le-documentaire-qui-sont-les-adventistes\\\/#primaryimage\"},\"image\":{\"@id\":\"https:\\\/\\\/interamerica.org\\\/fr\\\/2024\\\/04\\\/leglise-en-roumanie-lance-le-documentaire-qui-sont-les-adventistes\\\/#primaryimage\"},\"thumbnailUrl\":\"https:\\\/\\\/interamerica.org\\\/wp-content\\\/uploads\\\/2024\\\/04\\\/romania-documentaryuntitled-1-11.png\",\"datePublished\":\"2024-04-22T12:38:16+00:00\",\"dateModified\":\"2024-04-24T13:22:26+00:00\",\"author\":{\"@id\":\"https:\\\/\\\/interamerica.org\\\/fr\\\/#\\\/schema\\\/person\\\/29998f2bc2d8bd0d38662909289b54f1\"},\"breadcrumb\":{\"@id\":\"https:\\\/\\\/interamerica.org\\\/fr\\\/2024\\\/04\\\/leglise-en-roumanie-lance-le-documentaire-qui-sont-les-adventistes\\\/#breadcrumb\"},\"inLanguage\":\"fr-FR\",\"potentialAction\":[{\"@type\":\"ReadAction\",\"target\":[\"https:\\\/\\\/interamerica.org\\\/fr\\\/2024\\\/04\\\/leglise-en-roumanie-lance-le-documentaire-qui-sont-les-adventistes\\\/\"]}]},{\"@type\":\"ImageObject\",\"inLanguage\":\"fr-FR\",\"@id\":\"https:\\\/\\\/interamerica.org\\\/fr\\\/2024\\\/04\\\/leglise-en-roumanie-lance-le-documentaire-qui-sont-les-adventistes\\\/#primaryimage\",\"url\":\"https:\\\/\\\/interamerica.org\\\/wp-content\\\/uploads\\\/2024\\\/04\\\/romania-documentaryuntitled-1-11.png\",\"contentUrl\":\"https:\\\/\\\/interamerica.org\\\/wp-content\\\/uploads\\\/2024\\\/04\\\/romania-documentaryuntitled-1-11.png\",\"width\":1500,\"height\":750},{\"@type\":\"BreadcrumbList\",\"@id\":\"https:\\\/\\\/interamerica.org\\\/fr\\\/2024\\\/04\\\/leglise-en-roumanie-lance-le-documentaire-qui-sont-les-adventistes\\\/#breadcrumb\",\"itemListElement\":[{\"@type\":\"ListItem\",\"position\":1,\"name\":\"Home\",\"item\":\"https:\\\/\\\/interamerica.org\\\/fr\\\/\"},{\"@type\":\"ListItem\",\"position\":2,\"name\":\"L\u2019\u00c9glise en Roumanie lance le documentaire \u00ab Qui sont les adventistes? \u00bb\"}]},{\"@type\":\"WebSite\",\"@id\":\"https:\\\/\\\/interamerica.org\\\/fr\\\/#website\",\"url\":\"https:\\\/\\\/interamerica.org\\\/fr\\\/\",\"name\":\"\u00c9glise Adventiste Du Septieme Jour - Inter Am\u00e9rique Division\",\"description\":\"\",\"potentialAction\":[{\"@type\":\"SearchAction\",\"target\":{\"@type\":\"EntryPoint\",\"urlTemplate\":\"https:\\\/\\\/interamerica.org\\\/fr\\\/?s={search_term_string}\"},\"query-input\":{\"@type\":\"PropertyValueSpecification\",\"valueRequired\":true,\"valueName\":\"search_term_string\"}}],\"inLanguage\":\"fr-FR\"},{\"@type\":\"Person\",\"@id\":\"https:\\\/\\\/interamerica.org\\\/fr\\\/#\\\/schema\\\/person\\\/29998f2bc2d8bd0d38662909289b54f1\",\"name\":\"libna\",\"image\":{\"@type\":\"ImageObject\",\"inLanguage\":\"fr-FR\",\"@id\":\"https:\\\/\\\/secure.gravatar.com\\\/avatar\\\/7c5bd30ae4b47a9ba3c856590957fd1d96dc588bf3ac05719d247e126840331f?s=96&d=mm&r=g\",\"url\":\"https:\\\/\\\/secure.gravatar.com\\\/avatar\\\/7c5bd30ae4b47a9ba3c856590957fd1d96dc588bf3ac05719d247e126840331f?s=96&d=mm&r=g\",\"contentUrl\":\"https:\\\/\\\/secure.gravatar.com\\\/avatar\\\/7c5bd30ae4b47a9ba3c856590957fd1d96dc588bf3ac05719d247e126840331f?s=96&d=mm&r=g\",\"caption\":\"libna\"}}]}<\/script>\n<!-- \/ Yoast SEO plugin. -->","yoast_head_json":{"title":"L\u2019\u00c9glise en Roumanie lance le documentaire \u00ab Qui sont les adventistes? \u00bb - \u00c9glise Adventiste Du Septieme Jour - Inter Am\u00e9rique Division","robots":{"index":"index","follow":"follow","max-snippet":"max-snippet:-1","max-image-preview":"max-image-preview:large","max-video-preview":"max-video-preview:-1"},"canonical":"https:\/\/interamerica.org\/fr\/2024\/04\/leglise-en-roumanie-lance-le-documentaire-qui-sont-les-adventistes\/","og_locale":"fr_FR","og_type":"article","og_title":"L\u2019\u00c9glise en Roumanie lance le documentaire \u00ab Qui sont les adventistes? \u00bb - \u00c9glise Adventiste Du Septieme Jour - Inter Am\u00e9rique Division","og_description":"Le film explore la contribution de l\u2019adventisme dans le pays et d\u00e9boulonne certains mythes \u00e0 propos de l\u2019\u00c9glise. Le 21 avril 2024 | Roumanie | Drago\u0219 Mu\u0219at, l\u2019Union des f\u00e9d\u00e9rations...","og_url":"https:\/\/interamerica.org\/fr\/2024\/04\/leglise-en-roumanie-lance-le-documentaire-qui-sont-les-adventistes\/","og_site_name":"\u00c9glise Adventiste Du Septieme Jour - Inter Am\u00e9rique Division","article_published_time":"2024-04-22T12:38:16+00:00","article_modified_time":"2024-04-24T13:22:26+00:00","og_image":[{"width":1500,"height":750,"url":"https:\/\/interamerica.org\/wp-content\/uploads\/2024\/04\/romania-documentaryuntitled-1-11.png","type":"image\/png"}],"author":"libna","twitter_card":"summary_large_image","twitter_misc":{"\u00c9crit par":"libna","Dur\u00e9e de lecture estim\u00e9e":"4 minutes"},"schema":{"@context":"https:\/\/schema.org","@graph":[{"@type":"Article","@id":"https:\/\/interamerica.org\/fr\/2024\/04\/leglise-en-roumanie-lance-le-documentaire-qui-sont-les-adventistes\/#article","isPartOf":{"@id":"https:\/\/interamerica.org\/fr\/2024\/04\/leglise-en-roumanie-lance-le-documentaire-qui-sont-les-adventistes\/"},"author":{"name":"libna","@id":"https:\/\/interamerica.org\/fr\/#\/schema\/person\/29998f2bc2d8bd0d38662909289b54f1"},"headline":"L\u2019\u00c9glise en Roumanie lance le documentaire \u00ab Qui sont les adventistes? \u00bb","datePublished":"2024-04-22T12:38:16+00:00","dateModified":"2024-04-24T13:22:26+00:00","mainEntityOfPage":{"@id":"https:\/\/interamerica.org\/fr\/2024\/04\/leglise-en-roumanie-lance-le-documentaire-qui-sont-les-adventistes\/"},"wordCount":745,"image":{"@id":"https:\/\/interamerica.org\/fr\/2024\/04\/leglise-en-roumanie-lance-le-documentaire-qui-sont-les-adventistes\/#primaryimage"},"thumbnailUrl":"https:\/\/interamerica.org\/wp-content\/uploads\/2024\/04\/romania-documentaryuntitled-1-11.png","articleSection":["Nouvelles de l'\u00c9glise mondiale","RSS Fran\u00e7ais"],"inLanguage":"fr-FR"},{"@type":"WebPage","@id":"https:\/\/interamerica.org\/fr\/2024\/04\/leglise-en-roumanie-lance-le-documentaire-qui-sont-les-adventistes\/","url":"https:\/\/interamerica.org\/fr\/2024\/04\/leglise-en-roumanie-lance-le-documentaire-qui-sont-les-adventistes\/","name":"L\u2019\u00c9glise en Roumanie lance le documentaire \u00ab Qui sont les adventistes? \u00bb - \u00c9glise Adventiste Du Septieme Jour - Inter Am\u00e9rique Division","isPartOf":{"@id":"https:\/\/interamerica.org\/fr\/#website"},"primaryImageOfPage":{"@id":"https:\/\/interamerica.org\/fr\/2024\/04\/leglise-en-roumanie-lance-le-documentaire-qui-sont-les-adventistes\/#primaryimage"},"image":{"@id":"https:\/\/interamerica.org\/fr\/2024\/04\/leglise-en-roumanie-lance-le-documentaire-qui-sont-les-adventistes\/#primaryimage"},"thumbnailUrl":"https:\/\/interamerica.org\/wp-content\/uploads\/2024\/04\/romania-documentaryuntitled-1-11.png","datePublished":"2024-04-22T12:38:16+00:00","dateModified":"2024-04-24T13:22:26+00:00","author":{"@id":"https:\/\/interamerica.org\/fr\/#\/schema\/person\/29998f2bc2d8bd0d38662909289b54f1"},"breadcrumb":{"@id":"https:\/\/interamerica.org\/fr\/2024\/04\/leglise-en-roumanie-lance-le-documentaire-qui-sont-les-adventistes\/#breadcrumb"},"inLanguage":"fr-FR","potentialAction":[{"@type":"ReadAction","target":["https:\/\/interamerica.org\/fr\/2024\/04\/leglise-en-roumanie-lance-le-documentaire-qui-sont-les-adventistes\/"]}]},{"@type":"ImageObject","inLanguage":"fr-FR","@id":"https:\/\/interamerica.org\/fr\/2024\/04\/leglise-en-roumanie-lance-le-documentaire-qui-sont-les-adventistes\/#primaryimage","url":"https:\/\/interamerica.org\/wp-content\/uploads\/2024\/04\/romania-documentaryuntitled-1-11.png","contentUrl":"https:\/\/interamerica.org\/wp-content\/uploads\/2024\/04\/romania-documentaryuntitled-1-11.png","width":1500,"height":750},{"@type":"BreadcrumbList","@id":"https:\/\/interamerica.org\/fr\/2024\/04\/leglise-en-roumanie-lance-le-documentaire-qui-sont-les-adventistes\/#breadcrumb","itemListElement":[{"@type":"ListItem","position":1,"name":"Home","item":"https:\/\/interamerica.org\/fr\/"},{"@type":"ListItem","position":2,"name":"L\u2019\u00c9glise en Roumanie lance le documentaire \u00ab Qui sont les adventistes? \u00bb"}]},{"@type":"WebSite","@id":"https:\/\/interamerica.org\/fr\/#website","url":"https:\/\/interamerica.org\/fr\/","name":"\u00c9glise Adventiste Du Septieme Jour - Inter Am\u00e9rique Division","description":"","potentialAction":[{"@type":"SearchAction","target":{"@type":"EntryPoint","urlTemplate":"https:\/\/interamerica.org\/fr\/?s={search_term_string}"},"query-input":{"@type":"PropertyValueSpecification","valueRequired":true,"valueName":"search_term_string"}}],"inLanguage":"fr-FR"},{"@type":"Person","@id":"https:\/\/interamerica.org\/fr\/#\/schema\/person\/29998f2bc2d8bd0d38662909289b54f1","name":"libna","image":{"@type":"ImageObject","inLanguage":"fr-FR","@id":"https:\/\/secure.gravatar.com\/avatar\/7c5bd30ae4b47a9ba3c856590957fd1d96dc588bf3ac05719d247e126840331f?s=96&d=mm&r=g","url":"https:\/\/secure.gravatar.com\/avatar\/7c5bd30ae4b47a9ba3c856590957fd1d96dc588bf3ac05719d247e126840331f?s=96&d=mm&r=g","contentUrl":"https:\/\/secure.gravatar.com\/avatar\/7c5bd30ae4b47a9ba3c856590957fd1d96dc588bf3ac05719d247e126840331f?s=96&d=mm&r=g","caption":"libna"}}]}},"_links":{"self":[{"href":"https:\/\/interamerica.org\/fr\/wp-json\/wp\/v2\/posts\/113043","targetHints":{"allow":["GET"]}}],"collection":[{"href":"https:\/\/interamerica.org\/fr\/wp-json\/wp\/v2\/posts"}],"about":[{"href":"https:\/\/interamerica.org\/fr\/wp-json\/wp\/v2\/types\/post"}],"author":[{"embeddable":true,"href":"https:\/\/interamerica.org\/fr\/wp-json\/wp\/v2\/users\/3"}],"replies":[{"embeddable":true,"href":"https:\/\/interamerica.org\/fr\/wp-json\/wp\/v2\/comments?post=113043"}],"version-history":[{"count":0,"href":"https:\/\/interamerica.org\/fr\/wp-json\/wp\/v2\/posts\/113043\/revisions"}],"wp:featuredmedia":[{"embeddable":true,"href":"https:\/\/interamerica.org\/fr\/wp-json\/wp\/v2\/media\/112979"}],"wp:attachment":[{"href":"https:\/\/interamerica.org\/fr\/wp-json\/wp\/v2\/media?parent=113043"}],"wp:term":[{"taxonomy":"category","embeddable":true,"href":"https:\/\/interamerica.org\/fr\/wp-json\/wp\/v2\/categories?post=113043"},{"taxonomy":"post_tag","embeddable":true,"href":"https:\/\/interamerica.org\/fr\/wp-json\/wp\/v2\/tags?post=113043"}],"curies":[{"name":"wp","href":"https:\/\/api.w.org\/{rel}","templated":true}]}}