{"id":113241,"date":"2024-04-24T15:30:31","date_gmt":"2024-04-24T19:30:31","guid":{"rendered":"https:\/\/interamerica.org\/?p=113241"},"modified":"2024-04-25T06:04:40","modified_gmt":"2024-04-25T10:04:40","slug":"leglise-adventiste-fait-participer-les-enfants-et-les-jeunes-a-des-activites-dimpact-a-sainte-croix","status":"publish","type":"post","link":"https:\/\/interamerica.org\/fr\/2024\/04\/leglise-adventiste-fait-participer-les-enfants-et-les-jeunes-a-des-activites-dimpact-a-sainte-croix\/","title":{"rendered":"L\u2019\u00c9glise Adventiste fait participer les enfants et les jeunes \u00e0 des activit\u00e9s d\u2019impact \u00e0 Sainte-Croix"},"content":{"rendered":"<p><div id=\"attachment_113175\" style=\"width: 837px\" class=\"wp-caption aligncenter\"><img fetchpriority=\"high\" decoding=\"async\" aria-describedby=\"caption-attachment-113175\" class=\" wp-image-113174\" src=\"https:\/\/interamerica.org\/wp-content\/uploads\/2024\/04\/youthmarch-stcroix-apr13-1280-1024x640.jpg\" alt=\"\" width=\"827\" height=\"517\" srcset=\"https:\/\/interamerica.org\/wp-content\/uploads\/2024\/04\/youthmarch-stcroix-apr13-1280-1024x640.jpg 1024w, https:\/\/interamerica.org\/wp-content\/uploads\/2024\/04\/youthmarch-stcroix-apr13-1280-300x188.jpg 300w, https:\/\/interamerica.org\/wp-content\/uploads\/2024\/04\/youthmarch-stcroix-apr13-1280-768x480.jpg 768w, https:\/\/interamerica.org\/wp-content\/uploads\/2024\/04\/youthmarch-stcroix-apr13-1280.jpg 1280w\" sizes=\"(max-width: 827px) 100vw, 827px\" \/><p id=\"caption-attachment-113175\" class=\"wp-caption-text\">Des dizaines d\u2019enfants et de jeunes d\u00e9filent dans les rues des communaut\u00e9s de Frederiksted, \u00e0 Sainte-Croix, dans le cadre des initiatives de cl\u00f4ture de la campagne d\u2019\u00e9vang\u00e9lisation et des activit\u00e9s d\u2019impact communautaire \u00ab Impact 24 Votre Parcours vers la Joie. \u00bb La marche, qui a eu lieu le 13 avril 2024, a attir\u00e9 les jeunes r\u00e9sidents et leurs parents qui ont pu assister au programme comprenant de la musique, des messages positifs et des valeurs promues par les clubs d\u2019Aventuriers et d\u2019\u00c9claireurs de l\u2019\u00e9glise. [Photo : Curtis Henry]<\/p><\/div><em>Plusieurs projets attirent les jeunes vers des programmes qui transforment la vie.<\/em><\/p>\n<p>23 Avril 2024| Frederiksted, Sainte-Croix, \u00celes Vierges am\u00e9ricaines | Dyhann Buddoo-Fletcher et Actualit\u00e9s de la Division Inter Am\u00e9ricaine<\/p>\n<p>\u00ab Les jeunes repr\u00e9sentent une force avec laquelle il faut compter, \u00bb s\u2019est exclam\u00e9 le pasteur Busi Khumalo, directeur des minist\u00e8res de la jeunesse de la Conf\u00e9rence G\u00e9n\u00e9rale, lors de la cl\u00f4ture du Rassemblement de la Jeunesse Adventiste \u00ab Votre Parcours vers la Joie \u00bb qui s\u2019est tenu r\u00e9cemment \u00e0 Frederiksted, \u00e0 Sainte-Croix, dans les \u00celes Vierges am\u00e9ricaines.<\/p>\n<p><div id=\"attachment_113166\" style=\"width: 840px\" class=\"wp-caption aligncenter\"><img decoding=\"async\" aria-describedby=\"caption-attachment-113166\" class=\" wp-image-113165\" src=\"https:\/\/interamerica.org\/wp-content\/uploads\/2024\/04\/stcroix-aventurers-march-rally-apr13.jpg\" alt=\"\" width=\"830\" height=\"553\" srcset=\"https:\/\/interamerica.org\/wp-content\/uploads\/2024\/04\/stcroix-aventurers-march-rally-apr13.jpg 1000w, https:\/\/interamerica.org\/wp-content\/uploads\/2024\/04\/stcroix-aventurers-march-rally-apr13-300x200.jpg 300w, https:\/\/interamerica.org\/wp-content\/uploads\/2024\/04\/stcroix-aventurers-march-rally-apr13-768x512.jpg 768w\" sizes=\"(max-width: 830px) 100vw, 830px\" \/><p id=\"caption-attachment-113166\" class=\"wp-caption-text\">Des aventuriers et des \u00e9claireurs venus de tout Sainte-Croix d\u00e9filent dans les communaut\u00e9s de Frederiksted, le 13 avril 2024. [Photo : Curtis Henry]<\/p><\/div>La d\u00e9claration du pasteur Khumalo est intervenue \u00e0 la fin d\u2019une marche de deux heures r\u00e9alis\u00e9e par les jeunes dans les rues et qui a d\u00e9but\u00e9 \u00e0 Grove Park, s\u2019est poursuivie dans certaines communaut\u00e9s et s\u2019est termin\u00e9e sous un grand chapiteau sur le site de l\u2019\u00e9glise adventiste du septi\u00e8me jour Centrale, \u00e0 Sainte-Croix, le samedi (Sabbat) apr\u00e8s-midi 13 avril 2024. La marche a \u00e9t\u00e9 organis\u00e9e par la F\u00e9d\u00e9ration du Nord de la Cara\u00efbe en collaboration avec les d\u00e9partements de la jeunesse et de la tr\u00e9sorerie de la Conf\u00e9rence G\u00e9n\u00e9rale, qui ont men\u00e9 les deux semaines de campagne d\u2019\u00e9vang\u00e9lisation et d\u2019activit\u00e9s d\u2019impact communautaire <em>Impact 24 Votre Parcours Vers la Joie<\/em>.<\/p>\n<p>\u00ab Les jeunes, s\u2019ils sont correctement form\u00e9s, feront des choses merveilleuses, \u00bb a d\u00e9clar\u00e9 pasteur Khumalo. \u00ab Comprenons qui nous sommes et ce que nous d\u00e9fendons en tant qu\u2019adventistes du septi\u00e8me jour. Lorsque nous formons nos jeunes \u00e0 craindre le Seigneur et que nous formons nos jeunes \u00e0 conna\u00eetre le Seigneur, ils constituent une force avec laquelle il faut compter. Ce sont des armes de destruction massive pour J\u00e9sus, \u00bb a-t-il d\u00e9clar\u00e9.<\/p>\n<p><div id=\"attachment_113169\" style=\"width: 840px\" class=\"wp-caption aligncenter\"><img decoding=\"async\" aria-describedby=\"caption-attachment-113169\" class=\" wp-image-113168\" src=\"https:\/\/interamerica.org\/wp-content\/uploads\/2024\/04\/stcroix-youthleaders-march-rally-apr13.jpg\" alt=\"\" width=\"830\" height=\"553\" srcset=\"https:\/\/interamerica.org\/wp-content\/uploads\/2024\/04\/stcroix-youthleaders-march-rally-apr13.jpg 1000w, https:\/\/interamerica.org\/wp-content\/uploads\/2024\/04\/stcroix-youthleaders-march-rally-apr13-300x200.jpg 300w, https:\/\/interamerica.org\/wp-content\/uploads\/2024\/04\/stcroix-youthleaders-march-rally-apr13-768x512.jpg 768w\" sizes=\"(max-width: 830px) 100vw, 830px\" \/><p id=\"caption-attachment-113169\" class=\"wp-caption-text\">Pasteur Busi Khumalo (au centre), directeur des minist\u00e8res de la jeunesse de la Conf\u00e9rence G\u00e9n\u00e9rale, se tient entre Auckland Flemming (\u00e0 gauche), coordinateur r\u00e9gional des \u00c9claireurs, et Denae Bell (\u00e0 droite), coordinatrice r\u00e9gionale adjointe des \u00c9claireurs \u00e0 Sainte-Croix. Les dirigeants ont men\u00e9 le d\u00e9fil\u00e9 dans les rues \u00e0 travers plusieurs communaut\u00e9s afin de sensibiliser la communaut\u00e9 \u00e0 l\u2019action des groupes en uniforme de l\u2019\u00e9glise \u00e0 Frederiksted le 13 avril 2024. [Photo : Curtis Henry]<\/p><\/div><strong>Chaque enfant, un membre des clubs des Aventuriers et des \u00c9claireurs<\/strong><\/p>\n<p>Le groupe a brav\u00e9 les pluies mena\u00e7antes. Avec pasteur Khumalo et les directeurs de jeunesse locaux \u00e0 la t\u00eate des dizaines d\u2019aventuriers, d\u2019\u00e9claireurs, de chefs-guides en uniforme et de soutiens de l\u2019\u00e9glise, et accompagn\u00e9s par l\u2019orchestre de marche VI Pulse, ils ont tous chant\u00e9 pendant le parcours : \u00ab Partout o\u00f9 nous allons, les gens veulent savoir qui nous sommes, alors nous leur disons que nous sommes des \u00c9claireurs ! \u00bb La marche a attir\u00e9 de nombreux spectateurs, dont des enfants.<\/p>\n<p><div id=\"attachment_113160\" style=\"width: 847px\" class=\"wp-caption aligncenter\"><img loading=\"lazy\" decoding=\"async\" aria-describedby=\"caption-attachment-113160\" class=\" wp-image-113159\" src=\"https:\/\/interamerica.org\/wp-content\/uploads\/2024\/04\/stcroix-drumcorps-apr13-march.jpg\" alt=\"\" width=\"837\" height=\"558\" srcset=\"https:\/\/interamerica.org\/wp-content\/uploads\/2024\/04\/stcroix-drumcorps-apr13-march.jpg 1000w, https:\/\/interamerica.org\/wp-content\/uploads\/2024\/04\/stcroix-drumcorps-apr13-march-300x200.jpg 300w, https:\/\/interamerica.org\/wp-content\/uploads\/2024\/04\/stcroix-drumcorps-apr13-march-768x512.jpg 768w\" sizes=\"(max-width: 837px) 100vw, 837px\" \/><p id=\"caption-attachment-113160\" class=\"wp-caption-text\">Des membres de l\u2019ensemble de tambours jouent au parc Grove pour d\u00e9buter la marche des jeunes le 13 avril 2024. [Photo : Curtis Henry]<\/p><\/div>\u00ab Nous les avons vus d\u00e9filer aujourd\u2019hui, \u00bb a d\u00e9clar\u00e9 pasteur Khumalo, \u00ab les gens sont venus et nous ont suivi jusqu\u2019ici. Il y a cette attraction magn\u00e9tique lorsque les participants d\u00e9filent dans leurs uniformes et c\u2019est le minist\u00e8re que nous apportons \u00e0 Sainte-Croix. \u00bb Il s\u2019agit de s\u2019assurer que chaque enfant dans chaque foyer puisse devenir membre du club des \u00c9claireurs, a-t-il expliqu\u00e9.<\/p>\n<p>\u00ab Si vous voulez changer la communaut\u00e9, si vous voulez changer l\u2019\u00e9glise, impliquez les jeunes dans quelque chose qui en vaille la peine, \u00bb a-t-il poursuivi. \u00ab Quand les jeunes n\u2019ont rien \u00e0 faire, ils sont dangereux. Le diable leur donnera de la drogue ; le diable leur donnera beaucoup de choses \u00e0 faire ; ce diable d\u00e9truira leur vie. \u00bb<\/p>\n<p><div id=\"attachment_113184\" style=\"width: 830px\" class=\"wp-caption aligncenter\"><img loading=\"lazy\" decoding=\"async\" aria-describedby=\"caption-attachment-113184\" class=\" wp-image-113183\" src=\"https:\/\/interamerica.org\/wp-content\/uploads\/2024\/04\/youth-march-stcroix.jpg\" alt=\"\" width=\"820\" height=\"547\" srcset=\"https:\/\/interamerica.org\/wp-content\/uploads\/2024\/04\/youth-march-stcroix.jpg 1000w, https:\/\/interamerica.org\/wp-content\/uploads\/2024\/04\/youth-march-stcroix-300x200.jpg 300w, https:\/\/interamerica.org\/wp-content\/uploads\/2024\/04\/youth-march-stcroix-768x512.jpg 768w\" sizes=\"(max-width: 820px) 100vw, 820px\" \/><p id=\"caption-attachment-113184\" class=\"wp-caption-text\">Des spectateurs regardent le d\u00e9fil\u00e9 des jeunes qui marchent dans leur communaut\u00e9 le sabbat 13 avril 2024. [Photo : Curtis Henry]<\/p><\/div>Pasteur Khumalo a expliqu\u00e9 qu\u2019en Afrique du Sud et dans d\u2019autres r\u00e9gions du monde, les prisons sont pleines de jeunes. Alors, a-t-il dit en guise de recommandation : \u00ab Instruis l\u2019enfant selon la voie qu\u2019il doit suivre; Et quand il sera vieux, il ne s\u2019en d\u00e9tournera pas. \u00bb<\/p>\n<p>\u00ab Nous voulons que chaque enfant \u00e0 Sainte-Croix soit membre du club des Aventuriers. Nous n\u2019avons aucune restriction en ce qui concerne l\u2019adh\u00e9sion\u2026 si vous voulez que votre enfant soit r\u00e9volutionn\u00e9 et chang\u00e9, amenez-le \u00e0 l\u2019\u00c9glise adventiste du septi\u00e8me jour, amenez-le \u00e0 rejoindre le club et inscrivez votre enfant au Club des Aventuriers, \u00bb a dit pasteur Khumalo.<\/p>\n<p><div id=\"attachment_113172\" style=\"width: 871px\" class=\"wp-caption aligncenter\"><img loading=\"lazy\" decoding=\"async\" aria-describedby=\"caption-attachment-113172\" class=\" wp-image-113171\" src=\"https:\/\/interamerica.org\/wp-content\/uploads\/2024\/04\/leriano-webster-ncc-stcroix.jpg\" alt=\"\" width=\"861\" height=\"574\" srcset=\"https:\/\/interamerica.org\/wp-content\/uploads\/2024\/04\/leriano-webster-ncc-stcroix.jpg 1000w, https:\/\/interamerica.org\/wp-content\/uploads\/2024\/04\/leriano-webster-ncc-stcroix-300x200.jpg 300w, https:\/\/interamerica.org\/wp-content\/uploads\/2024\/04\/leriano-webster-ncc-stcroix-768x512.jpg 768w\" sizes=\"(max-width: 861px) 100vw, 861px\" \/><p id=\"caption-attachment-113172\" class=\"wp-caption-text\">Pasteur Leriano Webster, directeur des minist\u00e8res de la jeunesse pour la F\u00e9d\u00e9ration du Nord de la Cara\u00efbe, s\u2019adresse aux participants \u00e0 un rassemblement des jeunes organis\u00e9 le sabbat apr\u00e8s-midi, sous un chapiteau blanc sur le site de l\u2019\u00e9glise adventiste du septi\u00e8me jour Centrale, le 13 avril 2024. [Photo : Curtis Henry]<\/p><\/div><strong>\u00c9tablir le contact avec la communaut\u00e9 et l\u2019\u00e9cole<\/strong><\/p>\n<p>Pasteur Leriano Webster, directeur des minist\u00e8res de la jeunesse de la F\u00e9d\u00e9ration du Nord de la Cara\u00efbe, a d\u00e9clar\u00e9 qu\u2019ils avaient choisi cet itin\u00e9raire pour la marche parce que l\u2019\u00c9glise adventiste du septi\u00e8me jour distribue souvent des provisions dans la communaut\u00e9. Pasteur Webster a mentionn\u00e9 qu\u2019ils offrent des services communautaires pour d\u00e9montrer l\u2019amour de J\u00e9sus et entrer en contact avec la communaut\u00e9 qu\u2019ils connaissent. Il a dit : \u00ab Il s\u2019agit avant tout d\u2019entrer en contact avec la communaut\u00e9 vers laquelle nous sommes tourn\u00e9s. \u00bb<\/p>\n<p>En pr\u00e9paration de la marche et au-del\u00e0, il y avait un total de cinq projets d\u2019implication des jeunes pour promouvoir l\u2019initiative missionnaire \u00ab Votre Parcours vers la Joie, \u00bb a d\u00e9clar\u00e9 Sabrina C. DeSouza, tr\u00e9sori\u00e8re adjointe \u00e0 la Conf\u00e9rence G\u00e9n\u00e9rale, qui a particip\u00e9 et supervis\u00e9 la r\u00e9alisation des projets.<\/p>\n<p><div id=\"attachment_113181\" style=\"width: 859px\" class=\"wp-caption aligncenter\"><img loading=\"lazy\" decoding=\"async\" aria-describedby=\"caption-attachment-113181\" class=\" wp-image-113180\" src=\"https:\/\/interamerica.org\/wp-content\/uploads\/2024\/04\/sabrina-desouza-stcroix-youth-projects.jpg\" alt=\"\" width=\"849\" height=\"566\" srcset=\"https:\/\/interamerica.org\/wp-content\/uploads\/2024\/04\/sabrina-desouza-stcroix-youth-projects.jpg 1000w, https:\/\/interamerica.org\/wp-content\/uploads\/2024\/04\/sabrina-desouza-stcroix-youth-projects-300x200.jpg 300w, https:\/\/interamerica.org\/wp-content\/uploads\/2024\/04\/sabrina-desouza-stcroix-youth-projects-768x512.jpg 768w\" sizes=\"(max-width: 849px) 100vw, 849px\" \/><p id=\"caption-attachment-113181\" class=\"wp-caption-text\">Sabrina C. DeSouza, tr\u00e9sori\u00e8re adjointe \u00e0 la Conf\u00e9rence G\u00e9n\u00e9rale, intervient dans l\u2019une des cinq s\u00e9ances d\u2019implication des jeunes qui ont eu lieu \u00e0 l\u2019\u00e9glise adventiste du septi\u00e8me jour Centrale, \u00e0 Sainte-Croix, le 11 avril 2024. [Photo : Curtis Henry]<\/p><\/div>Le premier projet \u00e9tait men\u00e9 par l\u2019\u00e9quipe des m\u00e9dias de la Conf\u00e9rence G\u00e9n\u00e9rale avec le pasteur Webster. \u00ab Il a recrut\u00e9 huit jeunes disposant de comptes sur les r\u00e9seaux sociaux pour promouvoir les programmes d\u2019impact \u00e9vang\u00e9lique, \u00bb a dit Sabrina DeSouza. \u00ab Le directeur de l\u2019information de la Conf\u00e9rence G\u00e9n\u00e9rale g\u00e9rait les comptes et aidait les jeunes \u00e0 diffuser le contenu. \u00bb Le deuxi\u00e8me projet \u00e9tait l\u2019atelier sur l\u2019IA \u00e0 l\u2019\u00e9glise adventiste du septi\u00e8me jour Centrale.<\/p>\n<p>De plus, a indiqu\u00e9 Sabrina DeSouza, il y avait le programme\u00a0<em>Parcours vers la Joie<\/em>\u00a0cpr\u00e9sent\u00e9 aux \u00e9tudiants \u00e0 l\u2019\u00e9cole adventiste du septi\u00e8me jour de Sainte-Croix. \u00ab Nous avions le pasteur Busi Khumalo, qui a fait une merveilleuse pr\u00e9sentation pour les enfants, \u00bb a-t-elle d\u00e9clar\u00e9.<\/p>\n<p><div id=\"attachment_113190\" style=\"width: 843px\" class=\"wp-caption aligncenter\"><img loading=\"lazy\" decoding=\"async\" aria-describedby=\"caption-attachment-113190\" class=\" wp-image-113189\" src=\"https:\/\/interamerica.org\/wp-content\/uploads\/2024\/04\/stcroix-youth-mentoring.jpg\" alt=\"\" width=\"833\" height=\"556\" srcset=\"https:\/\/interamerica.org\/wp-content\/uploads\/2024\/04\/stcroix-youth-mentoring.jpg 1000w, https:\/\/interamerica.org\/wp-content\/uploads\/2024\/04\/stcroix-youth-mentoring-300x200.jpg 300w, https:\/\/interamerica.org\/wp-content\/uploads\/2024\/04\/stcroix-youth-mentoring-768x512.jpg 768w\" sizes=\"(max-width: 833px) 100vw, 833px\" \/><p id=\"caption-attachment-113190\" class=\"wp-caption-text\">Un jeune de Sainte-Croix dialogue avec un membre de l\u2019\u00e9quipe de tr\u00e9sorerie de la Conf\u00e9rence G\u00e9n\u00e9rale lors d\u2019une s\u00e9ance d\u2019implication des jeunes au centre polyvalent de l\u2019\u00c9glise adventiste Centrale \u00e0 Sainte-Croix, le 11 avril 2024. [Photo : Curtis Henry]<\/p><\/div>Les leaders de l\u2019\u00e9quipe de la Conf\u00e9rence G\u00e9n\u00e9rale ont \u00e9galement nettoy\u00e9 et embelli le b\u00e2timent polyvalent, ont pos\u00e9 des panneaux de basket et des buts pour le terrain de foot sur le campus de l\u2019\u00e9glise adventiste Centrale et ont \u00e9galement organis\u00e9 une session d\u2019\u00e9cole biblique de vacances pour les enfants de la communaut\u00e9.<\/p>\n<p>De plus, un groupe de jeunes a \u00e9t\u00e9 recrut\u00e9 pour jouer un sketch, a pr\u00e9cis\u00e9 Sabrina DeSouza. \u00ab Tout cela a \u00e9t\u00e9 organis\u00e9 par les membres de l\u2019\u00e9quipe de la Conf\u00e9rence G\u00e9n\u00e9rale et les dirigeants de la f\u00e9d\u00e9ration locale, car il n\u2019y avait pas de club de th\u00e9\u00e2tre, \u00bb a-t-elle ajout\u00e9. Le groupe de jeunes s\u2019est produit lors du service tenu \u00e0 la chapelle de l\u2019\u00e9cole adventiste et \u00ab les enfants ont vraiment appr\u00e9ci\u00e9, \u00bb a-t-elle d\u00e9clar\u00e9.<\/p>\n<p><div id=\"attachment_113157\" style=\"width: 807px\" class=\"wp-caption aligncenter\"><img loading=\"lazy\" decoding=\"async\" aria-describedby=\"caption-attachment-113157\" class=\" wp-image-113156\" src=\"https:\/\/interamerica.org\/wp-content\/uploads\/2024\/04\/stcroix-sdaschool-mural.jpg\" alt=\"\" width=\"797\" height=\"531\" srcset=\"https:\/\/interamerica.org\/wp-content\/uploads\/2024\/04\/stcroix-sdaschool-mural.jpg 1000w, https:\/\/interamerica.org\/wp-content\/uploads\/2024\/04\/stcroix-sdaschool-mural-300x200.jpg 300w, https:\/\/interamerica.org\/wp-content\/uploads\/2024\/04\/stcroix-sdaschool-mural-768x512.jpg 768w\" sizes=\"(max-width: 797px) 100vw, 797px\" \/><p id=\"caption-attachment-113157\" class=\"wp-caption-text\">Les membres de l\u2019\u00e9quipe de tr\u00e9sorerie de la Conf\u00e9rence G\u00e9n\u00e9rale peignent en compagnie des \u00e9tudiants sur une fresque murale sp\u00e9ciale cr\u00e9\u00e9e par Mikaell MicMill, un artiste adventiste local, \u00e0 l\u2019\u00e9glise adventiste du septi\u00e8me jour de Sainte-Croix, le 15 avril 2024. [Photo : Curtis Henry]<\/p><\/div>Sabrina DeSouza a poursuivi : \u00ab La fille du pasteur Webster est \u00e9tudiante \u00e0 l\u2019\u00e9cole. Ils ont fait une petite publicit\u00e9 t\u00e9l\u00e9vis\u00e9e. Il voulait simplement impliquer tous les enfants dans le Parcours vers la Joie, et c\u2019\u00e9tait g\u00e9nial ! \u00bb<\/p>\n<p>Le cinqui\u00e8me projet \u00e9tait la peinture d\u2019une fresque murale \u00e0 l\u2019\u00e9cole adventiste du septi\u00e8me jour de Sainte-Croix.<\/p>\n<p><strong>Reconnaissants pour l\u2019action missionnaire<\/strong><\/p>\n<p>Jacinta Berthier, directrice de l\u2019\u00c9cole Adventiste du septi\u00e8me jour de Sainte-Croix, a indiqu\u00e9 que le programme d\u2019\u00e9vang\u00e9lisation a \u00e9t\u00e9 une r\u00e9ussite malgr\u00e9 les conditions m\u00e9t\u00e9orologiques. \u00ab Je pense que la m\u00e9t\u00e9o a plut\u00f4t emp\u00each\u00e9 les \u00e9tudiants de participer aux programmes d\u2019\u00e9vang\u00e9lisation, mais je pense que cela a \u00e9t\u00e9 un succ\u00e8s parce que deux de nos \u00e9tudiants se sont fait baptiser \u00e0 l\u2019\u00e9glise adventiste de Bethel pendant le programme de l\u2019\u00c9cole Biblique de Vacances, \u00bb a-t-elle d\u00e9clar\u00e9.<\/p>\n<p><div id=\"attachment_113193\" style=\"width: 763px\" class=\"wp-caption aligncenter\"><img loading=\"lazy\" decoding=\"async\" aria-describedby=\"caption-attachment-113193\" class=\" wp-image-113192\" src=\"https:\/\/interamerica.org\/wp-content\/uploads\/2024\/04\/stcroix-multipurpose-center-centralchurch.jpg\" alt=\"\" width=\"753\" height=\"502\" srcset=\"https:\/\/interamerica.org\/wp-content\/uploads\/2024\/04\/stcroix-multipurpose-center-centralchurch.jpg 1000w, https:\/\/interamerica.org\/wp-content\/uploads\/2024\/04\/stcroix-multipurpose-center-centralchurch-300x200.jpg 300w, https:\/\/interamerica.org\/wp-content\/uploads\/2024\/04\/stcroix-multipurpose-center-centralchurch-768x512.jpg 768w\" sizes=\"(max-width: 753px) 100vw, 753px\" \/><p id=\"caption-attachment-113193\" class=\"wp-caption-text\">Deux membres du personnel de la tr\u00e9sorerie nettoient le sol de la salle polyvalente de l\u2019\u00e9glise adventiste centrale de Sainte-Croix, le 11 avril 2024. [Photo : Curtis Henry]<\/p><\/div>Un \u00e9l\u00e8ve sur quatre qui fr\u00e9quente l\u2019\u00e9cole adventiste du septi\u00e8me jour de Sainte-Croix n\u2019est pas membre de l\u2019\u00c9glise adventiste du septi\u00e8me jour.<\/p>\n<p>\u00ab Je suis tr\u00e8s reconnaissante que les organisateurs aient inclus l\u2019\u00e9cole et que l\u2019impact ne se soit pas limit\u00e9 \u00e0 l\u2019\u00e9glise, \u00bb a-t-elle d\u00e9clar\u00e9.<\/p>\n<p>Traduction: Patrick Luciathe<\/p>\n","protected":false},"excerpt":{"rendered":"<p>Plusieurs projets attirent les jeunes vers des programmes qui transforment la vie. 23 Avril 2024| Frederiksted, Sainte-Croix, \u00celes Vierges am\u00e9ricaines | Dyhann Buddoo-Fletcher et Actualit\u00e9s de la Division Inter Am\u00e9ricaine&#8230;<\/p>\n","protected":false},"author":3,"featured_media":113178,"comment_status":"closed","ping_status":"closed","sticky":false,"template":"","format":"standard","meta":{"_acf_changed":false,"footnotes":""},"categories":[20,19],"tags":[],"class_list":["post-113241","post","type-post","status-publish","format-standard","has-post-thumbnail","hentry","category-nouvelles-du-siege-de-la-division","category-rss-francais"],"acf":[],"yoast_head":"<!-- This site is optimized with the Yoast SEO plugin v27.3 - https:\/\/yoast.com\/product\/yoast-seo-wordpress\/ -->\n<title>L\u2019\u00c9glise Adventiste fait participer les enfants et les jeunes \u00e0 des activit\u00e9s d\u2019impact \u00e0 Sainte-Croix - \u00c9glise Adventiste Du Septieme Jour - Inter Am\u00e9rique Division<\/title>\n<meta name=\"robots\" content=\"index, follow, max-snippet:-1, max-image-preview:large, max-video-preview:-1\" \/>\n<link rel=\"canonical\" href=\"https:\/\/interamerica.org\/fr\/2024\/04\/leglise-adventiste-fait-participer-les-enfants-et-les-jeunes-a-des-activites-dimpact-a-sainte-croix\/\" \/>\n<meta property=\"og:locale\" content=\"fr_FR\" \/>\n<meta property=\"og:type\" content=\"article\" \/>\n<meta property=\"og:title\" content=\"L\u2019\u00c9glise Adventiste fait participer les enfants et les jeunes \u00e0 des activit\u00e9s d\u2019impact \u00e0 Sainte-Croix - \u00c9glise Adventiste Du Septieme Jour - Inter Am\u00e9rique Division\" \/>\n<meta property=\"og:description\" content=\"Plusieurs projets attirent les jeunes vers des programmes qui transforment la vie. 23 Avril 2024| Frederiksted, Sainte-Croix, \u00celes Vierges am\u00e9ricaines | Dyhann Buddoo-Fletcher et Actualit\u00e9s de la Division Inter Am\u00e9ricaine...\" \/>\n<meta property=\"og:url\" content=\"https:\/\/interamerica.org\/fr\/2024\/04\/leglise-adventiste-fait-participer-les-enfants-et-les-jeunes-a-des-activites-dimpact-a-sainte-croix\/\" \/>\n<meta property=\"og:site_name\" content=\"\u00c9glise Adventiste Du Septieme Jour - Inter Am\u00e9rique Division\" \/>\n<meta property=\"article:published_time\" content=\"2024-04-24T19:30:31+00:00\" \/>\n<meta property=\"article:modified_time\" content=\"2024-04-25T10:04:40+00:00\" \/>\n<meta property=\"og:image\" content=\"https:\/\/interamerica.org\/wp-content\/uploads\/2024\/04\/youthmarch-stcroix-apr13.jpg\" \/>\n\t<meta property=\"og:image:width\" content=\"1000\" \/>\n\t<meta property=\"og:image:height\" content=\"667\" \/>\n\t<meta property=\"og:image:type\" content=\"image\/jpeg\" \/>\n<meta name=\"author\" content=\"libna\" \/>\n<meta name=\"twitter:card\" content=\"summary_large_image\" \/>\n<meta name=\"twitter:label1\" content=\"\u00c9crit par\" \/>\n\t<meta name=\"twitter:data1\" content=\"libna\" \/>\n\t<meta name=\"twitter:label2\" content=\"Dur\u00e9e de lecture estim\u00e9e\" \/>\n\t<meta name=\"twitter:data2\" content=\"10 minutes\" \/>\n<script type=\"application\/ld+json\" class=\"yoast-schema-graph\">{\"@context\":\"https:\\\/\\\/schema.org\",\"@graph\":[{\"@type\":\"Article\",\"@id\":\"https:\\\/\\\/interamerica.org\\\/fr\\\/2024\\\/04\\\/leglise-adventiste-fait-participer-les-enfants-et-les-jeunes-a-des-activites-dimpact-a-sainte-croix\\\/#article\",\"isPartOf\":{\"@id\":\"https:\\\/\\\/interamerica.org\\\/fr\\\/2024\\\/04\\\/leglise-adventiste-fait-participer-les-enfants-et-les-jeunes-a-des-activites-dimpact-a-sainte-croix\\\/\"},\"author\":{\"name\":\"libna\",\"@id\":\"https:\\\/\\\/interamerica.org\\\/fr\\\/#\\\/schema\\\/person\\\/29998f2bc2d8bd0d38662909289b54f1\"},\"headline\":\"L\u2019\u00c9glise Adventiste fait participer les enfants et les jeunes \u00e0 des activit\u00e9s d\u2019impact \u00e0 Sainte-Croix\",\"datePublished\":\"2024-04-24T19:30:31+00:00\",\"dateModified\":\"2024-04-25T10:04:40+00:00\",\"mainEntityOfPage\":{\"@id\":\"https:\\\/\\\/interamerica.org\\\/fr\\\/2024\\\/04\\\/leglise-adventiste-fait-participer-les-enfants-et-les-jeunes-a-des-activites-dimpact-a-sainte-croix\\\/\"},\"wordCount\":1820,\"image\":{\"@id\":\"https:\\\/\\\/interamerica.org\\\/fr\\\/2024\\\/04\\\/leglise-adventiste-fait-participer-les-enfants-et-les-jeunes-a-des-activites-dimpact-a-sainte-croix\\\/#primaryimage\"},\"thumbnailUrl\":\"https:\\\/\\\/interamerica.org\\\/wp-content\\\/uploads\\\/2024\\\/04\\\/youthmarch-stcroix-apr13.jpg\",\"articleSection\":[\"Nouvelles du si\u00e8ge de la division\",\"RSS Fran\u00e7ais\"],\"inLanguage\":\"fr-FR\"},{\"@type\":\"WebPage\",\"@id\":\"https:\\\/\\\/interamerica.org\\\/fr\\\/2024\\\/04\\\/leglise-adventiste-fait-participer-les-enfants-et-les-jeunes-a-des-activites-dimpact-a-sainte-croix\\\/\",\"url\":\"https:\\\/\\\/interamerica.org\\\/fr\\\/2024\\\/04\\\/leglise-adventiste-fait-participer-les-enfants-et-les-jeunes-a-des-activites-dimpact-a-sainte-croix\\\/\",\"name\":\"L\u2019\u00c9glise Adventiste fait participer les enfants et les jeunes \u00e0 des activit\u00e9s d\u2019impact \u00e0 Sainte-Croix - \u00c9glise Adventiste Du Septieme Jour - Inter Am\u00e9rique Division\",\"isPartOf\":{\"@id\":\"https:\\\/\\\/interamerica.org\\\/fr\\\/#website\"},\"primaryImageOfPage\":{\"@id\":\"https:\\\/\\\/interamerica.org\\\/fr\\\/2024\\\/04\\\/leglise-adventiste-fait-participer-les-enfants-et-les-jeunes-a-des-activites-dimpact-a-sainte-croix\\\/#primaryimage\"},\"image\":{\"@id\":\"https:\\\/\\\/interamerica.org\\\/fr\\\/2024\\\/04\\\/leglise-adventiste-fait-participer-les-enfants-et-les-jeunes-a-des-activites-dimpact-a-sainte-croix\\\/#primaryimage\"},\"thumbnailUrl\":\"https:\\\/\\\/interamerica.org\\\/wp-content\\\/uploads\\\/2024\\\/04\\\/youthmarch-stcroix-apr13.jpg\",\"datePublished\":\"2024-04-24T19:30:31+00:00\",\"dateModified\":\"2024-04-25T10:04:40+00:00\",\"author\":{\"@id\":\"https:\\\/\\\/interamerica.org\\\/fr\\\/#\\\/schema\\\/person\\\/29998f2bc2d8bd0d38662909289b54f1\"},\"breadcrumb\":{\"@id\":\"https:\\\/\\\/interamerica.org\\\/fr\\\/2024\\\/04\\\/leglise-adventiste-fait-participer-les-enfants-et-les-jeunes-a-des-activites-dimpact-a-sainte-croix\\\/#breadcrumb\"},\"inLanguage\":\"fr-FR\",\"potentialAction\":[{\"@type\":\"ReadAction\",\"target\":[\"https:\\\/\\\/interamerica.org\\\/fr\\\/2024\\\/04\\\/leglise-adventiste-fait-participer-les-enfants-et-les-jeunes-a-des-activites-dimpact-a-sainte-croix\\\/\"]}]},{\"@type\":\"ImageObject\",\"inLanguage\":\"fr-FR\",\"@id\":\"https:\\\/\\\/interamerica.org\\\/fr\\\/2024\\\/04\\\/leglise-adventiste-fait-participer-les-enfants-et-les-jeunes-a-des-activites-dimpact-a-sainte-croix\\\/#primaryimage\",\"url\":\"https:\\\/\\\/interamerica.org\\\/wp-content\\\/uploads\\\/2024\\\/04\\\/youthmarch-stcroix-apr13.jpg\",\"contentUrl\":\"https:\\\/\\\/interamerica.org\\\/wp-content\\\/uploads\\\/2024\\\/04\\\/youthmarch-stcroix-apr13.jpg\",\"width\":1000,\"height\":667},{\"@type\":\"BreadcrumbList\",\"@id\":\"https:\\\/\\\/interamerica.org\\\/fr\\\/2024\\\/04\\\/leglise-adventiste-fait-participer-les-enfants-et-les-jeunes-a-des-activites-dimpact-a-sainte-croix\\\/#breadcrumb\",\"itemListElement\":[{\"@type\":\"ListItem\",\"position\":1,\"name\":\"Home\",\"item\":\"https:\\\/\\\/interamerica.org\\\/fr\\\/\"},{\"@type\":\"ListItem\",\"position\":2,\"name\":\"L\u2019\u00c9glise Adventiste fait participer les enfants et les jeunes \u00e0 des activit\u00e9s d\u2019impact \u00e0 Sainte-Croix\"}]},{\"@type\":\"WebSite\",\"@id\":\"https:\\\/\\\/interamerica.org\\\/fr\\\/#website\",\"url\":\"https:\\\/\\\/interamerica.org\\\/fr\\\/\",\"name\":\"\u00c9glise Adventiste Du Septieme Jour - Inter Am\u00e9rique Division\",\"description\":\"\",\"potentialAction\":[{\"@type\":\"SearchAction\",\"target\":{\"@type\":\"EntryPoint\",\"urlTemplate\":\"https:\\\/\\\/interamerica.org\\\/fr\\\/?s={search_term_string}\"},\"query-input\":{\"@type\":\"PropertyValueSpecification\",\"valueRequired\":true,\"valueName\":\"search_term_string\"}}],\"inLanguage\":\"fr-FR\"},{\"@type\":\"Person\",\"@id\":\"https:\\\/\\\/interamerica.org\\\/fr\\\/#\\\/schema\\\/person\\\/29998f2bc2d8bd0d38662909289b54f1\",\"name\":\"libna\",\"image\":{\"@type\":\"ImageObject\",\"inLanguage\":\"fr-FR\",\"@id\":\"https:\\\/\\\/secure.gravatar.com\\\/avatar\\\/7c5bd30ae4b47a9ba3c856590957fd1d96dc588bf3ac05719d247e126840331f?s=96&d=mm&r=g\",\"url\":\"https:\\\/\\\/secure.gravatar.com\\\/avatar\\\/7c5bd30ae4b47a9ba3c856590957fd1d96dc588bf3ac05719d247e126840331f?s=96&d=mm&r=g\",\"contentUrl\":\"https:\\\/\\\/secure.gravatar.com\\\/avatar\\\/7c5bd30ae4b47a9ba3c856590957fd1d96dc588bf3ac05719d247e126840331f?s=96&d=mm&r=g\",\"caption\":\"libna\"}}]}<\/script>\n<!-- \/ Yoast SEO plugin. -->","yoast_head_json":{"title":"L\u2019\u00c9glise Adventiste fait participer les enfants et les jeunes \u00e0 des activit\u00e9s d\u2019impact \u00e0 Sainte-Croix - \u00c9glise Adventiste Du Septieme Jour - Inter Am\u00e9rique Division","robots":{"index":"index","follow":"follow","max-snippet":"max-snippet:-1","max-image-preview":"max-image-preview:large","max-video-preview":"max-video-preview:-1"},"canonical":"https:\/\/interamerica.org\/fr\/2024\/04\/leglise-adventiste-fait-participer-les-enfants-et-les-jeunes-a-des-activites-dimpact-a-sainte-croix\/","og_locale":"fr_FR","og_type":"article","og_title":"L\u2019\u00c9glise Adventiste fait participer les enfants et les jeunes \u00e0 des activit\u00e9s d\u2019impact \u00e0 Sainte-Croix - \u00c9glise Adventiste Du Septieme Jour - Inter Am\u00e9rique Division","og_description":"Plusieurs projets attirent les jeunes vers des programmes qui transforment la vie. 23 Avril 2024| Frederiksted, Sainte-Croix, \u00celes Vierges am\u00e9ricaines | Dyhann Buddoo-Fletcher et Actualit\u00e9s de la Division Inter Am\u00e9ricaine...","og_url":"https:\/\/interamerica.org\/fr\/2024\/04\/leglise-adventiste-fait-participer-les-enfants-et-les-jeunes-a-des-activites-dimpact-a-sainte-croix\/","og_site_name":"\u00c9glise Adventiste Du Septieme Jour - Inter Am\u00e9rique Division","article_published_time":"2024-04-24T19:30:31+00:00","article_modified_time":"2024-04-25T10:04:40+00:00","og_image":[{"width":1000,"height":667,"url":"https:\/\/interamerica.org\/wp-content\/uploads\/2024\/04\/youthmarch-stcroix-apr13.jpg","type":"image\/jpeg"}],"author":"libna","twitter_card":"summary_large_image","twitter_misc":{"\u00c9crit par":"libna","Dur\u00e9e de lecture estim\u00e9e":"10 minutes"},"schema":{"@context":"https:\/\/schema.org","@graph":[{"@type":"Article","@id":"https:\/\/interamerica.org\/fr\/2024\/04\/leglise-adventiste-fait-participer-les-enfants-et-les-jeunes-a-des-activites-dimpact-a-sainte-croix\/#article","isPartOf":{"@id":"https:\/\/interamerica.org\/fr\/2024\/04\/leglise-adventiste-fait-participer-les-enfants-et-les-jeunes-a-des-activites-dimpact-a-sainte-croix\/"},"author":{"name":"libna","@id":"https:\/\/interamerica.org\/fr\/#\/schema\/person\/29998f2bc2d8bd0d38662909289b54f1"},"headline":"L\u2019\u00c9glise Adventiste fait participer les enfants et les jeunes \u00e0 des activit\u00e9s d\u2019impact \u00e0 Sainte-Croix","datePublished":"2024-04-24T19:30:31+00:00","dateModified":"2024-04-25T10:04:40+00:00","mainEntityOfPage":{"@id":"https:\/\/interamerica.org\/fr\/2024\/04\/leglise-adventiste-fait-participer-les-enfants-et-les-jeunes-a-des-activites-dimpact-a-sainte-croix\/"},"wordCount":1820,"image":{"@id":"https:\/\/interamerica.org\/fr\/2024\/04\/leglise-adventiste-fait-participer-les-enfants-et-les-jeunes-a-des-activites-dimpact-a-sainte-croix\/#primaryimage"},"thumbnailUrl":"https:\/\/interamerica.org\/wp-content\/uploads\/2024\/04\/youthmarch-stcroix-apr13.jpg","articleSection":["Nouvelles du si\u00e8ge de la division","RSS Fran\u00e7ais"],"inLanguage":"fr-FR"},{"@type":"WebPage","@id":"https:\/\/interamerica.org\/fr\/2024\/04\/leglise-adventiste-fait-participer-les-enfants-et-les-jeunes-a-des-activites-dimpact-a-sainte-croix\/","url":"https:\/\/interamerica.org\/fr\/2024\/04\/leglise-adventiste-fait-participer-les-enfants-et-les-jeunes-a-des-activites-dimpact-a-sainte-croix\/","name":"L\u2019\u00c9glise Adventiste fait participer les enfants et les jeunes \u00e0 des activit\u00e9s d\u2019impact \u00e0 Sainte-Croix - \u00c9glise Adventiste Du Septieme Jour - Inter Am\u00e9rique Division","isPartOf":{"@id":"https:\/\/interamerica.org\/fr\/#website"},"primaryImageOfPage":{"@id":"https:\/\/interamerica.org\/fr\/2024\/04\/leglise-adventiste-fait-participer-les-enfants-et-les-jeunes-a-des-activites-dimpact-a-sainte-croix\/#primaryimage"},"image":{"@id":"https:\/\/interamerica.org\/fr\/2024\/04\/leglise-adventiste-fait-participer-les-enfants-et-les-jeunes-a-des-activites-dimpact-a-sainte-croix\/#primaryimage"},"thumbnailUrl":"https:\/\/interamerica.org\/wp-content\/uploads\/2024\/04\/youthmarch-stcroix-apr13.jpg","datePublished":"2024-04-24T19:30:31+00:00","dateModified":"2024-04-25T10:04:40+00:00","author":{"@id":"https:\/\/interamerica.org\/fr\/#\/schema\/person\/29998f2bc2d8bd0d38662909289b54f1"},"breadcrumb":{"@id":"https:\/\/interamerica.org\/fr\/2024\/04\/leglise-adventiste-fait-participer-les-enfants-et-les-jeunes-a-des-activites-dimpact-a-sainte-croix\/#breadcrumb"},"inLanguage":"fr-FR","potentialAction":[{"@type":"ReadAction","target":["https:\/\/interamerica.org\/fr\/2024\/04\/leglise-adventiste-fait-participer-les-enfants-et-les-jeunes-a-des-activites-dimpact-a-sainte-croix\/"]}]},{"@type":"ImageObject","inLanguage":"fr-FR","@id":"https:\/\/interamerica.org\/fr\/2024\/04\/leglise-adventiste-fait-participer-les-enfants-et-les-jeunes-a-des-activites-dimpact-a-sainte-croix\/#primaryimage","url":"https:\/\/interamerica.org\/wp-content\/uploads\/2024\/04\/youthmarch-stcroix-apr13.jpg","contentUrl":"https:\/\/interamerica.org\/wp-content\/uploads\/2024\/04\/youthmarch-stcroix-apr13.jpg","width":1000,"height":667},{"@type":"BreadcrumbList","@id":"https:\/\/interamerica.org\/fr\/2024\/04\/leglise-adventiste-fait-participer-les-enfants-et-les-jeunes-a-des-activites-dimpact-a-sainte-croix\/#breadcrumb","itemListElement":[{"@type":"ListItem","position":1,"name":"Home","item":"https:\/\/interamerica.org\/fr\/"},{"@type":"ListItem","position":2,"name":"L\u2019\u00c9glise Adventiste fait participer les enfants et les jeunes \u00e0 des activit\u00e9s d\u2019impact \u00e0 Sainte-Croix"}]},{"@type":"WebSite","@id":"https:\/\/interamerica.org\/fr\/#website","url":"https:\/\/interamerica.org\/fr\/","name":"\u00c9glise Adventiste Du Septieme Jour - Inter Am\u00e9rique Division","description":"","potentialAction":[{"@type":"SearchAction","target":{"@type":"EntryPoint","urlTemplate":"https:\/\/interamerica.org\/fr\/?s={search_term_string}"},"query-input":{"@type":"PropertyValueSpecification","valueRequired":true,"valueName":"search_term_string"}}],"inLanguage":"fr-FR"},{"@type":"Person","@id":"https:\/\/interamerica.org\/fr\/#\/schema\/person\/29998f2bc2d8bd0d38662909289b54f1","name":"libna","image":{"@type":"ImageObject","inLanguage":"fr-FR","@id":"https:\/\/secure.gravatar.com\/avatar\/7c5bd30ae4b47a9ba3c856590957fd1d96dc588bf3ac05719d247e126840331f?s=96&d=mm&r=g","url":"https:\/\/secure.gravatar.com\/avatar\/7c5bd30ae4b47a9ba3c856590957fd1d96dc588bf3ac05719d247e126840331f?s=96&d=mm&r=g","contentUrl":"https:\/\/secure.gravatar.com\/avatar\/7c5bd30ae4b47a9ba3c856590957fd1d96dc588bf3ac05719d247e126840331f?s=96&d=mm&r=g","caption":"libna"}}]}},"_links":{"self":[{"href":"https:\/\/interamerica.org\/fr\/wp-json\/wp\/v2\/posts\/113241","targetHints":{"allow":["GET"]}}],"collection":[{"href":"https:\/\/interamerica.org\/fr\/wp-json\/wp\/v2\/posts"}],"about":[{"href":"https:\/\/interamerica.org\/fr\/wp-json\/wp\/v2\/types\/post"}],"author":[{"embeddable":true,"href":"https:\/\/interamerica.org\/fr\/wp-json\/wp\/v2\/users\/3"}],"replies":[{"embeddable":true,"href":"https:\/\/interamerica.org\/fr\/wp-json\/wp\/v2\/comments?post=113241"}],"version-history":[{"count":0,"href":"https:\/\/interamerica.org\/fr\/wp-json\/wp\/v2\/posts\/113241\/revisions"}],"wp:featuredmedia":[{"embeddable":true,"href":"https:\/\/interamerica.org\/fr\/wp-json\/wp\/v2\/media\/113178"}],"wp:attachment":[{"href":"https:\/\/interamerica.org\/fr\/wp-json\/wp\/v2\/media?parent=113241"}],"wp:term":[{"taxonomy":"category","embeddable":true,"href":"https:\/\/interamerica.org\/fr\/wp-json\/wp\/v2\/categories?post=113241"},{"taxonomy":"post_tag","embeddable":true,"href":"https:\/\/interamerica.org\/fr\/wp-json\/wp\/v2\/tags?post=113241"}],"curies":[{"name":"wp","href":"https:\/\/api.w.org\/{rel}","templated":true}]}}