{"id":114510,"date":"2024-05-08T14:09:21","date_gmt":"2024-05-08T18:09:21","guid":{"rendered":"https:\/\/interamerica.org\/?p=114510"},"modified":"2024-05-09T22:12:31","modified_gmt":"2024-05-10T02:12:31","slug":"aider-les-personnes-en-situation-de-handicap-et-heberger-les-victimes-de-violence-domestique","status":"publish","type":"post","link":"https:\/\/interamerica.org\/fr\/2024\/05\/aider-les-personnes-en-situation-de-handicap-et-heberger-les-victimes-de-violence-domestique\/","title":{"rendered":"Aider les personnes en situation de handicap et h\u00e9berger les victimes de violence domestique"},"content":{"rendered":"<p><div id=\"attachment_114487\" style=\"width: 901px\" class=\"wp-caption aligncenter\"><img fetchpriority=\"high\" decoding=\"async\" aria-describedby=\"caption-attachment-114487\" class=\" wp-image-114486\" src=\"https:\/\/interamerica.org\/wp-content\/uploads\/2024\/05\/png-possibilities-dsc-0256.jpeg\" alt=\"\" width=\"891\" height=\"594\" srcset=\"https:\/\/interamerica.org\/wp-content\/uploads\/2024\/05\/png-possibilities-dsc-0256.jpeg 1000w, https:\/\/interamerica.org\/wp-content\/uploads\/2024\/05\/png-possibilities-dsc-0256-300x200.jpeg 300w, https:\/\/interamerica.org\/wp-content\/uploads\/2024\/05\/png-possibilities-dsc-0256-768x512.jpeg 768w\" sizes=\"(max-width: 891px) 100vw, 891px\" \/><p id=\"caption-attachment-114487\" class=\"wp-caption-text\">Tous les si\u00e8ges sont occup\u00e9s au moment o\u00f9 l\u2019\u00c9cole du Sabbat commence \u00e0 l\u2019\u00e9glise adventiste du septi\u00e8me jour de Hagen Park, r\u00e9cemment r\u00e9nov\u00e9e, \u00e0 Mount Hagen, dans les Hautes Terres Occidentales, en Papouasie-Nouvelle-Guin\u00e9e, le 4 mai. [Photo : Marcos Paseggi, Adventist Review]<\/p><\/div><em>L\u2019\u00e9glise de Hagen Park en Papouasie-Nouvelle-Guin\u00e9e connait une croissance interne et externe.<\/em><\/p>\n<p>8 Mai 2024 | Papouasie-Nouvelle-Guin\u00e9e | Marcos Paseggi, Adventist Review<\/p>\n<p>Les membres d\u2019\u00e9glise peuvent avoir diverses motivations pour arriver t\u00f4t \u00e0 l\u2019\u00e9glise chaque semaine, mais pour les membres de l\u2019\u00e9glise adventiste du septi\u00e8me jour de Hagen Park \u00e0 Mount Hagen, dans les Terres Hautes Occidentales, en Papouasie-Nouvelle-Guin\u00e9e (PNG), la motivation amenant \u00e0 se rendre en masse au sanctuaire chaque samedi (Sabbat) avant 8h00 est simple.<\/p>\n<p>\u00ab Nous voulons trouver une place pour nous asseoir, \u00bb disent-ils. \u00ab Et tout le monde sait que si vous voulez participer au culte \u00e0 l\u2019int\u00e9rieur, vous devez arriver t\u00f4t. \u00bb<\/p>\n<p>La congr\u00e9gation, en constante croissance, a r\u00e9cemment termin\u00e9 un projet de r\u00e9novation. Le 2 mai, le pr\u00e9sident de la Conf\u00e9rence G\u00e9n\u00e9rale, Ted N. C. Wilson, le secr\u00e9taire de l\u2019association pastorale de la Conf\u00e9rence G\u00e9n\u00e9rale, Ramon Canals, et la directrice du minist\u00e8re des \u00e9pouses et des familles pastorales, Aurora Canals, entre autres dirigeants de l\u2019\u00e9glise, ont assist\u00e9 \u00e0 l\u2019inauguration du sanctuaire r\u00e9nov\u00e9 et ont particip\u00e9 aux interventions musicales de c\u00e9l\u00e9bration et aux pri\u00e8res.<\/p>\n<p><div id=\"attachment_114499\" style=\"width: 807px\" class=\"wp-caption aligncenter\"><img decoding=\"async\" aria-describedby=\"caption-attachment-114499\" class=\" wp-image-114498\" src=\"https:\/\/interamerica.org\/wp-content\/uploads\/2024\/05\/png-605-768x602-1.jpeg\" alt=\"\" width=\"797\" height=\"625\" srcset=\"https:\/\/interamerica.org\/wp-content\/uploads\/2024\/05\/png-605-768x602-1.jpeg 768w, https:\/\/interamerica.org\/wp-content\/uploads\/2024\/05\/png-605-768x602-1-300x235.jpeg 300w\" sizes=\"(max-width: 797px) 100vw, 797px\" \/><p id=\"caption-attachment-114499\" class=\"wp-caption-text\">Les dirigeants de la Conf\u00e9rence G\u00e9n\u00e9rale, les dirigeants de l\u2019\u00e9glise aux niveaux r\u00e9gional et local posent pour une photo de groupe lors des c\u00e9r\u00e9monies qui ont eu lieu \u00e0 l\u2019\u00e9glise adventiste du septi\u00e8me jour de Hagen Park le 2 mai. [Photo : compte Facebook du pasteur Ted Wilson]<\/p><\/div>Ted Wilson, qui fait partie des milliers d\u2019orateurs qui conduisent actuellement des efforts d\u2019\u00e9vang\u00e9lisation \u00e0 travers la PNG, pr\u00eache et est h\u00e9berg\u00e9 \u00e0 une heure du Mount Hagen \u00e0 Minj, Jiwaka. Lors de sa br\u00e8ve visite le 2 mai, il a partag\u00e9 un repas avec des dizaines de pr\u00e9dicateurs locaux et internationaux qui tiennent des campagnes d\u2019\u00e9vang\u00e9lisation dans la troisi\u00e8me ville la plus peupl\u00e9e de la PNG.<\/p>\n<p>En plus de la nouvelle d\u00e9dicace du sanctuaire de l\u2019\u00e9glise, les dirigeants d\u2019\u00e9glise, avec \u00e0 leur t\u00eate Ted Wilson, ont inaugur\u00e9 le Hagen Park Care Inn attenant, une initiative du Minist\u00e8re Adventiste des Possibilit\u00e9s. D\u00e8s que les derniers d\u00e9tails d\u2019am\u00e9nagement seront termin\u00e9s, le centre ouvrira ses portes pour proposer ses services aux personnes souffrant de divers handicaps, a expliqu\u00e9 le pasteur de l\u2019\u00e9glise locale, Richard Jacob.<\/p>\n<p><div id=\"attachment_114493\" style=\"width: 809px\" class=\"wp-caption aligncenter\"><img decoding=\"async\" aria-describedby=\"caption-attachment-114493\" class=\" wp-image-114492\" src=\"https:\/\/interamerica.org\/wp-content\/uploads\/2024\/05\/png-404-768x576-1.jpeg\" alt=\"\" width=\"799\" height=\"599\" srcset=\"https:\/\/interamerica.org\/wp-content\/uploads\/2024\/05\/png-404-768x576-1.jpeg 768w, https:\/\/interamerica.org\/wp-content\/uploads\/2024\/05\/png-404-768x576-1-300x225.jpeg 300w\" sizes=\"(max-width: 799px) 100vw, 799px\" \/><p id=\"caption-attachment-114493\" class=\"wp-caption-text\">Le 2 mai, l\u2019\u00e9glise adventiste du septi\u00e8me jour de Hagen Park a inaugur\u00e9 son sanctuaire r\u00e9nov\u00e9 en pr\u00e9sence de dirigeants d\u2019\u00e9glise et de centaines de membres. [Photo : compte Facebook du pasteur Ted Wilson]<\/p><\/div>\u00ab Au deuxi\u00e8me \u00e9tage, nous ouvrons un refuge pour femmes et enfants victimes de violence domestique, \u00bb a d\u00e9clar\u00e9 pasteur Jacob. \u00ab Ces femmes et leurs jeunes enfants pourront rester au refuge jusqu\u2019\u00e0 ce qu\u2019ils trouvent une solution. \u00bb<\/p>\n<p>Cette initiative tourn\u00e9e vers l\u2019ext\u00e9rieur pourrait \u00eatre l\u2019une des raisons pour lesquelles l\u2019\u00e9glise de Park Hagen continue de cro\u00eetre. Cela pourrait \u00e9galement expliquer la fid\u00e9lit\u00e9 de ses membres. Le 4 mai, deux jours apr\u00e8s l\u2019inauguration, il n\u2019y a que des places debout \u00e0 l\u2019int\u00e9rieur du sanctuaire pour le d\u00e9but de l\u2019\u00c9cole du Sabbat. Des dizaines d\u2019autres personnes sont assises dehors, au soleil ou sous les arbres voisins, pour tenter de suivre le d\u00e9roulement du programme.<\/p>\n<p><div id=\"attachment_114496\" style=\"width: 777px\" class=\"wp-caption aligncenter\"><img loading=\"lazy\" decoding=\"async\" aria-describedby=\"caption-attachment-114496\" class=\" wp-image-114495\" src=\"https:\/\/interamerica.org\/wp-content\/uploads\/2024\/05\/png-dsc-0251-768x512-1.jpeg\" alt=\"\" width=\"767\" height=\"511\" srcset=\"https:\/\/interamerica.org\/wp-content\/uploads\/2024\/05\/png-dsc-0251-768x512-1.jpeg 768w, https:\/\/interamerica.org\/wp-content\/uploads\/2024\/05\/png-dsc-0251-768x512-1-300x200.jpeg 300w\" sizes=\"(max-width: 767px) 100vw, 767px\" \/><p id=\"caption-attachment-114496\" class=\"wp-caption-text\">Le nouveau Hagen Park Care Inn, qui offrira des services aux personnes souffrant de divers handicaps ainsi qu\u2019aux femmes et enfants victimes de violence domestique. [Photo : Marcos Paseggi, Adventist Review]<\/p><\/div>A l\u2019int\u00e9rieur, le responsable de l\u2019\u00c9cole du Sabbat demande \u00e0 l\u2019assistance combien sont des invit\u00e9s venus pour la premi\u00e8re fois. Plus d\u2019une douzaine de personnes l\u00e8vent la main. Et le culte ne fait que commencer.<\/p>\n<p>\u00ab Apr\u00e8s un programme d\u2019ouverture, les membres se consacrent \u00e0 l\u2019\u00e9tude de la le\u00e7on de l\u2019\u00c9cole du Sabbat de la semaine, \u00bb a indiqu\u00e9 Jacquelin Wari, directrice de la communication de l\u2019Union Mission de PNG. \u00ab Et ce n\u2019est que le d\u00e9but. Viennent ensuite la louange et l\u2019adoration, ainsi qu\u2019un service de culte. Ensuite, beaucoup restent et prennent leur d\u00e9jeuner sous les arbres. Et \u00e0 16 heures, ceux qui restent participent \u00e0 un autre programme qui se termine par un service de cl\u00f4ture du sabbat. Ici, aller \u00e0 l\u2019\u00e9glise est une exp\u00e9rience qui dure toute la journ\u00e9e. \u00bb<\/p>\n<p>Traduction: Patrick Luciathe<\/p>\n","protected":false},"excerpt":{"rendered":"<p>L\u2019\u00e9glise de Hagen Park en Papouasie-Nouvelle-Guin\u00e9e connait une croissance interne et externe. 8 Mai 2024 | Papouasie-Nouvelle-Guin\u00e9e | Marcos Paseggi, Adventist Review Les membres d\u2019\u00e9glise peuvent avoir diverses motivations pour&#8230;<\/p>\n","protected":false},"author":3,"featured_media":114487,"comment_status":"closed","ping_status":"closed","sticky":false,"template":"","format":"standard","meta":{"_acf_changed":false,"footnotes":""},"categories":[18,19],"tags":[],"class_list":["post-114510","post","type-post","status-publish","format-standard","has-post-thumbnail","hentry","category-nouvelles-de-leglise-mondiale","category-rss-francais"],"acf":[],"yoast_head":"<!-- This site is optimized with the Yoast SEO plugin v27.3 - https:\/\/yoast.com\/product\/yoast-seo-wordpress\/ -->\n<title>Aider les personnes en situation de handicap et h\u00e9berger les victimes de violence domestique - \u00c9glise Adventiste Du Septieme Jour - Inter Am\u00e9rique Division<\/title>\n<meta name=\"robots\" content=\"index, follow, max-snippet:-1, max-image-preview:large, max-video-preview:-1\" \/>\n<link rel=\"canonical\" href=\"https:\/\/interamerica.org\/fr\/2024\/05\/aider-les-personnes-en-situation-de-handicap-et-heberger-les-victimes-de-violence-domestique\/\" \/>\n<meta property=\"og:locale\" content=\"fr_FR\" \/>\n<meta property=\"og:type\" content=\"article\" \/>\n<meta property=\"og:title\" content=\"Aider les personnes en situation de handicap et h\u00e9berger les victimes de violence domestique - \u00c9glise Adventiste Du Septieme Jour - Inter Am\u00e9rique Division\" \/>\n<meta property=\"og:description\" content=\"L\u2019\u00e9glise de Hagen Park en Papouasie-Nouvelle-Guin\u00e9e connait une croissance interne et externe. 8 Mai 2024 | Papouasie-Nouvelle-Guin\u00e9e | Marcos Paseggi, Adventist Review Les membres d\u2019\u00e9glise peuvent avoir diverses motivations pour...\" \/>\n<meta property=\"og:url\" content=\"https:\/\/interamerica.org\/fr\/2024\/05\/aider-les-personnes-en-situation-de-handicap-et-heberger-les-victimes-de-violence-domestique\/\" \/>\n<meta property=\"og:site_name\" content=\"\u00c9glise Adventiste Du Septieme Jour - Inter Am\u00e9rique Division\" \/>\n<meta property=\"article:published_time\" content=\"2024-05-08T18:09:21+00:00\" \/>\n<meta property=\"article:modified_time\" content=\"2024-05-10T02:12:31+00:00\" \/>\n<meta property=\"og:image\" content=\"https:\/\/interamerica.org\/wp-content\/uploads\/2024\/05\/png-possibilities-dsc-0256.jpeg\" \/>\n\t<meta property=\"og:image:width\" content=\"1000\" \/>\n\t<meta property=\"og:image:height\" content=\"667\" \/>\n\t<meta property=\"og:image:type\" content=\"image\/jpeg\" \/>\n<meta name=\"author\" content=\"libna\" \/>\n<meta name=\"twitter:card\" content=\"summary_large_image\" \/>\n<meta name=\"twitter:label1\" content=\"\u00c9crit par\" \/>\n\t<meta name=\"twitter:data1\" content=\"libna\" \/>\n\t<meta name=\"twitter:label2\" content=\"Dur\u00e9e de lecture estim\u00e9e\" \/>\n\t<meta name=\"twitter:data2\" content=\"5 minutes\" \/>\n<script type=\"application\/ld+json\" class=\"yoast-schema-graph\">{\"@context\":\"https:\\\/\\\/schema.org\",\"@graph\":[{\"@type\":\"Article\",\"@id\":\"https:\\\/\\\/interamerica.org\\\/fr\\\/2024\\\/05\\\/aider-les-personnes-en-situation-de-handicap-et-heberger-les-victimes-de-violence-domestique\\\/#article\",\"isPartOf\":{\"@id\":\"https:\\\/\\\/interamerica.org\\\/fr\\\/2024\\\/05\\\/aider-les-personnes-en-situation-de-handicap-et-heberger-les-victimes-de-violence-domestique\\\/\"},\"author\":{\"name\":\"libna\",\"@id\":\"https:\\\/\\\/interamerica.org\\\/fr\\\/#\\\/schema\\\/person\\\/29998f2bc2d8bd0d38662909289b54f1\"},\"headline\":\"Aider les personnes en situation de handicap et h\u00e9berger les victimes de violence domestique\",\"datePublished\":\"2024-05-08T18:09:21+00:00\",\"dateModified\":\"2024-05-10T02:12:31+00:00\",\"mainEntityOfPage\":{\"@id\":\"https:\\\/\\\/interamerica.org\\\/fr\\\/2024\\\/05\\\/aider-les-personnes-en-situation-de-handicap-et-heberger-les-victimes-de-violence-domestique\\\/\"},\"wordCount\":836,\"image\":{\"@id\":\"https:\\\/\\\/interamerica.org\\\/fr\\\/2024\\\/05\\\/aider-les-personnes-en-situation-de-handicap-et-heberger-les-victimes-de-violence-domestique\\\/#primaryimage\"},\"thumbnailUrl\":\"https:\\\/\\\/interamerica.org\\\/wp-content\\\/uploads\\\/2024\\\/05\\\/png-possibilities-dsc-0256.jpeg\",\"articleSection\":[\"Nouvelles de l'\u00c9glise mondiale\",\"RSS Fran\u00e7ais\"],\"inLanguage\":\"fr-FR\"},{\"@type\":\"WebPage\",\"@id\":\"https:\\\/\\\/interamerica.org\\\/fr\\\/2024\\\/05\\\/aider-les-personnes-en-situation-de-handicap-et-heberger-les-victimes-de-violence-domestique\\\/\",\"url\":\"https:\\\/\\\/interamerica.org\\\/fr\\\/2024\\\/05\\\/aider-les-personnes-en-situation-de-handicap-et-heberger-les-victimes-de-violence-domestique\\\/\",\"name\":\"Aider les personnes en situation de handicap et h\u00e9berger les victimes de violence domestique - \u00c9glise Adventiste Du Septieme Jour - Inter Am\u00e9rique Division\",\"isPartOf\":{\"@id\":\"https:\\\/\\\/interamerica.org\\\/fr\\\/#website\"},\"primaryImageOfPage\":{\"@id\":\"https:\\\/\\\/interamerica.org\\\/fr\\\/2024\\\/05\\\/aider-les-personnes-en-situation-de-handicap-et-heberger-les-victimes-de-violence-domestique\\\/#primaryimage\"},\"image\":{\"@id\":\"https:\\\/\\\/interamerica.org\\\/fr\\\/2024\\\/05\\\/aider-les-personnes-en-situation-de-handicap-et-heberger-les-victimes-de-violence-domestique\\\/#primaryimage\"},\"thumbnailUrl\":\"https:\\\/\\\/interamerica.org\\\/wp-content\\\/uploads\\\/2024\\\/05\\\/png-possibilities-dsc-0256.jpeg\",\"datePublished\":\"2024-05-08T18:09:21+00:00\",\"dateModified\":\"2024-05-10T02:12:31+00:00\",\"author\":{\"@id\":\"https:\\\/\\\/interamerica.org\\\/fr\\\/#\\\/schema\\\/person\\\/29998f2bc2d8bd0d38662909289b54f1\"},\"breadcrumb\":{\"@id\":\"https:\\\/\\\/interamerica.org\\\/fr\\\/2024\\\/05\\\/aider-les-personnes-en-situation-de-handicap-et-heberger-les-victimes-de-violence-domestique\\\/#breadcrumb\"},\"inLanguage\":\"fr-FR\",\"potentialAction\":[{\"@type\":\"ReadAction\",\"target\":[\"https:\\\/\\\/interamerica.org\\\/fr\\\/2024\\\/05\\\/aider-les-personnes-en-situation-de-handicap-et-heberger-les-victimes-de-violence-domestique\\\/\"]}]},{\"@type\":\"ImageObject\",\"inLanguage\":\"fr-FR\",\"@id\":\"https:\\\/\\\/interamerica.org\\\/fr\\\/2024\\\/05\\\/aider-les-personnes-en-situation-de-handicap-et-heberger-les-victimes-de-violence-domestique\\\/#primaryimage\",\"url\":\"https:\\\/\\\/interamerica.org\\\/wp-content\\\/uploads\\\/2024\\\/05\\\/png-possibilities-dsc-0256.jpeg\",\"contentUrl\":\"https:\\\/\\\/interamerica.org\\\/wp-content\\\/uploads\\\/2024\\\/05\\\/png-possibilities-dsc-0256.jpeg\",\"width\":1000,\"height\":667,\"caption\":\"All seats are filled by the time Sabbath School starts at the recently remodeled Hagen Park Seventh-day Adventist Church in Mount Hagen, Western Highlands, Papua New Guinea, on May 4. [Photo: Marcos Paseggi, Adventist Review]\"},{\"@type\":\"BreadcrumbList\",\"@id\":\"https:\\\/\\\/interamerica.org\\\/fr\\\/2024\\\/05\\\/aider-les-personnes-en-situation-de-handicap-et-heberger-les-victimes-de-violence-domestique\\\/#breadcrumb\",\"itemListElement\":[{\"@type\":\"ListItem\",\"position\":1,\"name\":\"Home\",\"item\":\"https:\\\/\\\/interamerica.org\\\/fr\\\/\"},{\"@type\":\"ListItem\",\"position\":2,\"name\":\"Aider les personnes en situation de handicap et h\u00e9berger les victimes de violence domestique\"}]},{\"@type\":\"WebSite\",\"@id\":\"https:\\\/\\\/interamerica.org\\\/fr\\\/#website\",\"url\":\"https:\\\/\\\/interamerica.org\\\/fr\\\/\",\"name\":\"\u00c9glise Adventiste Du Septieme Jour - Inter Am\u00e9rique Division\",\"description\":\"\",\"potentialAction\":[{\"@type\":\"SearchAction\",\"target\":{\"@type\":\"EntryPoint\",\"urlTemplate\":\"https:\\\/\\\/interamerica.org\\\/fr\\\/?s={search_term_string}\"},\"query-input\":{\"@type\":\"PropertyValueSpecification\",\"valueRequired\":true,\"valueName\":\"search_term_string\"}}],\"inLanguage\":\"fr-FR\"},{\"@type\":\"Person\",\"@id\":\"https:\\\/\\\/interamerica.org\\\/fr\\\/#\\\/schema\\\/person\\\/29998f2bc2d8bd0d38662909289b54f1\",\"name\":\"libna\",\"image\":{\"@type\":\"ImageObject\",\"inLanguage\":\"fr-FR\",\"@id\":\"https:\\\/\\\/secure.gravatar.com\\\/avatar\\\/7c5bd30ae4b47a9ba3c856590957fd1d96dc588bf3ac05719d247e126840331f?s=96&d=mm&r=g\",\"url\":\"https:\\\/\\\/secure.gravatar.com\\\/avatar\\\/7c5bd30ae4b47a9ba3c856590957fd1d96dc588bf3ac05719d247e126840331f?s=96&d=mm&r=g\",\"contentUrl\":\"https:\\\/\\\/secure.gravatar.com\\\/avatar\\\/7c5bd30ae4b47a9ba3c856590957fd1d96dc588bf3ac05719d247e126840331f?s=96&d=mm&r=g\",\"caption\":\"libna\"}}]}<\/script>\n<!-- \/ Yoast SEO plugin. -->","yoast_head_json":{"title":"Aider les personnes en situation de handicap et h\u00e9berger les victimes de violence domestique - \u00c9glise Adventiste Du Septieme Jour - Inter Am\u00e9rique Division","robots":{"index":"index","follow":"follow","max-snippet":"max-snippet:-1","max-image-preview":"max-image-preview:large","max-video-preview":"max-video-preview:-1"},"canonical":"https:\/\/interamerica.org\/fr\/2024\/05\/aider-les-personnes-en-situation-de-handicap-et-heberger-les-victimes-de-violence-domestique\/","og_locale":"fr_FR","og_type":"article","og_title":"Aider les personnes en situation de handicap et h\u00e9berger les victimes de violence domestique - \u00c9glise Adventiste Du Septieme Jour - Inter Am\u00e9rique Division","og_description":"L\u2019\u00e9glise de Hagen Park en Papouasie-Nouvelle-Guin\u00e9e connait une croissance interne et externe. 8 Mai 2024 | Papouasie-Nouvelle-Guin\u00e9e | Marcos Paseggi, Adventist Review Les membres d\u2019\u00e9glise peuvent avoir diverses motivations pour...","og_url":"https:\/\/interamerica.org\/fr\/2024\/05\/aider-les-personnes-en-situation-de-handicap-et-heberger-les-victimes-de-violence-domestique\/","og_site_name":"\u00c9glise Adventiste Du Septieme Jour - Inter Am\u00e9rique Division","article_published_time":"2024-05-08T18:09:21+00:00","article_modified_time":"2024-05-10T02:12:31+00:00","og_image":[{"width":1000,"height":667,"url":"https:\/\/interamerica.org\/wp-content\/uploads\/2024\/05\/png-possibilities-dsc-0256.jpeg","type":"image\/jpeg"}],"author":"libna","twitter_card":"summary_large_image","twitter_misc":{"\u00c9crit par":"libna","Dur\u00e9e de lecture estim\u00e9e":"5 minutes"},"schema":{"@context":"https:\/\/schema.org","@graph":[{"@type":"Article","@id":"https:\/\/interamerica.org\/fr\/2024\/05\/aider-les-personnes-en-situation-de-handicap-et-heberger-les-victimes-de-violence-domestique\/#article","isPartOf":{"@id":"https:\/\/interamerica.org\/fr\/2024\/05\/aider-les-personnes-en-situation-de-handicap-et-heberger-les-victimes-de-violence-domestique\/"},"author":{"name":"libna","@id":"https:\/\/interamerica.org\/fr\/#\/schema\/person\/29998f2bc2d8bd0d38662909289b54f1"},"headline":"Aider les personnes en situation de handicap et h\u00e9berger les victimes de violence domestique","datePublished":"2024-05-08T18:09:21+00:00","dateModified":"2024-05-10T02:12:31+00:00","mainEntityOfPage":{"@id":"https:\/\/interamerica.org\/fr\/2024\/05\/aider-les-personnes-en-situation-de-handicap-et-heberger-les-victimes-de-violence-domestique\/"},"wordCount":836,"image":{"@id":"https:\/\/interamerica.org\/fr\/2024\/05\/aider-les-personnes-en-situation-de-handicap-et-heberger-les-victimes-de-violence-domestique\/#primaryimage"},"thumbnailUrl":"https:\/\/interamerica.org\/wp-content\/uploads\/2024\/05\/png-possibilities-dsc-0256.jpeg","articleSection":["Nouvelles de l'\u00c9glise mondiale","RSS Fran\u00e7ais"],"inLanguage":"fr-FR"},{"@type":"WebPage","@id":"https:\/\/interamerica.org\/fr\/2024\/05\/aider-les-personnes-en-situation-de-handicap-et-heberger-les-victimes-de-violence-domestique\/","url":"https:\/\/interamerica.org\/fr\/2024\/05\/aider-les-personnes-en-situation-de-handicap-et-heberger-les-victimes-de-violence-domestique\/","name":"Aider les personnes en situation de handicap et h\u00e9berger les victimes de violence domestique - \u00c9glise Adventiste Du Septieme Jour - Inter Am\u00e9rique Division","isPartOf":{"@id":"https:\/\/interamerica.org\/fr\/#website"},"primaryImageOfPage":{"@id":"https:\/\/interamerica.org\/fr\/2024\/05\/aider-les-personnes-en-situation-de-handicap-et-heberger-les-victimes-de-violence-domestique\/#primaryimage"},"image":{"@id":"https:\/\/interamerica.org\/fr\/2024\/05\/aider-les-personnes-en-situation-de-handicap-et-heberger-les-victimes-de-violence-domestique\/#primaryimage"},"thumbnailUrl":"https:\/\/interamerica.org\/wp-content\/uploads\/2024\/05\/png-possibilities-dsc-0256.jpeg","datePublished":"2024-05-08T18:09:21+00:00","dateModified":"2024-05-10T02:12:31+00:00","author":{"@id":"https:\/\/interamerica.org\/fr\/#\/schema\/person\/29998f2bc2d8bd0d38662909289b54f1"},"breadcrumb":{"@id":"https:\/\/interamerica.org\/fr\/2024\/05\/aider-les-personnes-en-situation-de-handicap-et-heberger-les-victimes-de-violence-domestique\/#breadcrumb"},"inLanguage":"fr-FR","potentialAction":[{"@type":"ReadAction","target":["https:\/\/interamerica.org\/fr\/2024\/05\/aider-les-personnes-en-situation-de-handicap-et-heberger-les-victimes-de-violence-domestique\/"]}]},{"@type":"ImageObject","inLanguage":"fr-FR","@id":"https:\/\/interamerica.org\/fr\/2024\/05\/aider-les-personnes-en-situation-de-handicap-et-heberger-les-victimes-de-violence-domestique\/#primaryimage","url":"https:\/\/interamerica.org\/wp-content\/uploads\/2024\/05\/png-possibilities-dsc-0256.jpeg","contentUrl":"https:\/\/interamerica.org\/wp-content\/uploads\/2024\/05\/png-possibilities-dsc-0256.jpeg","width":1000,"height":667,"caption":"All seats are filled by the time Sabbath School starts at the recently remodeled Hagen Park Seventh-day Adventist Church in Mount Hagen, Western Highlands, Papua New Guinea, on May 4. [Photo: Marcos Paseggi, Adventist Review]"},{"@type":"BreadcrumbList","@id":"https:\/\/interamerica.org\/fr\/2024\/05\/aider-les-personnes-en-situation-de-handicap-et-heberger-les-victimes-de-violence-domestique\/#breadcrumb","itemListElement":[{"@type":"ListItem","position":1,"name":"Home","item":"https:\/\/interamerica.org\/fr\/"},{"@type":"ListItem","position":2,"name":"Aider les personnes en situation de handicap et h\u00e9berger les victimes de violence domestique"}]},{"@type":"WebSite","@id":"https:\/\/interamerica.org\/fr\/#website","url":"https:\/\/interamerica.org\/fr\/","name":"\u00c9glise Adventiste Du Septieme Jour - Inter Am\u00e9rique Division","description":"","potentialAction":[{"@type":"SearchAction","target":{"@type":"EntryPoint","urlTemplate":"https:\/\/interamerica.org\/fr\/?s={search_term_string}"},"query-input":{"@type":"PropertyValueSpecification","valueRequired":true,"valueName":"search_term_string"}}],"inLanguage":"fr-FR"},{"@type":"Person","@id":"https:\/\/interamerica.org\/fr\/#\/schema\/person\/29998f2bc2d8bd0d38662909289b54f1","name":"libna","image":{"@type":"ImageObject","inLanguage":"fr-FR","@id":"https:\/\/secure.gravatar.com\/avatar\/7c5bd30ae4b47a9ba3c856590957fd1d96dc588bf3ac05719d247e126840331f?s=96&d=mm&r=g","url":"https:\/\/secure.gravatar.com\/avatar\/7c5bd30ae4b47a9ba3c856590957fd1d96dc588bf3ac05719d247e126840331f?s=96&d=mm&r=g","contentUrl":"https:\/\/secure.gravatar.com\/avatar\/7c5bd30ae4b47a9ba3c856590957fd1d96dc588bf3ac05719d247e126840331f?s=96&d=mm&r=g","caption":"libna"}}]}},"_links":{"self":[{"href":"https:\/\/interamerica.org\/fr\/wp-json\/wp\/v2\/posts\/114510","targetHints":{"allow":["GET"]}}],"collection":[{"href":"https:\/\/interamerica.org\/fr\/wp-json\/wp\/v2\/posts"}],"about":[{"href":"https:\/\/interamerica.org\/fr\/wp-json\/wp\/v2\/types\/post"}],"author":[{"embeddable":true,"href":"https:\/\/interamerica.org\/fr\/wp-json\/wp\/v2\/users\/3"}],"replies":[{"embeddable":true,"href":"https:\/\/interamerica.org\/fr\/wp-json\/wp\/v2\/comments?post=114510"}],"version-history":[{"count":0,"href":"https:\/\/interamerica.org\/fr\/wp-json\/wp\/v2\/posts\/114510\/revisions"}],"wp:featuredmedia":[{"embeddable":true,"href":"https:\/\/interamerica.org\/fr\/wp-json\/wp\/v2\/media\/114487"}],"wp:attachment":[{"href":"https:\/\/interamerica.org\/fr\/wp-json\/wp\/v2\/media?parent=114510"}],"wp:term":[{"taxonomy":"category","embeddable":true,"href":"https:\/\/interamerica.org\/fr\/wp-json\/wp\/v2\/categories?post=114510"},{"taxonomy":"post_tag","embeddable":true,"href":"https:\/\/interamerica.org\/fr\/wp-json\/wp\/v2\/tags?post=114510"}],"curies":[{"name":"wp","href":"https:\/\/api.w.org\/{rel}","templated":true}]}}