{"id":114876,"date":"2024-05-14T16:29:28","date_gmt":"2024-05-14T20:29:28","guid":{"rendered":"https:\/\/interamerica.org\/?p=114876"},"modified":"2024-05-15T21:01:30","modified_gmt":"2024-05-16T01:01:30","slug":"les-dirigeants-adventistes-en-inter-amerique-sengagent-a-combiner-leurs-efforts-pour-developper-la-mission","status":"publish","type":"post","link":"https:\/\/interamerica.org\/fr\/2024\/05\/les-dirigeants-adventistes-en-inter-amerique-sengagent-a-combiner-leurs-efforts-pour-developper-la-mission\/","title":{"rendered":"Les dirigeants adventistes en Inter Am\u00e9rique s\u2019engagent \u00e0 combiner leurs efforts pour d\u00e9velopper la mission"},"content":{"rendered":"<p><div id=\"attachment_114843\" style=\"width: 886px\" class=\"wp-caption aligncenter\"><img fetchpriority=\"high\" decoding=\"async\" aria-describedby=\"caption-attachment-114843\" class=\" wp-image-114842\" src=\"https:\/\/interamerica.org\/wp-content\/uploads\/2024\/05\/mym24-iad-admins.jpg\" alt=\"\" width=\"876\" height=\"584\" srcset=\"https:\/\/interamerica.org\/wp-content\/uploads\/2024\/05\/mym24-iad-admins.jpg 1000w, https:\/\/interamerica.org\/wp-content\/uploads\/2024\/05\/mym24-iad-admins-300x200.jpg 300w, https:\/\/interamerica.org\/wp-content\/uploads\/2024\/05\/mym24-iad-admins-768x512.jpg 768w\" sizes=\"(max-width: 876px) 100vw, 876px\" \/><p id=\"caption-attachment-114843\" class=\"wp-caption-text\">Pasteur Elie Henry (au centre), pr\u00e9sident de la Division Inter Am\u00e9ricaine, dirige les rencontres de Milieu d\u2019Ann\u00e9e du Comit\u00e9 ex\u00e9cutif \u00e0 c\u00f4t\u00e9 d\u2019Ivelisse Herrera (\u00e0 gauche), tr\u00e9sori\u00e8re, et du pasteur Leonard Johnson (\u00e0 droite), secr\u00e9taire ex\u00e9cutif, le 7 mai 2024, \u00e0 Miami, en Floride, aux \u00c9tats-Unis. [Photo : Libna Stevens\/DIA]<\/p><\/div><em>Les membres du comit\u00e9 ex\u00e9cutif votent les plans, les initiatives et les activit\u00e9s \u00e0 venir pour les 24 unions.<\/em><\/p>\n<p>14 Mai 2024 | Miami, Floride, \u00c9tats-Unis | Libna Stevens, Actualit\u00e9s de la Division Inter Am\u00e9ricaine<\/p>\n<p>\u00ab Nous sommes ici parce que nous voulons achever la mission que Dieu nous a confi\u00e9e en tant qu\u2019\u00e9glise et nous nous engageons ensemble \u00e0 retrouver l\u2019esprit de la mission \u00e0 propos duquel l\u2019Inter Am\u00e9rique a toujours \u00e9t\u00e9 passionn\u00e9e et pour lequel l\u2019Inter Am\u00e9rique est connue, \u00bb a d\u00e9clar\u00e9 pasteur Elie Henry, pr\u00e9sident de la Division Inter Am\u00e9ricaine (DIA), alors qu\u2019il s\u2019adressait \u00e0 plus de 160 administrateurs et dirigeants d\u2019\u00e9glise lors de la derni\u00e8re journ\u00e9e des rencontres administratives annuelles la semaine derni\u00e8re.<\/p>\n<p>\u00ab Il s\u2019agit avant tout de la mission et nous voulons continuer \u00e0 mobiliser la famille de Dieu sur tout le territoire, en inspirant \u00e0 s\u2019engager dans la mission, avec des programmes et des activit\u00e9s contribuant \u00e0 propager davantage l\u2019\u00e9vangile et \u00e0 atteindre encore plus de personnes pour le royaume des cieux, \u00bb a d\u00e9clar\u00e9 pasteur Henry. Pasteur Henry a remerci\u00e9 son \u00e9quipe de la DIA et les administrateurs d\u2019union pour leur d\u00e9vouement et leur engagement inestimables dans l\u2019\u00e9laboration et la mise en \u0153uvre de strat\u00e9gies, d\u2019initiatives et d\u2019activit\u00e9s \u00e0 cette fin. \u00ab Tout ce que nous voulons, c\u2019est continuer \u00e0 avancer ensemble dans la mission et ne pas \u00eatre une pierre d\u2019achoppement pour vos programmes et activit\u00e9s au niveau local, \u00bb a-t-il d\u00e9clar\u00e9.<\/p>\n<p><div id=\"attachment_114846\" style=\"width: 867px\" class=\"wp-caption aligncenter\"><img decoding=\"async\" aria-describedby=\"caption-attachment-114846\" class=\" wp-image-114845\" src=\"https:\/\/interamerica.org\/wp-content\/uploads\/2024\/05\/elie-henry-mym24.jpg\" alt=\"\" width=\"857\" height=\"570\" srcset=\"https:\/\/interamerica.org\/wp-content\/uploads\/2024\/05\/elie-henry-mym24.jpg 1000w, https:\/\/interamerica.org\/wp-content\/uploads\/2024\/05\/elie-henry-mym24-300x200.jpg 300w, https:\/\/interamerica.org\/wp-content\/uploads\/2024\/05\/elie-henry-mym24-768x511.jpg 768w\" sizes=\"(max-width: 857px) 100vw, 857px\" \/><p id=\"caption-attachment-114846\" class=\"wp-caption-text\">Le 7 mai 2024, le pr\u00e9sident de la DIA, pasteur Elie Henry, invite les membres du comit\u00e9 ex\u00e9cutif \u00e0 continuer de redoubler d\u2019efforts pour accomplir la mission \u00e0 travers le territoire. [Photo : Keila Trejo\/DIA]<\/p><\/div><strong>Maintenir l\u2019\u00e9lan missionnaire<\/strong><\/p>\n<p>La responsabilit\u00e9 de maintenir l\u2019\u00e9lan missionnaire repose sur les \u00e9paules des membres du comit\u00e9 ex\u00e9cutif et sur celles des milliers et des milliers de dirigeants et de membres d\u2019\u00e9glise actifs qui sont d\u00e9termin\u00e9s \u00e0 proclamer l\u2019\u00e9vangile sans rel\u00e2che chaque jour, chaque semaine et chaque mois, ont d\u00e9clar\u00e9 les administrateurs de la DIA.<\/p>\n<p>Le temps est venu de continuer \u00e0 travailler ensemble et de donner collectivement en tant que division pour faire avancer l\u2019\u0153uvre, a d\u00e9clar\u00e9 pasteur Henry en faisant r\u00e9f\u00e9rence au tr\u00e9sorier de la Conf\u00e9rence G\u00e9n\u00e9rale, Paul Douglas, qui a appel\u00e9 \u00e0 unir nos efforts non pas dans un seul projet, ou dans une r\u00e9gion particuli\u00e8re, mais dans l\u2019unit\u00e9 avec l\u2019\u00c9glise adventiste mondiale pour r\u00e9unir des ressources afin de d\u00e9velopper la mission.<\/p>\n<p>\u00ab Les initiatives \u2018Toute la Famille en Mission\u2019 doivent continuer \u00e0 \u00eatre suivies sur l\u2019ensemble du territoire avec ses initiatives conjointes globales visant \u00e0 propager l\u2019\u00e9vangile du Christ, en continuant \u00e0 mobiliser les membres dans toute la Division Inter Am\u00e9ricaine, \u00bb a d\u00e9clar\u00e9 pasteur Henry. \u00ab Nous pouvons d\u00e9passer la barre des 4 millions de membres avec l\u2019aide du Saint-Esprit. \u00bb<\/p>\n<p><div id=\"attachment_114861\" style=\"width: 860px\" class=\"wp-caption aligncenter\"><img decoding=\"async\" aria-describedby=\"caption-attachment-114861\" class=\" wp-image-114860\" src=\"https:\/\/interamerica.org\/wp-content\/uploads\/2024\/05\/mym24-exec-meetings.jpg\" alt=\"\" width=\"850\" height=\"567\" srcset=\"https:\/\/interamerica.org\/wp-content\/uploads\/2024\/05\/mym24-exec-meetings.jpg 1000w, https:\/\/interamerica.org\/wp-content\/uploads\/2024\/05\/mym24-exec-meetings-300x200.jpg 300w, https:\/\/interamerica.org\/wp-content\/uploads\/2024\/05\/mym24-exec-meetings-768x512.jpg 768w\" sizes=\"(max-width: 850px) 100vw, 850px\" \/><p id=\"caption-attachment-114861\" class=\"wp-caption-text\">Le 7 mai 2024, les membres du comit\u00e9 ex\u00e9cutif \u00e9coutent lors de la deuxi\u00e8me journ\u00e9e des rencontres administratives qui se sont tenues \u00e0 Miami, en Floride, aux \u00c9tats-Unis. [Photo : Keila Trejo\/DIA]<\/p><\/div><strong>Initiatives d\u2019Implication Totale des Membres<\/strong><\/p>\n<p>Les rencontres de milieu d\u2019ann\u00e9e du comit\u00e9 ex\u00e9cutif de l\u2019\u00c9glise adventiste du septi\u00e8me jour qui ont eu lieu \u00e0 Miami, en Floride, aux \u00c9tats-Unis, les 6 et 7 mai 2024, ont \u00e9t\u00e9 l\u2019occasion pour les dirigeants de la DIA d\u2019examiner et d\u2019approuver des strat\u00e9gies qui mettent l\u2019accent sur les initiatives missionnaires pour une plus grande implication des membres d\u2019\u00e9glise dans les efforts d\u2019\u00e9vang\u00e9lisation conjoints.<\/p>\n<p>Les directeurs de d\u00e9partements et de minist\u00e8res de la DIA ont pr\u00e9sent\u00e9 les initiatives missionnaires en cours qui se d\u00e9roulent sur tout le territoire depuis l\u2019ann\u00e9e derni\u00e8re et celles qui sont programm\u00e9es et qui s\u2019alignent sur les initiatives missionnaires I Will Go (J\u2019Irai) pour le reste de l\u2019ann\u00e9e ainsi qu\u2019en 2025. Celles-ci incluent des programmes de formation de disciples dans les \u00e9glises et les groupes, des initiatives d\u2019impact communautaire, ainsi que des efforts d\u2019\u00e9vang\u00e9lisation, et bien plus encore.<\/p>\n<p>Les dirigeants ont vot\u00e9 de poursuivre l\u2019initiative \u00ab Toute la Famille en Mission \u00bb jusqu\u2019en 2025, en attendant la contribution suppl\u00e9mentaire des administrateurs d\u2019union pour continuer \u00e0 d\u00e9velopper l\u2019initiative et les plans strat\u00e9giques pour les ann\u00e9es \u00e0 venir.<\/p>\n<p><div id=\"attachment_114849\" style=\"width: 875px\" class=\"wp-caption aligncenter\"><img loading=\"lazy\" decoding=\"async\" aria-describedby=\"caption-attachment-114849\" class=\" wp-image-114848\" src=\"https:\/\/interamerica.org\/wp-content\/uploads\/2024\/05\/mym24-dept-leaders.jpg\" alt=\"\" width=\"865\" height=\"577\" srcset=\"https:\/\/interamerica.org\/wp-content\/uploads\/2024\/05\/mym24-dept-leaders.jpg 1000w, https:\/\/interamerica.org\/wp-content\/uploads\/2024\/05\/mym24-dept-leaders-300x200.jpg 300w, https:\/\/interamerica.org\/wp-content\/uploads\/2024\/05\/mym24-dept-leaders-768x512.jpg 768w\" sizes=\"(max-width: 865px) 100vw, 865px\" \/><p id=\"caption-attachment-114849\" class=\"wp-caption-text\">Les directeurs de d\u00e9partement de la DIA se suivent sur la plateforme pour parler des initiatives missionnaires en cours qu\u2019ils m\u00e8nent depuis 2023 en soutien au plan strat\u00e9gique vot\u00e9 pour le quinquennat 2020-2025. [Photo : Keila Trejo\/DIA]<\/p><\/div>\u00ab L\u2019orientation missionnaire qu\u2019on a pu observer ici lors des r\u00e9unions a touch\u00e9 mon c\u0153ur d\u2019une mani\u00e8re tr\u00e8s sp\u00e9ciale, \u00bb a d\u00e9clar\u00e9 le pasteur Ignacio Navarro, pr\u00e9sident de l&rsquo;Union Mexicaine du Chiapas. \u00ab J\u2019ai vu avec joie comment le secr\u00e9taire ex\u00e9cutif a pr\u00e9sent\u00e9 son rapport avec une telle emphase missionnaire intentionnelle, j\u2019ai not\u00e9 que le rapport de tr\u00e9sorerie avait une orientation missionnaire claire et j\u2019ai vu plus de responsables de d\u00e9partement que je n\u2019en ai jamais vu aux c\u00f4t\u00e9s du pasteur Elie Henry pour ce qu\u2019il a \u00e0 c\u0153ur en termes de mission pour chaque union. Je loue Dieu pour ce qui se fait ici et je vois que nous contemplons une nouvelle \u00e8re pour la mission \u00e0 tous les niveaux dans le territoire, \u00bb a dit pasteur Navarro.<\/p>\n<p>\u00ab En mon nom et en celui de l\u2019administration du Chiapas, nous resterons fid\u00e8les aussi \u00e9troitement que possible aux programmes de mission [de la DIA] dans le contexte du territoire. \u00bb Pasteur Navarro a ensuite poursuivi en f\u00e9licitant la direction du comit\u00e9 ex\u00e9cutif pour sa richesse cr\u00e9ative et son exp\u00e9rience et a appel\u00e9 les administrateurs de la DIA \u00e0 trouver davantage d\u2019espaces o\u00f9 les membres du comit\u00e9 ex\u00e9cutif pourront dialoguer ensemble en synergie lors des prochaines r\u00e9unions de planification strat\u00e9gique.<\/p>\n<p>\u00ab Le Chiapas s\u2019est distingu\u00e9 en tant que territoire missionnaire, mais nous voulons redoubler d\u2019efforts pour la mission, \u00bb a dit pasteur Navarro.<\/p>\n<p><div id=\"attachment_114855\" style=\"width: 841px\" class=\"wp-caption aligncenter\"><img loading=\"lazy\" decoding=\"async\" aria-describedby=\"caption-attachment-114855\" class=\" wp-image-114854\" src=\"https:\/\/interamerica.org\/wp-content\/uploads\/2024\/05\/mym24-ignacio-navarro.jpg\" alt=\"\" width=\"831\" height=\"512\" srcset=\"https:\/\/interamerica.org\/wp-content\/uploads\/2024\/05\/mym24-ignacio-navarro.jpg 951w, https:\/\/interamerica.org\/wp-content\/uploads\/2024\/05\/mym24-ignacio-navarro-300x185.jpg 300w, https:\/\/interamerica.org\/wp-content\/uploads\/2024\/05\/mym24-ignacio-navarro-768x473.jpg 768w\" sizes=\"(max-width: 831px) 100vw, 831px\" \/><p id=\"caption-attachment-114855\" class=\"wp-caption-text\">Le pasteur Ignacio Navarro, pr\u00e9sident de l\u2019Union Mexicaine du Chiapas, partage ses impressions positives sur les initiatives missionnaires discut\u00e9es lors de la deuxi\u00e8me journ\u00e9e de rencontres administratives le 7 mai 2024. [Photo : Libna Stevens\/DIA]<\/p><\/div>Les membres du comit\u00e9 ont vot\u00e9 sur les rapports de la commission d\u2019enqu\u00eate dans le cadre de l\u2019organisation de la Mission de Los Bosques dans le Chiapas, qui deviendrait ainsi le 9\u00e8me champ local de l\u2019Union Mexicaine du Chiapas. Le nouveau champ s\u2019occupera d\u2019un vaste district de populations autochtones dans la partie nord de l\u2019\u00e9tat. De plus, la Mission de Los Tuxtlas dans l\u2019Union Mexicaine Inter Oc\u00e9anique passera au statut de f\u00e9d\u00e9ration. L\u2019union comprend d\u00e9sormais 11 f\u00e9d\u00e9rations.<\/p>\n<p><strong>Promouvoir les \u00c9critures et l\u2019Esprit de Proph\u00e9tie<\/strong><\/p>\n<p>Il a \u00e9t\u00e9 rappel\u00e9 aux dirigeants de l\u2019\u00c9glise de veiller \u00e0 ce que l\u2019\u00e9tude des \u00c9critures, des \u00e9crits de l\u2019Esprit de Proph\u00e9tie ainsi que des croyances fondamentales qui traitent du salut par la foi, du sanctuaire et de la seconde venue, se d\u00e9veloppe dans les \u00e9tablissements d\u2019enseignement, les \u00e9glises locales et partout.<\/p>\n<p>Des recommandations de la Conf\u00e9rence G\u00e9n\u00e9rale invitant \u00e0 organiser davantage de conf\u00e9rences bibliques et de conf\u00e9rences sur l\u2019Esprit de Proph\u00e9tie dans toutes les institutions des campus du S\u00e9minaire Th\u00e9ologique Adventiste Inter Am\u00e9ricain (SETAI), \u00e0 intensifier la promotion des initiatives de pri\u00e8re \u00ab Retour \u00e0 l\u2019Autel, \u00bb \u00e0 avoir de courts messages spirituels sur toutes les plateformes num\u00e9riques disponibles, et \u00e0 former davantage de pasteurs locaux pour qu\u2019ils obtiennent des dipl\u00f4mes de troisi\u00e8me cycle en th\u00e9ologie, et bien plus encore, ont \u00e9t\u00e9 vot\u00e9es par les membres du comit\u00e9.<\/p>\n<p><div id=\"attachment_114837\" style=\"width: 866px\" class=\"wp-caption aligncenter\"><img loading=\"lazy\" decoding=\"async\" aria-describedby=\"caption-attachment-114837\" class=\" wp-image-114836\" src=\"https:\/\/interamerica.org\/wp-content\/uploads\/2024\/05\/mym24-prayer.jpg\" alt=\"\" width=\"856\" height=\"571\" srcset=\"https:\/\/interamerica.org\/wp-content\/uploads\/2024\/05\/mym24-prayer.jpg 1000w, https:\/\/interamerica.org\/wp-content\/uploads\/2024\/05\/mym24-prayer-300x200.jpg 300w, https:\/\/interamerica.org\/wp-content\/uploads\/2024\/05\/mym24-prayer-768x512.jpg 768w\" sizes=\"(max-width: 856px) 100vw, 856px\" \/><p id=\"caption-attachment-114837\" class=\"wp-caption-text\">Les dirigeants de l\u2019\u00c9glise prient lors de l\u2019une des nombreuses s\u00e9ances de pri\u00e8re organis\u00e9es pendant les rencontres du comit\u00e9 ex\u00e9cutif les 6 et 7 mai 2024. [Photo : Libna Stevens\/DIA]<\/p><\/div>Le livre missionnaire de l\u2019ann\u00e9e prochaine Vivre avec Esp\u00e9rance de Marcello Niek et Bruno Raso, qui mettra en lumi\u00e8re sept cl\u00e9s pour am\u00e9liorer la sant\u00e9 mentale et l\u2019intelligence \u00e9motionnelle, sera distribu\u00e9 \u00e0 sept millions d\u2019exemplaires dans toute la DIA, ont vot\u00e9 les dirigeants.<\/p>\n<p>Les dirigeants de l\u2019\u00c9glise ont re\u00e7u les derni\u00e8res informations sur les prochaines formations pr\u00e9vues dans chaque territoire d\u2019union sur la nouvelle \u00c9cole Biblique Num\u00e9rique de l\u2019Esp\u00e9rance, qui remplace l\u2019\u00c9cole Biblique par Correspondance des ann\u00e9es pass\u00e9es, sur les articles toujours en attente pour l\u2019Encyclop\u00e9die des Adventistes du septi\u00e8me jour, ainsi que sur le nouveau terme \u00c9glises Missionnaires Urbaines dont l\u2019objectif est d\u2019atteindre les communaut\u00e9s urbaines et s\u00e9culi\u00e8res, l\u2019expression remplace celle d\u2019\u00ab \u00c9glises Amicales. \u00bb<\/p>\n<p>Les dirigeants ont pri\u00e9 pour les projets et les efforts d\u2019\u00e9vang\u00e9lisation \u00e0 venir et pour que l\u2019on se r\u00e9approprie l\u2019esprit de mission parmi les membres d\u2019\u00e9glise, en particulier dans les pays confront\u00e9s \u00e0 des difficult\u00e9s et \u00e0 des d\u00e9fis \u00e9conomiques sur tout le territoire de la DIA.<\/p>\n<p><div id=\"attachment_114840\" style=\"width: 923px\" class=\"wp-caption aligncenter\"><img loading=\"lazy\" decoding=\"async\" aria-describedby=\"caption-attachment-114840\" class=\" wp-image-114839\" src=\"https:\/\/interamerica.org\/wp-content\/uploads\/2024\/05\/mym24-xabisa-hamilton.jpg\" alt=\"\" width=\"913\" height=\"619\" srcset=\"https:\/\/interamerica.org\/wp-content\/uploads\/2024\/05\/mym24-xabisa-hamilton.jpg 1000w, https:\/\/interamerica.org\/wp-content\/uploads\/2024\/05\/mym24-xabisa-hamilton-300x203.jpg 300w, https:\/\/interamerica.org\/wp-content\/uploads\/2024\/05\/mym24-xabisa-hamilton-768x521.jpg 768w\" sizes=\"(max-width: 913px) 100vw, 913px\" \/><p id=\"caption-attachment-114840\" class=\"wp-caption-text\">Xabisa Hamilton, \u00e9tudiante en m\u00e9decine de vingt-trois ans, originaire du Guyana et repr\u00e9sentante la\u00efque des jeunes de l\u2019Union Carib\u00e9enne, a \u00e9t\u00e9 impressionn\u00e9e en voyant les dirigeants de l\u2019\u00e9glise voter des projets visant \u00e0 faire une diff\u00e9rence dans les \u00e9glises locales. [Photo : Libna Stevens\/DIA]<\/p><\/div><strong>Programmes et activit\u00e9s \u00e0 venir<\/strong><\/p>\n<p>Les dirigeants de l\u2019\u00c9glise ont \u00e9galement vot\u00e9 des amendements aux r\u00e8glements, ont re\u00e7u des informations sur les chiffres concernant les d\u00e9l\u00e9gations pour chaque union et sur la Session de la Conf\u00e9rence G\u00e9n\u00e9rale de 2025 qui se tiendra \u00e0 St. Louis, dans le Missouri, du 3 au 12 juillet, ainsi que sur les programmes et initiatives \u00e0 venir, comme indiqu\u00e9 ci-dessous :<\/p>\n<ul>\n<li>Conf\u00e9rence GAiN, du 10 au 14 juillet 2024, Chiang Mai, en Tha\u00eflande<\/li>\n<li>Conf\u00e9rence SeLD, du 22 au 25 juillet 2024<\/li>\n<li>Convention ASi Inter-Am\u00e9rique, du 14 au 18 ao\u00fbt 2024, au Panama<\/li>\n<li>Programmes de Toute la Famille en Mission\n<ul>\n<li>&#8211; C\u00e9l\u00e9bration baptismale, le 29 juin, en Guadeloupe, dans les Antilles Fran\u00e7aises<\/li>\n<li>&#8211; C\u00e9l\u00e9bration baptismale, le 28 septembre, en Jama\u00efque<\/li>\n<li>&#8211; Congr\u00e8s, le 9 novembre, \u00e0 Montemorelos, au Mexique<\/li>\n<\/ul>\n<\/li>\n<li>Retraites Pastorales de la DIA en septembre 2024\n<ul>\n<li>A Cancun, au Mexique, du 2 au 5 septembre 2024 pour 5 unions du Mexique, et les unions du Belize, les unions n\u00e9erlandaises et les unions du Sud de la Colombie.<\/li>\n<li>A Punta Cana, en R\u00e9publique Dominicaine, du 9 au 12 septembre, pour l\u2019Union de la Cara\u00efbe Atlantique, l\u2019Union Carib\u00e9enne, l\u2019Union de la Jama\u00efque, les unions de la R\u00e9publique Dominicaine, des Antilles Fran\u00e7aises, d\u2019Ha\u00efti et de Porto Rico.<\/li>\n<li>A San Salvador, au Salvador \u2013 du 16 au 19 septembre, pour les unions du Salvador, du Guatemala, du Honduras, du Panama et les unions centram\u00e9ricaines du Sud<\/li>\n<\/ul>\n<\/li>\n<li>Symposium sur l\u2019Esprit de Proph\u00e9tie, du 18 au 20 octobre, Universit\u00e9 du Nord de la Cara\u00efbe, en Jama\u00efque<\/li>\n<li>Retraite spirituelle du Minist\u00e8re des Possibilit\u00e9s, du 17 au 23 f\u00e9vrier 2025, \u00e0 Punta Cana, en R\u00e9publique Dominicaine<\/li>\n<li>Congr\u00e8s des Publications (territoire de la IADPA) du 23 au 26 mars 2025, au Panama<\/li>\n<li>Symposium sur l\u2019Esprit de Proph\u00e9tie, du 24 au 25 octobre 2025<\/li>\n<\/ul>\n<p><div id=\"attachment_114852\" style=\"width: 1034px\" class=\"wp-caption aligncenter\"><img loading=\"lazy\" decoding=\"async\" aria-describedby=\"caption-attachment-114852\" class=\"size-large wp-image-114851\" src=\"https:\/\/interamerica.org\/wp-content\/uploads\/2024\/05\/mym24-exec-group-photo-1024x333.jpg\" alt=\"\" width=\"1024\" height=\"333\" srcset=\"https:\/\/interamerica.org\/wp-content\/uploads\/2024\/05\/mym24-exec-group-photo-1024x333.jpg 1024w, https:\/\/interamerica.org\/wp-content\/uploads\/2024\/05\/mym24-exec-group-photo-300x98.jpg 300w, https:\/\/interamerica.org\/wp-content\/uploads\/2024\/05\/mym24-exec-group-photo-768x250.jpg 768w, https:\/\/interamerica.org\/wp-content\/uploads\/2024\/05\/mym24-exec-group-photo.jpg 1400w\" sizes=\"(max-width: 1024px) 100vw, 1024px\" \/><p id=\"caption-attachment-114852\" class=\"wp-caption-text\">Les membres du Comit\u00e9 Ex\u00e9cutif de milieu d\u2019ann\u00e9e rassembl\u00e9s pour une photo de groupe, \u00e0 l\u2019Auditorium Bender L. Archbold du si\u00e8ge de la DIA, le 7 mai 2024. [Photo : Libna Stevens\/DIA]<\/p><\/div>Les prochaines rencontres du comit\u00e9 ex\u00e9cutif de la Division Inter Am\u00e9ricaine auront lieu du 9 au 12 novembre 2024 \u00e0 Montemorelos, au Mexique.<\/p>\n<p>Pour en savoir plus sur les initiatives, les programmes et les activit\u00e9s de la Division Inter Am\u00e9ricaine, visitez-nous sur le site\u00a0<a href=\"https:\/\/interamerica.org\/\">interamerica.org<\/a>.<\/p>\n<p>&nbsp;<\/p>\n<p>Traduction: Patrick Luciathe<\/p>\n","protected":false},"excerpt":{"rendered":"<p>Les membres du comit\u00e9 ex\u00e9cutif votent les plans, les initiatives et les activit\u00e9s \u00e0 venir pour les 24 unions. 14 Mai 2024 | Miami, Floride, \u00c9tats-Unis | Libna Stevens, Actualit\u00e9s&#8230;<\/p>\n","protected":false},"author":3,"featured_media":114843,"comment_status":"closed","ping_status":"closed","sticky":false,"template":"","format":"standard","meta":{"_acf_changed":false,"footnotes":""},"categories":[20,19],"tags":[],"class_list":["post-114876","post","type-post","status-publish","format-standard","has-post-thumbnail","hentry","category-nouvelles-du-siege-de-la-division","category-rss-francais"],"acf":[],"yoast_head":"<!-- This site is optimized with the Yoast SEO plugin v27.3 - https:\/\/yoast.com\/product\/yoast-seo-wordpress\/ -->\n<title>Les dirigeants adventistes en Inter Am\u00e9rique s\u2019engagent \u00e0 combiner leurs efforts pour d\u00e9velopper la mission - \u00c9glise Adventiste Du Septieme Jour - Inter Am\u00e9rique Division<\/title>\n<meta name=\"robots\" content=\"index, follow, max-snippet:-1, max-image-preview:large, max-video-preview:-1\" \/>\n<link rel=\"canonical\" href=\"https:\/\/interamerica.org\/fr\/2024\/05\/les-dirigeants-adventistes-en-inter-amerique-sengagent-a-combiner-leurs-efforts-pour-developper-la-mission\/\" \/>\n<meta property=\"og:locale\" content=\"fr_FR\" \/>\n<meta property=\"og:type\" content=\"article\" \/>\n<meta property=\"og:title\" content=\"Les dirigeants adventistes en Inter Am\u00e9rique s\u2019engagent \u00e0 combiner leurs efforts pour d\u00e9velopper la mission - \u00c9glise Adventiste Du Septieme Jour - Inter Am\u00e9rique Division\" \/>\n<meta property=\"og:description\" content=\"Les membres du comit\u00e9 ex\u00e9cutif votent les plans, les initiatives et les activit\u00e9s \u00e0 venir pour les 24 unions. 14 Mai 2024 | Miami, Floride, \u00c9tats-Unis | Libna Stevens, Actualit\u00e9s...\" \/>\n<meta property=\"og:url\" content=\"https:\/\/interamerica.org\/fr\/2024\/05\/les-dirigeants-adventistes-en-inter-amerique-sengagent-a-combiner-leurs-efforts-pour-developper-la-mission\/\" \/>\n<meta property=\"og:site_name\" content=\"\u00c9glise Adventiste Du Septieme Jour - Inter Am\u00e9rique Division\" \/>\n<meta property=\"article:published_time\" content=\"2024-05-14T20:29:28+00:00\" \/>\n<meta property=\"article:modified_time\" content=\"2024-05-16T01:01:30+00:00\" \/>\n<meta property=\"og:image\" content=\"https:\/\/interamerica.org\/wp-content\/uploads\/2024\/05\/mym24-iad-admins.jpg\" \/>\n\t<meta property=\"og:image:width\" content=\"1000\" \/>\n\t<meta property=\"og:image:height\" content=\"667\" \/>\n\t<meta property=\"og:image:type\" content=\"image\/jpeg\" \/>\n<meta name=\"author\" content=\"libna\" \/>\n<meta name=\"twitter:card\" content=\"summary_large_image\" \/>\n<meta name=\"twitter:label1\" content=\"\u00c9crit par\" \/>\n\t<meta name=\"twitter:data1\" content=\"libna\" \/>\n\t<meta name=\"twitter:label2\" content=\"Dur\u00e9e de lecture estim\u00e9e\" \/>\n\t<meta name=\"twitter:data2\" content=\"10 minutes\" \/>\n<script type=\"application\/ld+json\" class=\"yoast-schema-graph\">{\"@context\":\"https:\\\/\\\/schema.org\",\"@graph\":[{\"@type\":\"Article\",\"@id\":\"https:\\\/\\\/interamerica.org\\\/fr\\\/2024\\\/05\\\/les-dirigeants-adventistes-en-inter-amerique-sengagent-a-combiner-leurs-efforts-pour-developper-la-mission\\\/#article\",\"isPartOf\":{\"@id\":\"https:\\\/\\\/interamerica.org\\\/fr\\\/2024\\\/05\\\/les-dirigeants-adventistes-en-inter-amerique-sengagent-a-combiner-leurs-efforts-pour-developper-la-mission\\\/\"},\"author\":{\"name\":\"libna\",\"@id\":\"https:\\\/\\\/interamerica.org\\\/fr\\\/#\\\/schema\\\/person\\\/29998f2bc2d8bd0d38662909289b54f1\"},\"headline\":\"Les dirigeants adventistes en Inter Am\u00e9rique s\u2019engagent \u00e0 combiner leurs efforts pour d\u00e9velopper la mission\",\"datePublished\":\"2024-05-14T20:29:28+00:00\",\"dateModified\":\"2024-05-16T01:01:30+00:00\",\"mainEntityOfPage\":{\"@id\":\"https:\\\/\\\/interamerica.org\\\/fr\\\/2024\\\/05\\\/les-dirigeants-adventistes-en-inter-amerique-sengagent-a-combiner-leurs-efforts-pour-developper-la-mission\\\/\"},\"wordCount\":2123,\"image\":{\"@id\":\"https:\\\/\\\/interamerica.org\\\/fr\\\/2024\\\/05\\\/les-dirigeants-adventistes-en-inter-amerique-sengagent-a-combiner-leurs-efforts-pour-developper-la-mission\\\/#primaryimage\"},\"thumbnailUrl\":\"https:\\\/\\\/interamerica.org\\\/wp-content\\\/uploads\\\/2024\\\/05\\\/mym24-iad-admins.jpg\",\"articleSection\":[\"Nouvelles du si\u00e8ge de la division\",\"RSS Fran\u00e7ais\"],\"inLanguage\":\"fr-FR\"},{\"@type\":\"WebPage\",\"@id\":\"https:\\\/\\\/interamerica.org\\\/fr\\\/2024\\\/05\\\/les-dirigeants-adventistes-en-inter-amerique-sengagent-a-combiner-leurs-efforts-pour-developper-la-mission\\\/\",\"url\":\"https:\\\/\\\/interamerica.org\\\/fr\\\/2024\\\/05\\\/les-dirigeants-adventistes-en-inter-amerique-sengagent-a-combiner-leurs-efforts-pour-developper-la-mission\\\/\",\"name\":\"Les dirigeants adventistes en Inter Am\u00e9rique s\u2019engagent \u00e0 combiner leurs efforts pour d\u00e9velopper la mission - \u00c9glise Adventiste Du Septieme Jour - Inter Am\u00e9rique Division\",\"isPartOf\":{\"@id\":\"https:\\\/\\\/interamerica.org\\\/fr\\\/#website\"},\"primaryImageOfPage\":{\"@id\":\"https:\\\/\\\/interamerica.org\\\/fr\\\/2024\\\/05\\\/les-dirigeants-adventistes-en-inter-amerique-sengagent-a-combiner-leurs-efforts-pour-developper-la-mission\\\/#primaryimage\"},\"image\":{\"@id\":\"https:\\\/\\\/interamerica.org\\\/fr\\\/2024\\\/05\\\/les-dirigeants-adventistes-en-inter-amerique-sengagent-a-combiner-leurs-efforts-pour-developper-la-mission\\\/#primaryimage\"},\"thumbnailUrl\":\"https:\\\/\\\/interamerica.org\\\/wp-content\\\/uploads\\\/2024\\\/05\\\/mym24-iad-admins.jpg\",\"datePublished\":\"2024-05-14T20:29:28+00:00\",\"dateModified\":\"2024-05-16T01:01:30+00:00\",\"author\":{\"@id\":\"https:\\\/\\\/interamerica.org\\\/fr\\\/#\\\/schema\\\/person\\\/29998f2bc2d8bd0d38662909289b54f1\"},\"breadcrumb\":{\"@id\":\"https:\\\/\\\/interamerica.org\\\/fr\\\/2024\\\/05\\\/les-dirigeants-adventistes-en-inter-amerique-sengagent-a-combiner-leurs-efforts-pour-developper-la-mission\\\/#breadcrumb\"},\"inLanguage\":\"fr-FR\",\"potentialAction\":[{\"@type\":\"ReadAction\",\"target\":[\"https:\\\/\\\/interamerica.org\\\/fr\\\/2024\\\/05\\\/les-dirigeants-adventistes-en-inter-amerique-sengagent-a-combiner-leurs-efforts-pour-developper-la-mission\\\/\"]}]},{\"@type\":\"ImageObject\",\"inLanguage\":\"fr-FR\",\"@id\":\"https:\\\/\\\/interamerica.org\\\/fr\\\/2024\\\/05\\\/les-dirigeants-adventistes-en-inter-amerique-sengagent-a-combiner-leurs-efforts-pour-developper-la-mission\\\/#primaryimage\",\"url\":\"https:\\\/\\\/interamerica.org\\\/wp-content\\\/uploads\\\/2024\\\/05\\\/mym24-iad-admins.jpg\",\"contentUrl\":\"https:\\\/\\\/interamerica.org\\\/wp-content\\\/uploads\\\/2024\\\/05\\\/mym24-iad-admins.jpg\",\"width\":1000,\"height\":667,\"caption\":\"Pastor Elie Henry (center) president of the Inter-American Division leads the Mid-year Executive Committee Meetings next to Ivelisse Herrera (left) treasurer, and Pastor Leonard Johnson (right) executive secretary, on May 7, 2024, in Miami, Florida, United States. [Photo: Libna Stevens\\\/IAD]\"},{\"@type\":\"BreadcrumbList\",\"@id\":\"https:\\\/\\\/interamerica.org\\\/fr\\\/2024\\\/05\\\/les-dirigeants-adventistes-en-inter-amerique-sengagent-a-combiner-leurs-efforts-pour-developper-la-mission\\\/#breadcrumb\",\"itemListElement\":[{\"@type\":\"ListItem\",\"position\":1,\"name\":\"Home\",\"item\":\"https:\\\/\\\/interamerica.org\\\/fr\\\/\"},{\"@type\":\"ListItem\",\"position\":2,\"name\":\"Les dirigeants adventistes en Inter Am\u00e9rique s\u2019engagent \u00e0 combiner leurs efforts pour d\u00e9velopper la mission\"}]},{\"@type\":\"WebSite\",\"@id\":\"https:\\\/\\\/interamerica.org\\\/fr\\\/#website\",\"url\":\"https:\\\/\\\/interamerica.org\\\/fr\\\/\",\"name\":\"\u00c9glise Adventiste Du Septieme Jour - Inter Am\u00e9rique Division\",\"description\":\"\",\"potentialAction\":[{\"@type\":\"SearchAction\",\"target\":{\"@type\":\"EntryPoint\",\"urlTemplate\":\"https:\\\/\\\/interamerica.org\\\/fr\\\/?s={search_term_string}\"},\"query-input\":{\"@type\":\"PropertyValueSpecification\",\"valueRequired\":true,\"valueName\":\"search_term_string\"}}],\"inLanguage\":\"fr-FR\"},{\"@type\":\"Person\",\"@id\":\"https:\\\/\\\/interamerica.org\\\/fr\\\/#\\\/schema\\\/person\\\/29998f2bc2d8bd0d38662909289b54f1\",\"name\":\"libna\",\"image\":{\"@type\":\"ImageObject\",\"inLanguage\":\"fr-FR\",\"@id\":\"https:\\\/\\\/secure.gravatar.com\\\/avatar\\\/7c5bd30ae4b47a9ba3c856590957fd1d96dc588bf3ac05719d247e126840331f?s=96&d=mm&r=g\",\"url\":\"https:\\\/\\\/secure.gravatar.com\\\/avatar\\\/7c5bd30ae4b47a9ba3c856590957fd1d96dc588bf3ac05719d247e126840331f?s=96&d=mm&r=g\",\"contentUrl\":\"https:\\\/\\\/secure.gravatar.com\\\/avatar\\\/7c5bd30ae4b47a9ba3c856590957fd1d96dc588bf3ac05719d247e126840331f?s=96&d=mm&r=g\",\"caption\":\"libna\"}}]}<\/script>\n<!-- \/ Yoast SEO plugin. -->","yoast_head_json":{"title":"Les dirigeants adventistes en Inter Am\u00e9rique s\u2019engagent \u00e0 combiner leurs efforts pour d\u00e9velopper la mission - \u00c9glise Adventiste Du Septieme Jour - Inter Am\u00e9rique Division","robots":{"index":"index","follow":"follow","max-snippet":"max-snippet:-1","max-image-preview":"max-image-preview:large","max-video-preview":"max-video-preview:-1"},"canonical":"https:\/\/interamerica.org\/fr\/2024\/05\/les-dirigeants-adventistes-en-inter-amerique-sengagent-a-combiner-leurs-efforts-pour-developper-la-mission\/","og_locale":"fr_FR","og_type":"article","og_title":"Les dirigeants adventistes en Inter Am\u00e9rique s\u2019engagent \u00e0 combiner leurs efforts pour d\u00e9velopper la mission - \u00c9glise Adventiste Du Septieme Jour - Inter Am\u00e9rique Division","og_description":"Les membres du comit\u00e9 ex\u00e9cutif votent les plans, les initiatives et les activit\u00e9s \u00e0 venir pour les 24 unions. 14 Mai 2024 | Miami, Floride, \u00c9tats-Unis | Libna Stevens, Actualit\u00e9s...","og_url":"https:\/\/interamerica.org\/fr\/2024\/05\/les-dirigeants-adventistes-en-inter-amerique-sengagent-a-combiner-leurs-efforts-pour-developper-la-mission\/","og_site_name":"\u00c9glise Adventiste Du Septieme Jour - Inter Am\u00e9rique Division","article_published_time":"2024-05-14T20:29:28+00:00","article_modified_time":"2024-05-16T01:01:30+00:00","og_image":[{"width":1000,"height":667,"url":"https:\/\/interamerica.org\/wp-content\/uploads\/2024\/05\/mym24-iad-admins.jpg","type":"image\/jpeg"}],"author":"libna","twitter_card":"summary_large_image","twitter_misc":{"\u00c9crit par":"libna","Dur\u00e9e de lecture estim\u00e9e":"10 minutes"},"schema":{"@context":"https:\/\/schema.org","@graph":[{"@type":"Article","@id":"https:\/\/interamerica.org\/fr\/2024\/05\/les-dirigeants-adventistes-en-inter-amerique-sengagent-a-combiner-leurs-efforts-pour-developper-la-mission\/#article","isPartOf":{"@id":"https:\/\/interamerica.org\/fr\/2024\/05\/les-dirigeants-adventistes-en-inter-amerique-sengagent-a-combiner-leurs-efforts-pour-developper-la-mission\/"},"author":{"name":"libna","@id":"https:\/\/interamerica.org\/fr\/#\/schema\/person\/29998f2bc2d8bd0d38662909289b54f1"},"headline":"Les dirigeants adventistes en Inter Am\u00e9rique s\u2019engagent \u00e0 combiner leurs efforts pour d\u00e9velopper la mission","datePublished":"2024-05-14T20:29:28+00:00","dateModified":"2024-05-16T01:01:30+00:00","mainEntityOfPage":{"@id":"https:\/\/interamerica.org\/fr\/2024\/05\/les-dirigeants-adventistes-en-inter-amerique-sengagent-a-combiner-leurs-efforts-pour-developper-la-mission\/"},"wordCount":2123,"image":{"@id":"https:\/\/interamerica.org\/fr\/2024\/05\/les-dirigeants-adventistes-en-inter-amerique-sengagent-a-combiner-leurs-efforts-pour-developper-la-mission\/#primaryimage"},"thumbnailUrl":"https:\/\/interamerica.org\/wp-content\/uploads\/2024\/05\/mym24-iad-admins.jpg","articleSection":["Nouvelles du si\u00e8ge de la division","RSS Fran\u00e7ais"],"inLanguage":"fr-FR"},{"@type":"WebPage","@id":"https:\/\/interamerica.org\/fr\/2024\/05\/les-dirigeants-adventistes-en-inter-amerique-sengagent-a-combiner-leurs-efforts-pour-developper-la-mission\/","url":"https:\/\/interamerica.org\/fr\/2024\/05\/les-dirigeants-adventistes-en-inter-amerique-sengagent-a-combiner-leurs-efforts-pour-developper-la-mission\/","name":"Les dirigeants adventistes en Inter Am\u00e9rique s\u2019engagent \u00e0 combiner leurs efforts pour d\u00e9velopper la mission - \u00c9glise Adventiste Du Septieme Jour - Inter Am\u00e9rique Division","isPartOf":{"@id":"https:\/\/interamerica.org\/fr\/#website"},"primaryImageOfPage":{"@id":"https:\/\/interamerica.org\/fr\/2024\/05\/les-dirigeants-adventistes-en-inter-amerique-sengagent-a-combiner-leurs-efforts-pour-developper-la-mission\/#primaryimage"},"image":{"@id":"https:\/\/interamerica.org\/fr\/2024\/05\/les-dirigeants-adventistes-en-inter-amerique-sengagent-a-combiner-leurs-efforts-pour-developper-la-mission\/#primaryimage"},"thumbnailUrl":"https:\/\/interamerica.org\/wp-content\/uploads\/2024\/05\/mym24-iad-admins.jpg","datePublished":"2024-05-14T20:29:28+00:00","dateModified":"2024-05-16T01:01:30+00:00","author":{"@id":"https:\/\/interamerica.org\/fr\/#\/schema\/person\/29998f2bc2d8bd0d38662909289b54f1"},"breadcrumb":{"@id":"https:\/\/interamerica.org\/fr\/2024\/05\/les-dirigeants-adventistes-en-inter-amerique-sengagent-a-combiner-leurs-efforts-pour-developper-la-mission\/#breadcrumb"},"inLanguage":"fr-FR","potentialAction":[{"@type":"ReadAction","target":["https:\/\/interamerica.org\/fr\/2024\/05\/les-dirigeants-adventistes-en-inter-amerique-sengagent-a-combiner-leurs-efforts-pour-developper-la-mission\/"]}]},{"@type":"ImageObject","inLanguage":"fr-FR","@id":"https:\/\/interamerica.org\/fr\/2024\/05\/les-dirigeants-adventistes-en-inter-amerique-sengagent-a-combiner-leurs-efforts-pour-developper-la-mission\/#primaryimage","url":"https:\/\/interamerica.org\/wp-content\/uploads\/2024\/05\/mym24-iad-admins.jpg","contentUrl":"https:\/\/interamerica.org\/wp-content\/uploads\/2024\/05\/mym24-iad-admins.jpg","width":1000,"height":667,"caption":"Pastor Elie Henry (center) president of the Inter-American Division leads the Mid-year Executive Committee Meetings next to Ivelisse Herrera (left) treasurer, and Pastor Leonard Johnson (right) executive secretary, on May 7, 2024, in Miami, Florida, United States. [Photo: Libna Stevens\/IAD]"},{"@type":"BreadcrumbList","@id":"https:\/\/interamerica.org\/fr\/2024\/05\/les-dirigeants-adventistes-en-inter-amerique-sengagent-a-combiner-leurs-efforts-pour-developper-la-mission\/#breadcrumb","itemListElement":[{"@type":"ListItem","position":1,"name":"Home","item":"https:\/\/interamerica.org\/fr\/"},{"@type":"ListItem","position":2,"name":"Les dirigeants adventistes en Inter Am\u00e9rique s\u2019engagent \u00e0 combiner leurs efforts pour d\u00e9velopper la mission"}]},{"@type":"WebSite","@id":"https:\/\/interamerica.org\/fr\/#website","url":"https:\/\/interamerica.org\/fr\/","name":"\u00c9glise Adventiste Du Septieme Jour - Inter Am\u00e9rique Division","description":"","potentialAction":[{"@type":"SearchAction","target":{"@type":"EntryPoint","urlTemplate":"https:\/\/interamerica.org\/fr\/?s={search_term_string}"},"query-input":{"@type":"PropertyValueSpecification","valueRequired":true,"valueName":"search_term_string"}}],"inLanguage":"fr-FR"},{"@type":"Person","@id":"https:\/\/interamerica.org\/fr\/#\/schema\/person\/29998f2bc2d8bd0d38662909289b54f1","name":"libna","image":{"@type":"ImageObject","inLanguage":"fr-FR","@id":"https:\/\/secure.gravatar.com\/avatar\/7c5bd30ae4b47a9ba3c856590957fd1d96dc588bf3ac05719d247e126840331f?s=96&d=mm&r=g","url":"https:\/\/secure.gravatar.com\/avatar\/7c5bd30ae4b47a9ba3c856590957fd1d96dc588bf3ac05719d247e126840331f?s=96&d=mm&r=g","contentUrl":"https:\/\/secure.gravatar.com\/avatar\/7c5bd30ae4b47a9ba3c856590957fd1d96dc588bf3ac05719d247e126840331f?s=96&d=mm&r=g","caption":"libna"}}]}},"_links":{"self":[{"href":"https:\/\/interamerica.org\/fr\/wp-json\/wp\/v2\/posts\/114876","targetHints":{"allow":["GET"]}}],"collection":[{"href":"https:\/\/interamerica.org\/fr\/wp-json\/wp\/v2\/posts"}],"about":[{"href":"https:\/\/interamerica.org\/fr\/wp-json\/wp\/v2\/types\/post"}],"author":[{"embeddable":true,"href":"https:\/\/interamerica.org\/fr\/wp-json\/wp\/v2\/users\/3"}],"replies":[{"embeddable":true,"href":"https:\/\/interamerica.org\/fr\/wp-json\/wp\/v2\/comments?post=114876"}],"version-history":[{"count":0,"href":"https:\/\/interamerica.org\/fr\/wp-json\/wp\/v2\/posts\/114876\/revisions"}],"wp:featuredmedia":[{"embeddable":true,"href":"https:\/\/interamerica.org\/fr\/wp-json\/wp\/v2\/media\/114843"}],"wp:attachment":[{"href":"https:\/\/interamerica.org\/fr\/wp-json\/wp\/v2\/media?parent=114876"}],"wp:term":[{"taxonomy":"category","embeddable":true,"href":"https:\/\/interamerica.org\/fr\/wp-json\/wp\/v2\/categories?post=114876"},{"taxonomy":"post_tag","embeddable":true,"href":"https:\/\/interamerica.org\/fr\/wp-json\/wp\/v2\/tags?post=114876"}],"curies":[{"name":"wp","href":"https:\/\/api.w.org\/{rel}","templated":true}]}}