{"id":115401,"date":"2024-05-26T23:07:03","date_gmt":"2024-05-27T03:07:03","guid":{"rendered":"https:\/\/interamerica.org\/?p=115401"},"modified":"2024-05-28T10:25:53","modified_gmt":"2024-05-28T14:25:53","slug":"leglise-de-lecole-adventiste-de-png-accueille-150-personnes-par-le-bapteme","status":"publish","type":"post","link":"https:\/\/interamerica.org\/fr\/2024\/05\/leglise-de-lecole-adventiste-de-png-accueille-150-personnes-par-le-bapteme\/","title":{"rendered":"L\u2019\u00e9glise de l\u2019\u00c9cole Adventiste de PNG accueille 150 personnes par le bapt\u00eame"},"content":{"rendered":"<p><div id=\"attachment_115345\" style=\"width: 874px\" class=\"wp-caption aligncenter\"><img fetchpriority=\"high\" decoding=\"async\" aria-describedby=\"caption-attachment-115345\" class=\" wp-image-115344\" src=\"https:\/\/interamerica.org\/wp-content\/uploads\/2024\/05\/png-untitled-1-15-1-1024x512.png\" alt=\"\" width=\"864\" height=\"432\" srcset=\"https:\/\/interamerica.org\/wp-content\/uploads\/2024\/05\/png-untitled-1-15-1-1024x512.png 1024w, https:\/\/interamerica.org\/wp-content\/uploads\/2024\/05\/png-untitled-1-15-1-300x150.png 300w, https:\/\/interamerica.org\/wp-content\/uploads\/2024\/05\/png-untitled-1-15-1-768x384.png 768w, https:\/\/interamerica.org\/wp-content\/uploads\/2024\/05\/png-untitled-1-15-1.png 1500w\" sizes=\"(max-width: 864px) 100vw, 864px\" \/><p id=\"caption-attachment-115345\" class=\"wp-caption-text\">Une c\u00e9r\u00e9monie de bapt\u00eame \u00e0 l\u2019\u00c9cole Secondaire Adventiste de Mount Diamond en Papouasie-Nouvelle-Guin\u00e9e (PNG), avec 150 candidats, pour la plupart des \u00e9tudiants, t\u00e9moignant publiquement de leur foi le 11 mai. [Photo : Marcos Paseggi, Adventist Review]<\/p><\/div><em>L\u2019\u00c9cole Secondaire Adventiste de Mount Diamond d\u00e9montre la valeur p\u00e9renne de l\u2019\u00e9ducation adventiste, affirment les dirigeants.<\/em><\/p>\n<p>26 Mai 2024 | Papouasie-Nouvelle-Guin\u00e9e | Marcos Paseggi, Adventist Review<\/p>\n<p>Au cours d\u2019une c\u00e9r\u00e9monie que les participants ont qualifi\u00e9e de \u00ab significative \u00bb et de \u00ab touchante, \u00bb 150 personnes, pour la plupart des \u00e9tudiants de l\u2019\u00c9cole Secondaire Adventiste de Mount Diamond pr\u00e8s de Port Moresby, en Papouasie-Nouvelle-Guin\u00e9e, ainsi que quelques parents, se sont engag\u00e9s envers Dieu par le bapt\u00eame sur le campus de l\u2019\u00e9cole le 11 mai.<br \/>\nLa c\u00e9r\u00e9monie a couronn\u00e9 deux semaines de r\u00e9unions d\u2019\u00e9vang\u00e9lisation qui se sont tenues sur le site dans le cadre de PNG pour Christ 2024, avec deux conf\u00e9renciers internationaux et les efforts coordonn\u00e9s des dirigeants r\u00e9gionaux de l\u2019\u00e9glise, des professeurs et du personnel de l\u2019\u00e9cole et des membres des \u00e9glises locales.<\/p>\n<p><strong>T\u00e9moignages personnels<\/strong><\/p>\n<p>Les dirigeants de l\u2019\u00e9tablissement scolaire ont soigneusement planifi\u00e9 chaque partie de la c\u00e9r\u00e9monie de bapt\u00eame. Chacun des 150 candidats avait \u00e9t\u00e9 invit\u00e9 \u00e0 r\u00e9diger une d\u00e9claration, qu\u2019un dirigeant lisait au moment o\u00f9 ils entraient par trois dans la piscine baptismale, certains versant des larmes de joie, afin de se faire baptiser. \u00c0 mesure que les d\u00e9clarations \u00e9taient lues, une vaste perspective est apparue autour du parcours, des espoirs et des r\u00eaves des \u00e9tudiants.<\/p>\n<p><div id=\"attachment_115348\" style=\"width: 868px\" class=\"wp-caption aligncenter\"><img decoding=\"async\" aria-describedby=\"caption-attachment-115348\" class=\" wp-image-115347\" src=\"https:\/\/interamerica.org\/wp-content\/uploads\/2024\/05\/png2dsc-0907.jpeg\" alt=\"\" width=\"858\" height=\"572\" srcset=\"https:\/\/interamerica.org\/wp-content\/uploads\/2024\/05\/png2dsc-0907.jpeg 1000w, https:\/\/interamerica.org\/wp-content\/uploads\/2024\/05\/png2dsc-0907-300x200.jpeg 300w, https:\/\/interamerica.org\/wp-content\/uploads\/2024\/05\/png2dsc-0907-768x512.jpeg 768w\" sizes=\"(max-width: 858px) 100vw, 858px\" \/><p id=\"caption-attachment-115348\" class=\"wp-caption-text\">Les \u00e9l\u00e8ves, les professeurs, le personnel de l\u2019\u00c9cole Secondaire Adventiste de Mount Diamond ainsi que les parents suivent la c\u00e9r\u00e9monie de bapt\u00eame sur le campus de l\u2019\u00e9cole. [Photo : Marcos Paseggi, Adventist Review]<\/p><\/div>Parmi les d\u00e9clarations on trouvait celles-ci : \u00ab J\u2019ai eu le privil\u00e8ge de grandir dans un foyer adventiste, o\u00f9 j\u2019ai appris d\u00e8s mon plus jeune \u00e2ge \u00e0 aimer le Seigneur \u00bb et \u00ab Ce n\u2019est qu\u2019en grandissant, cependant, que j\u2019ai continu\u00e9 \u00e0 \u00e9tudier par moi-m\u00eame et \u00e0 apprendre davantage au sujet de la volont\u00e9 de Dieu pour moi. Je veux me faire baptiser pour dire au Seigneur que je l\u2019aime et que je veux le servir toute ma vie. \u00bb<\/p>\n<p>\u00ab J\u2019ai grandi dans un foyer adventiste, mais nous allions rarement \u00e0 l\u2019\u00e9glise, \u00bb a \u00e9crit quelqu\u2019un d\u2019autre. \u00ab Ce n\u2019est que lorsque je me suis inscrit \u00e0 Mount Diamond que j\u2019ai d\u00e9couvert la v\u00e9rit\u00e9 biblique et que j\u2019ai ressenti un enthousiasme \u00e0 l\u2019id\u00e9e de pouvoir d\u00e9couvrir la Bible pour la premi\u00e8re fois. Aujourd\u2019hui, je veux me faire baptiser pour t\u00e9moigner publiquement de mon engagement avec J\u00e9sus. \u00bb<\/p>\n<p><div id=\"attachment_115354\" style=\"width: 857px\" class=\"wp-caption aligncenter\"><img decoding=\"async\" aria-describedby=\"caption-attachment-115354\" class=\" wp-image-115353\" src=\"https:\/\/interamerica.org\/wp-content\/uploads\/2024\/05\/png-dsc-0958.jpeg\" alt=\"\" width=\"847\" height=\"565\" srcset=\"https:\/\/interamerica.org\/wp-content\/uploads\/2024\/05\/png-dsc-0958.jpeg 1000w, https:\/\/interamerica.org\/wp-content\/uploads\/2024\/05\/png-dsc-0958-300x200.jpeg 300w, https:\/\/interamerica.org\/wp-content\/uploads\/2024\/05\/png-dsc-0958-768x512.jpeg 768w\" sizes=\"(max-width: 847px) 100vw, 847px\" \/><p id=\"caption-attachment-115354\" class=\"wp-caption-text\">L\u2019\u00c9cole Secondaire Adventiste de Mount Diamond pr\u00e9pare des jeunes qui font de Christ le centre, \u00e0 servir l\u2019\u00e9glise et la nation, ont d\u00e9clar\u00e9 les dirigeants adventistes. [Photo : Marcos Paseggi, Adventist Review]<\/p><\/div>Une troisi\u00e8me d\u00e9claration disait : \u00ab J\u2019ai grandi dans une \u00e9glise chr\u00e9tienne observant le dimanche et ma foi ne signifiait pas grand-chose pour moi. Mais apr\u00e8s avoir \u00e9t\u00e9 envoy\u00e9 dans cette \u00e9cole en internat, j\u2019ai \u00e9t\u00e9 surpris de d\u00e9couvrir qu\u2019il y avait vraiment beaucoup de choses que je ne connaissais pas au sujet de la Bible, y compris le sabbat du septi\u00e8me jour. J\u2019ai \u00e9tudi\u00e9 et j\u2019ai accept\u00e9 la v\u00e9rit\u00e9 de Dieu telle qu\u2019elle est dans la Bible, et maintenant je suis pr\u00eat \u00e0 le d\u00e9montrer en me faisant baptiser. Je me sens vraiment heureux d\u2019avoir d\u00e9cid\u00e9 de suivre J\u00e9sus ! \u00bb<\/p>\n<p><strong>Conf\u00e9renciers internationaux<\/strong><\/p>\n<p>L\u2019oratrice de la premi\u00e8re semaine de r\u00e9unions \u00e9tait Fylvia Fowler Kline, responsable du programme VividFaith \u00e0 la Conf\u00e9rence G\u00e9n\u00e9rale des adventistes du septi\u00e8me jour \u00e0 Silver Spring, dans le Maryland, aux \u00c9tats-Unis. VividFaith connecte les membres adventistes, en particulier les jeunes, par le biais d\u2019opportunit\u00e9s de service partout dans le monde : besoins de b\u00e9n\u00e9voles, offres d\u2019emploi, emplois \u00e0 distance et voyages missionnaires de groupe.<\/p>\n<p><div id=\"attachment_115357\" style=\"width: 864px\" class=\"wp-caption aligncenter\"><img loading=\"lazy\" decoding=\"async\" aria-describedby=\"caption-attachment-115357\" class=\" wp-image-115356\" src=\"https:\/\/interamerica.org\/wp-content\/uploads\/2024\/05\/png-sc-0951.jpeg\" alt=\"\" width=\"854\" height=\"569\" srcset=\"https:\/\/interamerica.org\/wp-content\/uploads\/2024\/05\/png-sc-0951.jpeg 1000w, https:\/\/interamerica.org\/wp-content\/uploads\/2024\/05\/png-sc-0951-300x200.jpeg 300w, https:\/\/interamerica.org\/wp-content\/uploads\/2024\/05\/png-sc-0951-768x512.jpeg 768w\" sizes=\"(max-width: 854px) 100vw, 854px\" \/><p id=\"caption-attachment-115357\" class=\"wp-caption-text\">Vue partielle de certains des \u00e9tudiants baptis\u00e9s \u00e0 l\u2019\u00c9cole Secondaire Adventiste de Mount Diamond le 11 mai. [Photo : Marcos Paseggi, Adventist Review]<\/p><\/div>La deuxi\u00e8me semaine a vu l\u2019intervention d\u2019Arturo Gutierrez Menezes, un ing\u00e9nieur \u00e9lectricien \u00e0 la retraite originaire de Pachucha, dans l\u2019Hidalgo, au Mexique, qui a pr\u00each\u00e9 en espagnol avec une traduction en anglais.<\/p>\n<p>L\u2019histoire de la vie d\u2019Arturo Menezes est aussi inhabituelle qu\u2019inspirante. Thermographe infrarouge de profession, il a \u00e9t\u00e9 form\u00e9 aux \u00c9tats-Unis, au Japon et en Su\u00e8de avant de devenir le premier thermographe ayant le niveau de formation le plus \u00e9lev\u00e9 au Mexique. Dans le cadre de son travail, il se d\u00e9pla\u00e7ait en h\u00e9licopt\u00e8re pour inspecter les pyl\u00f4nes \u00e9lectriques basse et haute tension avec un \u00e9quipement photographique sp\u00e9cial. Il formait \u00e9galement d\u2019autres personnes au Mexique pour qu\u2019elles apprennent \u00e0 faire son travail.<\/p>\n<p><div id=\"attachment_115351\" style=\"width: 871px\" class=\"wp-caption aligncenter\"><img loading=\"lazy\" decoding=\"async\" aria-describedby=\"caption-attachment-115351\" class=\" wp-image-115350\" src=\"https:\/\/interamerica.org\/wp-content\/uploads\/2024\/05\/png-dsc-0950.jpeg\" alt=\"\" width=\"861\" height=\"574\" srcset=\"https:\/\/interamerica.org\/wp-content\/uploads\/2024\/05\/png-dsc-0950.jpeg 1000w, https:\/\/interamerica.org\/wp-content\/uploads\/2024\/05\/png-dsc-0950-300x200.jpeg 300w, https:\/\/interamerica.org\/wp-content\/uploads\/2024\/05\/png-dsc-0950-768x512.jpeg 768w\" sizes=\"(max-width: 861px) 100vw, 861px\" \/><p id=\"caption-attachment-115351\" class=\"wp-caption-text\">Arturo Gutierrez Menezes et son \u00e9pouse, Ana Mar\u00eda, un couple de la\u00efcs exer\u00e7ant leur minist\u00e8re au Mexique, se sont rendus \u00e0 l\u2019\u00c9cole Secondaire Adventiste de Mount Diamond en Papouasie-Nouvelle-Guin\u00e9e pour apporter leur soutien aux efforts d\u2019\u00e9vang\u00e9lisation. [Photo : Marcos Paseggi, Adventist Review]<\/p><\/div>Ce travail \u00e0 hauts risques et extr\u00eamement dangereux a eu des cons\u00e9quences n\u00e9fastes sur sa sant\u00e9 et \u00e0 49 ans, il a r\u00e9ussi \u00e0 prendre sa retraite. Apr\u00e8s son d\u00e9part \u00e0 la retraite, Arturo Menezes et son \u00e9pouse, Ana Mar\u00eda, ont d\u00e9cid\u00e9 de consacrer leur temps, leurs talents et leurs moyens au soutien de la mission de l\u2019\u00c9glise adventiste \u00e0 travers le monde. \u00ab J\u2019ai \u00e9t\u00e9 impliqu\u00e9 \u00e0 plusieurs reprises dans des initiatives missionnaires dans le monde entier, \u00bb a expliqu\u00e9 Arturo Menezes. \u00ab Et je soutiens \u00e9galement des projets de construction d\u2019\u00e9glises. C\u2019est un tel plaisir de servir le Seigneur ! Le 11 mai, Arturo Menezes \u00e9tait l\u2019un des trois anciens qui ont baptis\u00e9 \u00e0 Mont Diamond.<\/p>\n<p>Apr\u00e8s la c\u00e9r\u00e9monie, l\u2019aum\u00f4nier de l\u2019\u00e9cole a lanc\u00e9 un appel auquel des dizaines d\u2019\u00e9tudiants et plusieurs parents ont r\u00e9pondu en se levant pour s\u2019engager \u00e0 \u00e9tudier la Bible et \u00e0 se pr\u00e9parer pour un prochain bapt\u00eame.<\/p>\n<p><div id=\"attachment_115360\" style=\"width: 853px\" class=\"wp-caption aligncenter\"><img loading=\"lazy\" decoding=\"async\" aria-describedby=\"caption-attachment-115360\" class=\" wp-image-115359\" src=\"https:\/\/interamerica.org\/wp-content\/uploads\/2024\/05\/png-dsc-0957.jpeg\" alt=\"\" width=\"843\" height=\"562\" srcset=\"https:\/\/interamerica.org\/wp-content\/uploads\/2024\/05\/png-dsc-0957.jpeg 1000w, https:\/\/interamerica.org\/wp-content\/uploads\/2024\/05\/png-dsc-0957-300x200.jpeg 300w, https:\/\/interamerica.org\/wp-content\/uploads\/2024\/05\/png-dsc-0957-768x512.jpeg 768w\" sizes=\"(max-width: 843px) 100vw, 843px\" \/><p id=\"caption-attachment-115360\" class=\"wp-caption-text\">Lenyves Amos, directeur adjoint de l\u2019\u00c9cole Secondaire Adventiste de Mount Diamond, faisait partie des dirigeants qui ont organis\u00e9 le service baptismal. [Photo : Marcos Paseggi, Adventist Review]<\/p><\/div>\u00ab Dire oui au Seigneur\u2026 c\u2019est la meilleure d\u00e9cision que vous puissiez prendre, \u00bb a-t-il d\u00e9clar\u00e9 alors que les anciens locaux s\u2019approchaient d\u2019eux pour obtenir des informations suppl\u00e9mentaires afin d\u2019entrer en contact avec eux. \u00ab Laissez-moi prier pour que vous restiez ferme dans votre d\u00e9cision. \u00bb<\/p>\n<p><strong>\u00c0 propos de l\u2019\u00c9cole Secondaire Adventiste et du Centre Agricole de Mount Diamond<\/strong><\/p>\n<p>L\u2019\u00c9cole Secondaire Adventiste de Mount Diamond se trouve sur un terrain de 300 hectares \u00e0 30 kilom\u00e8tres \u00e0 l\u2019est de Port Moresby, la capitale de la Papouasie-Nouvelle-Guin\u00e9e, au bout d\u2019un chemin de terre \u00e0 quelques kilom\u00e8tres de l\u2019autoroute Rego. L\u2019\u00e9cole n\u2019est pas loin de l\u2019endroit o\u00f9 l\u2019\u0153uvre adventiste a d\u00e9but\u00e9 dans le pays et se trouve depuis 1972, sur le site de Mount Diamond, un terrain principalement plat bord\u00e9 par un petit ruisseau.*<\/p>\n<p>L\u2019\u00e9cole compte environ 800 \u00e9l\u00e8ves et est g\u00e9r\u00e9e par la F\u00e9d\u00e9ration Centrale de Papouasie de l\u2019\u00c9glise adventiste du septi\u00e8me jour.<\/p>\n<p>Traduction: Patrick Luciathe<\/p>\n","protected":false},"excerpt":{"rendered":"<p>L\u2019\u00c9cole Secondaire Adventiste de Mount Diamond d\u00e9montre la valeur p\u00e9renne de l\u2019\u00e9ducation adventiste, affirment les dirigeants. 26 Mai 2024 | Papouasie-Nouvelle-Guin\u00e9e | Marcos Paseggi, Adventist Review Au cours d\u2019une c\u00e9r\u00e9monie&#8230;<\/p>\n","protected":false},"author":3,"featured_media":115345,"comment_status":"closed","ping_status":"closed","sticky":false,"template":"","format":"standard","meta":{"_acf_changed":false,"footnotes":""},"categories":[18,19],"tags":[],"class_list":["post-115401","post","type-post","status-publish","format-standard","has-post-thumbnail","hentry","category-nouvelles-de-leglise-mondiale","category-rss-francais"],"acf":[],"yoast_head":"<!-- This site is optimized with the Yoast SEO plugin v27.3 - https:\/\/yoast.com\/product\/yoast-seo-wordpress\/ -->\n<title>L\u2019\u00e9glise de l\u2019\u00c9cole Adventiste de PNG accueille 150 personnes par le bapt\u00eame - \u00c9glise Adventiste Du Septieme Jour - Inter Am\u00e9rique Division<\/title>\n<meta name=\"robots\" content=\"index, follow, max-snippet:-1, max-image-preview:large, max-video-preview:-1\" \/>\n<link rel=\"canonical\" href=\"https:\/\/interamerica.org\/fr\/2024\/05\/leglise-de-lecole-adventiste-de-png-accueille-150-personnes-par-le-bapteme\/\" \/>\n<meta property=\"og:locale\" content=\"fr_FR\" \/>\n<meta property=\"og:type\" content=\"article\" \/>\n<meta property=\"og:title\" content=\"L\u2019\u00e9glise de l\u2019\u00c9cole Adventiste de PNG accueille 150 personnes par le bapt\u00eame - \u00c9glise Adventiste Du Septieme Jour - Inter Am\u00e9rique Division\" \/>\n<meta property=\"og:description\" content=\"L\u2019\u00c9cole Secondaire Adventiste de Mount Diamond d\u00e9montre la valeur p\u00e9renne de l\u2019\u00e9ducation adventiste, affirment les dirigeants. 26 Mai 2024 | Papouasie-Nouvelle-Guin\u00e9e | Marcos Paseggi, Adventist Review Au cours d\u2019une c\u00e9r\u00e9monie...\" \/>\n<meta property=\"og:url\" content=\"https:\/\/interamerica.org\/fr\/2024\/05\/leglise-de-lecole-adventiste-de-png-accueille-150-personnes-par-le-bapteme\/\" \/>\n<meta property=\"og:site_name\" content=\"\u00c9glise Adventiste Du Septieme Jour - Inter Am\u00e9rique Division\" \/>\n<meta property=\"article:published_time\" content=\"2024-05-27T03:07:03+00:00\" \/>\n<meta property=\"article:modified_time\" content=\"2024-05-28T14:25:53+00:00\" \/>\n<meta property=\"og:image\" content=\"https:\/\/interamerica.org\/wp-content\/uploads\/2024\/05\/png-untitled-1-15-1.png\" \/>\n\t<meta property=\"og:image:width\" content=\"1500\" \/>\n\t<meta property=\"og:image:height\" content=\"750\" \/>\n\t<meta property=\"og:image:type\" content=\"image\/png\" \/>\n<meta name=\"author\" content=\"libna\" \/>\n<meta name=\"twitter:card\" content=\"summary_large_image\" \/>\n<meta name=\"twitter:label1\" content=\"\u00c9crit par\" \/>\n\t<meta name=\"twitter:data1\" content=\"libna\" \/>\n\t<meta name=\"twitter:label2\" content=\"Dur\u00e9e de lecture estim\u00e9e\" \/>\n\t<meta name=\"twitter:data2\" content=\"7 minutes\" \/>\n<script type=\"application\/ld+json\" class=\"yoast-schema-graph\">{\"@context\":\"https:\\\/\\\/schema.org\",\"@graph\":[{\"@type\":\"Article\",\"@id\":\"https:\\\/\\\/interamerica.org\\\/fr\\\/2024\\\/05\\\/leglise-de-lecole-adventiste-de-png-accueille-150-personnes-par-le-bapteme\\\/#article\",\"isPartOf\":{\"@id\":\"https:\\\/\\\/interamerica.org\\\/fr\\\/2024\\\/05\\\/leglise-de-lecole-adventiste-de-png-accueille-150-personnes-par-le-bapteme\\\/\"},\"author\":{\"name\":\"libna\",\"@id\":\"https:\\\/\\\/interamerica.org\\\/fr\\\/#\\\/schema\\\/person\\\/29998f2bc2d8bd0d38662909289b54f1\"},\"headline\":\"L\u2019\u00e9glise de l\u2019\u00c9cole Adventiste de PNG accueille 150 personnes par le bapt\u00eame\",\"datePublished\":\"2024-05-27T03:07:03+00:00\",\"dateModified\":\"2024-05-28T14:25:53+00:00\",\"mainEntityOfPage\":{\"@id\":\"https:\\\/\\\/interamerica.org\\\/fr\\\/2024\\\/05\\\/leglise-de-lecole-adventiste-de-png-accueille-150-personnes-par-le-bapteme\\\/\"},\"wordCount\":1306,\"image\":{\"@id\":\"https:\\\/\\\/interamerica.org\\\/fr\\\/2024\\\/05\\\/leglise-de-lecole-adventiste-de-png-accueille-150-personnes-par-le-bapteme\\\/#primaryimage\"},\"thumbnailUrl\":\"https:\\\/\\\/interamerica.org\\\/wp-content\\\/uploads\\\/2024\\\/05\\\/png-untitled-1-15-1.png\",\"articleSection\":[\"Nouvelles de l'\u00c9glise mondiale\",\"RSS Fran\u00e7ais\"],\"inLanguage\":\"fr-FR\"},{\"@type\":\"WebPage\",\"@id\":\"https:\\\/\\\/interamerica.org\\\/fr\\\/2024\\\/05\\\/leglise-de-lecole-adventiste-de-png-accueille-150-personnes-par-le-bapteme\\\/\",\"url\":\"https:\\\/\\\/interamerica.org\\\/fr\\\/2024\\\/05\\\/leglise-de-lecole-adventiste-de-png-accueille-150-personnes-par-le-bapteme\\\/\",\"name\":\"L\u2019\u00e9glise de l\u2019\u00c9cole Adventiste de PNG accueille 150 personnes par le bapt\u00eame - \u00c9glise Adventiste Du Septieme Jour - Inter Am\u00e9rique Division\",\"isPartOf\":{\"@id\":\"https:\\\/\\\/interamerica.org\\\/fr\\\/#website\"},\"primaryImageOfPage\":{\"@id\":\"https:\\\/\\\/interamerica.org\\\/fr\\\/2024\\\/05\\\/leglise-de-lecole-adventiste-de-png-accueille-150-personnes-par-le-bapteme\\\/#primaryimage\"},\"image\":{\"@id\":\"https:\\\/\\\/interamerica.org\\\/fr\\\/2024\\\/05\\\/leglise-de-lecole-adventiste-de-png-accueille-150-personnes-par-le-bapteme\\\/#primaryimage\"},\"thumbnailUrl\":\"https:\\\/\\\/interamerica.org\\\/wp-content\\\/uploads\\\/2024\\\/05\\\/png-untitled-1-15-1.png\",\"datePublished\":\"2024-05-27T03:07:03+00:00\",\"dateModified\":\"2024-05-28T14:25:53+00:00\",\"author\":{\"@id\":\"https:\\\/\\\/interamerica.org\\\/fr\\\/#\\\/schema\\\/person\\\/29998f2bc2d8bd0d38662909289b54f1\"},\"breadcrumb\":{\"@id\":\"https:\\\/\\\/interamerica.org\\\/fr\\\/2024\\\/05\\\/leglise-de-lecole-adventiste-de-png-accueille-150-personnes-par-le-bapteme\\\/#breadcrumb\"},\"inLanguage\":\"fr-FR\",\"potentialAction\":[{\"@type\":\"ReadAction\",\"target\":[\"https:\\\/\\\/interamerica.org\\\/fr\\\/2024\\\/05\\\/leglise-de-lecole-adventiste-de-png-accueille-150-personnes-par-le-bapteme\\\/\"]}]},{\"@type\":\"ImageObject\",\"inLanguage\":\"fr-FR\",\"@id\":\"https:\\\/\\\/interamerica.org\\\/fr\\\/2024\\\/05\\\/leglise-de-lecole-adventiste-de-png-accueille-150-personnes-par-le-bapteme\\\/#primaryimage\",\"url\":\"https:\\\/\\\/interamerica.org\\\/wp-content\\\/uploads\\\/2024\\\/05\\\/png-untitled-1-15-1.png\",\"contentUrl\":\"https:\\\/\\\/interamerica.org\\\/wp-content\\\/uploads\\\/2024\\\/05\\\/png-untitled-1-15-1.png\",\"width\":1500,\"height\":750,\"caption\":\"A baptismal ceremony at Mount Diamond Adventist High School in Papua New Guinea, with 150 people, mostly students, giving public testimony of their faith on May 11. [Photo: Marcos Paseggi, Adventist Review]\"},{\"@type\":\"BreadcrumbList\",\"@id\":\"https:\\\/\\\/interamerica.org\\\/fr\\\/2024\\\/05\\\/leglise-de-lecole-adventiste-de-png-accueille-150-personnes-par-le-bapteme\\\/#breadcrumb\",\"itemListElement\":[{\"@type\":\"ListItem\",\"position\":1,\"name\":\"Home\",\"item\":\"https:\\\/\\\/interamerica.org\\\/fr\\\/\"},{\"@type\":\"ListItem\",\"position\":2,\"name\":\"L\u2019\u00e9glise de l\u2019\u00c9cole Adventiste de PNG accueille 150 personnes par le bapt\u00eame\"}]},{\"@type\":\"WebSite\",\"@id\":\"https:\\\/\\\/interamerica.org\\\/fr\\\/#website\",\"url\":\"https:\\\/\\\/interamerica.org\\\/fr\\\/\",\"name\":\"\u00c9glise Adventiste Du Septieme Jour - Inter Am\u00e9rique Division\",\"description\":\"\",\"potentialAction\":[{\"@type\":\"SearchAction\",\"target\":{\"@type\":\"EntryPoint\",\"urlTemplate\":\"https:\\\/\\\/interamerica.org\\\/fr\\\/?s={search_term_string}\"},\"query-input\":{\"@type\":\"PropertyValueSpecification\",\"valueRequired\":true,\"valueName\":\"search_term_string\"}}],\"inLanguage\":\"fr-FR\"},{\"@type\":\"Person\",\"@id\":\"https:\\\/\\\/interamerica.org\\\/fr\\\/#\\\/schema\\\/person\\\/29998f2bc2d8bd0d38662909289b54f1\",\"name\":\"libna\",\"image\":{\"@type\":\"ImageObject\",\"inLanguage\":\"fr-FR\",\"@id\":\"https:\\\/\\\/secure.gravatar.com\\\/avatar\\\/7c5bd30ae4b47a9ba3c856590957fd1d96dc588bf3ac05719d247e126840331f?s=96&d=mm&r=g\",\"url\":\"https:\\\/\\\/secure.gravatar.com\\\/avatar\\\/7c5bd30ae4b47a9ba3c856590957fd1d96dc588bf3ac05719d247e126840331f?s=96&d=mm&r=g\",\"contentUrl\":\"https:\\\/\\\/secure.gravatar.com\\\/avatar\\\/7c5bd30ae4b47a9ba3c856590957fd1d96dc588bf3ac05719d247e126840331f?s=96&d=mm&r=g\",\"caption\":\"libna\"}}]}<\/script>\n<!-- \/ Yoast SEO plugin. -->","yoast_head_json":{"title":"L\u2019\u00e9glise de l\u2019\u00c9cole Adventiste de PNG accueille 150 personnes par le bapt\u00eame - \u00c9glise Adventiste Du Septieme Jour - Inter Am\u00e9rique Division","robots":{"index":"index","follow":"follow","max-snippet":"max-snippet:-1","max-image-preview":"max-image-preview:large","max-video-preview":"max-video-preview:-1"},"canonical":"https:\/\/interamerica.org\/fr\/2024\/05\/leglise-de-lecole-adventiste-de-png-accueille-150-personnes-par-le-bapteme\/","og_locale":"fr_FR","og_type":"article","og_title":"L\u2019\u00e9glise de l\u2019\u00c9cole Adventiste de PNG accueille 150 personnes par le bapt\u00eame - \u00c9glise Adventiste Du Septieme Jour - Inter Am\u00e9rique Division","og_description":"L\u2019\u00c9cole Secondaire Adventiste de Mount Diamond d\u00e9montre la valeur p\u00e9renne de l\u2019\u00e9ducation adventiste, affirment les dirigeants. 26 Mai 2024 | Papouasie-Nouvelle-Guin\u00e9e | Marcos Paseggi, Adventist Review Au cours d\u2019une c\u00e9r\u00e9monie...","og_url":"https:\/\/interamerica.org\/fr\/2024\/05\/leglise-de-lecole-adventiste-de-png-accueille-150-personnes-par-le-bapteme\/","og_site_name":"\u00c9glise Adventiste Du Septieme Jour - Inter Am\u00e9rique Division","article_published_time":"2024-05-27T03:07:03+00:00","article_modified_time":"2024-05-28T14:25:53+00:00","og_image":[{"width":1500,"height":750,"url":"https:\/\/interamerica.org\/wp-content\/uploads\/2024\/05\/png-untitled-1-15-1.png","type":"image\/png"}],"author":"libna","twitter_card":"summary_large_image","twitter_misc":{"\u00c9crit par":"libna","Dur\u00e9e de lecture estim\u00e9e":"7 minutes"},"schema":{"@context":"https:\/\/schema.org","@graph":[{"@type":"Article","@id":"https:\/\/interamerica.org\/fr\/2024\/05\/leglise-de-lecole-adventiste-de-png-accueille-150-personnes-par-le-bapteme\/#article","isPartOf":{"@id":"https:\/\/interamerica.org\/fr\/2024\/05\/leglise-de-lecole-adventiste-de-png-accueille-150-personnes-par-le-bapteme\/"},"author":{"name":"libna","@id":"https:\/\/interamerica.org\/fr\/#\/schema\/person\/29998f2bc2d8bd0d38662909289b54f1"},"headline":"L\u2019\u00e9glise de l\u2019\u00c9cole Adventiste de PNG accueille 150 personnes par le bapt\u00eame","datePublished":"2024-05-27T03:07:03+00:00","dateModified":"2024-05-28T14:25:53+00:00","mainEntityOfPage":{"@id":"https:\/\/interamerica.org\/fr\/2024\/05\/leglise-de-lecole-adventiste-de-png-accueille-150-personnes-par-le-bapteme\/"},"wordCount":1306,"image":{"@id":"https:\/\/interamerica.org\/fr\/2024\/05\/leglise-de-lecole-adventiste-de-png-accueille-150-personnes-par-le-bapteme\/#primaryimage"},"thumbnailUrl":"https:\/\/interamerica.org\/wp-content\/uploads\/2024\/05\/png-untitled-1-15-1.png","articleSection":["Nouvelles de l'\u00c9glise mondiale","RSS Fran\u00e7ais"],"inLanguage":"fr-FR"},{"@type":"WebPage","@id":"https:\/\/interamerica.org\/fr\/2024\/05\/leglise-de-lecole-adventiste-de-png-accueille-150-personnes-par-le-bapteme\/","url":"https:\/\/interamerica.org\/fr\/2024\/05\/leglise-de-lecole-adventiste-de-png-accueille-150-personnes-par-le-bapteme\/","name":"L\u2019\u00e9glise de l\u2019\u00c9cole Adventiste de PNG accueille 150 personnes par le bapt\u00eame - \u00c9glise Adventiste Du Septieme Jour - Inter Am\u00e9rique Division","isPartOf":{"@id":"https:\/\/interamerica.org\/fr\/#website"},"primaryImageOfPage":{"@id":"https:\/\/interamerica.org\/fr\/2024\/05\/leglise-de-lecole-adventiste-de-png-accueille-150-personnes-par-le-bapteme\/#primaryimage"},"image":{"@id":"https:\/\/interamerica.org\/fr\/2024\/05\/leglise-de-lecole-adventiste-de-png-accueille-150-personnes-par-le-bapteme\/#primaryimage"},"thumbnailUrl":"https:\/\/interamerica.org\/wp-content\/uploads\/2024\/05\/png-untitled-1-15-1.png","datePublished":"2024-05-27T03:07:03+00:00","dateModified":"2024-05-28T14:25:53+00:00","author":{"@id":"https:\/\/interamerica.org\/fr\/#\/schema\/person\/29998f2bc2d8bd0d38662909289b54f1"},"breadcrumb":{"@id":"https:\/\/interamerica.org\/fr\/2024\/05\/leglise-de-lecole-adventiste-de-png-accueille-150-personnes-par-le-bapteme\/#breadcrumb"},"inLanguage":"fr-FR","potentialAction":[{"@type":"ReadAction","target":["https:\/\/interamerica.org\/fr\/2024\/05\/leglise-de-lecole-adventiste-de-png-accueille-150-personnes-par-le-bapteme\/"]}]},{"@type":"ImageObject","inLanguage":"fr-FR","@id":"https:\/\/interamerica.org\/fr\/2024\/05\/leglise-de-lecole-adventiste-de-png-accueille-150-personnes-par-le-bapteme\/#primaryimage","url":"https:\/\/interamerica.org\/wp-content\/uploads\/2024\/05\/png-untitled-1-15-1.png","contentUrl":"https:\/\/interamerica.org\/wp-content\/uploads\/2024\/05\/png-untitled-1-15-1.png","width":1500,"height":750,"caption":"A baptismal ceremony at Mount Diamond Adventist High School in Papua New Guinea, with 150 people, mostly students, giving public testimony of their faith on May 11. [Photo: Marcos Paseggi, Adventist Review]"},{"@type":"BreadcrumbList","@id":"https:\/\/interamerica.org\/fr\/2024\/05\/leglise-de-lecole-adventiste-de-png-accueille-150-personnes-par-le-bapteme\/#breadcrumb","itemListElement":[{"@type":"ListItem","position":1,"name":"Home","item":"https:\/\/interamerica.org\/fr\/"},{"@type":"ListItem","position":2,"name":"L\u2019\u00e9glise de l\u2019\u00c9cole Adventiste de PNG accueille 150 personnes par le bapt\u00eame"}]},{"@type":"WebSite","@id":"https:\/\/interamerica.org\/fr\/#website","url":"https:\/\/interamerica.org\/fr\/","name":"\u00c9glise Adventiste Du Septieme Jour - Inter Am\u00e9rique Division","description":"","potentialAction":[{"@type":"SearchAction","target":{"@type":"EntryPoint","urlTemplate":"https:\/\/interamerica.org\/fr\/?s={search_term_string}"},"query-input":{"@type":"PropertyValueSpecification","valueRequired":true,"valueName":"search_term_string"}}],"inLanguage":"fr-FR"},{"@type":"Person","@id":"https:\/\/interamerica.org\/fr\/#\/schema\/person\/29998f2bc2d8bd0d38662909289b54f1","name":"libna","image":{"@type":"ImageObject","inLanguage":"fr-FR","@id":"https:\/\/secure.gravatar.com\/avatar\/7c5bd30ae4b47a9ba3c856590957fd1d96dc588bf3ac05719d247e126840331f?s=96&d=mm&r=g","url":"https:\/\/secure.gravatar.com\/avatar\/7c5bd30ae4b47a9ba3c856590957fd1d96dc588bf3ac05719d247e126840331f?s=96&d=mm&r=g","contentUrl":"https:\/\/secure.gravatar.com\/avatar\/7c5bd30ae4b47a9ba3c856590957fd1d96dc588bf3ac05719d247e126840331f?s=96&d=mm&r=g","caption":"libna"}}]}},"_links":{"self":[{"href":"https:\/\/interamerica.org\/fr\/wp-json\/wp\/v2\/posts\/115401","targetHints":{"allow":["GET"]}}],"collection":[{"href":"https:\/\/interamerica.org\/fr\/wp-json\/wp\/v2\/posts"}],"about":[{"href":"https:\/\/interamerica.org\/fr\/wp-json\/wp\/v2\/types\/post"}],"author":[{"embeddable":true,"href":"https:\/\/interamerica.org\/fr\/wp-json\/wp\/v2\/users\/3"}],"replies":[{"embeddable":true,"href":"https:\/\/interamerica.org\/fr\/wp-json\/wp\/v2\/comments?post=115401"}],"version-history":[{"count":0,"href":"https:\/\/interamerica.org\/fr\/wp-json\/wp\/v2\/posts\/115401\/revisions"}],"wp:featuredmedia":[{"embeddable":true,"href":"https:\/\/interamerica.org\/fr\/wp-json\/wp\/v2\/media\/115345"}],"wp:attachment":[{"href":"https:\/\/interamerica.org\/fr\/wp-json\/wp\/v2\/media?parent=115401"}],"wp:term":[{"taxonomy":"category","embeddable":true,"href":"https:\/\/interamerica.org\/fr\/wp-json\/wp\/v2\/categories?post=115401"},{"taxonomy":"post_tag","embeddable":true,"href":"https:\/\/interamerica.org\/fr\/wp-json\/wp\/v2\/tags?post=115401"}],"curies":[{"name":"wp","href":"https:\/\/api.w.org\/{rel}","templated":true}]}}