{"id":116204,"date":"2024-06-19T12:16:33","date_gmt":"2024-06-19T16:16:33","guid":{"rendered":"https:\/\/interamerica.org\/?p=116204"},"modified":"2024-06-24T12:58:14","modified_gmt":"2024-06-24T16:58:14","slug":"le-centre-medical-de-luniversite-de-loma-linda-presente-une-therapie-genique-transformatrice-contre-lhemophilie","status":"publish","type":"post","link":"https:\/\/interamerica.org\/fr\/2024\/06\/le-centre-medical-de-luniversite-de-loma-linda-presente-une-therapie-genique-transformatrice-contre-lhemophilie\/","title":{"rendered":"Le Centre m\u00e9dical de l\u2019Universit\u00e9 de Loma Linda pr\u00e9sente une th\u00e9rapie g\u00e9nique transformatrice contre l\u2019h\u00e9mophilie"},"content":{"rendered":"<p><i><span style=\"font-weight: 400;\">L\u2019\u00e9tablissement adventiste offre une th\u00e9rapie g\u00e9n\u00e9tique de pointe qui peut transformer la vie des enfants et des adultes qui souffrent de telles conditions handicapantes.<\/span><\/i><\/p>\n<p><span style=\"font-weight: 400;\">Le 19 juin 2024 | Loma Linda, Californie, \u00c9tats-Unis | Linda Ha<\/span><\/p>\n<p><span style=\"font-weight: 400;\">Le Programme d\u2019h\u00e9mophilie du Centre m\u00e9dical de l\u2019Universit\u00e9 de Loma Linda (LLUH pour <\/span><i><span style=\"font-weight: 400;\">Loma Linda University Health<\/span><\/i><span style=\"font-weight: 400;\">) offre maintenant le traitement HEMGENIX, la premi\u00e8re th\u00e9rapie g\u00e9nique approuv\u00e9e par la FDA contre l\u2019h\u00e9mophilie B, en plus du \u00ab\u00a0dirloctocogene samoparvovec\u00a0\u00bb, une th\u00e9rapie g\u00e9nique de pointe de deuxi\u00e8me g\u00e9n\u00e9ration contre l\u2019h\u00e9mophilie A. Cette innovation a le potentiel de transformer la vie d\u2019innombrables patients, enfants et adultes, souffrant de cette condition handicapante.<\/span><\/p>\n<p><span style=\"font-weight: 400;\">L\u2019h\u00e9mophilie est un trouble g\u00e9n\u00e9tique qui affecte la capacit\u00e9 du sang \u00e0 coaguler et qui diminue la qualit\u00e9 de vie de ceux qui en souffrent. Elle peut transformer les blessures mineures en \u00e9normes risques pour la sant\u00e9, car elle peut causer des saignements incontr\u00f4lables. D\u2019apr\u00e8s la Biblioth\u00e8que nationale de m\u00e9decine, on l\u2019appelle souvent la \u00ab\u00a0maladie royale\u00a0\u00bb, \u00e9tant donn\u00e9 sa pr\u00e9valence parmi les descendants de la reine Victoria (Royaume-Uni), elle qui \u00e9tait porteuse de l\u2019h\u00e9mophilie, ce trouble g\u00e9n\u00e9tique qui affecte la capacit\u00e9 du sang \u00e0 coaguler, occasionnant des saignements excessifs lors des blessures mineures. Le trouble est g\u00e9n\u00e9ralement transmis par le chromosome X, la raison pour laquelle il affecte principalement les hommes, alors que les femmes en sont g\u00e9n\u00e9ralement les porteuses. L\u2019h\u00e9mophilie peut transformer les blessures mineures en risques importants pour la sant\u00e9 \u00e9tant donn\u00e9 les saignements incontr\u00f4lables qu\u2019elle occasionne.<\/span><\/p>\n<p><div id=\"attachment_116091\" style=\"width: 856px\" class=\"wp-caption aligncenter\"><img fetchpriority=\"high\" decoding=\"async\" aria-describedby=\"caption-attachment-116091\" class=\" wp-image-116090\" src=\"https:\/\/interamerica.org\/wp-content\/uploads\/2024\/06\/llu-gene-therapyimg-2107.jpeg\" alt=\"\" width=\"846\" height=\"476\" srcset=\"https:\/\/interamerica.org\/wp-content\/uploads\/2024\/06\/llu-gene-therapyimg-2107.jpeg 755w, https:\/\/interamerica.org\/wp-content\/uploads\/2024\/06\/llu-gene-therapyimg-2107-300x169.jpeg 300w\" sizes=\"(max-width: 846px) 100vw, 846px\" \/><p id=\"caption-attachment-116091\" class=\"wp-caption-text\"><span style=\"font-weight: 400;\">Le docteur Jain et son patient h\u00e9mophile, Edgar Larios. [Une photo de l\u2019Universit\u00e9 de Loma Linda]<\/span><\/p><\/div><span style=\"font-weight: 400;\">Auparavant, pour ma\u00eetriser leur h\u00e9mophilie, les patients devaient s\u2019injecter eux-m\u00eames des facteurs de coagulation, et ce, plusieurs fois par semaine afin d\u2019\u00e9viter les \u00e9pisodes dangereux de saignements, un traitement tout aussi douloureux que restrictif.<\/span><\/p>\n<p><span style=\"font-weight: 400;\">Le traitement HEMGENIX permet dor\u00e9navant aux patients de produire leurs propres facteurs de coagulation, qu\u2019ils n\u2019ont pas naturellement. Ce traitement administr\u00e9 qu\u2019une seule fois consiste en une infusion de trois heures qui transmet au foie un g\u00e8ne modifi\u00e9, permettant la production naturelle de facteurs de coagulation.<\/span><\/p>\n<p><span style=\"font-weight: 400;\">\u00ab\u00a0HEMGENIX s\u2019est av\u00e9r\u00e9 \u00eatre un traitement transformateur pour les patients, a dit le docteur <\/span><a href=\"https:\/\/lluh.org\/provider\/jain-akshat\"><span style=\"font-weight: 400;\">Akshat Jain<\/span><\/a><span style=\"font-weight: 400;\">, directeur des Troubles de saignements h\u00e9r\u00e9ditaires de l\u2019h\u00f4pital pour enfants de l\u2019Universit\u00e9 de Loma Linda. Il augmente les taux de facteurs de coagulation, les faisant passer de moins de 1\u00a0% \u00e0 environ 30 \u00e0 40\u00a0%, une am\u00e9lioration incroyable. Bien que l\u2019intervalle normal commence \u00e0 55\u00a0%, cette augmentation r\u00e9duit consid\u00e9rablement la fr\u00e9quence et la gravit\u00e9 des \u00e9pisodes de saignement, permettant aux patients de vivre quasi normalement.\u00a0\u00bb<\/span><\/p>\n<p><span style=\"font-weight: 400;\">Les patients peuvent marcher, faire du sport et travailler sans la peur constante de se mettre \u00e0 saigner dangereusement.<\/span><\/p>\n<p><span style=\"font-weight: 400;\">Edgar Larios, 18 ans, est un patient h\u00e9mophile pour qui l\u2019on consid\u00e8re le traitement par th\u00e9rapie g\u00e9nique. \u00ab\u00a0Ma vie serait compl\u00e8tement transform\u00e9e, car je n\u2019aurais plus \u00e0 m\u2019injecter des centaines de fois et je pourrais \u00eatre plus actif sans craindre constamment l\u2019h\u00e9morragie\u00a0\u00bb, a-t-il dit.<\/span><\/p>\n<p><span style=\"font-weight: 400;\">Le LLUH a structur\u00e9 son programme de mani\u00e8re \u00e0 s\u2019assurer que les contraintes financi\u00e8res ne bloquent pas l\u2019acc\u00e8s \u00e0 ce traitement transformateur, car bien des patients d\u00e9pendent de Medicare ou de Medicaid.<\/span><\/p>\n<p><span style=\"font-weight: 400;\">\u00ab\u00a0L\u2019approche holistique de notre centre comprend les infrastructures compl\u00e8tes et les protocoles de s\u00e9curit\u00e9 pour administrer le traitement g\u00e9nique, a expliqu\u00e9 le Dr Jain. Nous sommes l\u2019un des quelques h\u00f4pitaux aux \u00c9tats-Unis \u00e0 offrir ce traitement de pointe et le seul de l\u2019Inland Empire \u00e0 \u00eatre organis\u00e9 pour le faire.\u00a0\u00bb<\/span><\/p>\n<p><span style=\"font-weight: 400;\">Pour plus de renseignements sur le programme contre l\u2019h\u00e9mophilie du Centre m\u00e9dical de l\u2019Universit\u00e9 de Loma Linda, voici le <\/span><a href=\"https:\/\/lluch.org\/services\/pediatric-hemophilia-bleeding-disorders\"><span style=\"font-weight: 400;\">lien<\/span><\/a><span style=\"font-weight: 400;\">.<\/span><\/p>\n<p><span style=\"font-weight: 400;\">Traduction\u00a0: Marie-Mich\u00e8le Robitaille<\/span><\/p>\n","protected":false},"excerpt":{"rendered":"<p>L\u2019\u00e9tablissement adventiste offre une th\u00e9rapie g\u00e9n\u00e9tique de pointe qui peut transformer la vie des enfants et des adultes qui souffrent de telles conditions handicapantes. Le 19 juin 2024 | Loma&#8230;<\/p>\n","protected":false},"author":3,"featured_media":116091,"comment_status":"closed","ping_status":"closed","sticky":false,"template":"","format":"standard","meta":{"_acf_changed":false,"footnotes":""},"categories":[18,19],"tags":[],"class_list":["post-116204","post","type-post","status-publish","format-standard","has-post-thumbnail","hentry","category-nouvelles-de-leglise-mondiale","category-rss-francais"],"acf":[],"yoast_head":"<!-- This site is optimized with the Yoast SEO plugin v27.3 - https:\/\/yoast.com\/product\/yoast-seo-wordpress\/ -->\n<title>Le Centre m\u00e9dical de l\u2019Universit\u00e9 de Loma Linda pr\u00e9sente une th\u00e9rapie g\u00e9nique transformatrice contre l\u2019h\u00e9mophilie - \u00c9glise Adventiste Du Septieme Jour - Inter Am\u00e9rique Division<\/title>\n<meta name=\"robots\" content=\"index, follow, max-snippet:-1, max-image-preview:large, max-video-preview:-1\" \/>\n<link rel=\"canonical\" href=\"https:\/\/interamerica.org\/fr\/2024\/06\/le-centre-medical-de-luniversite-de-loma-linda-presente-une-therapie-genique-transformatrice-contre-lhemophilie\/\" \/>\n<meta property=\"og:locale\" content=\"fr_FR\" \/>\n<meta property=\"og:type\" content=\"article\" \/>\n<meta property=\"og:title\" content=\"Le Centre m\u00e9dical de l\u2019Universit\u00e9 de Loma Linda pr\u00e9sente une th\u00e9rapie g\u00e9nique transformatrice contre l\u2019h\u00e9mophilie - \u00c9glise Adventiste Du Septieme Jour - Inter Am\u00e9rique Division\" \/>\n<meta property=\"og:description\" content=\"L\u2019\u00e9tablissement adventiste offre une th\u00e9rapie g\u00e9n\u00e9tique de pointe qui peut transformer la vie des enfants et des adultes qui souffrent de telles conditions handicapantes. Le 19 juin 2024 | Loma...\" \/>\n<meta property=\"og:url\" content=\"https:\/\/interamerica.org\/fr\/2024\/06\/le-centre-medical-de-luniversite-de-loma-linda-presente-une-therapie-genique-transformatrice-contre-lhemophilie\/\" \/>\n<meta property=\"og:site_name\" content=\"\u00c9glise Adventiste Du Septieme Jour - Inter Am\u00e9rique Division\" \/>\n<meta property=\"article:published_time\" content=\"2024-06-19T16:16:33+00:00\" \/>\n<meta property=\"article:modified_time\" content=\"2024-06-24T16:58:14+00:00\" \/>\n<meta property=\"og:image\" content=\"https:\/\/interamerica.org\/wp-content\/uploads\/2024\/06\/llu-gene-therapyimg-2107.jpeg\" \/>\n\t<meta property=\"og:image:width\" content=\"755\" \/>\n\t<meta property=\"og:image:height\" content=\"425\" \/>\n\t<meta property=\"og:image:type\" content=\"image\/jpeg\" \/>\n<meta name=\"author\" content=\"libna\" \/>\n<meta name=\"twitter:card\" content=\"summary_large_image\" \/>\n<meta name=\"twitter:label1\" content=\"\u00c9crit par\" \/>\n\t<meta name=\"twitter:data1\" content=\"libna\" \/>\n\t<meta name=\"twitter:label2\" content=\"Dur\u00e9e de lecture estim\u00e9e\" \/>\n\t<meta name=\"twitter:data2\" content=\"4 minutes\" \/>\n<script type=\"application\/ld+json\" class=\"yoast-schema-graph\">{\"@context\":\"https:\\\/\\\/schema.org\",\"@graph\":[{\"@type\":\"Article\",\"@id\":\"https:\\\/\\\/interamerica.org\\\/fr\\\/2024\\\/06\\\/le-centre-medical-de-luniversite-de-loma-linda-presente-une-therapie-genique-transformatrice-contre-lhemophilie\\\/#article\",\"isPartOf\":{\"@id\":\"https:\\\/\\\/interamerica.org\\\/fr\\\/2024\\\/06\\\/le-centre-medical-de-luniversite-de-loma-linda-presente-une-therapie-genique-transformatrice-contre-lhemophilie\\\/\"},\"author\":{\"name\":\"libna\",\"@id\":\"https:\\\/\\\/interamerica.org\\\/fr\\\/#\\\/schema\\\/person\\\/29998f2bc2d8bd0d38662909289b54f1\"},\"headline\":\"Le Centre m\u00e9dical de l\u2019Universit\u00e9 de Loma Linda pr\u00e9sente une th\u00e9rapie g\u00e9nique transformatrice contre l\u2019h\u00e9mophilie\",\"datePublished\":\"2024-06-19T16:16:33+00:00\",\"dateModified\":\"2024-06-24T16:58:14+00:00\",\"mainEntityOfPage\":{\"@id\":\"https:\\\/\\\/interamerica.org\\\/fr\\\/2024\\\/06\\\/le-centre-medical-de-luniversite-de-loma-linda-presente-une-therapie-genique-transformatrice-contre-lhemophilie\\\/\"},\"wordCount\":695,\"image\":{\"@id\":\"https:\\\/\\\/interamerica.org\\\/fr\\\/2024\\\/06\\\/le-centre-medical-de-luniversite-de-loma-linda-presente-une-therapie-genique-transformatrice-contre-lhemophilie\\\/#primaryimage\"},\"thumbnailUrl\":\"https:\\\/\\\/interamerica.org\\\/wp-content\\\/uploads\\\/2024\\\/06\\\/llu-gene-therapyimg-2107.jpeg\",\"articleSection\":[\"Nouvelles de l'\u00c9glise mondiale\",\"RSS Fran\u00e7ais\"],\"inLanguage\":\"fr-FR\"},{\"@type\":\"WebPage\",\"@id\":\"https:\\\/\\\/interamerica.org\\\/fr\\\/2024\\\/06\\\/le-centre-medical-de-luniversite-de-loma-linda-presente-une-therapie-genique-transformatrice-contre-lhemophilie\\\/\",\"url\":\"https:\\\/\\\/interamerica.org\\\/fr\\\/2024\\\/06\\\/le-centre-medical-de-luniversite-de-loma-linda-presente-une-therapie-genique-transformatrice-contre-lhemophilie\\\/\",\"name\":\"Le Centre m\u00e9dical de l\u2019Universit\u00e9 de Loma Linda pr\u00e9sente une th\u00e9rapie g\u00e9nique transformatrice contre l\u2019h\u00e9mophilie - \u00c9glise Adventiste Du Septieme Jour - Inter Am\u00e9rique Division\",\"isPartOf\":{\"@id\":\"https:\\\/\\\/interamerica.org\\\/fr\\\/#website\"},\"primaryImageOfPage\":{\"@id\":\"https:\\\/\\\/interamerica.org\\\/fr\\\/2024\\\/06\\\/le-centre-medical-de-luniversite-de-loma-linda-presente-une-therapie-genique-transformatrice-contre-lhemophilie\\\/#primaryimage\"},\"image\":{\"@id\":\"https:\\\/\\\/interamerica.org\\\/fr\\\/2024\\\/06\\\/le-centre-medical-de-luniversite-de-loma-linda-presente-une-therapie-genique-transformatrice-contre-lhemophilie\\\/#primaryimage\"},\"thumbnailUrl\":\"https:\\\/\\\/interamerica.org\\\/wp-content\\\/uploads\\\/2024\\\/06\\\/llu-gene-therapyimg-2107.jpeg\",\"datePublished\":\"2024-06-19T16:16:33+00:00\",\"dateModified\":\"2024-06-24T16:58:14+00:00\",\"author\":{\"@id\":\"https:\\\/\\\/interamerica.org\\\/fr\\\/#\\\/schema\\\/person\\\/29998f2bc2d8bd0d38662909289b54f1\"},\"breadcrumb\":{\"@id\":\"https:\\\/\\\/interamerica.org\\\/fr\\\/2024\\\/06\\\/le-centre-medical-de-luniversite-de-loma-linda-presente-une-therapie-genique-transformatrice-contre-lhemophilie\\\/#breadcrumb\"},\"inLanguage\":\"fr-FR\",\"potentialAction\":[{\"@type\":\"ReadAction\",\"target\":[\"https:\\\/\\\/interamerica.org\\\/fr\\\/2024\\\/06\\\/le-centre-medical-de-luniversite-de-loma-linda-presente-une-therapie-genique-transformatrice-contre-lhemophilie\\\/\"]}]},{\"@type\":\"ImageObject\",\"inLanguage\":\"fr-FR\",\"@id\":\"https:\\\/\\\/interamerica.org\\\/fr\\\/2024\\\/06\\\/le-centre-medical-de-luniversite-de-loma-linda-presente-une-therapie-genique-transformatrice-contre-lhemophilie\\\/#primaryimage\",\"url\":\"https:\\\/\\\/interamerica.org\\\/wp-content\\\/uploads\\\/2024\\\/06\\\/llu-gene-therapyimg-2107.jpeg\",\"contentUrl\":\"https:\\\/\\\/interamerica.org\\\/wp-content\\\/uploads\\\/2024\\\/06\\\/llu-gene-therapyimg-2107.jpeg\",\"width\":755,\"height\":425,\"caption\":\"Dr. Jain and his hemophilia patient Edgar Larios. [Photo: Loma Linda University]\"},{\"@type\":\"BreadcrumbList\",\"@id\":\"https:\\\/\\\/interamerica.org\\\/fr\\\/2024\\\/06\\\/le-centre-medical-de-luniversite-de-loma-linda-presente-une-therapie-genique-transformatrice-contre-lhemophilie\\\/#breadcrumb\",\"itemListElement\":[{\"@type\":\"ListItem\",\"position\":1,\"name\":\"Home\",\"item\":\"https:\\\/\\\/interamerica.org\\\/fr\\\/\"},{\"@type\":\"ListItem\",\"position\":2,\"name\":\"Le Centre m\u00e9dical de l\u2019Universit\u00e9 de Loma Linda pr\u00e9sente une th\u00e9rapie g\u00e9nique transformatrice contre l\u2019h\u00e9mophilie\"}]},{\"@type\":\"WebSite\",\"@id\":\"https:\\\/\\\/interamerica.org\\\/fr\\\/#website\",\"url\":\"https:\\\/\\\/interamerica.org\\\/fr\\\/\",\"name\":\"\u00c9glise Adventiste Du Septieme Jour - Inter Am\u00e9rique Division\",\"description\":\"\",\"potentialAction\":[{\"@type\":\"SearchAction\",\"target\":{\"@type\":\"EntryPoint\",\"urlTemplate\":\"https:\\\/\\\/interamerica.org\\\/fr\\\/?s={search_term_string}\"},\"query-input\":{\"@type\":\"PropertyValueSpecification\",\"valueRequired\":true,\"valueName\":\"search_term_string\"}}],\"inLanguage\":\"fr-FR\"},{\"@type\":\"Person\",\"@id\":\"https:\\\/\\\/interamerica.org\\\/fr\\\/#\\\/schema\\\/person\\\/29998f2bc2d8bd0d38662909289b54f1\",\"name\":\"libna\",\"image\":{\"@type\":\"ImageObject\",\"inLanguage\":\"fr-FR\",\"@id\":\"https:\\\/\\\/secure.gravatar.com\\\/avatar\\\/7c5bd30ae4b47a9ba3c856590957fd1d96dc588bf3ac05719d247e126840331f?s=96&d=mm&r=g\",\"url\":\"https:\\\/\\\/secure.gravatar.com\\\/avatar\\\/7c5bd30ae4b47a9ba3c856590957fd1d96dc588bf3ac05719d247e126840331f?s=96&d=mm&r=g\",\"contentUrl\":\"https:\\\/\\\/secure.gravatar.com\\\/avatar\\\/7c5bd30ae4b47a9ba3c856590957fd1d96dc588bf3ac05719d247e126840331f?s=96&d=mm&r=g\",\"caption\":\"libna\"}}]}<\/script>\n<!-- \/ Yoast SEO plugin. -->","yoast_head_json":{"title":"Le Centre m\u00e9dical de l\u2019Universit\u00e9 de Loma Linda pr\u00e9sente une th\u00e9rapie g\u00e9nique transformatrice contre l\u2019h\u00e9mophilie - \u00c9glise Adventiste Du Septieme Jour - Inter Am\u00e9rique Division","robots":{"index":"index","follow":"follow","max-snippet":"max-snippet:-1","max-image-preview":"max-image-preview:large","max-video-preview":"max-video-preview:-1"},"canonical":"https:\/\/interamerica.org\/fr\/2024\/06\/le-centre-medical-de-luniversite-de-loma-linda-presente-une-therapie-genique-transformatrice-contre-lhemophilie\/","og_locale":"fr_FR","og_type":"article","og_title":"Le Centre m\u00e9dical de l\u2019Universit\u00e9 de Loma Linda pr\u00e9sente une th\u00e9rapie g\u00e9nique transformatrice contre l\u2019h\u00e9mophilie - \u00c9glise Adventiste Du Septieme Jour - Inter Am\u00e9rique Division","og_description":"L\u2019\u00e9tablissement adventiste offre une th\u00e9rapie g\u00e9n\u00e9tique de pointe qui peut transformer la vie des enfants et des adultes qui souffrent de telles conditions handicapantes. Le 19 juin 2024 | Loma...","og_url":"https:\/\/interamerica.org\/fr\/2024\/06\/le-centre-medical-de-luniversite-de-loma-linda-presente-une-therapie-genique-transformatrice-contre-lhemophilie\/","og_site_name":"\u00c9glise Adventiste Du Septieme Jour - Inter Am\u00e9rique Division","article_published_time":"2024-06-19T16:16:33+00:00","article_modified_time":"2024-06-24T16:58:14+00:00","og_image":[{"width":755,"height":425,"url":"https:\/\/interamerica.org\/wp-content\/uploads\/2024\/06\/llu-gene-therapyimg-2107.jpeg","type":"image\/jpeg"}],"author":"libna","twitter_card":"summary_large_image","twitter_misc":{"\u00c9crit par":"libna","Dur\u00e9e de lecture estim\u00e9e":"4 minutes"},"schema":{"@context":"https:\/\/schema.org","@graph":[{"@type":"Article","@id":"https:\/\/interamerica.org\/fr\/2024\/06\/le-centre-medical-de-luniversite-de-loma-linda-presente-une-therapie-genique-transformatrice-contre-lhemophilie\/#article","isPartOf":{"@id":"https:\/\/interamerica.org\/fr\/2024\/06\/le-centre-medical-de-luniversite-de-loma-linda-presente-une-therapie-genique-transformatrice-contre-lhemophilie\/"},"author":{"name":"libna","@id":"https:\/\/interamerica.org\/fr\/#\/schema\/person\/29998f2bc2d8bd0d38662909289b54f1"},"headline":"Le Centre m\u00e9dical de l\u2019Universit\u00e9 de Loma Linda pr\u00e9sente une th\u00e9rapie g\u00e9nique transformatrice contre l\u2019h\u00e9mophilie","datePublished":"2024-06-19T16:16:33+00:00","dateModified":"2024-06-24T16:58:14+00:00","mainEntityOfPage":{"@id":"https:\/\/interamerica.org\/fr\/2024\/06\/le-centre-medical-de-luniversite-de-loma-linda-presente-une-therapie-genique-transformatrice-contre-lhemophilie\/"},"wordCount":695,"image":{"@id":"https:\/\/interamerica.org\/fr\/2024\/06\/le-centre-medical-de-luniversite-de-loma-linda-presente-une-therapie-genique-transformatrice-contre-lhemophilie\/#primaryimage"},"thumbnailUrl":"https:\/\/interamerica.org\/wp-content\/uploads\/2024\/06\/llu-gene-therapyimg-2107.jpeg","articleSection":["Nouvelles de l'\u00c9glise mondiale","RSS Fran\u00e7ais"],"inLanguage":"fr-FR"},{"@type":"WebPage","@id":"https:\/\/interamerica.org\/fr\/2024\/06\/le-centre-medical-de-luniversite-de-loma-linda-presente-une-therapie-genique-transformatrice-contre-lhemophilie\/","url":"https:\/\/interamerica.org\/fr\/2024\/06\/le-centre-medical-de-luniversite-de-loma-linda-presente-une-therapie-genique-transformatrice-contre-lhemophilie\/","name":"Le Centre m\u00e9dical de l\u2019Universit\u00e9 de Loma Linda pr\u00e9sente une th\u00e9rapie g\u00e9nique transformatrice contre l\u2019h\u00e9mophilie - \u00c9glise Adventiste Du Septieme Jour - Inter Am\u00e9rique Division","isPartOf":{"@id":"https:\/\/interamerica.org\/fr\/#website"},"primaryImageOfPage":{"@id":"https:\/\/interamerica.org\/fr\/2024\/06\/le-centre-medical-de-luniversite-de-loma-linda-presente-une-therapie-genique-transformatrice-contre-lhemophilie\/#primaryimage"},"image":{"@id":"https:\/\/interamerica.org\/fr\/2024\/06\/le-centre-medical-de-luniversite-de-loma-linda-presente-une-therapie-genique-transformatrice-contre-lhemophilie\/#primaryimage"},"thumbnailUrl":"https:\/\/interamerica.org\/wp-content\/uploads\/2024\/06\/llu-gene-therapyimg-2107.jpeg","datePublished":"2024-06-19T16:16:33+00:00","dateModified":"2024-06-24T16:58:14+00:00","author":{"@id":"https:\/\/interamerica.org\/fr\/#\/schema\/person\/29998f2bc2d8bd0d38662909289b54f1"},"breadcrumb":{"@id":"https:\/\/interamerica.org\/fr\/2024\/06\/le-centre-medical-de-luniversite-de-loma-linda-presente-une-therapie-genique-transformatrice-contre-lhemophilie\/#breadcrumb"},"inLanguage":"fr-FR","potentialAction":[{"@type":"ReadAction","target":["https:\/\/interamerica.org\/fr\/2024\/06\/le-centre-medical-de-luniversite-de-loma-linda-presente-une-therapie-genique-transformatrice-contre-lhemophilie\/"]}]},{"@type":"ImageObject","inLanguage":"fr-FR","@id":"https:\/\/interamerica.org\/fr\/2024\/06\/le-centre-medical-de-luniversite-de-loma-linda-presente-une-therapie-genique-transformatrice-contre-lhemophilie\/#primaryimage","url":"https:\/\/interamerica.org\/wp-content\/uploads\/2024\/06\/llu-gene-therapyimg-2107.jpeg","contentUrl":"https:\/\/interamerica.org\/wp-content\/uploads\/2024\/06\/llu-gene-therapyimg-2107.jpeg","width":755,"height":425,"caption":"Dr. Jain and his hemophilia patient Edgar Larios. [Photo: Loma Linda University]"},{"@type":"BreadcrumbList","@id":"https:\/\/interamerica.org\/fr\/2024\/06\/le-centre-medical-de-luniversite-de-loma-linda-presente-une-therapie-genique-transformatrice-contre-lhemophilie\/#breadcrumb","itemListElement":[{"@type":"ListItem","position":1,"name":"Home","item":"https:\/\/interamerica.org\/fr\/"},{"@type":"ListItem","position":2,"name":"Le Centre m\u00e9dical de l\u2019Universit\u00e9 de Loma Linda pr\u00e9sente une th\u00e9rapie g\u00e9nique transformatrice contre l\u2019h\u00e9mophilie"}]},{"@type":"WebSite","@id":"https:\/\/interamerica.org\/fr\/#website","url":"https:\/\/interamerica.org\/fr\/","name":"\u00c9glise Adventiste Du Septieme Jour - Inter Am\u00e9rique Division","description":"","potentialAction":[{"@type":"SearchAction","target":{"@type":"EntryPoint","urlTemplate":"https:\/\/interamerica.org\/fr\/?s={search_term_string}"},"query-input":{"@type":"PropertyValueSpecification","valueRequired":true,"valueName":"search_term_string"}}],"inLanguage":"fr-FR"},{"@type":"Person","@id":"https:\/\/interamerica.org\/fr\/#\/schema\/person\/29998f2bc2d8bd0d38662909289b54f1","name":"libna","image":{"@type":"ImageObject","inLanguage":"fr-FR","@id":"https:\/\/secure.gravatar.com\/avatar\/7c5bd30ae4b47a9ba3c856590957fd1d96dc588bf3ac05719d247e126840331f?s=96&d=mm&r=g","url":"https:\/\/secure.gravatar.com\/avatar\/7c5bd30ae4b47a9ba3c856590957fd1d96dc588bf3ac05719d247e126840331f?s=96&d=mm&r=g","contentUrl":"https:\/\/secure.gravatar.com\/avatar\/7c5bd30ae4b47a9ba3c856590957fd1d96dc588bf3ac05719d247e126840331f?s=96&d=mm&r=g","caption":"libna"}}]}},"_links":{"self":[{"href":"https:\/\/interamerica.org\/fr\/wp-json\/wp\/v2\/posts\/116204","targetHints":{"allow":["GET"]}}],"collection":[{"href":"https:\/\/interamerica.org\/fr\/wp-json\/wp\/v2\/posts"}],"about":[{"href":"https:\/\/interamerica.org\/fr\/wp-json\/wp\/v2\/types\/post"}],"author":[{"embeddable":true,"href":"https:\/\/interamerica.org\/fr\/wp-json\/wp\/v2\/users\/3"}],"replies":[{"embeddable":true,"href":"https:\/\/interamerica.org\/fr\/wp-json\/wp\/v2\/comments?post=116204"}],"version-history":[{"count":0,"href":"https:\/\/interamerica.org\/fr\/wp-json\/wp\/v2\/posts\/116204\/revisions"}],"wp:featuredmedia":[{"embeddable":true,"href":"https:\/\/interamerica.org\/fr\/wp-json\/wp\/v2\/media\/116091"}],"wp:attachment":[{"href":"https:\/\/interamerica.org\/fr\/wp-json\/wp\/v2\/media?parent=116204"}],"wp:term":[{"taxonomy":"category","embeddable":true,"href":"https:\/\/interamerica.org\/fr\/wp-json\/wp\/v2\/categories?post=116204"},{"taxonomy":"post_tag","embeddable":true,"href":"https:\/\/interamerica.org\/fr\/wp-json\/wp\/v2\/tags?post=116204"}],"curies":[{"name":"wp","href":"https:\/\/api.w.org\/{rel}","templated":true}]}}