{"id":116262,"date":"2024-06-23T11:35:35","date_gmt":"2024-06-23T15:35:35","guid":{"rendered":"https:\/\/interamerica.org\/?p=116262"},"modified":"2024-06-25T14:26:30","modified_gmt":"2024-06-25T18:26:30","slug":"deux-nouvelles-editions-de-la-bible-visent-a-soutenir-le-culte-dans-la-famille-adventiste","status":"publish","type":"post","link":"https:\/\/interamerica.org\/fr\/2024\/06\/deux-nouvelles-editions-de-la-bible-visent-a-soutenir-le-culte-dans-la-famille-adventiste\/","title":{"rendered":"Deux nouvelles \u00e9ditions de la Bible visent \u00e0 soutenir le culte dans la famille adventiste"},"content":{"rendered":"<div id=\"attachment_116238\" style=\"width: 879px\" class=\"wp-caption aligncenter\"><img fetchpriority=\"high\" decoding=\"async\" aria-describedby=\"caption-attachment-116238\" class=\" wp-image-116237\" src=\"https:\/\/interamerica.org\/wp-content\/uploads\/2024\/06\/ar-dsc-0127.jpg\" alt=\"\" width=\"869\" height=\"533\" srcset=\"https:\/\/interamerica.org\/wp-content\/uploads\/2024\/06\/ar-dsc-0127.jpg 1000w, https:\/\/interamerica.org\/wp-content\/uploads\/2024\/06\/ar-dsc-0127-300x184.jpg 300w, https:\/\/interamerica.org\/wp-content\/uploads\/2024\/06\/ar-dsc-0127-768x471.jpg 768w\" sizes=\"(max-width: 869px) 100vw, 869px\" \/><p id=\"caption-attachment-116238\" class=\"wp-caption-text\">Avec d\u2019autres dirigeants d\u2019\u00e9glise et des personnes responsables du projet des nouvelles Bibles, le pr\u00e9sident de la Conf\u00e9rence G\u00e9n\u00e9rale, Ted N. C. Wilson (deuxi\u00e8me \u00e0 partir de la gauche), prie pour les nouvelles \u00e9ditions lors du congr\u00e8s national de l\u2019Union de F\u00e9d\u00e9rations des \u00c9glises Espagnoles qui s\u2019est tenu \u00e0 Fuenlabrada, \u00e0 Madrid, en Espagne, le 15 juin. [Photo : Marcos Paseggi, Adventist Review]<\/p><\/div>\n<h4 class=\"c-post-header__subtitle\">Les nouveaux volumes ont \u00e9t\u00e9 consacr\u00e9s \u00e0 Dieu lors du r\u00e9cent congr\u00e8s de l\u2019\u00c9glise en Espagne.<\/h4>\n<p>23 Juin 2024 | Espagne | Marcos Paseggi, Adventist Review<\/p>\n<p>Les dirigeants et les membres d\u2019\u00e9glise participant au congr\u00e8s national de l\u2019Union de F\u00e9d\u00e9rations des \u00c9glises Espagnoles \u00e0 Fuenlabrada, \u00e0 Madrid, en Espagne, ont particip\u00e9 \u00e0 une c\u00e9r\u00e9monie sp\u00e9ciale d\u2019inauguration le 15 juin. Les dirigeants de la maison d\u2019\u00e9dition Safeliz ont pr\u00e9sent\u00e9 et consacr\u00e9 \u00e0 Dieu deux nouvelles \u00e9ditions de la Bible. Ci-dessous, une br\u00e8ve description pr\u00e9sente chacune d\u2019entre elles, qui ont \u00e9t\u00e9 publi\u00e9es d\u2019abord en espagnol. Des versions en anglais et en portugais suivront bient\u00f4t, ont indiqu\u00e9 les dirigeants de la maison d\u2019\u00e9dition.<\/p>\n<p><strong>La Bible de Louange et d\u2019Adoration<\/strong><\/p>\n<p>La Bible de Louange et d\u2019Adoration est une Bible extraordinaire, qui comprend des ressources exceptionnelles pour consolider la foi et revitaliser la vie spirituelle, ont indiqu\u00e9 les \u00e9diteurs. Le volume comprend 210 chants bibliques dont les paroles sont des versets choisis dans la Bible. Ils passent en revue les passages, les personnages et les \u00e9v\u00e9nements bibliques les plus connus, de la Gen\u00e8se \u00e0 l\u2019Apocalypse, et sont \u00e9galement disponibles au format vid\u00e9o via des QR codes.<\/p>\n<p><div id=\"attachment_116244\" style=\"width: 877px\" class=\"wp-caption aligncenter\"><img decoding=\"async\" aria-describedby=\"caption-attachment-116244\" class=\" wp-image-116243\" src=\"https:\/\/interamerica.org\/wp-content\/uploads\/2024\/06\/dsc-0123.jpg\" alt=\"\" width=\"867\" height=\"578\" srcset=\"https:\/\/interamerica.org\/wp-content\/uploads\/2024\/06\/dsc-0123.jpg 1000w, https:\/\/interamerica.org\/wp-content\/uploads\/2024\/06\/dsc-0123-300x200.jpg 300w, https:\/\/interamerica.org\/wp-content\/uploads\/2024\/06\/dsc-0123-768x512.jpg 768w\" sizes=\"(max-width: 867px) 100vw, 867px\" \/><p id=\"caption-attachment-116244\" class=\"wp-caption-text\">L\u2019\u00e9quipe de dirigeants qui a coordonn\u00e9 le projet des nouvelles Bibles \u00e9coute le pr\u00e9sident de la Conf\u00e9rence G\u00e9n\u00e9rale, Ted N. C. Wilson (troisi\u00e8me \u00e0 partir de la gauche) avant qu\u2019il ne prie pour les nouvelles \u00e9ditions. [Photo : Marcos Paseggi, Adventist Review]<\/p><\/div>Les \u00e9diteurs de Safeliz ont \u00e9galement indiqu\u00e9 que les chansons, qui incluent les partitions, la production professionnelle et les arrangements musicaux, ont \u00e9t\u00e9 \u00e9crites par la compositrice Liliam Martinelli en utilisant divers styles musicaux \u00ab pour aider les enfants, les adolescents, les jeunes et les adultes \u00e0 m\u00e9moriser la Parole de Dieu \u00e0 travers le chant. \u00bb De plus, la Bible comprend un index qui, entre autres donn\u00e9es, permet de trouver des chansons \u00e0 chanter en solo, en duo, en trio ou en quatuor, ou en chorale.<\/p>\n<p><div id=\"attachment_116247\" style=\"width: 884px\" class=\"wp-caption aligncenter\"><img decoding=\"async\" aria-describedby=\"caption-attachment-116247\" class=\"wp-image-116246\" src=\"https:\/\/interamerica.org\/wp-content\/uploads\/2024\/06\/dsc-0088.jpg\" alt=\"\" width=\"874\" height=\"513\" srcset=\"https:\/\/interamerica.org\/wp-content\/uploads\/2024\/06\/dsc-0088.jpg 1000w, https:\/\/interamerica.org\/wp-content\/uploads\/2024\/06\/dsc-0088-300x176.jpg 300w, https:\/\/interamerica.org\/wp-content\/uploads\/2024\/06\/dsc-0088-768x451.jpg 768w\" sizes=\"(max-width: 874px) 100vw, 874px\" \/><p id=\"caption-attachment-116247\" class=\"wp-caption-text\">La chorale d\u2019enfants Heavenly Notes (Notes C\u00e9lestes) partage un \u00e9chantillon des chansons incluses dans la Bible de Louange et d\u2019Adoration. Les paroles des chansons sont des versets s\u00e9lectionn\u00e9s de la Bible. [Photo : Marcos Paseggi, Adventist Review]<\/p><\/div>La Bible de Louange et d\u2019Adoration comprend \u00e9galement des centaines de textes de m\u00e9ditation qui, selon les \u00e9diteurs, peuvent contribuer \u00e0 rendre le culte familial \u00ab simple, attrayant et pertinent. \u00bb La Bible propose cinq types de m\u00e9ditations, notamment des textes pour les enfants, les adolescents, les jeunes, tout le monde et des textes d\u2019Ellen G. White. Une m\u00e9ditation quotidienne est incluse dans la version imprim\u00e9e, mais le lecteur peut retrouver les quatre autres pour ce jour \u00e0 l\u2019aide d\u2019un QR code.<\/p>\n<p>Au total, cette \u00e9dition de la Bible comprend 1825 messages sp\u00e9ciaux. \u00ab Certains d\u2019entre eux proposent des activit\u00e9s qui peuvent contribuer \u00e0 rendre le culte familial pratique et attrayant, \u00bb ont dit les \u00e9diteurs. Cette \u00e9dition comprend \u00e9galement, au d\u00e9but et \u00e0 la fin, des ressources tir\u00e9es de l\u2019initiative Retour \u00e0 l\u2019Autel, des suggestions pour consolider le culte familial et m\u00eame des livres en texte int\u00e9gral disponibles gr\u00e2ce \u00e0 la technologie du QR code.<\/p>\n<p>\u00ab Cette Bible a le potentiel de raviver votre exp\u00e9rience d\u2019adoration et d\u2019avoir un impact sur le cheminement spirituel de toute votre famille, \u00bb a d\u00e9clar\u00e9 son \u00e9diteur. \u00ab Elle vous incitera, vous et votre \u00e9glise \u00e0 retourner \u00e0 l\u2019autel et plus pr\u00e8s de Dieu. \u00bb<\/p>\n<p><div id=\"attachment_116250\" style=\"width: 882px\" class=\"wp-caption aligncenter\"><img loading=\"lazy\" decoding=\"async\" aria-describedby=\"caption-attachment-116250\" class=\"wp-image-116249\" src=\"https:\/\/interamerica.org\/wp-content\/uploads\/2024\/06\/dsc-0097.jpg\" alt=\"\" width=\"872\" height=\"581\" srcset=\"https:\/\/interamerica.org\/wp-content\/uploads\/2024\/06\/dsc-0097.jpg 1000w, https:\/\/interamerica.org\/wp-content\/uploads\/2024\/06\/dsc-0097-300x200.jpg 300w, https:\/\/interamerica.org\/wp-content\/uploads\/2024\/06\/dsc-0097-768x512.jpg 768w\" sizes=\"(max-width: 872px) 100vw, 872px\" \/><p id=\"caption-attachment-116250\" class=\"wp-caption-text\">La compositrice Liliam Martinelli (\u00e0 droite) explique certains des d\u00e9fis auxquels elle a \u00e9t\u00e9 confront\u00e9e lors de l\u2019\u00e9criture des chants pour la nouvelle Bible, alors que le groupe musical Eden attend avant de partager un \u00e9chantillon des chants inclus dans le nouveau volume. [Photo : Marcos Paseggi, Adventist Review]<\/p><\/div><strong>La Bible d\u2019\u00c9tude Maranatha<\/strong><\/p>\n<p>La deuxi\u00e8me \u00e9dition de la Bible pr\u00e9sent\u00e9e et consacr\u00e9e lors du congr\u00e8s national de l\u2019Union de F\u00e9d\u00e9rations des \u00c9glises Espagnoles est la nouvelle Bible d\u2019\u00c9tude Maranatha.<\/p>\n<p>On l\u2019appelle la Bible Maranatha parce que notre plus grande esp\u00e9rance est la seconde venue de J\u00e9sus, \u00bb a d\u00e9clar\u00e9 le directeur g\u00e9n\u00e9ral de Safeliz, Mario Martinelli. \u00ab Cette Bible est le r\u00e9sultat d\u2019un projet qui a demand\u00e9 plus de 10 ans de travail intense, \u00bb a-t-il ajout\u00e9. \u00ab Plus de 100 th\u00e9ologiens adventistes ont contribu\u00e9 non seulement \u00e0 compiler mais aussi \u00e0 d\u00e9velopper les ressources incluses ici. \u00bb<\/p>\n<p>Les dirigeants de Safeliz ont expliqu\u00e9 que cette Bible a pour objectif d\u2019aider les membres d\u2019\u00e9glise \u00e0 approfondir l\u2019\u00e9tude de la Parole de Dieu. \u00ab Elle comprend des notes d\u2019\u00e9tude et des articles pertinents class\u00e9s en diff\u00e9rentes cat\u00e9gories. \u00bb<\/p>\n<p><div id=\"attachment_116253\" style=\"width: 896px\" class=\"wp-caption aligncenter\"><img loading=\"lazy\" decoding=\"async\" aria-describedby=\"caption-attachment-116253\" class=\"wp-image-116252\" src=\"https:\/\/interamerica.org\/wp-content\/uploads\/2024\/06\/dsc-0094.jpg\" alt=\"\" width=\"886\" height=\"591\" srcset=\"https:\/\/interamerica.org\/wp-content\/uploads\/2024\/06\/dsc-0094.jpg 1000w, https:\/\/interamerica.org\/wp-content\/uploads\/2024\/06\/dsc-0094-300x200.jpg 300w, https:\/\/interamerica.org\/wp-content\/uploads\/2024\/06\/dsc-0094-768x512.jpg 768w\" sizes=\"(max-width: 886px) 100vw, 886px\" \/><p id=\"caption-attachment-116253\" class=\"wp-caption-text\">Liliam Martinelli a compos\u00e9 les 210 chants spirituels inclus dans la nouvelle Bible de Louange et d\u2019Adoration. [Photo : Marcos Paseggi, Adventist Review]<\/p><\/div>La Bible d\u2019\u00c9tude Maranatha comprend \u00e9galement une s\u00e9rie d\u2019infographies sur les proph\u00e9ties bibliques des livres de Daniel et de l\u2019Apocalypse. \u00ab Ils combinent des informations pr\u00e9cises et fiables et des \u00e9l\u00e9ments visuels qui aident l\u2019\u00e9tudiant \u00e0 comprendre les proph\u00e9ties les plus importantes de la Bible, \u00bb ont indiqu\u00e9 les \u00e9diteurs. \u00ab La Bible comprend \u00e9galement des cartes avec des notes explicatives, un dictionnaire de termes bibliques et une chronologie exceptionnelle des \u00e9v\u00e9nements bibliques et de l\u2019histoire de l\u2019\u00c9glise chr\u00e9tienne. \u00bb<\/p>\n<p>Gr\u00e2ce \u00e0 la technologie QR, la Bible inclut des liens vers une longue liste d\u2019articles et de discussions sur des sujets tels que \u00ab Dieu et la souffrance \u00bb et \u00ab Le mariage dans le Nouveau Testament. \u00bb \u00ab La Bible d\u2019\u00c9tude Maranatha est v\u00e9ritablement une lampe \u00e0 nos pieds, \u00bb ont d\u00e9clar\u00e9 les \u00e9diteurs.<\/p>\n<p><div id=\"attachment_116256\" style=\"width: 880px\" class=\"wp-caption aligncenter\"><img loading=\"lazy\" decoding=\"async\" aria-describedby=\"caption-attachment-116256\" class=\"wp-image-116255\" src=\"https:\/\/interamerica.org\/wp-content\/uploads\/2024\/06\/dsc-0120.jpg\" alt=\"\" width=\"870\" height=\"580\" srcset=\"https:\/\/interamerica.org\/wp-content\/uploads\/2024\/06\/dsc-0120.jpg 1000w, https:\/\/interamerica.org\/wp-content\/uploads\/2024\/06\/dsc-0120-300x200.jpg 300w, https:\/\/interamerica.org\/wp-content\/uploads\/2024\/06\/dsc-0120-768x512.jpg 768w\" sizes=\"(max-width: 870px) 100vw, 870px\" \/><p id=\"caption-attachment-116256\" class=\"wp-caption-text\">Les dirigeants de la maison d\u2019\u00e9dition Safeliz pr\u00e9sentent la nouvelle Bible d\u2019\u00c9tude Maranatha lors de la conf\u00e9rence de l\u2019Union des \u00c9glises Espagnoles le 15 juin. [Photo : Marcos Paseggi, Adventist Review]<\/p><\/div>\u00c0 la fin des pr\u00e9sentations, le pr\u00e9sident de la Conf\u00e9rence G\u00e9n\u00e9rale, Ted N. C. Wilson, s\u2019est adress\u00e9 aux dirigeants et aux membres d\u2019\u00e9glise. \u00ab Il ne s\u2019agit pas seulement de notre capacit\u00e9 de collectionner des Bibles sur une \u00e9tag\u00e8re, \u00bb leur a-t-il dit. \u00ab L\u2019important est de lire la Bible et de la laisser remplir votre vie de la pr\u00e9sence de Dieu. \u00bb<\/p>\n<p>Quelques minutes plus tard, Ted Wilson a consacr\u00e9 les deux nouvelles \u00e9ditions de la Bible \u00e0 Dieu dans la pri\u00e8re. \u00ab Nous remettons la circulation de ces Bibles entre tes mains [celles de Dieu], \u00bb a-t-il dit dans sa pri\u00e8re. \u00ab Nous demandons que les gens puissent ch\u00e9rir ces pr\u00e9cieuses paroles venant du ciel lui-m\u00eame\u2026. B\u00e9nis la distribution de Ta Parole. Et que ces Bibles am\u00e8nent beaucoup de personnes au pied de la croix. \u00bb<\/p>\n<p>Traduction: Patrick Luciathe<\/p>\n","protected":false},"excerpt":{"rendered":"<p>Les nouveaux volumes ont \u00e9t\u00e9 consacr\u00e9s \u00e0 Dieu lors du r\u00e9cent congr\u00e8s de l\u2019\u00c9glise en Espagne. 23 Juin 2024 | Espagne | Marcos Paseggi, Adventist Review Les dirigeants et les&#8230;<\/p>\n","protected":false},"author":3,"featured_media":116238,"comment_status":"closed","ping_status":"closed","sticky":false,"template":"","format":"standard","meta":{"_acf_changed":false,"footnotes":""},"categories":[18,19],"tags":[],"class_list":["post-116262","post","type-post","status-publish","format-standard","has-post-thumbnail","hentry","category-nouvelles-de-leglise-mondiale","category-rss-francais"],"acf":[],"yoast_head":"<!-- This site is optimized with the Yoast SEO plugin v27.3 - https:\/\/yoast.com\/product\/yoast-seo-wordpress\/ -->\n<title>Deux nouvelles \u00e9ditions de la Bible visent \u00e0 soutenir le culte dans la famille adventiste - \u00c9glise Adventiste Du Septieme Jour - Inter Am\u00e9rique Division<\/title>\n<meta name=\"robots\" content=\"index, follow, max-snippet:-1, max-image-preview:large, max-video-preview:-1\" \/>\n<link rel=\"canonical\" href=\"https:\/\/interamerica.org\/fr\/2024\/06\/deux-nouvelles-editions-de-la-bible-visent-a-soutenir-le-culte-dans-la-famille-adventiste\/\" \/>\n<meta property=\"og:locale\" content=\"fr_FR\" \/>\n<meta property=\"og:type\" content=\"article\" \/>\n<meta property=\"og:title\" content=\"Deux nouvelles \u00e9ditions de la Bible visent \u00e0 soutenir le culte dans la famille adventiste - \u00c9glise Adventiste Du Septieme Jour - Inter Am\u00e9rique Division\" \/>\n<meta property=\"og:description\" content=\"Les nouveaux volumes ont \u00e9t\u00e9 consacr\u00e9s \u00e0 Dieu lors du r\u00e9cent congr\u00e8s de l\u2019\u00c9glise en Espagne. 23 Juin 2024 | Espagne | Marcos Paseggi, Adventist Review Les dirigeants et les...\" \/>\n<meta property=\"og:url\" content=\"https:\/\/interamerica.org\/fr\/2024\/06\/deux-nouvelles-editions-de-la-bible-visent-a-soutenir-le-culte-dans-la-famille-adventiste\/\" \/>\n<meta property=\"og:site_name\" content=\"\u00c9glise Adventiste Du Septieme Jour - Inter Am\u00e9rique Division\" \/>\n<meta property=\"article:published_time\" content=\"2024-06-23T15:35:35+00:00\" \/>\n<meta property=\"article:modified_time\" content=\"2024-06-25T18:26:30+00:00\" \/>\n<meta property=\"og:image\" content=\"https:\/\/interamerica.org\/wp-content\/uploads\/2024\/06\/ar-dsc-0127.jpg\" \/>\n\t<meta property=\"og:image:width\" content=\"1000\" \/>\n\t<meta property=\"og:image:height\" content=\"613\" \/>\n\t<meta property=\"og:image:type\" content=\"image\/jpeg\" \/>\n<meta name=\"author\" content=\"libna\" \/>\n<meta name=\"twitter:card\" content=\"summary_large_image\" \/>\n<meta name=\"twitter:label1\" content=\"\u00c9crit par\" \/>\n\t<meta name=\"twitter:data1\" content=\"libna\" \/>\n\t<meta name=\"twitter:label2\" content=\"Dur\u00e9e de lecture estim\u00e9e\" \/>\n\t<meta name=\"twitter:data2\" content=\"7 minutes\" \/>\n<script type=\"application\/ld+json\" class=\"yoast-schema-graph\">{\"@context\":\"https:\\\/\\\/schema.org\",\"@graph\":[{\"@type\":\"Article\",\"@id\":\"https:\\\/\\\/interamerica.org\\\/fr\\\/2024\\\/06\\\/deux-nouvelles-editions-de-la-bible-visent-a-soutenir-le-culte-dans-la-famille-adventiste\\\/#article\",\"isPartOf\":{\"@id\":\"https:\\\/\\\/interamerica.org\\\/fr\\\/2024\\\/06\\\/deux-nouvelles-editions-de-la-bible-visent-a-soutenir-le-culte-dans-la-famille-adventiste\\\/\"},\"author\":{\"name\":\"libna\",\"@id\":\"https:\\\/\\\/interamerica.org\\\/fr\\\/#\\\/schema\\\/person\\\/29998f2bc2d8bd0d38662909289b54f1\"},\"headline\":\"Deux nouvelles \u00e9ditions de la Bible visent \u00e0 soutenir le culte dans la famille adventiste\",\"datePublished\":\"2024-06-23T15:35:35+00:00\",\"dateModified\":\"2024-06-25T18:26:30+00:00\",\"mainEntityOfPage\":{\"@id\":\"https:\\\/\\\/interamerica.org\\\/fr\\\/2024\\\/06\\\/deux-nouvelles-editions-de-la-bible-visent-a-soutenir-le-culte-dans-la-famille-adventiste\\\/\"},\"wordCount\":1262,\"image\":{\"@id\":\"https:\\\/\\\/interamerica.org\\\/fr\\\/2024\\\/06\\\/deux-nouvelles-editions-de-la-bible-visent-a-soutenir-le-culte-dans-la-famille-adventiste\\\/#primaryimage\"},\"thumbnailUrl\":\"https:\\\/\\\/interamerica.org\\\/wp-content\\\/uploads\\\/2024\\\/06\\\/ar-dsc-0127.jpg\",\"articleSection\":[\"Nouvelles de l'\u00c9glise mondiale\",\"RSS Fran\u00e7ais\"],\"inLanguage\":\"fr-FR\"},{\"@type\":\"WebPage\",\"@id\":\"https:\\\/\\\/interamerica.org\\\/fr\\\/2024\\\/06\\\/deux-nouvelles-editions-de-la-bible-visent-a-soutenir-le-culte-dans-la-famille-adventiste\\\/\",\"url\":\"https:\\\/\\\/interamerica.org\\\/fr\\\/2024\\\/06\\\/deux-nouvelles-editions-de-la-bible-visent-a-soutenir-le-culte-dans-la-famille-adventiste\\\/\",\"name\":\"Deux nouvelles \u00e9ditions de la Bible visent \u00e0 soutenir le culte dans la famille adventiste - \u00c9glise Adventiste Du Septieme Jour - Inter Am\u00e9rique Division\",\"isPartOf\":{\"@id\":\"https:\\\/\\\/interamerica.org\\\/fr\\\/#website\"},\"primaryImageOfPage\":{\"@id\":\"https:\\\/\\\/interamerica.org\\\/fr\\\/2024\\\/06\\\/deux-nouvelles-editions-de-la-bible-visent-a-soutenir-le-culte-dans-la-famille-adventiste\\\/#primaryimage\"},\"image\":{\"@id\":\"https:\\\/\\\/interamerica.org\\\/fr\\\/2024\\\/06\\\/deux-nouvelles-editions-de-la-bible-visent-a-soutenir-le-culte-dans-la-famille-adventiste\\\/#primaryimage\"},\"thumbnailUrl\":\"https:\\\/\\\/interamerica.org\\\/wp-content\\\/uploads\\\/2024\\\/06\\\/ar-dsc-0127.jpg\",\"datePublished\":\"2024-06-23T15:35:35+00:00\",\"dateModified\":\"2024-06-25T18:26:30+00:00\",\"author\":{\"@id\":\"https:\\\/\\\/interamerica.org\\\/fr\\\/#\\\/schema\\\/person\\\/29998f2bc2d8bd0d38662909289b54f1\"},\"breadcrumb\":{\"@id\":\"https:\\\/\\\/interamerica.org\\\/fr\\\/2024\\\/06\\\/deux-nouvelles-editions-de-la-bible-visent-a-soutenir-le-culte-dans-la-famille-adventiste\\\/#breadcrumb\"},\"inLanguage\":\"fr-FR\",\"potentialAction\":[{\"@type\":\"ReadAction\",\"target\":[\"https:\\\/\\\/interamerica.org\\\/fr\\\/2024\\\/06\\\/deux-nouvelles-editions-de-la-bible-visent-a-soutenir-le-culte-dans-la-famille-adventiste\\\/\"]}]},{\"@type\":\"ImageObject\",\"inLanguage\":\"fr-FR\",\"@id\":\"https:\\\/\\\/interamerica.org\\\/fr\\\/2024\\\/06\\\/deux-nouvelles-editions-de-la-bible-visent-a-soutenir-le-culte-dans-la-famille-adventiste\\\/#primaryimage\",\"url\":\"https:\\\/\\\/interamerica.org\\\/wp-content\\\/uploads\\\/2024\\\/06\\\/ar-dsc-0127.jpg\",\"contentUrl\":\"https:\\\/\\\/interamerica.org\\\/wp-content\\\/uploads\\\/2024\\\/06\\\/ar-dsc-0127.jpg\",\"width\":1000,\"height\":613,\"caption\":\"Together with other church leaders and people responsible for the new Bibles project, General Conference president Ted N. C. Wilson (second from left) prays for the new editions at the Spanish Union of Churches Conference national congress in Fuenlabrada, Madrid, Spain, on June 15. [Photo: Marcos Paseggi, Adventist Review]\"},{\"@type\":\"BreadcrumbList\",\"@id\":\"https:\\\/\\\/interamerica.org\\\/fr\\\/2024\\\/06\\\/deux-nouvelles-editions-de-la-bible-visent-a-soutenir-le-culte-dans-la-famille-adventiste\\\/#breadcrumb\",\"itemListElement\":[{\"@type\":\"ListItem\",\"position\":1,\"name\":\"Home\",\"item\":\"https:\\\/\\\/interamerica.org\\\/fr\\\/\"},{\"@type\":\"ListItem\",\"position\":2,\"name\":\"Deux nouvelles \u00e9ditions de la Bible visent \u00e0 soutenir le culte dans la famille adventiste\"}]},{\"@type\":\"WebSite\",\"@id\":\"https:\\\/\\\/interamerica.org\\\/fr\\\/#website\",\"url\":\"https:\\\/\\\/interamerica.org\\\/fr\\\/\",\"name\":\"\u00c9glise Adventiste Du Septieme Jour - Inter Am\u00e9rique Division\",\"description\":\"\",\"potentialAction\":[{\"@type\":\"SearchAction\",\"target\":{\"@type\":\"EntryPoint\",\"urlTemplate\":\"https:\\\/\\\/interamerica.org\\\/fr\\\/?s={search_term_string}\"},\"query-input\":{\"@type\":\"PropertyValueSpecification\",\"valueRequired\":true,\"valueName\":\"search_term_string\"}}],\"inLanguage\":\"fr-FR\"},{\"@type\":\"Person\",\"@id\":\"https:\\\/\\\/interamerica.org\\\/fr\\\/#\\\/schema\\\/person\\\/29998f2bc2d8bd0d38662909289b54f1\",\"name\":\"libna\",\"image\":{\"@type\":\"ImageObject\",\"inLanguage\":\"fr-FR\",\"@id\":\"https:\\\/\\\/secure.gravatar.com\\\/avatar\\\/7c5bd30ae4b47a9ba3c856590957fd1d96dc588bf3ac05719d247e126840331f?s=96&d=mm&r=g\",\"url\":\"https:\\\/\\\/secure.gravatar.com\\\/avatar\\\/7c5bd30ae4b47a9ba3c856590957fd1d96dc588bf3ac05719d247e126840331f?s=96&d=mm&r=g\",\"contentUrl\":\"https:\\\/\\\/secure.gravatar.com\\\/avatar\\\/7c5bd30ae4b47a9ba3c856590957fd1d96dc588bf3ac05719d247e126840331f?s=96&d=mm&r=g\",\"caption\":\"libna\"}}]}<\/script>\n<!-- \/ Yoast SEO plugin. -->","yoast_head_json":{"title":"Deux nouvelles \u00e9ditions de la Bible visent \u00e0 soutenir le culte dans la famille adventiste - \u00c9glise Adventiste Du Septieme Jour - Inter Am\u00e9rique Division","robots":{"index":"index","follow":"follow","max-snippet":"max-snippet:-1","max-image-preview":"max-image-preview:large","max-video-preview":"max-video-preview:-1"},"canonical":"https:\/\/interamerica.org\/fr\/2024\/06\/deux-nouvelles-editions-de-la-bible-visent-a-soutenir-le-culte-dans-la-famille-adventiste\/","og_locale":"fr_FR","og_type":"article","og_title":"Deux nouvelles \u00e9ditions de la Bible visent \u00e0 soutenir le culte dans la famille adventiste - \u00c9glise Adventiste Du Septieme Jour - Inter Am\u00e9rique Division","og_description":"Les nouveaux volumes ont \u00e9t\u00e9 consacr\u00e9s \u00e0 Dieu lors du r\u00e9cent congr\u00e8s de l\u2019\u00c9glise en Espagne. 23 Juin 2024 | Espagne | Marcos Paseggi, Adventist Review Les dirigeants et les...","og_url":"https:\/\/interamerica.org\/fr\/2024\/06\/deux-nouvelles-editions-de-la-bible-visent-a-soutenir-le-culte-dans-la-famille-adventiste\/","og_site_name":"\u00c9glise Adventiste Du Septieme Jour - Inter Am\u00e9rique Division","article_published_time":"2024-06-23T15:35:35+00:00","article_modified_time":"2024-06-25T18:26:30+00:00","og_image":[{"width":1000,"height":613,"url":"https:\/\/interamerica.org\/wp-content\/uploads\/2024\/06\/ar-dsc-0127.jpg","type":"image\/jpeg"}],"author":"libna","twitter_card":"summary_large_image","twitter_misc":{"\u00c9crit par":"libna","Dur\u00e9e de lecture estim\u00e9e":"7 minutes"},"schema":{"@context":"https:\/\/schema.org","@graph":[{"@type":"Article","@id":"https:\/\/interamerica.org\/fr\/2024\/06\/deux-nouvelles-editions-de-la-bible-visent-a-soutenir-le-culte-dans-la-famille-adventiste\/#article","isPartOf":{"@id":"https:\/\/interamerica.org\/fr\/2024\/06\/deux-nouvelles-editions-de-la-bible-visent-a-soutenir-le-culte-dans-la-famille-adventiste\/"},"author":{"name":"libna","@id":"https:\/\/interamerica.org\/fr\/#\/schema\/person\/29998f2bc2d8bd0d38662909289b54f1"},"headline":"Deux nouvelles \u00e9ditions de la Bible visent \u00e0 soutenir le culte dans la famille adventiste","datePublished":"2024-06-23T15:35:35+00:00","dateModified":"2024-06-25T18:26:30+00:00","mainEntityOfPage":{"@id":"https:\/\/interamerica.org\/fr\/2024\/06\/deux-nouvelles-editions-de-la-bible-visent-a-soutenir-le-culte-dans-la-famille-adventiste\/"},"wordCount":1262,"image":{"@id":"https:\/\/interamerica.org\/fr\/2024\/06\/deux-nouvelles-editions-de-la-bible-visent-a-soutenir-le-culte-dans-la-famille-adventiste\/#primaryimage"},"thumbnailUrl":"https:\/\/interamerica.org\/wp-content\/uploads\/2024\/06\/ar-dsc-0127.jpg","articleSection":["Nouvelles de l'\u00c9glise mondiale","RSS Fran\u00e7ais"],"inLanguage":"fr-FR"},{"@type":"WebPage","@id":"https:\/\/interamerica.org\/fr\/2024\/06\/deux-nouvelles-editions-de-la-bible-visent-a-soutenir-le-culte-dans-la-famille-adventiste\/","url":"https:\/\/interamerica.org\/fr\/2024\/06\/deux-nouvelles-editions-de-la-bible-visent-a-soutenir-le-culte-dans-la-famille-adventiste\/","name":"Deux nouvelles \u00e9ditions de la Bible visent \u00e0 soutenir le culte dans la famille adventiste - \u00c9glise Adventiste Du Septieme Jour - Inter Am\u00e9rique Division","isPartOf":{"@id":"https:\/\/interamerica.org\/fr\/#website"},"primaryImageOfPage":{"@id":"https:\/\/interamerica.org\/fr\/2024\/06\/deux-nouvelles-editions-de-la-bible-visent-a-soutenir-le-culte-dans-la-famille-adventiste\/#primaryimage"},"image":{"@id":"https:\/\/interamerica.org\/fr\/2024\/06\/deux-nouvelles-editions-de-la-bible-visent-a-soutenir-le-culte-dans-la-famille-adventiste\/#primaryimage"},"thumbnailUrl":"https:\/\/interamerica.org\/wp-content\/uploads\/2024\/06\/ar-dsc-0127.jpg","datePublished":"2024-06-23T15:35:35+00:00","dateModified":"2024-06-25T18:26:30+00:00","author":{"@id":"https:\/\/interamerica.org\/fr\/#\/schema\/person\/29998f2bc2d8bd0d38662909289b54f1"},"breadcrumb":{"@id":"https:\/\/interamerica.org\/fr\/2024\/06\/deux-nouvelles-editions-de-la-bible-visent-a-soutenir-le-culte-dans-la-famille-adventiste\/#breadcrumb"},"inLanguage":"fr-FR","potentialAction":[{"@type":"ReadAction","target":["https:\/\/interamerica.org\/fr\/2024\/06\/deux-nouvelles-editions-de-la-bible-visent-a-soutenir-le-culte-dans-la-famille-adventiste\/"]}]},{"@type":"ImageObject","inLanguage":"fr-FR","@id":"https:\/\/interamerica.org\/fr\/2024\/06\/deux-nouvelles-editions-de-la-bible-visent-a-soutenir-le-culte-dans-la-famille-adventiste\/#primaryimage","url":"https:\/\/interamerica.org\/wp-content\/uploads\/2024\/06\/ar-dsc-0127.jpg","contentUrl":"https:\/\/interamerica.org\/wp-content\/uploads\/2024\/06\/ar-dsc-0127.jpg","width":1000,"height":613,"caption":"Together with other church leaders and people responsible for the new Bibles project, General Conference president Ted N. C. Wilson (second from left) prays for the new editions at the Spanish Union of Churches Conference national congress in Fuenlabrada, Madrid, Spain, on June 15. [Photo: Marcos Paseggi, Adventist Review]"},{"@type":"BreadcrumbList","@id":"https:\/\/interamerica.org\/fr\/2024\/06\/deux-nouvelles-editions-de-la-bible-visent-a-soutenir-le-culte-dans-la-famille-adventiste\/#breadcrumb","itemListElement":[{"@type":"ListItem","position":1,"name":"Home","item":"https:\/\/interamerica.org\/fr\/"},{"@type":"ListItem","position":2,"name":"Deux nouvelles \u00e9ditions de la Bible visent \u00e0 soutenir le culte dans la famille adventiste"}]},{"@type":"WebSite","@id":"https:\/\/interamerica.org\/fr\/#website","url":"https:\/\/interamerica.org\/fr\/","name":"\u00c9glise Adventiste Du Septieme Jour - Inter Am\u00e9rique Division","description":"","potentialAction":[{"@type":"SearchAction","target":{"@type":"EntryPoint","urlTemplate":"https:\/\/interamerica.org\/fr\/?s={search_term_string}"},"query-input":{"@type":"PropertyValueSpecification","valueRequired":true,"valueName":"search_term_string"}}],"inLanguage":"fr-FR"},{"@type":"Person","@id":"https:\/\/interamerica.org\/fr\/#\/schema\/person\/29998f2bc2d8bd0d38662909289b54f1","name":"libna","image":{"@type":"ImageObject","inLanguage":"fr-FR","@id":"https:\/\/secure.gravatar.com\/avatar\/7c5bd30ae4b47a9ba3c856590957fd1d96dc588bf3ac05719d247e126840331f?s=96&d=mm&r=g","url":"https:\/\/secure.gravatar.com\/avatar\/7c5bd30ae4b47a9ba3c856590957fd1d96dc588bf3ac05719d247e126840331f?s=96&d=mm&r=g","contentUrl":"https:\/\/secure.gravatar.com\/avatar\/7c5bd30ae4b47a9ba3c856590957fd1d96dc588bf3ac05719d247e126840331f?s=96&d=mm&r=g","caption":"libna"}}]}},"_links":{"self":[{"href":"https:\/\/interamerica.org\/fr\/wp-json\/wp\/v2\/posts\/116262","targetHints":{"allow":["GET"]}}],"collection":[{"href":"https:\/\/interamerica.org\/fr\/wp-json\/wp\/v2\/posts"}],"about":[{"href":"https:\/\/interamerica.org\/fr\/wp-json\/wp\/v2\/types\/post"}],"author":[{"embeddable":true,"href":"https:\/\/interamerica.org\/fr\/wp-json\/wp\/v2\/users\/3"}],"replies":[{"embeddable":true,"href":"https:\/\/interamerica.org\/fr\/wp-json\/wp\/v2\/comments?post=116262"}],"version-history":[{"count":0,"href":"https:\/\/interamerica.org\/fr\/wp-json\/wp\/v2\/posts\/116262\/revisions"}],"wp:featuredmedia":[{"embeddable":true,"href":"https:\/\/interamerica.org\/fr\/wp-json\/wp\/v2\/media\/116238"}],"wp:attachment":[{"href":"https:\/\/interamerica.org\/fr\/wp-json\/wp\/v2\/media?parent=116262"}],"wp:term":[{"taxonomy":"category","embeddable":true,"href":"https:\/\/interamerica.org\/fr\/wp-json\/wp\/v2\/categories?post=116262"},{"taxonomy":"post_tag","embeddable":true,"href":"https:\/\/interamerica.org\/fr\/wp-json\/wp\/v2\/tags?post=116262"}],"curies":[{"name":"wp","href":"https:\/\/api.w.org\/{rel}","templated":true}]}}