{"id":116489,"date":"2024-06-28T04:46:17","date_gmt":"2024-06-28T08:46:17","guid":{"rendered":"https:\/\/interamerica.org\/?p=116489"},"modified":"2024-06-28T16:31:54","modified_gmt":"2024-06-28T20:31:54","slug":"des-etudiants-adventistes-de-grenade-explorent-la-bible-a-travers-diverses-formes-dart","status":"publish","type":"post","link":"https:\/\/interamerica.org\/fr\/2024\/06\/des-etudiants-adventistes-de-grenade-explorent-la-bible-a-travers-diverses-formes-dart\/","title":{"rendered":"Des \u00e9tudiants adventistes de Grenade explorent la Bible \u00e0 travers diverses formes d\u2019art"},"content":{"rendered":"<p><div id=\"attachment_116460\" style=\"width: 866px\" class=\"wp-caption aligncenter\"><img fetchpriority=\"high\" decoding=\"async\" aria-describedby=\"caption-attachment-116460\" class=\" wp-image-116459\" src=\"https:\/\/interamerica.org\/wp-content\/uploads\/2024\/06\/grenada-stgeorges-school-kids-1280.jpg\" alt=\"\" width=\"856\" height=\"535\" srcset=\"https:\/\/interamerica.org\/wp-content\/uploads\/2024\/06\/grenada-stgeorges-school-kids-1280.jpg 1000w, https:\/\/interamerica.org\/wp-content\/uploads\/2024\/06\/grenada-stgeorges-school-kids-1280-300x188.jpg 300w, https:\/\/interamerica.org\/wp-content\/uploads\/2024\/06\/grenada-stgeorges-school-kids-1280-768x480.jpg 768w\" sizes=\"(max-width: 856px) 100vw, 856px\" \/><p id=\"caption-attachment-116460\" class=\"wp-caption-text\">Les \u00e9l\u00e8ves de l\u2019\u00c9cole Primaire Adventiste du septi\u00e8me jour de St. George \u00e0 la Grenade \u00e9taient impatients de participer \u00e0 la \u00ab Journ\u00e9e de la Bible \u00bb pour partager leur connaissance de la Bible \u00e0 travers diverses formes d\u2019art telles que la po\u00e9sie, le chant, le th\u00e9\u00e2tre et l\u2019expression orale. [Photo : F\u00e9d\u00e9ration de la Grenade]<\/p><\/div><em>Des centaines d\u2019\u00e9l\u00e8ves de la tranche d\u2019\u00e2ge du primaire font l\u2019impasse sur leurs cours habituels pour participer \u00e0 une activit\u00e9 sp\u00e9ciale dans le cadre de la \u00ab\u00a0Journ\u00e9e de la Bible\u00a0\u00bb\u00a0<\/em><em>.<\/em><\/p>\n<p>27 Juin 2024 | Saint-Georges, Grenade | Personnel de la CARU et \u00c9quipe de presse de la Division Inter Am\u00e9ricaine<\/p>\n<p>Les \u00e9l\u00e8ves et les enseignants de l\u2019\u00e9cole primaire adventiste du septi\u00e8me jour de St. George \u00e0 la Grenade ont r\u00e9cemment fait une pause dans leurs cours pour passer une journ\u00e9e \u00e0 \u00e9tudier la Bible \u00e0 travers diverses formes artistiques. Lors de cette journ\u00e9e sp\u00e9ciale, baptis\u00e9e Journ\u00e9e de la Bible, les enseignants et leurs \u00e9l\u00e8ves ont pris part \u00e0 un programme sur le th\u00e8me de la Bible visant \u00e0 affirmer les enseignements et les promesses de la Bible \u00e0 travers la po\u00e9sie, le chant, le th\u00e9\u00e2tre et l\u2019expression orale.<\/p>\n<p>Le programme qui a eu lieu le 13 mai 2024, a \u00e9t\u00e9 coordonn\u00e9 par le comit\u00e9 spirituel de l\u2019\u00e9cole et a vu des dizaines d\u2019\u00e9l\u00e8ves participer et faire des pr\u00e9sentations sur le r\u00e9cit biblique rapport\u00e9 dans Nombres, chapitre 16, o\u00f9 Kor\u00e9, Abiram et Dathan conspirent pour renverser Mo\u00efse et Aaron. Les \u00e9tudiants avaient appris quelques jours auparavant comment \u00e9tudier la Bible et se pr\u00e9parer pour cette journ\u00e9e sp\u00e9ciale.<\/p>\n<p><div id=\"attachment_116466\" style=\"width: 832px\" class=\"wp-caption aligncenter\"><img decoding=\"async\" aria-describedby=\"caption-attachment-116466\" class=\" wp-image-116465\" src=\"https:\/\/interamerica.org\/wp-content\/uploads\/2024\/06\/grenada-school-preacher.png\" alt=\"\" width=\"822\" height=\"514\" srcset=\"https:\/\/interamerica.org\/wp-content\/uploads\/2024\/06\/grenada-school-preacher.png 1000w, https:\/\/interamerica.org\/wp-content\/uploads\/2024\/06\/grenada-school-preacher-300x188.png 300w, https:\/\/interamerica.org\/wp-content\/uploads\/2024\/06\/grenada-school-preacher-768x480.png 768w\" sizes=\"(max-width: 822px) 100vw, 822px\" \/><p id=\"caption-attachment-116466\" class=\"wp-caption-text\">Nathaniel Cheddick pr\u00eache lors du programme de la Journ\u00e9e de la Bible, le 13 mai 2024. [Photo : F\u00e9d\u00e9ration de la Grenade]<\/p><\/div>La journ\u00e9e a cr\u00e9\u00e9 un enthousiasme positif et a r\u00e9v\u00e9l\u00e9 des talents insoup\u00e7onn\u00e9s parmi les enfants, a d\u00e9clar\u00e9 Allison Prince, coordonnatrice des activit\u00e9s de la journ\u00e9e. \u00ab Un \u00e9tudiant a pr\u00each\u00e9 un sermon sur le passage, d\u2019autres \u00e9tudiants ont \u00e9crit une chanson, tandis que d\u2019autres ont m\u00e9moris\u00e9 et r\u00e9cit\u00e9 le chapitre entier. Le plus important lors de cette journ\u00e9e \u00e9tait que les \u00e9tudiants comprennent que la Bible peut \u00eatre un livre avec lequel on ne s\u2019ennuie pas et qu\u2019ils peuvent appr\u00e9cier de passer du temps avec leur Bible, \u00bb a ajout\u00e9 Mme Prince.<\/p>\n<p>L\u2019exp\u00e9rience a \u00e9t\u00e9 tr\u00e8s significative et inspirante, a d\u00e9clar\u00e9 la principale de l\u2019\u00e9cole, Theresa Baptiste. \u00ab Nous avons r\u00e9uni les jeunes pour l\u2019\u00e9tude de la Bible et il y avait un esprit d\u2019enthousiasme et de convivialit\u00e9 qui a amen\u00e9 un environnement spirituel qui a \u00e9t\u00e9 ressenti dans toute l\u2019\u00e9cole, \u00bb a-t-elle d\u00e9clar\u00e9.<\/p>\n<p>La Journ\u00e9e de la Bible \u00e9tait la premi\u00e8re du genre organis\u00e9e \u00e0 l\u2019\u00e9cole.<\/p>\n<p><div id=\"attachment_116463\" style=\"width: 832px\" class=\"wp-caption aligncenter\"><img decoding=\"async\" aria-describedby=\"caption-attachment-116463\" class=\" wp-image-116462\" src=\"https:\/\/interamerica.org\/wp-content\/uploads\/2024\/06\/grenada-scool-student.png\" alt=\"\" width=\"822\" height=\"514\" srcset=\"https:\/\/interamerica.org\/wp-content\/uploads\/2024\/06\/grenada-scool-student.png 1000w, https:\/\/interamerica.org\/wp-content\/uploads\/2024\/06\/grenada-scool-student-300x188.png 300w, https:\/\/interamerica.org\/wp-content\/uploads\/2024\/06\/grenada-scool-student-768x480.png 768w\" sizes=\"(max-width: 822px) 100vw, 822px\" \/><p id=\"caption-attachment-116463\" class=\"wp-caption-text\">L\u2019\u00e9tudiante Jasmine Hagley a exprim\u00e9 son appr\u00e9ciation pour le programme lors d\u2019une interview avec la cha\u00eene d\u2019information locale. [Photo : F\u00e9d\u00e9ration de la Grenade]<\/p><\/div>L\u2019\u00e9cole a \u00e9t\u00e9 une \u00ab lueur d&rsquo;espoir \u00bb pour les pr\u00e8s de 350 \u00e9l\u00e8ves qui s\u2019y inscrivent chaque ann\u00e9e, a ajout\u00e9 Theresa Baptiste. \u00ab \u00c0 travers chaque programme spirituel, des pri\u00e8res ont \u00e9t\u00e9 offertes en faveur de nombreuses familles et la Parole de Dieu est le fondement de leur foi, \u00bb a d\u00e9clar\u00e9 Theresa Baptiste. Environ quarante-cinq pour cent des \u00e9tudiants ne sont pas membres d\u2019\u00e9glise, a-t-elle d\u00e9clar\u00e9. \u00ab Cette initiative intervient donc dans le cadre de l\u2019accomplissement par l\u2019\u00e9cole de la mission qui consiste \u00e0 pr\u00e9senter aux enfants la Parole de Dieu. \u00bb<\/p>\n<p>Le directeur des minist\u00e8res de la jeunesse de la F\u00e9d\u00e9ration de la Grenade, pasteur Jamie Gordon, a d\u00e9clar\u00e9 : \u00ab C\u2019\u00e9tait passionnant de voir l\u2019enthousiasme avec lequel les enfants ont \u00e9t\u00e9 capables d\u2019accomplir leurs t\u00e2ches et la connaissance approfondie qu\u2019ont les enfants. \u00ab Je crois que c\u2019est un effort conjoint des parents, des enseignants et de la volont\u00e9 des \u00e9l\u00e8ves d\u2019apprendre et de comprendre de telles choses, \u00bb a-t-il d\u00e9clar\u00e9.<\/p>\n<p>L\u2019initiative a raviv\u00e9 l\u2019int\u00e9r\u00eat des parents et des sympathisants de l\u2019\u00e9cole qui ont assist\u00e9 \u00e0 cette journ\u00e9e sp\u00e9ciale.<\/p>\n<p><div id=\"attachment_116469\" style=\"width: 829px\" class=\"wp-caption aligncenter\"><img loading=\"lazy\" decoding=\"async\" aria-describedby=\"caption-attachment-116469\" class=\" wp-image-116468\" src=\"https:\/\/interamerica.org\/wp-content\/uploads\/2024\/06\/grenada-school-franchesta-noel.png\" alt=\"\" width=\"819\" height=\"512\" srcset=\"https:\/\/interamerica.org\/wp-content\/uploads\/2024\/06\/grenada-school-franchesta-noel.png 1000w, https:\/\/interamerica.org\/wp-content\/uploads\/2024\/06\/grenada-school-franchesta-noel-300x188.png 300w, https:\/\/interamerica.org\/wp-content\/uploads\/2024\/06\/grenada-school-franchesta-noel-768x480.png 768w\" sizes=\"(max-width: 819px) 100vw, 819px\" \/><p id=\"caption-attachment-116469\" class=\"wp-caption-text\">Franchesta Noel, pr\u00e9sidente de l\u2019Association Parents-Enseignants de l\u2019\u00e9cole adventiste du septi\u00e8me jour de St. George, \u00e9tait heureuse d\u2019affirmer qu\u2019une fois que les enfants d\u00e9couvrent et \u00e9tudient la Bible, des choses extraordinaires se produisent \u00e0 leur niveau et au niveau de leur \u00e9cole. [Photo : F\u00e9d\u00e9ration de la Grenade]<\/p><\/div>\u00ab La Parole de Dieu \u00e9tait si dynamique ce jour-l\u00e0, \u00bb a d\u00e9clar\u00e9 Franchesta Noel, pr\u00e9sidente de l\u2019association parents-enseignants. \u00ab Une fois que nous consacrons nos jeunes \u00e0 Dieu, Il peut les utiliser de mani\u00e8re remarquable. \u00bb Elle a remerci\u00e9 les enseignants et les dirigeants de l\u2019\u00e9tablissement pour leur engagement \u00e0 inculquer des principes et des valeurs \u00e0 leurs \u00e9l\u00e8ves. \u00ab C\u2019est ce dont le pays a besoin, surtout maintenant que l\u2019\u00eele fait face \u00e0 des difficult\u00e9s avec des jeunes qui choisissent la violence comme option dans la vie, \u00bb a-t-elle d\u00e9clar\u00e9.<\/p>\n<p><em>La Journ\u00e9e de la Bible<\/em>\u00a0La Journ\u00e9e de la Bible a \u00e9t\u00e9 mentionn\u00e9e dans les actualit\u00e9s sur l\u2019une des cha\u00eenes d\u2019information locales et a attir\u00e9 l\u2019attention sur les r\u00e9seaux sociaux, ont d\u00e9clar\u00e9 les responsables de l\u2019\u00e9cole.<\/p>\n<p>\u00ab Notre objectif \u00e9tait clair : motiver les \u00e9tudiants \u00e0 explorer la Bible et montrer \u00e0 quel point elle est importante pour faire face aux d\u00e9fis quotidiens de la vie, \u00bb a d\u00e9clar\u00e9 Clara Bhola, directrice de l\u2019\u00e9ducation de la F\u00e9d\u00e9ration de la Grenade.<\/p>\n<p>L\u2019\u00c9cole Primaire Adventiste du septi\u00e8me jour de St. George a \u00e9t\u00e9 \u00e9tablie en 1973 et est l\u2019une des cinq \u00e9coles adventistes de Grenade. Mme Bhola a d\u00e9clar\u00e9 que l\u2019impact de\u00a0\u00a0la Journ\u00e9e de la Bible a \u00e9t\u00e9 si inspirant que les \u00e9ducateurs envisagent d\u2019impliquer les quatre autres \u00e9coles dans un programme similaire au cours de l\u2019ann\u00e9e scolaire.<\/p>\n<p>Traduction: Patrick Luciathe<\/p>\n","protected":false},"excerpt":{"rendered":"<p>Des centaines d\u2019\u00e9l\u00e8ves de la tranche d\u2019\u00e2ge du primaire font l\u2019impasse sur leurs cours habituels pour participer \u00e0 une activit\u00e9 sp\u00e9ciale dans le cadre de la \u00ab\u00a0Journ\u00e9e de la Bible\u00a0\u00bb\u00a0&#8230;.<\/p>\n","protected":false},"author":3,"featured_media":116460,"comment_status":"closed","ping_status":"closed","sticky":false,"template":"","format":"standard","meta":{"_acf_changed":false,"footnotes":""},"categories":[21,19],"tags":[],"class_list":["post-116489","post","type-post","status-publish","format-standard","has-post-thumbnail","hentry","category-nouvelles-du-territoire","category-rss-francais"],"acf":[],"yoast_head":"<!-- This site is optimized with the Yoast SEO plugin v27.3 - https:\/\/yoast.com\/product\/yoast-seo-wordpress\/ -->\n<title>Des \u00e9tudiants adventistes de Grenade explorent la Bible \u00e0 travers diverses formes d\u2019art - \u00c9glise Adventiste Du Septieme Jour - Inter Am\u00e9rique Division<\/title>\n<meta name=\"robots\" content=\"index, follow, max-snippet:-1, max-image-preview:large, max-video-preview:-1\" \/>\n<link rel=\"canonical\" href=\"https:\/\/interamerica.org\/fr\/2024\/06\/des-etudiants-adventistes-de-grenade-explorent-la-bible-a-travers-diverses-formes-dart\/\" \/>\n<meta property=\"og:locale\" content=\"fr_FR\" \/>\n<meta property=\"og:type\" content=\"article\" \/>\n<meta property=\"og:title\" content=\"Des \u00e9tudiants adventistes de Grenade explorent la Bible \u00e0 travers diverses formes d\u2019art - \u00c9glise Adventiste Du Septieme Jour - Inter Am\u00e9rique Division\" \/>\n<meta property=\"og:description\" content=\"Des centaines d\u2019\u00e9l\u00e8ves de la tranche d\u2019\u00e2ge du primaire font l\u2019impasse sur leurs cours habituels pour participer \u00e0 une activit\u00e9 sp\u00e9ciale dans le cadre de la \u00ab\u00a0Journ\u00e9e de la Bible\u00a0\u00bb\u00a0....\" \/>\n<meta property=\"og:url\" content=\"https:\/\/interamerica.org\/fr\/2024\/06\/des-etudiants-adventistes-de-grenade-explorent-la-bible-a-travers-diverses-formes-dart\/\" \/>\n<meta property=\"og:site_name\" content=\"\u00c9glise Adventiste Du Septieme Jour - Inter Am\u00e9rique Division\" \/>\n<meta property=\"article:published_time\" content=\"2024-06-28T08:46:17+00:00\" \/>\n<meta property=\"article:modified_time\" content=\"2024-06-28T20:31:54+00:00\" \/>\n<meta property=\"og:image\" content=\"https:\/\/interamerica.org\/wp-content\/uploads\/2024\/06\/grenada-stgeorges-school-kids-1280.jpg\" \/>\n\t<meta property=\"og:image:width\" content=\"1000\" \/>\n\t<meta property=\"og:image:height\" content=\"625\" \/>\n\t<meta property=\"og:image:type\" content=\"image\/jpeg\" \/>\n<meta name=\"author\" content=\"libna\" \/>\n<meta name=\"twitter:card\" content=\"summary_large_image\" \/>\n<meta name=\"twitter:label1\" content=\"\u00c9crit par\" \/>\n\t<meta name=\"twitter:data1\" content=\"libna\" \/>\n\t<meta name=\"twitter:label2\" content=\"Dur\u00e9e de lecture estim\u00e9e\" \/>\n\t<meta name=\"twitter:data2\" content=\"6 minutes\" \/>\n<script type=\"application\/ld+json\" class=\"yoast-schema-graph\">{\"@context\":\"https:\\\/\\\/schema.org\",\"@graph\":[{\"@type\":\"Article\",\"@id\":\"https:\\\/\\\/interamerica.org\\\/fr\\\/2024\\\/06\\\/des-etudiants-adventistes-de-grenade-explorent-la-bible-a-travers-diverses-formes-dart\\\/#article\",\"isPartOf\":{\"@id\":\"https:\\\/\\\/interamerica.org\\\/fr\\\/2024\\\/06\\\/des-etudiants-adventistes-de-grenade-explorent-la-bible-a-travers-diverses-formes-dart\\\/\"},\"author\":{\"name\":\"libna\",\"@id\":\"https:\\\/\\\/interamerica.org\\\/fr\\\/#\\\/schema\\\/person\\\/29998f2bc2d8bd0d38662909289b54f1\"},\"headline\":\"Des \u00e9tudiants adventistes de Grenade explorent la Bible \u00e0 travers diverses formes d\u2019art\",\"datePublished\":\"2024-06-28T08:46:17+00:00\",\"dateModified\":\"2024-06-28T20:31:54+00:00\",\"mainEntityOfPage\":{\"@id\":\"https:\\\/\\\/interamerica.org\\\/fr\\\/2024\\\/06\\\/des-etudiants-adventistes-de-grenade-explorent-la-bible-a-travers-diverses-formes-dart\\\/\"},\"wordCount\":1067,\"image\":{\"@id\":\"https:\\\/\\\/interamerica.org\\\/fr\\\/2024\\\/06\\\/des-etudiants-adventistes-de-grenade-explorent-la-bible-a-travers-diverses-formes-dart\\\/#primaryimage\"},\"thumbnailUrl\":\"https:\\\/\\\/interamerica.org\\\/wp-content\\\/uploads\\\/2024\\\/06\\\/grenada-stgeorges-school-kids-1280.jpg\",\"articleSection\":[\"Nouvelles du territoire\",\"RSS Fran\u00e7ais\"],\"inLanguage\":\"fr-FR\"},{\"@type\":\"WebPage\",\"@id\":\"https:\\\/\\\/interamerica.org\\\/fr\\\/2024\\\/06\\\/des-etudiants-adventistes-de-grenade-explorent-la-bible-a-travers-diverses-formes-dart\\\/\",\"url\":\"https:\\\/\\\/interamerica.org\\\/fr\\\/2024\\\/06\\\/des-etudiants-adventistes-de-grenade-explorent-la-bible-a-travers-diverses-formes-dart\\\/\",\"name\":\"Des \u00e9tudiants adventistes de Grenade explorent la Bible \u00e0 travers diverses formes d\u2019art - \u00c9glise Adventiste Du Septieme Jour - Inter Am\u00e9rique Division\",\"isPartOf\":{\"@id\":\"https:\\\/\\\/interamerica.org\\\/fr\\\/#website\"},\"primaryImageOfPage\":{\"@id\":\"https:\\\/\\\/interamerica.org\\\/fr\\\/2024\\\/06\\\/des-etudiants-adventistes-de-grenade-explorent-la-bible-a-travers-diverses-formes-dart\\\/#primaryimage\"},\"image\":{\"@id\":\"https:\\\/\\\/interamerica.org\\\/fr\\\/2024\\\/06\\\/des-etudiants-adventistes-de-grenade-explorent-la-bible-a-travers-diverses-formes-dart\\\/#primaryimage\"},\"thumbnailUrl\":\"https:\\\/\\\/interamerica.org\\\/wp-content\\\/uploads\\\/2024\\\/06\\\/grenada-stgeorges-school-kids-1280.jpg\",\"datePublished\":\"2024-06-28T08:46:17+00:00\",\"dateModified\":\"2024-06-28T20:31:54+00:00\",\"author\":{\"@id\":\"https:\\\/\\\/interamerica.org\\\/fr\\\/#\\\/schema\\\/person\\\/29998f2bc2d8bd0d38662909289b54f1\"},\"breadcrumb\":{\"@id\":\"https:\\\/\\\/interamerica.org\\\/fr\\\/2024\\\/06\\\/des-etudiants-adventistes-de-grenade-explorent-la-bible-a-travers-diverses-formes-dart\\\/#breadcrumb\"},\"inLanguage\":\"fr-FR\",\"potentialAction\":[{\"@type\":\"ReadAction\",\"target\":[\"https:\\\/\\\/interamerica.org\\\/fr\\\/2024\\\/06\\\/des-etudiants-adventistes-de-grenade-explorent-la-bible-a-travers-diverses-formes-dart\\\/\"]}]},{\"@type\":\"ImageObject\",\"inLanguage\":\"fr-FR\",\"@id\":\"https:\\\/\\\/interamerica.org\\\/fr\\\/2024\\\/06\\\/des-etudiants-adventistes-de-grenade-explorent-la-bible-a-travers-diverses-formes-dart\\\/#primaryimage\",\"url\":\"https:\\\/\\\/interamerica.org\\\/wp-content\\\/uploads\\\/2024\\\/06\\\/grenada-stgeorges-school-kids-1280.jpg\",\"contentUrl\":\"https:\\\/\\\/interamerica.org\\\/wp-content\\\/uploads\\\/2024\\\/06\\\/grenada-stgeorges-school-kids-1280.jpg\",\"width\":1000,\"height\":625,\"caption\":\"Students at St. George's Seventh-day Adventist Primary School in Grenada were eager to participate in \\\"Bible Day\\\" to share their knowledge of the Bible through various art forms such as poetry, song, drama, and the spoken word. [Photo: Grenada Conference]\"},{\"@type\":\"BreadcrumbList\",\"@id\":\"https:\\\/\\\/interamerica.org\\\/fr\\\/2024\\\/06\\\/des-etudiants-adventistes-de-grenade-explorent-la-bible-a-travers-diverses-formes-dart\\\/#breadcrumb\",\"itemListElement\":[{\"@type\":\"ListItem\",\"position\":1,\"name\":\"Home\",\"item\":\"https:\\\/\\\/interamerica.org\\\/fr\\\/\"},{\"@type\":\"ListItem\",\"position\":2,\"name\":\"Des \u00e9tudiants adventistes de Grenade explorent la Bible \u00e0 travers diverses formes d\u2019art\"}]},{\"@type\":\"WebSite\",\"@id\":\"https:\\\/\\\/interamerica.org\\\/fr\\\/#website\",\"url\":\"https:\\\/\\\/interamerica.org\\\/fr\\\/\",\"name\":\"\u00c9glise Adventiste Du Septieme Jour - Inter Am\u00e9rique Division\",\"description\":\"\",\"potentialAction\":[{\"@type\":\"SearchAction\",\"target\":{\"@type\":\"EntryPoint\",\"urlTemplate\":\"https:\\\/\\\/interamerica.org\\\/fr\\\/?s={search_term_string}\"},\"query-input\":{\"@type\":\"PropertyValueSpecification\",\"valueRequired\":true,\"valueName\":\"search_term_string\"}}],\"inLanguage\":\"fr-FR\"},{\"@type\":\"Person\",\"@id\":\"https:\\\/\\\/interamerica.org\\\/fr\\\/#\\\/schema\\\/person\\\/29998f2bc2d8bd0d38662909289b54f1\",\"name\":\"libna\",\"image\":{\"@type\":\"ImageObject\",\"inLanguage\":\"fr-FR\",\"@id\":\"https:\\\/\\\/secure.gravatar.com\\\/avatar\\\/7c5bd30ae4b47a9ba3c856590957fd1d96dc588bf3ac05719d247e126840331f?s=96&d=mm&r=g\",\"url\":\"https:\\\/\\\/secure.gravatar.com\\\/avatar\\\/7c5bd30ae4b47a9ba3c856590957fd1d96dc588bf3ac05719d247e126840331f?s=96&d=mm&r=g\",\"contentUrl\":\"https:\\\/\\\/secure.gravatar.com\\\/avatar\\\/7c5bd30ae4b47a9ba3c856590957fd1d96dc588bf3ac05719d247e126840331f?s=96&d=mm&r=g\",\"caption\":\"libna\"}}]}<\/script>\n<!-- \/ Yoast SEO plugin. -->","yoast_head_json":{"title":"Des \u00e9tudiants adventistes de Grenade explorent la Bible \u00e0 travers diverses formes d\u2019art - \u00c9glise Adventiste Du Septieme Jour - Inter Am\u00e9rique Division","robots":{"index":"index","follow":"follow","max-snippet":"max-snippet:-1","max-image-preview":"max-image-preview:large","max-video-preview":"max-video-preview:-1"},"canonical":"https:\/\/interamerica.org\/fr\/2024\/06\/des-etudiants-adventistes-de-grenade-explorent-la-bible-a-travers-diverses-formes-dart\/","og_locale":"fr_FR","og_type":"article","og_title":"Des \u00e9tudiants adventistes de Grenade explorent la Bible \u00e0 travers diverses formes d\u2019art - \u00c9glise Adventiste Du Septieme Jour - Inter Am\u00e9rique Division","og_description":"Des centaines d\u2019\u00e9l\u00e8ves de la tranche d\u2019\u00e2ge du primaire font l\u2019impasse sur leurs cours habituels pour participer \u00e0 une activit\u00e9 sp\u00e9ciale dans le cadre de la \u00ab\u00a0Journ\u00e9e de la Bible\u00a0\u00bb\u00a0....","og_url":"https:\/\/interamerica.org\/fr\/2024\/06\/des-etudiants-adventistes-de-grenade-explorent-la-bible-a-travers-diverses-formes-dart\/","og_site_name":"\u00c9glise Adventiste Du Septieme Jour - Inter Am\u00e9rique Division","article_published_time":"2024-06-28T08:46:17+00:00","article_modified_time":"2024-06-28T20:31:54+00:00","og_image":[{"width":1000,"height":625,"url":"https:\/\/interamerica.org\/wp-content\/uploads\/2024\/06\/grenada-stgeorges-school-kids-1280.jpg","type":"image\/jpeg"}],"author":"libna","twitter_card":"summary_large_image","twitter_misc":{"\u00c9crit par":"libna","Dur\u00e9e de lecture estim\u00e9e":"6 minutes"},"schema":{"@context":"https:\/\/schema.org","@graph":[{"@type":"Article","@id":"https:\/\/interamerica.org\/fr\/2024\/06\/des-etudiants-adventistes-de-grenade-explorent-la-bible-a-travers-diverses-formes-dart\/#article","isPartOf":{"@id":"https:\/\/interamerica.org\/fr\/2024\/06\/des-etudiants-adventistes-de-grenade-explorent-la-bible-a-travers-diverses-formes-dart\/"},"author":{"name":"libna","@id":"https:\/\/interamerica.org\/fr\/#\/schema\/person\/29998f2bc2d8bd0d38662909289b54f1"},"headline":"Des \u00e9tudiants adventistes de Grenade explorent la Bible \u00e0 travers diverses formes d\u2019art","datePublished":"2024-06-28T08:46:17+00:00","dateModified":"2024-06-28T20:31:54+00:00","mainEntityOfPage":{"@id":"https:\/\/interamerica.org\/fr\/2024\/06\/des-etudiants-adventistes-de-grenade-explorent-la-bible-a-travers-diverses-formes-dart\/"},"wordCount":1067,"image":{"@id":"https:\/\/interamerica.org\/fr\/2024\/06\/des-etudiants-adventistes-de-grenade-explorent-la-bible-a-travers-diverses-formes-dart\/#primaryimage"},"thumbnailUrl":"https:\/\/interamerica.org\/wp-content\/uploads\/2024\/06\/grenada-stgeorges-school-kids-1280.jpg","articleSection":["Nouvelles du territoire","RSS Fran\u00e7ais"],"inLanguage":"fr-FR"},{"@type":"WebPage","@id":"https:\/\/interamerica.org\/fr\/2024\/06\/des-etudiants-adventistes-de-grenade-explorent-la-bible-a-travers-diverses-formes-dart\/","url":"https:\/\/interamerica.org\/fr\/2024\/06\/des-etudiants-adventistes-de-grenade-explorent-la-bible-a-travers-diverses-formes-dart\/","name":"Des \u00e9tudiants adventistes de Grenade explorent la Bible \u00e0 travers diverses formes d\u2019art - \u00c9glise Adventiste Du Septieme Jour - Inter Am\u00e9rique Division","isPartOf":{"@id":"https:\/\/interamerica.org\/fr\/#website"},"primaryImageOfPage":{"@id":"https:\/\/interamerica.org\/fr\/2024\/06\/des-etudiants-adventistes-de-grenade-explorent-la-bible-a-travers-diverses-formes-dart\/#primaryimage"},"image":{"@id":"https:\/\/interamerica.org\/fr\/2024\/06\/des-etudiants-adventistes-de-grenade-explorent-la-bible-a-travers-diverses-formes-dart\/#primaryimage"},"thumbnailUrl":"https:\/\/interamerica.org\/wp-content\/uploads\/2024\/06\/grenada-stgeorges-school-kids-1280.jpg","datePublished":"2024-06-28T08:46:17+00:00","dateModified":"2024-06-28T20:31:54+00:00","author":{"@id":"https:\/\/interamerica.org\/fr\/#\/schema\/person\/29998f2bc2d8bd0d38662909289b54f1"},"breadcrumb":{"@id":"https:\/\/interamerica.org\/fr\/2024\/06\/des-etudiants-adventistes-de-grenade-explorent-la-bible-a-travers-diverses-formes-dart\/#breadcrumb"},"inLanguage":"fr-FR","potentialAction":[{"@type":"ReadAction","target":["https:\/\/interamerica.org\/fr\/2024\/06\/des-etudiants-adventistes-de-grenade-explorent-la-bible-a-travers-diverses-formes-dart\/"]}]},{"@type":"ImageObject","inLanguage":"fr-FR","@id":"https:\/\/interamerica.org\/fr\/2024\/06\/des-etudiants-adventistes-de-grenade-explorent-la-bible-a-travers-diverses-formes-dart\/#primaryimage","url":"https:\/\/interamerica.org\/wp-content\/uploads\/2024\/06\/grenada-stgeorges-school-kids-1280.jpg","contentUrl":"https:\/\/interamerica.org\/wp-content\/uploads\/2024\/06\/grenada-stgeorges-school-kids-1280.jpg","width":1000,"height":625,"caption":"Students at St. George's Seventh-day Adventist Primary School in Grenada were eager to participate in \"Bible Day\" to share their knowledge of the Bible through various art forms such as poetry, song, drama, and the spoken word. [Photo: Grenada Conference]"},{"@type":"BreadcrumbList","@id":"https:\/\/interamerica.org\/fr\/2024\/06\/des-etudiants-adventistes-de-grenade-explorent-la-bible-a-travers-diverses-formes-dart\/#breadcrumb","itemListElement":[{"@type":"ListItem","position":1,"name":"Home","item":"https:\/\/interamerica.org\/fr\/"},{"@type":"ListItem","position":2,"name":"Des \u00e9tudiants adventistes de Grenade explorent la Bible \u00e0 travers diverses formes d\u2019art"}]},{"@type":"WebSite","@id":"https:\/\/interamerica.org\/fr\/#website","url":"https:\/\/interamerica.org\/fr\/","name":"\u00c9glise Adventiste Du Septieme Jour - Inter Am\u00e9rique Division","description":"","potentialAction":[{"@type":"SearchAction","target":{"@type":"EntryPoint","urlTemplate":"https:\/\/interamerica.org\/fr\/?s={search_term_string}"},"query-input":{"@type":"PropertyValueSpecification","valueRequired":true,"valueName":"search_term_string"}}],"inLanguage":"fr-FR"},{"@type":"Person","@id":"https:\/\/interamerica.org\/fr\/#\/schema\/person\/29998f2bc2d8bd0d38662909289b54f1","name":"libna","image":{"@type":"ImageObject","inLanguage":"fr-FR","@id":"https:\/\/secure.gravatar.com\/avatar\/7c5bd30ae4b47a9ba3c856590957fd1d96dc588bf3ac05719d247e126840331f?s=96&d=mm&r=g","url":"https:\/\/secure.gravatar.com\/avatar\/7c5bd30ae4b47a9ba3c856590957fd1d96dc588bf3ac05719d247e126840331f?s=96&d=mm&r=g","contentUrl":"https:\/\/secure.gravatar.com\/avatar\/7c5bd30ae4b47a9ba3c856590957fd1d96dc588bf3ac05719d247e126840331f?s=96&d=mm&r=g","caption":"libna"}}]}},"_links":{"self":[{"href":"https:\/\/interamerica.org\/fr\/wp-json\/wp\/v2\/posts\/116489","targetHints":{"allow":["GET"]}}],"collection":[{"href":"https:\/\/interamerica.org\/fr\/wp-json\/wp\/v2\/posts"}],"about":[{"href":"https:\/\/interamerica.org\/fr\/wp-json\/wp\/v2\/types\/post"}],"author":[{"embeddable":true,"href":"https:\/\/interamerica.org\/fr\/wp-json\/wp\/v2\/users\/3"}],"replies":[{"embeddable":true,"href":"https:\/\/interamerica.org\/fr\/wp-json\/wp\/v2\/comments?post=116489"}],"version-history":[{"count":0,"href":"https:\/\/interamerica.org\/fr\/wp-json\/wp\/v2\/posts\/116489\/revisions"}],"wp:featuredmedia":[{"embeddable":true,"href":"https:\/\/interamerica.org\/fr\/wp-json\/wp\/v2\/media\/116460"}],"wp:attachment":[{"href":"https:\/\/interamerica.org\/fr\/wp-json\/wp\/v2\/media?parent=116489"}],"wp:term":[{"taxonomy":"category","embeddable":true,"href":"https:\/\/interamerica.org\/fr\/wp-json\/wp\/v2\/categories?post=116489"},{"taxonomy":"post_tag","embeddable":true,"href":"https:\/\/interamerica.org\/fr\/wp-json\/wp\/v2\/tags?post=116489"}],"curies":[{"name":"wp","href":"https:\/\/api.w.org\/{rel}","templated":true}]}}