{"id":116710,"date":"2024-07-04T18:00:29","date_gmt":"2024-07-04T22:00:29","guid":{"rendered":"https:\/\/interamerica.org\/?p=116710"},"modified":"2024-07-05T13:19:08","modified_gmt":"2024-07-05T17:19:08","slug":"luniversite-de-montemorelos-se-joint-au-bureau-de-la-protection-civile-pour-les-evacuations-et-lassistance-apres-la-tempete-tropicale-alberto","status":"publish","type":"post","link":"https:\/\/interamerica.org\/fr\/2024\/07\/luniversite-de-montemorelos-se-joint-au-bureau-de-la-protection-civile-pour-les-evacuations-et-lassistance-apres-la-tempete-tropicale-alberto\/","title":{"rendered":"L\u2019Universit\u00e9 de Montemorelos se joint au Bureau de la Protection Civile pour les \u00e9vacuations et l\u2019assistance apr\u00e8s la temp\u00eate tropicale Alberto"},"content":{"rendered":"<p><em>Le campus de l\u2019\u00e9cole adventiste a une longue tradition consistant \u00e0 pr\u00eater main-forte en cas de besoin.<\/em><\/p>\n<p>4 Juillet 2024 | Montemorelos, Nuevo Leon, Mexique | Laura Marrero et Actualit\u00e9s de la Division Inter Am\u00e9ricaine<\/p>\n<p>L\u2019Universit\u00e9 de Montemorelos, une institution adventiste du septi\u00e8me jour qui se trouve \u00e0 Montemorelos, dans le Nuevo Le\u00f3n, au Mexique, s\u2019est associ\u00e9e au bureau r\u00e9gional de la Protection Civile pour aider certaines des personnes touch\u00e9es par la temp\u00eate tropicale Alberto qui a frapp\u00e9 la r\u00e9gion le 20 juin 2024. Suite \u00e0 des requ\u00eates venant de responsables de la Protection Civile, l\u2019\u00e9cole a accept\u00e9 de devenir un centre d\u2019\u00e9vacuation pour aider des dizaines de personnes secourues suite au passage de la temp\u00eate, ont indiqu\u00e9 les dirigeants de l\u2019universit\u00e9.<\/p>\n<p>Alberto a \u00e9t\u00e9 d\u00e9crit comme un cyclone tropical de courte dur\u00e9e qui a touch\u00e9 le nord du Mexique et l\u2019\u00e9tat am\u00e9ricain du Texas apr\u00e8s avoir suivi une trajectoire sur les terres depuis le Golfe du Mexique. M\u00eame si les fortes pluies sont les bienvenues car elles favorisent g\u00e9n\u00e9ralement le stockage de l\u2019eau dans les barrages, elles pr\u00e9sentent souvent un risque important pour de nombreuses personnes vivant dans les zones vuln\u00e9rables.<\/p>\n<p><div id=\"attachment_116681\" style=\"width: 892px\" class=\"wp-caption aligncenter\"><img fetchpriority=\"high\" decoding=\"async\" aria-describedby=\"caption-attachment-116681\" class=\" wp-image-116680\" src=\"https:\/\/interamerica.org\/wp-content\/uploads\/2024\/07\/um-heli-img-lifiaejv9p7dw4qj-1024x576.jpg\" alt=\"\" width=\"882\" height=\"496\" srcset=\"https:\/\/interamerica.org\/wp-content\/uploads\/2024\/07\/um-heli-img-lifiaejv9p7dw4qj-1024x576.jpg 1024w, https:\/\/interamerica.org\/wp-content\/uploads\/2024\/07\/um-heli-img-lifiaejv9p7dw4qj-300x169.jpg 300w, https:\/\/interamerica.org\/wp-content\/uploads\/2024\/07\/um-heli-img-lifiaejv9p7dw4qj-768x432.jpg 768w, https:\/\/interamerica.org\/wp-content\/uploads\/2024\/07\/um-heli-img-lifiaejv9p7dw4qj-1536x864.jpg 1536w, https:\/\/interamerica.org\/wp-content\/uploads\/2024\/07\/um-heli-img-lifiaejv9p7dw4qj.jpg 1920w\" sizes=\"(max-width: 882px) 100vw, 882px\" \/><p id=\"caption-attachment-116681\" class=\"wp-caption-text\"><span class=\"Y2IQFc\" lang=\"en\">Des membres du personnel administratif, des enseignants et des \u00e9tudiants de l\u2019Universit\u00e9 de Montemorelos aident le Bureau de la Protection Civile du Mexique \u00e0 charger des colis alimentaires, des m\u00e9dicaments et des articles sp\u00e9cialis\u00e9s sur le campus apr\u00e8s que la temp\u00eate tropicale Alberto ait frapp\u00e9 la r\u00e9gion du nord le 20 juin 2024, inondant et bloquant des communaut\u00e9s. Le campus a \u00e9t\u00e9 utilis\u00e9 comme centre d\u2019op\u00e9rations et de distribution pendant une semaine. <\/span>[Photo: Ingrid Gallardo\/UM]<\/p><\/div>Les pluies ont provoqu\u00e9 des crues soudaines dans les \u00e9tats mexicains de Coahuila, Nuevo Le\u00f3n et Tamaulipas. Dans la ville de Monterrey, les services de transports publics ont \u00e9t\u00e9 perturb\u00e9s car des tron\u00e7ons de plusieurs routes ont \u00e9t\u00e9 emport\u00e9s par les eaux. Au total, quatre personnes ont perdu la vie, ont indiqu\u00e9 les m\u00e9dias r\u00e9gionaux.<\/p>\n<p><strong>Un centre d\u2019\u00e9vacuation sur le campus<\/strong><\/p>\n<p>Apr\u00e8s le passage de la temp\u00eate le 20 juin, la Protection Civile de Nuevo Le\u00f3n et la municipalit\u00e9 de Montemorelos ont secouru 20 touristes bloqu\u00e9s dans un groupe de cabanes \u00e0 Puerta de la Boca en raison de la crue de la rivi\u00e8re Pil\u00f3n.<\/p>\n<p>Selon le directeur de la Protection Civile, H\u00e9ctor Parada, ces touristes n\u2019ont pas pu se rendre \u00e0 temps vers un lieu plus s\u00fbr et ont rapidement manqu\u00e9 de nourriture. Bien qu\u2019ils aient r\u00e9ussi \u00e0 demander de l\u2019aide, les conditions m\u00e9t\u00e9orologiques n\u2019ont pas permis une intervention imm\u00e9diate. Cependant, une fois que les conditions m\u00e9t\u00e9orologiques ont permis \u00e0 un h\u00e9licopt\u00e8re d\u2019atteindre l\u2019endroit o\u00f9 ils \u00e9taient bloqu\u00e9s, les agents de la Protection Civile ont contact\u00e9 l\u2019Universit\u00e9 de Montemorelos, dont le campus n\u2019avait pas \u00e9t\u00e9 affect\u00e9 par la temp\u00eate, pour qu\u2019elle serve de quartier g\u00e9n\u00e9ral d\u2019\u00e9vacuation de la zone.<\/p>\n<p>\u00ab Les touristes venant de Monterrey et d\u2019autres villes ont \u00e9t\u00e9 \u00e9vacu\u00e9s vers le campus de l\u2019Universit\u00e9 de Montemorelos, car d\u2019autres h\u00e9liports avaient \u00e9t\u00e9 rendus inutilisables suite aux fortes pluies, \u00bb a expliqu\u00e9 Hector Parada. \u00ab Nous avons contact\u00e9 le pr\u00e9sident de l\u2019universit\u00e9 [Ismael Castillo], qui nous a imm\u00e9diatement donn\u00e9 tout ce dont nous avions besoin pour mener \u00e0 bien nos op\u00e9rations de sauvetage. \u00bb<\/p>\n<p><div id=\"attachment_116684\" style=\"width: 854px\" class=\"wp-caption aligncenter\"><img decoding=\"async\" aria-describedby=\"caption-attachment-116684\" class=\" wp-image-116683\" src=\"https:\/\/interamerica.org\/wp-content\/uploads\/2024\/07\/um-supplies2.jpg\" alt=\"\" width=\"844\" height=\"547\" srcset=\"https:\/\/interamerica.org\/wp-content\/uploads\/2024\/07\/um-supplies2.jpg 1000w, https:\/\/interamerica.org\/wp-content\/uploads\/2024\/07\/um-supplies2-300x194.jpg 300w, https:\/\/interamerica.org\/wp-content\/uploads\/2024\/07\/um-supplies2-768x498.jpg 768w\" sizes=\"(max-width: 844px) 100vw, 844px\" \/><p id=\"caption-attachment-116684\" class=\"wp-caption-text\">Des membres du personnel de l\u2019universit\u00e9 et des \u00e9tudiants aident \u00e0 charger des produits alimentaires pour les communaut\u00e9s touch\u00e9es \u00e0 proximit\u00e9. [Photo: Lizbeth Elejalde\/UM]<\/p><\/div>Les responsales de l\u2019\u00e9cole ont indiqu\u00e9 qu\u2019un centre d\u2019op\u00e9rations de fortune avait \u00e9t\u00e9 install\u00e9 sur le campus. L\u2019universit\u00e9 a non seulement mis \u00e0 disposition l\u2019espace mais a \u00e9galement distribu\u00e9 de l\u2019eau et de la nourriture aux sauveteurs, aux pilotes et aux autres personnes impliqu\u00e9es dans l\u2019op\u00e9ration. De plus, des mesures de s\u00e9curit\u00e9 ont \u00e9t\u00e9 mises en \u0153uvre pour prot\u00e9ger l\u2019op\u00e9ration et pr\u00e9venir les accidents.<\/p>\n<p><strong>L\u2019\u00e9cole se mobilise pour aider la communaut\u00e9<\/strong><\/p>\n<p>Ram\u00f3n Leal, qui a dirig\u00e9 les services de s\u00e9curit\u00e9 de l\u2019Universit\u00e9 de Montemorelos pendant de nombreuses ann\u00e9es et est actuellement l\u2019agent de liaison avec la Protection Civile, a soulign\u00e9 la volont\u00e9 constante de l\u2019universit\u00e9 d\u2019aider la communaut\u00e9. \u00ab L\u2019int\u00e9r\u00eat que nous pla\u00e7ons dans le fait d\u2019aider la communaut\u00e9 avoisinante ne s\u2019arr\u00eate pas lorsque les conditions ne sont pas favorables, \u00bb a dit Ram\u00f3n Leal. \u00ab Dans les situations d\u2019urgence et les moments de grand besoin, nous avons toujours ouvert nos portes et aid\u00e9 de toutes les mani\u00e8res possibles. \u00bb<\/p>\n<p>Ram\u00f3n Leal a expliqu\u00e9 que le campus de l\u2019\u00e9cole est id\u00e9alement pr\u00e9par\u00e9 pour servir dans les situations d\u2019urgence. \u00ab Dans le pass\u00e9, l\u2019\u00e9cole a servi de refuge \u00e0 des dizaines de personnes touch\u00e9es par les ouragans Gilberto [en 1988] et Alex [en 2010], \u00bb a-t-il d\u00e9clar\u00e9. \u00ab Les gens ont eu un espace pour dormir, de l\u2019eau et des repas chauds. Mais c\u2019est la premi\u00e8re fois que le campus est \u00e9galement utilis\u00e9 comme lieu d\u2019atterrissage pour des h\u00e9licopt\u00e8res de sauvetage. \u00bb<\/p>\n<p><div id=\"attachment_116687\" style=\"width: 848px\" class=\"wp-caption aligncenter\"><img decoding=\"async\" aria-describedby=\"caption-attachment-116687\" class=\" wp-image-116686\" src=\"https:\/\/interamerica.org\/wp-content\/uploads\/2024\/07\/um-img-gddkjmgumbk76boz.jpg\" alt=\"\" width=\"838\" height=\"495\" srcset=\"https:\/\/interamerica.org\/wp-content\/uploads\/2024\/07\/um-img-gddkjmgumbk76boz.jpg 953w, https:\/\/interamerica.org\/wp-content\/uploads\/2024\/07\/um-img-gddkjmgumbk76boz-300x177.jpg 300w, https:\/\/interamerica.org\/wp-content\/uploads\/2024\/07\/um-img-gddkjmgumbk76boz-768x454.jpg 768w\" sizes=\"(max-width: 838px) 100vw, 838px\" \/><p id=\"caption-attachment-116687\" class=\"wp-caption-text\"><span class=\"Y2IQFc\" lang=\"en\">Le maire de Montemorelos, Miguel Salazar (\u00e0 gauche), et le pr\u00e9sident de l\u2019Universit\u00e9 de Montemorelos, Ismael Castillo, parlent des op\u00e9rations qui ont eu lieu r\u00e9cemment sur le campus.<\/span>[Photo: Ingrid Gallardo\/UM]<\/p><\/div>Le centre d\u2019op\u00e9rations sur le campus est rest\u00e9 ouvert jusqu\u2019au 26 juin. Pendant cette p\u00e9riode, en plus d\u2019aider ceux qui ont \u00e9t\u00e9 secourus, l\u2019\u00e9cole a lanc\u00e9 une initiative visant \u00e0 collecter et \u00e0 distribuer des produits alimentaires, de l\u2019eau, des m\u00e9dicaments et d\u2019autres articles de premi\u00e8re n\u00e9cessit\u00e9 pour les communaut\u00e9s les plus touch\u00e9es \u00e0 Montemorelos et dans les villes voisines dans le Nuevo Le\u00f3n.<\/p>\n<p>Les responsables de l\u2019\u00e9cole ont expliqu\u00e9 comment l\u2019ensemble de la communaut\u00e9 \u00e9ducative s\u2019est mobilis\u00e9e pour collecter des dons, qui ont ensuite \u00e9t\u00e9 envoy\u00e9s par h\u00e9licopt\u00e8re vers les zones touch\u00e9es. \u00ab Les professeurs de l\u2019universit\u00e9, les membres du personnel et certains \u00e9tudiants volontaires ont particip\u00e9 \u00e0 la collecte de nourriture, et ont apport\u00e9 leur contribution en aidant \u00e0 la s\u00e9curit\u00e9 et au niveau du soutien logistique au centre des op\u00e9rations, \u00bb ont-ils d\u00e9clar\u00e9.<\/p>\n<p><strong>Collecte et tri des m\u00e9dicaments<\/strong><\/p>\n<p>Dans le m\u00eame temps, l\u2019H\u00f4pital La Carlota a fait don de m\u00e9dicaments \u00e0 certaines des communaut\u00e9s les plus touch\u00e9es.<\/p>\n<p><div id=\"attachment_116678\" style=\"width: 839px\" class=\"wp-caption aligncenter\"><img loading=\"lazy\" decoding=\"async\" aria-describedby=\"caption-attachment-116678\" class=\" wp-image-116677\" src=\"https:\/\/interamerica.org\/wp-content\/uploads\/2024\/07\/um-professors-collection.jpg\" alt=\"\" width=\"829\" height=\"622\" srcset=\"https:\/\/interamerica.org\/wp-content\/uploads\/2024\/07\/um-professors-collection.jpg 950w, https:\/\/interamerica.org\/wp-content\/uploads\/2024\/07\/um-professors-collection-300x225.jpg 300w, https:\/\/interamerica.org\/wp-content\/uploads\/2024\/07\/um-professors-collection-768x576.jpg 768w\" sizes=\"(max-width: 829px) 100vw, 829px\" \/><p id=\"caption-attachment-116678\" class=\"wp-caption-text\">Des membres du corps enseignant trient et emballent les m\u00e9dicaments pour le transport par h\u00e9licopt\u00e8re.[Photo: Lizbeth Elejalde\/UM]<\/p><\/div>Alma Nidia Calder\u00f3n Porras, professeure \u00e0 la Facult\u00e9 de Sant\u00e9 de l\u2019Universit\u00e9 de Montemorelos, \u00e9tait l\u2019une des volontaires qui ont aid\u00e9 \u00e0 trier les m\u00e9dicaments donn\u00e9s pour qu\u2019ils soient distribu\u00e9s aux communaut\u00e9s dans le besoin. \u00ab Nous trions les m\u00e9dicaments pour quatre communaut\u00e9s touch\u00e9es en attendant le retour de l\u2019h\u00e9licopt\u00e8re, \u00bb a dit Alma Calder\u00f3n alors qu\u2019elle guidait le groupe de volontaires. \u00ab Nous avons d\u00e9j\u00e0 envoy\u00e9 quatre cartons dans des endroits o\u00f9 certains patients ont des probl\u00e8mes de sant\u00e9, et nous devons d\u00e9terminer s\u2019il faut simplement leur donner les m\u00e9dicaments ou, dans certains cas, les rapatrier par voie a\u00e9rienne jusqu\u2019\u00e0 notre h\u00f4pital. \u00bb<\/p>\n<p>Alma Calder\u00f3n a expliqu\u00e9 que la plupart des m\u00e9dicaments donn\u00e9s sont utilis\u00e9s pour traiter l\u2019hypertension art\u00e9rielle et le diab\u00e8te, mais que les dons comprennent \u00e9galement des m\u00e9dicaments contre les allergies et certains m\u00e9dicaments pour enfants. \u00ab Dans ces communaut\u00e9s, il y a beaucoup d\u2019enfants, et m\u00eame si nous disposons de quelques m\u00e9dicaments pour eux, nous avons encore besoin de couches et de nourriture pour b\u00e9b\u00e9, \u00bb a-t-elle indiqu\u00e9.<\/p>\n<p><strong>Les responsables gouvernementaux expriment leur gratitude<\/strong><\/p>\n<p>Le maire de Montemorelos, Miguel \u00c1ngel Salazar, s\u2019est rendu \u00e0 l\u2019Universit\u00e9 de Montemorelos \u00e0 plusieurs reprises au cours de l\u2019op\u00e9ration. Il a exprim\u00e9 son soutien et sa gratitude pour la rapidit\u00e9 avec laquelle l\u2019\u00e9cole a apport\u00e9 son aide dans ce moment de crise. De m\u00eame, le gouverneur du Nuevo Le\u00f3n, Samuel Garc\u00eda, s\u2019est \u00e9galement rendu \u00e0 l\u2019universit\u00e9 \u00e0 deux reprises. Il a lui aussi remerci\u00e9 la communaut\u00e9 \u00e9ducative pour son r\u00f4le dans la gestion de la crise.<\/p>\n<p><div id=\"attachment_116693\" style=\"width: 854px\" class=\"wp-caption aligncenter\"><img loading=\"lazy\" decoding=\"async\" aria-describedby=\"caption-attachment-116693\" class=\" wp-image-116692\" src=\"https:\/\/interamerica.org\/wp-content\/uploads\/2024\/07\/um-civilprotectionimg-jovlj2vc4lwnnw0p.jpg\" alt=\"\" width=\"844\" height=\"475\" srcset=\"https:\/\/interamerica.org\/wp-content\/uploads\/2024\/07\/um-civilprotectionimg-jovlj2vc4lwnnw0p.jpg 1000w, https:\/\/interamerica.org\/wp-content\/uploads\/2024\/07\/um-civilprotectionimg-jovlj2vc4lwnnw0p-300x169.jpg 300w, https:\/\/interamerica.org\/wp-content\/uploads\/2024\/07\/um-civilprotectionimg-jovlj2vc4lwnnw0p-768x432.jpg 768w\" sizes=\"(max-width: 844px) 100vw, 844px\" \/><p id=\"caption-attachment-116693\" class=\"wp-caption-text\"><span class=\"Y2IQFc\" lang=\"en\">Le pr\u00e9sident de l\u2019Universit\u00e9 de Montemorelos, Ismael Castillo (quatri\u00e8me \u00e0 partir de la gauche), se tient aux c\u00f4t\u00e9s du maire de Montemorelos Miguel Salazar (troisi\u00e8me \u00e0 partir de la droite) et du directeur de la Protection Civile de Montemorelos, H\u00e9ctor Parada (\u00e0 droite), ainsi que d\u2019autres membres de l\u2019\u00e9quipe de la protection civile. <\/span>[Photo: Brenda Cer\u00f3n\/UM]<\/p><\/div>Dans le m\u00eame temps, les repr\u00e9sentants du gouvernement de Montemorelos ont aid\u00e9 en apportant des informations sur les zones les plus touch\u00e9es, celles qui ont subi des glissements de terrain, des affaissements, et sur les endroits o\u00f9 les maisons des familles ont \u00e9t\u00e9 les plus touch\u00e9es. D\u2019apr\u00e8s les responsables de l\u2019\u00e9cole, plus d\u2019un millier d\u2019articles donn\u00e9s par la communaut\u00e9 de l\u2019Universit\u00e9 de Montemorelos ont \u00e9t\u00e9 transport\u00e9s par voie a\u00e9rienne vers les communaut\u00e9s touch\u00e9es telles que Los Encinos, Carranza et Casillas, dans la municipalit\u00e9 de Rayones, ainsi que vers les communaut\u00e9s d\u2019El Alto, de Guadalupe, de Puerta de la Boca et de La Trinidad \u00e0 Montemorelos.<\/p>\n<p>Ismael Castillo a d\u00e9clar\u00e9 que l\u2019Universit\u00e9 de Montemorelos est toujours pr\u00eate \u00e0 aider ceux qui sont dans le besoin. \u00ab Nous sommes tr\u00e8s heureux que notre campus puisse \u00eatre un centre d\u2019op\u00e9rations pour la Protection Civile, et nous sommes tr\u00e8s heureux de collaborer dans ce sens en tant que base de ces op\u00e9rations, car ce qui est important c\u2019est d\u2019aider ceux qui en ont le plus besoin, \u00bb a-t-il soulign\u00e9.<\/p>\n<p>D\u2019apr\u00e8s Ismael Castillo, cette collaboration entre la Protection Civile et l\u2019Universit\u00e9 de Montemorelos dans cette situation d\u2019urgence souligne l\u2019engagement des deux institutions \u00e0 prot\u00e9ger et \u00e0 servir la communaut\u00e9. \u00ab Cela d\u00e9montre que m\u00eame dans les circonstances les plus difficiles, faire preuve de solidarit\u00e9 et unir les efforts peut faire une grande diff\u00e9rence, \u00bb a-t-il d\u00e9clar\u00e9.<\/p>\n<p><em>Lizbeth Elejalde a contribu\u00e9 \u00e0 la r\u00e9daction de ce rapport.<\/em><\/p>\n<p>Traduction: Patrick Luciathe<\/p>\n","protected":false},"excerpt":{"rendered":"<p>Le campus de l\u2019\u00e9cole adventiste a une longue tradition consistant \u00e0 pr\u00eater main-forte en cas de besoin. 4 Juillet 2024 | Montemorelos, Nuevo Leon, Mexique | Laura Marrero et Actualit\u00e9s&#8230;<\/p>\n","protected":false},"author":3,"featured_media":116681,"comment_status":"closed","ping_status":"closed","sticky":false,"template":"","format":"standard","meta":{"_acf_changed":false,"footnotes":""},"categories":[20,19],"tags":[],"class_list":["post-116710","post","type-post","status-publish","format-standard","has-post-thumbnail","hentry","category-nouvelles-du-siege-de-la-division","category-rss-francais"],"acf":[],"yoast_head":"<!-- This site is optimized with the Yoast SEO plugin v27.3 - https:\/\/yoast.com\/product\/yoast-seo-wordpress\/ -->\n<title>L\u2019Universit\u00e9 de Montemorelos se joint au Bureau de la Protection Civile pour les \u00e9vacuations et l\u2019assistance apr\u00e8s la temp\u00eate tropicale Alberto - \u00c9glise Adventiste Du Septieme Jour - Inter Am\u00e9rique Division<\/title>\n<meta name=\"robots\" content=\"index, follow, max-snippet:-1, max-image-preview:large, max-video-preview:-1\" \/>\n<link rel=\"canonical\" href=\"https:\/\/interamerica.org\/fr\/2024\/07\/luniversite-de-montemorelos-se-joint-au-bureau-de-la-protection-civile-pour-les-evacuations-et-lassistance-apres-la-tempete-tropicale-alberto\/\" \/>\n<meta property=\"og:locale\" content=\"fr_FR\" \/>\n<meta property=\"og:type\" content=\"article\" \/>\n<meta property=\"og:title\" content=\"L\u2019Universit\u00e9 de Montemorelos se joint au Bureau de la Protection Civile pour les \u00e9vacuations et l\u2019assistance apr\u00e8s la temp\u00eate tropicale Alberto - \u00c9glise Adventiste Du Septieme Jour - Inter Am\u00e9rique Division\" \/>\n<meta property=\"og:description\" content=\"Le campus de l\u2019\u00e9cole adventiste a une longue tradition consistant \u00e0 pr\u00eater main-forte en cas de besoin. 4 Juillet 2024 | Montemorelos, Nuevo Leon, Mexique | Laura Marrero et Actualit\u00e9s...\" \/>\n<meta property=\"og:url\" content=\"https:\/\/interamerica.org\/fr\/2024\/07\/luniversite-de-montemorelos-se-joint-au-bureau-de-la-protection-civile-pour-les-evacuations-et-lassistance-apres-la-tempete-tropicale-alberto\/\" \/>\n<meta property=\"og:site_name\" content=\"\u00c9glise Adventiste Du Septieme Jour - Inter Am\u00e9rique Division\" \/>\n<meta property=\"article:published_time\" content=\"2024-07-04T22:00:29+00:00\" \/>\n<meta property=\"article:modified_time\" content=\"2024-07-05T17:19:08+00:00\" \/>\n<meta property=\"og:image\" content=\"https:\/\/interamerica.org\/wp-content\/uploads\/2024\/07\/um-heli-img-lifiaejv9p7dw4qj.jpg\" \/>\n\t<meta property=\"og:image:width\" content=\"1920\" \/>\n\t<meta property=\"og:image:height\" content=\"1080\" \/>\n\t<meta property=\"og:image:type\" content=\"image\/jpeg\" \/>\n<meta name=\"author\" content=\"libna\" \/>\n<meta name=\"twitter:card\" content=\"summary_large_image\" \/>\n<meta name=\"twitter:label1\" content=\"\u00c9crit par\" \/>\n\t<meta name=\"twitter:data1\" content=\"libna\" \/>\n\t<meta name=\"twitter:label2\" content=\"Dur\u00e9e de lecture estim\u00e9e\" \/>\n\t<meta name=\"twitter:data2\" content=\"9 minutes\" \/>\n<script type=\"application\/ld+json\" class=\"yoast-schema-graph\">{\"@context\":\"https:\\\/\\\/schema.org\",\"@graph\":[{\"@type\":\"Article\",\"@id\":\"https:\\\/\\\/interamerica.org\\\/fr\\\/2024\\\/07\\\/luniversite-de-montemorelos-se-joint-au-bureau-de-la-protection-civile-pour-les-evacuations-et-lassistance-apres-la-tempete-tropicale-alberto\\\/#article\",\"isPartOf\":{\"@id\":\"https:\\\/\\\/interamerica.org\\\/fr\\\/2024\\\/07\\\/luniversite-de-montemorelos-se-joint-au-bureau-de-la-protection-civile-pour-les-evacuations-et-lassistance-apres-la-tempete-tropicale-alberto\\\/\"},\"author\":{\"name\":\"libna\",\"@id\":\"https:\\\/\\\/interamerica.org\\\/fr\\\/#\\\/schema\\\/person\\\/29998f2bc2d8bd0d38662909289b54f1\"},\"headline\":\"L\u2019Universit\u00e9 de Montemorelos se joint au Bureau de la Protection Civile pour les \u00e9vacuations et l\u2019assistance apr\u00e8s la temp\u00eate tropicale Alberto\",\"datePublished\":\"2024-07-04T22:00:29+00:00\",\"dateModified\":\"2024-07-05T17:19:08+00:00\",\"mainEntityOfPage\":{\"@id\":\"https:\\\/\\\/interamerica.org\\\/fr\\\/2024\\\/07\\\/luniversite-de-montemorelos-se-joint-au-bureau-de-la-protection-civile-pour-les-evacuations-et-lassistance-apres-la-tempete-tropicale-alberto\\\/\"},\"wordCount\":1826,\"image\":{\"@id\":\"https:\\\/\\\/interamerica.org\\\/fr\\\/2024\\\/07\\\/luniversite-de-montemorelos-se-joint-au-bureau-de-la-protection-civile-pour-les-evacuations-et-lassistance-apres-la-tempete-tropicale-alberto\\\/#primaryimage\"},\"thumbnailUrl\":\"https:\\\/\\\/interamerica.org\\\/wp-content\\\/uploads\\\/2024\\\/07\\\/um-heli-img-lifiaejv9p7dw4qj.jpg\",\"articleSection\":[\"Nouvelles du si\u00e8ge de la division\",\"RSS Fran\u00e7ais\"],\"inLanguage\":\"fr-FR\"},{\"@type\":\"WebPage\",\"@id\":\"https:\\\/\\\/interamerica.org\\\/fr\\\/2024\\\/07\\\/luniversite-de-montemorelos-se-joint-au-bureau-de-la-protection-civile-pour-les-evacuations-et-lassistance-apres-la-tempete-tropicale-alberto\\\/\",\"url\":\"https:\\\/\\\/interamerica.org\\\/fr\\\/2024\\\/07\\\/luniversite-de-montemorelos-se-joint-au-bureau-de-la-protection-civile-pour-les-evacuations-et-lassistance-apres-la-tempete-tropicale-alberto\\\/\",\"name\":\"L\u2019Universit\u00e9 de Montemorelos se joint au Bureau de la Protection Civile pour les \u00e9vacuations et l\u2019assistance apr\u00e8s la temp\u00eate tropicale Alberto - \u00c9glise Adventiste Du Septieme Jour - Inter Am\u00e9rique Division\",\"isPartOf\":{\"@id\":\"https:\\\/\\\/interamerica.org\\\/fr\\\/#website\"},\"primaryImageOfPage\":{\"@id\":\"https:\\\/\\\/interamerica.org\\\/fr\\\/2024\\\/07\\\/luniversite-de-montemorelos-se-joint-au-bureau-de-la-protection-civile-pour-les-evacuations-et-lassistance-apres-la-tempete-tropicale-alberto\\\/#primaryimage\"},\"image\":{\"@id\":\"https:\\\/\\\/interamerica.org\\\/fr\\\/2024\\\/07\\\/luniversite-de-montemorelos-se-joint-au-bureau-de-la-protection-civile-pour-les-evacuations-et-lassistance-apres-la-tempete-tropicale-alberto\\\/#primaryimage\"},\"thumbnailUrl\":\"https:\\\/\\\/interamerica.org\\\/wp-content\\\/uploads\\\/2024\\\/07\\\/um-heli-img-lifiaejv9p7dw4qj.jpg\",\"datePublished\":\"2024-07-04T22:00:29+00:00\",\"dateModified\":\"2024-07-05T17:19:08+00:00\",\"author\":{\"@id\":\"https:\\\/\\\/interamerica.org\\\/fr\\\/#\\\/schema\\\/person\\\/29998f2bc2d8bd0d38662909289b54f1\"},\"breadcrumb\":{\"@id\":\"https:\\\/\\\/interamerica.org\\\/fr\\\/2024\\\/07\\\/luniversite-de-montemorelos-se-joint-au-bureau-de-la-protection-civile-pour-les-evacuations-et-lassistance-apres-la-tempete-tropicale-alberto\\\/#breadcrumb\"},\"inLanguage\":\"fr-FR\",\"potentialAction\":[{\"@type\":\"ReadAction\",\"target\":[\"https:\\\/\\\/interamerica.org\\\/fr\\\/2024\\\/07\\\/luniversite-de-montemorelos-se-joint-au-bureau-de-la-protection-civile-pour-les-evacuations-et-lassistance-apres-la-tempete-tropicale-alberto\\\/\"]}]},{\"@type\":\"ImageObject\",\"inLanguage\":\"fr-FR\",\"@id\":\"https:\\\/\\\/interamerica.org\\\/fr\\\/2024\\\/07\\\/luniversite-de-montemorelos-se-joint-au-bureau-de-la-protection-civile-pour-les-evacuations-et-lassistance-apres-la-tempete-tropicale-alberto\\\/#primaryimage\",\"url\":\"https:\\\/\\\/interamerica.org\\\/wp-content\\\/uploads\\\/2024\\\/07\\\/um-heli-img-lifiaejv9p7dw4qj.jpg\",\"contentUrl\":\"https:\\\/\\\/interamerica.org\\\/wp-content\\\/uploads\\\/2024\\\/07\\\/um-heli-img-lifiaejv9p7dw4qj.jpg\",\"width\":1920,\"height\":1080,\"caption\":\"[Photo: Ingrid Gallardo\\\/UM]\"},{\"@type\":\"BreadcrumbList\",\"@id\":\"https:\\\/\\\/interamerica.org\\\/fr\\\/2024\\\/07\\\/luniversite-de-montemorelos-se-joint-au-bureau-de-la-protection-civile-pour-les-evacuations-et-lassistance-apres-la-tempete-tropicale-alberto\\\/#breadcrumb\",\"itemListElement\":[{\"@type\":\"ListItem\",\"position\":1,\"name\":\"Home\",\"item\":\"https:\\\/\\\/interamerica.org\\\/fr\\\/\"},{\"@type\":\"ListItem\",\"position\":2,\"name\":\"L\u2019Universit\u00e9 de Montemorelos se joint au Bureau de la Protection Civile pour les \u00e9vacuations et l\u2019assistance apr\u00e8s la temp\u00eate tropicale Alberto\"}]},{\"@type\":\"WebSite\",\"@id\":\"https:\\\/\\\/interamerica.org\\\/fr\\\/#website\",\"url\":\"https:\\\/\\\/interamerica.org\\\/fr\\\/\",\"name\":\"\u00c9glise Adventiste Du Septieme Jour - Inter Am\u00e9rique Division\",\"description\":\"\",\"potentialAction\":[{\"@type\":\"SearchAction\",\"target\":{\"@type\":\"EntryPoint\",\"urlTemplate\":\"https:\\\/\\\/interamerica.org\\\/fr\\\/?s={search_term_string}\"},\"query-input\":{\"@type\":\"PropertyValueSpecification\",\"valueRequired\":true,\"valueName\":\"search_term_string\"}}],\"inLanguage\":\"fr-FR\"},{\"@type\":\"Person\",\"@id\":\"https:\\\/\\\/interamerica.org\\\/fr\\\/#\\\/schema\\\/person\\\/29998f2bc2d8bd0d38662909289b54f1\",\"name\":\"libna\",\"image\":{\"@type\":\"ImageObject\",\"inLanguage\":\"fr-FR\",\"@id\":\"https:\\\/\\\/secure.gravatar.com\\\/avatar\\\/7c5bd30ae4b47a9ba3c856590957fd1d96dc588bf3ac05719d247e126840331f?s=96&d=mm&r=g\",\"url\":\"https:\\\/\\\/secure.gravatar.com\\\/avatar\\\/7c5bd30ae4b47a9ba3c856590957fd1d96dc588bf3ac05719d247e126840331f?s=96&d=mm&r=g\",\"contentUrl\":\"https:\\\/\\\/secure.gravatar.com\\\/avatar\\\/7c5bd30ae4b47a9ba3c856590957fd1d96dc588bf3ac05719d247e126840331f?s=96&d=mm&r=g\",\"caption\":\"libna\"}}]}<\/script>\n<!-- \/ Yoast SEO plugin. -->","yoast_head_json":{"title":"L\u2019Universit\u00e9 de Montemorelos se joint au Bureau de la Protection Civile pour les \u00e9vacuations et l\u2019assistance apr\u00e8s la temp\u00eate tropicale Alberto - \u00c9glise Adventiste Du Septieme Jour - Inter Am\u00e9rique Division","robots":{"index":"index","follow":"follow","max-snippet":"max-snippet:-1","max-image-preview":"max-image-preview:large","max-video-preview":"max-video-preview:-1"},"canonical":"https:\/\/interamerica.org\/fr\/2024\/07\/luniversite-de-montemorelos-se-joint-au-bureau-de-la-protection-civile-pour-les-evacuations-et-lassistance-apres-la-tempete-tropicale-alberto\/","og_locale":"fr_FR","og_type":"article","og_title":"L\u2019Universit\u00e9 de Montemorelos se joint au Bureau de la Protection Civile pour les \u00e9vacuations et l\u2019assistance apr\u00e8s la temp\u00eate tropicale Alberto - \u00c9glise Adventiste Du Septieme Jour - Inter Am\u00e9rique Division","og_description":"Le campus de l\u2019\u00e9cole adventiste a une longue tradition consistant \u00e0 pr\u00eater main-forte en cas de besoin. 4 Juillet 2024 | Montemorelos, Nuevo Leon, Mexique | Laura Marrero et Actualit\u00e9s...","og_url":"https:\/\/interamerica.org\/fr\/2024\/07\/luniversite-de-montemorelos-se-joint-au-bureau-de-la-protection-civile-pour-les-evacuations-et-lassistance-apres-la-tempete-tropicale-alberto\/","og_site_name":"\u00c9glise Adventiste Du Septieme Jour - Inter Am\u00e9rique Division","article_published_time":"2024-07-04T22:00:29+00:00","article_modified_time":"2024-07-05T17:19:08+00:00","og_image":[{"width":1920,"height":1080,"url":"https:\/\/interamerica.org\/wp-content\/uploads\/2024\/07\/um-heli-img-lifiaejv9p7dw4qj.jpg","type":"image\/jpeg"}],"author":"libna","twitter_card":"summary_large_image","twitter_misc":{"\u00c9crit par":"libna","Dur\u00e9e de lecture estim\u00e9e":"9 minutes"},"schema":{"@context":"https:\/\/schema.org","@graph":[{"@type":"Article","@id":"https:\/\/interamerica.org\/fr\/2024\/07\/luniversite-de-montemorelos-se-joint-au-bureau-de-la-protection-civile-pour-les-evacuations-et-lassistance-apres-la-tempete-tropicale-alberto\/#article","isPartOf":{"@id":"https:\/\/interamerica.org\/fr\/2024\/07\/luniversite-de-montemorelos-se-joint-au-bureau-de-la-protection-civile-pour-les-evacuations-et-lassistance-apres-la-tempete-tropicale-alberto\/"},"author":{"name":"libna","@id":"https:\/\/interamerica.org\/fr\/#\/schema\/person\/29998f2bc2d8bd0d38662909289b54f1"},"headline":"L\u2019Universit\u00e9 de Montemorelos se joint au Bureau de la Protection Civile pour les \u00e9vacuations et l\u2019assistance apr\u00e8s la temp\u00eate tropicale Alberto","datePublished":"2024-07-04T22:00:29+00:00","dateModified":"2024-07-05T17:19:08+00:00","mainEntityOfPage":{"@id":"https:\/\/interamerica.org\/fr\/2024\/07\/luniversite-de-montemorelos-se-joint-au-bureau-de-la-protection-civile-pour-les-evacuations-et-lassistance-apres-la-tempete-tropicale-alberto\/"},"wordCount":1826,"image":{"@id":"https:\/\/interamerica.org\/fr\/2024\/07\/luniversite-de-montemorelos-se-joint-au-bureau-de-la-protection-civile-pour-les-evacuations-et-lassistance-apres-la-tempete-tropicale-alberto\/#primaryimage"},"thumbnailUrl":"https:\/\/interamerica.org\/wp-content\/uploads\/2024\/07\/um-heli-img-lifiaejv9p7dw4qj.jpg","articleSection":["Nouvelles du si\u00e8ge de la division","RSS Fran\u00e7ais"],"inLanguage":"fr-FR"},{"@type":"WebPage","@id":"https:\/\/interamerica.org\/fr\/2024\/07\/luniversite-de-montemorelos-se-joint-au-bureau-de-la-protection-civile-pour-les-evacuations-et-lassistance-apres-la-tempete-tropicale-alberto\/","url":"https:\/\/interamerica.org\/fr\/2024\/07\/luniversite-de-montemorelos-se-joint-au-bureau-de-la-protection-civile-pour-les-evacuations-et-lassistance-apres-la-tempete-tropicale-alberto\/","name":"L\u2019Universit\u00e9 de Montemorelos se joint au Bureau de la Protection Civile pour les \u00e9vacuations et l\u2019assistance apr\u00e8s la temp\u00eate tropicale Alberto - \u00c9glise Adventiste Du Septieme Jour - Inter Am\u00e9rique Division","isPartOf":{"@id":"https:\/\/interamerica.org\/fr\/#website"},"primaryImageOfPage":{"@id":"https:\/\/interamerica.org\/fr\/2024\/07\/luniversite-de-montemorelos-se-joint-au-bureau-de-la-protection-civile-pour-les-evacuations-et-lassistance-apres-la-tempete-tropicale-alberto\/#primaryimage"},"image":{"@id":"https:\/\/interamerica.org\/fr\/2024\/07\/luniversite-de-montemorelos-se-joint-au-bureau-de-la-protection-civile-pour-les-evacuations-et-lassistance-apres-la-tempete-tropicale-alberto\/#primaryimage"},"thumbnailUrl":"https:\/\/interamerica.org\/wp-content\/uploads\/2024\/07\/um-heli-img-lifiaejv9p7dw4qj.jpg","datePublished":"2024-07-04T22:00:29+00:00","dateModified":"2024-07-05T17:19:08+00:00","author":{"@id":"https:\/\/interamerica.org\/fr\/#\/schema\/person\/29998f2bc2d8bd0d38662909289b54f1"},"breadcrumb":{"@id":"https:\/\/interamerica.org\/fr\/2024\/07\/luniversite-de-montemorelos-se-joint-au-bureau-de-la-protection-civile-pour-les-evacuations-et-lassistance-apres-la-tempete-tropicale-alberto\/#breadcrumb"},"inLanguage":"fr-FR","potentialAction":[{"@type":"ReadAction","target":["https:\/\/interamerica.org\/fr\/2024\/07\/luniversite-de-montemorelos-se-joint-au-bureau-de-la-protection-civile-pour-les-evacuations-et-lassistance-apres-la-tempete-tropicale-alberto\/"]}]},{"@type":"ImageObject","inLanguage":"fr-FR","@id":"https:\/\/interamerica.org\/fr\/2024\/07\/luniversite-de-montemorelos-se-joint-au-bureau-de-la-protection-civile-pour-les-evacuations-et-lassistance-apres-la-tempete-tropicale-alberto\/#primaryimage","url":"https:\/\/interamerica.org\/wp-content\/uploads\/2024\/07\/um-heli-img-lifiaejv9p7dw4qj.jpg","contentUrl":"https:\/\/interamerica.org\/wp-content\/uploads\/2024\/07\/um-heli-img-lifiaejv9p7dw4qj.jpg","width":1920,"height":1080,"caption":"[Photo: Ingrid Gallardo\/UM]"},{"@type":"BreadcrumbList","@id":"https:\/\/interamerica.org\/fr\/2024\/07\/luniversite-de-montemorelos-se-joint-au-bureau-de-la-protection-civile-pour-les-evacuations-et-lassistance-apres-la-tempete-tropicale-alberto\/#breadcrumb","itemListElement":[{"@type":"ListItem","position":1,"name":"Home","item":"https:\/\/interamerica.org\/fr\/"},{"@type":"ListItem","position":2,"name":"L\u2019Universit\u00e9 de Montemorelos se joint au Bureau de la Protection Civile pour les \u00e9vacuations et l\u2019assistance apr\u00e8s la temp\u00eate tropicale Alberto"}]},{"@type":"WebSite","@id":"https:\/\/interamerica.org\/fr\/#website","url":"https:\/\/interamerica.org\/fr\/","name":"\u00c9glise Adventiste Du Septieme Jour - Inter Am\u00e9rique Division","description":"","potentialAction":[{"@type":"SearchAction","target":{"@type":"EntryPoint","urlTemplate":"https:\/\/interamerica.org\/fr\/?s={search_term_string}"},"query-input":{"@type":"PropertyValueSpecification","valueRequired":true,"valueName":"search_term_string"}}],"inLanguage":"fr-FR"},{"@type":"Person","@id":"https:\/\/interamerica.org\/fr\/#\/schema\/person\/29998f2bc2d8bd0d38662909289b54f1","name":"libna","image":{"@type":"ImageObject","inLanguage":"fr-FR","@id":"https:\/\/secure.gravatar.com\/avatar\/7c5bd30ae4b47a9ba3c856590957fd1d96dc588bf3ac05719d247e126840331f?s=96&d=mm&r=g","url":"https:\/\/secure.gravatar.com\/avatar\/7c5bd30ae4b47a9ba3c856590957fd1d96dc588bf3ac05719d247e126840331f?s=96&d=mm&r=g","contentUrl":"https:\/\/secure.gravatar.com\/avatar\/7c5bd30ae4b47a9ba3c856590957fd1d96dc588bf3ac05719d247e126840331f?s=96&d=mm&r=g","caption":"libna"}}]}},"_links":{"self":[{"href":"https:\/\/interamerica.org\/fr\/wp-json\/wp\/v2\/posts\/116710","targetHints":{"allow":["GET"]}}],"collection":[{"href":"https:\/\/interamerica.org\/fr\/wp-json\/wp\/v2\/posts"}],"about":[{"href":"https:\/\/interamerica.org\/fr\/wp-json\/wp\/v2\/types\/post"}],"author":[{"embeddable":true,"href":"https:\/\/interamerica.org\/fr\/wp-json\/wp\/v2\/users\/3"}],"replies":[{"embeddable":true,"href":"https:\/\/interamerica.org\/fr\/wp-json\/wp\/v2\/comments?post=116710"}],"version-history":[{"count":0,"href":"https:\/\/interamerica.org\/fr\/wp-json\/wp\/v2\/posts\/116710\/revisions"}],"wp:featuredmedia":[{"embeddable":true,"href":"https:\/\/interamerica.org\/fr\/wp-json\/wp\/v2\/media\/116681"}],"wp:attachment":[{"href":"https:\/\/interamerica.org\/fr\/wp-json\/wp\/v2\/media?parent=116710"}],"wp:term":[{"taxonomy":"category","embeddable":true,"href":"https:\/\/interamerica.org\/fr\/wp-json\/wp\/v2\/categories?post=116710"},{"taxonomy":"post_tag","embeddable":true,"href":"https:\/\/interamerica.org\/fr\/wp-json\/wp\/v2\/tags?post=116710"}],"curies":[{"name":"wp","href":"https:\/\/api.w.org\/{rel}","templated":true}]}}