{"id":116818,"date":"2024-07-05T11:08:03","date_gmt":"2024-07-05T15:08:03","guid":{"rendered":"https:\/\/interamerica.org\/?p=116818"},"modified":"2024-07-05T20:12:42","modified_gmt":"2024-07-06T00:12:42","slug":"les-adventistes-celebrent-la-fin-des-efforts-devangelisation-historiques-en-guadeloupe","status":"publish","type":"post","link":"https:\/\/interamerica.org\/fr\/2024\/07\/les-adventistes-celebrent-la-fin-des-efforts-devangelisation-historiques-en-guadeloupe\/","title":{"rendered":"Les adventistes c\u00e9l\u00e8brent la fin des efforts d\u2019\u00e9vang\u00e9lisation historiques en Guadeloupe"},"content":{"rendered":"<p><div id=\"attachment_116778\" style=\"width: 858px\" class=\"wp-caption aligncenter\"><img fetchpriority=\"high\" decoding=\"async\" aria-describedby=\"caption-attachment-116778\" class=\" wp-image-116777\" src=\"https:\/\/interamerica.org\/wp-content\/uploads\/2024\/07\/guadeloupe-baptism-fagupic.png\" alt=\"\" width=\"848\" height=\"554\" srcset=\"https:\/\/interamerica.org\/wp-content\/uploads\/2024\/07\/guadeloupe-baptism-fagupic.png 1000w, https:\/\/interamerica.org\/wp-content\/uploads\/2024\/07\/guadeloupe-baptism-fagupic-300x196.png 300w, https:\/\/interamerica.org\/wp-content\/uploads\/2024\/07\/guadeloupe-baptism-fagupic-768x502.png 768w\" sizes=\"(max-width: 848px) 100vw, 848px\" \/><p id=\"caption-attachment-116778\" class=\"wp-caption-text\">Les nouveaux croyants sont f\u00e9licit\u00e9s apr\u00e8s avoir \u00e9t\u00e9 baptis\u00e9s par les dirigeants d\u2019\u00e9glise locaux lors de la c\u00e9l\u00e9bration de l\u2019initiative d\u2019\u00e9vang\u00e9lisation de l\u2019Inter Am\u00e9rique, \u00ab Toute la Famille en Mission \u00bb qui s\u2019est tenue \u00e0 Pointe-\u00e0-Pitre, en Guadeloupe, le 29 juin 2024. Le programme a rassembl\u00e9 plus de 600 dirigeants et membres adventistes du septi\u00e8me jour pour la c\u00e9l\u00e9bration des plus de 300 bapt\u00eames qui ont eu lieu \u00e0 travers les champs de l\u2019Union des Antilles et Guyane Fran\u00e7aises, la Guadeloupe, la Martinique ainsi que la Guyane fran\u00e7aise. [Photo : Union des Antilles et de la Guyane Fran\u00e7aises]<\/p><\/div><em>Des centaines de nouveaux croyants se sont joints \u00e0 l\u2019\u00c9glise adventiste en Guadeloupe lors de la c\u00e9r\u00e9monie de bapt\u00eame organis\u00e9e pour l\u2019ensemble du territoire dans le cadre de l\u2019initiative \u00ab Toute la Famille en Mission. \u00bb <\/em><\/p>\n<p>5 Juillet 2024 | Pointe-\u00e0-Pitre, Guadeloupe | Libna Stevens, Actualit\u00e9s de la Division Inter Am\u00e9ricaine<\/p>\n<p>Plus de 600 adventistes du septi\u00e8me jour se sont r\u00e9jouis lors du bapt\u00eame de centaines de personnes alors qu\u2019ils c\u00e9l\u00e9braient la fin des efforts d\u2019\u00e9vang\u00e9lisation dans le territoire des champs fran\u00e7ais de la Division Inter Am\u00e9ricaine (DIA) \u00e0 l\u2019occasion d\u2019un programme diffus\u00e9 en direct depuis Pointe-\u00e0-Pitre, en Guadeloupe, le 29 juin 2024.<\/p>\n<p>Organis\u00e9 depuis l\u2019auditorium de l\u2019\u00c9cole Adventiste La Pers\u00e9v\u00e9rance, le programme a mis en lumi\u00e8re les efforts organis\u00e9s pendant plus d\u2019un mois pour proclamer l\u2019\u00e9vangile et incluait aussi un service d\u2019adoration sp\u00e9cial avec plus de 30 bapt\u00eames sur place durant la manifestation retransmise en direct dans le cadre de \u00ab Toute la Famille en Mission, \u00bb l\u2019initiative phare de la DIA.<\/p>\n<p><div id=\"attachment_116739\" style=\"width: 847px\" class=\"wp-caption aligncenter\"><img decoding=\"async\" aria-describedby=\"caption-attachment-116739\" class=\" wp-image-116738\" src=\"https:\/\/interamerica.org\/wp-content\/uploads\/2024\/07\/guadeloupe-praisegroup.jpg\" alt=\"\" width=\"837\" height=\"518\" srcset=\"https:\/\/interamerica.org\/wp-content\/uploads\/2024\/07\/guadeloupe-praisegroup.jpg 1000w, https:\/\/interamerica.org\/wp-content\/uploads\/2024\/07\/guadeloupe-praisegroup-300x186.jpg 300w, https:\/\/interamerica.org\/wp-content\/uploads\/2024\/07\/guadeloupe-praisegroup-768x475.jpg 768w\" sizes=\"(max-width: 837px) 100vw, 837px\" \/><p id=\"caption-attachment-116739\" class=\"wp-caption-text\">Des chanteurs locaux d\u00e9butent la c\u00e9r\u00e9monie baptismale \u00e0 l\u2019Auditorium de l\u2019\u00c9cole Adventiste La Pers\u00e9v\u00e9rance, en Guadeloupe, le 29 juin 2024. [Photo : Libna Stevens\/DIA]<\/p><\/div><strong>Impact \u00e9vang\u00e9lique r\u00e9gional<\/strong><\/p>\n<p>L\u2019initiative \u00ab Toute la Famille en Mission \u00bb vise \u00e0 impliquer chaque membre d\u2019\u00e9glise dans des initiatives d\u2019actions missionnaires personnelles et publiques pour se pr\u00e9parer \u00e0 la venue prochaine de J\u00e9sus.<\/p>\n<p>\u00ab Pendant 15 jours, la Guadeloupe a \u00e9t\u00e9 en feu pour le Seigneur, \u00bb a d\u00e9clar\u00e9 Esaie Auguste. \u00ab Le nom de J\u00e9sus a \u00e9t\u00e9 exalt\u00e9 et nous remercions la DIA pour la vision qu\u2019elle a partag\u00e9e avec nous. \u00bb Cent soixante-deux personnes ont \u00e9t\u00e9 baptis\u00e9es en Guadeloupe gr\u00e2ce aux efforts conjoints intenses des pasteurs locaux et des pr\u00e9dicateurs invit\u00e9s, a d\u00e9clar\u00e9 pasteur Auguste.<\/p>\n<p><div id=\"attachment_116800\" style=\"width: 849px\" class=\"wp-caption aligncenter\"><img decoding=\"async\" aria-describedby=\"caption-attachment-116800\" class=\" wp-image-116799\" src=\"https:\/\/interamerica.org\/wp-content\/uploads\/2024\/07\/guadeloupe-esaie-auguste.png\" alt=\"\" width=\"839\" height=\"503\" srcset=\"https:\/\/interamerica.org\/wp-content\/uploads\/2024\/07\/guadeloupe-esaie-auguste.png 1000w, https:\/\/interamerica.org\/wp-content\/uploads\/2024\/07\/guadeloupe-esaie-auguste-300x180.png 300w, https:\/\/interamerica.org\/wp-content\/uploads\/2024\/07\/guadeloupe-esaie-auguste-768x460.png 768w\" sizes=\"(max-width: 839px) 100vw, 839px\" \/><p id=\"caption-attachment-116800\" class=\"wp-caption-text\">Pasteur Esaie Auguste, pr\u00e9sident de la F\u00e9d\u00e9ration de la Guadeloupe, loue Dieu pour le succ\u00e8s des actions men\u00e9es lors des campagnes d\u2019\u00e9vang\u00e9lisation qui ont eu lieu du 16 au 29 juin 2024, sur 11 sites de l\u2019\u00eele. [Photo : capture d\u2019\u00e9cran de la DIA]<\/p><\/div>Les actions d\u2019impact \u00e9vang\u00e9lique ont \u00e9t\u00e9 men\u00e9s non seulement en Guadeloupe, mais aussi en Martinique et en Guyane fran\u00e7aise, du 16 au 29 juin 2024, gr\u00e2ce \u00e0 10 conf\u00e9renciers invit\u00e9s du s\u00e9minaire de l\u2019Universit\u00e9 d\u2019Andrews, quatre de la F\u00e9d\u00e9ration de l\u2019Est de l\u2019Allegheny et de la F\u00e9d\u00e9ration du Sud-Est de la Division Nord-Am\u00e9ricaine, ainsi qu\u2019un pr\u00e9dicateur invit\u00e9 du Mexique.<\/p>\n<p>Le pr\u00e9sident de l\u2019Union des Antilles et de la Guyane Fran\u00e7aise, Eddy-Michel Carpin, a salu\u00e9 le travail des dirigeants et des membres de l\u2019\u00c9glise qui se sont associ\u00e9s pour proclamer l\u2019\u00e9vangile. \u00ab Nous sommes un petit groupe d\u2019\u00eeles, mais l\u2019initiative a g\u00e9n\u00e9r\u00e9 un nouveau d\u00e9vouement et un nouvel engagement envers la mission consistant \u00e0 pr\u00eacher l\u2019\u00e9vangile, \u00bb a d\u00e9clar\u00e9 pasteur Carpin.<\/p>\n<p><div id=\"attachment_116754\" style=\"width: 864px\" class=\"wp-caption aligncenter\"><img loading=\"lazy\" decoding=\"async\" aria-describedby=\"caption-attachment-116754\" class=\" wp-image-116753\" src=\"https:\/\/interamerica.org\/wp-content\/uploads\/2024\/07\/fagu-eddy-michel-carpin-guadeloupe.jpg\" alt=\"\" width=\"854\" height=\"569\" srcset=\"https:\/\/interamerica.org\/wp-content\/uploads\/2024\/07\/fagu-eddy-michel-carpin-guadeloupe.jpg 1000w, https:\/\/interamerica.org\/wp-content\/uploads\/2024\/07\/fagu-eddy-michel-carpin-guadeloupe-300x200.jpg 300w, https:\/\/interamerica.org\/wp-content\/uploads\/2024\/07\/fagu-eddy-michel-carpin-guadeloupe-768x512.jpg 768w\" sizes=\"(max-width: 854px) 100vw, 854px\" \/><p id=\"caption-attachment-116754\" class=\"wp-caption-text\">Pasteur Eddy-Michel Carpin (\u00e0 droite), pr\u00e9sident de l\u2019Union des Antilles et de la Guyane Fran\u00e7aises, a remerci\u00e9 les dirigeants et les membres locaux qui se sont engag\u00e9s dans la proclamation de l\u2019\u00e9vangile sur tout le territoire au cours des deux derni\u00e8res semaines. Rubens Daub\u00e9 (\u00e0 gauche) traduit le message. [Photo : Libna Stevens\/DIA]<\/p><\/div>Plus de 300 bapt\u00eames ont eu lieu au cours des deux semaines de campagne d\u2019\u00e9vang\u00e9lisation, un chiffre historique, ont indiqu\u00e9 les dirigeants de l\u2019\u00c9glise.<\/p>\n<p>Le programme, retransmis en direct a mis en lumi\u00e8re le travail des membres actifs et des dirigeants de l\u2019\u00c9glise sur le territoire de l\u2019Union des Antilles et de la Guyane Fran\u00e7aises, mais \u00e9galement dans certaines parties du Mexique, de la Colombie, d\u2019Ha\u00efti et des \u00eeles de la Cara\u00efbe N\u00e9erlandaise.<\/p>\n<p><strong>Construire des relations<\/strong><\/p>\n<p>Au cours de son message spirituel du sabbat matin, pasteur Elie Henry, pr\u00e9sident de la Division Inter Am\u00e9ricaine, s\u2019est adress\u00e9 \u00e0 ceux qui s\u2019appr\u00eataient \u00e0 \u00eatre baptis\u00e9s, aux membres de longue date et aux nouveaux croyants, les invitant \u00e0 devenir une \u00ab fontaine de vie \u00bb alors qu\u2019ils veillent sur leur relation avec Dieu et qu\u2019ils la d\u00e9veloppent, qu\u2019ils font des membres de leur famille des disciples et qu\u2019ils s\u2019engagent \u00e0 proclamer l\u2019\u00e9vangile partout o\u00f9 ils vont.<\/p>\n<p><div id=\"attachment_116760\" style=\"width: 869px\" class=\"wp-caption aligncenter\"><img loading=\"lazy\" decoding=\"async\" aria-describedby=\"caption-attachment-116760\" class=\" wp-image-116759\" src=\"https:\/\/interamerica.org\/wp-content\/uploads\/2024\/07\/elie-henry-guadeloupe.jpg\" alt=\"\" width=\"859\" height=\"573\" srcset=\"https:\/\/interamerica.org\/wp-content\/uploads\/2024\/07\/elie-henry-guadeloupe.jpg 1000w, https:\/\/interamerica.org\/wp-content\/uploads\/2024\/07\/elie-henry-guadeloupe-300x200.jpg 300w, https:\/\/interamerica.org\/wp-content\/uploads\/2024\/07\/elie-henry-guadeloupe-768x512.jpg 768w\" sizes=\"(max-width: 859px) 100vw, 859px\" \/><p id=\"caption-attachment-116760\" class=\"wp-caption-text\">Le pr\u00e9sident de la Division Inter am\u00e9ricaine, pasteur Elie Henry (\u00e0 droite), exhorte les plus de 600 membres d\u2019\u00e9glise lors de son discours pr\u00e9sent\u00e9 le sabbat matin ; K\u00e9vanne Ramin (\u00e0 gauche) traduit. [Photo : Libna Stevens\/DIA]<\/p><\/div>\u00ab Lorsque nous parlons de \u00ab Toute la Famille en Mission, \u00bb nous parlons de p\u00e8res et de m\u00e8res qui font tout ce qu\u2019ils peuvent pour leurs enfants, pour leur inculquer la mission que Dieu nous a donn\u00e9e, \u00bb a d\u00e9clar\u00e9 pasteur Henry.<\/p>\n<p>\u00ab Continuez \u00e0 \u00e9tablir des relations avec vos enfants et avec les autres enfants de votre entourage. Aimez-les, prenez le temps de pardonner et profitez de chaque jour pour leur montrer votre amour et celui de Dieu. Faites-le aujourd\u2019hui. Vous ne pouvez pas renvoyer \u00e0 demain. \u00bb L\u2019avenir est assur\u00e9, a-t-il ajout\u00e9.<\/p>\n<p><div id=\"attachment_116736\" style=\"width: 848px\" class=\"wp-caption aligncenter\"><img loading=\"lazy\" decoding=\"async\" aria-describedby=\"caption-attachment-116736\" class=\"wp-image-116735\" src=\"https:\/\/interamerica.org\/wp-content\/uploads\/2024\/07\/guadeloupe-audience-closeup.jpg\" alt=\"\" width=\"838\" height=\"559\" srcset=\"https:\/\/interamerica.org\/wp-content\/uploads\/2024\/07\/guadeloupe-audience-closeup.jpg 1000w, https:\/\/interamerica.org\/wp-content\/uploads\/2024\/07\/guadeloupe-audience-closeup-300x200.jpg 300w, https:\/\/interamerica.org\/wp-content\/uploads\/2024\/07\/guadeloupe-audience-closeup-768x512.jpg 768w\" sizes=\"(max-width: 838px) 100vw, 838px\" \/><p id=\"caption-attachment-116736\" class=\"wp-caption-text\">Des membres d\u2019\u00e9glise \u00e9coutent pendant le programme du sabbat. [Photo : Libna Stevens\/DIA]<\/p><\/div>Pasteur Henry a invit\u00e9 les membres d\u2019\u00e9glise \u00e0 proclamer et \u00e0 vivre la mission consistant \u00e0 pr\u00eacher l\u2019\u00e9vangile, en attendant le prochain retour de J\u00e9sus. \u00ab Nous devons avancer avec foi, \u00bb a-t-il d\u00e9clar\u00e9.<\/p>\n<p><strong>R\u00e9pondre \u00e0 l\u2019appel au bapt\u00eame<\/strong><\/p>\n<p>Aller de l\u2019avant, c\u2019est ce que Casimir Andes fait chaque jour depuis huit mois, gr\u00e2ce \u00e0 deux membres d\u2019\u00e9glise qui ont commenc\u00e9 \u00e0 lui rendre visite chez lui pour prier et \u00e9tudier la Bible avec lui. Il \u00e9tait aux prises avec la d\u00e9pression et impliqu\u00e9 dans des distractions malsaines, a-t-il dit, mais il a vu sa vie changer depuis qu\u2019il a d\u00e9couvert l\u2019amour de Dieu. \u00ab Ce sont mes fr\u00e8res, ils veillent sur moi et me rendent visite chaque semaine, \u00bb a d\u00e9clar\u00e9 Casimir Andes. \u00c0 l\u2019approche des campagnes d\u2019\u00e9vang\u00e9lisation, Casimir Andes a \u00e9t\u00e9 invit\u00e9 et a assist\u00e9 aux r\u00e9unions de l\u2019\u00e9glise pour la premi\u00e8re fois. C\u2019est au cours des r\u00e9unions d\u2019\u00e9vang\u00e9lisation un soir qu\u2019il a ressenti l\u2019appel \u00e0 donner son c\u0153ur \u00e0 Dieu. \u00ab J\u2019ai commis beaucoup d\u2019erreurs et la vie a \u00e9t\u00e9 difficile, mais J\u00e9sus m\u2019a donn\u00e9 la vie et j\u2019ai h\u00e2te de me faire baptiser, \u00bb a-t-il d\u00e9clar\u00e9.<\/p>\n<p><div id=\"attachment_116769\" style=\"width: 837px\" class=\"wp-caption aligncenter\"><img loading=\"lazy\" decoding=\"async\" aria-describedby=\"caption-attachment-116769\" class=\" wp-image-116768\" src=\"https:\/\/interamerica.org\/wp-content\/uploads\/2024\/07\/guatedoupe-casimir-andes-baptism-fagu.jpg\" alt=\"\" width=\"827\" height=\"551\" srcset=\"https:\/\/interamerica.org\/wp-content\/uploads\/2024\/07\/guatedoupe-casimir-andes-baptism-fagu.jpg 1000w, https:\/\/interamerica.org\/wp-content\/uploads\/2024\/07\/guatedoupe-casimir-andes-baptism-fagu-300x200.jpg 300w, https:\/\/interamerica.org\/wp-content\/uploads\/2024\/07\/guatedoupe-casimir-andes-baptism-fagu-768x512.jpg 768w\" sizes=\"(max-width: 827px) 100vw, 827px\" \/><p id=\"caption-attachment-116769\" class=\"wp-caption-text\">Pasteur Rosan Lancien (\u00e0 gauche) f\u00e9licite Casimir Andes (\u00e0 droite) apr\u00e8s l\u2019avoir baptis\u00e9. Casimir Andes a \u00e9tudi\u00e9 la Bible pendant huit mois avant de se rendre aux r\u00e9unions d\u2019\u00e9vang\u00e9lisation \u00e0 l\u2019auditorium de l\u2019\u00c9cole Adventiste La Pers\u00e9v\u00e9rance le mois dernier et de prendre la d\u00e9cision de se faire baptiser. [Photo : Union des Antilles et de la Guyane Fran\u00e7aises]<\/p><\/div>Casimir Andes, qui faisait partie de la trentaine de personnes baptis\u00e9es pendant le programme retransmis en direct, a d\u00e9clar\u00e9 qu\u2019il travaillait pour subvenir aux besoins de ses trois enfants qui vivent \u00e0 la Dominique, son pays d\u2019origine. Il prie pour que Dieu puisse guider sa nouvelle vie et qu\u2019il puisse grandir dans la foi alors qu\u2019il fr\u00e9quente l\u2019\u00e9glise en Guadeloupe.<\/p>\n<p>Mondette Fortun\u00e9 Salm\u00e9, soixante-seize ans, a fr\u00e9quent\u00e9 l\u2019\u00e9glise adventiste lorsqu\u2019elle \u00e9tait tr\u00e8s jeune, mais elle n\u2019a jamais \u00e9t\u00e9 baptis\u00e9e et a arr\u00eat\u00e9 d\u2019aller \u00e0 l\u2019\u00e9glise. Lorsqu\u2019elle a vu un reportage vid\u00e9o d\u2019un couple d\u00e9c\u00e9d\u00e9 tragiquement lors du tremblement de terre qui a frapp\u00e9 Ha\u00efti en 2010, elle a \u00e9t\u00e9 touch\u00e9e et choqu\u00e9e et cela a provoqu\u00e9 chez elle le d\u00e9sir de changer. Elle a commenc\u00e9 \u00e0 lire et \u00e0 \u00e9tudier la Bible et \u00e0 observer le sabbat.<\/p>\n<p><div id=\"attachment_116763\" style=\"width: 851px\" class=\"wp-caption aligncenter\"><img loading=\"lazy\" decoding=\"async\" aria-describedby=\"caption-attachment-116763\" class=\" wp-image-116762\" src=\"https:\/\/interamerica.org\/wp-content\/uploads\/2024\/07\/guadeloupe-fortune-baptism.jpg\" alt=\"\" width=\"841\" height=\"659\" srcset=\"https:\/\/interamerica.org\/wp-content\/uploads\/2024\/07\/guadeloupe-fortune-baptism.jpg 1000w, https:\/\/interamerica.org\/wp-content\/uploads\/2024\/07\/guadeloupe-fortune-baptism-300x235.jpg 300w, https:\/\/interamerica.org\/wp-content\/uploads\/2024\/07\/guadeloupe-fortune-baptism-768x602.jpg 768w\" sizes=\"(max-width: 841px) 100vw, 841px\" \/><p id=\"caption-attachment-116763\" class=\"wp-caption-text\">Mondette Fortun\u00e9 Salm\u00e9 (\u00e0 droite) est baptis\u00e9e apr\u00e8s avoir observ\u00e9 le sabbat pendant plus de 13 ans. [Photo : Libna Stevens\/DIA]<\/p><\/div>En avril 2023, elle a commenc\u00e9 \u00e0 fr\u00e9quenter une \u00e9glise adventiste pr\u00e8s de chez elle. Lorsqu\u2019elle a commenc\u00e9 \u00e0 participer aux r\u00e9centes campagnes d\u2019\u00e9vang\u00e9lisation, elle a rempli un formulaire de requ\u00eate de pri\u00e8re et a re\u00e7u un appel d\u2019un pasteur. Lorsque le pasteur a d\u00e9couvert qu\u2019elle n\u2019avait pas \u00e9t\u00e9 baptis\u00e9e, elle a dit qu\u2019elle avait l\u2019impression qu\u2019elle n\u2019en avait pas besoin. \u00ab J\u2019observe le sabbat et j\u2019ai l\u2019impression d\u2019\u00eatre un membre depuis d\u00e9j\u00e0 plus de 10 ans, \u00bb a dit Mondette Fortun\u00e9. \u00ab Je me sens vraiment heureuse de m\u2019\u00eatre fait baptiser aujourd\u2019hui. J\u00e9sus est mon Sauveur et tout pour moi. \u00bb<\/p>\n<p><strong>Retour \u00e0 l\u2019\u00e9glise<\/strong><\/p>\n<p>Gabrielle Gravinay, 19 ans, a grandi dans l\u2019\u00c9glise adventiste mais l\u2019a quitt\u00e9e \u00e0 six ans et est revenue \u00e0 17 ans. Elle \u00e9tait occup\u00e9e \u00e0 poursuivre ses \u00e9tudes en France et lorsqu\u2019elle est rentr\u00e9e en Guadeloupe pour les vacances d\u2019\u00e9t\u00e9 dans son \u00e9glise adventiste de Boisvin en Guadeloupe, elle a \u00e9t\u00e9 attir\u00e9e par les r\u00e9unions d\u2019\u00e9vang\u00e9lisation et s\u2019est sentie pouss\u00e9e \u00e0 se faire baptiser avant de repartir poursuivre ses \u00e9tudes. \u00c9tudier la Bible et maintenir une vie de pri\u00e8re et de d\u00e9votion est ce qu\u2019elle veut s\u2019assurer de continuer \u00e0 faire. Il faut du courage pour \u00eatre fid\u00e8le, a-t-elle dit. \u00ab J\u2019apprends \u00e0 tout laisser entre les mains de Dieu, \u00e0 ne pas avoir peur et \u00e0 laisser Dieu d\u00e9cider du cours de ma vie, \u00bb a dit Gabrielle Gravinay.<\/p>\n<p><div id=\"attachment_116772\" style=\"width: 826px\" class=\"wp-caption aligncenter\"><img loading=\"lazy\" decoding=\"async\" aria-describedby=\"caption-attachment-116772\" class=\" wp-image-116771\" src=\"https:\/\/interamerica.org\/wp-content\/uploads\/2024\/07\/guadeloupe-baptism-grabielle-1.jpg\" alt=\"\" width=\"816\" height=\"612\" srcset=\"https:\/\/interamerica.org\/wp-content\/uploads\/2024\/07\/guadeloupe-baptism-grabielle-1.jpg 1000w, https:\/\/interamerica.org\/wp-content\/uploads\/2024\/07\/guadeloupe-baptism-grabielle-1-300x225.jpg 300w, https:\/\/interamerica.org\/wp-content\/uploads\/2024\/07\/guadeloupe-baptism-grabielle-1-768x576.jpg 768w\" sizes=\"(max-width: 816px) 100vw, 816px\" \/><p id=\"caption-attachment-116772\" class=\"wp-caption-text\">Gabrielle Gravinay (\u00e0 droite), 19 ans, est retourn\u00e9e \u00e0 l\u2019\u00e9glise en 2022 et a pris la d\u00e9cision de se faire baptiser pour la premi\u00e8re fois apr\u00e8s avoir assist\u00e9 aux r\u00e9unions d\u2019\u00e9vang\u00e9lisation pendant les vacances d\u2019\u00e9t\u00e9. Pasteur Rosan Lancien se tient \u00e0 ses c\u00f4t\u00e9s apr\u00e8s son bapt\u00eame. [Photo : Libna Stevens\/DIA]<\/p><\/div>Il a fallu d\u2019une crise cardiaque en 2020 pour que Fred Romain, 46 ans, retourne \u00e0 l\u2019\u00e9glise. Il avait \u00e9t\u00e9 baptis\u00e9 \u00e0 l\u2019\u00e2ge de 13 ans mais avait suivi son propre chemin en vivant le genre de vie qui l\u2019occupait dans le monde des vices. \u00ab Lorsque j\u2019ai \u00e9t\u00e9 touch\u00e9 par une crise cardiaque, j\u2019ai demand\u00e9 \u00e0 Dieu de me gu\u00e9rir et j\u2019ai promis de retourner \u00e0 l\u2019\u00e9glise, \u00bb a-t-il d\u00e9clar\u00e9. Il fr\u00e9quente l\u2019\u00e9glise adventiste de Dothemare en Guadeloupe. Lorsque les r\u00e9unions d\u2019\u00e9vang\u00e9lisation ont commenc\u00e9, il s\u2019est senti pouss\u00e9 \u00e0 se faire baptiser. \u00ab Je me sens tellement en paix maintenant et j\u2019ai laiss\u00e9 mon ancienne vie derri\u00e8re moi et j\u2019ai rempli ma vie de davantage d\u2019exp\u00e9riences avec Dieu, \u00e0 travers sa Parole et la pri\u00e8re, et j\u2019ai le sentiment que Dieu est mon ami, il est toujours l\u00e0. \u00bb<\/p>\n<p>Fred Romain a \u00e9t\u00e9 touch\u00e9 par les messages du pasteur David Springer, l\u2019un des 10 conf\u00e9renciers venus du s\u00e9minaire de l\u2019Universit\u00e9 d\u2019Andrews qui a \u00e9t\u00e9 charg\u00e9 de pr\u00eacher \u00e0 l\u2019Auditorium de l\u2019\u00c9cole Adventiste La Pers\u00e9v\u00e9rance.<\/p>\n<p><div id=\"attachment_116745\" style=\"width: 819px\" class=\"wp-caption aligncenter\"><img loading=\"lazy\" decoding=\"async\" aria-describedby=\"caption-attachment-116745\" class=\" wp-image-116744\" src=\"https:\/\/interamerica.org\/wp-content\/uploads\/2024\/07\/guadeloupe-davidspringer.jpg\" alt=\"\" width=\"809\" height=\"539\" srcset=\"https:\/\/interamerica.org\/wp-content\/uploads\/2024\/07\/guadeloupe-davidspringer.jpg 1000w, https:\/\/interamerica.org\/wp-content\/uploads\/2024\/07\/guadeloupe-davidspringer-300x200.jpg 300w, https:\/\/interamerica.org\/wp-content\/uploads\/2024\/07\/guadeloupe-davidspringer-768x511.jpg 768w\" sizes=\"(max-width: 809px) 100vw, 809px\" \/><p id=\"caption-attachment-116745\" class=\"wp-caption-text\">Pasteur David Springer du s\u00e9minaire de l\u2019Universit\u00e9 d\u2019Andrews partage son exp\u00e9rience lors de sa campagne tenue \u00e0 l\u2019Auditorium de l\u2019\u00c9cole Adventiste La Pers\u00e9v\u00e9rance ; il est entour\u00e9 des 10 autres pr\u00e9dicateurs qui ont tenu des campagnes d\u2019\u00e9vang\u00e9lisation dans toute la Guadeloupe, du 16 au 29 juin 2024. [Photo : Libna Stevens\/DIA]<\/p><\/div><strong>Impact en Guadeloupe<\/strong><\/p>\n<p>Originaire de Trinidad, pasteur Springer, qui a tenu des campagnes d\u2019\u00e9vang\u00e9lisation en Zambie l\u2019ann\u00e9e derni\u00e8re et dans d\u2019autres parties du monde, a d\u00e9clar\u00e9 que \u00ab les gens \u00e0 travers le monde sont confront\u00e9s aux m\u00eames probl\u00e8mes, peu importe le contexte ou la difficult\u00e9 qu\u2019il y a \u00e0 toucher ceux qui la mentalit\u00e9 postmoderne. \u00bb Pasteur Springer a d\u00e9clar\u00e9 que de nombreuses personnes souffrent de probl\u00e8mes de sant\u00e9 mentale ou de traumatismes, et parfois elles ne sont pas capables d\u2019accepter l\u2019\u00e9vangile tout de suite. Pasteur Springer estime que c\u2019est gr\u00e2ce \u00e0 son propre parcours et \u00e0 son exp\u00e9rience dans le travail social qu\u2019il a pu renverser les barri\u00e8res de la honte et \u00e9tablir le contact avec les gens pendant ses messages. Pasteur Springer a \u00e9t\u00e9 touch\u00e9 par les dizaines de croyants qui ont pris la d\u00e9cision de se faire baptiser et qui continuent de grandir dans la foi au cours des deux semaines pass\u00e9es en Guadeloupe.<\/p>\n<p><div id=\"attachment_116751\" style=\"width: 851px\" class=\"wp-caption aligncenter\"><img loading=\"lazy\" decoding=\"async\" aria-describedby=\"caption-attachment-116751\" class=\" wp-image-116750\" src=\"https:\/\/interamerica.org\/wp-content\/uploads\/2024\/07\/balvin-braham-guadeloupe.jpg\" alt=\"\" width=\"841\" height=\"504\" srcset=\"https:\/\/interamerica.org\/wp-content\/uploads\/2024\/07\/balvin-braham-guadeloupe.jpg 1000w, https:\/\/interamerica.org\/wp-content\/uploads\/2024\/07\/balvin-braham-guadeloupe-300x180.jpg 300w, https:\/\/interamerica.org\/wp-content\/uploads\/2024\/07\/balvin-braham-guadeloupe-768x460.jpg 768w\" sizes=\"(max-width: 841px) 100vw, 841px\" \/><p id=\"caption-attachment-116751\" class=\"wp-caption-text\">Pasteur Balvin Braham (\u00e0 droite), vice-pr\u00e9sident de la DIA, explique l\u2019initiative \u00ab Toute la Famille en Mission \u00bb qui se d\u00e9roule \u00e0 travers les 24 unions. Pasteur Jacques Bibrac (\u00e0 gauche) traduit sur la plateforme. [Photo : Libna Stevens\/DIA]<\/p><\/div>Encourager chaque membre \u00e0 grandir dans la foi est l\u2019un des \u00e9l\u00e9ments cl\u00e9s qui pousse l\u2019initiative \u00ab Toute la Famille en Mission \u00bb \u00e0 travers le territoire de la DIA, a d\u00e9clar\u00e9 pasteur Balvin Braham, vice-pr\u00e9sident de la DIA, lors du programme retransmis en direct. \u00ab Nous voulons que chaque membre grandisse en Christ et fasse des autres des disciples en pr\u00e9paration de la Seconde Venue, \u00bb a dit pasteur Braham. Il s\u2019agit de s\u2019assurer que chaque membre serve dans la communaut\u00e9 et proclame l\u2019\u00e9vangile, a-t-il ajout\u00e9. \u00ab Nous voulons que chaque famille soit active dans la mission, qu\u2019elle soit activement engag\u00e9e dans la moisson des \u00e2mes pour le royaume, \u00bb a dit Balvin Braham.<\/p>\n<p>Les 108 bapt\u00eames obtenus \u00e0 la fin des efforts d\u2019\u00e9vang\u00e9lisation en Guadeloupe permettent d\u2019arriver \u00e0 un total de 164 jusqu\u2019ici, d\u00e9passant les 140 atteints en 2023, a d\u00e9clar\u00e9 pasteur Auguste. \u00ab Cette initiative a donn\u00e9 un nouveau souffle \u00e0 l\u2019\u00e9vang\u00e9lisation ici en Guadeloupe et nous a montr\u00e9 \u00e0 quel point l\u2019\u00e9vang\u00e9lisation publique est toujours pertinente ici, comment nous pouvons travailler plus \u00e9troitement ensemble en tant qu\u2019\u00e9quipe pastorale et comment nous devons continuer \u00e0 nous tourner plus activement vers la communaut\u00e9, \u00bb a d\u00e9clar\u00e9 pasteur Auguste. Parfois, cela peut prendre plus d\u2019un an d\u2019\u00e9tude biblique avant qu\u2019une personne ne prenne la d\u00e9cision de se faire baptiser, a-t-il d\u00e9clar\u00e9, mais des efforts conjoints plus \u00e9troits au niveau local peuvent donner de meilleurs r\u00e9sultats, a-t-il ajout\u00e9. \u00ab Il est important que nous \u00e9tablissions le contact avec les gens, que nous en sachions davantage sur leurs besoins et que nous utilisions les opportunit\u00e9s pour la mission. \u00bb<\/p>\n<p><div id=\"attachment_116733\" style=\"width: 927px\" class=\"wp-caption aligncenter\"><img loading=\"lazy\" decoding=\"async\" aria-describedby=\"caption-attachment-116733\" class=\" wp-image-116732\" src=\"https:\/\/interamerica.org\/wp-content\/uploads\/2024\/07\/guadeloupe-union-leaders.jpg\" alt=\"\" width=\"917\" height=\"564\" srcset=\"https:\/\/interamerica.org\/wp-content\/uploads\/2024\/07\/guadeloupe-union-leaders.jpg 1000w, https:\/\/interamerica.org\/wp-content\/uploads\/2024\/07\/guadeloupe-union-leaders-300x185.jpg 300w, https:\/\/interamerica.org\/wp-content\/uploads\/2024\/07\/guadeloupe-union-leaders-768x472.jpg 768w\" sizes=\"(max-width: 917px) 100vw, 917px\" \/><p id=\"caption-attachment-116733\" class=\"wp-caption-text\">Les administrateurs de l\u2019\u00e9glise et les dirigeants de sept unions de la DIA, dont la Colombie, le Mexique, la Cara\u00efbe N\u00e9erlandaise et Ha\u00efti, ont pris part \u00e0 la c\u00e9l\u00e9bration de l\u2019\u00e9vang\u00e9lisation, ont assist\u00e9 au programme et ont expliqu\u00e9 comment les membres de leurs territoires sont engag\u00e9s dans la mission. [Photo : Libna Stevens\/DIA]<\/p><\/div>Pasteur Auguste a d\u00e9clar\u00e9 que dans les semaines \u00e0 venir, il rencontrerait son \u00e9quipe de dirigeants et de pasteurs pour \u00e9valuer les efforts d\u2019\u00e9vang\u00e9lisation et ajuster les plans strat\u00e9giques pour le reste de l\u2019ann\u00e9e. Il a d\u00e9clar\u00e9 que les pasteurs vont accompagner environ 50 personnes qui sont int\u00e9ress\u00e9es \u00e0 \u00e9tudier la Bible et qui se pr\u00e9parent \u00e0 \u00eatre baptis\u00e9es dans les mois \u00e0 venir.<\/p>\n<p>Les dirigeants d\u2019union de la DIA regroup\u00e9s lors de la deuxi\u00e8me \u00e9dition du programme de c\u00e9l\u00e9bration \u00ab Toute la Famille en Mission \u00bb ont indiqu\u00e9 que plus de 55000 bapt\u00eames ont eu lieu au Mexique, en Ha\u00efti, dans la r\u00e9gion nord de la Colombie et dans les \u00eeles de la Cara\u00efbe N\u00e9erlandaises jusqu\u2019en juin 2024.<\/p>\n<p>Il a \u00e9t\u00e9 rappel\u00e9 aux dirigeants locaux de l\u2019\u00e9glise les \u00e9tapes importantes de l\u2019organisation d\u2019efforts d\u2019\u00e9vang\u00e9lisation, notamment la pr\u00e9paration du terrain, la planification, la pr\u00e9paration de la semence, la culture et la fid\u00e9lisation des nouveaux croyants.<\/p>\n<p><div id=\"attachment_116748\" style=\"width: 962px\" class=\"wp-caption aligncenter\"><img loading=\"lazy\" decoding=\"async\" aria-describedby=\"caption-attachment-116748\" class=\" wp-image-116747\" src=\"https:\/\/interamerica.org\/wp-content\/uploads\/2024\/07\/guadeloupe-choir-singing.jpg\" alt=\"\" width=\"952\" height=\"421\" srcset=\"https:\/\/interamerica.org\/wp-content\/uploads\/2024\/07\/guadeloupe-choir-singing.jpg 1000w, https:\/\/interamerica.org\/wp-content\/uploads\/2024\/07\/guadeloupe-choir-singing-300x133.jpg 300w, https:\/\/interamerica.org\/wp-content\/uploads\/2024\/07\/guadeloupe-choir-singing-768x339.jpg 768w\" sizes=\"(max-width: 952px) 100vw, 952px\" \/><p id=\"caption-attachment-116748\" class=\"wp-caption-text\">[Photo: Libna Stevens\/IAD]<\/p><\/div>Au programme de la c\u00e9l\u00e9bration, il y avait de la musique, des pr\u00e9sentations de sc\u00e8nes et la mise en lumi\u00e8re des activit\u00e9s d\u2019impact align\u00e9es sur l\u2019initiative \u00ab Toute la Famille en Mission \u00bb qui ont fait une diff\u00e9rence en Guadeloupe et dans le reste de l\u2019Union des Antilles et de la Guyane Fran\u00e7aise.<\/p>\n<p>Le prochain programme \u00ab Toute la Famille en Mission \u00bb organis\u00e9 pour l\u2019ensemble du territoire en Inter Am\u00e9rique devrait avoir lieu le 28 septembre 2024 \u00e0 Kingston, en Jama\u00efque.<\/p>\n<p><em>Fatie Volet a apport\u00e9 des informations pour la r\u00e9daction de ce rapport.<\/em><\/p>\n<p>Pour voir le programme en ligne, cliquez <a href=\"https:\/\/www.youtube.com\/watch?v=TEFD_NTzM5Y\">ICI<\/a><\/p>\n<p>Pour acc\u00e9der \u00e0 une galerie photo du programme, cliquez <a href=\"https:\/\/flickr.com\/photos\/interamerica\/albums\/72177720318480147\">ICI<\/a><\/p>\n<p>Traduction: Patrick Luciathe<\/p>\n","protected":false},"excerpt":{"rendered":"<p>Des centaines de nouveaux croyants se sont joints \u00e0 l\u2019\u00c9glise adventiste en Guadeloupe lors de la c\u00e9r\u00e9monie de bapt\u00eame organis\u00e9e pour l\u2019ensemble du territoire dans le cadre de l\u2019initiative \u00ab&#8230;<\/p>\n","protected":false},"author":3,"featured_media":116781,"comment_status":"closed","ping_status":"closed","sticky":false,"template":"","format":"standard","meta":{"_acf_changed":false,"footnotes":""},"categories":[20,19],"tags":[],"class_list":["post-116818","post","type-post","status-publish","format-standard","has-post-thumbnail","hentry","category-nouvelles-du-siege-de-la-division","category-rss-francais"],"acf":[],"yoast_head":"<!-- This site is optimized with the Yoast SEO plugin v27.3 - https:\/\/yoast.com\/product\/yoast-seo-wordpress\/ -->\n<title>Les adventistes c\u00e9l\u00e8brent la fin des efforts d\u2019\u00e9vang\u00e9lisation historiques en Guadeloupe - \u00c9glise Adventiste Du Septieme Jour - Inter Am\u00e9rique Division<\/title>\n<meta name=\"robots\" content=\"index, follow, max-snippet:-1, max-image-preview:large, max-video-preview:-1\" \/>\n<link rel=\"canonical\" href=\"https:\/\/interamerica.org\/fr\/2024\/07\/les-adventistes-celebrent-la-fin-des-efforts-devangelisation-historiques-en-guadeloupe\/\" \/>\n<meta property=\"og:locale\" content=\"fr_FR\" \/>\n<meta property=\"og:type\" content=\"article\" \/>\n<meta property=\"og:title\" content=\"Les adventistes c\u00e9l\u00e8brent la fin des efforts d\u2019\u00e9vang\u00e9lisation historiques en Guadeloupe - \u00c9glise Adventiste Du Septieme Jour - Inter Am\u00e9rique Division\" \/>\n<meta property=\"og:description\" content=\"Des centaines de nouveaux croyants se sont joints \u00e0 l\u2019\u00c9glise adventiste en Guadeloupe lors de la c\u00e9r\u00e9monie de bapt\u00eame organis\u00e9e pour l\u2019ensemble du territoire dans le cadre de l\u2019initiative \u00ab...\" \/>\n<meta property=\"og:url\" content=\"https:\/\/interamerica.org\/fr\/2024\/07\/les-adventistes-celebrent-la-fin-des-efforts-devangelisation-historiques-en-guadeloupe\/\" \/>\n<meta property=\"og:site_name\" content=\"\u00c9glise Adventiste Du Septieme Jour - Inter Am\u00e9rique Division\" \/>\n<meta property=\"article:published_time\" content=\"2024-07-05T15:08:03+00:00\" \/>\n<meta property=\"article:modified_time\" content=\"2024-07-06T00:12:42+00:00\" \/>\n<meta property=\"og:image\" content=\"https:\/\/interamerica.org\/wp-content\/uploads\/2024\/07\/guadeloupe-baptism-fagupic-1280.jpg\" \/>\n\t<meta property=\"og:image:width\" content=\"1280\" \/>\n\t<meta property=\"og:image:height\" content=\"800\" \/>\n\t<meta property=\"og:image:type\" content=\"image\/jpeg\" \/>\n<meta name=\"author\" content=\"libna\" \/>\n<meta name=\"twitter:card\" content=\"summary_large_image\" \/>\n<meta name=\"twitter:label1\" content=\"\u00c9crit par\" \/>\n\t<meta name=\"twitter:data1\" content=\"libna\" \/>\n\t<meta name=\"twitter:label2\" content=\"Dur\u00e9e de lecture estim\u00e9e\" \/>\n\t<meta name=\"twitter:data2\" content=\"15 minutes\" \/>\n<script type=\"application\/ld+json\" class=\"yoast-schema-graph\">{\"@context\":\"https:\\\/\\\/schema.org\",\"@graph\":[{\"@type\":\"Article\",\"@id\":\"https:\\\/\\\/interamerica.org\\\/fr\\\/2024\\\/07\\\/les-adventistes-celebrent-la-fin-des-efforts-devangelisation-historiques-en-guadeloupe\\\/#article\",\"isPartOf\":{\"@id\":\"https:\\\/\\\/interamerica.org\\\/fr\\\/2024\\\/07\\\/les-adventistes-celebrent-la-fin-des-efforts-devangelisation-historiques-en-guadeloupe\\\/\"},\"author\":{\"name\":\"libna\",\"@id\":\"https:\\\/\\\/interamerica.org\\\/fr\\\/#\\\/schema\\\/person\\\/29998f2bc2d8bd0d38662909289b54f1\"},\"headline\":\"Les adventistes c\u00e9l\u00e8brent la fin des efforts d\u2019\u00e9vang\u00e9lisation historiques en Guadeloupe\",\"datePublished\":\"2024-07-05T15:08:03+00:00\",\"dateModified\":\"2024-07-06T00:12:42+00:00\",\"mainEntityOfPage\":{\"@id\":\"https:\\\/\\\/interamerica.org\\\/fr\\\/2024\\\/07\\\/les-adventistes-celebrent-la-fin-des-efforts-devangelisation-historiques-en-guadeloupe\\\/\"},\"wordCount\":2980,\"image\":{\"@id\":\"https:\\\/\\\/interamerica.org\\\/fr\\\/2024\\\/07\\\/les-adventistes-celebrent-la-fin-des-efforts-devangelisation-historiques-en-guadeloupe\\\/#primaryimage\"},\"thumbnailUrl\":\"https:\\\/\\\/interamerica.org\\\/wp-content\\\/uploads\\\/2024\\\/07\\\/guadeloupe-baptism-fagupic-1280.jpg\",\"articleSection\":[\"Nouvelles du si\u00e8ge de la division\",\"RSS Fran\u00e7ais\"],\"inLanguage\":\"fr-FR\"},{\"@type\":\"WebPage\",\"@id\":\"https:\\\/\\\/interamerica.org\\\/fr\\\/2024\\\/07\\\/les-adventistes-celebrent-la-fin-des-efforts-devangelisation-historiques-en-guadeloupe\\\/\",\"url\":\"https:\\\/\\\/interamerica.org\\\/fr\\\/2024\\\/07\\\/les-adventistes-celebrent-la-fin-des-efforts-devangelisation-historiques-en-guadeloupe\\\/\",\"name\":\"Les adventistes c\u00e9l\u00e8brent la fin des efforts d\u2019\u00e9vang\u00e9lisation historiques en Guadeloupe - \u00c9glise Adventiste Du Septieme Jour - Inter Am\u00e9rique Division\",\"isPartOf\":{\"@id\":\"https:\\\/\\\/interamerica.org\\\/fr\\\/#website\"},\"primaryImageOfPage\":{\"@id\":\"https:\\\/\\\/interamerica.org\\\/fr\\\/2024\\\/07\\\/les-adventistes-celebrent-la-fin-des-efforts-devangelisation-historiques-en-guadeloupe\\\/#primaryimage\"},\"image\":{\"@id\":\"https:\\\/\\\/interamerica.org\\\/fr\\\/2024\\\/07\\\/les-adventistes-celebrent-la-fin-des-efforts-devangelisation-historiques-en-guadeloupe\\\/#primaryimage\"},\"thumbnailUrl\":\"https:\\\/\\\/interamerica.org\\\/wp-content\\\/uploads\\\/2024\\\/07\\\/guadeloupe-baptism-fagupic-1280.jpg\",\"datePublished\":\"2024-07-05T15:08:03+00:00\",\"dateModified\":\"2024-07-06T00:12:42+00:00\",\"author\":{\"@id\":\"https:\\\/\\\/interamerica.org\\\/fr\\\/#\\\/schema\\\/person\\\/29998f2bc2d8bd0d38662909289b54f1\"},\"breadcrumb\":{\"@id\":\"https:\\\/\\\/interamerica.org\\\/fr\\\/2024\\\/07\\\/les-adventistes-celebrent-la-fin-des-efforts-devangelisation-historiques-en-guadeloupe\\\/#breadcrumb\"},\"inLanguage\":\"fr-FR\",\"potentialAction\":[{\"@type\":\"ReadAction\",\"target\":[\"https:\\\/\\\/interamerica.org\\\/fr\\\/2024\\\/07\\\/les-adventistes-celebrent-la-fin-des-efforts-devangelisation-historiques-en-guadeloupe\\\/\"]}]},{\"@type\":\"ImageObject\",\"inLanguage\":\"fr-FR\",\"@id\":\"https:\\\/\\\/interamerica.org\\\/fr\\\/2024\\\/07\\\/les-adventistes-celebrent-la-fin-des-efforts-devangelisation-historiques-en-guadeloupe\\\/#primaryimage\",\"url\":\"https:\\\/\\\/interamerica.org\\\/wp-content\\\/uploads\\\/2024\\\/07\\\/guadeloupe-baptism-fagupic-1280.jpg\",\"contentUrl\":\"https:\\\/\\\/interamerica.org\\\/wp-content\\\/uploads\\\/2024\\\/07\\\/guadeloupe-baptism-fagupic-1280.jpg\",\"width\":1280,\"height\":800},{\"@type\":\"BreadcrumbList\",\"@id\":\"https:\\\/\\\/interamerica.org\\\/fr\\\/2024\\\/07\\\/les-adventistes-celebrent-la-fin-des-efforts-devangelisation-historiques-en-guadeloupe\\\/#breadcrumb\",\"itemListElement\":[{\"@type\":\"ListItem\",\"position\":1,\"name\":\"Home\",\"item\":\"https:\\\/\\\/interamerica.org\\\/fr\\\/\"},{\"@type\":\"ListItem\",\"position\":2,\"name\":\"Les adventistes c\u00e9l\u00e8brent la fin des efforts d\u2019\u00e9vang\u00e9lisation historiques en Guadeloupe\"}]},{\"@type\":\"WebSite\",\"@id\":\"https:\\\/\\\/interamerica.org\\\/fr\\\/#website\",\"url\":\"https:\\\/\\\/interamerica.org\\\/fr\\\/\",\"name\":\"\u00c9glise Adventiste Du Septieme Jour - Inter Am\u00e9rique Division\",\"description\":\"\",\"potentialAction\":[{\"@type\":\"SearchAction\",\"target\":{\"@type\":\"EntryPoint\",\"urlTemplate\":\"https:\\\/\\\/interamerica.org\\\/fr\\\/?s={search_term_string}\"},\"query-input\":{\"@type\":\"PropertyValueSpecification\",\"valueRequired\":true,\"valueName\":\"search_term_string\"}}],\"inLanguage\":\"fr-FR\"},{\"@type\":\"Person\",\"@id\":\"https:\\\/\\\/interamerica.org\\\/fr\\\/#\\\/schema\\\/person\\\/29998f2bc2d8bd0d38662909289b54f1\",\"name\":\"libna\",\"image\":{\"@type\":\"ImageObject\",\"inLanguage\":\"fr-FR\",\"@id\":\"https:\\\/\\\/secure.gravatar.com\\\/avatar\\\/7c5bd30ae4b47a9ba3c856590957fd1d96dc588bf3ac05719d247e126840331f?s=96&d=mm&r=g\",\"url\":\"https:\\\/\\\/secure.gravatar.com\\\/avatar\\\/7c5bd30ae4b47a9ba3c856590957fd1d96dc588bf3ac05719d247e126840331f?s=96&d=mm&r=g\",\"contentUrl\":\"https:\\\/\\\/secure.gravatar.com\\\/avatar\\\/7c5bd30ae4b47a9ba3c856590957fd1d96dc588bf3ac05719d247e126840331f?s=96&d=mm&r=g\",\"caption\":\"libna\"}}]}<\/script>\n<!-- \/ Yoast SEO plugin. -->","yoast_head_json":{"title":"Les adventistes c\u00e9l\u00e8brent la fin des efforts d\u2019\u00e9vang\u00e9lisation historiques en Guadeloupe - \u00c9glise Adventiste Du Septieme Jour - Inter Am\u00e9rique Division","robots":{"index":"index","follow":"follow","max-snippet":"max-snippet:-1","max-image-preview":"max-image-preview:large","max-video-preview":"max-video-preview:-1"},"canonical":"https:\/\/interamerica.org\/fr\/2024\/07\/les-adventistes-celebrent-la-fin-des-efforts-devangelisation-historiques-en-guadeloupe\/","og_locale":"fr_FR","og_type":"article","og_title":"Les adventistes c\u00e9l\u00e8brent la fin des efforts d\u2019\u00e9vang\u00e9lisation historiques en Guadeloupe - \u00c9glise Adventiste Du Septieme Jour - Inter Am\u00e9rique Division","og_description":"Des centaines de nouveaux croyants se sont joints \u00e0 l\u2019\u00c9glise adventiste en Guadeloupe lors de la c\u00e9r\u00e9monie de bapt\u00eame organis\u00e9e pour l\u2019ensemble du territoire dans le cadre de l\u2019initiative \u00ab...","og_url":"https:\/\/interamerica.org\/fr\/2024\/07\/les-adventistes-celebrent-la-fin-des-efforts-devangelisation-historiques-en-guadeloupe\/","og_site_name":"\u00c9glise Adventiste Du Septieme Jour - Inter Am\u00e9rique Division","article_published_time":"2024-07-05T15:08:03+00:00","article_modified_time":"2024-07-06T00:12:42+00:00","og_image":[{"width":1280,"height":800,"url":"https:\/\/interamerica.org\/wp-content\/uploads\/2024\/07\/guadeloupe-baptism-fagupic-1280.jpg","type":"image\/jpeg"}],"author":"libna","twitter_card":"summary_large_image","twitter_misc":{"\u00c9crit par":"libna","Dur\u00e9e de lecture estim\u00e9e":"15 minutes"},"schema":{"@context":"https:\/\/schema.org","@graph":[{"@type":"Article","@id":"https:\/\/interamerica.org\/fr\/2024\/07\/les-adventistes-celebrent-la-fin-des-efforts-devangelisation-historiques-en-guadeloupe\/#article","isPartOf":{"@id":"https:\/\/interamerica.org\/fr\/2024\/07\/les-adventistes-celebrent-la-fin-des-efforts-devangelisation-historiques-en-guadeloupe\/"},"author":{"name":"libna","@id":"https:\/\/interamerica.org\/fr\/#\/schema\/person\/29998f2bc2d8bd0d38662909289b54f1"},"headline":"Les adventistes c\u00e9l\u00e8brent la fin des efforts d\u2019\u00e9vang\u00e9lisation historiques en Guadeloupe","datePublished":"2024-07-05T15:08:03+00:00","dateModified":"2024-07-06T00:12:42+00:00","mainEntityOfPage":{"@id":"https:\/\/interamerica.org\/fr\/2024\/07\/les-adventistes-celebrent-la-fin-des-efforts-devangelisation-historiques-en-guadeloupe\/"},"wordCount":2980,"image":{"@id":"https:\/\/interamerica.org\/fr\/2024\/07\/les-adventistes-celebrent-la-fin-des-efforts-devangelisation-historiques-en-guadeloupe\/#primaryimage"},"thumbnailUrl":"https:\/\/interamerica.org\/wp-content\/uploads\/2024\/07\/guadeloupe-baptism-fagupic-1280.jpg","articleSection":["Nouvelles du si\u00e8ge de la division","RSS Fran\u00e7ais"],"inLanguage":"fr-FR"},{"@type":"WebPage","@id":"https:\/\/interamerica.org\/fr\/2024\/07\/les-adventistes-celebrent-la-fin-des-efforts-devangelisation-historiques-en-guadeloupe\/","url":"https:\/\/interamerica.org\/fr\/2024\/07\/les-adventistes-celebrent-la-fin-des-efforts-devangelisation-historiques-en-guadeloupe\/","name":"Les adventistes c\u00e9l\u00e8brent la fin des efforts d\u2019\u00e9vang\u00e9lisation historiques en Guadeloupe - \u00c9glise Adventiste Du Septieme Jour - Inter Am\u00e9rique Division","isPartOf":{"@id":"https:\/\/interamerica.org\/fr\/#website"},"primaryImageOfPage":{"@id":"https:\/\/interamerica.org\/fr\/2024\/07\/les-adventistes-celebrent-la-fin-des-efforts-devangelisation-historiques-en-guadeloupe\/#primaryimage"},"image":{"@id":"https:\/\/interamerica.org\/fr\/2024\/07\/les-adventistes-celebrent-la-fin-des-efforts-devangelisation-historiques-en-guadeloupe\/#primaryimage"},"thumbnailUrl":"https:\/\/interamerica.org\/wp-content\/uploads\/2024\/07\/guadeloupe-baptism-fagupic-1280.jpg","datePublished":"2024-07-05T15:08:03+00:00","dateModified":"2024-07-06T00:12:42+00:00","author":{"@id":"https:\/\/interamerica.org\/fr\/#\/schema\/person\/29998f2bc2d8bd0d38662909289b54f1"},"breadcrumb":{"@id":"https:\/\/interamerica.org\/fr\/2024\/07\/les-adventistes-celebrent-la-fin-des-efforts-devangelisation-historiques-en-guadeloupe\/#breadcrumb"},"inLanguage":"fr-FR","potentialAction":[{"@type":"ReadAction","target":["https:\/\/interamerica.org\/fr\/2024\/07\/les-adventistes-celebrent-la-fin-des-efforts-devangelisation-historiques-en-guadeloupe\/"]}]},{"@type":"ImageObject","inLanguage":"fr-FR","@id":"https:\/\/interamerica.org\/fr\/2024\/07\/les-adventistes-celebrent-la-fin-des-efforts-devangelisation-historiques-en-guadeloupe\/#primaryimage","url":"https:\/\/interamerica.org\/wp-content\/uploads\/2024\/07\/guadeloupe-baptism-fagupic-1280.jpg","contentUrl":"https:\/\/interamerica.org\/wp-content\/uploads\/2024\/07\/guadeloupe-baptism-fagupic-1280.jpg","width":1280,"height":800},{"@type":"BreadcrumbList","@id":"https:\/\/interamerica.org\/fr\/2024\/07\/les-adventistes-celebrent-la-fin-des-efforts-devangelisation-historiques-en-guadeloupe\/#breadcrumb","itemListElement":[{"@type":"ListItem","position":1,"name":"Home","item":"https:\/\/interamerica.org\/fr\/"},{"@type":"ListItem","position":2,"name":"Les adventistes c\u00e9l\u00e8brent la fin des efforts d\u2019\u00e9vang\u00e9lisation historiques en Guadeloupe"}]},{"@type":"WebSite","@id":"https:\/\/interamerica.org\/fr\/#website","url":"https:\/\/interamerica.org\/fr\/","name":"\u00c9glise Adventiste Du Septieme Jour - Inter Am\u00e9rique Division","description":"","potentialAction":[{"@type":"SearchAction","target":{"@type":"EntryPoint","urlTemplate":"https:\/\/interamerica.org\/fr\/?s={search_term_string}"},"query-input":{"@type":"PropertyValueSpecification","valueRequired":true,"valueName":"search_term_string"}}],"inLanguage":"fr-FR"},{"@type":"Person","@id":"https:\/\/interamerica.org\/fr\/#\/schema\/person\/29998f2bc2d8bd0d38662909289b54f1","name":"libna","image":{"@type":"ImageObject","inLanguage":"fr-FR","@id":"https:\/\/secure.gravatar.com\/avatar\/7c5bd30ae4b47a9ba3c856590957fd1d96dc588bf3ac05719d247e126840331f?s=96&d=mm&r=g","url":"https:\/\/secure.gravatar.com\/avatar\/7c5bd30ae4b47a9ba3c856590957fd1d96dc588bf3ac05719d247e126840331f?s=96&d=mm&r=g","contentUrl":"https:\/\/secure.gravatar.com\/avatar\/7c5bd30ae4b47a9ba3c856590957fd1d96dc588bf3ac05719d247e126840331f?s=96&d=mm&r=g","caption":"libna"}}]}},"_links":{"self":[{"href":"https:\/\/interamerica.org\/fr\/wp-json\/wp\/v2\/posts\/116818","targetHints":{"allow":["GET"]}}],"collection":[{"href":"https:\/\/interamerica.org\/fr\/wp-json\/wp\/v2\/posts"}],"about":[{"href":"https:\/\/interamerica.org\/fr\/wp-json\/wp\/v2\/types\/post"}],"author":[{"embeddable":true,"href":"https:\/\/interamerica.org\/fr\/wp-json\/wp\/v2\/users\/3"}],"replies":[{"embeddable":true,"href":"https:\/\/interamerica.org\/fr\/wp-json\/wp\/v2\/comments?post=116818"}],"version-history":[{"count":0,"href":"https:\/\/interamerica.org\/fr\/wp-json\/wp\/v2\/posts\/116818\/revisions"}],"wp:featuredmedia":[{"embeddable":true,"href":"https:\/\/interamerica.org\/fr\/wp-json\/wp\/v2\/media\/116781"}],"wp:attachment":[{"href":"https:\/\/interamerica.org\/fr\/wp-json\/wp\/v2\/media?parent=116818"}],"wp:term":[{"taxonomy":"category","embeddable":true,"href":"https:\/\/interamerica.org\/fr\/wp-json\/wp\/v2\/categories?post=116818"},{"taxonomy":"post_tag","embeddable":true,"href":"https:\/\/interamerica.org\/fr\/wp-json\/wp\/v2\/tags?post=116818"}],"curies":[{"name":"wp","href":"https:\/\/api.w.org\/{rel}","templated":true}]}}