{"id":117083,"date":"2024-07-18T19:01:24","date_gmt":"2024-07-18T23:01:24","guid":{"rendered":"https:\/\/interamerica.org\/?p=117083"},"modified":"2024-07-19T03:25:04","modified_gmt":"2024-07-19T07:25:04","slug":"le-mensonge-de-satan","status":"publish","type":"post","link":"https:\/\/interamerica.org\/fr\/2024\/07\/le-mensonge-de-satan\/","title":{"rendered":"Le mensonge de Satan"},"content":{"rendered":"<p>18 juillet 2024 | Silver Spring, Maryland, \u00c9tats-Unis | Ted N.C. Wilson, pr\u00e9sident de la Conf\u00e9rence g\u00e9n\u00e9rale des adventistes du septi\u00e8me jour<\/p>\n<p>Bonjour, chers amis. Lorsque Dieu a cr\u00e9\u00e9 ce monde, tout \u00e9tait parfait. Le jardin dans lequel Il a plac\u00e9 nos premiers parents \u00e9tait luxuriant et magnifique. Les animaux \u00e9taient amicaux, les fruits d\u00e9licieux, et les fleurs ne se fanaient jamais. Adam et \u00c8ve s&rsquo;aimaient et ensemble, ils appr\u00e9ciaient non seulement l&rsquo;endroit incroyable que Dieu leur avait donn\u00e9, mais aussi la communion face \u00e0 face avec les anges et avec le Cr\u00e9ateur Lui-m\u00eame.<\/p>\n<p>Alors qu&rsquo;il y avait de nombreuses choses merveilleuses \u00e0 manger dans ce jardin, un arbre se d\u00e9marquait de tous les autres &#8211; l&rsquo;Arbre de Vie, qui se dressait au milieu du jardin. En mangeant du fruit de cet arbre, Adam et \u00c8ve vivraient \u00e9ternellement.<\/p>\n<p>Mais il y avait un autre arbre \u00ab\u00a0au milieu du jardin\u00a0\u00bb qui apporterait la mort, \u00ab\u00a0l&rsquo;arbre de la connaissance du bien et du mal\u00a0\u00bb. Dieu les a avertis de ne pas manger de ce fruit, en disant \u00ab car le jour o\u00f9 tu en mangeras, tu mourras. \u00bb<\/p>\n<p>Pourquoi y avait-il un tel arbre dans le jardin d&rsquo;Eden, pourriez-vous vous demander ? C&rsquo;est parce que Dieu est un Dieu de libert\u00e9, et Il donne \u00e0 tous la possibilit\u00e9 de choisir de Le suivre ou pas. Il invite Ses cr\u00e9atures \u00e0 Le choisir par amour plut\u00f4t que d&rsquo;\u00eatre forc\u00e9es de Lui ob\u00e9ir.<\/p>\n<p>Comme nous l&rsquo;avons vu pr\u00e9c\u00e9demment dans notre \u00e9tude, un ange au ciel a laiss\u00e9 la fiert\u00e9 et l&rsquo;envie cro\u00eetre et envenimer son c\u0153ur. Il s&rsquo;est rebell\u00e9 contre son Cr\u00e9ateur, affirmant que Dieu \u00e9tait un tyran injuste. Cet ange mal\u00e9fique, maintenant connu sous le nom de Satan, a \u00e9t\u00e9 chass\u00e9 du ciel, ainsi que les anges qui l&rsquo;ont suivi.<\/p>\n<p>Lorsque Dieu a cr\u00e9\u00e9 Adam et \u00c8ve, Satan \u00e9tait d\u00e9termin\u00e9 \u00e0 causer leur ruine ainsi que celle de leur descendance, et \u00e0 revendiquer le monde comme \u00e9tant le sien.<\/p>\n<p>Nous lisons dans La Trag\u00e9die des si\u00e8cles qu&rsquo;Adam et \u00c8ve \u00ab \u00e9taient parfaitement heureux, et ce fait constituait un t\u00e9moignage permanent contre l\u2019affirmation de Lucifer selon laquelle les lois de Dieu \u00e9taient oppressives et contraires au bien de ses cr\u00e9atures. \u00bb<\/p>\n<p>L&rsquo;id\u00e9e que la loi de Dieu \u00e9tait oppressive n&rsquo;a jamais effleur\u00e9 l&rsquo;esprit d&rsquo;Adam et \u00c8ve, mais Satan a maniganc\u00e9 des plans pour les pi\u00e9ger. Le seul endroit o\u00f9 il \u00e9tait autoris\u00e9 \u00e0 se rendre dans le jardin \u00e9tait l&rsquo;Arbre de la Connaissance du Bien et du Mal, l&rsquo;endroit m\u00eame d&rsquo;o\u00f9 nos premiers parents devaient se tenir \u00e0 l&rsquo;\u00e9cart, ayant \u00e9t\u00e9 mis en garde contre leur ennemi satanique.<\/p>\n<p>Mais un jour, \u00c8ve s&rsquo;est retrouv\u00e9e seule pr\u00e8s de l&rsquo;arbre et fixait son fruit magnifique. Prenant l&rsquo;aspect d&rsquo;un serpent \u00e9tincelant, Satan s&rsquo;est adress\u00e9 \u00e0 \u00c8ve d&rsquo;une voix agr\u00e9able et envo\u00fbtante :<\/p>\n<p>\u00ab Dieu a-t-il r\u00e9ellement dit: Vous ne mangerez pas de tous les arbres du jardin? \u00bb Elle a r\u00e9pondu : \u00ab Nous mangeons du fruit des arbres du jardin. Mais quant au fruit de l&rsquo;arbre qui est au milieu du jardin, Dieu a dit: Vous n&rsquo;en mangerez point et vous n&rsquo;y toucherez point, de peur que vous ne mouriez. \u00bb<\/p>\n<p>Ici, \u00c8ve cite incorrectement Dieu en ajoutant quelque chose qu&rsquo;il n&rsquo;avait pas dit, une erreur dont Satan a profit\u00e9. Il est toujours dangereux d&rsquo;ajouter ou de retirer ce que Dieu a dit.<\/p>\n<p>\u00c0 travers le serpent, Satan a alors formul\u00e9 le premier mensonge jamais prononc\u00e9 sur Terre.<\/p>\n<p>Allant directement \u00e0 l&rsquo;encontre de Dieu, il a d\u00e9clar\u00e9 : \u00ab Vous ne mourrez point; mais Dieu sait que, le jour o\u00f9 vous en mangerez, vos yeux s&rsquo;ouvriront, et que vous serez comme des dieux, connaissant le bien et le mal. \u00bb<\/p>\n<p>Il est toujours dangereux de discuter avec le diable. Nous lisons dans La Trag\u00e9die des si\u00e8cles, \u00ab Si Eve s\u2019\u00e9tait abstenue d\u2019entrer en pourparlers avec le serpent, elle e\u00fbt \u00e9t\u00e9 en s\u00e9curit\u00e9; mais elle engagea la conversation et tomba dans le pi\u00e8ge. L&rsquo;autrice continue, C\u2019est l\u00e0 ce qui perd encore un grand nombre de gens qui se mettent \u00e0 douter, qui discutent les volont\u00e9s de Dieu, et qui, au lieu d\u2019accepter les commandements divins, adoptent des th\u00e9ories humaines masquant les pi\u00e8ges de Satan. \u00bb<\/p>\n<p>Pour rendre ses mensonges plus attractifs, Satan m\u00e9lange toujours un peu de v\u00e9rit\u00e9. Dans ce cas, la v\u00e9rit\u00e9 \u00e9tait que leurs yeux seraient effectivement ouverts, et ils conna\u00eetraient le mal ainsi que le bien, quelque chose que Dieu n&rsquo;avait jamais pr\u00e9vu qu&rsquo;ils exp\u00e9rimentent.<\/p>\n<p>Comme nous le savons, \u00ab Eve c\u00e9da \u00e0 la tentation, et entra\u00eena Adam dans le p\u00e9ch\u00e9. Sur la parole du serpent, ils crurent que Dieu ne ferait pas ce qu\u2019il avait dit et suspect\u00e8rent leur Cr\u00e9ateur d\u2019attenter \u00e0 leur libert\u00e9. \u00bb<\/p>\n<p>Le mensonge de Satan racont\u00e9 dans le jardin d&rsquo;Eden, \u00ab\u00a0Vous ne mourrez point\u00a0\u00bb, persiste encore aujourd&rsquo;hui. Il contradie directement l&rsquo;avertissement de Dieu dans le jardin d&rsquo;Eden, et ce qu&rsquo;Il nous dit dans Sa Parole.<\/p>\n<p>\u00ab car tu es poussi\u00e8re, et tu retourneras dans la poussi\u00e8re. \u00bb, proclama le Christ \u00e0 Adam apr\u00e8s la chute. Romains 5:12 nous dit que \u00ab par un seul homme le p\u00e9ch\u00e9 est entr\u00e9 dans le monde, et par le p\u00e9ch\u00e9 la mort, et qu&rsquo;ainsi la mort s&rsquo;est \u00e9tendue sur tous les hommes, parce que tous ont p\u00e9ch\u00e9,&#8230; \u00bb Et en \u00c9z\u00e9chiel 18:20, nous sommes assur\u00e9s que \u00ab L&rsquo;\u00e2me qui p\u00e8che, c&rsquo;est celle qui mourra. \u00bb<\/p>\n<p>Et pourtant, contrairement \u00e0 la Parole de Dieu, beaucoup croient que l&rsquo;\u00e2me ne meurt jamais mais qu&rsquo;elle vit \u00e9ternellement au ciel ou en enfer. Cette doctrine du diable a caus\u00e9 des dommages incommensurables aux c\u0153urs et aux esprits de g\u00e9n\u00e9rations, pr\u00e9sentant Dieu de la pire fa\u00e7on possible.<\/p>\n<p>Dans notre prochaine vid\u00e9o, nous examinerons de plus pr\u00e8s ce que dit la Bible concernant la mort, et ce qu&rsquo;elle nous dit sur le caract\u00e8re de Dieu. En attendant, nous pouvons \u00eatre certains que la Parole de Dieu est vraie et croire que \u00ab Les vivants, en effet, savent qu&rsquo;ils mourront; mais les morts ne savent rien, et il n&rsquo;y a pour eux plus de salaire, puisque leur m\u00e9moire est oubli\u00e9e. \u00bb<\/p>\n<p>Alors que nous consid\u00e9rons ce sujet tr\u00e8s important, je vous invite \u00e0 prier avec moi.<\/p>\n<p>P\u00e8re c\u00e9leste, merci pour l&rsquo;instruction claire de la Bible sur l&rsquo;\u00e9tat des morts. Nous comprenons d&rsquo;apr\u00e8s les \u00c9critures que les vivants savent qu&rsquo;ils mourront, en revanche que les morts ne savent rien. Seigneur, aide-nous \u00e0 nous \u00e9loigner des fausses compr\u00e9hensions, des doctrines erron\u00e9es inspir\u00e9es par le diable lui-m\u00eame selon lesquelles l&rsquo;\u00e2me continue de vivre apr\u00e8s la mort.<\/p>\n<p>Car la Bible ne dit pas cela. Seigneur, guide-nous alors que nous comprenons cette pr\u00e9cieuse v\u00e9rit\u00e9 sur la mort et sur la vie. Et Seigneur, nous nous pla\u00e7ons enti\u00e8rement de ton c\u00f4t\u00e9, du c\u00f4t\u00e9 de la Bible, pour comprendre la v\u00e9rit\u00e9 la plus compl\u00e8te sur l&rsquo;\u00e9tat des morts. Merci de nous \u00e9couter et de b\u00e9nir chacun de nous jusqu&rsquo;\u00e0 nos prochaines rencontres alors que nous analysons ce sujet fondamental. Au nom de J\u00e9sus, nous te le demandons. Amen.<\/p>\n<p><iframe title=\"La Trag\u00e9die des si\u00e8cles : La s\u00e9duction originelle | Pasteur Ted Wilson\" width=\"500\" height=\"281\" src=\"https:\/\/www.youtube.com\/embed\/4DcEdBm31X0?feature=oembed\" frameborder=\"0\" allow=\"accelerometer; autoplay; clipboard-write; encrypted-media; gyroscope; picture-in-picture; web-share\" referrerpolicy=\"strict-origin-when-cross-origin\" allowfullscreen><\/iframe><\/p>\n","protected":false},"excerpt":{"rendered":"<p>18 juillet 2024 | Silver Spring, Maryland, \u00c9tats-Unis | Ted N.C. Wilson, pr\u00e9sident de la Conf\u00e9rence g\u00e9n\u00e9rale des adventistes du septi\u00e8me jour Bonjour, chers amis. Lorsque Dieu a cr\u00e9\u00e9 ce&#8230;<\/p>\n","protected":false},"author":3,"featured_media":117066,"comment_status":"closed","ping_status":"closed","sticky":false,"template":"","format":"standard","meta":{"_acf_changed":false,"footnotes":""},"categories":[18,19],"tags":[],"class_list":["post-117083","post","type-post","status-publish","format-standard","has-post-thumbnail","hentry","category-nouvelles-de-leglise-mondiale","category-rss-francais"],"acf":[],"yoast_head":"<!-- This site is optimized with the Yoast SEO plugin v27.3 - https:\/\/yoast.com\/product\/yoast-seo-wordpress\/ -->\n<title>Le mensonge de Satan - \u00c9glise Adventiste Du Septieme Jour - Inter Am\u00e9rique Division<\/title>\n<meta name=\"robots\" content=\"index, follow, max-snippet:-1, max-image-preview:large, max-video-preview:-1\" \/>\n<link rel=\"canonical\" href=\"https:\/\/interamerica.org\/fr\/2024\/07\/le-mensonge-de-satan\/\" \/>\n<meta property=\"og:locale\" content=\"fr_FR\" \/>\n<meta property=\"og:type\" content=\"article\" \/>\n<meta property=\"og:title\" content=\"Le mensonge de Satan - \u00c9glise Adventiste Du Septieme Jour - Inter Am\u00e9rique Division\" \/>\n<meta property=\"og:description\" content=\"18 juillet 2024 | Silver Spring, Maryland, \u00c9tats-Unis | Ted N.C. Wilson, pr\u00e9sident de la Conf\u00e9rence g\u00e9n\u00e9rale des adventistes du septi\u00e8me jour Bonjour, chers amis. Lorsque Dieu a cr\u00e9\u00e9 ce...\" \/>\n<meta property=\"og:url\" content=\"https:\/\/interamerica.org\/fr\/2024\/07\/le-mensonge-de-satan\/\" \/>\n<meta property=\"og:site_name\" content=\"\u00c9glise Adventiste Du Septieme Jour - Inter Am\u00e9rique Division\" \/>\n<meta property=\"article:published_time\" content=\"2024-07-18T23:01:24+00:00\" \/>\n<meta property=\"article:modified_time\" content=\"2024-07-19T07:25:04+00:00\" \/>\n<meta property=\"og:image\" content=\"https:\/\/interamerica.org\/wp-content\/uploads\/2024\/07\/satans-lie-fr.png\" \/>\n\t<meta property=\"og:image:width\" content=\"1441\" \/>\n\t<meta property=\"og:image:height\" content=\"810\" \/>\n\t<meta property=\"og:image:type\" content=\"image\/png\" \/>\n<meta name=\"author\" content=\"libna\" \/>\n<meta name=\"twitter:card\" content=\"summary_large_image\" \/>\n<meta name=\"twitter:label1\" content=\"\u00c9crit par\" \/>\n\t<meta name=\"twitter:data1\" content=\"libna\" \/>\n\t<meta name=\"twitter:label2\" content=\"Dur\u00e9e de lecture estim\u00e9e\" \/>\n\t<meta name=\"twitter:data2\" content=\"6 minutes\" \/>\n<script type=\"application\/ld+json\" class=\"yoast-schema-graph\">{\"@context\":\"https:\\\/\\\/schema.org\",\"@graph\":[{\"@type\":\"Article\",\"@id\":\"https:\\\/\\\/interamerica.org\\\/fr\\\/2024\\\/07\\\/le-mensonge-de-satan\\\/#article\",\"isPartOf\":{\"@id\":\"https:\\\/\\\/interamerica.org\\\/fr\\\/2024\\\/07\\\/le-mensonge-de-satan\\\/\"},\"author\":{\"name\":\"libna\",\"@id\":\"https:\\\/\\\/interamerica.org\\\/fr\\\/#\\\/schema\\\/person\\\/29998f2bc2d8bd0d38662909289b54f1\"},\"headline\":\"Le mensonge de Satan\",\"datePublished\":\"2024-07-18T23:01:24+00:00\",\"dateModified\":\"2024-07-19T07:25:04+00:00\",\"mainEntityOfPage\":{\"@id\":\"https:\\\/\\\/interamerica.org\\\/fr\\\/2024\\\/07\\\/le-mensonge-de-satan\\\/\"},\"wordCount\":1282,\"image\":{\"@id\":\"https:\\\/\\\/interamerica.org\\\/fr\\\/2024\\\/07\\\/le-mensonge-de-satan\\\/#primaryimage\"},\"thumbnailUrl\":\"https:\\\/\\\/interamerica.org\\\/wp-content\\\/uploads\\\/2024\\\/07\\\/satans-lie-fr.png\",\"articleSection\":[\"Nouvelles de l'\u00c9glise mondiale\",\"RSS Fran\u00e7ais\"],\"inLanguage\":\"fr-FR\"},{\"@type\":\"WebPage\",\"@id\":\"https:\\\/\\\/interamerica.org\\\/fr\\\/2024\\\/07\\\/le-mensonge-de-satan\\\/\",\"url\":\"https:\\\/\\\/interamerica.org\\\/fr\\\/2024\\\/07\\\/le-mensonge-de-satan\\\/\",\"name\":\"Le mensonge de Satan - \u00c9glise Adventiste Du Septieme Jour - Inter Am\u00e9rique Division\",\"isPartOf\":{\"@id\":\"https:\\\/\\\/interamerica.org\\\/fr\\\/#website\"},\"primaryImageOfPage\":{\"@id\":\"https:\\\/\\\/interamerica.org\\\/fr\\\/2024\\\/07\\\/le-mensonge-de-satan\\\/#primaryimage\"},\"image\":{\"@id\":\"https:\\\/\\\/interamerica.org\\\/fr\\\/2024\\\/07\\\/le-mensonge-de-satan\\\/#primaryimage\"},\"thumbnailUrl\":\"https:\\\/\\\/interamerica.org\\\/wp-content\\\/uploads\\\/2024\\\/07\\\/satans-lie-fr.png\",\"datePublished\":\"2024-07-18T23:01:24+00:00\",\"dateModified\":\"2024-07-19T07:25:04+00:00\",\"author\":{\"@id\":\"https:\\\/\\\/interamerica.org\\\/fr\\\/#\\\/schema\\\/person\\\/29998f2bc2d8bd0d38662909289b54f1\"},\"breadcrumb\":{\"@id\":\"https:\\\/\\\/interamerica.org\\\/fr\\\/2024\\\/07\\\/le-mensonge-de-satan\\\/#breadcrumb\"},\"inLanguage\":\"fr-FR\",\"potentialAction\":[{\"@type\":\"ReadAction\",\"target\":[\"https:\\\/\\\/interamerica.org\\\/fr\\\/2024\\\/07\\\/le-mensonge-de-satan\\\/\"]}]},{\"@type\":\"ImageObject\",\"inLanguage\":\"fr-FR\",\"@id\":\"https:\\\/\\\/interamerica.org\\\/fr\\\/2024\\\/07\\\/le-mensonge-de-satan\\\/#primaryimage\",\"url\":\"https:\\\/\\\/interamerica.org\\\/wp-content\\\/uploads\\\/2024\\\/07\\\/satans-lie-fr.png\",\"contentUrl\":\"https:\\\/\\\/interamerica.org\\\/wp-content\\\/uploads\\\/2024\\\/07\\\/satans-lie-fr.png\",\"width\":1441,\"height\":810},{\"@type\":\"BreadcrumbList\",\"@id\":\"https:\\\/\\\/interamerica.org\\\/fr\\\/2024\\\/07\\\/le-mensonge-de-satan\\\/#breadcrumb\",\"itemListElement\":[{\"@type\":\"ListItem\",\"position\":1,\"name\":\"Home\",\"item\":\"https:\\\/\\\/interamerica.org\\\/fr\\\/\"},{\"@type\":\"ListItem\",\"position\":2,\"name\":\"Le mensonge de Satan\"}]},{\"@type\":\"WebSite\",\"@id\":\"https:\\\/\\\/interamerica.org\\\/fr\\\/#website\",\"url\":\"https:\\\/\\\/interamerica.org\\\/fr\\\/\",\"name\":\"\u00c9glise Adventiste Du Septieme Jour - Inter Am\u00e9rique Division\",\"description\":\"\",\"potentialAction\":[{\"@type\":\"SearchAction\",\"target\":{\"@type\":\"EntryPoint\",\"urlTemplate\":\"https:\\\/\\\/interamerica.org\\\/fr\\\/?s={search_term_string}\"},\"query-input\":{\"@type\":\"PropertyValueSpecification\",\"valueRequired\":true,\"valueName\":\"search_term_string\"}}],\"inLanguage\":\"fr-FR\"},{\"@type\":\"Person\",\"@id\":\"https:\\\/\\\/interamerica.org\\\/fr\\\/#\\\/schema\\\/person\\\/29998f2bc2d8bd0d38662909289b54f1\",\"name\":\"libna\",\"image\":{\"@type\":\"ImageObject\",\"inLanguage\":\"fr-FR\",\"@id\":\"https:\\\/\\\/secure.gravatar.com\\\/avatar\\\/7c5bd30ae4b47a9ba3c856590957fd1d96dc588bf3ac05719d247e126840331f?s=96&d=mm&r=g\",\"url\":\"https:\\\/\\\/secure.gravatar.com\\\/avatar\\\/7c5bd30ae4b47a9ba3c856590957fd1d96dc588bf3ac05719d247e126840331f?s=96&d=mm&r=g\",\"contentUrl\":\"https:\\\/\\\/secure.gravatar.com\\\/avatar\\\/7c5bd30ae4b47a9ba3c856590957fd1d96dc588bf3ac05719d247e126840331f?s=96&d=mm&r=g\",\"caption\":\"libna\"}}]}<\/script>\n<!-- \/ Yoast SEO plugin. -->","yoast_head_json":{"title":"Le mensonge de Satan - \u00c9glise Adventiste Du Septieme Jour - Inter Am\u00e9rique Division","robots":{"index":"index","follow":"follow","max-snippet":"max-snippet:-1","max-image-preview":"max-image-preview:large","max-video-preview":"max-video-preview:-1"},"canonical":"https:\/\/interamerica.org\/fr\/2024\/07\/le-mensonge-de-satan\/","og_locale":"fr_FR","og_type":"article","og_title":"Le mensonge de Satan - \u00c9glise Adventiste Du Septieme Jour - Inter Am\u00e9rique Division","og_description":"18 juillet 2024 | Silver Spring, Maryland, \u00c9tats-Unis | Ted N.C. Wilson, pr\u00e9sident de la Conf\u00e9rence g\u00e9n\u00e9rale des adventistes du septi\u00e8me jour Bonjour, chers amis. Lorsque Dieu a cr\u00e9\u00e9 ce...","og_url":"https:\/\/interamerica.org\/fr\/2024\/07\/le-mensonge-de-satan\/","og_site_name":"\u00c9glise Adventiste Du Septieme Jour - Inter Am\u00e9rique Division","article_published_time":"2024-07-18T23:01:24+00:00","article_modified_time":"2024-07-19T07:25:04+00:00","og_image":[{"width":1441,"height":810,"url":"https:\/\/interamerica.org\/wp-content\/uploads\/2024\/07\/satans-lie-fr.png","type":"image\/png"}],"author":"libna","twitter_card":"summary_large_image","twitter_misc":{"\u00c9crit par":"libna","Dur\u00e9e de lecture estim\u00e9e":"6 minutes"},"schema":{"@context":"https:\/\/schema.org","@graph":[{"@type":"Article","@id":"https:\/\/interamerica.org\/fr\/2024\/07\/le-mensonge-de-satan\/#article","isPartOf":{"@id":"https:\/\/interamerica.org\/fr\/2024\/07\/le-mensonge-de-satan\/"},"author":{"name":"libna","@id":"https:\/\/interamerica.org\/fr\/#\/schema\/person\/29998f2bc2d8bd0d38662909289b54f1"},"headline":"Le mensonge de Satan","datePublished":"2024-07-18T23:01:24+00:00","dateModified":"2024-07-19T07:25:04+00:00","mainEntityOfPage":{"@id":"https:\/\/interamerica.org\/fr\/2024\/07\/le-mensonge-de-satan\/"},"wordCount":1282,"image":{"@id":"https:\/\/interamerica.org\/fr\/2024\/07\/le-mensonge-de-satan\/#primaryimage"},"thumbnailUrl":"https:\/\/interamerica.org\/wp-content\/uploads\/2024\/07\/satans-lie-fr.png","articleSection":["Nouvelles de l'\u00c9glise mondiale","RSS Fran\u00e7ais"],"inLanguage":"fr-FR"},{"@type":"WebPage","@id":"https:\/\/interamerica.org\/fr\/2024\/07\/le-mensonge-de-satan\/","url":"https:\/\/interamerica.org\/fr\/2024\/07\/le-mensonge-de-satan\/","name":"Le mensonge de Satan - \u00c9glise Adventiste Du Septieme Jour - Inter Am\u00e9rique Division","isPartOf":{"@id":"https:\/\/interamerica.org\/fr\/#website"},"primaryImageOfPage":{"@id":"https:\/\/interamerica.org\/fr\/2024\/07\/le-mensonge-de-satan\/#primaryimage"},"image":{"@id":"https:\/\/interamerica.org\/fr\/2024\/07\/le-mensonge-de-satan\/#primaryimage"},"thumbnailUrl":"https:\/\/interamerica.org\/wp-content\/uploads\/2024\/07\/satans-lie-fr.png","datePublished":"2024-07-18T23:01:24+00:00","dateModified":"2024-07-19T07:25:04+00:00","author":{"@id":"https:\/\/interamerica.org\/fr\/#\/schema\/person\/29998f2bc2d8bd0d38662909289b54f1"},"breadcrumb":{"@id":"https:\/\/interamerica.org\/fr\/2024\/07\/le-mensonge-de-satan\/#breadcrumb"},"inLanguage":"fr-FR","potentialAction":[{"@type":"ReadAction","target":["https:\/\/interamerica.org\/fr\/2024\/07\/le-mensonge-de-satan\/"]}]},{"@type":"ImageObject","inLanguage":"fr-FR","@id":"https:\/\/interamerica.org\/fr\/2024\/07\/le-mensonge-de-satan\/#primaryimage","url":"https:\/\/interamerica.org\/wp-content\/uploads\/2024\/07\/satans-lie-fr.png","contentUrl":"https:\/\/interamerica.org\/wp-content\/uploads\/2024\/07\/satans-lie-fr.png","width":1441,"height":810},{"@type":"BreadcrumbList","@id":"https:\/\/interamerica.org\/fr\/2024\/07\/le-mensonge-de-satan\/#breadcrumb","itemListElement":[{"@type":"ListItem","position":1,"name":"Home","item":"https:\/\/interamerica.org\/fr\/"},{"@type":"ListItem","position":2,"name":"Le mensonge de Satan"}]},{"@type":"WebSite","@id":"https:\/\/interamerica.org\/fr\/#website","url":"https:\/\/interamerica.org\/fr\/","name":"\u00c9glise Adventiste Du Septieme Jour - Inter Am\u00e9rique Division","description":"","potentialAction":[{"@type":"SearchAction","target":{"@type":"EntryPoint","urlTemplate":"https:\/\/interamerica.org\/fr\/?s={search_term_string}"},"query-input":{"@type":"PropertyValueSpecification","valueRequired":true,"valueName":"search_term_string"}}],"inLanguage":"fr-FR"},{"@type":"Person","@id":"https:\/\/interamerica.org\/fr\/#\/schema\/person\/29998f2bc2d8bd0d38662909289b54f1","name":"libna","image":{"@type":"ImageObject","inLanguage":"fr-FR","@id":"https:\/\/secure.gravatar.com\/avatar\/7c5bd30ae4b47a9ba3c856590957fd1d96dc588bf3ac05719d247e126840331f?s=96&d=mm&r=g","url":"https:\/\/secure.gravatar.com\/avatar\/7c5bd30ae4b47a9ba3c856590957fd1d96dc588bf3ac05719d247e126840331f?s=96&d=mm&r=g","contentUrl":"https:\/\/secure.gravatar.com\/avatar\/7c5bd30ae4b47a9ba3c856590957fd1d96dc588bf3ac05719d247e126840331f?s=96&d=mm&r=g","caption":"libna"}}]}},"_links":{"self":[{"href":"https:\/\/interamerica.org\/fr\/wp-json\/wp\/v2\/posts\/117083","targetHints":{"allow":["GET"]}}],"collection":[{"href":"https:\/\/interamerica.org\/fr\/wp-json\/wp\/v2\/posts"}],"about":[{"href":"https:\/\/interamerica.org\/fr\/wp-json\/wp\/v2\/types\/post"}],"author":[{"embeddable":true,"href":"https:\/\/interamerica.org\/fr\/wp-json\/wp\/v2\/users\/3"}],"replies":[{"embeddable":true,"href":"https:\/\/interamerica.org\/fr\/wp-json\/wp\/v2\/comments?post=117083"}],"version-history":[{"count":0,"href":"https:\/\/interamerica.org\/fr\/wp-json\/wp\/v2\/posts\/117083\/revisions"}],"wp:featuredmedia":[{"embeddable":true,"href":"https:\/\/interamerica.org\/fr\/wp-json\/wp\/v2\/media\/117066"}],"wp:attachment":[{"href":"https:\/\/interamerica.org\/fr\/wp-json\/wp\/v2\/media?parent=117083"}],"wp:term":[{"taxonomy":"category","embeddable":true,"href":"https:\/\/interamerica.org\/fr\/wp-json\/wp\/v2\/categories?post=117083"},{"taxonomy":"post_tag","embeddable":true,"href":"https:\/\/interamerica.org\/fr\/wp-json\/wp\/v2\/tags?post=117083"}],"curies":[{"name":"wp","href":"https:\/\/api.w.org\/{rel}","templated":true}]}}