{"id":117122,"date":"2024-07-17T13:09:27","date_gmt":"2024-07-17T17:09:27","guid":{"rendered":"https:\/\/interamerica.org\/?p=117122"},"modified":"2024-07-19T03:26:21","modified_gmt":"2024-07-19T07:26:21","slug":"la-rencontre-des-responsables-de-la-communication-numerique-adventistes-met-laccent-sur-les-efforts-visant-a-proclamer-levangile","status":"publish","type":"post","link":"https:\/\/interamerica.org\/fr\/2024\/07\/la-rencontre-des-responsables-de-la-communication-numerique-adventistes-met-laccent-sur-les-efforts-visant-a-proclamer-levangile\/","title":{"rendered":"La rencontre des responsables de la communication num\u00e9rique adventistes met l\u2019accent sur les efforts visant \u00e0 proclamer l\u2019\u00e9vangile"},"content":{"rendered":"<p class=\"c-post-header__subtitle\"><em>Le programme qui s\u2019est d\u00e9roul\u00e9 en Tha\u00eflande a c\u00e9l\u00e9br\u00e9 les 20 ans du R\u00e9seau Mondial Adventiste d\u2019Internet (GAiN).<\/em><\/p>\n<p>15 Juillet 2024 | Chiang Mai, Tha\u00eflande | Felipe Lemos, Division Sud-Am\u00e9ricaine et Adventist Review<\/p>\n<p>Les d\u00e9fis de communication d\u2019une \u00c9glise mondiale sont proportionnellement gigantesques. Depuis deux d\u00e9cennies, les adventistes du septi\u00e8me jour discutent des moyens de pr\u00e9senter efficacement le message biblique du salut \u00e0 diff\u00e9rents publics ayant des caract\u00e9ristiques culturelles extr\u00eamement diverses. La rencontre mondiale baptis\u00e9e GAiN, acronyme de\u00a0<em>Global Adventist Internet Network,<\/em>\u00a0(R\u00e9seau Mondial Adventiste d\u2019Internet), est une r\u00e9union du r\u00e9seau mondial de responsables de communication qui met l\u2019accent de mani\u00e8re particuli\u00e8re sur l\u2019action \u00e9vang\u00e9lique dans l\u2019environnement num\u00e9rique.<\/p>\n<p>La rencontre r\u00e9unit des professionnels de divers secteurs de la communication qui travaillent directement ou indirectement sur des projets de communication institutionnels ou non institutionnels. Le programme a d\u00e9j\u00e0 \u00e9t\u00e9 organis\u00e9 dans des pays et des r\u00e9gions comme la Jama\u00efque, les \u00c9tats-Unis, Hong Kong, la Cor\u00e9e du Sud et le Br\u00e9sil, et la vingti\u00e8me rencontre, en 2024, a eu lieu du 10 au 13 juillet dans la ville de Chiang Mai, dans le nord de la Tha\u00eflande.<\/p>\n<p><div id=\"attachment_116965\" style=\"width: 868px\" class=\"wp-caption aligncenter\"><img fetchpriority=\"high\" decoding=\"async\" aria-describedby=\"caption-attachment-116965\" class=\" wp-image-116964\" src=\"https:\/\/interamerica.org\/wp-content\/uploads\/2024\/07\/gain-headline20-anos-1024x576.jpg\" alt=\"\" width=\"858\" height=\"483\" srcset=\"https:\/\/interamerica.org\/wp-content\/uploads\/2024\/07\/gain-headline20-anos-1024x576.jpg 1024w, https:\/\/interamerica.org\/wp-content\/uploads\/2024\/07\/gain-headline20-anos-300x169.jpg 300w, https:\/\/interamerica.org\/wp-content\/uploads\/2024\/07\/gain-headline20-anos-768x432.jpg 768w, https:\/\/interamerica.org\/wp-content\/uploads\/2024\/07\/gain-headline20-anos-1536x864.jpg 1536w, https:\/\/interamerica.org\/wp-content\/uploads\/2024\/07\/gain-headline20-anos.jpg 2048w\" sizes=\"(max-width: 858px) 100vw, 858px\" \/><p id=\"caption-attachment-116965\" class=\"wp-caption-text\">Le sommet organis\u00e9 en Tha\u00eflande \u00e0 l\u2019occasion du 20\u00e8me anniversaire de GAiN comprenait des moments de r\u00e9flexion sur les mesures strat\u00e9giques adopt\u00e9es dans diverses r\u00e9gions du monde pour proclamer l\u2019\u00e9vangile. [Photo : avec l\u2019aimable autorisation de la Division Asie-Pacifique Sud]<\/p><\/div>Le grand forum a \u00e9veill\u00e9 la conscience des 550 participants \u00e0 deux dimensions tr\u00e8s claires. L\u2019une d\u2019elles est la production de films, de s\u00e9ries et d\u2019autres produits cin\u00e9matographiques dans le contexte de l\u2019\u00e9vang\u00e9lisation. L\u2019accent a \u00e9t\u00e9 mis sur la n\u00e9cessit\u00e9 d\u2019augmenter la production de contenu pour atteindre les personnes qui d\u00e9sirent conna\u00eetre la Bible.<\/p>\n<p>GAiN a \u00e9galement \u00e9t\u00e9 une source d\u2019inspiration pour les projets missionnaires, notamment ceux men\u00e9s en Asie. Bon nombre de ces initiatives utilisent la technologie num\u00e9rique pour avoir de meilleurs r\u00e9sultats.<\/p>\n<p><strong>Un d\u00e9fi appel\u00e9 Asie <\/strong><\/p>\n<p>L\u2019Asie est un immense continent o\u00f9 le christianisme est une religion minoritaire et l\u2019adventisme en est \u00e0 ses balbutiements. Malgr\u00e9 cela, les efforts missionnaires de l\u2019\u00c9glise augmentent en intensit\u00e9 et en fr\u00e9quence.<\/p>\n<p>La religiosit\u00e9 en Asie du Sud-Est, r\u00e9gion \u00e0 pr\u00e9dominance Bouddhiste, est consid\u00e9r\u00e9e comme un obstacle naturel \u00e0 l\u2019avancement des initiatives chr\u00e9tiennes. Ce qui est clair, c\u2019est que les productions typiques des chr\u00e9tiens en mati\u00e8re de communication doivent \u00eatre ajout\u00e9es au travail de communication bas\u00e9 sur les relations interpersonnelles.<\/p>\n<p>Le directeur du Centre pour les Religions de l\u2019Est de l\u2019Asie \u00e0 la Conf\u00e9rence G\u00e9n\u00e9rale des adventistes du septi\u00e8me jour, Khamsay Phetchareun, a expliqu\u00e9 que les syst\u00e8mes de croyance tels que le bouddhisme ont une vision totalement divergente de celle du christianisme dans les domaines de la conception de Dieu, de la souffrance humaine et m\u00eame des rituels de la foi. Il estime qu\u2019un nouveau membre adventiste issu de ce milieu religieux a donc besoin d\u2019\u00eatre beaucoup plus accueilli, parce que lorsque cette personne change de religion, elle fait litt\u00e9ralement partie d\u2019une nouvelle famille.<\/p>\n<p><div id=\"attachment_116968\" style=\"width: 582px\" class=\"wp-caption aligncenter\"><img decoding=\"async\" aria-describedby=\"caption-attachment-116968\" class=\" wp-image-116967\" src=\"https:\/\/interamerica.org\/wp-content\/uploads\/2024\/07\/gain-220-anos2-836x1024.jpg\" alt=\"\" width=\"572\" height=\"701\" srcset=\"https:\/\/interamerica.org\/wp-content\/uploads\/2024\/07\/gain-220-anos2-836x1024.jpg 836w, https:\/\/interamerica.org\/wp-content\/uploads\/2024\/07\/gain-220-anos2-245x300.jpg 245w, https:\/\/interamerica.org\/wp-content\/uploads\/2024\/07\/gain-220-anos2-768x941.jpg 768w, https:\/\/interamerica.org\/wp-content\/uploads\/2024\/07\/gain-220-anos2-1254x1536.jpg 1254w, https:\/\/interamerica.org\/wp-content\/uploads\/2024\/07\/gain-220-anos2.jpg 1500w\" sizes=\"(max-width: 572px) 100vw, 572px\" \/><p id=\"caption-attachment-116968\" class=\"wp-caption-text\">\u00c9quipe de b\u00e9n\u00e9voles qui travaillent sur des projets d\u2019\u00e9vang\u00e9lisation num\u00e9rique aux Philippines. [Photo : avec l\u2019aimable autorisation de la Division Asie-Pacifique du Sud]<\/p><\/div><strong>Communication efficace<\/strong><\/p>\n<p>Aux Philippines, l\u2019\u00c9glise adventiste du septi\u00e8me jour g\u00e8re un centre d\u2019\u00e9vang\u00e9lisation en ligne. Actuellement, 42 jeunes missionnaires \u00e2g\u00e9s de 20 \u00e0 25 ans, repr\u00e9sentant 20 pays diff\u00e9rents, enseignent la Bible et aident les personnes int\u00e9ress\u00e9es \u00e0 en savoir plus sur le Dieu r\u00e9v\u00e9l\u00e9 par les adventistes.<\/p>\n<p>Le directeur du centre, Elexis Mercado, a d\u00e9clar\u00e9 que chaque mois, environ 50 \u00e9tudes bibliques sont envoy\u00e9es \u00e0 des personnes vivant pour la plupart dans des pays asiatiques. Entre janvier et juillet 2024, au moins 16 personnes ont \u00e9t\u00e9 baptis\u00e9es gr\u00e2ce \u00e0 l\u2019influence directe de cette initiative. En pratique, ces missionnaires, qui travaillent habituellement dans le cadre du projet pendant un an, dirigent la pri\u00e8re, \u00e9tablissent des dialogues et donnent des cours de Bible aux personnes qui viennent \u00e0 eux suite au contact qu\u2019elles ont eu avec les contenus g\u00e9n\u00e9r\u00e9s et diffus\u00e9s sur les r\u00e9seaux sociaux.<\/p>\n<p>En Cor\u00e9e du Sud, une exp\u00e9rience avec de la publicit\u00e9 payante sur les r\u00e9seaux sociaux vise \u00e0 inviter les gens \u00e0 en apprendre davantage sur les adventistes et leurs enseignements. Seung Cheon Ji est directeur de la communication et \u00e9vang\u00e9liste num\u00e9rique au si\u00e8ge administratif qui se trouve \u00e0 Gwangju, \u00e0 trois heures de route de S\u00e9oul, la capitale du pays. Il a soulign\u00e9 que le projet pilote a d\u00e9but\u00e9 il y a un peu plus d\u2019un mois dans quatre congr\u00e9gations. D\u2019apr\u00e8s ce qu\u2019a indiqu\u00e9 Seung Ji, dans une \u00e9glise, des campagnes num\u00e9riques proposaient des pri\u00e8res aux gens via Facebook et Instagram.<\/p>\n<p>Dans juste une seule \u00e9glise et pendant 30 jours, les publicit\u00e9s ont permis d\u2019atteindre plus de 63000 personnes dans un rayon de cinq kilom\u00e8tres autour de la congr\u00e9gation. Parmi ces personnes, 101 ont r\u00e9pondu et 40 au total ont \u00e9t\u00e9 consid\u00e9r\u00e9es comme les contacts les plus prometteurs. Parmi les 40 personnes les plus int\u00e9ress\u00e9es, un peu plus de 60 pour cent ont maintenu une certaine forme d\u2019engagement gr\u00e2ce aux requ\u00eates de pri\u00e8re. Vingt pour cent, cependant, ont r\u00e9pondu activement et ont m\u00eame montr\u00e9 un int\u00e9r\u00eat \u00e0 assister \u00e0 un service dans une congr\u00e9gation adventiste.<\/p>\n<p><div id=\"attachment_116971\" style=\"width: 859px\" class=\"wp-caption aligncenter\"><img decoding=\"async\" aria-describedby=\"caption-attachment-116971\" class=\" wp-image-116970\" src=\"https:\/\/interamerica.org\/wp-content\/uploads\/2024\/07\/20-anos5jpeg-1536x864-1-1024x576.jpeg\" alt=\"\" width=\"849\" height=\"478\" srcset=\"https:\/\/interamerica.org\/wp-content\/uploads\/2024\/07\/20-anos5jpeg-1536x864-1-1024x576.jpeg 1024w, https:\/\/interamerica.org\/wp-content\/uploads\/2024\/07\/20-anos5jpeg-1536x864-1-300x169.jpeg 300w, https:\/\/interamerica.org\/wp-content\/uploads\/2024\/07\/20-anos5jpeg-1536x864-1-768x432.jpeg 768w, https:\/\/interamerica.org\/wp-content\/uploads\/2024\/07\/20-anos5jpeg-1536x864-1.jpeg 1536w\" sizes=\"(max-width: 849px) 100vw, 849px\" \/><p id=\"caption-attachment-116971\" class=\"wp-caption-text\">Plusieurs initiatives \u00e0 travers le monde ont permis de mettre \u00e0 profit l\u2019utilisation du contenu audiovisuel pour amener les gens \u00e0 la connaissance de la Bible. [Photo : avec l\u2019aimable autorisation de la Division Asie-Pacifique du Sud]<\/p><\/div>Plus au sud, en Inde, les r\u00e9seaux sociaux sont \u00e9galement devenus un canal important pour la proclamation de l\u2019esp\u00e9rance biblique. Le directeur de la communication au si\u00e8ge de l\u2019\u00c9glise adventiste dans cette r\u00e9gion, Ramesh Jadhav, a mentionn\u00e9 l\u2019utilisation des r\u00e9seaux sociaux tels que Facebook et d\u2019autres syst\u00e8mes (WhatsApp, YouTube et m\u00eame les SMS traditionnels) pour transmettre le message biblique aux habitants d\u2019une r\u00e9gion o\u00f9 sont parl\u00e9s 18 langues et dialectes diff\u00e9rents. \u00ab Notre travail est constant et nous maintenons un lien avec les pasteurs locaux afin de rendre visite \u00e0 ces personnes qui nous rencontrent en ligne, \u00bb a dit Ramesh Jadhav.<\/p>\n<p>La formation des futurs professionnels de la communication et des sp\u00e9cialistes des technologies est \u00e9galement une pr\u00e9occupation. Au cours du programme, la directrice de l\u2019\u00e9ducation de l\u2019\u00c9glise adventiste du septi\u00e8me jour en Mongolie, Joanne Myoung Kim, a pr\u00e9sent\u00e9 des plans pour la construction d\u2019une institution \u00e9ducative internationale pouvant accueillir jusqu\u2019\u00e0 200 \u00e9tudiants sur un site se trouvant \u00e0 25 kilom\u00e8tres d\u2019Oulan-Bator, la capitale du pays. L\u2019id\u00e9e est que les cours commencent pleinement \u00e0 fonctionner en 2026 et mettent l\u2019accent sur la communication, la technologie, l\u2019agriculture, la sant\u00e9, le bien-\u00eatre et d\u2019autres domaines.<\/p>\n<p><strong>Films et s\u00e9ries \u00e0 impact spirituel<\/strong><\/p>\n<p>Williams Costa Jr., directeur du d\u00e9partement de la communication de la Conf\u00e9rence G\u00e9n\u00e9rale, a soulign\u00e9 \u00e0 quel point il \u00e9tait important d\u2019augmenter la production de films et de s\u00e9ries pour l\u2019\u00e9vang\u00e9lisation. Il a rappel\u00e9 \u00e0 son auditoire que le but des films et des s\u00e9ries, c\u2019est-\u00e0-dire du mat\u00e9riel audiovisuel, n\u2019est pas de proposer du divertissement mais de servir de ressource missionnaire pour amener des milliers de personnes \u00e0 Christ.<\/p>\n<p>La motivation pour augmenter le nombre de titres adventistes dans ce domaine est venue de ceux qui les produisent d\u00e9j\u00e0. C\u2019est le cas de Kyle Portbury, r\u00e9alisateur\/producteur du film <em>The Hopeful<\/em>, qui retrace les d\u00e9buts du mouvement adventiste. Il a soulign\u00e9 l\u2019importance de la ressource audiovisuelle pour cr\u00e9er une meilleure exp\u00e9rience pour les gens et ainsi avoir un impact plus significatif dans le cas du message biblique.<\/p>\n<p>La m\u00eame id\u00e9e a \u00e9t\u00e9 exprim\u00e9e par Terry Benedict, qui a coproduit le film <em>Hacksaw Ridge<\/em>, sur l\u2019objecteur de conscience adventiste Desmond Doss. Le cin\u00e9aste adventiste a soulign\u00e9 que J\u00e9sus a utilis\u00e9 avec succ\u00e8s les paraboles (la ressource moderne appel\u00e9e narration) pour transmettre son message \u00e0 des personnes de toutes classes et de tous horizons.<\/p>\n<p>Carlos Magalh\u00e3es, directeur des strat\u00e9gies num\u00e9riques de la Division Sud-Am\u00e9ricaine (SAD), a pr\u00e9sent\u00e9 les r\u00e9sultats de l\u2019une des plus anciennes plateformes de contenu audiovisuel adventiste au monde, Feliz7Play, qui a maintenant sept ans. Aujourd\u2019hui, la cha\u00eene adventiste sud-am\u00e9ricaine compte plus de 3000 titres et environ quatre millions de vues par mois. Carlos Magalh\u00e3es a soulign\u00e9 qu\u2019elle \u00ab n\u2019avait pas \u00e9t\u00e9 cr\u00e9\u00e9e simplement pour partager des films et des s\u00e9ries, mais pour dialoguer avec les nouvelles g\u00e9n\u00e9rations, car il est n\u00e9cessaire d\u2019avoir un espace pour leur parler \u00e0 travers ce type de contenu. \u00bb<\/p>\n<p><strong>Communication strat\u00e9gique et innovation <\/strong><\/p>\n<p>Le programme a \u00e9galement mis en lumi\u00e8re la pertinence de la communication strat\u00e9gique. Le directeur adjoint de la communication de la Conf\u00e9rence G\u00e9n\u00e9rale, Sam Neves, a r\u00e9affirm\u00e9 la n\u00e9cessit\u00e9 d\u2019unir les efforts des diff\u00e9rentes institutions de communication adventistes afin que les professionnels soient des soutiens strat\u00e9giques du leadership pour accomplir la mission qui consiste \u00e0 pr\u00eacher l\u2019\u00e9vangile.<\/p>\n<p>Concernant l\u2019innovation, Jorge Rampogna, directeur de la communication de la SAD, a pr\u00e9sent\u00e9 quelques r\u00e9sultats de la mobilisation et de l\u2019engagement des jeunes sur une plateforme Metaverse \u00e9tablie par l\u2019\u00c9glise adventiste pour consolider la communaut\u00e9 de pri\u00e8re et d\u2019\u00e9tude biblique. Un exemple concret est la vie d\u2019Ideli Pirani Ferreira, de S\u00e3o Paulo, qui a \u00e9t\u00e9 baptis\u00e9e en 2024 dans une congr\u00e9gation adventiste apr\u00e8s avoir particip\u00e9 au programme des 10 Jours de Pri\u00e8re et avoir \u00e9t\u00e9 accueillie dans la communaut\u00e9 virtuelle.<\/p>\n<p>Deborah Lessa, une b\u00e9n\u00e9vole au si\u00e8ge de la mission adventiste en Irlande, a expliqu\u00e9 que l\u2019un des projets de l\u2019\u00e9glise en Irlande pour pr\u00e9senter l\u2019\u00e9vangile \u00e0 davantage de personnes est la production d\u2019un documentaire intitul\u00e9\u00a0<em>A Leap of Faith<\/em>, (Le Saut de la Foi), qui explorera la croissance de l\u2019\u00c9glise adventiste en R\u00e9publique d\u2019Irlande et en Irlande du Nord.<\/p>\n<p>Pour Lessa, GAiN \u00ab a \u00e9t\u00e9 une exp\u00e9rience incroyable et inspirante. \u00bb Elle a ajout\u00e9 : \u00ab Participer \u00e0 des programmes comme celui-ci nous donne une plus grande vision de la fa\u00e7on dont l\u2019\u00c9glise adventiste a accompli sa mission gr\u00e2ce \u00e0 la technologie et aux m\u00e9dias num\u00e9riques dans diff\u00e9rentes parties du monde. \u00bb<\/p>\n<p><em>La\u00a0<\/em><a href=\"https:\/\/noticias.adventistas.org\/pt\/encontro-mundial-adventista-reforca-maior-unidade-e-esforcos-para-potencializar-a-pregacao-do-evangelho\/\" target=\"_blank\" rel=\"noopener\"><em>version originale<\/em><\/a><em>\u00a0de cet article a \u00e9t\u00e9 publi\u00e9e sur le <\/em><a href=\"https:\/\/noticias.adventistas.org\/pt\/\" target=\"_blank\" rel=\"noopener\"><em>site d&rsquo;informations<\/em><\/a><em>en langue portugaise de la Division Sud-Am\u00e9ricaine.<\/em><\/p>\n<p>Traduction: Patrick Luciathe<\/p>\n","protected":false},"excerpt":{"rendered":"<p>Le programme qui s\u2019est d\u00e9roul\u00e9 en Tha\u00eflande a c\u00e9l\u00e9br\u00e9 les 20 ans du R\u00e9seau Mondial Adventiste d\u2019Internet (GAiN). 15 Juillet 2024 | Chiang Mai, Tha\u00eflande | Felipe Lemos, Division Sud-Am\u00e9ricaine&#8230;<\/p>\n","protected":false},"author":3,"featured_media":116965,"comment_status":"closed","ping_status":"closed","sticky":false,"template":"","format":"standard","meta":{"_acf_changed":false,"footnotes":""},"categories":[18,19],"tags":[],"class_list":["post-117122","post","type-post","status-publish","format-standard","has-post-thumbnail","hentry","category-nouvelles-de-leglise-mondiale","category-rss-francais"],"acf":[],"yoast_head":"<!-- This site is optimized with the Yoast SEO plugin v27.3 - https:\/\/yoast.com\/product\/yoast-seo-wordpress\/ -->\n<title>La rencontre des responsables de la communication num\u00e9rique adventistes met l\u2019accent sur les efforts visant \u00e0 proclamer l\u2019\u00e9vangile - \u00c9glise Adventiste Du Septieme Jour - Inter Am\u00e9rique Division<\/title>\n<meta name=\"robots\" content=\"index, follow, max-snippet:-1, max-image-preview:large, max-video-preview:-1\" \/>\n<link rel=\"canonical\" href=\"https:\/\/interamerica.org\/fr\/2024\/07\/la-rencontre-des-responsables-de-la-communication-numerique-adventistes-met-laccent-sur-les-efforts-visant-a-proclamer-levangile\/\" \/>\n<meta property=\"og:locale\" content=\"fr_FR\" \/>\n<meta property=\"og:type\" content=\"article\" \/>\n<meta property=\"og:title\" content=\"La rencontre des responsables de la communication num\u00e9rique adventistes met l\u2019accent sur les efforts visant \u00e0 proclamer l\u2019\u00e9vangile - \u00c9glise Adventiste Du Septieme Jour - Inter Am\u00e9rique Division\" \/>\n<meta property=\"og:description\" content=\"Le programme qui s\u2019est d\u00e9roul\u00e9 en Tha\u00eflande a c\u00e9l\u00e9br\u00e9 les 20 ans du R\u00e9seau Mondial Adventiste d\u2019Internet (GAiN). 15 Juillet 2024 | Chiang Mai, Tha\u00eflande | Felipe Lemos, Division Sud-Am\u00e9ricaine...\" \/>\n<meta property=\"og:url\" content=\"https:\/\/interamerica.org\/fr\/2024\/07\/la-rencontre-des-responsables-de-la-communication-numerique-adventistes-met-laccent-sur-les-efforts-visant-a-proclamer-levangile\/\" \/>\n<meta property=\"og:site_name\" content=\"\u00c9glise Adventiste Du Septieme Jour - Inter Am\u00e9rique Division\" \/>\n<meta property=\"article:published_time\" content=\"2024-07-17T17:09:27+00:00\" \/>\n<meta property=\"article:modified_time\" content=\"2024-07-19T07:26:21+00:00\" \/>\n<meta property=\"og:image\" content=\"https:\/\/interamerica.org\/wp-content\/uploads\/2024\/07\/gain-headline20-anos.jpg\" \/>\n\t<meta property=\"og:image:width\" content=\"2048\" \/>\n\t<meta property=\"og:image:height\" content=\"1152\" \/>\n\t<meta property=\"og:image:type\" content=\"image\/jpeg\" \/>\n<meta name=\"author\" content=\"libna\" \/>\n<meta name=\"twitter:card\" content=\"summary_large_image\" \/>\n<meta name=\"twitter:label1\" content=\"\u00c9crit par\" \/>\n\t<meta name=\"twitter:data1\" content=\"libna\" \/>\n\t<meta name=\"twitter:label2\" content=\"Dur\u00e9e de lecture estim\u00e9e\" \/>\n\t<meta name=\"twitter:data2\" content=\"9 minutes\" \/>\n<script type=\"application\/ld+json\" class=\"yoast-schema-graph\">{\"@context\":\"https:\\\/\\\/schema.org\",\"@graph\":[{\"@type\":\"Article\",\"@id\":\"https:\\\/\\\/interamerica.org\\\/fr\\\/2024\\\/07\\\/la-rencontre-des-responsables-de-la-communication-numerique-adventistes-met-laccent-sur-les-efforts-visant-a-proclamer-levangile\\\/#article\",\"isPartOf\":{\"@id\":\"https:\\\/\\\/interamerica.org\\\/fr\\\/2024\\\/07\\\/la-rencontre-des-responsables-de-la-communication-numerique-adventistes-met-laccent-sur-les-efforts-visant-a-proclamer-levangile\\\/\"},\"author\":{\"name\":\"libna\",\"@id\":\"https:\\\/\\\/interamerica.org\\\/fr\\\/#\\\/schema\\\/person\\\/29998f2bc2d8bd0d38662909289b54f1\"},\"headline\":\"La rencontre des responsables de la communication num\u00e9rique adventistes met l\u2019accent sur les efforts visant \u00e0 proclamer l\u2019\u00e9vangile\",\"datePublished\":\"2024-07-17T17:09:27+00:00\",\"dateModified\":\"2024-07-19T07:26:21+00:00\",\"mainEntityOfPage\":{\"@id\":\"https:\\\/\\\/interamerica.org\\\/fr\\\/2024\\\/07\\\/la-rencontre-des-responsables-de-la-communication-numerique-adventistes-met-laccent-sur-les-efforts-visant-a-proclamer-levangile\\\/\"},\"wordCount\":1893,\"image\":{\"@id\":\"https:\\\/\\\/interamerica.org\\\/fr\\\/2024\\\/07\\\/la-rencontre-des-responsables-de-la-communication-numerique-adventistes-met-laccent-sur-les-efforts-visant-a-proclamer-levangile\\\/#primaryimage\"},\"thumbnailUrl\":\"https:\\\/\\\/interamerica.org\\\/wp-content\\\/uploads\\\/2024\\\/07\\\/gain-headline20-anos.jpg\",\"articleSection\":[\"Nouvelles de l'\u00c9glise mondiale\",\"RSS Fran\u00e7ais\"],\"inLanguage\":\"fr-FR\"},{\"@type\":\"WebPage\",\"@id\":\"https:\\\/\\\/interamerica.org\\\/fr\\\/2024\\\/07\\\/la-rencontre-des-responsables-de-la-communication-numerique-adventistes-met-laccent-sur-les-efforts-visant-a-proclamer-levangile\\\/\",\"url\":\"https:\\\/\\\/interamerica.org\\\/fr\\\/2024\\\/07\\\/la-rencontre-des-responsables-de-la-communication-numerique-adventistes-met-laccent-sur-les-efforts-visant-a-proclamer-levangile\\\/\",\"name\":\"La rencontre des responsables de la communication num\u00e9rique adventistes met l\u2019accent sur les efforts visant \u00e0 proclamer l\u2019\u00e9vangile - \u00c9glise Adventiste Du Septieme Jour - Inter Am\u00e9rique Division\",\"isPartOf\":{\"@id\":\"https:\\\/\\\/interamerica.org\\\/fr\\\/#website\"},\"primaryImageOfPage\":{\"@id\":\"https:\\\/\\\/interamerica.org\\\/fr\\\/2024\\\/07\\\/la-rencontre-des-responsables-de-la-communication-numerique-adventistes-met-laccent-sur-les-efforts-visant-a-proclamer-levangile\\\/#primaryimage\"},\"image\":{\"@id\":\"https:\\\/\\\/interamerica.org\\\/fr\\\/2024\\\/07\\\/la-rencontre-des-responsables-de-la-communication-numerique-adventistes-met-laccent-sur-les-efforts-visant-a-proclamer-levangile\\\/#primaryimage\"},\"thumbnailUrl\":\"https:\\\/\\\/interamerica.org\\\/wp-content\\\/uploads\\\/2024\\\/07\\\/gain-headline20-anos.jpg\",\"datePublished\":\"2024-07-17T17:09:27+00:00\",\"dateModified\":\"2024-07-19T07:26:21+00:00\",\"author\":{\"@id\":\"https:\\\/\\\/interamerica.org\\\/fr\\\/#\\\/schema\\\/person\\\/29998f2bc2d8bd0d38662909289b54f1\"},\"breadcrumb\":{\"@id\":\"https:\\\/\\\/interamerica.org\\\/fr\\\/2024\\\/07\\\/la-rencontre-des-responsables-de-la-communication-numerique-adventistes-met-laccent-sur-les-efforts-visant-a-proclamer-levangile\\\/#breadcrumb\"},\"inLanguage\":\"fr-FR\",\"potentialAction\":[{\"@type\":\"ReadAction\",\"target\":[\"https:\\\/\\\/interamerica.org\\\/fr\\\/2024\\\/07\\\/la-rencontre-des-responsables-de-la-communication-numerique-adventistes-met-laccent-sur-les-efforts-visant-a-proclamer-levangile\\\/\"]}]},{\"@type\":\"ImageObject\",\"inLanguage\":\"fr-FR\",\"@id\":\"https:\\\/\\\/interamerica.org\\\/fr\\\/2024\\\/07\\\/la-rencontre-des-responsables-de-la-communication-numerique-adventistes-met-laccent-sur-les-efforts-visant-a-proclamer-levangile\\\/#primaryimage\",\"url\":\"https:\\\/\\\/interamerica.org\\\/wp-content\\\/uploads\\\/2024\\\/07\\\/gain-headline20-anos.jpg\",\"contentUrl\":\"https:\\\/\\\/interamerica.org\\\/wp-content\\\/uploads\\\/2024\\\/07\\\/gain-headline20-anos.jpg\",\"width\":2048,\"height\":1152,\"caption\":\"The 20th-anniversary GAiN summit in Thailand featured moments of reflection on strategic measures adopted in various regions of the world to share the gospel. [Photo: courtesy of the Southern Asia-Pacific Division]\"},{\"@type\":\"BreadcrumbList\",\"@id\":\"https:\\\/\\\/interamerica.org\\\/fr\\\/2024\\\/07\\\/la-rencontre-des-responsables-de-la-communication-numerique-adventistes-met-laccent-sur-les-efforts-visant-a-proclamer-levangile\\\/#breadcrumb\",\"itemListElement\":[{\"@type\":\"ListItem\",\"position\":1,\"name\":\"Home\",\"item\":\"https:\\\/\\\/interamerica.org\\\/fr\\\/\"},{\"@type\":\"ListItem\",\"position\":2,\"name\":\"La rencontre des responsables de la communication num\u00e9rique adventistes met l\u2019accent sur les efforts visant \u00e0 proclamer l\u2019\u00e9vangile\"}]},{\"@type\":\"WebSite\",\"@id\":\"https:\\\/\\\/interamerica.org\\\/fr\\\/#website\",\"url\":\"https:\\\/\\\/interamerica.org\\\/fr\\\/\",\"name\":\"\u00c9glise Adventiste Du Septieme Jour - Inter Am\u00e9rique Division\",\"description\":\"\",\"potentialAction\":[{\"@type\":\"SearchAction\",\"target\":{\"@type\":\"EntryPoint\",\"urlTemplate\":\"https:\\\/\\\/interamerica.org\\\/fr\\\/?s={search_term_string}\"},\"query-input\":{\"@type\":\"PropertyValueSpecification\",\"valueRequired\":true,\"valueName\":\"search_term_string\"}}],\"inLanguage\":\"fr-FR\"},{\"@type\":\"Person\",\"@id\":\"https:\\\/\\\/interamerica.org\\\/fr\\\/#\\\/schema\\\/person\\\/29998f2bc2d8bd0d38662909289b54f1\",\"name\":\"libna\",\"image\":{\"@type\":\"ImageObject\",\"inLanguage\":\"fr-FR\",\"@id\":\"https:\\\/\\\/secure.gravatar.com\\\/avatar\\\/7c5bd30ae4b47a9ba3c856590957fd1d96dc588bf3ac05719d247e126840331f?s=96&d=mm&r=g\",\"url\":\"https:\\\/\\\/secure.gravatar.com\\\/avatar\\\/7c5bd30ae4b47a9ba3c856590957fd1d96dc588bf3ac05719d247e126840331f?s=96&d=mm&r=g\",\"contentUrl\":\"https:\\\/\\\/secure.gravatar.com\\\/avatar\\\/7c5bd30ae4b47a9ba3c856590957fd1d96dc588bf3ac05719d247e126840331f?s=96&d=mm&r=g\",\"caption\":\"libna\"}}]}<\/script>\n<!-- \/ Yoast SEO plugin. -->","yoast_head_json":{"title":"La rencontre des responsables de la communication num\u00e9rique adventistes met l\u2019accent sur les efforts visant \u00e0 proclamer l\u2019\u00e9vangile - \u00c9glise Adventiste Du Septieme Jour - Inter Am\u00e9rique Division","robots":{"index":"index","follow":"follow","max-snippet":"max-snippet:-1","max-image-preview":"max-image-preview:large","max-video-preview":"max-video-preview:-1"},"canonical":"https:\/\/interamerica.org\/fr\/2024\/07\/la-rencontre-des-responsables-de-la-communication-numerique-adventistes-met-laccent-sur-les-efforts-visant-a-proclamer-levangile\/","og_locale":"fr_FR","og_type":"article","og_title":"La rencontre des responsables de la communication num\u00e9rique adventistes met l\u2019accent sur les efforts visant \u00e0 proclamer l\u2019\u00e9vangile - \u00c9glise Adventiste Du Septieme Jour - Inter Am\u00e9rique Division","og_description":"Le programme qui s\u2019est d\u00e9roul\u00e9 en Tha\u00eflande a c\u00e9l\u00e9br\u00e9 les 20 ans du R\u00e9seau Mondial Adventiste d\u2019Internet (GAiN). 15 Juillet 2024 | Chiang Mai, Tha\u00eflande | Felipe Lemos, Division Sud-Am\u00e9ricaine...","og_url":"https:\/\/interamerica.org\/fr\/2024\/07\/la-rencontre-des-responsables-de-la-communication-numerique-adventistes-met-laccent-sur-les-efforts-visant-a-proclamer-levangile\/","og_site_name":"\u00c9glise Adventiste Du Septieme Jour - Inter Am\u00e9rique Division","article_published_time":"2024-07-17T17:09:27+00:00","article_modified_time":"2024-07-19T07:26:21+00:00","og_image":[{"width":2048,"height":1152,"url":"https:\/\/interamerica.org\/wp-content\/uploads\/2024\/07\/gain-headline20-anos.jpg","type":"image\/jpeg"}],"author":"libna","twitter_card":"summary_large_image","twitter_misc":{"\u00c9crit par":"libna","Dur\u00e9e de lecture estim\u00e9e":"9 minutes"},"schema":{"@context":"https:\/\/schema.org","@graph":[{"@type":"Article","@id":"https:\/\/interamerica.org\/fr\/2024\/07\/la-rencontre-des-responsables-de-la-communication-numerique-adventistes-met-laccent-sur-les-efforts-visant-a-proclamer-levangile\/#article","isPartOf":{"@id":"https:\/\/interamerica.org\/fr\/2024\/07\/la-rencontre-des-responsables-de-la-communication-numerique-adventistes-met-laccent-sur-les-efforts-visant-a-proclamer-levangile\/"},"author":{"name":"libna","@id":"https:\/\/interamerica.org\/fr\/#\/schema\/person\/29998f2bc2d8bd0d38662909289b54f1"},"headline":"La rencontre des responsables de la communication num\u00e9rique adventistes met l\u2019accent sur les efforts visant \u00e0 proclamer l\u2019\u00e9vangile","datePublished":"2024-07-17T17:09:27+00:00","dateModified":"2024-07-19T07:26:21+00:00","mainEntityOfPage":{"@id":"https:\/\/interamerica.org\/fr\/2024\/07\/la-rencontre-des-responsables-de-la-communication-numerique-adventistes-met-laccent-sur-les-efforts-visant-a-proclamer-levangile\/"},"wordCount":1893,"image":{"@id":"https:\/\/interamerica.org\/fr\/2024\/07\/la-rencontre-des-responsables-de-la-communication-numerique-adventistes-met-laccent-sur-les-efforts-visant-a-proclamer-levangile\/#primaryimage"},"thumbnailUrl":"https:\/\/interamerica.org\/wp-content\/uploads\/2024\/07\/gain-headline20-anos.jpg","articleSection":["Nouvelles de l'\u00c9glise mondiale","RSS Fran\u00e7ais"],"inLanguage":"fr-FR"},{"@type":"WebPage","@id":"https:\/\/interamerica.org\/fr\/2024\/07\/la-rencontre-des-responsables-de-la-communication-numerique-adventistes-met-laccent-sur-les-efforts-visant-a-proclamer-levangile\/","url":"https:\/\/interamerica.org\/fr\/2024\/07\/la-rencontre-des-responsables-de-la-communication-numerique-adventistes-met-laccent-sur-les-efforts-visant-a-proclamer-levangile\/","name":"La rencontre des responsables de la communication num\u00e9rique adventistes met l\u2019accent sur les efforts visant \u00e0 proclamer l\u2019\u00e9vangile - \u00c9glise Adventiste Du Septieme Jour - Inter Am\u00e9rique Division","isPartOf":{"@id":"https:\/\/interamerica.org\/fr\/#website"},"primaryImageOfPage":{"@id":"https:\/\/interamerica.org\/fr\/2024\/07\/la-rencontre-des-responsables-de-la-communication-numerique-adventistes-met-laccent-sur-les-efforts-visant-a-proclamer-levangile\/#primaryimage"},"image":{"@id":"https:\/\/interamerica.org\/fr\/2024\/07\/la-rencontre-des-responsables-de-la-communication-numerique-adventistes-met-laccent-sur-les-efforts-visant-a-proclamer-levangile\/#primaryimage"},"thumbnailUrl":"https:\/\/interamerica.org\/wp-content\/uploads\/2024\/07\/gain-headline20-anos.jpg","datePublished":"2024-07-17T17:09:27+00:00","dateModified":"2024-07-19T07:26:21+00:00","author":{"@id":"https:\/\/interamerica.org\/fr\/#\/schema\/person\/29998f2bc2d8bd0d38662909289b54f1"},"breadcrumb":{"@id":"https:\/\/interamerica.org\/fr\/2024\/07\/la-rencontre-des-responsables-de-la-communication-numerique-adventistes-met-laccent-sur-les-efforts-visant-a-proclamer-levangile\/#breadcrumb"},"inLanguage":"fr-FR","potentialAction":[{"@type":"ReadAction","target":["https:\/\/interamerica.org\/fr\/2024\/07\/la-rencontre-des-responsables-de-la-communication-numerique-adventistes-met-laccent-sur-les-efforts-visant-a-proclamer-levangile\/"]}]},{"@type":"ImageObject","inLanguage":"fr-FR","@id":"https:\/\/interamerica.org\/fr\/2024\/07\/la-rencontre-des-responsables-de-la-communication-numerique-adventistes-met-laccent-sur-les-efforts-visant-a-proclamer-levangile\/#primaryimage","url":"https:\/\/interamerica.org\/wp-content\/uploads\/2024\/07\/gain-headline20-anos.jpg","contentUrl":"https:\/\/interamerica.org\/wp-content\/uploads\/2024\/07\/gain-headline20-anos.jpg","width":2048,"height":1152,"caption":"The 20th-anniversary GAiN summit in Thailand featured moments of reflection on strategic measures adopted in various regions of the world to share the gospel. [Photo: courtesy of the Southern Asia-Pacific Division]"},{"@type":"BreadcrumbList","@id":"https:\/\/interamerica.org\/fr\/2024\/07\/la-rencontre-des-responsables-de-la-communication-numerique-adventistes-met-laccent-sur-les-efforts-visant-a-proclamer-levangile\/#breadcrumb","itemListElement":[{"@type":"ListItem","position":1,"name":"Home","item":"https:\/\/interamerica.org\/fr\/"},{"@type":"ListItem","position":2,"name":"La rencontre des responsables de la communication num\u00e9rique adventistes met l\u2019accent sur les efforts visant \u00e0 proclamer l\u2019\u00e9vangile"}]},{"@type":"WebSite","@id":"https:\/\/interamerica.org\/fr\/#website","url":"https:\/\/interamerica.org\/fr\/","name":"\u00c9glise Adventiste Du Septieme Jour - Inter Am\u00e9rique Division","description":"","potentialAction":[{"@type":"SearchAction","target":{"@type":"EntryPoint","urlTemplate":"https:\/\/interamerica.org\/fr\/?s={search_term_string}"},"query-input":{"@type":"PropertyValueSpecification","valueRequired":true,"valueName":"search_term_string"}}],"inLanguage":"fr-FR"},{"@type":"Person","@id":"https:\/\/interamerica.org\/fr\/#\/schema\/person\/29998f2bc2d8bd0d38662909289b54f1","name":"libna","image":{"@type":"ImageObject","inLanguage":"fr-FR","@id":"https:\/\/secure.gravatar.com\/avatar\/7c5bd30ae4b47a9ba3c856590957fd1d96dc588bf3ac05719d247e126840331f?s=96&d=mm&r=g","url":"https:\/\/secure.gravatar.com\/avatar\/7c5bd30ae4b47a9ba3c856590957fd1d96dc588bf3ac05719d247e126840331f?s=96&d=mm&r=g","contentUrl":"https:\/\/secure.gravatar.com\/avatar\/7c5bd30ae4b47a9ba3c856590957fd1d96dc588bf3ac05719d247e126840331f?s=96&d=mm&r=g","caption":"libna"}}]}},"_links":{"self":[{"href":"https:\/\/interamerica.org\/fr\/wp-json\/wp\/v2\/posts\/117122","targetHints":{"allow":["GET"]}}],"collection":[{"href":"https:\/\/interamerica.org\/fr\/wp-json\/wp\/v2\/posts"}],"about":[{"href":"https:\/\/interamerica.org\/fr\/wp-json\/wp\/v2\/types\/post"}],"author":[{"embeddable":true,"href":"https:\/\/interamerica.org\/fr\/wp-json\/wp\/v2\/users\/3"}],"replies":[{"embeddable":true,"href":"https:\/\/interamerica.org\/fr\/wp-json\/wp\/v2\/comments?post=117122"}],"version-history":[{"count":0,"href":"https:\/\/interamerica.org\/fr\/wp-json\/wp\/v2\/posts\/117122\/revisions"}],"wp:featuredmedia":[{"embeddable":true,"href":"https:\/\/interamerica.org\/fr\/wp-json\/wp\/v2\/media\/116965"}],"wp:attachment":[{"href":"https:\/\/interamerica.org\/fr\/wp-json\/wp\/v2\/media?parent=117122"}],"wp:term":[{"taxonomy":"category","embeddable":true,"href":"https:\/\/interamerica.org\/fr\/wp-json\/wp\/v2\/categories?post=117122"},{"taxonomy":"post_tag","embeddable":true,"href":"https:\/\/interamerica.org\/fr\/wp-json\/wp\/v2\/tags?post=117122"}],"curies":[{"name":"wp","href":"https:\/\/api.w.org\/{rel}","templated":true}]}}