{"id":117123,"date":"2024-07-17T15:32:39","date_gmt":"2024-07-17T19:32:39","guid":{"rendered":"https:\/\/interamerica.org\/?p=117123"},"modified":"2024-07-19T03:25:45","modified_gmt":"2024-07-19T07:25:45","slug":"a-saint-vincent-les-adventistes-offrent-des-repas-dans-des-abris-apres-la-destruction-causee-par-louragan-beryl","status":"publish","type":"post","link":"https:\/\/interamerica.org\/fr\/2024\/07\/a-saint-vincent-les-adventistes-offrent-des-repas-dans-des-abris-apres-la-destruction-causee-par-louragan-beryl\/","title":{"rendered":"A Saint-Vincent, les adventistes offrent des repas dans des abris apr\u00e8s la destruction caus\u00e9e par l\u2019Ouragan Beryl"},"content":{"rendered":"<p><div id=\"attachment_117013\" style=\"width: 745px\" class=\"wp-caption aligncenter\"><img fetchpriority=\"high\" decoding=\"async\" aria-describedby=\"caption-attachment-117013\" class=\" wp-image-117012\" src=\"https:\/\/interamerica.org\/wp-content\/uploads\/2024\/07\/svg-hotmeals-thumbnail.jpg\" alt=\"\" width=\"735\" height=\"601\" srcset=\"https:\/\/interamerica.org\/wp-content\/uploads\/2024\/07\/svg-hotmeals-thumbnail.jpg 960w, https:\/\/interamerica.org\/wp-content\/uploads\/2024\/07\/svg-hotmeals-thumbnail-300x245.jpg 300w, https:\/\/interamerica.org\/wp-content\/uploads\/2024\/07\/svg-hotmeals-thumbnail-768x628.jpg 768w\" sizes=\"(max-width: 735px) 100vw, 735px\" \/><p id=\"caption-attachment-117013\" class=\"wp-caption-text\">Un membre d\u2019\u00e9glise b\u00e9n\u00e9vole sert des repas chauds \u00e0 plus de 150 personnes h\u00e9berg\u00e9es dans les refuges \u00e0 Saint-Vincent. L\u2019\u00c9glise adventiste sert quotidiennement des repas chauds aux dizaines de familles qui ont \u00e9t\u00e9 \u00e9vacu\u00e9es des petites \u00eeles apr\u00e8s que l\u2019Ouragan Beryl ait d\u00e9truit des maisons et des b\u00e2timents au d\u00e9but du mois. [Photo : Mission de Saint-Vincent-et-les Grenadines]<\/p><\/div><em>Des repas chauds et des colis alimentaires sont distribu\u00e9s quotidiennement \u00e0 Saint-Vincent-et-les Grenadines.\u00a0<\/em><\/p>\n<p>17 Juillet 2024 | Saint-Vincent | Royston Philbert et Actualit\u00e9s de la Division Inter Am\u00e9ricaine<\/p>\n<p>Les adventistes du septi\u00e8me jour \u00e0 Saint-Vincent sont pass\u00e9s \u00e0 l\u2019action pour aider des dizaines de familles d\u00e9plac\u00e9es suite aux d\u00e9g\u00e2ts caus\u00e9s par l\u2019Ouragan Beryl. L\u2019ouragan de cat\u00e9gorie quatre a travers\u00e9 plusieurs \u00eeles de la Cara\u00efbe au d\u00e9but du mois.<\/p>\n<p>Les services communautaires et l\u2019Agence Adventiste de Secours et de D\u00e9veloppement (ADRA) \u00e0 Saint-Vincent se sont associ\u00e9s pour offrir 150 repas chauds chaque jour \u00e0 des dizaines de familles h\u00e9berg\u00e9es dans des refuges, ont indiqu\u00e9 les dirigeants de l\u2019\u00e9glise. Il y a six refuges \u00e0 Saint-Vincent.<\/p>\n<p><div id=\"attachment_117007\" style=\"width: 738px\" class=\"wp-caption aligncenter\"><img decoding=\"async\" aria-describedby=\"caption-attachment-117007\" class=\" wp-image-117006\" src=\"https:\/\/interamerica.org\/wp-content\/uploads\/2024\/07\/svg-meals-packaging.jpg\" alt=\"\" width=\"728\" height=\"480\" srcset=\"https:\/\/interamerica.org\/wp-content\/uploads\/2024\/07\/svg-meals-packaging.jpg 1024w, https:\/\/interamerica.org\/wp-content\/uploads\/2024\/07\/svg-meals-packaging-300x198.jpg 300w, https:\/\/interamerica.org\/wp-content\/uploads\/2024\/07\/svg-meals-packaging-768x506.jpg 768w\" sizes=\"(max-width: 728px) 100vw, 728px\" \/><p id=\"caption-attachment-117007\" class=\"wp-caption-text\">Les membres emballent des repas pour la distribution dans six refuges \u00e0 Saint-Vincent. [Photo : Mission de Saint-Vincent-et-les Grenadines]<\/p><\/div>De plus, les membres d\u2019\u00e9glise ont pr\u00e9par\u00e9 des colis alimentaires et les ont distribu\u00e9s \u00e0 des dizaines de personnes qui ont \u00e9t\u00e9 touch\u00e9es dans les \u00eeles du sud.<\/p>\n<p>Le Premier Ministre de Saint-Vincent-et-les Grenadines, Ralph Gonsalves, a d\u00e9clar\u00e9 que 90 pour cent des maisons sur l\u2019ile d\u2019Union avaient \u00e9t\u00e9 d\u00e9truites et qu\u2019on retrouve \u00ab des niveaux de d\u00e9vastation similaires \u00bb sur les \u00eeles de Myreau et de Canouan.<\/p>\n<p>Le 4 Juillet, les dirigeants de l\u2019\u00c9glise se sont rendus sur plusieurs \u00eeles afin d\u2019\u00e9valuer les besoins des membres et d\u2019intervenir aupr\u00e8s d\u2019eux.<\/p>\n<p><div id=\"attachment_117004\" style=\"width: 767px\" class=\"wp-caption aligncenter\"><img decoding=\"async\" aria-describedby=\"caption-attachment-117004\" class=\" wp-image-117003\" src=\"https:\/\/interamerica.org\/wp-content\/uploads\/2024\/07\/svg-canouan-sda-church.jpg\" alt=\"\" width=\"757\" height=\"568\" srcset=\"https:\/\/interamerica.org\/wp-content\/uploads\/2024\/07\/svg-canouan-sda-church.jpg 950w, https:\/\/interamerica.org\/wp-content\/uploads\/2024\/07\/svg-canouan-sda-church-300x225.jpg 300w, https:\/\/interamerica.org\/wp-content\/uploads\/2024\/07\/svg-canouan-sda-church-768x576.jpg 768w\" sizes=\"(max-width: 757px) 100vw, 757px\" \/><p id=\"caption-attachment-117004\" class=\"wp-caption-text\">L\u2019\u00e9glise adventiste sur l\u2019\u00eele de Canouan, une \u00eele qui fait partie de Saint-Vincent-et-les Grenadines, a subi d\u2019importants d\u00e9g\u00e2ts caus\u00e9s par l\u2019Ouragan Beryl. [Photo : Mission de Saint-Vincent-et-les Grenadines]<\/p><\/div>\u00ab Vous regardez tout cela et vous demandez par o\u00f9 commencer ? O\u00f9 reconstruire ? Quand sera-t-il possible pour eux [les insulaires] de reprendre le cours de leur vie ? a d\u00e9clar\u00e9 le pasteur Henry Snagg, pr\u00e9sident de la Mission de Saint-Vincent-et-les Grenadines lors de sa visite \u00e0 l\u2019ile d\u2019Union. Pasteur Snagg, originaire de l\u2019ile d\u2019Union, a voyag\u00e9 avec d\u2019autres administrateurs et ils ont pu voir des poteaux \u00e9lectriques tomb\u00e9s, des b\u00e2timents en acier d\u00e9form\u00e9s, des entreprises et des \u00e9glises d\u00e9truites, des quartiers ras\u00e9s et des d\u00e9bris partout.<\/p>\n<p>L\u2019\u00e9glise adventiste sur l\u2019Ile d\u2019Union a subi d\u2019importants d\u00e9g\u00e2ts, ont rapport\u00e9 les dirigeants de l\u2019\u00e9glise. \u00ab L\u2019\u00e9glise pourrait avoir besoin d\u2019une reconstruction compl\u00e8te, \u00bb a d\u00e9clar\u00e9 le pasteur Chan Nichols, directeur de la communication de la Mission de Saint-Vincent.<\/p>\n<p>Le Cyclone Beryl a touch\u00e9 l\u2019ensemble des membres, a d\u00e9clar\u00e9 pasteur Snagg. Les entreprises appartenant aux membres, notamment celles du secteur de la p\u00eache, ont \u00e9galement \u00e9t\u00e9 endommag\u00e9es. \u00ab Il semble difficile et compliqu\u00e9 pour eux de survivre dans le futur, car beaucoup sont des chefs d\u2019entreprises priv\u00e9es qui servaient dans le secteur touristique qui a \u00e9t\u00e9 d\u00e9truit, \u00bb a-t-il ajout\u00e9.<\/p>\n<p><div id=\"attachment_117001\" style=\"width: 798px\" class=\"wp-caption aligncenter\"><img loading=\"lazy\" decoding=\"async\" aria-describedby=\"caption-attachment-117001\" class=\" wp-image-117000\" src=\"https:\/\/interamerica.org\/wp-content\/uploads\/2024\/07\/svg-cauocan-preschool.jpg\" alt=\"\" width=\"788\" height=\"483\" srcset=\"https:\/\/interamerica.org\/wp-content\/uploads\/2024\/07\/svg-cauocan-preschool.jpg 1000w, https:\/\/interamerica.org\/wp-content\/uploads\/2024\/07\/svg-cauocan-preschool-300x184.jpg 300w, https:\/\/interamerica.org\/wp-content\/uploads\/2024\/07\/svg-cauocan-preschool-768x471.jpg 768w\" sizes=\"(max-width: 788px) 100vw, 788px\" \/><p id=\"caption-attachment-117001\" class=\"wp-caption-text\">L\u2019\u00e9cole maternelle situ\u00e9e derri\u00e8re l\u2019\u00e9glise adventiste de Canouan a \u00e9galement subi des d\u00e9g\u00e2ts d\u00fbs \u00e0 l\u2019ouragan. [Photo : Mission de Saint-Vincent-et-les Grenadines]<\/p><\/div>L\u2019objectif du voyage n\u2019\u00e9tait pas seulement d\u2019\u00e9valuer les d\u00e9g\u00e2ts caus\u00e9s par l\u2019ouragan, a d\u00e9clar\u00e9 pasteur Snagg. \u00ab Il \u00e9tait bien plus urgent de rencontrer les membres d\u2019\u00e9glise et de voir leur grande foi en Dieu, et comprendre comment Dieu les a sauv\u00e9s apr\u00e8s qu\u2019ils aient pri\u00e9 pour leur protection. \u00bb<\/p>\n<p>Bien que l\u2019Organisation Nationale de Gestion des Urgences (NEMO) ait tent\u00e9 de convaincre les gens de quitter l\u2019\u00eele, de nombreux habitants, en particulier dans le village d\u2019Ashton, ont choisi de rester pour s\u00e9curiser leurs propri\u00e9t\u00e9s et endurer le processus de reconstruction, a expliqu\u00e9 le pasteur Kenan Cain, pasteur de l\u2019\u00e9glise adventiste sur l\u2019Ile d\u2019Union. Des membres d\u2019\u00e9glise font partie de ceux qui sont rest\u00e9s, a-t-il d\u00e9clar\u00e9.<\/p>\n<p>Les membres ont donn\u00e9 b\u00e9n\u00e9volement de leur temps, un g\u00e9n\u00e9rateur et des appareils de cuisine pour lancer le projet.<\/p>\n<p><div id=\"attachment_117010\" style=\"width: 757px\" class=\"wp-caption aligncenter\"><img loading=\"lazy\" decoding=\"async\" aria-describedby=\"caption-attachment-117010\" class=\" wp-image-117009\" src=\"https:\/\/interamerica.org\/wp-content\/uploads\/2024\/07\/svg-shelter-visit.jpg\" alt=\"\" width=\"747\" height=\"670\" srcset=\"https:\/\/interamerica.org\/wp-content\/uploads\/2024\/07\/svg-shelter-visit.jpg 960w, https:\/\/interamerica.org\/wp-content\/uploads\/2024\/07\/svg-shelter-visit-300x269.jpg 300w, https:\/\/interamerica.org\/wp-content\/uploads\/2024\/07\/svg-shelter-visit-768x689.jpg 768w\" sizes=\"(max-width: 747px) 100vw, 747px\" \/><p id=\"caption-attachment-117010\" class=\"wp-caption-text\">Le pasteur Aldon Ambrose (au centre), secr\u00e9taire de l\u2019association pastorale de la Mission de Saint-Vincent-et-les Grenadines, et son \u00e9pouse Veronica Ambrose, responsable des minist\u00e8res des femmes, des enfants et des adolescents, s\u2019occupent de Franklyn Joseph, un membre d\u2019\u00e9glise qui a d\u00fb \u00e9vacuer l\u2019Ile d\u2019Union pour \u00eatre h\u00e9berg\u00e9 dans un refuge \u00e0 Saint-Vincent. [Photo : Mission de Saint-Vincent-et-les Grenadines]<\/p><\/div>Susan Charles, premi\u00e8re ancienne de l\u2019\u00e9glise sur l\u2019Ile d\u2019Union, a propos\u00e9 sa maison pour servir de centre d\u2019op\u00e9rations tandis que Fitzgerald Hutchinson, un membre d\u2019\u00e9glise, a ouvert sa maison pour accueillir des services de culte.<\/p>\n<p>\u00ab Il \u00e9tait essentiel d\u2019\u00e9tablir un centre g\u00e9r\u00e9 par un repr\u00e9sentant d\u2019ADRA pour r\u00e9pondre aux besoins des membres d\u2019\u00e9glise et de la communaut\u00e9 qui restent, \u00bb a expliqu\u00e9 le pasteur Cain.<\/p>\n<p>Pasteur Aldon Ambrose, secr\u00e9taire de l\u2019association pastorale de la Mission de Saint-Vincent-et-les Grenadines, a d\u00e9clar\u00e9 que lui et Veronica Ambrose, directrice des minist\u00e8res des femmes, des enfants et des adolescents, avaient aid\u00e9 en proposant de la relation d\u2019aide aux familles d\u00e9plac\u00e9es dans les refuges.<\/p>\n<p><div id=\"attachment_117028\" style=\"width: 769px\" class=\"wp-caption aligncenter\"><img loading=\"lazy\" decoding=\"async\" aria-describedby=\"caption-attachment-117028\" class=\" wp-image-117027\" src=\"https:\/\/interamerica.org\/wp-content\/uploads\/2024\/07\/svg-union-island-home-franklyn.jpg\" alt=\"\" width=\"759\" height=\"427\" srcset=\"https:\/\/interamerica.org\/wp-content\/uploads\/2024\/07\/svg-union-island-home-franklyn.jpg 1000w, https:\/\/interamerica.org\/wp-content\/uploads\/2024\/07\/svg-union-island-home-franklyn-300x169.jpg 300w, https:\/\/interamerica.org\/wp-content\/uploads\/2024\/07\/svg-union-island-home-franklyn-768x432.jpg 768w\" sizes=\"(max-width: 759px) 100vw, 759px\" \/><p id=\"caption-attachment-117028\" class=\"wp-caption-text\">La maison de Joseph Franklyn, un adventiste du septi\u00e8me jour, qui a surv\u00e9cu sur l\u2019Ile d\u2019Union apr\u00e8s que l\u2019Ouragan Beryl ait d\u00e9truit les maisons autour de lui et dans les Iles Grenadines au d\u00e9but du mois. [Photo : avec l\u2019aimable autorisation de Thalia Parker-Baptiste]<\/p><\/div>Franklyn Joseph fait partie de ceux qui ont \u00e9t\u00e9 h\u00e9berg\u00e9s dans un refuge \u00e0 Saint-Vincent apr\u00e8s avoir \u00e9vacu\u00e9 son domicile sur l\u2019Ile d\u2019Union une fois l\u2019ouragan pass\u00e9. Miraculeusement, sa maison, qui a \u00e9t\u00e9 construite l\u00e0-bas par l\u2019\u00c9glise adventiste du septi\u00e8me jour, n\u2019a subi aucun dommage contrairement au reste de son quartier, ont indiqu\u00e9 les dirigeants de l\u2019\u00e9glise. Franklyn, 60 ans, devra rester \u00e0 Saint-Vincent pour le moment.<\/p>\n<p>Les dirigeants de l\u2019\u00c9glise \u00e0 Saint-Vincent prennent des dispositions pour qu\u2019un groupe de pasteurs puisse r\u00e9pondre aux besoins de la population dans les jours et les semaines \u00e0 venir.<\/p>\n<p>Le bureau ADRA de l\u2019Union de F\u00e9d\u00e9rations de la Cara\u00efbes continuera d\u2019\u00e9valuer les besoins urgents sur les \u00eeles et de donner conseils et assistance suite au passage de l\u2019Ouragan Beryl, a d\u00e9clar\u00e9 Isaac Alexander, directeur d\u2019ADRA de l\u2019Union de la Cara\u00efbe.<\/p>\n<p>Traduction: Patrick Luciathe<\/p>\n","protected":false},"excerpt":{"rendered":"<p>Des repas chauds et des colis alimentaires sont distribu\u00e9s quotidiennement \u00e0 Saint-Vincent-et-les Grenadines.\u00a0 17 Juillet 2024 | Saint-Vincent | Royston Philbert et Actualit\u00e9s de la Division Inter Am\u00e9ricaine Les adventistes&#8230;<\/p>\n","protected":false},"author":3,"featured_media":117013,"comment_status":"closed","ping_status":"closed","sticky":false,"template":"","format":"standard","meta":{"_acf_changed":false,"footnotes":""},"categories":[21,19],"tags":[],"class_list":["post-117123","post","type-post","status-publish","format-standard","has-post-thumbnail","hentry","category-nouvelles-du-territoire","category-rss-francais"],"acf":[],"yoast_head":"<!-- This site is optimized with the Yoast SEO plugin v27.3 - https:\/\/yoast.com\/product\/yoast-seo-wordpress\/ -->\n<title>A Saint-Vincent, les adventistes offrent des repas dans des abris apr\u00e8s la destruction caus\u00e9e par l\u2019Ouragan Beryl - \u00c9glise Adventiste Du Septieme Jour - Inter Am\u00e9rique Division<\/title>\n<meta name=\"robots\" content=\"index, follow, max-snippet:-1, max-image-preview:large, max-video-preview:-1\" \/>\n<link rel=\"canonical\" href=\"https:\/\/interamerica.org\/fr\/2024\/07\/a-saint-vincent-les-adventistes-offrent-des-repas-dans-des-abris-apres-la-destruction-causee-par-louragan-beryl\/\" \/>\n<meta property=\"og:locale\" content=\"fr_FR\" \/>\n<meta property=\"og:type\" content=\"article\" \/>\n<meta property=\"og:title\" content=\"A Saint-Vincent, les adventistes offrent des repas dans des abris apr\u00e8s la destruction caus\u00e9e par l\u2019Ouragan Beryl - \u00c9glise Adventiste Du Septieme Jour - Inter Am\u00e9rique Division\" \/>\n<meta property=\"og:description\" content=\"Des repas chauds et des colis alimentaires sont distribu\u00e9s quotidiennement \u00e0 Saint-Vincent-et-les Grenadines.\u00a0 17 Juillet 2024 | Saint-Vincent | Royston Philbert et Actualit\u00e9s de la Division Inter Am\u00e9ricaine Les adventistes...\" \/>\n<meta property=\"og:url\" content=\"https:\/\/interamerica.org\/fr\/2024\/07\/a-saint-vincent-les-adventistes-offrent-des-repas-dans-des-abris-apres-la-destruction-causee-par-louragan-beryl\/\" \/>\n<meta property=\"og:site_name\" content=\"\u00c9glise Adventiste Du Septieme Jour - Inter Am\u00e9rique Division\" \/>\n<meta property=\"article:published_time\" content=\"2024-07-17T19:32:39+00:00\" \/>\n<meta property=\"article:modified_time\" content=\"2024-07-19T07:25:45+00:00\" \/>\n<meta property=\"og:image\" content=\"https:\/\/interamerica.org\/wp-content\/uploads\/2024\/07\/svg-hotmeals-thumbnail.jpg\" \/>\n\t<meta property=\"og:image:width\" content=\"960\" \/>\n\t<meta property=\"og:image:height\" content=\"785\" \/>\n\t<meta property=\"og:image:type\" content=\"image\/jpeg\" \/>\n<meta name=\"author\" content=\"libna\" \/>\n<meta name=\"twitter:card\" content=\"summary_large_image\" \/>\n<meta name=\"twitter:label1\" content=\"\u00c9crit par\" \/>\n\t<meta name=\"twitter:data1\" content=\"libna\" \/>\n\t<meta name=\"twitter:label2\" content=\"Dur\u00e9e de lecture estim\u00e9e\" \/>\n\t<meta name=\"twitter:data2\" content=\"6 minutes\" \/>\n<script type=\"application\/ld+json\" class=\"yoast-schema-graph\">{\"@context\":\"https:\\\/\\\/schema.org\",\"@graph\":[{\"@type\":\"Article\",\"@id\":\"https:\\\/\\\/interamerica.org\\\/fr\\\/2024\\\/07\\\/a-saint-vincent-les-adventistes-offrent-des-repas-dans-des-abris-apres-la-destruction-causee-par-louragan-beryl\\\/#article\",\"isPartOf\":{\"@id\":\"https:\\\/\\\/interamerica.org\\\/fr\\\/2024\\\/07\\\/a-saint-vincent-les-adventistes-offrent-des-repas-dans-des-abris-apres-la-destruction-causee-par-louragan-beryl\\\/\"},\"author\":{\"name\":\"libna\",\"@id\":\"https:\\\/\\\/interamerica.org\\\/fr\\\/#\\\/schema\\\/person\\\/29998f2bc2d8bd0d38662909289b54f1\"},\"headline\":\"A Saint-Vincent, les adventistes offrent des repas dans des abris apr\u00e8s la destruction caus\u00e9e par l\u2019Ouragan Beryl\",\"datePublished\":\"2024-07-17T19:32:39+00:00\",\"dateModified\":\"2024-07-19T07:25:45+00:00\",\"mainEntityOfPage\":{\"@id\":\"https:\\\/\\\/interamerica.org\\\/fr\\\/2024\\\/07\\\/a-saint-vincent-les-adventistes-offrent-des-repas-dans-des-abris-apres-la-destruction-causee-par-louragan-beryl\\\/\"},\"wordCount\":1208,\"image\":{\"@id\":\"https:\\\/\\\/interamerica.org\\\/fr\\\/2024\\\/07\\\/a-saint-vincent-les-adventistes-offrent-des-repas-dans-des-abris-apres-la-destruction-causee-par-louragan-beryl\\\/#primaryimage\"},\"thumbnailUrl\":\"https:\\\/\\\/interamerica.org\\\/wp-content\\\/uploads\\\/2024\\\/07\\\/svg-hotmeals-thumbnail.jpg\",\"articleSection\":[\"Nouvelles du territoire\",\"RSS Fran\u00e7ais\"],\"inLanguage\":\"fr-FR\"},{\"@type\":\"WebPage\",\"@id\":\"https:\\\/\\\/interamerica.org\\\/fr\\\/2024\\\/07\\\/a-saint-vincent-les-adventistes-offrent-des-repas-dans-des-abris-apres-la-destruction-causee-par-louragan-beryl\\\/\",\"url\":\"https:\\\/\\\/interamerica.org\\\/fr\\\/2024\\\/07\\\/a-saint-vincent-les-adventistes-offrent-des-repas-dans-des-abris-apres-la-destruction-causee-par-louragan-beryl\\\/\",\"name\":\"A Saint-Vincent, les adventistes offrent des repas dans des abris apr\u00e8s la destruction caus\u00e9e par l\u2019Ouragan Beryl - \u00c9glise Adventiste Du Septieme Jour - Inter Am\u00e9rique Division\",\"isPartOf\":{\"@id\":\"https:\\\/\\\/interamerica.org\\\/fr\\\/#website\"},\"primaryImageOfPage\":{\"@id\":\"https:\\\/\\\/interamerica.org\\\/fr\\\/2024\\\/07\\\/a-saint-vincent-les-adventistes-offrent-des-repas-dans-des-abris-apres-la-destruction-causee-par-louragan-beryl\\\/#primaryimage\"},\"image\":{\"@id\":\"https:\\\/\\\/interamerica.org\\\/fr\\\/2024\\\/07\\\/a-saint-vincent-les-adventistes-offrent-des-repas-dans-des-abris-apres-la-destruction-causee-par-louragan-beryl\\\/#primaryimage\"},\"thumbnailUrl\":\"https:\\\/\\\/interamerica.org\\\/wp-content\\\/uploads\\\/2024\\\/07\\\/svg-hotmeals-thumbnail.jpg\",\"datePublished\":\"2024-07-17T19:32:39+00:00\",\"dateModified\":\"2024-07-19T07:25:45+00:00\",\"author\":{\"@id\":\"https:\\\/\\\/interamerica.org\\\/fr\\\/#\\\/schema\\\/person\\\/29998f2bc2d8bd0d38662909289b54f1\"},\"breadcrumb\":{\"@id\":\"https:\\\/\\\/interamerica.org\\\/fr\\\/2024\\\/07\\\/a-saint-vincent-les-adventistes-offrent-des-repas-dans-des-abris-apres-la-destruction-causee-par-louragan-beryl\\\/#breadcrumb\"},\"inLanguage\":\"fr-FR\",\"potentialAction\":[{\"@type\":\"ReadAction\",\"target\":[\"https:\\\/\\\/interamerica.org\\\/fr\\\/2024\\\/07\\\/a-saint-vincent-les-adventistes-offrent-des-repas-dans-des-abris-apres-la-destruction-causee-par-louragan-beryl\\\/\"]}]},{\"@type\":\"ImageObject\",\"inLanguage\":\"fr-FR\",\"@id\":\"https:\\\/\\\/interamerica.org\\\/fr\\\/2024\\\/07\\\/a-saint-vincent-les-adventistes-offrent-des-repas-dans-des-abris-apres-la-destruction-causee-par-louragan-beryl\\\/#primaryimage\",\"url\":\"https:\\\/\\\/interamerica.org\\\/wp-content\\\/uploads\\\/2024\\\/07\\\/svg-hotmeals-thumbnail.jpg\",\"contentUrl\":\"https:\\\/\\\/interamerica.org\\\/wp-content\\\/uploads\\\/2024\\\/07\\\/svg-hotmeals-thumbnail.jpg\",\"width\":960,\"height\":785,\"caption\":\"A church member volunteer serves hot meals for more than 150 people staying at shelters in St. Vincent. [Photo: St. Vincent and the Grenadines Mission]\"},{\"@type\":\"BreadcrumbList\",\"@id\":\"https:\\\/\\\/interamerica.org\\\/fr\\\/2024\\\/07\\\/a-saint-vincent-les-adventistes-offrent-des-repas-dans-des-abris-apres-la-destruction-causee-par-louragan-beryl\\\/#breadcrumb\",\"itemListElement\":[{\"@type\":\"ListItem\",\"position\":1,\"name\":\"Home\",\"item\":\"https:\\\/\\\/interamerica.org\\\/fr\\\/\"},{\"@type\":\"ListItem\",\"position\":2,\"name\":\"A Saint-Vincent, les adventistes offrent des repas dans des abris apr\u00e8s la destruction caus\u00e9e par l\u2019Ouragan Beryl\"}]},{\"@type\":\"WebSite\",\"@id\":\"https:\\\/\\\/interamerica.org\\\/fr\\\/#website\",\"url\":\"https:\\\/\\\/interamerica.org\\\/fr\\\/\",\"name\":\"\u00c9glise Adventiste Du Septieme Jour - Inter Am\u00e9rique Division\",\"description\":\"\",\"potentialAction\":[{\"@type\":\"SearchAction\",\"target\":{\"@type\":\"EntryPoint\",\"urlTemplate\":\"https:\\\/\\\/interamerica.org\\\/fr\\\/?s={search_term_string}\"},\"query-input\":{\"@type\":\"PropertyValueSpecification\",\"valueRequired\":true,\"valueName\":\"search_term_string\"}}],\"inLanguage\":\"fr-FR\"},{\"@type\":\"Person\",\"@id\":\"https:\\\/\\\/interamerica.org\\\/fr\\\/#\\\/schema\\\/person\\\/29998f2bc2d8bd0d38662909289b54f1\",\"name\":\"libna\",\"image\":{\"@type\":\"ImageObject\",\"inLanguage\":\"fr-FR\",\"@id\":\"https:\\\/\\\/secure.gravatar.com\\\/avatar\\\/7c5bd30ae4b47a9ba3c856590957fd1d96dc588bf3ac05719d247e126840331f?s=96&d=mm&r=g\",\"url\":\"https:\\\/\\\/secure.gravatar.com\\\/avatar\\\/7c5bd30ae4b47a9ba3c856590957fd1d96dc588bf3ac05719d247e126840331f?s=96&d=mm&r=g\",\"contentUrl\":\"https:\\\/\\\/secure.gravatar.com\\\/avatar\\\/7c5bd30ae4b47a9ba3c856590957fd1d96dc588bf3ac05719d247e126840331f?s=96&d=mm&r=g\",\"caption\":\"libna\"}}]}<\/script>\n<!-- \/ Yoast SEO plugin. -->","yoast_head_json":{"title":"A Saint-Vincent, les adventistes offrent des repas dans des abris apr\u00e8s la destruction caus\u00e9e par l\u2019Ouragan Beryl - \u00c9glise Adventiste Du Septieme Jour - Inter Am\u00e9rique Division","robots":{"index":"index","follow":"follow","max-snippet":"max-snippet:-1","max-image-preview":"max-image-preview:large","max-video-preview":"max-video-preview:-1"},"canonical":"https:\/\/interamerica.org\/fr\/2024\/07\/a-saint-vincent-les-adventistes-offrent-des-repas-dans-des-abris-apres-la-destruction-causee-par-louragan-beryl\/","og_locale":"fr_FR","og_type":"article","og_title":"A Saint-Vincent, les adventistes offrent des repas dans des abris apr\u00e8s la destruction caus\u00e9e par l\u2019Ouragan Beryl - \u00c9glise Adventiste Du Septieme Jour - Inter Am\u00e9rique Division","og_description":"Des repas chauds et des colis alimentaires sont distribu\u00e9s quotidiennement \u00e0 Saint-Vincent-et-les Grenadines.\u00a0 17 Juillet 2024 | Saint-Vincent | Royston Philbert et Actualit\u00e9s de la Division Inter Am\u00e9ricaine Les adventistes...","og_url":"https:\/\/interamerica.org\/fr\/2024\/07\/a-saint-vincent-les-adventistes-offrent-des-repas-dans-des-abris-apres-la-destruction-causee-par-louragan-beryl\/","og_site_name":"\u00c9glise Adventiste Du Septieme Jour - Inter Am\u00e9rique Division","article_published_time":"2024-07-17T19:32:39+00:00","article_modified_time":"2024-07-19T07:25:45+00:00","og_image":[{"width":960,"height":785,"url":"https:\/\/interamerica.org\/wp-content\/uploads\/2024\/07\/svg-hotmeals-thumbnail.jpg","type":"image\/jpeg"}],"author":"libna","twitter_card":"summary_large_image","twitter_misc":{"\u00c9crit par":"libna","Dur\u00e9e de lecture estim\u00e9e":"6 minutes"},"schema":{"@context":"https:\/\/schema.org","@graph":[{"@type":"Article","@id":"https:\/\/interamerica.org\/fr\/2024\/07\/a-saint-vincent-les-adventistes-offrent-des-repas-dans-des-abris-apres-la-destruction-causee-par-louragan-beryl\/#article","isPartOf":{"@id":"https:\/\/interamerica.org\/fr\/2024\/07\/a-saint-vincent-les-adventistes-offrent-des-repas-dans-des-abris-apres-la-destruction-causee-par-louragan-beryl\/"},"author":{"name":"libna","@id":"https:\/\/interamerica.org\/fr\/#\/schema\/person\/29998f2bc2d8bd0d38662909289b54f1"},"headline":"A Saint-Vincent, les adventistes offrent des repas dans des abris apr\u00e8s la destruction caus\u00e9e par l\u2019Ouragan Beryl","datePublished":"2024-07-17T19:32:39+00:00","dateModified":"2024-07-19T07:25:45+00:00","mainEntityOfPage":{"@id":"https:\/\/interamerica.org\/fr\/2024\/07\/a-saint-vincent-les-adventistes-offrent-des-repas-dans-des-abris-apres-la-destruction-causee-par-louragan-beryl\/"},"wordCount":1208,"image":{"@id":"https:\/\/interamerica.org\/fr\/2024\/07\/a-saint-vincent-les-adventistes-offrent-des-repas-dans-des-abris-apres-la-destruction-causee-par-louragan-beryl\/#primaryimage"},"thumbnailUrl":"https:\/\/interamerica.org\/wp-content\/uploads\/2024\/07\/svg-hotmeals-thumbnail.jpg","articleSection":["Nouvelles du territoire","RSS Fran\u00e7ais"],"inLanguage":"fr-FR"},{"@type":"WebPage","@id":"https:\/\/interamerica.org\/fr\/2024\/07\/a-saint-vincent-les-adventistes-offrent-des-repas-dans-des-abris-apres-la-destruction-causee-par-louragan-beryl\/","url":"https:\/\/interamerica.org\/fr\/2024\/07\/a-saint-vincent-les-adventistes-offrent-des-repas-dans-des-abris-apres-la-destruction-causee-par-louragan-beryl\/","name":"A Saint-Vincent, les adventistes offrent des repas dans des abris apr\u00e8s la destruction caus\u00e9e par l\u2019Ouragan Beryl - \u00c9glise Adventiste Du Septieme Jour - Inter Am\u00e9rique Division","isPartOf":{"@id":"https:\/\/interamerica.org\/fr\/#website"},"primaryImageOfPage":{"@id":"https:\/\/interamerica.org\/fr\/2024\/07\/a-saint-vincent-les-adventistes-offrent-des-repas-dans-des-abris-apres-la-destruction-causee-par-louragan-beryl\/#primaryimage"},"image":{"@id":"https:\/\/interamerica.org\/fr\/2024\/07\/a-saint-vincent-les-adventistes-offrent-des-repas-dans-des-abris-apres-la-destruction-causee-par-louragan-beryl\/#primaryimage"},"thumbnailUrl":"https:\/\/interamerica.org\/wp-content\/uploads\/2024\/07\/svg-hotmeals-thumbnail.jpg","datePublished":"2024-07-17T19:32:39+00:00","dateModified":"2024-07-19T07:25:45+00:00","author":{"@id":"https:\/\/interamerica.org\/fr\/#\/schema\/person\/29998f2bc2d8bd0d38662909289b54f1"},"breadcrumb":{"@id":"https:\/\/interamerica.org\/fr\/2024\/07\/a-saint-vincent-les-adventistes-offrent-des-repas-dans-des-abris-apres-la-destruction-causee-par-louragan-beryl\/#breadcrumb"},"inLanguage":"fr-FR","potentialAction":[{"@type":"ReadAction","target":["https:\/\/interamerica.org\/fr\/2024\/07\/a-saint-vincent-les-adventistes-offrent-des-repas-dans-des-abris-apres-la-destruction-causee-par-louragan-beryl\/"]}]},{"@type":"ImageObject","inLanguage":"fr-FR","@id":"https:\/\/interamerica.org\/fr\/2024\/07\/a-saint-vincent-les-adventistes-offrent-des-repas-dans-des-abris-apres-la-destruction-causee-par-louragan-beryl\/#primaryimage","url":"https:\/\/interamerica.org\/wp-content\/uploads\/2024\/07\/svg-hotmeals-thumbnail.jpg","contentUrl":"https:\/\/interamerica.org\/wp-content\/uploads\/2024\/07\/svg-hotmeals-thumbnail.jpg","width":960,"height":785,"caption":"A church member volunteer serves hot meals for more than 150 people staying at shelters in St. Vincent. [Photo: St. Vincent and the Grenadines Mission]"},{"@type":"BreadcrumbList","@id":"https:\/\/interamerica.org\/fr\/2024\/07\/a-saint-vincent-les-adventistes-offrent-des-repas-dans-des-abris-apres-la-destruction-causee-par-louragan-beryl\/#breadcrumb","itemListElement":[{"@type":"ListItem","position":1,"name":"Home","item":"https:\/\/interamerica.org\/fr\/"},{"@type":"ListItem","position":2,"name":"A Saint-Vincent, les adventistes offrent des repas dans des abris apr\u00e8s la destruction caus\u00e9e par l\u2019Ouragan Beryl"}]},{"@type":"WebSite","@id":"https:\/\/interamerica.org\/fr\/#website","url":"https:\/\/interamerica.org\/fr\/","name":"\u00c9glise Adventiste Du Septieme Jour - Inter Am\u00e9rique Division","description":"","potentialAction":[{"@type":"SearchAction","target":{"@type":"EntryPoint","urlTemplate":"https:\/\/interamerica.org\/fr\/?s={search_term_string}"},"query-input":{"@type":"PropertyValueSpecification","valueRequired":true,"valueName":"search_term_string"}}],"inLanguage":"fr-FR"},{"@type":"Person","@id":"https:\/\/interamerica.org\/fr\/#\/schema\/person\/29998f2bc2d8bd0d38662909289b54f1","name":"libna","image":{"@type":"ImageObject","inLanguage":"fr-FR","@id":"https:\/\/secure.gravatar.com\/avatar\/7c5bd30ae4b47a9ba3c856590957fd1d96dc588bf3ac05719d247e126840331f?s=96&d=mm&r=g","url":"https:\/\/secure.gravatar.com\/avatar\/7c5bd30ae4b47a9ba3c856590957fd1d96dc588bf3ac05719d247e126840331f?s=96&d=mm&r=g","contentUrl":"https:\/\/secure.gravatar.com\/avatar\/7c5bd30ae4b47a9ba3c856590957fd1d96dc588bf3ac05719d247e126840331f?s=96&d=mm&r=g","caption":"libna"}}]}},"_links":{"self":[{"href":"https:\/\/interamerica.org\/fr\/wp-json\/wp\/v2\/posts\/117123","targetHints":{"allow":["GET"]}}],"collection":[{"href":"https:\/\/interamerica.org\/fr\/wp-json\/wp\/v2\/posts"}],"about":[{"href":"https:\/\/interamerica.org\/fr\/wp-json\/wp\/v2\/types\/post"}],"author":[{"embeddable":true,"href":"https:\/\/interamerica.org\/fr\/wp-json\/wp\/v2\/users\/3"}],"replies":[{"embeddable":true,"href":"https:\/\/interamerica.org\/fr\/wp-json\/wp\/v2\/comments?post=117123"}],"version-history":[{"count":0,"href":"https:\/\/interamerica.org\/fr\/wp-json\/wp\/v2\/posts\/117123\/revisions"}],"wp:featuredmedia":[{"embeddable":true,"href":"https:\/\/interamerica.org\/fr\/wp-json\/wp\/v2\/media\/117013"}],"wp:attachment":[{"href":"https:\/\/interamerica.org\/fr\/wp-json\/wp\/v2\/media?parent=117123"}],"wp:term":[{"taxonomy":"category","embeddable":true,"href":"https:\/\/interamerica.org\/fr\/wp-json\/wp\/v2\/categories?post=117123"},{"taxonomy":"post_tag","embeddable":true,"href":"https:\/\/interamerica.org\/fr\/wp-json\/wp\/v2\/tags?post=117123"}],"curies":[{"name":"wp","href":"https:\/\/api.w.org\/{rel}","templated":true}]}}