{"id":117175,"date":"2024-07-17T14:12:14","date_gmt":"2024-07-17T18:12:14","guid":{"rendered":"https:\/\/interamerica.org\/?p=117175"},"modified":"2024-07-23T08:33:16","modified_gmt":"2024-07-23T12:33:16","slug":"leglise-adventiste-du-septieme-jour-en-irak-celebre-son-centieme-anniversaire","status":"publish","type":"post","link":"https:\/\/interamerica.org\/fr\/2024\/07\/leglise-adventiste-du-septieme-jour-en-irak-celebre-son-centieme-anniversaire\/","title":{"rendered":"L\u2019\u00c9glise adventiste du septi\u00e8me jour en Irak c\u00e9l\u00e8bre son centi\u00e8me anniversaire"},"content":{"rendered":"<p><i><span style=\"font-weight: 400;\">Les dirigeants du pays ont confirm\u00e9 aux adventistes leur engagement en mati\u00e8re de libert\u00e9 religieuse.<\/span><\/i><\/p>\n<p class=\"c-post-header__subtitle\"><span style=\"font-weight: 400;\">Le 17 juillet 2024 | Union de missions du Moyen-Orient et de l\u2019Afrique du Nord et <\/span><i><span style=\"font-weight: 400;\">Adventist Review<\/span><\/i><\/p>\n<p><span style=\"font-weight: 400;\">Le dimanche 12 mai dernier, l\u2019\u00c9glise adventiste du septi\u00e8me jour en Irak a marqu\u00e9 son centi\u00e8me anniversaire par une c\u00e9l\u00e9bration sp\u00e9ciale \u00e0 Erbil, au Kurdistan. Des repr\u00e9sentants gouvernementaux, des responsables de l\u2019\u00c9glise et des membres de diverses d\u00e9nominations \u00e9taient pr\u00e9sents \u00e0 l\u2019\u00e9v\u00e9nement. Alors que les principales c\u00e9l\u00e9brations ont eu lieu \u00e0 Erbil, d\u2019importantes r\u00e9unions avec le gouvernement ont \u00e9t\u00e9 tenues \u00e0 Bagdad.<\/span><\/p>\n<p><span style=\"font-weight: 400;\">Parmi les invit\u00e9s \u00e9minents, il y avait Pshtiwan Sadq, ministre des Habous et des Affaires religieuses du gouvernement r\u00e9gional du Kurdistan; Attila Toth, avocat de la Hongrie au Kurdistan; Razmek Moradian, ancien directeur d\u2019Ishtar TV; et Akad Yousif, membre du \u00ab\u00a0Club de la soci\u00e9t\u00e9 acad\u00e9mique\u00a0\u00bb d\u2019Erbil. Des dirigeants de l\u2019\u00c9glise \u00e9taient \u00e9galement pr\u00e9sents, notamment Magdiel P\u00e9rez Schulz, adjoint du pr\u00e9sident de la Conf\u00e9rence g\u00e9n\u00e9rale (CG); Elbert Kuhn, adjoint du secr\u00e9taire de la CG, Germ\u00e1n Lust, adjoint du tr\u00e9sorier de la CG; Rick McEdward, pr\u00e9sident de l\u2019Union de missions du Moyen-Orient et de l\u2019Afrique du Nord; Darron Boyd, pr\u00e9sident de la r\u00e9gion de l\u2019est de la M\u00e9diterran\u00e9e; et George Yousif, pr\u00e9sident de l\u2019association juridique de l\u2019\u00c9glise adventiste du septi\u00e8me jour en Irak.<\/span><\/p>\n<p><div id=\"attachment_117228\" style=\"width: 829px\" class=\"wp-caption aligncenter\"><img fetchpriority=\"high\" decoding=\"async\" aria-describedby=\"caption-attachment-117228\" class=\" wp-image-117228\" src=\"https:\/\/interamerica.org\/wp-content\/uploads\/2024\/07\/meeting-with-prime-minister-600x0-c-default.jpg\" alt=\"\" width=\"819\" height=\"483\" srcset=\"https:\/\/interamerica.org\/wp-content\/uploads\/2024\/07\/meeting-with-prime-minister-600x0-c-default.jpg 600w, https:\/\/interamerica.org\/wp-content\/uploads\/2024\/07\/meeting-with-prime-minister-600x0-c-default-300x177.jpg 300w\" sizes=\"(max-width: 819px) 100vw, 819px\" \/><p id=\"caption-attachment-117228\" class=\"wp-caption-text\"><span class=\"Y2IQFc\" lang=\"fr\">Dans le cadre des c\u00e9l\u00e9brations du centenaire de l\u2019\u00c9glise adventiste du septi\u00e8me jour en Irak, les dirigeants de l\u2019\u00c9glise ont rencontr\u00e9 le Dr Rami Joseph Aghajan, chef du bureau des dotations chr\u00e9tiennes, y\u00e9zidies et sab\u00e9ennes-mand\u00e9ennes en Irak. [Photo\u00a0: Bureau des dotations pour les chr\u00e9tiens , Y\u00e9zidis et Sabo-Mand\u00e9ens].<\/span><\/p><\/div><span style=\"font-weight: 400;\">La c\u00e9l\u00e9bration a commenc\u00e9 par une pri\u00e8re sinc\u00e8re de cons\u00e9cration offerte par le pasteur Boyd, qui a exprim\u00e9 sa gratitude envers Dieu pour sa direction au cours du dernier si\u00e8cle, menant l\u2019\u00c9glise \u00e0 devenir ce qu\u2019elle est aujourd\u2019hui.<\/span><\/p>\n<p><span style=\"font-weight: 400;\">Dans un message vid\u00e9o, Ted N. C. Wilson, pr\u00e9sident de la CG, a, pour sa part, transmis ses f\u00e9licitations et son appr\u00e9ciation. \u00ab\u00a0J\u2019ai le grand plaisir de saluer et de f\u00e9liciter ceux qui sont pr\u00e9sents \u00e0 la c\u00e9l\u00e9bration de ce centi\u00e8me anniversaire de l\u2019\u00c9glise adventiste du septi\u00e8me jour en Irak. Je souhaite particuli\u00e8rement remercier les responsables du gouvernement r\u00e9gional du Kurdistan ainsi que le gouvernement irakien pour leur engagement en mati\u00e8re de libert\u00e9 de religion et d\u2019adoration.<\/span><\/p>\n<p><span style=\"font-weight: 400;\">\u00ab\u00a0Le message de l\u2019\u00c9glise adventiste du septi\u00e8me jour, a-t-il poursuivi, en est un d\u2019amour et de respect de tous les peuples tandis que nous cherchons \u00e0 r\u00e9pandre l\u2019espoir dans un monde vivant d\u2019\u00e9normes difficult\u00e9s. Puisse chacun d\u2019entre vous compter sur le Dieu tout-puissant.\u00a0\u00bb<\/span><\/p>\n<p><span style=\"font-weight: 400;\">Le pasteur Yousif, un dirigeant de l\u2019\u00c9glise en Irak depuis longtemps, a racont\u00e9 certaines des difficult\u00e9s qu\u2019a d\u00fb traverser l\u2019\u00c9glise par le pass\u00e9. \u00ab\u00a0L\u2019\u00c9glise adventiste du septi\u00e8me jour, comme bien d\u2019autres \u00e9glises en Irak, a subi la pers\u00e9cution, les d\u00e9placements et les bombardements. Nous remercions toutefois le Seigneur, car malgr\u00e9 tout cela, les dommages \u00e0 nos b\u00e2timents se sont limit\u00e9s aux pertes mat\u00e9rielles, et personne n\u2019a jamais \u00e9t\u00e9 bless\u00e9. L\u2019\u00c9glise joue un r\u00f4le important dans la soci\u00e9t\u00e9. Elle r\u00e9pand le langage de l\u2019amour, de la paix et de la coexistence.\u00a0\u00bb<\/span><\/p>\n<p><span style=\"font-weight: 400;\">\u00c0 la fin de la c\u00e9l\u00e9bration du centi\u00e8me anniversaire, les repr\u00e9sentants de l\u2019\u00c9glise P\u00e9rez Schulz, Kuhn et Lust ont partag\u00e9 leur vision pour l\u2019\u0153uvre en Irak, offrant des messages d\u2019encouragement aux membres de l\u2019\u00c9glise. M.\u00a0Lust a m\u00e9dit\u00e9 sur l\u2019importance historique de l\u2019\u00c9glise. \u00ab\u00a0Les cent ans de l\u2019\u00c9glise [adventiste] en Irak sont significatifs \u00e9tant donn\u00e9 l\u2019histoire de ce pays. En regardant dans le r\u00e9troviseur, nous pouvons voir la croissance des membres qui, gr\u00e2ce \u00e0 leur exp\u00e9rience et \u00e0 leur r\u00e9silience, sont demeur\u00e9s fermes dans la foi.\u00a0\u00bb<\/span><\/p>\n<p><span style=\"font-weight: 400;\">Le pasteur Kuhn a lanc\u00e9 une invitation \u00e0 ceux qui souhaitent s\u2019impliquer. \u00ab\u00a0Ici, j\u2019ai vu de nombreuses occasions de faire avancer l\u2019\u0153uvre de Dieu dans la r\u00e9gion. Voil\u00e0 pourquoi j\u2019invite tout le monde qui n\u2019a pas encore d\u00e9cid\u00e9 de collaborer avec Dieu dans cette r\u00e9gion. L\u2019\u0153uvre a besoin de vous, le Moyen-Orient a besoin de vous, mais plus important encore, vous avez besoin de cette \u0153uvre.\u00a0\u00bb<\/span><\/p>\n<p><span style=\"font-weight: 400;\">Le pasteur P\u00e9rez Schulz a soulign\u00e9 les sacrifices des premiers disciples. \u00ab\u00a0Avec l\u2019aide de Dieu, ils ont fait l\u2019impossible pour partager le message d\u2019espoir afin qu\u2019\u00e0 l\u2019avenir, il puisse y avoir une place pour adorer le Seigneur ouvertement. Nous devons nous souvenir que Dieu a \u00e9t\u00e9 avec nous par le pass\u00e9, et nous ne craignons rien pour l\u2019avenir. C\u2019est pourquoi nous devons \u00eatre forts et continuer d\u2019avancer d\u2019un pas ferme afin de partager l\u2019\u00c9vangile et de travailler pour le Seigneur.\u00a0\u00bb<\/span><\/p>\n<p><span style=\"font-weight: 400;\">Durant leur visite d\u2019une semaine, les repr\u00e9sentants de l\u2019\u00c9glise ont \u00e9galement pu rencontrer les repr\u00e9sentants gouvernementaux \u00e0 Bagdad. En effet, le 13 mai, l\u2019administration de l\u2019\u00c9glise a rencontr\u00e9 Raad Jabbar Al-Khamisi, sous-secr\u00e9taire administratif et financier, et Khalil Shamo Khedida, directeur g\u00e9n\u00e9ral des Habous du gouvernorat. Rami Aghajan, chef du bureau des Habous pour les religions chr\u00e9tienne, y\u00e9zidie et sab\u00e9iste-mand\u00e9iste, a parl\u00e9 de l\u2019\u00c9glise adventiste \u00e0 Bagdad, qui est ferm\u00e9e depuis des ann\u00e9es. \u00ab\u00a0Nous soutiendrons fermement le maintien de l\u2019ouverture des \u00e9glises et encouragerons la r\u00e9ouverture de celles qui sont ferm\u00e9es.\u00a0\u00bb<\/span><span style=\"font-weight: 400;\">1<\/span><\/p>\n<p><span style=\"font-weight: 400;\">Le lendemain, des r\u00e9unions ont eu lieu avec Mohammed Shia\u2019 Al Sudani, premier ministre irakien, qui a affirm\u00e9 que \u00ab\u00a0le gouvernement voit la diversit\u00e9 comme une force pour la soci\u00e9t\u00e9 irakienne, am\u00e9liorant l\u2019unit\u00e9 et la paix sociale, et est d\u00e9termin\u00e9 \u00e0 la pr\u00e9server.\u00a0\u00bb<\/span><span style=\"font-weight: 400;\">2<\/span><\/p>\n<p><span style=\"font-weight: 400;\">L\u2019\u00c9glise adventiste du septi\u00e8me jour en Irak doit ses origines \u00e0 Bashir Hasso, un jeune pharmacien irakien qui a achet\u00e9 un exemplaire de <\/span><i><span style=\"font-weight: 400;\">Daniel and Revelation<\/span><\/i><span style=\"font-weight: 400;\"> d\u2019un colporteur adventiste du septi\u00e8me jour. Apr\u00e8s avoir \u00e9tudi\u00e9 la Bible avec Walter K. Ising, premier ouvrier \u00e9tranger de l\u2019\u00c9glise adventiste au Liban, M.\u00a0Hasso est rentr\u00e9 en Irak inspir\u00e9 \u00e0 partager le message du salut avec sa famille, formant ainsi le premier mouvement adventiste dans ce pays.\u00a0<\/span><\/p>\n<p><span style=\"font-weight: 400;\">Aujourd\u2019hui, selon les dirigeants de l\u2019\u00c9glise r\u00e9gionale, l\u2019\u00c9glise en Irak, \u00ab\u00a0est compos\u00e9e de membres qui, d\u2019une foi in\u00e9branlable, prient pour un r\u00e9veil dans le Moyen-Orient et pour la protection continue de Dieu tandis qu\u2019ils partagent l\u2019amour que Christ offre \u00e0 chaque personne.\u00a0\u00bb<\/span><\/p>\n<p>Traduction : Marie-Mich\u00e8le Robitaille<\/p>\n<p>__________________________________<\/p>\n<p>1. Du compte Facebook du Diwan des Habous pour les religions chr\u00e9tienne, y\u00e9zidie et sab\u00e9iste-mand\u00e9iste en Irak, <a href=\"https:\/\/www.facebook.com\/story.php?story_fbid=122193370298011732&amp;id=61550351984191&amp;mibextid=qi2Omg&amp;rdid=zh1pVatPOoi67RdH\">https:\/\/www.facebook.com\/story.php?story_fbid=122193370298011732&amp;id=61550351984191&amp;mibextid=qi2Omg&amp;rdid=zh1pVatPOoi67RdH<\/a>.<\/p>\n<p><span style=\"font-weight: 400;\">2. \u201cPM Al-Sudani Announces Plans for Iraqi Diaspora Affairs Directorate\u201d (\u00ab\u00a0Le premier ministre Al-Sudani annonce des plans pour la Direction des affaires relatives \u00e0 la diaspora irakienne\u00a0\u00bb), <\/span><a href=\"https:\/\/shafaq.com\/en\/Iraq\/PM-Al-Sudani-announces-plans-for-Iraqi-diaspora-affairs-directorate\"><span style=\"font-weight: 400;\">https:\/\/shafaq.com\/en\/Iraq\/PM-Al-Sudani-announces-plans-for-Iraqi-diaspora-affairs-directorate<\/span><\/a><span style=\"font-weight: 400;\">.<\/span><\/p>\n","protected":false},"excerpt":{"rendered":"<p>Les dirigeants du pays ont confirm\u00e9 aux adventistes leur engagement en mati\u00e8re de libert\u00e9 religieuse. Le 17 juillet 2024 | Union de missions du Moyen-Orient et de l\u2019Afrique du Nord&#8230;<\/p>\n","protected":false},"author":3,"featured_media":117228,"comment_status":"closed","ping_status":"closed","sticky":false,"template":"","format":"standard","meta":{"_acf_changed":false,"footnotes":""},"categories":[18,19],"tags":[],"class_list":["post-117175","post","type-post","status-publish","format-standard","has-post-thumbnail","hentry","category-nouvelles-de-leglise-mondiale","category-rss-francais"],"acf":[],"yoast_head":"<!-- This site is optimized with the Yoast SEO plugin v27.3 - https:\/\/yoast.com\/product\/yoast-seo-wordpress\/ -->\n<title>L\u2019\u00c9glise adventiste du septi\u00e8me jour en Irak c\u00e9l\u00e8bre son centi\u00e8me anniversaire - \u00c9glise Adventiste Du Septieme Jour - Inter Am\u00e9rique Division<\/title>\n<meta name=\"robots\" content=\"index, follow, max-snippet:-1, max-image-preview:large, max-video-preview:-1\" \/>\n<link rel=\"canonical\" href=\"https:\/\/interamerica.org\/fr\/2024\/07\/leglise-adventiste-du-septieme-jour-en-irak-celebre-son-centieme-anniversaire\/\" \/>\n<meta property=\"og:locale\" content=\"fr_FR\" \/>\n<meta property=\"og:type\" content=\"article\" \/>\n<meta property=\"og:title\" content=\"L\u2019\u00c9glise adventiste du septi\u00e8me jour en Irak c\u00e9l\u00e8bre son centi\u00e8me anniversaire - \u00c9glise Adventiste Du Septieme Jour - Inter Am\u00e9rique Division\" \/>\n<meta property=\"og:description\" content=\"Les dirigeants du pays ont confirm\u00e9 aux adventistes leur engagement en mati\u00e8re de libert\u00e9 religieuse. Le 17 juillet 2024 | Union de missions du Moyen-Orient et de l\u2019Afrique du Nord...\" \/>\n<meta property=\"og:url\" content=\"https:\/\/interamerica.org\/fr\/2024\/07\/leglise-adventiste-du-septieme-jour-en-irak-celebre-son-centieme-anniversaire\/\" \/>\n<meta property=\"og:site_name\" content=\"\u00c9glise Adventiste Du Septieme Jour - Inter Am\u00e9rique Division\" \/>\n<meta property=\"article:published_time\" content=\"2024-07-17T18:12:14+00:00\" \/>\n<meta property=\"article:modified_time\" content=\"2024-07-23T12:33:16+00:00\" \/>\n<meta property=\"og:image\" content=\"https:\/\/interamerica.org\/wp-content\/uploads\/2024\/07\/meeting-with-prime-minister-600x0-c-default.jpg\" \/>\n\t<meta property=\"og:image:width\" content=\"600\" \/>\n\t<meta property=\"og:image:height\" content=\"354\" \/>\n\t<meta property=\"og:image:type\" content=\"image\/jpeg\" \/>\n<meta name=\"author\" content=\"libna\" \/>\n<meta name=\"twitter:card\" content=\"summary_large_image\" \/>\n<meta name=\"twitter:label1\" content=\"\u00c9crit par\" \/>\n\t<meta name=\"twitter:data1\" content=\"libna\" \/>\n\t<meta name=\"twitter:label2\" content=\"Dur\u00e9e de lecture estim\u00e9e\" \/>\n\t<meta name=\"twitter:data2\" content=\"5 minutes\" \/>\n<script type=\"application\/ld+json\" class=\"yoast-schema-graph\">{\"@context\":\"https:\\\/\\\/schema.org\",\"@graph\":[{\"@type\":\"Article\",\"@id\":\"https:\\\/\\\/interamerica.org\\\/fr\\\/2024\\\/07\\\/leglise-adventiste-du-septieme-jour-en-irak-celebre-son-centieme-anniversaire\\\/#article\",\"isPartOf\":{\"@id\":\"https:\\\/\\\/interamerica.org\\\/fr\\\/2024\\\/07\\\/leglise-adventiste-du-septieme-jour-en-irak-celebre-son-centieme-anniversaire\\\/\"},\"author\":{\"name\":\"libna\",\"@id\":\"https:\\\/\\\/interamerica.org\\\/fr\\\/#\\\/schema\\\/person\\\/29998f2bc2d8bd0d38662909289b54f1\"},\"headline\":\"L\u2019\u00c9glise adventiste du septi\u00e8me jour en Irak c\u00e9l\u00e8bre son centi\u00e8me anniversaire\",\"datePublished\":\"2024-07-17T18:12:14+00:00\",\"dateModified\":\"2024-07-23T12:33:16+00:00\",\"mainEntityOfPage\":{\"@id\":\"https:\\\/\\\/interamerica.org\\\/fr\\\/2024\\\/07\\\/leglise-adventiste-du-septieme-jour-en-irak-celebre-son-centieme-anniversaire\\\/\"},\"wordCount\":1254,\"image\":{\"@id\":\"https:\\\/\\\/interamerica.org\\\/fr\\\/2024\\\/07\\\/leglise-adventiste-du-septieme-jour-en-irak-celebre-son-centieme-anniversaire\\\/#primaryimage\"},\"thumbnailUrl\":\"https:\\\/\\\/interamerica.org\\\/wp-content\\\/uploads\\\/2024\\\/07\\\/meeting-with-prime-minister-600x0-c-default.jpg\",\"articleSection\":[\"Nouvelles de l'\u00c9glise mondiale\",\"RSS Fran\u00e7ais\"],\"inLanguage\":\"fr-FR\"},{\"@type\":\"WebPage\",\"@id\":\"https:\\\/\\\/interamerica.org\\\/fr\\\/2024\\\/07\\\/leglise-adventiste-du-septieme-jour-en-irak-celebre-son-centieme-anniversaire\\\/\",\"url\":\"https:\\\/\\\/interamerica.org\\\/fr\\\/2024\\\/07\\\/leglise-adventiste-du-septieme-jour-en-irak-celebre-son-centieme-anniversaire\\\/\",\"name\":\"L\u2019\u00c9glise adventiste du septi\u00e8me jour en Irak c\u00e9l\u00e8bre son centi\u00e8me anniversaire - \u00c9glise Adventiste Du Septieme Jour - Inter Am\u00e9rique Division\",\"isPartOf\":{\"@id\":\"https:\\\/\\\/interamerica.org\\\/fr\\\/#website\"},\"primaryImageOfPage\":{\"@id\":\"https:\\\/\\\/interamerica.org\\\/fr\\\/2024\\\/07\\\/leglise-adventiste-du-septieme-jour-en-irak-celebre-son-centieme-anniversaire\\\/#primaryimage\"},\"image\":{\"@id\":\"https:\\\/\\\/interamerica.org\\\/fr\\\/2024\\\/07\\\/leglise-adventiste-du-septieme-jour-en-irak-celebre-son-centieme-anniversaire\\\/#primaryimage\"},\"thumbnailUrl\":\"https:\\\/\\\/interamerica.org\\\/wp-content\\\/uploads\\\/2024\\\/07\\\/meeting-with-prime-minister-600x0-c-default.jpg\",\"datePublished\":\"2024-07-17T18:12:14+00:00\",\"dateModified\":\"2024-07-23T12:33:16+00:00\",\"author\":{\"@id\":\"https:\\\/\\\/interamerica.org\\\/fr\\\/#\\\/schema\\\/person\\\/29998f2bc2d8bd0d38662909289b54f1\"},\"breadcrumb\":{\"@id\":\"https:\\\/\\\/interamerica.org\\\/fr\\\/2024\\\/07\\\/leglise-adventiste-du-septieme-jour-en-irak-celebre-son-centieme-anniversaire\\\/#breadcrumb\"},\"inLanguage\":\"fr-FR\",\"potentialAction\":[{\"@type\":\"ReadAction\",\"target\":[\"https:\\\/\\\/interamerica.org\\\/fr\\\/2024\\\/07\\\/leglise-adventiste-du-septieme-jour-en-irak-celebre-son-centieme-anniversaire\\\/\"]}]},{\"@type\":\"ImageObject\",\"inLanguage\":\"fr-FR\",\"@id\":\"https:\\\/\\\/interamerica.org\\\/fr\\\/2024\\\/07\\\/leglise-adventiste-du-septieme-jour-en-irak-celebre-son-centieme-anniversaire\\\/#primaryimage\",\"url\":\"https:\\\/\\\/interamerica.org\\\/wp-content\\\/uploads\\\/2024\\\/07\\\/meeting-with-prime-minister-600x0-c-default.jpg\",\"contentUrl\":\"https:\\\/\\\/interamerica.org\\\/wp-content\\\/uploads\\\/2024\\\/07\\\/meeting-with-prime-minister-600x0-c-default.jpg\",\"width\":600,\"height\":354,\"caption\":\"As part of the centennial celebrations of the Seventh-day Adventist Church in Iraq, church leaders met with Iraqi, Pshtiwan Sadq, Minister of Endowments and Religious Affairs in the Kurdistan Regional Government. [Photo: MENAUM]\"},{\"@type\":\"BreadcrumbList\",\"@id\":\"https:\\\/\\\/interamerica.org\\\/fr\\\/2024\\\/07\\\/leglise-adventiste-du-septieme-jour-en-irak-celebre-son-centieme-anniversaire\\\/#breadcrumb\",\"itemListElement\":[{\"@type\":\"ListItem\",\"position\":1,\"name\":\"Home\",\"item\":\"https:\\\/\\\/interamerica.org\\\/fr\\\/\"},{\"@type\":\"ListItem\",\"position\":2,\"name\":\"L\u2019\u00c9glise adventiste du septi\u00e8me jour en Irak c\u00e9l\u00e8bre son centi\u00e8me anniversaire\"}]},{\"@type\":\"WebSite\",\"@id\":\"https:\\\/\\\/interamerica.org\\\/fr\\\/#website\",\"url\":\"https:\\\/\\\/interamerica.org\\\/fr\\\/\",\"name\":\"\u00c9glise Adventiste Du Septieme Jour - Inter Am\u00e9rique Division\",\"description\":\"\",\"potentialAction\":[{\"@type\":\"SearchAction\",\"target\":{\"@type\":\"EntryPoint\",\"urlTemplate\":\"https:\\\/\\\/interamerica.org\\\/fr\\\/?s={search_term_string}\"},\"query-input\":{\"@type\":\"PropertyValueSpecification\",\"valueRequired\":true,\"valueName\":\"search_term_string\"}}],\"inLanguage\":\"fr-FR\"},{\"@type\":\"Person\",\"@id\":\"https:\\\/\\\/interamerica.org\\\/fr\\\/#\\\/schema\\\/person\\\/29998f2bc2d8bd0d38662909289b54f1\",\"name\":\"libna\",\"image\":{\"@type\":\"ImageObject\",\"inLanguage\":\"fr-FR\",\"@id\":\"https:\\\/\\\/secure.gravatar.com\\\/avatar\\\/7c5bd30ae4b47a9ba3c856590957fd1d96dc588bf3ac05719d247e126840331f?s=96&d=mm&r=g\",\"url\":\"https:\\\/\\\/secure.gravatar.com\\\/avatar\\\/7c5bd30ae4b47a9ba3c856590957fd1d96dc588bf3ac05719d247e126840331f?s=96&d=mm&r=g\",\"contentUrl\":\"https:\\\/\\\/secure.gravatar.com\\\/avatar\\\/7c5bd30ae4b47a9ba3c856590957fd1d96dc588bf3ac05719d247e126840331f?s=96&d=mm&r=g\",\"caption\":\"libna\"}}]}<\/script>\n<!-- \/ Yoast SEO plugin. -->","yoast_head_json":{"title":"L\u2019\u00c9glise adventiste du septi\u00e8me jour en Irak c\u00e9l\u00e8bre son centi\u00e8me anniversaire - \u00c9glise Adventiste Du Septieme Jour - Inter Am\u00e9rique Division","robots":{"index":"index","follow":"follow","max-snippet":"max-snippet:-1","max-image-preview":"max-image-preview:large","max-video-preview":"max-video-preview:-1"},"canonical":"https:\/\/interamerica.org\/fr\/2024\/07\/leglise-adventiste-du-septieme-jour-en-irak-celebre-son-centieme-anniversaire\/","og_locale":"fr_FR","og_type":"article","og_title":"L\u2019\u00c9glise adventiste du septi\u00e8me jour en Irak c\u00e9l\u00e8bre son centi\u00e8me anniversaire - \u00c9glise Adventiste Du Septieme Jour - Inter Am\u00e9rique Division","og_description":"Les dirigeants du pays ont confirm\u00e9 aux adventistes leur engagement en mati\u00e8re de libert\u00e9 religieuse. Le 17 juillet 2024 | Union de missions du Moyen-Orient et de l\u2019Afrique du Nord...","og_url":"https:\/\/interamerica.org\/fr\/2024\/07\/leglise-adventiste-du-septieme-jour-en-irak-celebre-son-centieme-anniversaire\/","og_site_name":"\u00c9glise Adventiste Du Septieme Jour - Inter Am\u00e9rique Division","article_published_time":"2024-07-17T18:12:14+00:00","article_modified_time":"2024-07-23T12:33:16+00:00","og_image":[{"width":600,"height":354,"url":"https:\/\/interamerica.org\/wp-content\/uploads\/2024\/07\/meeting-with-prime-minister-600x0-c-default.jpg","type":"image\/jpeg"}],"author":"libna","twitter_card":"summary_large_image","twitter_misc":{"\u00c9crit par":"libna","Dur\u00e9e de lecture estim\u00e9e":"5 minutes"},"schema":{"@context":"https:\/\/schema.org","@graph":[{"@type":"Article","@id":"https:\/\/interamerica.org\/fr\/2024\/07\/leglise-adventiste-du-septieme-jour-en-irak-celebre-son-centieme-anniversaire\/#article","isPartOf":{"@id":"https:\/\/interamerica.org\/fr\/2024\/07\/leglise-adventiste-du-septieme-jour-en-irak-celebre-son-centieme-anniversaire\/"},"author":{"name":"libna","@id":"https:\/\/interamerica.org\/fr\/#\/schema\/person\/29998f2bc2d8bd0d38662909289b54f1"},"headline":"L\u2019\u00c9glise adventiste du septi\u00e8me jour en Irak c\u00e9l\u00e8bre son centi\u00e8me anniversaire","datePublished":"2024-07-17T18:12:14+00:00","dateModified":"2024-07-23T12:33:16+00:00","mainEntityOfPage":{"@id":"https:\/\/interamerica.org\/fr\/2024\/07\/leglise-adventiste-du-septieme-jour-en-irak-celebre-son-centieme-anniversaire\/"},"wordCount":1254,"image":{"@id":"https:\/\/interamerica.org\/fr\/2024\/07\/leglise-adventiste-du-septieme-jour-en-irak-celebre-son-centieme-anniversaire\/#primaryimage"},"thumbnailUrl":"https:\/\/interamerica.org\/wp-content\/uploads\/2024\/07\/meeting-with-prime-minister-600x0-c-default.jpg","articleSection":["Nouvelles de l'\u00c9glise mondiale","RSS Fran\u00e7ais"],"inLanguage":"fr-FR"},{"@type":"WebPage","@id":"https:\/\/interamerica.org\/fr\/2024\/07\/leglise-adventiste-du-septieme-jour-en-irak-celebre-son-centieme-anniversaire\/","url":"https:\/\/interamerica.org\/fr\/2024\/07\/leglise-adventiste-du-septieme-jour-en-irak-celebre-son-centieme-anniversaire\/","name":"L\u2019\u00c9glise adventiste du septi\u00e8me jour en Irak c\u00e9l\u00e8bre son centi\u00e8me anniversaire - \u00c9glise Adventiste Du Septieme Jour - Inter Am\u00e9rique Division","isPartOf":{"@id":"https:\/\/interamerica.org\/fr\/#website"},"primaryImageOfPage":{"@id":"https:\/\/interamerica.org\/fr\/2024\/07\/leglise-adventiste-du-septieme-jour-en-irak-celebre-son-centieme-anniversaire\/#primaryimage"},"image":{"@id":"https:\/\/interamerica.org\/fr\/2024\/07\/leglise-adventiste-du-septieme-jour-en-irak-celebre-son-centieme-anniversaire\/#primaryimage"},"thumbnailUrl":"https:\/\/interamerica.org\/wp-content\/uploads\/2024\/07\/meeting-with-prime-minister-600x0-c-default.jpg","datePublished":"2024-07-17T18:12:14+00:00","dateModified":"2024-07-23T12:33:16+00:00","author":{"@id":"https:\/\/interamerica.org\/fr\/#\/schema\/person\/29998f2bc2d8bd0d38662909289b54f1"},"breadcrumb":{"@id":"https:\/\/interamerica.org\/fr\/2024\/07\/leglise-adventiste-du-septieme-jour-en-irak-celebre-son-centieme-anniversaire\/#breadcrumb"},"inLanguage":"fr-FR","potentialAction":[{"@type":"ReadAction","target":["https:\/\/interamerica.org\/fr\/2024\/07\/leglise-adventiste-du-septieme-jour-en-irak-celebre-son-centieme-anniversaire\/"]}]},{"@type":"ImageObject","inLanguage":"fr-FR","@id":"https:\/\/interamerica.org\/fr\/2024\/07\/leglise-adventiste-du-septieme-jour-en-irak-celebre-son-centieme-anniversaire\/#primaryimage","url":"https:\/\/interamerica.org\/wp-content\/uploads\/2024\/07\/meeting-with-prime-minister-600x0-c-default.jpg","contentUrl":"https:\/\/interamerica.org\/wp-content\/uploads\/2024\/07\/meeting-with-prime-minister-600x0-c-default.jpg","width":600,"height":354,"caption":"As part of the centennial celebrations of the Seventh-day Adventist Church in Iraq, church leaders met with Iraqi, Pshtiwan Sadq, Minister of Endowments and Religious Affairs in the Kurdistan Regional Government. [Photo: MENAUM]"},{"@type":"BreadcrumbList","@id":"https:\/\/interamerica.org\/fr\/2024\/07\/leglise-adventiste-du-septieme-jour-en-irak-celebre-son-centieme-anniversaire\/#breadcrumb","itemListElement":[{"@type":"ListItem","position":1,"name":"Home","item":"https:\/\/interamerica.org\/fr\/"},{"@type":"ListItem","position":2,"name":"L\u2019\u00c9glise adventiste du septi\u00e8me jour en Irak c\u00e9l\u00e8bre son centi\u00e8me anniversaire"}]},{"@type":"WebSite","@id":"https:\/\/interamerica.org\/fr\/#website","url":"https:\/\/interamerica.org\/fr\/","name":"\u00c9glise Adventiste Du Septieme Jour - Inter Am\u00e9rique Division","description":"","potentialAction":[{"@type":"SearchAction","target":{"@type":"EntryPoint","urlTemplate":"https:\/\/interamerica.org\/fr\/?s={search_term_string}"},"query-input":{"@type":"PropertyValueSpecification","valueRequired":true,"valueName":"search_term_string"}}],"inLanguage":"fr-FR"},{"@type":"Person","@id":"https:\/\/interamerica.org\/fr\/#\/schema\/person\/29998f2bc2d8bd0d38662909289b54f1","name":"libna","image":{"@type":"ImageObject","inLanguage":"fr-FR","@id":"https:\/\/secure.gravatar.com\/avatar\/7c5bd30ae4b47a9ba3c856590957fd1d96dc588bf3ac05719d247e126840331f?s=96&d=mm&r=g","url":"https:\/\/secure.gravatar.com\/avatar\/7c5bd30ae4b47a9ba3c856590957fd1d96dc588bf3ac05719d247e126840331f?s=96&d=mm&r=g","contentUrl":"https:\/\/secure.gravatar.com\/avatar\/7c5bd30ae4b47a9ba3c856590957fd1d96dc588bf3ac05719d247e126840331f?s=96&d=mm&r=g","caption":"libna"}}]}},"_links":{"self":[{"href":"https:\/\/interamerica.org\/fr\/wp-json\/wp\/v2\/posts\/117175","targetHints":{"allow":["GET"]}}],"collection":[{"href":"https:\/\/interamerica.org\/fr\/wp-json\/wp\/v2\/posts"}],"about":[{"href":"https:\/\/interamerica.org\/fr\/wp-json\/wp\/v2\/types\/post"}],"author":[{"embeddable":true,"href":"https:\/\/interamerica.org\/fr\/wp-json\/wp\/v2\/users\/3"}],"replies":[{"embeddable":true,"href":"https:\/\/interamerica.org\/fr\/wp-json\/wp\/v2\/comments?post=117175"}],"version-history":[{"count":0,"href":"https:\/\/interamerica.org\/fr\/wp-json\/wp\/v2\/posts\/117175\/revisions"}],"wp:featuredmedia":[{"embeddable":true,"href":"https:\/\/interamerica.org\/fr\/wp-json\/wp\/v2\/media\/117228"}],"wp:attachment":[{"href":"https:\/\/interamerica.org\/fr\/wp-json\/wp\/v2\/media?parent=117175"}],"wp:term":[{"taxonomy":"category","embeddable":true,"href":"https:\/\/interamerica.org\/fr\/wp-json\/wp\/v2\/categories?post=117175"},{"taxonomy":"post_tag","embeddable":true,"href":"https:\/\/interamerica.org\/fr\/wp-json\/wp\/v2\/tags?post=117175"}],"curies":[{"name":"wp","href":"https:\/\/api.w.org\/{rel}","templated":true}]}}