{"id":117464,"date":"2024-07-26T11:40:42","date_gmt":"2024-07-26T15:40:42","guid":{"rendered":"https:\/\/interamerica.org\/?p=117464"},"modified":"2024-07-26T21:11:52","modified_gmt":"2024-07-27T01:11:52","slug":"en-tant-que-dirigeants-deglise-votre-role-est-de-proteger-les-brebis","status":"publish","type":"post","link":"https:\/\/interamerica.org\/fr\/2024\/07\/en-tant-que-dirigeants-deglise-votre-role-est-de-proteger-les-brebis\/","title":{"rendered":"\u00ab En tant que dirigeants d\u2019\u00e9glise, votre r\u00f4le est de prot\u00e9ger les brebis \u00bb"},"content":{"rendered":"<p><em>Le pr\u00e9sident d\u2019Adventist Risk Management donne des conseils et \u00e9met des avertissements lors d\u2019une session de la Conf\u00e9rence SeLD.<\/em><\/p>\n<p>26 Juillet 2024 | Miami, Floride, \u00c9tats-Unis | Marcos Paseggi pour Actualit\u00e9s de la Division Inter-Am\u00e9ricaine<\/p>\n<p>La perte fait partie de notre monde, a d\u00e9clar\u00e9 James Winegardner, pr\u00e9sident d\u2019Adventist Risk Management (ARM) pour l\u2019\u00c9glise adventiste du septi\u00e8me jour. \u00ab C\u2019est une chose qui lui est inh\u00e9rente. \u00bb Dans ce contexte, la perte entra\u00eene des risques, a-t-il d\u00e9clar\u00e9. La pr\u00e9sentation de James Winegardner a eu lieu lors de la troisi\u00e8me et derni\u00e8re journ\u00e9e de la Conf\u00e9rence sur le D\u00e9veloppement du Leadership Sectoriel de la Division Inter Am\u00e9ricaine (SeLD) \u00e0 Miami, en Floride, aux \u00c9tats-Unis, le 24 juillet 2024.<\/p>\n<p>Lors de sa s\u00e9ance pl\u00e9ni\u00e8re, James Winegardner a cherch\u00e9 \u00e0 expliquer quels sont les risques impliqu\u00e9s et comment les g\u00e9rer et les minimiser dans le contexte des activit\u00e9s, des programmes et du fonctionnement r\u00e9gulier de l\u2019\u00c9glise adventiste.<\/p>\n<p><div id=\"attachment_117440\" style=\"width: 870px\" class=\"wp-caption aligncenter\"><img fetchpriority=\"high\" decoding=\"async\" aria-describedby=\"caption-attachment-117440\" class=\" wp-image-117439\" src=\"https:\/\/interamerica.org\/wp-content\/uploads\/2024\/07\/seld24-james-winegardner.jpg\" alt=\"\" width=\"860\" height=\"540\" srcset=\"https:\/\/interamerica.org\/wp-content\/uploads\/2024\/07\/seld24-james-winegardner.jpg 1000w, https:\/\/interamerica.org\/wp-content\/uploads\/2024\/07\/seld24-james-winegardner-300x188.jpg 300w, https:\/\/interamerica.org\/wp-content\/uploads\/2024\/07\/seld24-james-winegardner-768x482.jpg 768w\" sizes=\"(max-width: 860px) 100vw, 860px\" \/><p id=\"caption-attachment-117440\" class=\"wp-caption-text\">James Winegardner, pr\u00e9sident d\u2019Adventist Risk Management, s\u2019adresse aux dirigeants d\u2019\u00e9glise lors de la Conf\u00e9rence SeLD de cette ann\u00e9e, le 24 juillet 2024, \u00e0 Miami, en Floride, aux \u00c9tats-Unis. [Photo : Libna Stevens\/DIA]<\/p><\/div><strong>Gestion des risques<\/strong><\/p>\n<p>James Winegardner a expliqu\u00e9 que les ouvriers de l\u2019\u00c9glise sont responsables de leurs risques personnels, mais surtout, qu\u2019ils sont responsables des risques corporatifs de l\u2019organisation \u00e0 laquelle ils appartiennent. Dans ce contexte, la prise de responsabilit\u00e9 est essentielle, a-t-il soulign\u00e9. \u00ab Parfois, dans l\u2019\u00c9glise, nous n\u2019avons pas suffisamment de d\u00e9marche amenant \u00e0 rendre des comptes, \u00bb a-t-il d\u00e9clar\u00e9. Donc, lorsque nous parlons de risques, la question est de savoir si nous nous pr\u00e9occupons des choses qui le m\u00e9ritent. De quoi devrions-nous nous soucier ? a demand\u00e9 James Winegardner.<\/p>\n<p>Il a expliqu\u00e9 que lorsque nous faisons face \u00e0 des risques dans notre vie, nous avons le choix entre plusieurs options. Nous pouvons \u00e9viter les risques. \u00ab Dans notre organisation, nous pouvons \u00e9viter les risques en ne poss\u00e9dant pas de biens. Mais pensez-vous que vous pouvez diriger votre organisation sans poss\u00e9der de biens ? \u00bb a-t-il demand\u00e9. \u00ab Nous essayons d\u2019\u00e9viter les risques, mais il y a des risques que nous devons prendre. \u00bb<\/p>\n<p>Une autre option consiste \u00e0 att\u00e9nuer les risques, \u00ab \u00e0 faire les choses correctement. \u00bb Dans ce sens, Adventist Risk Management dispose de nombreuses ressources pour aider les organisations de l\u2019\u00e9glise \u00e0 diminuer les risques, \u00e0 minimiser les risques auxquels vous \u00eates confront\u00e9s dans votre organisation, a-t-il dit. \u00ab \u00catre aussi en s\u00e9curit\u00e9 que possible est plus facile que vous ne le pensez, car tout est une question d\u2019\u00eatre conscient, \u00bb a d\u00e9clar\u00e9 James Winegardner. \u00ab Et vous, en tant que dirigeants, pouvez transmettre \u00e0 vos membres et \u00e0 d\u2019autres dirigeants la notion de prise de conscience. \u00bb<\/p>\n<p><strong>Cr\u00e9er une prise de conscience, transf\u00e9rer le risque<\/strong><\/p>\n<p>Il existe plusieurs fa\u00e7ons de cr\u00e9er une prise de conscience, a d\u00e9clar\u00e9 James Winegardner. L\u2019une d\u2019entre elles consiste \u00e0 utiliser les ressources propos\u00e9es par ARM. Les dirigeants d\u2019ARM peuvent \u00e9galement assister aux r\u00e9unions des ouvriers de l\u2019\u00e9glise pour expliquer et enseigner comment att\u00e9nuer les risques, a-t-il d\u00e9clar\u00e9, pour partager \u00ab des id\u00e9es sur la s\u00e9curit\u00e9 et la protection. \u00bb<\/p>\n<p><div id=\"attachment_117434\" style=\"width: 865px\" class=\"wp-caption aligncenter\"><img decoding=\"async\" aria-describedby=\"caption-attachment-117434\" class=\" wp-image-117433\" src=\"https:\/\/interamerica.org\/wp-content\/uploads\/2024\/07\/seld24-day3.jpg\" alt=\"\" width=\"855\" height=\"519\" srcset=\"https:\/\/interamerica.org\/wp-content\/uploads\/2024\/07\/seld24-day3.jpg 1000w, https:\/\/interamerica.org\/wp-content\/uploads\/2024\/07\/seld24-day3-300x182.jpg 300w, https:\/\/interamerica.org\/wp-content\/uploads\/2024\/07\/seld24-day3-768x466.jpg 768w\" sizes=\"(max-width: 855px) 100vw, 855px\" \/><p id=\"caption-attachment-117434\" class=\"wp-caption-text\">Des centaines d\u2019administrateurs, de directeurs de d\u00e9partement, de pasteurs et d\u2019anciens d\u2019\u00e9glise \u00e9coutent la pr\u00e9sentation de James Winegardner sur la gestion des risques lors de la Conf\u00e9rence SeLD de la Division Inter Am\u00e9ricaine, le 24 juillet 2024. [Photo : John Garcia\/DIA]<\/p><\/div>Une autre fa\u00e7on de minimiser les risques d\u2019entreprise est de transf\u00e9rer les risques par le biais d\u2019une assurance, a expliqu\u00e9 James Winegardner. \u00ab L\u2019assurance est une fa\u00e7on de vous soustraire au risque et de le confier \u00e0 quelqu\u2019un d\u2019autre, \u00bb a-t-il d\u00e9clar\u00e9. \u00ab Donc, si vous ne pouvez pas vous permettre une perte, vous devez payer une prime. \u00bb<\/p>\n<p>Dans le contexte de l\u2019\u00c9glise adventiste, il existe des risques sp\u00e9cifiques. \u00ab Les possessions sont un risque, \u00bb a d\u00e9clar\u00e9 James Winegardner. \u00ab Nous appelons cela une assurance sur les biens. Vous avez des \u00e9glises, vous avez des voitures, vous avez des bus, vous avez des \u00e9coles\u2026 Vous avez beaucoup de choses dont vous \u00eates responsables. \u00bb<\/p>\n<p>Pour att\u00e9nuer ces risques, nous devons savoir \u00e0 qui appartient le bien, a-t-il d\u00e9clar\u00e9. \u00ab Vous pensez peut-\u00eatre que vous en \u00eates le propri\u00e9taire, mais il appartient \u00e0 Dieu. Nos b\u00e2timents, y compris vos bureaux, sont la maison de Dieu. \u00bb Il a ajout\u00e9 : \u00ab J\u2019ai un dicton qui dit : \u00ab Si cela vaut la peine d\u2019\u00eatre conserv\u00e9, cela vaut la peine d\u2019en prendre soin. Si cela ne vaut pas la peine d\u2019en prendre soin, cela ne vaut pas la peine d\u2019\u00eatre conserv\u00e9. \u00bb<\/p>\n<p>\u00ab Quelle perte pouvez-vous tol\u00e9rer ? \u00bb C\u2019est une question que vous devriez poser, a dit James Winegardner aux dirigeants adventistes, car si vous ne pouvez pas tol\u00e9rer de perdre quelque chose, vous devriez vous en occuper et l\u2019assurer. Il en va de m\u00eame pour les lieux de culte et les autres b\u00e2timents de l\u2019\u00e9glise. \u00ab Si vous ne pouvez pas vous permettre de faire cela \u00e0 partir de votre budget, il faut l\u2019assurer, \u00bb a-t-il dit.<\/p>\n<p><strong>Risques li\u00e9s aux cyber-attaques <\/strong><\/p>\n<p>Le risque li\u00e9 aux cyber-attaques est quelque chose que certains dirigeants peuvent consid\u00e9rer comme n\u2019\u00e9tant pas si important, a reconnu James Winegardner. Pour prouver le contraire, il a sugg\u00e9r\u00e9 une situation hypoth\u00e9tique. \u00ab Et si vous d\u00e9cr\u00e9tiez le mois d\u2019ao\u00fbt prochain comme un mois sans ordinateur ? \u00bb a-t-il demand\u00e9. \u00ab Est-ce que vous pourriez faire quoi que ce soit ? Est-ce que vos employ\u00e9s pourraient faire quelque chose ? Pas de courrier \u00e9lectronique, pas de comptabilit\u00e9\u2026 Vous ne pouvez pas vous permettre de faire \u00e7a ! \u00bb Il a ajout\u00e9 : \u00ab Si vous ne pouvez pas vous permettre de faire \u00e7a, vous ne pouvez pas vous permettre de ne pas avoir d\u2019assurance contre les cyber-attaques. \u00bb<\/p>\n<p><div id=\"attachment_117443\" style=\"width: 895px\" class=\"wp-caption aligncenter\"><img decoding=\"async\" aria-describedby=\"caption-attachment-117443\" class=\" wp-image-117442\" src=\"https:\/\/interamerica.org\/wp-content\/uploads\/2024\/07\/seld24-prayer-day3.jpg\" alt=\"\" width=\"885\" height=\"541\" srcset=\"https:\/\/interamerica.org\/wp-content\/uploads\/2024\/07\/seld24-prayer-day3.jpg 1000w, https:\/\/interamerica.org\/wp-content\/uploads\/2024\/07\/seld24-prayer-day3-300x183.jpg 300w, https:\/\/interamerica.org\/wp-content\/uploads\/2024\/07\/seld24-prayer-day3-768x469.jpg 768w\" sizes=\"(max-width: 885px) 100vw, 885px\" \/><p id=\"caption-attachment-117443\" class=\"wp-caption-text\">L\u2019une des nombreuses s\u00e9ances de pri\u00e8re organis\u00e9es au cours de la troisi\u00e8me journ\u00e9e de la Conf\u00e9rence SeLD. [Photo : Libna Stevens\/DIA]<\/p><\/div>L\u2019un des grands avantages de l\u2019assurance contre les cyber-attaques autre que l\u2019assurance elle-m\u00eame est le fait de faire la demande. \u00ab Lorsque vous remplirez le formulaire pour la demande, vous apprendrez les mesures de s\u00e9curit\u00e9 que vous avez oubli\u00e9es, \u00bb a-t-il d\u00e9clar\u00e9, \u00ab car le formulaire de demande vous pose toutes ces questions li\u00e9es aux pratiques exemplaires en mati\u00e8re de s\u00e9curit\u00e9. \u00bb \u00c0 titre d\u2019exemple, il a mentionn\u00e9 l\u2019authentification \u00e0 deux facteurs, qui est obligatoire.<\/p>\n<p>Le deuxi\u00e8me avantage de l\u2019assurance contre les cyber-attaques n\u2019est pas l\u2019argent qu\u2019ils vous versent en cas de perte ; c\u2019est la r\u00e9paration qu\u2019elle propose pendant que vous r\u00e9cup\u00e9rez, a d\u00e9clar\u00e9 James Winegardner. \u00ab Il est vraiment important d\u2019avoir cette r\u00e9paration, car il faut des professionnels qui ne font pas encore partie de votre \u00e9quipe pour reconstruire votre service apr\u00e8s une attaque par d\u00e9ni de service. \u00bb<\/p>\n<p>L\u2019assurance contre les cyber-attaques est extr\u00eamement co\u00fbteuse. Par cons\u00e9quent, une autre chose que vous devez faire est de former votre personnel, \u00ab car votre plus grande vuln\u00e9rabilit\u00e9 est votre personnel, \u00bb a-t-il d\u00e9clar\u00e9 aux dirigeants d\u2019\u00e9glise. \u00ab Donc, si vous avez besoin de conseils en mati\u00e8re de cybers\u00e9curit\u00e9, veuillez nous appeler. Nous pouvons vous aider \u00e0 mettre \u00e0 niveau votre programme de cybers\u00e9curit\u00e9. Nous pouvons vous orienter vers les bonnes personnes pour le faire. Ne pensez pas que vous \u00eates \u00e0 l\u2019abri. \u00bb<\/p>\n<p><strong>Protection contre les autres risques<\/strong><\/p>\n<p>\u00ab Notre r\u00f4le en tant qu\u2019\u00e9glise n\u2019est pas de faire du tort aux gens, \u00bb a soulign\u00e9 James Winegardner. \u00ab Alors, comment prot\u00e9geons-nous notre \u00e9quipe ? \u00bb Il a sugg\u00e9r\u00e9 quelques \u00ab choses simples \u00bb qui peuvent aider une \u00e9glise ou une organisation religieuse \u00e0 prot\u00e9ger les autres, notamment en mettant des volets sur les portes, en s\u2019assurant que les dirigeants des \u00c9claireurs ne se retrouvent pas seuls avec des enfants, en faisant des v\u00e9rifications sur les ant\u00e9c\u00e9dents des individus, etc. \u00ab Nous avons beaucoup de formations sur ce sujet, ce qui pourrait vous aider, \u00bb a-t-il dit aux dirigeants.<\/p>\n<p>James Winegardner a \u00e9galement \u00e9voqu\u00e9 le risque li\u00e9 \u00e0 la r\u00e9putation. \u00ab Vous courez un risque que nous ne pouvons pas assurer, \u00bb a-t-il dit aux dirigeants adventistes. \u00ab Il n\u2019y a qu\u2019une seule chose qui puisse prot\u00e9ger contre le risque li\u00e9 \u00e0 votre r\u00e9putation, c\u2019est votre int\u00e9grit\u00e9, \u00bb a-t-il dit. \u00ab Si vous ne parvenez pas \u00e0 vous prot\u00e9ger contre le risque li\u00e9 \u00e0 votre r\u00e9putation, vous ne vous faites pas autant de mal que vous ne faites de mal \u00e0 l\u2019\u00c9glise. \u00bb<\/p>\n<p><div id=\"attachment_117447\" style=\"width: 894px\" class=\"wp-caption aligncenter\"><img loading=\"lazy\" decoding=\"async\" aria-describedby=\"caption-attachment-117447\" class=\"wp-image-117446\" src=\"https:\/\/interamerica.org\/wp-content\/uploads\/2024\/07\/seld24-day3-semina.jpg\" alt=\"\" width=\"884\" height=\"589\" srcset=\"https:\/\/interamerica.org\/wp-content\/uploads\/2024\/07\/seld24-day3-semina.jpg 1000w, https:\/\/interamerica.org\/wp-content\/uploads\/2024\/07\/seld24-day3-semina-300x200.jpg 300w, https:\/\/interamerica.org\/wp-content\/uploads\/2024\/07\/seld24-day3-semina-768x512.jpg 768w\" sizes=\"(max-width: 884px) 100vw, 884px\" \/><p id=\"caption-attachment-117447\" class=\"wp-caption-text\">Les d\u00e9l\u00e9gu\u00e9s \u00e0 la Conf\u00e9rence SeLD assistent \u00e0 l\u2019un des nombreux s\u00e9minaires qui se sont tenus lors de la derni\u00e8re journ\u00e9e du programme annuel. [Photo : Libna Stevens\/DIA]<\/p><\/div>Il a \u00e9galement mentionn\u00e9 les risques li\u00e9s aux pratiques en mati\u00e8re d\u2019emploi, y compris les choses qui rendent une personne in\u00e9ligible \u00e0 la fonction de pasteur adventiste. \u00ab Agression physique, s\u00e9questration : ces choses-l\u00e0, nous ne pouvons pas les tol\u00e9rer dans notre minist\u00e8re adventiste, \u00bb a soulign\u00e9 James Winegardner.<\/p>\n<p><strong>Prot\u00e9ger le troupeau<\/strong><\/p>\n<p>James Winegardner a \u00e9galement appel\u00e9 les dirigeants de l\u2019\u00c9glise \u00e0 s\u2019assurer que des contrats appropri\u00e9s soient sign\u00e9s chaque fois qu\u2019un pasteur organise une activit\u00e9 sur des sites de l\u2019\u00c9glise, et \u00e0 s\u2019assurer qu\u2019ils soient couverts contre tous les risques, y compris les agressions sexuelles. Il a averti : \u00ab La r\u00e9embauche d\u2019une personne qui a commis une action inappropri\u00e9e constitue une perte au niveau de votre r\u00e9putation, c\u2019est aussi une perte potentielle de millions de dollars. \u00bb Mais par-dessus tout, a soulign\u00e9 James Winegardner, \u00ab vous avez l\u2019obligation morale de prot\u00e9ger les enfants de votre \u00e9glise. \u00bb Votre poste, a-t-il dit, \u00ab implique un profond degr\u00e9 de responsabilit\u00e9 qui ne peut \u00eatre d\u00e9l\u00e9gu\u00e9 \u00e0 personne d\u2019autre\u2026 Votre influence est bien plus grande que vous ne le pensez. \u00bb<\/p>\n<p>Enfin, James Winegardner a cit\u00e9 Matthieu 25 dans la Bible, appelant les dirigeants adventistes \u00e0 se rappeler que lorsque J\u00e9sus reviendra, ce qui fera toute la diff\u00e9rence, c\u2019est \u00ab la fa\u00e7on dont vous avez trait\u00e9 des personnes innocentes, vuln\u00e9rables avec gr\u00e2ce, gentillesse, amour, attention et bienveillance\u2026 Souvenez-vous toujours qu\u2019en tant que dirigeants, votre r\u00f4le est de prot\u00e9ger les brebis. \u00bb<\/p>\n<p>Traduction: Patrick Luciathe<\/p>\n","protected":false},"excerpt":{"rendered":"<p>Le pr\u00e9sident d\u2019Adventist Risk Management donne des conseils et \u00e9met des avertissements lors d\u2019une session de la Conf\u00e9rence SeLD. 26 Juillet 2024 | Miami, Floride, \u00c9tats-Unis | Marcos Paseggi pour&#8230;<\/p>\n","protected":false},"author":3,"featured_media":117440,"comment_status":"closed","ping_status":"closed","sticky":false,"template":"","format":"standard","meta":{"_acf_changed":false,"footnotes":""},"categories":[20,19],"tags":[],"class_list":["post-117464","post","type-post","status-publish","format-standard","has-post-thumbnail","hentry","category-nouvelles-du-siege-de-la-division","category-rss-francais"],"acf":[],"yoast_head":"<!-- This site is optimized with the Yoast SEO plugin v27.3 - https:\/\/yoast.com\/product\/yoast-seo-wordpress\/ -->\n<title>\u00ab En tant que dirigeants d\u2019\u00e9glise, votre r\u00f4le est de prot\u00e9ger les brebis \u00bb - \u00c9glise Adventiste Du Septieme Jour - Inter Am\u00e9rique Division<\/title>\n<meta name=\"robots\" content=\"index, follow, max-snippet:-1, max-image-preview:large, max-video-preview:-1\" \/>\n<link rel=\"canonical\" href=\"https:\/\/interamerica.org\/fr\/2024\/07\/en-tant-que-dirigeants-deglise-votre-role-est-de-proteger-les-brebis\/\" \/>\n<meta property=\"og:locale\" content=\"fr_FR\" \/>\n<meta property=\"og:type\" content=\"article\" \/>\n<meta property=\"og:title\" content=\"\u00ab En tant que dirigeants d\u2019\u00e9glise, votre r\u00f4le est de prot\u00e9ger les brebis \u00bb - \u00c9glise Adventiste Du Septieme Jour - Inter Am\u00e9rique Division\" \/>\n<meta property=\"og:description\" content=\"Le pr\u00e9sident d\u2019Adventist Risk Management donne des conseils et \u00e9met des avertissements lors d\u2019une session de la Conf\u00e9rence SeLD. 26 Juillet 2024 | Miami, Floride, \u00c9tats-Unis | Marcos Paseggi pour...\" \/>\n<meta property=\"og:url\" content=\"https:\/\/interamerica.org\/fr\/2024\/07\/en-tant-que-dirigeants-deglise-votre-role-est-de-proteger-les-brebis\/\" \/>\n<meta property=\"og:site_name\" content=\"\u00c9glise Adventiste Du Septieme Jour - Inter Am\u00e9rique Division\" \/>\n<meta property=\"article:published_time\" content=\"2024-07-26T15:40:42+00:00\" \/>\n<meta property=\"article:modified_time\" content=\"2024-07-27T01:11:52+00:00\" \/>\n<meta property=\"og:image\" content=\"https:\/\/interamerica.org\/wp-content\/uploads\/2024\/07\/seld24-james-winegardner.jpg\" \/>\n\t<meta property=\"og:image:width\" content=\"1000\" \/>\n\t<meta property=\"og:image:height\" content=\"628\" \/>\n\t<meta property=\"og:image:type\" content=\"image\/jpeg\" \/>\n<meta name=\"author\" content=\"libna\" \/>\n<meta name=\"twitter:card\" content=\"summary_large_image\" \/>\n<meta name=\"twitter:label1\" content=\"\u00c9crit par\" \/>\n\t<meta name=\"twitter:data1\" content=\"libna\" \/>\n\t<meta name=\"twitter:label2\" content=\"Dur\u00e9e de lecture estim\u00e9e\" \/>\n\t<meta name=\"twitter:data2\" content=\"8 minutes\" \/>\n<script type=\"application\/ld+json\" class=\"yoast-schema-graph\">{\"@context\":\"https:\\\/\\\/schema.org\",\"@graph\":[{\"@type\":\"Article\",\"@id\":\"https:\\\/\\\/interamerica.org\\\/fr\\\/2024\\\/07\\\/en-tant-que-dirigeants-deglise-votre-role-est-de-proteger-les-brebis\\\/#article\",\"isPartOf\":{\"@id\":\"https:\\\/\\\/interamerica.org\\\/fr\\\/2024\\\/07\\\/en-tant-que-dirigeants-deglise-votre-role-est-de-proteger-les-brebis\\\/\"},\"author\":{\"name\":\"libna\",\"@id\":\"https:\\\/\\\/interamerica.org\\\/fr\\\/#\\\/schema\\\/person\\\/29998f2bc2d8bd0d38662909289b54f1\"},\"headline\":\"\u00ab En tant que dirigeants d\u2019\u00e9glise, votre r\u00f4le est de prot\u00e9ger les brebis \u00bb\",\"datePublished\":\"2024-07-26T15:40:42+00:00\",\"dateModified\":\"2024-07-27T01:11:52+00:00\",\"mainEntityOfPage\":{\"@id\":\"https:\\\/\\\/interamerica.org\\\/fr\\\/2024\\\/07\\\/en-tant-que-dirigeants-deglise-votre-role-est-de-proteger-les-brebis\\\/\"},\"wordCount\":1798,\"image\":{\"@id\":\"https:\\\/\\\/interamerica.org\\\/fr\\\/2024\\\/07\\\/en-tant-que-dirigeants-deglise-votre-role-est-de-proteger-les-brebis\\\/#primaryimage\"},\"thumbnailUrl\":\"https:\\\/\\\/interamerica.org\\\/wp-content\\\/uploads\\\/2024\\\/07\\\/seld24-james-winegardner.jpg\",\"articleSection\":[\"Nouvelles du si\u00e8ge de la division\",\"RSS Fran\u00e7ais\"],\"inLanguage\":\"fr-FR\"},{\"@type\":\"WebPage\",\"@id\":\"https:\\\/\\\/interamerica.org\\\/fr\\\/2024\\\/07\\\/en-tant-que-dirigeants-deglise-votre-role-est-de-proteger-les-brebis\\\/\",\"url\":\"https:\\\/\\\/interamerica.org\\\/fr\\\/2024\\\/07\\\/en-tant-que-dirigeants-deglise-votre-role-est-de-proteger-les-brebis\\\/\",\"name\":\"\u00ab En tant que dirigeants d\u2019\u00e9glise, votre r\u00f4le est de prot\u00e9ger les brebis \u00bb - \u00c9glise Adventiste Du Septieme Jour - Inter Am\u00e9rique Division\",\"isPartOf\":{\"@id\":\"https:\\\/\\\/interamerica.org\\\/fr\\\/#website\"},\"primaryImageOfPage\":{\"@id\":\"https:\\\/\\\/interamerica.org\\\/fr\\\/2024\\\/07\\\/en-tant-que-dirigeants-deglise-votre-role-est-de-proteger-les-brebis\\\/#primaryimage\"},\"image\":{\"@id\":\"https:\\\/\\\/interamerica.org\\\/fr\\\/2024\\\/07\\\/en-tant-que-dirigeants-deglise-votre-role-est-de-proteger-les-brebis\\\/#primaryimage\"},\"thumbnailUrl\":\"https:\\\/\\\/interamerica.org\\\/wp-content\\\/uploads\\\/2024\\\/07\\\/seld24-james-winegardner.jpg\",\"datePublished\":\"2024-07-26T15:40:42+00:00\",\"dateModified\":\"2024-07-27T01:11:52+00:00\",\"author\":{\"@id\":\"https:\\\/\\\/interamerica.org\\\/fr\\\/#\\\/schema\\\/person\\\/29998f2bc2d8bd0d38662909289b54f1\"},\"breadcrumb\":{\"@id\":\"https:\\\/\\\/interamerica.org\\\/fr\\\/2024\\\/07\\\/en-tant-que-dirigeants-deglise-votre-role-est-de-proteger-les-brebis\\\/#breadcrumb\"},\"inLanguage\":\"fr-FR\",\"potentialAction\":[{\"@type\":\"ReadAction\",\"target\":[\"https:\\\/\\\/interamerica.org\\\/fr\\\/2024\\\/07\\\/en-tant-que-dirigeants-deglise-votre-role-est-de-proteger-les-brebis\\\/\"]}]},{\"@type\":\"ImageObject\",\"inLanguage\":\"fr-FR\",\"@id\":\"https:\\\/\\\/interamerica.org\\\/fr\\\/2024\\\/07\\\/en-tant-que-dirigeants-deglise-votre-role-est-de-proteger-les-brebis\\\/#primaryimage\",\"url\":\"https:\\\/\\\/interamerica.org\\\/wp-content\\\/uploads\\\/2024\\\/07\\\/seld24-james-winegardner.jpg\",\"contentUrl\":\"https:\\\/\\\/interamerica.org\\\/wp-content\\\/uploads\\\/2024\\\/07\\\/seld24-james-winegardner.jpg\",\"width\":1000,\"height\":628,\"caption\":\"[Photo: Libna Stevens\\\/IAD]\"},{\"@type\":\"BreadcrumbList\",\"@id\":\"https:\\\/\\\/interamerica.org\\\/fr\\\/2024\\\/07\\\/en-tant-que-dirigeants-deglise-votre-role-est-de-proteger-les-brebis\\\/#breadcrumb\",\"itemListElement\":[{\"@type\":\"ListItem\",\"position\":1,\"name\":\"Home\",\"item\":\"https:\\\/\\\/interamerica.org\\\/fr\\\/\"},{\"@type\":\"ListItem\",\"position\":2,\"name\":\"\u00ab En tant que dirigeants d\u2019\u00e9glise, votre r\u00f4le est de prot\u00e9ger les brebis \u00bb\"}]},{\"@type\":\"WebSite\",\"@id\":\"https:\\\/\\\/interamerica.org\\\/fr\\\/#website\",\"url\":\"https:\\\/\\\/interamerica.org\\\/fr\\\/\",\"name\":\"\u00c9glise Adventiste Du Septieme Jour - Inter Am\u00e9rique Division\",\"description\":\"\",\"potentialAction\":[{\"@type\":\"SearchAction\",\"target\":{\"@type\":\"EntryPoint\",\"urlTemplate\":\"https:\\\/\\\/interamerica.org\\\/fr\\\/?s={search_term_string}\"},\"query-input\":{\"@type\":\"PropertyValueSpecification\",\"valueRequired\":true,\"valueName\":\"search_term_string\"}}],\"inLanguage\":\"fr-FR\"},{\"@type\":\"Person\",\"@id\":\"https:\\\/\\\/interamerica.org\\\/fr\\\/#\\\/schema\\\/person\\\/29998f2bc2d8bd0d38662909289b54f1\",\"name\":\"libna\",\"image\":{\"@type\":\"ImageObject\",\"inLanguage\":\"fr-FR\",\"@id\":\"https:\\\/\\\/secure.gravatar.com\\\/avatar\\\/7c5bd30ae4b47a9ba3c856590957fd1d96dc588bf3ac05719d247e126840331f?s=96&d=mm&r=g\",\"url\":\"https:\\\/\\\/secure.gravatar.com\\\/avatar\\\/7c5bd30ae4b47a9ba3c856590957fd1d96dc588bf3ac05719d247e126840331f?s=96&d=mm&r=g\",\"contentUrl\":\"https:\\\/\\\/secure.gravatar.com\\\/avatar\\\/7c5bd30ae4b47a9ba3c856590957fd1d96dc588bf3ac05719d247e126840331f?s=96&d=mm&r=g\",\"caption\":\"libna\"}}]}<\/script>\n<!-- \/ Yoast SEO plugin. -->","yoast_head_json":{"title":"\u00ab En tant que dirigeants d\u2019\u00e9glise, votre r\u00f4le est de prot\u00e9ger les brebis \u00bb - \u00c9glise Adventiste Du Septieme Jour - Inter Am\u00e9rique Division","robots":{"index":"index","follow":"follow","max-snippet":"max-snippet:-1","max-image-preview":"max-image-preview:large","max-video-preview":"max-video-preview:-1"},"canonical":"https:\/\/interamerica.org\/fr\/2024\/07\/en-tant-que-dirigeants-deglise-votre-role-est-de-proteger-les-brebis\/","og_locale":"fr_FR","og_type":"article","og_title":"\u00ab En tant que dirigeants d\u2019\u00e9glise, votre r\u00f4le est de prot\u00e9ger les brebis \u00bb - \u00c9glise Adventiste Du Septieme Jour - Inter Am\u00e9rique Division","og_description":"Le pr\u00e9sident d\u2019Adventist Risk Management donne des conseils et \u00e9met des avertissements lors d\u2019une session de la Conf\u00e9rence SeLD. 26 Juillet 2024 | Miami, Floride, \u00c9tats-Unis | Marcos Paseggi pour...","og_url":"https:\/\/interamerica.org\/fr\/2024\/07\/en-tant-que-dirigeants-deglise-votre-role-est-de-proteger-les-brebis\/","og_site_name":"\u00c9glise Adventiste Du Septieme Jour - Inter Am\u00e9rique Division","article_published_time":"2024-07-26T15:40:42+00:00","article_modified_time":"2024-07-27T01:11:52+00:00","og_image":[{"width":1000,"height":628,"url":"https:\/\/interamerica.org\/wp-content\/uploads\/2024\/07\/seld24-james-winegardner.jpg","type":"image\/jpeg"}],"author":"libna","twitter_card":"summary_large_image","twitter_misc":{"\u00c9crit par":"libna","Dur\u00e9e de lecture estim\u00e9e":"8 minutes"},"schema":{"@context":"https:\/\/schema.org","@graph":[{"@type":"Article","@id":"https:\/\/interamerica.org\/fr\/2024\/07\/en-tant-que-dirigeants-deglise-votre-role-est-de-proteger-les-brebis\/#article","isPartOf":{"@id":"https:\/\/interamerica.org\/fr\/2024\/07\/en-tant-que-dirigeants-deglise-votre-role-est-de-proteger-les-brebis\/"},"author":{"name":"libna","@id":"https:\/\/interamerica.org\/fr\/#\/schema\/person\/29998f2bc2d8bd0d38662909289b54f1"},"headline":"\u00ab En tant que dirigeants d\u2019\u00e9glise, votre r\u00f4le est de prot\u00e9ger les brebis \u00bb","datePublished":"2024-07-26T15:40:42+00:00","dateModified":"2024-07-27T01:11:52+00:00","mainEntityOfPage":{"@id":"https:\/\/interamerica.org\/fr\/2024\/07\/en-tant-que-dirigeants-deglise-votre-role-est-de-proteger-les-brebis\/"},"wordCount":1798,"image":{"@id":"https:\/\/interamerica.org\/fr\/2024\/07\/en-tant-que-dirigeants-deglise-votre-role-est-de-proteger-les-brebis\/#primaryimage"},"thumbnailUrl":"https:\/\/interamerica.org\/wp-content\/uploads\/2024\/07\/seld24-james-winegardner.jpg","articleSection":["Nouvelles du si\u00e8ge de la division","RSS Fran\u00e7ais"],"inLanguage":"fr-FR"},{"@type":"WebPage","@id":"https:\/\/interamerica.org\/fr\/2024\/07\/en-tant-que-dirigeants-deglise-votre-role-est-de-proteger-les-brebis\/","url":"https:\/\/interamerica.org\/fr\/2024\/07\/en-tant-que-dirigeants-deglise-votre-role-est-de-proteger-les-brebis\/","name":"\u00ab En tant que dirigeants d\u2019\u00e9glise, votre r\u00f4le est de prot\u00e9ger les brebis \u00bb - \u00c9glise Adventiste Du Septieme Jour - Inter Am\u00e9rique Division","isPartOf":{"@id":"https:\/\/interamerica.org\/fr\/#website"},"primaryImageOfPage":{"@id":"https:\/\/interamerica.org\/fr\/2024\/07\/en-tant-que-dirigeants-deglise-votre-role-est-de-proteger-les-brebis\/#primaryimage"},"image":{"@id":"https:\/\/interamerica.org\/fr\/2024\/07\/en-tant-que-dirigeants-deglise-votre-role-est-de-proteger-les-brebis\/#primaryimage"},"thumbnailUrl":"https:\/\/interamerica.org\/wp-content\/uploads\/2024\/07\/seld24-james-winegardner.jpg","datePublished":"2024-07-26T15:40:42+00:00","dateModified":"2024-07-27T01:11:52+00:00","author":{"@id":"https:\/\/interamerica.org\/fr\/#\/schema\/person\/29998f2bc2d8bd0d38662909289b54f1"},"breadcrumb":{"@id":"https:\/\/interamerica.org\/fr\/2024\/07\/en-tant-que-dirigeants-deglise-votre-role-est-de-proteger-les-brebis\/#breadcrumb"},"inLanguage":"fr-FR","potentialAction":[{"@type":"ReadAction","target":["https:\/\/interamerica.org\/fr\/2024\/07\/en-tant-que-dirigeants-deglise-votre-role-est-de-proteger-les-brebis\/"]}]},{"@type":"ImageObject","inLanguage":"fr-FR","@id":"https:\/\/interamerica.org\/fr\/2024\/07\/en-tant-que-dirigeants-deglise-votre-role-est-de-proteger-les-brebis\/#primaryimage","url":"https:\/\/interamerica.org\/wp-content\/uploads\/2024\/07\/seld24-james-winegardner.jpg","contentUrl":"https:\/\/interamerica.org\/wp-content\/uploads\/2024\/07\/seld24-james-winegardner.jpg","width":1000,"height":628,"caption":"[Photo: Libna Stevens\/IAD]"},{"@type":"BreadcrumbList","@id":"https:\/\/interamerica.org\/fr\/2024\/07\/en-tant-que-dirigeants-deglise-votre-role-est-de-proteger-les-brebis\/#breadcrumb","itemListElement":[{"@type":"ListItem","position":1,"name":"Home","item":"https:\/\/interamerica.org\/fr\/"},{"@type":"ListItem","position":2,"name":"\u00ab En tant que dirigeants d\u2019\u00e9glise, votre r\u00f4le est de prot\u00e9ger les brebis \u00bb"}]},{"@type":"WebSite","@id":"https:\/\/interamerica.org\/fr\/#website","url":"https:\/\/interamerica.org\/fr\/","name":"\u00c9glise Adventiste Du Septieme Jour - Inter Am\u00e9rique Division","description":"","potentialAction":[{"@type":"SearchAction","target":{"@type":"EntryPoint","urlTemplate":"https:\/\/interamerica.org\/fr\/?s={search_term_string}"},"query-input":{"@type":"PropertyValueSpecification","valueRequired":true,"valueName":"search_term_string"}}],"inLanguage":"fr-FR"},{"@type":"Person","@id":"https:\/\/interamerica.org\/fr\/#\/schema\/person\/29998f2bc2d8bd0d38662909289b54f1","name":"libna","image":{"@type":"ImageObject","inLanguage":"fr-FR","@id":"https:\/\/secure.gravatar.com\/avatar\/7c5bd30ae4b47a9ba3c856590957fd1d96dc588bf3ac05719d247e126840331f?s=96&d=mm&r=g","url":"https:\/\/secure.gravatar.com\/avatar\/7c5bd30ae4b47a9ba3c856590957fd1d96dc588bf3ac05719d247e126840331f?s=96&d=mm&r=g","contentUrl":"https:\/\/secure.gravatar.com\/avatar\/7c5bd30ae4b47a9ba3c856590957fd1d96dc588bf3ac05719d247e126840331f?s=96&d=mm&r=g","caption":"libna"}}]}},"_links":{"self":[{"href":"https:\/\/interamerica.org\/fr\/wp-json\/wp\/v2\/posts\/117464","targetHints":{"allow":["GET"]}}],"collection":[{"href":"https:\/\/interamerica.org\/fr\/wp-json\/wp\/v2\/posts"}],"about":[{"href":"https:\/\/interamerica.org\/fr\/wp-json\/wp\/v2\/types\/post"}],"author":[{"embeddable":true,"href":"https:\/\/interamerica.org\/fr\/wp-json\/wp\/v2\/users\/3"}],"replies":[{"embeddable":true,"href":"https:\/\/interamerica.org\/fr\/wp-json\/wp\/v2\/comments?post=117464"}],"version-history":[{"count":0,"href":"https:\/\/interamerica.org\/fr\/wp-json\/wp\/v2\/posts\/117464\/revisions"}],"wp:featuredmedia":[{"embeddable":true,"href":"https:\/\/interamerica.org\/fr\/wp-json\/wp\/v2\/media\/117440"}],"wp:attachment":[{"href":"https:\/\/interamerica.org\/fr\/wp-json\/wp\/v2\/media?parent=117464"}],"wp:term":[{"taxonomy":"category","embeddable":true,"href":"https:\/\/interamerica.org\/fr\/wp-json\/wp\/v2\/categories?post=117464"},{"taxonomy":"post_tag","embeddable":true,"href":"https:\/\/interamerica.org\/fr\/wp-json\/wp\/v2\/tags?post=117464"}],"curies":[{"name":"wp","href":"https:\/\/api.w.org\/{rel}","templated":true}]}}