{"id":117846,"date":"2024-08-07T09:44:48","date_gmt":"2024-08-07T13:44:48","guid":{"rendered":"https:\/\/interamerica.org\/?p=117846"},"modified":"2024-08-08T19:45:54","modified_gmt":"2024-08-08T23:45:54","slug":"un-ancien-eleve-de-luniversite-de-montemorelos-prepare-les-athletes-olympiques-pour-paris-2024","status":"publish","type":"post","link":"https:\/\/interamerica.org\/fr\/2024\/08\/un-ancien-eleve-de-luniversite-de-montemorelos-prepare-les-athletes-olympiques-pour-paris-2024\/","title":{"rendered":"Un ancien \u00e9l\u00e8ve de l\u2019Universit\u00e9 de Montemorelos pr\u00e9pare les athl\u00e8tes olympiques pour Paris 2024"},"content":{"rendered":"<p><em>Le kin\u00e9sith\u00e9rapeute Franklin C\u00f3rdova aide les athl\u00e8tes d\u2019\u00e9lite et partage sa foi. <\/em><\/p>\n<p>7 Ao\u00fbt 2024 | Montemorelos, Nuevo Leon, Mexique | Laura Marrero et Actualit\u00e9s de la Division Inter Am\u00e9ricaine<\/p>\n<p>Franklin C\u00f3rdova, dipl\u00f4m\u00e9 du programme de kin\u00e9sith\u00e9rapie et de r\u00e9\u00e9ducation de l\u2019Universit\u00e9 de Montemorelos (promotion 2022), fait ce qu\u2019il aime. \u00ab Me lancer dans la r\u00e9\u00e9ducation pour le sport de haut niveau est ce qui m\u2019a motiv\u00e9 \u00e0 \u00e9tudier pour entrer dans cette profession, \u00bb a dit Franklin C\u00f3rdova. Depuis des mois, il pr\u00e9pare les athl\u00e8tes de haut niveau qui participent aux Jeux Olympiques de Paris 2024.<\/p>\n<p>Deux de ces athl\u00e8tes d\u2019\u00e9lite sont Uziel Mu\u0144oz, double m\u00e9daill\u00e9 du lancer du poids aux Jeux Panam\u00e9ricains (argent en 2023, bronze en 2019), m\u00e9daill\u00e9 de bronze aux Jeux Mondiaux Universitaires en 2019 et champion des Jeux d\u2019Am\u00e9rique Centrale et de la Cara\u00efbe en 2023 ; et le lanceur de marteau Diego del Real, qui compte deux participations aux Jeux Olympiques, tous deux originaires de Monterrey, au Mexique.<\/p>\n<p><div id=\"attachment_117795\" style=\"width: 899px\" class=\"wp-caption aligncenter\"><img fetchpriority=\"high\" decoding=\"async\" aria-describedby=\"caption-attachment-117795\" class=\" wp-image-117794\" src=\"https:\/\/interamerica.org\/wp-content\/uploads\/2024\/08\/um-pt-trainer.jpg\" alt=\"\" width=\"889\" height=\"500\" srcset=\"https:\/\/interamerica.org\/wp-content\/uploads\/2024\/08\/um-pt-trainer.jpg 1024w, https:\/\/interamerica.org\/wp-content\/uploads\/2024\/08\/um-pt-trainer-300x169.jpg 300w, https:\/\/interamerica.org\/wp-content\/uploads\/2024\/08\/um-pt-trainer-768x432.jpg 768w\" sizes=\"(max-width: 889px) 100vw, 889px\" \/><p id=\"caption-attachment-117795\" class=\"wp-caption-text\">Franklin C\u00f3rdova (\u00e0 gauche), dipl\u00f4m\u00e9 en kin\u00e9sith\u00e9rapie de l\u2019Universit\u00e9 de Montemorelos au Mexique, se tient \u00e0 c\u00f4t\u00e9 d\u2019Uziel Mu\u00f1oz (au centre), lanceur de poids qui participe aux Jeux Olympiques de Paris 2024, \u00e0 c\u00f4t\u00e9 de son entra\u00eeneur Alejandro Laberdesque. [Photo : avec l\u2019aimable autorisation de Franklin C\u00f3rdova].<\/p><\/div>Franklin C\u00f3rdova a un engagement, celui d\u2019am\u00e9liorer les performances et de pr\u00e9venir les blessures d\u2019Uziel Mu\u00f1oz, de Diego del Real et de bien d\u2019autres. Il a d\u00e9cid\u00e9 de se sp\u00e9cialiser en kin\u00e9sith\u00e9rapie en raison de sa passion pour le sport, avec un accent particulier sur les performances de haut niveau.<\/p>\n<p>Alors qu\u2019il \u00e9tudiait \u00e0 Montemorelos, il a fait son ann\u00e9e obligatoire de service social \u00e0 la Clinique Medico sportive Sportsmed \u00e0 Monterrey, connue pour son exp\u00e9rience avec les athl\u00e8tes de haut niveau. C\u2019est l\u00e0 qu\u2019il a \u00e9t\u00e9 embauch\u00e9 comme employ\u00e9 \u00e0 temps partiel trois mois apr\u00e8s avoir commenc\u00e9. Cela a marqu\u00e9 le d\u00e9but de sa carri\u00e8re professionnelle. \u00ab \u00c0 la clinique, j\u2019ai rencontr\u00e9 de nombreux athl\u00e8tes de haut niveau qui appr\u00e9ciaient mon travail, ce qui m\u2019a ouvert les portes pour collaborer directement avec eux, \u00bb a-t-il comment\u00e9. Au cours de ses deux ann\u00e9es chez Sportsmed, Franklin C\u00f3rdova a dit qu\u2019il a non seulement acquis des comp\u00e9tences techniques avanc\u00e9es, mais qu\u2019il a \u00e9galement \u00e9tabli des contacts cl\u00e9s qui lui ont permis de rejoindre le cercle des entra\u00eeneurs d\u2019\u00e9lite.<\/p>\n<p>Au-del\u00e0 de son r\u00f4le de kin\u00e9sith\u00e9rapeute, Franklin C\u00f3rdova souligne ce qu\u2019il consid\u00e8re comme important : la n\u00e9cessit\u00e9 d\u2019int\u00e9grer la foi dans sa pratique professionnelle. \u00ab Je consid\u00e8re qu\u2019il n\u2019y a pas un cadre unique pour pr\u00eacher l\u2019\u00e9vangile, et \u00e0 de nombreuses occasions, j\u2019ai d\u00fb faire du travail missionnaire dans ce domaine, \u00bb a-t-il d\u00e9clar\u00e9. \u00ab Souvent, les athl\u00e8tes ont besoin d\u2019espoir, d\u2019une force suppl\u00e9mentaire qu\u2019ils ne peuvent obtenir nulle part ailleurs sinon en Dieu. \u00bb<\/p>\n<p><div id=\"attachment_117808\" style=\"width: 906px\" class=\"wp-caption aligncenter\"><img decoding=\"async\" aria-describedby=\"caption-attachment-117808\" class=\" wp-image-117807\" src=\"https:\/\/interamerica.org\/wp-content\/uploads\/2024\/08\/cordova-ptherapy.jpg\" alt=\"\" width=\"896\" height=\"506\" srcset=\"https:\/\/interamerica.org\/wp-content\/uploads\/2024\/08\/cordova-ptherapy.jpg 1000w, https:\/\/interamerica.org\/wp-content\/uploads\/2024\/08\/cordova-ptherapy-300x170.jpg 300w, https:\/\/interamerica.org\/wp-content\/uploads\/2024\/08\/cordova-ptherapy-768x434.jpg 768w\" sizes=\"(max-width: 896px) 100vw, 896px\" \/><p id=\"caption-attachment-117808\" class=\"wp-caption-text\">Franklin C\u00f3rdoba propose des services de kin\u00e9sith\u00e9rapie \u00e0 un client dans son cabinet. [Photo : avec l\u2019aimable autorisation de Franklin C\u00f3rdoba]<\/p><\/div>Franklin C\u00f3rdova a eu l\u2019occasion de voir comment la communion avec Dieu peut avoir un impact positif sur les athl\u00e8tes, les aidant \u00e0 se sentir plus en s\u00e9curit\u00e9 et en paix, ce qui alors am\u00e9liore leurs performances psychologiques et physiques.<\/p>\n<p>La kin\u00e9sith\u00e9rapie dans le sport de haut niveau joue un r\u00f4le essentiel non seulement dans la gu\u00e9rison des blessures, mais aussi dans l\u2019optimisation des performances sportives et dans la pr\u00e9vention des probl\u00e8mes musculosquelettiques, en plus de r\u00e9duire consid\u00e9rablement le risque de blessure et d\u2019am\u00e9liorer la fonctionnalit\u00e9 physique, a d\u00e9clar\u00e9 Franklin C\u00f3rdova. \u00ab Ce que j\u2019aime le plus dans la r\u00e9\u00e9ducation sportive, ce sont les protocoles et les m\u00e9thodes qui sont utilis\u00e9s pour r\u00e9\u00e9duquer ces personnes qui doivent toujours donner 100 pour cent, car ils s\u2019appuient sur des mouvements et des sch\u00e9mas de mouvement sains, et sont applicables \u00e0 toute personne ayant des os, des muscles, des tendons, des ligaments ou des articulations. \u00bb<\/p>\n<p>En plus de son cabinet ind\u00e9pendant, Franklin C\u00f3rdova poursuit actuellement une sp\u00e9cialisation en r\u00e9\u00e9ducation sportive. Sa formation continue et son exp\u00e9rience pratique lui permettent d\u2019appliquer une approche int\u00e9grale \u00e0 la sant\u00e9 de ses patients, en tenant compte \u00e0 la fois de la r\u00e9\u00e9ducation et de la pr\u00e9vention. \u00ab J\u2019ai compris qu\u2019en tant que kin\u00e9sith\u00e9rapeutes, nous devrions nous appeler sp\u00e9cialistes du mouvement. Cette science du mouvement est ce que nous devons amener \u00e0 tous les athl\u00e8tes afin qu\u2019ils puissent mieux faire ce qu\u2019ils savent d\u00e9j\u00e0 faire, \u00bb a expliqu\u00e9 Franklin C\u00f3rdova.<\/p>\n<p><div id=\"attachment_117798\" style=\"width: 646px\" class=\"wp-caption aligncenter\"><img decoding=\"async\" aria-describedby=\"caption-attachment-117798\" class=\" wp-image-117797\" src=\"https:\/\/interamerica.org\/wp-content\/uploads\/2024\/08\/um-trainign-munoz.jpeg\" alt=\"\" width=\"636\" height=\"628\" srcset=\"https:\/\/interamerica.org\/wp-content\/uploads\/2024\/08\/um-trainign-munoz.jpeg 536w, https:\/\/interamerica.org\/wp-content\/uploads\/2024\/08\/um-trainign-munoz-300x297.jpeg 300w\" sizes=\"(max-width: 636px) 100vw, 636px\" \/><p id=\"caption-attachment-117798\" class=\"wp-caption-text\">Uziel Mu\u00f1oz (\u00e0 droite) discute avec son entra\u00eeneur Alejandro Laberdesque (au centre) sous les yeux de Franklin C\u00f3rdova lors d\u2019une comp\u00e9tition r\u00e9cemment. [Photo : avec l\u2019aimable autorisation de Franklin C\u00f3rdova].<\/p><\/div>La science du mouvement humain est un domaine qui combine la connaissance de l\u2019anatomie, de la biom\u00e9canique et de la physiologie, et elle est essentielle \u00e0 la conception de programmes d\u2019entra\u00eenement et de r\u00e9\u00e9ducation qui maximisent les performances et minimisent le risque de blessure. Les physioth\u00e9rapeutes sportifs comme lui travaillent en \u00e9troite collaboration avec d\u2019autres professionnels de la sant\u00e9 et du sport, tels que des m\u00e9decins, des entra\u00eeneurs et des nutritionnistes, pour cr\u00e9er une approche multidisciplinaire qui r\u00e9ponde \u00e0 tous les besoins des athl\u00e8tes, a ajout\u00e9 Franklin C\u00f3rdoba.<\/p>\n<p>\u00ab La pr\u00e9paration que j\u2019ai re\u00e7ue \u00e0 l\u2019\u00e9cole m\u2019a donn\u00e9 les bases pour me lancer dans ce nouveau domaine, \u00bb a-t-il d\u00e9clar\u00e9. \u00ab J\u2019esp\u00e8re toujours pouvoir avoir un bon jugement clinique et \u00eatre en mesure de proposer la meilleure r\u00e9\u00e9ducation \u00e0 chaque patient. \u00bb Franklin C\u00f3rdova est d\u00e9termin\u00e9 \u00e0 continuer \u00e0 se consacrer au sport et \u00e0 la kin\u00e9sith\u00e9rapie pour la haute performance aussi longtemps que Dieu le permettra. Il veut aider les athl\u00e8tes de tous les niveaux \u00e0 atteindre leur potentiel maximum tout en partageant avec eux des conseils dans le domaine spirituel, a dit Franklin Cordova. \u00ab C\u2019est un sc\u00e9nario dans lequel nous devons et devrions parler de Dieu plus souvent, \u00bb a dit Franklin Cordova.<\/p>\n<p>Les r\u00e9sultats finaux des Jeux Olympiques montrent qu\u2019Uziel Mu\u00f1oz s\u2019est class\u00e9 8\u00e8me le 3 ao\u00fbt et Diego del Real 22\u00e8me le 2 ao\u00fbt 2024.<\/p>\n<p>Pour l\u2019instant, Franklin C\u00f3rdova attend d\u2019\u00e9couter le t\u00e9moignage de l\u2019exp\u00e9rience olympique d\u2019Uziel Mu\u00f1oz et de Diego del Real une fois qu\u2019ils seront de retour chez eux.<\/p>\n<p>Traduction: Patrick Luciathe<\/p>\n","protected":false},"excerpt":{"rendered":"<p>Le kin\u00e9sith\u00e9rapeute Franklin C\u00f3rdova aide les athl\u00e8tes d\u2019\u00e9lite et partage sa foi. 7 Ao\u00fbt 2024 | Montemorelos, Nuevo Leon, Mexique | Laura Marrero et Actualit\u00e9s de la Division Inter Am\u00e9ricaine&#8230;<\/p>\n","protected":false},"author":3,"featured_media":117795,"comment_status":"closed","ping_status":"closed","sticky":false,"template":"","format":"standard","meta":{"_acf_changed":false,"footnotes":""},"categories":[20,19],"tags":[],"class_list":["post-117846","post","type-post","status-publish","format-standard","has-post-thumbnail","hentry","category-nouvelles-du-siege-de-la-division","category-rss-francais"],"acf":[],"yoast_head":"<!-- This site is optimized with the Yoast SEO plugin v27.3 - https:\/\/yoast.com\/product\/yoast-seo-wordpress\/ -->\n<title>Un ancien \u00e9l\u00e8ve de l\u2019Universit\u00e9 de Montemorelos pr\u00e9pare les athl\u00e8tes olympiques pour Paris 2024 - \u00c9glise Adventiste Du Septieme Jour - Inter Am\u00e9rique Division<\/title>\n<meta name=\"robots\" content=\"index, follow, max-snippet:-1, max-image-preview:large, max-video-preview:-1\" \/>\n<link rel=\"canonical\" href=\"https:\/\/interamerica.org\/fr\/2024\/08\/un-ancien-eleve-de-luniversite-de-montemorelos-prepare-les-athletes-olympiques-pour-paris-2024\/\" \/>\n<meta property=\"og:locale\" content=\"fr_FR\" \/>\n<meta property=\"og:type\" content=\"article\" \/>\n<meta property=\"og:title\" content=\"Un ancien \u00e9l\u00e8ve de l\u2019Universit\u00e9 de Montemorelos pr\u00e9pare les athl\u00e8tes olympiques pour Paris 2024 - \u00c9glise Adventiste Du Septieme Jour - Inter Am\u00e9rique Division\" \/>\n<meta property=\"og:description\" content=\"Le kin\u00e9sith\u00e9rapeute Franklin C\u00f3rdova aide les athl\u00e8tes d\u2019\u00e9lite et partage sa foi. 7 Ao\u00fbt 2024 | Montemorelos, Nuevo Leon, Mexique | Laura Marrero et Actualit\u00e9s de la Division Inter Am\u00e9ricaine...\" \/>\n<meta property=\"og:url\" content=\"https:\/\/interamerica.org\/fr\/2024\/08\/un-ancien-eleve-de-luniversite-de-montemorelos-prepare-les-athletes-olympiques-pour-paris-2024\/\" \/>\n<meta property=\"og:site_name\" content=\"\u00c9glise Adventiste Du Septieme Jour - Inter Am\u00e9rique Division\" \/>\n<meta property=\"article:published_time\" content=\"2024-08-07T13:44:48+00:00\" \/>\n<meta property=\"article:modified_time\" content=\"2024-08-08T23:45:54+00:00\" \/>\n<meta property=\"og:image\" content=\"https:\/\/interamerica.org\/wp-content\/uploads\/2024\/08\/um-pt-trainer.jpg\" \/>\n\t<meta property=\"og:image:width\" content=\"1024\" \/>\n\t<meta property=\"og:image:height\" content=\"576\" \/>\n\t<meta property=\"og:image:type\" content=\"image\/jpeg\" \/>\n<meta name=\"author\" content=\"libna\" \/>\n<meta name=\"twitter:card\" content=\"summary_large_image\" \/>\n<meta name=\"twitter:label1\" content=\"\u00c9crit par\" \/>\n\t<meta name=\"twitter:data1\" content=\"libna\" \/>\n\t<meta name=\"twitter:label2\" content=\"Dur\u00e9e de lecture estim\u00e9e\" \/>\n\t<meta name=\"twitter:data2\" content=\"6 minutes\" \/>\n<script type=\"application\/ld+json\" class=\"yoast-schema-graph\">{\"@context\":\"https:\\\/\\\/schema.org\",\"@graph\":[{\"@type\":\"Article\",\"@id\":\"https:\\\/\\\/interamerica.org\\\/fr\\\/2024\\\/08\\\/un-ancien-eleve-de-luniversite-de-montemorelos-prepare-les-athletes-olympiques-pour-paris-2024\\\/#article\",\"isPartOf\":{\"@id\":\"https:\\\/\\\/interamerica.org\\\/fr\\\/2024\\\/08\\\/un-ancien-eleve-de-luniversite-de-montemorelos-prepare-les-athletes-olympiques-pour-paris-2024\\\/\"},\"author\":{\"name\":\"libna\",\"@id\":\"https:\\\/\\\/interamerica.org\\\/fr\\\/#\\\/schema\\\/person\\\/29998f2bc2d8bd0d38662909289b54f1\"},\"headline\":\"Un ancien \u00e9l\u00e8ve de l\u2019Universit\u00e9 de Montemorelos pr\u00e9pare les athl\u00e8tes olympiques pour Paris 2024\",\"datePublished\":\"2024-08-07T13:44:48+00:00\",\"dateModified\":\"2024-08-08T23:45:54+00:00\",\"mainEntityOfPage\":{\"@id\":\"https:\\\/\\\/interamerica.org\\\/fr\\\/2024\\\/08\\\/un-ancien-eleve-de-luniversite-de-montemorelos-prepare-les-athletes-olympiques-pour-paris-2024\\\/\"},\"wordCount\":1187,\"image\":{\"@id\":\"https:\\\/\\\/interamerica.org\\\/fr\\\/2024\\\/08\\\/un-ancien-eleve-de-luniversite-de-montemorelos-prepare-les-athletes-olympiques-pour-paris-2024\\\/#primaryimage\"},\"thumbnailUrl\":\"https:\\\/\\\/interamerica.org\\\/wp-content\\\/uploads\\\/2024\\\/08\\\/um-pt-trainer.jpg\",\"articleSection\":[\"Nouvelles du si\u00e8ge de la division\",\"RSS Fran\u00e7ais\"],\"inLanguage\":\"fr-FR\"},{\"@type\":\"WebPage\",\"@id\":\"https:\\\/\\\/interamerica.org\\\/fr\\\/2024\\\/08\\\/un-ancien-eleve-de-luniversite-de-montemorelos-prepare-les-athletes-olympiques-pour-paris-2024\\\/\",\"url\":\"https:\\\/\\\/interamerica.org\\\/fr\\\/2024\\\/08\\\/un-ancien-eleve-de-luniversite-de-montemorelos-prepare-les-athletes-olympiques-pour-paris-2024\\\/\",\"name\":\"Un ancien \u00e9l\u00e8ve de l\u2019Universit\u00e9 de Montemorelos pr\u00e9pare les athl\u00e8tes olympiques pour Paris 2024 - \u00c9glise Adventiste Du Septieme Jour - Inter Am\u00e9rique Division\",\"isPartOf\":{\"@id\":\"https:\\\/\\\/interamerica.org\\\/fr\\\/#website\"},\"primaryImageOfPage\":{\"@id\":\"https:\\\/\\\/interamerica.org\\\/fr\\\/2024\\\/08\\\/un-ancien-eleve-de-luniversite-de-montemorelos-prepare-les-athletes-olympiques-pour-paris-2024\\\/#primaryimage\"},\"image\":{\"@id\":\"https:\\\/\\\/interamerica.org\\\/fr\\\/2024\\\/08\\\/un-ancien-eleve-de-luniversite-de-montemorelos-prepare-les-athletes-olympiques-pour-paris-2024\\\/#primaryimage\"},\"thumbnailUrl\":\"https:\\\/\\\/interamerica.org\\\/wp-content\\\/uploads\\\/2024\\\/08\\\/um-pt-trainer.jpg\",\"datePublished\":\"2024-08-07T13:44:48+00:00\",\"dateModified\":\"2024-08-08T23:45:54+00:00\",\"author\":{\"@id\":\"https:\\\/\\\/interamerica.org\\\/fr\\\/#\\\/schema\\\/person\\\/29998f2bc2d8bd0d38662909289b54f1\"},\"breadcrumb\":{\"@id\":\"https:\\\/\\\/interamerica.org\\\/fr\\\/2024\\\/08\\\/un-ancien-eleve-de-luniversite-de-montemorelos-prepare-les-athletes-olympiques-pour-paris-2024\\\/#breadcrumb\"},\"inLanguage\":\"fr-FR\",\"potentialAction\":[{\"@type\":\"ReadAction\",\"target\":[\"https:\\\/\\\/interamerica.org\\\/fr\\\/2024\\\/08\\\/un-ancien-eleve-de-luniversite-de-montemorelos-prepare-les-athletes-olympiques-pour-paris-2024\\\/\"]}]},{\"@type\":\"ImageObject\",\"inLanguage\":\"fr-FR\",\"@id\":\"https:\\\/\\\/interamerica.org\\\/fr\\\/2024\\\/08\\\/un-ancien-eleve-de-luniversite-de-montemorelos-prepare-les-athletes-olympiques-pour-paris-2024\\\/#primaryimage\",\"url\":\"https:\\\/\\\/interamerica.org\\\/wp-content\\\/uploads\\\/2024\\\/08\\\/um-pt-trainer.jpg\",\"contentUrl\":\"https:\\\/\\\/interamerica.org\\\/wp-content\\\/uploads\\\/2024\\\/08\\\/um-pt-trainer.jpg\",\"width\":1024,\"height\":576,\"caption\":\"Franklin C\u00f3rdova (left), graduate from Physical Therapy at Montemorelos University in Mexico, stands next to Uziel Mu\u00f1oz (center), lanzador de bala y su entrenador Alejandro Laberdesque. Fotograf\u00eda por: Franklin C\u00f3rdova.\"},{\"@type\":\"BreadcrumbList\",\"@id\":\"https:\\\/\\\/interamerica.org\\\/fr\\\/2024\\\/08\\\/un-ancien-eleve-de-luniversite-de-montemorelos-prepare-les-athletes-olympiques-pour-paris-2024\\\/#breadcrumb\",\"itemListElement\":[{\"@type\":\"ListItem\",\"position\":1,\"name\":\"Home\",\"item\":\"https:\\\/\\\/interamerica.org\\\/fr\\\/\"},{\"@type\":\"ListItem\",\"position\":2,\"name\":\"Un ancien \u00e9l\u00e8ve de l\u2019Universit\u00e9 de Montemorelos pr\u00e9pare les athl\u00e8tes olympiques pour Paris 2024\"}]},{\"@type\":\"WebSite\",\"@id\":\"https:\\\/\\\/interamerica.org\\\/fr\\\/#website\",\"url\":\"https:\\\/\\\/interamerica.org\\\/fr\\\/\",\"name\":\"\u00c9glise Adventiste Du Septieme Jour - Inter Am\u00e9rique Division\",\"description\":\"\",\"potentialAction\":[{\"@type\":\"SearchAction\",\"target\":{\"@type\":\"EntryPoint\",\"urlTemplate\":\"https:\\\/\\\/interamerica.org\\\/fr\\\/?s={search_term_string}\"},\"query-input\":{\"@type\":\"PropertyValueSpecification\",\"valueRequired\":true,\"valueName\":\"search_term_string\"}}],\"inLanguage\":\"fr-FR\"},{\"@type\":\"Person\",\"@id\":\"https:\\\/\\\/interamerica.org\\\/fr\\\/#\\\/schema\\\/person\\\/29998f2bc2d8bd0d38662909289b54f1\",\"name\":\"libna\",\"image\":{\"@type\":\"ImageObject\",\"inLanguage\":\"fr-FR\",\"@id\":\"https:\\\/\\\/secure.gravatar.com\\\/avatar\\\/7c5bd30ae4b47a9ba3c856590957fd1d96dc588bf3ac05719d247e126840331f?s=96&d=mm&r=g\",\"url\":\"https:\\\/\\\/secure.gravatar.com\\\/avatar\\\/7c5bd30ae4b47a9ba3c856590957fd1d96dc588bf3ac05719d247e126840331f?s=96&d=mm&r=g\",\"contentUrl\":\"https:\\\/\\\/secure.gravatar.com\\\/avatar\\\/7c5bd30ae4b47a9ba3c856590957fd1d96dc588bf3ac05719d247e126840331f?s=96&d=mm&r=g\",\"caption\":\"libna\"}}]}<\/script>\n<!-- \/ Yoast SEO plugin. -->","yoast_head_json":{"title":"Un ancien \u00e9l\u00e8ve de l\u2019Universit\u00e9 de Montemorelos pr\u00e9pare les athl\u00e8tes olympiques pour Paris 2024 - \u00c9glise Adventiste Du Septieme Jour - Inter Am\u00e9rique Division","robots":{"index":"index","follow":"follow","max-snippet":"max-snippet:-1","max-image-preview":"max-image-preview:large","max-video-preview":"max-video-preview:-1"},"canonical":"https:\/\/interamerica.org\/fr\/2024\/08\/un-ancien-eleve-de-luniversite-de-montemorelos-prepare-les-athletes-olympiques-pour-paris-2024\/","og_locale":"fr_FR","og_type":"article","og_title":"Un ancien \u00e9l\u00e8ve de l\u2019Universit\u00e9 de Montemorelos pr\u00e9pare les athl\u00e8tes olympiques pour Paris 2024 - \u00c9glise Adventiste Du Septieme Jour - Inter Am\u00e9rique Division","og_description":"Le kin\u00e9sith\u00e9rapeute Franklin C\u00f3rdova aide les athl\u00e8tes d\u2019\u00e9lite et partage sa foi. 7 Ao\u00fbt 2024 | Montemorelos, Nuevo Leon, Mexique | Laura Marrero et Actualit\u00e9s de la Division Inter Am\u00e9ricaine...","og_url":"https:\/\/interamerica.org\/fr\/2024\/08\/un-ancien-eleve-de-luniversite-de-montemorelos-prepare-les-athletes-olympiques-pour-paris-2024\/","og_site_name":"\u00c9glise Adventiste Du Septieme Jour - Inter Am\u00e9rique Division","article_published_time":"2024-08-07T13:44:48+00:00","article_modified_time":"2024-08-08T23:45:54+00:00","og_image":[{"width":1024,"height":576,"url":"https:\/\/interamerica.org\/wp-content\/uploads\/2024\/08\/um-pt-trainer.jpg","type":"image\/jpeg"}],"author":"libna","twitter_card":"summary_large_image","twitter_misc":{"\u00c9crit par":"libna","Dur\u00e9e de lecture estim\u00e9e":"6 minutes"},"schema":{"@context":"https:\/\/schema.org","@graph":[{"@type":"Article","@id":"https:\/\/interamerica.org\/fr\/2024\/08\/un-ancien-eleve-de-luniversite-de-montemorelos-prepare-les-athletes-olympiques-pour-paris-2024\/#article","isPartOf":{"@id":"https:\/\/interamerica.org\/fr\/2024\/08\/un-ancien-eleve-de-luniversite-de-montemorelos-prepare-les-athletes-olympiques-pour-paris-2024\/"},"author":{"name":"libna","@id":"https:\/\/interamerica.org\/fr\/#\/schema\/person\/29998f2bc2d8bd0d38662909289b54f1"},"headline":"Un ancien \u00e9l\u00e8ve de l\u2019Universit\u00e9 de Montemorelos pr\u00e9pare les athl\u00e8tes olympiques pour Paris 2024","datePublished":"2024-08-07T13:44:48+00:00","dateModified":"2024-08-08T23:45:54+00:00","mainEntityOfPage":{"@id":"https:\/\/interamerica.org\/fr\/2024\/08\/un-ancien-eleve-de-luniversite-de-montemorelos-prepare-les-athletes-olympiques-pour-paris-2024\/"},"wordCount":1187,"image":{"@id":"https:\/\/interamerica.org\/fr\/2024\/08\/un-ancien-eleve-de-luniversite-de-montemorelos-prepare-les-athletes-olympiques-pour-paris-2024\/#primaryimage"},"thumbnailUrl":"https:\/\/interamerica.org\/wp-content\/uploads\/2024\/08\/um-pt-trainer.jpg","articleSection":["Nouvelles du si\u00e8ge de la division","RSS Fran\u00e7ais"],"inLanguage":"fr-FR"},{"@type":"WebPage","@id":"https:\/\/interamerica.org\/fr\/2024\/08\/un-ancien-eleve-de-luniversite-de-montemorelos-prepare-les-athletes-olympiques-pour-paris-2024\/","url":"https:\/\/interamerica.org\/fr\/2024\/08\/un-ancien-eleve-de-luniversite-de-montemorelos-prepare-les-athletes-olympiques-pour-paris-2024\/","name":"Un ancien \u00e9l\u00e8ve de l\u2019Universit\u00e9 de Montemorelos pr\u00e9pare les athl\u00e8tes olympiques pour Paris 2024 - \u00c9glise Adventiste Du Septieme Jour - Inter Am\u00e9rique Division","isPartOf":{"@id":"https:\/\/interamerica.org\/fr\/#website"},"primaryImageOfPage":{"@id":"https:\/\/interamerica.org\/fr\/2024\/08\/un-ancien-eleve-de-luniversite-de-montemorelos-prepare-les-athletes-olympiques-pour-paris-2024\/#primaryimage"},"image":{"@id":"https:\/\/interamerica.org\/fr\/2024\/08\/un-ancien-eleve-de-luniversite-de-montemorelos-prepare-les-athletes-olympiques-pour-paris-2024\/#primaryimage"},"thumbnailUrl":"https:\/\/interamerica.org\/wp-content\/uploads\/2024\/08\/um-pt-trainer.jpg","datePublished":"2024-08-07T13:44:48+00:00","dateModified":"2024-08-08T23:45:54+00:00","author":{"@id":"https:\/\/interamerica.org\/fr\/#\/schema\/person\/29998f2bc2d8bd0d38662909289b54f1"},"breadcrumb":{"@id":"https:\/\/interamerica.org\/fr\/2024\/08\/un-ancien-eleve-de-luniversite-de-montemorelos-prepare-les-athletes-olympiques-pour-paris-2024\/#breadcrumb"},"inLanguage":"fr-FR","potentialAction":[{"@type":"ReadAction","target":["https:\/\/interamerica.org\/fr\/2024\/08\/un-ancien-eleve-de-luniversite-de-montemorelos-prepare-les-athletes-olympiques-pour-paris-2024\/"]}]},{"@type":"ImageObject","inLanguage":"fr-FR","@id":"https:\/\/interamerica.org\/fr\/2024\/08\/un-ancien-eleve-de-luniversite-de-montemorelos-prepare-les-athletes-olympiques-pour-paris-2024\/#primaryimage","url":"https:\/\/interamerica.org\/wp-content\/uploads\/2024\/08\/um-pt-trainer.jpg","contentUrl":"https:\/\/interamerica.org\/wp-content\/uploads\/2024\/08\/um-pt-trainer.jpg","width":1024,"height":576,"caption":"Franklin C\u00f3rdova (left), graduate from Physical Therapy at Montemorelos University in Mexico, stands next to Uziel Mu\u00f1oz (center), lanzador de bala y su entrenador Alejandro Laberdesque. Fotograf\u00eda por: Franklin C\u00f3rdova."},{"@type":"BreadcrumbList","@id":"https:\/\/interamerica.org\/fr\/2024\/08\/un-ancien-eleve-de-luniversite-de-montemorelos-prepare-les-athletes-olympiques-pour-paris-2024\/#breadcrumb","itemListElement":[{"@type":"ListItem","position":1,"name":"Home","item":"https:\/\/interamerica.org\/fr\/"},{"@type":"ListItem","position":2,"name":"Un ancien \u00e9l\u00e8ve de l\u2019Universit\u00e9 de Montemorelos pr\u00e9pare les athl\u00e8tes olympiques pour Paris 2024"}]},{"@type":"WebSite","@id":"https:\/\/interamerica.org\/fr\/#website","url":"https:\/\/interamerica.org\/fr\/","name":"\u00c9glise Adventiste Du Septieme Jour - Inter Am\u00e9rique Division","description":"","potentialAction":[{"@type":"SearchAction","target":{"@type":"EntryPoint","urlTemplate":"https:\/\/interamerica.org\/fr\/?s={search_term_string}"},"query-input":{"@type":"PropertyValueSpecification","valueRequired":true,"valueName":"search_term_string"}}],"inLanguage":"fr-FR"},{"@type":"Person","@id":"https:\/\/interamerica.org\/fr\/#\/schema\/person\/29998f2bc2d8bd0d38662909289b54f1","name":"libna","image":{"@type":"ImageObject","inLanguage":"fr-FR","@id":"https:\/\/secure.gravatar.com\/avatar\/7c5bd30ae4b47a9ba3c856590957fd1d96dc588bf3ac05719d247e126840331f?s=96&d=mm&r=g","url":"https:\/\/secure.gravatar.com\/avatar\/7c5bd30ae4b47a9ba3c856590957fd1d96dc588bf3ac05719d247e126840331f?s=96&d=mm&r=g","contentUrl":"https:\/\/secure.gravatar.com\/avatar\/7c5bd30ae4b47a9ba3c856590957fd1d96dc588bf3ac05719d247e126840331f?s=96&d=mm&r=g","caption":"libna"}}]}},"_links":{"self":[{"href":"https:\/\/interamerica.org\/fr\/wp-json\/wp\/v2\/posts\/117846","targetHints":{"allow":["GET"]}}],"collection":[{"href":"https:\/\/interamerica.org\/fr\/wp-json\/wp\/v2\/posts"}],"about":[{"href":"https:\/\/interamerica.org\/fr\/wp-json\/wp\/v2\/types\/post"}],"author":[{"embeddable":true,"href":"https:\/\/interamerica.org\/fr\/wp-json\/wp\/v2\/users\/3"}],"replies":[{"embeddable":true,"href":"https:\/\/interamerica.org\/fr\/wp-json\/wp\/v2\/comments?post=117846"}],"version-history":[{"count":0,"href":"https:\/\/interamerica.org\/fr\/wp-json\/wp\/v2\/posts\/117846\/revisions"}],"wp:featuredmedia":[{"embeddable":true,"href":"https:\/\/interamerica.org\/fr\/wp-json\/wp\/v2\/media\/117795"}],"wp:attachment":[{"href":"https:\/\/interamerica.org\/fr\/wp-json\/wp\/v2\/media?parent=117846"}],"wp:term":[{"taxonomy":"category","embeddable":true,"href":"https:\/\/interamerica.org\/fr\/wp-json\/wp\/v2\/categories?post=117846"},{"taxonomy":"post_tag","embeddable":true,"href":"https:\/\/interamerica.org\/fr\/wp-json\/wp\/v2\/tags?post=117846"}],"curies":[{"name":"wp","href":"https:\/\/api.w.org\/{rel}","templated":true}]}}