{"id":118048,"date":"2024-08-09T09:09:25","date_gmt":"2024-08-09T13:09:25","guid":{"rendered":"https:\/\/interamerica.org\/?p=118048"},"modified":"2024-08-12T11:34:35","modified_gmt":"2024-08-12T15:34:35","slug":"un-festival-du-film-au-mexique-met-en-lumiere-lengagement-a-proclamer-levangile","status":"publish","type":"post","link":"https:\/\/interamerica.org\/fr\/2024\/08\/un-festival-du-film-au-mexique-met-en-lumiere-lengagement-a-proclamer-levangile\/","title":{"rendered":"Un festival du film au Mexique met en lumi\u00e8re l\u2019engagement \u00e0 proclamer l\u2019\u00e9vangile"},"content":{"rendered":"<p><div id=\"attachment_117996\" style=\"width: 863px\" class=\"wp-caption aligncenter\"><img fetchpriority=\"high\" decoding=\"async\" aria-describedby=\"caption-attachment-117996\" class=\" wp-image-117995\" src=\"https:\/\/interamerica.org\/wp-content\/uploads\/2024\/08\/chiapas-filmfestival-panel.jpg\" alt=\"\" width=\"853\" height=\"568\" srcset=\"https:\/\/interamerica.org\/wp-content\/uploads\/2024\/08\/chiapas-filmfestival-panel.jpg 1000w, https:\/\/interamerica.org\/wp-content\/uploads\/2024\/08\/chiapas-filmfestival-panel-300x200.jpg 300w, https:\/\/interamerica.org\/wp-content\/uploads\/2024\/08\/chiapas-filmfestival-panel-768x511.jpg 768w\" sizes=\"(max-width: 853px) 100vw, 853px\" \/><p id=\"caption-attachment-117996\" class=\"wp-caption-text\">Un panel d\u2019experts en production cin\u00e9matographique s\u2019adresse \u00e0 plus de 120 r\u00e9alisateurs cr\u00e9atifs de projets audiovisuels, de dirigeants de champs locaux, de responsables de la communication et d\u2019invit\u00e9s sp\u00e9ciaux lors du premier festival du film dirig\u00e9 par l\u2019\u00c9glise adventiste dans l\u2019Union Mexicaine du Chiapas \u00e0 Tuxtla Guti\u00e9rrez, dans le Chiapas, au Mexique, au Centre d\u2019\u00c9v\u00e8nements du Centenaire, du 19 au 20 juillet 2024. Le programme a permis de pr\u00e9senter 19 courts m\u00e9trages cr\u00e9\u00e9s par des \u00e9quipes de production r\u00e9cemment form\u00e9es et venues de tout le Chiapas dans le cadre d\u2019une strat\u00e9gie globale visant \u00e0 impliquer les jeunes dans la proclamation de l\u2019\u00e9vangile par le biais de projets audiovisuels. [Photo : Union Mexicaine du Chiapas]<\/p><\/div><em>Dix-neuf films ont \u00e9t\u00e9 pr\u00e9sent\u00e9s gr\u00e2ce \u00e0 la strat\u00e9gie de l\u2019\u00c9glise adventiste dans le Chiapas qui vise \u00e0 engager les jeunes cr\u00e9atifs dans l\u2019accomplissement de la mission.<\/em><\/p>\n<p>9 Ao\u00fbt 2024 | Tuxtla Gutierrez, Chiapas, Mexique | Yosainy Oyaga et Libna Stevens, Actualit\u00e9s de la Division Inter Am\u00e9ricaine<\/p>\n<p>L\u2019\u00c9glise adventiste du septi\u00e8me jour dans l\u2019\u00e9tat du Chiapas, au Mexique, a r\u00e9cemment organis\u00e9 son premier Festival du Film lors d\u2019un rassemblement sp\u00e9cial au Centre d\u2019\u00c9v\u00e8nements du Centenaire, \u00e0 Tuxtla Guti\u00e9rrez, dans le Chiapas, au Mexique. Le programme a \u00e9t\u00e9 l\u2019occasion de pr\u00e9senter 19 courts m\u00e9trages produits par des jeunes impliqu\u00e9s dans l\u2019accomplissement de la mission (appel\u00e9s <em>Disciples Cr\u00e9atifs<\/em>), et a attir\u00e9 plus de 120 r\u00e9alisateurs cr\u00e9atifs de projets audiovisuels, des responsables de champs locaux, des responsables de la communication et des invit\u00e9s sp\u00e9ciaux.<\/p>\n<p>\u00ab Il s\u2019agit d\u2019une c\u00e9l\u00e9bration de l\u2019\u00e9vang\u00e9lisation, une c\u00e9l\u00e9bration de l\u2019engagement de chaque jeune dans la proclamation de l\u2019\u00e9vangile, \u00bb a d\u00e9clar\u00e9 pasteur Jos\u00e9 Luis Bouchot, secr\u00e9taire ex\u00e9cutif de l\u2019Union Mexicaine du Chiapas, au d\u00e9but du festival.<\/p>\n<p><div id=\"attachment_117984\" style=\"width: 861px\" class=\"wp-caption aligncenter\"><img decoding=\"async\" aria-describedby=\"caption-attachment-117984\" class=\" wp-image-117983\" src=\"https:\/\/interamerica.org\/wp-content\/uploads\/2024\/08\/chiapas-short-films-posters.jpg\" alt=\"\" width=\"851\" height=\"567\" srcset=\"https:\/\/interamerica.org\/wp-content\/uploads\/2024\/08\/chiapas-short-films-posters.jpg 1000w, https:\/\/interamerica.org\/wp-content\/uploads\/2024\/08\/chiapas-short-films-posters-300x200.jpg 300w, https:\/\/interamerica.org\/wp-content\/uploads\/2024\/08\/chiapas-short-films-posters-768x511.jpg 768w\" sizes=\"(max-width: 851px) 100vw, 851px\" \/><p id=\"caption-attachment-117984\" class=\"wp-caption-text\">Exposition d\u2019affiches des courts m\u00e9trages pr\u00e9sent\u00e9s lors du festival du film, \u00e0 Tuxtla Gutierrez, dans le Chiapas, au Mexique, du 19 au 20 juillet 2024. [Photo : Union Mexicaine du Chiapas]<\/p><\/div>Les \u00e9quipes de chacun des neuf champs du Chiapas ont eu \u00e0 c\u0153ur de s\u2019exprimer \u00e0 travers des films, d\u2019une dur\u00e9e de quatre \u00e0 trente minutes, sur le th\u00e8me assign\u00e9 \u00ab J\u00e9sus Suffit, \u00bb pr\u00e9sentant des messages de foi et d\u2019esp\u00e9rance pour un monde en difficult\u00e9 \u00e0 travers des histoires bas\u00e9es sur la vie r\u00e9elle et des histoires originales. La pr\u00e9sentation des courts m\u00e9trages a commenc\u00e9 le vendredi 19 juillet au soir.<\/p>\n<p>Pedro Mart\u00ednez fait partie des 19 chefs d\u2019\u00e9quipe du film qui ont r\u00e9alis\u00e9 \u00ab El Coyote \u00bb (Le Coyote), un film sur l\u2019histoire d\u2019un artiste r\u00e9gional mexicain qui se convertit et partage l\u2019esp\u00e9rance. \u00ab Prendre part \u00e0 ce festival et produire un court m\u00e9trage a \u00e9t\u00e9 une exp\u00e9rience tr\u00e8s enrichissante pour moi, un d\u00e9fi cr\u00e9atif important qui m\u2019a permis d\u2019\u00eatre t\u00e9moin d\u2019histoires spirituellement transformatrices qui, sans aucun doute, inspirent et consolident notre foi, \u00bb a d\u00e9clar\u00e9 Pedro Mart\u00ednez. \u00ab Sans aucun doute, ce sera un moyen d\u2019atteindre les \u00e2mes pour Christ \u00e0 travers ce minist\u00e8re. \u00bb<\/p>\n<p><div id=\"attachment_118012\" style=\"width: 857px\" class=\"wp-caption aligncenter\"><img decoding=\"async\" aria-describedby=\"caption-attachment-118012\" class=\" wp-image-118011\" src=\"https:\/\/interamerica.org\/wp-content\/uploads\/2024\/08\/chiapas-filmfestival-crowd.jpg\" alt=\"\" width=\"847\" height=\"564\" srcset=\"https:\/\/interamerica.org\/wp-content\/uploads\/2024\/08\/chiapas-filmfestival-crowd.jpg 1000w, https:\/\/interamerica.org\/wp-content\/uploads\/2024\/08\/chiapas-filmfestival-crowd-300x200.jpg 300w, https:\/\/interamerica.org\/wp-content\/uploads\/2024\/08\/chiapas-filmfestival-crowd-768x511.jpg 768w\" sizes=\"(max-width: 847px) 100vw, 847px\" \/><p id=\"caption-attachment-118012\" class=\"wp-caption-text\">Le public regarde un film pendant le festival du film. [Photo : Union Mexicaine du Chiapas]<\/p><\/div><strong>Un minist\u00e8re ayant un but<\/strong><\/p>\n<p>\u00catre consid\u00e9r\u00e9 comme un minist\u00e8re cin\u00e9matographique ayant un but est ce qui peut faire la diff\u00e9rence dans l\u2019\u00e9glise, ont d\u00e9clar\u00e9 les organisateurs. \u00ab J\u00e9sus a racont\u00e9 des paraboles pour montrer les v\u00e9rit\u00e9s et les myst\u00e8res de Son Royaume et les histoires racont\u00e9es \u00e0 travers des films ont cet objectif de transmettre ces m\u00eames v\u00e9rit\u00e9s et myst\u00e8res, \u00bb a d\u00e9clar\u00e9 Uriel Castellanos, directeur de la communication de l\u2019Union Mexicaine du Chiapas et principal organisateur du festival.<\/p>\n<p>\u00ab La direction de l\u2019union croit que la pr\u00e9dication de l\u2019\u00e9vangile doit se faire sur toutes les plateformes possibles. C\u2019est pourquoi ces espaces sont cr\u00e9\u00e9s pour que les membres mettent leurs dons et leurs talents au service de Dieu, \u00bb a d\u00e9clar\u00e9 Uriel Castellanos. Il s\u2019agit de formation, de collaboration, de c\u00e9l\u00e9bration de contenu cr\u00e9atif et aussi d\u2019inspirer une rencontre transformatrice avec J\u00e9sus qui est le cr\u00e9ateur, le sc\u00e9nariste et le r\u00e9alisateur de nos vies, a-t-il ajout\u00e9.<\/p>\n<p><div id=\"attachment_117990\" style=\"width: 862px\" class=\"wp-caption aligncenter\"><img loading=\"lazy\" decoding=\"async\" aria-describedby=\"caption-attachment-117990\" class=\" wp-image-117989\" src=\"https:\/\/interamerica.org\/wp-content\/uploads\/2024\/08\/uriel-castellanos-chiapas-filmfestival.jpg\" alt=\"\" width=\"852\" height=\"567\" srcset=\"https:\/\/interamerica.org\/wp-content\/uploads\/2024\/08\/uriel-castellanos-chiapas-filmfestival.jpg 1000w, https:\/\/interamerica.org\/wp-content\/uploads\/2024\/08\/uriel-castellanos-chiapas-filmfestival-300x200.jpg 300w, https:\/\/interamerica.org\/wp-content\/uploads\/2024\/08\/uriel-castellanos-chiapas-filmfestival-768x511.jpg 768w\" sizes=\"(max-width: 852px) 100vw, 852px\" \/><p id=\"caption-attachment-117990\" class=\"wp-caption-text\">Uriel Castellanos, directeur de la communication de l\u2019Union Mexicaine du Chiapas et principal organisateur du festival du film, f\u00e9licite les r\u00e9alisateurs et les producteurs pour leur engagement \u00e0 proclamer l\u2019\u00e9vangile de mani\u00e8re cr\u00e9ative. [Photo : Union Mexicaine du Chiapas]<\/p><\/div>Parmi les productions remarquables, on trouve \u00ab Only Believe \u00bb (Crois Seulement) produit par la \u00ab G\u00e9n\u00e9ration de Transformateurs, \u00bb une \u00e9quipe de disciples cr\u00e9atifs de la F\u00e9d\u00e9ration du Haut-Chiapas, qui se trouve \u00e0 San Cristobal de las Casas. L\u2019\u00e9quipe comprenait des autochtones de la communaut\u00e9 Chamula qui racontaient une histoire dans leur langue tzotzil sur l\u2019impact des premiers missionnaires adventistes et sur les probl\u00e8mes qu\u2019ils ont rencontr\u00e9s alors qu\u2019ils proclamaient l\u2019\u00e9vangile dans cette r\u00e9gion du Chiapas. Il y a eu quelques difficult\u00e9s lorsqu\u2019ils se sont retrouv\u00e9s face aux autorit\u00e9s traditionnelles locales qui n\u2019\u00e9taient pas d\u00e9sireuses que leur r\u00e9gion soit film\u00e9e. \u00ab Apr\u00e8s beaucoup de pri\u00e8res et d\u2019efforts de la production, nous avons re\u00e7u l\u2019autorisation et le soutien n\u00e9cessaire de la communaut\u00e9 pour parvenir \u00e0 des accords positifs permettant le tournage, \u00bb a d\u00e9clar\u00e9 Julio D\u00edaz, producteur du film.<\/p>\n<p>De m\u00eame, la production de la Mission de Palenque, lors du tournage du court-m\u00e9trage \u00ab La Foi dans la Jungle \u00bb dans la jungle de Lacandona, a d\u00fb surmonter de nombreux d\u00e9fis en raison de la saison des pluies, des dangers dans la r\u00e9gion et d\u2019une communaut\u00e9 ayant une certaine appr\u00e9hension. Ils ont \u00e9t\u00e9 autoris\u00e9s \u00e0 utiliser un espace sp\u00e9cifique de 10 m\u00e8tres sur 20 pour raconter l\u2019histoire du premier missionnaire de cette r\u00e9gion.<\/p>\n<p><div id=\"attachment_118006\" style=\"width: 854px\" class=\"wp-caption aligncenter\"><img loading=\"lazy\" decoding=\"async\" aria-describedby=\"caption-attachment-118006\" class=\" wp-image-118005\" src=\"https:\/\/interamerica.org\/wp-content\/uploads\/2024\/08\/chiapas-film-renacer-production-team.jpg\" alt=\"\" width=\"844\" height=\"562\" srcset=\"https:\/\/interamerica.org\/wp-content\/uploads\/2024\/08\/chiapas-film-renacer-production-team.jpg 1000w, https:\/\/interamerica.org\/wp-content\/uploads\/2024\/08\/chiapas-film-renacer-production-team-300x200.jpg 300w, https:\/\/interamerica.org\/wp-content\/uploads\/2024\/08\/chiapas-film-renacer-production-team-768x511.jpg 768w\" sizes=\"(max-width: 844px) 100vw, 844px\" \/><p id=\"caption-attachment-118006\" class=\"wp-caption-text\">L\u2019\u00e9quipe de production du court-m\u00e9trage \u00ab Renacer \u00bb (Rena\u00eetre) montre son affiche lors d\u2019une pause pendant le festival. [Photo : Union Mexicaine du Chiapas]<\/p><\/div><strong>Partager la plus belle des histoires<\/strong><\/p>\n<p>En plus des films projet\u00e9s, des pr\u00e9sentations introductives, des causeries et des s\u00e9ances de questions-r\u00e9ponses sur la cin\u00e9matographie et l\u2019\u00e9vang\u00e9lisation faisaient partie du programme, tout comme les exp\u00e9riences des \u00e9quipes de production pendant le tournage. Les jeunes cr\u00e9atifs ont \u00e9t\u00e9 invit\u00e9s \u00e0 continuer \u00e0 se d\u00e9velopper et \u00e0 produire du contenu chr\u00e9tien ayant un impact sur les gens.<\/p>\n<p>\u00ab C\u2019est un \u00e9v\u00e9nement unique au cours duquel nous avons assist\u00e9 \u00e0 une explosion de cr\u00e9ativit\u00e9 et de talent, \u00bb a d\u00e9clar\u00e9 Hellen H. Castro, directrice de Creativo 115, qui a produit et r\u00e9alis\u00e9 de nombreux projets de films pour l\u2019\u00c9glise adventiste au Mexique, dans la Division Inter Am\u00e9ricaine et pour le public. \u00ab L\u2019initiative menant \u00e0 ce festival est un r\u00eave pour nous qui nous sommes d\u00e9di\u00e9s au monde de l\u2019audiovisuel et qui pouvons rencontrer autant de r\u00e9alisateurs cr\u00e9atifs, \u00bb a d\u00e9clar\u00e9 Hellen Castro. \u00ab Dans un monde si satur\u00e9 d\u2019images et de sons, l\u2019Union Mexicaine du Chiapas a ouvert un espace authentique et valable pour que les talents \u00e9mergents de notre communaut\u00e9 puissent montrer leur vision et leur passion pour la proclamation aux autres de la plus extraordinaires des histoires. \u00bb<\/p>\n<p><div id=\"attachment_117993\" style=\"width: 857px\" class=\"wp-caption aligncenter\"><img loading=\"lazy\" decoding=\"async\" aria-describedby=\"caption-attachment-117993\" class=\" wp-image-117992\" src=\"https:\/\/interamerica.org\/wp-content\/uploads\/2024\/08\/chiapas-film-awards.jpg\" alt=\"\" width=\"847\" height=\"564\" srcset=\"https:\/\/interamerica.org\/wp-content\/uploads\/2024\/08\/chiapas-film-awards.jpg 1000w, https:\/\/interamerica.org\/wp-content\/uploads\/2024\/08\/chiapas-film-awards-300x200.jpg 300w, https:\/\/interamerica.org\/wp-content\/uploads\/2024\/08\/chiapas-film-awards-768x511.jpg 768w\" sizes=\"(max-width: 847px) 100vw, 847px\" \/><p id=\"caption-attachment-117993\" class=\"wp-caption-text\">Hope Media Chiapas a remis des prix \u00e0 toutes les \u00e9quipes de production qui ont particip\u00e9 au festival du film. [Photo : Union Mexicaine du Chiapas]<\/p><\/div>Le festival du film n\u2019avait pas seulement pour objectif de pr\u00e9senter des films ensemble, mais il s\u2019agissait d\u2019une strat\u00e9gie sur laquelle l\u2019\u00c9glise travaille depuis plusieurs ann\u00e9es, a d\u00e9clar\u00e9 Uriel Castellanos.<\/p>\n<p>Pour pouvoir pr\u00e9senter des films pendant le festival, les \u00e9quipes de production ont d\u00fb suivre des cours en ligne dirig\u00e9s par ce qu\u2019ils ont appel\u00e9 la Hope Virtual Academy \u2013 une initiative \u00e9ducative de Hope Media Chiapas, un centre multim\u00e9dia de l\u2019\u00c9glise qui fait partie de la cha\u00eene de t\u00e9l\u00e9vision Hope Channel Inter Am\u00e9rique. L\u2019initiative a \u00e9t\u00e9 l\u2019occasion pour les \u00e9quipes de se former pendant six mois cette ann\u00e9e pour apprendre le langage et les techniques cin\u00e9matographiques, a expliqu\u00e9 Uriel Castellanos. \u00ab Ils ont appris des producteurs adventistes de toute l\u2019Inter Am\u00e9rique et d\u2019ailleurs, l\u2019\u00e9criture de sc\u00e9nario, la r\u00e9alisation, la production, la post-production, ainsi que l\u2019\u00e9tude approfondie des films comme outils de proclamation de l\u2019\u00e9vangile, \u00bb a-t-il d\u00e9clar\u00e9.<\/p>\n<p><div id=\"attachment_118009\" style=\"width: 861px\" class=\"wp-caption aligncenter\"><img loading=\"lazy\" decoding=\"async\" aria-describedby=\"caption-attachment-118009\" class=\" wp-image-118008\" src=\"https:\/\/interamerica.org\/wp-content\/uploads\/2024\/08\/chiapas-ignacio-navarro-film-festival.jpg\" alt=\"\" width=\"851\" height=\"566\" srcset=\"https:\/\/interamerica.org\/wp-content\/uploads\/2024\/08\/chiapas-ignacio-navarro-film-festival.jpg 1000w, https:\/\/interamerica.org\/wp-content\/uploads\/2024\/08\/chiapas-ignacio-navarro-film-festival-300x200.jpg 300w, https:\/\/interamerica.org\/wp-content\/uploads\/2024\/08\/chiapas-ignacio-navarro-film-festival-768x511.jpg 768w\" sizes=\"(max-width: 851px) 100vw, 851px\" \/><p id=\"caption-attachment-118009\" class=\"wp-caption-text\">Le pr\u00e9sident de l\u2019Union Mexicaine du Chiapas, le pasteur Ignacio Navarro, r\u00e9pond aux questions et exprime son soutien aux minist\u00e8res de production cin\u00e9matographique de la r\u00e9gion. [Photo : Union Mexicaine du Chiapas]<\/p><\/div><strong>Pr\u00e9sentation dans les \u00e9glises et les communaut\u00e9s<\/strong><\/p>\n<p>Le plan pr\u00e9voit que les 19 courts m\u00e9trages soient pr\u00e9sent\u00e9s lors de rencontres dans les \u00e9glises et les communaut\u00e9s au cours des semaines et des mois \u00e0 venir, a ajout\u00e9 Uriel Castellanos.<\/p>\n<p>Uriel Castellanos a lanc\u00e9 la plateforme officielle de l\u2019\u00e9glise <a href=\"https:\/\/hopemedia.umch.org.mx\">www.esperanzachiapas.mx<\/a>, un site web en ligne proposant du contenu cr\u00e9\u00e9 par Hope Media Chiapas, y compris les courts m\u00e9trages pr\u00e9sent\u00e9s lors du festival du film, des \u00e9tudes bibliques et d\u2019autres ressources.<\/p>\n<p>Le pr\u00e9sident de l\u2019Union Mexicaine du Chiapas, le pasteur Ignacio Navarro, a f\u00e9licit\u00e9 les jeunes pour leur cr\u00e9ativit\u00e9 et leur d\u00e9vouement \u00e0 la mission de l\u2019\u00e9glise \u00e0 travers leurs films et s\u2019est engag\u00e9 \u00e0 continuer de soutenir leurs efforts dans l\u2019\u00e9vang\u00e9lisation. \u00ab Je suis heureux de ce que chacun de vous a accompli dans ces productions, \u00bb a-t-il d\u00e9clar\u00e9.<\/p>\n<p><div id=\"attachment_117999\" style=\"width: 1034px\" class=\"wp-caption aligncenter\"><img loading=\"lazy\" decoding=\"async\" aria-describedby=\"caption-attachment-117999\" class=\"size-large wp-image-117998\" src=\"https:\/\/interamerica.org\/wp-content\/uploads\/2024\/08\/chiapas-film-group-1024x465.jpg\" alt=\"\" width=\"1024\" height=\"465\" srcset=\"https:\/\/interamerica.org\/wp-content\/uploads\/2024\/08\/chiapas-film-group-1024x465.jpg 1024w, https:\/\/interamerica.org\/wp-content\/uploads\/2024\/08\/chiapas-film-group-300x136.jpg 300w, https:\/\/interamerica.org\/wp-content\/uploads\/2024\/08\/chiapas-film-group-768x349.jpg 768w, https:\/\/interamerica.org\/wp-content\/uploads\/2024\/08\/chiapas-film-group.jpg 1200w\" sizes=\"(max-width: 1024px) 100vw, 1024px\" \/><p id=\"caption-attachment-117999\" class=\"wp-caption-text\">Groupe de disciples cr\u00e9atifs, de dirigeants d\u2019\u00e9glise et de membres qui ont particip\u00e9 au Festival du Film du Chiapas, du 19 au 20 juillet 2024. [Photo : Union Mexicaine du Chiapas]<\/p><\/div>Apr\u00e8s la formation initiale de cette ann\u00e9e, l\u2019Union Mexicaine du Chiapas cherche \u00e0 r\u00e9aliser un long m\u00e9trage. \u00ab Nous sommes engag\u00e9s dans des discussions avec les centres audiovisuels de Hope Channel au Mexique pour travailler ensemble sur ce projet et r\u00e9aliser un film sur l\u2019importance de la famille et l\u2019esp\u00e9rance qu\u2019ont ceux d\u2019entre nous qui croient en la seconde venue de J\u00e9sus, \u00bb a dit Uriel Castellanos.<\/p>\n<p><em>Uriel Castellanos a contribu\u00e9 \u00e0 la production de cet article.<\/em><\/p>\n<p>Traduction: Patrick Luciathe<\/p>\n","protected":false},"excerpt":{"rendered":"<p>Dix-neuf films ont \u00e9t\u00e9 pr\u00e9sent\u00e9s gr\u00e2ce \u00e0 la strat\u00e9gie de l\u2019\u00c9glise adventiste dans le Chiapas qui vise \u00e0 engager les jeunes cr\u00e9atifs dans l\u2019accomplissement de la mission. 9 Ao\u00fbt 2024&#8230;<\/p>\n","protected":false},"author":3,"featured_media":117996,"comment_status":"closed","ping_status":"closed","sticky":false,"template":"","format":"standard","meta":{"_acf_changed":false,"footnotes":""},"categories":[21,19],"tags":[],"class_list":["post-118048","post","type-post","status-publish","format-standard","has-post-thumbnail","hentry","category-nouvelles-du-territoire","category-rss-francais"],"acf":[],"yoast_head":"<!-- This site is optimized with the Yoast SEO plugin v27.3 - https:\/\/yoast.com\/product\/yoast-seo-wordpress\/ -->\n<title>Un festival du film au Mexique met en lumi\u00e8re l\u2019engagement \u00e0 proclamer l\u2019\u00e9vangile - \u00c9glise Adventiste Du Septieme Jour - Inter Am\u00e9rique Division<\/title>\n<meta name=\"robots\" content=\"index, follow, max-snippet:-1, max-image-preview:large, max-video-preview:-1\" \/>\n<link rel=\"canonical\" href=\"https:\/\/interamerica.org\/fr\/2024\/08\/un-festival-du-film-au-mexique-met-en-lumiere-lengagement-a-proclamer-levangile\/\" \/>\n<meta property=\"og:locale\" content=\"fr_FR\" \/>\n<meta property=\"og:type\" content=\"article\" \/>\n<meta property=\"og:title\" content=\"Un festival du film au Mexique met en lumi\u00e8re l\u2019engagement \u00e0 proclamer l\u2019\u00e9vangile - \u00c9glise Adventiste Du Septieme Jour - Inter Am\u00e9rique Division\" \/>\n<meta property=\"og:description\" content=\"Dix-neuf films ont \u00e9t\u00e9 pr\u00e9sent\u00e9s gr\u00e2ce \u00e0 la strat\u00e9gie de l\u2019\u00c9glise adventiste dans le Chiapas qui vise \u00e0 engager les jeunes cr\u00e9atifs dans l\u2019accomplissement de la mission. 9 Ao\u00fbt 2024...\" \/>\n<meta property=\"og:url\" content=\"https:\/\/interamerica.org\/fr\/2024\/08\/un-festival-du-film-au-mexique-met-en-lumiere-lengagement-a-proclamer-levangile\/\" \/>\n<meta property=\"og:site_name\" content=\"\u00c9glise Adventiste Du Septieme Jour - Inter Am\u00e9rique Division\" \/>\n<meta property=\"article:published_time\" content=\"2024-08-09T13:09:25+00:00\" \/>\n<meta property=\"article:modified_time\" content=\"2024-08-12T15:34:35+00:00\" \/>\n<meta property=\"og:image\" content=\"https:\/\/interamerica.org\/wp-content\/uploads\/2024\/08\/chiapas-filmfestival-panel.jpg\" \/>\n\t<meta property=\"og:image:width\" content=\"1000\" \/>\n\t<meta property=\"og:image:height\" content=\"665\" \/>\n\t<meta property=\"og:image:type\" content=\"image\/jpeg\" \/>\n<meta name=\"author\" content=\"libna\" \/>\n<meta name=\"twitter:card\" content=\"summary_large_image\" \/>\n<meta name=\"twitter:label1\" content=\"\u00c9crit par\" \/>\n\t<meta name=\"twitter:data1\" content=\"libna\" \/>\n\t<meta name=\"twitter:label2\" content=\"Dur\u00e9e de lecture estim\u00e9e\" \/>\n\t<meta name=\"twitter:data2\" content=\"9 minutes\" \/>\n<script type=\"application\/ld+json\" class=\"yoast-schema-graph\">{\"@context\":\"https:\\\/\\\/schema.org\",\"@graph\":[{\"@type\":\"Article\",\"@id\":\"https:\\\/\\\/interamerica.org\\\/fr\\\/2024\\\/08\\\/un-festival-du-film-au-mexique-met-en-lumiere-lengagement-a-proclamer-levangile\\\/#article\",\"isPartOf\":{\"@id\":\"https:\\\/\\\/interamerica.org\\\/fr\\\/2024\\\/08\\\/un-festival-du-film-au-mexique-met-en-lumiere-lengagement-a-proclamer-levangile\\\/\"},\"author\":{\"name\":\"libna\",\"@id\":\"https:\\\/\\\/interamerica.org\\\/fr\\\/#\\\/schema\\\/person\\\/29998f2bc2d8bd0d38662909289b54f1\"},\"headline\":\"Un festival du film au Mexique met en lumi\u00e8re l\u2019engagement \u00e0 proclamer l\u2019\u00e9vangile\",\"datePublished\":\"2024-08-09T13:09:25+00:00\",\"dateModified\":\"2024-08-12T15:34:35+00:00\",\"mainEntityOfPage\":{\"@id\":\"https:\\\/\\\/interamerica.org\\\/fr\\\/2024\\\/08\\\/un-festival-du-film-au-mexique-met-en-lumiere-lengagement-a-proclamer-levangile\\\/\"},\"wordCount\":1846,\"image\":{\"@id\":\"https:\\\/\\\/interamerica.org\\\/fr\\\/2024\\\/08\\\/un-festival-du-film-au-mexique-met-en-lumiere-lengagement-a-proclamer-levangile\\\/#primaryimage\"},\"thumbnailUrl\":\"https:\\\/\\\/interamerica.org\\\/wp-content\\\/uploads\\\/2024\\\/08\\\/chiapas-filmfestival-panel.jpg\",\"articleSection\":[\"Nouvelles du territoire\",\"RSS Fran\u00e7ais\"],\"inLanguage\":\"fr-FR\"},{\"@type\":\"WebPage\",\"@id\":\"https:\\\/\\\/interamerica.org\\\/fr\\\/2024\\\/08\\\/un-festival-du-film-au-mexique-met-en-lumiere-lengagement-a-proclamer-levangile\\\/\",\"url\":\"https:\\\/\\\/interamerica.org\\\/fr\\\/2024\\\/08\\\/un-festival-du-film-au-mexique-met-en-lumiere-lengagement-a-proclamer-levangile\\\/\",\"name\":\"Un festival du film au Mexique met en lumi\u00e8re l\u2019engagement \u00e0 proclamer l\u2019\u00e9vangile - \u00c9glise Adventiste Du Septieme Jour - Inter Am\u00e9rique Division\",\"isPartOf\":{\"@id\":\"https:\\\/\\\/interamerica.org\\\/fr\\\/#website\"},\"primaryImageOfPage\":{\"@id\":\"https:\\\/\\\/interamerica.org\\\/fr\\\/2024\\\/08\\\/un-festival-du-film-au-mexique-met-en-lumiere-lengagement-a-proclamer-levangile\\\/#primaryimage\"},\"image\":{\"@id\":\"https:\\\/\\\/interamerica.org\\\/fr\\\/2024\\\/08\\\/un-festival-du-film-au-mexique-met-en-lumiere-lengagement-a-proclamer-levangile\\\/#primaryimage\"},\"thumbnailUrl\":\"https:\\\/\\\/interamerica.org\\\/wp-content\\\/uploads\\\/2024\\\/08\\\/chiapas-filmfestival-panel.jpg\",\"datePublished\":\"2024-08-09T13:09:25+00:00\",\"dateModified\":\"2024-08-12T15:34:35+00:00\",\"author\":{\"@id\":\"https:\\\/\\\/interamerica.org\\\/fr\\\/#\\\/schema\\\/person\\\/29998f2bc2d8bd0d38662909289b54f1\"},\"breadcrumb\":{\"@id\":\"https:\\\/\\\/interamerica.org\\\/fr\\\/2024\\\/08\\\/un-festival-du-film-au-mexique-met-en-lumiere-lengagement-a-proclamer-levangile\\\/#breadcrumb\"},\"inLanguage\":\"fr-FR\",\"potentialAction\":[{\"@type\":\"ReadAction\",\"target\":[\"https:\\\/\\\/interamerica.org\\\/fr\\\/2024\\\/08\\\/un-festival-du-film-au-mexique-met-en-lumiere-lengagement-a-proclamer-levangile\\\/\"]}]},{\"@type\":\"ImageObject\",\"inLanguage\":\"fr-FR\",\"@id\":\"https:\\\/\\\/interamerica.org\\\/fr\\\/2024\\\/08\\\/un-festival-du-film-au-mexique-met-en-lumiere-lengagement-a-proclamer-levangile\\\/#primaryimage\",\"url\":\"https:\\\/\\\/interamerica.org\\\/wp-content\\\/uploads\\\/2024\\\/08\\\/chiapas-filmfestival-panel.jpg\",\"contentUrl\":\"https:\\\/\\\/interamerica.org\\\/wp-content\\\/uploads\\\/2024\\\/08\\\/chiapas-filmfestival-panel.jpg\",\"width\":1000,\"height\":665,\"caption\":\"[Photo: Chiapas Mexican Union]\"},{\"@type\":\"BreadcrumbList\",\"@id\":\"https:\\\/\\\/interamerica.org\\\/fr\\\/2024\\\/08\\\/un-festival-du-film-au-mexique-met-en-lumiere-lengagement-a-proclamer-levangile\\\/#breadcrumb\",\"itemListElement\":[{\"@type\":\"ListItem\",\"position\":1,\"name\":\"Home\",\"item\":\"https:\\\/\\\/interamerica.org\\\/fr\\\/\"},{\"@type\":\"ListItem\",\"position\":2,\"name\":\"Un festival du film au Mexique met en lumi\u00e8re l\u2019engagement \u00e0 proclamer l\u2019\u00e9vangile\"}]},{\"@type\":\"WebSite\",\"@id\":\"https:\\\/\\\/interamerica.org\\\/fr\\\/#website\",\"url\":\"https:\\\/\\\/interamerica.org\\\/fr\\\/\",\"name\":\"\u00c9glise Adventiste Du Septieme Jour - Inter Am\u00e9rique Division\",\"description\":\"\",\"potentialAction\":[{\"@type\":\"SearchAction\",\"target\":{\"@type\":\"EntryPoint\",\"urlTemplate\":\"https:\\\/\\\/interamerica.org\\\/fr\\\/?s={search_term_string}\"},\"query-input\":{\"@type\":\"PropertyValueSpecification\",\"valueRequired\":true,\"valueName\":\"search_term_string\"}}],\"inLanguage\":\"fr-FR\"},{\"@type\":\"Person\",\"@id\":\"https:\\\/\\\/interamerica.org\\\/fr\\\/#\\\/schema\\\/person\\\/29998f2bc2d8bd0d38662909289b54f1\",\"name\":\"libna\",\"image\":{\"@type\":\"ImageObject\",\"inLanguage\":\"fr-FR\",\"@id\":\"https:\\\/\\\/secure.gravatar.com\\\/avatar\\\/7c5bd30ae4b47a9ba3c856590957fd1d96dc588bf3ac05719d247e126840331f?s=96&d=mm&r=g\",\"url\":\"https:\\\/\\\/secure.gravatar.com\\\/avatar\\\/7c5bd30ae4b47a9ba3c856590957fd1d96dc588bf3ac05719d247e126840331f?s=96&d=mm&r=g\",\"contentUrl\":\"https:\\\/\\\/secure.gravatar.com\\\/avatar\\\/7c5bd30ae4b47a9ba3c856590957fd1d96dc588bf3ac05719d247e126840331f?s=96&d=mm&r=g\",\"caption\":\"libna\"}}]}<\/script>\n<!-- \/ Yoast SEO plugin. -->","yoast_head_json":{"title":"Un festival du film au Mexique met en lumi\u00e8re l\u2019engagement \u00e0 proclamer l\u2019\u00e9vangile - \u00c9glise Adventiste Du Septieme Jour - Inter Am\u00e9rique Division","robots":{"index":"index","follow":"follow","max-snippet":"max-snippet:-1","max-image-preview":"max-image-preview:large","max-video-preview":"max-video-preview:-1"},"canonical":"https:\/\/interamerica.org\/fr\/2024\/08\/un-festival-du-film-au-mexique-met-en-lumiere-lengagement-a-proclamer-levangile\/","og_locale":"fr_FR","og_type":"article","og_title":"Un festival du film au Mexique met en lumi\u00e8re l\u2019engagement \u00e0 proclamer l\u2019\u00e9vangile - \u00c9glise Adventiste Du Septieme Jour - Inter Am\u00e9rique Division","og_description":"Dix-neuf films ont \u00e9t\u00e9 pr\u00e9sent\u00e9s gr\u00e2ce \u00e0 la strat\u00e9gie de l\u2019\u00c9glise adventiste dans le Chiapas qui vise \u00e0 engager les jeunes cr\u00e9atifs dans l\u2019accomplissement de la mission. 9 Ao\u00fbt 2024...","og_url":"https:\/\/interamerica.org\/fr\/2024\/08\/un-festival-du-film-au-mexique-met-en-lumiere-lengagement-a-proclamer-levangile\/","og_site_name":"\u00c9glise Adventiste Du Septieme Jour - Inter Am\u00e9rique Division","article_published_time":"2024-08-09T13:09:25+00:00","article_modified_time":"2024-08-12T15:34:35+00:00","og_image":[{"width":1000,"height":665,"url":"https:\/\/interamerica.org\/wp-content\/uploads\/2024\/08\/chiapas-filmfestival-panel.jpg","type":"image\/jpeg"}],"author":"libna","twitter_card":"summary_large_image","twitter_misc":{"\u00c9crit par":"libna","Dur\u00e9e de lecture estim\u00e9e":"9 minutes"},"schema":{"@context":"https:\/\/schema.org","@graph":[{"@type":"Article","@id":"https:\/\/interamerica.org\/fr\/2024\/08\/un-festival-du-film-au-mexique-met-en-lumiere-lengagement-a-proclamer-levangile\/#article","isPartOf":{"@id":"https:\/\/interamerica.org\/fr\/2024\/08\/un-festival-du-film-au-mexique-met-en-lumiere-lengagement-a-proclamer-levangile\/"},"author":{"name":"libna","@id":"https:\/\/interamerica.org\/fr\/#\/schema\/person\/29998f2bc2d8bd0d38662909289b54f1"},"headline":"Un festival du film au Mexique met en lumi\u00e8re l\u2019engagement \u00e0 proclamer l\u2019\u00e9vangile","datePublished":"2024-08-09T13:09:25+00:00","dateModified":"2024-08-12T15:34:35+00:00","mainEntityOfPage":{"@id":"https:\/\/interamerica.org\/fr\/2024\/08\/un-festival-du-film-au-mexique-met-en-lumiere-lengagement-a-proclamer-levangile\/"},"wordCount":1846,"image":{"@id":"https:\/\/interamerica.org\/fr\/2024\/08\/un-festival-du-film-au-mexique-met-en-lumiere-lengagement-a-proclamer-levangile\/#primaryimage"},"thumbnailUrl":"https:\/\/interamerica.org\/wp-content\/uploads\/2024\/08\/chiapas-filmfestival-panel.jpg","articleSection":["Nouvelles du territoire","RSS Fran\u00e7ais"],"inLanguage":"fr-FR"},{"@type":"WebPage","@id":"https:\/\/interamerica.org\/fr\/2024\/08\/un-festival-du-film-au-mexique-met-en-lumiere-lengagement-a-proclamer-levangile\/","url":"https:\/\/interamerica.org\/fr\/2024\/08\/un-festival-du-film-au-mexique-met-en-lumiere-lengagement-a-proclamer-levangile\/","name":"Un festival du film au Mexique met en lumi\u00e8re l\u2019engagement \u00e0 proclamer l\u2019\u00e9vangile - \u00c9glise Adventiste Du Septieme Jour - Inter Am\u00e9rique Division","isPartOf":{"@id":"https:\/\/interamerica.org\/fr\/#website"},"primaryImageOfPage":{"@id":"https:\/\/interamerica.org\/fr\/2024\/08\/un-festival-du-film-au-mexique-met-en-lumiere-lengagement-a-proclamer-levangile\/#primaryimage"},"image":{"@id":"https:\/\/interamerica.org\/fr\/2024\/08\/un-festival-du-film-au-mexique-met-en-lumiere-lengagement-a-proclamer-levangile\/#primaryimage"},"thumbnailUrl":"https:\/\/interamerica.org\/wp-content\/uploads\/2024\/08\/chiapas-filmfestival-panel.jpg","datePublished":"2024-08-09T13:09:25+00:00","dateModified":"2024-08-12T15:34:35+00:00","author":{"@id":"https:\/\/interamerica.org\/fr\/#\/schema\/person\/29998f2bc2d8bd0d38662909289b54f1"},"breadcrumb":{"@id":"https:\/\/interamerica.org\/fr\/2024\/08\/un-festival-du-film-au-mexique-met-en-lumiere-lengagement-a-proclamer-levangile\/#breadcrumb"},"inLanguage":"fr-FR","potentialAction":[{"@type":"ReadAction","target":["https:\/\/interamerica.org\/fr\/2024\/08\/un-festival-du-film-au-mexique-met-en-lumiere-lengagement-a-proclamer-levangile\/"]}]},{"@type":"ImageObject","inLanguage":"fr-FR","@id":"https:\/\/interamerica.org\/fr\/2024\/08\/un-festival-du-film-au-mexique-met-en-lumiere-lengagement-a-proclamer-levangile\/#primaryimage","url":"https:\/\/interamerica.org\/wp-content\/uploads\/2024\/08\/chiapas-filmfestival-panel.jpg","contentUrl":"https:\/\/interamerica.org\/wp-content\/uploads\/2024\/08\/chiapas-filmfestival-panel.jpg","width":1000,"height":665,"caption":"[Photo: Chiapas Mexican Union]"},{"@type":"BreadcrumbList","@id":"https:\/\/interamerica.org\/fr\/2024\/08\/un-festival-du-film-au-mexique-met-en-lumiere-lengagement-a-proclamer-levangile\/#breadcrumb","itemListElement":[{"@type":"ListItem","position":1,"name":"Home","item":"https:\/\/interamerica.org\/fr\/"},{"@type":"ListItem","position":2,"name":"Un festival du film au Mexique met en lumi\u00e8re l\u2019engagement \u00e0 proclamer l\u2019\u00e9vangile"}]},{"@type":"WebSite","@id":"https:\/\/interamerica.org\/fr\/#website","url":"https:\/\/interamerica.org\/fr\/","name":"\u00c9glise Adventiste Du Septieme Jour - Inter Am\u00e9rique Division","description":"","potentialAction":[{"@type":"SearchAction","target":{"@type":"EntryPoint","urlTemplate":"https:\/\/interamerica.org\/fr\/?s={search_term_string}"},"query-input":{"@type":"PropertyValueSpecification","valueRequired":true,"valueName":"search_term_string"}}],"inLanguage":"fr-FR"},{"@type":"Person","@id":"https:\/\/interamerica.org\/fr\/#\/schema\/person\/29998f2bc2d8bd0d38662909289b54f1","name":"libna","image":{"@type":"ImageObject","inLanguage":"fr-FR","@id":"https:\/\/secure.gravatar.com\/avatar\/7c5bd30ae4b47a9ba3c856590957fd1d96dc588bf3ac05719d247e126840331f?s=96&d=mm&r=g","url":"https:\/\/secure.gravatar.com\/avatar\/7c5bd30ae4b47a9ba3c856590957fd1d96dc588bf3ac05719d247e126840331f?s=96&d=mm&r=g","contentUrl":"https:\/\/secure.gravatar.com\/avatar\/7c5bd30ae4b47a9ba3c856590957fd1d96dc588bf3ac05719d247e126840331f?s=96&d=mm&r=g","caption":"libna"}}]}},"_links":{"self":[{"href":"https:\/\/interamerica.org\/fr\/wp-json\/wp\/v2\/posts\/118048","targetHints":{"allow":["GET"]}}],"collection":[{"href":"https:\/\/interamerica.org\/fr\/wp-json\/wp\/v2\/posts"}],"about":[{"href":"https:\/\/interamerica.org\/fr\/wp-json\/wp\/v2\/types\/post"}],"author":[{"embeddable":true,"href":"https:\/\/interamerica.org\/fr\/wp-json\/wp\/v2\/users\/3"}],"replies":[{"embeddable":true,"href":"https:\/\/interamerica.org\/fr\/wp-json\/wp\/v2\/comments?post=118048"}],"version-history":[{"count":0,"href":"https:\/\/interamerica.org\/fr\/wp-json\/wp\/v2\/posts\/118048\/revisions"}],"wp:featuredmedia":[{"embeddable":true,"href":"https:\/\/interamerica.org\/fr\/wp-json\/wp\/v2\/media\/117996"}],"wp:attachment":[{"href":"https:\/\/interamerica.org\/fr\/wp-json\/wp\/v2\/media?parent=118048"}],"wp:term":[{"taxonomy":"category","embeddable":true,"href":"https:\/\/interamerica.org\/fr\/wp-json\/wp\/v2\/categories?post=118048"},{"taxonomy":"post_tag","embeddable":true,"href":"https:\/\/interamerica.org\/fr\/wp-json\/wp\/v2\/tags?post=118048"}],"curies":[{"name":"wp","href":"https:\/\/api.w.org\/{rel}","templated":true}]}}