{"id":118284,"date":"2024-08-15T20:48:57","date_gmt":"2024-08-16T00:48:57","guid":{"rendered":"https:\/\/interamerica.org\/?p=118284"},"modified":"2024-08-16T22:07:48","modified_gmt":"2024-08-17T02:07:48","slug":"une-interne-en-psychologie-promeut-la-prevention-de-la-toxicomanie-lors-dun-forum-international","status":"publish","type":"post","link":"https:\/\/interamerica.org\/fr\/2024\/08\/une-interne-en-psychologie-promeut-la-prevention-de-la-toxicomanie-lors-dun-forum-international\/","title":{"rendered":"Une interne en psychologie promeut la pr\u00e9vention de la toxicomanie lors d\u2019un forum international"},"content":{"rendered":"<p><em>Abril S\u00e1nchez pr\u00e9sente un projet social en Gr\u00e8ce pour aider \u00e0 lutter contre le fl\u00e9au de la toxicomanie.<\/em><\/p>\n<p>14 Ao\u00fbt 2024 | Montemorelos, Nuevo Le\u00f3n, Mexique | Laura Marrero et Actualit\u00e9s de la Division Inter Am\u00e9ricaine<\/p>\n<p>Abril S\u00e1nchez, interne du programme de psychologie clinique \u00e0 l\u2019Universit\u00e9 de Montemorelos \u00e0 Montemorelos, dans le Nuevo Le\u00f3n, au Mexique, a particip\u00e9 et apport\u00e9 sa contribution \u00e0 la rencontre de la Soci\u00e9t\u00e9 Internationale des Professionnels de la Toxicomanie (ISSUP) qui s\u2019est tenue \u00e0 Thessalonique, en Gr\u00e8ce, du 24 au 28 juin 2024. Le programme de cette ann\u00e9e, qui impliquait un partenariat entre plusieurs organisations internationales, s\u2019est tenu autour du th\u00e8me \u00ab L\u2019Art de Gu\u00e9rir : une Nouvelle \u00c8re dans la Pr\u00e9vention de la Toxicomanie, la R\u00e9duction des risques, le Traitement et le Soutien au R\u00e9tablissement. \u00bb<\/p>\n<p>Abril S\u00e1nchez a \u00e9t\u00e9 choisie pour repr\u00e9senter le Mexique et l\u2019association Centros de Integraci\u00f3n Juvenil (Centres d\u2019Int\u00e9gration Juv\u00e9nile, ou CIJ), o\u00f9 elle effectue actuellement son internat. Elle a rejoint un groupe de jeunes du monde entier pour se pencher sur ce que les experts qualifient \u00ab l\u2019un des probl\u00e8mes les plus urgents de notre \u00e9poque : la consommation de drogues chez les jeunes. \u00bb<\/p>\n<p><div id=\"attachment_118247\" style=\"width: 820px\" class=\"wp-caption aligncenter\"><img fetchpriority=\"high\" decoding=\"async\" aria-describedby=\"caption-attachment-118247\" class=\" wp-image-118246\" src=\"https:\/\/interamerica.org\/wp-content\/uploads\/2024\/08\/um-img-odujgr8mwhvgi12s-1280.jpg\" alt=\"\" width=\"810\" height=\"578\" srcset=\"https:\/\/interamerica.org\/wp-content\/uploads\/2024\/08\/um-img-odujgr8mwhvgi12s-1280.jpg 950w, https:\/\/interamerica.org\/wp-content\/uploads\/2024\/08\/um-img-odujgr8mwhvgi12s-1280-300x214.jpg 300w, https:\/\/interamerica.org\/wp-content\/uploads\/2024\/08\/um-img-odujgr8mwhvgi12s-1280-768x548.jpg 768w\" sizes=\"(max-width: 810px) 100vw, 810px\" \/><p id=\"caption-attachment-118247\" class=\"wp-caption-text\">Abril S\u00e1nchez, de l\u2019Universit\u00e9 de Montemorelos, a repr\u00e9sent\u00e9 le Mexique et les Centres d\u2019Int\u00e9gration Juv\u00e9nile lors de l\u2019\u00e9dition 2024 de la Rencontre de la Soci\u00e9t\u00e9 Internationale des Professionnels de la Toxicomanie (ISSUP) qui a eu lieu \u00e0 Thessalonique, en Gr\u00e8ce, du 24 au 28 juin 2024. Elle a pr\u00e9sent\u00e9 un projet social en Gr\u00e8ce ayant pour objectif de lutter contre le fl\u00e9au de la toxicomanie. [Photo : avec l\u2019aimable autorisation d\u2019Abril S\u00e1nchez]<\/p><\/div><strong>Son r\u00f4le et son exp\u00e9rience<\/strong><\/p>\n<p>\u00c0 Monterrey, Abril S\u00e1nchez travaille dans l\u2019une des 120 cliniques des CIJ au Mexique. Les cliniques des CIJ font partie du secteur de la sant\u00e9 publique et mettent l\u2019accent sur les soins, la pr\u00e9vention et le traitement des addictions. \u00ab Mon r\u00f4le se concentre sur la pr\u00e9vention et le traitement, \u00bb a dit Abril S\u00e1nchez. \u00ab Je travaille beaucoup avec les \u00e9coles, je fais des pr\u00e9sentations dans les \u00e9coles primaires et secondaires sur la pr\u00e9vention et je leur donne des outils. \u00bb Abril S\u00e1nchez a ajout\u00e9 qu\u2019elle organise \u00e9galement des ateliers pour les parents sur la mani\u00e8re d\u2019\u00eatre des agents de pr\u00e9vention \u00e0 la maison et qu\u2019elle participe \u00e9galement au programme Centre de Jour, qui propose une intervention quotidienne aupr\u00e8s des patients. \u00ab Dans le cadre du programme, je fais des pr\u00e9sentations sur le contr\u00f4le des \u00e9motions et le d\u00e9veloppement de strat\u00e9gies permettant de faire face, \u00bb a-t-elle ajout\u00e9.<\/p>\n<p>Au cours du forum international, Abril S\u00e1nchez et ses coll\u00e8gues ont \u00e9t\u00e9 invit\u00e9s \u00e0 \u00e9laborer des initiatives concr\u00e8tes pour r\u00e9pondre aux probl\u00e8mes identifi\u00e9s. En deux semaines, elle a con\u00e7u un projet intitul\u00e9 \u00ab Adelante con mi comunidad \u00bb (Aller de l\u2019Avant avec ma Communaut\u00e9), une initiative sociale visant les communaut\u00e9s \u00e0 faible revenu et celles qui pr\u00e9sentent un risque plus \u00e9lev\u00e9 de consommation de drogues. \u00ab Ce projet vise \u00e0 cr\u00e9er des espaces dans ces communaut\u00e9s pour apporter un soutien psychologique aux adolescents et aux parents, \u00bb a expliqu\u00e9 Abril S\u00e1nchez. \u00ab Il cherche \u00e9galement \u00e0 encourager les jeunes \u00e0 s\u2019impliquer dans des activit\u00e9s telles que la musique, la danse, l\u2019art, le sport et l\u2019agriculture. \u00bb<\/p>\n<p><div id=\"attachment_118244\" style=\"width: 797px\" class=\"wp-caption aligncenter\"><img decoding=\"async\" aria-describedby=\"caption-attachment-118244\" class=\" wp-image-118243\" src=\"https:\/\/interamerica.org\/wp-content\/uploads\/2024\/08\/um1-qzjfzlxojhr3mjifzztb0w.jpg\" alt=\"\" width=\"787\" height=\"590\" srcset=\"https:\/\/interamerica.org\/wp-content\/uploads\/2024\/08\/um1-qzjfzlxojhr3mjifzztb0w.jpg 900w, https:\/\/interamerica.org\/wp-content\/uploads\/2024\/08\/um1-qzjfzlxojhr3mjifzztb0w-300x225.jpg 300w, https:\/\/interamerica.org\/wp-content\/uploads\/2024\/08\/um1-qzjfzlxojhr3mjifzztb0w-768x576.jpg 768w\" sizes=\"(max-width: 787px) 100vw, 787px\" \/><p id=\"caption-attachment-118244\" class=\"wp-caption-text\">Abril S\u00e1nchez collabore avec ses pairs lors du forum pour cr\u00e9er une d\u00e9claration sur la consommation de drogues des jeunes dans leurs pays respectifs et proposer des actions de pr\u00e9vention. [Photo : Avec l\u2019aimable autorisation d\u2019Abril S\u00e1nchez]<\/p><\/div>D\u2019apr\u00e8s Abril S\u00e1nchez, sa participation au forum en Gr\u00e8ce lui a donn\u00e9 un large \u00e9ventail de possibilit\u00e9s et d\u2019outils qu\u2019elle pourra mettre en place dans son travail quotidien. De plus, \u00ab conna\u00eetre les besoins auxquels font face d\u2019autres pays et les strat\u00e9gies qu\u2019ils utilisent pour g\u00e9rer des probl\u00e8mes similaires a \u00e9t\u00e9 inestimable, \u00bb a-t-elle d\u00e9clar\u00e9. Apr\u00e8s avoir pr\u00e9sent\u00e9 son projet, Abril S\u00e1nchez attend maintenant de savoir si son projet est \u00e9ligible \u00e0 un financement externe. Une r\u00e9ponse positive lui permettrait de mettre en \u0153uvre l\u2019initiative dans la ville de Monterrey.<\/p>\n<p><strong>Partager des id\u00e9es et des suggestions<\/strong><\/p>\n<p>Abril S\u00e1nchez a partag\u00e9 certaines de ses id\u00e9es visant \u00e0 faire face au probl\u00e8me de la consommation de drogues \u00e0 Monterrey, en soulignant l\u2019importance de la famille. \u00ab Je centrerais les activit\u00e9s sur la promotion d\u2019une bonne relation et d\u2019une bonne communication entre parents et enfants, ainsi que sur la mise \u00e0 disposition d\u2019outils de gestion \u00e9motionnelle, \u00bb a-t-elle dit. \u00ab Le manque d\u2019\u00e9ducation sur l\u2019unit\u00e9 familiale et sur une communication ad\u00e9quate contribue \u00e0 ce que les enfants grandissent sans le soutien dont ils ont besoin, \u00bb a-t-elle ajout\u00e9. Abril S\u00e1nchez consid\u00e8re qu\u2019il est essentiel d\u2019\u00e9duquer \u00e0 la fois les parents et les enfants sur les substances et leurs effets, en leur apportant des informations claires leur permettant de prendre des d\u00e9cisions \u00e9clair\u00e9es. De plus, elle a soulign\u00e9 que le renforcement de l\u2019estime de soi et la gestion des \u00e9motions chez les jeunes \u00e9taient des mesures pr\u00e9ventives cl\u00e9s.<\/p>\n<p><div id=\"attachment_118241\" style=\"width: 821px\" class=\"wp-caption aligncenter\"><img decoding=\"async\" aria-describedby=\"caption-attachment-118241\" class=\" wp-image-118240\" src=\"https:\/\/interamerica.org\/wp-content\/uploads\/2024\/08\/um-1-w5z9ze0vfguwb38jccsc4w.jpg\" alt=\"\" width=\"811\" height=\"609\" srcset=\"https:\/\/interamerica.org\/wp-content\/uploads\/2024\/08\/um-1-w5z9ze0vfguwb38jccsc4w.jpg 950w, https:\/\/interamerica.org\/wp-content\/uploads\/2024\/08\/um-1-w5z9ze0vfguwb38jccsc4w-300x225.jpg 300w, https:\/\/interamerica.org\/wp-content\/uploads\/2024\/08\/um-1-w5z9ze0vfguwb38jccsc4w-768x576.jpg 768w\" sizes=\"(max-width: 811px) 100vw, 811px\" \/><p id=\"caption-attachment-118241\" class=\"wp-caption-text\">Photo de groupe lors des r\u00e9centes r\u00e9unions du forum qui a eu lieu en Gr\u00e8ce, du 24 au 28 juin 2024. [Photo : Avec l\u2019aimable autorisation d\u2019Abril S\u00e1nchez]<\/p><\/div>L\u2019une des activit\u00e9s du forum consistait en des tables de discussion, aux cours desquelles Abril S\u00e1nchez et ses pairs internationaux ont collabor\u00e9 \u00e0 la cr\u00e9ation d\u2019une d\u00e9claration sur les jeunes. Dans cette d\u00e9claration, Ils ont exprim\u00e9 leurs pr\u00e9occupations au sujet de la situation actuelle de la consommation de drogues dans leurs pays respectifs et ont propos\u00e9 des actions de pr\u00e9vention. La d\u00e9claration a \u00e9t\u00e9 pr\u00e9sent\u00e9e \u00e0 diverses autorit\u00e9s internationales sp\u00e9cialis\u00e9es dans la pr\u00e9vention et le traitement de la toxicomanie, dont le forum ISSUP ainsi qu\u2019\u00e0 des repr\u00e9sentants du Bureau des Affaires Internationales de Stup\u00e9fiants et d\u2019Application de la Loi (INL) du D\u00e9partement d\u2019\u00c9tat des \u00c9tats-Unis d\u2019Am\u00e9rique.<\/p>\n<p>\u00ab Ma contribution \u00e0 la d\u00e9claration sur les jeunes s\u2019est concentr\u00e9e sur l\u2019importance de la famille et de la sant\u00e9 mentale dans la pr\u00e9vention de la toxicomanie chez les jeunes, \u00bb a expliqu\u00e9 Abril S\u00e1nchez. \u00ab Au Mexique, les soins de sant\u00e9 mentale repr\u00e9sentent un besoin urgent et il est essentiel que le gouvernement investisse dans des programmes sociaux qui permettent l\u2019acc\u00e8s \u00e0 la th\u00e9rapie et au soutien psychologique, en particulier pour la population jeune. \u00bb<\/p>\n<p><div id=\"attachment_118238\" style=\"width: 519px\" class=\"wp-caption aligncenter\"><img loading=\"lazy\" decoding=\"async\" aria-describedby=\"caption-attachment-118238\" class=\" wp-image-118237\" src=\"https:\/\/interamerica.org\/wp-content\/uploads\/2024\/08\/um-psych-intern.jpg\" alt=\"\" width=\"509\" height=\"679\" srcset=\"https:\/\/interamerica.org\/wp-content\/uploads\/2024\/08\/um-psych-intern.jpg 700w, https:\/\/interamerica.org\/wp-content\/uploads\/2024\/08\/um-psych-intern-225x300.jpg 225w\" sizes=\"(max-width: 509px) 100vw, 509px\" \/><p id=\"caption-attachment-118238\" class=\"wp-caption-text\">Abril S\u00e1nchez (\u00e0 gauche) et deux de ses pairs qui ont particip\u00e9 r\u00e9cemment \u00e0 la conf\u00e9rence \u00ab L\u2019Art de Gu\u00e9rir \u00bb. [Photo : avec l\u2019aimable autorisation d\u2019Abril S\u00e1nchez]<\/p><\/div><strong>Une composante d\u2019un mode de vie sain<\/strong><\/p>\n<p>Abril S\u00e1nchez a d\u00e9clar\u00e9 qu\u2019elle \u00e9tait int\u00e9ress\u00e9e par l\u2019esprit humain depuis son enfance. \u00ab Ce qui m\u2019a frapp\u00e9e, c\u2019est le fait de pouvoir comprendre comment les processus mentaux affectent nos vies, nos relations sociales et notre humeur, \u00bb a-t-elle d\u00e9clar\u00e9. \u00ab Je veux utiliser ces outils pour aider mes futurs patients \u00e0 comprendre pourquoi ils ressentent certaines \u00e9motions, et pas seulement leur donner des conseils. \u00bb<\/p>\n<p>D\u2019apr\u00e8s elle, jouir d\u2019une bonne sant\u00e9 mentale est essentiel, mais c\u2019est quelque chose qui est souvent sous-estim\u00e9. Le r\u00eave d\u2019Abril S\u00e1nchez est d\u2019aider \u00e0 promouvoir un mode de vie sain qui inclut les soins dans le domaine de la sant\u00e9 mentale. \u00ab Aider les autres \u00e0 prendre soin de leur sant\u00e9 mentale et partager ces connaissances est mon objectif principal, \u00bb a-t-elle d\u00e9clar\u00e9.<\/p>\n<p>Traduction: Patrick Luciathe<\/p>\n","protected":false},"excerpt":{"rendered":"<p>Abril S\u00e1nchez pr\u00e9sente un projet social en Gr\u00e8ce pour aider \u00e0 lutter contre le fl\u00e9au de la toxicomanie. 14 Ao\u00fbt 2024 | Montemorelos, Nuevo Le\u00f3n, Mexique | Laura Marrero et&#8230;<\/p>\n","protected":false},"author":3,"featured_media":118247,"comment_status":"closed","ping_status":"closed","sticky":false,"template":"","format":"standard","meta":{"_acf_changed":false,"footnotes":""},"categories":[18,19],"tags":[],"class_list":["post-118284","post","type-post","status-publish","format-standard","has-post-thumbnail","hentry","category-nouvelles-de-leglise-mondiale","category-rss-francais"],"acf":[],"yoast_head":"<!-- This site is optimized with the Yoast SEO plugin v27.3 - https:\/\/yoast.com\/product\/yoast-seo-wordpress\/ -->\n<title>Une interne en psychologie promeut la pr\u00e9vention de la toxicomanie lors d\u2019un forum international - \u00c9glise Adventiste Du Septieme Jour - Inter Am\u00e9rique Division<\/title>\n<meta name=\"robots\" content=\"index, follow, max-snippet:-1, max-image-preview:large, max-video-preview:-1\" \/>\n<link rel=\"canonical\" href=\"https:\/\/interamerica.org\/fr\/2024\/08\/une-interne-en-psychologie-promeut-la-prevention-de-la-toxicomanie-lors-dun-forum-international\/\" \/>\n<meta property=\"og:locale\" content=\"fr_FR\" \/>\n<meta property=\"og:type\" content=\"article\" \/>\n<meta property=\"og:title\" content=\"Une interne en psychologie promeut la pr\u00e9vention de la toxicomanie lors d\u2019un forum international - \u00c9glise Adventiste Du Septieme Jour - Inter Am\u00e9rique Division\" \/>\n<meta property=\"og:description\" content=\"Abril S\u00e1nchez pr\u00e9sente un projet social en Gr\u00e8ce pour aider \u00e0 lutter contre le fl\u00e9au de la toxicomanie. 14 Ao\u00fbt 2024 | Montemorelos, Nuevo Le\u00f3n, Mexique | Laura Marrero et...\" \/>\n<meta property=\"og:url\" content=\"https:\/\/interamerica.org\/fr\/2024\/08\/une-interne-en-psychologie-promeut-la-prevention-de-la-toxicomanie-lors-dun-forum-international\/\" \/>\n<meta property=\"og:site_name\" content=\"\u00c9glise Adventiste Du Septieme Jour - Inter Am\u00e9rique Division\" \/>\n<meta property=\"article:published_time\" content=\"2024-08-16T00:48:57+00:00\" \/>\n<meta property=\"article:modified_time\" content=\"2024-08-17T02:07:48+00:00\" \/>\n<meta property=\"og:image\" content=\"https:\/\/interamerica.org\/wp-content\/uploads\/2024\/08\/um-img-odujgr8mwhvgi12s-1280.jpg\" \/>\n\t<meta property=\"og:image:width\" content=\"950\" \/>\n\t<meta property=\"og:image:height\" content=\"678\" \/>\n\t<meta property=\"og:image:type\" content=\"image\/jpeg\" \/>\n<meta name=\"author\" content=\"libna\" \/>\n<meta name=\"twitter:card\" content=\"summary_large_image\" \/>\n<meta name=\"twitter:label1\" content=\"\u00c9crit par\" \/>\n\t<meta name=\"twitter:data1\" content=\"libna\" \/>\n\t<meta name=\"twitter:label2\" content=\"Dur\u00e9e de lecture estim\u00e9e\" \/>\n\t<meta name=\"twitter:data2\" content=\"7 minutes\" \/>\n<script type=\"application\/ld+json\" class=\"yoast-schema-graph\">{\"@context\":\"https:\\\/\\\/schema.org\",\"@graph\":[{\"@type\":\"Article\",\"@id\":\"https:\\\/\\\/interamerica.org\\\/fr\\\/2024\\\/08\\\/une-interne-en-psychologie-promeut-la-prevention-de-la-toxicomanie-lors-dun-forum-international\\\/#article\",\"isPartOf\":{\"@id\":\"https:\\\/\\\/interamerica.org\\\/fr\\\/2024\\\/08\\\/une-interne-en-psychologie-promeut-la-prevention-de-la-toxicomanie-lors-dun-forum-international\\\/\"},\"author\":{\"name\":\"libna\",\"@id\":\"https:\\\/\\\/interamerica.org\\\/fr\\\/#\\\/schema\\\/person\\\/29998f2bc2d8bd0d38662909289b54f1\"},\"headline\":\"Une interne en psychologie promeut la pr\u00e9vention de la toxicomanie lors d\u2019un forum international\",\"datePublished\":\"2024-08-16T00:48:57+00:00\",\"dateModified\":\"2024-08-17T02:07:48+00:00\",\"mainEntityOfPage\":{\"@id\":\"https:\\\/\\\/interamerica.org\\\/fr\\\/2024\\\/08\\\/une-interne-en-psychologie-promeut-la-prevention-de-la-toxicomanie-lors-dun-forum-international\\\/\"},\"wordCount\":1357,\"image\":{\"@id\":\"https:\\\/\\\/interamerica.org\\\/fr\\\/2024\\\/08\\\/une-interne-en-psychologie-promeut-la-prevention-de-la-toxicomanie-lors-dun-forum-international\\\/#primaryimage\"},\"thumbnailUrl\":\"https:\\\/\\\/interamerica.org\\\/wp-content\\\/uploads\\\/2024\\\/08\\\/um-img-odujgr8mwhvgi12s-1280.jpg\",\"articleSection\":[\"Nouvelles de l'\u00c9glise mondiale\",\"RSS Fran\u00e7ais\"],\"inLanguage\":\"fr-FR\"},{\"@type\":\"WebPage\",\"@id\":\"https:\\\/\\\/interamerica.org\\\/fr\\\/2024\\\/08\\\/une-interne-en-psychologie-promeut-la-prevention-de-la-toxicomanie-lors-dun-forum-international\\\/\",\"url\":\"https:\\\/\\\/interamerica.org\\\/fr\\\/2024\\\/08\\\/une-interne-en-psychologie-promeut-la-prevention-de-la-toxicomanie-lors-dun-forum-international\\\/\",\"name\":\"Une interne en psychologie promeut la pr\u00e9vention de la toxicomanie lors d\u2019un forum international - \u00c9glise Adventiste Du Septieme Jour - Inter Am\u00e9rique Division\",\"isPartOf\":{\"@id\":\"https:\\\/\\\/interamerica.org\\\/fr\\\/#website\"},\"primaryImageOfPage\":{\"@id\":\"https:\\\/\\\/interamerica.org\\\/fr\\\/2024\\\/08\\\/une-interne-en-psychologie-promeut-la-prevention-de-la-toxicomanie-lors-dun-forum-international\\\/#primaryimage\"},\"image\":{\"@id\":\"https:\\\/\\\/interamerica.org\\\/fr\\\/2024\\\/08\\\/une-interne-en-psychologie-promeut-la-prevention-de-la-toxicomanie-lors-dun-forum-international\\\/#primaryimage\"},\"thumbnailUrl\":\"https:\\\/\\\/interamerica.org\\\/wp-content\\\/uploads\\\/2024\\\/08\\\/um-img-odujgr8mwhvgi12s-1280.jpg\",\"datePublished\":\"2024-08-16T00:48:57+00:00\",\"dateModified\":\"2024-08-17T02:07:48+00:00\",\"author\":{\"@id\":\"https:\\\/\\\/interamerica.org\\\/fr\\\/#\\\/schema\\\/person\\\/29998f2bc2d8bd0d38662909289b54f1\"},\"breadcrumb\":{\"@id\":\"https:\\\/\\\/interamerica.org\\\/fr\\\/2024\\\/08\\\/une-interne-en-psychologie-promeut-la-prevention-de-la-toxicomanie-lors-dun-forum-international\\\/#breadcrumb\"},\"inLanguage\":\"fr-FR\",\"potentialAction\":[{\"@type\":\"ReadAction\",\"target\":[\"https:\\\/\\\/interamerica.org\\\/fr\\\/2024\\\/08\\\/une-interne-en-psychologie-promeut-la-prevention-de-la-toxicomanie-lors-dun-forum-international\\\/\"]}]},{\"@type\":\"ImageObject\",\"inLanguage\":\"fr-FR\",\"@id\":\"https:\\\/\\\/interamerica.org\\\/fr\\\/2024\\\/08\\\/une-interne-en-psychologie-promeut-la-prevention-de-la-toxicomanie-lors-dun-forum-international\\\/#primaryimage\",\"url\":\"https:\\\/\\\/interamerica.org\\\/wp-content\\\/uploads\\\/2024\\\/08\\\/um-img-odujgr8mwhvgi12s-1280.jpg\",\"contentUrl\":\"https:\\\/\\\/interamerica.org\\\/wp-content\\\/uploads\\\/2024\\\/08\\\/um-img-odujgr8mwhvgi12s-1280.jpg\",\"width\":950,\"height\":678,\"caption\":\"April S\u00e1nchez attends the international forum representing Mexico and Youth Integration Centers. [Photo: Abril S\u00e1nchez]\"},{\"@type\":\"BreadcrumbList\",\"@id\":\"https:\\\/\\\/interamerica.org\\\/fr\\\/2024\\\/08\\\/une-interne-en-psychologie-promeut-la-prevention-de-la-toxicomanie-lors-dun-forum-international\\\/#breadcrumb\",\"itemListElement\":[{\"@type\":\"ListItem\",\"position\":1,\"name\":\"Home\",\"item\":\"https:\\\/\\\/interamerica.org\\\/fr\\\/\"},{\"@type\":\"ListItem\",\"position\":2,\"name\":\"Une interne en psychologie promeut la pr\u00e9vention de la toxicomanie lors d\u2019un forum international\"}]},{\"@type\":\"WebSite\",\"@id\":\"https:\\\/\\\/interamerica.org\\\/fr\\\/#website\",\"url\":\"https:\\\/\\\/interamerica.org\\\/fr\\\/\",\"name\":\"\u00c9glise Adventiste Du Septieme Jour - Inter Am\u00e9rique Division\",\"description\":\"\",\"potentialAction\":[{\"@type\":\"SearchAction\",\"target\":{\"@type\":\"EntryPoint\",\"urlTemplate\":\"https:\\\/\\\/interamerica.org\\\/fr\\\/?s={search_term_string}\"},\"query-input\":{\"@type\":\"PropertyValueSpecification\",\"valueRequired\":true,\"valueName\":\"search_term_string\"}}],\"inLanguage\":\"fr-FR\"},{\"@type\":\"Person\",\"@id\":\"https:\\\/\\\/interamerica.org\\\/fr\\\/#\\\/schema\\\/person\\\/29998f2bc2d8bd0d38662909289b54f1\",\"name\":\"libna\",\"image\":{\"@type\":\"ImageObject\",\"inLanguage\":\"fr-FR\",\"@id\":\"https:\\\/\\\/secure.gravatar.com\\\/avatar\\\/7c5bd30ae4b47a9ba3c856590957fd1d96dc588bf3ac05719d247e126840331f?s=96&d=mm&r=g\",\"url\":\"https:\\\/\\\/secure.gravatar.com\\\/avatar\\\/7c5bd30ae4b47a9ba3c856590957fd1d96dc588bf3ac05719d247e126840331f?s=96&d=mm&r=g\",\"contentUrl\":\"https:\\\/\\\/secure.gravatar.com\\\/avatar\\\/7c5bd30ae4b47a9ba3c856590957fd1d96dc588bf3ac05719d247e126840331f?s=96&d=mm&r=g\",\"caption\":\"libna\"}}]}<\/script>\n<!-- \/ Yoast SEO plugin. -->","yoast_head_json":{"title":"Une interne en psychologie promeut la pr\u00e9vention de la toxicomanie lors d\u2019un forum international - \u00c9glise Adventiste Du Septieme Jour - Inter Am\u00e9rique Division","robots":{"index":"index","follow":"follow","max-snippet":"max-snippet:-1","max-image-preview":"max-image-preview:large","max-video-preview":"max-video-preview:-1"},"canonical":"https:\/\/interamerica.org\/fr\/2024\/08\/une-interne-en-psychologie-promeut-la-prevention-de-la-toxicomanie-lors-dun-forum-international\/","og_locale":"fr_FR","og_type":"article","og_title":"Une interne en psychologie promeut la pr\u00e9vention de la toxicomanie lors d\u2019un forum international - \u00c9glise Adventiste Du Septieme Jour - Inter Am\u00e9rique Division","og_description":"Abril S\u00e1nchez pr\u00e9sente un projet social en Gr\u00e8ce pour aider \u00e0 lutter contre le fl\u00e9au de la toxicomanie. 14 Ao\u00fbt 2024 | Montemorelos, Nuevo Le\u00f3n, Mexique | Laura Marrero et...","og_url":"https:\/\/interamerica.org\/fr\/2024\/08\/une-interne-en-psychologie-promeut-la-prevention-de-la-toxicomanie-lors-dun-forum-international\/","og_site_name":"\u00c9glise Adventiste Du Septieme Jour - Inter Am\u00e9rique Division","article_published_time":"2024-08-16T00:48:57+00:00","article_modified_time":"2024-08-17T02:07:48+00:00","og_image":[{"width":950,"height":678,"url":"https:\/\/interamerica.org\/wp-content\/uploads\/2024\/08\/um-img-odujgr8mwhvgi12s-1280.jpg","type":"image\/jpeg"}],"author":"libna","twitter_card":"summary_large_image","twitter_misc":{"\u00c9crit par":"libna","Dur\u00e9e de lecture estim\u00e9e":"7 minutes"},"schema":{"@context":"https:\/\/schema.org","@graph":[{"@type":"Article","@id":"https:\/\/interamerica.org\/fr\/2024\/08\/une-interne-en-psychologie-promeut-la-prevention-de-la-toxicomanie-lors-dun-forum-international\/#article","isPartOf":{"@id":"https:\/\/interamerica.org\/fr\/2024\/08\/une-interne-en-psychologie-promeut-la-prevention-de-la-toxicomanie-lors-dun-forum-international\/"},"author":{"name":"libna","@id":"https:\/\/interamerica.org\/fr\/#\/schema\/person\/29998f2bc2d8bd0d38662909289b54f1"},"headline":"Une interne en psychologie promeut la pr\u00e9vention de la toxicomanie lors d\u2019un forum international","datePublished":"2024-08-16T00:48:57+00:00","dateModified":"2024-08-17T02:07:48+00:00","mainEntityOfPage":{"@id":"https:\/\/interamerica.org\/fr\/2024\/08\/une-interne-en-psychologie-promeut-la-prevention-de-la-toxicomanie-lors-dun-forum-international\/"},"wordCount":1357,"image":{"@id":"https:\/\/interamerica.org\/fr\/2024\/08\/une-interne-en-psychologie-promeut-la-prevention-de-la-toxicomanie-lors-dun-forum-international\/#primaryimage"},"thumbnailUrl":"https:\/\/interamerica.org\/wp-content\/uploads\/2024\/08\/um-img-odujgr8mwhvgi12s-1280.jpg","articleSection":["Nouvelles de l'\u00c9glise mondiale","RSS Fran\u00e7ais"],"inLanguage":"fr-FR"},{"@type":"WebPage","@id":"https:\/\/interamerica.org\/fr\/2024\/08\/une-interne-en-psychologie-promeut-la-prevention-de-la-toxicomanie-lors-dun-forum-international\/","url":"https:\/\/interamerica.org\/fr\/2024\/08\/une-interne-en-psychologie-promeut-la-prevention-de-la-toxicomanie-lors-dun-forum-international\/","name":"Une interne en psychologie promeut la pr\u00e9vention de la toxicomanie lors d\u2019un forum international - \u00c9glise Adventiste Du Septieme Jour - Inter Am\u00e9rique Division","isPartOf":{"@id":"https:\/\/interamerica.org\/fr\/#website"},"primaryImageOfPage":{"@id":"https:\/\/interamerica.org\/fr\/2024\/08\/une-interne-en-psychologie-promeut-la-prevention-de-la-toxicomanie-lors-dun-forum-international\/#primaryimage"},"image":{"@id":"https:\/\/interamerica.org\/fr\/2024\/08\/une-interne-en-psychologie-promeut-la-prevention-de-la-toxicomanie-lors-dun-forum-international\/#primaryimage"},"thumbnailUrl":"https:\/\/interamerica.org\/wp-content\/uploads\/2024\/08\/um-img-odujgr8mwhvgi12s-1280.jpg","datePublished":"2024-08-16T00:48:57+00:00","dateModified":"2024-08-17T02:07:48+00:00","author":{"@id":"https:\/\/interamerica.org\/fr\/#\/schema\/person\/29998f2bc2d8bd0d38662909289b54f1"},"breadcrumb":{"@id":"https:\/\/interamerica.org\/fr\/2024\/08\/une-interne-en-psychologie-promeut-la-prevention-de-la-toxicomanie-lors-dun-forum-international\/#breadcrumb"},"inLanguage":"fr-FR","potentialAction":[{"@type":"ReadAction","target":["https:\/\/interamerica.org\/fr\/2024\/08\/une-interne-en-psychologie-promeut-la-prevention-de-la-toxicomanie-lors-dun-forum-international\/"]}]},{"@type":"ImageObject","inLanguage":"fr-FR","@id":"https:\/\/interamerica.org\/fr\/2024\/08\/une-interne-en-psychologie-promeut-la-prevention-de-la-toxicomanie-lors-dun-forum-international\/#primaryimage","url":"https:\/\/interamerica.org\/wp-content\/uploads\/2024\/08\/um-img-odujgr8mwhvgi12s-1280.jpg","contentUrl":"https:\/\/interamerica.org\/wp-content\/uploads\/2024\/08\/um-img-odujgr8mwhvgi12s-1280.jpg","width":950,"height":678,"caption":"April S\u00e1nchez attends the international forum representing Mexico and Youth Integration Centers. [Photo: Abril S\u00e1nchez]"},{"@type":"BreadcrumbList","@id":"https:\/\/interamerica.org\/fr\/2024\/08\/une-interne-en-psychologie-promeut-la-prevention-de-la-toxicomanie-lors-dun-forum-international\/#breadcrumb","itemListElement":[{"@type":"ListItem","position":1,"name":"Home","item":"https:\/\/interamerica.org\/fr\/"},{"@type":"ListItem","position":2,"name":"Une interne en psychologie promeut la pr\u00e9vention de la toxicomanie lors d\u2019un forum international"}]},{"@type":"WebSite","@id":"https:\/\/interamerica.org\/fr\/#website","url":"https:\/\/interamerica.org\/fr\/","name":"\u00c9glise Adventiste Du Septieme Jour - Inter Am\u00e9rique Division","description":"","potentialAction":[{"@type":"SearchAction","target":{"@type":"EntryPoint","urlTemplate":"https:\/\/interamerica.org\/fr\/?s={search_term_string}"},"query-input":{"@type":"PropertyValueSpecification","valueRequired":true,"valueName":"search_term_string"}}],"inLanguage":"fr-FR"},{"@type":"Person","@id":"https:\/\/interamerica.org\/fr\/#\/schema\/person\/29998f2bc2d8bd0d38662909289b54f1","name":"libna","image":{"@type":"ImageObject","inLanguage":"fr-FR","@id":"https:\/\/secure.gravatar.com\/avatar\/7c5bd30ae4b47a9ba3c856590957fd1d96dc588bf3ac05719d247e126840331f?s=96&d=mm&r=g","url":"https:\/\/secure.gravatar.com\/avatar\/7c5bd30ae4b47a9ba3c856590957fd1d96dc588bf3ac05719d247e126840331f?s=96&d=mm&r=g","contentUrl":"https:\/\/secure.gravatar.com\/avatar\/7c5bd30ae4b47a9ba3c856590957fd1d96dc588bf3ac05719d247e126840331f?s=96&d=mm&r=g","caption":"libna"}}]}},"_links":{"self":[{"href":"https:\/\/interamerica.org\/fr\/wp-json\/wp\/v2\/posts\/118284","targetHints":{"allow":["GET"]}}],"collection":[{"href":"https:\/\/interamerica.org\/fr\/wp-json\/wp\/v2\/posts"}],"about":[{"href":"https:\/\/interamerica.org\/fr\/wp-json\/wp\/v2\/types\/post"}],"author":[{"embeddable":true,"href":"https:\/\/interamerica.org\/fr\/wp-json\/wp\/v2\/users\/3"}],"replies":[{"embeddable":true,"href":"https:\/\/interamerica.org\/fr\/wp-json\/wp\/v2\/comments?post=118284"}],"version-history":[{"count":0,"href":"https:\/\/interamerica.org\/fr\/wp-json\/wp\/v2\/posts\/118284\/revisions"}],"wp:featuredmedia":[{"embeddable":true,"href":"https:\/\/interamerica.org\/fr\/wp-json\/wp\/v2\/media\/118247"}],"wp:attachment":[{"href":"https:\/\/interamerica.org\/fr\/wp-json\/wp\/v2\/media?parent=118284"}],"wp:term":[{"taxonomy":"category","embeddable":true,"href":"https:\/\/interamerica.org\/fr\/wp-json\/wp\/v2\/categories?post=118284"},{"taxonomy":"post_tag","embeddable":true,"href":"https:\/\/interamerica.org\/fr\/wp-json\/wp\/v2\/tags?post=118284"}],"curies":[{"name":"wp","href":"https:\/\/api.w.org\/{rel}","templated":true}]}}