{"id":118509,"date":"2024-08-21T13:14:39","date_gmt":"2024-08-21T17:14:39","guid":{"rendered":"https:\/\/interamerica.org\/?p=118509"},"modified":"2024-08-22T15:07:27","modified_gmt":"2024-08-22T19:07:27","slug":"les-membres-dasi-invites-a-rechercher-la-stabilite-spirituelle-et-a-suivre-la-direction-de-dieu-dans-la-mission","status":"publish","type":"post","link":"https:\/\/interamerica.org\/fr\/2024\/08\/les-membres-dasi-invites-a-rechercher-la-stabilite-spirituelle-et-a-suivre-la-direction-de-dieu-dans-la-mission\/","title":{"rendered":"Les membres d\u2019ASi invit\u00e9s \u00e0 rechercher la stabilit\u00e9 spirituelle et \u00e0 suivre la direction de Dieu dans la mission"},"content":{"rendered":"<p><div id=\"attachment_118430\" style=\"width: 862px\" class=\"wp-caption aligncenter\"><img fetchpriority=\"high\" decoding=\"async\" aria-describedby=\"caption-attachment-118430\" class=\" wp-image-118431\" src=\"https:\/\/interamerica.org\/wp-content\/uploads\/2024\/08\/asi-2024-bahamas-group.jpg\" alt=\"\" width=\"852\" height=\"568\" srcset=\"https:\/\/interamerica.org\/wp-content\/uploads\/2024\/08\/asi-2024-bahamas-group.jpg 1000w, https:\/\/interamerica.org\/wp-content\/uploads\/2024\/08\/asi-2024-bahamas-group-300x200.jpg 300w, https:\/\/interamerica.org\/wp-content\/uploads\/2024\/08\/asi-2024-bahamas-group-768x512.jpg 768w\" sizes=\"(max-width: 852px) 100vw, 852px\" \/><p id=\"caption-attachment-118430\" class=\"wp-caption-text\">Des d\u00e9l\u00e9gu\u00e9s des Bahamas agitent leurs drapeaux lors de la c\u00e9r\u00e9monie d\u2019ouverture de la convention des Adventistes La\u00efcs des Services et Industries (ASi) qui s\u2019est tenue \u00e0 Panama City, au Panama, du 14 au 17 ao\u00fbt 2024. Plus de 300 chefs d\u2019entreprise et de professionnels ont assist\u00e9 au programme annuel de quatre jours pour r\u00e9seauter et \u00eatre inspir\u00e9s et motiv\u00e9s \u00e0 continuer de proclamer le Christ sur leurs lieux de travail dans leurs pays respectifs. [Photo : Michelle Greene\/DIA]<\/p><\/div><em>Des centaines de chefs d\u2019entreprise et de professionnels adventistes se sont r\u00e9unis au Panama \u00e0 l\u2019occasion de la convention annuelle de cette ann\u00e9e organis\u00e9e \u00e0 l\u2019\u00e9chelle du territoire.<\/em><\/p>\n<p>20 Ao\u00fbt 2024 | Panama City, Panama | Libna Stevens, Actualit\u00e9s de la Division Inter-Am\u00e9ricaine<\/p>\n<p>\u00ab Si vous voulez travailler pour Dieu, votre plus grande qualit\u00e9 de leadership n\u2019est pas votre capacit\u00e9 \u00e0 parler fort, ni votre capacit\u00e9 \u00e0 g\u00e9rer des feuilles de calcul, ni votre capacit\u00e9 \u00e0 d\u00e9l\u00e9guer, \u00bb a d\u00e9clar\u00e9 pasteur Debleaire K. Snell, directeur du Minist\u00e8re T\u00e9l\u00e9visuel Breath of Life, alors qu\u2019il s\u2019adressait r\u00e9cemment \u00e0 des centaines de chefs d\u2019entreprise et de professionnels adventistes au Panama. \u00ab Votre plus grand don est de pouvoir entendre la Parole de Dieu lorsqu\u2019Il parle. \u00bb<\/p>\n<p>Entendre la Parole de Dieu fait partie du service pour mener \u00e0 bien la mission et faire les choses diff\u00e9remment, a d\u00e9clar\u00e9 pasteur Snell. Pasteur Snell s\u2019adressait le 14 ao\u00fbt 2024 \u00e0 une importante d\u00e9l\u00e9gation lors de la soir\u00e9e d\u2019ouverture de la convention annuelle des Adventistes La\u00efcs des Services et Industries (ASi) de l\u2019Inter Am\u00e9rique organis\u00e9e cette ann\u00e9e \u00e0 Panama City, au Panama.<\/p>\n<p><div id=\"attachment_118421\" style=\"width: 866px\" class=\"wp-caption aligncenter\"><img decoding=\"async\" aria-describedby=\"caption-attachment-118421\" class=\" wp-image-118422\" src=\"https:\/\/interamerica.org\/wp-content\/uploads\/2024\/08\/asi2024-debleaire-snell-1024x683.jpg\" alt=\"\" width=\"856\" height=\"571\" srcset=\"https:\/\/interamerica.org\/wp-content\/uploads\/2024\/08\/asi2024-debleaire-snell-1024x683.jpg 1024w, https:\/\/interamerica.org\/wp-content\/uploads\/2024\/08\/asi2024-debleaire-snell-300x200.jpg 300w, https:\/\/interamerica.org\/wp-content\/uploads\/2024\/08\/asi2024-debleaire-snell-768x512.jpg 768w, https:\/\/interamerica.org\/wp-content\/uploads\/2024\/08\/asi2024-debleaire-snell.jpg 1392w\" sizes=\"(max-width: 856px) 100vw, 856px\" \/><p id=\"caption-attachment-118421\" class=\"wp-caption-text\">L\u2019intervenant principal, pasteur Debleaire K. Snell, directeur du Minist\u00e8re T\u00e9l\u00e9visuel Breath of Life, a exhort\u00e9 les membres de la d\u00e9l\u00e9gation ASi de l\u2019Inter Am\u00e9rique, le 14 ao\u00fbt 2024, \u00e0 Panama City, au Panama, \u00e0 rechercher la direction de Dieu dans leur vie quotidienne et leurs affaires commerciales alors qu\u2019ils accomplissent la mission de l\u2019\u00c9glise. [Photo : Michelle Greene\/DIA]<\/p><\/div>Dieu n\u2019est pas traditionnel, a-t-il poursuivi. L\u2019erreur se produit lorsque nous supposons que Dieu dirigera toujours de la m\u00eame mani\u00e8re, a d\u00e9clar\u00e9 pasteur Snell. \u00ab Nous pensons que les mouvements actuels refl\u00e9teront toujours les mouvements pass\u00e9s. \u00bb Pasteur Snell faisait passer directement ce message aux centaines de membres d\u2019ASi Inter Am\u00e9rique dont les efforts sont essentiels pour gagner d\u2019autres personnes \u00e0 Christ dans leurs entreprises et sur leurs lieux de travail respectifs. Il est essentiel de compter sur Dieu pour les atteindre aujourd\u2019hui, a-t-il d\u00e9clar\u00e9.<\/p>\n<p>Lorsqu\u2019il est question de conna\u00eetre la volont\u00e9 de Dieu, il s\u2019agit de maintenir une vie de pri\u00e8re et de rechercher quotidiennement la direction du Saint-Esprit, a-t-il soulign\u00e9. \u00ab Peu importe le nombre de conseils d\u2019administration que nous pr\u00e9sidons, peu importe depuis combien de temps nous sommes \u00e0 l\u2019\u00e9glise, chaque fois que nous prenons une d\u00e9cision en dehors de la pri\u00e8re, nous ne faisons qu\u2019une supposition \u00e9clair\u00e9e. \u00bb Les suppositions peuvent arriver lors de l\u2019\u00e9laboration de strat\u00e9gies commerciales, et dans de nombreuses choses dans la vie, en particulier dans les p\u00e9riodes de transition, dans les nouveaux minist\u00e8res, avec une nouvelle direction \u00e0 l\u2019\u00e9glise, mais Dieu est fid\u00e8le et se r\u00e9v\u00e9lera si nous le recherchons chaque jour, a-t-il expliqu\u00e9.<\/p>\n<p><div id=\"attachment_118441\" style=\"width: 862px\" class=\"wp-caption aligncenter\"><img decoding=\"async\" aria-describedby=\"caption-attachment-118441\" class=\" wp-image-118440\" src=\"https:\/\/interamerica.org\/wp-content\/uploads\/2024\/08\/asi-2024-singer-1024x683.jpg\" alt=\"\" width=\"852\" height=\"568\" srcset=\"https:\/\/interamerica.org\/wp-content\/uploads\/2024\/08\/asi-2024-singer-1024x683.jpg 1024w, https:\/\/interamerica.org\/wp-content\/uploads\/2024\/08\/asi-2024-singer-300x200.jpg 300w, https:\/\/interamerica.org\/wp-content\/uploads\/2024\/08\/asi-2024-singer-768x512.jpg 768w, https:\/\/interamerica.org\/wp-content\/uploads\/2024\/08\/asi-2024-singer-1536x1024.jpg 1536w, https:\/\/interamerica.org\/wp-content\/uploads\/2024\/08\/asi-2024-singer.jpg 1768w\" sizes=\"(max-width: 852px) 100vw, 852px\" \/><p id=\"caption-attachment-118441\" class=\"wp-caption-text\">Olga Villarreal du Panama pr\u00e9sente un chant sp\u00e9cial lors de la soir\u00e9e d\u2019ouverture de la convention le 14 ao\u00fbt 2024. [Photo : Michelle Greene\/DIA]<\/p><\/div>Pasteur Snell a encourag\u00e9 les d\u00e9l\u00e9gu\u00e9s d\u2019ASi \u00e0 demeurer enracin\u00e9s en Dieu pour leur stabilit\u00e9 et leur \u00e9quilibre spirituels. En r\u00e9fl\u00e9chissant \u00e0 l\u2019histoire de David et \u00e0 la d\u00e9faite des Philistins dans 2 Samuel 5, pasteur Snell a encourag\u00e9 les membres d\u2019ASi \u00e0 non seulement prier pour obtenir un plan de bataille, mais aussi \u00e0 avoir l\u2019assurance que Dieu sera avec eux comme cela a \u00e9t\u00e9 le cas dans l\u2019exp\u00e9rience de David. \u00ab Lorsque vous avez l\u2019assurance de Dieu, vous avancez avec une confiance diff\u00e9rente, la victoire ne se gagne pas sur le champ de bataille mais dans la chambre o\u00f9 l\u2019on prie. \u00bb<\/p>\n<p>Pour avancer dans la g\u00e9n\u00e9ration actuelle, il faudra des dirigeants et des membres engag\u00e9s, dot\u00e9s de suffisamment de sensibilit\u00e9 spirituelle pour voir o\u00f9 Dieu nous conduit en cette p\u00e9riode, a-t-il d\u00e9clar\u00e9. \u00ab Dieu a une parole et une r\u00e9v\u00e9lation pour cette g\u00e9n\u00e9ration qui sont diff\u00e9rentes de celles qu\u2019il a donn\u00e9es aux g\u00e9n\u00e9rations pr\u00e9c\u00e9dentes. Le contenu ne change pas, mais le contenant dans lequel elles sont apport\u00e9es peut \u00eatre diff\u00e9rent. \u00bb<\/p>\n<p><div id=\"attachment_118427\" style=\"width: 862px\" class=\"wp-caption aligncenter\"><img loading=\"lazy\" decoding=\"async\" aria-describedby=\"caption-attachment-118427\" class=\" wp-image-118428\" src=\"https:\/\/interamerica.org\/wp-content\/uploads\/2024\/08\/jose-degracia-asi2024.jpg\" alt=\"\" width=\"852\" height=\"568\" srcset=\"https:\/\/interamerica.org\/wp-content\/uploads\/2024\/08\/jose-degracia-asi2024.jpg 1000w, https:\/\/interamerica.org\/wp-content\/uploads\/2024\/08\/jose-degracia-asi2024-300x200.jpg 300w, https:\/\/interamerica.org\/wp-content\/uploads\/2024\/08\/jose-degracia-asi2024-768x512.jpg 768w\" sizes=\"(max-width: 852px) 100vw, 852px\" \/><p id=\"caption-attachment-118427\" class=\"wp-caption-text\">Pasteur Jos\u00e9 De Gracia, pr\u00e9sident de l\u2019Union du Panama, accueille la d\u00e9l\u00e9gation ASi de la DIA lors de la c\u00e9r\u00e9monie d\u2019ouverture du programme. [Photo : Michelle Greene\/DIA]<\/p><\/div>Il a fait comprendre aux participants que Dieu recherche des personnes spirituellement vivantes, capables de ressentir la voix de Dieu au milieu du chaos et de s\u2019adapter spirituellement pour voir dans quelle direction il avance, a d\u00e9clar\u00e9 pasteur Snell. Il s\u2019agit d\u2019\u00eatre suffisamment cr\u00e9atif pour pousser ceux qui sont en dehors de la direction de Dieu et les ramener, \u00ab en faisant des vagues, en restant fid\u00e8les \u00e0 la Parole et en se d\u00e9tachant de la tradition, \u00bb a-t-il ajout\u00e9.<\/p>\n<p>Pasteur Snell a invit\u00e9 les dirigeants et les membres de la section d\u2019ASi \u00e0 examiner leur minist\u00e8re, leurs transactions sur le lieu de travail, leur vie au foyer et \u00e0 faire les choses diff\u00e9remment, sans chercher \u00e0 devancer les assurances de Dieu.<\/p>\n<p><div id=\"attachment_118424\" style=\"width: 855px\" class=\"wp-caption aligncenter\"><img loading=\"lazy\" decoding=\"async\" aria-describedby=\"caption-attachment-118424\" class=\" wp-image-118425\" src=\"https:\/\/interamerica.org\/wp-content\/uploads\/2024\/08\/rohan-riley-asi2024-2.jpg\" alt=\"\" width=\"845\" height=\"563\" srcset=\"https:\/\/interamerica.org\/wp-content\/uploads\/2024\/08\/rohan-riley-asi2024-2.jpg 1000w, https:\/\/interamerica.org\/wp-content\/uploads\/2024\/08\/rohan-riley-asi2024-2-300x200.jpg 300w, https:\/\/interamerica.org\/wp-content\/uploads\/2024\/08\/rohan-riley-asi2024-2-768x511.jpg 768w\" sizes=\"(max-width: 845px) 100vw, 845px\" \/><p id=\"caption-attachment-118424\" class=\"wp-caption-text\">Le pr\u00e9sident d\u2019ASi Inter-Am\u00e9rique, Rohan Riley, s\u2019adresse aux d\u00e9l\u00e9gu\u00e9s d\u2019ASi au sujet de l\u2019objectif et du contenu de la convention annuelle de quatre jours. [Photo : Michelle Greene\/DIA]<\/p><\/div>C\u2019est le discours d\u2019ouverture qui a encourag\u00e9 les membres d\u2019ASi \u00e0 avoir l\u2019inspiration afin d\u2019\u00eatre \u00ab motiv\u00e9s pour Servir, \u00bb comme le sugg\u00e8re le th\u00e8me de la convention annuelle mise ne place pour l\u2019ensemble du territoire, ont d\u00e9clar\u00e9 les organisateurs. Le discours principal \u00e9tait pertinent pendant les quatre jours du programme qui avait pour objectif de motiver, d\u2019inspirer et d\u2019\u00e9quiper les membres d\u2019ASi pour un service toujours plus grand dans leurs diff\u00e9rents pays, a d\u00e9clar\u00e9 Rohan Riley, pr\u00e9sident d\u2019ASi Inter-Am\u00e9rique.<\/p>\n<p>\u00ab Il s\u2019agit avant tout de motiver les membres d\u2019ASi \u00e0 r\u00e9affirmer leur engagement \u00e0 proclamer Christ dans leurs entreprises et leurs communaut\u00e9s, et aussi \u00e0 inviter d\u2019autres professionnels \u00e0 soutenir la mission de l\u2019\u00e9glise, \u00bb a d\u00e9clar\u00e9 Rohan Riley.<\/p>\n<p><div id=\"attachment_118444\" style=\"width: 857px\" class=\"wp-caption aligncenter\"><img loading=\"lazy\" decoding=\"async\" aria-describedby=\"caption-attachment-118444\" class=\" wp-image-118443\" src=\"https:\/\/interamerica.org\/wp-content\/uploads\/2024\/08\/asi-2024-costarica-chapter.jpg\" alt=\"\" width=\"847\" height=\"564\" srcset=\"https:\/\/interamerica.org\/wp-content\/uploads\/2024\/08\/asi-2024-costarica-chapter.jpg 1000w, https:\/\/interamerica.org\/wp-content\/uploads\/2024\/08\/asi-2024-costarica-chapter-300x200.jpg 300w, https:\/\/interamerica.org\/wp-content\/uploads\/2024\/08\/asi-2024-costarica-chapter-768x511.jpg 768w\" sizes=\"(max-width: 847px) 100vw, 847px\" \/><p id=\"caption-attachment-118444\" class=\"wp-caption-text\">Les d\u00e9l\u00e9gu\u00e9s de la section d\u2019ASi au Costa Rica c\u00e9l\u00e8brent leur pays lors de la parade des drapeaux pendant la c\u00e9r\u00e9monie d\u2019ouverture le 14 ao\u00fbt 2024. [Photo : Michelle Greene\/DIA]<\/p><\/div>La convention ASi a \u00e9t\u00e9 l\u2019occasion pour des centaines de personnes d\u2019assister aux discours principaux, aux s\u00e9minaires, aux ateliers et aux panels ax\u00e9s sur la mission, les strat\u00e9gies de leadership, l\u2019\u00e9tablissement de relations professionnelles, l\u2019int\u00e9gration de la foi dans les affaires, l\u2019adoption de l\u2019innovation, le bien-\u00eatre physique et bien plus encore.<\/p>\n<p>Les membres d\u2019ASi ont d\u00e9but\u00e9 la convention en repr\u00e9sentant les pays auxquels ils appartiennent lors d\u2019un d\u00e9fil\u00e9 des nations le soir de l\u2019ouverture.<\/p>\n<p>Pour en savoir plus sur la convention annuelle d\u2019ASi Inter-Am\u00e9rique de cette ann\u00e9e, visitez notre site \u00e0 l\u2019adresse <a href=\"https:\/\/interamerica.org\/news\/\">interamerica.org<\/a><\/p>\n<p>Traduction: Patrick Luciathe<\/p>\n","protected":false},"excerpt":{"rendered":"<p>Des centaines de chefs d\u2019entreprise et de professionnels adventistes se sont r\u00e9unis au Panama \u00e0 l\u2019occasion de la convention annuelle de cette ann\u00e9e organis\u00e9e \u00e0 l\u2019\u00e9chelle du territoire. 20 Ao\u00fbt&#8230;<\/p>\n","protected":false},"author":3,"featured_media":118430,"comment_status":"closed","ping_status":"closed","sticky":false,"template":"","format":"standard","meta":{"_acf_changed":false,"footnotes":""},"categories":[20,19],"tags":[],"class_list":["post-118509","post","type-post","status-publish","format-standard","has-post-thumbnail","hentry","category-nouvelles-du-siege-de-la-division","category-rss-francais"],"acf":[],"yoast_head":"<!-- This site is optimized with the Yoast SEO plugin v27.3 - https:\/\/yoast.com\/product\/yoast-seo-wordpress\/ -->\n<title>Les membres d\u2019ASi invit\u00e9s \u00e0 rechercher la stabilit\u00e9 spirituelle et \u00e0 suivre la direction de Dieu dans la mission - \u00c9glise Adventiste Du Septieme Jour - Inter Am\u00e9rique Division<\/title>\n<meta name=\"robots\" content=\"index, follow, max-snippet:-1, max-image-preview:large, max-video-preview:-1\" \/>\n<link rel=\"canonical\" href=\"https:\/\/interamerica.org\/fr\/2024\/08\/les-membres-dasi-invites-a-rechercher-la-stabilite-spirituelle-et-a-suivre-la-direction-de-dieu-dans-la-mission\/\" \/>\n<meta property=\"og:locale\" content=\"fr_FR\" \/>\n<meta property=\"og:type\" content=\"article\" \/>\n<meta property=\"og:title\" content=\"Les membres d\u2019ASi invit\u00e9s \u00e0 rechercher la stabilit\u00e9 spirituelle et \u00e0 suivre la direction de Dieu dans la mission - \u00c9glise Adventiste Du Septieme Jour - Inter Am\u00e9rique Division\" \/>\n<meta property=\"og:description\" content=\"Des centaines de chefs d\u2019entreprise et de professionnels adventistes se sont r\u00e9unis au Panama \u00e0 l\u2019occasion de la convention annuelle de cette ann\u00e9e organis\u00e9e \u00e0 l\u2019\u00e9chelle du territoire. 20 Ao\u00fbt...\" \/>\n<meta property=\"og:url\" content=\"https:\/\/interamerica.org\/fr\/2024\/08\/les-membres-dasi-invites-a-rechercher-la-stabilite-spirituelle-et-a-suivre-la-direction-de-dieu-dans-la-mission\/\" \/>\n<meta property=\"og:site_name\" content=\"\u00c9glise Adventiste Du Septieme Jour - Inter Am\u00e9rique Division\" \/>\n<meta property=\"article:published_time\" content=\"2024-08-21T17:14:39+00:00\" \/>\n<meta property=\"article:modified_time\" content=\"2024-08-22T19:07:27+00:00\" \/>\n<meta property=\"og:image\" content=\"https:\/\/interamerica.org\/wp-content\/uploads\/2024\/08\/asi-2024-bahamas-group.jpg\" \/>\n\t<meta property=\"og:image:width\" content=\"1000\" \/>\n\t<meta property=\"og:image:height\" content=\"667\" \/>\n\t<meta property=\"og:image:type\" content=\"image\/jpeg\" \/>\n<meta name=\"author\" content=\"libna\" \/>\n<meta name=\"twitter:card\" content=\"summary_large_image\" \/>\n<meta name=\"twitter:label1\" content=\"\u00c9crit par\" \/>\n\t<meta name=\"twitter:data1\" content=\"libna\" \/>\n\t<meta name=\"twitter:label2\" content=\"Dur\u00e9e de lecture estim\u00e9e\" \/>\n\t<meta name=\"twitter:data2\" content=\"7 minutes\" \/>\n<script type=\"application\/ld+json\" class=\"yoast-schema-graph\">{\"@context\":\"https:\\\/\\\/schema.org\",\"@graph\":[{\"@type\":\"Article\",\"@id\":\"https:\\\/\\\/interamerica.org\\\/fr\\\/2024\\\/08\\\/les-membres-dasi-invites-a-rechercher-la-stabilite-spirituelle-et-a-suivre-la-direction-de-dieu-dans-la-mission\\\/#article\",\"isPartOf\":{\"@id\":\"https:\\\/\\\/interamerica.org\\\/fr\\\/2024\\\/08\\\/les-membres-dasi-invites-a-rechercher-la-stabilite-spirituelle-et-a-suivre-la-direction-de-dieu-dans-la-mission\\\/\"},\"author\":{\"name\":\"libna\",\"@id\":\"https:\\\/\\\/interamerica.org\\\/fr\\\/#\\\/schema\\\/person\\\/29998f2bc2d8bd0d38662909289b54f1\"},\"headline\":\"Les membres d\u2019ASi invit\u00e9s \u00e0 rechercher la stabilit\u00e9 spirituelle et \u00e0 suivre la direction de Dieu dans la mission\",\"datePublished\":\"2024-08-21T17:14:39+00:00\",\"dateModified\":\"2024-08-22T19:07:27+00:00\",\"mainEntityOfPage\":{\"@id\":\"https:\\\/\\\/interamerica.org\\\/fr\\\/2024\\\/08\\\/les-membres-dasi-invites-a-rechercher-la-stabilite-spirituelle-et-a-suivre-la-direction-de-dieu-dans-la-mission\\\/\"},\"wordCount\":1353,\"image\":{\"@id\":\"https:\\\/\\\/interamerica.org\\\/fr\\\/2024\\\/08\\\/les-membres-dasi-invites-a-rechercher-la-stabilite-spirituelle-et-a-suivre-la-direction-de-dieu-dans-la-mission\\\/#primaryimage\"},\"thumbnailUrl\":\"https:\\\/\\\/interamerica.org\\\/wp-content\\\/uploads\\\/2024\\\/08\\\/asi-2024-bahamas-group.jpg\",\"articleSection\":[\"Nouvelles du si\u00e8ge de la division\",\"RSS Fran\u00e7ais\"],\"inLanguage\":\"fr-FR\"},{\"@type\":\"WebPage\",\"@id\":\"https:\\\/\\\/interamerica.org\\\/fr\\\/2024\\\/08\\\/les-membres-dasi-invites-a-rechercher-la-stabilite-spirituelle-et-a-suivre-la-direction-de-dieu-dans-la-mission\\\/\",\"url\":\"https:\\\/\\\/interamerica.org\\\/fr\\\/2024\\\/08\\\/les-membres-dasi-invites-a-rechercher-la-stabilite-spirituelle-et-a-suivre-la-direction-de-dieu-dans-la-mission\\\/\",\"name\":\"Les membres d\u2019ASi invit\u00e9s \u00e0 rechercher la stabilit\u00e9 spirituelle et \u00e0 suivre la direction de Dieu dans la mission - \u00c9glise Adventiste Du Septieme Jour - Inter Am\u00e9rique Division\",\"isPartOf\":{\"@id\":\"https:\\\/\\\/interamerica.org\\\/fr\\\/#website\"},\"primaryImageOfPage\":{\"@id\":\"https:\\\/\\\/interamerica.org\\\/fr\\\/2024\\\/08\\\/les-membres-dasi-invites-a-rechercher-la-stabilite-spirituelle-et-a-suivre-la-direction-de-dieu-dans-la-mission\\\/#primaryimage\"},\"image\":{\"@id\":\"https:\\\/\\\/interamerica.org\\\/fr\\\/2024\\\/08\\\/les-membres-dasi-invites-a-rechercher-la-stabilite-spirituelle-et-a-suivre-la-direction-de-dieu-dans-la-mission\\\/#primaryimage\"},\"thumbnailUrl\":\"https:\\\/\\\/interamerica.org\\\/wp-content\\\/uploads\\\/2024\\\/08\\\/asi-2024-bahamas-group.jpg\",\"datePublished\":\"2024-08-21T17:14:39+00:00\",\"dateModified\":\"2024-08-22T19:07:27+00:00\",\"author\":{\"@id\":\"https:\\\/\\\/interamerica.org\\\/fr\\\/#\\\/schema\\\/person\\\/29998f2bc2d8bd0d38662909289b54f1\"},\"breadcrumb\":{\"@id\":\"https:\\\/\\\/interamerica.org\\\/fr\\\/2024\\\/08\\\/les-membres-dasi-invites-a-rechercher-la-stabilite-spirituelle-et-a-suivre-la-direction-de-dieu-dans-la-mission\\\/#breadcrumb\"},\"inLanguage\":\"fr-FR\",\"potentialAction\":[{\"@type\":\"ReadAction\",\"target\":[\"https:\\\/\\\/interamerica.org\\\/fr\\\/2024\\\/08\\\/les-membres-dasi-invites-a-rechercher-la-stabilite-spirituelle-et-a-suivre-la-direction-de-dieu-dans-la-mission\\\/\"]}]},{\"@type\":\"ImageObject\",\"inLanguage\":\"fr-FR\",\"@id\":\"https:\\\/\\\/interamerica.org\\\/fr\\\/2024\\\/08\\\/les-membres-dasi-invites-a-rechercher-la-stabilite-spirituelle-et-a-suivre-la-direction-de-dieu-dans-la-mission\\\/#primaryimage\",\"url\":\"https:\\\/\\\/interamerica.org\\\/wp-content\\\/uploads\\\/2024\\\/08\\\/asi-2024-bahamas-group.jpg\",\"contentUrl\":\"https:\\\/\\\/interamerica.org\\\/wp-content\\\/uploads\\\/2024\\\/08\\\/asi-2024-bahamas-group.jpg\",\"width\":1000,\"height\":667},{\"@type\":\"BreadcrumbList\",\"@id\":\"https:\\\/\\\/interamerica.org\\\/fr\\\/2024\\\/08\\\/les-membres-dasi-invites-a-rechercher-la-stabilite-spirituelle-et-a-suivre-la-direction-de-dieu-dans-la-mission\\\/#breadcrumb\",\"itemListElement\":[{\"@type\":\"ListItem\",\"position\":1,\"name\":\"Home\",\"item\":\"https:\\\/\\\/interamerica.org\\\/fr\\\/\"},{\"@type\":\"ListItem\",\"position\":2,\"name\":\"Les membres d\u2019ASi invit\u00e9s \u00e0 rechercher la stabilit\u00e9 spirituelle et \u00e0 suivre la direction de Dieu dans la mission\"}]},{\"@type\":\"WebSite\",\"@id\":\"https:\\\/\\\/interamerica.org\\\/fr\\\/#website\",\"url\":\"https:\\\/\\\/interamerica.org\\\/fr\\\/\",\"name\":\"\u00c9glise Adventiste Du Septieme Jour - Inter Am\u00e9rique Division\",\"description\":\"\",\"potentialAction\":[{\"@type\":\"SearchAction\",\"target\":{\"@type\":\"EntryPoint\",\"urlTemplate\":\"https:\\\/\\\/interamerica.org\\\/fr\\\/?s={search_term_string}\"},\"query-input\":{\"@type\":\"PropertyValueSpecification\",\"valueRequired\":true,\"valueName\":\"search_term_string\"}}],\"inLanguage\":\"fr-FR\"},{\"@type\":\"Person\",\"@id\":\"https:\\\/\\\/interamerica.org\\\/fr\\\/#\\\/schema\\\/person\\\/29998f2bc2d8bd0d38662909289b54f1\",\"name\":\"libna\",\"image\":{\"@type\":\"ImageObject\",\"inLanguage\":\"fr-FR\",\"@id\":\"https:\\\/\\\/secure.gravatar.com\\\/avatar\\\/7c5bd30ae4b47a9ba3c856590957fd1d96dc588bf3ac05719d247e126840331f?s=96&d=mm&r=g\",\"url\":\"https:\\\/\\\/secure.gravatar.com\\\/avatar\\\/7c5bd30ae4b47a9ba3c856590957fd1d96dc588bf3ac05719d247e126840331f?s=96&d=mm&r=g\",\"contentUrl\":\"https:\\\/\\\/secure.gravatar.com\\\/avatar\\\/7c5bd30ae4b47a9ba3c856590957fd1d96dc588bf3ac05719d247e126840331f?s=96&d=mm&r=g\",\"caption\":\"libna\"}}]}<\/script>\n<!-- \/ Yoast SEO plugin. -->","yoast_head_json":{"title":"Les membres d\u2019ASi invit\u00e9s \u00e0 rechercher la stabilit\u00e9 spirituelle et \u00e0 suivre la direction de Dieu dans la mission - \u00c9glise Adventiste Du Septieme Jour - Inter Am\u00e9rique Division","robots":{"index":"index","follow":"follow","max-snippet":"max-snippet:-1","max-image-preview":"max-image-preview:large","max-video-preview":"max-video-preview:-1"},"canonical":"https:\/\/interamerica.org\/fr\/2024\/08\/les-membres-dasi-invites-a-rechercher-la-stabilite-spirituelle-et-a-suivre-la-direction-de-dieu-dans-la-mission\/","og_locale":"fr_FR","og_type":"article","og_title":"Les membres d\u2019ASi invit\u00e9s \u00e0 rechercher la stabilit\u00e9 spirituelle et \u00e0 suivre la direction de Dieu dans la mission - \u00c9glise Adventiste Du Septieme Jour - Inter Am\u00e9rique Division","og_description":"Des centaines de chefs d\u2019entreprise et de professionnels adventistes se sont r\u00e9unis au Panama \u00e0 l\u2019occasion de la convention annuelle de cette ann\u00e9e organis\u00e9e \u00e0 l\u2019\u00e9chelle du territoire. 20 Ao\u00fbt...","og_url":"https:\/\/interamerica.org\/fr\/2024\/08\/les-membres-dasi-invites-a-rechercher-la-stabilite-spirituelle-et-a-suivre-la-direction-de-dieu-dans-la-mission\/","og_site_name":"\u00c9glise Adventiste Du Septieme Jour - Inter Am\u00e9rique Division","article_published_time":"2024-08-21T17:14:39+00:00","article_modified_time":"2024-08-22T19:07:27+00:00","og_image":[{"width":1000,"height":667,"url":"https:\/\/interamerica.org\/wp-content\/uploads\/2024\/08\/asi-2024-bahamas-group.jpg","type":"image\/jpeg"}],"author":"libna","twitter_card":"summary_large_image","twitter_misc":{"\u00c9crit par":"libna","Dur\u00e9e de lecture estim\u00e9e":"7 minutes"},"schema":{"@context":"https:\/\/schema.org","@graph":[{"@type":"Article","@id":"https:\/\/interamerica.org\/fr\/2024\/08\/les-membres-dasi-invites-a-rechercher-la-stabilite-spirituelle-et-a-suivre-la-direction-de-dieu-dans-la-mission\/#article","isPartOf":{"@id":"https:\/\/interamerica.org\/fr\/2024\/08\/les-membres-dasi-invites-a-rechercher-la-stabilite-spirituelle-et-a-suivre-la-direction-de-dieu-dans-la-mission\/"},"author":{"name":"libna","@id":"https:\/\/interamerica.org\/fr\/#\/schema\/person\/29998f2bc2d8bd0d38662909289b54f1"},"headline":"Les membres d\u2019ASi invit\u00e9s \u00e0 rechercher la stabilit\u00e9 spirituelle et \u00e0 suivre la direction de Dieu dans la mission","datePublished":"2024-08-21T17:14:39+00:00","dateModified":"2024-08-22T19:07:27+00:00","mainEntityOfPage":{"@id":"https:\/\/interamerica.org\/fr\/2024\/08\/les-membres-dasi-invites-a-rechercher-la-stabilite-spirituelle-et-a-suivre-la-direction-de-dieu-dans-la-mission\/"},"wordCount":1353,"image":{"@id":"https:\/\/interamerica.org\/fr\/2024\/08\/les-membres-dasi-invites-a-rechercher-la-stabilite-spirituelle-et-a-suivre-la-direction-de-dieu-dans-la-mission\/#primaryimage"},"thumbnailUrl":"https:\/\/interamerica.org\/wp-content\/uploads\/2024\/08\/asi-2024-bahamas-group.jpg","articleSection":["Nouvelles du si\u00e8ge de la division","RSS Fran\u00e7ais"],"inLanguage":"fr-FR"},{"@type":"WebPage","@id":"https:\/\/interamerica.org\/fr\/2024\/08\/les-membres-dasi-invites-a-rechercher-la-stabilite-spirituelle-et-a-suivre-la-direction-de-dieu-dans-la-mission\/","url":"https:\/\/interamerica.org\/fr\/2024\/08\/les-membres-dasi-invites-a-rechercher-la-stabilite-spirituelle-et-a-suivre-la-direction-de-dieu-dans-la-mission\/","name":"Les membres d\u2019ASi invit\u00e9s \u00e0 rechercher la stabilit\u00e9 spirituelle et \u00e0 suivre la direction de Dieu dans la mission - \u00c9glise Adventiste Du Septieme Jour - Inter Am\u00e9rique Division","isPartOf":{"@id":"https:\/\/interamerica.org\/fr\/#website"},"primaryImageOfPage":{"@id":"https:\/\/interamerica.org\/fr\/2024\/08\/les-membres-dasi-invites-a-rechercher-la-stabilite-spirituelle-et-a-suivre-la-direction-de-dieu-dans-la-mission\/#primaryimage"},"image":{"@id":"https:\/\/interamerica.org\/fr\/2024\/08\/les-membres-dasi-invites-a-rechercher-la-stabilite-spirituelle-et-a-suivre-la-direction-de-dieu-dans-la-mission\/#primaryimage"},"thumbnailUrl":"https:\/\/interamerica.org\/wp-content\/uploads\/2024\/08\/asi-2024-bahamas-group.jpg","datePublished":"2024-08-21T17:14:39+00:00","dateModified":"2024-08-22T19:07:27+00:00","author":{"@id":"https:\/\/interamerica.org\/fr\/#\/schema\/person\/29998f2bc2d8bd0d38662909289b54f1"},"breadcrumb":{"@id":"https:\/\/interamerica.org\/fr\/2024\/08\/les-membres-dasi-invites-a-rechercher-la-stabilite-spirituelle-et-a-suivre-la-direction-de-dieu-dans-la-mission\/#breadcrumb"},"inLanguage":"fr-FR","potentialAction":[{"@type":"ReadAction","target":["https:\/\/interamerica.org\/fr\/2024\/08\/les-membres-dasi-invites-a-rechercher-la-stabilite-spirituelle-et-a-suivre-la-direction-de-dieu-dans-la-mission\/"]}]},{"@type":"ImageObject","inLanguage":"fr-FR","@id":"https:\/\/interamerica.org\/fr\/2024\/08\/les-membres-dasi-invites-a-rechercher-la-stabilite-spirituelle-et-a-suivre-la-direction-de-dieu-dans-la-mission\/#primaryimage","url":"https:\/\/interamerica.org\/wp-content\/uploads\/2024\/08\/asi-2024-bahamas-group.jpg","contentUrl":"https:\/\/interamerica.org\/wp-content\/uploads\/2024\/08\/asi-2024-bahamas-group.jpg","width":1000,"height":667},{"@type":"BreadcrumbList","@id":"https:\/\/interamerica.org\/fr\/2024\/08\/les-membres-dasi-invites-a-rechercher-la-stabilite-spirituelle-et-a-suivre-la-direction-de-dieu-dans-la-mission\/#breadcrumb","itemListElement":[{"@type":"ListItem","position":1,"name":"Home","item":"https:\/\/interamerica.org\/fr\/"},{"@type":"ListItem","position":2,"name":"Les membres d\u2019ASi invit\u00e9s \u00e0 rechercher la stabilit\u00e9 spirituelle et \u00e0 suivre la direction de Dieu dans la mission"}]},{"@type":"WebSite","@id":"https:\/\/interamerica.org\/fr\/#website","url":"https:\/\/interamerica.org\/fr\/","name":"\u00c9glise Adventiste Du Septieme Jour - Inter Am\u00e9rique Division","description":"","potentialAction":[{"@type":"SearchAction","target":{"@type":"EntryPoint","urlTemplate":"https:\/\/interamerica.org\/fr\/?s={search_term_string}"},"query-input":{"@type":"PropertyValueSpecification","valueRequired":true,"valueName":"search_term_string"}}],"inLanguage":"fr-FR"},{"@type":"Person","@id":"https:\/\/interamerica.org\/fr\/#\/schema\/person\/29998f2bc2d8bd0d38662909289b54f1","name":"libna","image":{"@type":"ImageObject","inLanguage":"fr-FR","@id":"https:\/\/secure.gravatar.com\/avatar\/7c5bd30ae4b47a9ba3c856590957fd1d96dc588bf3ac05719d247e126840331f?s=96&d=mm&r=g","url":"https:\/\/secure.gravatar.com\/avatar\/7c5bd30ae4b47a9ba3c856590957fd1d96dc588bf3ac05719d247e126840331f?s=96&d=mm&r=g","contentUrl":"https:\/\/secure.gravatar.com\/avatar\/7c5bd30ae4b47a9ba3c856590957fd1d96dc588bf3ac05719d247e126840331f?s=96&d=mm&r=g","caption":"libna"}}]}},"_links":{"self":[{"href":"https:\/\/interamerica.org\/fr\/wp-json\/wp\/v2\/posts\/118509","targetHints":{"allow":["GET"]}}],"collection":[{"href":"https:\/\/interamerica.org\/fr\/wp-json\/wp\/v2\/posts"}],"about":[{"href":"https:\/\/interamerica.org\/fr\/wp-json\/wp\/v2\/types\/post"}],"author":[{"embeddable":true,"href":"https:\/\/interamerica.org\/fr\/wp-json\/wp\/v2\/users\/3"}],"replies":[{"embeddable":true,"href":"https:\/\/interamerica.org\/fr\/wp-json\/wp\/v2\/comments?post=118509"}],"version-history":[{"count":0,"href":"https:\/\/interamerica.org\/fr\/wp-json\/wp\/v2\/posts\/118509\/revisions"}],"wp:featuredmedia":[{"embeddable":true,"href":"https:\/\/interamerica.org\/fr\/wp-json\/wp\/v2\/media\/118430"}],"wp:attachment":[{"href":"https:\/\/interamerica.org\/fr\/wp-json\/wp\/v2\/media?parent=118509"}],"wp:term":[{"taxonomy":"category","embeddable":true,"href":"https:\/\/interamerica.org\/fr\/wp-json\/wp\/v2\/categories?post=118509"},{"taxonomy":"post_tag","embeddable":true,"href":"https:\/\/interamerica.org\/fr\/wp-json\/wp\/v2\/tags?post=118509"}],"curies":[{"name":"wp","href":"https:\/\/api.w.org\/{rel}","templated":true}]}}