{"id":118767,"date":"2024-08-26T17:45:25","date_gmt":"2024-08-26T21:45:25","guid":{"rendered":"https:\/\/interamerica.org\/?p=118767"},"modified":"2024-08-30T14:38:43","modified_gmt":"2024-08-30T18:38:43","slug":"the-hopeful-disponible-en-amerique-du-nord-depuis-le-23-aout","status":"publish","type":"post","link":"https:\/\/interamerica.org\/fr\/2024\/08\/the-hopeful-disponible-en-amerique-du-nord-depuis-le-23-aout\/","title":{"rendered":"\u00ab The Hopeful \u00bb disponible en Am\u00e9rique du Nord depuis le 23 ao\u00fbt"},"content":{"rendered":"<div id=\"attachment_118619\" style=\"width: 872px\" class=\"wp-caption aligncenter\"><img fetchpriority=\"high\" decoding=\"async\" aria-describedby=\"caption-attachment-118619\" class=\" wp-image-118618\" src=\"https:\/\/interamerica.org\/wp-content\/uploads\/2024\/08\/thumbnail-hopeful-article-1024x576.png\" alt=\"\" width=\"862\" height=\"485\" srcset=\"https:\/\/interamerica.org\/wp-content\/uploads\/2024\/08\/thumbnail-hopeful-article-1024x576.png 1024w, https:\/\/interamerica.org\/wp-content\/uploads\/2024\/08\/thumbnail-hopeful-article-300x169.png 300w, https:\/\/interamerica.org\/wp-content\/uploads\/2024\/08\/thumbnail-hopeful-article-768x432.png 768w, https:\/\/interamerica.org\/wp-content\/uploads\/2024\/08\/thumbnail-hopeful-article.png 1280w\" sizes=\"(max-width: 862px) 100vw, 862px\" \/><p id=\"caption-attachment-118619\" class=\"wp-caption-text\"><span style=\"font-weight: 400;\">Hope Channel International est ravi d\u2019annoncer que, depuis le 23 ao\u00fbt, le film tr\u00e8s attendu <\/span><i><span style=\"font-weight: 400;\">The Hopeful<\/span><\/i><span style=\"font-weight: 400;\"> est disponible sur demande partout en Am\u00e9rique du Nord. [Une photo de Hope Channel International]<\/span><\/p><\/div>\n<p class=\"c-post-header__subtitle\"><i><span style=\"font-weight: 400;\">\u00ab The Hopeful \u00bb est disponible sur demande en Am\u00e9rique du Nord depuis le 23 ao\u00fbt.<\/span><\/i><\/p>\n<p><span style=\"font-weight: 400;\">Le 24 ao\u00fbt 2024 | Silver Spring, Maryland, \u00c9tats-Unis | Hannah Drewieck, Hope Channel International<\/span><\/p>\n<p><span style=\"font-weight: 400;\">Hope Channel International est ravi d\u2019annoncer que, depuis le 23 ao\u00fbt, le long-m\u00e9trage tr\u00e8s attendu <\/span><i><span style=\"font-weight: 400;\">The Hopeful<\/span><\/i><span style=\"font-weight: 400;\"> est disponible sur demande partout en Am\u00e9rique du Nord. Ayant atteint la liste du top 10 du box-office am\u00e9ricain le jour de sa sortie dans 900 cin\u00e9mas en avril dernier, <\/span><i><span style=\"font-weight: 400;\">The Hopeful<\/span><\/i><span style=\"font-weight: 400;\"> continue de r\u00e9colter 93\u00a0% d\u2019\u00e9valuations positives sur <\/span><a href=\"https:\/\/www.rottentomatoes.com\/m\/the_hopeful_2024\"><span style=\"font-weight: 400;\">Rotten Tomatoes<\/span><\/a><span style=\"font-weight: 400;\">, site de critiques de films le plus populaire.<\/span><\/p>\n<p><span style=\"font-weight: 400;\">La question la plus fr\u00e9quemment pos\u00e9e est la suivante\u00a0: \u00ab\u00a0Quand pourrai-je le partager avec mon entourage?\u00a0\u00bb Maintenant, aux \u00c9tats-Unis, les gens pourront regarder le film en continu sur leur t\u00e9l\u00e9viseur ou leur appareil intelligent.<\/span><\/p>\n<p><span style=\"font-weight: 400;\">Racontant une histoire d\u2019amour et de guerre, de d\u00e9ception et d\u2019espoir, <\/span><i><span style=\"font-weight: 400;\">The Hopeful<\/span><\/i><span style=\"font-weight: 400;\"> est bien plus qu\u2019un r\u00e9gal pour les cin\u00e9philes, il fait partie de l\u2019effort missionnaire en mati\u00e8re d\u2019\u00e9vang\u00e9lisation par le cin\u00e9ma de Hope Channel International, qui souhaite utiliser les m\u00e9dias pour aller au-del\u00e0 des bancs d\u2019\u00e9glise. Avec <\/span><i><span style=\"font-weight: 400;\">The Hopeful<\/span><\/i><span style=\"font-weight: 400;\">, c\u2019est la premi\u00e8re fois que l\u2019\u00c9glise adventiste du septi\u00e8me jour finance la diffusion d\u2019un film au cin\u00e9ma \u00e0 l\u2019\u00e9chelle nationale. Le film sera ensuite projet\u00e9 dans les salles de cin\u00e9ma de l\u2019Australie, de la Nouvelle-Z\u00e9lande, de la Papouasie\u2013Nouvelle-Guin\u00e9e et des \u00eeles Fidji \u00e0 compter du 17 octobre prochain.<\/span><\/p>\n<p><span style=\"font-weight: 400;\">Cependant, beaucoup ont dout\u00e9 de l\u2019impact d\u2019\u00e9vang\u00e9lisation d\u2019une si grande entreprise.<\/span><\/p>\n<p><span style=\"font-weight: 400;\">Lors de ses deux soir\u00e9es de projection dans les cin\u00e9mas am\u00e9ricains (dont plus d\u2019une dizaine ont d\u00e9cid\u00e9 de le proposer pendant une semaine compl\u00e8te), le film a \u00e9t\u00e9 le troisi\u00e8me plus r\u00e9serv\u00e9 \u00e0 l\u2019avance de tous les films projet\u00e9s dans les cin\u00e9mas am\u00e9ricains \u00e0 ce moment-l\u00e0. Certaines projections affichaient m\u00eame complet. Des \u00e9glises, des f\u00e9d\u00e9rations et m\u00eame un certain nombre d\u2019\u00e9coles adventistes ont amen\u00e9 leur communaut\u00e9 enti\u00e8re au cin\u00e9ma pour vivre et d\u00e9couvrir, avec les autres cin\u00e9philes, l\u2019aventure du mouvement adventiste, pour affermir la foi de leurs membres ou de leurs \u00e9l\u00e8ves et pour recevoir les questions du grand public.<\/span><\/p>\n<p><div id=\"attachment_118622\" style=\"width: 883px\" class=\"wp-caption aligncenter\"><img decoding=\"async\" aria-describedby=\"caption-attachment-118622\" class=\" wp-image-118621\" src=\"https:\/\/interamerica.org\/wp-content\/uploads\/2024\/08\/hope-img-4626-1024x768.jpeg\" alt=\"\" width=\"873\" height=\"655\" srcset=\"https:\/\/interamerica.org\/wp-content\/uploads\/2024\/08\/hope-img-4626-1024x768.jpeg 1024w, https:\/\/interamerica.org\/wp-content\/uploads\/2024\/08\/hope-img-4626-300x225.jpeg 300w, https:\/\/interamerica.org\/wp-content\/uploads\/2024\/08\/hope-img-4626-768x576.jpeg 768w, https:\/\/interamerica.org\/wp-content\/uploads\/2024\/08\/hope-img-4626-1536x1152.jpeg 1536w, https:\/\/interamerica.org\/wp-content\/uploads\/2024\/08\/hope-img-4626-2048x1536.jpeg 2048w\" sizes=\"(max-width: 873px) 100vw, 873px\" \/><p id=\"caption-attachment-118622\" class=\"wp-caption-text\"><span style=\"font-weight: 400;\">Bledi Leno, directeur du \u00ab\u00a0Centre urbain de Global Mission\u00a0\u00bb \u00e0 la Conf\u00e9rence g\u00e9n\u00e9rale, parle de l\u2019impact potentiel de <\/span><i><span style=\"font-weight: 400;\">The Hopeful <\/span><\/i><span style=\"font-weight: 400;\">sur les villes du monde entier. [Une photo de Hope Channel International]<\/span><\/p><\/div><span style=\"font-weight: 400;\">Certains pasteurs, comme Wayne Jamel, \u00e9taient pr\u00eats \u00e0 r\u00e9pondre aux questions des cin\u00e9philes\u00a0: \u00ab\u00a0Apr\u00e8s le film, quand les gens partaient, je leur ai dit que je venais de l\u2019\u00e9glise adventiste du septi\u00e8me jour au coin de la rue. Les gens \u00e9taient agr\u00e9ablement surpris, heureux de me parler et de prendre un d\u00e9pliant de mon \u00e9glise.\u00a0\u00bb<\/span><\/p>\n<p><span style=\"font-weight: 400;\">\u00ab\u00a0La distribution de d\u00e9pliants a \u00e9t\u00e9 l\u2019une de mes plus belles exp\u00e9riences, a-t-il dit, parce que les gens n\u2019\u00e9taient pas d\u00e9rang\u00e9s par ma sollicitation. Nous avons pu avoir de bonnes discussions.\u00a0\u00bb Apr\u00e8s avoir fait le suivi aupr\u00e8s de ces personnes, le pasteur Jamel a rapport\u00e9 une croissance de son \u00e9glise, par la pr\u00e9sence, entre autres, d\u2019un acteur sur Netflix qui \u00e9tait justement au cin\u00e9ma le soir de la premi\u00e8re du film.<\/span><\/p>\n<p><span style=\"font-weight: 400;\">\u00c0 la conf\u00e9rence sur le leadership du r\u00e9seau pour les dirigeants du Hope Channel du monde entier, qui a eu lieu cette ann\u00e9e en Tha\u00eflande, Bledi Leno, directeur du \u00ab\u00a0Centre urbain de Global Mission\u00a0\u00bb \u00e0 la Conf\u00e9rence g\u00e9n\u00e9rale, a parl\u00e9 de l\u2019importance de mener notre mission dans les villes et d\u2019utiliser les nouvelles m\u00e9thodes d\u2019atteindre les gens l\u00e0 o\u00f9 ils sont. Le pasteur Leno a expliqu\u00e9 comment la communaut\u00e9 locale de la ville de New York a profit\u00e9 de la projection du film \u00e0 l\u2019AMC Theatre de Times Square pour \u00e9changer avec les spectateurs qui ne connaissaient rien de l\u2019histoire adventiste et pour les inviter \u00e0 en apprendre davantage.<\/span><\/p>\n<p><span style=\"font-weight: 400;\">Un t\u00e9moignage compl\u00e8tement inattendu est venu de <\/span><a href=\"https:\/\/www.youtube.com\/watch?v=zr3KjJA1NhM\"><span style=\"font-weight: 400;\">Vinny MacIsaac<\/span><\/a><span style=\"font-weight: 400;\">, qui a racont\u00e9 qu\u2019un hindou pratiquant s\u2019est r\u00e9cemment rendu \u00e0 son \u00e9glise, souhaitant parler \u00e0 un pasteur apr\u00e8s avoir vu <\/span><i><span style=\"font-weight: 400;\">The Hopeful<\/span><\/i><span style=\"font-weight: 400;\">. Semaine apr\u00e8s semaine, l\u2019homme s\u2019asseyait avec lui apr\u00e8s le culte pour en apprendre davantage sur les histoires de J\u00e9sus.<\/span><\/p>\n<p><span style=\"font-weight: 400;\">Voil\u00e0 une infime partie des histoires qui continuent de se propager sur la fa\u00e7on dont <\/span><i><span style=\"font-weight: 400;\">The Hopeful<\/span><\/i><span style=\"font-weight: 400;\"> atteint des groupes pr\u00e9c\u00e9demment inatteignables par d\u2019autres m\u00e9thodes d\u2019\u00e9vang\u00e9lisation. \u00c9tant parmi les protagonistes du film, Ellen G. White a d\u00e9j\u00e0 \u00e9crit ceci\u00a0: \u00ab\u00a0Dieu choisit ses messagers et leur donne son message; et il dit, \u201cNe les emp\u00eachez pas.\u201d De nouvelles m\u00e9thodes doivent \u00eatre introduites. Le peuple de Dieu doit se r\u00e9veiller aux n\u00e9cessit\u00e9s de l\u2019\u00e9poque \u00e0 laquelle il vit.\u00a0\u00bb (<\/span><i><span style=\"font-weight: 400;\">Pacific Union Recorder<\/span><\/i><span style=\"font-weight: 400;\">, 23 octobre 1902)<\/span><\/p>\n<p><span style=\"font-weight: 400;\">Par ailleurs, le film a, depuis le 23 ao\u00fbt, une autre \u00ab\u00a0nouvelle m\u00e9thode\u00a0\u00bb d\u2019atteindre les cin\u00e9philes, car il est maintenant accessible sur demande. En effet, les gens en Am\u00e9rique du Nord peuvent dor\u00e9navant aller sur le site <\/span><a href=\"https:\/\/thehopefulmovie.com\/\"><span style=\"font-weight: 400;\">TheHopefulMovie.com<\/span><\/a><span style=\"font-weight: 400;\"> pour regarder le film \u00e0 la maison, \u00e0 l\u2019\u00e9cole ou \u00e0 l\u2019\u00e9glise. Il est \u00e9galement possible de s\u2019inscrire pour \u00eatre inform\u00e9 lorsque le film sera disponible ailleurs et que d\u2019autres \u00e9v\u00e9nements li\u00e9s au film auront lieu. La plateforme offrira plusieurs options, comme la possibilit\u00e9 de payer pour que d\u2019autres puissent regarder le film afin de propager l\u2019espoir dans les communaut\u00e9s.<\/span><\/p>\n<p><span style=\"font-weight: 400;\">Pour utiliser le film comme outil d\u2019\u00e9vang\u00e9lisation, les pasteurs et les dirigeants minist\u00e9riels peuvent aussi acheter des lots de codes de visionnement au rabais afin de partager <\/span><i><span style=\"font-weight: 400;\">The Hopeful<\/span><\/i><span style=\"font-weight: 400;\"> avec leur \u00e9glise et leur entourage. Si les spectateurs r\u00e9servent leur billet, les \u00e9glises pourront leur envoyer automatiquement une \u00e9tude de la Bible li\u00e9e \u00e0 <\/span><i><span style=\"font-weight: 400;\">The Hopeful<\/span><\/i><span style=\"font-weight: 400;\">. De plus, gr\u00e2ce au service Wonder Events, les \u00e9glises peuvent organiser des projections du film et utiliser ces \u00e9v\u00e9nements pour recueillir des fonds pour, par exemple, les \u00c9claireurs ou un voyage missionnaire. Pour plus de d\u00e9tails, veuillez visiter le site de <\/span><a href=\"https:\/\/www.wonderevents.life\/movies\/the-hopeful\"><span style=\"font-weight: 400;\">Wonder Events<\/span><\/a><span style=\"font-weight: 400;\">.<\/span><\/p>\n<p><span style=\"font-weight: 400;\">Vyacheslav Demyan, pr\u00e9sident de Hope Channel International, a ajout\u00e9, \u00ab\u00a0La parution de <\/span><i><span style=\"font-weight: 400;\">The Hopeful<\/span><\/i><span style=\"font-weight: 400;\"> pour diffusion en continu est un jalon important pour nous. Il s\u2019harmonise parfaitement avec notre mission de donner de l\u2019espoir \u00e0 chaque foyer et de soutenir notre vision pour 2030 d\u2019atteindre un milliard de personnes mondialement avec le message de l\u2019esp\u00e9rance \u00e9ternelle. Joignez vous donc \u00e0 nous dans ce mouvement mondial d\u2019espoir en soutenant et en partageant cet important message.\u00a0\u00bb\u00a0<\/span><\/p>\n<p><span style=\"font-weight: 400;\">Le lancement du film <\/span><i><span style=\"font-weight: 400;\">The Hopeful<\/span><\/i><span style=\"font-weight: 400;\"> est accompagn\u00e9 par diverses autres ressources afin d\u2019enrichir l\u2019exp\u00e9rience du spectateur et de nourrir son int\u00e9r\u00eat. Le <\/span><a href=\"https:\/\/www.reviewandherald.com\/product-page\/the-hopeful-hope-is-on-the-way\"><span style=\"font-weight: 400;\">livre <\/span><i><span style=\"font-weight: 400;\">Hope Is on the Way<\/span><\/i><\/a><span style=\"font-weight: 400;\"> (\u00ab\u00a0L\u2019espoir est en route\u00a0\u00bb) est en vente en format papier et num\u00e9rique sur Amazon et <\/span><a href=\"https:\/\/www.adventsource.org\/store\/adult-ministries\/elder\/leadership\/steps-to-christ-the-hopeful-edition-41789\"><i><span style=\"font-weight: 400;\">Steps to Christ: The Hopeful Edition<\/span><\/i><\/a><span style=\"font-weight: 400;\"> (\u00e9dition sp\u00e9ciale de <\/span><i><span style=\"font-weight: 400;\">Vers J\u00e9sus<\/span><\/i><span style=\"font-weight: 400;\"> en anglais seulement) est en vente sur AdventSource. La musique du film est disponible sur Apple Music et Spotify ainsi qu\u2019une <\/span><a href=\"https:\/\/hope.study\/en\/\"><span style=\"font-weight: 400;\">\u00e9tude biblique interactive<\/span><\/a><span style=\"font-weight: 400;\"> sur Hope.Study.<\/span><\/p>\n<p><b>\u00c0 propos des \u00ab\u00a0Studios Hope\u00a0\u00bb<\/b><\/p>\n<p><span style=\"font-weight: 400;\">Les \u00ab\u00a0Studios Hope\u00a0\u00bb, d\u00e9partement cin\u00e9matographique de Hope Channel International, con\u00e7oit et partage des histoires avec le monde entier gr\u00e2ce \u00e0 sa pr\u00e9sence dans plus de 100 pays. Avec son contenu bas\u00e9 sur la foi et les valeurs [chr\u00e9tiennes], sa mission va bien au-del\u00e0 du divertissement. Les \u00ab\u00a0Studios Hope\u00a0\u00bb s\u2019efforcent d\u2019inspirer un changement positif par l\u2019entremise du langage universel de l\u2019histoire racont\u00e9e.<\/span><\/p>\n<p><b>\u00c0 propos du Hope Channel<\/b><\/p>\n<p><span style=\"font-weight: 400;\">Le Hope Channel est un r\u00e9seau m\u00e9diatique mondial adventiste du septi\u00e8me jour qui souhaite, par son contenu inspirant, pr\u00e9senter \u00e0 toutes les personnes du monde l\u2019esp\u00e9rance \u00e9ternelle.<\/span><\/p>\n<p><span style=\"font-weight: 400;\">Le Hope Channel produit et distribue du contenu dans une centaine de langues et dans plus de 80 pays du monde, chacun cr\u00e9ant des messages adapt\u00e9s \u00e0 son contexte socioculturel afin de r\u00e9pondre aux besoins spirituels de ses communaut\u00e9s.<\/span><\/p>\n<p>Traduction : Marie-Mich\u00e8le Robitaille<\/p>\n","protected":false},"excerpt":{"rendered":"<p>\u00ab The Hopeful \u00bb est disponible sur demande en Am\u00e9rique du Nord depuis le 23 ao\u00fbt. Le 24 ao\u00fbt 2024 | Silver Spring, Maryland, \u00c9tats-Unis | Hannah Drewieck, Hope Channel&#8230;<\/p>\n","protected":false},"author":3,"featured_media":118619,"comment_status":"closed","ping_status":"closed","sticky":false,"template":"","format":"standard","meta":{"_acf_changed":false,"footnotes":""},"categories":[18,19],"tags":[],"class_list":["post-118767","post","type-post","status-publish","format-standard","has-post-thumbnail","hentry","category-nouvelles-de-leglise-mondiale","category-rss-francais"],"acf":[],"yoast_head":"<!-- This site is optimized with the Yoast SEO plugin v27.3 - https:\/\/yoast.com\/product\/yoast-seo-wordpress\/ -->\n<title>\u00ab The Hopeful \u00bb disponible en Am\u00e9rique du Nord depuis le 23 ao\u00fbt - \u00c9glise Adventiste Du Septieme Jour - Inter Am\u00e9rique Division<\/title>\n<meta name=\"robots\" content=\"index, follow, max-snippet:-1, max-image-preview:large, max-video-preview:-1\" \/>\n<link rel=\"canonical\" href=\"https:\/\/interamerica.org\/fr\/2024\/08\/the-hopeful-disponible-en-amerique-du-nord-depuis-le-23-aout\/\" \/>\n<meta property=\"og:locale\" content=\"fr_FR\" \/>\n<meta property=\"og:type\" content=\"article\" \/>\n<meta property=\"og:title\" content=\"\u00ab The Hopeful \u00bb disponible en Am\u00e9rique du Nord depuis le 23 ao\u00fbt - \u00c9glise Adventiste Du Septieme Jour - Inter Am\u00e9rique Division\" \/>\n<meta property=\"og:description\" content=\"\u00ab The Hopeful \u00bb est disponible sur demande en Am\u00e9rique du Nord depuis le 23 ao\u00fbt. Le 24 ao\u00fbt 2024 | Silver Spring, Maryland, \u00c9tats-Unis | Hannah Drewieck, Hope Channel...\" \/>\n<meta property=\"og:url\" content=\"https:\/\/interamerica.org\/fr\/2024\/08\/the-hopeful-disponible-en-amerique-du-nord-depuis-le-23-aout\/\" \/>\n<meta property=\"og:site_name\" content=\"\u00c9glise Adventiste Du Septieme Jour - Inter Am\u00e9rique Division\" \/>\n<meta property=\"article:published_time\" content=\"2024-08-26T21:45:25+00:00\" \/>\n<meta property=\"article:modified_time\" content=\"2024-08-30T18:38:43+00:00\" \/>\n<meta property=\"og:image\" content=\"https:\/\/interamerica.org\/wp-content\/uploads\/2024\/08\/thumbnail-hopeful-article.png\" \/>\n\t<meta property=\"og:image:width\" content=\"1280\" \/>\n\t<meta property=\"og:image:height\" content=\"720\" \/>\n\t<meta property=\"og:image:type\" content=\"image\/png\" \/>\n<meta name=\"author\" content=\"libna\" \/>\n<meta name=\"twitter:card\" content=\"summary_large_image\" \/>\n<meta name=\"twitter:label1\" content=\"\u00c9crit par\" \/>\n\t<meta name=\"twitter:data1\" content=\"libna\" \/>\n\t<meta name=\"twitter:label2\" content=\"Dur\u00e9e de lecture estim\u00e9e\" \/>\n\t<meta name=\"twitter:data2\" content=\"7 minutes\" \/>\n<script type=\"application\/ld+json\" class=\"yoast-schema-graph\">{\"@context\":\"https:\\\/\\\/schema.org\",\"@graph\":[{\"@type\":\"Article\",\"@id\":\"https:\\\/\\\/interamerica.org\\\/fr\\\/2024\\\/08\\\/the-hopeful-disponible-en-amerique-du-nord-depuis-le-23-aout\\\/#article\",\"isPartOf\":{\"@id\":\"https:\\\/\\\/interamerica.org\\\/fr\\\/2024\\\/08\\\/the-hopeful-disponible-en-amerique-du-nord-depuis-le-23-aout\\\/\"},\"author\":{\"name\":\"libna\",\"@id\":\"https:\\\/\\\/interamerica.org\\\/fr\\\/#\\\/schema\\\/person\\\/29998f2bc2d8bd0d38662909289b54f1\"},\"headline\":\"\u00ab The Hopeful \u00bb disponible en Am\u00e9rique du Nord depuis le 23 ao\u00fbt\",\"datePublished\":\"2024-08-26T21:45:25+00:00\",\"dateModified\":\"2024-08-30T18:38:43+00:00\",\"mainEntityOfPage\":{\"@id\":\"https:\\\/\\\/interamerica.org\\\/fr\\\/2024\\\/08\\\/the-hopeful-disponible-en-amerique-du-nord-depuis-le-23-aout\\\/\"},\"wordCount\":1445,\"image\":{\"@id\":\"https:\\\/\\\/interamerica.org\\\/fr\\\/2024\\\/08\\\/the-hopeful-disponible-en-amerique-du-nord-depuis-le-23-aout\\\/#primaryimage\"},\"thumbnailUrl\":\"https:\\\/\\\/interamerica.org\\\/wp-content\\\/uploads\\\/2024\\\/08\\\/thumbnail-hopeful-article.png\",\"articleSection\":[\"Nouvelles de l'\u00c9glise mondiale\",\"RSS Fran\u00e7ais\"],\"inLanguage\":\"fr-FR\"},{\"@type\":\"WebPage\",\"@id\":\"https:\\\/\\\/interamerica.org\\\/fr\\\/2024\\\/08\\\/the-hopeful-disponible-en-amerique-du-nord-depuis-le-23-aout\\\/\",\"url\":\"https:\\\/\\\/interamerica.org\\\/fr\\\/2024\\\/08\\\/the-hopeful-disponible-en-amerique-du-nord-depuis-le-23-aout\\\/\",\"name\":\"\u00ab The Hopeful \u00bb disponible en Am\u00e9rique du Nord depuis le 23 ao\u00fbt - \u00c9glise Adventiste Du Septieme Jour - Inter Am\u00e9rique Division\",\"isPartOf\":{\"@id\":\"https:\\\/\\\/interamerica.org\\\/fr\\\/#website\"},\"primaryImageOfPage\":{\"@id\":\"https:\\\/\\\/interamerica.org\\\/fr\\\/2024\\\/08\\\/the-hopeful-disponible-en-amerique-du-nord-depuis-le-23-aout\\\/#primaryimage\"},\"image\":{\"@id\":\"https:\\\/\\\/interamerica.org\\\/fr\\\/2024\\\/08\\\/the-hopeful-disponible-en-amerique-du-nord-depuis-le-23-aout\\\/#primaryimage\"},\"thumbnailUrl\":\"https:\\\/\\\/interamerica.org\\\/wp-content\\\/uploads\\\/2024\\\/08\\\/thumbnail-hopeful-article.png\",\"datePublished\":\"2024-08-26T21:45:25+00:00\",\"dateModified\":\"2024-08-30T18:38:43+00:00\",\"author\":{\"@id\":\"https:\\\/\\\/interamerica.org\\\/fr\\\/#\\\/schema\\\/person\\\/29998f2bc2d8bd0d38662909289b54f1\"},\"breadcrumb\":{\"@id\":\"https:\\\/\\\/interamerica.org\\\/fr\\\/2024\\\/08\\\/the-hopeful-disponible-en-amerique-du-nord-depuis-le-23-aout\\\/#breadcrumb\"},\"inLanguage\":\"fr-FR\",\"potentialAction\":[{\"@type\":\"ReadAction\",\"target\":[\"https:\\\/\\\/interamerica.org\\\/fr\\\/2024\\\/08\\\/the-hopeful-disponible-en-amerique-du-nord-depuis-le-23-aout\\\/\"]}]},{\"@type\":\"ImageObject\",\"inLanguage\":\"fr-FR\",\"@id\":\"https:\\\/\\\/interamerica.org\\\/fr\\\/2024\\\/08\\\/the-hopeful-disponible-en-amerique-du-nord-depuis-le-23-aout\\\/#primaryimage\",\"url\":\"https:\\\/\\\/interamerica.org\\\/wp-content\\\/uploads\\\/2024\\\/08\\\/thumbnail-hopeful-article.png\",\"contentUrl\":\"https:\\\/\\\/interamerica.org\\\/wp-content\\\/uploads\\\/2024\\\/08\\\/thumbnail-hopeful-article.png\",\"width\":1280,\"height\":720,\"caption\":\"Hope Channel International is excited to announce that on August 23, the highly-anticipated feature film \u201cThe Hopeful\u201d will be available on demand all across North America. [Photo: Hope Channel International]\"},{\"@type\":\"BreadcrumbList\",\"@id\":\"https:\\\/\\\/interamerica.org\\\/fr\\\/2024\\\/08\\\/the-hopeful-disponible-en-amerique-du-nord-depuis-le-23-aout\\\/#breadcrumb\",\"itemListElement\":[{\"@type\":\"ListItem\",\"position\":1,\"name\":\"Home\",\"item\":\"https:\\\/\\\/interamerica.org\\\/fr\\\/\"},{\"@type\":\"ListItem\",\"position\":2,\"name\":\"\u00ab The Hopeful \u00bb disponible en Am\u00e9rique du Nord depuis le 23 ao\u00fbt\"}]},{\"@type\":\"WebSite\",\"@id\":\"https:\\\/\\\/interamerica.org\\\/fr\\\/#website\",\"url\":\"https:\\\/\\\/interamerica.org\\\/fr\\\/\",\"name\":\"\u00c9glise Adventiste Du Septieme Jour - Inter Am\u00e9rique Division\",\"description\":\"\",\"potentialAction\":[{\"@type\":\"SearchAction\",\"target\":{\"@type\":\"EntryPoint\",\"urlTemplate\":\"https:\\\/\\\/interamerica.org\\\/fr\\\/?s={search_term_string}\"},\"query-input\":{\"@type\":\"PropertyValueSpecification\",\"valueRequired\":true,\"valueName\":\"search_term_string\"}}],\"inLanguage\":\"fr-FR\"},{\"@type\":\"Person\",\"@id\":\"https:\\\/\\\/interamerica.org\\\/fr\\\/#\\\/schema\\\/person\\\/29998f2bc2d8bd0d38662909289b54f1\",\"name\":\"libna\",\"image\":{\"@type\":\"ImageObject\",\"inLanguage\":\"fr-FR\",\"@id\":\"https:\\\/\\\/secure.gravatar.com\\\/avatar\\\/7c5bd30ae4b47a9ba3c856590957fd1d96dc588bf3ac05719d247e126840331f?s=96&d=mm&r=g\",\"url\":\"https:\\\/\\\/secure.gravatar.com\\\/avatar\\\/7c5bd30ae4b47a9ba3c856590957fd1d96dc588bf3ac05719d247e126840331f?s=96&d=mm&r=g\",\"contentUrl\":\"https:\\\/\\\/secure.gravatar.com\\\/avatar\\\/7c5bd30ae4b47a9ba3c856590957fd1d96dc588bf3ac05719d247e126840331f?s=96&d=mm&r=g\",\"caption\":\"libna\"}}]}<\/script>\n<!-- \/ Yoast SEO plugin. -->","yoast_head_json":{"title":"\u00ab The Hopeful \u00bb disponible en Am\u00e9rique du Nord depuis le 23 ao\u00fbt - \u00c9glise Adventiste Du Septieme Jour - Inter Am\u00e9rique Division","robots":{"index":"index","follow":"follow","max-snippet":"max-snippet:-1","max-image-preview":"max-image-preview:large","max-video-preview":"max-video-preview:-1"},"canonical":"https:\/\/interamerica.org\/fr\/2024\/08\/the-hopeful-disponible-en-amerique-du-nord-depuis-le-23-aout\/","og_locale":"fr_FR","og_type":"article","og_title":"\u00ab The Hopeful \u00bb disponible en Am\u00e9rique du Nord depuis le 23 ao\u00fbt - \u00c9glise Adventiste Du Septieme Jour - Inter Am\u00e9rique Division","og_description":"\u00ab The Hopeful \u00bb est disponible sur demande en Am\u00e9rique du Nord depuis le 23 ao\u00fbt. Le 24 ao\u00fbt 2024 | Silver Spring, Maryland, \u00c9tats-Unis | Hannah Drewieck, Hope Channel...","og_url":"https:\/\/interamerica.org\/fr\/2024\/08\/the-hopeful-disponible-en-amerique-du-nord-depuis-le-23-aout\/","og_site_name":"\u00c9glise Adventiste Du Septieme Jour - Inter Am\u00e9rique Division","article_published_time":"2024-08-26T21:45:25+00:00","article_modified_time":"2024-08-30T18:38:43+00:00","og_image":[{"width":1280,"height":720,"url":"https:\/\/interamerica.org\/wp-content\/uploads\/2024\/08\/thumbnail-hopeful-article.png","type":"image\/png"}],"author":"libna","twitter_card":"summary_large_image","twitter_misc":{"\u00c9crit par":"libna","Dur\u00e9e de lecture estim\u00e9e":"7 minutes"},"schema":{"@context":"https:\/\/schema.org","@graph":[{"@type":"Article","@id":"https:\/\/interamerica.org\/fr\/2024\/08\/the-hopeful-disponible-en-amerique-du-nord-depuis-le-23-aout\/#article","isPartOf":{"@id":"https:\/\/interamerica.org\/fr\/2024\/08\/the-hopeful-disponible-en-amerique-du-nord-depuis-le-23-aout\/"},"author":{"name":"libna","@id":"https:\/\/interamerica.org\/fr\/#\/schema\/person\/29998f2bc2d8bd0d38662909289b54f1"},"headline":"\u00ab The Hopeful \u00bb disponible en Am\u00e9rique du Nord depuis le 23 ao\u00fbt","datePublished":"2024-08-26T21:45:25+00:00","dateModified":"2024-08-30T18:38:43+00:00","mainEntityOfPage":{"@id":"https:\/\/interamerica.org\/fr\/2024\/08\/the-hopeful-disponible-en-amerique-du-nord-depuis-le-23-aout\/"},"wordCount":1445,"image":{"@id":"https:\/\/interamerica.org\/fr\/2024\/08\/the-hopeful-disponible-en-amerique-du-nord-depuis-le-23-aout\/#primaryimage"},"thumbnailUrl":"https:\/\/interamerica.org\/wp-content\/uploads\/2024\/08\/thumbnail-hopeful-article.png","articleSection":["Nouvelles de l'\u00c9glise mondiale","RSS Fran\u00e7ais"],"inLanguage":"fr-FR"},{"@type":"WebPage","@id":"https:\/\/interamerica.org\/fr\/2024\/08\/the-hopeful-disponible-en-amerique-du-nord-depuis-le-23-aout\/","url":"https:\/\/interamerica.org\/fr\/2024\/08\/the-hopeful-disponible-en-amerique-du-nord-depuis-le-23-aout\/","name":"\u00ab The Hopeful \u00bb disponible en Am\u00e9rique du Nord depuis le 23 ao\u00fbt - \u00c9glise Adventiste Du Septieme Jour - Inter Am\u00e9rique Division","isPartOf":{"@id":"https:\/\/interamerica.org\/fr\/#website"},"primaryImageOfPage":{"@id":"https:\/\/interamerica.org\/fr\/2024\/08\/the-hopeful-disponible-en-amerique-du-nord-depuis-le-23-aout\/#primaryimage"},"image":{"@id":"https:\/\/interamerica.org\/fr\/2024\/08\/the-hopeful-disponible-en-amerique-du-nord-depuis-le-23-aout\/#primaryimage"},"thumbnailUrl":"https:\/\/interamerica.org\/wp-content\/uploads\/2024\/08\/thumbnail-hopeful-article.png","datePublished":"2024-08-26T21:45:25+00:00","dateModified":"2024-08-30T18:38:43+00:00","author":{"@id":"https:\/\/interamerica.org\/fr\/#\/schema\/person\/29998f2bc2d8bd0d38662909289b54f1"},"breadcrumb":{"@id":"https:\/\/interamerica.org\/fr\/2024\/08\/the-hopeful-disponible-en-amerique-du-nord-depuis-le-23-aout\/#breadcrumb"},"inLanguage":"fr-FR","potentialAction":[{"@type":"ReadAction","target":["https:\/\/interamerica.org\/fr\/2024\/08\/the-hopeful-disponible-en-amerique-du-nord-depuis-le-23-aout\/"]}]},{"@type":"ImageObject","inLanguage":"fr-FR","@id":"https:\/\/interamerica.org\/fr\/2024\/08\/the-hopeful-disponible-en-amerique-du-nord-depuis-le-23-aout\/#primaryimage","url":"https:\/\/interamerica.org\/wp-content\/uploads\/2024\/08\/thumbnail-hopeful-article.png","contentUrl":"https:\/\/interamerica.org\/wp-content\/uploads\/2024\/08\/thumbnail-hopeful-article.png","width":1280,"height":720,"caption":"Hope Channel International is excited to announce that on August 23, the highly-anticipated feature film \u201cThe Hopeful\u201d will be available on demand all across North America. [Photo: Hope Channel International]"},{"@type":"BreadcrumbList","@id":"https:\/\/interamerica.org\/fr\/2024\/08\/the-hopeful-disponible-en-amerique-du-nord-depuis-le-23-aout\/#breadcrumb","itemListElement":[{"@type":"ListItem","position":1,"name":"Home","item":"https:\/\/interamerica.org\/fr\/"},{"@type":"ListItem","position":2,"name":"\u00ab The Hopeful \u00bb disponible en Am\u00e9rique du Nord depuis le 23 ao\u00fbt"}]},{"@type":"WebSite","@id":"https:\/\/interamerica.org\/fr\/#website","url":"https:\/\/interamerica.org\/fr\/","name":"\u00c9glise Adventiste Du Septieme Jour - Inter Am\u00e9rique Division","description":"","potentialAction":[{"@type":"SearchAction","target":{"@type":"EntryPoint","urlTemplate":"https:\/\/interamerica.org\/fr\/?s={search_term_string}"},"query-input":{"@type":"PropertyValueSpecification","valueRequired":true,"valueName":"search_term_string"}}],"inLanguage":"fr-FR"},{"@type":"Person","@id":"https:\/\/interamerica.org\/fr\/#\/schema\/person\/29998f2bc2d8bd0d38662909289b54f1","name":"libna","image":{"@type":"ImageObject","inLanguage":"fr-FR","@id":"https:\/\/secure.gravatar.com\/avatar\/7c5bd30ae4b47a9ba3c856590957fd1d96dc588bf3ac05719d247e126840331f?s=96&d=mm&r=g","url":"https:\/\/secure.gravatar.com\/avatar\/7c5bd30ae4b47a9ba3c856590957fd1d96dc588bf3ac05719d247e126840331f?s=96&d=mm&r=g","contentUrl":"https:\/\/secure.gravatar.com\/avatar\/7c5bd30ae4b47a9ba3c856590957fd1d96dc588bf3ac05719d247e126840331f?s=96&d=mm&r=g","caption":"libna"}}]}},"_links":{"self":[{"href":"https:\/\/interamerica.org\/fr\/wp-json\/wp\/v2\/posts\/118767","targetHints":{"allow":["GET"]}}],"collection":[{"href":"https:\/\/interamerica.org\/fr\/wp-json\/wp\/v2\/posts"}],"about":[{"href":"https:\/\/interamerica.org\/fr\/wp-json\/wp\/v2\/types\/post"}],"author":[{"embeddable":true,"href":"https:\/\/interamerica.org\/fr\/wp-json\/wp\/v2\/users\/3"}],"replies":[{"embeddable":true,"href":"https:\/\/interamerica.org\/fr\/wp-json\/wp\/v2\/comments?post=118767"}],"version-history":[{"count":0,"href":"https:\/\/interamerica.org\/fr\/wp-json\/wp\/v2\/posts\/118767\/revisions"}],"wp:featuredmedia":[{"embeddable":true,"href":"https:\/\/interamerica.org\/fr\/wp-json\/wp\/v2\/media\/118619"}],"wp:attachment":[{"href":"https:\/\/interamerica.org\/fr\/wp-json\/wp\/v2\/media?parent=118767"}],"wp:term":[{"taxonomy":"category","embeddable":true,"href":"https:\/\/interamerica.org\/fr\/wp-json\/wp\/v2\/categories?post=118767"},{"taxonomy":"post_tag","embeddable":true,"href":"https:\/\/interamerica.org\/fr\/wp-json\/wp\/v2\/tags?post=118767"}],"curies":[{"name":"wp","href":"https:\/\/api.w.org\/{rel}","templated":true}]}}