{"id":119759,"date":"2024-09-16T14:29:35","date_gmt":"2024-09-16T18:29:35","guid":{"rendered":"https:\/\/interamerica.org\/?p=119759"},"modified":"2024-09-17T17:42:15","modified_gmt":"2024-09-17T21:42:15","slug":"leglise-adventiste-en-haiti-se-souvient-dun-dirigeant-decede-subitement","status":"publish","type":"post","link":"https:\/\/interamerica.org\/fr\/2024\/09\/leglise-adventiste-en-haiti-se-souvient-dun-dirigeant-decede-subitement\/","title":{"rendered":"L\u2019\u00c9glise adventiste en Ha\u00efti se souvient d\u2019un dirigeant d\u00e9c\u00e9d\u00e9 subitement"},"content":{"rendered":"<p><div id=\"attachment_119719\" style=\"width: 903px\" class=\"wp-caption aligncenter\"><img fetchpriority=\"high\" decoding=\"async\" aria-describedby=\"caption-attachment-119719\" class=\" wp-image-119718\" src=\"https:\/\/interamerica.org\/wp-content\/uploads\/2024\/09\/haiu-funeral-service-side-audience.jpg\" alt=\"\" width=\"893\" height=\"671\" srcset=\"https:\/\/interamerica.org\/wp-content\/uploads\/2024\/09\/haiu-funeral-service-side-audience.jpg 1000w, https:\/\/interamerica.org\/wp-content\/uploads\/2024\/09\/haiu-funeral-service-side-audience-300x225.jpg 300w, https:\/\/interamerica.org\/wp-content\/uploads\/2024\/09\/haiu-funeral-service-side-audience-768x577.jpg 768w\" sizes=\"(max-width: 893px) 100vw, 893px\" \/><p id=\"caption-attachment-119719\" class=\"wp-caption-text\">Les dirigeants, les membres et les amis de l\u2019\u00c9glise adventiste du septi\u00e8me jour se sont rendus au service fun\u00e8bre comm\u00e9moratif du pasteur Lemec J\u00e9r\u00e9mie , qui \u00e9tait directeur du Centre Hope Media en Ha\u00efti et qui est d\u00e9c\u00e9d\u00e9 subitement le 27 ao\u00fbt 2024. A l\u2019occasion du service comm\u00e9moratif, des \u00e9tudiants et des membres de la communaut\u00e9 ont rempli l\u2019\u00e9glise de l\u2019Universit\u00e9 Adventiste d\u2019Ha\u00efti sur le campus de Diquini, \u00e0 Carrefour, le 3 septembre 2024. [Photo : Clifenly Lazard]<\/p><\/div><em>Des centaines de personnes salue la m\u00e9moire de Lemec J\u00e9r\u00e9mie, qui \u00e9tait aim\u00e9 de ses pairs et des membres.<\/em><\/p>\n<p>16 Septembre 2024 | Port-au-Prince, Ha\u00efti | Jean Carmy Felixon et Libna Stevens, Actualit\u00e9s de la Division Inter Am\u00e9ricaine<\/p>\n<p>L\u2019\u00c9glise adventiste du septi\u00e8me jour en Ha\u00efti a r\u00e9cemment pleur\u00e9 la perte de Lemec J\u00e9r\u00e9mie, directeur du Centre Hope Media en Ha\u00efti, d\u00e9c\u00e9d\u00e9 subitement d\u2019un accident vasculaire c\u00e9r\u00e9bral le 27 ao\u00fbt 2024. Il avait 50 ans.<\/p>\n<p>\u00ab Nous avons perdu l\u2019un des collaborateurs les plus engag\u00e9s de l\u2019\u00e9quipe de direction de l\u2019Union Ha\u00eftienne, \u00bb a d\u00e9clar\u00e9 pasteur Pierre Caporal, pr\u00e9sident de l\u2019Union Ha\u00eftienne. \u00ab C\u2019\u00e9tait un leader passionn\u00e9. \u00bb Pasteur Caporal s\u2019est exprim\u00e9 lors d\u2019un service fun\u00e8bre comm\u00e9moratif qui a eu lieu dans l\u2019\u00e9glise bond\u00e9e de l\u2019Universit\u00e9 Adventiste d\u2019Ha\u00efti, \u00e0 Diquini, \u00e0 Carrefour, le 3 septembre 2024.<\/p>\n<p><div id=\"attachment_119710\" style=\"width: 863px\" class=\"wp-caption aligncenter\"><img decoding=\"async\" aria-describedby=\"caption-attachment-119710\" class=\" wp-image-119709\" src=\"https:\/\/interamerica.org\/wp-content\/uploads\/2024\/09\/pierre-caporal-haiu-jeremie-service.jpg\" alt=\"\" width=\"853\" height=\"641\" srcset=\"https:\/\/interamerica.org\/wp-content\/uploads\/2024\/09\/pierre-caporal-haiu-jeremie-service.jpg 950w, https:\/\/interamerica.org\/wp-content\/uploads\/2024\/09\/pierre-caporal-haiu-jeremie-service-300x225.jpg 300w, https:\/\/interamerica.org\/wp-content\/uploads\/2024\/09\/pierre-caporal-haiu-jeremie-service-768x577.jpg 768w\" sizes=\"(max-width: 853px) 100vw, 853px\" \/><p id=\"caption-attachment-119710\" class=\"wp-caption-text\">Pasteur Pierre Caporal (au centre), pr\u00e9sident de l\u2019Union Ha\u00eftienne, dans la file avec les dirigeants de l\u2019\u00c9glise pour pr\u00e9senter leurs condol\u00e9ances \u00e0 l\u2019\u00e9pouse et aux enfants de J\u00e9r\u00e9mie Lemec. [Photo : Clifenly Lazard]<\/p><\/div>\u00ab Il manquera \u00e0 toute l\u2019\u00c9glise en Ha\u00efti et on se souviendra de lui comme d\u2019un serviteur de Dieu qui aimait accomplir de grandes choses pour Lui aupr\u00e8s de Son peuple, \u00bb a d\u00e9clar\u00e9 pasteur Caporal. \u00ab Nous avons h\u00e2te de voir J\u00e9sus venir dans sa gloire pour relever son peuple qui repose dans la poussi\u00e8re. \u00bb<\/p>\n<p>Le directeur de production du Centre Hope Media en Ha\u00efti, Dhon Peter Lovensky, a dit que\u00a0 Lemec J\u00e9r\u00e9mie \u00e9tait un homme dont le c\u0153ur d\u00e9bordait de tendresse et de compassion. \u00ab Tout le monde a une histoire particuli\u00e8re avec J\u00e9r\u00e9mie. C\u2019\u00e9tait un visionnaire \u00e9clair\u00e9 dont la passion pour le service et l\u2019amour pour son prochain ont laiss\u00e9 une marque ind\u00e9l\u00e9bile sur chacun d\u2019entre nous. \u00bb<\/p>\n<p><div id=\"attachment_119737\" style=\"width: 489px\" class=\"wp-caption aligncenter\"><img decoding=\"async\" aria-describedby=\"caption-attachment-119737\" class=\" wp-image-119736\" src=\"https:\/\/interamerica.org\/wp-content\/uploads\/2024\/09\/jeremie-lemec-portrait-hrez.jpg\" alt=\"\" width=\"479\" height=\"638\" srcset=\"https:\/\/interamerica.org\/wp-content\/uploads\/2024\/09\/jeremie-lemec-portrait-hrez.jpg 700w, https:\/\/interamerica.org\/wp-content\/uploads\/2024\/09\/jeremie-lemec-portrait-hrez-225x300.jpg 225w\" sizes=\"(max-width: 479px) 100vw, 479px\" \/><p id=\"caption-attachment-119737\" class=\"wp-caption-text\">J\u00e9r\u00e9mie Lemec, 1974 &#8211; 2024. [Photo Facebook retouch\u00e9e]<\/p><\/div>Watland Fran\u00e7ois, un ami proche de J\u00e9r\u00e9mie et vice-pr\u00e9sident des affaires scolaires \u00e0 l\u2019Universit\u00e9 Adventiste d\u2019Ha\u00efti, a d\u00e9clar\u00e9 qu\u2019il \u00e9tait d\u00e9vast\u00e9 par la nouvelle. \u00ab Nous n\u2019\u00e9tions pas seulement des amis proches, nous \u00e9tions comme des fr\u00e8res, \u00bb a dit\u00a0 Fran\u00e7ois. \u00ab Il \u00e9tait le t\u00e9moin de mon mariage l\u2019ann\u00e9e derni\u00e8re et c\u2019est celui \u00e0 qui je pensais chaque fois que j\u2019avais besoin de quelqu\u2019un pour m\u2019aider, \u00bb a-t-il ajout\u00e9.<\/p>\n<p>\u00ab Sa pr\u00e9sence sur le campus universitaire a \u00e9t\u00e9 une grande b\u00e9n\u00e9diction pour beaucoup, \u00bb a ajout\u00e9 Watland Fran\u00e7ois. \u00ab Les \u00e9tudiants l\u2019appelaient avec reconnaissance \u00ab papa \u00bb parce qu\u2019il s\u2019effor\u00e7ait de les aider autant qu\u2019il le pouvait. \u00bb Il a discr\u00e8tement soutenu plusieurs familles qui traversaient des moments difficiles, m\u00eame s\u2019il n\u2019avait pas grand-chose, a expliqu\u00e9 Watland Fran\u00e7ois. \u00ab S\u2019il ne restait que trois mots dans le vocabulaire pour r\u00e9sumer la personnalit\u00e9 de cet homme dont nous pleurons tous la disparition aujourd\u2019hui, ce serait certainement ces trois mots : humilit\u00e9, loyaut\u00e9 et service. \u00bb<\/p>\n<p><div id=\"attachment_119707\" style=\"width: 856px\" class=\"wp-caption aligncenter\"><img loading=\"lazy\" decoding=\"async\" aria-describedby=\"caption-attachment-119707\" class=\" wp-image-119706\" src=\"https:\/\/interamerica.org\/wp-content\/uploads\/2024\/09\/haiu-jeremie-memorial-service.jpg\" alt=\"\" width=\"846\" height=\"636\" srcset=\"https:\/\/interamerica.org\/wp-content\/uploads\/2024\/09\/haiu-jeremie-memorial-service.jpg 950w, https:\/\/interamerica.org\/wp-content\/uploads\/2024\/09\/haiu-jeremie-memorial-service-300x225.jpg 300w, https:\/\/interamerica.org\/wp-content\/uploads\/2024\/09\/haiu-jeremie-memorial-service-768x577.jpg 768w\" sizes=\"(max-width: 846px) 100vw, 846px\" \/><p id=\"caption-attachment-119707\" class=\"wp-caption-text\">Des membres de la famille observent lors de la c\u00e9r\u00e9monie comm\u00e9morative. [Photo : Clifenly Lazard]<\/p><\/div>Une semaine avant sa mort, Watland Fran\u00e7ois a d\u00e9clar\u00e9 que lui et J\u00e9r\u00e9mie avaient parl\u00e9 de la mise en \u0153uvre d\u2019un projet sur lequel ils travaillaient ensemble. \u00ab La vie ne sera plus jamais la m\u00eame sans lui, \u00bb a dit Watland Fran\u00e7ois.<\/p>\n<p>Le pr\u00e9sident de la Division Inter Am\u00e9ricaine, pasteur Elie Henry, a pris la parole pendant le service depuis le Mexique. Pasteur Henry se souvient de Lemec J\u00e9r\u00e9mie \u00e9tudiant \u00e0 l\u2019\u00e9cole secondaire sur le campus de l\u2019universit\u00e9. \u00ab Lorsqu\u2019il \u00e9tudiait \u00e0 l\u2019Universit\u00e9 Adventiste, j\u2019ai eu l\u2019occasion de lui enseigner, \u00bb a dit pasteur Henry. \u00ab C\u2019\u00e9tait un \u00e9tudiant brillant et il laisse un h\u00e9ritage en Ha\u00efti. Sa voix a \u00e9t\u00e9 r\u00e9duite au silence, mais le Seigneur nous r\u00e9unira tous lorsqu\u2019Il viendra pour \u00eatre avec nous pour l\u2019\u00e9ternit\u00e9. \u00bb<\/p>\n<p><div id=\"attachment_119726\" style=\"width: 855px\" class=\"wp-caption aligncenter\"><img loading=\"lazy\" decoding=\"async\" aria-describedby=\"caption-attachment-119726\" class=\" wp-image-119725\" src=\"https:\/\/interamerica.org\/wp-content\/uploads\/2024\/09\/haiu-memorial-services-unah.jpg\" alt=\"\" width=\"845\" height=\"635\" srcset=\"https:\/\/interamerica.org\/wp-content\/uploads\/2024\/09\/haiu-memorial-services-unah.jpg 950w, https:\/\/interamerica.org\/wp-content\/uploads\/2024\/09\/haiu-memorial-services-unah-300x225.jpg 300w, https:\/\/interamerica.org\/wp-content\/uploads\/2024\/09\/haiu-memorial-services-unah-768x577.jpg 768w\" sizes=\"(max-width: 845px) 100vw, 845px\" \/><p id=\"caption-attachment-119726\" class=\"wp-caption-text\">L\u2019\u00e9glise de l\u2019universit\u00e9 s\u2019est remplie d\u2019\u00e9tudiants, de membres, de dirigeants et d\u2019amis lors du service fun\u00e8bre comm\u00e9moratif qui a eu lieu le 3 septembre 2024. [Photo : Clifenly Lazard]<\/p><\/div>Le r\u00eave de Lemec J\u00e9r\u00e9mie \u00e9tait que la station de radio adventiste couvre l\u2019ensemble de son pays, ont d\u00e9clar\u00e9 les dirigeants de l\u2019\u00e9glise. Il avait pr\u00e9vu de lancer des activit\u00e9s de collecte de fonds dans toutes les \u00e9glises en Ha\u00efti le 22 septembre 2024.<\/p>\n<p>N\u00e9 le 20 mars 1974, Lemec J\u00e9r\u00e9mie a commenc\u00e9 son minist\u00e8re en l\u2019an 2000 en tant que pasteur stagiaire \u00e0 l\u2019\u00e9glise adventiste Auditorium de la Bible, puis il a dirig\u00e9 plusieurs districts d\u2019\u00e9glises. En d\u00e9cembre 2003, il a \u00e9pous\u00e9 Clara Olga Sanon et ils ont eu trois enfants, Carl, Mecarlens et Claritza. Il a \u00e9t\u00e9 directeur de la programmation \u00e0 la station adventiste Voix de l\u2019Esp\u00e9rance, avant de devenir directeur adjoint de la communication de l\u2019Union Ha\u00eftienne. Il a obtenu une ma\u00eetrise en th\u00e9ologie pastorale en 2015 du S\u00e9minaire Th\u00e9ologique Adventiste Inter-Am\u00e9ricain. En 2021, il a \u00e9t\u00e9 consacr\u00e9 au minist\u00e8re pastoral et au cours de cette ann\u00e9e-l\u00e0, il est devenu le premier directeur du Centre Hope Media en Ha\u00efti. J\u00e9r\u00e9mie a \u00e9galement enseign\u00e9 la th\u00e9ologie \u00e0 l\u2019Universit\u00e9 Adventiste d\u2019Ha\u00efti.<\/p>\n<p><div id=\"attachment_119713\" style=\"width: 861px\" class=\"wp-caption aligncenter\"><img loading=\"lazy\" decoding=\"async\" aria-describedby=\"caption-attachment-119713\" class=\" wp-image-119712\" src=\"https:\/\/interamerica.org\/wp-content\/uploads\/2024\/09\/haiu-jeremie-son-funeral.jpg\" alt=\"\" width=\"851\" height=\"567\" srcset=\"https:\/\/interamerica.org\/wp-content\/uploads\/2024\/09\/haiu-jeremie-son-funeral.jpg 1000w, https:\/\/interamerica.org\/wp-content\/uploads\/2024\/09\/haiu-jeremie-son-funeral-300x200.jpg 300w, https:\/\/interamerica.org\/wp-content\/uploads\/2024\/09\/haiu-jeremie-son-funeral-768x512.jpg 768w\" sizes=\"(max-width: 851px) 100vw, 851px\" \/><p id=\"caption-attachment-119713\" class=\"wp-caption-text\">Le fils a\u00een\u00e9 de J\u00e9r\u00e9mie Lemec, Carl, 18 ans, a confi\u00e9 que son p\u00e8re \u00e9tait un p\u00e8re d\u00e9vou\u00e9, un mentor et un homme de valeurs profondes. [Photo : Clifenly Lazard]<\/p><\/div>Son fils a\u00een\u00e9, Carl, 18 ans, a d\u00e9clar\u00e9 qu\u2019en dehors de son r\u00f4le de pasteur, Lemec J\u00e9r\u00e9mie \u00e9tait un p\u00e8re d\u00e9vou\u00e9, un mentor et un homme de valeurs profondes. \u00ab Il nous a enseign\u00e9 des comp\u00e9tences pratiques, mais aussi des le\u00e7ons de vie, comme le service d\u00e9sint\u00e9ress\u00e9 et une foi en Dieu in\u00e9branlable, \u00bb a dit Carl. \u00ab Mon p\u00e8re a toujours \u00e9t\u00e9 disponible malgr\u00e9 ses nombreuses responsabilit\u00e9s. Il a inculqu\u00e9 des principes de simplicit\u00e9 et a laiss\u00e9 un h\u00e9ritage incommensurable de valeurs humaines et spirituelles, qui continuent de guider ses proches et la communaut\u00e9, \u00bb.<\/p>\n<p>Traduction: Patrick Luciathe<\/p>\n","protected":false},"excerpt":{"rendered":"<p>Des centaines de personnes salue la m\u00e9moire de Lemec J\u00e9r\u00e9mie, qui \u00e9tait aim\u00e9 de ses pairs et des membres. 16 Septembre 2024 | Port-au-Prince, Ha\u00efti | Jean Carmy Felixon et&#8230;<\/p>\n","protected":false},"author":3,"featured_media":119719,"comment_status":"closed","ping_status":"closed","sticky":false,"template":"","format":"standard","meta":{"_acf_changed":false,"footnotes":""},"categories":[21,19],"tags":[],"class_list":["post-119759","post","type-post","status-publish","format-standard","has-post-thumbnail","hentry","category-nouvelles-du-territoire","category-rss-francais"],"acf":[],"yoast_head":"<!-- This site is optimized with the Yoast SEO plugin v27.3 - https:\/\/yoast.com\/product\/yoast-seo-wordpress\/ -->\n<title>L\u2019\u00c9glise adventiste en Ha\u00efti se souvient d\u2019un dirigeant d\u00e9c\u00e9d\u00e9 subitement - \u00c9glise Adventiste Du Septieme Jour - Inter Am\u00e9rique Division<\/title>\n<meta name=\"robots\" content=\"index, follow, max-snippet:-1, max-image-preview:large, max-video-preview:-1\" \/>\n<link rel=\"canonical\" href=\"https:\/\/interamerica.org\/fr\/2024\/09\/leglise-adventiste-en-haiti-se-souvient-dun-dirigeant-decede-subitement\/\" \/>\n<meta property=\"og:locale\" content=\"fr_FR\" \/>\n<meta property=\"og:type\" content=\"article\" \/>\n<meta property=\"og:title\" content=\"L\u2019\u00c9glise adventiste en Ha\u00efti se souvient d\u2019un dirigeant d\u00e9c\u00e9d\u00e9 subitement - \u00c9glise Adventiste Du Septieme Jour - Inter Am\u00e9rique Division\" \/>\n<meta property=\"og:description\" content=\"Des centaines de personnes salue la m\u00e9moire de Lemec J\u00e9r\u00e9mie, qui \u00e9tait aim\u00e9 de ses pairs et des membres. 16 Septembre 2024 | Port-au-Prince, Ha\u00efti | Jean Carmy Felixon et...\" \/>\n<meta property=\"og:url\" content=\"https:\/\/interamerica.org\/fr\/2024\/09\/leglise-adventiste-en-haiti-se-souvient-dun-dirigeant-decede-subitement\/\" \/>\n<meta property=\"og:site_name\" content=\"\u00c9glise Adventiste Du Septieme Jour - Inter Am\u00e9rique Division\" \/>\n<meta property=\"article:published_time\" content=\"2024-09-16T18:29:35+00:00\" \/>\n<meta property=\"article:modified_time\" content=\"2024-09-17T21:42:15+00:00\" \/>\n<meta property=\"og:image\" content=\"https:\/\/interamerica.org\/wp-content\/uploads\/2024\/09\/haiu-funeral-service-side-audience.jpg\" \/>\n\t<meta property=\"og:image:width\" content=\"1000\" \/>\n\t<meta property=\"og:image:height\" content=\"751\" \/>\n\t<meta property=\"og:image:type\" content=\"image\/jpeg\" \/>\n<meta name=\"author\" content=\"libna\" \/>\n<meta name=\"twitter:card\" content=\"summary_large_image\" \/>\n<meta name=\"twitter:label1\" content=\"\u00c9crit par\" \/>\n\t<meta name=\"twitter:data1\" content=\"libna\" \/>\n\t<meta name=\"twitter:label2\" content=\"Dur\u00e9e de lecture estim\u00e9e\" \/>\n\t<meta name=\"twitter:data2\" content=\"6 minutes\" \/>\n<script type=\"application\/ld+json\" class=\"yoast-schema-graph\">{\"@context\":\"https:\\\/\\\/schema.org\",\"@graph\":[{\"@type\":\"Article\",\"@id\":\"https:\\\/\\\/interamerica.org\\\/fr\\\/2024\\\/09\\\/leglise-adventiste-en-haiti-se-souvient-dun-dirigeant-decede-subitement\\\/#article\",\"isPartOf\":{\"@id\":\"https:\\\/\\\/interamerica.org\\\/fr\\\/2024\\\/09\\\/leglise-adventiste-en-haiti-se-souvient-dun-dirigeant-decede-subitement\\\/\"},\"author\":{\"name\":\"libna\",\"@id\":\"https:\\\/\\\/interamerica.org\\\/fr\\\/#\\\/schema\\\/person\\\/29998f2bc2d8bd0d38662909289b54f1\"},\"headline\":\"L\u2019\u00c9glise adventiste en Ha\u00efti se souvient d\u2019un dirigeant d\u00e9c\u00e9d\u00e9 subitement\",\"datePublished\":\"2024-09-16T18:29:35+00:00\",\"dateModified\":\"2024-09-17T21:42:15+00:00\",\"mainEntityOfPage\":{\"@id\":\"https:\\\/\\\/interamerica.org\\\/fr\\\/2024\\\/09\\\/leglise-adventiste-en-haiti-se-souvient-dun-dirigeant-decede-subitement\\\/\"},\"wordCount\":1211,\"image\":{\"@id\":\"https:\\\/\\\/interamerica.org\\\/fr\\\/2024\\\/09\\\/leglise-adventiste-en-haiti-se-souvient-dun-dirigeant-decede-subitement\\\/#primaryimage\"},\"thumbnailUrl\":\"https:\\\/\\\/interamerica.org\\\/wp-content\\\/uploads\\\/2024\\\/09\\\/haiu-funeral-service-side-audience.jpg\",\"articleSection\":[\"Nouvelles du territoire\",\"RSS Fran\u00e7ais\"],\"inLanguage\":\"fr-FR\"},{\"@type\":\"WebPage\",\"@id\":\"https:\\\/\\\/interamerica.org\\\/fr\\\/2024\\\/09\\\/leglise-adventiste-en-haiti-se-souvient-dun-dirigeant-decede-subitement\\\/\",\"url\":\"https:\\\/\\\/interamerica.org\\\/fr\\\/2024\\\/09\\\/leglise-adventiste-en-haiti-se-souvient-dun-dirigeant-decede-subitement\\\/\",\"name\":\"L\u2019\u00c9glise adventiste en Ha\u00efti se souvient d\u2019un dirigeant d\u00e9c\u00e9d\u00e9 subitement - \u00c9glise Adventiste Du Septieme Jour - Inter Am\u00e9rique Division\",\"isPartOf\":{\"@id\":\"https:\\\/\\\/interamerica.org\\\/fr\\\/#website\"},\"primaryImageOfPage\":{\"@id\":\"https:\\\/\\\/interamerica.org\\\/fr\\\/2024\\\/09\\\/leglise-adventiste-en-haiti-se-souvient-dun-dirigeant-decede-subitement\\\/#primaryimage\"},\"image\":{\"@id\":\"https:\\\/\\\/interamerica.org\\\/fr\\\/2024\\\/09\\\/leglise-adventiste-en-haiti-se-souvient-dun-dirigeant-decede-subitement\\\/#primaryimage\"},\"thumbnailUrl\":\"https:\\\/\\\/interamerica.org\\\/wp-content\\\/uploads\\\/2024\\\/09\\\/haiu-funeral-service-side-audience.jpg\",\"datePublished\":\"2024-09-16T18:29:35+00:00\",\"dateModified\":\"2024-09-17T21:42:15+00:00\",\"author\":{\"@id\":\"https:\\\/\\\/interamerica.org\\\/fr\\\/#\\\/schema\\\/person\\\/29998f2bc2d8bd0d38662909289b54f1\"},\"breadcrumb\":{\"@id\":\"https:\\\/\\\/interamerica.org\\\/fr\\\/2024\\\/09\\\/leglise-adventiste-en-haiti-se-souvient-dun-dirigeant-decede-subitement\\\/#breadcrumb\"},\"inLanguage\":\"fr-FR\",\"potentialAction\":[{\"@type\":\"ReadAction\",\"target\":[\"https:\\\/\\\/interamerica.org\\\/fr\\\/2024\\\/09\\\/leglise-adventiste-en-haiti-se-souvient-dun-dirigeant-decede-subitement\\\/\"]}]},{\"@type\":\"ImageObject\",\"inLanguage\":\"fr-FR\",\"@id\":\"https:\\\/\\\/interamerica.org\\\/fr\\\/2024\\\/09\\\/leglise-adventiste-en-haiti-se-souvient-dun-dirigeant-decede-subitement\\\/#primaryimage\",\"url\":\"https:\\\/\\\/interamerica.org\\\/wp-content\\\/uploads\\\/2024\\\/09\\\/haiu-funeral-service-side-audience.jpg\",\"contentUrl\":\"https:\\\/\\\/interamerica.org\\\/wp-content\\\/uploads\\\/2024\\\/09\\\/haiu-funeral-service-side-audience.jpg\",\"width\":1000,\"height\":751,\"caption\":\"[Photo:\"},{\"@type\":\"BreadcrumbList\",\"@id\":\"https:\\\/\\\/interamerica.org\\\/fr\\\/2024\\\/09\\\/leglise-adventiste-en-haiti-se-souvient-dun-dirigeant-decede-subitement\\\/#breadcrumb\",\"itemListElement\":[{\"@type\":\"ListItem\",\"position\":1,\"name\":\"Home\",\"item\":\"https:\\\/\\\/interamerica.org\\\/fr\\\/\"},{\"@type\":\"ListItem\",\"position\":2,\"name\":\"L\u2019\u00c9glise adventiste en Ha\u00efti se souvient d\u2019un dirigeant d\u00e9c\u00e9d\u00e9 subitement\"}]},{\"@type\":\"WebSite\",\"@id\":\"https:\\\/\\\/interamerica.org\\\/fr\\\/#website\",\"url\":\"https:\\\/\\\/interamerica.org\\\/fr\\\/\",\"name\":\"\u00c9glise Adventiste Du Septieme Jour - Inter Am\u00e9rique Division\",\"description\":\"\",\"potentialAction\":[{\"@type\":\"SearchAction\",\"target\":{\"@type\":\"EntryPoint\",\"urlTemplate\":\"https:\\\/\\\/interamerica.org\\\/fr\\\/?s={search_term_string}\"},\"query-input\":{\"@type\":\"PropertyValueSpecification\",\"valueRequired\":true,\"valueName\":\"search_term_string\"}}],\"inLanguage\":\"fr-FR\"},{\"@type\":\"Person\",\"@id\":\"https:\\\/\\\/interamerica.org\\\/fr\\\/#\\\/schema\\\/person\\\/29998f2bc2d8bd0d38662909289b54f1\",\"name\":\"libna\",\"image\":{\"@type\":\"ImageObject\",\"inLanguage\":\"fr-FR\",\"@id\":\"https:\\\/\\\/secure.gravatar.com\\\/avatar\\\/7c5bd30ae4b47a9ba3c856590957fd1d96dc588bf3ac05719d247e126840331f?s=96&d=mm&r=g\",\"url\":\"https:\\\/\\\/secure.gravatar.com\\\/avatar\\\/7c5bd30ae4b47a9ba3c856590957fd1d96dc588bf3ac05719d247e126840331f?s=96&d=mm&r=g\",\"contentUrl\":\"https:\\\/\\\/secure.gravatar.com\\\/avatar\\\/7c5bd30ae4b47a9ba3c856590957fd1d96dc588bf3ac05719d247e126840331f?s=96&d=mm&r=g\",\"caption\":\"libna\"}}]}<\/script>\n<!-- \/ Yoast SEO plugin. -->","yoast_head_json":{"title":"L\u2019\u00c9glise adventiste en Ha\u00efti se souvient d\u2019un dirigeant d\u00e9c\u00e9d\u00e9 subitement - \u00c9glise Adventiste Du Septieme Jour - Inter Am\u00e9rique Division","robots":{"index":"index","follow":"follow","max-snippet":"max-snippet:-1","max-image-preview":"max-image-preview:large","max-video-preview":"max-video-preview:-1"},"canonical":"https:\/\/interamerica.org\/fr\/2024\/09\/leglise-adventiste-en-haiti-se-souvient-dun-dirigeant-decede-subitement\/","og_locale":"fr_FR","og_type":"article","og_title":"L\u2019\u00c9glise adventiste en Ha\u00efti se souvient d\u2019un dirigeant d\u00e9c\u00e9d\u00e9 subitement - \u00c9glise Adventiste Du Septieme Jour - Inter Am\u00e9rique Division","og_description":"Des centaines de personnes salue la m\u00e9moire de Lemec J\u00e9r\u00e9mie, qui \u00e9tait aim\u00e9 de ses pairs et des membres. 16 Septembre 2024 | Port-au-Prince, Ha\u00efti | Jean Carmy Felixon et...","og_url":"https:\/\/interamerica.org\/fr\/2024\/09\/leglise-adventiste-en-haiti-se-souvient-dun-dirigeant-decede-subitement\/","og_site_name":"\u00c9glise Adventiste Du Septieme Jour - Inter Am\u00e9rique Division","article_published_time":"2024-09-16T18:29:35+00:00","article_modified_time":"2024-09-17T21:42:15+00:00","og_image":[{"width":1000,"height":751,"url":"https:\/\/interamerica.org\/wp-content\/uploads\/2024\/09\/haiu-funeral-service-side-audience.jpg","type":"image\/jpeg"}],"author":"libna","twitter_card":"summary_large_image","twitter_misc":{"\u00c9crit par":"libna","Dur\u00e9e de lecture estim\u00e9e":"6 minutes"},"schema":{"@context":"https:\/\/schema.org","@graph":[{"@type":"Article","@id":"https:\/\/interamerica.org\/fr\/2024\/09\/leglise-adventiste-en-haiti-se-souvient-dun-dirigeant-decede-subitement\/#article","isPartOf":{"@id":"https:\/\/interamerica.org\/fr\/2024\/09\/leglise-adventiste-en-haiti-se-souvient-dun-dirigeant-decede-subitement\/"},"author":{"name":"libna","@id":"https:\/\/interamerica.org\/fr\/#\/schema\/person\/29998f2bc2d8bd0d38662909289b54f1"},"headline":"L\u2019\u00c9glise adventiste en Ha\u00efti se souvient d\u2019un dirigeant d\u00e9c\u00e9d\u00e9 subitement","datePublished":"2024-09-16T18:29:35+00:00","dateModified":"2024-09-17T21:42:15+00:00","mainEntityOfPage":{"@id":"https:\/\/interamerica.org\/fr\/2024\/09\/leglise-adventiste-en-haiti-se-souvient-dun-dirigeant-decede-subitement\/"},"wordCount":1211,"image":{"@id":"https:\/\/interamerica.org\/fr\/2024\/09\/leglise-adventiste-en-haiti-se-souvient-dun-dirigeant-decede-subitement\/#primaryimage"},"thumbnailUrl":"https:\/\/interamerica.org\/wp-content\/uploads\/2024\/09\/haiu-funeral-service-side-audience.jpg","articleSection":["Nouvelles du territoire","RSS Fran\u00e7ais"],"inLanguage":"fr-FR"},{"@type":"WebPage","@id":"https:\/\/interamerica.org\/fr\/2024\/09\/leglise-adventiste-en-haiti-se-souvient-dun-dirigeant-decede-subitement\/","url":"https:\/\/interamerica.org\/fr\/2024\/09\/leglise-adventiste-en-haiti-se-souvient-dun-dirigeant-decede-subitement\/","name":"L\u2019\u00c9glise adventiste en Ha\u00efti se souvient d\u2019un dirigeant d\u00e9c\u00e9d\u00e9 subitement - \u00c9glise Adventiste Du Septieme Jour - Inter Am\u00e9rique Division","isPartOf":{"@id":"https:\/\/interamerica.org\/fr\/#website"},"primaryImageOfPage":{"@id":"https:\/\/interamerica.org\/fr\/2024\/09\/leglise-adventiste-en-haiti-se-souvient-dun-dirigeant-decede-subitement\/#primaryimage"},"image":{"@id":"https:\/\/interamerica.org\/fr\/2024\/09\/leglise-adventiste-en-haiti-se-souvient-dun-dirigeant-decede-subitement\/#primaryimage"},"thumbnailUrl":"https:\/\/interamerica.org\/wp-content\/uploads\/2024\/09\/haiu-funeral-service-side-audience.jpg","datePublished":"2024-09-16T18:29:35+00:00","dateModified":"2024-09-17T21:42:15+00:00","author":{"@id":"https:\/\/interamerica.org\/fr\/#\/schema\/person\/29998f2bc2d8bd0d38662909289b54f1"},"breadcrumb":{"@id":"https:\/\/interamerica.org\/fr\/2024\/09\/leglise-adventiste-en-haiti-se-souvient-dun-dirigeant-decede-subitement\/#breadcrumb"},"inLanguage":"fr-FR","potentialAction":[{"@type":"ReadAction","target":["https:\/\/interamerica.org\/fr\/2024\/09\/leglise-adventiste-en-haiti-se-souvient-dun-dirigeant-decede-subitement\/"]}]},{"@type":"ImageObject","inLanguage":"fr-FR","@id":"https:\/\/interamerica.org\/fr\/2024\/09\/leglise-adventiste-en-haiti-se-souvient-dun-dirigeant-decede-subitement\/#primaryimage","url":"https:\/\/interamerica.org\/wp-content\/uploads\/2024\/09\/haiu-funeral-service-side-audience.jpg","contentUrl":"https:\/\/interamerica.org\/wp-content\/uploads\/2024\/09\/haiu-funeral-service-side-audience.jpg","width":1000,"height":751,"caption":"[Photo:"},{"@type":"BreadcrumbList","@id":"https:\/\/interamerica.org\/fr\/2024\/09\/leglise-adventiste-en-haiti-se-souvient-dun-dirigeant-decede-subitement\/#breadcrumb","itemListElement":[{"@type":"ListItem","position":1,"name":"Home","item":"https:\/\/interamerica.org\/fr\/"},{"@type":"ListItem","position":2,"name":"L\u2019\u00c9glise adventiste en Ha\u00efti se souvient d\u2019un dirigeant d\u00e9c\u00e9d\u00e9 subitement"}]},{"@type":"WebSite","@id":"https:\/\/interamerica.org\/fr\/#website","url":"https:\/\/interamerica.org\/fr\/","name":"\u00c9glise Adventiste Du Septieme Jour - Inter Am\u00e9rique Division","description":"","potentialAction":[{"@type":"SearchAction","target":{"@type":"EntryPoint","urlTemplate":"https:\/\/interamerica.org\/fr\/?s={search_term_string}"},"query-input":{"@type":"PropertyValueSpecification","valueRequired":true,"valueName":"search_term_string"}}],"inLanguage":"fr-FR"},{"@type":"Person","@id":"https:\/\/interamerica.org\/fr\/#\/schema\/person\/29998f2bc2d8bd0d38662909289b54f1","name":"libna","image":{"@type":"ImageObject","inLanguage":"fr-FR","@id":"https:\/\/secure.gravatar.com\/avatar\/7c5bd30ae4b47a9ba3c856590957fd1d96dc588bf3ac05719d247e126840331f?s=96&d=mm&r=g","url":"https:\/\/secure.gravatar.com\/avatar\/7c5bd30ae4b47a9ba3c856590957fd1d96dc588bf3ac05719d247e126840331f?s=96&d=mm&r=g","contentUrl":"https:\/\/secure.gravatar.com\/avatar\/7c5bd30ae4b47a9ba3c856590957fd1d96dc588bf3ac05719d247e126840331f?s=96&d=mm&r=g","caption":"libna"}}]}},"_links":{"self":[{"href":"https:\/\/interamerica.org\/fr\/wp-json\/wp\/v2\/posts\/119759","targetHints":{"allow":["GET"]}}],"collection":[{"href":"https:\/\/interamerica.org\/fr\/wp-json\/wp\/v2\/posts"}],"about":[{"href":"https:\/\/interamerica.org\/fr\/wp-json\/wp\/v2\/types\/post"}],"author":[{"embeddable":true,"href":"https:\/\/interamerica.org\/fr\/wp-json\/wp\/v2\/users\/3"}],"replies":[{"embeddable":true,"href":"https:\/\/interamerica.org\/fr\/wp-json\/wp\/v2\/comments?post=119759"}],"version-history":[{"count":0,"href":"https:\/\/interamerica.org\/fr\/wp-json\/wp\/v2\/posts\/119759\/revisions"}],"wp:featuredmedia":[{"embeddable":true,"href":"https:\/\/interamerica.org\/fr\/wp-json\/wp\/v2\/media\/119719"}],"wp:attachment":[{"href":"https:\/\/interamerica.org\/fr\/wp-json\/wp\/v2\/media?parent=119759"}],"wp:term":[{"taxonomy":"category","embeddable":true,"href":"https:\/\/interamerica.org\/fr\/wp-json\/wp\/v2\/categories?post=119759"},{"taxonomy":"post_tag","embeddable":true,"href":"https:\/\/interamerica.org\/fr\/wp-json\/wp\/v2\/tags?post=119759"}],"curies":[{"name":"wp","href":"https:\/\/api.w.org\/{rel}","templated":true}]}}