{"id":119871,"date":"2024-09-18T23:23:13","date_gmt":"2024-09-19T03:23:13","guid":{"rendered":"https:\/\/interamerica.org\/?p=119871"},"modified":"2024-09-19T08:17:39","modified_gmt":"2024-09-19T12:17:39","slug":"des-jeunes-benevoles-du-panama-honores-pour-leurs-efforts-dans-le-nettoyage-dune-plage-populaire","status":"publish","type":"post","link":"https:\/\/interamerica.org\/fr\/2024\/09\/des-jeunes-benevoles-du-panama-honores-pour-leurs-efforts-dans-le-nettoyage-dune-plage-populaire\/","title":{"rendered":"Des jeunes b\u00e9n\u00e9voles du Panama honor\u00e9s pour leurs efforts dans le nettoyage d\u2019une plage populaire"},"content":{"rendered":"<p><div id=\"attachment_119849\" style=\"width: 846px\" class=\"wp-caption aligncenter\"><img fetchpriority=\"high\" decoding=\"async\" aria-describedby=\"caption-attachment-119849\" class=\" wp-image-119848\" src=\"https:\/\/interamerica.org\/wp-content\/uploads\/2024\/09\/panama-limpieza-main.jpg\" alt=\"\" width=\"836\" height=\"628\" srcset=\"https:\/\/interamerica.org\/wp-content\/uploads\/2024\/09\/panama-limpieza-main.jpg 950w, https:\/\/interamerica.org\/wp-content\/uploads\/2024\/09\/panama-limpieza-main-300x225.jpg 300w, https:\/\/interamerica.org\/wp-content\/uploads\/2024\/09\/panama-limpieza-main-768x576.jpg 768w\" sizes=\"(max-width: 836px) 100vw, 836px\" \/><p id=\"caption-attachment-119849\" class=\"wp-caption-text\">Des jeunes aident \u00e0 nettoyer la plage de Costa Del Este dans la ville de Panama, au Panama, en collaboration avec le bureau du maire de la capitale Panama, au Panama, le 1er septembre 2024. L\u2019activit\u00e9 intervenait dans le cadre de l\u2019initiative du gouvernement visant \u00e0 restaurer la beaut\u00e9 naturelle des c\u00f4tes et \u00e0 sensibiliser \u00e0 la protection de l\u2019environnement pendant le mois de septembre, un mois consacr\u00e9 \u00e0 mettre en lumi\u00e8re l\u2019importance des \u00e9cosyst\u00e8mes marins. [Photo : Union du Panama]<\/p><\/div><em>\u00ab Prendre soin de l\u2019environnement est une fa\u00e7on d\u2019honorer la cr\u00e9ation de Dieu, \u00bb d\u00e9clare un dirigeant adventiste. <\/em><\/p>\n<p>18 September 2024 | Ville de Panama, Panama | Johana Gonz\u00e1lez, <em>Henry Gonz\u00e1lez, <\/em>et \u00c9quipe du service d\u2019informations de la Division Inter Am\u00e9ricaine<\/p>\n<p>Dans le cadre des activit\u00e9s du Mois des Oc\u00e9ans, environ 400 jeunes adventistes du septi\u00e8me jour se sont joints au bureau du maire de la ville de Panama pour une journ\u00e9e de nettoyage de la plage de Costa del Este, le 1er septembre 2024. L\u2019initiative visait non seulement \u00e0 restaurer la beaut\u00e9 naturelle de cet important espace c\u00f4tier, mais aussi \u00e0 r\u00e9affirmer l\u2019engagement des jeunes \u00e0 prendre soin de l\u2019environnement, un principe qui fait partie de leur vie quotidienne et de leurs croyances religieuses.<\/p>\n<p>Depuis plus de 20 ans, le Panama consacre chaque mois de septembre \u00e0 sensibiliser \u00e0 l\u2019importance des \u00e9cosyst\u00e8mes marins et \u00e0 l\u2019urgence de les prot\u00e9ger. Au cours de ce mois, des initiatives \u00e9ducatives et de nettoyage en collaboration avec des organisations publiques, priv\u00e9es et \u00e0 but non lucratif ont lieu.<\/p>\n<p><div id=\"attachment_119837\" style=\"width: 856px\" class=\"wp-caption aligncenter\"><img decoding=\"async\" aria-describedby=\"caption-attachment-119837\" class=\" wp-image-119836\" src=\"https:\/\/interamerica.org\/wp-content\/uploads\/2024\/09\/panu-limpieza-mother-adventurerdmc20.jpg\" alt=\"\" width=\"846\" height=\"635\" srcset=\"https:\/\/interamerica.org\/wp-content\/uploads\/2024\/09\/panu-limpieza-mother-adventurerdmc20.jpg 950w, https:\/\/interamerica.org\/wp-content\/uploads\/2024\/09\/panu-limpieza-mother-adventurerdmc20-300x225.jpg 300w, https:\/\/interamerica.org\/wp-content\/uploads\/2024\/09\/panu-limpieza-mother-adventurerdmc20-768x576.jpg 768w\" sizes=\"(max-width: 846px) 100vw, 846px\" \/><p id=\"caption-attachment-119837\" class=\"wp-caption-text\">Une m\u00e8re et sa fille qui aident au nettoyage enl\u00e8vent des plastiques et des d\u00e9chets qui s\u2019\u00e9chouent sur la plage de la ville de Panama, au Panama. [Photo : Union du Panama]<\/p><\/div>En 2024, l\u2019initiative s\u2019est concentr\u00e9e sp\u00e9cifiquement sur le d\u00e9fi que repr\u00e9sente la pollution par le plastique dans les oc\u00e9ans. Selon un rapport du Programme des Nations Unies pour l\u2019Environnement (PNUE), les plastiques repr\u00e9sentent 85 pour cent des d\u00e9chets qui finissent dans les oc\u00e9ans, et les projections indiquent que d\u2019ici 2040, la quantit\u00e9 de plastique dans les mers pourrait tripler. Les dirigeants adventistes ont d\u00e9clar\u00e9 que cette pr\u00e9vision alarmante est l\u2019une des raisons qui ont pouss\u00e9 les jeunes adventistes \u00e0 participer au nettoyage de la plage de Costa del Este, l\u2019une des plus populaires du Panama.<\/p>\n<p><strong>Initiative de nettoyage par les jeunes <\/strong><\/p>\n<p>Tr\u00e8s t\u00f4t le matin du 1er septembre, de jeunes volontaires se sont pr\u00e9sent\u00e9s sur la plage \u00e9quip\u00e9s de gants et de sacs poubelle, pr\u00eats \u00e0 ramasser le plus de d\u00e9chets possible. Pour beaucoup d\u2019entre eux, cela repr\u00e9sentait non seulement une action de service communautaire, mais aussi une opportunit\u00e9 de vivre leur foi de mani\u00e8re concr\u00e8te, ont d\u00e9clar\u00e9 les organisateurs.<\/p>\n<p><div id=\"attachment_119843\" style=\"width: 850px\" class=\"wp-caption aligncenter\"><img decoding=\"async\" aria-describedby=\"caption-attachment-119843\" class=\" wp-image-119842\" src=\"https:\/\/interamerica.org\/wp-content\/uploads\/2024\/09\/panu-limpiezadmc3.jpg\" alt=\"\" width=\"840\" height=\"597\" srcset=\"https:\/\/interamerica.org\/wp-content\/uploads\/2024\/09\/panu-limpiezadmc3.jpg 950w, https:\/\/interamerica.org\/wp-content\/uploads\/2024\/09\/panu-limpiezadmc3-300x213.jpg 300w, https:\/\/interamerica.org\/wp-content\/uploads\/2024\/09\/panu-limpiezadmc3-768x546.jpg 768w\" sizes=\"(max-width: 840px) 100vw, 840px\" \/><p id=\"caption-attachment-119843\" class=\"wp-caption-text\">Des dizaines de jeunes et de dirigeants d\u2019\u00e9glise ont rempli des sacs avec les d\u00e9chets \u00e9chou\u00e9s sur le rivage lors du nettoyage organis\u00e9 le 1er septembre 2024. [Photo : Union du Panama]<\/p><\/div>Les b\u00e9n\u00e9voles ont r\u00e9ussi \u00e0 ramasser de grandes quantit\u00e9s de d\u00e9chets, principalement des plastiques, qui avaient \u00e9t\u00e9 emport\u00e9s et ramen\u00e9s par les rivi\u00e8res et les mar\u00e9es de l\u2019oc\u00e9an, a d\u00e9clar\u00e9 Carlos Rangel, coordinateur des b\u00e9n\u00e9voles de la F\u00e9d\u00e9ration M\u00e9tropolitaine du Panama. \u00c0 la fin de la journ\u00e9e, la plage avait retrouv\u00e9 une partie de son \u00e9tat d\u2019origine, ce qui a rendu les jeunes fiers de leur contribution, a-t-il ajout\u00e9.<\/p>\n<p><strong>De bons intendants de la plan\u00e8te<\/strong><\/p>\n<p>Le bureau du maire de la ville de Panama, qui aide \u00e0 coordonner l\u2019initiative, a remerci\u00e9 les b\u00e9n\u00e9voles adventistes pour leur engagement. \u00ab Nous sommes profond\u00e9ment reconnaissants envers ces jeunes pour leur d\u00e9vouement et leurs efforts, \u00bb a d\u00e9clar\u00e9 Jarelys G\u00f3mez, repr\u00e9sentant du Bureau de Gestion de l\u2019Environnement. \u00ab Non seulement ils ont aid\u00e9 \u00e0 nettoyer l\u2019une de nos plages les plus importantes, mais ils ont \u00e9galement inspir\u00e9 d\u2019autres personnes \u00e0 se joindre \u00e0 la cause. Il est essentiel que nous comprenions que nos actions ont un impact direct sur le bien-\u00eatre de notre plan\u00e8te. \u00bb<\/p>\n<p><div id=\"attachment_119858\" style=\"width: 841px\" class=\"wp-caption aligncenter\"><img loading=\"lazy\" decoding=\"async\" aria-describedby=\"caption-attachment-119858\" class=\" wp-image-119857\" src=\"https:\/\/interamerica.org\/wp-content\/uploads\/2024\/09\/panu-limpiezadmc2.jpg\" alt=\"\" width=\"831\" height=\"624\" srcset=\"https:\/\/interamerica.org\/wp-content\/uploads\/2024\/09\/panu-limpiezadmc2.jpg 950w, https:\/\/interamerica.org\/wp-content\/uploads\/2024\/09\/panu-limpiezadmc2-300x225.jpg 300w, https:\/\/interamerica.org\/wp-content\/uploads\/2024\/09\/panu-limpiezadmc2-768x576.jpg 768w\" sizes=\"(max-width: 831px) 100vw, 831px\" \/><p id=\"caption-attachment-119858\" class=\"wp-caption-text\">Les jeunes portaient des foulards d\u2019\u00e9claireur, des chapeaux et des t-shirts indiquant leur appartenance \u00e0 l\u2019\u00c9glise adventiste du septi\u00e8me jour lors du nettoyage de la plage. [Photo : Union du Panama]<\/p><\/div>\u00ab C\u2019est un honneur pour nous de participer \u00e0 cette activit\u00e9, \u00bb a d\u00e9clar\u00e9 Carlos Rangel. \u00ab Nous croyons fermement que prendre soin de l\u2019environnement est une fa\u00e7on d\u2019honorer la cr\u00e9ation de Dieu. Nous avons le devoir de pr\u00e9server la nature, et des activit\u00e9s comme celle-ci nous permettent d\u2019aller vers cet objectif. \u00bb<\/p>\n<p><strong>Servir Dieu et la communaut\u00e9<\/strong><\/p>\n<p>Pour de nombreux participants, l\u2019exp\u00e9rience a permis de r\u00e9fl\u00e9chir \u00e0 l\u2019importance d\u2019actions modestes, mais significatives, pour prot\u00e9ger l\u2019environnement.<\/p>\n<p>Rolando Lyne, un jeune de 14 ans de l\u2019\u00e9glise adventiste de San Miguelito qui faisait partie du groupe, a partag\u00e9 son exp\u00e9rience. \u00ab Au d\u00e9but, je n\u2019\u00e9tais pas s\u00fbr de ce que nous allions accomplir en une seule matin\u00e9e. Mais lorsque nous avons vu la quantit\u00e9 de d\u00e9chets que nous avons ramass\u00e9s, j\u2019ai r\u00e9alis\u00e9 que chaque petit effort compte. C\u2019est incroyable de voir comment quelque chose d\u2019aussi simple que de ramasser des d\u00e9chets peut \u00eatre une fa\u00e7on de servir Dieu et notre communaut\u00e9, \u00bb a dit Rolando Lyne.<\/p>\n<p><div id=\"attachment_119855\" style=\"width: 849px\" class=\"wp-caption aligncenter\"><img loading=\"lazy\" decoding=\"async\" aria-describedby=\"caption-attachment-119855\" class=\" wp-image-119854\" src=\"https:\/\/interamerica.org\/wp-content\/uploads\/2024\/09\/panu-limpieza-leader-ypeople.jpg\" alt=\"\" width=\"839\" height=\"549\" srcset=\"https:\/\/interamerica.org\/wp-content\/uploads\/2024\/09\/panu-limpieza-leader-ypeople.jpg 1000w, https:\/\/interamerica.org\/wp-content\/uploads\/2024\/09\/panu-limpieza-leader-ypeople-300x197.jpg 300w, https:\/\/interamerica.org\/wp-content\/uploads\/2024\/09\/panu-limpieza-leader-ypeople-768x503.jpg 768w\" sizes=\"(max-width: 839px) 100vw, 839px\" \/><p id=\"caption-attachment-119855\" class=\"wp-caption-text\">Carlos Rangel (\u00e0 gauche), coordinateur des b\u00e9n\u00e9voles de la F\u00e9d\u00e9ration M\u00e9tropolitaine du Panama, se tient devant les sacs de d\u00e9chets ramass\u00e9s sur la plage. [Photo : Union du Panama]<\/p><\/div>Yorlenis Villarreal, 17 ans, une autre b\u00e9n\u00e9vole de l\u2019\u00e9glise adventiste de Bel\u00e9n, a \u00e9galement soulign\u00e9 avoir ressenti un sens de la communaut\u00e9 et de la r\u00e9solution apr\u00e8s avoir particip\u00e9 \u00e0 l\u2019initiative. \u00ab Ce qui m\u2019a le plus surpris, c\u2019est de voir \u00e0 quel point nous \u00e9tions tous unis par une cause commune. Nous n\u2019avons pas seulement nettoy\u00e9 la plage, mais nous avons aussi renforc\u00e9 nos liens mutuels. Je me sens plus en connexion avec mon \u00e9glise et ma communaut\u00e9, et je veux continuer \u00e0 participer \u00e0 des activit\u00e9s comme celle-ci. \u00bb<\/p>\n<p><strong>Vivre leur foi<\/strong><\/p>\n<p>Pour les jeunes adventistes, le nettoyage des plages va au-del\u00e0 de la simple t\u00e2che de b\u00e9n\u00e9volat. C\u2019est un prolongement de leur foi, ont d\u00e9clar\u00e9 les dirigeants. \u00ab La Bible nous enseigne que nous sommes les intendants de la cr\u00e9ation de Dieu, \u00bb a expliqu\u00e9 le pasteur Misael Gonz\u00e1lez, directeur des minist\u00e8res de la jeunesse de l\u2019Union Mission du Panama. \u00ab En nettoyant cette plage, nous montrons que nous sommes de bons intendants du monde que Dieu a confi\u00e9 \u00e0 nos soins. C\u2019est une mani\u00e8re concr\u00e8te de vivre notre foi, \u00bb a-t-il d\u00e9clar\u00e9.<\/p>\n<p><div id=\"attachment_119840\" style=\"width: 832px\" class=\"wp-caption aligncenter\"><img loading=\"lazy\" decoding=\"async\" aria-describedby=\"caption-attachment-119840\" class=\" wp-image-119839\" src=\"https:\/\/interamerica.org\/wp-content\/uploads\/2024\/09\/panu-limpieza-garbage-bin-dmc59.jpg\" alt=\"\" width=\"822\" height=\"580\" srcset=\"https:\/\/interamerica.org\/wp-content\/uploads\/2024\/09\/panu-limpieza-garbage-bin-dmc59.jpg 900w, https:\/\/interamerica.org\/wp-content\/uploads\/2024\/09\/panu-limpieza-garbage-bin-dmc59-300x212.jpg 300w, https:\/\/interamerica.org\/wp-content\/uploads\/2024\/09\/panu-limpieza-garbage-bin-dmc59-768x542.jpg 768w\" sizes=\"(max-width: 822px) 100vw, 822px\" \/><p id=\"caption-attachment-119840\" class=\"wp-caption-text\">Les sacs poubelle ramass\u00e9s sur la plage de la ville de Panama, au Panama, sont plac\u00e9s dans de grandes bennes \u00e0 ordures par les dirigeants de l\u2019\u00e9glise et les jeunes qui ont aid\u00e9 lors de la r\u00e9cente activit\u00e9. [Photo : Union du Panama]<\/p><\/div>En plus du nettoyage, la journ\u00e9e a servi de plate-forme pour \u00e9duquer la communaut\u00e9 sur l\u2019importance de garder l\u2019environnement naturel propre et sans d\u00e9chets. La participation des jeunes adventistes souligne une prise de conscience croissante de la durabilit\u00e9 chez les nouvelles g\u00e9n\u00e9rations, ont expliqu\u00e9 les organisateurs. Dans un contexte mondial o\u00f9 le changement climatique et la pollution marine sont des pr\u00e9occupations majeures, l\u2019action locale peut \u00eatre un puissant moteur de changement, ont-ils d\u00e9clar\u00e9.<\/p>\n<p>L\u2019action men\u00e9e le 1er septembre s\u2019est termin\u00e9e par une c\u00e9r\u00e9monie de remerciement au cours de laquelle les b\u00e9n\u00e9voles ont \u00e9t\u00e9 honor\u00e9s pour leur d\u00e9vouement.<\/p>\n<p><div id=\"attachment_119852\" style=\"width: 850px\" class=\"wp-caption aligncenter\"><img loading=\"lazy\" decoding=\"async\" aria-describedby=\"caption-attachment-119852\" class=\" wp-image-119851\" src=\"https:\/\/interamerica.org\/wp-content\/uploads\/2024\/09\/panu-group-limpiezadmc64.jpg\" alt=\"\" width=\"840\" height=\"582\" srcset=\"https:\/\/interamerica.org\/wp-content\/uploads\/2024\/09\/panu-group-limpiezadmc64.jpg 950w, https:\/\/interamerica.org\/wp-content\/uploads\/2024\/09\/panu-group-limpiezadmc64-300x208.jpg 300w, https:\/\/interamerica.org\/wp-content\/uploads\/2024\/09\/panu-group-limpiezadmc64-768x532.jpg 768w\" sizes=\"(max-width: 840px) 100vw, 840px\" \/><p id=\"caption-attachment-119852\" class=\"wp-caption-text\">Un groupe de jeunes et de dirigeants d\u2019\u00e9glise qui se sont port\u00e9s volontaires pour nettoyer la plage de Costa del Este dans la ville de Panama, au Panama, au d\u00e9but du mois. [Photo : Union Panama Union]<\/p><\/div>Au-del\u00e0 des r\u00e9sultats imm\u00e9diats du nettoyage, une semence de sensibilisation a \u00e9t\u00e9 plant\u00e9e dans la communaut\u00e9 gr\u00e2ce aux efforts des jeunes b\u00e9n\u00e9voles, ont d\u00e9clar\u00e9 les dirigeants adventistes.<\/p>\n<p>\u00ab Le changement est possible lorsque la communaut\u00e9 se rassemble pour une cause commune, \u00bb a d\u00e9clar\u00e9 Jarelys G\u00f3mez \u00e0 la fin de l\u2019initiative.<\/p>\n<p>&nbsp;<\/p>\n<p>Traduction: Patrick Luciathe<\/p>\n","protected":false},"excerpt":{"rendered":"<p>\u00ab Prendre soin de l\u2019environnement est une fa\u00e7on d\u2019honorer la cr\u00e9ation de Dieu, \u00bb d\u00e9clare un dirigeant adventiste. 18 September 2024 | Ville de Panama, Panama | Johana Gonz\u00e1lez, Henry&#8230;<\/p>\n","protected":false},"author":3,"featured_media":119849,"comment_status":"closed","ping_status":"closed","sticky":false,"template":"","format":"standard","meta":{"_acf_changed":false,"footnotes":""},"categories":[21,19],"tags":[],"class_list":["post-119871","post","type-post","status-publish","format-standard","has-post-thumbnail","hentry","category-nouvelles-du-territoire","category-rss-francais"],"acf":[],"yoast_head":"<!-- This site is optimized with the Yoast SEO plugin v27.3 - https:\/\/yoast.com\/product\/yoast-seo-wordpress\/ -->\n<title>Des jeunes b\u00e9n\u00e9voles du Panama honor\u00e9s pour leurs efforts dans le nettoyage d\u2019une plage populaire - \u00c9glise Adventiste Du Septieme Jour - Inter Am\u00e9rique Division<\/title>\n<meta name=\"robots\" content=\"index, follow, max-snippet:-1, max-image-preview:large, max-video-preview:-1\" \/>\n<link rel=\"canonical\" href=\"https:\/\/interamerica.org\/fr\/2024\/09\/des-jeunes-benevoles-du-panama-honores-pour-leurs-efforts-dans-le-nettoyage-dune-plage-populaire\/\" \/>\n<meta property=\"og:locale\" content=\"fr_FR\" \/>\n<meta property=\"og:type\" content=\"article\" \/>\n<meta property=\"og:title\" content=\"Des jeunes b\u00e9n\u00e9voles du Panama honor\u00e9s pour leurs efforts dans le nettoyage d\u2019une plage populaire - \u00c9glise Adventiste Du Septieme Jour - Inter Am\u00e9rique Division\" \/>\n<meta property=\"og:description\" content=\"\u00ab Prendre soin de l\u2019environnement est une fa\u00e7on d\u2019honorer la cr\u00e9ation de Dieu, \u00bb d\u00e9clare un dirigeant adventiste. 18 September 2024 | Ville de Panama, Panama | Johana Gonz\u00e1lez, Henry...\" \/>\n<meta property=\"og:url\" content=\"https:\/\/interamerica.org\/fr\/2024\/09\/des-jeunes-benevoles-du-panama-honores-pour-leurs-efforts-dans-le-nettoyage-dune-plage-populaire\/\" \/>\n<meta property=\"og:site_name\" content=\"\u00c9glise Adventiste Du Septieme Jour - Inter Am\u00e9rique Division\" \/>\n<meta property=\"article:published_time\" content=\"2024-09-19T03:23:13+00:00\" \/>\n<meta property=\"article:modified_time\" content=\"2024-09-19T12:17:39+00:00\" \/>\n<meta property=\"og:image\" content=\"https:\/\/interamerica.org\/wp-content\/uploads\/2024\/09\/panama-limpieza-main.jpg\" \/>\n\t<meta property=\"og:image:width\" content=\"950\" \/>\n\t<meta property=\"og:image:height\" content=\"713\" \/>\n\t<meta property=\"og:image:type\" content=\"image\/jpeg\" \/>\n<meta name=\"author\" content=\"libna\" \/>\n<meta name=\"twitter:card\" content=\"summary_large_image\" \/>\n<meta name=\"twitter:label1\" content=\"\u00c9crit par\" \/>\n\t<meta name=\"twitter:data1\" content=\"libna\" \/>\n\t<meta name=\"twitter:label2\" content=\"Dur\u00e9e de lecture estim\u00e9e\" \/>\n\t<meta name=\"twitter:data2\" content=\"8 minutes\" \/>\n<script type=\"application\/ld+json\" class=\"yoast-schema-graph\">{\"@context\":\"https:\\\/\\\/schema.org\",\"@graph\":[{\"@type\":\"Article\",\"@id\":\"https:\\\/\\\/interamerica.org\\\/fr\\\/2024\\\/09\\\/des-jeunes-benevoles-du-panama-honores-pour-leurs-efforts-dans-le-nettoyage-dune-plage-populaire\\\/#article\",\"isPartOf\":{\"@id\":\"https:\\\/\\\/interamerica.org\\\/fr\\\/2024\\\/09\\\/des-jeunes-benevoles-du-panama-honores-pour-leurs-efforts-dans-le-nettoyage-dune-plage-populaire\\\/\"},\"author\":{\"name\":\"libna\",\"@id\":\"https:\\\/\\\/interamerica.org\\\/fr\\\/#\\\/schema\\\/person\\\/29998f2bc2d8bd0d38662909289b54f1\"},\"headline\":\"Des jeunes b\u00e9n\u00e9voles du Panama honor\u00e9s pour leurs efforts dans le nettoyage d\u2019une plage populaire\",\"datePublished\":\"2024-09-19T03:23:13+00:00\",\"dateModified\":\"2024-09-19T12:17:39+00:00\",\"mainEntityOfPage\":{\"@id\":\"https:\\\/\\\/interamerica.org\\\/fr\\\/2024\\\/09\\\/des-jeunes-benevoles-du-panama-honores-pour-leurs-efforts-dans-le-nettoyage-dune-plage-populaire\\\/\"},\"wordCount\":1488,\"image\":{\"@id\":\"https:\\\/\\\/interamerica.org\\\/fr\\\/2024\\\/09\\\/des-jeunes-benevoles-du-panama-honores-pour-leurs-efforts-dans-le-nettoyage-dune-plage-populaire\\\/#primaryimage\"},\"thumbnailUrl\":\"https:\\\/\\\/interamerica.org\\\/wp-content\\\/uploads\\\/2024\\\/09\\\/panama-limpieza-main.jpg\",\"articleSection\":[\"Nouvelles du territoire\",\"RSS Fran\u00e7ais\"],\"inLanguage\":\"fr-FR\"},{\"@type\":\"WebPage\",\"@id\":\"https:\\\/\\\/interamerica.org\\\/fr\\\/2024\\\/09\\\/des-jeunes-benevoles-du-panama-honores-pour-leurs-efforts-dans-le-nettoyage-dune-plage-populaire\\\/\",\"url\":\"https:\\\/\\\/interamerica.org\\\/fr\\\/2024\\\/09\\\/des-jeunes-benevoles-du-panama-honores-pour-leurs-efforts-dans-le-nettoyage-dune-plage-populaire\\\/\",\"name\":\"Des jeunes b\u00e9n\u00e9voles du Panama honor\u00e9s pour leurs efforts dans le nettoyage d\u2019une plage populaire - \u00c9glise Adventiste Du Septieme Jour - Inter Am\u00e9rique Division\",\"isPartOf\":{\"@id\":\"https:\\\/\\\/interamerica.org\\\/fr\\\/#website\"},\"primaryImageOfPage\":{\"@id\":\"https:\\\/\\\/interamerica.org\\\/fr\\\/2024\\\/09\\\/des-jeunes-benevoles-du-panama-honores-pour-leurs-efforts-dans-le-nettoyage-dune-plage-populaire\\\/#primaryimage\"},\"image\":{\"@id\":\"https:\\\/\\\/interamerica.org\\\/fr\\\/2024\\\/09\\\/des-jeunes-benevoles-du-panama-honores-pour-leurs-efforts-dans-le-nettoyage-dune-plage-populaire\\\/#primaryimage\"},\"thumbnailUrl\":\"https:\\\/\\\/interamerica.org\\\/wp-content\\\/uploads\\\/2024\\\/09\\\/panama-limpieza-main.jpg\",\"datePublished\":\"2024-09-19T03:23:13+00:00\",\"dateModified\":\"2024-09-19T12:17:39+00:00\",\"author\":{\"@id\":\"https:\\\/\\\/interamerica.org\\\/fr\\\/#\\\/schema\\\/person\\\/29998f2bc2d8bd0d38662909289b54f1\"},\"breadcrumb\":{\"@id\":\"https:\\\/\\\/interamerica.org\\\/fr\\\/2024\\\/09\\\/des-jeunes-benevoles-du-panama-honores-pour-leurs-efforts-dans-le-nettoyage-dune-plage-populaire\\\/#breadcrumb\"},\"inLanguage\":\"fr-FR\",\"potentialAction\":[{\"@type\":\"ReadAction\",\"target\":[\"https:\\\/\\\/interamerica.org\\\/fr\\\/2024\\\/09\\\/des-jeunes-benevoles-du-panama-honores-pour-leurs-efforts-dans-le-nettoyage-dune-plage-populaire\\\/\"]}]},{\"@type\":\"ImageObject\",\"inLanguage\":\"fr-FR\",\"@id\":\"https:\\\/\\\/interamerica.org\\\/fr\\\/2024\\\/09\\\/des-jeunes-benevoles-du-panama-honores-pour-leurs-efforts-dans-le-nettoyage-dune-plage-populaire\\\/#primaryimage\",\"url\":\"https:\\\/\\\/interamerica.org\\\/wp-content\\\/uploads\\\/2024\\\/09\\\/panama-limpieza-main.jpg\",\"contentUrl\":\"https:\\\/\\\/interamerica.org\\\/wp-content\\\/uploads\\\/2024\\\/09\\\/panama-limpieza-main.jpg\",\"width\":950,\"height\":713,\"caption\":\"[Photo: Panama Union]\"},{\"@type\":\"BreadcrumbList\",\"@id\":\"https:\\\/\\\/interamerica.org\\\/fr\\\/2024\\\/09\\\/des-jeunes-benevoles-du-panama-honores-pour-leurs-efforts-dans-le-nettoyage-dune-plage-populaire\\\/#breadcrumb\",\"itemListElement\":[{\"@type\":\"ListItem\",\"position\":1,\"name\":\"Home\",\"item\":\"https:\\\/\\\/interamerica.org\\\/fr\\\/\"},{\"@type\":\"ListItem\",\"position\":2,\"name\":\"Des jeunes b\u00e9n\u00e9voles du Panama honor\u00e9s pour leurs efforts dans le nettoyage d\u2019une plage populaire\"}]},{\"@type\":\"WebSite\",\"@id\":\"https:\\\/\\\/interamerica.org\\\/fr\\\/#website\",\"url\":\"https:\\\/\\\/interamerica.org\\\/fr\\\/\",\"name\":\"\u00c9glise Adventiste Du Septieme Jour - Inter Am\u00e9rique Division\",\"description\":\"\",\"potentialAction\":[{\"@type\":\"SearchAction\",\"target\":{\"@type\":\"EntryPoint\",\"urlTemplate\":\"https:\\\/\\\/interamerica.org\\\/fr\\\/?s={search_term_string}\"},\"query-input\":{\"@type\":\"PropertyValueSpecification\",\"valueRequired\":true,\"valueName\":\"search_term_string\"}}],\"inLanguage\":\"fr-FR\"},{\"@type\":\"Person\",\"@id\":\"https:\\\/\\\/interamerica.org\\\/fr\\\/#\\\/schema\\\/person\\\/29998f2bc2d8bd0d38662909289b54f1\",\"name\":\"libna\",\"image\":{\"@type\":\"ImageObject\",\"inLanguage\":\"fr-FR\",\"@id\":\"https:\\\/\\\/secure.gravatar.com\\\/avatar\\\/7c5bd30ae4b47a9ba3c856590957fd1d96dc588bf3ac05719d247e126840331f?s=96&d=mm&r=g\",\"url\":\"https:\\\/\\\/secure.gravatar.com\\\/avatar\\\/7c5bd30ae4b47a9ba3c856590957fd1d96dc588bf3ac05719d247e126840331f?s=96&d=mm&r=g\",\"contentUrl\":\"https:\\\/\\\/secure.gravatar.com\\\/avatar\\\/7c5bd30ae4b47a9ba3c856590957fd1d96dc588bf3ac05719d247e126840331f?s=96&d=mm&r=g\",\"caption\":\"libna\"}}]}<\/script>\n<!-- \/ Yoast SEO plugin. -->","yoast_head_json":{"title":"Des jeunes b\u00e9n\u00e9voles du Panama honor\u00e9s pour leurs efforts dans le nettoyage d\u2019une plage populaire - \u00c9glise Adventiste Du Septieme Jour - Inter Am\u00e9rique Division","robots":{"index":"index","follow":"follow","max-snippet":"max-snippet:-1","max-image-preview":"max-image-preview:large","max-video-preview":"max-video-preview:-1"},"canonical":"https:\/\/interamerica.org\/fr\/2024\/09\/des-jeunes-benevoles-du-panama-honores-pour-leurs-efforts-dans-le-nettoyage-dune-plage-populaire\/","og_locale":"fr_FR","og_type":"article","og_title":"Des jeunes b\u00e9n\u00e9voles du Panama honor\u00e9s pour leurs efforts dans le nettoyage d\u2019une plage populaire - \u00c9glise Adventiste Du Septieme Jour - Inter Am\u00e9rique Division","og_description":"\u00ab Prendre soin de l\u2019environnement est une fa\u00e7on d\u2019honorer la cr\u00e9ation de Dieu, \u00bb d\u00e9clare un dirigeant adventiste. 18 September 2024 | Ville de Panama, Panama | Johana Gonz\u00e1lez, Henry...","og_url":"https:\/\/interamerica.org\/fr\/2024\/09\/des-jeunes-benevoles-du-panama-honores-pour-leurs-efforts-dans-le-nettoyage-dune-plage-populaire\/","og_site_name":"\u00c9glise Adventiste Du Septieme Jour - Inter Am\u00e9rique Division","article_published_time":"2024-09-19T03:23:13+00:00","article_modified_time":"2024-09-19T12:17:39+00:00","og_image":[{"width":950,"height":713,"url":"https:\/\/interamerica.org\/wp-content\/uploads\/2024\/09\/panama-limpieza-main.jpg","type":"image\/jpeg"}],"author":"libna","twitter_card":"summary_large_image","twitter_misc":{"\u00c9crit par":"libna","Dur\u00e9e de lecture estim\u00e9e":"8 minutes"},"schema":{"@context":"https:\/\/schema.org","@graph":[{"@type":"Article","@id":"https:\/\/interamerica.org\/fr\/2024\/09\/des-jeunes-benevoles-du-panama-honores-pour-leurs-efforts-dans-le-nettoyage-dune-plage-populaire\/#article","isPartOf":{"@id":"https:\/\/interamerica.org\/fr\/2024\/09\/des-jeunes-benevoles-du-panama-honores-pour-leurs-efforts-dans-le-nettoyage-dune-plage-populaire\/"},"author":{"name":"libna","@id":"https:\/\/interamerica.org\/fr\/#\/schema\/person\/29998f2bc2d8bd0d38662909289b54f1"},"headline":"Des jeunes b\u00e9n\u00e9voles du Panama honor\u00e9s pour leurs efforts dans le nettoyage d\u2019une plage populaire","datePublished":"2024-09-19T03:23:13+00:00","dateModified":"2024-09-19T12:17:39+00:00","mainEntityOfPage":{"@id":"https:\/\/interamerica.org\/fr\/2024\/09\/des-jeunes-benevoles-du-panama-honores-pour-leurs-efforts-dans-le-nettoyage-dune-plage-populaire\/"},"wordCount":1488,"image":{"@id":"https:\/\/interamerica.org\/fr\/2024\/09\/des-jeunes-benevoles-du-panama-honores-pour-leurs-efforts-dans-le-nettoyage-dune-plage-populaire\/#primaryimage"},"thumbnailUrl":"https:\/\/interamerica.org\/wp-content\/uploads\/2024\/09\/panama-limpieza-main.jpg","articleSection":["Nouvelles du territoire","RSS Fran\u00e7ais"],"inLanguage":"fr-FR"},{"@type":"WebPage","@id":"https:\/\/interamerica.org\/fr\/2024\/09\/des-jeunes-benevoles-du-panama-honores-pour-leurs-efforts-dans-le-nettoyage-dune-plage-populaire\/","url":"https:\/\/interamerica.org\/fr\/2024\/09\/des-jeunes-benevoles-du-panama-honores-pour-leurs-efforts-dans-le-nettoyage-dune-plage-populaire\/","name":"Des jeunes b\u00e9n\u00e9voles du Panama honor\u00e9s pour leurs efforts dans le nettoyage d\u2019une plage populaire - \u00c9glise Adventiste Du Septieme Jour - Inter Am\u00e9rique Division","isPartOf":{"@id":"https:\/\/interamerica.org\/fr\/#website"},"primaryImageOfPage":{"@id":"https:\/\/interamerica.org\/fr\/2024\/09\/des-jeunes-benevoles-du-panama-honores-pour-leurs-efforts-dans-le-nettoyage-dune-plage-populaire\/#primaryimage"},"image":{"@id":"https:\/\/interamerica.org\/fr\/2024\/09\/des-jeunes-benevoles-du-panama-honores-pour-leurs-efforts-dans-le-nettoyage-dune-plage-populaire\/#primaryimage"},"thumbnailUrl":"https:\/\/interamerica.org\/wp-content\/uploads\/2024\/09\/panama-limpieza-main.jpg","datePublished":"2024-09-19T03:23:13+00:00","dateModified":"2024-09-19T12:17:39+00:00","author":{"@id":"https:\/\/interamerica.org\/fr\/#\/schema\/person\/29998f2bc2d8bd0d38662909289b54f1"},"breadcrumb":{"@id":"https:\/\/interamerica.org\/fr\/2024\/09\/des-jeunes-benevoles-du-panama-honores-pour-leurs-efforts-dans-le-nettoyage-dune-plage-populaire\/#breadcrumb"},"inLanguage":"fr-FR","potentialAction":[{"@type":"ReadAction","target":["https:\/\/interamerica.org\/fr\/2024\/09\/des-jeunes-benevoles-du-panama-honores-pour-leurs-efforts-dans-le-nettoyage-dune-plage-populaire\/"]}]},{"@type":"ImageObject","inLanguage":"fr-FR","@id":"https:\/\/interamerica.org\/fr\/2024\/09\/des-jeunes-benevoles-du-panama-honores-pour-leurs-efforts-dans-le-nettoyage-dune-plage-populaire\/#primaryimage","url":"https:\/\/interamerica.org\/wp-content\/uploads\/2024\/09\/panama-limpieza-main.jpg","contentUrl":"https:\/\/interamerica.org\/wp-content\/uploads\/2024\/09\/panama-limpieza-main.jpg","width":950,"height":713,"caption":"[Photo: Panama Union]"},{"@type":"BreadcrumbList","@id":"https:\/\/interamerica.org\/fr\/2024\/09\/des-jeunes-benevoles-du-panama-honores-pour-leurs-efforts-dans-le-nettoyage-dune-plage-populaire\/#breadcrumb","itemListElement":[{"@type":"ListItem","position":1,"name":"Home","item":"https:\/\/interamerica.org\/fr\/"},{"@type":"ListItem","position":2,"name":"Des jeunes b\u00e9n\u00e9voles du Panama honor\u00e9s pour leurs efforts dans le nettoyage d\u2019une plage populaire"}]},{"@type":"WebSite","@id":"https:\/\/interamerica.org\/fr\/#website","url":"https:\/\/interamerica.org\/fr\/","name":"\u00c9glise Adventiste Du Septieme Jour - Inter Am\u00e9rique Division","description":"","potentialAction":[{"@type":"SearchAction","target":{"@type":"EntryPoint","urlTemplate":"https:\/\/interamerica.org\/fr\/?s={search_term_string}"},"query-input":{"@type":"PropertyValueSpecification","valueRequired":true,"valueName":"search_term_string"}}],"inLanguage":"fr-FR"},{"@type":"Person","@id":"https:\/\/interamerica.org\/fr\/#\/schema\/person\/29998f2bc2d8bd0d38662909289b54f1","name":"libna","image":{"@type":"ImageObject","inLanguage":"fr-FR","@id":"https:\/\/secure.gravatar.com\/avatar\/7c5bd30ae4b47a9ba3c856590957fd1d96dc588bf3ac05719d247e126840331f?s=96&d=mm&r=g","url":"https:\/\/secure.gravatar.com\/avatar\/7c5bd30ae4b47a9ba3c856590957fd1d96dc588bf3ac05719d247e126840331f?s=96&d=mm&r=g","contentUrl":"https:\/\/secure.gravatar.com\/avatar\/7c5bd30ae4b47a9ba3c856590957fd1d96dc588bf3ac05719d247e126840331f?s=96&d=mm&r=g","caption":"libna"}}]}},"_links":{"self":[{"href":"https:\/\/interamerica.org\/fr\/wp-json\/wp\/v2\/posts\/119871","targetHints":{"allow":["GET"]}}],"collection":[{"href":"https:\/\/interamerica.org\/fr\/wp-json\/wp\/v2\/posts"}],"about":[{"href":"https:\/\/interamerica.org\/fr\/wp-json\/wp\/v2\/types\/post"}],"author":[{"embeddable":true,"href":"https:\/\/interamerica.org\/fr\/wp-json\/wp\/v2\/users\/3"}],"replies":[{"embeddable":true,"href":"https:\/\/interamerica.org\/fr\/wp-json\/wp\/v2\/comments?post=119871"}],"version-history":[{"count":0,"href":"https:\/\/interamerica.org\/fr\/wp-json\/wp\/v2\/posts\/119871\/revisions"}],"wp:featuredmedia":[{"embeddable":true,"href":"https:\/\/interamerica.org\/fr\/wp-json\/wp\/v2\/media\/119849"}],"wp:attachment":[{"href":"https:\/\/interamerica.org\/fr\/wp-json\/wp\/v2\/media?parent=119871"}],"wp:term":[{"taxonomy":"category","embeddable":true,"href":"https:\/\/interamerica.org\/fr\/wp-json\/wp\/v2\/categories?post=119871"},{"taxonomy":"post_tag","embeddable":true,"href":"https:\/\/interamerica.org\/fr\/wp-json\/wp\/v2\/tags?post=119871"}],"curies":[{"name":"wp","href":"https:\/\/api.w.org\/{rel}","templated":true}]}}