{"id":120979,"date":"2024-10-16T18:09:06","date_gmt":"2024-10-16T22:09:06","guid":{"rendered":"https:\/\/interamerica.org\/?p=120979"},"modified":"2024-10-17T12:59:30","modified_gmt":"2024-10-17T16:59:30","slug":"les-dirigeants-adventistes-unis-dans-la-priere-pour-le-moyen-orient-et-le-conflit-en-escalade","status":"publish","type":"post","link":"https:\/\/interamerica.org\/fr\/2024\/10\/les-dirigeants-adventistes-unis-dans-la-priere-pour-le-moyen-orient-et-le-conflit-en-escalade\/","title":{"rendered":"Les dirigeants adventistes unis dans la pri\u00e8re pour le Moyen-Orient et le conflit en escalade"},"content":{"rendered":"<p><div id=\"attachment_120917\" style=\"width: 862px\" class=\"wp-caption aligncenter\"><img fetchpriority=\"high\" decoding=\"async\" aria-describedby=\"caption-attachment-120917\" class=\" wp-image-120916\" src=\"https:\/\/interamerica.org\/wp-content\/uploads\/2024\/10\/ac1-4-1024x683.jpg\" alt=\"\" width=\"852\" height=\"568\" srcset=\"https:\/\/interamerica.org\/wp-content\/uploads\/2024\/10\/ac1-4-1024x683.jpg 1024w, https:\/\/interamerica.org\/wp-content\/uploads\/2024\/10\/ac1-4-300x200.jpg 300w, https:\/\/interamerica.org\/wp-content\/uploads\/2024\/10\/ac1-4-768x512.jpg 768w, https:\/\/interamerica.org\/wp-content\/uploads\/2024\/10\/ac1-4-1536x1024.jpg 1536w, https:\/\/interamerica.org\/wp-content\/uploads\/2024\/10\/ac1-4.jpg 1920w\" sizes=\"(max-width: 852px) 100vw, 852px\" \/><p id=\"caption-attachment-120917\" class=\"wp-caption-text\"><span style=\"font-weight: 400;\">Les dirigeants de l\u2019\u00c9glise se sont rassembl\u00e9s au si\u00e8ge de l\u2019\u00c9glise adventiste du septi\u00e8me jour \u00e0 Silver Spring, dans l\u2019\u00c9tat am\u00e9ricain du Maryland, pour prier pour les personnes d\u00e9plac\u00e9es au Liban \u00e0 cause de l\u2019escalade du conflit au Moyen-Orient. [Une photo de Lucas Cardino \/ AME (CC BY 4.0)]<\/span><\/p><\/div><i><span style=\"font-weight: 400;\">Lors du repas annuel, les efforts d\u2019assistance pour les personnes d\u00e9plac\u00e9es au Liban ont \u00e9t\u00e9 soulign\u00e9s.\u00a0<\/span><\/i><\/p>\n<p><span style=\"font-weight: 400;\">Le 16 octobre 2024 | Silver Spring, Maryland, \u00c9tats-Unis | Sam Neves, ANN<\/span><\/p>\n<p><span style=\"font-weight: 400;\">Lors d\u2019un rassemblement maussade, quoique rempli d\u2019espoir, au si\u00e8ge de la Conf\u00e9rence g\u00e9n\u00e9rale (CG), les dirigeants de l\u2019\u00c9glise adventiste du septi\u00e8me jour ont tenu leur repas annuel et leur c\u00e9l\u00e9bration en l\u2019honneur des membres du personnel et des b\u00e9n\u00e9voles travaillant au Moyen-Orient. Alors que la c\u00e9l\u00e9bration et les histoires missionnaires caract\u00e9risent cet \u00e9v\u00e9nement des ann\u00e9es pr\u00e9c\u00e9dentes, celui de cette ann\u00e9e avait un ton beaucoup plus grave tandis que les dirigeants et les autres participants se sont concentr\u00e9s sur la pri\u00e8re pour la paix dans cette r\u00e9gion troubl\u00e9e du monde.<\/span><\/p>\n<p><span style=\"font-weight: 400;\">Le Moyen-Orient, et plus particuli\u00e8rement le Liban, est actuellement plong\u00e9 dans la tourmente \u00e0 cause des tensions et de la violence qui ne cessent d\u2019augmenter. Le conflit, caract\u00e9ris\u00e9 par les attaques a\u00e9riennes, la p\u00e9nurie de produits essentiels et le d\u00e9placement massif de populations enti\u00e8res est en train de plonger de multiples pays et communaut\u00e9s dans une profonde incertitude. Les dirigeants adventistes ont insist\u00e9 pour dire que leurs pri\u00e8res et leur soutien \u00e9taient d\u00e9pourvus de partisanerie politique, mais visaient plut\u00f4t \u00e0 \u00e9lever tous les peuples, quelles que soient leur religion, leur nationalit\u00e9 et leurs croyances.<\/span><\/p>\n<p><div id=\"attachment_120920\" style=\"width: 888px\" class=\"wp-caption aligncenter\"><img decoding=\"async\" aria-describedby=\"caption-attachment-120920\" class=\" wp-image-120919\" src=\"https:\/\/interamerica.org\/wp-content\/uploads\/2024\/10\/adra-2-4-1024x575.jpg\" alt=\"\" width=\"878\" height=\"493\" srcset=\"https:\/\/interamerica.org\/wp-content\/uploads\/2024\/10\/adra-2-4-1024x575.jpg 1024w, https:\/\/interamerica.org\/wp-content\/uploads\/2024\/10\/adra-2-4-300x168.jpg 300w, https:\/\/interamerica.org\/wp-content\/uploads\/2024\/10\/adra-2-4-768x431.jpg 768w, https:\/\/interamerica.org\/wp-content\/uploads\/2024\/10\/adra-2-4-1536x862.jpg 1536w, https:\/\/interamerica.org\/wp-content\/uploads\/2024\/10\/adra-2-4.jpg 1920w\" sizes=\"(max-width: 878px) 100vw, 878px\" \/><p id=\"caption-attachment-120920\" class=\"wp-caption-text\"><span style=\"font-weight: 400;\">L\u2019Agence de d\u00e9veloppement et de secours adventiste (ADRA) est sur le terrain au Liban, offrant du soutien essentiel et de l\u2019aide humanitaire. [Une photo de Lucas Cardino \/ AME (CC BY 4.0)]<\/span><\/p><\/div><span style=\"font-weight: 400;\">\u00ab\u00a0M\u00eame si je suis demeur\u00e9 \u00e0 Beyrouth pour \u00eatre avec notre \u00e9quipe durant la crise, je sais que le repas de ce soir n\u2019est pas qu\u2019une c\u00e9l\u00e9bration du Moyen-Orient, mais un moment pour nous tenir, nous qui croyons au pouvoir de la pri\u00e8re, a dit Rick McEdward, pr\u00e9sident de l\u2019Union du Moyen-Orient et de l\u2019Afrique du Nord des adventistes du septi\u00e8me jour, dans un message vid\u00e9o. Dieu aime tout le monde, quelles que soient sa religion et ses affiliations politiques. Notre mission est de donner de l\u2019espoir et d\u2019\u00eatre des lumi\u00e8res, m\u00eame dans les crises les plus sombres.\u00a0\u00bb\u00a0<\/span><\/p>\n<p><b>Les efforts des secours adventistes au Liban<\/b><\/p>\n<p><span style=\"font-weight: 400;\">Alors que la violence continue de forcer des milliers de personnes \u00e0 se d\u00e9placer au Liban, l\u2019Agence de d\u00e9veloppement et de secours adventiste (ADRA) est sur le terrain depuis la toute premi\u00e8re attaque, offrant un soutien essentiel et de l\u2019aide humanitaire. Le Liban, d\u00e9j\u00e0 \u00e9reint\u00e9 par les difficult\u00e9s \u00e9conomiques et l\u2019instabilit\u00e9 politique, a vu une augmentation drastique du nombre de personnes d\u00e9plac\u00e9es, intensifiant la p\u00e9nurie de nourriture et mettant une pression \u00e9norme sur les infrastructures sociales du pays.<\/span><\/p>\n<p><span style=\"font-weight: 400;\">Les \u00e9quipes d\u2019ADRA travaillent sans rel\u00e2che pour distribuer de la nourriture, de l\u2019eau potable et des abris aux personnes affect\u00e9es. Elles collaborent \u00e9galement avec les organismes locaux et les partenaires internationaux pour s\u2019assurer que l\u2019aide se rende bien aux communaut\u00e9s les plus vuln\u00e9rables.<\/span><\/p>\n<p><span style=\"font-weight: 400;\">\u00ab\u00a0D\u00e8s le tout premier jour, nos \u00e9quipes se sont mobilis\u00e9es pour offrir des fournitures essentielles et de l\u2019aide aux personnes d\u00e9plac\u00e9es, a dit Michael Kruger, pr\u00e9sident d\u2019ADRA. Nous connaissons l\u2019importance de demeurer aupr\u00e8s des communaut\u00e9s, surtout lors de telles circonstances difficiles. Il ne suffit pas d\u2019offrir de l\u2019aide; il faut \u00eatre une pr\u00e9sence d\u2019espoir et un soutien.\u00a0\u00bb<\/span><\/p>\n<p><div id=\"attachment_120923\" style=\"width: 861px\" class=\"wp-caption aligncenter\"><img decoding=\"async\" aria-describedby=\"caption-attachment-120923\" class=\" wp-image-120922\" src=\"https:\/\/interamerica.org\/wp-content\/uploads\/2024\/10\/biaggi3-4-1024x574.jpg\" alt=\"\" width=\"851\" height=\"477\" srcset=\"https:\/\/interamerica.org\/wp-content\/uploads\/2024\/10\/biaggi3-4-1024x574.jpg 1024w, https:\/\/interamerica.org\/wp-content\/uploads\/2024\/10\/biaggi3-4-300x168.jpg 300w, https:\/\/interamerica.org\/wp-content\/uploads\/2024\/10\/biaggi3-4-768x431.jpg 768w, https:\/\/interamerica.org\/wp-content\/uploads\/2024\/10\/biaggi3-4.jpg 1280w\" sizes=\"(max-width: 851px) 100vw, 851px\" \/><p id=\"caption-attachment-120923\" class=\"wp-caption-text\"><span style=\"font-weight: 400;\">Billy Biaggi, un vice-pr\u00e9sident g\u00e9n\u00e9ral de la Conf\u00e9rence G\u00e9n\u00e9rale, partage une histoire tr\u00e8s personnelle sur l\u2019impact du conflit au Liban. [Une photo de Lucas Cardino \/ AME (CC BY 4.0)]<\/span><\/p><\/div><b>Les \u00e9coles adventistes servent de refuge<\/b><\/p>\n<p><span style=\"font-weight: 400;\">En plus des efforts de secours d\u2019ADRA, les \u00e9tablissements adventistes au Liban et dans le reste du Moyen-Orient se sont impliqu\u00e9s pour aider les personnes d\u00e9plac\u00e9es de diff\u00e9rentes fa\u00e7ons. L\u2019\u00e9cole adventiste de Mouseitbeh, \u00e0 Beyrouth, est devenue un refuge cl\u00e9 pour les personnes d\u00e9plac\u00e9es \u00e0 l\u2019int\u00e9rieur de leur propre pays \u00e0 cause du conflit en cours. L\u2019\u00e9cole ne fait pas que subvenir au besoin d\u2019h\u00e9bergement, mais elle offre \u00e9galement un programme de soutien psychologique aux enfants d\u00e9plac\u00e9s, les aidant \u00e0 g\u00e9rer le traumatisme et l\u2019incertitude de leur situation.\u00a0<\/span><\/p>\n<p><span style=\"font-weight: 400;\">Des b\u00e9n\u00e9voles et des membres d\u2019\u00e9glise ont mis la main \u00e0 la p\u00e2te, cuisinant des repas, distribuant des v\u00eatements et offrant du soutien spirituel et \u00e9motionnel aux gens dans le besoin. L\u2019Universit\u00e9 du Moyen-Orient, bien qu\u2019elle ne soit pas utilis\u00e9e comme refuge, est devenue un centre de pri\u00e8re et d\u2019atteinte de la communaut\u00e9, servant \u00e9galement des repas et offrant de l\u2019assistance pratique. Des s\u00e9ances quotidiennes de pri\u00e8re y sont tenues lors desquelles le personnel et les \u00e9tudiants demandent l\u2019intervention divine et la protection de leur nation et de son peuple.<\/span><\/p>\n<p><b>Une implication personnelle<\/b><\/p>\n<p><span style=\"font-weight: 400;\">Durant la soir\u00e9e, Billy Biaggi, un vice-pr\u00e9sident de la CG, a \u00e9galement partag\u00e9 ses r\u00e9flexions en racontant une histoire tr\u00e8s personnelle sur l\u2019impact de toute cette violence actuelle. Il s\u2019est rappel\u00e9 un instant o\u00f9 son fils, en service \u00e0 Beyrouth, a entendu des explosions \u00e0 proximit\u00e9 et craint pour la vie de sa famille. L\u2019exp\u00e9rience a servi de rappel puissant de l\u2019intensit\u00e9 et de la gravit\u00e9 de la crise.<\/span><\/p>\n<p><span style=\"font-weight: 400;\">\u00ab\u00a0En tant que p\u00e8re, j\u2019ai ressenti la peur de tout parent pour la s\u00e9curit\u00e9 de ses enfants. Mais j\u2019ai \u00e9galement ressenti une profonde tristesse pour toutes les familles coinc\u00e9es dans la violence, a dit le pasteur Biaggi. Ce soir, nous ne prions pas que pour la protection de nos \u00e9glises, de nos \u00e9coles et de nos familles, mais aussi pour toutes les personnes qui vivent dans cette r\u00e9gion. Nous prions pour les personnes d\u00e9plac\u00e9es, pour les bless\u00e9s et pour ceux qui travaillent sans rel\u00e2che pour apporter de l\u2019aide et de l\u2019espoir.\u00a0\u00bb<\/span><\/p>\n<p><div id=\"attachment_120926\" style=\"width: 864px\" class=\"wp-caption aligncenter\"><img loading=\"lazy\" decoding=\"async\" aria-describedby=\"caption-attachment-120926\" class=\" wp-image-120925\" src=\"https:\/\/interamerica.org\/wp-content\/uploads\/2024\/10\/middleeast-prayer4-4-1024x683.jpg\" alt=\"\" width=\"854\" height=\"569\" srcset=\"https:\/\/interamerica.org\/wp-content\/uploads\/2024\/10\/middleeast-prayer4-4-1024x683.jpg 1024w, https:\/\/interamerica.org\/wp-content\/uploads\/2024\/10\/middleeast-prayer4-4-300x200.jpg 300w, https:\/\/interamerica.org\/wp-content\/uploads\/2024\/10\/middleeast-prayer4-4-768x512.jpg 768w, https:\/\/interamerica.org\/wp-content\/uploads\/2024\/10\/middleeast-prayer4-4-1536x1024.jpg 1536w, https:\/\/interamerica.org\/wp-content\/uploads\/2024\/10\/middleeast-prayer4-4.jpg 1920w\" sizes=\"(max-width: 854px) 100vw, 854px\" \/><p id=\"caption-attachment-120926\" class=\"wp-caption-text\"><span style=\"font-weight: 400;\">Les dirigeants et les amis de l\u2019\u00c9glise adventiste du septi\u00e8me jour au Moyen-Orient se sont rassembl\u00e9s pour les membres d\u2019\u00e9glise et le peuple du Liban. [Une photo de Lucas Cardino \/ AME (CC BY 4.0)]<\/span><\/p><\/div><span style=\"font-weight: 400;\">Le pasteur Biaggi a appel\u00e9 la communaut\u00e9 adventiste mondiale \u00e0 s\u2019unir en pri\u00e8re pour soutenir le Moyen-Orient, insistant sur le fait que la mission de l\u2019\u00c9glise va bien au-del\u00e0 de la direction spirituelle. \u00ab\u00a0Nos \u00e9coles, nos agences d\u2019aide humanitaire et nos h\u00f4pitaux sont pr\u00e9sentes pour servir, pour h\u00e9berger et pour offrir une lueur d\u2019espoir durant ces temps de d\u00e9tresse\u00a0\u00bb, a-t-il dit.<\/span><\/p>\n<p><b>Faire briller l\u2019espoir<\/b><\/p>\n<p><span style=\"font-weight: 400;\">\u00c0 la fin de l\u2019\u00e9v\u00e9nement, les participants se sont unis en pri\u00e8re pour la paix et la protection de la r\u00e9gion. Ils ont \u00e9galement exprim\u00e9 leur gratitude pour le travail d\u2019ADRA, pour l\u2019\u00e9cole adventiste de Mouseitbeh, pour l\u2019Universit\u00e9 du Moyen-Orient et pour les innombrables b\u00e9n\u00e9voles qui continuent de faire la diff\u00e9rence sur le terrain.<\/span><\/p>\n<p><span style=\"font-weight: 400;\">\u00ab\u00a0Malgr\u00e9 la violence, malgr\u00e9 la peur, nous continuerons de faire briller l\u2019espoir, a dit le pasteur McEdward. Notre mission est claire et notre d\u00e9termination est solide. Nous sommes avec les gens du Moyen-Orient.\u00a0\u00bb<\/span><\/p>\n<p><i><span style=\"font-weight: 400;\">La <\/span><\/i><a href=\"https:\/\/adventist.news\/news\/adventist-leaders-unite-in-prayer-for-middle-east-amid-escalating-conflict\"><i><span style=\"font-weight: 400;\">version originale<\/span><\/i><\/a><i><span style=\"font-weight: 400;\"> de cette histoire a \u00e9t\u00e9 publi\u00e9e sur le site d\u2019<\/span><\/i><a href=\"https:\/\/adventist.news\/news\"><i><span style=\"font-weight: 400;\">ANN<\/span><\/i><\/a><i><span style=\"font-weight: 400;\">.<\/span><\/i><\/p>\n<p><span style=\"font-weight: 400;\">Traduction\u00a0: Marie-Mich\u00e8le Robitaille<\/span><\/p>\n","protected":false},"excerpt":{"rendered":"<p>Lors du repas annuel, les efforts d\u2019assistance pour les personnes d\u00e9plac\u00e9es au Liban ont \u00e9t\u00e9 soulign\u00e9s.\u00a0 Le 16 octobre 2024 | Silver Spring, Maryland, \u00c9tats-Unis | Sam Neves, ANN Lors&#8230;<\/p>\n","protected":false},"author":3,"featured_media":120914,"comment_status":"closed","ping_status":"closed","sticky":false,"template":"","format":"standard","meta":{"_acf_changed":false,"footnotes":""},"categories":[18,19],"tags":[],"class_list":["post-120979","post","type-post","status-publish","format-standard","has-post-thumbnail","hentry","category-nouvelles-de-leglise-mondiale","category-rss-francais"],"acf":[],"yoast_head":"<!-- This site is optimized with the Yoast SEO plugin v27.3 - https:\/\/yoast.com\/product\/yoast-seo-wordpress\/ -->\n<title>Les dirigeants adventistes unis dans la pri\u00e8re pour le Moyen-Orient et le conflit en escalade - \u00c9glise Adventiste Du Septieme Jour - Inter Am\u00e9rique Division<\/title>\n<meta name=\"robots\" content=\"index, follow, max-snippet:-1, max-image-preview:large, max-video-preview:-1\" \/>\n<link rel=\"canonical\" href=\"https:\/\/interamerica.org\/fr\/2024\/10\/les-dirigeants-adventistes-unis-dans-la-priere-pour-le-moyen-orient-et-le-conflit-en-escalade\/\" \/>\n<meta property=\"og:locale\" content=\"fr_FR\" \/>\n<meta property=\"og:type\" content=\"article\" \/>\n<meta property=\"og:title\" content=\"Les dirigeants adventistes unis dans la pri\u00e8re pour le Moyen-Orient et le conflit en escalade - \u00c9glise Adventiste Du Septieme Jour - Inter Am\u00e9rique Division\" \/>\n<meta property=\"og:description\" content=\"Lors du repas annuel, les efforts d\u2019assistance pour les personnes d\u00e9plac\u00e9es au Liban ont \u00e9t\u00e9 soulign\u00e9s.\u00a0 Le 16 octobre 2024 | Silver Spring, Maryland, \u00c9tats-Unis | Sam Neves, ANN Lors...\" \/>\n<meta property=\"og:url\" content=\"https:\/\/interamerica.org\/fr\/2024\/10\/les-dirigeants-adventistes-unis-dans-la-priere-pour-le-moyen-orient-et-le-conflit-en-escalade\/\" \/>\n<meta property=\"og:site_name\" content=\"\u00c9glise Adventiste Du Septieme Jour - Inter Am\u00e9rique Division\" \/>\n<meta property=\"article:published_time\" content=\"2024-10-16T22:09:06+00:00\" \/>\n<meta property=\"article:modified_time\" content=\"2024-10-17T16:59:30+00:00\" \/>\n<meta property=\"og:image\" content=\"https:\/\/interamerica.org\/wp-content\/uploads\/2024\/10\/1-4-600x0-c-default.jpg\" \/>\n\t<meta property=\"og:image:width\" content=\"600\" \/>\n\t<meta property=\"og:image:height\" content=\"400\" \/>\n\t<meta property=\"og:image:type\" content=\"image\/jpeg\" \/>\n<meta name=\"author\" content=\"libna\" \/>\n<meta name=\"twitter:card\" content=\"summary_large_image\" \/>\n<meta name=\"twitter:label1\" content=\"\u00c9crit par\" \/>\n\t<meta name=\"twitter:data1\" content=\"libna\" \/>\n\t<meta name=\"twitter:label2\" content=\"Dur\u00e9e de lecture estim\u00e9e\" \/>\n\t<meta name=\"twitter:data2\" content=\"7 minutes\" \/>\n<script type=\"application\/ld+json\" class=\"yoast-schema-graph\">{\"@context\":\"https:\\\/\\\/schema.org\",\"@graph\":[{\"@type\":\"Article\",\"@id\":\"https:\\\/\\\/interamerica.org\\\/fr\\\/2024\\\/10\\\/les-dirigeants-adventistes-unis-dans-la-priere-pour-le-moyen-orient-et-le-conflit-en-escalade\\\/#article\",\"isPartOf\":{\"@id\":\"https:\\\/\\\/interamerica.org\\\/fr\\\/2024\\\/10\\\/les-dirigeants-adventistes-unis-dans-la-priere-pour-le-moyen-orient-et-le-conflit-en-escalade\\\/\"},\"author\":{\"name\":\"libna\",\"@id\":\"https:\\\/\\\/interamerica.org\\\/fr\\\/#\\\/schema\\\/person\\\/29998f2bc2d8bd0d38662909289b54f1\"},\"headline\":\"Les dirigeants adventistes unis dans la pri\u00e8re pour le Moyen-Orient et le conflit en escalade\",\"datePublished\":\"2024-10-16T22:09:06+00:00\",\"dateModified\":\"2024-10-17T16:59:30+00:00\",\"mainEntityOfPage\":{\"@id\":\"https:\\\/\\\/interamerica.org\\\/fr\\\/2024\\\/10\\\/les-dirigeants-adventistes-unis-dans-la-priere-pour-le-moyen-orient-et-le-conflit-en-escalade\\\/\"},\"wordCount\":1363,\"image\":{\"@id\":\"https:\\\/\\\/interamerica.org\\\/fr\\\/2024\\\/10\\\/les-dirigeants-adventistes-unis-dans-la-priere-pour-le-moyen-orient-et-le-conflit-en-escalade\\\/#primaryimage\"},\"thumbnailUrl\":\"https:\\\/\\\/interamerica.org\\\/wp-content\\\/uploads\\\/2024\\\/10\\\/1-4-600x0-c-default.jpg\",\"articleSection\":[\"Nouvelles de l'\u00c9glise mondiale\",\"RSS Fran\u00e7ais\"],\"inLanguage\":\"fr-FR\"},{\"@type\":\"WebPage\",\"@id\":\"https:\\\/\\\/interamerica.org\\\/fr\\\/2024\\\/10\\\/les-dirigeants-adventistes-unis-dans-la-priere-pour-le-moyen-orient-et-le-conflit-en-escalade\\\/\",\"url\":\"https:\\\/\\\/interamerica.org\\\/fr\\\/2024\\\/10\\\/les-dirigeants-adventistes-unis-dans-la-priere-pour-le-moyen-orient-et-le-conflit-en-escalade\\\/\",\"name\":\"Les dirigeants adventistes unis dans la pri\u00e8re pour le Moyen-Orient et le conflit en escalade - \u00c9glise Adventiste Du Septieme Jour - Inter Am\u00e9rique Division\",\"isPartOf\":{\"@id\":\"https:\\\/\\\/interamerica.org\\\/fr\\\/#website\"},\"primaryImageOfPage\":{\"@id\":\"https:\\\/\\\/interamerica.org\\\/fr\\\/2024\\\/10\\\/les-dirigeants-adventistes-unis-dans-la-priere-pour-le-moyen-orient-et-le-conflit-en-escalade\\\/#primaryimage\"},\"image\":{\"@id\":\"https:\\\/\\\/interamerica.org\\\/fr\\\/2024\\\/10\\\/les-dirigeants-adventistes-unis-dans-la-priere-pour-le-moyen-orient-et-le-conflit-en-escalade\\\/#primaryimage\"},\"thumbnailUrl\":\"https:\\\/\\\/interamerica.org\\\/wp-content\\\/uploads\\\/2024\\\/10\\\/1-4-600x0-c-default.jpg\",\"datePublished\":\"2024-10-16T22:09:06+00:00\",\"dateModified\":\"2024-10-17T16:59:30+00:00\",\"author\":{\"@id\":\"https:\\\/\\\/interamerica.org\\\/fr\\\/#\\\/schema\\\/person\\\/29998f2bc2d8bd0d38662909289b54f1\"},\"breadcrumb\":{\"@id\":\"https:\\\/\\\/interamerica.org\\\/fr\\\/2024\\\/10\\\/les-dirigeants-adventistes-unis-dans-la-priere-pour-le-moyen-orient-et-le-conflit-en-escalade\\\/#breadcrumb\"},\"inLanguage\":\"fr-FR\",\"potentialAction\":[{\"@type\":\"ReadAction\",\"target\":[\"https:\\\/\\\/interamerica.org\\\/fr\\\/2024\\\/10\\\/les-dirigeants-adventistes-unis-dans-la-priere-pour-le-moyen-orient-et-le-conflit-en-escalade\\\/\"]}]},{\"@type\":\"ImageObject\",\"inLanguage\":\"fr-FR\",\"@id\":\"https:\\\/\\\/interamerica.org\\\/fr\\\/2024\\\/10\\\/les-dirigeants-adventistes-unis-dans-la-priere-pour-le-moyen-orient-et-le-conflit-en-escalade\\\/#primaryimage\",\"url\":\"https:\\\/\\\/interamerica.org\\\/wp-content\\\/uploads\\\/2024\\\/10\\\/1-4-600x0-c-default.jpg\",\"contentUrl\":\"https:\\\/\\\/interamerica.org\\\/wp-content\\\/uploads\\\/2024\\\/10\\\/1-4-600x0-c-default.jpg\",\"width\":600,\"height\":400,\"caption\":\"Church leaders gather at the Seventh-day Adventist Church headquarters in Silver Spring, Maryland, United States, to pray for the displaced persons in Lebanon amid the escalating Middle East conflict. [Photo: Lucas Cardino \\\/ AME (CC BY 4.0)]\"},{\"@type\":\"BreadcrumbList\",\"@id\":\"https:\\\/\\\/interamerica.org\\\/fr\\\/2024\\\/10\\\/les-dirigeants-adventistes-unis-dans-la-priere-pour-le-moyen-orient-et-le-conflit-en-escalade\\\/#breadcrumb\",\"itemListElement\":[{\"@type\":\"ListItem\",\"position\":1,\"name\":\"Home\",\"item\":\"https:\\\/\\\/interamerica.org\\\/fr\\\/\"},{\"@type\":\"ListItem\",\"position\":2,\"name\":\"Les dirigeants adventistes unis dans la pri\u00e8re pour le Moyen-Orient et le conflit en escalade\"}]},{\"@type\":\"WebSite\",\"@id\":\"https:\\\/\\\/interamerica.org\\\/fr\\\/#website\",\"url\":\"https:\\\/\\\/interamerica.org\\\/fr\\\/\",\"name\":\"\u00c9glise Adventiste Du Septieme Jour - Inter Am\u00e9rique Division\",\"description\":\"\",\"potentialAction\":[{\"@type\":\"SearchAction\",\"target\":{\"@type\":\"EntryPoint\",\"urlTemplate\":\"https:\\\/\\\/interamerica.org\\\/fr\\\/?s={search_term_string}\"},\"query-input\":{\"@type\":\"PropertyValueSpecification\",\"valueRequired\":true,\"valueName\":\"search_term_string\"}}],\"inLanguage\":\"fr-FR\"},{\"@type\":\"Person\",\"@id\":\"https:\\\/\\\/interamerica.org\\\/fr\\\/#\\\/schema\\\/person\\\/29998f2bc2d8bd0d38662909289b54f1\",\"name\":\"libna\",\"image\":{\"@type\":\"ImageObject\",\"inLanguage\":\"fr-FR\",\"@id\":\"https:\\\/\\\/secure.gravatar.com\\\/avatar\\\/7c5bd30ae4b47a9ba3c856590957fd1d96dc588bf3ac05719d247e126840331f?s=96&d=mm&r=g\",\"url\":\"https:\\\/\\\/secure.gravatar.com\\\/avatar\\\/7c5bd30ae4b47a9ba3c856590957fd1d96dc588bf3ac05719d247e126840331f?s=96&d=mm&r=g\",\"contentUrl\":\"https:\\\/\\\/secure.gravatar.com\\\/avatar\\\/7c5bd30ae4b47a9ba3c856590957fd1d96dc588bf3ac05719d247e126840331f?s=96&d=mm&r=g\",\"caption\":\"libna\"}}]}<\/script>\n<!-- \/ Yoast SEO plugin. -->","yoast_head_json":{"title":"Les dirigeants adventistes unis dans la pri\u00e8re pour le Moyen-Orient et le conflit en escalade - \u00c9glise Adventiste Du Septieme Jour - Inter Am\u00e9rique Division","robots":{"index":"index","follow":"follow","max-snippet":"max-snippet:-1","max-image-preview":"max-image-preview:large","max-video-preview":"max-video-preview:-1"},"canonical":"https:\/\/interamerica.org\/fr\/2024\/10\/les-dirigeants-adventistes-unis-dans-la-priere-pour-le-moyen-orient-et-le-conflit-en-escalade\/","og_locale":"fr_FR","og_type":"article","og_title":"Les dirigeants adventistes unis dans la pri\u00e8re pour le Moyen-Orient et le conflit en escalade - \u00c9glise Adventiste Du Septieme Jour - Inter Am\u00e9rique Division","og_description":"Lors du repas annuel, les efforts d\u2019assistance pour les personnes d\u00e9plac\u00e9es au Liban ont \u00e9t\u00e9 soulign\u00e9s.\u00a0 Le 16 octobre 2024 | Silver Spring, Maryland, \u00c9tats-Unis | Sam Neves, ANN Lors...","og_url":"https:\/\/interamerica.org\/fr\/2024\/10\/les-dirigeants-adventistes-unis-dans-la-priere-pour-le-moyen-orient-et-le-conflit-en-escalade\/","og_site_name":"\u00c9glise Adventiste Du Septieme Jour - Inter Am\u00e9rique Division","article_published_time":"2024-10-16T22:09:06+00:00","article_modified_time":"2024-10-17T16:59:30+00:00","og_image":[{"width":600,"height":400,"url":"https:\/\/interamerica.org\/wp-content\/uploads\/2024\/10\/1-4-600x0-c-default.jpg","type":"image\/jpeg"}],"author":"libna","twitter_card":"summary_large_image","twitter_misc":{"\u00c9crit par":"libna","Dur\u00e9e de lecture estim\u00e9e":"7 minutes"},"schema":{"@context":"https:\/\/schema.org","@graph":[{"@type":"Article","@id":"https:\/\/interamerica.org\/fr\/2024\/10\/les-dirigeants-adventistes-unis-dans-la-priere-pour-le-moyen-orient-et-le-conflit-en-escalade\/#article","isPartOf":{"@id":"https:\/\/interamerica.org\/fr\/2024\/10\/les-dirigeants-adventistes-unis-dans-la-priere-pour-le-moyen-orient-et-le-conflit-en-escalade\/"},"author":{"name":"libna","@id":"https:\/\/interamerica.org\/fr\/#\/schema\/person\/29998f2bc2d8bd0d38662909289b54f1"},"headline":"Les dirigeants adventistes unis dans la pri\u00e8re pour le Moyen-Orient et le conflit en escalade","datePublished":"2024-10-16T22:09:06+00:00","dateModified":"2024-10-17T16:59:30+00:00","mainEntityOfPage":{"@id":"https:\/\/interamerica.org\/fr\/2024\/10\/les-dirigeants-adventistes-unis-dans-la-priere-pour-le-moyen-orient-et-le-conflit-en-escalade\/"},"wordCount":1363,"image":{"@id":"https:\/\/interamerica.org\/fr\/2024\/10\/les-dirigeants-adventistes-unis-dans-la-priere-pour-le-moyen-orient-et-le-conflit-en-escalade\/#primaryimage"},"thumbnailUrl":"https:\/\/interamerica.org\/wp-content\/uploads\/2024\/10\/1-4-600x0-c-default.jpg","articleSection":["Nouvelles de l'\u00c9glise mondiale","RSS Fran\u00e7ais"],"inLanguage":"fr-FR"},{"@type":"WebPage","@id":"https:\/\/interamerica.org\/fr\/2024\/10\/les-dirigeants-adventistes-unis-dans-la-priere-pour-le-moyen-orient-et-le-conflit-en-escalade\/","url":"https:\/\/interamerica.org\/fr\/2024\/10\/les-dirigeants-adventistes-unis-dans-la-priere-pour-le-moyen-orient-et-le-conflit-en-escalade\/","name":"Les dirigeants adventistes unis dans la pri\u00e8re pour le Moyen-Orient et le conflit en escalade - \u00c9glise Adventiste Du Septieme Jour - Inter Am\u00e9rique Division","isPartOf":{"@id":"https:\/\/interamerica.org\/fr\/#website"},"primaryImageOfPage":{"@id":"https:\/\/interamerica.org\/fr\/2024\/10\/les-dirigeants-adventistes-unis-dans-la-priere-pour-le-moyen-orient-et-le-conflit-en-escalade\/#primaryimage"},"image":{"@id":"https:\/\/interamerica.org\/fr\/2024\/10\/les-dirigeants-adventistes-unis-dans-la-priere-pour-le-moyen-orient-et-le-conflit-en-escalade\/#primaryimage"},"thumbnailUrl":"https:\/\/interamerica.org\/wp-content\/uploads\/2024\/10\/1-4-600x0-c-default.jpg","datePublished":"2024-10-16T22:09:06+00:00","dateModified":"2024-10-17T16:59:30+00:00","author":{"@id":"https:\/\/interamerica.org\/fr\/#\/schema\/person\/29998f2bc2d8bd0d38662909289b54f1"},"breadcrumb":{"@id":"https:\/\/interamerica.org\/fr\/2024\/10\/les-dirigeants-adventistes-unis-dans-la-priere-pour-le-moyen-orient-et-le-conflit-en-escalade\/#breadcrumb"},"inLanguage":"fr-FR","potentialAction":[{"@type":"ReadAction","target":["https:\/\/interamerica.org\/fr\/2024\/10\/les-dirigeants-adventistes-unis-dans-la-priere-pour-le-moyen-orient-et-le-conflit-en-escalade\/"]}]},{"@type":"ImageObject","inLanguage":"fr-FR","@id":"https:\/\/interamerica.org\/fr\/2024\/10\/les-dirigeants-adventistes-unis-dans-la-priere-pour-le-moyen-orient-et-le-conflit-en-escalade\/#primaryimage","url":"https:\/\/interamerica.org\/wp-content\/uploads\/2024\/10\/1-4-600x0-c-default.jpg","contentUrl":"https:\/\/interamerica.org\/wp-content\/uploads\/2024\/10\/1-4-600x0-c-default.jpg","width":600,"height":400,"caption":"Church leaders gather at the Seventh-day Adventist Church headquarters in Silver Spring, Maryland, United States, to pray for the displaced persons in Lebanon amid the escalating Middle East conflict. [Photo: Lucas Cardino \/ AME (CC BY 4.0)]"},{"@type":"BreadcrumbList","@id":"https:\/\/interamerica.org\/fr\/2024\/10\/les-dirigeants-adventistes-unis-dans-la-priere-pour-le-moyen-orient-et-le-conflit-en-escalade\/#breadcrumb","itemListElement":[{"@type":"ListItem","position":1,"name":"Home","item":"https:\/\/interamerica.org\/fr\/"},{"@type":"ListItem","position":2,"name":"Les dirigeants adventistes unis dans la pri\u00e8re pour le Moyen-Orient et le conflit en escalade"}]},{"@type":"WebSite","@id":"https:\/\/interamerica.org\/fr\/#website","url":"https:\/\/interamerica.org\/fr\/","name":"\u00c9glise Adventiste Du Septieme Jour - Inter Am\u00e9rique Division","description":"","potentialAction":[{"@type":"SearchAction","target":{"@type":"EntryPoint","urlTemplate":"https:\/\/interamerica.org\/fr\/?s={search_term_string}"},"query-input":{"@type":"PropertyValueSpecification","valueRequired":true,"valueName":"search_term_string"}}],"inLanguage":"fr-FR"},{"@type":"Person","@id":"https:\/\/interamerica.org\/fr\/#\/schema\/person\/29998f2bc2d8bd0d38662909289b54f1","name":"libna","image":{"@type":"ImageObject","inLanguage":"fr-FR","@id":"https:\/\/secure.gravatar.com\/avatar\/7c5bd30ae4b47a9ba3c856590957fd1d96dc588bf3ac05719d247e126840331f?s=96&d=mm&r=g","url":"https:\/\/secure.gravatar.com\/avatar\/7c5bd30ae4b47a9ba3c856590957fd1d96dc588bf3ac05719d247e126840331f?s=96&d=mm&r=g","contentUrl":"https:\/\/secure.gravatar.com\/avatar\/7c5bd30ae4b47a9ba3c856590957fd1d96dc588bf3ac05719d247e126840331f?s=96&d=mm&r=g","caption":"libna"}}]}},"_links":{"self":[{"href":"https:\/\/interamerica.org\/fr\/wp-json\/wp\/v2\/posts\/120979","targetHints":{"allow":["GET"]}}],"collection":[{"href":"https:\/\/interamerica.org\/fr\/wp-json\/wp\/v2\/posts"}],"about":[{"href":"https:\/\/interamerica.org\/fr\/wp-json\/wp\/v2\/types\/post"}],"author":[{"embeddable":true,"href":"https:\/\/interamerica.org\/fr\/wp-json\/wp\/v2\/users\/3"}],"replies":[{"embeddable":true,"href":"https:\/\/interamerica.org\/fr\/wp-json\/wp\/v2\/comments?post=120979"}],"version-history":[{"count":0,"href":"https:\/\/interamerica.org\/fr\/wp-json\/wp\/v2\/posts\/120979\/revisions"}],"wp:featuredmedia":[{"embeddable":true,"href":"https:\/\/interamerica.org\/fr\/wp-json\/wp\/v2\/media\/120914"}],"wp:attachment":[{"href":"https:\/\/interamerica.org\/fr\/wp-json\/wp\/v2\/media?parent=120979"}],"wp:term":[{"taxonomy":"category","embeddable":true,"href":"https:\/\/interamerica.org\/fr\/wp-json\/wp\/v2\/categories?post=120979"},{"taxonomy":"post_tag","embeddable":true,"href":"https:\/\/interamerica.org\/fr\/wp-json\/wp\/v2\/tags?post=120979"}],"curies":[{"name":"wp","href":"https:\/\/api.w.org\/{rel}","templated":true}]}}