{"id":12110,"date":"2003-12-09T00:00:00","date_gmt":"2003-12-09T04:00:00","guid":{"rendered":"http:\/\/192.81.217.108\/interamerica\/2003\/12\/eglise-mondiale-adra-lutte-contre-la-faim\/"},"modified":"2017-06-02T13:22:45","modified_gmt":"2017-06-02T17:22:45","slug":"eglise-mondiale-adra-lutte-contre-la-faim","status":"publish","type":"post","link":"https:\/\/interamerica.org\/fr\/2003\/12\/eglise-mondiale-adra-lutte-contre-la-faim\/","title":{"rendered":"\u00c9glise mondiale: ADRA lutte contre la faim"},"content":{"rendered":"<p>Silver Spring, Maryland, \u00c9tats Unis&#8230;.[Wendy Rogers\/ANN]<\/p>\n<p>Un nouveau rapport publi\u00e9 par la FAO, Organisation des Nations Unies pour l&rsquo;Agriculture et l&rsquo;Alimentation, r\u00e9v\u00e8le qu&rsquo;en d\u00e9pit de l&rsquo;abondance\u00a0alimentaire dans les pays industrialis\u00e9s, le monde a de plus en plus faim.\u00a0 Le rapport montre que la faim avait d\u00e9clin\u00e9 d&rsquo;environ 37 millions, dans le monde pendant la premi\u00e8re moiti\u00e9 des ann\u00e9es 1990, mais durant la seconde moiti\u00e9 de la d\u00e9cade, le nombre a cru d&rsquo;environ 18 millions de personnes \u00a0dans les pays en voie de d\u00e9veloppement. \u00a0<\/p>\n<p>Kenneth Flemmer, directeur de programmes au bureau de l&rsquo;Agence Adventiste de Secours et de D\u00e9veloppement International ADRA, a d\u00e9eclar\u00e9 que ce probl\u00e8me peut \u00eatre attibu\u00e9 \u00e0 plusieurs causes, dont les plus pro\u00e9minentes sont\u00a0l&rsquo;instabilit\u00e9 politique et les crises \u00e9conomiques. <\/p>\n<p>\u00ab\u00a0Dans les pays tels que le Congo et le Lib\u00e9ria, la production agricole s&rsquo;est litt\u00e9ralement arr\u00eat\u00e9e\u00a0\u00bb, a-t-il dit.\u00a0 Quel int\u00e9r\u00eat a-t-on \u00e0 investir son \u00e9nergie et autres ressources \u00e0 pr\u00e9parer une propri\u00e9t\u00e9,\u00a0la labourer,\u00a0planter, \u00e0 l&rsquo;entretenir en en \u00e9liminant les mauvaises herbes et les d\u00e9pr\u00e9dateurs, pour ensuite voir une bande de petits voyous arm\u00e9s arriver juste au moment de la r\u00e9colte, et vous dire :\u00a0\u00bb Merci beaucoup?.\u00a0\u00bb En certains endroits, les routes sont bloqu\u00e9es et le transport de ces denr\u00e9es est devenue trop dangereux.<\/p>\n<p>\u00ab\u00a0Les crises \u00e9conomiques ont r\u00e9duit la disponibilit\u00e9 et l&rsquo;accessibilit\u00e9 de fonds\u00a0\u00bb a-t-il ajout\u00e9.<\/p>\n<p>Flemmer explique que chaque r\u00e9gion et chaque situation a sa solution particuli\u00e8re.\u00a0 ADRA ex\u00e9cute une \u00e9valuation des besoins de chaque r\u00e9gion;\u00a0 au lieu d&rsquo;une solution \u00e0 l&rsquo;aveugle, l&rsquo;\u00e9valuation vous donne une cible pr\u00e9cise. <\/p>\n<p>\u00a0L&rsquo;un des projets d&rsquo;ADRA est bas\u00e9 sur une recherche qui utilise moins d&rsquo;investissements, moins de semences, utilise l&rsquo;eau plus rationnellement, et la production de riz est \u00ab\u00a0doubl\u00e9 ou m\u00eame tripl\u00e9\u00a0\u00bb. Flemmer explique que ce projet fut d\u00e9velopp\u00e9 \u00e0 Madagascar, puis transf\u00e9r\u00e9 en Indon\u00e9sie o\u00f9 il r\u00e9ussit tout aussi bien.\u00a0 Voil\u00e0 une situation o\u00f9 il co\u00fbte actuellement moins pour produire plus.\u00a0\u00bb<\/p>\n<p>\u00ab\u00a0Il co\u00fbte 5 dollars am\u00e9ricains pour former un fermier dans la nouvelle technique de production de riz\u00a0\u00bb, d\u00e9clare Tereza Byrne, responsable de marketing et de d\u00e9veloppement au bureau d&rsquo;ADRA. \u00ab\u00a0Ensuite, il utilise cette formation pour devenir auto-suffisant et il l&rsquo;enseigne \u00e0 d&rsquo;autres; de sorte que cette formation est hautement valable. <\/p>\n<p>\u00a0Un autre projet, rapporte Flemmer, qui ne garantirait pas toujours la s\u00e9curit\u00e9 alimentaire,\u00a0 est quelque chose qu&rsquo;ADRA fait depuis les ann\u00e9es 1980.\u00a0 \u00ab\u00a0Nous portons les fermiers \u00e0 planter des arbres &#8211; un arpent ou deux d&rsquo;arbres fruitiers et de bois dur&#8230; Ils ont ainsi plant\u00e9 des milliers d&rsquo;arpents d&rsquo;arbres,&#8230;Dans 10 \u00e0 15 ans, un seul arbre peut parfois valoir l&rsquo;\u00e9quivalent d&rsquo;un mois de salaire. \u00a0<\/p>\n<p>Quand on consid\u00e8re le volume d&rsquo;aliments produits \u00e0 travers le monde, et que l&rsquo;on calcule qu&rsquo;on en produit\u00a0actuellement suffisamment\u00a0 pouir nourrir la population actuelle du globe, on d\u00e9couvre que le probl\u00e8me est que les aliments ne sont pas aux bons endroits\u00a0\u00bb, dit Flemmer.\u00a0\u00a0 \u00ab\u00a0Ils ne sont pas aux bons endroits\u00a0\u00bb, dit-il, et on peut tr\u00e8s facilement en citer six ou sept raisons\u00a0\u00bb. \u00a0 <\/p>\n<p>Flemmer mentionne le marketing de la production agricole comme l&rsquo;un des facteurs de pr\u00e9occupation pour les revenus familiaux par la production agricole. \u00ab\u00a0En certains endroits, il y d\u00e9j\u00e0 une grande production, mais comment promouvoir la vente de ce qui est produit?\u00a0\u00bb Les fermiers dans le spays avanc\u00e9s ont acc\u00e8s \u00e0 la radio, de sorte qu&rsquo;ils savent o\u00f9 promouvoir leurs produits, et les journaux publient les prix des boeufs et des grains.<\/p>\n<p>\u00ab\u00a0Nous avons commenc\u00e9 \u00e0 appliquer ceci dans les pays en d\u00e9veloppement au b\u00e9n\u00e9fice des fermiers, afin que ces derniers puissent faire des choix \u00e9duqu\u00e9s.\u00a0 Nous avons tellement fait pour am\u00e9liorer la\u00a0production de certaines vari\u00e9t\u00e9s de commodit\u00e9\u00a0que le v\u00e9ritable goulot d&rsquo;\u00e9tranglement dans le processus de distribution &#8230; est le marketing. Ainsi; nous mettones maintenant de plus en plus d&#8217;emphase sur ce facteur.\u00a0\u00bb<\/p>\n<p>Il a d\u00e9clar\u00e9 \u00ab\u00a0qu&rsquo;ADRA fait tr\u00e8s attention aux types de necessit\u00e9s introduites dans un pays.\u00a0 En introduisant une commodit\u00e9 dans un pays, nous veillons \u00e0 ne\u00a0rien introduire qui entrerait en comp\u00e9tition avec la production locale.\u00a0 Nous faisons donc ces \u00e9tudes pour d\u00e9terminer ce qu&rsquo;on importe d\u00e9j\u00e0, nous l&rsquo;importons et l&rsquo;utilisons, ce qui \u00e9pargne des d\u00e9penses inutiles au pays. \u00a0\u00bb <\/p>\n<p>La disponibilit\u00e9, l&rsquo;acophes naturelles, aux soul\u00e8vement spolitiques et \u00e0 l&rsquo;instabilit\u00e9c\u00e8s et l&rsquo;utilisation d&rsquo;aliments sont les trois concepts impliqu\u00e9s dans la s\u00e9curit\u00e9 alimentaire, dit Flemmer, et le d\u00e9veloppement est une processusu long et lent.\u00a0 Toutefois, \u00ab\u00a0nous ne pouvons pas abandonner la lutte, nous ne pouvons pas c\u00e9der \u00e0 la fatigue et dire:\u00a0\u00bbCeci devrait avoir march\u00e9 d\u00e9j\u00e0\u00a0\u00bb.\u00a0 Cela ne fonctionne pas de cette mani\u00e8re; c&rsquo;est un processus continu.<\/p>\n<p>Pr\u00e9sent dans plus de 120 pays, ADRA travaille\u00a0en partenariat avec beaucoup d&rsquo;organisations internationales d&rsquo;aide pour r\u00e9pondre aux catastrophes naturelles, \u00e0 l&rsquo;instabilit\u00e9politique et aux soul\u00e8vements.<\/p>\n<p>Tous droits r\u00e9serv\u00e9s 2003 R\u00e9seau Adventiste de Nouvelles\u00a0[ANN]<\/p>\n","protected":false},"excerpt":{"rendered":"<p>Un nouveau rapport publi\u00e9 par la FAO, Organisation des Nations Unies pour l&rsquo;Agriculture et l&rsquo;Alimentation, r\u00e9v\u00e8le qu&rsquo;en d\u00e9pit de l&rsquo;abondance\u00a0alimentaire dans les pays industrialis\u00e9s, le monde a de plus en plus faim.<\/p>\n","protected":false},"author":1,"featured_media":0,"comment_status":"closed","ping_status":"closed","sticky":false,"template":"","format":"standard","meta":{"_acf_changed":false,"footnotes":""},"categories":[9],"tags":[],"class_list":["post-12110","post","type-post","status-publish","format-standard","hentry","category-archive-fr"],"acf":[],"yoast_head":"<!-- This site is optimized with the Yoast SEO plugin v27.3 - https:\/\/yoast.com\/product\/yoast-seo-wordpress\/ -->\n<title>\u00c9glise mondiale: ADRA lutte contre la faim - \u00c9glise Adventiste Du Septieme Jour - Inter Am\u00e9rique Division<\/title>\n<meta name=\"robots\" content=\"index, follow, max-snippet:-1, max-image-preview:large, max-video-preview:-1\" \/>\n<link rel=\"canonical\" href=\"https:\/\/interamerica.org\/fr\/2003\/12\/eglise-mondiale-adra-lutte-contre-la-faim\/\" \/>\n<meta property=\"og:locale\" content=\"fr_FR\" \/>\n<meta property=\"og:type\" content=\"article\" \/>\n<meta property=\"og:title\" content=\"\u00c9glise mondiale: ADRA lutte contre la faim - \u00c9glise Adventiste Du Septieme Jour - Inter Am\u00e9rique Division\" \/>\n<meta property=\"og:description\" content=\"Un nouveau rapport publi\u00e9 par la FAO, Organisation des Nations Unies pour l&#039;Agriculture et l&#039;Alimentation, r\u00e9v\u00e8le qu&#039;en d\u00e9pit de l&#039;abondance\u00a0alimentaire dans les pays industrialis\u00e9s, le monde a de plus en plus faim.\" \/>\n<meta property=\"og:url\" content=\"https:\/\/interamerica.org\/fr\/2003\/12\/eglise-mondiale-adra-lutte-contre-la-faim\/\" \/>\n<meta property=\"og:site_name\" content=\"\u00c9glise Adventiste Du Septieme Jour - Inter Am\u00e9rique Division\" \/>\n<meta property=\"article:published_time\" content=\"2003-12-09T04:00:00+00:00\" \/>\n<meta property=\"article:modified_time\" content=\"2017-06-02T17:22:45+00:00\" \/>\n<meta name=\"author\" content=\"Lorenzo Verduzco\" \/>\n<meta name=\"twitter:card\" content=\"summary_large_image\" \/>\n<meta name=\"twitter:label1\" content=\"\u00c9crit par\" \/>\n\t<meta name=\"twitter:data1\" content=\"Lorenzo Verduzco\" \/>\n\t<meta name=\"twitter:label2\" content=\"Dur\u00e9e de lecture estim\u00e9e\" \/>\n\t<meta name=\"twitter:data2\" content=\"4 minutes\" \/>\n<script type=\"application\/ld+json\" class=\"yoast-schema-graph\">{\"@context\":\"https:\\\/\\\/schema.org\",\"@graph\":[{\"@type\":\"Article\",\"@id\":\"https:\\\/\\\/interamerica.org\\\/fr\\\/2003\\\/12\\\/eglise-mondiale-adra-lutte-contre-la-faim\\\/#article\",\"isPartOf\":{\"@id\":\"https:\\\/\\\/interamerica.org\\\/fr\\\/2003\\\/12\\\/eglise-mondiale-adra-lutte-contre-la-faim\\\/\"},\"author\":{\"name\":\"Lorenzo Verduzco\",\"@id\":\"https:\\\/\\\/interamerica.org\\\/fr\\\/#\\\/schema\\\/person\\\/68ede8bdc292885bb76c1e3810e73c39\"},\"headline\":\"\u00c9glise mondiale: ADRA lutte contre la faim\",\"datePublished\":\"2003-12-09T04:00:00+00:00\",\"dateModified\":\"2017-06-02T17:22:45+00:00\",\"mainEntityOfPage\":{\"@id\":\"https:\\\/\\\/interamerica.org\\\/fr\\\/2003\\\/12\\\/eglise-mondiale-adra-lutte-contre-la-faim\\\/\"},\"wordCount\":898,\"articleSection\":[\"Archive\"],\"inLanguage\":\"fr-FR\"},{\"@type\":\"WebPage\",\"@id\":\"https:\\\/\\\/interamerica.org\\\/fr\\\/2003\\\/12\\\/eglise-mondiale-adra-lutte-contre-la-faim\\\/\",\"url\":\"https:\\\/\\\/interamerica.org\\\/fr\\\/2003\\\/12\\\/eglise-mondiale-adra-lutte-contre-la-faim\\\/\",\"name\":\"\u00c9glise mondiale: ADRA lutte contre la faim - \u00c9glise Adventiste Du Septieme Jour - Inter Am\u00e9rique Division\",\"isPartOf\":{\"@id\":\"https:\\\/\\\/interamerica.org\\\/fr\\\/#website\"},\"datePublished\":\"2003-12-09T04:00:00+00:00\",\"dateModified\":\"2017-06-02T17:22:45+00:00\",\"author\":{\"@id\":\"https:\\\/\\\/interamerica.org\\\/fr\\\/#\\\/schema\\\/person\\\/68ede8bdc292885bb76c1e3810e73c39\"},\"breadcrumb\":{\"@id\":\"https:\\\/\\\/interamerica.org\\\/fr\\\/2003\\\/12\\\/eglise-mondiale-adra-lutte-contre-la-faim\\\/#breadcrumb\"},\"inLanguage\":\"fr-FR\",\"potentialAction\":[{\"@type\":\"ReadAction\",\"target\":[\"https:\\\/\\\/interamerica.org\\\/fr\\\/2003\\\/12\\\/eglise-mondiale-adra-lutte-contre-la-faim\\\/\"]}]},{\"@type\":\"BreadcrumbList\",\"@id\":\"https:\\\/\\\/interamerica.org\\\/fr\\\/2003\\\/12\\\/eglise-mondiale-adra-lutte-contre-la-faim\\\/#breadcrumb\",\"itemListElement\":[{\"@type\":\"ListItem\",\"position\":1,\"name\":\"Home\",\"item\":\"https:\\\/\\\/interamerica.org\\\/fr\\\/\"},{\"@type\":\"ListItem\",\"position\":2,\"name\":\"\u00c9glise mondiale: ADRA lutte contre la faim\"}]},{\"@type\":\"WebSite\",\"@id\":\"https:\\\/\\\/interamerica.org\\\/fr\\\/#website\",\"url\":\"https:\\\/\\\/interamerica.org\\\/fr\\\/\",\"name\":\"\u00c9glise Adventiste Du Septieme Jour - Inter Am\u00e9rique Division\",\"description\":\"\",\"potentialAction\":[{\"@type\":\"SearchAction\",\"target\":{\"@type\":\"EntryPoint\",\"urlTemplate\":\"https:\\\/\\\/interamerica.org\\\/fr\\\/?s={search_term_string}\"},\"query-input\":{\"@type\":\"PropertyValueSpecification\",\"valueRequired\":true,\"valueName\":\"search_term_string\"}}],\"inLanguage\":\"fr-FR\"},{\"@type\":\"Person\",\"@id\":\"https:\\\/\\\/interamerica.org\\\/fr\\\/#\\\/schema\\\/person\\\/68ede8bdc292885bb76c1e3810e73c39\",\"name\":\"Lorenzo Verduzco\",\"image\":{\"@type\":\"ImageObject\",\"inLanguage\":\"fr-FR\",\"@id\":\"https:\\\/\\\/secure.gravatar.com\\\/avatar\\\/fb81a55b6218459490a9c1dc841a34909185b81904c5337b4b27f7a6fd60c49e?s=96&d=mm&r=g\",\"url\":\"https:\\\/\\\/secure.gravatar.com\\\/avatar\\\/fb81a55b6218459490a9c1dc841a34909185b81904c5337b4b27f7a6fd60c49e?s=96&d=mm&r=g\",\"contentUrl\":\"https:\\\/\\\/secure.gravatar.com\\\/avatar\\\/fb81a55b6218459490a9c1dc841a34909185b81904c5337b4b27f7a6fd60c49e?s=96&d=mm&r=g\",\"caption\":\"Lorenzo Verduzco\"}}]}<\/script>\n<!-- \/ Yoast SEO plugin. -->","yoast_head_json":{"title":"\u00c9glise mondiale: ADRA lutte contre la faim - \u00c9glise Adventiste Du Septieme Jour - Inter Am\u00e9rique Division","robots":{"index":"index","follow":"follow","max-snippet":"max-snippet:-1","max-image-preview":"max-image-preview:large","max-video-preview":"max-video-preview:-1"},"canonical":"https:\/\/interamerica.org\/fr\/2003\/12\/eglise-mondiale-adra-lutte-contre-la-faim\/","og_locale":"fr_FR","og_type":"article","og_title":"\u00c9glise mondiale: ADRA lutte contre la faim - \u00c9glise Adventiste Du Septieme Jour - Inter Am\u00e9rique Division","og_description":"Un nouveau rapport publi\u00e9 par la FAO, Organisation des Nations Unies pour l'Agriculture et l'Alimentation, r\u00e9v\u00e8le qu'en d\u00e9pit de l'abondance\u00a0alimentaire dans les pays industrialis\u00e9s, le monde a de plus en plus faim.","og_url":"https:\/\/interamerica.org\/fr\/2003\/12\/eglise-mondiale-adra-lutte-contre-la-faim\/","og_site_name":"\u00c9glise Adventiste Du Septieme Jour - Inter Am\u00e9rique Division","article_published_time":"2003-12-09T04:00:00+00:00","article_modified_time":"2017-06-02T17:22:45+00:00","author":"Lorenzo Verduzco","twitter_card":"summary_large_image","twitter_misc":{"\u00c9crit par":"Lorenzo Verduzco","Dur\u00e9e de lecture estim\u00e9e":"4 minutes"},"schema":{"@context":"https:\/\/schema.org","@graph":[{"@type":"Article","@id":"https:\/\/interamerica.org\/fr\/2003\/12\/eglise-mondiale-adra-lutte-contre-la-faim\/#article","isPartOf":{"@id":"https:\/\/interamerica.org\/fr\/2003\/12\/eglise-mondiale-adra-lutte-contre-la-faim\/"},"author":{"name":"Lorenzo Verduzco","@id":"https:\/\/interamerica.org\/fr\/#\/schema\/person\/68ede8bdc292885bb76c1e3810e73c39"},"headline":"\u00c9glise mondiale: ADRA lutte contre la faim","datePublished":"2003-12-09T04:00:00+00:00","dateModified":"2017-06-02T17:22:45+00:00","mainEntityOfPage":{"@id":"https:\/\/interamerica.org\/fr\/2003\/12\/eglise-mondiale-adra-lutte-contre-la-faim\/"},"wordCount":898,"articleSection":["Archive"],"inLanguage":"fr-FR"},{"@type":"WebPage","@id":"https:\/\/interamerica.org\/fr\/2003\/12\/eglise-mondiale-adra-lutte-contre-la-faim\/","url":"https:\/\/interamerica.org\/fr\/2003\/12\/eglise-mondiale-adra-lutte-contre-la-faim\/","name":"\u00c9glise mondiale: ADRA lutte contre la faim - \u00c9glise Adventiste Du Septieme Jour - Inter Am\u00e9rique Division","isPartOf":{"@id":"https:\/\/interamerica.org\/fr\/#website"},"datePublished":"2003-12-09T04:00:00+00:00","dateModified":"2017-06-02T17:22:45+00:00","author":{"@id":"https:\/\/interamerica.org\/fr\/#\/schema\/person\/68ede8bdc292885bb76c1e3810e73c39"},"breadcrumb":{"@id":"https:\/\/interamerica.org\/fr\/2003\/12\/eglise-mondiale-adra-lutte-contre-la-faim\/#breadcrumb"},"inLanguage":"fr-FR","potentialAction":[{"@type":"ReadAction","target":["https:\/\/interamerica.org\/fr\/2003\/12\/eglise-mondiale-adra-lutte-contre-la-faim\/"]}]},{"@type":"BreadcrumbList","@id":"https:\/\/interamerica.org\/fr\/2003\/12\/eglise-mondiale-adra-lutte-contre-la-faim\/#breadcrumb","itemListElement":[{"@type":"ListItem","position":1,"name":"Home","item":"https:\/\/interamerica.org\/fr\/"},{"@type":"ListItem","position":2,"name":"\u00c9glise mondiale: ADRA lutte contre la faim"}]},{"@type":"WebSite","@id":"https:\/\/interamerica.org\/fr\/#website","url":"https:\/\/interamerica.org\/fr\/","name":"\u00c9glise Adventiste Du Septieme Jour - Inter Am\u00e9rique Division","description":"","potentialAction":[{"@type":"SearchAction","target":{"@type":"EntryPoint","urlTemplate":"https:\/\/interamerica.org\/fr\/?s={search_term_string}"},"query-input":{"@type":"PropertyValueSpecification","valueRequired":true,"valueName":"search_term_string"}}],"inLanguage":"fr-FR"},{"@type":"Person","@id":"https:\/\/interamerica.org\/fr\/#\/schema\/person\/68ede8bdc292885bb76c1e3810e73c39","name":"Lorenzo Verduzco","image":{"@type":"ImageObject","inLanguage":"fr-FR","@id":"https:\/\/secure.gravatar.com\/avatar\/fb81a55b6218459490a9c1dc841a34909185b81904c5337b4b27f7a6fd60c49e?s=96&d=mm&r=g","url":"https:\/\/secure.gravatar.com\/avatar\/fb81a55b6218459490a9c1dc841a34909185b81904c5337b4b27f7a6fd60c49e?s=96&d=mm&r=g","contentUrl":"https:\/\/secure.gravatar.com\/avatar\/fb81a55b6218459490a9c1dc841a34909185b81904c5337b4b27f7a6fd60c49e?s=96&d=mm&r=g","caption":"Lorenzo Verduzco"}}]}},"_links":{"self":[{"href":"https:\/\/interamerica.org\/fr\/wp-json\/wp\/v2\/posts\/12110","targetHints":{"allow":["GET"]}}],"collection":[{"href":"https:\/\/interamerica.org\/fr\/wp-json\/wp\/v2\/posts"}],"about":[{"href":"https:\/\/interamerica.org\/fr\/wp-json\/wp\/v2\/types\/post"}],"author":[{"embeddable":true,"href":"https:\/\/interamerica.org\/fr\/wp-json\/wp\/v2\/users\/1"}],"replies":[{"embeddable":true,"href":"https:\/\/interamerica.org\/fr\/wp-json\/wp\/v2\/comments?post=12110"}],"version-history":[{"count":0,"href":"https:\/\/interamerica.org\/fr\/wp-json\/wp\/v2\/posts\/12110\/revisions"}],"wp:attachment":[{"href":"https:\/\/interamerica.org\/fr\/wp-json\/wp\/v2\/media?parent=12110"}],"wp:term":[{"taxonomy":"category","embeddable":true,"href":"https:\/\/interamerica.org\/fr\/wp-json\/wp\/v2\/categories?post=12110"},{"taxonomy":"post_tag","embeddable":true,"href":"https:\/\/interamerica.org\/fr\/wp-json\/wp\/v2\/tags?post=12110"}],"curies":[{"name":"wp","href":"https:\/\/api.w.org\/{rel}","templated":true}]}}