{"id":12120,"date":"2004-01-06T00:00:00","date_gmt":"2004-01-06T04:00:00","guid":{"rendered":"http:\/\/192.81.217.108\/interamerica\/2004\/01\/une-ecole-adventiste-recoit-des-fonds-dun-projet-de-noel\/"},"modified":"2017-06-02T13:22:36","modified_gmt":"2017-06-02T17:22:36","slug":"une-ecole-adventiste-recoit-des-fonds-dun-projet-de-noel","status":"publish","type":"post","link":"https:\/\/interamerica.org\/fr\/2004\/01\/une-ecole-adventiste-recoit-des-fonds-dun-projet-de-noel\/","title":{"rendered":"Une \u00e9cole adventiste re\u00e7oit des fonds d&rsquo;un projet de Noel"},"content":{"rendered":"<p>Miami, Florida, \u00c9tats-Unis d&rsquo;Am\u00e9rique&#8230;[Personnel de la DIA]<\/p>\n<p>Chaque ann\u00e9e, \u00e0 la Noel, le personnel du bureau de la Division Interam\u00e9ricaine (DIA), participe au financement d&rsquo;un projet au b\u00e9n\u00e9fice d&rsquo;une institution dans une union de son territoire.\u00a0\u00a0Le projet de cette ann\u00e9e\u00a0re\u00e7\u00fbt\u00a0plus de $ 3000 qui aideront \u00e0 achever un b\u00e2timent \u00e0 usage multiple dans l&rsquo;\u00e9cole secondaire adventiste de Freeport, Grand Bahama. \u00a0<\/p>\n<p>Selon Leon B. Wellington, vice-pr\u00e9sident de la Division Interam\u00e9ricaine, l&rsquo;\u00e9cole fait actuellement face \u00e0 une carence de fonds, et la collecte de\u00a0Noel aidera \u00e0 la construction du b\u00e2timent en question.\u00a0 Ce local abritera trois salles de classe, un laboratoire\u00a0d&rsquo;informatique, et une biblioth\u00e8que.\u00a0<\/p>\n<p>Fond\u00e9e en 1981, cette institution offre les bienfaits de l&rsquo;\u00e9ducation chr\u00e9tienne \u00e0 un effectif de pr\u00e8s de 300 \u00e9tudiants actuellement inscrits du jardin d&rsquo;enfants troisi\u00e8me niveau jusqu&rsquo;\u00e0 la derni\u00e8re ann\u00e9e fondamentale.<\/p>\n","protected":false},"excerpt":{"rendered":"<p>Chaque ann\u00e9e, \u00e0 la Noel, le personnel du bureau de la Division Interam\u00e9ricaine (DIA), participe au financement d&rsquo;un projet au b\u00e9n\u00e9fice d&rsquo;une institution dans une union de son territoire. \u00a0<\/p>\n","protected":false},"author":1,"featured_media":0,"comment_status":"closed","ping_status":"closed","sticky":false,"template":"","format":"standard","meta":{"_acf_changed":false,"footnotes":""},"categories":[9],"tags":[],"class_list":["post-12120","post","type-post","status-publish","format-standard","hentry","category-archive-fr"],"acf":[],"yoast_head":"<!-- This site is optimized with the Yoast SEO plugin v27.3 - https:\/\/yoast.com\/product\/yoast-seo-wordpress\/ -->\n<title>Une \u00e9cole adventiste re\u00e7oit des fonds d&#039;un projet de Noel - \u00c9glise Adventiste Du Septieme Jour - Inter Am\u00e9rique Division<\/title>\n<meta name=\"robots\" content=\"index, follow, max-snippet:-1, max-image-preview:large, max-video-preview:-1\" \/>\n<link rel=\"canonical\" href=\"https:\/\/interamerica.org\/fr\/2004\/01\/une-ecole-adventiste-recoit-des-fonds-dun-projet-de-noel\/\" \/>\n<meta property=\"og:locale\" content=\"fr_FR\" \/>\n<meta property=\"og:type\" content=\"article\" \/>\n<meta property=\"og:title\" content=\"Une \u00e9cole adventiste re\u00e7oit des fonds d&#039;un projet de Noel - \u00c9glise Adventiste Du Septieme Jour - Inter Am\u00e9rique Division\" \/>\n<meta property=\"og:description\" content=\"Chaque ann\u00e9e, \u00e0 la Noel, le personnel du bureau de la Division Interam\u00e9ricaine (DIA), participe au financement d&#039;un projet au b\u00e9n\u00e9fice d&#039;une institution dans une union de son territoire. \u00a0\" \/>\n<meta property=\"og:url\" content=\"https:\/\/interamerica.org\/fr\/2004\/01\/une-ecole-adventiste-recoit-des-fonds-dun-projet-de-noel\/\" \/>\n<meta property=\"og:site_name\" content=\"\u00c9glise Adventiste Du Septieme Jour - Inter Am\u00e9rique Division\" \/>\n<meta property=\"article:published_time\" content=\"2004-01-06T04:00:00+00:00\" \/>\n<meta property=\"article:modified_time\" content=\"2017-06-02T17:22:36+00:00\" \/>\n<meta name=\"author\" content=\"Lorenzo Verduzco\" \/>\n<meta name=\"twitter:card\" content=\"summary_large_image\" \/>\n<meta name=\"twitter:label1\" content=\"\u00c9crit par\" \/>\n\t<meta name=\"twitter:data1\" content=\"Lorenzo Verduzco\" \/>\n\t<meta name=\"twitter:label2\" content=\"Dur\u00e9e de lecture estim\u00e9e\" \/>\n\t<meta name=\"twitter:data2\" content=\"1 minute\" \/>\n<script type=\"application\/ld+json\" class=\"yoast-schema-graph\">{\"@context\":\"https:\\\/\\\/schema.org\",\"@graph\":[{\"@type\":\"Article\",\"@id\":\"https:\\\/\\\/interamerica.org\\\/fr\\\/2004\\\/01\\\/une-ecole-adventiste-recoit-des-fonds-dun-projet-de-noel\\\/#article\",\"isPartOf\":{\"@id\":\"https:\\\/\\\/interamerica.org\\\/fr\\\/2004\\\/01\\\/une-ecole-adventiste-recoit-des-fonds-dun-projet-de-noel\\\/\"},\"author\":{\"name\":\"Lorenzo Verduzco\",\"@id\":\"https:\\\/\\\/interamerica.org\\\/fr\\\/#\\\/schema\\\/person\\\/68ede8bdc292885bb76c1e3810e73c39\"},\"headline\":\"Une \u00e9cole adventiste re\u00e7oit des fonds d&rsquo;un projet de Noel\",\"datePublished\":\"2004-01-06T04:00:00+00:00\",\"dateModified\":\"2017-06-02T17:22:36+00:00\",\"mainEntityOfPage\":{\"@id\":\"https:\\\/\\\/interamerica.org\\\/fr\\\/2004\\\/01\\\/une-ecole-adventiste-recoit-des-fonds-dun-projet-de-noel\\\/\"},\"wordCount\":167,\"articleSection\":[\"Archive\"],\"inLanguage\":\"fr-FR\"},{\"@type\":\"WebPage\",\"@id\":\"https:\\\/\\\/interamerica.org\\\/fr\\\/2004\\\/01\\\/une-ecole-adventiste-recoit-des-fonds-dun-projet-de-noel\\\/\",\"url\":\"https:\\\/\\\/interamerica.org\\\/fr\\\/2004\\\/01\\\/une-ecole-adventiste-recoit-des-fonds-dun-projet-de-noel\\\/\",\"name\":\"Une \u00e9cole adventiste re\u00e7oit des fonds d'un projet de Noel - \u00c9glise Adventiste Du Septieme Jour - Inter Am\u00e9rique Division\",\"isPartOf\":{\"@id\":\"https:\\\/\\\/interamerica.org\\\/fr\\\/#website\"},\"datePublished\":\"2004-01-06T04:00:00+00:00\",\"dateModified\":\"2017-06-02T17:22:36+00:00\",\"author\":{\"@id\":\"https:\\\/\\\/interamerica.org\\\/fr\\\/#\\\/schema\\\/person\\\/68ede8bdc292885bb76c1e3810e73c39\"},\"breadcrumb\":{\"@id\":\"https:\\\/\\\/interamerica.org\\\/fr\\\/2004\\\/01\\\/une-ecole-adventiste-recoit-des-fonds-dun-projet-de-noel\\\/#breadcrumb\"},\"inLanguage\":\"fr-FR\",\"potentialAction\":[{\"@type\":\"ReadAction\",\"target\":[\"https:\\\/\\\/interamerica.org\\\/fr\\\/2004\\\/01\\\/une-ecole-adventiste-recoit-des-fonds-dun-projet-de-noel\\\/\"]}]},{\"@type\":\"BreadcrumbList\",\"@id\":\"https:\\\/\\\/interamerica.org\\\/fr\\\/2004\\\/01\\\/une-ecole-adventiste-recoit-des-fonds-dun-projet-de-noel\\\/#breadcrumb\",\"itemListElement\":[{\"@type\":\"ListItem\",\"position\":1,\"name\":\"Home\",\"item\":\"https:\\\/\\\/interamerica.org\\\/fr\\\/\"},{\"@type\":\"ListItem\",\"position\":2,\"name\":\"Une \u00e9cole adventiste re\u00e7oit des fonds d&rsquo;un projet de Noel\"}]},{\"@type\":\"WebSite\",\"@id\":\"https:\\\/\\\/interamerica.org\\\/fr\\\/#website\",\"url\":\"https:\\\/\\\/interamerica.org\\\/fr\\\/\",\"name\":\"\u00c9glise Adventiste Du Septieme Jour - Inter Am\u00e9rique Division\",\"description\":\"\",\"potentialAction\":[{\"@type\":\"SearchAction\",\"target\":{\"@type\":\"EntryPoint\",\"urlTemplate\":\"https:\\\/\\\/interamerica.org\\\/fr\\\/?s={search_term_string}\"},\"query-input\":{\"@type\":\"PropertyValueSpecification\",\"valueRequired\":true,\"valueName\":\"search_term_string\"}}],\"inLanguage\":\"fr-FR\"},{\"@type\":\"Person\",\"@id\":\"https:\\\/\\\/interamerica.org\\\/fr\\\/#\\\/schema\\\/person\\\/68ede8bdc292885bb76c1e3810e73c39\",\"name\":\"Lorenzo Verduzco\",\"image\":{\"@type\":\"ImageObject\",\"inLanguage\":\"fr-FR\",\"@id\":\"https:\\\/\\\/secure.gravatar.com\\\/avatar\\\/fb81a55b6218459490a9c1dc841a34909185b81904c5337b4b27f7a6fd60c49e?s=96&d=mm&r=g\",\"url\":\"https:\\\/\\\/secure.gravatar.com\\\/avatar\\\/fb81a55b6218459490a9c1dc841a34909185b81904c5337b4b27f7a6fd60c49e?s=96&d=mm&r=g\",\"contentUrl\":\"https:\\\/\\\/secure.gravatar.com\\\/avatar\\\/fb81a55b6218459490a9c1dc841a34909185b81904c5337b4b27f7a6fd60c49e?s=96&d=mm&r=g\",\"caption\":\"Lorenzo Verduzco\"}}]}<\/script>\n<!-- \/ Yoast SEO plugin. -->","yoast_head_json":{"title":"Une \u00e9cole adventiste re\u00e7oit des fonds d'un projet de Noel - \u00c9glise Adventiste Du Septieme Jour - Inter Am\u00e9rique Division","robots":{"index":"index","follow":"follow","max-snippet":"max-snippet:-1","max-image-preview":"max-image-preview:large","max-video-preview":"max-video-preview:-1"},"canonical":"https:\/\/interamerica.org\/fr\/2004\/01\/une-ecole-adventiste-recoit-des-fonds-dun-projet-de-noel\/","og_locale":"fr_FR","og_type":"article","og_title":"Une \u00e9cole adventiste re\u00e7oit des fonds d'un projet de Noel - \u00c9glise Adventiste Du Septieme Jour - Inter Am\u00e9rique Division","og_description":"Chaque ann\u00e9e, \u00e0 la Noel, le personnel du bureau de la Division Interam\u00e9ricaine (DIA), participe au financement d'un projet au b\u00e9n\u00e9fice d'une institution dans une union de son territoire. \u00a0","og_url":"https:\/\/interamerica.org\/fr\/2004\/01\/une-ecole-adventiste-recoit-des-fonds-dun-projet-de-noel\/","og_site_name":"\u00c9glise Adventiste Du Septieme Jour - Inter Am\u00e9rique Division","article_published_time":"2004-01-06T04:00:00+00:00","article_modified_time":"2017-06-02T17:22:36+00:00","author":"Lorenzo Verduzco","twitter_card":"summary_large_image","twitter_misc":{"\u00c9crit par":"Lorenzo Verduzco","Dur\u00e9e de lecture estim\u00e9e":"1 minute"},"schema":{"@context":"https:\/\/schema.org","@graph":[{"@type":"Article","@id":"https:\/\/interamerica.org\/fr\/2004\/01\/une-ecole-adventiste-recoit-des-fonds-dun-projet-de-noel\/#article","isPartOf":{"@id":"https:\/\/interamerica.org\/fr\/2004\/01\/une-ecole-adventiste-recoit-des-fonds-dun-projet-de-noel\/"},"author":{"name":"Lorenzo Verduzco","@id":"https:\/\/interamerica.org\/fr\/#\/schema\/person\/68ede8bdc292885bb76c1e3810e73c39"},"headline":"Une \u00e9cole adventiste re\u00e7oit des fonds d&rsquo;un projet de Noel","datePublished":"2004-01-06T04:00:00+00:00","dateModified":"2017-06-02T17:22:36+00:00","mainEntityOfPage":{"@id":"https:\/\/interamerica.org\/fr\/2004\/01\/une-ecole-adventiste-recoit-des-fonds-dun-projet-de-noel\/"},"wordCount":167,"articleSection":["Archive"],"inLanguage":"fr-FR"},{"@type":"WebPage","@id":"https:\/\/interamerica.org\/fr\/2004\/01\/une-ecole-adventiste-recoit-des-fonds-dun-projet-de-noel\/","url":"https:\/\/interamerica.org\/fr\/2004\/01\/une-ecole-adventiste-recoit-des-fonds-dun-projet-de-noel\/","name":"Une \u00e9cole adventiste re\u00e7oit des fonds d'un projet de Noel - \u00c9glise Adventiste Du Septieme Jour - Inter Am\u00e9rique Division","isPartOf":{"@id":"https:\/\/interamerica.org\/fr\/#website"},"datePublished":"2004-01-06T04:00:00+00:00","dateModified":"2017-06-02T17:22:36+00:00","author":{"@id":"https:\/\/interamerica.org\/fr\/#\/schema\/person\/68ede8bdc292885bb76c1e3810e73c39"},"breadcrumb":{"@id":"https:\/\/interamerica.org\/fr\/2004\/01\/une-ecole-adventiste-recoit-des-fonds-dun-projet-de-noel\/#breadcrumb"},"inLanguage":"fr-FR","potentialAction":[{"@type":"ReadAction","target":["https:\/\/interamerica.org\/fr\/2004\/01\/une-ecole-adventiste-recoit-des-fonds-dun-projet-de-noel\/"]}]},{"@type":"BreadcrumbList","@id":"https:\/\/interamerica.org\/fr\/2004\/01\/une-ecole-adventiste-recoit-des-fonds-dun-projet-de-noel\/#breadcrumb","itemListElement":[{"@type":"ListItem","position":1,"name":"Home","item":"https:\/\/interamerica.org\/fr\/"},{"@type":"ListItem","position":2,"name":"Une \u00e9cole adventiste re\u00e7oit des fonds d&rsquo;un projet de Noel"}]},{"@type":"WebSite","@id":"https:\/\/interamerica.org\/fr\/#website","url":"https:\/\/interamerica.org\/fr\/","name":"\u00c9glise Adventiste Du Septieme Jour - Inter Am\u00e9rique Division","description":"","potentialAction":[{"@type":"SearchAction","target":{"@type":"EntryPoint","urlTemplate":"https:\/\/interamerica.org\/fr\/?s={search_term_string}"},"query-input":{"@type":"PropertyValueSpecification","valueRequired":true,"valueName":"search_term_string"}}],"inLanguage":"fr-FR"},{"@type":"Person","@id":"https:\/\/interamerica.org\/fr\/#\/schema\/person\/68ede8bdc292885bb76c1e3810e73c39","name":"Lorenzo Verduzco","image":{"@type":"ImageObject","inLanguage":"fr-FR","@id":"https:\/\/secure.gravatar.com\/avatar\/fb81a55b6218459490a9c1dc841a34909185b81904c5337b4b27f7a6fd60c49e?s=96&d=mm&r=g","url":"https:\/\/secure.gravatar.com\/avatar\/fb81a55b6218459490a9c1dc841a34909185b81904c5337b4b27f7a6fd60c49e?s=96&d=mm&r=g","contentUrl":"https:\/\/secure.gravatar.com\/avatar\/fb81a55b6218459490a9c1dc841a34909185b81904c5337b4b27f7a6fd60c49e?s=96&d=mm&r=g","caption":"Lorenzo Verduzco"}}]}},"_links":{"self":[{"href":"https:\/\/interamerica.org\/fr\/wp-json\/wp\/v2\/posts\/12120","targetHints":{"allow":["GET"]}}],"collection":[{"href":"https:\/\/interamerica.org\/fr\/wp-json\/wp\/v2\/posts"}],"about":[{"href":"https:\/\/interamerica.org\/fr\/wp-json\/wp\/v2\/types\/post"}],"author":[{"embeddable":true,"href":"https:\/\/interamerica.org\/fr\/wp-json\/wp\/v2\/users\/1"}],"replies":[{"embeddable":true,"href":"https:\/\/interamerica.org\/fr\/wp-json\/wp\/v2\/comments?post=12120"}],"version-history":[{"count":0,"href":"https:\/\/interamerica.org\/fr\/wp-json\/wp\/v2\/posts\/12120\/revisions"}],"wp:attachment":[{"href":"https:\/\/interamerica.org\/fr\/wp-json\/wp\/v2\/media?parent=12120"}],"wp:term":[{"taxonomy":"category","embeddable":true,"href":"https:\/\/interamerica.org\/fr\/wp-json\/wp\/v2\/categories?post=12120"},{"taxonomy":"post_tag","embeddable":true,"href":"https:\/\/interamerica.org\/fr\/wp-json\/wp\/v2\/tags?post=12120"}],"curies":[{"name":"wp","href":"https:\/\/api.w.org\/{rel}","templated":true}]}}