{"id":12121,"date":"2004-01-08T00:00:00","date_gmt":"2004-01-08T04:00:00","guid":{"rendered":"http:\/\/192.81.217.108\/interamerica\/2004\/01\/thailande-le-departement-de-la-jeunesse-adventiste-mondiale-rassemble-1300-delegues-pour-des-travaux-dinteret-general\/"},"modified":"2017-06-02T13:22:34","modified_gmt":"2017-06-02T17:22:34","slug":"thailande-le-departement-de-la-jeunesse-adventiste-mondiale-rassemble-1300-delegues-pour-des-travaux-dinteret-general","status":"publish","type":"post","link":"https:\/\/interamerica.org\/fr\/2004\/01\/thailande-le-departement-de-la-jeunesse-adventiste-mondiale-rassemble-1300-delegues-pour-des-travaux-dinteret-general\/","title":{"rendered":"Tha\u00eflande : Le D\u00e9partement de la Jeunesse Adventiste Mondiale rassemble 1,300 d\u00e9l\u00e9gu\u00e9s pour des travaux d&rsquo;int\u00e9r\u00eat g\u00e9n\u00e9ral"},"content":{"rendered":"<p>Bangkok, Tha\u00eflande&#8230; <\/p>\n<p>Le D\u00e9partement de La Jeunesse adventiste du Septi\u00e8me jour de la Conf\u00e9rence G\u00e9n\u00e9rale s&rsquo;est r\u00e9unis pour des travaux d&rsquo;int\u00e9r\u00eat g\u00e9n\u00e9ral, le 30 d\u00e9cembre dans le Centre de Convention de Bangkok sous le th\u00e8me g\u00e9n\u00e9ral \u00ab\u00a0Beaucoup de Mains &#8211; Une Mission.\u00a0\u00bb <\/p>\n<p>Plus de 1,300 d\u00e9l\u00e9gu\u00e9s, repr\u00e9sentant 70 pays, particip\u00e8rent \u00e0 cet \u00e9v\u00e9nement qui s&rsquo;est termin\u00e9 le 4 janvier. <\/p>\n<p>Des difficult\u00e9s de visa et les probl\u00e8mes caus\u00e9s par l&rsquo;\u00e9pid\u00e9mie ininterrompue de SARS (syndrome s\u00e9v\u00e8re aigu respiratoire), ont emp\u00each\u00e9 la pr\u00e9sence de plusieurs d\u00e9l\u00e9gu\u00e9s, d&rsquo;apr\u00e8s la d\u00e9claration des dirigeants. <\/p>\n<p>Dr Docteur Sahas Bunditkul, Gouverneur de Bangkok, en ouvrant officiellement la conf\u00e9rence, a dit qu&rsquo;il souhaite la bienvenue aux jeunes d\u00e9l\u00e9gu\u00e9s ici, \u00e0 Bangkok et l&rsquo;aide qu&rsquo;il porte \u00e0 la communaut\u00e9 Tha\u00efe. <\/p>\n<p>Vicki, une jeune \u00e9tudiante de l&rsquo;Universit\u00e9 Bouddhiste de Tha\u00eflande s&rsquo;est rendue compte de la contribution et la participation de la jeunesse adventiste dans la conduite des projets de communaut\u00e9 en Tha\u00eflande, avant le d\u00e9but du congr\u00e8s. <\/p>\n<p>Elle avait \u00e9t\u00e9 invit\u00e9e par le directeur de jeunesse de la Conf\u00e9rence G\u00e9n\u00e9rale, pasteur Baraka Magunda, \u00e0 exprimer son appr\u00e9ciation de la part des habitants de la Tha\u00eflande. <\/p>\n<p>Dans sa conclusion, elle dit qu&rsquo;elle \u00e9tait fi\u00e8re d&rsquo;\u00eatre Bouddhiste, mais exhortait les d\u00e9l\u00e9gu\u00e9s \u00e0 : \u00ab\u00a0Dites-nous davantage de votre Dieu.\u00a0\u00bb <\/p>\n","protected":false},"excerpt":{"rendered":"<p>Le D\u00e9partement de La Jeunesse adventiste du Septi\u00e8me jour de la Conf\u00e9rence G\u00e9n\u00e9rale s&rsquo;est r\u00e9unis pour des travaux d&rsquo;int\u00e9r\u00eat g\u00e9n\u00e9ral, le 30 d\u00e9cembre dans le Centre de Convention de Bangkok sous le th\u00e8me g\u00e9n\u00e9ral \u00ab\u00a0Beaucoup de Mains &#8211;<\/p>\n","protected":false},"author":1,"featured_media":0,"comment_status":"closed","ping_status":"closed","sticky":false,"template":"","format":"standard","meta":{"_acf_changed":false,"footnotes":""},"categories":[9],"tags":[],"class_list":["post-12121","post","type-post","status-publish","format-standard","hentry","category-archive-fr"],"acf":[],"yoast_head":"<!-- This site is optimized with the Yoast SEO plugin v27.3 - https:\/\/yoast.com\/product\/yoast-seo-wordpress\/ -->\n<title>Tha\u00eflande : Le D\u00e9partement de la Jeunesse Adventiste Mondiale rassemble 1,300 d\u00e9l\u00e9gu\u00e9s pour des travaux d&#039;int\u00e9r\u00eat g\u00e9n\u00e9ral - \u00c9glise Adventiste Du Septieme Jour - Inter Am\u00e9rique Division<\/title>\n<meta name=\"robots\" content=\"index, follow, max-snippet:-1, max-image-preview:large, max-video-preview:-1\" \/>\n<link rel=\"canonical\" href=\"https:\/\/interamerica.org\/fr\/2004\/01\/thailande-le-departement-de-la-jeunesse-adventiste-mondiale-rassemble-1300-delegues-pour-des-travaux-dinteret-general\/\" \/>\n<meta property=\"og:locale\" content=\"fr_FR\" \/>\n<meta property=\"og:type\" content=\"article\" \/>\n<meta property=\"og:title\" content=\"Tha\u00eflande : Le D\u00e9partement de la Jeunesse Adventiste Mondiale rassemble 1,300 d\u00e9l\u00e9gu\u00e9s pour des travaux d&#039;int\u00e9r\u00eat g\u00e9n\u00e9ral - \u00c9glise Adventiste Du Septieme Jour - Inter Am\u00e9rique Division\" \/>\n<meta property=\"og:description\" content=\"Le D\u00e9partement de La Jeunesse adventiste du Septi\u00e8me jour de la Conf\u00e9rence G\u00e9n\u00e9rale s&#039;est r\u00e9unis pour des travaux d&#039;int\u00e9r\u00eat g\u00e9n\u00e9ral, le 30 d\u00e9cembre dans le Centre de Convention de Bangkok sous le th\u00e8me g\u00e9n\u00e9ral &quot;Beaucoup de Mains -\" \/>\n<meta property=\"og:url\" content=\"https:\/\/interamerica.org\/fr\/2004\/01\/thailande-le-departement-de-la-jeunesse-adventiste-mondiale-rassemble-1300-delegues-pour-des-travaux-dinteret-general\/\" \/>\n<meta property=\"og:site_name\" content=\"\u00c9glise Adventiste Du Septieme Jour - Inter Am\u00e9rique Division\" \/>\n<meta property=\"article:published_time\" content=\"2004-01-08T04:00:00+00:00\" \/>\n<meta property=\"article:modified_time\" content=\"2017-06-02T17:22:34+00:00\" \/>\n<meta name=\"author\" content=\"Lorenzo Verduzco\" \/>\n<meta name=\"twitter:card\" content=\"summary_large_image\" \/>\n<meta name=\"twitter:label1\" content=\"\u00c9crit par\" \/>\n\t<meta name=\"twitter:data1\" content=\"Lorenzo Verduzco\" \/>\n\t<meta name=\"twitter:label2\" content=\"Dur\u00e9e de lecture estim\u00e9e\" \/>\n\t<meta name=\"twitter:data2\" content=\"1 minute\" \/>\n<script type=\"application\/ld+json\" class=\"yoast-schema-graph\">{\"@context\":\"https:\\\/\\\/schema.org\",\"@graph\":[{\"@type\":\"Article\",\"@id\":\"https:\\\/\\\/interamerica.org\\\/fr\\\/2004\\\/01\\\/thailande-le-departement-de-la-jeunesse-adventiste-mondiale-rassemble-1300-delegues-pour-des-travaux-dinteret-general\\\/#article\",\"isPartOf\":{\"@id\":\"https:\\\/\\\/interamerica.org\\\/fr\\\/2004\\\/01\\\/thailande-le-departement-de-la-jeunesse-adventiste-mondiale-rassemble-1300-delegues-pour-des-travaux-dinteret-general\\\/\"},\"author\":{\"name\":\"Lorenzo Verduzco\",\"@id\":\"https:\\\/\\\/interamerica.org\\\/fr\\\/#\\\/schema\\\/person\\\/68ede8bdc292885bb76c1e3810e73c39\"},\"headline\":\"Tha\u00eflande : Le D\u00e9partement de la Jeunesse Adventiste Mondiale rassemble 1,300 d\u00e9l\u00e9gu\u00e9s pour des travaux d&rsquo;int\u00e9r\u00eat g\u00e9n\u00e9ral\",\"datePublished\":\"2004-01-08T04:00:00+00:00\",\"dateModified\":\"2017-06-02T17:22:34+00:00\",\"mainEntityOfPage\":{\"@id\":\"https:\\\/\\\/interamerica.org\\\/fr\\\/2004\\\/01\\\/thailande-le-departement-de-la-jeunesse-adventiste-mondiale-rassemble-1300-delegues-pour-des-travaux-dinteret-general\\\/\"},\"wordCount\":285,\"articleSection\":[\"Archive\"],\"inLanguage\":\"fr-FR\"},{\"@type\":\"WebPage\",\"@id\":\"https:\\\/\\\/interamerica.org\\\/fr\\\/2004\\\/01\\\/thailande-le-departement-de-la-jeunesse-adventiste-mondiale-rassemble-1300-delegues-pour-des-travaux-dinteret-general\\\/\",\"url\":\"https:\\\/\\\/interamerica.org\\\/fr\\\/2004\\\/01\\\/thailande-le-departement-de-la-jeunesse-adventiste-mondiale-rassemble-1300-delegues-pour-des-travaux-dinteret-general\\\/\",\"name\":\"Tha\u00eflande : Le D\u00e9partement de la Jeunesse Adventiste Mondiale rassemble 1,300 d\u00e9l\u00e9gu\u00e9s pour des travaux d'int\u00e9r\u00eat g\u00e9n\u00e9ral - \u00c9glise Adventiste Du Septieme Jour - Inter Am\u00e9rique Division\",\"isPartOf\":{\"@id\":\"https:\\\/\\\/interamerica.org\\\/fr\\\/#website\"},\"datePublished\":\"2004-01-08T04:00:00+00:00\",\"dateModified\":\"2017-06-02T17:22:34+00:00\",\"author\":{\"@id\":\"https:\\\/\\\/interamerica.org\\\/fr\\\/#\\\/schema\\\/person\\\/68ede8bdc292885bb76c1e3810e73c39\"},\"breadcrumb\":{\"@id\":\"https:\\\/\\\/interamerica.org\\\/fr\\\/2004\\\/01\\\/thailande-le-departement-de-la-jeunesse-adventiste-mondiale-rassemble-1300-delegues-pour-des-travaux-dinteret-general\\\/#breadcrumb\"},\"inLanguage\":\"fr-FR\",\"potentialAction\":[{\"@type\":\"ReadAction\",\"target\":[\"https:\\\/\\\/interamerica.org\\\/fr\\\/2004\\\/01\\\/thailande-le-departement-de-la-jeunesse-adventiste-mondiale-rassemble-1300-delegues-pour-des-travaux-dinteret-general\\\/\"]}]},{\"@type\":\"BreadcrumbList\",\"@id\":\"https:\\\/\\\/interamerica.org\\\/fr\\\/2004\\\/01\\\/thailande-le-departement-de-la-jeunesse-adventiste-mondiale-rassemble-1300-delegues-pour-des-travaux-dinteret-general\\\/#breadcrumb\",\"itemListElement\":[{\"@type\":\"ListItem\",\"position\":1,\"name\":\"Home\",\"item\":\"https:\\\/\\\/interamerica.org\\\/fr\\\/\"},{\"@type\":\"ListItem\",\"position\":2,\"name\":\"Tha\u00eflande : Le D\u00e9partement de la Jeunesse Adventiste Mondiale rassemble 1,300 d\u00e9l\u00e9gu\u00e9s pour des travaux d&rsquo;int\u00e9r\u00eat g\u00e9n\u00e9ral\"}]},{\"@type\":\"WebSite\",\"@id\":\"https:\\\/\\\/interamerica.org\\\/fr\\\/#website\",\"url\":\"https:\\\/\\\/interamerica.org\\\/fr\\\/\",\"name\":\"\u00c9glise Adventiste Du Septieme Jour - Inter Am\u00e9rique Division\",\"description\":\"\",\"potentialAction\":[{\"@type\":\"SearchAction\",\"target\":{\"@type\":\"EntryPoint\",\"urlTemplate\":\"https:\\\/\\\/interamerica.org\\\/fr\\\/?s={search_term_string}\"},\"query-input\":{\"@type\":\"PropertyValueSpecification\",\"valueRequired\":true,\"valueName\":\"search_term_string\"}}],\"inLanguage\":\"fr-FR\"},{\"@type\":\"Person\",\"@id\":\"https:\\\/\\\/interamerica.org\\\/fr\\\/#\\\/schema\\\/person\\\/68ede8bdc292885bb76c1e3810e73c39\",\"name\":\"Lorenzo Verduzco\",\"image\":{\"@type\":\"ImageObject\",\"inLanguage\":\"fr-FR\",\"@id\":\"https:\\\/\\\/secure.gravatar.com\\\/avatar\\\/fb81a55b6218459490a9c1dc841a34909185b81904c5337b4b27f7a6fd60c49e?s=96&d=mm&r=g\",\"url\":\"https:\\\/\\\/secure.gravatar.com\\\/avatar\\\/fb81a55b6218459490a9c1dc841a34909185b81904c5337b4b27f7a6fd60c49e?s=96&d=mm&r=g\",\"contentUrl\":\"https:\\\/\\\/secure.gravatar.com\\\/avatar\\\/fb81a55b6218459490a9c1dc841a34909185b81904c5337b4b27f7a6fd60c49e?s=96&d=mm&r=g\",\"caption\":\"Lorenzo Verduzco\"}}]}<\/script>\n<!-- \/ Yoast SEO plugin. -->","yoast_head_json":{"title":"Tha\u00eflande : Le D\u00e9partement de la Jeunesse Adventiste Mondiale rassemble 1,300 d\u00e9l\u00e9gu\u00e9s pour des travaux d'int\u00e9r\u00eat g\u00e9n\u00e9ral - \u00c9glise Adventiste Du Septieme Jour - Inter Am\u00e9rique Division","robots":{"index":"index","follow":"follow","max-snippet":"max-snippet:-1","max-image-preview":"max-image-preview:large","max-video-preview":"max-video-preview:-1"},"canonical":"https:\/\/interamerica.org\/fr\/2004\/01\/thailande-le-departement-de-la-jeunesse-adventiste-mondiale-rassemble-1300-delegues-pour-des-travaux-dinteret-general\/","og_locale":"fr_FR","og_type":"article","og_title":"Tha\u00eflande : Le D\u00e9partement de la Jeunesse Adventiste Mondiale rassemble 1,300 d\u00e9l\u00e9gu\u00e9s pour des travaux d'int\u00e9r\u00eat g\u00e9n\u00e9ral - \u00c9glise Adventiste Du Septieme Jour - Inter Am\u00e9rique Division","og_description":"Le D\u00e9partement de La Jeunesse adventiste du Septi\u00e8me jour de la Conf\u00e9rence G\u00e9n\u00e9rale s'est r\u00e9unis pour des travaux d'int\u00e9r\u00eat g\u00e9n\u00e9ral, le 30 d\u00e9cembre dans le Centre de Convention de Bangkok sous le th\u00e8me g\u00e9n\u00e9ral \"Beaucoup de Mains -","og_url":"https:\/\/interamerica.org\/fr\/2004\/01\/thailande-le-departement-de-la-jeunesse-adventiste-mondiale-rassemble-1300-delegues-pour-des-travaux-dinteret-general\/","og_site_name":"\u00c9glise Adventiste Du Septieme Jour - Inter Am\u00e9rique Division","article_published_time":"2004-01-08T04:00:00+00:00","article_modified_time":"2017-06-02T17:22:34+00:00","author":"Lorenzo Verduzco","twitter_card":"summary_large_image","twitter_misc":{"\u00c9crit par":"Lorenzo Verduzco","Dur\u00e9e de lecture estim\u00e9e":"1 minute"},"schema":{"@context":"https:\/\/schema.org","@graph":[{"@type":"Article","@id":"https:\/\/interamerica.org\/fr\/2004\/01\/thailande-le-departement-de-la-jeunesse-adventiste-mondiale-rassemble-1300-delegues-pour-des-travaux-dinteret-general\/#article","isPartOf":{"@id":"https:\/\/interamerica.org\/fr\/2004\/01\/thailande-le-departement-de-la-jeunesse-adventiste-mondiale-rassemble-1300-delegues-pour-des-travaux-dinteret-general\/"},"author":{"name":"Lorenzo Verduzco","@id":"https:\/\/interamerica.org\/fr\/#\/schema\/person\/68ede8bdc292885bb76c1e3810e73c39"},"headline":"Tha\u00eflande : Le D\u00e9partement de la Jeunesse Adventiste Mondiale rassemble 1,300 d\u00e9l\u00e9gu\u00e9s pour des travaux d&rsquo;int\u00e9r\u00eat g\u00e9n\u00e9ral","datePublished":"2004-01-08T04:00:00+00:00","dateModified":"2017-06-02T17:22:34+00:00","mainEntityOfPage":{"@id":"https:\/\/interamerica.org\/fr\/2004\/01\/thailande-le-departement-de-la-jeunesse-adventiste-mondiale-rassemble-1300-delegues-pour-des-travaux-dinteret-general\/"},"wordCount":285,"articleSection":["Archive"],"inLanguage":"fr-FR"},{"@type":"WebPage","@id":"https:\/\/interamerica.org\/fr\/2004\/01\/thailande-le-departement-de-la-jeunesse-adventiste-mondiale-rassemble-1300-delegues-pour-des-travaux-dinteret-general\/","url":"https:\/\/interamerica.org\/fr\/2004\/01\/thailande-le-departement-de-la-jeunesse-adventiste-mondiale-rassemble-1300-delegues-pour-des-travaux-dinteret-general\/","name":"Tha\u00eflande : Le D\u00e9partement de la Jeunesse Adventiste Mondiale rassemble 1,300 d\u00e9l\u00e9gu\u00e9s pour des travaux d'int\u00e9r\u00eat g\u00e9n\u00e9ral - \u00c9glise Adventiste Du Septieme Jour - Inter Am\u00e9rique Division","isPartOf":{"@id":"https:\/\/interamerica.org\/fr\/#website"},"datePublished":"2004-01-08T04:00:00+00:00","dateModified":"2017-06-02T17:22:34+00:00","author":{"@id":"https:\/\/interamerica.org\/fr\/#\/schema\/person\/68ede8bdc292885bb76c1e3810e73c39"},"breadcrumb":{"@id":"https:\/\/interamerica.org\/fr\/2004\/01\/thailande-le-departement-de-la-jeunesse-adventiste-mondiale-rassemble-1300-delegues-pour-des-travaux-dinteret-general\/#breadcrumb"},"inLanguage":"fr-FR","potentialAction":[{"@type":"ReadAction","target":["https:\/\/interamerica.org\/fr\/2004\/01\/thailande-le-departement-de-la-jeunesse-adventiste-mondiale-rassemble-1300-delegues-pour-des-travaux-dinteret-general\/"]}]},{"@type":"BreadcrumbList","@id":"https:\/\/interamerica.org\/fr\/2004\/01\/thailande-le-departement-de-la-jeunesse-adventiste-mondiale-rassemble-1300-delegues-pour-des-travaux-dinteret-general\/#breadcrumb","itemListElement":[{"@type":"ListItem","position":1,"name":"Home","item":"https:\/\/interamerica.org\/fr\/"},{"@type":"ListItem","position":2,"name":"Tha\u00eflande : Le D\u00e9partement de la Jeunesse Adventiste Mondiale rassemble 1,300 d\u00e9l\u00e9gu\u00e9s pour des travaux d&rsquo;int\u00e9r\u00eat g\u00e9n\u00e9ral"}]},{"@type":"WebSite","@id":"https:\/\/interamerica.org\/fr\/#website","url":"https:\/\/interamerica.org\/fr\/","name":"\u00c9glise Adventiste Du Septieme Jour - Inter Am\u00e9rique Division","description":"","potentialAction":[{"@type":"SearchAction","target":{"@type":"EntryPoint","urlTemplate":"https:\/\/interamerica.org\/fr\/?s={search_term_string}"},"query-input":{"@type":"PropertyValueSpecification","valueRequired":true,"valueName":"search_term_string"}}],"inLanguage":"fr-FR"},{"@type":"Person","@id":"https:\/\/interamerica.org\/fr\/#\/schema\/person\/68ede8bdc292885bb76c1e3810e73c39","name":"Lorenzo Verduzco","image":{"@type":"ImageObject","inLanguage":"fr-FR","@id":"https:\/\/secure.gravatar.com\/avatar\/fb81a55b6218459490a9c1dc841a34909185b81904c5337b4b27f7a6fd60c49e?s=96&d=mm&r=g","url":"https:\/\/secure.gravatar.com\/avatar\/fb81a55b6218459490a9c1dc841a34909185b81904c5337b4b27f7a6fd60c49e?s=96&d=mm&r=g","contentUrl":"https:\/\/secure.gravatar.com\/avatar\/fb81a55b6218459490a9c1dc841a34909185b81904c5337b4b27f7a6fd60c49e?s=96&d=mm&r=g","caption":"Lorenzo Verduzco"}}]}},"_links":{"self":[{"href":"https:\/\/interamerica.org\/fr\/wp-json\/wp\/v2\/posts\/12121","targetHints":{"allow":["GET"]}}],"collection":[{"href":"https:\/\/interamerica.org\/fr\/wp-json\/wp\/v2\/posts"}],"about":[{"href":"https:\/\/interamerica.org\/fr\/wp-json\/wp\/v2\/types\/post"}],"author":[{"embeddable":true,"href":"https:\/\/interamerica.org\/fr\/wp-json\/wp\/v2\/users\/1"}],"replies":[{"embeddable":true,"href":"https:\/\/interamerica.org\/fr\/wp-json\/wp\/v2\/comments?post=12121"}],"version-history":[{"count":0,"href":"https:\/\/interamerica.org\/fr\/wp-json\/wp\/v2\/posts\/12121\/revisions"}],"wp:attachment":[{"href":"https:\/\/interamerica.org\/fr\/wp-json\/wp\/v2\/media?parent=12121"}],"wp:term":[{"taxonomy":"category","embeddable":true,"href":"https:\/\/interamerica.org\/fr\/wp-json\/wp\/v2\/categories?post=12121"},{"taxonomy":"post_tag","embeddable":true,"href":"https:\/\/interamerica.org\/fr\/wp-json\/wp\/v2\/tags?post=12121"}],"curies":[{"name":"wp","href":"https:\/\/api.w.org\/{rel}","templated":true}]}}