{"id":12122,"date":"2004-01-06T00:00:00","date_gmt":"2004-01-06T04:00:00","guid":{"rendered":"http:\/\/192.81.217.108\/interamerica\/2004\/01\/geneve-nouveau-bureau-permanent-aupres-du-haut-commissariat-des-nations-unies-pour-les-droits-de-lhomme\/"},"modified":"2017-06-02T13:22:36","modified_gmt":"2017-06-02T17:22:36","slug":"geneve-nouveau-bureau-permanent-aupres-du-haut-commissariat-des-nations-unies-pour-les-droits-de-lhomme","status":"publish","type":"post","link":"https:\/\/interamerica.org\/fr\/2004\/01\/geneve-nouveau-bureau-permanent-aupres-du-haut-commissariat-des-nations-unies-pour-les-droits-de-lhomme\/","title":{"rendered":"Gen\u00e8ve : Nouveau bureau permanent\u00a0aupr\u00e8s du Haut commissariat des Nations unies pour les droits de l&rsquo;homme."},"content":{"rendered":"<p>Silver Spring, Maryland<\/p>\n<p>Ce mois est celui o\u00f9 d\u00e9bute le premier stage adventiste aupr\u00e8s du Haut commissariat des Nations unies pour les droits de l&rsquo;homme, \u00e0 Gen\u00e8ve (Suisse). Juan Otoniel Perla, dipl\u00f4m\u00e9 d&rsquo;Andrews University en communication internationale et en culture et civilisation fran\u00e7aises, servira ces sept \u00e0 dix prochains mois, \u00e0 Gen\u00e8ve, comme charg\u00e9 de liaison aupr\u00e8s des Nations unies. \u00ab\u00a0Il est vital, pour l&rsquo;\u00c9glise, d&rsquo;avoir une repr\u00e9sentation permanente aupr\u00e8s des Nations unies \u00e0 Gen\u00e8ve,\u00a0\u00bb d\u00e9clare Jonathan Gallagher, directeur du bureau de liaison de l&rsquo;\u00c9glise adventiste avec les Nations unies.\u00a0 \u00ab\u00a0Nous avons besoin de nous exprimer sur les questions soulev\u00e9es au Haut commissariat pour les droits de l&rsquo;homme, d&rsquo;\u00eatre en liaison r\u00e9guli\u00e8re avec l&rsquo;Organisation mondiale de la sant\u00e9 et ONUSIDA et d&rsquo;avoir de l&rsquo;influence sur les nombreuses missions permanentes, repr\u00e9sentant les 191 nations du monde, qui ont une antenne \u00e0 Gen\u00e8ve.\u00a0\u00bb\u00a0 Gallagher explique que Gen\u00e8ve est le point d&rsquo;ancrage de diverses institutions telles que l&rsquo;Organisation mondiale de la sant\u00e9, ONUSIDA et le Bureau international du travail. \u00ab\u00a0On ne peut rien accomplir sans pr\u00e9sence permanente &#8230; Sans quoi, on n&rsquo;a ni l&rsquo;opportunit\u00e9 de faire la diff\u00e9rence, ni celle de peser r\u00e9ellement sur les dossiers en cours,\u00a0\u00bb ajoute J. Gallagher. Le bureau du Haut commissariat pour les droits de l&rsquo;homme \u00e0 New York dispose actuellement de deux stagiaires repr\u00e9sentant l&rsquo;\u00c9glise adventiste.<\/p>\n","protected":false},"excerpt":{"rendered":"<p>Ce mois est celui o\u00f9 d\u00e9bute le premier stage adventiste aupr\u00e8s du Haut commissariat des Nations unies pour les droits de l&rsquo;homme, \u00e0 Gen\u00e8ve (Suisse).<\/p>\n","protected":false},"author":1,"featured_media":0,"comment_status":"closed","ping_status":"closed","sticky":false,"template":"","format":"standard","meta":{"_acf_changed":false,"footnotes":""},"categories":[9],"tags":[],"class_list":["post-12122","post","type-post","status-publish","format-standard","hentry","category-archive-fr"],"acf":[],"yoast_head":"<!-- This site is optimized with the Yoast SEO plugin v27.3 - https:\/\/yoast.com\/product\/yoast-seo-wordpress\/ -->\n<title>Gen\u00e8ve : Nouveau bureau permanent\u00a0aupr\u00e8s du Haut commissariat des Nations unies pour les droits de l&#039;homme. - \u00c9glise Adventiste Du Septieme Jour - Inter Am\u00e9rique Division<\/title>\n<meta name=\"robots\" content=\"index, follow, max-snippet:-1, max-image-preview:large, max-video-preview:-1\" \/>\n<link rel=\"canonical\" href=\"https:\/\/interamerica.org\/fr\/2004\/01\/geneve-nouveau-bureau-permanent-aupres-du-haut-commissariat-des-nations-unies-pour-les-droits-de-lhomme\/\" \/>\n<meta property=\"og:locale\" content=\"fr_FR\" \/>\n<meta property=\"og:type\" content=\"article\" \/>\n<meta property=\"og:title\" content=\"Gen\u00e8ve : Nouveau bureau permanent\u00a0aupr\u00e8s du Haut commissariat des Nations unies pour les droits de l&#039;homme. - \u00c9glise Adventiste Du Septieme Jour - Inter Am\u00e9rique Division\" \/>\n<meta property=\"og:description\" content=\"Ce mois est celui o\u00f9 d\u00e9bute le premier stage adventiste aupr\u00e8s du Haut commissariat des Nations unies pour les droits de l&#039;homme, \u00e0 Gen\u00e8ve (Suisse).\" \/>\n<meta property=\"og:url\" content=\"https:\/\/interamerica.org\/fr\/2004\/01\/geneve-nouveau-bureau-permanent-aupres-du-haut-commissariat-des-nations-unies-pour-les-droits-de-lhomme\/\" \/>\n<meta property=\"og:site_name\" content=\"\u00c9glise Adventiste Du Septieme Jour - Inter Am\u00e9rique Division\" \/>\n<meta property=\"article:published_time\" content=\"2004-01-06T04:00:00+00:00\" \/>\n<meta property=\"article:modified_time\" content=\"2017-06-02T17:22:36+00:00\" \/>\n<meta name=\"author\" content=\"Lorenzo Verduzco\" \/>\n<meta name=\"twitter:card\" content=\"summary_large_image\" \/>\n<meta name=\"twitter:label1\" content=\"\u00c9crit par\" \/>\n\t<meta name=\"twitter:data1\" content=\"Lorenzo Verduzco\" \/>\n\t<meta name=\"twitter:label2\" content=\"Dur\u00e9e de lecture estim\u00e9e\" \/>\n\t<meta name=\"twitter:data2\" content=\"1 minute\" \/>\n<script type=\"application\/ld+json\" class=\"yoast-schema-graph\">{\"@context\":\"https:\\\/\\\/schema.org\",\"@graph\":[{\"@type\":\"Article\",\"@id\":\"https:\\\/\\\/interamerica.org\\\/fr\\\/2004\\\/01\\\/geneve-nouveau-bureau-permanent-aupres-du-haut-commissariat-des-nations-unies-pour-les-droits-de-lhomme\\\/#article\",\"isPartOf\":{\"@id\":\"https:\\\/\\\/interamerica.org\\\/fr\\\/2004\\\/01\\\/geneve-nouveau-bureau-permanent-aupres-du-haut-commissariat-des-nations-unies-pour-les-droits-de-lhomme\\\/\"},\"author\":{\"name\":\"Lorenzo Verduzco\",\"@id\":\"https:\\\/\\\/interamerica.org\\\/fr\\\/#\\\/schema\\\/person\\\/68ede8bdc292885bb76c1e3810e73c39\"},\"headline\":\"Gen\u00e8ve : Nouveau bureau permanent\u00a0aupr\u00e8s du Haut commissariat des Nations unies pour les droits de l&rsquo;homme.\",\"datePublished\":\"2004-01-06T04:00:00+00:00\",\"dateModified\":\"2017-06-02T17:22:36+00:00\",\"mainEntityOfPage\":{\"@id\":\"https:\\\/\\\/interamerica.org\\\/fr\\\/2004\\\/01\\\/geneve-nouveau-bureau-permanent-aupres-du-haut-commissariat-des-nations-unies-pour-les-droits-de-lhomme\\\/\"},\"wordCount\":266,\"articleSection\":[\"Archive\"],\"inLanguage\":\"fr-FR\"},{\"@type\":\"WebPage\",\"@id\":\"https:\\\/\\\/interamerica.org\\\/fr\\\/2004\\\/01\\\/geneve-nouveau-bureau-permanent-aupres-du-haut-commissariat-des-nations-unies-pour-les-droits-de-lhomme\\\/\",\"url\":\"https:\\\/\\\/interamerica.org\\\/fr\\\/2004\\\/01\\\/geneve-nouveau-bureau-permanent-aupres-du-haut-commissariat-des-nations-unies-pour-les-droits-de-lhomme\\\/\",\"name\":\"Gen\u00e8ve : Nouveau bureau permanent\u00a0aupr\u00e8s du Haut commissariat des Nations unies pour les droits de l'homme. - \u00c9glise Adventiste Du Septieme Jour - Inter Am\u00e9rique Division\",\"isPartOf\":{\"@id\":\"https:\\\/\\\/interamerica.org\\\/fr\\\/#website\"},\"datePublished\":\"2004-01-06T04:00:00+00:00\",\"dateModified\":\"2017-06-02T17:22:36+00:00\",\"author\":{\"@id\":\"https:\\\/\\\/interamerica.org\\\/fr\\\/#\\\/schema\\\/person\\\/68ede8bdc292885bb76c1e3810e73c39\"},\"breadcrumb\":{\"@id\":\"https:\\\/\\\/interamerica.org\\\/fr\\\/2004\\\/01\\\/geneve-nouveau-bureau-permanent-aupres-du-haut-commissariat-des-nations-unies-pour-les-droits-de-lhomme\\\/#breadcrumb\"},\"inLanguage\":\"fr-FR\",\"potentialAction\":[{\"@type\":\"ReadAction\",\"target\":[\"https:\\\/\\\/interamerica.org\\\/fr\\\/2004\\\/01\\\/geneve-nouveau-bureau-permanent-aupres-du-haut-commissariat-des-nations-unies-pour-les-droits-de-lhomme\\\/\"]}]},{\"@type\":\"BreadcrumbList\",\"@id\":\"https:\\\/\\\/interamerica.org\\\/fr\\\/2004\\\/01\\\/geneve-nouveau-bureau-permanent-aupres-du-haut-commissariat-des-nations-unies-pour-les-droits-de-lhomme\\\/#breadcrumb\",\"itemListElement\":[{\"@type\":\"ListItem\",\"position\":1,\"name\":\"Home\",\"item\":\"https:\\\/\\\/interamerica.org\\\/fr\\\/\"},{\"@type\":\"ListItem\",\"position\":2,\"name\":\"Gen\u00e8ve : Nouveau bureau permanent\u00a0aupr\u00e8s du Haut commissariat des Nations unies pour les droits de l&rsquo;homme.\"}]},{\"@type\":\"WebSite\",\"@id\":\"https:\\\/\\\/interamerica.org\\\/fr\\\/#website\",\"url\":\"https:\\\/\\\/interamerica.org\\\/fr\\\/\",\"name\":\"\u00c9glise Adventiste Du Septieme Jour - Inter Am\u00e9rique Division\",\"description\":\"\",\"potentialAction\":[{\"@type\":\"SearchAction\",\"target\":{\"@type\":\"EntryPoint\",\"urlTemplate\":\"https:\\\/\\\/interamerica.org\\\/fr\\\/?s={search_term_string}\"},\"query-input\":{\"@type\":\"PropertyValueSpecification\",\"valueRequired\":true,\"valueName\":\"search_term_string\"}}],\"inLanguage\":\"fr-FR\"},{\"@type\":\"Person\",\"@id\":\"https:\\\/\\\/interamerica.org\\\/fr\\\/#\\\/schema\\\/person\\\/68ede8bdc292885bb76c1e3810e73c39\",\"name\":\"Lorenzo Verduzco\",\"image\":{\"@type\":\"ImageObject\",\"inLanguage\":\"fr-FR\",\"@id\":\"https:\\\/\\\/secure.gravatar.com\\\/avatar\\\/fb81a55b6218459490a9c1dc841a34909185b81904c5337b4b27f7a6fd60c49e?s=96&d=mm&r=g\",\"url\":\"https:\\\/\\\/secure.gravatar.com\\\/avatar\\\/fb81a55b6218459490a9c1dc841a34909185b81904c5337b4b27f7a6fd60c49e?s=96&d=mm&r=g\",\"contentUrl\":\"https:\\\/\\\/secure.gravatar.com\\\/avatar\\\/fb81a55b6218459490a9c1dc841a34909185b81904c5337b4b27f7a6fd60c49e?s=96&d=mm&r=g\",\"caption\":\"Lorenzo Verduzco\"}}]}<\/script>\n<!-- \/ Yoast SEO plugin. -->","yoast_head_json":{"title":"Gen\u00e8ve : Nouveau bureau permanent\u00a0aupr\u00e8s du Haut commissariat des Nations unies pour les droits de l'homme. - \u00c9glise Adventiste Du Septieme Jour - Inter Am\u00e9rique Division","robots":{"index":"index","follow":"follow","max-snippet":"max-snippet:-1","max-image-preview":"max-image-preview:large","max-video-preview":"max-video-preview:-1"},"canonical":"https:\/\/interamerica.org\/fr\/2004\/01\/geneve-nouveau-bureau-permanent-aupres-du-haut-commissariat-des-nations-unies-pour-les-droits-de-lhomme\/","og_locale":"fr_FR","og_type":"article","og_title":"Gen\u00e8ve : Nouveau bureau permanent\u00a0aupr\u00e8s du Haut commissariat des Nations unies pour les droits de l'homme. - \u00c9glise Adventiste Du Septieme Jour - Inter Am\u00e9rique Division","og_description":"Ce mois est celui o\u00f9 d\u00e9bute le premier stage adventiste aupr\u00e8s du Haut commissariat des Nations unies pour les droits de l'homme, \u00e0 Gen\u00e8ve (Suisse).","og_url":"https:\/\/interamerica.org\/fr\/2004\/01\/geneve-nouveau-bureau-permanent-aupres-du-haut-commissariat-des-nations-unies-pour-les-droits-de-lhomme\/","og_site_name":"\u00c9glise Adventiste Du Septieme Jour - Inter Am\u00e9rique Division","article_published_time":"2004-01-06T04:00:00+00:00","article_modified_time":"2017-06-02T17:22:36+00:00","author":"Lorenzo Verduzco","twitter_card":"summary_large_image","twitter_misc":{"\u00c9crit par":"Lorenzo Verduzco","Dur\u00e9e de lecture estim\u00e9e":"1 minute"},"schema":{"@context":"https:\/\/schema.org","@graph":[{"@type":"Article","@id":"https:\/\/interamerica.org\/fr\/2004\/01\/geneve-nouveau-bureau-permanent-aupres-du-haut-commissariat-des-nations-unies-pour-les-droits-de-lhomme\/#article","isPartOf":{"@id":"https:\/\/interamerica.org\/fr\/2004\/01\/geneve-nouveau-bureau-permanent-aupres-du-haut-commissariat-des-nations-unies-pour-les-droits-de-lhomme\/"},"author":{"name":"Lorenzo Verduzco","@id":"https:\/\/interamerica.org\/fr\/#\/schema\/person\/68ede8bdc292885bb76c1e3810e73c39"},"headline":"Gen\u00e8ve : Nouveau bureau permanent\u00a0aupr\u00e8s du Haut commissariat des Nations unies pour les droits de l&rsquo;homme.","datePublished":"2004-01-06T04:00:00+00:00","dateModified":"2017-06-02T17:22:36+00:00","mainEntityOfPage":{"@id":"https:\/\/interamerica.org\/fr\/2004\/01\/geneve-nouveau-bureau-permanent-aupres-du-haut-commissariat-des-nations-unies-pour-les-droits-de-lhomme\/"},"wordCount":266,"articleSection":["Archive"],"inLanguage":"fr-FR"},{"@type":"WebPage","@id":"https:\/\/interamerica.org\/fr\/2004\/01\/geneve-nouveau-bureau-permanent-aupres-du-haut-commissariat-des-nations-unies-pour-les-droits-de-lhomme\/","url":"https:\/\/interamerica.org\/fr\/2004\/01\/geneve-nouveau-bureau-permanent-aupres-du-haut-commissariat-des-nations-unies-pour-les-droits-de-lhomme\/","name":"Gen\u00e8ve : Nouveau bureau permanent\u00a0aupr\u00e8s du Haut commissariat des Nations unies pour les droits de l'homme. - \u00c9glise Adventiste Du Septieme Jour - Inter Am\u00e9rique Division","isPartOf":{"@id":"https:\/\/interamerica.org\/fr\/#website"},"datePublished":"2004-01-06T04:00:00+00:00","dateModified":"2017-06-02T17:22:36+00:00","author":{"@id":"https:\/\/interamerica.org\/fr\/#\/schema\/person\/68ede8bdc292885bb76c1e3810e73c39"},"breadcrumb":{"@id":"https:\/\/interamerica.org\/fr\/2004\/01\/geneve-nouveau-bureau-permanent-aupres-du-haut-commissariat-des-nations-unies-pour-les-droits-de-lhomme\/#breadcrumb"},"inLanguage":"fr-FR","potentialAction":[{"@type":"ReadAction","target":["https:\/\/interamerica.org\/fr\/2004\/01\/geneve-nouveau-bureau-permanent-aupres-du-haut-commissariat-des-nations-unies-pour-les-droits-de-lhomme\/"]}]},{"@type":"BreadcrumbList","@id":"https:\/\/interamerica.org\/fr\/2004\/01\/geneve-nouveau-bureau-permanent-aupres-du-haut-commissariat-des-nations-unies-pour-les-droits-de-lhomme\/#breadcrumb","itemListElement":[{"@type":"ListItem","position":1,"name":"Home","item":"https:\/\/interamerica.org\/fr\/"},{"@type":"ListItem","position":2,"name":"Gen\u00e8ve : Nouveau bureau permanent\u00a0aupr\u00e8s du Haut commissariat des Nations unies pour les droits de l&rsquo;homme."}]},{"@type":"WebSite","@id":"https:\/\/interamerica.org\/fr\/#website","url":"https:\/\/interamerica.org\/fr\/","name":"\u00c9glise Adventiste Du Septieme Jour - Inter Am\u00e9rique Division","description":"","potentialAction":[{"@type":"SearchAction","target":{"@type":"EntryPoint","urlTemplate":"https:\/\/interamerica.org\/fr\/?s={search_term_string}"},"query-input":{"@type":"PropertyValueSpecification","valueRequired":true,"valueName":"search_term_string"}}],"inLanguage":"fr-FR"},{"@type":"Person","@id":"https:\/\/interamerica.org\/fr\/#\/schema\/person\/68ede8bdc292885bb76c1e3810e73c39","name":"Lorenzo Verduzco","image":{"@type":"ImageObject","inLanguage":"fr-FR","@id":"https:\/\/secure.gravatar.com\/avatar\/fb81a55b6218459490a9c1dc841a34909185b81904c5337b4b27f7a6fd60c49e?s=96&d=mm&r=g","url":"https:\/\/secure.gravatar.com\/avatar\/fb81a55b6218459490a9c1dc841a34909185b81904c5337b4b27f7a6fd60c49e?s=96&d=mm&r=g","contentUrl":"https:\/\/secure.gravatar.com\/avatar\/fb81a55b6218459490a9c1dc841a34909185b81904c5337b4b27f7a6fd60c49e?s=96&d=mm&r=g","caption":"Lorenzo Verduzco"}}]}},"_links":{"self":[{"href":"https:\/\/interamerica.org\/fr\/wp-json\/wp\/v2\/posts\/12122","targetHints":{"allow":["GET"]}}],"collection":[{"href":"https:\/\/interamerica.org\/fr\/wp-json\/wp\/v2\/posts"}],"about":[{"href":"https:\/\/interamerica.org\/fr\/wp-json\/wp\/v2\/types\/post"}],"author":[{"embeddable":true,"href":"https:\/\/interamerica.org\/fr\/wp-json\/wp\/v2\/users\/1"}],"replies":[{"embeddable":true,"href":"https:\/\/interamerica.org\/fr\/wp-json\/wp\/v2\/comments?post=12122"}],"version-history":[{"count":0,"href":"https:\/\/interamerica.org\/fr\/wp-json\/wp\/v2\/posts\/12122\/revisions"}],"wp:attachment":[{"href":"https:\/\/interamerica.org\/fr\/wp-json\/wp\/v2\/media?parent=12122"}],"wp:term":[{"taxonomy":"category","embeddable":true,"href":"https:\/\/interamerica.org\/fr\/wp-json\/wp\/v2\/categories?post=12122"},{"taxonomy":"post_tag","embeddable":true,"href":"https:\/\/interamerica.org\/fr\/wp-json\/wp\/v2\/tags?post=12122"}],"curies":[{"name":"wp","href":"https:\/\/api.w.org\/{rel}","templated":true}]}}