{"id":12124,"date":"2004-01-15T00:00:00","date_gmt":"2004-01-15T04:00:00","guid":{"rendered":"http:\/\/192.81.217.108\/interamerica\/2004\/01\/eglise-mondiale-une-enquete-sur-le-sabbat-fait-apparaitre-des-points-communs-et-des-differences-dans-son-observance\/"},"modified":"2017-06-02T13:22:33","modified_gmt":"2017-06-02T17:22:33","slug":"eglise-mondiale-une-enquete-sur-le-sabbat-fait-apparaitre-des-points-communs-et-des-differences-dans-son-observance","status":"publish","type":"post","link":"https:\/\/interamerica.org\/fr\/2004\/01\/eglise-mondiale-une-enquete-sur-le-sabbat-fait-apparaitre-des-points-communs-et-des-differences-dans-son-observance\/","title":{"rendered":"\u00c9glise mondiale : Une enqu\u00eate sur le Sabbat fait appara\u00eetre des points communs et des diff\u00e9rences dans son observance \u00a0\u00a0"},"content":{"rendered":"<p>Silver Spring, Maryland, \u00c9tats unis &#8230;<\/p>\n<p>quelque 13 millions de membres d&rsquo;\u00c9glise dans le monde entier avec, estime-t-on, 7 autres millions de personnes qui prennent part elles aussi aux cultes hebdomadaires &#8212; sont unis dans leur respect du Sabbat, ou samedi, comme jour sacr\u00e9 et la pr\u00e9sence \u00e0 l&rsquo;\u00e9glise et \u00e0 l&rsquo;\u00e9cole du Sabbat sont les caract\u00e9ristiques communes premi\u00e8res de ce respect. Mais il en est d&rsquo;autres qui sont diff\u00e9rentes, et ce jour de repos devient aussi cause de stress pour les personnes charg\u00e9es de responsabilit\u00e9s eccl\u00e9siales. <\/p>\n<p>Ces informations proviennent d&rsquo;une r\u00e9cente th\u00e8se de doctorat qui fait la synth\u00e8se d&rsquo;une enqu\u00eate effectu\u00e9e dans 51 pays pour savoir comment les adventistes du septi\u00e8me jour observent le Sabbat. C&rsquo;est May-Ellen Col\u00f3n, directeur adjoint du d\u00e9partement de l&rsquo;\u00e9cole du Sabbat au si\u00e8ge de l&rsquo;\u00c9glise mondiale, qui a soutenu cette th\u00e8se intitul\u00e9e \u00ab Sabbath-Keeping Practices and Factors Related to these Practices Among Seventh-day Adventists in 51 Countries \u00bb (Pratiques de l&rsquo;observance du Sabbat et facteurs aff\u00e9rents \u00e0 ces pratiques chez les adventistes du septi\u00e8me jour dans 51 pays). La soutenance s&rsquo;est d\u00e9roul\u00e9e \u00e0 Andrews University le 10 d\u00e9cembre 2003. <\/p>\n<p>\u00ab Au plan interculturel, je m&rsquo;attendais \u00e0 plus de diff\u00e9rences, \u00bb dit May-Ellen Col\u00f3n, qui a commenc\u00e9 en 1991 son programme de doctorat. Il y a cependant de l\u00e9g\u00e8res variations d&rsquo;une culture \u00e0 l&rsquo;autre dans les modalit\u00e9s d&rsquo;observance du Sabbat biblique. \u00ab Et il est normal qu&rsquo;il en soit ainsi, \u00bb commente-t-elle. <\/p>\n<p>Son travail de recherche l&rsquo;a amen\u00e9e \u00e0 traiter plus de 3 000 questionnaires renvoy\u00e9s par des membres d&rsquo;\u00c9glise de 51 pays, les formulaires ayant \u00e9t\u00e9 \u00e9tablis en cinq langues (allemand, anglais, espagnol, fran\u00e7ais et russe). <\/p>\n<p>Si le Sabbat est jour de repos pour de nombreux adventistes, Mme Col\u00f3n a aussi d\u00e9couvert qu&rsquo;il est source de stress pour de nombreux responsables d&rsquo;\u00c9glise. La routine hebdomadaire des activit\u00e9s sabbatiques qui les absorbe, car ils ont souvent des pr\u00e9dications \u00e0 prononcer et plusieurs congr\u00e9gations \u00e0 visiter, peut exercer une pression certaine sur leur vie familiale. Ce qui peut en retour, disent certains, \u00e9liminer la joie du Sabbat. <\/p>\n<p>Se rendre \u00e0 l&rsquo;\u00e9glise et \u00e0 l&rsquo;\u00c9cole du Sabbat constitue la manifestation la plus visible de l&rsquo;observance du Sabbat par les membres d&rsquo;\u00c9glise. On rel\u00e8ve que les femmes accordent plus d&rsquo;importance aux aspects relationnels du Sabbat. Mme Col\u00f3n s&rsquo;est aussi rendu compte que 26 % seulement des personnes ayant r\u00e9pondu \u00e0 l&rsquo;enqu\u00eate faisaient figurer des activit\u00e9s de service &#8212; visites aux malades et aux membres absents, aider les indigents &#8212; dans leur observance du Sabbat. <\/p>\n<p>\u00ab C&rsquo;est un jour consacr\u00e9 \u00e0 la gu\u00e9rison, \u00bb d\u00e9clare May-Ellen Col\u00f3n, qui esp\u00e8re publier un livre tir\u00e9 de sa th\u00e8se. \u00ab J\u00e9sus a gu\u00e9ri des gens pendant le Sabbat, cela a \u00e9t\u00e9 not\u00e9 sept fois. \u00bb <\/p>\n<p>Les premiers pionniers de l&rsquo;\u00c9glise adventiste ne mettaient pas l&rsquo;accent sur les aspects pratiques du Sabbat, poursuit-elle. Ils l&rsquo;abordaient plut\u00f4t sous l&rsquo;angle th\u00e9ologique et apolog\u00e9tique &#8212; d\u00e9fendant la notion m\u00eame de Sabbat. <\/p>\n<p>Cofondatrice de l&rsquo;\u00c9glise, Ellen White a d&rsquo;abord observ\u00e9 le Sabbat de 18h00 le vendredi \u00e0 18h00 le samedi. James White, son mari, a demand\u00e9 \u00e0 J.N. Andrews d&rsquo;\u00e9tudier la question de mani\u00e8re plus syst\u00e9matique. En 1855, ce dernier a \u00e9crit un article expliquant que le Sabbat allait du vendredi au coucher du soleil au samedi au coucher du soleil. En 1861, il publia ses \u00e9tudes rassembl\u00e9es dans l&rsquo;ouvrage \u00ab Histoire du Sabbat et du premier jour. \u00bb <\/p>\n<p>May-Ellen Col\u00f3n dit qu&rsquo;apr\u00e8s que l&rsquo;\u00c9glise ait pris de l&rsquo;assurance quant \u00e0 sa position sur le Sabbat du septi\u00e8me jour, ses publications se sont alors plus consacr\u00e9es \u00e0 la mani\u00e8re d&rsquo;observer le Sabbat, r\u00e9pondant \u00e0 des questions telles que : les adventistes peuvent-ils aller au bureau de poste, ou couper du bois, le samedi ? Dans l&rsquo;\u00c9tat du Vermont, certains ont \u00e9t\u00e9 accus\u00e9s de venir \u00e0 cheval aux r\u00e9unions et aux conf\u00e9rences, ce qui suscitait la d\u00e9sapprobation . <\/p>\n<p>\u00ab D\u00e8s lors, l&rsquo;identit\u00e9 adventiste fut solidement \u00e9tablie vis \u00e0 vis du Sabbat, \u00bb dit Mme Col\u00f3n. Les adventistes n&rsquo;avaient plus besoin de consacrer autant de temps \u00e0 en d\u00e9fendre le principe. \u00c0 partir des ann\u00e9es 1880, l&rsquo;\u00c9glise a accentu\u00e9 sa mise en lumi\u00e8re du salut par la gr\u00e2ce, explique-t-elle. \u00ab Les membres d&rsquo;\u00c9glise respectaient le Sabbat par amour du Seigneur, et non parce que c&rsquo;\u00e9tait \u00ab\u00a0ce qu&rsquo;il fallait faire de correct\u00a0\u00bb. \u00bb <\/p>\n<p>\u00ab Il faut que nous encouragions les membres d&rsquo;\u00c9glise \u00e0 faire d\u00e9lib\u00e9r\u00e9ment du Sabbat un jour attrayant et plein de joie, \u00bb dit-elle. <\/p>\n<p>Elle remercie le personnel du si\u00e8ge de l&rsquo;\u00c9glise qui l&rsquo;a aid\u00e9 en emportant, lors de ses divers d\u00e9placements, les formulaires d&rsquo;enqu\u00eate et leurs 99 questions. \u00ab Ces gens les ont emport\u00e9s jusqu&rsquo;au bout du monde, \u00bb dit-elle. <\/p>\n<p>Les formulaires ont \u00e9t\u00e9 remis aux adventistes qui se rendaient d\u00e9j\u00e0 \u00e0 l&rsquo;\u00c9glise. 40 % des personnes qui y ont r\u00e9pondu \u00e9taient des dirigeants d&rsquo;\u00c9glise, les 60 % restant \u00e9tant simplement membres de l&rsquo;\u00c9glise adventiste. \u00ab Je sais que cela ne refl\u00e8te pas la proportion r\u00e9elle entre membres et dirigeants au sein de l&rsquo;\u00c9glise, dit Mme Col\u00f3n. Il ne s&rsquo;agissait pas d&rsquo;un \u00e9chantillon al\u00e9atoire \u2026 Nous n&rsquo;avons touch\u00e9 que le dessus du panier. \u00bb<\/p>\n","protected":false},"excerpt":{"rendered":"<p>Les adventistes du septi\u00e8me jour &#8212; quelque 13 millions de membres d&rsquo;\u00c9glise dans le monde entier avec, estime-t-on, 7 autres millions de personnes qui prennent part elles aussi aux cultes hebdomadaires &#8212; sont unis dans leur respect du Sabb<\/p>\n","protected":false},"author":1,"featured_media":0,"comment_status":"closed","ping_status":"closed","sticky":false,"template":"","format":"standard","meta":{"_acf_changed":false,"footnotes":""},"categories":[9],"tags":[],"class_list":["post-12124","post","type-post","status-publish","format-standard","hentry","category-archive-fr"],"acf":[],"yoast_head":"<!-- This site is optimized with the Yoast SEO plugin v27.3 - https:\/\/yoast.com\/product\/yoast-seo-wordpress\/ -->\n<title>\u00c9glise mondiale : Une enqu\u00eate sur le Sabbat fait appara\u00eetre des points communs et des diff\u00e9rences dans son observance \u00a0\u00a0 - \u00c9glise Adventiste Du Septieme Jour - Inter Am\u00e9rique Division<\/title>\n<meta name=\"robots\" content=\"index, follow, max-snippet:-1, max-image-preview:large, max-video-preview:-1\" \/>\n<link rel=\"canonical\" href=\"https:\/\/interamerica.org\/fr\/2004\/01\/eglise-mondiale-une-enquete-sur-le-sabbat-fait-apparaitre-des-points-communs-et-des-differences-dans-son-observance\/\" \/>\n<meta property=\"og:locale\" content=\"fr_FR\" \/>\n<meta property=\"og:type\" content=\"article\" \/>\n<meta property=\"og:title\" content=\"\u00c9glise mondiale : Une enqu\u00eate sur le Sabbat fait appara\u00eetre des points communs et des diff\u00e9rences dans son observance \u00a0\u00a0 - \u00c9glise Adventiste Du Septieme Jour - Inter Am\u00e9rique Division\" \/>\n<meta property=\"og:description\" content=\"Les adventistes du septi\u00e8me jour -- quelque 13 millions de membres d&#039;\u00c9glise dans le monde entier avec, estime-t-on, 7 autres millions de personnes qui prennent part elles aussi aux cultes hebdomadaires -- sont unis dans leur respect du Sabb\" \/>\n<meta property=\"og:url\" content=\"https:\/\/interamerica.org\/fr\/2004\/01\/eglise-mondiale-une-enquete-sur-le-sabbat-fait-apparaitre-des-points-communs-et-des-differences-dans-son-observance\/\" \/>\n<meta property=\"og:site_name\" content=\"\u00c9glise Adventiste Du Septieme Jour - Inter Am\u00e9rique Division\" \/>\n<meta property=\"article:published_time\" content=\"2004-01-15T04:00:00+00:00\" \/>\n<meta property=\"article:modified_time\" content=\"2017-06-02T17:22:33+00:00\" \/>\n<meta name=\"author\" content=\"Lorenzo Verduzco\" \/>\n<meta name=\"twitter:card\" content=\"summary_large_image\" \/>\n<meta name=\"twitter:label1\" content=\"\u00c9crit par\" \/>\n\t<meta name=\"twitter:data1\" content=\"Lorenzo Verduzco\" \/>\n\t<meta name=\"twitter:label2\" content=\"Dur\u00e9e de lecture estim\u00e9e\" \/>\n\t<meta name=\"twitter:data2\" content=\"4 minutes\" \/>\n<script type=\"application\/ld+json\" class=\"yoast-schema-graph\">{\"@context\":\"https:\\\/\\\/schema.org\",\"@graph\":[{\"@type\":\"Article\",\"@id\":\"https:\\\/\\\/interamerica.org\\\/fr\\\/2004\\\/01\\\/eglise-mondiale-une-enquete-sur-le-sabbat-fait-apparaitre-des-points-communs-et-des-differences-dans-son-observance\\\/#article\",\"isPartOf\":{\"@id\":\"https:\\\/\\\/interamerica.org\\\/fr\\\/2004\\\/01\\\/eglise-mondiale-une-enquete-sur-le-sabbat-fait-apparaitre-des-points-communs-et-des-differences-dans-son-observance\\\/\"},\"author\":{\"name\":\"Lorenzo Verduzco\",\"@id\":\"https:\\\/\\\/interamerica.org\\\/fr\\\/#\\\/schema\\\/person\\\/68ede8bdc292885bb76c1e3810e73c39\"},\"headline\":\"\u00c9glise mondiale : Une enqu\u00eate sur le Sabbat fait appara\u00eetre des points communs et des diff\u00e9rences dans son observance \u00a0\u00a0\",\"datePublished\":\"2004-01-15T04:00:00+00:00\",\"dateModified\":\"2017-06-02T17:22:33+00:00\",\"mainEntityOfPage\":{\"@id\":\"https:\\\/\\\/interamerica.org\\\/fr\\\/2004\\\/01\\\/eglise-mondiale-une-enquete-sur-le-sabbat-fait-apparaitre-des-points-communs-et-des-differences-dans-son-observance\\\/\"},\"wordCount\":941,\"articleSection\":[\"Archive\"],\"inLanguage\":\"fr-FR\"},{\"@type\":\"WebPage\",\"@id\":\"https:\\\/\\\/interamerica.org\\\/fr\\\/2004\\\/01\\\/eglise-mondiale-une-enquete-sur-le-sabbat-fait-apparaitre-des-points-communs-et-des-differences-dans-son-observance\\\/\",\"url\":\"https:\\\/\\\/interamerica.org\\\/fr\\\/2004\\\/01\\\/eglise-mondiale-une-enquete-sur-le-sabbat-fait-apparaitre-des-points-communs-et-des-differences-dans-son-observance\\\/\",\"name\":\"\u00c9glise mondiale : Une enqu\u00eate sur le Sabbat fait appara\u00eetre des points communs et des diff\u00e9rences dans son observance \u00a0\u00a0 - \u00c9glise Adventiste Du Septieme Jour - Inter Am\u00e9rique Division\",\"isPartOf\":{\"@id\":\"https:\\\/\\\/interamerica.org\\\/fr\\\/#website\"},\"datePublished\":\"2004-01-15T04:00:00+00:00\",\"dateModified\":\"2017-06-02T17:22:33+00:00\",\"author\":{\"@id\":\"https:\\\/\\\/interamerica.org\\\/fr\\\/#\\\/schema\\\/person\\\/68ede8bdc292885bb76c1e3810e73c39\"},\"breadcrumb\":{\"@id\":\"https:\\\/\\\/interamerica.org\\\/fr\\\/2004\\\/01\\\/eglise-mondiale-une-enquete-sur-le-sabbat-fait-apparaitre-des-points-communs-et-des-differences-dans-son-observance\\\/#breadcrumb\"},\"inLanguage\":\"fr-FR\",\"potentialAction\":[{\"@type\":\"ReadAction\",\"target\":[\"https:\\\/\\\/interamerica.org\\\/fr\\\/2004\\\/01\\\/eglise-mondiale-une-enquete-sur-le-sabbat-fait-apparaitre-des-points-communs-et-des-differences-dans-son-observance\\\/\"]}]},{\"@type\":\"BreadcrumbList\",\"@id\":\"https:\\\/\\\/interamerica.org\\\/fr\\\/2004\\\/01\\\/eglise-mondiale-une-enquete-sur-le-sabbat-fait-apparaitre-des-points-communs-et-des-differences-dans-son-observance\\\/#breadcrumb\",\"itemListElement\":[{\"@type\":\"ListItem\",\"position\":1,\"name\":\"Home\",\"item\":\"https:\\\/\\\/interamerica.org\\\/fr\\\/\"},{\"@type\":\"ListItem\",\"position\":2,\"name\":\"\u00c9glise mondiale : Une enqu\u00eate sur le Sabbat fait appara\u00eetre des points communs et des diff\u00e9rences dans son observance \u00a0\u00a0\"}]},{\"@type\":\"WebSite\",\"@id\":\"https:\\\/\\\/interamerica.org\\\/fr\\\/#website\",\"url\":\"https:\\\/\\\/interamerica.org\\\/fr\\\/\",\"name\":\"\u00c9glise Adventiste Du Septieme Jour - Inter Am\u00e9rique Division\",\"description\":\"\",\"potentialAction\":[{\"@type\":\"SearchAction\",\"target\":{\"@type\":\"EntryPoint\",\"urlTemplate\":\"https:\\\/\\\/interamerica.org\\\/fr\\\/?s={search_term_string}\"},\"query-input\":{\"@type\":\"PropertyValueSpecification\",\"valueRequired\":true,\"valueName\":\"search_term_string\"}}],\"inLanguage\":\"fr-FR\"},{\"@type\":\"Person\",\"@id\":\"https:\\\/\\\/interamerica.org\\\/fr\\\/#\\\/schema\\\/person\\\/68ede8bdc292885bb76c1e3810e73c39\",\"name\":\"Lorenzo Verduzco\",\"image\":{\"@type\":\"ImageObject\",\"inLanguage\":\"fr-FR\",\"@id\":\"https:\\\/\\\/secure.gravatar.com\\\/avatar\\\/fb81a55b6218459490a9c1dc841a34909185b81904c5337b4b27f7a6fd60c49e?s=96&d=mm&r=g\",\"url\":\"https:\\\/\\\/secure.gravatar.com\\\/avatar\\\/fb81a55b6218459490a9c1dc841a34909185b81904c5337b4b27f7a6fd60c49e?s=96&d=mm&r=g\",\"contentUrl\":\"https:\\\/\\\/secure.gravatar.com\\\/avatar\\\/fb81a55b6218459490a9c1dc841a34909185b81904c5337b4b27f7a6fd60c49e?s=96&d=mm&r=g\",\"caption\":\"Lorenzo Verduzco\"}}]}<\/script>\n<!-- \/ Yoast SEO plugin. -->","yoast_head_json":{"title":"\u00c9glise mondiale : Une enqu\u00eate sur le Sabbat fait appara\u00eetre des points communs et des diff\u00e9rences dans son observance \u00a0\u00a0 - \u00c9glise Adventiste Du Septieme Jour - Inter Am\u00e9rique Division","robots":{"index":"index","follow":"follow","max-snippet":"max-snippet:-1","max-image-preview":"max-image-preview:large","max-video-preview":"max-video-preview:-1"},"canonical":"https:\/\/interamerica.org\/fr\/2004\/01\/eglise-mondiale-une-enquete-sur-le-sabbat-fait-apparaitre-des-points-communs-et-des-differences-dans-son-observance\/","og_locale":"fr_FR","og_type":"article","og_title":"\u00c9glise mondiale : Une enqu\u00eate sur le Sabbat fait appara\u00eetre des points communs et des diff\u00e9rences dans son observance \u00a0\u00a0 - \u00c9glise Adventiste Du Septieme Jour - Inter Am\u00e9rique Division","og_description":"Les adventistes du septi\u00e8me jour -- quelque 13 millions de membres d'\u00c9glise dans le monde entier avec, estime-t-on, 7 autres millions de personnes qui prennent part elles aussi aux cultes hebdomadaires -- sont unis dans leur respect du Sabb","og_url":"https:\/\/interamerica.org\/fr\/2004\/01\/eglise-mondiale-une-enquete-sur-le-sabbat-fait-apparaitre-des-points-communs-et-des-differences-dans-son-observance\/","og_site_name":"\u00c9glise Adventiste Du Septieme Jour - Inter Am\u00e9rique Division","article_published_time":"2004-01-15T04:00:00+00:00","article_modified_time":"2017-06-02T17:22:33+00:00","author":"Lorenzo Verduzco","twitter_card":"summary_large_image","twitter_misc":{"\u00c9crit par":"Lorenzo Verduzco","Dur\u00e9e de lecture estim\u00e9e":"4 minutes"},"schema":{"@context":"https:\/\/schema.org","@graph":[{"@type":"Article","@id":"https:\/\/interamerica.org\/fr\/2004\/01\/eglise-mondiale-une-enquete-sur-le-sabbat-fait-apparaitre-des-points-communs-et-des-differences-dans-son-observance\/#article","isPartOf":{"@id":"https:\/\/interamerica.org\/fr\/2004\/01\/eglise-mondiale-une-enquete-sur-le-sabbat-fait-apparaitre-des-points-communs-et-des-differences-dans-son-observance\/"},"author":{"name":"Lorenzo Verduzco","@id":"https:\/\/interamerica.org\/fr\/#\/schema\/person\/68ede8bdc292885bb76c1e3810e73c39"},"headline":"\u00c9glise mondiale : Une enqu\u00eate sur le Sabbat fait appara\u00eetre des points communs et des diff\u00e9rences dans son observance \u00a0\u00a0","datePublished":"2004-01-15T04:00:00+00:00","dateModified":"2017-06-02T17:22:33+00:00","mainEntityOfPage":{"@id":"https:\/\/interamerica.org\/fr\/2004\/01\/eglise-mondiale-une-enquete-sur-le-sabbat-fait-apparaitre-des-points-communs-et-des-differences-dans-son-observance\/"},"wordCount":941,"articleSection":["Archive"],"inLanguage":"fr-FR"},{"@type":"WebPage","@id":"https:\/\/interamerica.org\/fr\/2004\/01\/eglise-mondiale-une-enquete-sur-le-sabbat-fait-apparaitre-des-points-communs-et-des-differences-dans-son-observance\/","url":"https:\/\/interamerica.org\/fr\/2004\/01\/eglise-mondiale-une-enquete-sur-le-sabbat-fait-apparaitre-des-points-communs-et-des-differences-dans-son-observance\/","name":"\u00c9glise mondiale : Une enqu\u00eate sur le Sabbat fait appara\u00eetre des points communs et des diff\u00e9rences dans son observance \u00a0\u00a0 - \u00c9glise Adventiste Du Septieme Jour - Inter Am\u00e9rique Division","isPartOf":{"@id":"https:\/\/interamerica.org\/fr\/#website"},"datePublished":"2004-01-15T04:00:00+00:00","dateModified":"2017-06-02T17:22:33+00:00","author":{"@id":"https:\/\/interamerica.org\/fr\/#\/schema\/person\/68ede8bdc292885bb76c1e3810e73c39"},"breadcrumb":{"@id":"https:\/\/interamerica.org\/fr\/2004\/01\/eglise-mondiale-une-enquete-sur-le-sabbat-fait-apparaitre-des-points-communs-et-des-differences-dans-son-observance\/#breadcrumb"},"inLanguage":"fr-FR","potentialAction":[{"@type":"ReadAction","target":["https:\/\/interamerica.org\/fr\/2004\/01\/eglise-mondiale-une-enquete-sur-le-sabbat-fait-apparaitre-des-points-communs-et-des-differences-dans-son-observance\/"]}]},{"@type":"BreadcrumbList","@id":"https:\/\/interamerica.org\/fr\/2004\/01\/eglise-mondiale-une-enquete-sur-le-sabbat-fait-apparaitre-des-points-communs-et-des-differences-dans-son-observance\/#breadcrumb","itemListElement":[{"@type":"ListItem","position":1,"name":"Home","item":"https:\/\/interamerica.org\/fr\/"},{"@type":"ListItem","position":2,"name":"\u00c9glise mondiale : Une enqu\u00eate sur le Sabbat fait appara\u00eetre des points communs et des diff\u00e9rences dans son observance \u00a0\u00a0"}]},{"@type":"WebSite","@id":"https:\/\/interamerica.org\/fr\/#website","url":"https:\/\/interamerica.org\/fr\/","name":"\u00c9glise Adventiste Du Septieme Jour - Inter Am\u00e9rique Division","description":"","potentialAction":[{"@type":"SearchAction","target":{"@type":"EntryPoint","urlTemplate":"https:\/\/interamerica.org\/fr\/?s={search_term_string}"},"query-input":{"@type":"PropertyValueSpecification","valueRequired":true,"valueName":"search_term_string"}}],"inLanguage":"fr-FR"},{"@type":"Person","@id":"https:\/\/interamerica.org\/fr\/#\/schema\/person\/68ede8bdc292885bb76c1e3810e73c39","name":"Lorenzo Verduzco","image":{"@type":"ImageObject","inLanguage":"fr-FR","@id":"https:\/\/secure.gravatar.com\/avatar\/fb81a55b6218459490a9c1dc841a34909185b81904c5337b4b27f7a6fd60c49e?s=96&d=mm&r=g","url":"https:\/\/secure.gravatar.com\/avatar\/fb81a55b6218459490a9c1dc841a34909185b81904c5337b4b27f7a6fd60c49e?s=96&d=mm&r=g","contentUrl":"https:\/\/secure.gravatar.com\/avatar\/fb81a55b6218459490a9c1dc841a34909185b81904c5337b4b27f7a6fd60c49e?s=96&d=mm&r=g","caption":"Lorenzo Verduzco"}}]}},"_links":{"self":[{"href":"https:\/\/interamerica.org\/fr\/wp-json\/wp\/v2\/posts\/12124","targetHints":{"allow":["GET"]}}],"collection":[{"href":"https:\/\/interamerica.org\/fr\/wp-json\/wp\/v2\/posts"}],"about":[{"href":"https:\/\/interamerica.org\/fr\/wp-json\/wp\/v2\/types\/post"}],"author":[{"embeddable":true,"href":"https:\/\/interamerica.org\/fr\/wp-json\/wp\/v2\/users\/1"}],"replies":[{"embeddable":true,"href":"https:\/\/interamerica.org\/fr\/wp-json\/wp\/v2\/comments?post=12124"}],"version-history":[{"count":0,"href":"https:\/\/interamerica.org\/fr\/wp-json\/wp\/v2\/posts\/12124\/revisions"}],"wp:attachment":[{"href":"https:\/\/interamerica.org\/fr\/wp-json\/wp\/v2\/media?parent=12124"}],"wp:term":[{"taxonomy":"category","embeddable":true,"href":"https:\/\/interamerica.org\/fr\/wp-json\/wp\/v2\/categories?post=12124"},{"taxonomy":"post_tag","embeddable":true,"href":"https:\/\/interamerica.org\/fr\/wp-json\/wp\/v2\/tags?post=12124"}],"curies":[{"name":"wp","href":"https:\/\/api.w.org\/{rel}","templated":true}]}}