{"id":12128,"date":"2004-02-02T00:00:00","date_gmt":"2004-02-02T04:00:00","guid":{"rendered":"http:\/\/192.81.217.108\/interamerica\/2004\/02\/reportage-de-ann-leglise-reste-a-lavant-garde-de-leffort-anti-tabac\/"},"modified":"2017-06-02T13:22:31","modified_gmt":"2017-06-02T17:22:31","slug":"reportage-de-ann-leglise-reste-a-lavant-garde-de-leffort-anti-tabac","status":"publish","type":"post","link":"https:\/\/interamerica.org\/fr\/2004\/02\/reportage-de-ann-leglise-reste-a-lavant-garde-de-leffort-anti-tabac\/","title":{"rendered":"reportage de ANN : L&rsquo;Eglise reste \u00e0 l&rsquo;avant-garde de l&rsquo;effort anti tabac"},"content":{"rendered":"<p>Joshua et Jakoby Jenkins, \u00e2g\u00e9s de 10 et 7 ans, se rendaient avec leur m\u00e8re \u00e0 leur le\u00e7on de piano quand ils entendirent \u00e0 la radio le Dr. DeWitt Williams, directeur des minist\u00e8res de sant\u00e9 de l&rsquo;\u00c9glise adventiste d&rsquo;Am\u00e9rique du Nord, annon\u00e7ant la tenue prochaine d&rsquo;un programme d&rsquo;abandon de la cigarette. M\u00eame une fois arriv\u00e9s \u00e0 destination, ils sont rest\u00e9s dans la voiture pour \u00e9couter et apr\u00e8s leur le\u00e7on de piano, les deux fr\u00e8res se dirent : \u00ab Il faut brancher Papa l\u00e0-dessus, ce soir. \u00bb <\/p>\n<p>Le p\u00e8re de Joshua et de Jakoby, Cumberland Jenkins, parviendra, lors de sa prochaine s\u00e9ance, \u00e0 la conclusion r\u00e9ussie du programme \u00ab Breathe-Free \u00bb d&rsquo;abandon du tabac. \u00ab Je n&rsquo;ai jamais vu quelqu&rsquo;un venir [aux cours] avec un pareil groupe de soutien&#8230;toute sa famille qu&rsquo;il a amen\u00e9e, \u00bb raconte le Dr. Williams. <\/p>\n<p>Malgr\u00e9 les lignes t\u00e9l\u00e9phoniques \u00e0 appel gratuit pour aider les gens qui veulent cesser de fumer, malgr\u00e9 toute une gamme de produits pharmaceutiques d&rsquo;aide au sevrage, ainsi que la plus forte opprobre sociale peut-\u00eatre jamais subie par les fumeurs, il y a encore aux \u00c9tats-Unis quelque 50 millions de personnes qui fument, comme c&rsquo;\u00e9tait le cas du p\u00e8re de Joshua et de Jakoby. <\/p>\n<p>Ils sont nombreux pour qui janvier 2004 est le mois anniversaire d&rsquo;une \u00e9tape majeure dans la lutte contre le tabagisme : en 1964, le Dr. Luther L. Terry, alors m\u00e9decin-g\u00e9n\u00e9ral aux \u00a0\u00c9tats-Unis et important porte-parole du pays en mati\u00e8re de sant\u00e9 publique, a publi\u00e9 un rapport faisant le lien entre le tabagisme et le cancer. Ce fut le d\u00e9part d&rsquo;un d\u00e9veloppement soutenu de la lutte contre la cigarette et de nos jours, plusieurs \u00c9tats et municipalit\u00e9s en prohibent la consommation dans tous les lieux publics et bureaux. <\/p>\n<p>Quand ce rapport fut publi\u00e9, en 1964, l&rsquo;\u00c9glise adventiste proposait un des rares plans de sevrage disponibles sur grande \u00e9chelle. Le \u00ab Plan de cinq jour, \u00bb programme original pour cesser de fumer, date de 1959. R\u00e9vis\u00e9 en 1984, il a \u00e9t\u00e9 rebaptis\u00e9 \u00ab Breathe-Free \u00bb (Respirer librement). <\/p>\n<p>Le tabagisme n&rsquo;est pas quelque chose que l&rsquo;\u00c9glise puisse ignorer comme si ce n&rsquo;\u00e9tait qu&rsquo;une question \u00ab s\u00e9culi\u00e8re \u00bb dit le Dr. Williams. \u00ab Quand plus de 400 000 personne meurent chaque ann\u00e9e de la m\u00eame cause, c&rsquo;est une affaire morale. Fumer tue plus de gens que le SIDA, les homicides et la drogue r\u00e9unis. \u00bb <\/p>\n<p>Mais de nos jours les adventistes ne sont pas seuls, et il y a une grande prise de conscience des dangers du tabac &#8212; un fl\u00e9au que les adventistes \u00e9taient les seuls, il y a plusieurs g\u00e9n\u00e9rations, \u00e0 vouloir r\u00e9v\u00e9ler au grand jour. <\/p>\n<p>Dans les ann\u00e9es 60, le \u00ab Plan de cinq jour \u00bb enseignait comment cesser de fumer d&rsquo;un seul coup, au bout de cinq jours. Mais comme on sait maintenant que la nicotine est une cause de d\u00e9pendance plus puissante que l&rsquo;h\u00e9ro\u00efne ou que la coca\u00efne, les professionnels de la m\u00e9decine traitent le tabagisme comme une d\u00e9pendance pathologique c\u00e9r\u00e9brale, comme l&rsquo;explique le Dr. Linda Hyder Ferry, professeur associ\u00e9 de m\u00e9decine pr\u00e9ventive \u00e0 l&rsquo;\u00c9cole de m\u00e9decine et \u00e0 l&rsquo;\u00c9cole de sant\u00e9 publique de l&rsquo;Universit\u00e9 de Loma Linda, institution adventiste du sud de la Californie. <\/p>\n<p>Elle-m\u00eame \u00e0 l&rsquo;origine du Zyban, m\u00e9dicament qui tire parti du bupropion, un antid\u00e9presseur permettant de r\u00e9duire la d\u00e9pendance \u00e0 la nicotine, le Dr. Ferry fait \u00e9quipe avec \u00ab Signs of the Times, \u00bb magazine de l&rsquo;\u00c9glise bas\u00e9e \u00e0 Nampa, dans l&rsquo;Idaho, pour replacer l&rsquo;\u00c9glise adventiste comme une ressource servant \u00e0 aider les fumeurs \u00e0 abandonner le tabac.<\/p>\n<p>Le 1er mars 2004, une brochure de 16 pages donnant des indications pour cesser de fumer sera mise \u00e0 la disposition de toutes les \u00c9glises, h\u00f4pitaux et centres de soins adventistes. <\/p>\n<p>La plupart des fumeurs ont essay\u00e9 leur premi\u00e8re cigarette avant d&rsquo;avoir 18 ans, selon Tobacco-Free Kids (\u00ab Pour des gamins sans tabac \u00bb), groupement de lutte contre le tabagisme. Des recherches ont montr\u00e9 qu&rsquo;augmenter les taxes per\u00e7ues sur les cigarettes en \u00e9loigne une plus forte proportion de jeunes. <\/p>\n<p>Les adventistes continuent de lutter aussi contre le tabac sous l&rsquo;angle des politiques publiques, comme l&rsquo;explique Roy Branson, directeur du Center for Law and Public Policy (\u00ab Centre de droit et de politiques publiques \u00bb), groupe priv\u00e9 form\u00e9 d&rsquo;adventistes travaillant dans le domaine juridique et des politiques publiques. Roy Branson compte aussi parmi les responsables de l&rsquo;Interreligious Coalition for Smoking or Health (\u00ab Coalition interconfessionnelle pour choisir entre le tabac et la sant\u00e9 \u00bb). Il dit que les \u00c9tats tirent d&rsquo;abondantes ressources financi\u00e8res des taxes sur le tabac, bien qu&rsquo;une tr\u00e8s faible proportion de cet argent vienne financer les campagnes de lutte contre le tabagisme. <\/p>\n<p>\u00ab Et pour moi, c&rsquo;est immoral, dit-il. Il y a l\u00e0 une nouvelle source de financement pour lutter contre le tabac, mais on s&rsquo;en sert pour d&rsquo;autres choses. Ces taxes devraient \u00eatre per\u00e7ues pour contribuer \u00e0 la lutte contre le tabac et non pour \u00e9quilibrer le budget. \u00bb<\/p>\n","protected":false},"excerpt":{"rendered":"<p>Des lignes t\u00e9l\u00e9phoniques commen\u00e7ant \u00a0par le 800 en vue de venir en aide \u00e0 tous ceux qui d\u00e9sirent quitter la cigarette\u2026Il y a pr\u00e8s de 50 millions de personnes aux USA, qui comme le p\u00e8re de Josu\u00e9, fument.<\/p>\n","protected":false},"author":1,"featured_media":0,"comment_status":"closed","ping_status":"closed","sticky":false,"template":"","format":"standard","meta":{"_acf_changed":false,"footnotes":""},"categories":[9],"tags":[],"class_list":["post-12128","post","type-post","status-publish","format-standard","hentry","category-archive-fr"],"acf":[],"yoast_head":"<!-- This site is optimized with the Yoast SEO plugin v27.3 - https:\/\/yoast.com\/product\/yoast-seo-wordpress\/ -->\n<title>reportage de ANN : L&#039;Eglise reste \u00e0 l&#039;avant-garde de l&#039;effort anti tabac - \u00c9glise Adventiste Du Septieme Jour - Inter Am\u00e9rique Division<\/title>\n<meta name=\"robots\" content=\"index, follow, max-snippet:-1, max-image-preview:large, max-video-preview:-1\" \/>\n<link rel=\"canonical\" href=\"https:\/\/interamerica.org\/fr\/2004\/02\/reportage-de-ann-leglise-reste-a-lavant-garde-de-leffort-anti-tabac\/\" \/>\n<meta property=\"og:locale\" content=\"fr_FR\" \/>\n<meta property=\"og:type\" content=\"article\" \/>\n<meta property=\"og:title\" content=\"reportage de ANN : L&#039;Eglise reste \u00e0 l&#039;avant-garde de l&#039;effort anti tabac - \u00c9glise Adventiste Du Septieme Jour - Inter Am\u00e9rique Division\" \/>\n<meta property=\"og:description\" content=\"Des lignes t\u00e9l\u00e9phoniques commen\u00e7ant \u00a0par le 800 en vue de venir en aide \u00e0 tous ceux qui d\u00e9sirent quitter la cigarette\u2026Il y a pr\u00e8s de 50 millions de personnes aux USA, qui comme le p\u00e8re de Josu\u00e9, fument.\" \/>\n<meta property=\"og:url\" content=\"https:\/\/interamerica.org\/fr\/2004\/02\/reportage-de-ann-leglise-reste-a-lavant-garde-de-leffort-anti-tabac\/\" \/>\n<meta property=\"og:site_name\" content=\"\u00c9glise Adventiste Du Septieme Jour - Inter Am\u00e9rique Division\" \/>\n<meta property=\"article:published_time\" content=\"2004-02-02T04:00:00+00:00\" \/>\n<meta property=\"article:modified_time\" content=\"2017-06-02T17:22:31+00:00\" \/>\n<meta name=\"author\" content=\"Lorenzo Verduzco\" \/>\n<meta name=\"twitter:card\" content=\"summary_large_image\" \/>\n<meta name=\"twitter:label1\" content=\"\u00c9crit par\" \/>\n\t<meta name=\"twitter:data1\" content=\"Lorenzo Verduzco\" \/>\n\t<meta name=\"twitter:label2\" content=\"Dur\u00e9e de lecture estim\u00e9e\" \/>\n\t<meta name=\"twitter:data2\" content=\"4 minutes\" \/>\n<script type=\"application\/ld+json\" class=\"yoast-schema-graph\">{\"@context\":\"https:\\\/\\\/schema.org\",\"@graph\":[{\"@type\":\"Article\",\"@id\":\"https:\\\/\\\/interamerica.org\\\/fr\\\/2004\\\/02\\\/reportage-de-ann-leglise-reste-a-lavant-garde-de-leffort-anti-tabac\\\/#article\",\"isPartOf\":{\"@id\":\"https:\\\/\\\/interamerica.org\\\/fr\\\/2004\\\/02\\\/reportage-de-ann-leglise-reste-a-lavant-garde-de-leffort-anti-tabac\\\/\"},\"author\":{\"name\":\"Lorenzo Verduzco\",\"@id\":\"https:\\\/\\\/interamerica.org\\\/fr\\\/#\\\/schema\\\/person\\\/68ede8bdc292885bb76c1e3810e73c39\"},\"headline\":\"reportage de ANN : L&rsquo;Eglise reste \u00e0 l&rsquo;avant-garde de l&rsquo;effort anti tabac\",\"datePublished\":\"2004-02-02T04:00:00+00:00\",\"dateModified\":\"2017-06-02T17:22:31+00:00\",\"mainEntityOfPage\":{\"@id\":\"https:\\\/\\\/interamerica.org\\\/fr\\\/2004\\\/02\\\/reportage-de-ann-leglise-reste-a-lavant-garde-de-leffort-anti-tabac\\\/\"},\"wordCount\":875,\"articleSection\":[\"Archive\"],\"inLanguage\":\"fr-FR\"},{\"@type\":\"WebPage\",\"@id\":\"https:\\\/\\\/interamerica.org\\\/fr\\\/2004\\\/02\\\/reportage-de-ann-leglise-reste-a-lavant-garde-de-leffort-anti-tabac\\\/\",\"url\":\"https:\\\/\\\/interamerica.org\\\/fr\\\/2004\\\/02\\\/reportage-de-ann-leglise-reste-a-lavant-garde-de-leffort-anti-tabac\\\/\",\"name\":\"reportage de ANN : L'Eglise reste \u00e0 l'avant-garde de l'effort anti tabac - \u00c9glise Adventiste Du Septieme Jour - Inter Am\u00e9rique Division\",\"isPartOf\":{\"@id\":\"https:\\\/\\\/interamerica.org\\\/fr\\\/#website\"},\"datePublished\":\"2004-02-02T04:00:00+00:00\",\"dateModified\":\"2017-06-02T17:22:31+00:00\",\"author\":{\"@id\":\"https:\\\/\\\/interamerica.org\\\/fr\\\/#\\\/schema\\\/person\\\/68ede8bdc292885bb76c1e3810e73c39\"},\"breadcrumb\":{\"@id\":\"https:\\\/\\\/interamerica.org\\\/fr\\\/2004\\\/02\\\/reportage-de-ann-leglise-reste-a-lavant-garde-de-leffort-anti-tabac\\\/#breadcrumb\"},\"inLanguage\":\"fr-FR\",\"potentialAction\":[{\"@type\":\"ReadAction\",\"target\":[\"https:\\\/\\\/interamerica.org\\\/fr\\\/2004\\\/02\\\/reportage-de-ann-leglise-reste-a-lavant-garde-de-leffort-anti-tabac\\\/\"]}]},{\"@type\":\"BreadcrumbList\",\"@id\":\"https:\\\/\\\/interamerica.org\\\/fr\\\/2004\\\/02\\\/reportage-de-ann-leglise-reste-a-lavant-garde-de-leffort-anti-tabac\\\/#breadcrumb\",\"itemListElement\":[{\"@type\":\"ListItem\",\"position\":1,\"name\":\"Home\",\"item\":\"https:\\\/\\\/interamerica.org\\\/fr\\\/\"},{\"@type\":\"ListItem\",\"position\":2,\"name\":\"reportage de ANN : L&rsquo;Eglise reste \u00e0 l&rsquo;avant-garde de l&rsquo;effort anti tabac\"}]},{\"@type\":\"WebSite\",\"@id\":\"https:\\\/\\\/interamerica.org\\\/fr\\\/#website\",\"url\":\"https:\\\/\\\/interamerica.org\\\/fr\\\/\",\"name\":\"\u00c9glise Adventiste Du Septieme Jour - Inter Am\u00e9rique Division\",\"description\":\"\",\"potentialAction\":[{\"@type\":\"SearchAction\",\"target\":{\"@type\":\"EntryPoint\",\"urlTemplate\":\"https:\\\/\\\/interamerica.org\\\/fr\\\/?s={search_term_string}\"},\"query-input\":{\"@type\":\"PropertyValueSpecification\",\"valueRequired\":true,\"valueName\":\"search_term_string\"}}],\"inLanguage\":\"fr-FR\"},{\"@type\":\"Person\",\"@id\":\"https:\\\/\\\/interamerica.org\\\/fr\\\/#\\\/schema\\\/person\\\/68ede8bdc292885bb76c1e3810e73c39\",\"name\":\"Lorenzo Verduzco\",\"image\":{\"@type\":\"ImageObject\",\"inLanguage\":\"fr-FR\",\"@id\":\"https:\\\/\\\/secure.gravatar.com\\\/avatar\\\/fb81a55b6218459490a9c1dc841a34909185b81904c5337b4b27f7a6fd60c49e?s=96&d=mm&r=g\",\"url\":\"https:\\\/\\\/secure.gravatar.com\\\/avatar\\\/fb81a55b6218459490a9c1dc841a34909185b81904c5337b4b27f7a6fd60c49e?s=96&d=mm&r=g\",\"contentUrl\":\"https:\\\/\\\/secure.gravatar.com\\\/avatar\\\/fb81a55b6218459490a9c1dc841a34909185b81904c5337b4b27f7a6fd60c49e?s=96&d=mm&r=g\",\"caption\":\"Lorenzo Verduzco\"}}]}<\/script>\n<!-- \/ Yoast SEO plugin. -->","yoast_head_json":{"title":"reportage de ANN : L'Eglise reste \u00e0 l'avant-garde de l'effort anti tabac - \u00c9glise Adventiste Du Septieme Jour - Inter Am\u00e9rique Division","robots":{"index":"index","follow":"follow","max-snippet":"max-snippet:-1","max-image-preview":"max-image-preview:large","max-video-preview":"max-video-preview:-1"},"canonical":"https:\/\/interamerica.org\/fr\/2004\/02\/reportage-de-ann-leglise-reste-a-lavant-garde-de-leffort-anti-tabac\/","og_locale":"fr_FR","og_type":"article","og_title":"reportage de ANN : L'Eglise reste \u00e0 l'avant-garde de l'effort anti tabac - \u00c9glise Adventiste Du Septieme Jour - Inter Am\u00e9rique Division","og_description":"Des lignes t\u00e9l\u00e9phoniques commen\u00e7ant \u00a0par le 800 en vue de venir en aide \u00e0 tous ceux qui d\u00e9sirent quitter la cigarette\u2026Il y a pr\u00e8s de 50 millions de personnes aux USA, qui comme le p\u00e8re de Josu\u00e9, fument.","og_url":"https:\/\/interamerica.org\/fr\/2004\/02\/reportage-de-ann-leglise-reste-a-lavant-garde-de-leffort-anti-tabac\/","og_site_name":"\u00c9glise Adventiste Du Septieme Jour - Inter Am\u00e9rique Division","article_published_time":"2004-02-02T04:00:00+00:00","article_modified_time":"2017-06-02T17:22:31+00:00","author":"Lorenzo Verduzco","twitter_card":"summary_large_image","twitter_misc":{"\u00c9crit par":"Lorenzo Verduzco","Dur\u00e9e de lecture estim\u00e9e":"4 minutes"},"schema":{"@context":"https:\/\/schema.org","@graph":[{"@type":"Article","@id":"https:\/\/interamerica.org\/fr\/2004\/02\/reportage-de-ann-leglise-reste-a-lavant-garde-de-leffort-anti-tabac\/#article","isPartOf":{"@id":"https:\/\/interamerica.org\/fr\/2004\/02\/reportage-de-ann-leglise-reste-a-lavant-garde-de-leffort-anti-tabac\/"},"author":{"name":"Lorenzo Verduzco","@id":"https:\/\/interamerica.org\/fr\/#\/schema\/person\/68ede8bdc292885bb76c1e3810e73c39"},"headline":"reportage de ANN : L&rsquo;Eglise reste \u00e0 l&rsquo;avant-garde de l&rsquo;effort anti tabac","datePublished":"2004-02-02T04:00:00+00:00","dateModified":"2017-06-02T17:22:31+00:00","mainEntityOfPage":{"@id":"https:\/\/interamerica.org\/fr\/2004\/02\/reportage-de-ann-leglise-reste-a-lavant-garde-de-leffort-anti-tabac\/"},"wordCount":875,"articleSection":["Archive"],"inLanguage":"fr-FR"},{"@type":"WebPage","@id":"https:\/\/interamerica.org\/fr\/2004\/02\/reportage-de-ann-leglise-reste-a-lavant-garde-de-leffort-anti-tabac\/","url":"https:\/\/interamerica.org\/fr\/2004\/02\/reportage-de-ann-leglise-reste-a-lavant-garde-de-leffort-anti-tabac\/","name":"reportage de ANN : L'Eglise reste \u00e0 l'avant-garde de l'effort anti tabac - \u00c9glise Adventiste Du Septieme Jour - Inter Am\u00e9rique Division","isPartOf":{"@id":"https:\/\/interamerica.org\/fr\/#website"},"datePublished":"2004-02-02T04:00:00+00:00","dateModified":"2017-06-02T17:22:31+00:00","author":{"@id":"https:\/\/interamerica.org\/fr\/#\/schema\/person\/68ede8bdc292885bb76c1e3810e73c39"},"breadcrumb":{"@id":"https:\/\/interamerica.org\/fr\/2004\/02\/reportage-de-ann-leglise-reste-a-lavant-garde-de-leffort-anti-tabac\/#breadcrumb"},"inLanguage":"fr-FR","potentialAction":[{"@type":"ReadAction","target":["https:\/\/interamerica.org\/fr\/2004\/02\/reportage-de-ann-leglise-reste-a-lavant-garde-de-leffort-anti-tabac\/"]}]},{"@type":"BreadcrumbList","@id":"https:\/\/interamerica.org\/fr\/2004\/02\/reportage-de-ann-leglise-reste-a-lavant-garde-de-leffort-anti-tabac\/#breadcrumb","itemListElement":[{"@type":"ListItem","position":1,"name":"Home","item":"https:\/\/interamerica.org\/fr\/"},{"@type":"ListItem","position":2,"name":"reportage de ANN : L&rsquo;Eglise reste \u00e0 l&rsquo;avant-garde de l&rsquo;effort anti tabac"}]},{"@type":"WebSite","@id":"https:\/\/interamerica.org\/fr\/#website","url":"https:\/\/interamerica.org\/fr\/","name":"\u00c9glise Adventiste Du Septieme Jour - Inter Am\u00e9rique Division","description":"","potentialAction":[{"@type":"SearchAction","target":{"@type":"EntryPoint","urlTemplate":"https:\/\/interamerica.org\/fr\/?s={search_term_string}"},"query-input":{"@type":"PropertyValueSpecification","valueRequired":true,"valueName":"search_term_string"}}],"inLanguage":"fr-FR"},{"@type":"Person","@id":"https:\/\/interamerica.org\/fr\/#\/schema\/person\/68ede8bdc292885bb76c1e3810e73c39","name":"Lorenzo Verduzco","image":{"@type":"ImageObject","inLanguage":"fr-FR","@id":"https:\/\/secure.gravatar.com\/avatar\/fb81a55b6218459490a9c1dc841a34909185b81904c5337b4b27f7a6fd60c49e?s=96&d=mm&r=g","url":"https:\/\/secure.gravatar.com\/avatar\/fb81a55b6218459490a9c1dc841a34909185b81904c5337b4b27f7a6fd60c49e?s=96&d=mm&r=g","contentUrl":"https:\/\/secure.gravatar.com\/avatar\/fb81a55b6218459490a9c1dc841a34909185b81904c5337b4b27f7a6fd60c49e?s=96&d=mm&r=g","caption":"Lorenzo Verduzco"}}]}},"_links":{"self":[{"href":"https:\/\/interamerica.org\/fr\/wp-json\/wp\/v2\/posts\/12128","targetHints":{"allow":["GET"]}}],"collection":[{"href":"https:\/\/interamerica.org\/fr\/wp-json\/wp\/v2\/posts"}],"about":[{"href":"https:\/\/interamerica.org\/fr\/wp-json\/wp\/v2\/types\/post"}],"author":[{"embeddable":true,"href":"https:\/\/interamerica.org\/fr\/wp-json\/wp\/v2\/users\/1"}],"replies":[{"embeddable":true,"href":"https:\/\/interamerica.org\/fr\/wp-json\/wp\/v2\/comments?post=12128"}],"version-history":[{"count":0,"href":"https:\/\/interamerica.org\/fr\/wp-json\/wp\/v2\/posts\/12128\/revisions"}],"wp:attachment":[{"href":"https:\/\/interamerica.org\/fr\/wp-json\/wp\/v2\/media?parent=12128"}],"wp:term":[{"taxonomy":"category","embeddable":true,"href":"https:\/\/interamerica.org\/fr\/wp-json\/wp\/v2\/categories?post=12128"},{"taxonomy":"post_tag","embeddable":true,"href":"https:\/\/interamerica.org\/fr\/wp-json\/wp\/v2\/tags?post=12128"}],"curies":[{"name":"wp","href":"https:\/\/api.w.org\/{rel}","templated":true}]}}