{"id":12129,"date":"2004-02-02T00:00:00","date_gmt":"2004-02-02T04:00:00","guid":{"rendered":"http:\/\/192.81.217.108\/interamerica\/2004\/02\/des-residents-interamericains-visitent-la-thailande\/"},"modified":"2017-06-02T13:22:31","modified_gmt":"2017-06-02T17:22:31","slug":"des-residents-interamericains-visitent-la-thailande","status":"publish","type":"post","link":"https:\/\/interamerica.org\/fr\/2004\/02\/des-residents-interamericains-visitent-la-thailande\/","title":{"rendered":"Des r\u00e9sidents interam\u00e9ricains visitent la Tha\u00eflande"},"content":{"rendered":"<p>Miami, Florida, USA<\/p>\n<p>Plus de 80 jeunes et dirigeants de l&rsquo;Inter Am\u00e9rique ont visit\u00e9 la Tha\u00eflande lors du congr\u00e8s de Jeunesse et de Service Communautaire de la Conf\u00e9rence G\u00e9n\u00e9rale des Adventistes du Septi\u00e8me Jour, du 18 au 30 D\u00e9cembre. <\/p>\n<p>Les d\u00e9l\u00e9gu\u00e9s avaient particip\u00e9 dans diff\u00e9rents projets de service \u00e0 la communaut\u00e9 dans la ville de Bangkok. Ceux de l&rsquo;Inter Am\u00e9rique avaient particip\u00e9 dans des projets tels que le ravalement et la peinture d&rsquo;une \u00e9glise ainsi que la cueillette du ma\u00efs.<\/p>\n<p>Pour visionner un court vid\u00e9o de ces deux projets, cliquer ici.\u00a0<\/p>\n","protected":false},"excerpt":{"rendered":"<p>Plus de 80 jeunes et dirigeants de l&rsquo;Inter Am\u00e9rique ont visit\u00e9 la Tha\u00eflande lors du congr\u00e8s de Jeunesse et de Service Communautaire de la Conf\u00e9rence G\u00e9n\u00e9rale des Adventistes du Septi\u00e8me Jour, du 18 au 30 D\u00e9cembre.<\/p>\n","protected":false},"author":1,"featured_media":0,"comment_status":"closed","ping_status":"closed","sticky":false,"template":"","format":"standard","meta":{"_acf_changed":false,"footnotes":""},"categories":[9],"tags":[],"class_list":["post-12129","post","type-post","status-publish","format-standard","hentry","category-archive-fr"],"acf":[],"yoast_head":"<!-- This site is optimized with the Yoast SEO plugin v27.3 - https:\/\/yoast.com\/product\/yoast-seo-wordpress\/ -->\n<title>Des r\u00e9sidents interam\u00e9ricains visitent la Tha\u00eflande - \u00c9glise Adventiste Du Septieme Jour - Inter Am\u00e9rique Division<\/title>\n<meta name=\"robots\" content=\"index, follow, max-snippet:-1, max-image-preview:large, max-video-preview:-1\" \/>\n<link rel=\"canonical\" href=\"https:\/\/interamerica.org\/fr\/2004\/02\/des-residents-interamericains-visitent-la-thailande\/\" \/>\n<meta property=\"og:locale\" content=\"fr_FR\" \/>\n<meta property=\"og:type\" content=\"article\" \/>\n<meta property=\"og:title\" content=\"Des r\u00e9sidents interam\u00e9ricains visitent la Tha\u00eflande - \u00c9glise Adventiste Du Septieme Jour - Inter Am\u00e9rique Division\" \/>\n<meta property=\"og:description\" content=\"Plus de 80 jeunes et dirigeants de l&#039;Inter Am\u00e9rique ont visit\u00e9 la Tha\u00eflande lors du congr\u00e8s de Jeunesse et de Service Communautaire de la Conf\u00e9rence G\u00e9n\u00e9rale des Adventistes du Septi\u00e8me Jour, du 18 au 30 D\u00e9cembre.\" \/>\n<meta property=\"og:url\" content=\"https:\/\/interamerica.org\/fr\/2004\/02\/des-residents-interamericains-visitent-la-thailande\/\" \/>\n<meta property=\"og:site_name\" content=\"\u00c9glise Adventiste Du Septieme Jour - Inter Am\u00e9rique Division\" \/>\n<meta property=\"article:published_time\" content=\"2004-02-02T04:00:00+00:00\" \/>\n<meta property=\"article:modified_time\" content=\"2017-06-02T17:22:31+00:00\" \/>\n<meta name=\"author\" content=\"Lorenzo Verduzco\" \/>\n<meta name=\"twitter:card\" content=\"summary_large_image\" \/>\n<meta name=\"twitter:label1\" content=\"\u00c9crit par\" \/>\n\t<meta name=\"twitter:data1\" content=\"Lorenzo Verduzco\" \/>\n\t<meta name=\"twitter:label2\" content=\"Dur\u00e9e de lecture estim\u00e9e\" \/>\n\t<meta name=\"twitter:data2\" content=\"1 minute\" \/>\n<script type=\"application\/ld+json\" class=\"yoast-schema-graph\">{\"@context\":\"https:\\\/\\\/schema.org\",\"@graph\":[{\"@type\":\"Article\",\"@id\":\"https:\\\/\\\/interamerica.org\\\/fr\\\/2004\\\/02\\\/des-residents-interamericains-visitent-la-thailande\\\/#article\",\"isPartOf\":{\"@id\":\"https:\\\/\\\/interamerica.org\\\/fr\\\/2004\\\/02\\\/des-residents-interamericains-visitent-la-thailande\\\/\"},\"author\":{\"name\":\"Lorenzo Verduzco\",\"@id\":\"https:\\\/\\\/interamerica.org\\\/fr\\\/#\\\/schema\\\/person\\\/68ede8bdc292885bb76c1e3810e73c39\"},\"headline\":\"Des r\u00e9sidents interam\u00e9ricains visitent la Tha\u00eflande\",\"datePublished\":\"2004-02-02T04:00:00+00:00\",\"dateModified\":\"2017-06-02T17:22:31+00:00\",\"mainEntityOfPage\":{\"@id\":\"https:\\\/\\\/interamerica.org\\\/fr\\\/2004\\\/02\\\/des-residents-interamericains-visitent-la-thailande\\\/\"},\"wordCount\":114,\"articleSection\":[\"Archive\"],\"inLanguage\":\"fr-FR\"},{\"@type\":\"WebPage\",\"@id\":\"https:\\\/\\\/interamerica.org\\\/fr\\\/2004\\\/02\\\/des-residents-interamericains-visitent-la-thailande\\\/\",\"url\":\"https:\\\/\\\/interamerica.org\\\/fr\\\/2004\\\/02\\\/des-residents-interamericains-visitent-la-thailande\\\/\",\"name\":\"Des r\u00e9sidents interam\u00e9ricains visitent la Tha\u00eflande - \u00c9glise Adventiste Du Septieme Jour - Inter Am\u00e9rique Division\",\"isPartOf\":{\"@id\":\"https:\\\/\\\/interamerica.org\\\/fr\\\/#website\"},\"datePublished\":\"2004-02-02T04:00:00+00:00\",\"dateModified\":\"2017-06-02T17:22:31+00:00\",\"author\":{\"@id\":\"https:\\\/\\\/interamerica.org\\\/fr\\\/#\\\/schema\\\/person\\\/68ede8bdc292885bb76c1e3810e73c39\"},\"breadcrumb\":{\"@id\":\"https:\\\/\\\/interamerica.org\\\/fr\\\/2004\\\/02\\\/des-residents-interamericains-visitent-la-thailande\\\/#breadcrumb\"},\"inLanguage\":\"fr-FR\",\"potentialAction\":[{\"@type\":\"ReadAction\",\"target\":[\"https:\\\/\\\/interamerica.org\\\/fr\\\/2004\\\/02\\\/des-residents-interamericains-visitent-la-thailande\\\/\"]}]},{\"@type\":\"BreadcrumbList\",\"@id\":\"https:\\\/\\\/interamerica.org\\\/fr\\\/2004\\\/02\\\/des-residents-interamericains-visitent-la-thailande\\\/#breadcrumb\",\"itemListElement\":[{\"@type\":\"ListItem\",\"position\":1,\"name\":\"Home\",\"item\":\"https:\\\/\\\/interamerica.org\\\/fr\\\/\"},{\"@type\":\"ListItem\",\"position\":2,\"name\":\"Des r\u00e9sidents interam\u00e9ricains visitent la Tha\u00eflande\"}]},{\"@type\":\"WebSite\",\"@id\":\"https:\\\/\\\/interamerica.org\\\/fr\\\/#website\",\"url\":\"https:\\\/\\\/interamerica.org\\\/fr\\\/\",\"name\":\"\u00c9glise Adventiste Du Septieme Jour - Inter Am\u00e9rique Division\",\"description\":\"\",\"potentialAction\":[{\"@type\":\"SearchAction\",\"target\":{\"@type\":\"EntryPoint\",\"urlTemplate\":\"https:\\\/\\\/interamerica.org\\\/fr\\\/?s={search_term_string}\"},\"query-input\":{\"@type\":\"PropertyValueSpecification\",\"valueRequired\":true,\"valueName\":\"search_term_string\"}}],\"inLanguage\":\"fr-FR\"},{\"@type\":\"Person\",\"@id\":\"https:\\\/\\\/interamerica.org\\\/fr\\\/#\\\/schema\\\/person\\\/68ede8bdc292885bb76c1e3810e73c39\",\"name\":\"Lorenzo Verduzco\",\"image\":{\"@type\":\"ImageObject\",\"inLanguage\":\"fr-FR\",\"@id\":\"https:\\\/\\\/secure.gravatar.com\\\/avatar\\\/fb81a55b6218459490a9c1dc841a34909185b81904c5337b4b27f7a6fd60c49e?s=96&d=mm&r=g\",\"url\":\"https:\\\/\\\/secure.gravatar.com\\\/avatar\\\/fb81a55b6218459490a9c1dc841a34909185b81904c5337b4b27f7a6fd60c49e?s=96&d=mm&r=g\",\"contentUrl\":\"https:\\\/\\\/secure.gravatar.com\\\/avatar\\\/fb81a55b6218459490a9c1dc841a34909185b81904c5337b4b27f7a6fd60c49e?s=96&d=mm&r=g\",\"caption\":\"Lorenzo Verduzco\"}}]}<\/script>\n<!-- \/ Yoast SEO plugin. -->","yoast_head_json":{"title":"Des r\u00e9sidents interam\u00e9ricains visitent la Tha\u00eflande - \u00c9glise Adventiste Du Septieme Jour - Inter Am\u00e9rique Division","robots":{"index":"index","follow":"follow","max-snippet":"max-snippet:-1","max-image-preview":"max-image-preview:large","max-video-preview":"max-video-preview:-1"},"canonical":"https:\/\/interamerica.org\/fr\/2004\/02\/des-residents-interamericains-visitent-la-thailande\/","og_locale":"fr_FR","og_type":"article","og_title":"Des r\u00e9sidents interam\u00e9ricains visitent la Tha\u00eflande - \u00c9glise Adventiste Du Septieme Jour - Inter Am\u00e9rique Division","og_description":"Plus de 80 jeunes et dirigeants de l'Inter Am\u00e9rique ont visit\u00e9 la Tha\u00eflande lors du congr\u00e8s de Jeunesse et de Service Communautaire de la Conf\u00e9rence G\u00e9n\u00e9rale des Adventistes du Septi\u00e8me Jour, du 18 au 30 D\u00e9cembre.","og_url":"https:\/\/interamerica.org\/fr\/2004\/02\/des-residents-interamericains-visitent-la-thailande\/","og_site_name":"\u00c9glise Adventiste Du Septieme Jour - Inter Am\u00e9rique Division","article_published_time":"2004-02-02T04:00:00+00:00","article_modified_time":"2017-06-02T17:22:31+00:00","author":"Lorenzo Verduzco","twitter_card":"summary_large_image","twitter_misc":{"\u00c9crit par":"Lorenzo Verduzco","Dur\u00e9e de lecture estim\u00e9e":"1 minute"},"schema":{"@context":"https:\/\/schema.org","@graph":[{"@type":"Article","@id":"https:\/\/interamerica.org\/fr\/2004\/02\/des-residents-interamericains-visitent-la-thailande\/#article","isPartOf":{"@id":"https:\/\/interamerica.org\/fr\/2004\/02\/des-residents-interamericains-visitent-la-thailande\/"},"author":{"name":"Lorenzo Verduzco","@id":"https:\/\/interamerica.org\/fr\/#\/schema\/person\/68ede8bdc292885bb76c1e3810e73c39"},"headline":"Des r\u00e9sidents interam\u00e9ricains visitent la Tha\u00eflande","datePublished":"2004-02-02T04:00:00+00:00","dateModified":"2017-06-02T17:22:31+00:00","mainEntityOfPage":{"@id":"https:\/\/interamerica.org\/fr\/2004\/02\/des-residents-interamericains-visitent-la-thailande\/"},"wordCount":114,"articleSection":["Archive"],"inLanguage":"fr-FR"},{"@type":"WebPage","@id":"https:\/\/interamerica.org\/fr\/2004\/02\/des-residents-interamericains-visitent-la-thailande\/","url":"https:\/\/interamerica.org\/fr\/2004\/02\/des-residents-interamericains-visitent-la-thailande\/","name":"Des r\u00e9sidents interam\u00e9ricains visitent la Tha\u00eflande - \u00c9glise Adventiste Du Septieme Jour - Inter Am\u00e9rique Division","isPartOf":{"@id":"https:\/\/interamerica.org\/fr\/#website"},"datePublished":"2004-02-02T04:00:00+00:00","dateModified":"2017-06-02T17:22:31+00:00","author":{"@id":"https:\/\/interamerica.org\/fr\/#\/schema\/person\/68ede8bdc292885bb76c1e3810e73c39"},"breadcrumb":{"@id":"https:\/\/interamerica.org\/fr\/2004\/02\/des-residents-interamericains-visitent-la-thailande\/#breadcrumb"},"inLanguage":"fr-FR","potentialAction":[{"@type":"ReadAction","target":["https:\/\/interamerica.org\/fr\/2004\/02\/des-residents-interamericains-visitent-la-thailande\/"]}]},{"@type":"BreadcrumbList","@id":"https:\/\/interamerica.org\/fr\/2004\/02\/des-residents-interamericains-visitent-la-thailande\/#breadcrumb","itemListElement":[{"@type":"ListItem","position":1,"name":"Home","item":"https:\/\/interamerica.org\/fr\/"},{"@type":"ListItem","position":2,"name":"Des r\u00e9sidents interam\u00e9ricains visitent la Tha\u00eflande"}]},{"@type":"WebSite","@id":"https:\/\/interamerica.org\/fr\/#website","url":"https:\/\/interamerica.org\/fr\/","name":"\u00c9glise Adventiste Du Septieme Jour - Inter Am\u00e9rique Division","description":"","potentialAction":[{"@type":"SearchAction","target":{"@type":"EntryPoint","urlTemplate":"https:\/\/interamerica.org\/fr\/?s={search_term_string}"},"query-input":{"@type":"PropertyValueSpecification","valueRequired":true,"valueName":"search_term_string"}}],"inLanguage":"fr-FR"},{"@type":"Person","@id":"https:\/\/interamerica.org\/fr\/#\/schema\/person\/68ede8bdc292885bb76c1e3810e73c39","name":"Lorenzo Verduzco","image":{"@type":"ImageObject","inLanguage":"fr-FR","@id":"https:\/\/secure.gravatar.com\/avatar\/fb81a55b6218459490a9c1dc841a34909185b81904c5337b4b27f7a6fd60c49e?s=96&d=mm&r=g","url":"https:\/\/secure.gravatar.com\/avatar\/fb81a55b6218459490a9c1dc841a34909185b81904c5337b4b27f7a6fd60c49e?s=96&d=mm&r=g","contentUrl":"https:\/\/secure.gravatar.com\/avatar\/fb81a55b6218459490a9c1dc841a34909185b81904c5337b4b27f7a6fd60c49e?s=96&d=mm&r=g","caption":"Lorenzo Verduzco"}}]}},"_links":{"self":[{"href":"https:\/\/interamerica.org\/fr\/wp-json\/wp\/v2\/posts\/12129","targetHints":{"allow":["GET"]}}],"collection":[{"href":"https:\/\/interamerica.org\/fr\/wp-json\/wp\/v2\/posts"}],"about":[{"href":"https:\/\/interamerica.org\/fr\/wp-json\/wp\/v2\/types\/post"}],"author":[{"embeddable":true,"href":"https:\/\/interamerica.org\/fr\/wp-json\/wp\/v2\/users\/1"}],"replies":[{"embeddable":true,"href":"https:\/\/interamerica.org\/fr\/wp-json\/wp\/v2\/comments?post=12129"}],"version-history":[{"count":0,"href":"https:\/\/interamerica.org\/fr\/wp-json\/wp\/v2\/posts\/12129\/revisions"}],"wp:attachment":[{"href":"https:\/\/interamerica.org\/fr\/wp-json\/wp\/v2\/media?parent=12129"}],"wp:term":[{"taxonomy":"category","embeddable":true,"href":"https:\/\/interamerica.org\/fr\/wp-json\/wp\/v2\/categories?post=12129"},{"taxonomy":"post_tag","embeddable":true,"href":"https:\/\/interamerica.org\/fr\/wp-json\/wp\/v2\/tags?post=12129"}],"curies":[{"name":"wp","href":"https:\/\/api.w.org\/{rel}","templated":true}]}}