{"id":12131,"date":"2004-02-03T00:00:00","date_gmt":"2004-02-03T04:00:00","guid":{"rendered":"http:\/\/192.81.217.108\/interamerica\/2004\/02\/vision-de-adventist-review-en-faveur-de-leglise\/"},"modified":"2017-06-02T13:22:30","modified_gmt":"2017-06-02T17:22:30","slug":"vision-de-adventist-review-en-faveur-de-leglise","status":"publish","type":"post","link":"https:\/\/interamerica.org\/fr\/2004\/02\/vision-de-adventist-review-en-faveur-de-leglise\/","title":{"rendered":"Vision de Adventist Review en faveur de l&rsquo;Eglise"},"content":{"rendered":"<p>Silver Spring, Maryland, USA <\/p>\n<p>\u00ab\u00a0KidsView,\u00a0\u00bb (Perspectives enfantines), une insertion mensuelle de quatre pages dans l&rsquo;Adventist Review, magazine hebdomadaire de l&rsquo;\u00c9glise, a obtenu des r\u00e9actions extr\u00eamement favorables, mais n&rsquo;atteint pas encore autant d&rsquo;enfants comme esp\u00e9r\u00e9, au dire des r\u00e9dacteurs.<\/p>\n<p>Chaque Adventiste du septi\u00e8me jour en Am\u00e9rique du Nord re\u00e7oit une \u00e9dition mensuelle, r\u00e9gionale de la Revue ; trois autres \u00e9ditions hebdomadaires sont exp\u00e9di\u00e9es, sous forme d&rsquo;abonnement \u00e0 un groupe d\u00e9mographique plus \u00e2g\u00e9. Plusieurs d&rsquo;entre eux \u00e9crivent, \u00ab\u00a0j&rsquo;ai le c\u0153ur d&rsquo;un gosse : J&rsquo;aime KidsView.\u00a0\u00bb<\/p>\n<p>\u00ab\u00a0Nous ne sommes pas le magazine officiel de l&rsquo;\u00e9glise, mais un magazine g\u00e9n\u00e9ral pour l&rsquo;\u00e9glise&#8230;. Une partie de notre mission est d&rsquo;unir l&rsquo;\u00e9glise,\u00a0\u00bb dit Bonita Shields, r\u00e9dactrice adjointe de Adventist Review et coordinatrice pour KidsView. <\/p>\n<p>\u00ab\u00a0Nous voulons que les enfants sachent qu&rsquo;ils font partie de l&rsquo;\u00e9glise &#8211; maintenant. Si nous attendons qu&rsquo;ils deviennent &lsquo; assez vieux, &lsquo; ils n&rsquo;en feront jamais partie.\u00a0\u00bb <\/p>\n<p>L&rsquo;\u00e9dition \u00ab\u00a0AnchorPoints\u00a0\u00bb de la Revue Adventiste &#8211; dans laquelle KidsView appara\u00eet &#8211; se concentre sur l&rsquo;h\u00e9ritage adventiste avec des articles plus riche en doctrines et en histoire de la d\u00e9nomination. <\/p>\n<p>Shields dit que KidsView a \u00e9t\u00e9 ajout\u00e9 \u00e0 cette \u00e9dition en esp\u00e9rant cr\u00e9er \u00ab\u00a0une publication pour famille\u00a0\u00bb en plus des abonnements qui vont en augmentant.<\/p>\n<p>Depuis sa parution inaugurale d&rsquo;ao\u00fbt 2002, KidsView a gagn\u00e9 deux r\u00e9compenses de la Associated Church Press (Presse d&rsquo;\u00c9glise Associ\u00e9e). \u00ab\u00a0Recevoir ces r\u00e9compenses a une grande valeur,\u00a0\u00bb dit Kimberly Luste Maran, r\u00e9dactrice adjointe de l&rsquo;Adventist Review et \u00e9ditrice du contenu de KidsView. \u00ab\u00a0On se rend compte que nous avons du mat\u00e9riel.\u00a0\u00bb<\/p>\n<p>Le niveau d&rsquo;\u00e9criture est \u00e9tabli pour des enfants de 8 \u00e0 12 ans. Plusieurs des sections sont en r\u00e9alit\u00e9 \u00e9crites par des enfants et il y a de nombreux enfants journalistes autour du globe.<\/p>\n<p>\u00ab\u00a0Nous avons voulu autant de participation d&rsquo;enfants que possible,\u00a0\u00bb dit Shields. \u00ab\u00a0Pas seulement des adultes qui \u00e9crivent pour des enfants.\u00a0\u00bb \u00ab\u00a0Le conseil consultatif est la clef du projet entier\u00a0\u00bb, dit-elle. Neuf enfants diff\u00e9rents d&rsquo;\u00e2ge, de genre et de culture se rencontrent un mois sur deux avec des r\u00e9dacteurs de KidsView.<\/p>\n<p>Un enfant a interview\u00e9 un homme qui travaille dans l&rsquo;industrie de t\u00e9l\u00e9vision qui a men\u00e9 \u00e0 d\u00e9velopper un article parlant de m\u00e9tiers. Il y a des recettes pr\u00e9par\u00e9s par des enfants, des histoires de colonies de vacances, des reportages sur des travaux effectu\u00e9s par des enfants et des po\u00e9sies originales. <\/p>\n<p>Les r\u00e9dacteurs r\u00e9crivent certaines histoires d\u00e9j\u00e0 pr\u00e9sent\u00e9es dans l&rsquo;Adventist Review, les faisant plus courtes et \u00e9crites en langue d&rsquo;enfant. <\/p>\n<p>\u00ab\u00a0Nous n&rsquo;avons aucune intention de rivaliser avec d&rsquo;autres publications de l&rsquo;\u00e9glise,\u00a0\u00bb dit Maran. \u00ab\u00a0Le contenu est li\u00e9 \u00e0 l&rsquo;Adventist Review&#8230;. Il est intentionnellement li\u00e9.\u00a0\u00bb<\/p>\n<p>\u00ab\u00a0Il est important que [KidsView] paraisse s&rsquo;\u00eatre \u00e9tabli lui-m\u00eame dans l&rsquo;esprit des gens avec tant de rapidit\u00e9,\u00a0\u00bb dit Maran.<\/p>\n<p>L&rsquo;id\u00e9e de KidsView avait germ\u00e9 dans l&rsquo;esprit des r\u00e9dacteurs durant des ann\u00e9es. Une maman de La Nouvelle Angleterre avait sugg\u00e9r\u00e9 au r\u00e9dacteur en chef Bill Johnsson que la revue fasse quelque chose pour atteindre les enfants.<\/p>\n<p>L&rsquo;Adventist REview a commenc\u00e9 sous la forme de The Present Truth (la V\u00e9rit\u00e9 Pr\u00e9sente) en 1848 avec le co-fondateur de l&rsquo;\u00e9glise James White, sur la suggestion de sa femme, Ellen. <\/p>\n<p>Adventist Review est \u00e9dit\u00e9 au quartier g\u00e9n\u00e9ral de la Conf\u00e9rence G\u00e9n\u00e9rale, \u00e0 Silver Spring et est publi\u00e9 \u00e0 l&rsquo;Association de Publication Review and Herald, \u00e0 environ 105 kilom\u00e8tres de distance, dans Hagerstown, Maryland.<\/p>\n<p>KidsView est autofinanc\u00e9 avec des annonces et des donations qui servent \u00e0 faire face aux d\u00e9penses d&rsquo;impression.<\/p>\n","protected":false},"excerpt":{"rendered":"<p>\u00ab\u00a0KidsView,\u00a0\u00bb (Perspectives enfantines), une insertion mensuelle de quatre pages dans l&rsquo;Adventist Review, magazine hebdomadaire de l&rsquo;\u00c9glise, a obtenu des r\u00e9actions extr\u00eamement favorables, mais n&rsquo;atteint pas encore autant d&rsquo;enfants comme esp\u00e9r\u00e9, au dir<\/p>\n","protected":false},"author":1,"featured_media":0,"comment_status":"closed","ping_status":"closed","sticky":false,"template":"","format":"standard","meta":{"_acf_changed":false,"footnotes":""},"categories":[9],"tags":[],"class_list":["post-12131","post","type-post","status-publish","format-standard","hentry","category-archive-fr"],"acf":[],"yoast_head":"<!-- This site is optimized with the Yoast SEO plugin v27.3 - https:\/\/yoast.com\/product\/yoast-seo-wordpress\/ -->\n<title>Vision de Adventist Review en faveur de l&#039;Eglise - \u00c9glise Adventiste Du Septieme Jour - Inter Am\u00e9rique Division<\/title>\n<meta name=\"robots\" content=\"index, follow, max-snippet:-1, max-image-preview:large, max-video-preview:-1\" \/>\n<link rel=\"canonical\" href=\"https:\/\/interamerica.org\/fr\/2004\/02\/vision-de-adventist-review-en-faveur-de-leglise\/\" \/>\n<meta property=\"og:locale\" content=\"fr_FR\" \/>\n<meta property=\"og:type\" content=\"article\" \/>\n<meta property=\"og:title\" content=\"Vision de Adventist Review en faveur de l&#039;Eglise - \u00c9glise Adventiste Du Septieme Jour - Inter Am\u00e9rique Division\" \/>\n<meta property=\"og:description\" content=\"&quot;KidsView,&quot; (Perspectives enfantines), une insertion mensuelle de quatre pages dans l&#039;Adventist Review, magazine hebdomadaire de l&#039;\u00c9glise, a obtenu des r\u00e9actions extr\u00eamement favorables, mais n&#039;atteint pas encore autant d&#039;enfants comme esp\u00e9r\u00e9, au dir\" \/>\n<meta property=\"og:url\" content=\"https:\/\/interamerica.org\/fr\/2004\/02\/vision-de-adventist-review-en-faveur-de-leglise\/\" \/>\n<meta property=\"og:site_name\" content=\"\u00c9glise Adventiste Du Septieme Jour - Inter Am\u00e9rique Division\" \/>\n<meta property=\"article:published_time\" content=\"2004-02-03T04:00:00+00:00\" \/>\n<meta property=\"article:modified_time\" content=\"2017-06-02T17:22:30+00:00\" \/>\n<meta name=\"author\" content=\"Lorenzo Verduzco\" \/>\n<meta name=\"twitter:card\" content=\"summary_large_image\" \/>\n<meta name=\"twitter:label1\" content=\"\u00c9crit par\" \/>\n\t<meta name=\"twitter:data1\" content=\"Lorenzo Verduzco\" \/>\n\t<meta name=\"twitter:label2\" content=\"Dur\u00e9e de lecture estim\u00e9e\" \/>\n\t<meta name=\"twitter:data2\" content=\"3 minutes\" \/>\n<script type=\"application\/ld+json\" class=\"yoast-schema-graph\">{\"@context\":\"https:\\\/\\\/schema.org\",\"@graph\":[{\"@type\":\"Article\",\"@id\":\"https:\\\/\\\/interamerica.org\\\/fr\\\/2004\\\/02\\\/vision-de-adventist-review-en-faveur-de-leglise\\\/#article\",\"isPartOf\":{\"@id\":\"https:\\\/\\\/interamerica.org\\\/fr\\\/2004\\\/02\\\/vision-de-adventist-review-en-faveur-de-leglise\\\/\"},\"author\":{\"name\":\"Lorenzo Verduzco\",\"@id\":\"https:\\\/\\\/interamerica.org\\\/fr\\\/#\\\/schema\\\/person\\\/68ede8bdc292885bb76c1e3810e73c39\"},\"headline\":\"Vision de Adventist Review en faveur de l&rsquo;Eglise\",\"datePublished\":\"2004-02-03T04:00:00+00:00\",\"dateModified\":\"2017-06-02T17:22:30+00:00\",\"mainEntityOfPage\":{\"@id\":\"https:\\\/\\\/interamerica.org\\\/fr\\\/2004\\\/02\\\/vision-de-adventist-review-en-faveur-de-leglise\\\/\"},\"wordCount\":650,\"articleSection\":[\"Archive\"],\"inLanguage\":\"fr-FR\"},{\"@type\":\"WebPage\",\"@id\":\"https:\\\/\\\/interamerica.org\\\/fr\\\/2004\\\/02\\\/vision-de-adventist-review-en-faveur-de-leglise\\\/\",\"url\":\"https:\\\/\\\/interamerica.org\\\/fr\\\/2004\\\/02\\\/vision-de-adventist-review-en-faveur-de-leglise\\\/\",\"name\":\"Vision de Adventist Review en faveur de l'Eglise - \u00c9glise Adventiste Du Septieme Jour - Inter Am\u00e9rique Division\",\"isPartOf\":{\"@id\":\"https:\\\/\\\/interamerica.org\\\/fr\\\/#website\"},\"datePublished\":\"2004-02-03T04:00:00+00:00\",\"dateModified\":\"2017-06-02T17:22:30+00:00\",\"author\":{\"@id\":\"https:\\\/\\\/interamerica.org\\\/fr\\\/#\\\/schema\\\/person\\\/68ede8bdc292885bb76c1e3810e73c39\"},\"breadcrumb\":{\"@id\":\"https:\\\/\\\/interamerica.org\\\/fr\\\/2004\\\/02\\\/vision-de-adventist-review-en-faveur-de-leglise\\\/#breadcrumb\"},\"inLanguage\":\"fr-FR\",\"potentialAction\":[{\"@type\":\"ReadAction\",\"target\":[\"https:\\\/\\\/interamerica.org\\\/fr\\\/2004\\\/02\\\/vision-de-adventist-review-en-faveur-de-leglise\\\/\"]}]},{\"@type\":\"BreadcrumbList\",\"@id\":\"https:\\\/\\\/interamerica.org\\\/fr\\\/2004\\\/02\\\/vision-de-adventist-review-en-faveur-de-leglise\\\/#breadcrumb\",\"itemListElement\":[{\"@type\":\"ListItem\",\"position\":1,\"name\":\"Home\",\"item\":\"https:\\\/\\\/interamerica.org\\\/fr\\\/\"},{\"@type\":\"ListItem\",\"position\":2,\"name\":\"Vision de Adventist Review en faveur de l&rsquo;Eglise\"}]},{\"@type\":\"WebSite\",\"@id\":\"https:\\\/\\\/interamerica.org\\\/fr\\\/#website\",\"url\":\"https:\\\/\\\/interamerica.org\\\/fr\\\/\",\"name\":\"\u00c9glise Adventiste Du Septieme Jour - Inter Am\u00e9rique Division\",\"description\":\"\",\"potentialAction\":[{\"@type\":\"SearchAction\",\"target\":{\"@type\":\"EntryPoint\",\"urlTemplate\":\"https:\\\/\\\/interamerica.org\\\/fr\\\/?s={search_term_string}\"},\"query-input\":{\"@type\":\"PropertyValueSpecification\",\"valueRequired\":true,\"valueName\":\"search_term_string\"}}],\"inLanguage\":\"fr-FR\"},{\"@type\":\"Person\",\"@id\":\"https:\\\/\\\/interamerica.org\\\/fr\\\/#\\\/schema\\\/person\\\/68ede8bdc292885bb76c1e3810e73c39\",\"name\":\"Lorenzo Verduzco\",\"image\":{\"@type\":\"ImageObject\",\"inLanguage\":\"fr-FR\",\"@id\":\"https:\\\/\\\/secure.gravatar.com\\\/avatar\\\/fb81a55b6218459490a9c1dc841a34909185b81904c5337b4b27f7a6fd60c49e?s=96&d=mm&r=g\",\"url\":\"https:\\\/\\\/secure.gravatar.com\\\/avatar\\\/fb81a55b6218459490a9c1dc841a34909185b81904c5337b4b27f7a6fd60c49e?s=96&d=mm&r=g\",\"contentUrl\":\"https:\\\/\\\/secure.gravatar.com\\\/avatar\\\/fb81a55b6218459490a9c1dc841a34909185b81904c5337b4b27f7a6fd60c49e?s=96&d=mm&r=g\",\"caption\":\"Lorenzo Verduzco\"}}]}<\/script>\n<!-- \/ Yoast SEO plugin. -->","yoast_head_json":{"title":"Vision de Adventist Review en faveur de l'Eglise - \u00c9glise Adventiste Du Septieme Jour - Inter Am\u00e9rique Division","robots":{"index":"index","follow":"follow","max-snippet":"max-snippet:-1","max-image-preview":"max-image-preview:large","max-video-preview":"max-video-preview:-1"},"canonical":"https:\/\/interamerica.org\/fr\/2004\/02\/vision-de-adventist-review-en-faveur-de-leglise\/","og_locale":"fr_FR","og_type":"article","og_title":"Vision de Adventist Review en faveur de l'Eglise - \u00c9glise Adventiste Du Septieme Jour - Inter Am\u00e9rique Division","og_description":"\"KidsView,\" (Perspectives enfantines), une insertion mensuelle de quatre pages dans l'Adventist Review, magazine hebdomadaire de l'\u00c9glise, a obtenu des r\u00e9actions extr\u00eamement favorables, mais n'atteint pas encore autant d'enfants comme esp\u00e9r\u00e9, au dir","og_url":"https:\/\/interamerica.org\/fr\/2004\/02\/vision-de-adventist-review-en-faveur-de-leglise\/","og_site_name":"\u00c9glise Adventiste Du Septieme Jour - Inter Am\u00e9rique Division","article_published_time":"2004-02-03T04:00:00+00:00","article_modified_time":"2017-06-02T17:22:30+00:00","author":"Lorenzo Verduzco","twitter_card":"summary_large_image","twitter_misc":{"\u00c9crit par":"Lorenzo Verduzco","Dur\u00e9e de lecture estim\u00e9e":"3 minutes"},"schema":{"@context":"https:\/\/schema.org","@graph":[{"@type":"Article","@id":"https:\/\/interamerica.org\/fr\/2004\/02\/vision-de-adventist-review-en-faveur-de-leglise\/#article","isPartOf":{"@id":"https:\/\/interamerica.org\/fr\/2004\/02\/vision-de-adventist-review-en-faveur-de-leglise\/"},"author":{"name":"Lorenzo Verduzco","@id":"https:\/\/interamerica.org\/fr\/#\/schema\/person\/68ede8bdc292885bb76c1e3810e73c39"},"headline":"Vision de Adventist Review en faveur de l&rsquo;Eglise","datePublished":"2004-02-03T04:00:00+00:00","dateModified":"2017-06-02T17:22:30+00:00","mainEntityOfPage":{"@id":"https:\/\/interamerica.org\/fr\/2004\/02\/vision-de-adventist-review-en-faveur-de-leglise\/"},"wordCount":650,"articleSection":["Archive"],"inLanguage":"fr-FR"},{"@type":"WebPage","@id":"https:\/\/interamerica.org\/fr\/2004\/02\/vision-de-adventist-review-en-faveur-de-leglise\/","url":"https:\/\/interamerica.org\/fr\/2004\/02\/vision-de-adventist-review-en-faveur-de-leglise\/","name":"Vision de Adventist Review en faveur de l'Eglise - \u00c9glise Adventiste Du Septieme Jour - Inter Am\u00e9rique Division","isPartOf":{"@id":"https:\/\/interamerica.org\/fr\/#website"},"datePublished":"2004-02-03T04:00:00+00:00","dateModified":"2017-06-02T17:22:30+00:00","author":{"@id":"https:\/\/interamerica.org\/fr\/#\/schema\/person\/68ede8bdc292885bb76c1e3810e73c39"},"breadcrumb":{"@id":"https:\/\/interamerica.org\/fr\/2004\/02\/vision-de-adventist-review-en-faveur-de-leglise\/#breadcrumb"},"inLanguage":"fr-FR","potentialAction":[{"@type":"ReadAction","target":["https:\/\/interamerica.org\/fr\/2004\/02\/vision-de-adventist-review-en-faveur-de-leglise\/"]}]},{"@type":"BreadcrumbList","@id":"https:\/\/interamerica.org\/fr\/2004\/02\/vision-de-adventist-review-en-faveur-de-leglise\/#breadcrumb","itemListElement":[{"@type":"ListItem","position":1,"name":"Home","item":"https:\/\/interamerica.org\/fr\/"},{"@type":"ListItem","position":2,"name":"Vision de Adventist Review en faveur de l&rsquo;Eglise"}]},{"@type":"WebSite","@id":"https:\/\/interamerica.org\/fr\/#website","url":"https:\/\/interamerica.org\/fr\/","name":"\u00c9glise Adventiste Du Septieme Jour - Inter Am\u00e9rique Division","description":"","potentialAction":[{"@type":"SearchAction","target":{"@type":"EntryPoint","urlTemplate":"https:\/\/interamerica.org\/fr\/?s={search_term_string}"},"query-input":{"@type":"PropertyValueSpecification","valueRequired":true,"valueName":"search_term_string"}}],"inLanguage":"fr-FR"},{"@type":"Person","@id":"https:\/\/interamerica.org\/fr\/#\/schema\/person\/68ede8bdc292885bb76c1e3810e73c39","name":"Lorenzo Verduzco","image":{"@type":"ImageObject","inLanguage":"fr-FR","@id":"https:\/\/secure.gravatar.com\/avatar\/fb81a55b6218459490a9c1dc841a34909185b81904c5337b4b27f7a6fd60c49e?s=96&d=mm&r=g","url":"https:\/\/secure.gravatar.com\/avatar\/fb81a55b6218459490a9c1dc841a34909185b81904c5337b4b27f7a6fd60c49e?s=96&d=mm&r=g","contentUrl":"https:\/\/secure.gravatar.com\/avatar\/fb81a55b6218459490a9c1dc841a34909185b81904c5337b4b27f7a6fd60c49e?s=96&d=mm&r=g","caption":"Lorenzo Verduzco"}}]}},"_links":{"self":[{"href":"https:\/\/interamerica.org\/fr\/wp-json\/wp\/v2\/posts\/12131","targetHints":{"allow":["GET"]}}],"collection":[{"href":"https:\/\/interamerica.org\/fr\/wp-json\/wp\/v2\/posts"}],"about":[{"href":"https:\/\/interamerica.org\/fr\/wp-json\/wp\/v2\/types\/post"}],"author":[{"embeddable":true,"href":"https:\/\/interamerica.org\/fr\/wp-json\/wp\/v2\/users\/1"}],"replies":[{"embeddable":true,"href":"https:\/\/interamerica.org\/fr\/wp-json\/wp\/v2\/comments?post=12131"}],"version-history":[{"count":0,"href":"https:\/\/interamerica.org\/fr\/wp-json\/wp\/v2\/posts\/12131\/revisions"}],"wp:attachment":[{"href":"https:\/\/interamerica.org\/fr\/wp-json\/wp\/v2\/media?parent=12131"}],"wp:term":[{"taxonomy":"category","embeddable":true,"href":"https:\/\/interamerica.org\/fr\/wp-json\/wp\/v2\/categories?post=12131"},{"taxonomy":"post_tag","embeddable":true,"href":"https:\/\/interamerica.org\/fr\/wp-json\/wp\/v2\/tags?post=12131"}],"curies":[{"name":"wp","href":"https:\/\/api.w.org\/{rel}","templated":true}]}}