{"id":12132,"date":"2004-02-10T00:00:00","date_gmt":"2004-02-10T04:00:00","guid":{"rendered":"http:\/\/192.81.217.108\/interamerica\/2004\/02\/netherlands-antilles-religious-freedom-association-launched\/"},"modified":"2017-06-02T13:22:27","modified_gmt":"2017-06-02T17:22:27","slug":"netherlands-antilles-religious-freedom-association-launched","status":"publish","type":"post","link":"https:\/\/interamerica.org\/fr\/2004\/02\/netherlands-antilles-religious-freedom-association-launched\/","title":{"rendered":"Netherlands Antilles: Religious Freedom Association Launched"},"content":{"rendered":"<p>Willemstad, Cura\u00e7ao, Antilles N\u00e9erlandaises..<\/p>\n<p>Une nouvelle organisation locale se consacrant \u00e0 prot\u00e9ger la libert\u00e9 de religion pour tous, l&rsquo;Association de la Libert\u00e9 Religieuse aux Antilles n\u00e9erlandaises, a pris naissance lors d&rsquo;un rassemblement dans Willemstad, Cura\u00e7ao, le 31 janvier. <\/p>\n<p>Ce groupe est une filiale de l&rsquo;Association Internationale de la Libert\u00e9 Religieuse, dont le quartier g\u00e9n\u00e9ral est \u00e0 Silver Spring, Maryland. <\/p>\n<p>Bien que des \u00eeles comme les Antilles N\u00e9erlandaises, o\u00f9 le tourisme est un facteur important dans l&rsquo;\u00e9conomie locale, ne fait penser \u00e0 aucun probl\u00e8me ayant \u00e0 voir avec la libert\u00e9 religieuse, des questions commencent \u00e0 surgir. <\/p>\n<p>Alors que la libert\u00e9 religieuse \u00e9tait en grande partie un h\u00e9ritage pour les Antilles N\u00e9erlandaises, des changements ont lieu. <\/p>\n<p>A Aruba, l&rsquo;\u00eele voisine, une loi a \u00e9t\u00e9 adopt\u00e9e pour mettre en application la fermeture des maisons de commerce, le dimanche ; et, actuellement, il y a des discussions politiques en vue de mettre en place une loi semblable \u00e0 Cura\u00e7ao. <\/p>\n<p>Le nouveau pr\u00e9sident de RLA des Antilles N\u00e9erlandaises est Errol Maduro, un pasteur adventiste du septi\u00e8me jour. <\/p>\n<p>\u00ab\u00a0Ici, dans Cura\u00e7ao, nous jouissons de la libert\u00e9 religieuse depuis le 16\u00e8me si\u00e8cle, mais parce que nous n&rsquo;avons pas eu \u00e0 nous battre pour cela&#8230; les gens ne s&rsquo;en rendent pas compte,\u00a0\u00bb a dit pasteur Maduro. \u00ab\u00a0Il nous revient de leur faire comprendre que c&rsquo;est tr\u00e8s important.\u00a0\u00bb <\/p>\n<p>Daniel Duffis, pr\u00e9sident de l&rsquo;\u00c9glise adventiste aux Antilles N\u00e9erlandaises a ajout\u00e9 : \u00ab\u00a0des d\u00e9bats autour des lois du dimanche se tiennent dans le pays maintenant et nous avons besoin d&rsquo;un mouvement national pour aider les gens \u00e0 comprendre ce que cela signifie pour la libert\u00e9 religieuse. Ceci est pour tous les gens de toutes les confessions religieuses, ici dans Cura\u00e7ao.\u00a0\u00bb <\/p>\n<p>Selon le Pasteur Julio Palacio, le pr\u00e9sident r\u00e9gional de l&rsquo;\u00c9glise adventiste pour le Venezuela et les Antilles N\u00e9erlandaises, \u00ab\u00a0Nous devons maintenir des valeurs et des principes \u00e9lev\u00e9s &#8211; et chacun a le droit de s&rsquo;attendre que ceux-ci soient respect\u00e9s, au m\u00eame titre que la libert\u00e9 de conscience.\u00a0\u00bb <\/p>\n<p>Il ajoute que la nouvelle association locale \u00ab\u00a0vient pour remplir un vide, pour le respect de la libert\u00e9 de conscience. Peu importe la foi religieuse que nous professons. Celle-ci est importante en tout lieu, pas seulement, ici, \u00e0 Cura\u00e7ao. Instruisons le peuple et pr\u00e9voyons les probl\u00e8mes de demain, luttons pour garder les portes ouvertes, afin de pouvoir laisser nos consciences s&rsquo;exprimer librement.\u00a0\u00bb <\/p>\n<p>Mario Nino, qui est le responsable des affaires publiques et de la libert\u00e9 religieuse pour l&rsquo;\u00c9glise adventiste de la r\u00e9gion Interam\u00e9ricaine, a dit que ce nouveau chapitre est \u00ab\u00a0une bonne chose\u00a0\u00bb pour les Antilles N\u00e9erlandaises. <\/p>\n<p>\u00ab\u00a0Un grand d\u00e9fi : beaucoup de pays ins\u00e8rent la libert\u00e9 religieuse dans leurs constitutions, mais dans la r\u00e9alit\u00e9 et d&rsquo;une fa\u00e7on pratique, il n&rsquo;y en a pas,\u00a0\u00bb a d\u00e9clar\u00e9 le pasteur Nino \u00e0 ANN. \u00ab\u00a0Nous devons donc travailler avec les gouvernements, les universit\u00e9s et les d\u00e9nominations religieuses en vue d&rsquo;obtenir un front uni en faveur de la libert\u00e9 religieuse pour tous.\u00a0\u00bb <\/p>\n<p>Docteur Jonathan Gallagher, secr\u00e9taire g\u00e9n\u00e9ral de l&rsquo;IRLA et repr\u00e9sentant de la Conf\u00e9rence G\u00e9n\u00e9rale des Adventistes du septi\u00e8me jour aupr\u00e8s des Nations Unies a particip\u00e9 aux r\u00e9unions<\/p>\n<p>\u00ab\u00a0C&rsquo;est une bonne id\u00e9e d&rsquo;avoir une branche de la libert\u00e9 religieuse partout,\u00a0\u00bb a-t-il dit, \u00ab\u00a0particuli\u00e8rement au niveau de ces petites nations o\u00f9 une religion de majorit\u00e9 pourrait alors dominer la soci\u00e9t\u00e9.\u00a0\u00bb <\/p>\n<p>L&rsquo;IRLA a \u00e9t\u00e9 fond\u00e9 en 1893 par des leaders de l&rsquo;\u00e9glise adventiste et s&rsquo;est d\u00e9velopp\u00e9 en une organisation non confessionnelle consacr\u00e9e \u00e0 la protection de droits civils et religieux \u00e0 travers le Monde entier. <\/p>\n<p>Pr\u00e8s de 5,150 adventistes du septi\u00e8me jour adorent chaque semaine dans 28 congr\u00e9gations dans toute la r\u00e9gions des Antilles n\u00e9erlandaises.<\/p>\n","protected":false},"excerpt":{"rendered":"<p>new local organization devoted to protecting freedom of religion for all, the Netherlands Antilles Religious Liberty Association, was launched during meetings in Willemstad, Curacao, on Jan. 31.<\/p>\n","protected":false},"author":1,"featured_media":0,"comment_status":"closed","ping_status":"closed","sticky":false,"template":"","format":"standard","meta":{"_acf_changed":false,"footnotes":""},"categories":[9],"tags":[],"class_list":["post-12132","post","type-post","status-publish","format-standard","hentry","category-archive-fr"],"acf":[],"yoast_head":"<!-- This site is optimized with the Yoast SEO plugin v27.3 - https:\/\/yoast.com\/product\/yoast-seo-wordpress\/ -->\n<title>Netherlands Antilles: Religious Freedom Association Launched - \u00c9glise Adventiste Du Septieme Jour - Inter Am\u00e9rique Division<\/title>\n<meta name=\"robots\" content=\"index, follow, max-snippet:-1, max-image-preview:large, max-video-preview:-1\" \/>\n<link rel=\"canonical\" href=\"https:\/\/interamerica.org\/fr\/2004\/02\/netherlands-antilles-religious-freedom-association-launched\/\" \/>\n<meta property=\"og:locale\" content=\"fr_FR\" \/>\n<meta property=\"og:type\" content=\"article\" \/>\n<meta property=\"og:title\" content=\"Netherlands Antilles: Religious Freedom Association Launched - \u00c9glise Adventiste Du Septieme Jour - Inter Am\u00e9rique Division\" \/>\n<meta property=\"og:description\" content=\"new local organization devoted to protecting freedom of religion for all, the Netherlands Antilles Religious Liberty Association, was launched during meetings in Willemstad, Curacao, on Jan. 31.\" \/>\n<meta property=\"og:url\" content=\"https:\/\/interamerica.org\/fr\/2004\/02\/netherlands-antilles-religious-freedom-association-launched\/\" \/>\n<meta property=\"og:site_name\" content=\"\u00c9glise Adventiste Du Septieme Jour - Inter Am\u00e9rique Division\" \/>\n<meta property=\"article:published_time\" content=\"2004-02-10T04:00:00+00:00\" \/>\n<meta property=\"article:modified_time\" content=\"2017-06-02T17:22:27+00:00\" \/>\n<meta name=\"author\" content=\"Lorenzo Verduzco\" \/>\n<meta name=\"twitter:card\" content=\"summary_large_image\" \/>\n<meta name=\"twitter:label1\" content=\"\u00c9crit par\" \/>\n\t<meta name=\"twitter:data1\" content=\"Lorenzo Verduzco\" \/>\n\t<meta name=\"twitter:label2\" content=\"Dur\u00e9e de lecture estim\u00e9e\" \/>\n\t<meta name=\"twitter:data2\" content=\"3 minutes\" \/>\n<script type=\"application\/ld+json\" class=\"yoast-schema-graph\">{\"@context\":\"https:\\\/\\\/schema.org\",\"@graph\":[{\"@type\":\"Article\",\"@id\":\"https:\\\/\\\/interamerica.org\\\/fr\\\/2004\\\/02\\\/netherlands-antilles-religious-freedom-association-launched\\\/#article\",\"isPartOf\":{\"@id\":\"https:\\\/\\\/interamerica.org\\\/fr\\\/2004\\\/02\\\/netherlands-antilles-religious-freedom-association-launched\\\/\"},\"author\":{\"name\":\"Lorenzo Verduzco\",\"@id\":\"https:\\\/\\\/interamerica.org\\\/fr\\\/#\\\/schema\\\/person\\\/68ede8bdc292885bb76c1e3810e73c39\"},\"headline\":\"Netherlands Antilles: Religious Freedom Association Launched\",\"datePublished\":\"2004-02-10T04:00:00+00:00\",\"dateModified\":\"2017-06-02T17:22:27+00:00\",\"mainEntityOfPage\":{\"@id\":\"https:\\\/\\\/interamerica.org\\\/fr\\\/2004\\\/02\\\/netherlands-antilles-religious-freedom-association-launched\\\/\"},\"wordCount\":667,\"articleSection\":[\"Archive\"],\"inLanguage\":\"fr-FR\"},{\"@type\":\"WebPage\",\"@id\":\"https:\\\/\\\/interamerica.org\\\/fr\\\/2004\\\/02\\\/netherlands-antilles-religious-freedom-association-launched\\\/\",\"url\":\"https:\\\/\\\/interamerica.org\\\/fr\\\/2004\\\/02\\\/netherlands-antilles-religious-freedom-association-launched\\\/\",\"name\":\"Netherlands Antilles: Religious Freedom Association Launched - \u00c9glise Adventiste Du Septieme Jour - Inter Am\u00e9rique Division\",\"isPartOf\":{\"@id\":\"https:\\\/\\\/interamerica.org\\\/fr\\\/#website\"},\"datePublished\":\"2004-02-10T04:00:00+00:00\",\"dateModified\":\"2017-06-02T17:22:27+00:00\",\"author\":{\"@id\":\"https:\\\/\\\/interamerica.org\\\/fr\\\/#\\\/schema\\\/person\\\/68ede8bdc292885bb76c1e3810e73c39\"},\"breadcrumb\":{\"@id\":\"https:\\\/\\\/interamerica.org\\\/fr\\\/2004\\\/02\\\/netherlands-antilles-religious-freedom-association-launched\\\/#breadcrumb\"},\"inLanguage\":\"fr-FR\",\"potentialAction\":[{\"@type\":\"ReadAction\",\"target\":[\"https:\\\/\\\/interamerica.org\\\/fr\\\/2004\\\/02\\\/netherlands-antilles-religious-freedom-association-launched\\\/\"]}]},{\"@type\":\"BreadcrumbList\",\"@id\":\"https:\\\/\\\/interamerica.org\\\/fr\\\/2004\\\/02\\\/netherlands-antilles-religious-freedom-association-launched\\\/#breadcrumb\",\"itemListElement\":[{\"@type\":\"ListItem\",\"position\":1,\"name\":\"Home\",\"item\":\"https:\\\/\\\/interamerica.org\\\/fr\\\/\"},{\"@type\":\"ListItem\",\"position\":2,\"name\":\"Netherlands Antilles: Religious Freedom Association Launched\"}]},{\"@type\":\"WebSite\",\"@id\":\"https:\\\/\\\/interamerica.org\\\/fr\\\/#website\",\"url\":\"https:\\\/\\\/interamerica.org\\\/fr\\\/\",\"name\":\"\u00c9glise Adventiste Du Septieme Jour - Inter Am\u00e9rique Division\",\"description\":\"\",\"potentialAction\":[{\"@type\":\"SearchAction\",\"target\":{\"@type\":\"EntryPoint\",\"urlTemplate\":\"https:\\\/\\\/interamerica.org\\\/fr\\\/?s={search_term_string}\"},\"query-input\":{\"@type\":\"PropertyValueSpecification\",\"valueRequired\":true,\"valueName\":\"search_term_string\"}}],\"inLanguage\":\"fr-FR\"},{\"@type\":\"Person\",\"@id\":\"https:\\\/\\\/interamerica.org\\\/fr\\\/#\\\/schema\\\/person\\\/68ede8bdc292885bb76c1e3810e73c39\",\"name\":\"Lorenzo Verduzco\",\"image\":{\"@type\":\"ImageObject\",\"inLanguage\":\"fr-FR\",\"@id\":\"https:\\\/\\\/secure.gravatar.com\\\/avatar\\\/fb81a55b6218459490a9c1dc841a34909185b81904c5337b4b27f7a6fd60c49e?s=96&d=mm&r=g\",\"url\":\"https:\\\/\\\/secure.gravatar.com\\\/avatar\\\/fb81a55b6218459490a9c1dc841a34909185b81904c5337b4b27f7a6fd60c49e?s=96&d=mm&r=g\",\"contentUrl\":\"https:\\\/\\\/secure.gravatar.com\\\/avatar\\\/fb81a55b6218459490a9c1dc841a34909185b81904c5337b4b27f7a6fd60c49e?s=96&d=mm&r=g\",\"caption\":\"Lorenzo Verduzco\"}}]}<\/script>\n<!-- \/ Yoast SEO plugin. -->","yoast_head_json":{"title":"Netherlands Antilles: Religious Freedom Association Launched - \u00c9glise Adventiste Du Septieme Jour - Inter Am\u00e9rique Division","robots":{"index":"index","follow":"follow","max-snippet":"max-snippet:-1","max-image-preview":"max-image-preview:large","max-video-preview":"max-video-preview:-1"},"canonical":"https:\/\/interamerica.org\/fr\/2004\/02\/netherlands-antilles-religious-freedom-association-launched\/","og_locale":"fr_FR","og_type":"article","og_title":"Netherlands Antilles: Religious Freedom Association Launched - \u00c9glise Adventiste Du Septieme Jour - Inter Am\u00e9rique Division","og_description":"new local organization devoted to protecting freedom of religion for all, the Netherlands Antilles Religious Liberty Association, was launched during meetings in Willemstad, Curacao, on Jan. 31.","og_url":"https:\/\/interamerica.org\/fr\/2004\/02\/netherlands-antilles-religious-freedom-association-launched\/","og_site_name":"\u00c9glise Adventiste Du Septieme Jour - Inter Am\u00e9rique Division","article_published_time":"2004-02-10T04:00:00+00:00","article_modified_time":"2017-06-02T17:22:27+00:00","author":"Lorenzo Verduzco","twitter_card":"summary_large_image","twitter_misc":{"\u00c9crit par":"Lorenzo Verduzco","Dur\u00e9e de lecture estim\u00e9e":"3 minutes"},"schema":{"@context":"https:\/\/schema.org","@graph":[{"@type":"Article","@id":"https:\/\/interamerica.org\/fr\/2004\/02\/netherlands-antilles-religious-freedom-association-launched\/#article","isPartOf":{"@id":"https:\/\/interamerica.org\/fr\/2004\/02\/netherlands-antilles-religious-freedom-association-launched\/"},"author":{"name":"Lorenzo Verduzco","@id":"https:\/\/interamerica.org\/fr\/#\/schema\/person\/68ede8bdc292885bb76c1e3810e73c39"},"headline":"Netherlands Antilles: Religious Freedom Association Launched","datePublished":"2004-02-10T04:00:00+00:00","dateModified":"2017-06-02T17:22:27+00:00","mainEntityOfPage":{"@id":"https:\/\/interamerica.org\/fr\/2004\/02\/netherlands-antilles-religious-freedom-association-launched\/"},"wordCount":667,"articleSection":["Archive"],"inLanguage":"fr-FR"},{"@type":"WebPage","@id":"https:\/\/interamerica.org\/fr\/2004\/02\/netherlands-antilles-religious-freedom-association-launched\/","url":"https:\/\/interamerica.org\/fr\/2004\/02\/netherlands-antilles-religious-freedom-association-launched\/","name":"Netherlands Antilles: Religious Freedom Association Launched - \u00c9glise Adventiste Du Septieme Jour - Inter Am\u00e9rique Division","isPartOf":{"@id":"https:\/\/interamerica.org\/fr\/#website"},"datePublished":"2004-02-10T04:00:00+00:00","dateModified":"2017-06-02T17:22:27+00:00","author":{"@id":"https:\/\/interamerica.org\/fr\/#\/schema\/person\/68ede8bdc292885bb76c1e3810e73c39"},"breadcrumb":{"@id":"https:\/\/interamerica.org\/fr\/2004\/02\/netherlands-antilles-religious-freedom-association-launched\/#breadcrumb"},"inLanguage":"fr-FR","potentialAction":[{"@type":"ReadAction","target":["https:\/\/interamerica.org\/fr\/2004\/02\/netherlands-antilles-religious-freedom-association-launched\/"]}]},{"@type":"BreadcrumbList","@id":"https:\/\/interamerica.org\/fr\/2004\/02\/netherlands-antilles-religious-freedom-association-launched\/#breadcrumb","itemListElement":[{"@type":"ListItem","position":1,"name":"Home","item":"https:\/\/interamerica.org\/fr\/"},{"@type":"ListItem","position":2,"name":"Netherlands Antilles: Religious Freedom Association Launched"}]},{"@type":"WebSite","@id":"https:\/\/interamerica.org\/fr\/#website","url":"https:\/\/interamerica.org\/fr\/","name":"\u00c9glise Adventiste Du Septieme Jour - Inter Am\u00e9rique Division","description":"","potentialAction":[{"@type":"SearchAction","target":{"@type":"EntryPoint","urlTemplate":"https:\/\/interamerica.org\/fr\/?s={search_term_string}"},"query-input":{"@type":"PropertyValueSpecification","valueRequired":true,"valueName":"search_term_string"}}],"inLanguage":"fr-FR"},{"@type":"Person","@id":"https:\/\/interamerica.org\/fr\/#\/schema\/person\/68ede8bdc292885bb76c1e3810e73c39","name":"Lorenzo Verduzco","image":{"@type":"ImageObject","inLanguage":"fr-FR","@id":"https:\/\/secure.gravatar.com\/avatar\/fb81a55b6218459490a9c1dc841a34909185b81904c5337b4b27f7a6fd60c49e?s=96&d=mm&r=g","url":"https:\/\/secure.gravatar.com\/avatar\/fb81a55b6218459490a9c1dc841a34909185b81904c5337b4b27f7a6fd60c49e?s=96&d=mm&r=g","contentUrl":"https:\/\/secure.gravatar.com\/avatar\/fb81a55b6218459490a9c1dc841a34909185b81904c5337b4b27f7a6fd60c49e?s=96&d=mm&r=g","caption":"Lorenzo Verduzco"}}]}},"_links":{"self":[{"href":"https:\/\/interamerica.org\/fr\/wp-json\/wp\/v2\/posts\/12132","targetHints":{"allow":["GET"]}}],"collection":[{"href":"https:\/\/interamerica.org\/fr\/wp-json\/wp\/v2\/posts"}],"about":[{"href":"https:\/\/interamerica.org\/fr\/wp-json\/wp\/v2\/types\/post"}],"author":[{"embeddable":true,"href":"https:\/\/interamerica.org\/fr\/wp-json\/wp\/v2\/users\/1"}],"replies":[{"embeddable":true,"href":"https:\/\/interamerica.org\/fr\/wp-json\/wp\/v2\/comments?post=12132"}],"version-history":[{"count":0,"href":"https:\/\/interamerica.org\/fr\/wp-json\/wp\/v2\/posts\/12132\/revisions"}],"wp:attachment":[{"href":"https:\/\/interamerica.org\/fr\/wp-json\/wp\/v2\/media?parent=12132"}],"wp:term":[{"taxonomy":"category","embeddable":true,"href":"https:\/\/interamerica.org\/fr\/wp-json\/wp\/v2\/categories?post=12132"},{"taxonomy":"post_tag","embeddable":true,"href":"https:\/\/interamerica.org\/fr\/wp-json\/wp\/v2\/tags?post=12132"}],"curies":[{"name":"wp","href":"https:\/\/api.w.org\/{rel}","templated":true}]}}