{"id":12133,"date":"2004-02-11T00:00:00","date_gmt":"2004-02-11T04:00:00","guid":{"rendered":"http:\/\/192.81.217.108\/interamerica\/2004\/02\/republique-dominicaine-nouveaux-plans-de-leglise-pour-repondre-a-la-croissance-en-membres\/"},"modified":"2017-06-02T13:22:27","modified_gmt":"2017-06-02T17:22:27","slug":"republique-dominicaine-nouveaux-plans-de-leglise-pour-repondre-a-la-croissance-en-membres","status":"publish","type":"post","link":"https:\/\/interamerica.org\/fr\/2004\/02\/republique-dominicaine-nouveaux-plans-de-leglise-pour-repondre-a-la-croissance-en-membres\/","title":{"rendered":"R\u00e9publique Dominicaine : Nouveaux Plans de l&rsquo;Eglise pour R\u00e9pondre \u00e0 la Croissance en Membres"},"content":{"rendered":"<p>Santo Domingo, R\u00e9publique Dominicaine<\/p>\n<p>R\u00e9pondant \u00e0 la croissance rapide du nombre de membres d&rsquo;Eglise dans la R\u00e9publique Dominicaine, les dirigeants de l&rsquo;Union ont d\u00e9cid\u00e9 lors de leur derni\u00e8re assembl\u00e9e de faire revenir au bureau de l&rsquo;Union, presque tous les directeurs de d\u00e9partements, et ont ajout\u00e9 deux secr\u00e9taires adjoints \u00e0 l&rsquo;association pastorale des champs du territoire de l&rsquo;Union.<\/p>\n<p>\u00ab\u00a0Ceci est une nouvelle formule pour r\u00e9pondre aux besoins des ouvriers\u00a0\u00bb, a d\u00e9clar\u00e9 le pasteur Le\u00efto, pr\u00e9sident de la Division, pr\u00e9sent \u00e0 l&rsquo;assembl\u00e9e.\u00a0\u00bb<\/p>\n<p>Il est de plus en plus clair que les ouvriers ont un besoin de l&rsquo;attention \u00e0 laquelle ils ont droit, tandis qu&rsquo;ils remplissent leur minist\u00e8re.\u00a0\u00bb<\/p>\n<p>Le pasteur Le\u00efto souligne que l&rsquo;Eglise en R\u00e9publique Dominicaine a fait de grandes enjamb\u00e9es en mati\u00e8re de croissance durant le dernier quinquennat. A la fin du quinquennat 2000, ce territoire avait cinq (5) champs locaux, 417 \u00e9glises organis\u00e9es, 311 groupes, quatre institutions d&rsquo;Union et un total de 111,455 membres baptis\u00e9s. <\/p>\n<p>Ce quinquennat se terminant, ce pays a maintenant six (6) champs locaux, 552 \u00e9glises organis\u00e9es, 521 groupes, huit (8) institutions d&rsquo;Union et 200,253 membres baptis\u00e9s &#8211; soit une croissance de 80 pourcent.<\/p>\n<p>88,341 nouveaux membres ont d\u00e9j\u00e0 \u00e9t\u00e9 enregistr\u00e9s durant ce quinquennat, en comparaison des 45,061 du quinquennat pr\u00e9c\u00e9dent. <\/p>\n<p>L&rsquo;Union Dominicaine a \u00e9largi son corps pastoral de 20%. Pasteur Le\u00efto ajoute que cette union perd une moyenne annuelle de trois (3) pour cent de ses membres, mais que des plans sont mis en place pour faire diminuer ce nombre.<\/p>\n<p>En sus, les d\u00e9l\u00e9gu\u00e9s \u00e0 l&rsquo;assembl\u00e9e g\u00e9n\u00e9rale de janvier ont vot\u00e9 diff\u00e9rents plans importants qui seront mis \u00e0 effet avant fin 2005.<\/p>\n<p>L&rsquo;un de ces plans est la demande d&rsquo;\u00e9tudier que l&rsquo;actuel Union Mission devienne une Union F\u00e9d\u00e9ration.<\/p>\n<p>La R\u00e9publique Dominicaine, une \u00eele situ\u00e9e entre la Mer des Cara\u00efbes et la partie Nord de l&rsquo;Oc\u00e9an Atlantique, a un (1) adventiste du septi\u00e8me jour pour chaque 42 habitants. Le pays a une population de huit (8) millions de personnes.<\/p>\n","protected":false},"excerpt":{"rendered":"<p>R\u00e9pondant \u00e0 la croissance rapide du nombre de membres d&rsquo;Eglise dans la R\u00e9publique Dominicaine, les dirigeants de l&rsquo;Union ont d\u00e9cid\u00e9&#8230;<\/p>\n","protected":false},"author":1,"featured_media":0,"comment_status":"closed","ping_status":"closed","sticky":false,"template":"","format":"standard","meta":{"_acf_changed":false,"footnotes":""},"categories":[9],"tags":[],"class_list":["post-12133","post","type-post","status-publish","format-standard","hentry","category-archive-fr"],"acf":[],"yoast_head":"<!-- This site is optimized with the Yoast SEO plugin v27.3 - https:\/\/yoast.com\/product\/yoast-seo-wordpress\/ -->\n<title>R\u00e9publique Dominicaine : Nouveaux Plans de l&#039;Eglise pour R\u00e9pondre \u00e0 la Croissance en Membres - \u00c9glise Adventiste Du Septieme Jour - Inter Am\u00e9rique Division<\/title>\n<meta name=\"robots\" content=\"index, follow, max-snippet:-1, max-image-preview:large, max-video-preview:-1\" \/>\n<link rel=\"canonical\" href=\"https:\/\/interamerica.org\/fr\/2004\/02\/republique-dominicaine-nouveaux-plans-de-leglise-pour-repondre-a-la-croissance-en-membres\/\" \/>\n<meta property=\"og:locale\" content=\"fr_FR\" \/>\n<meta property=\"og:type\" content=\"article\" \/>\n<meta property=\"og:title\" content=\"R\u00e9publique Dominicaine : Nouveaux Plans de l&#039;Eglise pour R\u00e9pondre \u00e0 la Croissance en Membres - \u00c9glise Adventiste Du Septieme Jour - Inter Am\u00e9rique Division\" \/>\n<meta property=\"og:description\" content=\"R\u00e9pondant \u00e0 la croissance rapide du nombre de membres d&#039;Eglise dans la R\u00e9publique Dominicaine, les dirigeants de l&#039;Union ont d\u00e9cid\u00e9...\" \/>\n<meta property=\"og:url\" content=\"https:\/\/interamerica.org\/fr\/2004\/02\/republique-dominicaine-nouveaux-plans-de-leglise-pour-repondre-a-la-croissance-en-membres\/\" \/>\n<meta property=\"og:site_name\" content=\"\u00c9glise Adventiste Du Septieme Jour - Inter Am\u00e9rique Division\" \/>\n<meta property=\"article:published_time\" content=\"2004-02-11T04:00:00+00:00\" \/>\n<meta property=\"article:modified_time\" content=\"2017-06-02T17:22:27+00:00\" \/>\n<meta name=\"author\" content=\"Lorenzo Verduzco\" \/>\n<meta name=\"twitter:card\" content=\"summary_large_image\" \/>\n<meta name=\"twitter:label1\" content=\"\u00c9crit par\" \/>\n\t<meta name=\"twitter:data1\" content=\"Lorenzo Verduzco\" \/>\n\t<meta name=\"twitter:label2\" content=\"Dur\u00e9e de lecture estim\u00e9e\" \/>\n\t<meta name=\"twitter:data2\" content=\"2 minutes\" \/>\n<script type=\"application\/ld+json\" class=\"yoast-schema-graph\">{\"@context\":\"https:\\\/\\\/schema.org\",\"@graph\":[{\"@type\":\"Article\",\"@id\":\"https:\\\/\\\/interamerica.org\\\/fr\\\/2004\\\/02\\\/republique-dominicaine-nouveaux-plans-de-leglise-pour-repondre-a-la-croissance-en-membres\\\/#article\",\"isPartOf\":{\"@id\":\"https:\\\/\\\/interamerica.org\\\/fr\\\/2004\\\/02\\\/republique-dominicaine-nouveaux-plans-de-leglise-pour-repondre-a-la-croissance-en-membres\\\/\"},\"author\":{\"name\":\"Lorenzo Verduzco\",\"@id\":\"https:\\\/\\\/interamerica.org\\\/fr\\\/#\\\/schema\\\/person\\\/68ede8bdc292885bb76c1e3810e73c39\"},\"headline\":\"R\u00e9publique Dominicaine : Nouveaux Plans de l&rsquo;Eglise pour R\u00e9pondre \u00e0 la Croissance en Membres\",\"datePublished\":\"2004-02-11T04:00:00+00:00\",\"dateModified\":\"2017-06-02T17:22:27+00:00\",\"mainEntityOfPage\":{\"@id\":\"https:\\\/\\\/interamerica.org\\\/fr\\\/2004\\\/02\\\/republique-dominicaine-nouveaux-plans-de-leglise-pour-repondre-a-la-croissance-en-membres\\\/\"},\"wordCount\":371,\"articleSection\":[\"Archive\"],\"inLanguage\":\"fr-FR\"},{\"@type\":\"WebPage\",\"@id\":\"https:\\\/\\\/interamerica.org\\\/fr\\\/2004\\\/02\\\/republique-dominicaine-nouveaux-plans-de-leglise-pour-repondre-a-la-croissance-en-membres\\\/\",\"url\":\"https:\\\/\\\/interamerica.org\\\/fr\\\/2004\\\/02\\\/republique-dominicaine-nouveaux-plans-de-leglise-pour-repondre-a-la-croissance-en-membres\\\/\",\"name\":\"R\u00e9publique Dominicaine : Nouveaux Plans de l'Eglise pour R\u00e9pondre \u00e0 la Croissance en Membres - \u00c9glise Adventiste Du Septieme Jour - Inter Am\u00e9rique Division\",\"isPartOf\":{\"@id\":\"https:\\\/\\\/interamerica.org\\\/fr\\\/#website\"},\"datePublished\":\"2004-02-11T04:00:00+00:00\",\"dateModified\":\"2017-06-02T17:22:27+00:00\",\"author\":{\"@id\":\"https:\\\/\\\/interamerica.org\\\/fr\\\/#\\\/schema\\\/person\\\/68ede8bdc292885bb76c1e3810e73c39\"},\"breadcrumb\":{\"@id\":\"https:\\\/\\\/interamerica.org\\\/fr\\\/2004\\\/02\\\/republique-dominicaine-nouveaux-plans-de-leglise-pour-repondre-a-la-croissance-en-membres\\\/#breadcrumb\"},\"inLanguage\":\"fr-FR\",\"potentialAction\":[{\"@type\":\"ReadAction\",\"target\":[\"https:\\\/\\\/interamerica.org\\\/fr\\\/2004\\\/02\\\/republique-dominicaine-nouveaux-plans-de-leglise-pour-repondre-a-la-croissance-en-membres\\\/\"]}]},{\"@type\":\"BreadcrumbList\",\"@id\":\"https:\\\/\\\/interamerica.org\\\/fr\\\/2004\\\/02\\\/republique-dominicaine-nouveaux-plans-de-leglise-pour-repondre-a-la-croissance-en-membres\\\/#breadcrumb\",\"itemListElement\":[{\"@type\":\"ListItem\",\"position\":1,\"name\":\"Home\",\"item\":\"https:\\\/\\\/interamerica.org\\\/fr\\\/\"},{\"@type\":\"ListItem\",\"position\":2,\"name\":\"R\u00e9publique Dominicaine : Nouveaux Plans de l&rsquo;Eglise pour R\u00e9pondre \u00e0 la Croissance en Membres\"}]},{\"@type\":\"WebSite\",\"@id\":\"https:\\\/\\\/interamerica.org\\\/fr\\\/#website\",\"url\":\"https:\\\/\\\/interamerica.org\\\/fr\\\/\",\"name\":\"\u00c9glise Adventiste Du Septieme Jour - Inter Am\u00e9rique Division\",\"description\":\"\",\"potentialAction\":[{\"@type\":\"SearchAction\",\"target\":{\"@type\":\"EntryPoint\",\"urlTemplate\":\"https:\\\/\\\/interamerica.org\\\/fr\\\/?s={search_term_string}\"},\"query-input\":{\"@type\":\"PropertyValueSpecification\",\"valueRequired\":true,\"valueName\":\"search_term_string\"}}],\"inLanguage\":\"fr-FR\"},{\"@type\":\"Person\",\"@id\":\"https:\\\/\\\/interamerica.org\\\/fr\\\/#\\\/schema\\\/person\\\/68ede8bdc292885bb76c1e3810e73c39\",\"name\":\"Lorenzo Verduzco\",\"image\":{\"@type\":\"ImageObject\",\"inLanguage\":\"fr-FR\",\"@id\":\"https:\\\/\\\/secure.gravatar.com\\\/avatar\\\/fb81a55b6218459490a9c1dc841a34909185b81904c5337b4b27f7a6fd60c49e?s=96&d=mm&r=g\",\"url\":\"https:\\\/\\\/secure.gravatar.com\\\/avatar\\\/fb81a55b6218459490a9c1dc841a34909185b81904c5337b4b27f7a6fd60c49e?s=96&d=mm&r=g\",\"contentUrl\":\"https:\\\/\\\/secure.gravatar.com\\\/avatar\\\/fb81a55b6218459490a9c1dc841a34909185b81904c5337b4b27f7a6fd60c49e?s=96&d=mm&r=g\",\"caption\":\"Lorenzo Verduzco\"}}]}<\/script>\n<!-- \/ Yoast SEO plugin. -->","yoast_head_json":{"title":"R\u00e9publique Dominicaine : Nouveaux Plans de l'Eglise pour R\u00e9pondre \u00e0 la Croissance en Membres - \u00c9glise Adventiste Du Septieme Jour - Inter Am\u00e9rique Division","robots":{"index":"index","follow":"follow","max-snippet":"max-snippet:-1","max-image-preview":"max-image-preview:large","max-video-preview":"max-video-preview:-1"},"canonical":"https:\/\/interamerica.org\/fr\/2004\/02\/republique-dominicaine-nouveaux-plans-de-leglise-pour-repondre-a-la-croissance-en-membres\/","og_locale":"fr_FR","og_type":"article","og_title":"R\u00e9publique Dominicaine : Nouveaux Plans de l'Eglise pour R\u00e9pondre \u00e0 la Croissance en Membres - \u00c9glise Adventiste Du Septieme Jour - Inter Am\u00e9rique Division","og_description":"R\u00e9pondant \u00e0 la croissance rapide du nombre de membres d'Eglise dans la R\u00e9publique Dominicaine, les dirigeants de l'Union ont d\u00e9cid\u00e9...","og_url":"https:\/\/interamerica.org\/fr\/2004\/02\/republique-dominicaine-nouveaux-plans-de-leglise-pour-repondre-a-la-croissance-en-membres\/","og_site_name":"\u00c9glise Adventiste Du Septieme Jour - Inter Am\u00e9rique Division","article_published_time":"2004-02-11T04:00:00+00:00","article_modified_time":"2017-06-02T17:22:27+00:00","author":"Lorenzo Verduzco","twitter_card":"summary_large_image","twitter_misc":{"\u00c9crit par":"Lorenzo Verduzco","Dur\u00e9e de lecture estim\u00e9e":"2 minutes"},"schema":{"@context":"https:\/\/schema.org","@graph":[{"@type":"Article","@id":"https:\/\/interamerica.org\/fr\/2004\/02\/republique-dominicaine-nouveaux-plans-de-leglise-pour-repondre-a-la-croissance-en-membres\/#article","isPartOf":{"@id":"https:\/\/interamerica.org\/fr\/2004\/02\/republique-dominicaine-nouveaux-plans-de-leglise-pour-repondre-a-la-croissance-en-membres\/"},"author":{"name":"Lorenzo Verduzco","@id":"https:\/\/interamerica.org\/fr\/#\/schema\/person\/68ede8bdc292885bb76c1e3810e73c39"},"headline":"R\u00e9publique Dominicaine : Nouveaux Plans de l&rsquo;Eglise pour R\u00e9pondre \u00e0 la Croissance en Membres","datePublished":"2004-02-11T04:00:00+00:00","dateModified":"2017-06-02T17:22:27+00:00","mainEntityOfPage":{"@id":"https:\/\/interamerica.org\/fr\/2004\/02\/republique-dominicaine-nouveaux-plans-de-leglise-pour-repondre-a-la-croissance-en-membres\/"},"wordCount":371,"articleSection":["Archive"],"inLanguage":"fr-FR"},{"@type":"WebPage","@id":"https:\/\/interamerica.org\/fr\/2004\/02\/republique-dominicaine-nouveaux-plans-de-leglise-pour-repondre-a-la-croissance-en-membres\/","url":"https:\/\/interamerica.org\/fr\/2004\/02\/republique-dominicaine-nouveaux-plans-de-leglise-pour-repondre-a-la-croissance-en-membres\/","name":"R\u00e9publique Dominicaine : Nouveaux Plans de l'Eglise pour R\u00e9pondre \u00e0 la Croissance en Membres - \u00c9glise Adventiste Du Septieme Jour - Inter Am\u00e9rique Division","isPartOf":{"@id":"https:\/\/interamerica.org\/fr\/#website"},"datePublished":"2004-02-11T04:00:00+00:00","dateModified":"2017-06-02T17:22:27+00:00","author":{"@id":"https:\/\/interamerica.org\/fr\/#\/schema\/person\/68ede8bdc292885bb76c1e3810e73c39"},"breadcrumb":{"@id":"https:\/\/interamerica.org\/fr\/2004\/02\/republique-dominicaine-nouveaux-plans-de-leglise-pour-repondre-a-la-croissance-en-membres\/#breadcrumb"},"inLanguage":"fr-FR","potentialAction":[{"@type":"ReadAction","target":["https:\/\/interamerica.org\/fr\/2004\/02\/republique-dominicaine-nouveaux-plans-de-leglise-pour-repondre-a-la-croissance-en-membres\/"]}]},{"@type":"BreadcrumbList","@id":"https:\/\/interamerica.org\/fr\/2004\/02\/republique-dominicaine-nouveaux-plans-de-leglise-pour-repondre-a-la-croissance-en-membres\/#breadcrumb","itemListElement":[{"@type":"ListItem","position":1,"name":"Home","item":"https:\/\/interamerica.org\/fr\/"},{"@type":"ListItem","position":2,"name":"R\u00e9publique Dominicaine : Nouveaux Plans de l&rsquo;Eglise pour R\u00e9pondre \u00e0 la Croissance en Membres"}]},{"@type":"WebSite","@id":"https:\/\/interamerica.org\/fr\/#website","url":"https:\/\/interamerica.org\/fr\/","name":"\u00c9glise Adventiste Du Septieme Jour - Inter Am\u00e9rique Division","description":"","potentialAction":[{"@type":"SearchAction","target":{"@type":"EntryPoint","urlTemplate":"https:\/\/interamerica.org\/fr\/?s={search_term_string}"},"query-input":{"@type":"PropertyValueSpecification","valueRequired":true,"valueName":"search_term_string"}}],"inLanguage":"fr-FR"},{"@type":"Person","@id":"https:\/\/interamerica.org\/fr\/#\/schema\/person\/68ede8bdc292885bb76c1e3810e73c39","name":"Lorenzo Verduzco","image":{"@type":"ImageObject","inLanguage":"fr-FR","@id":"https:\/\/secure.gravatar.com\/avatar\/fb81a55b6218459490a9c1dc841a34909185b81904c5337b4b27f7a6fd60c49e?s=96&d=mm&r=g","url":"https:\/\/secure.gravatar.com\/avatar\/fb81a55b6218459490a9c1dc841a34909185b81904c5337b4b27f7a6fd60c49e?s=96&d=mm&r=g","contentUrl":"https:\/\/secure.gravatar.com\/avatar\/fb81a55b6218459490a9c1dc841a34909185b81904c5337b4b27f7a6fd60c49e?s=96&d=mm&r=g","caption":"Lorenzo Verduzco"}}]}},"_links":{"self":[{"href":"https:\/\/interamerica.org\/fr\/wp-json\/wp\/v2\/posts\/12133","targetHints":{"allow":["GET"]}}],"collection":[{"href":"https:\/\/interamerica.org\/fr\/wp-json\/wp\/v2\/posts"}],"about":[{"href":"https:\/\/interamerica.org\/fr\/wp-json\/wp\/v2\/types\/post"}],"author":[{"embeddable":true,"href":"https:\/\/interamerica.org\/fr\/wp-json\/wp\/v2\/users\/1"}],"replies":[{"embeddable":true,"href":"https:\/\/interamerica.org\/fr\/wp-json\/wp\/v2\/comments?post=12133"}],"version-history":[{"count":0,"href":"https:\/\/interamerica.org\/fr\/wp-json\/wp\/v2\/posts\/12133\/revisions"}],"wp:attachment":[{"href":"https:\/\/interamerica.org\/fr\/wp-json\/wp\/v2\/media?parent=12133"}],"wp:term":[{"taxonomy":"category","embeddable":true,"href":"https:\/\/interamerica.org\/fr\/wp-json\/wp\/v2\/categories?post=12133"},{"taxonomy":"post_tag","embeddable":true,"href":"https:\/\/interamerica.org\/fr\/wp-json\/wp\/v2\/tags?post=12133"}],"curies":[{"name":"wp","href":"https:\/\/api.w.org\/{rel}","templated":true}]}}